{"id":36679,"date":"2019-04-08T11:08:18","date_gmt":"2019-04-08T09:08:18","guid":{"rendered":"http:\/\/dicodusport.fr\/blog\/?p=36679"},"modified":"2021-05-03T15:48:06","modified_gmt":"2021-05-03T13:48:06","slug":"ligue-1-conforama-31eme-journee-le-sacre-parisien-retarde-la-course-a-l-europe-stagne","status":"publish","type":"post","link":"https:\/\/dicodusport.fr\/blog\/ligue-1-conforama-31eme-journee-le-sacre-parisien-retarde-la-course-a-l-europe-stagne\/","title":{"rendered":"Ligue 1 Conforama &#8211; 31\u00e8me journ\u00e9e : le sacre parisien retard\u00e9, la course \u00e0 l&rsquo;Europe stagne"},"content":{"rendered":"<p style=\"text-align: justify;\"><strong><i>28 buts en 10 matchs de <a href=\"https:\/\/www.lfp.fr\/ligue1\" target=\"_blank\" rel=\"noopener\">Ligue 1 Conforama<\/a> pour cette 31\u00e8me journ\u00e9e avec le PSG qui n&rsquo;est pas encore titr\u00e9, l&rsquo;OM et l&rsquo;OL qui se sabordent, le LOSC et Saint\u00e9 tenus en \u00e9chec, Dijon qui cr\u00e9e la surprise et Guingamp qui continue de\u00a0grapiller.<\/i><\/strong><\/p>\n<h2 style=\"text-align: justify;\">Paris retarde son titre, \u00e7a se resserre en haut du classement<\/h2>\n<p style=\"text-align: justify;\">Une belle f\u00eate s&rsquo;annon\u00e7ait au Parc des Princes hier pour la r\u00e9ception de Strasbourg. Avec le nul de Lille \u00e0 Reims dans l&rsquo;apr\u00e8s-midi, Paris pouvait \u00eatre sacr\u00e9 champion de Ligue 1 Conforama en l&#8217;emportant face aux Alsaciens. Avec une \u00e9quipe fortement remani\u00e9e, sans Mbapp\u00e9, les Parisiens n&rsquo;ont pu faire mieux que match nul (2-2), retardant leur sacre.<\/p>\n<p style=\"text-align: justify;\">La Ligue 1 Conforama n&rsquo;a pas d\u00fb plaire aux parieurs ce week-end. Avec tous les favoris accroch\u00e9s, le haut du tableau est tr\u00e8s serr\u00e9 et la lutte pour les places europ\u00e9ennes est ind\u00e9cise. Si Paris est tr\u00e8s loin, Lille semble \u00eatre le second candidat pour la Ligue des Champions, malgr\u00e9 son nul \u00e0 Reims (1-1). \u00c0 la 3\u00e8me place, Lyon pourrait payer cher sa d\u00e9faite \u00e0 domicile face \u00e0 Dijon (1-3) avec cette petite crise interne concernant <a href=\"https:\/\/dicodusport.fr\/blog\/bruno-genesio-prolonge-avec-la-reserve-de-l-olympique-lyonnais\/\" target=\"_blank\" rel=\"noopener\">Bruno G\u00e9n\u00e9sio et sa prolongation myst\u00e8re<\/a>. On retrouve ensuite Saint-\u00c9tienne (4\u00e8me), tenu en \u00e9chec \u00e0 Amiens (2-2) et l&rsquo;OM (5\u00e8me), qui n&rsquo;y arrive toujours pas \u00e0 Bordeaux apr\u00e8s maintenant 43 ans de disette (2-0). Nice (7\u00e8me) r\u00e9alise la meilleure op\u00e9ration du week-end de Ligue 1 Conforama en s&rsquo;imposant face \u00e0 un concurrent direct, Montpellier, \u00e0 l&rsquo;Allianz Riviera (1-0). Avec 5 points qui s\u00e9parent le 4\u00e8me du 8\u00e8me, les derni\u00e8res journ\u00e9es de Ligue 1 Conforama s&rsquo;annoncent palpitantes.<\/p>\n<p><span class=\"8YBdxI\"><\/p>\n<blockquote class=\"twitter-tweet\" data-width=\"550\" data-dnt=\"true\">\n<p lang=\"fr\" dir=\"ltr\"><a href=\"https:\/\/twitter.com\/hashtag\/PSGRCSA?src=hash&amp;ref_src=twsrc%5Etfw\">#PSGRCSA<\/a> Le d\u00e9fenseur Choupo-Moting est sous-cot\u00e9 <a href=\"https:\/\/t.co\/Y1rRRhgwYO\">pic.twitter.com\/Y1rRRhgwYO<\/a><\/p>\n<p>&mdash; Alex (@Alex_InDaHouse2) <a href=\"https:\/\/twitter.com\/Alex_InDaHouse2\/status\/1114974265118478336?ref_src=twsrc%5Etfw\">April 7, 2019<\/a><\/p><\/blockquote>\n<p><script async src=\"https:\/\/platform.twitter.com\/widgets.js\" charset=\"utf-8\"><\/script><\/span><\/p>\n<h2 style=\"text-align: justify;\">L&rsquo;OM ne rompt pas la mal\u00e9diction \u00e0 Bordeaux<\/h2>\n<p style=\"text-align: justify;\">Vendredi, la 31\u00e8me journ\u00e9e de Ligue 1 d\u00e9marrait par un Bordeaux-Marseille suivi par tous pour sa l\u00e9gende. L&rsquo;OM ne s&rsquo;est pas impos\u00e9 en Gironde depuis 42 ans\u00a0avant ce match, . Avec de la saveur et des supporters bordelais venus en nombre au Matmut Atlantique (presque 35 000 spectateurs), Bordeaux \u00e9tait pr\u00eat \u00e0 de nouveau cueillir l&rsquo;OM. Dans un match rythm\u00e9 avec de l&rsquo;engagement, Bordelais et Olympiens se sont procur\u00e9s chacun leur tour de bonnes occasions, avant de voir les Girondins prendre l&rsquo;ascendant sur penalty (1-0 27&prime; Kamano). Face \u00e0 un OM dominateur mais sans inspiration malgr\u00e9 le retour de Payet aux commandes, De Pr\u00e9ville sur contre permet \u00e0 Bordeaux de faire le break (2-0 71&prime;). Une nouvelle d\u00e9convenue pour les hommes de Rudi Garcia qui conc\u00e8dent leur 11\u00e8me d\u00e9faite de la saison. \u00c7a gronde c\u00f4t\u00e9 supporters qui\u00a0contestent fortement\u00a0Rudi Garcia apr\u00e8s une saison plus que moyenne.<\/p>\n<h2 style=\"text-align: justify;\">Le joueur : Dant\u00e9, atout n\u00b01 de Patrick Vieira<\/h2>\n<p style=\"text-align: justify;\">19\u00e8me attaque de Ligue 1 Conforama, 3\u00e8me d\u00e9fense, et Nice se situe \u00e0 3 points de la 4\u00e8me place du classement aujourd&rsquo;hui. Face \u00e0 Montpellier (1-0), la victoire apport\u00e9e par un coup de t\u00eate de Dant\u00e9, capitaine ni\u00e7ois, est tout un symbole. Une victoire par un but d&rsquo;\u00e9cart, un but inscrit par un d\u00e9fenseur, un nouveau clean sheet et Nice se rapproche tout doucement de l&rsquo;Europe. Un tr\u00e8s bon r\u00e9sum\u00e9 de la saison correcte des Ni\u00e7ois et surtout de Dant\u00e9, v\u00e9ritable roc et homme de confiance de Patrick Vieira.<\/p>\n<div id=\"attachment_36684\" style=\"width: 1010px\" class=\"wp-caption aligncenter\"><img loading=\"lazy\" decoding=\"async\" aria-describedby=\"caption-attachment-36684\" class=\"size-full wp-image-36684\" src=\"http:\/\/dicodusport.fr\/blog\/wp-content\/uploads\/2019\/04\/Dant\u00e9.jpg\" alt=\"\" width=\"1000\" height=\"666\" srcset=\"https:\/\/dicodusport.fr\/blog\/wp-content\/uploads\/2019\/04\/Dant\u00e9.jpg 1000w, https:\/\/dicodusport.fr\/blog\/wp-content\/uploads\/2019\/04\/Dant\u00e9-300x200.jpg 300w, https:\/\/dicodusport.fr\/blog\/wp-content\/uploads\/2019\/04\/Dant\u00e9-768x511.jpg 768w\" sizes=\"auto, (max-width: 1000px) 100vw, 1000px\" \/><p id=\"caption-attachment-36684\" class=\"wp-caption-text\">Dant\u00e9 a offert la victoire \u00e0 Nice hier face \u00e0 Montpellier &#8211; AFP<\/p><\/div>\n<h2 style=\"text-align: justify;\">Pour les parieurs, le coup qu&rsquo;il fallait tenter : Lyon n&rsquo;avait pas la t\u00eate \u00e0 jouer (victoire 1-3 de Dijon au Groupama Stadium)<\/h2>\n<p style=\"text-align: justify;\">3\u00e8mes de Ligue 1, les Lyonnais sont toujours surprenants, dans un sens positif comme n\u00e9gatif. Capables des meilleurs r\u00e9sultats, de se hisser en phase finale de Ligue des Champions, les hommes de G\u00e9n\u00e9sio se sabordent aussi souvent contre des \u00e9quipes de niveau inf\u00e9rieur. Face \u00e0 Dijon, dernier au coup d&rsquo;envoi, Lyon n&rsquo;a pas trouv\u00e9 les ressources pour s&rsquo;imposer et au contraire, s&rsquo;est laiss\u00e9 d\u00e9border par des Dijonnais en r\u00e9ussite et lib\u00e9r\u00e9s. R\u00e9sultat, c&rsquo;est une mini-crise interne qui se profile entre l&rsquo;affaire pol\u00e9mique de la prolongation de G\u00e9n\u00e9sio et les supporters qui se soul\u00e8vent contre l&rsquo;\u00e9quipe.<\/p>\n<div id=\"attachment_36685\" style=\"width: 1034px\" class=\"wp-caption alignnone\"><img loading=\"lazy\" decoding=\"async\" aria-describedby=\"caption-attachment-36685\" class=\"size-full wp-image-36685\" src=\"http:\/\/dicodusport.fr\/blog\/wp-content\/uploads\/2019\/04\/Lyon-Dijon.jpg\" alt=\"\" width=\"1024\" height=\"576\" srcset=\"https:\/\/dicodusport.fr\/blog\/wp-content\/uploads\/2019\/04\/Lyon-Dijon.jpg 1024w, https:\/\/dicodusport.fr\/blog\/wp-content\/uploads\/2019\/04\/Lyon-Dijon-300x169.jpg 300w, https:\/\/dicodusport.fr\/blog\/wp-content\/uploads\/2019\/04\/Lyon-Dijon-768x432.jpg 768w\" sizes=\"auto, (max-width: 1024px) 100vw, 1024px\" \/><p id=\"caption-attachment-36685\" class=\"wp-caption-text\">Lyon a \u00e9t\u00e9 d\u00e9fait \u00e0 domicile 1-3 par Dijon &#8211; AFP<\/p><\/div>\n<h2 style=\"text-align: justify;\">Cette semaine, un match en retard :<\/h2>\n<p style=\"text-align: justify;\">Mercredi, Rennes se d\u00e9place sur le terrain de N\u00eemes en match en retard de la 27\u00e8me journ\u00e9e. L&rsquo;occasion pour les Bretons de se rapprocher des places europ\u00e9ennes et de donner une saveur \u00e0 leur fin de saison, en plus de la finale de la Coupe de France le 27 avril face \u00e0 Paris. Aux Costi\u00e8res, N\u00eemes jouera sans complexe apr\u00e8s une saison r\u00e9ussie pour son retour dans l&rsquo;\u00e9lite.<\/p>\n<h2 style=\"text-align: justify;\">Les r\u00e9sultats<\/h2>\n<div class=\"su-table su-table-alternate\"><\/div>\n<table style=\"width: 800px; border-collapse: collapse; height: 216px;\" border=\"1\">\n<tbody>\n<tr style=\"height: 22px;\">\n<td style=\"width: 320.8125px; height: 22px; text-align: center; border-color: #e6e6e6;\"><strong><span style=\"color: #000000;\">Bordeaux<\/span><\/strong><\/td>\n<td style=\"width: 153.40625px; height: 22px; text-align: center; border-color: #e6e6e6;\"><span style=\"color: #000000;\">2-0<\/span><\/td>\n<td style=\"width: 315.8125px; height: 22px; text-align: center; border-color: #e6e6e6;\"><span style=\"color: #000000;\">Marseille<\/span><\/td>\n<\/tr>\n<tr style=\"height: 22px;\">\n<td style=\"width: 320.8125px; height: 22px; text-align: center; border-color: #e6e6e6;\"><span style=\"color: #000000;\">Lyon<\/span><\/td>\n<td style=\"width: 153.40625px; height: 22px; text-align: center; border-color: #e6e6e6;\"><span style=\"color: #000000;\">1-3<\/span><\/td>\n<td style=\"width: 315.8125px; height: 22px; text-align: center; border-color: #e6e6e6;\"><strong><span style=\"color: #000000;\">Dijon<\/span><\/strong><\/td>\n<\/tr>\n<tr style=\"height: 22px;\">\n<td style=\"width: 320.8125px; height: 22px; text-align: center; border-color: #e6e6e6;\"><span style=\"color: #000000;\">Amiens<\/span><\/td>\n<td style=\"width: 153.40625px; height: 22px; text-align: center; border-color: #e6e6e6;\"><span style=\"color: #000000;\">2-2<\/span><\/td>\n<td style=\"width: 315.8125px; height: 22px; text-align: center; border-color: #e6e6e6;\"><span style=\"color: #000000;\">Saint-Etienne<\/span><\/td>\n<\/tr>\n<tr style=\"height: 22px;\">\n<td style=\"width: 320.8125px; height: 22px; text-align: center; border-color: #e6e6e6;\"><span style=\"color: #000000;\">Angers<\/span><\/td>\n<td style=\"width: 153.40625px; height: 22px; text-align: center; border-color: #e6e6e6;\"><span style=\"color: #000000;\">3-3<\/span><\/td>\n<td style=\"width: 315.8125px; height: 22px; text-align: center; border-color: #e6e6e6;\"><span style=\"color: #000000;\">Rennes<\/span><\/td>\n<\/tr>\n<tr style=\"height: 22px;\">\n<td style=\"width: 320.8125px; height: 22px; text-align: center; border-color: #e6e6e6;\"><span style=\"color: #000000;\">Guingamp<\/span><\/td>\n<td style=\"width: 153.40625px; height: 22px; text-align: center; border-color: #e6e6e6;\"><span style=\"color: #000000;\">1-1<\/span><\/td>\n<td style=\"width: 315.8125px; height: 22px; text-align: center; border-color: #e6e6e6;\"><span style=\"color: #000000;\">Monaco<\/span><\/td>\n<\/tr>\n<tr style=\"height: 22px;\">\n<td style=\"width: 320.8125px; height: 22px; text-align: center; border-color: #e6e6e6;\"><strong><span style=\"color: #000000;\">N\u00eemes<\/span><\/strong><\/td>\n<td style=\"width: 153.40625px; height: 22px; text-align: center; border-color: #e6e6e6;\"><span style=\"color: #000000;\">2-0<\/span><\/td>\n<td style=\"width: 315.8125px; height: 22px; text-align: center; border-color: #e6e6e6;\"><span style=\"color: #000000;\">Caen<\/span><\/td>\n<\/tr>\n<tr style=\"height: 22px;\">\n<td style=\"width: 320.8125px; height: 22px; text-align: center; border-color: #e6e6e6;\"><span style=\"color: #000000;\">Reims<\/span><\/td>\n<td style=\"width: 153.40625px; height: 22px; text-align: center; border-color: #e6e6e6;\"><span style=\"color: #000000;\">1-1<\/span><\/td>\n<td style=\"width: 315.8125px; height: 22px; text-align: center; border-color: #e6e6e6;\"><span style=\"color: #000000;\">Lille<\/span><\/td>\n<\/tr>\n<tr style=\"height: 22px;\">\n<td style=\"width: 320.8125px; height: 22px; text-align: center; border-color: #e6e6e6;\"><strong><span style=\"color: #000000;\">Toulouse<\/span><\/strong><\/td>\n<td style=\"width: 153.40625px; height: 22px; text-align: center; border-color: #e6e6e6;\"><span style=\"color: #000000;\">1-0<\/span><\/td>\n<td style=\"width: 315.8125px; height: 22px; text-align: center; border-color: #e6e6e6;\"><span style=\"color: #000000;\">Nantes<\/span><\/td>\n<\/tr>\n<tr style=\"height: 22px;\">\n<td style=\"width: 320.8125px; height: 22px; text-align: center; border-color: #e6e6e6;\"><span style=\"color: #000000;\"><strong>Nice<\/strong>\u00a0<\/span><\/td>\n<td style=\"width: 153.40625px; height: 22px; text-align: center; border-color: #e6e6e6;\"><span style=\"color: #000000;\">1-0<\/span><\/td>\n<td style=\"width: 315.8125px; height: 22px; text-align: center; border-color: #e6e6e6;\"><span style=\"color: #000000;\">Montpellier<\/span><\/td>\n<\/tr>\n<tr style=\"height: 22px;\">\n<td style=\"width: 320.8125px; height: 18px; text-align: center; border-color: #e6e6e6;\"><span style=\"color: #000000;\">Paris<\/span><\/td>\n<td style=\"width: 153.40625px; height: 18px; text-align: center; border-color: #e6e6e6;\"><span style=\"color: #000000;\">2-2<\/span><\/td>\n<td style=\"width: 315.8125px; height: 18px; text-align: center; border-color: #e6e6e6;\"><span style=\"color: #000000;\">Strasbourg<\/span><\/td>\n<\/tr>\n<\/tbody>\n<\/table>\n<h2>Le classement :<\/h2>\n<div id=\"attachment_36681\" style=\"width: 555px\" class=\"wp-caption aligncenter\"><img loading=\"lazy\" decoding=\"async\" aria-describedby=\"caption-attachment-36681\" class=\"size-full wp-image-36681\" src=\"http:\/\/dicodusport.fr\/blog\/wp-content\/uploads\/2019\/04\/Classement-J31.png\" alt=\"\" width=\"545\" height=\"542\" srcset=\"https:\/\/dicodusport.fr\/blog\/wp-content\/uploads\/2019\/04\/Classement-J31.png 545w, https:\/\/dicodusport.fr\/blog\/wp-content\/uploads\/2019\/04\/Classement-J31-150x150.png 150w, https:\/\/dicodusport.fr\/blog\/wp-content\/uploads\/2019\/04\/Classement-J31-300x298.png 300w\" sizes=\"auto, (max-width: 545px) 100vw, 545px\" \/><p id=\"caption-attachment-36681\" class=\"wp-caption-text\">Classement de la 31\u00e8me journ\u00e9e &#8211; LFP<\/p><\/div>\n<h2 style=\"text-align: justify;\">La prochaine journ\u00e9e (J32) :<\/h2>\n<p style=\"text-align: center;\"><em><strong>Vendredi 12 avril :\u00a0<\/strong><\/em><\/p>\n<p style=\"text-align: center;\">Nantes &#8211; Lyon<\/p>\n<p style=\"text-align: center;\"><em><strong>Samedi 13 avril :<\/strong><\/em><\/p>\n<p style=\"text-align: center;\">Marseille &#8211; N\u00eemes<\/p>\n<p style=\"text-align: center;\">Caen &#8211; Angers<\/p>\n<p style=\"text-align: center;\">Dijon &#8211; Amiens<\/p>\n<p style=\"text-align: center;\">Monaco &#8211; Reims<\/p>\n<p style=\"text-align: center;\">Strasbourg &#8211; Guingamp<\/p>\n<p style=\"text-align: center;\"><em><strong>Dimanche 14 avril :\u00a0<\/strong><\/em><\/p>\n<p style=\"text-align: center;\">Montpellier &#8211; Toulouse<\/p>\n<p style=\"text-align: center;\">Rennes &#8211; Nice<\/p>\n<p style=\"text-align: center;\">Saint-\u00c9tienne &#8211; Bordeaux<\/p>\n<p style=\"text-align: center;\">Lille &#8211; Paris<\/p>\n","protected":false},"excerpt":{"rendered":"<p>31\u00e8me journ\u00e9e de Ligue 1 Conforama avec le PSG qui n&rsquo;est pas encore titr\u00e9, l&rsquo;OM et l&rsquo;OL qui se sabordent, le LOSC et Saint\u00e9 tenus en \u00e9chec et Dijon qui cr\u00e9e la surprise.<\/p>\n","protected":false},"author":14,"featured_media":36693,"comment_status":"open","ping_status":"closed","sticky":false,"template":"","format":"standard","meta":{"_acf_changed":false,"_daextam_enable_autolinks":"","footnotes":""},"categories":[2,2301],"tags":[1206,75,4883,2391,3029,1145,1889,910,1619],"class_list":["post-36679","post","type-post","status-publish","format-standard","has-post-thumbnail","hentry","category-actualites","category-football","tag-asse","tag-football","tag-ligue-1-conforama","tag-losc","tag-ogc-nice","tag-ol","tag-om","tag-psg","tag-strasbourg"],"acf":[],"yoast_head":"<!-- This site is optimized with the Yoast SEO Premium plugin v26.7 (Yoast SEO v26.7) - https:\/\/yoast.com\/wordpress\/plugins\/seo\/ -->\n<title>Ligue 1 Conforama - 31\u00e8me journ\u00e9e : le sacre parisien retard\u00e9, la course \u00e0 l&#039;Europe stagne<\/title>\n<meta name=\"description\" content=\"31\u00e8me journ\u00e9e de Ligue 1 Conforama avec le PSG qui n&#039;est pas encore titr\u00e9, l&#039;OM et l&#039;OL qui se sabordent, le LOSC et Saint\u00e9 tenus en \u00e9chec.\" \/>\n<meta name=\"robots\" content=\"index, follow, max-snippet:-1, max-image-preview:large, max-video-preview:-1\" \/>\n<link rel=\"canonical\" href=\"https:\/\/dicodusport.fr\/blog\/ligue-1-conforama-31eme-journee-le-sacre-parisien-retarde-la-course-a-l-europe-stagne\/\" \/>\n<meta property=\"og:locale\" content=\"fr_FR\" \/>\n<meta property=\"og:type\" content=\"article\" \/>\n<meta property=\"og:title\" content=\"Ligue 1 Conforama - 31\u00e8me journ\u00e9e : le sacre parisien retard\u00e9, la course \u00e0 l&#039;Europe stagne\" \/>\n<meta property=\"og:description\" content=\"31\u00e8me journ\u00e9e de Ligue 1 Conforama avec le PSG qui n&#039;est pas encore titr\u00e9, l&#039;OM et l&#039;OL qui se sabordent, le LOSC et Saint\u00e9 tenus en \u00e9chec.\" \/>\n<meta property=\"og:url\" content=\"https:\/\/dicodusport.fr\/blog\/ligue-1-conforama-31eme-journee-le-sacre-parisien-retarde-la-course-a-l-europe-stagne\/\" \/>\n<meta property=\"og:site_name\" content=\"Dicodusport\" \/>\n<meta property=\"article:publisher\" content=\"https:\/\/www.facebook.com\/dicodusport\" \/>\n<meta property=\"article:published_time\" content=\"2019-04-08T09:08:18+00:00\" \/>\n<meta property=\"article:modified_time\" content=\"2021-05-03T13:48:06+00:00\" \/>\n<meta property=\"og:image\" content=\"https:\/\/dicodusport.fr\/blog\/wp-content\/uploads\/2019\/04\/R\u00e9sum\u00e9-31\u00e8me-journ\u00e9e-Ligue-1.png\" \/>\n\t<meta property=\"og:image:width\" content=\"800\" \/>\n\t<meta property=\"og:image:height\" content=\"445\" \/>\n\t<meta property=\"og:image:type\" content=\"image\/png\" \/>\n<meta name=\"author\" content=\"Romain Delanis\" \/>\n<meta name=\"twitter:card\" content=\"summary_large_image\" \/>\n<meta name=\"twitter:creator\" content=\"@https:\/\/twitter.com\/RDelanis\" \/>\n<meta name=\"twitter:site\" content=\"@dicodusport\" \/>\n<script type=\"application\/ld+json\" class=\"yoast-schema-graph\">{\"@context\":\"https:\/\/schema.org\",\"@graph\":[{\"@type\":\"NewsArticle\",\"@id\":\"https:\/\/dicodusport.fr\/blog\/ligue-1-conforama-31eme-journee-le-sacre-parisien-retarde-la-course-a-l-europe-stagne\/#article\",\"isPartOf\":{\"@id\":\"https:\/\/dicodusport.fr\/blog\/ligue-1-conforama-31eme-journee-le-sacre-parisien-retarde-la-course-a-l-europe-stagne\/\"},\"author\":{\"name\":\"Romain Delanis\",\"@id\":\"https:\/\/dicodusport.fr\/blog\/#\/schema\/person\/8c78730a59f8a1e617f7a19026ebc14a\"},\"headline\":\"Ligue 1 Conforama &#8211; 31\u00e8me journ\u00e9e : le sacre parisien retard\u00e9, la course \u00e0 l&rsquo;Europe stagne\",\"datePublished\":\"2019-04-08T09:08:18+00:00\",\"dateModified\":\"2021-05-03T13:48:06+00:00\",\"mainEntityOfPage\":{\"@id\":\"https:\/\/dicodusport.fr\/blog\/ligue-1-conforama-31eme-journee-le-sacre-parisien-retarde-la-course-a-l-europe-stagne\/\"},\"wordCount\":926,\"commentCount\":0,\"publisher\":{\"@id\":\"https:\/\/dicodusport.fr\/blog\/#organization\"},\"image\":{\"@id\":\"https:\/\/dicodusport.fr\/blog\/ligue-1-conforama-31eme-journee-le-sacre-parisien-retarde-la-course-a-l-europe-stagne\/#primaryimage\"},\"thumbnailUrl\":\"https:\/\/dicodusport.fr\/blog\/wp-content\/uploads\/2019\/04\/R\u00e9sum\u00e9-31\u00e8me-journ\u00e9e-Ligue-1.png\",\"keywords\":[\"ASSE\",\"Football\",\"Ligue 1 Conforama\",\"LOSC\",\"OGC Nice\",\"OL\",\"OM\",\"PSG\",\"Strasbourg\"],\"articleSection\":[\"Actualit\u00e9s\",\"Football\"],\"inLanguage\":\"fr-FR\",\"potentialAction\":[{\"@type\":\"CommentAction\",\"name\":\"Comment\",\"target\":[\"https:\/\/dicodusport.fr\/blog\/ligue-1-conforama-31eme-journee-le-sacre-parisien-retarde-la-course-a-l-europe-stagne\/#respond\"]}],\"copyrightYear\":\"2019\",\"copyrightHolder\":{\"@id\":\"https:\/\/dicodusport.fr\/blog\/#organization\"}},{\"@type\":\"WebPage\",\"@id\":\"https:\/\/dicodusport.fr\/blog\/ligue-1-conforama-31eme-journee-le-sacre-parisien-retarde-la-course-a-l-europe-stagne\/\",\"url\":\"https:\/\/dicodusport.fr\/blog\/ligue-1-conforama-31eme-journee-le-sacre-parisien-retarde-la-course-a-l-europe-stagne\/\",\"name\":\"Ligue 1 Conforama - 31\u00e8me journ\u00e9e : le sacre parisien retard\u00e9, la course \u00e0 l'Europe stagne\",\"isPartOf\":{\"@id\":\"https:\/\/dicodusport.fr\/blog\/#website\"},\"primaryImageOfPage\":{\"@id\":\"https:\/\/dicodusport.fr\/blog\/ligue-1-conforama-31eme-journee-le-sacre-parisien-retarde-la-course-a-l-europe-stagne\/#primaryimage\"},\"image\":{\"@id\":\"https:\/\/dicodusport.fr\/blog\/ligue-1-conforama-31eme-journee-le-sacre-parisien-retarde-la-course-a-l-europe-stagne\/#primaryimage\"},\"thumbnailUrl\":\"https:\/\/dicodusport.fr\/blog\/wp-content\/uploads\/2019\/04\/R\u00e9sum\u00e9-31\u00e8me-journ\u00e9e-Ligue-1.png\",\"datePublished\":\"2019-04-08T09:08:18+00:00\",\"dateModified\":\"2021-05-03T13:48:06+00:00\",\"description\":\"31\u00e8me journ\u00e9e de Ligue 1 Conforama avec le PSG qui n'est pas encore titr\u00e9, l'OM et l'OL qui se sabordent, le LOSC et Saint\u00e9 tenus en \u00e9chec.\",\"breadcrumb\":{\"@id\":\"https:\/\/dicodusport.fr\/blog\/ligue-1-conforama-31eme-journee-le-sacre-parisien-retarde-la-course-a-l-europe-stagne\/#breadcrumb\"},\"inLanguage\":\"fr-FR\",\"potentialAction\":[{\"@type\":\"ReadAction\",\"target\":[\"https:\/\/dicodusport.fr\/blog\/ligue-1-conforama-31eme-journee-le-sacre-parisien-retarde-la-course-a-l-europe-stagne\/\"]}]},{\"@type\":\"ImageObject\",\"inLanguage\":\"fr-FR\",\"@id\":\"https:\/\/dicodusport.fr\/blog\/ligue-1-conforama-31eme-journee-le-sacre-parisien-retarde-la-course-a-l-europe-stagne\/#primaryimage\",\"url\":\"https:\/\/dicodusport.fr\/blog\/wp-content\/uploads\/2019\/04\/R\u00e9sum\u00e9-31\u00e8me-journ\u00e9e-Ligue-1.png\",\"contentUrl\":\"https:\/\/dicodusport.fr\/blog\/wp-content\/uploads\/2019\/04\/R\u00e9sum\u00e9-31\u00e8me-journ\u00e9e-Ligue-1.png\",\"width\":800,\"height\":445},{\"@type\":\"BreadcrumbList\",\"@id\":\"https:\/\/dicodusport.fr\/blog\/ligue-1-conforama-31eme-journee-le-sacre-parisien-retarde-la-course-a-l-europe-stagne\/#breadcrumb\",\"itemListElement\":[{\"@type\":\"ListItem\",\"position\":1,\"name\":\"Accueil\",\"item\":\"https:\/\/dicodusport.fr\/blog\/\"},{\"@type\":\"ListItem\",\"position\":2,\"name\":\"Ligue 1 Conforama &#8211; 31\u00e8me journ\u00e9e : le sacre parisien retard\u00e9, la course \u00e0 l&rsquo;Europe stagne\"}]},{\"@type\":\"WebSite\",\"@id\":\"https:\/\/dicodusport.fr\/blog\/#website\",\"url\":\"https:\/\/dicodusport.fr\/blog\/\",\"name\":\"Dicodusport\",\"description\":\"L&#039;encyclop\u00e9die de l&#039;actualit\u00e9 sportive\",\"publisher\":{\"@id\":\"https:\/\/dicodusport.fr\/blog\/#organization\"},\"potentialAction\":[{\"@type\":\"SearchAction\",\"target\":{\"@type\":\"EntryPoint\",\"urlTemplate\":\"https:\/\/dicodusport.fr\/blog\/?s={search_term_string}\"},\"query-input\":{\"@type\":\"PropertyValueSpecification\",\"valueRequired\":true,\"valueName\":\"search_term_string\"}}],\"inLanguage\":\"fr-FR\"},{\"@type\":\"NewsMediaOrganization\",\"@id\":\"https:\/\/dicodusport.fr\/blog\/#organization\",\"name\":\"Dicodusport\",\"url\":\"https:\/\/dicodusport.fr\/blog\/\",\"logo\":{\"@type\":\"ImageObject\",\"inLanguage\":\"fr-FR\",\"@id\":\"https:\/\/dicodusport.fr\/blog\/#\/schema\/logo\/image\/\",\"url\":\"https:\/\/dicodusport.fr\/blog\/wp-content\/uploads\/2020\/06\/cropped-LOGO-DICODUSPORT-2020-SANS-FOND-SANS-TEXTE.png\",\"contentUrl\":\"https:\/\/dicodusport.fr\/blog\/wp-content\/uploads\/2020\/06\/cropped-LOGO-DICODUSPORT-2020-SANS-FOND-SANS-TEXTE.png\",\"width\":512,\"height\":512,\"caption\":\"Dicodusport\"},\"image\":{\"@id\":\"https:\/\/dicodusport.fr\/blog\/#\/schema\/logo\/image\/\"},\"sameAs\":[\"https:\/\/www.facebook.com\/dicodusport\",\"https:\/\/x.com\/dicodusport\",\"https:\/\/www.instagram.com\/dicodusport\/\",\"https:\/\/www.youtube.com\/channel\/UC7V2KZ5sd3htJivAbA4ZG3w\"],\"description\":\"Dicodusport est l'encyclop\u00e9die de l'actualit\u00e9 sportive.\",\"email\":\"bonjour@dicodusport.fr\",\"legalName\":\"DICODUSPORT\",\"foundingDate\":\"2018-01-14\",\"vatID\":\"FR71834470973\",\"taxID\":\"83447097300043\",\"numberOfEmployees\":{\"@type\":\"QuantitativeValue\",\"minValue\":\"1\",\"maxValue\":\"10\"}},{\"@type\":\"Person\",\"@id\":\"https:\/\/dicodusport.fr\/blog\/#\/schema\/person\/8c78730a59f8a1e617f7a19026ebc14a\",\"name\":\"Romain Delanis\",\"image\":{\"@type\":\"ImageObject\",\"inLanguage\":\"fr-FR\",\"@id\":\"https:\/\/dicodusport.fr\/blog\/#\/schema\/person\/image\/\",\"url\":\"https:\/\/dicodusport.fr\/blog\/wp-content\/uploads\/2021\/05\/Romain-Delanis-150x150.jpg\",\"contentUrl\":\"https:\/\/dicodusport.fr\/blog\/wp-content\/uploads\/2021\/05\/Romain-Delanis-150x150.jpg\",\"caption\":\"Romain Delanis\"},\"description\":\"Journaliste\/R\u00e9dacteur depuis novembre 2015 - Capable de passer un samedi apr\u00e8s-midi devant la Ligue 2 puis le biathlon sans oublier la finale de l\u2019ATP Rotterdam, j\u2019aime aussi mettre mon r\u00e9veil pour me faire un Pistons\/Bulls qui rappelle de bons souvenirs. Tout cela, j\u2019ai choisi il y a maintenant quelques temps de vous le raconter avec Dicodusport, pour vous faire vivre ma passion parfois inconsid\u00e9r\u00e9e pour le sport en g\u00e9n\u00e9ral (mais surtout le foot faut se l\u2019avouer).\",\"sameAs\":[\"https:\/\/x.com\/https:\/\/twitter.com\/RDelanis\"],\"url\":\"https:\/\/dicodusport.fr\/blog\/author\/romain\/\"}]}<\/script>\n<!-- \/ Yoast SEO Premium plugin. -->","yoast_head_json":{"title":"Ligue 1 Conforama - 31\u00e8me journ\u00e9e : le sacre parisien retard\u00e9, la course \u00e0 l'Europe stagne","description":"31\u00e8me journ\u00e9e de Ligue 1 Conforama avec le PSG qui n'est pas encore titr\u00e9, l'OM et l'OL qui se sabordent, le LOSC et Saint\u00e9 tenus en \u00e9chec.","robots":{"index":"index","follow":"follow","max-snippet":"max-snippet:-1","max-image-preview":"max-image-preview:large","max-video-preview":"max-video-preview:-1"},"canonical":"https:\/\/dicodusport.fr\/blog\/ligue-1-conforama-31eme-journee-le-sacre-parisien-retarde-la-course-a-l-europe-stagne\/","og_locale":"fr_FR","og_type":"article","og_title":"Ligue 1 Conforama - 31\u00e8me journ\u00e9e : le sacre parisien retard\u00e9, la course \u00e0 l'Europe stagne","og_description":"31\u00e8me journ\u00e9e de Ligue 1 Conforama avec le PSG qui n'est pas encore titr\u00e9, l'OM et l'OL qui se sabordent, le LOSC et Saint\u00e9 tenus en \u00e9chec.","og_url":"https:\/\/dicodusport.fr\/blog\/ligue-1-conforama-31eme-journee-le-sacre-parisien-retarde-la-course-a-l-europe-stagne\/","og_site_name":"Dicodusport","article_publisher":"https:\/\/www.facebook.com\/dicodusport","article_published_time":"2019-04-08T09:08:18+00:00","article_modified_time":"2021-05-03T13:48:06+00:00","og_image":[{"width":800,"height":445,"url":"https:\/\/dicodusport.fr\/blog\/wp-content\/uploads\/2019\/04\/R\u00e9sum\u00e9-31\u00e8me-journ\u00e9e-Ligue-1.png","type":"image\/png"}],"author":"Romain Delanis","twitter_card":"summary_large_image","twitter_creator":"@https:\/\/twitter.com\/RDelanis","twitter_site":"@dicodusport","schema":{"@context":"https:\/\/schema.org","@graph":[{"@type":"NewsArticle","@id":"https:\/\/dicodusport.fr\/blog\/ligue-1-conforama-31eme-journee-le-sacre-parisien-retarde-la-course-a-l-europe-stagne\/#article","isPartOf":{"@id":"https:\/\/dicodusport.fr\/blog\/ligue-1-conforama-31eme-journee-le-sacre-parisien-retarde-la-course-a-l-europe-stagne\/"},"author":{"name":"Romain Delanis","@id":"https:\/\/dicodusport.fr\/blog\/#\/schema\/person\/8c78730a59f8a1e617f7a19026ebc14a"},"headline":"Ligue 1 Conforama &#8211; 31\u00e8me journ\u00e9e : le sacre parisien retard\u00e9, la course \u00e0 l&rsquo;Europe stagne","datePublished":"2019-04-08T09:08:18+00:00","dateModified":"2021-05-03T13:48:06+00:00","mainEntityOfPage":{"@id":"https:\/\/dicodusport.fr\/blog\/ligue-1-conforama-31eme-journee-le-sacre-parisien-retarde-la-course-a-l-europe-stagne\/"},"wordCount":926,"commentCount":0,"publisher":{"@id":"https:\/\/dicodusport.fr\/blog\/#organization"},"image":{"@id":"https:\/\/dicodusport.fr\/blog\/ligue-1-conforama-31eme-journee-le-sacre-parisien-retarde-la-course-a-l-europe-stagne\/#primaryimage"},"thumbnailUrl":"https:\/\/dicodusport.fr\/blog\/wp-content\/uploads\/2019\/04\/R\u00e9sum\u00e9-31\u00e8me-journ\u00e9e-Ligue-1.png","keywords":["ASSE","Football","Ligue 1 Conforama","LOSC","OGC Nice","OL","OM","PSG","Strasbourg"],"articleSection":["Actualit\u00e9s","Football"],"inLanguage":"fr-FR","potentialAction":[{"@type":"CommentAction","name":"Comment","target":["https:\/\/dicodusport.fr\/blog\/ligue-1-conforama-31eme-journee-le-sacre-parisien-retarde-la-course-a-l-europe-stagne\/#respond"]}],"copyrightYear":"2019","copyrightHolder":{"@id":"https:\/\/dicodusport.fr\/blog\/#organization"}},{"@type":"WebPage","@id":"https:\/\/dicodusport.fr\/blog\/ligue-1-conforama-31eme-journee-le-sacre-parisien-retarde-la-course-a-l-europe-stagne\/","url":"https:\/\/dicodusport.fr\/blog\/ligue-1-conforama-31eme-journee-le-sacre-parisien-retarde-la-course-a-l-europe-stagne\/","name":"Ligue 1 Conforama - 31\u00e8me journ\u00e9e : le sacre parisien retard\u00e9, la course \u00e0 l'Europe stagne","isPartOf":{"@id":"https:\/\/dicodusport.fr\/blog\/#website"},"primaryImageOfPage":{"@id":"https:\/\/dicodusport.fr\/blog\/ligue-1-conforama-31eme-journee-le-sacre-parisien-retarde-la-course-a-l-europe-stagne\/#primaryimage"},"image":{"@id":"https:\/\/dicodusport.fr\/blog\/ligue-1-conforama-31eme-journee-le-sacre-parisien-retarde-la-course-a-l-europe-stagne\/#primaryimage"},"thumbnailUrl":"https:\/\/dicodusport.fr\/blog\/wp-content\/uploads\/2019\/04\/R\u00e9sum\u00e9-31\u00e8me-journ\u00e9e-Ligue-1.png","datePublished":"2019-04-08T09:08:18+00:00","dateModified":"2021-05-03T13:48:06+00:00","description":"31\u00e8me journ\u00e9e de Ligue 1 Conforama avec le PSG qui n'est pas encore titr\u00e9, l'OM et l'OL qui se sabordent, le LOSC et Saint\u00e9 tenus en \u00e9chec.","breadcrumb":{"@id":"https:\/\/dicodusport.fr\/blog\/ligue-1-conforama-31eme-journee-le-sacre-parisien-retarde-la-course-a-l-europe-stagne\/#breadcrumb"},"inLanguage":"fr-FR","potentialAction":[{"@type":"ReadAction","target":["https:\/\/dicodusport.fr\/blog\/ligue-1-conforama-31eme-journee-le-sacre-parisien-retarde-la-course-a-l-europe-stagne\/"]}]},{"@type":"ImageObject","inLanguage":"fr-FR","@id":"https:\/\/dicodusport.fr\/blog\/ligue-1-conforama-31eme-journee-le-sacre-parisien-retarde-la-course-a-l-europe-stagne\/#primaryimage","url":"https:\/\/dicodusport.fr\/blog\/wp-content\/uploads\/2019\/04\/R\u00e9sum\u00e9-31\u00e8me-journ\u00e9e-Ligue-1.png","contentUrl":"https:\/\/dicodusport.fr\/blog\/wp-content\/uploads\/2019\/04\/R\u00e9sum\u00e9-31\u00e8me-journ\u00e9e-Ligue-1.png","width":800,"height":445},{"@type":"BreadcrumbList","@id":"https:\/\/dicodusport.fr\/blog\/ligue-1-conforama-31eme-journee-le-sacre-parisien-retarde-la-course-a-l-europe-stagne\/#breadcrumb","itemListElement":[{"@type":"ListItem","position":1,"name":"Accueil","item":"https:\/\/dicodusport.fr\/blog\/"},{"@type":"ListItem","position":2,"name":"Ligue 1 Conforama &#8211; 31\u00e8me journ\u00e9e : le sacre parisien retard\u00e9, la course \u00e0 l&rsquo;Europe stagne"}]},{"@type":"WebSite","@id":"https:\/\/dicodusport.fr\/blog\/#website","url":"https:\/\/dicodusport.fr\/blog\/","name":"Dicodusport","description":"L&#039;encyclop\u00e9die de l&#039;actualit\u00e9 sportive","publisher":{"@id":"https:\/\/dicodusport.fr\/blog\/#organization"},"potentialAction":[{"@type":"SearchAction","target":{"@type":"EntryPoint","urlTemplate":"https:\/\/dicodusport.fr\/blog\/?s={search_term_string}"},"query-input":{"@type":"PropertyValueSpecification","valueRequired":true,"valueName":"search_term_string"}}],"inLanguage":"fr-FR"},{"@type":"NewsMediaOrganization","@id":"https:\/\/dicodusport.fr\/blog\/#organization","name":"Dicodusport","url":"https:\/\/dicodusport.fr\/blog\/","logo":{"@type":"ImageObject","inLanguage":"fr-FR","@id":"https:\/\/dicodusport.fr\/blog\/#\/schema\/logo\/image\/","url":"https:\/\/dicodusport.fr\/blog\/wp-content\/uploads\/2020\/06\/cropped-LOGO-DICODUSPORT-2020-SANS-FOND-SANS-TEXTE.png","contentUrl":"https:\/\/dicodusport.fr\/blog\/wp-content\/uploads\/2020\/06\/cropped-LOGO-DICODUSPORT-2020-SANS-FOND-SANS-TEXTE.png","width":512,"height":512,"caption":"Dicodusport"},"image":{"@id":"https:\/\/dicodusport.fr\/blog\/#\/schema\/logo\/image\/"},"sameAs":["https:\/\/www.facebook.com\/dicodusport","https:\/\/x.com\/dicodusport","https:\/\/www.instagram.com\/dicodusport\/","https:\/\/www.youtube.com\/channel\/UC7V2KZ5sd3htJivAbA4ZG3w"],"description":"Dicodusport est l'encyclop\u00e9die de l'actualit\u00e9 sportive.","email":"bonjour@dicodusport.fr","legalName":"DICODUSPORT","foundingDate":"2018-01-14","vatID":"FR71834470973","taxID":"83447097300043","numberOfEmployees":{"@type":"QuantitativeValue","minValue":"1","maxValue":"10"}},{"@type":"Person","@id":"https:\/\/dicodusport.fr\/blog\/#\/schema\/person\/8c78730a59f8a1e617f7a19026ebc14a","name":"Romain Delanis","image":{"@type":"ImageObject","inLanguage":"fr-FR","@id":"https:\/\/dicodusport.fr\/blog\/#\/schema\/person\/image\/","url":"https:\/\/dicodusport.fr\/blog\/wp-content\/uploads\/2021\/05\/Romain-Delanis-150x150.jpg","contentUrl":"https:\/\/dicodusport.fr\/blog\/wp-content\/uploads\/2021\/05\/Romain-Delanis-150x150.jpg","caption":"Romain Delanis"},"description":"Journaliste\/R\u00e9dacteur depuis novembre 2015 - Capable de passer un samedi apr\u00e8s-midi devant la Ligue 2 puis le biathlon sans oublier la finale de l\u2019ATP Rotterdam, j\u2019aime aussi mettre mon r\u00e9veil pour me faire un Pistons\/Bulls qui rappelle de bons souvenirs. Tout cela, j\u2019ai choisi il y a maintenant quelques temps de vous le raconter avec Dicodusport, pour vous faire vivre ma passion parfois inconsid\u00e9r\u00e9e pour le sport en g\u00e9n\u00e9ral (mais surtout le foot faut se l\u2019avouer).","sameAs":["https:\/\/x.com\/https:\/\/twitter.com\/RDelanis"],"url":"https:\/\/dicodusport.fr\/blog\/author\/romain\/"}]}},"_links":{"self":[{"href":"https:\/\/dicodusport.fr\/blog\/wp-json\/wp\/v2\/posts\/36679","targetHints":{"allow":["GET"]}}],"collection":[{"href":"https:\/\/dicodusport.fr\/blog\/wp-json\/wp\/v2\/posts"}],"about":[{"href":"https:\/\/dicodusport.fr\/blog\/wp-json\/wp\/v2\/types\/post"}],"author":[{"embeddable":true,"href":"https:\/\/dicodusport.fr\/blog\/wp-json\/wp\/v2\/users\/14"}],"replies":[{"embeddable":true,"href":"https:\/\/dicodusport.fr\/blog\/wp-json\/wp\/v2\/comments?post=36679"}],"version-history":[{"count":0,"href":"https:\/\/dicodusport.fr\/blog\/wp-json\/wp\/v2\/posts\/36679\/revisions"}],"wp:featuredmedia":[{"embeddable":true,"href":"https:\/\/dicodusport.fr\/blog\/wp-json\/wp\/v2\/media\/36693"}],"wp:attachment":[{"href":"https:\/\/dicodusport.fr\/blog\/wp-json\/wp\/v2\/media?parent=36679"}],"wp:term":[{"taxonomy":"category","embeddable":true,"href":"https:\/\/dicodusport.fr\/blog\/wp-json\/wp\/v2\/categories?post=36679"},{"taxonomy":"post_tag","embeddable":true,"href":"https:\/\/dicodusport.fr\/blog\/wp-json\/wp\/v2\/tags?post=36679"}],"curies":[{"name":"wp","href":"https:\/\/api.w.org\/{rel}","templated":true}]}}