{"id":366880,"date":"2023-03-18T19:09:48","date_gmt":"2023-03-18T18:09:48","guid":{"rendered":"https:\/\/dicodusport.fr\/blog\/?p=366880&#038;preview=true&#038;preview_id=366880"},"modified":"2023-03-18T19:39:48","modified_gmt":"2023-03-18T18:39:48","slug":"f1-gp-arabie-saoudite-la-pole-position-pour-sergio-perez-verstappen-15e","status":"publish","type":"post","link":"https:\/\/dicodusport.fr\/blog\/f1-gp-arabie-saoudite-la-pole-position-pour-sergio-perez-verstappen-15e\/","title":{"rendered":"F1 GP Arabie Saoudite : La pole position pour Sergio Perez, Verstappen 15e"},"content":{"rendered":"<p style=\"text-align: justify;\" align=\"justify\"><em><strong><a href=\"https:\/\/dicodusport.fr\/blog\/grand-prix-d-arabie-saoudite-horaires-programme-tv-et-resultats\/\">F1 GRAND PRIX D&rsquo;ARABIE SAOUDITE<\/a> &#8211; Le malheur de Max Verstappen\u00a0 fait le bonheur de Sergio Perez. Le Mexicain prend la pole position \u00e0 Djeddah. Fernando Alonso et George Russell le suivent. Esteban Ocon 6e.<\/strong><\/em><\/p>\n<p style=\"text-align: justify;\"><span style=\"font-weight: 400;\">Parfois, on ne peut pas tout ma\u00eetriser. Imp\u00e9riales en essais libres, les Red Bull \u00e9taient des pr\u00e9tendantes \u00e9videntes \u00e0 la pole position. <\/span><b>Max Verstappen <\/b><span style=\"font-weight: 400;\">n&rsquo;a pas pu jouer sa chance, probl\u00e8me de bo\u00eete de vitesses. Le champion du monde en titre va s&rsquo;\u00e9lancer au milieu du paquet demain, lors de la course (15e). Une monoplace \u00e9nergisante sera tout de m\u00eame aux avant-postes. <\/span><b>Sergio Perez <\/b><span style=\"font-weight: 400;\">met tout le monde d&rsquo;accord en Q3. Le Mexicain aura dans ses roues un <\/span><b>Fernando Alonso <\/b><span style=\"font-weight: 400;\">mort de faim.<\/span><\/p>\n<p style=\"text-align: justify;\"><span style=\"font-weight: 400;\">Les pilotes sont en rodage dans cette Q1. <\/span><b>Fernando Alonso <\/b><span style=\"font-weight: 400;\">part \u00e0 la faute puis <\/span><b>Logan Sargeant <\/b><span style=\"font-weight: 400;\">ensuite mais sans cons\u00e9quence. Quant \u00e0 <\/span><b>Lando Norris<\/b><span style=\"font-weight: 400;\">, il perd tout apr\u00e8s avoir effleur\u00e9 le mur \u00e0 l&rsquo;int\u00e9rieur d&rsquo;un virage. La direction est touch\u00e9e, les m\u00e9caniciens ne peuvent pas r\u00e9parer \u00e0 temps. Le Britannique est P19. Les Alpine ont trembl\u00e9, ne se qualifiant seulement sur leur dernier tour chrono. <\/span><b>Pierre Gasly <\/b><span style=\"font-weight: 400;\">passe le cut pour moins d&rsquo;un dixi\u00e8me. <\/span><b>Yuki Tsunoda <\/b><span style=\"font-weight: 400;\">est le premier \u00e9limin\u00e9, <\/span><b>Alexander Albon<\/b><span style=\"font-weight: 400;\"> suit puis <\/span><b>Nyck de Vries <\/b><span style=\"font-weight: 400;\">tandis que <\/span><b>Sargeant <\/b><span style=\"font-weight: 400;\">ferme la marche.<\/span><\/p>\n<blockquote class=\"twitter-tweet\">\n<p dir=\"ltr\" lang=\"fr\">Sergio P\u00e9rez signe la 2\u00e8me pole position de sa carri\u00e8re \ud83d\udd25<\/p>\n<p>La premi\u00e8re ? C&rsquo;\u00e9tait \u00e0 Djeddah aussi \ud83d\udc40<a href=\"https:\/\/twitter.com\/hashtag\/SaudiArabianGP?src=hash&amp;ref_src=twsrc%5Etfw\">#SaudiArabianGP<\/a> <a href=\"https:\/\/twitter.com\/hashtag\/F1?src=hash&amp;ref_src=twsrc%5Etfw\">#F1<\/a> <a href=\"https:\/\/t.co\/RNSQhkvCRD\">pic.twitter.com\/RNSQhkvCRD<\/a><\/p>\n<p>\u2014 CANAL+ F1\u00ae (@CanalplusF1) <a href=\"https:\/\/twitter.com\/CanalplusF1\/status\/1637153381813743616?ref_src=twsrc%5Etfw\">March 18, 2023<\/a><\/p><\/blockquote>\n<p><script async src=\"https:\/\/platform.twitter.com\/widgets.js\" charset=\"utf-8\"><\/script><\/p>\n<h2 style=\"text-align: justify;\" align=\"justify\">Verstappen au tapis malgr\u00e9 lui<\/h2>\n<p style=\"text-align: justify;\"><span style=\"font-weight: 400;\">La surprise arrive d\u00e8s ce d\u00e9but de Q2. Lors de sa premi\u00e8re tentative, <\/span><b>Max Verstappen <\/b><span style=\"font-weight: 400;\">sent sa voiture le l\u00e2cher. La bo\u00eete de vitesses ne fonctionne plus. Sans tour chrono, le N\u00e9erlandais est assur\u00e9 de finir dernier de cette deuxi\u00e8me partie des qualifications. Les Alfa Romeo et les Haas doivent laisser leurs voitures au garage, elles sont \u00e9limin\u00e9es. <\/span><b>Nico H\u00fclkenberg <\/b><span style=\"font-weight: 400;\">se classe \u00e0 40 milli\u00e8mes de <\/span><b>Gasly<\/b><span style=\"font-weight: 400;\">, 10e. <\/span><b>Guanyu Zhou <\/b><span style=\"font-weight: 400;\">suit puis <\/span><b>Kevin Magnussen <\/b><span style=\"font-weight: 400;\">et <\/span><b>Valtteri Bottas<\/b><span style=\"font-weight: 400;\">. Direction la Q3 pour <\/span><b>Oscar Piastri<\/b><span style=\"font-weight: 400;\">, sa premi\u00e8re pour son 2e week-end de Grand Prix.<\/span><\/p>\n<p style=\"text-align: justify;\"><span style=\"font-weight: 400;\">Avec l&rsquo;absence de <\/span><b>Max Verstappen<\/b><span style=\"font-weight: 400;\">, <\/span><b>Sergio Perez <\/b><span style=\"font-weight: 400;\">prend ses responsabilit\u00e9s et cr\u00e9e des \u00e9carts suffisants. La pole position est pour lui, sa seconde en carri\u00e8re. <\/span><b>Charles Leclerc <\/b><span style=\"font-weight: 400;\">r\u00e9alise le deuxi\u00e8me temps mais avec ses 10 places de p\u00e9nalit\u00e9, le pilote Ferrari recule en 6e ligne. <\/span><b>Fernando Alonso <\/b><span style=\"font-weight: 400;\">sera donc dans les r\u00e9troviseurs du Mexicain et <\/span><b>George Russell <\/b><span style=\"font-weight: 400;\">dans ceux du Taureau des Asturies. <\/span><b>Carlos Sainz<\/b><span style=\"font-weight: 400;\"> et <\/span><b>Lance Stroll <\/b><span style=\"font-weight: 400;\">sont 4e et 5e. <\/span><b>Esteban Ocon <\/b><span style=\"font-weight: 400;\">est le meilleur fran\u00e7ais avec une 6e place, juste devant <\/span><b>Lewis Hamilton. Pierre Gasly <\/b><span style=\"font-weight: 400;\">se place 9e sur la grille.<\/span><\/p>\n<h2 style=\"text-align: justify;\">\u00c0 lire aussi<\/h2>\n<ul>\n<li style=\"text-align: justify;\"><a href=\"https:\/\/dicodusport.fr\/blog\/f1-grille-de-depart-grand-prix-darabie-saoudite-2023\/\"><b>Grille de d\u00e9part du Grand Prix d&rsquo;Arabie Saoudite<\/b><\/a><\/li>\n<li style=\"text-align: justify;\"><strong><a href=\"https:\/\/dicodusport.fr\/blog\/f1-classement-championnat-du-monde-des-pilotes-2023\/\">Classement du championnat du monde des pilotes 2023<\/a><\/strong><\/li>\n<li style=\"text-align: justify;\"><a href=\"https:\/\/dicodusport.fr\/blog\/f1-classement-championnat-du-monde-des-constructeurs-2023\/\"><strong>Classement du championnat du monde des constructeurs 2023<\/strong><\/a><\/li>\n<\/ul>\n","protected":false},"excerpt":{"rendered":"<p>F1 GRAND PRIX D&rsquo;ARABIE SAOUDITE &#8211; Le malheur de Max Verstappen\u00a0 fait le bonheur de Sergio Perez. Le Mexicain prend la pole position \u00e0 Djeddah. Fernando Alonso et George Russell le suivent. Esteban Ocon 6e.<\/p>\n","protected":false},"author":61,"featured_media":366932,"comment_status":"open","ping_status":"closed","sticky":false,"template":"","format":"standard","meta":{"_acf_changed":false,"_daextam_enable_autolinks":"","footnotes":""},"categories":[8653],"tags":[16878,2065,22548,7047],"class_list":["post-366880","post","type-post","status-publish","format-standard","has-post-thumbnail","hentry","category-formule-1","tag-breve","tag-formule-1","tag-grand-prix-darabie-saoudite-f1","tag-qualifications"],"acf":[],"yoast_head":"<!-- This site is optimized with the Yoast SEO Premium plugin v26.7 (Yoast SEO v26.7) - https:\/\/yoast.com\/wordpress\/plugins\/seo\/ -->\n<title>F1 GP Arabie Saoudite : La pole position pour Sergio Perez, Verstappen 15e<\/title>\n<meta name=\"description\" content=\"F1 ARABIE SAOUDITE - Le malheur de Max Verstappen fait le bonheur de Sergio Perez. Le Mexicain prend la pole position \u00e0 Djeddah.\" \/>\n<meta name=\"robots\" content=\"index, follow, max-snippet:-1, max-image-preview:large, max-video-preview:-1\" \/>\n<link rel=\"canonical\" href=\"https:\/\/dicodusport.fr\/blog\/f1-gp-arabie-saoudite-la-pole-position-pour-sergio-perez-verstappen-15e\/\" \/>\n<meta property=\"og:locale\" content=\"fr_FR\" \/>\n<meta property=\"og:type\" content=\"article\" \/>\n<meta property=\"og:title\" content=\"F1 GP Arabie Saoudite : La pole position pour Sergio Perez, Verstappen 15e\" \/>\n<meta property=\"og:description\" content=\"F1 ARABIE SAOUDITE - Le malheur de Max Verstappen fait le bonheur de Sergio Perez. Le Mexicain prend la pole position \u00e0 Djeddah.\" \/>\n<meta property=\"og:url\" content=\"https:\/\/dicodusport.fr\/blog\/f1-gp-arabie-saoudite-la-pole-position-pour-sergio-perez-verstappen-15e\/\" \/>\n<meta property=\"og:site_name\" content=\"Dicodusport\" \/>\n<meta property=\"article:publisher\" content=\"https:\/\/www.facebook.com\/dicodusport\" \/>\n<meta property=\"article:published_time\" content=\"2023-03-18T18:09:48+00:00\" \/>\n<meta property=\"article:modified_time\" content=\"2023-03-18T18:39:48+00:00\" \/>\n<meta property=\"og:image\" content=\"https:\/\/dicodusport.fr\/blog\/wp-content\/uploads\/2023\/03\/F1-GP-Arabie-Saoudite-La-pole-position-pour-Sergio-Perez-Verstappen-15e.png\" \/>\n\t<meta property=\"og:image:width\" content=\"800\" \/>\n\t<meta property=\"og:image:height\" content=\"445\" \/>\n\t<meta property=\"og:image:type\" content=\"image\/png\" \/>\n<meta name=\"author\" content=\"Pierre Gorce\" \/>\n<meta name=\"twitter:card\" content=\"summary_large_image\" \/>\n<meta name=\"twitter:title\" content=\"F1 GP Arabie Saoudite : La pole position pour Sergio Perez, Verstappen 15e\" \/>\n<meta name=\"twitter:creator\" content=\"@https:\/\/twitter.com\/pierregorce12\" \/>\n<meta name=\"twitter:site\" content=\"@dicodusport\" \/>\n<script type=\"application\/ld+json\" class=\"yoast-schema-graph\">{\"@context\":\"https:\/\/schema.org\",\"@graph\":[{\"@type\":\"NewsArticle\",\"@id\":\"https:\/\/dicodusport.fr\/blog\/f1-gp-arabie-saoudite-la-pole-position-pour-sergio-perez-verstappen-15e\/#article\",\"isPartOf\":{\"@id\":\"https:\/\/dicodusport.fr\/blog\/f1-gp-arabie-saoudite-la-pole-position-pour-sergio-perez-verstappen-15e\/\"},\"author\":{\"name\":\"Pierre Gorce\",\"@id\":\"https:\/\/dicodusport.fr\/blog\/#\/schema\/person\/0eaf70b33d703a1a66b1155ac1bda018\"},\"headline\":\"F1 GP Arabie Saoudite : La pole position pour Sergio Perez, Verstappen 15e\",\"datePublished\":\"2023-03-18T18:09:48+00:00\",\"dateModified\":\"2023-03-18T18:39:48+00:00\",\"mainEntityOfPage\":{\"@id\":\"https:\/\/dicodusport.fr\/blog\/f1-gp-arabie-saoudite-la-pole-position-pour-sergio-perez-verstappen-15e\/\"},\"wordCount\":501,\"commentCount\":0,\"publisher\":{\"@id\":\"https:\/\/dicodusport.fr\/blog\/#organization\"},\"image\":{\"@id\":\"https:\/\/dicodusport.fr\/blog\/f1-gp-arabie-saoudite-la-pole-position-pour-sergio-perez-verstappen-15e\/#primaryimage\"},\"thumbnailUrl\":\"https:\/\/dicodusport.fr\/blog\/wp-content\/uploads\/2023\/03\/F1-GP-Arabie-Saoudite-La-pole-position-pour-Sergio-Perez-Verstappen-15e.png\",\"keywords\":[\"br\u00e8ve\",\"Formule 1\",\"Grand Prix d'Arabie Saoudite F1\",\"Qualifications\"],\"articleSection\":[\"Formule 1\"],\"inLanguage\":\"fr-FR\",\"potentialAction\":[{\"@type\":\"CommentAction\",\"name\":\"Comment\",\"target\":[\"https:\/\/dicodusport.fr\/blog\/f1-gp-arabie-saoudite-la-pole-position-pour-sergio-perez-verstappen-15e\/#respond\"]}],\"copyrightYear\":\"2023\",\"copyrightHolder\":{\"@id\":\"https:\/\/dicodusport.fr\/blog\/#organization\"}},{\"@type\":\"WebPage\",\"@id\":\"https:\/\/dicodusport.fr\/blog\/f1-gp-arabie-saoudite-la-pole-position-pour-sergio-perez-verstappen-15e\/\",\"url\":\"https:\/\/dicodusport.fr\/blog\/f1-gp-arabie-saoudite-la-pole-position-pour-sergio-perez-verstappen-15e\/\",\"name\":\"F1 GP Arabie Saoudite : La pole position pour Sergio Perez, Verstappen 15e\",\"isPartOf\":{\"@id\":\"https:\/\/dicodusport.fr\/blog\/#website\"},\"primaryImageOfPage\":{\"@id\":\"https:\/\/dicodusport.fr\/blog\/f1-gp-arabie-saoudite-la-pole-position-pour-sergio-perez-verstappen-15e\/#primaryimage\"},\"image\":{\"@id\":\"https:\/\/dicodusport.fr\/blog\/f1-gp-arabie-saoudite-la-pole-position-pour-sergio-perez-verstappen-15e\/#primaryimage\"},\"thumbnailUrl\":\"https:\/\/dicodusport.fr\/blog\/wp-content\/uploads\/2023\/03\/F1-GP-Arabie-Saoudite-La-pole-position-pour-Sergio-Perez-Verstappen-15e.png\",\"datePublished\":\"2023-03-18T18:09:48+00:00\",\"dateModified\":\"2023-03-18T18:39:48+00:00\",\"description\":\"F1 ARABIE SAOUDITE - Le malheur de Max Verstappen fait le bonheur de Sergio Perez. Le Mexicain prend la pole position \u00e0 Djeddah.\",\"breadcrumb\":{\"@id\":\"https:\/\/dicodusport.fr\/blog\/f1-gp-arabie-saoudite-la-pole-position-pour-sergio-perez-verstappen-15e\/#breadcrumb\"},\"inLanguage\":\"fr-FR\",\"potentialAction\":[{\"@type\":\"ReadAction\",\"target\":[\"https:\/\/dicodusport.fr\/blog\/f1-gp-arabie-saoudite-la-pole-position-pour-sergio-perez-verstappen-15e\/\"]}]},{\"@type\":\"ImageObject\",\"inLanguage\":\"fr-FR\",\"@id\":\"https:\/\/dicodusport.fr\/blog\/f1-gp-arabie-saoudite-la-pole-position-pour-sergio-perez-verstappen-15e\/#primaryimage\",\"url\":\"https:\/\/dicodusport.fr\/blog\/wp-content\/uploads\/2023\/03\/F1-GP-Arabie-Saoudite-La-pole-position-pour-Sergio-Perez-Verstappen-15e.png\",\"contentUrl\":\"https:\/\/dicodusport.fr\/blog\/wp-content\/uploads\/2023\/03\/F1-GP-Arabie-Saoudite-La-pole-position-pour-Sergio-Perez-Verstappen-15e.png\",\"width\":800,\"height\":445,\"caption\":\"F1 GP Arabie Saoudite La pole position pour Sergio Perez, Verstappen 15e\"},{\"@type\":\"BreadcrumbList\",\"@id\":\"https:\/\/dicodusport.fr\/blog\/f1-gp-arabie-saoudite-la-pole-position-pour-sergio-perez-verstappen-15e\/#breadcrumb\",\"itemListElement\":[{\"@type\":\"ListItem\",\"position\":1,\"name\":\"Accueil\",\"item\":\"https:\/\/dicodusport.fr\/blog\/\"},{\"@type\":\"ListItem\",\"position\":2,\"name\":\"F1 GP Arabie Saoudite : La pole position pour Sergio Perez, Verstappen 15e\"}]},{\"@type\":\"WebSite\",\"@id\":\"https:\/\/dicodusport.fr\/blog\/#website\",\"url\":\"https:\/\/dicodusport.fr\/blog\/\",\"name\":\"Dicodusport\",\"description\":\"L&#039;encyclop\u00e9die de l&#039;actualit\u00e9 sportive\",\"publisher\":{\"@id\":\"https:\/\/dicodusport.fr\/blog\/#organization\"},\"potentialAction\":[{\"@type\":\"SearchAction\",\"target\":{\"@type\":\"EntryPoint\",\"urlTemplate\":\"https:\/\/dicodusport.fr\/blog\/?s={search_term_string}\"},\"query-input\":{\"@type\":\"PropertyValueSpecification\",\"valueRequired\":true,\"valueName\":\"search_term_string\"}}],\"inLanguage\":\"fr-FR\"},{\"@type\":\"NewsMediaOrganization\",\"@id\":\"https:\/\/dicodusport.fr\/blog\/#organization\",\"name\":\"Dicodusport\",\"url\":\"https:\/\/dicodusport.fr\/blog\/\",\"logo\":{\"@type\":\"ImageObject\",\"inLanguage\":\"fr-FR\",\"@id\":\"https:\/\/dicodusport.fr\/blog\/#\/schema\/logo\/image\/\",\"url\":\"https:\/\/dicodusport.fr\/blog\/wp-content\/uploads\/2020\/06\/cropped-LOGO-DICODUSPORT-2020-SANS-FOND-SANS-TEXTE.png\",\"contentUrl\":\"https:\/\/dicodusport.fr\/blog\/wp-content\/uploads\/2020\/06\/cropped-LOGO-DICODUSPORT-2020-SANS-FOND-SANS-TEXTE.png\",\"width\":512,\"height\":512,\"caption\":\"Dicodusport\"},\"image\":{\"@id\":\"https:\/\/dicodusport.fr\/blog\/#\/schema\/logo\/image\/\"},\"sameAs\":[\"https:\/\/www.facebook.com\/dicodusport\",\"https:\/\/x.com\/dicodusport\",\"https:\/\/www.instagram.com\/dicodusport\/\",\"https:\/\/www.youtube.com\/channel\/UC7V2KZ5sd3htJivAbA4ZG3w\"],\"description\":\"Dicodusport est l'encyclop\u00e9die de l'actualit\u00e9 sportive.\",\"email\":\"bonjour@dicodusport.fr\",\"legalName\":\"DICODUSPORT\",\"foundingDate\":\"2018-01-14\",\"vatID\":\"FR71834470973\",\"taxID\":\"83447097300043\",\"numberOfEmployees\":{\"@type\":\"QuantitativeValue\",\"minValue\":\"1\",\"maxValue\":\"10\"}},{\"@type\":\"Person\",\"@id\":\"https:\/\/dicodusport.fr\/blog\/#\/schema\/person\/0eaf70b33d703a1a66b1155ac1bda018\",\"name\":\"Pierre Gorce\",\"image\":{\"@type\":\"ImageObject\",\"inLanguage\":\"fr-FR\",\"@id\":\"https:\/\/dicodusport.fr\/blog\/#\/schema\/person\/image\/\",\"url\":\"https:\/\/dicodusport.fr\/blog\/wp-content\/uploads\/2022\/03\/IMG_20211214_233053_722-150x150.jpg\",\"contentUrl\":\"https:\/\/dicodusport.fr\/blog\/wp-content\/uploads\/2022\/03\/IMG_20211214_233053_722-150x150.jpg\",\"caption\":\"Pierre Gorce\"},\"description\":\"Couteau suisse venant tout droit de Haute-Savoie. Habitu\u00e9 \u00e0 regarder du sport depuis petit, j'en ai maintenant fait mon m\u00e9tier. Des sports d'hiver au surf, en passant par le tennis, la F1, le handball et l'athl\u00e9tisme, j'essaie d'avoir mes yeux sur l'enti\u00e8ret\u00e9 de l'actualit\u00e9. Jeune homme berc\u00e9 par les exploits de Jean-Baptiste Grange, Sebastian Vettel et des Experts. Membre de la g\u00e9n\u00e9ration 1999 comme Luka Doncic, Sydney McLaughlin, Lando Norris et Loana Lecomte, mais avec beaucoup moins de talent qu'eux.\",\"sameAs\":[\"https:\/\/x.com\/https:\/\/twitter.com\/pierregorce12\"],\"birthDate\":\"1999-08-29\",\"url\":\"https:\/\/dicodusport.fr\/blog\/author\/pierreg\/\"}]}<\/script>\n<!-- \/ Yoast SEO Premium plugin. -->","yoast_head_json":{"title":"F1 GP Arabie Saoudite : La pole position pour Sergio Perez, Verstappen 15e","description":"F1 ARABIE SAOUDITE - Le malheur de Max Verstappen fait le bonheur de Sergio Perez. Le Mexicain prend la pole position \u00e0 Djeddah.","robots":{"index":"index","follow":"follow","max-snippet":"max-snippet:-1","max-image-preview":"max-image-preview:large","max-video-preview":"max-video-preview:-1"},"canonical":"https:\/\/dicodusport.fr\/blog\/f1-gp-arabie-saoudite-la-pole-position-pour-sergio-perez-verstappen-15e\/","og_locale":"fr_FR","og_type":"article","og_title":"F1 GP Arabie Saoudite : La pole position pour Sergio Perez, Verstappen 15e","og_description":"F1 ARABIE SAOUDITE - Le malheur de Max Verstappen fait le bonheur de Sergio Perez. Le Mexicain prend la pole position \u00e0 Djeddah.","og_url":"https:\/\/dicodusport.fr\/blog\/f1-gp-arabie-saoudite-la-pole-position-pour-sergio-perez-verstappen-15e\/","og_site_name":"Dicodusport","article_publisher":"https:\/\/www.facebook.com\/dicodusport","article_published_time":"2023-03-18T18:09:48+00:00","article_modified_time":"2023-03-18T18:39:48+00:00","og_image":[{"width":800,"height":445,"url":"https:\/\/dicodusport.fr\/blog\/wp-content\/uploads\/2023\/03\/F1-GP-Arabie-Saoudite-La-pole-position-pour-Sergio-Perez-Verstappen-15e.png","type":"image\/png"}],"author":"Pierre Gorce","twitter_card":"summary_large_image","twitter_title":"F1 GP Arabie Saoudite : La pole position pour Sergio Perez, Verstappen 15e","twitter_creator":"@https:\/\/twitter.com\/pierregorce12","twitter_site":"@dicodusport","schema":{"@context":"https:\/\/schema.org","@graph":[{"@type":"NewsArticle","@id":"https:\/\/dicodusport.fr\/blog\/f1-gp-arabie-saoudite-la-pole-position-pour-sergio-perez-verstappen-15e\/#article","isPartOf":{"@id":"https:\/\/dicodusport.fr\/blog\/f1-gp-arabie-saoudite-la-pole-position-pour-sergio-perez-verstappen-15e\/"},"author":{"name":"Pierre Gorce","@id":"https:\/\/dicodusport.fr\/blog\/#\/schema\/person\/0eaf70b33d703a1a66b1155ac1bda018"},"headline":"F1 GP Arabie Saoudite : La pole position pour Sergio Perez, Verstappen 15e","datePublished":"2023-03-18T18:09:48+00:00","dateModified":"2023-03-18T18:39:48+00:00","mainEntityOfPage":{"@id":"https:\/\/dicodusport.fr\/blog\/f1-gp-arabie-saoudite-la-pole-position-pour-sergio-perez-verstappen-15e\/"},"wordCount":501,"commentCount":0,"publisher":{"@id":"https:\/\/dicodusport.fr\/blog\/#organization"},"image":{"@id":"https:\/\/dicodusport.fr\/blog\/f1-gp-arabie-saoudite-la-pole-position-pour-sergio-perez-verstappen-15e\/#primaryimage"},"thumbnailUrl":"https:\/\/dicodusport.fr\/blog\/wp-content\/uploads\/2023\/03\/F1-GP-Arabie-Saoudite-La-pole-position-pour-Sergio-Perez-Verstappen-15e.png","keywords":["br\u00e8ve","Formule 1","Grand Prix d'Arabie Saoudite F1","Qualifications"],"articleSection":["Formule 1"],"inLanguage":"fr-FR","potentialAction":[{"@type":"CommentAction","name":"Comment","target":["https:\/\/dicodusport.fr\/blog\/f1-gp-arabie-saoudite-la-pole-position-pour-sergio-perez-verstappen-15e\/#respond"]}],"copyrightYear":"2023","copyrightHolder":{"@id":"https:\/\/dicodusport.fr\/blog\/#organization"}},{"@type":"WebPage","@id":"https:\/\/dicodusport.fr\/blog\/f1-gp-arabie-saoudite-la-pole-position-pour-sergio-perez-verstappen-15e\/","url":"https:\/\/dicodusport.fr\/blog\/f1-gp-arabie-saoudite-la-pole-position-pour-sergio-perez-verstappen-15e\/","name":"F1 GP Arabie Saoudite : La pole position pour Sergio Perez, Verstappen 15e","isPartOf":{"@id":"https:\/\/dicodusport.fr\/blog\/#website"},"primaryImageOfPage":{"@id":"https:\/\/dicodusport.fr\/blog\/f1-gp-arabie-saoudite-la-pole-position-pour-sergio-perez-verstappen-15e\/#primaryimage"},"image":{"@id":"https:\/\/dicodusport.fr\/blog\/f1-gp-arabie-saoudite-la-pole-position-pour-sergio-perez-verstappen-15e\/#primaryimage"},"thumbnailUrl":"https:\/\/dicodusport.fr\/blog\/wp-content\/uploads\/2023\/03\/F1-GP-Arabie-Saoudite-La-pole-position-pour-Sergio-Perez-Verstappen-15e.png","datePublished":"2023-03-18T18:09:48+00:00","dateModified":"2023-03-18T18:39:48+00:00","description":"F1 ARABIE SAOUDITE - Le malheur de Max Verstappen fait le bonheur de Sergio Perez. Le Mexicain prend la pole position \u00e0 Djeddah.","breadcrumb":{"@id":"https:\/\/dicodusport.fr\/blog\/f1-gp-arabie-saoudite-la-pole-position-pour-sergio-perez-verstappen-15e\/#breadcrumb"},"inLanguage":"fr-FR","potentialAction":[{"@type":"ReadAction","target":["https:\/\/dicodusport.fr\/blog\/f1-gp-arabie-saoudite-la-pole-position-pour-sergio-perez-verstappen-15e\/"]}]},{"@type":"ImageObject","inLanguage":"fr-FR","@id":"https:\/\/dicodusport.fr\/blog\/f1-gp-arabie-saoudite-la-pole-position-pour-sergio-perez-verstappen-15e\/#primaryimage","url":"https:\/\/dicodusport.fr\/blog\/wp-content\/uploads\/2023\/03\/F1-GP-Arabie-Saoudite-La-pole-position-pour-Sergio-Perez-Verstappen-15e.png","contentUrl":"https:\/\/dicodusport.fr\/blog\/wp-content\/uploads\/2023\/03\/F1-GP-Arabie-Saoudite-La-pole-position-pour-Sergio-Perez-Verstappen-15e.png","width":800,"height":445,"caption":"F1 GP Arabie Saoudite La pole position pour Sergio Perez, Verstappen 15e"},{"@type":"BreadcrumbList","@id":"https:\/\/dicodusport.fr\/blog\/f1-gp-arabie-saoudite-la-pole-position-pour-sergio-perez-verstappen-15e\/#breadcrumb","itemListElement":[{"@type":"ListItem","position":1,"name":"Accueil","item":"https:\/\/dicodusport.fr\/blog\/"},{"@type":"ListItem","position":2,"name":"F1 GP Arabie Saoudite : La pole position pour Sergio Perez, Verstappen 15e"}]},{"@type":"WebSite","@id":"https:\/\/dicodusport.fr\/blog\/#website","url":"https:\/\/dicodusport.fr\/blog\/","name":"Dicodusport","description":"L&#039;encyclop\u00e9die de l&#039;actualit\u00e9 sportive","publisher":{"@id":"https:\/\/dicodusport.fr\/blog\/#organization"},"potentialAction":[{"@type":"SearchAction","target":{"@type":"EntryPoint","urlTemplate":"https:\/\/dicodusport.fr\/blog\/?s={search_term_string}"},"query-input":{"@type":"PropertyValueSpecification","valueRequired":true,"valueName":"search_term_string"}}],"inLanguage":"fr-FR"},{"@type":"NewsMediaOrganization","@id":"https:\/\/dicodusport.fr\/blog\/#organization","name":"Dicodusport","url":"https:\/\/dicodusport.fr\/blog\/","logo":{"@type":"ImageObject","inLanguage":"fr-FR","@id":"https:\/\/dicodusport.fr\/blog\/#\/schema\/logo\/image\/","url":"https:\/\/dicodusport.fr\/blog\/wp-content\/uploads\/2020\/06\/cropped-LOGO-DICODUSPORT-2020-SANS-FOND-SANS-TEXTE.png","contentUrl":"https:\/\/dicodusport.fr\/blog\/wp-content\/uploads\/2020\/06\/cropped-LOGO-DICODUSPORT-2020-SANS-FOND-SANS-TEXTE.png","width":512,"height":512,"caption":"Dicodusport"},"image":{"@id":"https:\/\/dicodusport.fr\/blog\/#\/schema\/logo\/image\/"},"sameAs":["https:\/\/www.facebook.com\/dicodusport","https:\/\/x.com\/dicodusport","https:\/\/www.instagram.com\/dicodusport\/","https:\/\/www.youtube.com\/channel\/UC7V2KZ5sd3htJivAbA4ZG3w"],"description":"Dicodusport est l'encyclop\u00e9die de l'actualit\u00e9 sportive.","email":"bonjour@dicodusport.fr","legalName":"DICODUSPORT","foundingDate":"2018-01-14","vatID":"FR71834470973","taxID":"83447097300043","numberOfEmployees":{"@type":"QuantitativeValue","minValue":"1","maxValue":"10"}},{"@type":"Person","@id":"https:\/\/dicodusport.fr\/blog\/#\/schema\/person\/0eaf70b33d703a1a66b1155ac1bda018","name":"Pierre Gorce","image":{"@type":"ImageObject","inLanguage":"fr-FR","@id":"https:\/\/dicodusport.fr\/blog\/#\/schema\/person\/image\/","url":"https:\/\/dicodusport.fr\/blog\/wp-content\/uploads\/2022\/03\/IMG_20211214_233053_722-150x150.jpg","contentUrl":"https:\/\/dicodusport.fr\/blog\/wp-content\/uploads\/2022\/03\/IMG_20211214_233053_722-150x150.jpg","caption":"Pierre Gorce"},"description":"Couteau suisse venant tout droit de Haute-Savoie. Habitu\u00e9 \u00e0 regarder du sport depuis petit, j'en ai maintenant fait mon m\u00e9tier. Des sports d'hiver au surf, en passant par le tennis, la F1, le handball et l'athl\u00e9tisme, j'essaie d'avoir mes yeux sur l'enti\u00e8ret\u00e9 de l'actualit\u00e9. Jeune homme berc\u00e9 par les exploits de Jean-Baptiste Grange, Sebastian Vettel et des Experts. Membre de la g\u00e9n\u00e9ration 1999 comme Luka Doncic, Sydney McLaughlin, Lando Norris et Loana Lecomte, mais avec beaucoup moins de talent qu'eux.","sameAs":["https:\/\/x.com\/https:\/\/twitter.com\/pierregorce12"],"birthDate":"1999-08-29","url":"https:\/\/dicodusport.fr\/blog\/author\/pierreg\/"}]}},"_links":{"self":[{"href":"https:\/\/dicodusport.fr\/blog\/wp-json\/wp\/v2\/posts\/366880","targetHints":{"allow":["GET"]}}],"collection":[{"href":"https:\/\/dicodusport.fr\/blog\/wp-json\/wp\/v2\/posts"}],"about":[{"href":"https:\/\/dicodusport.fr\/blog\/wp-json\/wp\/v2\/types\/post"}],"author":[{"embeddable":true,"href":"https:\/\/dicodusport.fr\/blog\/wp-json\/wp\/v2\/users\/61"}],"replies":[{"embeddable":true,"href":"https:\/\/dicodusport.fr\/blog\/wp-json\/wp\/v2\/comments?post=366880"}],"version-history":[{"count":0,"href":"https:\/\/dicodusport.fr\/blog\/wp-json\/wp\/v2\/posts\/366880\/revisions"}],"wp:featuredmedia":[{"embeddable":true,"href":"https:\/\/dicodusport.fr\/blog\/wp-json\/wp\/v2\/media\/366932"}],"wp:attachment":[{"href":"https:\/\/dicodusport.fr\/blog\/wp-json\/wp\/v2\/media?parent=366880"}],"wp:term":[{"taxonomy":"category","embeddable":true,"href":"https:\/\/dicodusport.fr\/blog\/wp-json\/wp\/v2\/categories?post=366880"},{"taxonomy":"post_tag","embeddable":true,"href":"https:\/\/dicodusport.fr\/blog\/wp-json\/wp\/v2\/tags?post=366880"}],"curies":[{"name":"wp","href":"https:\/\/api.w.org\/{rel}","templated":true}]}}