{"id":367061,"date":"2023-03-19T09:29:21","date_gmt":"2023-03-19T08:29:21","guid":{"rendered":"https:\/\/dicodusport.fr\/blog\/?p=367061&#038;preview=true&#038;preview_id=367061"},"modified":"2023-03-19T10:23:45","modified_gmt":"2023-03-19T09:23:45","slug":"julia-simon-jai-eu-du-mal-a-me-lacher-javais-les-jambes-qui-tremblaient","status":"publish","type":"post","link":"https:\/\/dicodusport.fr\/blog\/julia-simon-jai-eu-du-mal-a-me-lacher-javais-les-jambes-qui-tremblaient\/","title":{"rendered":"Julia Simon : \u00ab\u00a0J\u2019ai eu du mal \u00e0 me l\u00e2cher, j\u2019avais les jambes qui tremblaient\u00a0\u00bb"},"content":{"rendered":"<p style=\"text-align: justify;\" align=\"justify\"><em><strong><a href=\"https:\/\/dicodusport.fr\/blog\/biathlon-finales-oslo-2023-programme-et-resultats\/\">BIATHLON OSLO 2023<\/a> &#8211; <a href=\"https:\/\/dicodusport.fr\/blog\/biathlon-oslo-2023-denise-herrmann-remporte-le-sprint-et-le-petit-globe-le-gros-cristal-pour-julia-simon\/\" target=\"_blank\" rel=\"noopener\">Vainqueur du gros globe de cristal samedi<\/a>, Julia Simon a confi\u00e9 \u00e0 nos confr\u00e8res de L&rsquo;\u00c9quipe qu&rsquo;elle avait \u00e9t\u00e9 rattrap\u00e9e par la pression au moment de conclure.\u00a0<\/strong><\/em><\/p>\n<p style=\"text-align: justify;\" align=\"justify\">Ce n&rsquo;est plus un secret, <strong>Julia<\/strong> <strong>Simon<\/strong> est une perfectionniste qui aime que les choses soient bien faites. \u00c0 l&rsquo;arriv\u00e9e samedi, elle a d&rsquo;abord \u00e9t\u00e9 d\u00e9\u00e7ue de ne pas monter sur le podium du jour, finalement cinqui\u00e8me apr\u00e8s les arriv\u00e9es d&rsquo;<strong>Anna<\/strong> <strong>Magnusson<\/strong> et <strong>Chlo\u00e9<\/strong> <strong>Chevalier<\/strong>. La Fran\u00e7aise a finalement rapidement \u00e9vacu\u00e9 la d\u00e9ception, et a confi\u00e9 qu&rsquo;elle avait \u00e9t\u00e9 rattrap\u00e9e par ses \u00e9motions ce samedi.<\/p>\n<blockquote>\n<p style=\"text-align: justify;\">J\u2019ai donn\u00e9 mon maximum, j\u2019ai senti un petit peu la pression sur le tir debout. J\u2019ai eu du mal \u00e0 me l\u00e2cher, j\u2019avais les jambes qui tremblaient. Avant le d\u00e9part, j\u2019avais vraiment l\u2019envie d\u2019y aller, c\u2019\u00e9taient des sentiments vraiment partag\u00e9s. L\u2019envie d\u2019y aller et en m\u00eame temps, ces jambes un peu f\u00e9briles en me disant \u00ab c\u2019est le moment de concr\u00e9tiser, de rester sur la continuit\u00e9 de la saison et que ce n\u2019est pas un hasard \u00bb. Aujourd\u2019hui, il y a eu un peu de d\u00e9ception, mais c\u2019est bon maintenant, c\u2019est \u00e9vacu\u00e9. J\u2019ai encore du mal \u00e0 r\u00e9aliser, mais \u00e7a sera plus facile demain apr\u00e8s la course, une fois que tout sera l\u00e2ch\u00e9. M\u00eame si j\u2019ai envie de l\u00e2cher prise, je n\u2019y arrive pas, il reste encore une course demain. J\u2019ai du mal \u00e0 l\u00e2cher les choses et du coup je suis encore concentr\u00e9e.<\/p>\n<\/blockquote>\n<p style=\"text-align: justify;\"><strong>Julia<\/strong> <strong>Simon<\/strong> met donc fin \u00e0 18 ans de disette pour le biathlon fran\u00e7ais f\u00e9minin. Aucune Tricolore, pas m\u00eame <strong>Marie Dorin-Habert<\/strong>, deuxi\u00e8me lors de la saison 2015-2016, n&rsquo;avait r\u00e9ussi \u00e0 d\u00e9crocher ce gros globe de cristal. <strong>Julia<\/strong> <strong>Simon<\/strong> a expliqu\u00e9 que ce sacre \u00e9tait le fruit de plusieurs ann\u00e9es de travail, et d&rsquo;une meilleure compr\u00e9hension de son corps notamment.<\/p>\n<blockquote>\n<p style=\"text-align: justify;\">Cela ne se construit pas en une seule saison. Cela se construit sur le long terme. Mais je pense que c\u2019est l\u2019aboutissement de quatre-cinq ans de travail. J\u2019ai travaill\u00e9 depuis toujours pour \u00e7a, pour faire partie des meilleures, pour pouvoir monter sur ce podium avec les meilleures. C\u2019\u00e9tait un r\u00eave pour pouvoir me hisser ici. Il y a eu des hauts et des bas, mais c\u2019est l\u2019aboutissement d\u2019un hiver monstrueux pour ma part. Je ne pensais pas \u00eatre capable d\u2019une telle r\u00e9gularit\u00e9 et surtout j\u2019ai r\u00e9ussi \u00e0 passer \u00e0 travers les maladies et de m\u2019\u00e9couter un peu plus quand j\u2019\u00e9tais malade. Arriver \u00e0 \u00e9couter mon corps et de r\u00e9ussir avec Cyril Burdet \u00e0 adapter au mieux possible, gr\u00e2ce \u00e0 ses comp\u00e9tences. Et c\u2019est l\u00e0 dessus o\u00f9 j\u2019ai \u00e9volu\u00e9 par rapport \u00e0 ces derni\u00e8res ann\u00e9es. J\u2019ai r\u00e9ussi \u00e0 prendre du recul et c\u2019est ce qui fait que cette ann\u00e9e, j\u2019ai pu faire une saison vraiment incroyable.<\/p>\n<\/blockquote>\n<h2 style=\"text-align: justify;\">\u00c0 lire aussi<\/h2>\n<ul>\n<li style=\"text-align: justify;\"><a href=\"https:\/\/dicodusport.fr\/blog\/coupe-du-monde-biathlon-classement-general-femmes\/\"><strong>Le classement g\u00e9n\u00e9ral de la Coupe du monde de biathlon<\/strong><\/a><\/li>\n<li style=\"text-align: justify;\"><a href=\"https:\/\/dicodusport.fr\/blog\/coupe-du-monde-biathlon-classement-petit-globe-sprint-femmes\/\"><strong>Le classement du petit globe du sprint<\/strong><\/a><\/li>\n<li style=\"text-align: justify;\"><a href=\"https:\/\/dicodusport.fr\/blog\/biathlon-kontiolahti-2022-programme-complet-et-resultats\/\"><strong>Le calendrier complet de la Coupe du monde de biathlon 2022-2023<\/strong><\/a><\/li>\n<\/ul>\n","protected":false},"excerpt":{"rendered":"<p>BIATHLON OSLO 2023 &#8211; Vainqueur du gros globe de cristal samedi, Julia Simon a confi\u00e9 \u00e0 nos confr\u00e8res de L&rsquo;\u00c9quipe qu&rsquo;elle avait \u00e9t\u00e9 rattrap\u00e9e par la pression au moment de conclure.\u00a0<\/p>\n","protected":false},"author":1,"featured_media":367069,"comment_status":"open","ping_status":"closed","sticky":false,"template":"","format":"standard","meta":{"_acf_changed":false,"_daextam_enable_autolinks":"","footnotes":""},"categories":[47040],"tags":[16878,6893,5415,6937],"class_list":["post-367061","post","type-post","status-publish","format-standard","has-post-thumbnail","hentry","category-coupe-du-monde-de-biathlon","tag-breve","tag-julia-simon","tag-simon","tag-sprint-femmes"],"acf":[],"yoast_head":"<!-- This site is optimized with the Yoast SEO Premium plugin v26.7 (Yoast SEO v26.7) - https:\/\/yoast.com\/wordpress\/plugins\/seo\/ -->\n<title>Julia Simon : &quot;J\u2019ai eu du mal \u00e0 me l\u00e2cher, j\u2019avais les jambes qui tremblaient&quot;<\/title>\n<meta name=\"description\" content=\"BIATHLON OSLO 2023 - Vainqueur du gros globe de cristal samedi, Julia Simon a confi\u00e9 \u00e0 nos confr\u00e8res de L&#039;\u00c9quipe qu&#039;elle avait \u00e9t\u00e9 rattrap\u00e9e par la pression au moment de conclure.\u00a0\" \/>\n<meta name=\"robots\" content=\"index, follow, max-snippet:-1, max-image-preview:large, max-video-preview:-1\" \/>\n<link rel=\"canonical\" href=\"https:\/\/dicodusport.fr\/blog\/julia-simon-jai-eu-du-mal-a-me-lacher-javais-les-jambes-qui-tremblaient\/\" \/>\n<meta property=\"og:locale\" content=\"fr_FR\" \/>\n<meta property=\"og:type\" content=\"article\" \/>\n<meta property=\"og:title\" content=\"Julia Simon : &quot;J\u2019ai eu du mal \u00e0 me l\u00e2cher, j\u2019avais les jambes qui tremblaient&quot;\" \/>\n<meta property=\"og:description\" content=\"BIATHLON OSLO 2023 - Vainqueur du gros globe de cristal samedi, Julia Simon a confi\u00e9 \u00e0 nos confr\u00e8res de L&#039;\u00c9quipe qu&#039;elle avait \u00e9t\u00e9 rattrap\u00e9e par la pression au moment de conclure.\u00a0\" \/>\n<meta property=\"og:url\" content=\"https:\/\/dicodusport.fr\/blog\/julia-simon-jai-eu-du-mal-a-me-lacher-javais-les-jambes-qui-tremblaient\/\" \/>\n<meta property=\"og:site_name\" content=\"Dicodusport\" \/>\n<meta property=\"article:publisher\" content=\"https:\/\/www.facebook.com\/dicodusport\" \/>\n<meta property=\"article:author\" content=\"https:\/\/www.facebook.com\/dicodusport\" \/>\n<meta property=\"article:published_time\" content=\"2023-03-19T08:29:21+00:00\" \/>\n<meta property=\"article:modified_time\" content=\"2023-03-19T09:23:45+00:00\" \/>\n<meta property=\"og:image\" content=\"https:\/\/dicodusport.fr\/blog\/wp-content\/uploads\/2023\/03\/Julia-Simon-Jai-eu-du-mal-a-me-lacher-javais-les-jambes-qui-tremblaient.png\" \/>\n\t<meta property=\"og:image:width\" content=\"800\" \/>\n\t<meta property=\"og:image:height\" content=\"445\" \/>\n\t<meta property=\"og:image:type\" content=\"image\/png\" \/>\n<meta name=\"author\" content=\"Nicolas Jacquemard\" \/>\n<meta name=\"twitter:card\" content=\"summary_large_image\" \/>\n<meta name=\"twitter:title\" content=\"Julia Simon : &quot;J\u2019ai eu du mal \u00e0 me l\u00e2cher, j\u2019avais les jambes qui tremblaient&quot;\" \/>\n<meta name=\"twitter:creator\" content=\"@https:\/\/twitter.com\/Nico_Jacquemard\" \/>\n<meta name=\"twitter:site\" content=\"@dicodusport\" \/>\n<script type=\"application\/ld+json\" class=\"yoast-schema-graph\">{\"@context\":\"https:\/\/schema.org\",\"@graph\":[{\"@type\":\"NewsArticle\",\"@id\":\"https:\/\/dicodusport.fr\/blog\/julia-simon-jai-eu-du-mal-a-me-lacher-javais-les-jambes-qui-tremblaient\/#article\",\"isPartOf\":{\"@id\":\"https:\/\/dicodusport.fr\/blog\/julia-simon-jai-eu-du-mal-a-me-lacher-javais-les-jambes-qui-tremblaient\/\"},\"author\":{\"name\":\"Nicolas Jacquemard\",\"@id\":\"https:\/\/dicodusport.fr\/blog\/#\/schema\/person\/55dcb50ad410894e431ed812bbb70191\"},\"headline\":\"Julia Simon : \u00ab\u00a0J\u2019ai eu du mal \u00e0 me l\u00e2cher, j\u2019avais les jambes qui tremblaient\u00a0\u00bb\",\"datePublished\":\"2023-03-19T08:29:21+00:00\",\"dateModified\":\"2023-03-19T09:23:45+00:00\",\"mainEntityOfPage\":{\"@id\":\"https:\/\/dicodusport.fr\/blog\/julia-simon-jai-eu-du-mal-a-me-lacher-javais-les-jambes-qui-tremblaient\/\"},\"wordCount\":570,\"commentCount\":0,\"publisher\":{\"@id\":\"https:\/\/dicodusport.fr\/blog\/#organization\"},\"image\":{\"@id\":\"https:\/\/dicodusport.fr\/blog\/julia-simon-jai-eu-du-mal-a-me-lacher-javais-les-jambes-qui-tremblaient\/#primaryimage\"},\"thumbnailUrl\":\"https:\/\/dicodusport.fr\/blog\/wp-content\/uploads\/2023\/03\/Julia-Simon-Jai-eu-du-mal-a-me-lacher-javais-les-jambes-qui-tremblaient.png\",\"keywords\":[\"br\u00e8ve\",\"Julia Simon\",\"Simon\",\"Sprint femmes\"],\"articleSection\":[\"Coupe du monde de biathlon\"],\"inLanguage\":\"fr-FR\",\"potentialAction\":[{\"@type\":\"CommentAction\",\"name\":\"Comment\",\"target\":[\"https:\/\/dicodusport.fr\/blog\/julia-simon-jai-eu-du-mal-a-me-lacher-javais-les-jambes-qui-tremblaient\/#respond\"]}],\"copyrightYear\":\"2023\",\"copyrightHolder\":{\"@id\":\"https:\/\/dicodusport.fr\/blog\/#organization\"}},{\"@type\":\"WebPage\",\"@id\":\"https:\/\/dicodusport.fr\/blog\/julia-simon-jai-eu-du-mal-a-me-lacher-javais-les-jambes-qui-tremblaient\/\",\"url\":\"https:\/\/dicodusport.fr\/blog\/julia-simon-jai-eu-du-mal-a-me-lacher-javais-les-jambes-qui-tremblaient\/\",\"name\":\"Julia Simon : \\\"J\u2019ai eu du mal \u00e0 me l\u00e2cher, j\u2019avais les jambes qui tremblaient\\\"\",\"isPartOf\":{\"@id\":\"https:\/\/dicodusport.fr\/blog\/#website\"},\"primaryImageOfPage\":{\"@id\":\"https:\/\/dicodusport.fr\/blog\/julia-simon-jai-eu-du-mal-a-me-lacher-javais-les-jambes-qui-tremblaient\/#primaryimage\"},\"image\":{\"@id\":\"https:\/\/dicodusport.fr\/blog\/julia-simon-jai-eu-du-mal-a-me-lacher-javais-les-jambes-qui-tremblaient\/#primaryimage\"},\"thumbnailUrl\":\"https:\/\/dicodusport.fr\/blog\/wp-content\/uploads\/2023\/03\/Julia-Simon-Jai-eu-du-mal-a-me-lacher-javais-les-jambes-qui-tremblaient.png\",\"datePublished\":\"2023-03-19T08:29:21+00:00\",\"dateModified\":\"2023-03-19T09:23:45+00:00\",\"description\":\"BIATHLON OSLO 2023 - Vainqueur du gros globe de cristal samedi, Julia Simon a confi\u00e9 \u00e0 nos confr\u00e8res de L'\u00c9quipe qu'elle avait \u00e9t\u00e9 rattrap\u00e9e par la pression au moment de conclure.\u00a0\",\"breadcrumb\":{\"@id\":\"https:\/\/dicodusport.fr\/blog\/julia-simon-jai-eu-du-mal-a-me-lacher-javais-les-jambes-qui-tremblaient\/#breadcrumb\"},\"inLanguage\":\"fr-FR\",\"potentialAction\":[{\"@type\":\"ReadAction\",\"target\":[\"https:\/\/dicodusport.fr\/blog\/julia-simon-jai-eu-du-mal-a-me-lacher-javais-les-jambes-qui-tremblaient\/\"]}]},{\"@type\":\"ImageObject\",\"inLanguage\":\"fr-FR\",\"@id\":\"https:\/\/dicodusport.fr\/blog\/julia-simon-jai-eu-du-mal-a-me-lacher-javais-les-jambes-qui-tremblaient\/#primaryimage\",\"url\":\"https:\/\/dicodusport.fr\/blog\/wp-content\/uploads\/2023\/03\/Julia-Simon-Jai-eu-du-mal-a-me-lacher-javais-les-jambes-qui-tremblaient.png\",\"contentUrl\":\"https:\/\/dicodusport.fr\/blog\/wp-content\/uploads\/2023\/03\/Julia-Simon-Jai-eu-du-mal-a-me-lacher-javais-les-jambes-qui-tremblaient.png\",\"width\":800,\"height\":445},{\"@type\":\"BreadcrumbList\",\"@id\":\"https:\/\/dicodusport.fr\/blog\/julia-simon-jai-eu-du-mal-a-me-lacher-javais-les-jambes-qui-tremblaient\/#breadcrumb\",\"itemListElement\":[{\"@type\":\"ListItem\",\"position\":1,\"name\":\"Accueil\",\"item\":\"https:\/\/dicodusport.fr\/blog\/\"},{\"@type\":\"ListItem\",\"position\":2,\"name\":\"Julia Simon : \u00ab\u00a0J\u2019ai eu du mal \u00e0 me l\u00e2cher, j\u2019avais les jambes qui tremblaient\u00a0\u00bb\"}]},{\"@type\":\"WebSite\",\"@id\":\"https:\/\/dicodusport.fr\/blog\/#website\",\"url\":\"https:\/\/dicodusport.fr\/blog\/\",\"name\":\"Dicodusport\",\"description\":\"L&#039;encyclop\u00e9die de l&#039;actualit\u00e9 sportive\",\"publisher\":{\"@id\":\"https:\/\/dicodusport.fr\/blog\/#organization\"},\"potentialAction\":[{\"@type\":\"SearchAction\",\"target\":{\"@type\":\"EntryPoint\",\"urlTemplate\":\"https:\/\/dicodusport.fr\/blog\/?s={search_term_string}\"},\"query-input\":{\"@type\":\"PropertyValueSpecification\",\"valueRequired\":true,\"valueName\":\"search_term_string\"}}],\"inLanguage\":\"fr-FR\"},{\"@type\":\"NewsMediaOrganization\",\"@id\":\"https:\/\/dicodusport.fr\/blog\/#organization\",\"name\":\"Dicodusport\",\"url\":\"https:\/\/dicodusport.fr\/blog\/\",\"logo\":{\"@type\":\"ImageObject\",\"inLanguage\":\"fr-FR\",\"@id\":\"https:\/\/dicodusport.fr\/blog\/#\/schema\/logo\/image\/\",\"url\":\"https:\/\/dicodusport.fr\/blog\/wp-content\/uploads\/2020\/06\/cropped-LOGO-DICODUSPORT-2020-SANS-FOND-SANS-TEXTE.png\",\"contentUrl\":\"https:\/\/dicodusport.fr\/blog\/wp-content\/uploads\/2020\/06\/cropped-LOGO-DICODUSPORT-2020-SANS-FOND-SANS-TEXTE.png\",\"width\":512,\"height\":512,\"caption\":\"Dicodusport\"},\"image\":{\"@id\":\"https:\/\/dicodusport.fr\/blog\/#\/schema\/logo\/image\/\"},\"sameAs\":[\"https:\/\/www.facebook.com\/dicodusport\",\"https:\/\/x.com\/dicodusport\",\"https:\/\/www.instagram.com\/dicodusport\/\",\"https:\/\/www.youtube.com\/channel\/UC7V2KZ5sd3htJivAbA4ZG3w\"],\"description\":\"Dicodusport est l'encyclop\u00e9die de l'actualit\u00e9 sportive.\",\"email\":\"bonjour@dicodusport.fr\",\"legalName\":\"DICODUSPORT\",\"foundingDate\":\"2018-01-14\",\"vatID\":\"FR71834470973\",\"taxID\":\"83447097300043\",\"numberOfEmployees\":{\"@type\":\"QuantitativeValue\",\"minValue\":\"1\",\"maxValue\":\"10\"}},{\"@type\":\"Person\",\"@id\":\"https:\/\/dicodusport.fr\/blog\/#\/schema\/person\/55dcb50ad410894e431ed812bbb70191\",\"name\":\"Nicolas Jacquemard\",\"image\":{\"@type\":\"ImageObject\",\"inLanguage\":\"fr-FR\",\"@id\":\"https:\/\/dicodusport.fr\/blog\/#\/schema\/person\/image\/\",\"url\":\"https:\/\/dicodusport.fr\/blog\/wp-content\/uploads\/2021\/05\/Nicolas-Jacquemard-150x150.jpeg\",\"contentUrl\":\"https:\/\/dicodusport.fr\/blog\/wp-content\/uploads\/2021\/05\/Nicolas-Jacquemard-150x150.jpeg\",\"caption\":\"Nicolas Jacquemard\"},\"description\":\"Passionn\u00e9 de sport et entrepreneur depuis mes 18 ans, la cr\u00e9ation de Dicodusport m'a sembl\u00e9 \u00e9vidente pour participer \u00e0 la m\u00e9diatisation d'un plus grand nombre de sports. Le chemin est long mais avec une \u00e9quipe des plus motiv\u00e9es et les Jeux Olympiques de Paris 2024 en point de mire, nous y arriverons ! Journaliste dans le monde du sport depuis plus de 5 ans, je traite aussi bien de football, de rugby, de biathlon que de cyclisme.\",\"sameAs\":[\"https:\/\/www.facebook.com\/dicodusport\",\"https:\/\/x.com\/https:\/\/twitter.com\/Nico_Jacquemard\"],\"url\":\"https:\/\/dicodusport.fr\/blog\/author\/dicodusport\/\"}]}<\/script>\n<!-- \/ Yoast SEO Premium plugin. -->","yoast_head_json":{"title":"Julia Simon : \"J\u2019ai eu du mal \u00e0 me l\u00e2cher, j\u2019avais les jambes qui tremblaient\"","description":"BIATHLON OSLO 2023 - Vainqueur du gros globe de cristal samedi, Julia Simon a confi\u00e9 \u00e0 nos confr\u00e8res de L'\u00c9quipe qu'elle avait \u00e9t\u00e9 rattrap\u00e9e par la pression au moment de conclure.\u00a0","robots":{"index":"index","follow":"follow","max-snippet":"max-snippet:-1","max-image-preview":"max-image-preview:large","max-video-preview":"max-video-preview:-1"},"canonical":"https:\/\/dicodusport.fr\/blog\/julia-simon-jai-eu-du-mal-a-me-lacher-javais-les-jambes-qui-tremblaient\/","og_locale":"fr_FR","og_type":"article","og_title":"Julia Simon : \"J\u2019ai eu du mal \u00e0 me l\u00e2cher, j\u2019avais les jambes qui tremblaient\"","og_description":"BIATHLON OSLO 2023 - Vainqueur du gros globe de cristal samedi, Julia Simon a confi\u00e9 \u00e0 nos confr\u00e8res de L'\u00c9quipe qu'elle avait \u00e9t\u00e9 rattrap\u00e9e par la pression au moment de conclure.\u00a0","og_url":"https:\/\/dicodusport.fr\/blog\/julia-simon-jai-eu-du-mal-a-me-lacher-javais-les-jambes-qui-tremblaient\/","og_site_name":"Dicodusport","article_publisher":"https:\/\/www.facebook.com\/dicodusport","article_author":"https:\/\/www.facebook.com\/dicodusport","article_published_time":"2023-03-19T08:29:21+00:00","article_modified_time":"2023-03-19T09:23:45+00:00","og_image":[{"width":800,"height":445,"url":"https:\/\/dicodusport.fr\/blog\/wp-content\/uploads\/2023\/03\/Julia-Simon-Jai-eu-du-mal-a-me-lacher-javais-les-jambes-qui-tremblaient.png","type":"image\/png"}],"author":"Nicolas Jacquemard","twitter_card":"summary_large_image","twitter_title":"Julia Simon : \"J\u2019ai eu du mal \u00e0 me l\u00e2cher, j\u2019avais les jambes qui tremblaient\"","twitter_creator":"@https:\/\/twitter.com\/Nico_Jacquemard","twitter_site":"@dicodusport","schema":{"@context":"https:\/\/schema.org","@graph":[{"@type":"NewsArticle","@id":"https:\/\/dicodusport.fr\/blog\/julia-simon-jai-eu-du-mal-a-me-lacher-javais-les-jambes-qui-tremblaient\/#article","isPartOf":{"@id":"https:\/\/dicodusport.fr\/blog\/julia-simon-jai-eu-du-mal-a-me-lacher-javais-les-jambes-qui-tremblaient\/"},"author":{"name":"Nicolas Jacquemard","@id":"https:\/\/dicodusport.fr\/blog\/#\/schema\/person\/55dcb50ad410894e431ed812bbb70191"},"headline":"Julia Simon : \u00ab\u00a0J\u2019ai eu du mal \u00e0 me l\u00e2cher, j\u2019avais les jambes qui tremblaient\u00a0\u00bb","datePublished":"2023-03-19T08:29:21+00:00","dateModified":"2023-03-19T09:23:45+00:00","mainEntityOfPage":{"@id":"https:\/\/dicodusport.fr\/blog\/julia-simon-jai-eu-du-mal-a-me-lacher-javais-les-jambes-qui-tremblaient\/"},"wordCount":570,"commentCount":0,"publisher":{"@id":"https:\/\/dicodusport.fr\/blog\/#organization"},"image":{"@id":"https:\/\/dicodusport.fr\/blog\/julia-simon-jai-eu-du-mal-a-me-lacher-javais-les-jambes-qui-tremblaient\/#primaryimage"},"thumbnailUrl":"https:\/\/dicodusport.fr\/blog\/wp-content\/uploads\/2023\/03\/Julia-Simon-Jai-eu-du-mal-a-me-lacher-javais-les-jambes-qui-tremblaient.png","keywords":["br\u00e8ve","Julia Simon","Simon","Sprint femmes"],"articleSection":["Coupe du monde de biathlon"],"inLanguage":"fr-FR","potentialAction":[{"@type":"CommentAction","name":"Comment","target":["https:\/\/dicodusport.fr\/blog\/julia-simon-jai-eu-du-mal-a-me-lacher-javais-les-jambes-qui-tremblaient\/#respond"]}],"copyrightYear":"2023","copyrightHolder":{"@id":"https:\/\/dicodusport.fr\/blog\/#organization"}},{"@type":"WebPage","@id":"https:\/\/dicodusport.fr\/blog\/julia-simon-jai-eu-du-mal-a-me-lacher-javais-les-jambes-qui-tremblaient\/","url":"https:\/\/dicodusport.fr\/blog\/julia-simon-jai-eu-du-mal-a-me-lacher-javais-les-jambes-qui-tremblaient\/","name":"Julia Simon : \"J\u2019ai eu du mal \u00e0 me l\u00e2cher, j\u2019avais les jambes qui tremblaient\"","isPartOf":{"@id":"https:\/\/dicodusport.fr\/blog\/#website"},"primaryImageOfPage":{"@id":"https:\/\/dicodusport.fr\/blog\/julia-simon-jai-eu-du-mal-a-me-lacher-javais-les-jambes-qui-tremblaient\/#primaryimage"},"image":{"@id":"https:\/\/dicodusport.fr\/blog\/julia-simon-jai-eu-du-mal-a-me-lacher-javais-les-jambes-qui-tremblaient\/#primaryimage"},"thumbnailUrl":"https:\/\/dicodusport.fr\/blog\/wp-content\/uploads\/2023\/03\/Julia-Simon-Jai-eu-du-mal-a-me-lacher-javais-les-jambes-qui-tremblaient.png","datePublished":"2023-03-19T08:29:21+00:00","dateModified":"2023-03-19T09:23:45+00:00","description":"BIATHLON OSLO 2023 - Vainqueur du gros globe de cristal samedi, Julia Simon a confi\u00e9 \u00e0 nos confr\u00e8res de L'\u00c9quipe qu'elle avait \u00e9t\u00e9 rattrap\u00e9e par la pression au moment de conclure.\u00a0","breadcrumb":{"@id":"https:\/\/dicodusport.fr\/blog\/julia-simon-jai-eu-du-mal-a-me-lacher-javais-les-jambes-qui-tremblaient\/#breadcrumb"},"inLanguage":"fr-FR","potentialAction":[{"@type":"ReadAction","target":["https:\/\/dicodusport.fr\/blog\/julia-simon-jai-eu-du-mal-a-me-lacher-javais-les-jambes-qui-tremblaient\/"]}]},{"@type":"ImageObject","inLanguage":"fr-FR","@id":"https:\/\/dicodusport.fr\/blog\/julia-simon-jai-eu-du-mal-a-me-lacher-javais-les-jambes-qui-tremblaient\/#primaryimage","url":"https:\/\/dicodusport.fr\/blog\/wp-content\/uploads\/2023\/03\/Julia-Simon-Jai-eu-du-mal-a-me-lacher-javais-les-jambes-qui-tremblaient.png","contentUrl":"https:\/\/dicodusport.fr\/blog\/wp-content\/uploads\/2023\/03\/Julia-Simon-Jai-eu-du-mal-a-me-lacher-javais-les-jambes-qui-tremblaient.png","width":800,"height":445},{"@type":"BreadcrumbList","@id":"https:\/\/dicodusport.fr\/blog\/julia-simon-jai-eu-du-mal-a-me-lacher-javais-les-jambes-qui-tremblaient\/#breadcrumb","itemListElement":[{"@type":"ListItem","position":1,"name":"Accueil","item":"https:\/\/dicodusport.fr\/blog\/"},{"@type":"ListItem","position":2,"name":"Julia Simon : \u00ab\u00a0J\u2019ai eu du mal \u00e0 me l\u00e2cher, j\u2019avais les jambes qui tremblaient\u00a0\u00bb"}]},{"@type":"WebSite","@id":"https:\/\/dicodusport.fr\/blog\/#website","url":"https:\/\/dicodusport.fr\/blog\/","name":"Dicodusport","description":"L&#039;encyclop\u00e9die de l&#039;actualit\u00e9 sportive","publisher":{"@id":"https:\/\/dicodusport.fr\/blog\/#organization"},"potentialAction":[{"@type":"SearchAction","target":{"@type":"EntryPoint","urlTemplate":"https:\/\/dicodusport.fr\/blog\/?s={search_term_string}"},"query-input":{"@type":"PropertyValueSpecification","valueRequired":true,"valueName":"search_term_string"}}],"inLanguage":"fr-FR"},{"@type":"NewsMediaOrganization","@id":"https:\/\/dicodusport.fr\/blog\/#organization","name":"Dicodusport","url":"https:\/\/dicodusport.fr\/blog\/","logo":{"@type":"ImageObject","inLanguage":"fr-FR","@id":"https:\/\/dicodusport.fr\/blog\/#\/schema\/logo\/image\/","url":"https:\/\/dicodusport.fr\/blog\/wp-content\/uploads\/2020\/06\/cropped-LOGO-DICODUSPORT-2020-SANS-FOND-SANS-TEXTE.png","contentUrl":"https:\/\/dicodusport.fr\/blog\/wp-content\/uploads\/2020\/06\/cropped-LOGO-DICODUSPORT-2020-SANS-FOND-SANS-TEXTE.png","width":512,"height":512,"caption":"Dicodusport"},"image":{"@id":"https:\/\/dicodusport.fr\/blog\/#\/schema\/logo\/image\/"},"sameAs":["https:\/\/www.facebook.com\/dicodusport","https:\/\/x.com\/dicodusport","https:\/\/www.instagram.com\/dicodusport\/","https:\/\/www.youtube.com\/channel\/UC7V2KZ5sd3htJivAbA4ZG3w"],"description":"Dicodusport est l'encyclop\u00e9die de l'actualit\u00e9 sportive.","email":"bonjour@dicodusport.fr","legalName":"DICODUSPORT","foundingDate":"2018-01-14","vatID":"FR71834470973","taxID":"83447097300043","numberOfEmployees":{"@type":"QuantitativeValue","minValue":"1","maxValue":"10"}},{"@type":"Person","@id":"https:\/\/dicodusport.fr\/blog\/#\/schema\/person\/55dcb50ad410894e431ed812bbb70191","name":"Nicolas Jacquemard","image":{"@type":"ImageObject","inLanguage":"fr-FR","@id":"https:\/\/dicodusport.fr\/blog\/#\/schema\/person\/image\/","url":"https:\/\/dicodusport.fr\/blog\/wp-content\/uploads\/2021\/05\/Nicolas-Jacquemard-150x150.jpeg","contentUrl":"https:\/\/dicodusport.fr\/blog\/wp-content\/uploads\/2021\/05\/Nicolas-Jacquemard-150x150.jpeg","caption":"Nicolas Jacquemard"},"description":"Passionn\u00e9 de sport et entrepreneur depuis mes 18 ans, la cr\u00e9ation de Dicodusport m'a sembl\u00e9 \u00e9vidente pour participer \u00e0 la m\u00e9diatisation d'un plus grand nombre de sports. Le chemin est long mais avec une \u00e9quipe des plus motiv\u00e9es et les Jeux Olympiques de Paris 2024 en point de mire, nous y arriverons ! Journaliste dans le monde du sport depuis plus de 5 ans, je traite aussi bien de football, de rugby, de biathlon que de cyclisme.","sameAs":["https:\/\/www.facebook.com\/dicodusport","https:\/\/x.com\/https:\/\/twitter.com\/Nico_Jacquemard"],"url":"https:\/\/dicodusport.fr\/blog\/author\/dicodusport\/"}]}},"_links":{"self":[{"href":"https:\/\/dicodusport.fr\/blog\/wp-json\/wp\/v2\/posts\/367061","targetHints":{"allow":["GET"]}}],"collection":[{"href":"https:\/\/dicodusport.fr\/blog\/wp-json\/wp\/v2\/posts"}],"about":[{"href":"https:\/\/dicodusport.fr\/blog\/wp-json\/wp\/v2\/types\/post"}],"author":[{"embeddable":true,"href":"https:\/\/dicodusport.fr\/blog\/wp-json\/wp\/v2\/users\/1"}],"replies":[{"embeddable":true,"href":"https:\/\/dicodusport.fr\/blog\/wp-json\/wp\/v2\/comments?post=367061"}],"version-history":[{"count":0,"href":"https:\/\/dicodusport.fr\/blog\/wp-json\/wp\/v2\/posts\/367061\/revisions"}],"wp:featuredmedia":[{"embeddable":true,"href":"https:\/\/dicodusport.fr\/blog\/wp-json\/wp\/v2\/media\/367069"}],"wp:attachment":[{"href":"https:\/\/dicodusport.fr\/blog\/wp-json\/wp\/v2\/media?parent=367061"}],"wp:term":[{"taxonomy":"category","embeddable":true,"href":"https:\/\/dicodusport.fr\/blog\/wp-json\/wp\/v2\/categories?post=367061"},{"taxonomy":"post_tag","embeddable":true,"href":"https:\/\/dicodusport.fr\/blog\/wp-json\/wp\/v2\/tags?post=367061"}],"curies":[{"name":"wp","href":"https:\/\/api.w.org\/{rel}","templated":true}]}}