{"id":367077,"date":"2023-03-19T12:45:51","date_gmt":"2023-03-19T11:45:51","guid":{"rendered":"https:\/\/dicodusport.fr\/blog\/?p=367077&#038;preview=true&#038;preview_id=367077"},"modified":"2023-03-19T16:07:53","modified_gmt":"2023-03-19T15:07:53","slug":"geant-finales-soldeu-mikaela-shiffrin-simpose-en-patronne","status":"publish","type":"post","link":"https:\/\/dicodusport.fr\/blog\/geant-finales-soldeu-mikaela-shiffrin-simpose-en-patronne\/","title":{"rendered":"G\u00e9ant Finales Soldeu : Mikaela Shiffrin s&rsquo;impose en patronne"},"content":{"rendered":"<p style=\"text-align: justify;\"><b><i><a href=\"https:\/\/dicodusport.fr\/blog\/ski-alpin-soldeu-programme-et-resultats-des-finales-de-la-coupe-du-monde\/\">FINALES COUPE DU MONDE SKI ALPIN SOLDEU<\/a> &#8211; Mikaela Shiffrin a remport\u00e9 le g\u00e9ant des finales de Soldeu (Andorre), ce dimanche. Elle a devanc\u00e9 Thea Louise Stjernesund et Val\u00e9rie Grenier. Laur\u00e9ate du petit globe, Shiffrin a sign\u00e9 sa 21e victoire en carri\u00e8re en g\u00e9ant.\u00a0<\/i><\/b><\/p>\n<h2 style=\"text-align: justify;\">La d\u00e9monstration de Mikaela Shiffrin<\/h2>\n<p style=\"text-align: justify;\"><span style=\"font-weight: 400;\">Partie avec le dossard 1, <strong>Mikaela Shiffrin<\/strong> a sign\u00e9 le temps de r\u00e9f\u00e9rence de la premi\u00e8re manche en 56 secondes et 60 centi\u00e8mes avec un ski tout en rel\u00e2chement. Sup\u00e9rieure \u00e0 la concurrence techniquement, l&rsquo;Am\u00e9ricaine a \u00e9galement profit\u00e9 d&rsquo;une piste qui s&rsquo;est rapidement d\u00e9t\u00e9rior\u00e9e avec la douceur du climat. <\/span><\/p>\n<p style=\"text-align: justify;\"><span style=\"font-weight: 400;\">Ensuite, <strong>Val\u00e9rie Grenier<\/strong> est pass\u00e9e tout pr\u00e8s de la faute d&rsquo;int\u00e9rieur sur le haut avant de parfaitement r\u00e9agir sur le reste du parcours. La Canadienne n&rsquo;a perdu que 62 centi\u00e8mes au final avec le deuxi\u00e8me temps. Puis, Marta Bassino s&rsquo;est fait pi\u00e9ger sur le mouvement de terrain au milieu du trac\u00e9 \u00e0 63 centi\u00e8mes devant <strong>Maryna Gasienca-Daniel<\/strong> (4e \u00e0 0.65, avec la meilleure derni\u00e8re portion) et <strong>Thea Louise Stjernesund<\/strong> (5e \u00e0 0.71).\u00a0<\/span><\/p>\n<p style=\"text-align: justify;\"><span style=\"font-weight: 400;\"><strong>Tessa Worley<\/strong> a \u00e9t\u00e9 trop ronde sur le bas malgr\u00e9 un excellent haut. La Bornandine a c\u00e9d\u00e9 1 seconde et 5 centi\u00e8mes avec le septi\u00e8me temps. Pour sa derni\u00e8re course en carri\u00e8re, <strong>Coralie<\/strong> <strong>Frasse-Sombet<\/strong> a trop marqu\u00e9 ses appuis sur la seconde moiti\u00e9 de la piste pour prendre 2 secondes et 18 centi\u00e8mes, 17e chrono. <strong>Sarah Hector, Petra Vlhova<\/strong> et <strong>Federica Brignone<\/strong> n&rsquo;ont pas fini leur manche. Ces trois femmes faisaient partie du Top 7 mondial.\u00a0<\/span><\/p>\n<h2 style=\"text-align: justify;\">La 88\u00e8me victoire de Mikaela Shiffrin<\/h2>\n<p style=\"text-align: justify;\"><span style=\"font-weight: 400;\">Sur une seconde manche avec un rev\u00eatement plus dur gr\u00e2ce aux injections de sel, <strong>Mikaela Shiffrin<\/strong> a presque perdu tout son avantage sur le mur final pour glaner un septi\u00e8me succ\u00e8s dans la discipline cette ann\u00e9e en 1 minute 55 et 58 centi\u00e8mes. Elle a conserv\u00e9 6 petits centi\u00e8mes sur <strong>Thea Louise Stjernesund<\/strong> qui est mont\u00e9 sur le premier podium de sa carri\u00e8re dans la discipline avec un ski tr\u00e8s sobre sur une piste marqu\u00e9e. <strong>Val\u00e9rie Grenier<\/strong> a compl\u00e9t\u00e9 le podium \u00e0 20 centi\u00e8mes devant Lara Gut-Behrami, quatri\u00e8me \u00e0 46 centi\u00e8mes. La Canadienne est parvenue \u00e0 aller sur son second podium de l&rsquo;ann\u00e9e. <strong>Maryna Gasienca-Daniel<\/strong> a encore craqu\u00e9 en deuxi\u00e8me manche.<\/span><\/p>\n<blockquote class=\"twitter-tweet\">\n<p dir=\"ltr\" lang=\"fr\">Mikaela Shiffrin \ud83d\udc51 n&rsquo;est pas immense, elle est g\u00e9ante !<\/p>\n<p>La plus grande skieuse de tous les temps termine la saison avec une 88e victoire \u00e0 Soldeu et marque un peu plus l&rsquo;histoire de son sport&#8230; <a href=\"https:\/\/twitter.com\/hashtag\/ChaletClub?src=hash&amp;ref_src=twsrc%5Etfw\">#ChaletClub<\/a> <a href=\"https:\/\/t.co\/2qiTe55H7t\">pic.twitter.com\/2qiTe55H7t<\/a><\/p>\n<p>\u2014 Eurosport France (@Eurosport_FR) <a href=\"https:\/\/twitter.com\/Eurosport_FR\/status\/1637423547051065344?ref_src=twsrc%5Etfw\">March 19, 2023<\/a><\/p><\/blockquote>\n<p><script async src=\"https:\/\/platform.twitter.com\/widgets.js\" charset=\"utf-8\"><\/script><\/p>\n<p style=\"text-align: justify;\"><span style=\"font-weight: 400;\">Malheureusement, <strong>Tessa Worley<\/strong> a commis trop de fautes au milieu du trac\u00e9 pour descendre au 11e rang \u00e0 1.21, pour sa derni\u00e8re course en Coupe du monde. <a href=\"https:\/\/dicodusport.fr\/blog\/tessa-worley-met-un-terme-a-une-tres-belle-carriere\/\">La skieuse du Grand-Bornand a en effet annonc\u00e9 sa retraite<\/a>. <strong>Coralie Frasse-Sombet<\/strong> a fini \u00e0 2.05 en 16e position.\u00a0<\/span><\/p>\n<h2 style=\"text-align: justify;\">\u00c0 lire aussi<\/h2>\n<ul>\n<li style=\"text-align: justify;\"><a href=\"https:\/\/dicodusport.fr\/blog\/finales-soldeu-2023-classement-geant-femmes\/\"><strong>Le classement complet du G\u00e9ant femmes de Soldeu<\/strong><\/a><\/li>\n<li style=\"text-align: justify;\"><a href=\"https:\/\/dicodusport.fr\/blog\/classement-general-hommes-coupe-du-monde-ski-alpin-2022-2023\/\"><strong>Le classement g\u00e9n\u00e9ral de la Coupe du monde de ski alpin<\/strong><\/a><\/li>\n<li style=\"text-align: justify;\"><a href=\"https:\/\/dicodusport.fr\/blog\/calendrier-et-resultats-coupe-du-monde-ski-alpin-hommes-2022-2023\/\"><strong>Calendrier et r\u00e9sultats de la Coupe du monde de ski alpin<\/strong><\/a><\/li>\n<\/ul>\n","protected":false},"excerpt":{"rendered":"<p>FINALES COUPE DU MONDE SKI ALPIN SOLDEU &#8211; Mikaela Shiffrin a remport\u00e9 le g\u00e9ant des finales de Soldeu (Andorre), ce dimanche. Elle a devanc\u00e9 Thea Louise Stjernesund et Val\u00e9rie Grenier.<\/p>\n","protected":false},"author":48,"featured_media":367166,"comment_status":"open","ping_status":"closed","sticky":false,"template":"","format":"standard","meta":{"_acf_changed":false,"_daextam_enable_autolinks":"","footnotes":""},"categories":[47084],"tags":[16878,2233,30320],"class_list":["post-367077","post","type-post","status-publish","format-standard","has-post-thumbnail","hentry","category-coupe-du-monde-ski-alpin","tag-breve","tag-ski-alpin","tag-ski-alpin-soldeu"],"acf":[],"yoast_head":"<!-- This site is optimized with the Yoast SEO Premium plugin v26.7 (Yoast SEO v26.7) - https:\/\/yoast.com\/wordpress\/plugins\/seo\/ -->\n<title>G\u00e9ant Finales Soldeu : Mikaela Shiffrin s&#039;impose en patronne<\/title>\n<meta name=\"description\" content=\"FINALES COUPE DU MONDE SKI ALPIN SOLDEU - Mikaela Shiffrin a gagn\u00e9 le g\u00e9ant des finales de Soldeu (Andorre).\" \/>\n<meta name=\"robots\" content=\"index, follow, max-snippet:-1, max-image-preview:large, max-video-preview:-1\" \/>\n<link rel=\"canonical\" href=\"https:\/\/dicodusport.fr\/blog\/geant-finales-soldeu-mikaela-shiffrin-simpose-en-patronne\/\" \/>\n<meta property=\"og:locale\" content=\"fr_FR\" \/>\n<meta property=\"og:type\" content=\"article\" \/>\n<meta property=\"og:title\" content=\"G\u00e9ant Finales Soldeu : Mikaela Shiffrin s&#039;impose en patronne\" \/>\n<meta property=\"og:description\" content=\"FINALES COUPE DU MONDE SKI ALPIN SOLDEU - Mikaela Shiffrin a gagn\u00e9 le g\u00e9ant des finales de Soldeu (Andorre).\" \/>\n<meta property=\"og:url\" content=\"https:\/\/dicodusport.fr\/blog\/geant-finales-soldeu-mikaela-shiffrin-simpose-en-patronne\/\" \/>\n<meta property=\"og:site_name\" content=\"Dicodusport\" \/>\n<meta property=\"article:publisher\" content=\"https:\/\/www.facebook.com\/dicodusport\" \/>\n<meta property=\"article:author\" content=\"https:\/\/www.facebook.com\/groups\/LesRoisDuPeloton\" \/>\n<meta property=\"article:published_time\" content=\"2023-03-19T11:45:51+00:00\" \/>\n<meta property=\"article:modified_time\" content=\"2023-03-19T15:07:53+00:00\" \/>\n<meta property=\"og:image\" content=\"https:\/\/dicodusport.fr\/blog\/wp-content\/uploads\/2023\/03\/Geant-Finales-Soldeu-Mikaela-Shiffrin-simpose-en-patronne.png\" \/>\n\t<meta property=\"og:image:width\" content=\"800\" \/>\n\t<meta property=\"og:image:height\" content=\"445\" \/>\n\t<meta property=\"og:image:type\" content=\"image\/png\" \/>\n<meta name=\"author\" content=\"Emilien Descampiaux\" \/>\n<meta name=\"twitter:card\" content=\"summary_large_image\" \/>\n<meta name=\"twitter:title\" content=\"G\u00e9ant Finales Soldeu : Mikaela Shiffrin s&#039;impose en patronne\" \/>\n<meta name=\"twitter:creator\" content=\"@https:\/\/twitter.com\/LRoisDuPeloton\" \/>\n<meta name=\"twitter:site\" content=\"@dicodusport\" \/>\n<script type=\"application\/ld+json\" class=\"yoast-schema-graph\">{\"@context\":\"https:\/\/schema.org\",\"@graph\":[{\"@type\":\"NewsArticle\",\"@id\":\"https:\/\/dicodusport.fr\/blog\/geant-finales-soldeu-mikaela-shiffrin-simpose-en-patronne\/#article\",\"isPartOf\":{\"@id\":\"https:\/\/dicodusport.fr\/blog\/geant-finales-soldeu-mikaela-shiffrin-simpose-en-patronne\/\"},\"author\":{\"name\":\"Emilien Descampiaux\",\"@id\":\"https:\/\/dicodusport.fr\/blog\/#\/schema\/person\/6db4bae06b171592211be385b32876a7\"},\"headline\":\"G\u00e9ant Finales Soldeu : Mikaela Shiffrin s&rsquo;impose en patronne\",\"datePublished\":\"2023-03-19T11:45:51+00:00\",\"dateModified\":\"2023-03-19T15:07:53+00:00\",\"mainEntityOfPage\":{\"@id\":\"https:\/\/dicodusport.fr\/blog\/geant-finales-soldeu-mikaela-shiffrin-simpose-en-patronne\/\"},\"wordCount\":532,\"commentCount\":0,\"publisher\":{\"@id\":\"https:\/\/dicodusport.fr\/blog\/#organization\"},\"image\":{\"@id\":\"https:\/\/dicodusport.fr\/blog\/geant-finales-soldeu-mikaela-shiffrin-simpose-en-patronne\/#primaryimage\"},\"thumbnailUrl\":\"https:\/\/dicodusport.fr\/blog\/wp-content\/uploads\/2023\/03\/Geant-Finales-Soldeu-Mikaela-Shiffrin-simpose-en-patronne.png\",\"keywords\":[\"br\u00e8ve\",\"Ski alpin\",\"Ski alpin Soldeu\"],\"articleSection\":[\"Coupe du monde de ski alpin\"],\"inLanguage\":\"fr-FR\",\"potentialAction\":[{\"@type\":\"CommentAction\",\"name\":\"Comment\",\"target\":[\"https:\/\/dicodusport.fr\/blog\/geant-finales-soldeu-mikaela-shiffrin-simpose-en-patronne\/#respond\"]}],\"copyrightYear\":\"2023\",\"copyrightHolder\":{\"@id\":\"https:\/\/dicodusport.fr\/blog\/#organization\"}},{\"@type\":\"WebPage\",\"@id\":\"https:\/\/dicodusport.fr\/blog\/geant-finales-soldeu-mikaela-shiffrin-simpose-en-patronne\/\",\"url\":\"https:\/\/dicodusport.fr\/blog\/geant-finales-soldeu-mikaela-shiffrin-simpose-en-patronne\/\",\"name\":\"G\u00e9ant Finales Soldeu : Mikaela Shiffrin s'impose en patronne\",\"isPartOf\":{\"@id\":\"https:\/\/dicodusport.fr\/blog\/#website\"},\"primaryImageOfPage\":{\"@id\":\"https:\/\/dicodusport.fr\/blog\/geant-finales-soldeu-mikaela-shiffrin-simpose-en-patronne\/#primaryimage\"},\"image\":{\"@id\":\"https:\/\/dicodusport.fr\/blog\/geant-finales-soldeu-mikaela-shiffrin-simpose-en-patronne\/#primaryimage\"},\"thumbnailUrl\":\"https:\/\/dicodusport.fr\/blog\/wp-content\/uploads\/2023\/03\/Geant-Finales-Soldeu-Mikaela-Shiffrin-simpose-en-patronne.png\",\"datePublished\":\"2023-03-19T11:45:51+00:00\",\"dateModified\":\"2023-03-19T15:07:53+00:00\",\"description\":\"FINALES COUPE DU MONDE SKI ALPIN SOLDEU - Mikaela Shiffrin a gagn\u00e9 le g\u00e9ant des finales de Soldeu (Andorre).\",\"breadcrumb\":{\"@id\":\"https:\/\/dicodusport.fr\/blog\/geant-finales-soldeu-mikaela-shiffrin-simpose-en-patronne\/#breadcrumb\"},\"inLanguage\":\"fr-FR\",\"potentialAction\":[{\"@type\":\"ReadAction\",\"target\":[\"https:\/\/dicodusport.fr\/blog\/geant-finales-soldeu-mikaela-shiffrin-simpose-en-patronne\/\"]}]},{\"@type\":\"ImageObject\",\"inLanguage\":\"fr-FR\",\"@id\":\"https:\/\/dicodusport.fr\/blog\/geant-finales-soldeu-mikaela-shiffrin-simpose-en-patronne\/#primaryimage\",\"url\":\"https:\/\/dicodusport.fr\/blog\/wp-content\/uploads\/2023\/03\/Geant-Finales-Soldeu-Mikaela-Shiffrin-simpose-en-patronne.png\",\"contentUrl\":\"https:\/\/dicodusport.fr\/blog\/wp-content\/uploads\/2023\/03\/Geant-Finales-Soldeu-Mikaela-Shiffrin-simpose-en-patronne.png\",\"width\":800,\"height\":445,\"caption\":\"G\u00e9ant Finales Soldeu Mikaela Shiffrin s'impose en patronne\"},{\"@type\":\"BreadcrumbList\",\"@id\":\"https:\/\/dicodusport.fr\/blog\/geant-finales-soldeu-mikaela-shiffrin-simpose-en-patronne\/#breadcrumb\",\"itemListElement\":[{\"@type\":\"ListItem\",\"position\":1,\"name\":\"Accueil\",\"item\":\"https:\/\/dicodusport.fr\/blog\/\"},{\"@type\":\"ListItem\",\"position\":2,\"name\":\"G\u00e9ant Finales Soldeu : Mikaela Shiffrin s&rsquo;impose en patronne\"}]},{\"@type\":\"WebSite\",\"@id\":\"https:\/\/dicodusport.fr\/blog\/#website\",\"url\":\"https:\/\/dicodusport.fr\/blog\/\",\"name\":\"Dicodusport\",\"description\":\"L&#039;encyclop\u00e9die de l&#039;actualit\u00e9 sportive\",\"publisher\":{\"@id\":\"https:\/\/dicodusport.fr\/blog\/#organization\"},\"potentialAction\":[{\"@type\":\"SearchAction\",\"target\":{\"@type\":\"EntryPoint\",\"urlTemplate\":\"https:\/\/dicodusport.fr\/blog\/?s={search_term_string}\"},\"query-input\":{\"@type\":\"PropertyValueSpecification\",\"valueRequired\":true,\"valueName\":\"search_term_string\"}}],\"inLanguage\":\"fr-FR\"},{\"@type\":\"NewsMediaOrganization\",\"@id\":\"https:\/\/dicodusport.fr\/blog\/#organization\",\"name\":\"Dicodusport\",\"url\":\"https:\/\/dicodusport.fr\/blog\/\",\"logo\":{\"@type\":\"ImageObject\",\"inLanguage\":\"fr-FR\",\"@id\":\"https:\/\/dicodusport.fr\/blog\/#\/schema\/logo\/image\/\",\"url\":\"https:\/\/dicodusport.fr\/blog\/wp-content\/uploads\/2020\/06\/cropped-LOGO-DICODUSPORT-2020-SANS-FOND-SANS-TEXTE.png\",\"contentUrl\":\"https:\/\/dicodusport.fr\/blog\/wp-content\/uploads\/2020\/06\/cropped-LOGO-DICODUSPORT-2020-SANS-FOND-SANS-TEXTE.png\",\"width\":512,\"height\":512,\"caption\":\"Dicodusport\"},\"image\":{\"@id\":\"https:\/\/dicodusport.fr\/blog\/#\/schema\/logo\/image\/\"},\"sameAs\":[\"https:\/\/www.facebook.com\/dicodusport\",\"https:\/\/x.com\/dicodusport\",\"https:\/\/www.instagram.com\/dicodusport\/\",\"https:\/\/www.youtube.com\/channel\/UC7V2KZ5sd3htJivAbA4ZG3w\"],\"description\":\"Dicodusport est l'encyclop\u00e9die de l'actualit\u00e9 sportive.\",\"email\":\"bonjour@dicodusport.fr\",\"legalName\":\"DICODUSPORT\",\"foundingDate\":\"2018-01-14\",\"vatID\":\"FR71834470973\",\"taxID\":\"83447097300043\",\"numberOfEmployees\":{\"@type\":\"QuantitativeValue\",\"minValue\":\"1\",\"maxValue\":\"10\"}},{\"@type\":\"Person\",\"@id\":\"https:\/\/dicodusport.fr\/blog\/#\/schema\/person\/6db4bae06b171592211be385b32876a7\",\"name\":\"Emilien Descampiaux\",\"image\":{\"@type\":\"ImageObject\",\"inLanguage\":\"fr-FR\",\"@id\":\"https:\/\/dicodusport.fr\/blog\/#\/schema\/person\/image\/\",\"url\":\"https:\/\/dicodusport.fr\/blog\/wp-content\/uploads\/2021\/05\/Emilien-Descampiaux-150x150.jpg\",\"contentUrl\":\"https:\/\/dicodusport.fr\/blog\/wp-content\/uploads\/2021\/05\/Emilien-Descampiaux-150x150.jpg\",\"caption\":\"Emilien Descampiaux\"},\"description\":\"Journaliste\/r\u00e9dacteur depuis 2014 - Fan de la classe de Frank Vandenbroucke, je vis cyclisme (et de ses paysages) depuis plus de 20 ans. Je suis tr\u00e8s impliqu\u00e9 sur mes diff\u00e9rents r\u00e9seaux sociaux pour partager ma passion sur le monde et l'Histoire de la bicyclette avec ma voix sur les images en noir et blanc du succ\u00e8s de Rik Van Steenbergen lors du Ronde sur le V\u00e9lodrome de Gand.\",\"sameAs\":[\"https:\/\/www.facebook.com\/groups\/LesRoisDuPeloton\",\"https:\/\/x.com\/https:\/\/twitter.com\/LRoisDuPeloton\"],\"url\":\"https:\/\/dicodusport.fr\/blog\/author\/emiliend\/\"}]}<\/script>\n<!-- \/ Yoast SEO Premium plugin. -->","yoast_head_json":{"title":"G\u00e9ant Finales Soldeu : Mikaela Shiffrin s'impose en patronne","description":"FINALES COUPE DU MONDE SKI ALPIN SOLDEU - Mikaela Shiffrin a gagn\u00e9 le g\u00e9ant des finales de Soldeu (Andorre).","robots":{"index":"index","follow":"follow","max-snippet":"max-snippet:-1","max-image-preview":"max-image-preview:large","max-video-preview":"max-video-preview:-1"},"canonical":"https:\/\/dicodusport.fr\/blog\/geant-finales-soldeu-mikaela-shiffrin-simpose-en-patronne\/","og_locale":"fr_FR","og_type":"article","og_title":"G\u00e9ant Finales Soldeu : Mikaela Shiffrin s'impose en patronne","og_description":"FINALES COUPE DU MONDE SKI ALPIN SOLDEU - Mikaela Shiffrin a gagn\u00e9 le g\u00e9ant des finales de Soldeu (Andorre).","og_url":"https:\/\/dicodusport.fr\/blog\/geant-finales-soldeu-mikaela-shiffrin-simpose-en-patronne\/","og_site_name":"Dicodusport","article_publisher":"https:\/\/www.facebook.com\/dicodusport","article_author":"https:\/\/www.facebook.com\/groups\/LesRoisDuPeloton","article_published_time":"2023-03-19T11:45:51+00:00","article_modified_time":"2023-03-19T15:07:53+00:00","og_image":[{"width":800,"height":445,"url":"https:\/\/dicodusport.fr\/blog\/wp-content\/uploads\/2023\/03\/Geant-Finales-Soldeu-Mikaela-Shiffrin-simpose-en-patronne.png","type":"image\/png"}],"author":"Emilien Descampiaux","twitter_card":"summary_large_image","twitter_title":"G\u00e9ant Finales Soldeu : Mikaela Shiffrin s'impose en patronne","twitter_creator":"@https:\/\/twitter.com\/LRoisDuPeloton","twitter_site":"@dicodusport","schema":{"@context":"https:\/\/schema.org","@graph":[{"@type":"NewsArticle","@id":"https:\/\/dicodusport.fr\/blog\/geant-finales-soldeu-mikaela-shiffrin-simpose-en-patronne\/#article","isPartOf":{"@id":"https:\/\/dicodusport.fr\/blog\/geant-finales-soldeu-mikaela-shiffrin-simpose-en-patronne\/"},"author":{"name":"Emilien Descampiaux","@id":"https:\/\/dicodusport.fr\/blog\/#\/schema\/person\/6db4bae06b171592211be385b32876a7"},"headline":"G\u00e9ant Finales Soldeu : Mikaela Shiffrin s&rsquo;impose en patronne","datePublished":"2023-03-19T11:45:51+00:00","dateModified":"2023-03-19T15:07:53+00:00","mainEntityOfPage":{"@id":"https:\/\/dicodusport.fr\/blog\/geant-finales-soldeu-mikaela-shiffrin-simpose-en-patronne\/"},"wordCount":532,"commentCount":0,"publisher":{"@id":"https:\/\/dicodusport.fr\/blog\/#organization"},"image":{"@id":"https:\/\/dicodusport.fr\/blog\/geant-finales-soldeu-mikaela-shiffrin-simpose-en-patronne\/#primaryimage"},"thumbnailUrl":"https:\/\/dicodusport.fr\/blog\/wp-content\/uploads\/2023\/03\/Geant-Finales-Soldeu-Mikaela-Shiffrin-simpose-en-patronne.png","keywords":["br\u00e8ve","Ski alpin","Ski alpin Soldeu"],"articleSection":["Coupe du monde de ski alpin"],"inLanguage":"fr-FR","potentialAction":[{"@type":"CommentAction","name":"Comment","target":["https:\/\/dicodusport.fr\/blog\/geant-finales-soldeu-mikaela-shiffrin-simpose-en-patronne\/#respond"]}],"copyrightYear":"2023","copyrightHolder":{"@id":"https:\/\/dicodusport.fr\/blog\/#organization"}},{"@type":"WebPage","@id":"https:\/\/dicodusport.fr\/blog\/geant-finales-soldeu-mikaela-shiffrin-simpose-en-patronne\/","url":"https:\/\/dicodusport.fr\/blog\/geant-finales-soldeu-mikaela-shiffrin-simpose-en-patronne\/","name":"G\u00e9ant Finales Soldeu : Mikaela Shiffrin s'impose en patronne","isPartOf":{"@id":"https:\/\/dicodusport.fr\/blog\/#website"},"primaryImageOfPage":{"@id":"https:\/\/dicodusport.fr\/blog\/geant-finales-soldeu-mikaela-shiffrin-simpose-en-patronne\/#primaryimage"},"image":{"@id":"https:\/\/dicodusport.fr\/blog\/geant-finales-soldeu-mikaela-shiffrin-simpose-en-patronne\/#primaryimage"},"thumbnailUrl":"https:\/\/dicodusport.fr\/blog\/wp-content\/uploads\/2023\/03\/Geant-Finales-Soldeu-Mikaela-Shiffrin-simpose-en-patronne.png","datePublished":"2023-03-19T11:45:51+00:00","dateModified":"2023-03-19T15:07:53+00:00","description":"FINALES COUPE DU MONDE SKI ALPIN SOLDEU - Mikaela Shiffrin a gagn\u00e9 le g\u00e9ant des finales de Soldeu (Andorre).","breadcrumb":{"@id":"https:\/\/dicodusport.fr\/blog\/geant-finales-soldeu-mikaela-shiffrin-simpose-en-patronne\/#breadcrumb"},"inLanguage":"fr-FR","potentialAction":[{"@type":"ReadAction","target":["https:\/\/dicodusport.fr\/blog\/geant-finales-soldeu-mikaela-shiffrin-simpose-en-patronne\/"]}]},{"@type":"ImageObject","inLanguage":"fr-FR","@id":"https:\/\/dicodusport.fr\/blog\/geant-finales-soldeu-mikaela-shiffrin-simpose-en-patronne\/#primaryimage","url":"https:\/\/dicodusport.fr\/blog\/wp-content\/uploads\/2023\/03\/Geant-Finales-Soldeu-Mikaela-Shiffrin-simpose-en-patronne.png","contentUrl":"https:\/\/dicodusport.fr\/blog\/wp-content\/uploads\/2023\/03\/Geant-Finales-Soldeu-Mikaela-Shiffrin-simpose-en-patronne.png","width":800,"height":445,"caption":"G\u00e9ant Finales Soldeu Mikaela Shiffrin s'impose en patronne"},{"@type":"BreadcrumbList","@id":"https:\/\/dicodusport.fr\/blog\/geant-finales-soldeu-mikaela-shiffrin-simpose-en-patronne\/#breadcrumb","itemListElement":[{"@type":"ListItem","position":1,"name":"Accueil","item":"https:\/\/dicodusport.fr\/blog\/"},{"@type":"ListItem","position":2,"name":"G\u00e9ant Finales Soldeu : Mikaela Shiffrin s&rsquo;impose en patronne"}]},{"@type":"WebSite","@id":"https:\/\/dicodusport.fr\/blog\/#website","url":"https:\/\/dicodusport.fr\/blog\/","name":"Dicodusport","description":"L&#039;encyclop\u00e9die de l&#039;actualit\u00e9 sportive","publisher":{"@id":"https:\/\/dicodusport.fr\/blog\/#organization"},"potentialAction":[{"@type":"SearchAction","target":{"@type":"EntryPoint","urlTemplate":"https:\/\/dicodusport.fr\/blog\/?s={search_term_string}"},"query-input":{"@type":"PropertyValueSpecification","valueRequired":true,"valueName":"search_term_string"}}],"inLanguage":"fr-FR"},{"@type":"NewsMediaOrganization","@id":"https:\/\/dicodusport.fr\/blog\/#organization","name":"Dicodusport","url":"https:\/\/dicodusport.fr\/blog\/","logo":{"@type":"ImageObject","inLanguage":"fr-FR","@id":"https:\/\/dicodusport.fr\/blog\/#\/schema\/logo\/image\/","url":"https:\/\/dicodusport.fr\/blog\/wp-content\/uploads\/2020\/06\/cropped-LOGO-DICODUSPORT-2020-SANS-FOND-SANS-TEXTE.png","contentUrl":"https:\/\/dicodusport.fr\/blog\/wp-content\/uploads\/2020\/06\/cropped-LOGO-DICODUSPORT-2020-SANS-FOND-SANS-TEXTE.png","width":512,"height":512,"caption":"Dicodusport"},"image":{"@id":"https:\/\/dicodusport.fr\/blog\/#\/schema\/logo\/image\/"},"sameAs":["https:\/\/www.facebook.com\/dicodusport","https:\/\/x.com\/dicodusport","https:\/\/www.instagram.com\/dicodusport\/","https:\/\/www.youtube.com\/channel\/UC7V2KZ5sd3htJivAbA4ZG3w"],"description":"Dicodusport est l'encyclop\u00e9die de l'actualit\u00e9 sportive.","email":"bonjour@dicodusport.fr","legalName":"DICODUSPORT","foundingDate":"2018-01-14","vatID":"FR71834470973","taxID":"83447097300043","numberOfEmployees":{"@type":"QuantitativeValue","minValue":"1","maxValue":"10"}},{"@type":"Person","@id":"https:\/\/dicodusport.fr\/blog\/#\/schema\/person\/6db4bae06b171592211be385b32876a7","name":"Emilien Descampiaux","image":{"@type":"ImageObject","inLanguage":"fr-FR","@id":"https:\/\/dicodusport.fr\/blog\/#\/schema\/person\/image\/","url":"https:\/\/dicodusport.fr\/blog\/wp-content\/uploads\/2021\/05\/Emilien-Descampiaux-150x150.jpg","contentUrl":"https:\/\/dicodusport.fr\/blog\/wp-content\/uploads\/2021\/05\/Emilien-Descampiaux-150x150.jpg","caption":"Emilien Descampiaux"},"description":"Journaliste\/r\u00e9dacteur depuis 2014 - Fan de la classe de Frank Vandenbroucke, je vis cyclisme (et de ses paysages) depuis plus de 20 ans. Je suis tr\u00e8s impliqu\u00e9 sur mes diff\u00e9rents r\u00e9seaux sociaux pour partager ma passion sur le monde et l'Histoire de la bicyclette avec ma voix sur les images en noir et blanc du succ\u00e8s de Rik Van Steenbergen lors du Ronde sur le V\u00e9lodrome de Gand.","sameAs":["https:\/\/www.facebook.com\/groups\/LesRoisDuPeloton","https:\/\/x.com\/https:\/\/twitter.com\/LRoisDuPeloton"],"url":"https:\/\/dicodusport.fr\/blog\/author\/emiliend\/"}]}},"_links":{"self":[{"href":"https:\/\/dicodusport.fr\/blog\/wp-json\/wp\/v2\/posts\/367077","targetHints":{"allow":["GET"]}}],"collection":[{"href":"https:\/\/dicodusport.fr\/blog\/wp-json\/wp\/v2\/posts"}],"about":[{"href":"https:\/\/dicodusport.fr\/blog\/wp-json\/wp\/v2\/types\/post"}],"author":[{"embeddable":true,"href":"https:\/\/dicodusport.fr\/blog\/wp-json\/wp\/v2\/users\/48"}],"replies":[{"embeddable":true,"href":"https:\/\/dicodusport.fr\/blog\/wp-json\/wp\/v2\/comments?post=367077"}],"version-history":[{"count":0,"href":"https:\/\/dicodusport.fr\/blog\/wp-json\/wp\/v2\/posts\/367077\/revisions"}],"wp:featuredmedia":[{"embeddable":true,"href":"https:\/\/dicodusport.fr\/blog\/wp-json\/wp\/v2\/media\/367166"}],"wp:attachment":[{"href":"https:\/\/dicodusport.fr\/blog\/wp-json\/wp\/v2\/media?parent=367077"}],"wp:term":[{"taxonomy":"category","embeddable":true,"href":"https:\/\/dicodusport.fr\/blog\/wp-json\/wp\/v2\/categories?post=367077"},{"taxonomy":"post_tag","embeddable":true,"href":"https:\/\/dicodusport.fr\/blog\/wp-json\/wp\/v2\/tags?post=367077"}],"curies":[{"name":"wp","href":"https:\/\/api.w.org\/{rel}","templated":true}]}}