{"id":367174,"date":"2023-03-19T13:04:32","date_gmt":"2023-03-19T12:04:32","guid":{"rendered":"https:\/\/dicodusport.fr\/blog\/?p=367174&#038;preview=true&#038;preview_id=367174"},"modified":"2023-03-19T16:04:53","modified_gmt":"2023-03-19T15:04:53","slug":"tessa-worley-met-un-terme-a-une-tres-belle-carriere","status":"publish","type":"post","link":"https:\/\/dicodusport.fr\/blog\/tessa-worley-met-un-terme-a-une-tres-belle-carriere\/","title":{"rendered":"Tessa Worley met un terme \u00e0 une tr\u00e8s belle carri\u00e8re"},"content":{"rendered":"<p style=\"text-align: justify;\" align=\"justify\"><em><strong>SKI ALPIN &#8211; Tessa Worley a annonc\u00e9 \u00e0 l&rsquo;issue du dernier g\u00e9ant de la saison des finales de Soldeu (Andorre), qu&rsquo;elle mettait un terme \u00e0 sa carri\u00e8re sportive.\u00a0<\/strong><\/em><\/p>\n<p style=\"text-align: justify;\" align=\"justify\">\u00c0 33 ans, <strong>Tessa<\/strong> <strong>Worley<\/strong> a d\u00e9cid\u00e9 de raccrocher les skis au terme de la saison 2022-2023. La <strong>Fran\u00e7aise<\/strong> aura d\u00e9croch\u00e9 pas moins de quatre titres de championne du monde au cours de sa carri\u00e8re, deux en g\u00e9ant (2013 \u00e0 Schladming et 2017 \u00e0 Saint-Moritz) et autant sur le Team Event (2011 \u00e0 Garmisch et 2017 \u00e0 Saint-Moritz). <strong>Tessa<\/strong> <strong>Worley<\/strong> a \u00e9galement glan\u00e9 \u00e0 deux reprises le globe de cristal du g\u00e9ant, en 2017 et <a href=\"https:\/\/dicodusport.fr\/blog\/finales-ski-alpin-petit-globe-geant-worley-victoire-brignone-meribel\/\">le second en 2022<\/a>, ce \u00e0 quoi il faut ajouter des deuxi\u00e8mes places en 2011 et 2018.<\/p>\n<p style=\"text-align: justify;\" align=\"justify\">Sa meilleure place au classement g\u00e9n\u00e9ral de la Coupe du monde, elle l&rsquo;a obtenue en 2016-2017 avec une sixi\u00e8me place. Au total, la <strong>Tricolore<\/strong> aura remport\u00e9 seize courses en <strong>Coupe du monde<\/strong>, toutes en g\u00e9ant, entre 2008-2009 \u00e0 Aspen et 2021-2022 \u00e0 Lenzerheide. La skieuse du Grand Bornand sera mont\u00e9e \u00e0 36 reprises sur la bo\u00eete sur le circuit.<\/p>\n<blockquote class=\"twitter-tweet\">\n<p dir=\"ltr\" lang=\"fr\">UNE REINE TIRE SA R\u00c9V\u00c9RENCE \ud83d\udc51<\/p>\n<p>Merci pour tout Tessa Worley \ud83d\ude4f\ud83c\uddeb\ud83c\uddf7<br \/>\n2\u20e3 globes de cristal en G\u00e9ant<br \/>\n3\u20e3 titres de championne du monde<br \/>\n2\u20e3 m\u00e9dailles de bronze aux Mondiaux<br \/>\n3\u20e36\u20e3 podiums en Coupe du Monde dont 16 victoires !<\/p>\n<p>\ud83d\udcf8 Agence Zoom <a href=\"https:\/\/t.co\/NQXomzdcaB\">pic.twitter.com\/NQXomzdcaB<\/a><\/p>\n<p>\u2014 FFS &#8211; F\u00e9d\u00e9ration Fran\u00e7aise de Ski (@FedFranceSki) <a href=\"https:\/\/twitter.com\/FedFranceSki\/status\/1637423431615410176?ref_src=twsrc%5Etfw\">March 19, 2023<\/a><\/p><\/blockquote>\n<p style=\"text-align: justify;\"><script async src=\"https:\/\/platform.twitter.com\/widgets.js\" charset=\"utf-8\"><\/script><\/p>\n","protected":false},"excerpt":{"rendered":"<p>SKI ALPIN &#8211; Tessa Worley a annonc\u00e9 \u00e0 l&rsquo;issue du dernier g\u00e9ant de la saison qu&rsquo;elle mettait un terme \u00e0 sa carri\u00e8re sportive.\u00a0<\/p>\n","protected":false},"author":1,"featured_media":367176,"comment_status":"open","ping_status":"closed","sticky":false,"template":"","format":"standard","meta":{"_acf_changed":false,"_daextam_enable_autolinks":"","footnotes":""},"categories":[9217],"tags":[16878,676,2232],"class_list":["post-367174","post","type-post","status-publish","format-standard","has-post-thumbnail","hentry","category-ski","tag-breve","tag-ski","tag-tessa-worley"],"acf":[],"yoast_head":"<!-- This site is optimized with the Yoast SEO Premium plugin v26.7 (Yoast SEO v26.7) - https:\/\/yoast.com\/wordpress\/plugins\/seo\/ -->\n<title>Tessa Worley met un terme \u00e0 une tr\u00e8s belle carri\u00e8re<\/title>\n<meta name=\"description\" content=\"SKI ALPIN - Tessa Worley a annonc\u00e9 \u00e0 l&#039;issue du dernier g\u00e9ant de la saison qu&#039;elle mettait un terme \u00e0 sa carri\u00e8re sportive.\u00a0\" \/>\n<meta name=\"robots\" content=\"index, follow, max-snippet:-1, max-image-preview:large, max-video-preview:-1\" \/>\n<link rel=\"canonical\" href=\"https:\/\/dicodusport.fr\/blog\/tessa-worley-met-un-terme-a-une-tres-belle-carriere\/\" \/>\n<meta property=\"og:locale\" content=\"fr_FR\" \/>\n<meta property=\"og:type\" content=\"article\" \/>\n<meta property=\"og:title\" content=\"Tessa Worley met un terme \u00e0 une tr\u00e8s belle carri\u00e8re\" \/>\n<meta property=\"og:description\" content=\"SKI ALPIN - Tessa Worley a annonc\u00e9 \u00e0 l&#039;issue du dernier g\u00e9ant de la saison qu&#039;elle mettait un terme \u00e0 sa carri\u00e8re sportive.\u00a0\" \/>\n<meta property=\"og:url\" content=\"https:\/\/dicodusport.fr\/blog\/tessa-worley-met-un-terme-a-une-tres-belle-carriere\/\" \/>\n<meta property=\"og:site_name\" content=\"Dicodusport\" \/>\n<meta property=\"article:publisher\" content=\"https:\/\/www.facebook.com\/dicodusport\" \/>\n<meta property=\"article:author\" content=\"https:\/\/www.facebook.com\/dicodusport\" \/>\n<meta property=\"article:published_time\" content=\"2023-03-19T12:04:32+00:00\" \/>\n<meta property=\"article:modified_time\" content=\"2023-03-19T15:04:53+00:00\" \/>\n<meta property=\"og:image\" content=\"https:\/\/dicodusport.fr\/blog\/wp-content\/uploads\/2023\/03\/Tessa-Worley-met-un-terme-a-une-tres-belle-carriere.png\" \/>\n\t<meta property=\"og:image:width\" content=\"800\" \/>\n\t<meta property=\"og:image:height\" content=\"445\" \/>\n\t<meta property=\"og:image:type\" content=\"image\/png\" \/>\n<meta name=\"author\" content=\"Nicolas Jacquemard\" \/>\n<meta name=\"twitter:card\" content=\"summary_large_image\" \/>\n<meta name=\"twitter:title\" content=\"Tessa Worley met un terme \u00e0 une tr\u00e8s belle carri\u00e8re\" \/>\n<meta name=\"twitter:creator\" content=\"@https:\/\/twitter.com\/Nico_Jacquemard\" \/>\n<meta name=\"twitter:site\" content=\"@dicodusport\" \/>\n<script type=\"application\/ld+json\" class=\"yoast-schema-graph\">{\"@context\":\"https:\/\/schema.org\",\"@graph\":[{\"@type\":\"NewsArticle\",\"@id\":\"https:\/\/dicodusport.fr\/blog\/tessa-worley-met-un-terme-a-une-tres-belle-carriere\/#article\",\"isPartOf\":{\"@id\":\"https:\/\/dicodusport.fr\/blog\/tessa-worley-met-un-terme-a-une-tres-belle-carriere\/\"},\"author\":{\"name\":\"Nicolas Jacquemard\",\"@id\":\"https:\/\/dicodusport.fr\/blog\/#\/schema\/person\/55dcb50ad410894e431ed812bbb70191\"},\"headline\":\"Tessa Worley met un terme \u00e0 une tr\u00e8s belle carri\u00e8re\",\"datePublished\":\"2023-03-19T12:04:32+00:00\",\"dateModified\":\"2023-03-19T15:04:53+00:00\",\"mainEntityOfPage\":{\"@id\":\"https:\/\/dicodusport.fr\/blog\/tessa-worley-met-un-terme-a-une-tres-belle-carriere\/\"},\"wordCount\":239,\"commentCount\":0,\"publisher\":{\"@id\":\"https:\/\/dicodusport.fr\/blog\/#organization\"},\"image\":{\"@id\":\"https:\/\/dicodusport.fr\/blog\/tessa-worley-met-un-terme-a-une-tres-belle-carriere\/#primaryimage\"},\"thumbnailUrl\":\"https:\/\/dicodusport.fr\/blog\/wp-content\/uploads\/2023\/03\/Tessa-Worley-met-un-terme-a-une-tres-belle-carriere.png\",\"keywords\":[\"br\u00e8ve\",\"ski\",\"Tessa Worley\"],\"articleSection\":[\"Ski\"],\"inLanguage\":\"fr-FR\",\"potentialAction\":[{\"@type\":\"CommentAction\",\"name\":\"Comment\",\"target\":[\"https:\/\/dicodusport.fr\/blog\/tessa-worley-met-un-terme-a-une-tres-belle-carriere\/#respond\"]}],\"copyrightYear\":\"2023\",\"copyrightHolder\":{\"@id\":\"https:\/\/dicodusport.fr\/blog\/#organization\"}},{\"@type\":\"WebPage\",\"@id\":\"https:\/\/dicodusport.fr\/blog\/tessa-worley-met-un-terme-a-une-tres-belle-carriere\/\",\"url\":\"https:\/\/dicodusport.fr\/blog\/tessa-worley-met-un-terme-a-une-tres-belle-carriere\/\",\"name\":\"Tessa Worley met un terme \u00e0 une tr\u00e8s belle carri\u00e8re\",\"isPartOf\":{\"@id\":\"https:\/\/dicodusport.fr\/blog\/#website\"},\"primaryImageOfPage\":{\"@id\":\"https:\/\/dicodusport.fr\/blog\/tessa-worley-met-un-terme-a-une-tres-belle-carriere\/#primaryimage\"},\"image\":{\"@id\":\"https:\/\/dicodusport.fr\/blog\/tessa-worley-met-un-terme-a-une-tres-belle-carriere\/#primaryimage\"},\"thumbnailUrl\":\"https:\/\/dicodusport.fr\/blog\/wp-content\/uploads\/2023\/03\/Tessa-Worley-met-un-terme-a-une-tres-belle-carriere.png\",\"datePublished\":\"2023-03-19T12:04:32+00:00\",\"dateModified\":\"2023-03-19T15:04:53+00:00\",\"description\":\"SKI ALPIN - Tessa Worley a annonc\u00e9 \u00e0 l'issue du dernier g\u00e9ant de la saison qu'elle mettait un terme \u00e0 sa carri\u00e8re sportive.\u00a0\",\"breadcrumb\":{\"@id\":\"https:\/\/dicodusport.fr\/blog\/tessa-worley-met-un-terme-a-une-tres-belle-carriere\/#breadcrumb\"},\"inLanguage\":\"fr-FR\",\"potentialAction\":[{\"@type\":\"ReadAction\",\"target\":[\"https:\/\/dicodusport.fr\/blog\/tessa-worley-met-un-terme-a-une-tres-belle-carriere\/\"]}]},{\"@type\":\"ImageObject\",\"inLanguage\":\"fr-FR\",\"@id\":\"https:\/\/dicodusport.fr\/blog\/tessa-worley-met-un-terme-a-une-tres-belle-carriere\/#primaryimage\",\"url\":\"https:\/\/dicodusport.fr\/blog\/wp-content\/uploads\/2023\/03\/Tessa-Worley-met-un-terme-a-une-tres-belle-carriere.png\",\"contentUrl\":\"https:\/\/dicodusport.fr\/blog\/wp-content\/uploads\/2023\/03\/Tessa-Worley-met-un-terme-a-une-tres-belle-carriere.png\",\"width\":800,\"height\":445},{\"@type\":\"BreadcrumbList\",\"@id\":\"https:\/\/dicodusport.fr\/blog\/tessa-worley-met-un-terme-a-une-tres-belle-carriere\/#breadcrumb\",\"itemListElement\":[{\"@type\":\"ListItem\",\"position\":1,\"name\":\"Accueil\",\"item\":\"https:\/\/dicodusport.fr\/blog\/\"},{\"@type\":\"ListItem\",\"position\":2,\"name\":\"Tessa Worley met un terme \u00e0 une tr\u00e8s belle carri\u00e8re\"}]},{\"@type\":\"WebSite\",\"@id\":\"https:\/\/dicodusport.fr\/blog\/#website\",\"url\":\"https:\/\/dicodusport.fr\/blog\/\",\"name\":\"Dicodusport\",\"description\":\"L&#039;encyclop\u00e9die de l&#039;actualit\u00e9 sportive\",\"publisher\":{\"@id\":\"https:\/\/dicodusport.fr\/blog\/#organization\"},\"potentialAction\":[{\"@type\":\"SearchAction\",\"target\":{\"@type\":\"EntryPoint\",\"urlTemplate\":\"https:\/\/dicodusport.fr\/blog\/?s={search_term_string}\"},\"query-input\":{\"@type\":\"PropertyValueSpecification\",\"valueRequired\":true,\"valueName\":\"search_term_string\"}}],\"inLanguage\":\"fr-FR\"},{\"@type\":\"NewsMediaOrganization\",\"@id\":\"https:\/\/dicodusport.fr\/blog\/#organization\",\"name\":\"Dicodusport\",\"url\":\"https:\/\/dicodusport.fr\/blog\/\",\"logo\":{\"@type\":\"ImageObject\",\"inLanguage\":\"fr-FR\",\"@id\":\"https:\/\/dicodusport.fr\/blog\/#\/schema\/logo\/image\/\",\"url\":\"https:\/\/dicodusport.fr\/blog\/wp-content\/uploads\/2020\/06\/cropped-LOGO-DICODUSPORT-2020-SANS-FOND-SANS-TEXTE.png\",\"contentUrl\":\"https:\/\/dicodusport.fr\/blog\/wp-content\/uploads\/2020\/06\/cropped-LOGO-DICODUSPORT-2020-SANS-FOND-SANS-TEXTE.png\",\"width\":512,\"height\":512,\"caption\":\"Dicodusport\"},\"image\":{\"@id\":\"https:\/\/dicodusport.fr\/blog\/#\/schema\/logo\/image\/\"},\"sameAs\":[\"https:\/\/www.facebook.com\/dicodusport\",\"https:\/\/x.com\/dicodusport\",\"https:\/\/www.instagram.com\/dicodusport\/\",\"https:\/\/www.youtube.com\/channel\/UC7V2KZ5sd3htJivAbA4ZG3w\"],\"description\":\"Dicodusport est l'encyclop\u00e9die de l'actualit\u00e9 sportive.\",\"email\":\"bonjour@dicodusport.fr\",\"legalName\":\"DICODUSPORT\",\"foundingDate\":\"2018-01-14\",\"vatID\":\"FR71834470973\",\"taxID\":\"83447097300043\",\"numberOfEmployees\":{\"@type\":\"QuantitativeValue\",\"minValue\":\"1\",\"maxValue\":\"10\"}},{\"@type\":\"Person\",\"@id\":\"https:\/\/dicodusport.fr\/blog\/#\/schema\/person\/55dcb50ad410894e431ed812bbb70191\",\"name\":\"Nicolas Jacquemard\",\"image\":{\"@type\":\"ImageObject\",\"inLanguage\":\"fr-FR\",\"@id\":\"https:\/\/dicodusport.fr\/blog\/#\/schema\/person\/image\/\",\"url\":\"https:\/\/dicodusport.fr\/blog\/wp-content\/uploads\/2021\/05\/Nicolas-Jacquemard-150x150.jpeg\",\"contentUrl\":\"https:\/\/dicodusport.fr\/blog\/wp-content\/uploads\/2021\/05\/Nicolas-Jacquemard-150x150.jpeg\",\"caption\":\"Nicolas Jacquemard\"},\"description\":\"Passionn\u00e9 de sport et entrepreneur depuis mes 18 ans, la cr\u00e9ation de Dicodusport m'a sembl\u00e9 \u00e9vidente pour participer \u00e0 la m\u00e9diatisation d'un plus grand nombre de sports. Le chemin est long mais avec une \u00e9quipe des plus motiv\u00e9es et les Jeux Olympiques de Paris 2024 en point de mire, nous y arriverons ! Journaliste dans le monde du sport depuis plus de 5 ans, je traite aussi bien de football, de rugby, de biathlon que de cyclisme.\",\"sameAs\":[\"https:\/\/www.facebook.com\/dicodusport\",\"https:\/\/x.com\/https:\/\/twitter.com\/Nico_Jacquemard\"],\"url\":\"https:\/\/dicodusport.fr\/blog\/author\/dicodusport\/\"}]}<\/script>\n<!-- \/ Yoast SEO Premium plugin. -->","yoast_head_json":{"title":"Tessa Worley met un terme \u00e0 une tr\u00e8s belle carri\u00e8re","description":"SKI ALPIN - Tessa Worley a annonc\u00e9 \u00e0 l'issue du dernier g\u00e9ant de la saison qu'elle mettait un terme \u00e0 sa carri\u00e8re sportive.\u00a0","robots":{"index":"index","follow":"follow","max-snippet":"max-snippet:-1","max-image-preview":"max-image-preview:large","max-video-preview":"max-video-preview:-1"},"canonical":"https:\/\/dicodusport.fr\/blog\/tessa-worley-met-un-terme-a-une-tres-belle-carriere\/","og_locale":"fr_FR","og_type":"article","og_title":"Tessa Worley met un terme \u00e0 une tr\u00e8s belle carri\u00e8re","og_description":"SKI ALPIN - Tessa Worley a annonc\u00e9 \u00e0 l'issue du dernier g\u00e9ant de la saison qu'elle mettait un terme \u00e0 sa carri\u00e8re sportive.\u00a0","og_url":"https:\/\/dicodusport.fr\/blog\/tessa-worley-met-un-terme-a-une-tres-belle-carriere\/","og_site_name":"Dicodusport","article_publisher":"https:\/\/www.facebook.com\/dicodusport","article_author":"https:\/\/www.facebook.com\/dicodusport","article_published_time":"2023-03-19T12:04:32+00:00","article_modified_time":"2023-03-19T15:04:53+00:00","og_image":[{"width":800,"height":445,"url":"https:\/\/dicodusport.fr\/blog\/wp-content\/uploads\/2023\/03\/Tessa-Worley-met-un-terme-a-une-tres-belle-carriere.png","type":"image\/png"}],"author":"Nicolas Jacquemard","twitter_card":"summary_large_image","twitter_title":"Tessa Worley met un terme \u00e0 une tr\u00e8s belle carri\u00e8re","twitter_creator":"@https:\/\/twitter.com\/Nico_Jacquemard","twitter_site":"@dicodusport","schema":{"@context":"https:\/\/schema.org","@graph":[{"@type":"NewsArticle","@id":"https:\/\/dicodusport.fr\/blog\/tessa-worley-met-un-terme-a-une-tres-belle-carriere\/#article","isPartOf":{"@id":"https:\/\/dicodusport.fr\/blog\/tessa-worley-met-un-terme-a-une-tres-belle-carriere\/"},"author":{"name":"Nicolas Jacquemard","@id":"https:\/\/dicodusport.fr\/blog\/#\/schema\/person\/55dcb50ad410894e431ed812bbb70191"},"headline":"Tessa Worley met un terme \u00e0 une tr\u00e8s belle carri\u00e8re","datePublished":"2023-03-19T12:04:32+00:00","dateModified":"2023-03-19T15:04:53+00:00","mainEntityOfPage":{"@id":"https:\/\/dicodusport.fr\/blog\/tessa-worley-met-un-terme-a-une-tres-belle-carriere\/"},"wordCount":239,"commentCount":0,"publisher":{"@id":"https:\/\/dicodusport.fr\/blog\/#organization"},"image":{"@id":"https:\/\/dicodusport.fr\/blog\/tessa-worley-met-un-terme-a-une-tres-belle-carriere\/#primaryimage"},"thumbnailUrl":"https:\/\/dicodusport.fr\/blog\/wp-content\/uploads\/2023\/03\/Tessa-Worley-met-un-terme-a-une-tres-belle-carriere.png","keywords":["br\u00e8ve","ski","Tessa Worley"],"articleSection":["Ski"],"inLanguage":"fr-FR","potentialAction":[{"@type":"CommentAction","name":"Comment","target":["https:\/\/dicodusport.fr\/blog\/tessa-worley-met-un-terme-a-une-tres-belle-carriere\/#respond"]}],"copyrightYear":"2023","copyrightHolder":{"@id":"https:\/\/dicodusport.fr\/blog\/#organization"}},{"@type":"WebPage","@id":"https:\/\/dicodusport.fr\/blog\/tessa-worley-met-un-terme-a-une-tres-belle-carriere\/","url":"https:\/\/dicodusport.fr\/blog\/tessa-worley-met-un-terme-a-une-tres-belle-carriere\/","name":"Tessa Worley met un terme \u00e0 une tr\u00e8s belle carri\u00e8re","isPartOf":{"@id":"https:\/\/dicodusport.fr\/blog\/#website"},"primaryImageOfPage":{"@id":"https:\/\/dicodusport.fr\/blog\/tessa-worley-met-un-terme-a-une-tres-belle-carriere\/#primaryimage"},"image":{"@id":"https:\/\/dicodusport.fr\/blog\/tessa-worley-met-un-terme-a-une-tres-belle-carriere\/#primaryimage"},"thumbnailUrl":"https:\/\/dicodusport.fr\/blog\/wp-content\/uploads\/2023\/03\/Tessa-Worley-met-un-terme-a-une-tres-belle-carriere.png","datePublished":"2023-03-19T12:04:32+00:00","dateModified":"2023-03-19T15:04:53+00:00","description":"SKI ALPIN - Tessa Worley a annonc\u00e9 \u00e0 l'issue du dernier g\u00e9ant de la saison qu'elle mettait un terme \u00e0 sa carri\u00e8re sportive.\u00a0","breadcrumb":{"@id":"https:\/\/dicodusport.fr\/blog\/tessa-worley-met-un-terme-a-une-tres-belle-carriere\/#breadcrumb"},"inLanguage":"fr-FR","potentialAction":[{"@type":"ReadAction","target":["https:\/\/dicodusport.fr\/blog\/tessa-worley-met-un-terme-a-une-tres-belle-carriere\/"]}]},{"@type":"ImageObject","inLanguage":"fr-FR","@id":"https:\/\/dicodusport.fr\/blog\/tessa-worley-met-un-terme-a-une-tres-belle-carriere\/#primaryimage","url":"https:\/\/dicodusport.fr\/blog\/wp-content\/uploads\/2023\/03\/Tessa-Worley-met-un-terme-a-une-tres-belle-carriere.png","contentUrl":"https:\/\/dicodusport.fr\/blog\/wp-content\/uploads\/2023\/03\/Tessa-Worley-met-un-terme-a-une-tres-belle-carriere.png","width":800,"height":445},{"@type":"BreadcrumbList","@id":"https:\/\/dicodusport.fr\/blog\/tessa-worley-met-un-terme-a-une-tres-belle-carriere\/#breadcrumb","itemListElement":[{"@type":"ListItem","position":1,"name":"Accueil","item":"https:\/\/dicodusport.fr\/blog\/"},{"@type":"ListItem","position":2,"name":"Tessa Worley met un terme \u00e0 une tr\u00e8s belle carri\u00e8re"}]},{"@type":"WebSite","@id":"https:\/\/dicodusport.fr\/blog\/#website","url":"https:\/\/dicodusport.fr\/blog\/","name":"Dicodusport","description":"L&#039;encyclop\u00e9die de l&#039;actualit\u00e9 sportive","publisher":{"@id":"https:\/\/dicodusport.fr\/blog\/#organization"},"potentialAction":[{"@type":"SearchAction","target":{"@type":"EntryPoint","urlTemplate":"https:\/\/dicodusport.fr\/blog\/?s={search_term_string}"},"query-input":{"@type":"PropertyValueSpecification","valueRequired":true,"valueName":"search_term_string"}}],"inLanguage":"fr-FR"},{"@type":"NewsMediaOrganization","@id":"https:\/\/dicodusport.fr\/blog\/#organization","name":"Dicodusport","url":"https:\/\/dicodusport.fr\/blog\/","logo":{"@type":"ImageObject","inLanguage":"fr-FR","@id":"https:\/\/dicodusport.fr\/blog\/#\/schema\/logo\/image\/","url":"https:\/\/dicodusport.fr\/blog\/wp-content\/uploads\/2020\/06\/cropped-LOGO-DICODUSPORT-2020-SANS-FOND-SANS-TEXTE.png","contentUrl":"https:\/\/dicodusport.fr\/blog\/wp-content\/uploads\/2020\/06\/cropped-LOGO-DICODUSPORT-2020-SANS-FOND-SANS-TEXTE.png","width":512,"height":512,"caption":"Dicodusport"},"image":{"@id":"https:\/\/dicodusport.fr\/blog\/#\/schema\/logo\/image\/"},"sameAs":["https:\/\/www.facebook.com\/dicodusport","https:\/\/x.com\/dicodusport","https:\/\/www.instagram.com\/dicodusport\/","https:\/\/www.youtube.com\/channel\/UC7V2KZ5sd3htJivAbA4ZG3w"],"description":"Dicodusport est l'encyclop\u00e9die de l'actualit\u00e9 sportive.","email":"bonjour@dicodusport.fr","legalName":"DICODUSPORT","foundingDate":"2018-01-14","vatID":"FR71834470973","taxID":"83447097300043","numberOfEmployees":{"@type":"QuantitativeValue","minValue":"1","maxValue":"10"}},{"@type":"Person","@id":"https:\/\/dicodusport.fr\/blog\/#\/schema\/person\/55dcb50ad410894e431ed812bbb70191","name":"Nicolas Jacquemard","image":{"@type":"ImageObject","inLanguage":"fr-FR","@id":"https:\/\/dicodusport.fr\/blog\/#\/schema\/person\/image\/","url":"https:\/\/dicodusport.fr\/blog\/wp-content\/uploads\/2021\/05\/Nicolas-Jacquemard-150x150.jpeg","contentUrl":"https:\/\/dicodusport.fr\/blog\/wp-content\/uploads\/2021\/05\/Nicolas-Jacquemard-150x150.jpeg","caption":"Nicolas Jacquemard"},"description":"Passionn\u00e9 de sport et entrepreneur depuis mes 18 ans, la cr\u00e9ation de Dicodusport m'a sembl\u00e9 \u00e9vidente pour participer \u00e0 la m\u00e9diatisation d'un plus grand nombre de sports. Le chemin est long mais avec une \u00e9quipe des plus motiv\u00e9es et les Jeux Olympiques de Paris 2024 en point de mire, nous y arriverons ! Journaliste dans le monde du sport depuis plus de 5 ans, je traite aussi bien de football, de rugby, de biathlon que de cyclisme.","sameAs":["https:\/\/www.facebook.com\/dicodusport","https:\/\/x.com\/https:\/\/twitter.com\/Nico_Jacquemard"],"url":"https:\/\/dicodusport.fr\/blog\/author\/dicodusport\/"}]}},"_links":{"self":[{"href":"https:\/\/dicodusport.fr\/blog\/wp-json\/wp\/v2\/posts\/367174","targetHints":{"allow":["GET"]}}],"collection":[{"href":"https:\/\/dicodusport.fr\/blog\/wp-json\/wp\/v2\/posts"}],"about":[{"href":"https:\/\/dicodusport.fr\/blog\/wp-json\/wp\/v2\/types\/post"}],"author":[{"embeddable":true,"href":"https:\/\/dicodusport.fr\/blog\/wp-json\/wp\/v2\/users\/1"}],"replies":[{"embeddable":true,"href":"https:\/\/dicodusport.fr\/blog\/wp-json\/wp\/v2\/comments?post=367174"}],"version-history":[{"count":0,"href":"https:\/\/dicodusport.fr\/blog\/wp-json\/wp\/v2\/posts\/367174\/revisions"}],"wp:featuredmedia":[{"embeddable":true,"href":"https:\/\/dicodusport.fr\/blog\/wp-json\/wp\/v2\/media\/367176"}],"wp:attachment":[{"href":"https:\/\/dicodusport.fr\/blog\/wp-json\/wp\/v2\/media?parent=367174"}],"wp:term":[{"taxonomy":"category","embeddable":true,"href":"https:\/\/dicodusport.fr\/blog\/wp-json\/wp\/v2\/categories?post=367174"},{"taxonomy":"post_tag","embeddable":true,"href":"https:\/\/dicodusport.fr\/blog\/wp-json\/wp\/v2\/tags?post=367174"}],"curies":[{"name":"wp","href":"https:\/\/api.w.org\/{rel}","templated":true}]}}