{"id":367226,"date":"2023-03-19T15:07:23","date_gmt":"2023-03-19T14:07:23","guid":{"rendered":"https:\/\/dicodusport.fr\/blog\/?p=367226&#038;preview=true&#038;preview_id=367226"},"modified":"2023-03-19T16:14:34","modified_gmt":"2023-03-19T15:14:34","slug":"clement-noel-jai-limpression-de-ne-pas-savoir-skier","status":"publish","type":"post","link":"https:\/\/dicodusport.fr\/blog\/clement-noel-jai-limpression-de-ne-pas-savoir-skier\/","title":{"rendered":"Cl\u00e9ment No\u00ebl : \u00ab\u00a0J&rsquo;ai l&rsquo;impression de ne pas savoir skier\u00a0\u00bb"},"content":{"rendered":"<p style=\"text-align: justify;\" align=\"justify\"><em><strong>SKI ALPIN &#8211; Cl\u00e9ment No\u00ebl a termin\u00e9 sa saison 2022-2023 avec une nouvelle sortie de piste sur <a href=\"https:\/\/dicodusport.fr\/blog\/slalom-finales-soldeu-ramon-zenhaeusern-s-impose\/\">le slalom des finales \u00e0 Soldeu<\/a> ce dimanche.\u00a0\u00a0<\/strong><\/em><\/p>\n<p style=\"text-align: justify;\" align=\"justify\">Le slalomeur fran\u00e7ais <strong>Cl\u00e9ment No\u00ebl<\/strong> vient de terminer une saison bien compliqu\u00e9e. Sur les 10 slaloms de <strong>Coupe du monde<\/strong>, <strong>Cl\u00e9ment<\/strong> <strong>No\u00ebl<\/strong> n&rsquo;a termin\u00e9 que cinq fois les deux manches. Le champion olympique est n\u00e9anmoins le seul tricolore \u00e0 avoir gagn\u00e9 une course en <strong>Coupe du monde<\/strong> cette saison, <a href=\"https:\/\/dicodusport.fr\/blog\/slalom-schladming-premier-succes-de-la-saison-pour-clement-noel\/\">\u00e0 Schladming en Autriche<\/a>, mais cela ne fera pas son bonheur. Au micro d&rsquo;<em>Eurosport<\/em>, <strong>Cl\u00e9ment<\/strong> <strong>No\u00ebl<\/strong> a confi\u00e9 qu&rsquo;il ne comprenait pas vraiment ce qu&rsquo;il lui arrivait.<\/p>\n<blockquote>\n<p align=\"justify\">Je ne suis pas tr\u00e8s lucide, pas bien\u2026 j&rsquo;ai l&rsquo;impression de ne pas savoir skier. Il n&rsquo;y a rien qui va. C&rsquo;est une manche qui rend humble, qui fait se dire : &lsquo;Tu ne sais plus skier, il faut que tu te remettes au boulot cet \u00e9t\u00e9&rsquo;. Je n&rsquo;arrive pas \u00e0 engager, \u00e0 faire les choses dans l&rsquo;ordre. C&rsquo;est du ski tr\u00e8s, tr\u00e8s moyen, qui m&rsquo;expose \u00e0 des fautes.<\/p>\n<\/blockquote>\n<p style=\"text-align: justify;\" align=\"justify\">S&rsquo;il a remport\u00e9 trois courses lors de ses deux premi\u00e8res ann\u00e9es de Coupe du monde puis deux lors de la troisi\u00e8me, le Vosgien reste sur deux saisons avec une seule victoire en <strong>Coupe<\/strong> <strong>du<\/strong> <strong>monde<\/strong>, \u00e0 quoi il faut ajouter le titre olympique. Le <strong>Fran\u00e7ais<\/strong> veut faire \u00e9voluer les choses cet \u00e9t\u00e9 pour revenir au top d\u00e8s la saison prochaine.<\/p>\n<blockquote>\n<p style=\"text-align: justify;\" align=\"justify\">Pendant la saison, on essaie de faire des corrections imm\u00e9diates, argue l&rsquo;int\u00e9ress\u00e9.\u00a0Les grosses discussions, le bilan, ce sont des plus gros chantiers que ce que l&rsquo;on fait pendant l&rsquo;hiver et j&rsquo;esp\u00e8re que l&rsquo;on va faire de gros chantiers pour \u00eatre bien, bien meilleur que cela l&rsquo;ann\u00e9e prochaine.<\/p>\n<\/blockquote>\n<blockquote class=\"twitter-tweet\">\n<p dir=\"ltr\" lang=\"fr\">No\u00ebl a besoin de comprendre : \u00ab\u00a0J&rsquo;esp\u00e8re que l&rsquo;on va faire de gros chantiers\u00a0\u00bb<br \/>\nSource : Eurosport <a href=\"https:\/\/twitter.com\/hashtag\/SPORT?src=hash&amp;ref_src=twsrc%5Etfw\">#SPORT<\/a> <a href=\"https:\/\/twitter.com\/hashtag\/123INFO?src=hash&amp;ref_src=twsrc%5Etfw\">#123INFO<\/a><a href=\"https:\/\/t.co\/dSZ0qIWj1b\">https:\/\/t.co\/dSZ0qIWj1b<\/a><\/p>\n<p>\u2014 Top Sport (@Top_Sport_Off) <a href=\"https:\/\/twitter.com\/Top_Sport_Off\/status\/1637435804032159747?ref_src=twsrc%5Etfw\">March 19, 2023<\/a><\/p><\/blockquote>\n<p style=\"text-align: justify;\"><script async src=\"https:\/\/platform.twitter.com\/widgets.js\" charset=\"utf-8\"><\/script><\/p>\n<h2 style=\"text-align: justify;\">\u00c0 lire aussi<\/h2>\n<ul>\n<li style=\"text-align: justify;\"><a href=\"https:\/\/dicodusport.fr\/blog\/finales-soldeu-2023-classement-slalom-hommes\/\"><strong>Le classement complet du Slalom hommes de Soldeu<\/strong><\/a><\/li>\n<li style=\"text-align: justify;\"><a href=\"https:\/\/dicodusport.fr\/blog\/classement-general-hommes-coupe-du-monde-ski-alpin-2022-2023\/\"><strong>Le classement g\u00e9n\u00e9ral de la Coupe du monde de ski alpin<\/strong><\/a><\/li>\n<li style=\"text-align: justify;\"><a href=\"https:\/\/dicodusport.fr\/blog\/calendrier-et-resultats-coupe-du-monde-ski-alpin-hommes-2022-2023\/\"><strong>Calendrier et r\u00e9sultats de la Coupe du monde de ski alpin<\/strong><\/a><\/li>\n<\/ul>\n","protected":false},"excerpt":{"rendered":"<p>SKI ALPIN &#8211; Cl\u00e9ment No\u00ebl a termin\u00e9 sa saison 2022-2023 avec une nouvelle sortie de piste sur le slalom des finales \u00e0 Soldeu ce dimanche.\u00a0\u00a0<\/p>\n","protected":false},"author":1,"featured_media":367239,"comment_status":"open","ping_status":"closed","sticky":false,"template":"","format":"standard","meta":{"_acf_changed":false,"_daextam_enable_autolinks":"","footnotes":""},"categories":[47084],"tags":[16878,3912,3007],"class_list":["post-367226","post","type-post","status-publish","format-standard","has-post-thumbnail","hentry","category-coupe-du-monde-ski-alpin","tag-breve","tag-clement-noel","tag-slalom"],"acf":[],"yoast_head":"<!-- This site is optimized with the Yoast SEO Premium plugin v26.7 (Yoast SEO v26.7) - https:\/\/yoast.com\/wordpress\/plugins\/seo\/ -->\n<title>Cl\u00e9ment No\u00ebl : &quot;J&#039;ai l&#039;impression de ne pas savoir skier&quot;<\/title>\n<meta name=\"description\" content=\"SKI ALPIN - Cl\u00e9ment No\u00ebl a termin\u00e9 sa saison 2022-2023 avec une nouvelle sortie de piste sur le slalom des finales \u00e0 Soldeu ce dimanche.\u00a0\u00a0\" \/>\n<meta name=\"robots\" content=\"index, follow, max-snippet:-1, max-image-preview:large, max-video-preview:-1\" \/>\n<link rel=\"canonical\" href=\"https:\/\/dicodusport.fr\/blog\/clement-noel-jai-limpression-de-ne-pas-savoir-skier\/\" \/>\n<meta property=\"og:locale\" content=\"fr_FR\" \/>\n<meta property=\"og:type\" content=\"article\" \/>\n<meta property=\"og:title\" content=\"Cl\u00e9ment No\u00ebl : &quot;J&#039;ai l&#039;impression de ne pas savoir skier&quot;\" \/>\n<meta property=\"og:description\" content=\"SKI ALPIN - Cl\u00e9ment No\u00ebl a termin\u00e9 sa saison 2022-2023 avec une nouvelle sortie de piste sur le slalom des finales \u00e0 Soldeu ce dimanche.\u00a0\u00a0\" \/>\n<meta property=\"og:url\" content=\"https:\/\/dicodusport.fr\/blog\/clement-noel-jai-limpression-de-ne-pas-savoir-skier\/\" \/>\n<meta property=\"og:site_name\" content=\"Dicodusport\" \/>\n<meta property=\"article:publisher\" content=\"https:\/\/www.facebook.com\/dicodusport\" \/>\n<meta property=\"article:author\" content=\"https:\/\/www.facebook.com\/dicodusport\" \/>\n<meta property=\"article:published_time\" content=\"2023-03-19T14:07:23+00:00\" \/>\n<meta property=\"article:modified_time\" content=\"2023-03-19T15:14:34+00:00\" \/>\n<meta property=\"og:image\" content=\"https:\/\/dicodusport.fr\/blog\/wp-content\/uploads\/2023\/03\/Clement-Noel-Jai-limpression-de-ne-pas-savoir-skier.png\" \/>\n\t<meta property=\"og:image:width\" content=\"800\" \/>\n\t<meta property=\"og:image:height\" content=\"445\" \/>\n\t<meta property=\"og:image:type\" content=\"image\/png\" \/>\n<meta name=\"author\" content=\"Nicolas Jacquemard\" \/>\n<meta name=\"twitter:card\" content=\"summary_large_image\" \/>\n<meta name=\"twitter:title\" content=\"Cl\u00e9ment No\u00ebl : &quot;J&#039;ai l&#039;impression de ne pas savoir skier&quot;\" \/>\n<meta name=\"twitter:creator\" content=\"@https:\/\/twitter.com\/Nico_Jacquemard\" \/>\n<meta name=\"twitter:site\" content=\"@dicodusport\" \/>\n<script type=\"application\/ld+json\" class=\"yoast-schema-graph\">{\"@context\":\"https:\/\/schema.org\",\"@graph\":[{\"@type\":\"NewsArticle\",\"@id\":\"https:\/\/dicodusport.fr\/blog\/clement-noel-jai-limpression-de-ne-pas-savoir-skier\/#article\",\"isPartOf\":{\"@id\":\"https:\/\/dicodusport.fr\/blog\/clement-noel-jai-limpression-de-ne-pas-savoir-skier\/\"},\"author\":{\"name\":\"Nicolas Jacquemard\",\"@id\":\"https:\/\/dicodusport.fr\/blog\/#\/schema\/person\/55dcb50ad410894e431ed812bbb70191\"},\"headline\":\"Cl\u00e9ment No\u00ebl : \u00ab\u00a0J&rsquo;ai l&rsquo;impression de ne pas savoir skier\u00a0\u00bb\",\"datePublished\":\"2023-03-19T14:07:23+00:00\",\"dateModified\":\"2023-03-19T15:14:34+00:00\",\"mainEntityOfPage\":{\"@id\":\"https:\/\/dicodusport.fr\/blog\/clement-noel-jai-limpression-de-ne-pas-savoir-skier\/\"},\"wordCount\":392,\"commentCount\":0,\"publisher\":{\"@id\":\"https:\/\/dicodusport.fr\/blog\/#organization\"},\"image\":{\"@id\":\"https:\/\/dicodusport.fr\/blog\/clement-noel-jai-limpression-de-ne-pas-savoir-skier\/#primaryimage\"},\"thumbnailUrl\":\"https:\/\/dicodusport.fr\/blog\/wp-content\/uploads\/2023\/03\/Clement-Noel-Jai-limpression-de-ne-pas-savoir-skier.png\",\"keywords\":[\"br\u00e8ve\",\"Cl\u00e9ment No\u00ebl\",\"slalom\"],\"articleSection\":[\"Coupe du monde de ski alpin\"],\"inLanguage\":\"fr-FR\",\"potentialAction\":[{\"@type\":\"CommentAction\",\"name\":\"Comment\",\"target\":[\"https:\/\/dicodusport.fr\/blog\/clement-noel-jai-limpression-de-ne-pas-savoir-skier\/#respond\"]}],\"copyrightYear\":\"2023\",\"copyrightHolder\":{\"@id\":\"https:\/\/dicodusport.fr\/blog\/#organization\"}},{\"@type\":\"WebPage\",\"@id\":\"https:\/\/dicodusport.fr\/blog\/clement-noel-jai-limpression-de-ne-pas-savoir-skier\/\",\"url\":\"https:\/\/dicodusport.fr\/blog\/clement-noel-jai-limpression-de-ne-pas-savoir-skier\/\",\"name\":\"Cl\u00e9ment No\u00ebl : \\\"J'ai l'impression de ne pas savoir skier\\\"\",\"isPartOf\":{\"@id\":\"https:\/\/dicodusport.fr\/blog\/#website\"},\"primaryImageOfPage\":{\"@id\":\"https:\/\/dicodusport.fr\/blog\/clement-noel-jai-limpression-de-ne-pas-savoir-skier\/#primaryimage\"},\"image\":{\"@id\":\"https:\/\/dicodusport.fr\/blog\/clement-noel-jai-limpression-de-ne-pas-savoir-skier\/#primaryimage\"},\"thumbnailUrl\":\"https:\/\/dicodusport.fr\/blog\/wp-content\/uploads\/2023\/03\/Clement-Noel-Jai-limpression-de-ne-pas-savoir-skier.png\",\"datePublished\":\"2023-03-19T14:07:23+00:00\",\"dateModified\":\"2023-03-19T15:14:34+00:00\",\"description\":\"SKI ALPIN - Cl\u00e9ment No\u00ebl a termin\u00e9 sa saison 2022-2023 avec une nouvelle sortie de piste sur le slalom des finales \u00e0 Soldeu ce dimanche.\u00a0\u00a0\",\"breadcrumb\":{\"@id\":\"https:\/\/dicodusport.fr\/blog\/clement-noel-jai-limpression-de-ne-pas-savoir-skier\/#breadcrumb\"},\"inLanguage\":\"fr-FR\",\"potentialAction\":[{\"@type\":\"ReadAction\",\"target\":[\"https:\/\/dicodusport.fr\/blog\/clement-noel-jai-limpression-de-ne-pas-savoir-skier\/\"]}]},{\"@type\":\"ImageObject\",\"inLanguage\":\"fr-FR\",\"@id\":\"https:\/\/dicodusport.fr\/blog\/clement-noel-jai-limpression-de-ne-pas-savoir-skier\/#primaryimage\",\"url\":\"https:\/\/dicodusport.fr\/blog\/wp-content\/uploads\/2023\/03\/Clement-Noel-Jai-limpression-de-ne-pas-savoir-skier.png\",\"contentUrl\":\"https:\/\/dicodusport.fr\/blog\/wp-content\/uploads\/2023\/03\/Clement-Noel-Jai-limpression-de-ne-pas-savoir-skier.png\",\"width\":800,\"height\":445},{\"@type\":\"BreadcrumbList\",\"@id\":\"https:\/\/dicodusport.fr\/blog\/clement-noel-jai-limpression-de-ne-pas-savoir-skier\/#breadcrumb\",\"itemListElement\":[{\"@type\":\"ListItem\",\"position\":1,\"name\":\"Accueil\",\"item\":\"https:\/\/dicodusport.fr\/blog\/\"},{\"@type\":\"ListItem\",\"position\":2,\"name\":\"Cl\u00e9ment No\u00ebl : \u00ab\u00a0J&rsquo;ai l&rsquo;impression de ne pas savoir skier\u00a0\u00bb\"}]},{\"@type\":\"WebSite\",\"@id\":\"https:\/\/dicodusport.fr\/blog\/#website\",\"url\":\"https:\/\/dicodusport.fr\/blog\/\",\"name\":\"Dicodusport\",\"description\":\"L&#039;encyclop\u00e9die de l&#039;actualit\u00e9 sportive\",\"publisher\":{\"@id\":\"https:\/\/dicodusport.fr\/blog\/#organization\"},\"potentialAction\":[{\"@type\":\"SearchAction\",\"target\":{\"@type\":\"EntryPoint\",\"urlTemplate\":\"https:\/\/dicodusport.fr\/blog\/?s={search_term_string}\"},\"query-input\":{\"@type\":\"PropertyValueSpecification\",\"valueRequired\":true,\"valueName\":\"search_term_string\"}}],\"inLanguage\":\"fr-FR\"},{\"@type\":\"NewsMediaOrganization\",\"@id\":\"https:\/\/dicodusport.fr\/blog\/#organization\",\"name\":\"Dicodusport\",\"url\":\"https:\/\/dicodusport.fr\/blog\/\",\"logo\":{\"@type\":\"ImageObject\",\"inLanguage\":\"fr-FR\",\"@id\":\"https:\/\/dicodusport.fr\/blog\/#\/schema\/logo\/image\/\",\"url\":\"https:\/\/dicodusport.fr\/blog\/wp-content\/uploads\/2020\/06\/cropped-LOGO-DICODUSPORT-2020-SANS-FOND-SANS-TEXTE.png\",\"contentUrl\":\"https:\/\/dicodusport.fr\/blog\/wp-content\/uploads\/2020\/06\/cropped-LOGO-DICODUSPORT-2020-SANS-FOND-SANS-TEXTE.png\",\"width\":512,\"height\":512,\"caption\":\"Dicodusport\"},\"image\":{\"@id\":\"https:\/\/dicodusport.fr\/blog\/#\/schema\/logo\/image\/\"},\"sameAs\":[\"https:\/\/www.facebook.com\/dicodusport\",\"https:\/\/x.com\/dicodusport\",\"https:\/\/www.instagram.com\/dicodusport\/\",\"https:\/\/www.youtube.com\/channel\/UC7V2KZ5sd3htJivAbA4ZG3w\"],\"description\":\"Dicodusport est l'encyclop\u00e9die de l'actualit\u00e9 sportive.\",\"email\":\"bonjour@dicodusport.fr\",\"legalName\":\"DICODUSPORT\",\"foundingDate\":\"2018-01-14\",\"vatID\":\"FR71834470973\",\"taxID\":\"83447097300043\",\"numberOfEmployees\":{\"@type\":\"QuantitativeValue\",\"minValue\":\"1\",\"maxValue\":\"10\"}},{\"@type\":\"Person\",\"@id\":\"https:\/\/dicodusport.fr\/blog\/#\/schema\/person\/55dcb50ad410894e431ed812bbb70191\",\"name\":\"Nicolas Jacquemard\",\"image\":{\"@type\":\"ImageObject\",\"inLanguage\":\"fr-FR\",\"@id\":\"https:\/\/dicodusport.fr\/blog\/#\/schema\/person\/image\/\",\"url\":\"https:\/\/dicodusport.fr\/blog\/wp-content\/uploads\/2021\/05\/Nicolas-Jacquemard-150x150.jpeg\",\"contentUrl\":\"https:\/\/dicodusport.fr\/blog\/wp-content\/uploads\/2021\/05\/Nicolas-Jacquemard-150x150.jpeg\",\"caption\":\"Nicolas Jacquemard\"},\"description\":\"Passionn\u00e9 de sport et entrepreneur depuis mes 18 ans, la cr\u00e9ation de Dicodusport m'a sembl\u00e9 \u00e9vidente pour participer \u00e0 la m\u00e9diatisation d'un plus grand nombre de sports. Le chemin est long mais avec une \u00e9quipe des plus motiv\u00e9es et les Jeux Olympiques de Paris 2024 en point de mire, nous y arriverons ! Journaliste dans le monde du sport depuis plus de 5 ans, je traite aussi bien de football, de rugby, de biathlon que de cyclisme.\",\"sameAs\":[\"https:\/\/www.facebook.com\/dicodusport\",\"https:\/\/x.com\/https:\/\/twitter.com\/Nico_Jacquemard\"],\"url\":\"https:\/\/dicodusport.fr\/blog\/author\/dicodusport\/\"}]}<\/script>\n<!-- \/ Yoast SEO Premium plugin. -->","yoast_head_json":{"title":"Cl\u00e9ment No\u00ebl : \"J'ai l'impression de ne pas savoir skier\"","description":"SKI ALPIN - Cl\u00e9ment No\u00ebl a termin\u00e9 sa saison 2022-2023 avec une nouvelle sortie de piste sur le slalom des finales \u00e0 Soldeu ce dimanche.\u00a0\u00a0","robots":{"index":"index","follow":"follow","max-snippet":"max-snippet:-1","max-image-preview":"max-image-preview:large","max-video-preview":"max-video-preview:-1"},"canonical":"https:\/\/dicodusport.fr\/blog\/clement-noel-jai-limpression-de-ne-pas-savoir-skier\/","og_locale":"fr_FR","og_type":"article","og_title":"Cl\u00e9ment No\u00ebl : \"J'ai l'impression de ne pas savoir skier\"","og_description":"SKI ALPIN - Cl\u00e9ment No\u00ebl a termin\u00e9 sa saison 2022-2023 avec une nouvelle sortie de piste sur le slalom des finales \u00e0 Soldeu ce dimanche.\u00a0\u00a0","og_url":"https:\/\/dicodusport.fr\/blog\/clement-noel-jai-limpression-de-ne-pas-savoir-skier\/","og_site_name":"Dicodusport","article_publisher":"https:\/\/www.facebook.com\/dicodusport","article_author":"https:\/\/www.facebook.com\/dicodusport","article_published_time":"2023-03-19T14:07:23+00:00","article_modified_time":"2023-03-19T15:14:34+00:00","og_image":[{"width":800,"height":445,"url":"https:\/\/dicodusport.fr\/blog\/wp-content\/uploads\/2023\/03\/Clement-Noel-Jai-limpression-de-ne-pas-savoir-skier.png","type":"image\/png"}],"author":"Nicolas Jacquemard","twitter_card":"summary_large_image","twitter_title":"Cl\u00e9ment No\u00ebl : \"J'ai l'impression de ne pas savoir skier\"","twitter_creator":"@https:\/\/twitter.com\/Nico_Jacquemard","twitter_site":"@dicodusport","schema":{"@context":"https:\/\/schema.org","@graph":[{"@type":"NewsArticle","@id":"https:\/\/dicodusport.fr\/blog\/clement-noel-jai-limpression-de-ne-pas-savoir-skier\/#article","isPartOf":{"@id":"https:\/\/dicodusport.fr\/blog\/clement-noel-jai-limpression-de-ne-pas-savoir-skier\/"},"author":{"name":"Nicolas Jacquemard","@id":"https:\/\/dicodusport.fr\/blog\/#\/schema\/person\/55dcb50ad410894e431ed812bbb70191"},"headline":"Cl\u00e9ment No\u00ebl : \u00ab\u00a0J&rsquo;ai l&rsquo;impression de ne pas savoir skier\u00a0\u00bb","datePublished":"2023-03-19T14:07:23+00:00","dateModified":"2023-03-19T15:14:34+00:00","mainEntityOfPage":{"@id":"https:\/\/dicodusport.fr\/blog\/clement-noel-jai-limpression-de-ne-pas-savoir-skier\/"},"wordCount":392,"commentCount":0,"publisher":{"@id":"https:\/\/dicodusport.fr\/blog\/#organization"},"image":{"@id":"https:\/\/dicodusport.fr\/blog\/clement-noel-jai-limpression-de-ne-pas-savoir-skier\/#primaryimage"},"thumbnailUrl":"https:\/\/dicodusport.fr\/blog\/wp-content\/uploads\/2023\/03\/Clement-Noel-Jai-limpression-de-ne-pas-savoir-skier.png","keywords":["br\u00e8ve","Cl\u00e9ment No\u00ebl","slalom"],"articleSection":["Coupe du monde de ski alpin"],"inLanguage":"fr-FR","potentialAction":[{"@type":"CommentAction","name":"Comment","target":["https:\/\/dicodusport.fr\/blog\/clement-noel-jai-limpression-de-ne-pas-savoir-skier\/#respond"]}],"copyrightYear":"2023","copyrightHolder":{"@id":"https:\/\/dicodusport.fr\/blog\/#organization"}},{"@type":"WebPage","@id":"https:\/\/dicodusport.fr\/blog\/clement-noel-jai-limpression-de-ne-pas-savoir-skier\/","url":"https:\/\/dicodusport.fr\/blog\/clement-noel-jai-limpression-de-ne-pas-savoir-skier\/","name":"Cl\u00e9ment No\u00ebl : \"J'ai l'impression de ne pas savoir skier\"","isPartOf":{"@id":"https:\/\/dicodusport.fr\/blog\/#website"},"primaryImageOfPage":{"@id":"https:\/\/dicodusport.fr\/blog\/clement-noel-jai-limpression-de-ne-pas-savoir-skier\/#primaryimage"},"image":{"@id":"https:\/\/dicodusport.fr\/blog\/clement-noel-jai-limpression-de-ne-pas-savoir-skier\/#primaryimage"},"thumbnailUrl":"https:\/\/dicodusport.fr\/blog\/wp-content\/uploads\/2023\/03\/Clement-Noel-Jai-limpression-de-ne-pas-savoir-skier.png","datePublished":"2023-03-19T14:07:23+00:00","dateModified":"2023-03-19T15:14:34+00:00","description":"SKI ALPIN - Cl\u00e9ment No\u00ebl a termin\u00e9 sa saison 2022-2023 avec une nouvelle sortie de piste sur le slalom des finales \u00e0 Soldeu ce dimanche.\u00a0\u00a0","breadcrumb":{"@id":"https:\/\/dicodusport.fr\/blog\/clement-noel-jai-limpression-de-ne-pas-savoir-skier\/#breadcrumb"},"inLanguage":"fr-FR","potentialAction":[{"@type":"ReadAction","target":["https:\/\/dicodusport.fr\/blog\/clement-noel-jai-limpression-de-ne-pas-savoir-skier\/"]}]},{"@type":"ImageObject","inLanguage":"fr-FR","@id":"https:\/\/dicodusport.fr\/blog\/clement-noel-jai-limpression-de-ne-pas-savoir-skier\/#primaryimage","url":"https:\/\/dicodusport.fr\/blog\/wp-content\/uploads\/2023\/03\/Clement-Noel-Jai-limpression-de-ne-pas-savoir-skier.png","contentUrl":"https:\/\/dicodusport.fr\/blog\/wp-content\/uploads\/2023\/03\/Clement-Noel-Jai-limpression-de-ne-pas-savoir-skier.png","width":800,"height":445},{"@type":"BreadcrumbList","@id":"https:\/\/dicodusport.fr\/blog\/clement-noel-jai-limpression-de-ne-pas-savoir-skier\/#breadcrumb","itemListElement":[{"@type":"ListItem","position":1,"name":"Accueil","item":"https:\/\/dicodusport.fr\/blog\/"},{"@type":"ListItem","position":2,"name":"Cl\u00e9ment No\u00ebl : \u00ab\u00a0J&rsquo;ai l&rsquo;impression de ne pas savoir skier\u00a0\u00bb"}]},{"@type":"WebSite","@id":"https:\/\/dicodusport.fr\/blog\/#website","url":"https:\/\/dicodusport.fr\/blog\/","name":"Dicodusport","description":"L&#039;encyclop\u00e9die de l&#039;actualit\u00e9 sportive","publisher":{"@id":"https:\/\/dicodusport.fr\/blog\/#organization"},"potentialAction":[{"@type":"SearchAction","target":{"@type":"EntryPoint","urlTemplate":"https:\/\/dicodusport.fr\/blog\/?s={search_term_string}"},"query-input":{"@type":"PropertyValueSpecification","valueRequired":true,"valueName":"search_term_string"}}],"inLanguage":"fr-FR"},{"@type":"NewsMediaOrganization","@id":"https:\/\/dicodusport.fr\/blog\/#organization","name":"Dicodusport","url":"https:\/\/dicodusport.fr\/blog\/","logo":{"@type":"ImageObject","inLanguage":"fr-FR","@id":"https:\/\/dicodusport.fr\/blog\/#\/schema\/logo\/image\/","url":"https:\/\/dicodusport.fr\/blog\/wp-content\/uploads\/2020\/06\/cropped-LOGO-DICODUSPORT-2020-SANS-FOND-SANS-TEXTE.png","contentUrl":"https:\/\/dicodusport.fr\/blog\/wp-content\/uploads\/2020\/06\/cropped-LOGO-DICODUSPORT-2020-SANS-FOND-SANS-TEXTE.png","width":512,"height":512,"caption":"Dicodusport"},"image":{"@id":"https:\/\/dicodusport.fr\/blog\/#\/schema\/logo\/image\/"},"sameAs":["https:\/\/www.facebook.com\/dicodusport","https:\/\/x.com\/dicodusport","https:\/\/www.instagram.com\/dicodusport\/","https:\/\/www.youtube.com\/channel\/UC7V2KZ5sd3htJivAbA4ZG3w"],"description":"Dicodusport est l'encyclop\u00e9die de l'actualit\u00e9 sportive.","email":"bonjour@dicodusport.fr","legalName":"DICODUSPORT","foundingDate":"2018-01-14","vatID":"FR71834470973","taxID":"83447097300043","numberOfEmployees":{"@type":"QuantitativeValue","minValue":"1","maxValue":"10"}},{"@type":"Person","@id":"https:\/\/dicodusport.fr\/blog\/#\/schema\/person\/55dcb50ad410894e431ed812bbb70191","name":"Nicolas Jacquemard","image":{"@type":"ImageObject","inLanguage":"fr-FR","@id":"https:\/\/dicodusport.fr\/blog\/#\/schema\/person\/image\/","url":"https:\/\/dicodusport.fr\/blog\/wp-content\/uploads\/2021\/05\/Nicolas-Jacquemard-150x150.jpeg","contentUrl":"https:\/\/dicodusport.fr\/blog\/wp-content\/uploads\/2021\/05\/Nicolas-Jacquemard-150x150.jpeg","caption":"Nicolas Jacquemard"},"description":"Passionn\u00e9 de sport et entrepreneur depuis mes 18 ans, la cr\u00e9ation de Dicodusport m'a sembl\u00e9 \u00e9vidente pour participer \u00e0 la m\u00e9diatisation d'un plus grand nombre de sports. Le chemin est long mais avec une \u00e9quipe des plus motiv\u00e9es et les Jeux Olympiques de Paris 2024 en point de mire, nous y arriverons ! Journaliste dans le monde du sport depuis plus de 5 ans, je traite aussi bien de football, de rugby, de biathlon que de cyclisme.","sameAs":["https:\/\/www.facebook.com\/dicodusport","https:\/\/x.com\/https:\/\/twitter.com\/Nico_Jacquemard"],"url":"https:\/\/dicodusport.fr\/blog\/author\/dicodusport\/"}]}},"_links":{"self":[{"href":"https:\/\/dicodusport.fr\/blog\/wp-json\/wp\/v2\/posts\/367226","targetHints":{"allow":["GET"]}}],"collection":[{"href":"https:\/\/dicodusport.fr\/blog\/wp-json\/wp\/v2\/posts"}],"about":[{"href":"https:\/\/dicodusport.fr\/blog\/wp-json\/wp\/v2\/types\/post"}],"author":[{"embeddable":true,"href":"https:\/\/dicodusport.fr\/blog\/wp-json\/wp\/v2\/users\/1"}],"replies":[{"embeddable":true,"href":"https:\/\/dicodusport.fr\/blog\/wp-json\/wp\/v2\/comments?post=367226"}],"version-history":[{"count":0,"href":"https:\/\/dicodusport.fr\/blog\/wp-json\/wp\/v2\/posts\/367226\/revisions"}],"wp:featuredmedia":[{"embeddable":true,"href":"https:\/\/dicodusport.fr\/blog\/wp-json\/wp\/v2\/media\/367239"}],"wp:attachment":[{"href":"https:\/\/dicodusport.fr\/blog\/wp-json\/wp\/v2\/media?parent=367226"}],"wp:term":[{"taxonomy":"category","embeddable":true,"href":"https:\/\/dicodusport.fr\/blog\/wp-json\/wp\/v2\/categories?post=367226"},{"taxonomy":"post_tag","embeddable":true,"href":"https:\/\/dicodusport.fr\/blog\/wp-json\/wp\/v2\/tags?post=367226"}],"curies":[{"name":"wp","href":"https:\/\/api.w.org\/{rel}","templated":true}]}}