{"id":367285,"date":"2023-03-19T16:47:12","date_gmt":"2023-03-19T15:47:12","guid":{"rendered":"https:\/\/dicodusport.fr\/blog\/?p=367285&#038;preview=true&#038;preview_id=367285"},"modified":"2023-03-19T17:12:12","modified_gmt":"2023-03-19T16:12:12","slug":"trofeo-alfredo-binda-shirin-van-anrooij-s-impose-en-solitaire","status":"publish","type":"post","link":"https:\/\/dicodusport.fr\/blog\/trofeo-alfredo-binda-shirin-van-anrooij-s-impose-en-solitaire\/","title":{"rendered":"Trofeo Alfredo Binda : Shirin van Anrooij s&rsquo;impose en solitaire"},"content":{"rendered":"<p align=\"justify\"><em><b>CYCLISME SUR ROUTE 2023 &#8211; La jeune N\u00e9erlandaise Shirin van Anroiij (Trek-Segafredo) remporte le Trofeo Alfredo Binda et succ\u00e8de \u00e0 sa co\u00e9quipi\u00e8re Elisa Balsamo. Cette derni\u00e8re offre le doubl\u00e9 \u00e0 son \u00e9quipe en r\u00e9glant un petit groupe pour la 2e place. Vittoria Guazzini (FDJ-Suez) prend la 3e place.<\/b><\/em><\/p>\n<p align=\"justify\">\u00c0 21 ans, elle s&rsquo;offre le premier succ\u00e8s majeur de sa carri\u00e8re sur la route. Quelques semaines apr\u00e8s son sacre mondial espoirs en cyclo-cross, la N\u00e9erlandaise <strong>Shirin van Anrooij<\/strong> remporte un grand succ\u00e8s sur route. La coureuse de Trek-Segafredo s&rsquo;est adjug\u00e9e cet apr\u00e8s-midi le <strong>Trofeo Alfredo Binda<\/strong>. L&rsquo;\u00e9quivalent chez les femmes de Milan-San Remo qui n&rsquo;existe pas dans le calendrier World Tour f\u00e9minin. Et c&rsquo;est en solitaire qu&rsquo;elle a \u00e9t\u00e9 chercher ce succ\u00e8s, profitant du marquage autour de sa co\u00e9quipi\u00e8re <strong>Elisa Balsamo<\/strong>, tenante du titre et qui s&rsquo;\u00e9tait d\u00e9barrass\u00e9e de sa grande rivale <strong>Lorena Wiebes<\/strong> (SD-Works) seulement 18e, elle qui \u00e9tait la grande favorite du jour.<\/p>\n<p align=\"justify\">La championne d&rsquo;Italie offre m\u00eame le doubl\u00e9 \u00e0 sa formation Trek-Segafredo en r\u00e9glant un petit groupe en contre derri\u00e8re la N\u00e9erlandaise. Elle devance sa compatriote <strong>Vittoria Guazzini<\/strong>, qui offre un nouveau podium World Tour \u00e0 la formation FDJ-Suez<\/p>\n<blockquote class=\"twitter-tweet\">\n<p dir=\"ltr\" lang=\"en\">A Trek-Segafredo 1-2 as <a href=\"https:\/\/twitter.com\/Elisa_balsamo?ref_src=twsrc%5Etfw\">@Elisa_balsamo<\/a> wins the sprint behind <a href=\"https:\/\/twitter.com\/x_shirin?ref_src=twsrc%5Etfw\">@x_shirin<\/a> \ud83d\udcaa\ud83d\udc4f<\/p>\n<p>An amazing team performance from our women at <a href=\"https:\/\/twitter.com\/hashtag\/TrBinda?src=hash&amp;ref_src=twsrc%5Etfw\">#TrBinda<\/a> today! Chapeau \ud83c\udfa9 <a href=\"https:\/\/t.co\/L2ydxK7KgW\">pic.twitter.com\/L2ydxK7KgW<\/a><\/p>\n<p>\u2014 Trek-Segafredo (@TrekSegafredo) <a href=\"https:\/\/twitter.com\/TrekSegafredo\/status\/1637469731891433472?ref_src=twsrc%5Etfw\">March 19, 2023<\/a><\/p><\/blockquote>\n<p><script async src=\"https:\/\/platform.twitter.com\/widgets.js\" charset=\"utf-8\"><\/script><\/p>\n","protected":false},"excerpt":{"rendered":"<p>CYCLISME SUR ROUTE 2023 &#8211; La jeune N\u00e9erlandaise Shirin van Anroiij (Trek-Segafredo) remporte le Trofeo Alfredo Binda et succ\u00e8de \u00e0 sa co\u00e9quipi\u00e8re Elisa Balsamo. Cette derni\u00e8re offre le doubl\u00e9 \u00e0 son \u00e9quipe en r\u00e9glant un petit groupe pour la 2e place. Vittoria Guazzini (FDJ-Suez) prend la 3e place.<\/p>\n","protected":false},"author":83,"featured_media":367296,"comment_status":"open","ping_status":"closed","sticky":false,"template":"","format":"standard","meta":{"_acf_changed":false,"_daextam_enable_autolinks":"","footnotes":""},"categories":[46994],"tags":[16878,2875,30477],"class_list":["post-367285","post","type-post","status-publish","format-standard","has-post-thumbnail","hentry","category-cyclisme-sur-route","tag-breve","tag-cyclisme-feminin","tag-elisa-balsamo"],"acf":[],"yoast_head":"<!-- This site is optimized with the Yoast SEO Premium plugin v26.7 (Yoast SEO v26.7) - https:\/\/yoast.com\/wordpress\/plugins\/seo\/ -->\n<title>Trofeo Alfredo Binda : Shirin van Anrooij s&#039;impose en solitaire<\/title>\n<meta name=\"description\" content=\"La jeune N\u00e9erlandaise Shirin van Anroiij (Trek-Segafredo) remporte le Trofeo Alfredo Binda et succ\u00e8de \u00e0 sa co\u00e9quipi\u00e8re Elisa Balsamo.\" \/>\n<meta name=\"robots\" content=\"index, follow, max-snippet:-1, max-image-preview:large, max-video-preview:-1\" \/>\n<link rel=\"canonical\" href=\"https:\/\/dicodusport.fr\/blog\/trofeo-alfredo-binda-shirin-van-anrooij-s-impose-en-solitaire\/\" \/>\n<meta property=\"og:locale\" content=\"fr_FR\" \/>\n<meta property=\"og:type\" content=\"article\" \/>\n<meta property=\"og:title\" content=\"Trofeo Alfredo Binda : Shirin van Anrooij s&#039;impose en solitaire\" \/>\n<meta property=\"og:description\" content=\"La jeune N\u00e9erlandaise Shirin van Anroiij (Trek-Segafredo) remporte le Trofeo Alfredo Binda et succ\u00e8de \u00e0 sa co\u00e9quipi\u00e8re Elisa Balsamo.\" \/>\n<meta property=\"og:url\" content=\"https:\/\/dicodusport.fr\/blog\/trofeo-alfredo-binda-shirin-van-anrooij-s-impose-en-solitaire\/\" \/>\n<meta property=\"og:site_name\" content=\"Dicodusport\" \/>\n<meta property=\"article:publisher\" content=\"https:\/\/www.facebook.com\/dicodusport\" \/>\n<meta property=\"article:published_time\" content=\"2023-03-19T15:47:12+00:00\" \/>\n<meta property=\"article:modified_time\" content=\"2023-03-19T16:12:12+00:00\" \/>\n<meta property=\"og:image\" content=\"https:\/\/dicodusport.fr\/blog\/wp-content\/uploads\/2023\/03\/Trofeo-Alfredo-Binda-Shirin-van-Anrooij-simpose-en-solitaire.png\" \/>\n\t<meta property=\"og:image:width\" content=\"800\" \/>\n\t<meta property=\"og:image:height\" content=\"445\" \/>\n\t<meta property=\"og:image:type\" content=\"image\/png\" \/>\n<meta name=\"author\" content=\"Etienne Goursaud\" \/>\n<meta name=\"twitter:card\" content=\"summary_large_image\" \/>\n<meta name=\"twitter:title\" content=\"Trofeo Alfredo Binda : Shirin van Anrooij s&#039;impose en solitaire\" \/>\n<meta name=\"twitter:creator\" content=\"@dicodusport\" \/>\n<meta name=\"twitter:site\" content=\"@dicodusport\" \/>\n<script type=\"application\/ld+json\" class=\"yoast-schema-graph\">{\"@context\":\"https:\/\/schema.org\",\"@graph\":[{\"@type\":\"NewsArticle\",\"@id\":\"https:\/\/dicodusport.fr\/blog\/trofeo-alfredo-binda-shirin-van-anrooij-s-impose-en-solitaire\/#article\",\"isPartOf\":{\"@id\":\"https:\/\/dicodusport.fr\/blog\/trofeo-alfredo-binda-shirin-van-anrooij-s-impose-en-solitaire\/\"},\"author\":{\"name\":\"Etienne Goursaud\",\"@id\":\"https:\/\/dicodusport.fr\/blog\/#\/schema\/person\/d603dd7da31fb2b46c82b9835a77ec13\"},\"headline\":\"Trofeo Alfredo Binda : Shirin van Anrooij s&rsquo;impose en solitaire\",\"datePublished\":\"2023-03-19T15:47:12+00:00\",\"dateModified\":\"2023-03-19T16:12:12+00:00\",\"mainEntityOfPage\":{\"@id\":\"https:\/\/dicodusport.fr\/blog\/trofeo-alfredo-binda-shirin-van-anrooij-s-impose-en-solitaire\/\"},\"wordCount\":258,\"commentCount\":0,\"publisher\":{\"@id\":\"https:\/\/dicodusport.fr\/blog\/#organization\"},\"image\":{\"@id\":\"https:\/\/dicodusport.fr\/blog\/trofeo-alfredo-binda-shirin-van-anrooij-s-impose-en-solitaire\/#primaryimage\"},\"thumbnailUrl\":\"https:\/\/dicodusport.fr\/blog\/wp-content\/uploads\/2023\/03\/Trofeo-Alfredo-Binda-Shirin-van-Anrooij-simpose-en-solitaire.png\",\"keywords\":[\"br\u00e8ve\",\"cyclisme f\u00e9minin\",\"Elisa Balsamo\"],\"articleSection\":[\"Cyclisme sur route\"],\"inLanguage\":\"fr-FR\",\"potentialAction\":[{\"@type\":\"CommentAction\",\"name\":\"Comment\",\"target\":[\"https:\/\/dicodusport.fr\/blog\/trofeo-alfredo-binda-shirin-van-anrooij-s-impose-en-solitaire\/#respond\"]}],\"copyrightYear\":\"2023\",\"copyrightHolder\":{\"@id\":\"https:\/\/dicodusport.fr\/blog\/#organization\"}},{\"@type\":\"WebPage\",\"@id\":\"https:\/\/dicodusport.fr\/blog\/trofeo-alfredo-binda-shirin-van-anrooij-s-impose-en-solitaire\/\",\"url\":\"https:\/\/dicodusport.fr\/blog\/trofeo-alfredo-binda-shirin-van-anrooij-s-impose-en-solitaire\/\",\"name\":\"Trofeo Alfredo Binda : Shirin van Anrooij s'impose en solitaire\",\"isPartOf\":{\"@id\":\"https:\/\/dicodusport.fr\/blog\/#website\"},\"primaryImageOfPage\":{\"@id\":\"https:\/\/dicodusport.fr\/blog\/trofeo-alfredo-binda-shirin-van-anrooij-s-impose-en-solitaire\/#primaryimage\"},\"image\":{\"@id\":\"https:\/\/dicodusport.fr\/blog\/trofeo-alfredo-binda-shirin-van-anrooij-s-impose-en-solitaire\/#primaryimage\"},\"thumbnailUrl\":\"https:\/\/dicodusport.fr\/blog\/wp-content\/uploads\/2023\/03\/Trofeo-Alfredo-Binda-Shirin-van-Anrooij-simpose-en-solitaire.png\",\"datePublished\":\"2023-03-19T15:47:12+00:00\",\"dateModified\":\"2023-03-19T16:12:12+00:00\",\"description\":\"La jeune N\u00e9erlandaise Shirin van Anroiij (Trek-Segafredo) remporte le Trofeo Alfredo Binda et succ\u00e8de \u00e0 sa co\u00e9quipi\u00e8re Elisa Balsamo.\",\"breadcrumb\":{\"@id\":\"https:\/\/dicodusport.fr\/blog\/trofeo-alfredo-binda-shirin-van-anrooij-s-impose-en-solitaire\/#breadcrumb\"},\"inLanguage\":\"fr-FR\",\"potentialAction\":[{\"@type\":\"ReadAction\",\"target\":[\"https:\/\/dicodusport.fr\/blog\/trofeo-alfredo-binda-shirin-van-anrooij-s-impose-en-solitaire\/\"]}]},{\"@type\":\"ImageObject\",\"inLanguage\":\"fr-FR\",\"@id\":\"https:\/\/dicodusport.fr\/blog\/trofeo-alfredo-binda-shirin-van-anrooij-s-impose-en-solitaire\/#primaryimage\",\"url\":\"https:\/\/dicodusport.fr\/blog\/wp-content\/uploads\/2023\/03\/Trofeo-Alfredo-Binda-Shirin-van-Anrooij-simpose-en-solitaire.png\",\"contentUrl\":\"https:\/\/dicodusport.fr\/blog\/wp-content\/uploads\/2023\/03\/Trofeo-Alfredo-Binda-Shirin-van-Anrooij-simpose-en-solitaire.png\",\"width\":800,\"height\":445,\"caption\":\"Trofeo Alfredo Binda Shirin van Anrooij s'impose en solitaire\"},{\"@type\":\"BreadcrumbList\",\"@id\":\"https:\/\/dicodusport.fr\/blog\/trofeo-alfredo-binda-shirin-van-anrooij-s-impose-en-solitaire\/#breadcrumb\",\"itemListElement\":[{\"@type\":\"ListItem\",\"position\":1,\"name\":\"Accueil\",\"item\":\"https:\/\/dicodusport.fr\/blog\/\"},{\"@type\":\"ListItem\",\"position\":2,\"name\":\"Trofeo Alfredo Binda : Shirin van Anrooij s&rsquo;impose en solitaire\"}]},{\"@type\":\"WebSite\",\"@id\":\"https:\/\/dicodusport.fr\/blog\/#website\",\"url\":\"https:\/\/dicodusport.fr\/blog\/\",\"name\":\"Dicodusport\",\"description\":\"L&#039;encyclop\u00e9die de l&#039;actualit\u00e9 sportive\",\"publisher\":{\"@id\":\"https:\/\/dicodusport.fr\/blog\/#organization\"},\"potentialAction\":[{\"@type\":\"SearchAction\",\"target\":{\"@type\":\"EntryPoint\",\"urlTemplate\":\"https:\/\/dicodusport.fr\/blog\/?s={search_term_string}\"},\"query-input\":{\"@type\":\"PropertyValueSpecification\",\"valueRequired\":true,\"valueName\":\"search_term_string\"}}],\"inLanguage\":\"fr-FR\"},{\"@type\":\"NewsMediaOrganization\",\"@id\":\"https:\/\/dicodusport.fr\/blog\/#organization\",\"name\":\"Dicodusport\",\"url\":\"https:\/\/dicodusport.fr\/blog\/\",\"logo\":{\"@type\":\"ImageObject\",\"inLanguage\":\"fr-FR\",\"@id\":\"https:\/\/dicodusport.fr\/blog\/#\/schema\/logo\/image\/\",\"url\":\"https:\/\/dicodusport.fr\/blog\/wp-content\/uploads\/2020\/06\/cropped-LOGO-DICODUSPORT-2020-SANS-FOND-SANS-TEXTE.png\",\"contentUrl\":\"https:\/\/dicodusport.fr\/blog\/wp-content\/uploads\/2020\/06\/cropped-LOGO-DICODUSPORT-2020-SANS-FOND-SANS-TEXTE.png\",\"width\":512,\"height\":512,\"caption\":\"Dicodusport\"},\"image\":{\"@id\":\"https:\/\/dicodusport.fr\/blog\/#\/schema\/logo\/image\/\"},\"sameAs\":[\"https:\/\/www.facebook.com\/dicodusport\",\"https:\/\/x.com\/dicodusport\",\"https:\/\/www.instagram.com\/dicodusport\/\",\"https:\/\/www.youtube.com\/channel\/UC7V2KZ5sd3htJivAbA4ZG3w\"],\"description\":\"Dicodusport est l'encyclop\u00e9die de l'actualit\u00e9 sportive.\",\"email\":\"bonjour@dicodusport.fr\",\"legalName\":\"DICODUSPORT\",\"foundingDate\":\"2018-01-14\",\"vatID\":\"FR71834470973\",\"taxID\":\"83447097300043\",\"numberOfEmployees\":{\"@type\":\"QuantitativeValue\",\"minValue\":\"1\",\"maxValue\":\"10\"}},{\"@type\":\"Person\",\"@id\":\"https:\/\/dicodusport.fr\/blog\/#\/schema\/person\/d603dd7da31fb2b46c82b9835a77ec13\",\"name\":\"Etienne Goursaud\",\"image\":{\"@type\":\"ImageObject\",\"inLanguage\":\"fr-FR\",\"@id\":\"https:\/\/dicodusport.fr\/blog\/#\/schema\/person\/image\/\",\"url\":\"https:\/\/dicodusport.fr\/blog\/wp-content\/uploads\/2023\/12\/410122264_10231602061736049_5565839791558026645_n-150x150.jpg\",\"contentUrl\":\"https:\/\/dicodusport.fr\/blog\/wp-content\/uploads\/2023\/12\/410122264_10231602061736049_5565839791558026645_n-150x150.jpg\",\"caption\":\"Etienne Goursaud\"},\"description\":\"Journaliste et amoureux de sport. Ancien footballeur reconverti athl\u00e8te quand ses muscles le laissent tranquille. \u00c9lev\u00e9 \u00e0 la sauce des exploits de Thomas Voeckler en 2004, du dernier essai de l\u00e9gende de Eunice Barber \u00e0 la longueur lors des championnats du monde d'athl\u00e9tisme de 2003 mais aussi Zidane, Omeyer et Titou Lamaison.\",\"url\":\"https:\/\/dicodusport.fr\/blog\/author\/etienne-goursaud\/\"}]}<\/script>\n<!-- \/ Yoast SEO Premium plugin. -->","yoast_head_json":{"title":"Trofeo Alfredo Binda : Shirin van Anrooij s'impose en solitaire","description":"La jeune N\u00e9erlandaise Shirin van Anroiij (Trek-Segafredo) remporte le Trofeo Alfredo Binda et succ\u00e8de \u00e0 sa co\u00e9quipi\u00e8re Elisa Balsamo.","robots":{"index":"index","follow":"follow","max-snippet":"max-snippet:-1","max-image-preview":"max-image-preview:large","max-video-preview":"max-video-preview:-1"},"canonical":"https:\/\/dicodusport.fr\/blog\/trofeo-alfredo-binda-shirin-van-anrooij-s-impose-en-solitaire\/","og_locale":"fr_FR","og_type":"article","og_title":"Trofeo Alfredo Binda : Shirin van Anrooij s'impose en solitaire","og_description":"La jeune N\u00e9erlandaise Shirin van Anroiij (Trek-Segafredo) remporte le Trofeo Alfredo Binda et succ\u00e8de \u00e0 sa co\u00e9quipi\u00e8re Elisa Balsamo.","og_url":"https:\/\/dicodusport.fr\/blog\/trofeo-alfredo-binda-shirin-van-anrooij-s-impose-en-solitaire\/","og_site_name":"Dicodusport","article_publisher":"https:\/\/www.facebook.com\/dicodusport","article_published_time":"2023-03-19T15:47:12+00:00","article_modified_time":"2023-03-19T16:12:12+00:00","og_image":[{"width":800,"height":445,"url":"https:\/\/dicodusport.fr\/blog\/wp-content\/uploads\/2023\/03\/Trofeo-Alfredo-Binda-Shirin-van-Anrooij-simpose-en-solitaire.png","type":"image\/png"}],"author":"Etienne Goursaud","twitter_card":"summary_large_image","twitter_title":"Trofeo Alfredo Binda : Shirin van Anrooij s'impose en solitaire","twitter_creator":"@dicodusport","twitter_site":"@dicodusport","schema":{"@context":"https:\/\/schema.org","@graph":[{"@type":"NewsArticle","@id":"https:\/\/dicodusport.fr\/blog\/trofeo-alfredo-binda-shirin-van-anrooij-s-impose-en-solitaire\/#article","isPartOf":{"@id":"https:\/\/dicodusport.fr\/blog\/trofeo-alfredo-binda-shirin-van-anrooij-s-impose-en-solitaire\/"},"author":{"name":"Etienne Goursaud","@id":"https:\/\/dicodusport.fr\/blog\/#\/schema\/person\/d603dd7da31fb2b46c82b9835a77ec13"},"headline":"Trofeo Alfredo Binda : Shirin van Anrooij s&rsquo;impose en solitaire","datePublished":"2023-03-19T15:47:12+00:00","dateModified":"2023-03-19T16:12:12+00:00","mainEntityOfPage":{"@id":"https:\/\/dicodusport.fr\/blog\/trofeo-alfredo-binda-shirin-van-anrooij-s-impose-en-solitaire\/"},"wordCount":258,"commentCount":0,"publisher":{"@id":"https:\/\/dicodusport.fr\/blog\/#organization"},"image":{"@id":"https:\/\/dicodusport.fr\/blog\/trofeo-alfredo-binda-shirin-van-anrooij-s-impose-en-solitaire\/#primaryimage"},"thumbnailUrl":"https:\/\/dicodusport.fr\/blog\/wp-content\/uploads\/2023\/03\/Trofeo-Alfredo-Binda-Shirin-van-Anrooij-simpose-en-solitaire.png","keywords":["br\u00e8ve","cyclisme f\u00e9minin","Elisa Balsamo"],"articleSection":["Cyclisme sur route"],"inLanguage":"fr-FR","potentialAction":[{"@type":"CommentAction","name":"Comment","target":["https:\/\/dicodusport.fr\/blog\/trofeo-alfredo-binda-shirin-van-anrooij-s-impose-en-solitaire\/#respond"]}],"copyrightYear":"2023","copyrightHolder":{"@id":"https:\/\/dicodusport.fr\/blog\/#organization"}},{"@type":"WebPage","@id":"https:\/\/dicodusport.fr\/blog\/trofeo-alfredo-binda-shirin-van-anrooij-s-impose-en-solitaire\/","url":"https:\/\/dicodusport.fr\/blog\/trofeo-alfredo-binda-shirin-van-anrooij-s-impose-en-solitaire\/","name":"Trofeo Alfredo Binda : Shirin van Anrooij s'impose en solitaire","isPartOf":{"@id":"https:\/\/dicodusport.fr\/blog\/#website"},"primaryImageOfPage":{"@id":"https:\/\/dicodusport.fr\/blog\/trofeo-alfredo-binda-shirin-van-anrooij-s-impose-en-solitaire\/#primaryimage"},"image":{"@id":"https:\/\/dicodusport.fr\/blog\/trofeo-alfredo-binda-shirin-van-anrooij-s-impose-en-solitaire\/#primaryimage"},"thumbnailUrl":"https:\/\/dicodusport.fr\/blog\/wp-content\/uploads\/2023\/03\/Trofeo-Alfredo-Binda-Shirin-van-Anrooij-simpose-en-solitaire.png","datePublished":"2023-03-19T15:47:12+00:00","dateModified":"2023-03-19T16:12:12+00:00","description":"La jeune N\u00e9erlandaise Shirin van Anroiij (Trek-Segafredo) remporte le Trofeo Alfredo Binda et succ\u00e8de \u00e0 sa co\u00e9quipi\u00e8re Elisa Balsamo.","breadcrumb":{"@id":"https:\/\/dicodusport.fr\/blog\/trofeo-alfredo-binda-shirin-van-anrooij-s-impose-en-solitaire\/#breadcrumb"},"inLanguage":"fr-FR","potentialAction":[{"@type":"ReadAction","target":["https:\/\/dicodusport.fr\/blog\/trofeo-alfredo-binda-shirin-van-anrooij-s-impose-en-solitaire\/"]}]},{"@type":"ImageObject","inLanguage":"fr-FR","@id":"https:\/\/dicodusport.fr\/blog\/trofeo-alfredo-binda-shirin-van-anrooij-s-impose-en-solitaire\/#primaryimage","url":"https:\/\/dicodusport.fr\/blog\/wp-content\/uploads\/2023\/03\/Trofeo-Alfredo-Binda-Shirin-van-Anrooij-simpose-en-solitaire.png","contentUrl":"https:\/\/dicodusport.fr\/blog\/wp-content\/uploads\/2023\/03\/Trofeo-Alfredo-Binda-Shirin-van-Anrooij-simpose-en-solitaire.png","width":800,"height":445,"caption":"Trofeo Alfredo Binda Shirin van Anrooij s'impose en solitaire"},{"@type":"BreadcrumbList","@id":"https:\/\/dicodusport.fr\/blog\/trofeo-alfredo-binda-shirin-van-anrooij-s-impose-en-solitaire\/#breadcrumb","itemListElement":[{"@type":"ListItem","position":1,"name":"Accueil","item":"https:\/\/dicodusport.fr\/blog\/"},{"@type":"ListItem","position":2,"name":"Trofeo Alfredo Binda : Shirin van Anrooij s&rsquo;impose en solitaire"}]},{"@type":"WebSite","@id":"https:\/\/dicodusport.fr\/blog\/#website","url":"https:\/\/dicodusport.fr\/blog\/","name":"Dicodusport","description":"L&#039;encyclop\u00e9die de l&#039;actualit\u00e9 sportive","publisher":{"@id":"https:\/\/dicodusport.fr\/blog\/#organization"},"potentialAction":[{"@type":"SearchAction","target":{"@type":"EntryPoint","urlTemplate":"https:\/\/dicodusport.fr\/blog\/?s={search_term_string}"},"query-input":{"@type":"PropertyValueSpecification","valueRequired":true,"valueName":"search_term_string"}}],"inLanguage":"fr-FR"},{"@type":"NewsMediaOrganization","@id":"https:\/\/dicodusport.fr\/blog\/#organization","name":"Dicodusport","url":"https:\/\/dicodusport.fr\/blog\/","logo":{"@type":"ImageObject","inLanguage":"fr-FR","@id":"https:\/\/dicodusport.fr\/blog\/#\/schema\/logo\/image\/","url":"https:\/\/dicodusport.fr\/blog\/wp-content\/uploads\/2020\/06\/cropped-LOGO-DICODUSPORT-2020-SANS-FOND-SANS-TEXTE.png","contentUrl":"https:\/\/dicodusport.fr\/blog\/wp-content\/uploads\/2020\/06\/cropped-LOGO-DICODUSPORT-2020-SANS-FOND-SANS-TEXTE.png","width":512,"height":512,"caption":"Dicodusport"},"image":{"@id":"https:\/\/dicodusport.fr\/blog\/#\/schema\/logo\/image\/"},"sameAs":["https:\/\/www.facebook.com\/dicodusport","https:\/\/x.com\/dicodusport","https:\/\/www.instagram.com\/dicodusport\/","https:\/\/www.youtube.com\/channel\/UC7V2KZ5sd3htJivAbA4ZG3w"],"description":"Dicodusport est l'encyclop\u00e9die de l'actualit\u00e9 sportive.","email":"bonjour@dicodusport.fr","legalName":"DICODUSPORT","foundingDate":"2018-01-14","vatID":"FR71834470973","taxID":"83447097300043","numberOfEmployees":{"@type":"QuantitativeValue","minValue":"1","maxValue":"10"}},{"@type":"Person","@id":"https:\/\/dicodusport.fr\/blog\/#\/schema\/person\/d603dd7da31fb2b46c82b9835a77ec13","name":"Etienne Goursaud","image":{"@type":"ImageObject","inLanguage":"fr-FR","@id":"https:\/\/dicodusport.fr\/blog\/#\/schema\/person\/image\/","url":"https:\/\/dicodusport.fr\/blog\/wp-content\/uploads\/2023\/12\/410122264_10231602061736049_5565839791558026645_n-150x150.jpg","contentUrl":"https:\/\/dicodusport.fr\/blog\/wp-content\/uploads\/2023\/12\/410122264_10231602061736049_5565839791558026645_n-150x150.jpg","caption":"Etienne Goursaud"},"description":"Journaliste et amoureux de sport. Ancien footballeur reconverti athl\u00e8te quand ses muscles le laissent tranquille. \u00c9lev\u00e9 \u00e0 la sauce des exploits de Thomas Voeckler en 2004, du dernier essai de l\u00e9gende de Eunice Barber \u00e0 la longueur lors des championnats du monde d'athl\u00e9tisme de 2003 mais aussi Zidane, Omeyer et Titou Lamaison.","url":"https:\/\/dicodusport.fr\/blog\/author\/etienne-goursaud\/"}]}},"_links":{"self":[{"href":"https:\/\/dicodusport.fr\/blog\/wp-json\/wp\/v2\/posts\/367285","targetHints":{"allow":["GET"]}}],"collection":[{"href":"https:\/\/dicodusport.fr\/blog\/wp-json\/wp\/v2\/posts"}],"about":[{"href":"https:\/\/dicodusport.fr\/blog\/wp-json\/wp\/v2\/types\/post"}],"author":[{"embeddable":true,"href":"https:\/\/dicodusport.fr\/blog\/wp-json\/wp\/v2\/users\/83"}],"replies":[{"embeddable":true,"href":"https:\/\/dicodusport.fr\/blog\/wp-json\/wp\/v2\/comments?post=367285"}],"version-history":[{"count":0,"href":"https:\/\/dicodusport.fr\/blog\/wp-json\/wp\/v2\/posts\/367285\/revisions"}],"wp:featuredmedia":[{"embeddable":true,"href":"https:\/\/dicodusport.fr\/blog\/wp-json\/wp\/v2\/media\/367296"}],"wp:attachment":[{"href":"https:\/\/dicodusport.fr\/blog\/wp-json\/wp\/v2\/media?parent=367285"}],"wp:term":[{"taxonomy":"category","embeddable":true,"href":"https:\/\/dicodusport.fr\/blog\/wp-json\/wp\/v2\/categories?post=367285"},{"taxonomy":"post_tag","embeddable":true,"href":"https:\/\/dicodusport.fr\/blog\/wp-json\/wp\/v2\/tags?post=367285"}],"curies":[{"name":"wp","href":"https:\/\/api.w.org\/{rel}","templated":true}]}}