{"id":367848,"date":"2023-03-21T15:58:24","date_gmt":"2023-03-21T14:58:24","guid":{"rendered":"https:\/\/dicodusport.fr\/blog\/?p=367848&#038;preview=true&#038;preview_id=367848"},"modified":"2023-03-21T17:58:41","modified_gmt":"2023-03-21T16:58:41","slug":"semaine-coppi-et-bartali-2023-remi-cavagna-simpose-en-solitaire-sur-la-1ere-etape","status":"publish","type":"post","link":"https:\/\/dicodusport.fr\/blog\/semaine-coppi-et-bartali-2023-remi-cavagna-simpose-en-solitaire-sur-la-1ere-etape\/","title":{"rendered":"Semaine Coppi et Bartali 2023 : R\u00e9mi Cavagna s&rsquo;impose en solitaire sur la 1\u00e8re \u00e9tape"},"content":{"rendered":"<p style=\"text-align: justify;\"><em><strong>CYCLISME SUR ROUTE 2023 \u2013 R\u00e9mi Cavagna (Soudal Quick-Step) a remport\u00e9 la premi\u00e8re \u00e9tape de la Semaine Internationale Coppi et Bartali, en Italie. C&rsquo;est m\u00eame un doubl\u00e9 pour le Wolfpack, puisque Mauro Schmid prend la deuxi\u00e8me place.\u00a0<\/strong><\/em><\/p>\n<p style=\"text-align: justify;\">Pour la premi\u00e8re \u00e9tape de l&rsquo;\u00e9preuve par \u00e9tapes italienne, 161,8 kilom\u00e8tres et plus de 29 00 m\u00e8tres de d\u00e9nivel\u00e9 \u00e9taient au programme autour de Riccione.<\/p>\n<h2 style=\"text-align: justify;\">Le num\u00e9ro de R\u00e9mi Cavagna<\/h2>\n<p style=\"text-align: justify;\">D\u00e8s les premiers kilom\u00e8tres de course, cinq attaquants ont pris les devants et ont obtenu plus de 6 minutes d&rsquo;avance sur le peloton. Ensuite, l&rsquo;\u00e9quipe EF Education-EasyPost a d\u00e9cid\u00e9 de r\u00e9duire l&rsquo;avance des fuyards. Mais, apr\u00e8s la mi-course, <strong>R\u00e9mi Cavagna\u00a0<\/strong>(Soudal Quick-Step) est sorti seul du peloton. Le rouleur auvergnat est revenu rapidement sur les \u00e9chapp\u00e9s matinaux.<\/p>\n<p style=\"text-align: justify;\">Puis, Cavagna s&rsquo;est isol\u00e9 \u00e0 l&rsquo;avant de la course \u00e0 37 kilom\u00e8tres de l&rsquo;arriv\u00e9e. Au sein du peloton, la formation Jumbo-Visma a mis les bouch\u00e9es doubles pour tenter de combler le trou.<\/p>\n<h2 style=\"text-align: justify;\">Le 14\u00e8me bouquet du Wolfpack<\/h2>\n<p style=\"text-align: justify;\">Finalement,\u00a0<strong>R\u00e9mi Cavagna\u00a0<\/strong>(Soudal Quick-Step) a conserv\u00e9 32 secondes d&rsquo;avance pour d\u00e9crocher son neuvi\u00e8me bouquet en carri\u00e8re. Au sein d&rsquo;un peloton r\u00e9duit,\u00a0<strong>Mauro Schmid\u00a0<\/strong>(Soudal Quick-Step) a pris la deuxi\u00e8me place devant <strong>Rick Pluimers<\/strong> (Tudor Pro Cycling) et <strong>Loe van Belle<\/strong> (Jumbo-Visma).\u00a0<strong>R\u00e9mi Cavagna\u00a0<\/strong>(Soudal Quick-Step) a pris les commandes du g\u00e9n\u00e9ral.<\/p>\n<blockquote class=\"twitter-tweet\">\n<p dir=\"ltr\" lang=\"fr\">R\u00e9mi Cavagna (Soudal-QuickStep) s&rsquo;impose en solitaire sur la premi\u00e8re \u00e9tape de la Semaine internationale <a href=\"https:\/\/twitter.com\/hashtag\/CoppieBartali?src=hash&amp;ref_src=twsrc%5Etfw\">#CoppieBartali<\/a> ! Sorti \u00e0 plus de 40km de l&rsquo;arriv\u00e9e, le Fran\u00e7ais a r\u00e9alis\u00e9 un num\u00e9ro pour r\u00e9sister au peloton. Il n&rsquo;avait plus gagn\u00e9 depuis ao\u00fbt 2021. <a href=\"https:\/\/t.co\/xkHBQ5PkCG\">pic.twitter.com\/xkHBQ5PkCG<\/a><\/p>\n<p>\u2014 Le Gruppetto (@LeGruppetto) <a href=\"https:\/\/twitter.com\/LeGruppetto\/status\/1638193119123456000?ref_src=twsrc%5Etfw\">March 21, 2023<\/a><\/p><\/blockquote>\n<p><script async src=\"https:\/\/platform.twitter.com\/widgets.js\" charset=\"utf-8\"><\/script><\/p>\n<h2 style=\"text-align: justify;\">\u00c0 lire aussi<\/h2>\n<ul>\n<li style=\"text-align: justify;\"><a href=\"https:\/\/dicodusport.fr\/blog\/semaine-coppi-et-bartali-2023-classement-1ere-etape-copie\/\"><strong>Classement de la 1\u00e8re \u00e9tape de la Semaine Coppi et Bartali<\/strong><\/a><\/li>\n<li style=\"text-align: justify;\"><a href=\"https:\/\/dicodusport.fr\/blog\/semaine-coppi-et-bartali-2023-classement-general\/\"><strong>Classement g\u00e9n\u00e9ral de la Semaine Coppi et Bartali<\/strong><\/a><\/li>\n<\/ul>\n","protected":false},"excerpt":{"rendered":"<p>CYCLISME SUR ROUTE 2023 \u2013 R\u00e9mi Cavagna (Soudal Quick-Step) a remport\u00e9 la premi\u00e8re \u00e9tape de la Semaine Internationale Coppi et Bartali, en Italie. C&rsquo;est m\u00eame un doubl\u00e9 pour le Wolfpack, puisque Mauro Schmid prend la deuxi\u00e8me place.\u00a0<\/p>\n","protected":false},"author":48,"featured_media":367904,"comment_status":"open","ping_status":"closed","sticky":false,"template":"","format":"standard","meta":{"_acf_changed":false,"_daextam_enable_autolinks":"","footnotes":""},"categories":[46994],"tags":[3119,16878,16386,22493,28868],"class_list":["post-367848","post","type-post","status-publish","format-standard","has-post-thumbnail","hentry","category-cyclisme-sur-route","tag-actualite-cyclisme","tag-breve","tag-remi-cavagna","tag-semaine-coppi-et-bartali","tag-soudal-quick-step"],"acf":[],"yoast_head":"<!-- This site is optimized with the Yoast SEO Premium plugin v26.7 (Yoast SEO v26.7) - https:\/\/yoast.com\/wordpress\/plugins\/seo\/ -->\n<title>Semaine Coppi et Bartali 2023 : R\u00e9mi Cavagna s&#039;impose en solitaire sur la 1\u00e8re \u00e9tape<\/title>\n<meta name=\"description\" content=\"CYCLISME SUR ROUTE 2023 \u2013 R\u00e9mi Cavagna (Soudal Quick-Step) a remport\u00e9 la premi\u00e8re \u00e9tape de la Semaine Internationale Coppi et Bartali.\" \/>\n<meta name=\"robots\" content=\"index, follow, max-snippet:-1, max-image-preview:large, max-video-preview:-1\" \/>\n<link rel=\"canonical\" href=\"https:\/\/dicodusport.fr\/blog\/semaine-coppi-et-bartali-2023-remi-cavagna-simpose-en-solitaire-sur-la-1ere-etape\/\" \/>\n<meta property=\"og:locale\" content=\"fr_FR\" \/>\n<meta property=\"og:type\" content=\"article\" \/>\n<meta property=\"og:title\" content=\"Semaine Coppi et Bartali 2023 : R\u00e9mi Cavagna s&#039;impose en solitaire sur la 1\u00e8re \u00e9tape\" \/>\n<meta property=\"og:description\" content=\"CYCLISME SUR ROUTE 2023 \u2013 R\u00e9mi Cavagna (Soudal Quick-Step) a remport\u00e9 la premi\u00e8re \u00e9tape de la Semaine Internationale Coppi et Bartali.\" \/>\n<meta property=\"og:url\" content=\"https:\/\/dicodusport.fr\/blog\/semaine-coppi-et-bartali-2023-remi-cavagna-simpose-en-solitaire-sur-la-1ere-etape\/\" \/>\n<meta property=\"og:site_name\" content=\"Dicodusport\" \/>\n<meta property=\"article:publisher\" content=\"https:\/\/www.facebook.com\/dicodusport\" \/>\n<meta property=\"article:author\" content=\"https:\/\/www.facebook.com\/groups\/LesRoisDuPeloton\" \/>\n<meta property=\"article:published_time\" content=\"2023-03-21T14:58:24+00:00\" \/>\n<meta property=\"article:modified_time\" content=\"2023-03-21T16:58:41+00:00\" \/>\n<meta property=\"og:image\" content=\"https:\/\/dicodusport.fr\/blog\/wp-content\/uploads\/2023\/03\/Semaine-Coppi-et-Bartali-2023-Remi-Cavagna-simpose-en-solitaire-sur-la-1ere-etape-1.png\" \/>\n\t<meta property=\"og:image:width\" content=\"800\" \/>\n\t<meta property=\"og:image:height\" content=\"445\" \/>\n\t<meta property=\"og:image:type\" content=\"image\/png\" \/>\n<meta name=\"author\" content=\"Emilien Descampiaux\" \/>\n<meta name=\"twitter:card\" content=\"summary_large_image\" \/>\n<meta name=\"twitter:title\" content=\"Semaine Coppi et Bartali 2023 : R\u00e9mi Cavagna s&#039;impose en solitaire sur la 1\u00e8re \u00e9tape\" \/>\n<meta name=\"twitter:creator\" content=\"@https:\/\/twitter.com\/LRoisDuPeloton\" \/>\n<meta name=\"twitter:site\" content=\"@dicodusport\" \/>\n<script type=\"application\/ld+json\" class=\"yoast-schema-graph\">{\"@context\":\"https:\/\/schema.org\",\"@graph\":[{\"@type\":\"NewsArticle\",\"@id\":\"https:\/\/dicodusport.fr\/blog\/semaine-coppi-et-bartali-2023-remi-cavagna-simpose-en-solitaire-sur-la-1ere-etape\/#article\",\"isPartOf\":{\"@id\":\"https:\/\/dicodusport.fr\/blog\/semaine-coppi-et-bartali-2023-remi-cavagna-simpose-en-solitaire-sur-la-1ere-etape\/\"},\"author\":{\"name\":\"Emilien Descampiaux\",\"@id\":\"https:\/\/dicodusport.fr\/blog\/#\/schema\/person\/6db4bae06b171592211be385b32876a7\"},\"headline\":\"Semaine Coppi et Bartali 2023 : R\u00e9mi Cavagna s&rsquo;impose en solitaire sur la 1\u00e8re \u00e9tape\",\"datePublished\":\"2023-03-21T14:58:24+00:00\",\"dateModified\":\"2023-03-21T16:58:41+00:00\",\"mainEntityOfPage\":{\"@id\":\"https:\/\/dicodusport.fr\/blog\/semaine-coppi-et-bartali-2023-remi-cavagna-simpose-en-solitaire-sur-la-1ere-etape\/\"},\"wordCount\":337,\"commentCount\":0,\"publisher\":{\"@id\":\"https:\/\/dicodusport.fr\/blog\/#organization\"},\"image\":{\"@id\":\"https:\/\/dicodusport.fr\/blog\/semaine-coppi-et-bartali-2023-remi-cavagna-simpose-en-solitaire-sur-la-1ere-etape\/#primaryimage\"},\"thumbnailUrl\":\"https:\/\/dicodusport.fr\/blog\/wp-content\/uploads\/2023\/03\/Semaine-Coppi-et-Bartali-2023-Remi-Cavagna-simpose-en-solitaire-sur-la-1ere-etape-1.png\",\"keywords\":[\"Actualit\u00e9 Cyclisme\",\"br\u00e8ve\",\"R\u00e9mi Cavagna\",\"Semaine Coppi et Bartali\",\"Soudal Quick-Step\"],\"articleSection\":[\"Cyclisme sur route\"],\"inLanguage\":\"fr-FR\",\"potentialAction\":[{\"@type\":\"CommentAction\",\"name\":\"Comment\",\"target\":[\"https:\/\/dicodusport.fr\/blog\/semaine-coppi-et-bartali-2023-remi-cavagna-simpose-en-solitaire-sur-la-1ere-etape\/#respond\"]}],\"copyrightYear\":\"2023\",\"copyrightHolder\":{\"@id\":\"https:\/\/dicodusport.fr\/blog\/#organization\"}},{\"@type\":\"WebPage\",\"@id\":\"https:\/\/dicodusport.fr\/blog\/semaine-coppi-et-bartali-2023-remi-cavagna-simpose-en-solitaire-sur-la-1ere-etape\/\",\"url\":\"https:\/\/dicodusport.fr\/blog\/semaine-coppi-et-bartali-2023-remi-cavagna-simpose-en-solitaire-sur-la-1ere-etape\/\",\"name\":\"Semaine Coppi et Bartali 2023 : R\u00e9mi Cavagna s'impose en solitaire sur la 1\u00e8re \u00e9tape\",\"isPartOf\":{\"@id\":\"https:\/\/dicodusport.fr\/blog\/#website\"},\"primaryImageOfPage\":{\"@id\":\"https:\/\/dicodusport.fr\/blog\/semaine-coppi-et-bartali-2023-remi-cavagna-simpose-en-solitaire-sur-la-1ere-etape\/#primaryimage\"},\"image\":{\"@id\":\"https:\/\/dicodusport.fr\/blog\/semaine-coppi-et-bartali-2023-remi-cavagna-simpose-en-solitaire-sur-la-1ere-etape\/#primaryimage\"},\"thumbnailUrl\":\"https:\/\/dicodusport.fr\/blog\/wp-content\/uploads\/2023\/03\/Semaine-Coppi-et-Bartali-2023-Remi-Cavagna-simpose-en-solitaire-sur-la-1ere-etape-1.png\",\"datePublished\":\"2023-03-21T14:58:24+00:00\",\"dateModified\":\"2023-03-21T16:58:41+00:00\",\"description\":\"CYCLISME SUR ROUTE 2023 \u2013 R\u00e9mi Cavagna (Soudal Quick-Step) a remport\u00e9 la premi\u00e8re \u00e9tape de la Semaine Internationale Coppi et Bartali.\",\"breadcrumb\":{\"@id\":\"https:\/\/dicodusport.fr\/blog\/semaine-coppi-et-bartali-2023-remi-cavagna-simpose-en-solitaire-sur-la-1ere-etape\/#breadcrumb\"},\"inLanguage\":\"fr-FR\",\"potentialAction\":[{\"@type\":\"ReadAction\",\"target\":[\"https:\/\/dicodusport.fr\/blog\/semaine-coppi-et-bartali-2023-remi-cavagna-simpose-en-solitaire-sur-la-1ere-etape\/\"]}]},{\"@type\":\"ImageObject\",\"inLanguage\":\"fr-FR\",\"@id\":\"https:\/\/dicodusport.fr\/blog\/semaine-coppi-et-bartali-2023-remi-cavagna-simpose-en-solitaire-sur-la-1ere-etape\/#primaryimage\",\"url\":\"https:\/\/dicodusport.fr\/blog\/wp-content\/uploads\/2023\/03\/Semaine-Coppi-et-Bartali-2023-Remi-Cavagna-simpose-en-solitaire-sur-la-1ere-etape-1.png\",\"contentUrl\":\"https:\/\/dicodusport.fr\/blog\/wp-content\/uploads\/2023\/03\/Semaine-Coppi-et-Bartali-2023-Remi-Cavagna-simpose-en-solitaire-sur-la-1ere-etape-1.png\",\"width\":800,\"height\":445,\"caption\":\"Semaine Coppi et Bartali 2023 R\u00e9mi Cavagna s'impose en solitaire sur la 1\u00e8re \u00e9tape (1)\"},{\"@type\":\"BreadcrumbList\",\"@id\":\"https:\/\/dicodusport.fr\/blog\/semaine-coppi-et-bartali-2023-remi-cavagna-simpose-en-solitaire-sur-la-1ere-etape\/#breadcrumb\",\"itemListElement\":[{\"@type\":\"ListItem\",\"position\":1,\"name\":\"Accueil\",\"item\":\"https:\/\/dicodusport.fr\/blog\/\"},{\"@type\":\"ListItem\",\"position\":2,\"name\":\"Semaine Coppi et Bartali 2023 : R\u00e9mi Cavagna s&rsquo;impose en solitaire sur la 1\u00e8re \u00e9tape\"}]},{\"@type\":\"WebSite\",\"@id\":\"https:\/\/dicodusport.fr\/blog\/#website\",\"url\":\"https:\/\/dicodusport.fr\/blog\/\",\"name\":\"Dicodusport\",\"description\":\"L&#039;encyclop\u00e9die de l&#039;actualit\u00e9 sportive\",\"publisher\":{\"@id\":\"https:\/\/dicodusport.fr\/blog\/#organization\"},\"potentialAction\":[{\"@type\":\"SearchAction\",\"target\":{\"@type\":\"EntryPoint\",\"urlTemplate\":\"https:\/\/dicodusport.fr\/blog\/?s={search_term_string}\"},\"query-input\":{\"@type\":\"PropertyValueSpecification\",\"valueRequired\":true,\"valueName\":\"search_term_string\"}}],\"inLanguage\":\"fr-FR\"},{\"@type\":\"NewsMediaOrganization\",\"@id\":\"https:\/\/dicodusport.fr\/blog\/#organization\",\"name\":\"Dicodusport\",\"url\":\"https:\/\/dicodusport.fr\/blog\/\",\"logo\":{\"@type\":\"ImageObject\",\"inLanguage\":\"fr-FR\",\"@id\":\"https:\/\/dicodusport.fr\/blog\/#\/schema\/logo\/image\/\",\"url\":\"https:\/\/dicodusport.fr\/blog\/wp-content\/uploads\/2020\/06\/cropped-LOGO-DICODUSPORT-2020-SANS-FOND-SANS-TEXTE.png\",\"contentUrl\":\"https:\/\/dicodusport.fr\/blog\/wp-content\/uploads\/2020\/06\/cropped-LOGO-DICODUSPORT-2020-SANS-FOND-SANS-TEXTE.png\",\"width\":512,\"height\":512,\"caption\":\"Dicodusport\"},\"image\":{\"@id\":\"https:\/\/dicodusport.fr\/blog\/#\/schema\/logo\/image\/\"},\"sameAs\":[\"https:\/\/www.facebook.com\/dicodusport\",\"https:\/\/x.com\/dicodusport\",\"https:\/\/www.instagram.com\/dicodusport\/\",\"https:\/\/www.youtube.com\/channel\/UC7V2KZ5sd3htJivAbA4ZG3w\"],\"description\":\"Dicodusport est l'encyclop\u00e9die de l'actualit\u00e9 sportive.\",\"email\":\"bonjour@dicodusport.fr\",\"legalName\":\"DICODUSPORT\",\"foundingDate\":\"2018-01-14\",\"vatID\":\"FR71834470973\",\"taxID\":\"83447097300043\",\"numberOfEmployees\":{\"@type\":\"QuantitativeValue\",\"minValue\":\"1\",\"maxValue\":\"10\"}},{\"@type\":\"Person\",\"@id\":\"https:\/\/dicodusport.fr\/blog\/#\/schema\/person\/6db4bae06b171592211be385b32876a7\",\"name\":\"Emilien Descampiaux\",\"image\":{\"@type\":\"ImageObject\",\"inLanguage\":\"fr-FR\",\"@id\":\"https:\/\/dicodusport.fr\/blog\/#\/schema\/person\/image\/\",\"url\":\"https:\/\/dicodusport.fr\/blog\/wp-content\/uploads\/2021\/05\/Emilien-Descampiaux-150x150.jpg\",\"contentUrl\":\"https:\/\/dicodusport.fr\/blog\/wp-content\/uploads\/2021\/05\/Emilien-Descampiaux-150x150.jpg\",\"caption\":\"Emilien Descampiaux\"},\"description\":\"Journaliste\/r\u00e9dacteur depuis 2014 - Fan de la classe de Frank Vandenbroucke, je vis cyclisme (et de ses paysages) depuis plus de 20 ans. Je suis tr\u00e8s impliqu\u00e9 sur mes diff\u00e9rents r\u00e9seaux sociaux pour partager ma passion sur le monde et l'Histoire de la bicyclette avec ma voix sur les images en noir et blanc du succ\u00e8s de Rik Van Steenbergen lors du Ronde sur le V\u00e9lodrome de Gand.\",\"sameAs\":[\"https:\/\/www.facebook.com\/groups\/LesRoisDuPeloton\",\"https:\/\/x.com\/https:\/\/twitter.com\/LRoisDuPeloton\"],\"url\":\"https:\/\/dicodusport.fr\/blog\/author\/emiliend\/\"}]}<\/script>\n<!-- \/ Yoast SEO Premium plugin. -->","yoast_head_json":{"title":"Semaine Coppi et Bartali 2023 : R\u00e9mi Cavagna s'impose en solitaire sur la 1\u00e8re \u00e9tape","description":"CYCLISME SUR ROUTE 2023 \u2013 R\u00e9mi Cavagna (Soudal Quick-Step) a remport\u00e9 la premi\u00e8re \u00e9tape de la Semaine Internationale Coppi et Bartali.","robots":{"index":"index","follow":"follow","max-snippet":"max-snippet:-1","max-image-preview":"max-image-preview:large","max-video-preview":"max-video-preview:-1"},"canonical":"https:\/\/dicodusport.fr\/blog\/semaine-coppi-et-bartali-2023-remi-cavagna-simpose-en-solitaire-sur-la-1ere-etape\/","og_locale":"fr_FR","og_type":"article","og_title":"Semaine Coppi et Bartali 2023 : R\u00e9mi Cavagna s'impose en solitaire sur la 1\u00e8re \u00e9tape","og_description":"CYCLISME SUR ROUTE 2023 \u2013 R\u00e9mi Cavagna (Soudal Quick-Step) a remport\u00e9 la premi\u00e8re \u00e9tape de la Semaine Internationale Coppi et Bartali.","og_url":"https:\/\/dicodusport.fr\/blog\/semaine-coppi-et-bartali-2023-remi-cavagna-simpose-en-solitaire-sur-la-1ere-etape\/","og_site_name":"Dicodusport","article_publisher":"https:\/\/www.facebook.com\/dicodusport","article_author":"https:\/\/www.facebook.com\/groups\/LesRoisDuPeloton","article_published_time":"2023-03-21T14:58:24+00:00","article_modified_time":"2023-03-21T16:58:41+00:00","og_image":[{"width":800,"height":445,"url":"https:\/\/dicodusport.fr\/blog\/wp-content\/uploads\/2023\/03\/Semaine-Coppi-et-Bartali-2023-Remi-Cavagna-simpose-en-solitaire-sur-la-1ere-etape-1.png","type":"image\/png"}],"author":"Emilien Descampiaux","twitter_card":"summary_large_image","twitter_title":"Semaine Coppi et Bartali 2023 : R\u00e9mi Cavagna s'impose en solitaire sur la 1\u00e8re \u00e9tape","twitter_creator":"@https:\/\/twitter.com\/LRoisDuPeloton","twitter_site":"@dicodusport","schema":{"@context":"https:\/\/schema.org","@graph":[{"@type":"NewsArticle","@id":"https:\/\/dicodusport.fr\/blog\/semaine-coppi-et-bartali-2023-remi-cavagna-simpose-en-solitaire-sur-la-1ere-etape\/#article","isPartOf":{"@id":"https:\/\/dicodusport.fr\/blog\/semaine-coppi-et-bartali-2023-remi-cavagna-simpose-en-solitaire-sur-la-1ere-etape\/"},"author":{"name":"Emilien Descampiaux","@id":"https:\/\/dicodusport.fr\/blog\/#\/schema\/person\/6db4bae06b171592211be385b32876a7"},"headline":"Semaine Coppi et Bartali 2023 : R\u00e9mi Cavagna s&rsquo;impose en solitaire sur la 1\u00e8re \u00e9tape","datePublished":"2023-03-21T14:58:24+00:00","dateModified":"2023-03-21T16:58:41+00:00","mainEntityOfPage":{"@id":"https:\/\/dicodusport.fr\/blog\/semaine-coppi-et-bartali-2023-remi-cavagna-simpose-en-solitaire-sur-la-1ere-etape\/"},"wordCount":337,"commentCount":0,"publisher":{"@id":"https:\/\/dicodusport.fr\/blog\/#organization"},"image":{"@id":"https:\/\/dicodusport.fr\/blog\/semaine-coppi-et-bartali-2023-remi-cavagna-simpose-en-solitaire-sur-la-1ere-etape\/#primaryimage"},"thumbnailUrl":"https:\/\/dicodusport.fr\/blog\/wp-content\/uploads\/2023\/03\/Semaine-Coppi-et-Bartali-2023-Remi-Cavagna-simpose-en-solitaire-sur-la-1ere-etape-1.png","keywords":["Actualit\u00e9 Cyclisme","br\u00e8ve","R\u00e9mi Cavagna","Semaine Coppi et Bartali","Soudal Quick-Step"],"articleSection":["Cyclisme sur route"],"inLanguage":"fr-FR","potentialAction":[{"@type":"CommentAction","name":"Comment","target":["https:\/\/dicodusport.fr\/blog\/semaine-coppi-et-bartali-2023-remi-cavagna-simpose-en-solitaire-sur-la-1ere-etape\/#respond"]}],"copyrightYear":"2023","copyrightHolder":{"@id":"https:\/\/dicodusport.fr\/blog\/#organization"}},{"@type":"WebPage","@id":"https:\/\/dicodusport.fr\/blog\/semaine-coppi-et-bartali-2023-remi-cavagna-simpose-en-solitaire-sur-la-1ere-etape\/","url":"https:\/\/dicodusport.fr\/blog\/semaine-coppi-et-bartali-2023-remi-cavagna-simpose-en-solitaire-sur-la-1ere-etape\/","name":"Semaine Coppi et Bartali 2023 : R\u00e9mi Cavagna s'impose en solitaire sur la 1\u00e8re \u00e9tape","isPartOf":{"@id":"https:\/\/dicodusport.fr\/blog\/#website"},"primaryImageOfPage":{"@id":"https:\/\/dicodusport.fr\/blog\/semaine-coppi-et-bartali-2023-remi-cavagna-simpose-en-solitaire-sur-la-1ere-etape\/#primaryimage"},"image":{"@id":"https:\/\/dicodusport.fr\/blog\/semaine-coppi-et-bartali-2023-remi-cavagna-simpose-en-solitaire-sur-la-1ere-etape\/#primaryimage"},"thumbnailUrl":"https:\/\/dicodusport.fr\/blog\/wp-content\/uploads\/2023\/03\/Semaine-Coppi-et-Bartali-2023-Remi-Cavagna-simpose-en-solitaire-sur-la-1ere-etape-1.png","datePublished":"2023-03-21T14:58:24+00:00","dateModified":"2023-03-21T16:58:41+00:00","description":"CYCLISME SUR ROUTE 2023 \u2013 R\u00e9mi Cavagna (Soudal Quick-Step) a remport\u00e9 la premi\u00e8re \u00e9tape de la Semaine Internationale Coppi et Bartali.","breadcrumb":{"@id":"https:\/\/dicodusport.fr\/blog\/semaine-coppi-et-bartali-2023-remi-cavagna-simpose-en-solitaire-sur-la-1ere-etape\/#breadcrumb"},"inLanguage":"fr-FR","potentialAction":[{"@type":"ReadAction","target":["https:\/\/dicodusport.fr\/blog\/semaine-coppi-et-bartali-2023-remi-cavagna-simpose-en-solitaire-sur-la-1ere-etape\/"]}]},{"@type":"ImageObject","inLanguage":"fr-FR","@id":"https:\/\/dicodusport.fr\/blog\/semaine-coppi-et-bartali-2023-remi-cavagna-simpose-en-solitaire-sur-la-1ere-etape\/#primaryimage","url":"https:\/\/dicodusport.fr\/blog\/wp-content\/uploads\/2023\/03\/Semaine-Coppi-et-Bartali-2023-Remi-Cavagna-simpose-en-solitaire-sur-la-1ere-etape-1.png","contentUrl":"https:\/\/dicodusport.fr\/blog\/wp-content\/uploads\/2023\/03\/Semaine-Coppi-et-Bartali-2023-Remi-Cavagna-simpose-en-solitaire-sur-la-1ere-etape-1.png","width":800,"height":445,"caption":"Semaine Coppi et Bartali 2023 R\u00e9mi Cavagna s'impose en solitaire sur la 1\u00e8re \u00e9tape (1)"},{"@type":"BreadcrumbList","@id":"https:\/\/dicodusport.fr\/blog\/semaine-coppi-et-bartali-2023-remi-cavagna-simpose-en-solitaire-sur-la-1ere-etape\/#breadcrumb","itemListElement":[{"@type":"ListItem","position":1,"name":"Accueil","item":"https:\/\/dicodusport.fr\/blog\/"},{"@type":"ListItem","position":2,"name":"Semaine Coppi et Bartali 2023 : R\u00e9mi Cavagna s&rsquo;impose en solitaire sur la 1\u00e8re \u00e9tape"}]},{"@type":"WebSite","@id":"https:\/\/dicodusport.fr\/blog\/#website","url":"https:\/\/dicodusport.fr\/blog\/","name":"Dicodusport","description":"L&#039;encyclop\u00e9die de l&#039;actualit\u00e9 sportive","publisher":{"@id":"https:\/\/dicodusport.fr\/blog\/#organization"},"potentialAction":[{"@type":"SearchAction","target":{"@type":"EntryPoint","urlTemplate":"https:\/\/dicodusport.fr\/blog\/?s={search_term_string}"},"query-input":{"@type":"PropertyValueSpecification","valueRequired":true,"valueName":"search_term_string"}}],"inLanguage":"fr-FR"},{"@type":"NewsMediaOrganization","@id":"https:\/\/dicodusport.fr\/blog\/#organization","name":"Dicodusport","url":"https:\/\/dicodusport.fr\/blog\/","logo":{"@type":"ImageObject","inLanguage":"fr-FR","@id":"https:\/\/dicodusport.fr\/blog\/#\/schema\/logo\/image\/","url":"https:\/\/dicodusport.fr\/blog\/wp-content\/uploads\/2020\/06\/cropped-LOGO-DICODUSPORT-2020-SANS-FOND-SANS-TEXTE.png","contentUrl":"https:\/\/dicodusport.fr\/blog\/wp-content\/uploads\/2020\/06\/cropped-LOGO-DICODUSPORT-2020-SANS-FOND-SANS-TEXTE.png","width":512,"height":512,"caption":"Dicodusport"},"image":{"@id":"https:\/\/dicodusport.fr\/blog\/#\/schema\/logo\/image\/"},"sameAs":["https:\/\/www.facebook.com\/dicodusport","https:\/\/x.com\/dicodusport","https:\/\/www.instagram.com\/dicodusport\/","https:\/\/www.youtube.com\/channel\/UC7V2KZ5sd3htJivAbA4ZG3w"],"description":"Dicodusport est l'encyclop\u00e9die de l'actualit\u00e9 sportive.","email":"bonjour@dicodusport.fr","legalName":"DICODUSPORT","foundingDate":"2018-01-14","vatID":"FR71834470973","taxID":"83447097300043","numberOfEmployees":{"@type":"QuantitativeValue","minValue":"1","maxValue":"10"}},{"@type":"Person","@id":"https:\/\/dicodusport.fr\/blog\/#\/schema\/person\/6db4bae06b171592211be385b32876a7","name":"Emilien Descampiaux","image":{"@type":"ImageObject","inLanguage":"fr-FR","@id":"https:\/\/dicodusport.fr\/blog\/#\/schema\/person\/image\/","url":"https:\/\/dicodusport.fr\/blog\/wp-content\/uploads\/2021\/05\/Emilien-Descampiaux-150x150.jpg","contentUrl":"https:\/\/dicodusport.fr\/blog\/wp-content\/uploads\/2021\/05\/Emilien-Descampiaux-150x150.jpg","caption":"Emilien Descampiaux"},"description":"Journaliste\/r\u00e9dacteur depuis 2014 - Fan de la classe de Frank Vandenbroucke, je vis cyclisme (et de ses paysages) depuis plus de 20 ans. Je suis tr\u00e8s impliqu\u00e9 sur mes diff\u00e9rents r\u00e9seaux sociaux pour partager ma passion sur le monde et l'Histoire de la bicyclette avec ma voix sur les images en noir et blanc du succ\u00e8s de Rik Van Steenbergen lors du Ronde sur le V\u00e9lodrome de Gand.","sameAs":["https:\/\/www.facebook.com\/groups\/LesRoisDuPeloton","https:\/\/x.com\/https:\/\/twitter.com\/LRoisDuPeloton"],"url":"https:\/\/dicodusport.fr\/blog\/author\/emiliend\/"}]}},"_links":{"self":[{"href":"https:\/\/dicodusport.fr\/blog\/wp-json\/wp\/v2\/posts\/367848","targetHints":{"allow":["GET"]}}],"collection":[{"href":"https:\/\/dicodusport.fr\/blog\/wp-json\/wp\/v2\/posts"}],"about":[{"href":"https:\/\/dicodusport.fr\/blog\/wp-json\/wp\/v2\/types\/post"}],"author":[{"embeddable":true,"href":"https:\/\/dicodusport.fr\/blog\/wp-json\/wp\/v2\/users\/48"}],"replies":[{"embeddable":true,"href":"https:\/\/dicodusport.fr\/blog\/wp-json\/wp\/v2\/comments?post=367848"}],"version-history":[{"count":0,"href":"https:\/\/dicodusport.fr\/blog\/wp-json\/wp\/v2\/posts\/367848\/revisions"}],"wp:featuredmedia":[{"embeddable":true,"href":"https:\/\/dicodusport.fr\/blog\/wp-json\/wp\/v2\/media\/367904"}],"wp:attachment":[{"href":"https:\/\/dicodusport.fr\/blog\/wp-json\/wp\/v2\/media?parent=367848"}],"wp:term":[{"taxonomy":"category","embeddable":true,"href":"https:\/\/dicodusport.fr\/blog\/wp-json\/wp\/v2\/categories?post=367848"},{"taxonomy":"post_tag","embeddable":true,"href":"https:\/\/dicodusport.fr\/blog\/wp-json\/wp\/v2\/tags?post=367848"}],"curies":[{"name":"wp","href":"https:\/\/api.w.org\/{rel}","templated":true}]}}