{"id":368592,"date":"2023-03-24T14:06:17","date_gmt":"2023-03-24T13:06:17","guid":{"rendered":"https:\/\/dicodusport.fr\/blog\/?p=368592&#038;preview=true&#038;preview_id=368592"},"modified":"2023-03-24T14:51:55","modified_gmt":"2023-03-24T13:51:55","slug":"mondiaux-patinage-artistique-kaori-sakamoto-titree-le-recap-de-vendredi","status":"publish","type":"post","link":"https:\/\/dicodusport.fr\/blog\/mondiaux-patinage-artistique-kaori-sakamoto-titree-le-recap-de-vendredi\/","title":{"rendered":"Mondiaux Patinage artistique : Kaori Sakamoto titr\u00e9e, le r\u00e9cap&rsquo; de vendredi"},"content":{"rendered":"<p style=\"text-align: justify;\"><strong><em><a href=\"https:\/\/dicodusport.fr\/blog\/programme-et-resultats-championnats-du-monde-de-patinage-artistique-2023\/\">PATINAGE ARTISTIQUE CHAMPIONNATS DU MONDE<\/a> \u2013 Le troisi\u00e8me jour de comp\u00e9tition \u00e0 Saitama a sacr\u00e9 Kaori Sakamoto chez les femmes ! En danse, les Am\u00e9ricains Madison Chock et Evan Bates ont pris l\u2019avantage \u00e0 la suite de la danse rythmique.<\/em><\/strong><\/p>\n<h2 style=\"text-align: justify;\">Danse rythmique\u00a0: Chock et Bates impressionnent<\/h2>\n<p style=\"text-align: justify;\">Dans le duel pour le titre mondial opposant <strong>Madison Chock<\/strong> et <strong>Evan Bates<\/strong> \u00e0 la paire canadienne <strong>Piper Gilles \/ Paul Poirier<\/strong>, ce sont les premiers qui ont pris l\u2019ascendant aujourd\u2019hui. Avec un superbe score 91,94 points, tr\u00e8s proche du record du monde, les Am\u00e9ricains prennent une option sur la victoire. Pour Gilles \/ Poirier en revanche, c\u2019est une petite d\u00e9ception car ils ne sont que troisi\u00e8mes apr\u00e8s cette premi\u00e8re \u00e9tape. Ce sont les Italiens <strong>Charl\u00e8ne Guignard<\/strong> et <strong>Marco Fabbri<\/strong> qui s\u2019intercalent entre les deux favoris. Les <a href=\"https:\/\/dicodusport.fr\/blog\/patinage-artistique-championnats-deurope-anastasiia-gubanova-et-guignard-fabbri-en-or\/\">champions d\u2019Europe<\/a> n\u2019\u00e9taient pas forc\u00e9ment attendus \u00e0 cette place, mais les \u00e9carts restent tr\u00e8s faibles. La danse libre sera cruciale pour les d\u00e9partager.<\/p>\n<p style=\"text-align: justify;\">Autre surprise dans le top 5, alors qu\u2019on attendait les autres Canadiens <strong>Laurence Fournier-Beaudry<\/strong> et <strong>Nikolaj Soerensen<\/strong> pour jouer le podium, ils ne terminent que 5<sup>e<\/sup>. Les Britanniques <strong>Lilah Fear<\/strong> et <strong>Lewis Gibson<\/strong> en profitent pour se placer \u00e0 la 4<sup>e<\/sup> position, en embuscade pour le podium. Les voir repartir avec une m\u00e9daille serait une petite sensation. Enfin, c\u00f4t\u00e9 fran\u00e7ais, <strong>Evgeniia Lopareva \/ Geoffrey Brissaud<\/strong> et <strong>Loicia Demougeot \/ Th\u00e9o le Mercier<\/strong> se suivent dans le classement, respectivement \u00e0 la 12<sup>e<\/sup> et 13<sup>e<\/sup> place. Malheureusement, le dernier couple engag\u00e9, <strong>Marie Dupayage<\/strong> et <strong>Thomas Nabais<\/strong>, manque de tr\u00e8s peu (0,07 point) la qualification pour la danse libre.<\/p>\n<h2 style=\"text-align: justify;\">Programme libre femmes\u00a0: Kaori Sakamoto championne \u00e0 domicile<\/h2>\n<p style=\"text-align: justify;\">Le Japon continue sa moisson d\u2019or pour ses championnats du monde. <strong>Kaori Sakamoto<\/strong>, qui \u00e9tait tr\u00e8s attendue apr\u00e8s son titre l\u2019ann\u00e9e derni\u00e8re, a r\u00e9ussi \u00e0 le conserver \u00e0 la faveur d\u2019un libre solide mais pas parfait. Cependant, son avance \u00e0 l\u2019issue du <a href=\"https:\/\/dicodusport.fr\/blog\/mondiaux-patinage-artistique-miura-kihara-et-sakamoto-en-tete-le-recap-de-mercredi\/\">court<\/a> lui a permis de s\u2019assurer la victoire. La Cor\u00e9enne <strong>Haein Lee<\/strong> reste en deuxi\u00e8me position, pour terminer en beaut\u00e9 une saison o\u00f9 elle se sera r\u00e9v\u00e9l\u00e9e (gagnante des <a href=\"https:\/\/dicodusport.fr\/blog\/patinage-artistique-les-resultats-des-quatre-continents\/\">Quatre Continents<\/a> notamment).<\/p>\n<p style=\"text-align: justify;\">L\u2019\u00e9quipe japonaise aurait m\u00eame pu faire le doubl\u00e9, mais <strong>Mai Mihara<\/strong> a commis quelques erreurs qui la r\u00e9trogradent en 5<sup>e<\/sup> position. La Belge <strong>Loena Hendrickx<\/strong>, qui avait une revanche \u00e0 prendre apr\u00e8s les championnats d\u2019Europe mais qui \u00e9tait un peu en retrait lors du court, r\u00e9ussit \u00e0 remonter sur le podium. Si elle \u00e9tait s\u00fbrement venue pour obtenir autre chose que du bronze, au vu de la densit\u00e9 du plateau elle peut se satisfaire de cette performance. L\u2019Am\u00e9ricaine <strong>Isabeau Levito<\/strong>, 16 ans, termine au pied du podium pour sa premi\u00e8re participation aux Mondiaux.<\/p>\n<blockquote class=\"twitter-tweet\">\n<p dir=\"ltr\" lang=\"en\">\ud83c\udfc6 Final results for the Women\u2018s event at the ISU World Figure Skating Championships 2023 in Saitama, \ud83c\uddef\ud83c\uddf5<\/p>\n<p>\ud83e\udd47 Kaori Sakamoto<br \/>\n\ud83e\udd48 Haein Lee<br \/>\n\ud83e\udd49 Loena Hendrickx<a href=\"https:\/\/twitter.com\/hashtag\/FigureSkating?src=hash&amp;ref_src=twsrc%5Etfw\">#FigureSkating<\/a> <a href=\"https:\/\/twitter.com\/hashtag\/WorldFigure?src=hash&amp;ref_src=twsrc%5Etfw\">#WorldFigure<\/a> <a href=\"https:\/\/t.co\/A1vtixSkJu\">pic.twitter.com\/A1vtixSkJu<\/a><\/p>\n<p>\u2014 ISU Figure Skating (@ISU_Figure) <a href=\"https:\/\/twitter.com\/ISU_Figure\/status\/1639254718303318021?ref_src=twsrc%5Etfw\">March 24, 2023<\/a><\/p><\/blockquote>\n<p><script async src=\"https:\/\/platform.twitter.com\/widgets.js\" charset=\"utf-8\"><\/script><\/p>\n","protected":false},"excerpt":{"rendered":"<p>PATINAGE ARTISTIQUE CHAMPIONNATS DU MONDE \u2013 Le troisi\u00e8me jour de comp\u00e9tition \u00e0 Saitama a sacr\u00e9 Kaori Sakamoto chez les femmes ! En danse, les Am\u00e9ricains Madison Chock et Evan Bates ont pris l\u2019avantage \u00e0 la suite de la danse rythmique.<\/p>\n","protected":false},"author":78,"featured_media":368615,"comment_status":"open","ping_status":"closed","sticky":false,"template":"","format":"standard","meta":{"_acf_changed":false,"_daextam_enable_autolinks":"","footnotes":""},"categories":[9141],"tags":[16878,27512],"class_list":["post-368592","post","type-post","status-publish","format-standard","has-post-thumbnail","hentry","category-patinage-artistique","tag-breve","tag-kaori-sakamoto"],"acf":[],"yoast_head":"<!-- This site is optimized with the Yoast SEO Premium plugin v26.7 (Yoast SEO v26.7) - https:\/\/yoast.com\/wordpress\/plugins\/seo\/ -->\n<title>Mondiaux Patinage artistique : Kaori Sakamoto titr\u00e9e, le r\u00e9cap&#039; de vendredi<\/title>\n<meta name=\"description\" content=\"Le troisi\u00e8me jour de comp\u00e9tition a sacr\u00e9 Kaori Sakamoto chez les femmes ! En danse, Chock et Bates sont en t\u00eate apr\u00e8s la danse rythmique.\" \/>\n<meta name=\"robots\" content=\"index, follow, max-snippet:-1, max-image-preview:large, max-video-preview:-1\" \/>\n<link rel=\"canonical\" href=\"https:\/\/dicodusport.fr\/blog\/mondiaux-patinage-artistique-kaori-sakamoto-titree-le-recap-de-vendredi\/\" \/>\n<meta property=\"og:locale\" content=\"fr_FR\" \/>\n<meta property=\"og:type\" content=\"article\" \/>\n<meta property=\"og:title\" content=\"Mondiaux Patinage artistique : Kaori Sakamoto titr\u00e9e, le r\u00e9cap&#039; de vendredi\" \/>\n<meta property=\"og:description\" content=\"Le troisi\u00e8me jour de comp\u00e9tition a sacr\u00e9 Kaori Sakamoto chez les femmes ! En danse, Chock et Bates sont en t\u00eate apr\u00e8s la danse rythmique.\" \/>\n<meta property=\"og:url\" content=\"https:\/\/dicodusport.fr\/blog\/mondiaux-patinage-artistique-kaori-sakamoto-titree-le-recap-de-vendredi\/\" \/>\n<meta property=\"og:site_name\" content=\"Dicodusport\" \/>\n<meta property=\"article:publisher\" content=\"https:\/\/www.facebook.com\/dicodusport\" \/>\n<meta property=\"article:published_time\" content=\"2023-03-24T13:06:17+00:00\" \/>\n<meta property=\"article:modified_time\" content=\"2023-03-24T13:51:55+00:00\" \/>\n<meta property=\"og:image\" content=\"https:\/\/dicodusport.fr\/blog\/wp-content\/uploads\/2023\/03\/Mondiaux-Patinage-artistique-Kaori-Sakamoto-titree-le-recap-de-vendredi.png\" \/>\n\t<meta property=\"og:image:width\" content=\"800\" \/>\n\t<meta property=\"og:image:height\" content=\"445\" \/>\n\t<meta property=\"og:image:type\" content=\"image\/png\" \/>\n<meta name=\"author\" content=\"Z\u00e9lie Germain\" \/>\n<meta name=\"twitter:card\" content=\"summary_large_image\" \/>\n<meta name=\"twitter:title\" content=\"Mondiaux Patinage artistique : Kaori Sakamoto titr\u00e9e, le r\u00e9cap&#039; de vendredi\" \/>\n<meta name=\"twitter:creator\" content=\"@https:\/\/twitter.com\/zelie_germain\" \/>\n<meta name=\"twitter:site\" content=\"@dicodusport\" \/>\n<script type=\"application\/ld+json\" class=\"yoast-schema-graph\">{\"@context\":\"https:\/\/schema.org\",\"@graph\":[{\"@type\":\"NewsArticle\",\"@id\":\"https:\/\/dicodusport.fr\/blog\/mondiaux-patinage-artistique-kaori-sakamoto-titree-le-recap-de-vendredi\/#article\",\"isPartOf\":{\"@id\":\"https:\/\/dicodusport.fr\/blog\/mondiaux-patinage-artistique-kaori-sakamoto-titree-le-recap-de-vendredi\/\"},\"author\":{\"name\":\"Z\u00e9lie Germain\",\"@id\":\"https:\/\/dicodusport.fr\/blog\/#\/schema\/person\/ade27d46dcba39a8da7a6a9ac491570d\"},\"headline\":\"Mondiaux Patinage artistique : Kaori Sakamoto titr\u00e9e, le r\u00e9cap&rsquo; de vendredi\",\"datePublished\":\"2023-03-24T13:06:17+00:00\",\"dateModified\":\"2023-03-24T13:51:55+00:00\",\"mainEntityOfPage\":{\"@id\":\"https:\/\/dicodusport.fr\/blog\/mondiaux-patinage-artistique-kaori-sakamoto-titree-le-recap-de-vendredi\/\"},\"wordCount\":513,\"commentCount\":0,\"publisher\":{\"@id\":\"https:\/\/dicodusport.fr\/blog\/#organization\"},\"image\":{\"@id\":\"https:\/\/dicodusport.fr\/blog\/mondiaux-patinage-artistique-kaori-sakamoto-titree-le-recap-de-vendredi\/#primaryimage\"},\"thumbnailUrl\":\"https:\/\/dicodusport.fr\/blog\/wp-content\/uploads\/2023\/03\/Mondiaux-Patinage-artistique-Kaori-Sakamoto-titree-le-recap-de-vendredi.png\",\"keywords\":[\"br\u00e8ve\",\"Kaori Sakamoto\"],\"articleSection\":[\"Patinage artistique\"],\"inLanguage\":\"fr-FR\",\"potentialAction\":[{\"@type\":\"CommentAction\",\"name\":\"Comment\",\"target\":[\"https:\/\/dicodusport.fr\/blog\/mondiaux-patinage-artistique-kaori-sakamoto-titree-le-recap-de-vendredi\/#respond\"]}],\"copyrightYear\":\"2023\",\"copyrightHolder\":{\"@id\":\"https:\/\/dicodusport.fr\/blog\/#organization\"}},{\"@type\":\"WebPage\",\"@id\":\"https:\/\/dicodusport.fr\/blog\/mondiaux-patinage-artistique-kaori-sakamoto-titree-le-recap-de-vendredi\/\",\"url\":\"https:\/\/dicodusport.fr\/blog\/mondiaux-patinage-artistique-kaori-sakamoto-titree-le-recap-de-vendredi\/\",\"name\":\"Mondiaux Patinage artistique : Kaori Sakamoto titr\u00e9e, le r\u00e9cap' de vendredi\",\"isPartOf\":{\"@id\":\"https:\/\/dicodusport.fr\/blog\/#website\"},\"primaryImageOfPage\":{\"@id\":\"https:\/\/dicodusport.fr\/blog\/mondiaux-patinage-artistique-kaori-sakamoto-titree-le-recap-de-vendredi\/#primaryimage\"},\"image\":{\"@id\":\"https:\/\/dicodusport.fr\/blog\/mondiaux-patinage-artistique-kaori-sakamoto-titree-le-recap-de-vendredi\/#primaryimage\"},\"thumbnailUrl\":\"https:\/\/dicodusport.fr\/blog\/wp-content\/uploads\/2023\/03\/Mondiaux-Patinage-artistique-Kaori-Sakamoto-titree-le-recap-de-vendredi.png\",\"datePublished\":\"2023-03-24T13:06:17+00:00\",\"dateModified\":\"2023-03-24T13:51:55+00:00\",\"description\":\"Le troisi\u00e8me jour de comp\u00e9tition a sacr\u00e9 Kaori Sakamoto chez les femmes ! En danse, Chock et Bates sont en t\u00eate apr\u00e8s la danse rythmique.\",\"breadcrumb\":{\"@id\":\"https:\/\/dicodusport.fr\/blog\/mondiaux-patinage-artistique-kaori-sakamoto-titree-le-recap-de-vendredi\/#breadcrumb\"},\"inLanguage\":\"fr-FR\",\"potentialAction\":[{\"@type\":\"ReadAction\",\"target\":[\"https:\/\/dicodusport.fr\/blog\/mondiaux-patinage-artistique-kaori-sakamoto-titree-le-recap-de-vendredi\/\"]}]},{\"@type\":\"ImageObject\",\"inLanguage\":\"fr-FR\",\"@id\":\"https:\/\/dicodusport.fr\/blog\/mondiaux-patinage-artistique-kaori-sakamoto-titree-le-recap-de-vendredi\/#primaryimage\",\"url\":\"https:\/\/dicodusport.fr\/blog\/wp-content\/uploads\/2023\/03\/Mondiaux-Patinage-artistique-Kaori-Sakamoto-titree-le-recap-de-vendredi.png\",\"contentUrl\":\"https:\/\/dicodusport.fr\/blog\/wp-content\/uploads\/2023\/03\/Mondiaux-Patinage-artistique-Kaori-Sakamoto-titree-le-recap-de-vendredi.png\",\"width\":800,\"height\":445,\"caption\":\"Mondiaux Patinage artistique Kaori Sakamoto titr\u00e9e, le r\u00e9cap' de vendredi\"},{\"@type\":\"BreadcrumbList\",\"@id\":\"https:\/\/dicodusport.fr\/blog\/mondiaux-patinage-artistique-kaori-sakamoto-titree-le-recap-de-vendredi\/#breadcrumb\",\"itemListElement\":[{\"@type\":\"ListItem\",\"position\":1,\"name\":\"Accueil\",\"item\":\"https:\/\/dicodusport.fr\/blog\/\"},{\"@type\":\"ListItem\",\"position\":2,\"name\":\"Mondiaux Patinage artistique : Kaori Sakamoto titr\u00e9e, le r\u00e9cap&rsquo; de vendredi\"}]},{\"@type\":\"WebSite\",\"@id\":\"https:\/\/dicodusport.fr\/blog\/#website\",\"url\":\"https:\/\/dicodusport.fr\/blog\/\",\"name\":\"Dicodusport\",\"description\":\"L&#039;encyclop\u00e9die de l&#039;actualit\u00e9 sportive\",\"publisher\":{\"@id\":\"https:\/\/dicodusport.fr\/blog\/#organization\"},\"potentialAction\":[{\"@type\":\"SearchAction\",\"target\":{\"@type\":\"EntryPoint\",\"urlTemplate\":\"https:\/\/dicodusport.fr\/blog\/?s={search_term_string}\"},\"query-input\":{\"@type\":\"PropertyValueSpecification\",\"valueRequired\":true,\"valueName\":\"search_term_string\"}}],\"inLanguage\":\"fr-FR\"},{\"@type\":\"NewsMediaOrganization\",\"@id\":\"https:\/\/dicodusport.fr\/blog\/#organization\",\"name\":\"Dicodusport\",\"url\":\"https:\/\/dicodusport.fr\/blog\/\",\"logo\":{\"@type\":\"ImageObject\",\"inLanguage\":\"fr-FR\",\"@id\":\"https:\/\/dicodusport.fr\/blog\/#\/schema\/logo\/image\/\",\"url\":\"https:\/\/dicodusport.fr\/blog\/wp-content\/uploads\/2020\/06\/cropped-LOGO-DICODUSPORT-2020-SANS-FOND-SANS-TEXTE.png\",\"contentUrl\":\"https:\/\/dicodusport.fr\/blog\/wp-content\/uploads\/2020\/06\/cropped-LOGO-DICODUSPORT-2020-SANS-FOND-SANS-TEXTE.png\",\"width\":512,\"height\":512,\"caption\":\"Dicodusport\"},\"image\":{\"@id\":\"https:\/\/dicodusport.fr\/blog\/#\/schema\/logo\/image\/\"},\"sameAs\":[\"https:\/\/www.facebook.com\/dicodusport\",\"https:\/\/x.com\/dicodusport\",\"https:\/\/www.instagram.com\/dicodusport\/\",\"https:\/\/www.youtube.com\/channel\/UC7V2KZ5sd3htJivAbA4ZG3w\"],\"description\":\"Dicodusport est l'encyclop\u00e9die de l'actualit\u00e9 sportive.\",\"email\":\"bonjour@dicodusport.fr\",\"legalName\":\"DICODUSPORT\",\"foundingDate\":\"2018-01-14\",\"vatID\":\"FR71834470973\",\"taxID\":\"83447097300043\",\"numberOfEmployees\":{\"@type\":\"QuantitativeValue\",\"minValue\":\"1\",\"maxValue\":\"10\"}},{\"@type\":\"Person\",\"@id\":\"https:\/\/dicodusport.fr\/blog\/#\/schema\/person\/ade27d46dcba39a8da7a6a9ac491570d\",\"name\":\"Z\u00e9lie Germain\",\"image\":{\"@type\":\"ImageObject\",\"inLanguage\":\"fr-FR\",\"@id\":\"https:\/\/dicodusport.fr\/blog\/#\/schema\/person\/image\/\",\"url\":\"https:\/\/dicodusport.fr\/blog\/wp-content\/uploads\/2020\/06\/cropped-LOGO-DICODUSPORT-2020-SANS-FOND-SANS-TEXTE-150x150.png\",\"contentUrl\":\"https:\/\/dicodusport.fr\/blog\/wp-content\/uploads\/2020\/06\/cropped-LOGO-DICODUSPORT-2020-SANS-FOND-SANS-TEXTE-150x150.png\",\"caption\":\"Z\u00e9lie Germain\"},\"description\":\"Ma vie est rythm\u00e9e par le sport, et parfois j'\u00e9cris dessus. Indisponible deux semaines tous les deux ans.\",\"sameAs\":[\"https:\/\/x.com\/https:\/\/twitter.com\/zelie_germain\"],\"url\":\"https:\/\/dicodusport.fr\/blog\/author\/germain-zelie\/\"}]}<\/script>\n<!-- \/ Yoast SEO Premium plugin. -->","yoast_head_json":{"title":"Mondiaux Patinage artistique : Kaori Sakamoto titr\u00e9e, le r\u00e9cap' de vendredi","description":"Le troisi\u00e8me jour de comp\u00e9tition a sacr\u00e9 Kaori Sakamoto chez les femmes ! En danse, Chock et Bates sont en t\u00eate apr\u00e8s la danse rythmique.","robots":{"index":"index","follow":"follow","max-snippet":"max-snippet:-1","max-image-preview":"max-image-preview:large","max-video-preview":"max-video-preview:-1"},"canonical":"https:\/\/dicodusport.fr\/blog\/mondiaux-patinage-artistique-kaori-sakamoto-titree-le-recap-de-vendredi\/","og_locale":"fr_FR","og_type":"article","og_title":"Mondiaux Patinage artistique : Kaori Sakamoto titr\u00e9e, le r\u00e9cap' de vendredi","og_description":"Le troisi\u00e8me jour de comp\u00e9tition a sacr\u00e9 Kaori Sakamoto chez les femmes ! En danse, Chock et Bates sont en t\u00eate apr\u00e8s la danse rythmique.","og_url":"https:\/\/dicodusport.fr\/blog\/mondiaux-patinage-artistique-kaori-sakamoto-titree-le-recap-de-vendredi\/","og_site_name":"Dicodusport","article_publisher":"https:\/\/www.facebook.com\/dicodusport","article_published_time":"2023-03-24T13:06:17+00:00","article_modified_time":"2023-03-24T13:51:55+00:00","og_image":[{"width":800,"height":445,"url":"https:\/\/dicodusport.fr\/blog\/wp-content\/uploads\/2023\/03\/Mondiaux-Patinage-artistique-Kaori-Sakamoto-titree-le-recap-de-vendredi.png","type":"image\/png"}],"author":"Z\u00e9lie Germain","twitter_card":"summary_large_image","twitter_title":"Mondiaux Patinage artistique : Kaori Sakamoto titr\u00e9e, le r\u00e9cap' de vendredi","twitter_creator":"@https:\/\/twitter.com\/zelie_germain","twitter_site":"@dicodusport","schema":{"@context":"https:\/\/schema.org","@graph":[{"@type":"NewsArticle","@id":"https:\/\/dicodusport.fr\/blog\/mondiaux-patinage-artistique-kaori-sakamoto-titree-le-recap-de-vendredi\/#article","isPartOf":{"@id":"https:\/\/dicodusport.fr\/blog\/mondiaux-patinage-artistique-kaori-sakamoto-titree-le-recap-de-vendredi\/"},"author":{"name":"Z\u00e9lie Germain","@id":"https:\/\/dicodusport.fr\/blog\/#\/schema\/person\/ade27d46dcba39a8da7a6a9ac491570d"},"headline":"Mondiaux Patinage artistique : Kaori Sakamoto titr\u00e9e, le r\u00e9cap&rsquo; de vendredi","datePublished":"2023-03-24T13:06:17+00:00","dateModified":"2023-03-24T13:51:55+00:00","mainEntityOfPage":{"@id":"https:\/\/dicodusport.fr\/blog\/mondiaux-patinage-artistique-kaori-sakamoto-titree-le-recap-de-vendredi\/"},"wordCount":513,"commentCount":0,"publisher":{"@id":"https:\/\/dicodusport.fr\/blog\/#organization"},"image":{"@id":"https:\/\/dicodusport.fr\/blog\/mondiaux-patinage-artistique-kaori-sakamoto-titree-le-recap-de-vendredi\/#primaryimage"},"thumbnailUrl":"https:\/\/dicodusport.fr\/blog\/wp-content\/uploads\/2023\/03\/Mondiaux-Patinage-artistique-Kaori-Sakamoto-titree-le-recap-de-vendredi.png","keywords":["br\u00e8ve","Kaori Sakamoto"],"articleSection":["Patinage artistique"],"inLanguage":"fr-FR","potentialAction":[{"@type":"CommentAction","name":"Comment","target":["https:\/\/dicodusport.fr\/blog\/mondiaux-patinage-artistique-kaori-sakamoto-titree-le-recap-de-vendredi\/#respond"]}],"copyrightYear":"2023","copyrightHolder":{"@id":"https:\/\/dicodusport.fr\/blog\/#organization"}},{"@type":"WebPage","@id":"https:\/\/dicodusport.fr\/blog\/mondiaux-patinage-artistique-kaori-sakamoto-titree-le-recap-de-vendredi\/","url":"https:\/\/dicodusport.fr\/blog\/mondiaux-patinage-artistique-kaori-sakamoto-titree-le-recap-de-vendredi\/","name":"Mondiaux Patinage artistique : Kaori Sakamoto titr\u00e9e, le r\u00e9cap' de vendredi","isPartOf":{"@id":"https:\/\/dicodusport.fr\/blog\/#website"},"primaryImageOfPage":{"@id":"https:\/\/dicodusport.fr\/blog\/mondiaux-patinage-artistique-kaori-sakamoto-titree-le-recap-de-vendredi\/#primaryimage"},"image":{"@id":"https:\/\/dicodusport.fr\/blog\/mondiaux-patinage-artistique-kaori-sakamoto-titree-le-recap-de-vendredi\/#primaryimage"},"thumbnailUrl":"https:\/\/dicodusport.fr\/blog\/wp-content\/uploads\/2023\/03\/Mondiaux-Patinage-artistique-Kaori-Sakamoto-titree-le-recap-de-vendredi.png","datePublished":"2023-03-24T13:06:17+00:00","dateModified":"2023-03-24T13:51:55+00:00","description":"Le troisi\u00e8me jour de comp\u00e9tition a sacr\u00e9 Kaori Sakamoto chez les femmes ! En danse, Chock et Bates sont en t\u00eate apr\u00e8s la danse rythmique.","breadcrumb":{"@id":"https:\/\/dicodusport.fr\/blog\/mondiaux-patinage-artistique-kaori-sakamoto-titree-le-recap-de-vendredi\/#breadcrumb"},"inLanguage":"fr-FR","potentialAction":[{"@type":"ReadAction","target":["https:\/\/dicodusport.fr\/blog\/mondiaux-patinage-artistique-kaori-sakamoto-titree-le-recap-de-vendredi\/"]}]},{"@type":"ImageObject","inLanguage":"fr-FR","@id":"https:\/\/dicodusport.fr\/blog\/mondiaux-patinage-artistique-kaori-sakamoto-titree-le-recap-de-vendredi\/#primaryimage","url":"https:\/\/dicodusport.fr\/blog\/wp-content\/uploads\/2023\/03\/Mondiaux-Patinage-artistique-Kaori-Sakamoto-titree-le-recap-de-vendredi.png","contentUrl":"https:\/\/dicodusport.fr\/blog\/wp-content\/uploads\/2023\/03\/Mondiaux-Patinage-artistique-Kaori-Sakamoto-titree-le-recap-de-vendredi.png","width":800,"height":445,"caption":"Mondiaux Patinage artistique Kaori Sakamoto titr\u00e9e, le r\u00e9cap' de vendredi"},{"@type":"BreadcrumbList","@id":"https:\/\/dicodusport.fr\/blog\/mondiaux-patinage-artistique-kaori-sakamoto-titree-le-recap-de-vendredi\/#breadcrumb","itemListElement":[{"@type":"ListItem","position":1,"name":"Accueil","item":"https:\/\/dicodusport.fr\/blog\/"},{"@type":"ListItem","position":2,"name":"Mondiaux Patinage artistique : Kaori Sakamoto titr\u00e9e, le r\u00e9cap&rsquo; de vendredi"}]},{"@type":"WebSite","@id":"https:\/\/dicodusport.fr\/blog\/#website","url":"https:\/\/dicodusport.fr\/blog\/","name":"Dicodusport","description":"L&#039;encyclop\u00e9die de l&#039;actualit\u00e9 sportive","publisher":{"@id":"https:\/\/dicodusport.fr\/blog\/#organization"},"potentialAction":[{"@type":"SearchAction","target":{"@type":"EntryPoint","urlTemplate":"https:\/\/dicodusport.fr\/blog\/?s={search_term_string}"},"query-input":{"@type":"PropertyValueSpecification","valueRequired":true,"valueName":"search_term_string"}}],"inLanguage":"fr-FR"},{"@type":"NewsMediaOrganization","@id":"https:\/\/dicodusport.fr\/blog\/#organization","name":"Dicodusport","url":"https:\/\/dicodusport.fr\/blog\/","logo":{"@type":"ImageObject","inLanguage":"fr-FR","@id":"https:\/\/dicodusport.fr\/blog\/#\/schema\/logo\/image\/","url":"https:\/\/dicodusport.fr\/blog\/wp-content\/uploads\/2020\/06\/cropped-LOGO-DICODUSPORT-2020-SANS-FOND-SANS-TEXTE.png","contentUrl":"https:\/\/dicodusport.fr\/blog\/wp-content\/uploads\/2020\/06\/cropped-LOGO-DICODUSPORT-2020-SANS-FOND-SANS-TEXTE.png","width":512,"height":512,"caption":"Dicodusport"},"image":{"@id":"https:\/\/dicodusport.fr\/blog\/#\/schema\/logo\/image\/"},"sameAs":["https:\/\/www.facebook.com\/dicodusport","https:\/\/x.com\/dicodusport","https:\/\/www.instagram.com\/dicodusport\/","https:\/\/www.youtube.com\/channel\/UC7V2KZ5sd3htJivAbA4ZG3w"],"description":"Dicodusport est l'encyclop\u00e9die de l'actualit\u00e9 sportive.","email":"bonjour@dicodusport.fr","legalName":"DICODUSPORT","foundingDate":"2018-01-14","vatID":"FR71834470973","taxID":"83447097300043","numberOfEmployees":{"@type":"QuantitativeValue","minValue":"1","maxValue":"10"}},{"@type":"Person","@id":"https:\/\/dicodusport.fr\/blog\/#\/schema\/person\/ade27d46dcba39a8da7a6a9ac491570d","name":"Z\u00e9lie Germain","image":{"@type":"ImageObject","inLanguage":"fr-FR","@id":"https:\/\/dicodusport.fr\/blog\/#\/schema\/person\/image\/","url":"https:\/\/dicodusport.fr\/blog\/wp-content\/uploads\/2020\/06\/cropped-LOGO-DICODUSPORT-2020-SANS-FOND-SANS-TEXTE-150x150.png","contentUrl":"https:\/\/dicodusport.fr\/blog\/wp-content\/uploads\/2020\/06\/cropped-LOGO-DICODUSPORT-2020-SANS-FOND-SANS-TEXTE-150x150.png","caption":"Z\u00e9lie Germain"},"description":"Ma vie est rythm\u00e9e par le sport, et parfois j'\u00e9cris dessus. Indisponible deux semaines tous les deux ans.","sameAs":["https:\/\/x.com\/https:\/\/twitter.com\/zelie_germain"],"url":"https:\/\/dicodusport.fr\/blog\/author\/germain-zelie\/"}]}},"_links":{"self":[{"href":"https:\/\/dicodusport.fr\/blog\/wp-json\/wp\/v2\/posts\/368592","targetHints":{"allow":["GET"]}}],"collection":[{"href":"https:\/\/dicodusport.fr\/blog\/wp-json\/wp\/v2\/posts"}],"about":[{"href":"https:\/\/dicodusport.fr\/blog\/wp-json\/wp\/v2\/types\/post"}],"author":[{"embeddable":true,"href":"https:\/\/dicodusport.fr\/blog\/wp-json\/wp\/v2\/users\/78"}],"replies":[{"embeddable":true,"href":"https:\/\/dicodusport.fr\/blog\/wp-json\/wp\/v2\/comments?post=368592"}],"version-history":[{"count":0,"href":"https:\/\/dicodusport.fr\/blog\/wp-json\/wp\/v2\/posts\/368592\/revisions"}],"wp:featuredmedia":[{"embeddable":true,"href":"https:\/\/dicodusport.fr\/blog\/wp-json\/wp\/v2\/media\/368615"}],"wp:attachment":[{"href":"https:\/\/dicodusport.fr\/blog\/wp-json\/wp\/v2\/media?parent=368592"}],"wp:term":[{"taxonomy":"category","embeddable":true,"href":"https:\/\/dicodusport.fr\/blog\/wp-json\/wp\/v2\/categories?post=368592"},{"taxonomy":"post_tag","embeddable":true,"href":"https:\/\/dicodusport.fr\/blog\/wp-json\/wp\/v2\/tags?post=368592"}],"curies":[{"name":"wp","href":"https:\/\/api.w.org\/{rel}","templated":true}]}}