{"id":368749,"date":"2023-03-24T22:52:35","date_gmt":"2023-03-24T21:52:35","guid":{"rendered":"https:\/\/dicodusport.fr\/blog\/?p=368749&#038;preview=true&#038;preview_id=368749"},"modified":"2023-03-24T23:48:14","modified_gmt":"2023-03-24T22:48:14","slug":"france-pays-bas-les-notes-du-match","status":"publish","type":"post","link":"https:\/\/dicodusport.fr\/blog\/france-pays-bas-les-notes-du-match\/","title":{"rendered":"France &#8211; Pays-Bas : Les notes du match"},"content":{"rendered":"<p style=\"text-align: justify;\"><strong><em><a href=\"https:\/\/dicodusport.fr\/blog\/football-qualifications-euro-2024-calendrier-et-resultats\/\">QUALIFICATIONS EURO 2024 FOOTBALL<\/a> &#8211; D\u00e9couvrez les notes des Bleus \u00e0 l&rsquo;issue du match France &#8211; Pays-Bas, apr\u00e8s <a href=\"https:\/\/dicodusport.fr\/blog\/qualifications-euro-2024-pour-leur-rentree-les-bleus-surclassent-les-pays-bas\/\">la belle victoire de l&rsquo;\u00e9quipe de France (4-0)<\/a>.<\/em><\/strong><\/p>\n<h2 style=\"text-align: justify;\">France &#8211; Pays-Bas : les notes des Bleus<\/h2>\n<p style=\"text-align: justify;\"><strong>Mike Maignan &#8211; 6,5<\/strong><\/p>\n<p style=\"text-align: justify;\">C&rsquo;est son grand retour en bleu, lui le grand malheureux du dernier Mondial, bless\u00e9. Surtout, il endosse le costume de num\u00e9ro 1, apr\u00e8s la retraite internationale d&rsquo;Hugo Lloris. Les yeux \u00e9taient forc\u00e9ment tourn\u00e9s vers le gardien de l&rsquo;AC Milan ce soir. On ne fera pas de folies, mais on notera qu&rsquo;il a fait des choses justes, sans chichis, sans prendre de risques. \u00c0 l&rsquo;image de ce coup franc vicieux de Memphis Depay (57e). Rassurant dans ses arr\u00eats et dans ses interventions. Il semble d\u00e9gager une s\u00e9r\u00e9nit\u00e9 int\u00e9ressante. Et s&rsquo;offre la cerise sur le g\u00e2teau en stoppant un penalty de Memphis Depay dans les derniers instants (90+5).<\/p>\n<p style=\"text-align: justify;\"><strong>Jules Kound\u00e9 &#8211; 5,5<\/strong><\/p>\n<p style=\"text-align: justify;\">Peut-\u00eatre le plus discret des Bleus. Ce qui n&rsquo;est pas forc\u00e9ment mauvais signe, car il n&rsquo;a pas eu beaucoup de travail d\u00e9fensif. On peut souligner sa propret\u00e9 d\u00e9fensive. Mais on aurait aim\u00e9 davantage de projection offensive. C&rsquo;est son axe de travail en bleu. Et quand on m\u00e8ne 3-0, c&rsquo;est l\u00e0 qu&rsquo;il faut prendre des risques, travailler ses points faibles.<\/p>\n<p style=\"text-align: justify;\"><strong>Ibrahima Konat\u00e9 &#8211; 6<\/strong><\/p>\n<p style=\"text-align: justify;\">D\u00e9fensivement, il a fait le travail. On a aim\u00e9 sa capacit\u00e9 \u00e0 casser des lignes avec ses passes, comme son comp\u00e8re de la d\u00e9fense. Il est tout proche du 4e but des Bleus, avec sa t\u00eate (36e). Il est bien parti pour s&rsquo;installer durablement dans cette charni\u00e8re centrale.<\/p>\n<p style=\"text-align: justify;\"><strong>Dayot Upamecano &#8211; 7<\/strong><\/p>\n<p style=\"text-align: justify;\">Il s&rsquo;offre le deuxi\u00e8me but sur un petit coup de d\u00e9 (6e). Il joue mal le hors-jeu, ce qui aurait pu avoir de grosses cons\u00e9quences (10e), peut-\u00eatre sa seule erreur, car il a encore fait une premi\u00e8re mi-temps de patron, avec de tr\u00e8s belles interventions et une vraie solidit\u00e9. Il conc\u00e8de un penalty, sur une main o\u00f9 il ne pouvait pas faire grand-chose.<\/p>\n<blockquote class=\"twitter-tweet\">\n<p dir=\"ltr\" lang=\"fr\">\ud835\ude47\ud835\ude5a \ud835\ude57\ud835\ude67\ud835\ude5a\ud835\ude56\ud835\ude60 \ud83d\udcaa<br \/>\nSur un coup franc d&rsquo;<a href=\"https:\/\/twitter.com\/AntoGriezmann?ref_src=twsrc%5Etfw\">@AntoGriezmann<\/a>, Dayot Upamecano surgit et pousse le ballon au fond !<\/p>\n<p>\ud83c\uddeb\ud83c\uddf72-0\ud83c\uddf3\ud83c\uddf1 | <a href=\"https:\/\/twitter.com\/hashtag\/FRAPBS?src=hash&amp;ref_src=twsrc%5Etfw\">#FRAPBS<\/a> | <a href=\"https:\/\/twitter.com\/hashtag\/FiersdetreBleus?src=hash&amp;ref_src=twsrc%5Etfw\">#FiersdetreBleus<\/a> <a href=\"https:\/\/t.co\/QjEbdM5vmK\">pic.twitter.com\/QjEbdM5vmK<\/a><\/p>\n<p>\u2014 Equipe de France \u2b50\u2b50 (@equipedefrance) <a href=\"https:\/\/twitter.com\/equipedefrance\/status\/1639355951282024450?ref_src=twsrc%5Etfw\">March 24, 2023<\/a><\/p><\/blockquote>\n<p><script async src=\"https:\/\/platform.twitter.com\/widgets.js\" charset=\"utf-8\"><\/script><\/p>\n<p style=\"text-align: justify;\"><strong>Th\u00e9o Hernandez &#8211; 6,5<\/strong><\/p>\n<p style=\"text-align: justify;\">Un retour \u00e9norme sur <strong>Steven Berghuis<\/strong> qui filait au but (10e), d\u00e9terminant car il emp\u00eache le 2-1. Offensivement, son apport est toujours int\u00e9ressant. Son centre-tir a bien failli surprendre <strong>Jasper Cillessen<\/strong> (27e). Un autre tr\u00e8s bon centre pour<strong> Ibrahima Konat\u00e9<\/strong> (36e)<\/p>\n<p style=\"text-align: justify;\"><strong>Aur\u00e9lien Tchouam\u00e9ni &#8211; 7<\/strong><\/p>\n<p style=\"text-align: justify;\">\u00c9videmment, face \u00e0 la prestation du quatuor offensif, \u00e0 premi\u00e8re vue, on pourrait faire la fine bouche. En r\u00e9alit\u00e9, le match du Madril\u00e8ne est tr\u00e8s solide. Comme une plaque tournante du jeu des Bleus (38 ballons touch\u00e9s dans le premier acte), il a su acc\u00e9l\u00e9rer le jeu avec ses passes. D&rsquo;une grande justesse (25\/28 dans le premier acte). Un match qui va lui faire du bien, lui qui est en d\u00e9licatesse actuellement au Real Madrid, mis sur le banc. Par celui qui le remplace ce soir en bleu, <strong>Eduardo Camavinga <\/strong>(78e).<\/p>\n<p style=\"text-align: justify;\"><strong>Adrien Rabiot &#8211; 6<\/strong><\/p>\n<p style=\"text-align: justify;\">Sa premi\u00e8re r\u00e9cup\u00e9ration est \u00e0 l&rsquo;origine du premier but. Il a \u00e9t\u00e9 ensuite un peu plus discret, ternissant son match d&rsquo;un carton jaune. Mais il reste pr\u00e9cieux sur les duels (4\/6). Et dans ses interceptions. En plus de celle du but. On a bien aim\u00e9 son d\u00e9passement de fonction, sur certaines attaques des Bleus, comme il sait si bien le faire. Remplac\u00e9 par <strong>Kh\u00e9phren Thuram (88e)<\/strong>, qui f\u00eate ici sa premi\u00e8re s\u00e9lection.<\/p>\n<p style=\"text-align: justify;\"><strong>Antoine Griezmann &#8211; 7,5<\/strong><\/p>\n<p style=\"text-align: justify;\">Indispensable en bleu et surtout dans les matchs qui comptent. Si pendant la Coupe du monde, il n&rsquo;avait pas trouv\u00e9 le chemin des filets, en deux minutes, il a trouv\u00e9 la faille ce soir. Sa frappe est limpide pour ouvrir le score (2e). Sur une action o\u00f9 il r\u00e9cup\u00e8re le second ballon. Et s&rsquo;offre une presque-passe d\u00e9cisive, son coup franc est \u00e0 l&rsquo;origine du deuxi\u00e8me but bleu (7e). \u00c0 cela s&rsquo;ajoute sa gestion des temps forts et faibles et sa tenue de balle, avec seulement six ballons perdus. Une nouvelle grande performance m\u00eame s&rsquo;il n&rsquo;a pas \u00e9t\u00e9 aussi performant dans le second acte, plus terne des Bleus. Remplac\u00e9 par <strong>Youssouf Fofana <\/strong>(77e).<\/p>\n<p style=\"text-align: justify;\"><strong>Kingsley Coman &#8211; 5,5<\/strong><\/p>\n<p style=\"text-align: justify;\">Plus discret en premi\u00e8re p\u00e9riode que ses comp\u00e8res d&rsquo;attaque mais important dans son repli d\u00e9fensif, y compris quand il perdait lui-m\u00eame les ballons. Sur contre-attaque, apr\u00e8s un gros rush de sa part, il d\u00e9livre une vraie galette pour <strong>Randal Kolo Muani<\/strong> (59e). Remplac\u00e9 par <strong>Moussa Diaby <\/strong>(66e). Qui voit son but refus\u00e9 pour une position de hors-jeu.<\/p>\n<p style=\"text-align: justify;\"><strong>Kylian Mbapp\u00e9 &#8211; 8<\/strong><\/p>\n<p style=\"text-align: justify;\">Le n\u00e9o-capitaine des Bleus \u00e9tait forc\u00e9ment attendu ce soir, avec son nouveau statut. Et fait \u00e9teindre d&rsquo;entr\u00e9e la fausse pol\u00e9mique sur le capitanat, en d\u00e9livrant une merveille de passe d\u00e9cisive pour Antoine Griezmann. Et s&rsquo;offre son but, le 2e des Bleus (20e) et d\u00e9j\u00e0 son 37e en \u00e9quipe de France, le tout \u00e0 24 ans. Comme les autres, il a \u00e9t\u00e9 moins en vue dans le second acte. M\u00eame s&rsquo;il bute sur <strong>Jasper Cillessen<\/strong> (78e). Et apporte la cerise sur le g\u00e2teau, avec un doubl\u00e9. Avec une frappe chirurgicale, apr\u00e8s avoir mis deux N\u00e9erlandais sur les fesses avec sa feinte.<\/p>\n<p style=\"text-align: justify;\"><strong>Randal Kolo Muani &#8211; 7<\/strong><\/p>\n<p style=\"text-align: justify;\">Align\u00e9 en pointe ce soir, le joueur de Francfort a plus que r\u00e9pondu pr\u00e9sent. \u00c0 l&rsquo;avant-derni\u00e8re passe sur le but d&rsquo;<strong>Antoine Griezmann<\/strong>. Il est tout proche de d\u00e9livrer une passe d\u00e9cisive sur <strong>Kingsley Coman<\/strong>, apr\u00e8s un gros d\u00e9bordement (17e). Il est tr\u00e8s malin sur le 3e but des Bleus, faisant mine de toucher le ballon et s&rsquo;effa\u00e7ant pour tromper toute la d\u00e9fense adverse. Il est tout proche de reprendre victorieusement le centre de Coman (59e). Disons qu&rsquo;il aurait pu rendre son match meilleur avec de la r\u00e9ussite. Remplac\u00e9 par <strong>Olivier Giroud <\/strong>(77e).<\/p>\n<blockquote class=\"twitter-tweet\">\n<p dir=\"ltr\" lang=\"en\">\u00a9 Mbapp\u00e9 \u26bd\ufe0f\u26bd\ufe0f\ud83c\udd70\ufe0f<\/p>\n<p>All in a night&rsquo;s work \ud83d\ude0c<a href=\"https:\/\/twitter.com\/hashtag\/EURO2024?src=hash&amp;ref_src=twsrc%5Etfw\">#EURO2024<\/a> <a href=\"https:\/\/t.co\/j8K1UxdhjY\">pic.twitter.com\/j8K1UxdhjY<\/a><\/p>\n<p>\u2014 UEFA EURO 2024 (@EURO2024) <a href=\"https:\/\/twitter.com\/EURO2024\/status\/1639383885976072192?ref_src=twsrc%5Etfw\">March 24, 2023<\/a><\/p><\/blockquote>\n<p><script async src=\"https:\/\/platform.twitter.com\/widgets.js\" charset=\"utf-8\"><\/script><\/p>\n<p style=\"text-align: center;\"><a href=\"http:\/\/dicodusport.fr\/blog\/france-pays-bas-les-notes-du-match\/2\/#notespaysbas\" class=\"su-button su-button-style-flat\" style=\"color:#FFFFFF;background-color:#0057ae;border-color:#00468c;border-radius:4px\" target=\"_self\"><span style=\"color:#FFFFFF;padding:0px 26px;font-size:20px;line-height:40px;border-color:#4d8ac7;border-radius:4px;text-shadow:none\"> Les notes des Pays-Bas<\/span><\/a>\n<p style=\"text-align: justify;\"><!--nextpage--><a id=\"notespaysbas\"><\/a><strong><em>QUALIFICATIONS EURO 2024 &#8211; D\u00e9couvrez les notes des Bleus \u00e0 l&rsquo;issue du match France &#8211; Pays-Bas, apr\u00e8s la belle victoire de l&rsquo;\u00e9quipe de France (4-0).<\/em><\/strong><\/p>\n<h2 style=\"text-align: justify;\">France &#8211; Pays-Bas : les notes des N\u00e9erlandais<\/h2>\n<p style=\"text-align: justify;\"><strong>Jasper Cillessen &#8211; 4<\/strong><\/p>\n<p style=\"text-align: justify;\">Il a servi de cible \u00e0 abattre durant pr\u00e8s de 30 minutes, se faisant canarder de toute part par les Bleus. Cependant, il passe totalement au travers sur le deuxi\u00e8me but avec une sortie rat\u00e9e, qui propulse <strong>Dayot Upamecano<\/strong> (6e) en tant que buteur. Mais \u00e0 son actif, il sort une grosse parade sur<strong> Ibrahima Konat\u00e9<\/strong> (34e) et une tr\u00e8s jolie devant <strong>Kylian Mbapp\u00e9<\/strong> (78e). Il a surtout \u00e9t\u00e9 abandonn\u00e9 par sa d\u00e9fense ce soir.<\/p>\n<p style=\"text-align: justify;\"><strong>Jurrien Timber &#8211; 3,5<\/strong><\/p>\n<p style=\"text-align: justify;\">Il ne suit pas van Dijk sur le but de Mbapp\u00e9. Il a tr\u00e8s bien d\u00e9fendu face \u00e0 <strong>Randal Kolo Muani<\/strong> (37e), en venant suppl\u00e9er ses co\u00e9quipiers. Mais, globalement, il aura souffert face \u00e0 <strong>Kylian Mbapp\u00e9<\/strong>, mais aussi face aux mont\u00e9es de <strong>Th\u00e9o Hernandez<\/strong>.<\/p>\n<p style=\"text-align: justify;\"><strong>Lutsharel Geertruida &#8211; 3<\/strong><\/p>\n<p style=\"text-align: justify;\">Une premi\u00e8re p\u00e9riode globalement catastrophique o\u00f9 il a subi la foudre de <strong>Kylian Mbapp\u00e9<\/strong> et <strong>Randal Kolo Muani<\/strong>. Il ne suit pas <strong>Virgil van Dijk<\/strong> sur le but de <strong>Kylian Mbapp\u00e9<\/strong>. Il a \u00e9t\u00e9 domin\u00e9 dans les duels en premi\u00e8re p\u00e9riode (2\/5).<\/p>\n<p style=\"text-align: justify;\"><strong>Virgil van Dijk &#8211; 4<\/strong><\/p>\n<p style=\"text-align: justify;\">Il veut jouer le hors-jeu sur le 3e but des Bleus mais n&rsquo;a pas \u00e9t\u00e9 suivi. Globalement, une premi\u00e8re p\u00e9riode compliqu\u00e9e pour celui qui vit des jours tr\u00e8s moyens avec son club de Liverpool. Symbole de son \u00e9quipe accul\u00e9e \u00e0 l&rsquo;arri\u00e8re durant une majeure partie de la rencontre, il termine le match avec 121 ballons touch\u00e9s. Des statistiques de milieu de terrain. Il se consolera avec une meilleure deuxi\u00e8me mi-temps et un 9\/10 aux duels.<\/p>\n<p style=\"text-align: justify;\"><strong>Nathan Ak\u00e9 &#8211; 4<\/strong><\/p>\n<p style=\"text-align: justify;\">Lui qui est une vraie arme offensive, avec son club ou en s\u00e9lection, aura \u00e9t\u00e9 tr\u00e8s discret sur ce plan-l\u00e0. Aspir\u00e9 par ses t\u00e2ches d\u00e9fensives et par la menace de <strong>Kingsley Coman<\/strong>. Il fait un \u00e9norme retour sur ce dernier, qui \u00e9tait proche du 3-0 (17e). Il a pu profiter de quelques espaces \u00e0 partir de l&rsquo;heure de jeu, mais a manqu\u00e9 de justesse dans la derni\u00e8re passe.<\/p>\n<p style=\"text-align: justify;\"><strong>Kenneth Taylor &#8211; 3,5<\/strong><\/p>\n<p style=\"text-align: justify;\">Une soir\u00e9e cauchemardesque pour le jeune N\u00e9erlandais. Qui n&rsquo;aura jou\u00e9 que 30 petites minutes, avant de faire les frais des choix de Ronald Koeman. Pourtant, il fait partie des rares N\u00e9erlandais qui ont fait une action positive. Il adresse un tr\u00e8s beau centre pour <strong>Georginio Wijnaldum<\/strong> (18e). Il sort au bout de 33 minutes, remplac\u00e9 par <strong>Wout Weghorst<\/strong> (33e).<\/p>\n<blockquote class=\"twitter-tweet\">\n<p dir=\"ltr\" lang=\"fr\">\ud83d\udd04 Face \u00e0 la d\u00e9route, Ronald Koeman r\u00e9agit avec d\u00e9j\u00e0 le 1er changement pour les Pays-Bas au bout de 30 minutes. Wout Weghorst fait son entr\u00e9e, c&rsquo;est dur pour Kenneth Taylor.<a href=\"https:\/\/t.co\/L8Aj3m4yxH\">https:\/\/t.co\/L8Aj3m4yxH<\/a> <a href=\"https:\/\/t.co\/eZ4xhrpahn\">pic.twitter.com\/eZ4xhrpahn<\/a><\/p>\n<p>\u2014 RMC Sport (@RMCsport) <a href=\"https:\/\/twitter.com\/RMCsport\/status\/1639361444427751437?ref_src=twsrc%5Etfw\">March 24, 2023<\/a><\/p><\/blockquote>\n<p><script async src=\"https:\/\/platform.twitter.com\/widgets.js\" charset=\"utf-8\"><\/script><\/p>\n<p style=\"text-align: justify;\"><strong>Georginio Wijnaldum &#8211; 3<\/strong><\/p>\n<p style=\"text-align: justify;\">Il n&rsquo;a touch\u00e9 que 19 ballons dans le premier acte, symbole de l&rsquo;impuissance de son \u00e9quipe dans la maitrise, face aux Fran\u00e7ais. Pourtant, il aurait pu marquer \u00e0 deux reprises. Seul dans la surface, il manque sa reprise (18e). Il y a cette frappe trop molle, malgr\u00e9 un beau travail pr\u00e9alable (20e). Il n&rsquo;a pas davantage pes\u00e9 sur le destin de son \u00e9quipe en deuxi\u00e8me p\u00e9riode.<\/p>\n<p style=\"text-align: justify;\"><strong>Marten de Roon &#8211; 3<\/strong><\/p>\n<p style=\"text-align: justify;\">Malgr\u00e9 des ballons touch\u00e9s (57 en 67 minutes de jeu), il n&rsquo;a pas r\u00e9ussi \u00e0 peser dans le jeu de son \u00e9quipe. 0 passe cl\u00e9, 0 tir au but, 0 dribble tent\u00e9. Beaucoup de vide et il s&rsquo;est fait d\u00e9vorer par <strong>Aur\u00e9lien Tchouam\u00e9ni<\/strong> dans ce secteur de jeu. Remplac\u00e9 par <strong>Daley Blind <\/strong>(67e).<\/p>\n<p style=\"text-align: justify;\"><strong>Xavi Simons &#8211; 5<\/strong><\/p>\n<p style=\"text-align: justify;\">Le seul N\u00e9erlandais qui a mis un peu de vie dans le vide batave de la premi\u00e8re p\u00e9riode. En \u00e9tant capable de cr\u00e9er des occasions. Son centre trouve Depay, ce dernier \u00e9tant tout proche de reprendre victorieusement le ballon (33e). On peut regretter un peu de d\u00e9chet technique (9 ballons perdus sur ses 34 touch\u00e9s). Il peut quand m\u00eame sortir la t\u00eate haute, en \u00e9tant le meilleur N\u00e9erlandais ce soir. Remplac\u00e9 par <strong>Davy Klaassen <\/strong>(68e).<\/p>\n<p style=\"text-align: justify;\"><strong>Steven Berghuis &#8211; 3,5<\/strong><\/p>\n<p style=\"text-align: justify;\">Il a perdu pr\u00e8s d&rsquo;un tiers de ses ballons (13\/30), symbole de son inefficacit\u00e9 dans le dernier geste. Malgr\u00e9 une passe cl\u00e9. La seule stat positive d&rsquo;un match plus que terne de la part de l&rsquo;offensif n\u00e9erlandais. Remplac\u00e9 par <strong>Donyell Malen<\/strong> (68e).<\/p>\n<p style=\"text-align: justify;\"><strong>Memphis Depay &#8211; 3<\/strong><\/p>\n<p style=\"text-align: justify;\">Victime de la d\u00e9faillance n\u00e9erlandaise en premi\u00e8re p\u00e9riode, il n&rsquo;a \u00e9t\u00e9 que tr\u00e8s peu trouv\u00e9 et doit se contenter de miettes. Il d\u00e9cale bien <strong>Wijnaldum<\/strong> (20e). Proche de reprendre un beau centre de <strong>Xavi Simons<\/strong> (33e). Son coup franc oblige Maignan \u00e0 la parade (57e). Symbole de son impuissance, il bute sur <strong>Mike Maignan<\/strong>, avec un penalty rat\u00e9. Qui n&rsquo;aurait certes pas chang\u00e9 grand-chose \u00e0 la face du match.<\/p>\n<p style=\"text-align: center;\"><a href=\"http:\/\/dicodusport.fr\/blog\/france-pays-bas-les-notes-du-match\/\" class=\"su-button su-button-style-flat\" style=\"color:#FFFFFF;background-color:#0057ae;border-color:#00468c;border-radius:4px\" target=\"_self\"><span style=\"color:#FFFFFF;padding:0px 26px;font-size:20px;line-height:40px;border-color:#4d8ac7;border-radius:4px;text-shadow:none\"> Revenir aux notes de la France<\/span><\/a>\n","protected":false},"excerpt":{"rendered":"<p>QUALIFICATIONS EURO 2024 FOOTBALL &#8211; D\u00e9couvrez les notes des Bleus \u00e0 l&rsquo;issue du match France &#8211; Pays-Bas, apr\u00e8s la belle victoire de l&rsquo;\u00e9quipe de France (4-0).<\/p>\n","protected":false},"author":83,"featured_media":368793,"comment_status":"open","ping_status":"closed","sticky":false,"template":"","format":"standard","meta":{"_acf_changed":false,"_daextam_enable_autolinks":"","footnotes":""},"categories":[2301],"tags":[16878,6966,75,24],"class_list":["post-368749","post","type-post","status-publish","format-standard","has-post-thumbnail","hentry","category-football","tag-breve","tag-equipe-de-france-de-football","tag-football","tag-sport"],"acf":[],"yoast_head":"<!-- This site is optimized with the Yoast SEO Premium plugin v26.7 (Yoast SEO v26.7) - https:\/\/yoast.com\/wordpress\/plugins\/seo\/ -->\n<title>France - Pays-Bas : Les notes du match<\/title>\n<meta name=\"description\" content=\"QUALIFICATIONS EURO 2024 - D\u00e9couvrez les notes des Bleus \u00e0 l&#039;issue du match France - Pays-Bas, remport\u00e9 par les Fran\u00e7ais (4-0).\" \/>\n<meta name=\"robots\" content=\"index, follow, max-snippet:-1, max-image-preview:large, max-video-preview:-1\" \/>\n<link rel=\"canonical\" href=\"https:\/\/dicodusport.fr\/blog\/france-pays-bas-les-notes-du-match\/\" \/>\n<link rel=\"next\" href=\"https:\/\/dicodusport.fr\/blog\/france-pays-bas-les-notes-du-match\/2\/\" \/>\n<meta property=\"og:locale\" content=\"fr_FR\" \/>\n<meta property=\"og:type\" content=\"article\" \/>\n<meta property=\"og:title\" content=\"France - Pays-Bas : Les notes du match\" \/>\n<meta property=\"og:description\" content=\"QUALIFICATIONS EURO 2024 - D\u00e9couvrez les notes des Bleus \u00e0 l&#039;issue du match France - Pays-Bas, remport\u00e9 par les Fran\u00e7ais (4-0).\" \/>\n<meta property=\"og:url\" content=\"https:\/\/dicodusport.fr\/blog\/france-pays-bas-les-notes-du-match\/\" \/>\n<meta property=\"og:site_name\" content=\"Dicodusport\" \/>\n<meta property=\"article:publisher\" content=\"https:\/\/www.facebook.com\/dicodusport\" \/>\n<meta property=\"article:published_time\" content=\"2023-03-24T21:52:35+00:00\" \/>\n<meta property=\"article:modified_time\" content=\"2023-03-24T22:48:14+00:00\" \/>\n<meta property=\"og:image\" content=\"https:\/\/dicodusport.fr\/blog\/wp-content\/uploads\/2023\/03\/France-Pays-Bas-Les-notes-du-match.png\" \/>\n\t<meta property=\"og:image:width\" content=\"800\" \/>\n\t<meta property=\"og:image:height\" content=\"445\" \/>\n\t<meta property=\"og:image:type\" content=\"image\/png\" \/>\n<meta name=\"author\" content=\"Etienne Goursaud\" \/>\n<meta name=\"twitter:card\" content=\"summary_large_image\" \/>\n<meta name=\"twitter:title\" content=\"France - Pays-Bas : Les notes du match\" \/>\n<meta name=\"twitter:creator\" content=\"@dicodusport\" \/>\n<meta name=\"twitter:site\" content=\"@dicodusport\" \/>\n<script type=\"application\/ld+json\" class=\"yoast-schema-graph\">{\"@context\":\"https:\/\/schema.org\",\"@graph\":[{\"@type\":\"NewsArticle\",\"@id\":\"https:\/\/dicodusport.fr\/blog\/france-pays-bas-les-notes-du-match\/#article\",\"isPartOf\":{\"@id\":\"https:\/\/dicodusport.fr\/blog\/france-pays-bas-les-notes-du-match\/\"},\"author\":{\"name\":\"Etienne Goursaud\",\"@id\":\"https:\/\/dicodusport.fr\/blog\/#\/schema\/person\/d603dd7da31fb2b46c82b9835a77ec13\"},\"headline\":\"France &#8211; Pays-Bas : Les notes du match\",\"datePublished\":\"2023-03-24T21:52:35+00:00\",\"dateModified\":\"2023-03-24T22:48:14+00:00\",\"mainEntityOfPage\":{\"@id\":\"https:\/\/dicodusport.fr\/blog\/france-pays-bas-les-notes-du-match\/\"},\"wordCount\":1939,\"commentCount\":0,\"publisher\":{\"@id\":\"https:\/\/dicodusport.fr\/blog\/#organization\"},\"image\":{\"@id\":\"https:\/\/dicodusport.fr\/blog\/france-pays-bas-les-notes-du-match\/#primaryimage\"},\"thumbnailUrl\":\"https:\/\/dicodusport.fr\/blog\/wp-content\/uploads\/2023\/03\/France-Pays-Bas-Les-notes-du-match.png\",\"keywords\":[\"br\u00e8ve\",\"Equipe de France de football\",\"Football\",\"sport\"],\"articleSection\":[\"Football\"],\"inLanguage\":\"fr-FR\",\"potentialAction\":[{\"@type\":\"CommentAction\",\"name\":\"Comment\",\"target\":[\"https:\/\/dicodusport.fr\/blog\/france-pays-bas-les-notes-du-match\/#respond\"]}],\"copyrightYear\":\"2023\",\"copyrightHolder\":{\"@id\":\"https:\/\/dicodusport.fr\/blog\/#organization\"}},{\"@type\":\"WebPage\",\"@id\":\"https:\/\/dicodusport.fr\/blog\/france-pays-bas-les-notes-du-match\/\",\"url\":\"https:\/\/dicodusport.fr\/blog\/france-pays-bas-les-notes-du-match\/\",\"name\":\"France - Pays-Bas : Les notes du match\",\"isPartOf\":{\"@id\":\"https:\/\/dicodusport.fr\/blog\/#website\"},\"primaryImageOfPage\":{\"@id\":\"https:\/\/dicodusport.fr\/blog\/france-pays-bas-les-notes-du-match\/#primaryimage\"},\"image\":{\"@id\":\"https:\/\/dicodusport.fr\/blog\/france-pays-bas-les-notes-du-match\/#primaryimage\"},\"thumbnailUrl\":\"https:\/\/dicodusport.fr\/blog\/wp-content\/uploads\/2023\/03\/France-Pays-Bas-Les-notes-du-match.png\",\"datePublished\":\"2023-03-24T21:52:35+00:00\",\"dateModified\":\"2023-03-24T22:48:14+00:00\",\"description\":\"QUALIFICATIONS EURO 2024 - D\u00e9couvrez les notes des Bleus \u00e0 l'issue du match France - Pays-Bas, remport\u00e9 par les Fran\u00e7ais (4-0).\",\"inLanguage\":\"fr-FR\",\"potentialAction\":[{\"@type\":\"ReadAction\",\"target\":[\"https:\/\/dicodusport.fr\/blog\/france-pays-bas-les-notes-du-match\/\"]}]},{\"@type\":\"ImageObject\",\"inLanguage\":\"fr-FR\",\"@id\":\"https:\/\/dicodusport.fr\/blog\/france-pays-bas-les-notes-du-match\/#primaryimage\",\"url\":\"https:\/\/dicodusport.fr\/blog\/wp-content\/uploads\/2023\/03\/France-Pays-Bas-Les-notes-du-match.png\",\"contentUrl\":\"https:\/\/dicodusport.fr\/blog\/wp-content\/uploads\/2023\/03\/France-Pays-Bas-Les-notes-du-match.png\",\"width\":800,\"height\":445,\"caption\":\"France - Pays-Bas : Les notes du match\"},{\"@type\":\"WebSite\",\"@id\":\"https:\/\/dicodusport.fr\/blog\/#website\",\"url\":\"https:\/\/dicodusport.fr\/blog\/\",\"name\":\"Dicodusport\",\"description\":\"L&#039;encyclop\u00e9die de l&#039;actualit\u00e9 sportive\",\"publisher\":{\"@id\":\"https:\/\/dicodusport.fr\/blog\/#organization\"},\"potentialAction\":[{\"@type\":\"SearchAction\",\"target\":{\"@type\":\"EntryPoint\",\"urlTemplate\":\"https:\/\/dicodusport.fr\/blog\/?s={search_term_string}\"},\"query-input\":{\"@type\":\"PropertyValueSpecification\",\"valueRequired\":true,\"valueName\":\"search_term_string\"}}],\"inLanguage\":\"fr-FR\"},{\"@type\":\"NewsMediaOrganization\",\"@id\":\"https:\/\/dicodusport.fr\/blog\/#organization\",\"name\":\"Dicodusport\",\"url\":\"https:\/\/dicodusport.fr\/blog\/\",\"logo\":{\"@type\":\"ImageObject\",\"inLanguage\":\"fr-FR\",\"@id\":\"https:\/\/dicodusport.fr\/blog\/#\/schema\/logo\/image\/\",\"url\":\"https:\/\/dicodusport.fr\/blog\/wp-content\/uploads\/2020\/06\/cropped-LOGO-DICODUSPORT-2020-SANS-FOND-SANS-TEXTE.png\",\"contentUrl\":\"https:\/\/dicodusport.fr\/blog\/wp-content\/uploads\/2020\/06\/cropped-LOGO-DICODUSPORT-2020-SANS-FOND-SANS-TEXTE.png\",\"width\":512,\"height\":512,\"caption\":\"Dicodusport\"},\"image\":{\"@id\":\"https:\/\/dicodusport.fr\/blog\/#\/schema\/logo\/image\/\"},\"sameAs\":[\"https:\/\/www.facebook.com\/dicodusport\",\"https:\/\/x.com\/dicodusport\",\"https:\/\/www.instagram.com\/dicodusport\/\",\"https:\/\/www.youtube.com\/channel\/UC7V2KZ5sd3htJivAbA4ZG3w\"],\"description\":\"Dicodusport est l'encyclop\u00e9die de l'actualit\u00e9 sportive.\",\"email\":\"bonjour@dicodusport.fr\",\"legalName\":\"DICODUSPORT\",\"foundingDate\":\"2018-01-14\",\"vatID\":\"FR71834470973\",\"taxID\":\"83447097300043\",\"numberOfEmployees\":{\"@type\":\"QuantitativeValue\",\"minValue\":\"1\",\"maxValue\":\"10\"}},{\"@type\":\"Person\",\"@id\":\"https:\/\/dicodusport.fr\/blog\/#\/schema\/person\/d603dd7da31fb2b46c82b9835a77ec13\",\"name\":\"Etienne Goursaud\",\"image\":{\"@type\":\"ImageObject\",\"inLanguage\":\"fr-FR\",\"@id\":\"https:\/\/dicodusport.fr\/blog\/#\/schema\/person\/image\/\",\"url\":\"https:\/\/dicodusport.fr\/blog\/wp-content\/uploads\/2023\/12\/410122264_10231602061736049_5565839791558026645_n-150x150.jpg\",\"contentUrl\":\"https:\/\/dicodusport.fr\/blog\/wp-content\/uploads\/2023\/12\/410122264_10231602061736049_5565839791558026645_n-150x150.jpg\",\"caption\":\"Etienne Goursaud\"},\"description\":\"Journaliste et amoureux de sport. Ancien footballeur reconverti athl\u00e8te quand ses muscles le laissent tranquille. \u00c9lev\u00e9 \u00e0 la sauce des exploits de Thomas Voeckler en 2004, du dernier essai de l\u00e9gende de Eunice Barber \u00e0 la longueur lors des championnats du monde d'athl\u00e9tisme de 2003 mais aussi Zidane, Omeyer et Titou Lamaison.\",\"url\":\"https:\/\/dicodusport.fr\/blog\/author\/etienne-goursaud\/\"}]}<\/script>\n<!-- \/ Yoast SEO Premium plugin. -->","yoast_head_json":{"title":"France - Pays-Bas : Les notes du match","description":"QUALIFICATIONS EURO 2024 - D\u00e9couvrez les notes des Bleus \u00e0 l'issue du match France - Pays-Bas, remport\u00e9 par les Fran\u00e7ais (4-0).","robots":{"index":"index","follow":"follow","max-snippet":"max-snippet:-1","max-image-preview":"max-image-preview:large","max-video-preview":"max-video-preview:-1"},"canonical":"https:\/\/dicodusport.fr\/blog\/france-pays-bas-les-notes-du-match\/","next":"https:\/\/dicodusport.fr\/blog\/france-pays-bas-les-notes-du-match\/2\/","og_locale":"fr_FR","og_type":"article","og_title":"France - Pays-Bas : Les notes du match","og_description":"QUALIFICATIONS EURO 2024 - D\u00e9couvrez les notes des Bleus \u00e0 l'issue du match France - Pays-Bas, remport\u00e9 par les Fran\u00e7ais (4-0).","og_url":"https:\/\/dicodusport.fr\/blog\/france-pays-bas-les-notes-du-match\/","og_site_name":"Dicodusport","article_publisher":"https:\/\/www.facebook.com\/dicodusport","article_published_time":"2023-03-24T21:52:35+00:00","article_modified_time":"2023-03-24T22:48:14+00:00","og_image":[{"width":800,"height":445,"url":"https:\/\/dicodusport.fr\/blog\/wp-content\/uploads\/2023\/03\/France-Pays-Bas-Les-notes-du-match.png","type":"image\/png"}],"author":"Etienne Goursaud","twitter_card":"summary_large_image","twitter_title":"France - Pays-Bas : Les notes du match","twitter_creator":"@dicodusport","twitter_site":"@dicodusport","schema":{"@context":"https:\/\/schema.org","@graph":[{"@type":"NewsArticle","@id":"https:\/\/dicodusport.fr\/blog\/france-pays-bas-les-notes-du-match\/#article","isPartOf":{"@id":"https:\/\/dicodusport.fr\/blog\/france-pays-bas-les-notes-du-match\/"},"author":{"name":"Etienne Goursaud","@id":"https:\/\/dicodusport.fr\/blog\/#\/schema\/person\/d603dd7da31fb2b46c82b9835a77ec13"},"headline":"France &#8211; Pays-Bas : Les notes du match","datePublished":"2023-03-24T21:52:35+00:00","dateModified":"2023-03-24T22:48:14+00:00","mainEntityOfPage":{"@id":"https:\/\/dicodusport.fr\/blog\/france-pays-bas-les-notes-du-match\/"},"wordCount":1939,"commentCount":0,"publisher":{"@id":"https:\/\/dicodusport.fr\/blog\/#organization"},"image":{"@id":"https:\/\/dicodusport.fr\/blog\/france-pays-bas-les-notes-du-match\/#primaryimage"},"thumbnailUrl":"https:\/\/dicodusport.fr\/blog\/wp-content\/uploads\/2023\/03\/France-Pays-Bas-Les-notes-du-match.png","keywords":["br\u00e8ve","Equipe de France de football","Football","sport"],"articleSection":["Football"],"inLanguage":"fr-FR","potentialAction":[{"@type":"CommentAction","name":"Comment","target":["https:\/\/dicodusport.fr\/blog\/france-pays-bas-les-notes-du-match\/#respond"]}],"copyrightYear":"2023","copyrightHolder":{"@id":"https:\/\/dicodusport.fr\/blog\/#organization"}},{"@type":"WebPage","@id":"https:\/\/dicodusport.fr\/blog\/france-pays-bas-les-notes-du-match\/","url":"https:\/\/dicodusport.fr\/blog\/france-pays-bas-les-notes-du-match\/","name":"France - Pays-Bas : Les notes du match","isPartOf":{"@id":"https:\/\/dicodusport.fr\/blog\/#website"},"primaryImageOfPage":{"@id":"https:\/\/dicodusport.fr\/blog\/france-pays-bas-les-notes-du-match\/#primaryimage"},"image":{"@id":"https:\/\/dicodusport.fr\/blog\/france-pays-bas-les-notes-du-match\/#primaryimage"},"thumbnailUrl":"https:\/\/dicodusport.fr\/blog\/wp-content\/uploads\/2023\/03\/France-Pays-Bas-Les-notes-du-match.png","datePublished":"2023-03-24T21:52:35+00:00","dateModified":"2023-03-24T22:48:14+00:00","description":"QUALIFICATIONS EURO 2024 - D\u00e9couvrez les notes des Bleus \u00e0 l'issue du match France - Pays-Bas, remport\u00e9 par les Fran\u00e7ais (4-0).","inLanguage":"fr-FR","potentialAction":[{"@type":"ReadAction","target":["https:\/\/dicodusport.fr\/blog\/france-pays-bas-les-notes-du-match\/"]}]},{"@type":"ImageObject","inLanguage":"fr-FR","@id":"https:\/\/dicodusport.fr\/blog\/france-pays-bas-les-notes-du-match\/#primaryimage","url":"https:\/\/dicodusport.fr\/blog\/wp-content\/uploads\/2023\/03\/France-Pays-Bas-Les-notes-du-match.png","contentUrl":"https:\/\/dicodusport.fr\/blog\/wp-content\/uploads\/2023\/03\/France-Pays-Bas-Les-notes-du-match.png","width":800,"height":445,"caption":"France - Pays-Bas : Les notes du match"},{"@type":"WebSite","@id":"https:\/\/dicodusport.fr\/blog\/#website","url":"https:\/\/dicodusport.fr\/blog\/","name":"Dicodusport","description":"L&#039;encyclop\u00e9die de l&#039;actualit\u00e9 sportive","publisher":{"@id":"https:\/\/dicodusport.fr\/blog\/#organization"},"potentialAction":[{"@type":"SearchAction","target":{"@type":"EntryPoint","urlTemplate":"https:\/\/dicodusport.fr\/blog\/?s={search_term_string}"},"query-input":{"@type":"PropertyValueSpecification","valueRequired":true,"valueName":"search_term_string"}}],"inLanguage":"fr-FR"},{"@type":"NewsMediaOrganization","@id":"https:\/\/dicodusport.fr\/blog\/#organization","name":"Dicodusport","url":"https:\/\/dicodusport.fr\/blog\/","logo":{"@type":"ImageObject","inLanguage":"fr-FR","@id":"https:\/\/dicodusport.fr\/blog\/#\/schema\/logo\/image\/","url":"https:\/\/dicodusport.fr\/blog\/wp-content\/uploads\/2020\/06\/cropped-LOGO-DICODUSPORT-2020-SANS-FOND-SANS-TEXTE.png","contentUrl":"https:\/\/dicodusport.fr\/blog\/wp-content\/uploads\/2020\/06\/cropped-LOGO-DICODUSPORT-2020-SANS-FOND-SANS-TEXTE.png","width":512,"height":512,"caption":"Dicodusport"},"image":{"@id":"https:\/\/dicodusport.fr\/blog\/#\/schema\/logo\/image\/"},"sameAs":["https:\/\/www.facebook.com\/dicodusport","https:\/\/x.com\/dicodusport","https:\/\/www.instagram.com\/dicodusport\/","https:\/\/www.youtube.com\/channel\/UC7V2KZ5sd3htJivAbA4ZG3w"],"description":"Dicodusport est l'encyclop\u00e9die de l'actualit\u00e9 sportive.","email":"bonjour@dicodusport.fr","legalName":"DICODUSPORT","foundingDate":"2018-01-14","vatID":"FR71834470973","taxID":"83447097300043","numberOfEmployees":{"@type":"QuantitativeValue","minValue":"1","maxValue":"10"}},{"@type":"Person","@id":"https:\/\/dicodusport.fr\/blog\/#\/schema\/person\/d603dd7da31fb2b46c82b9835a77ec13","name":"Etienne Goursaud","image":{"@type":"ImageObject","inLanguage":"fr-FR","@id":"https:\/\/dicodusport.fr\/blog\/#\/schema\/person\/image\/","url":"https:\/\/dicodusport.fr\/blog\/wp-content\/uploads\/2023\/12\/410122264_10231602061736049_5565839791558026645_n-150x150.jpg","contentUrl":"https:\/\/dicodusport.fr\/blog\/wp-content\/uploads\/2023\/12\/410122264_10231602061736049_5565839791558026645_n-150x150.jpg","caption":"Etienne Goursaud"},"description":"Journaliste et amoureux de sport. Ancien footballeur reconverti athl\u00e8te quand ses muscles le laissent tranquille. \u00c9lev\u00e9 \u00e0 la sauce des exploits de Thomas Voeckler en 2004, du dernier essai de l\u00e9gende de Eunice Barber \u00e0 la longueur lors des championnats du monde d'athl\u00e9tisme de 2003 mais aussi Zidane, Omeyer et Titou Lamaison.","url":"https:\/\/dicodusport.fr\/blog\/author\/etienne-goursaud\/"}]}},"_links":{"self":[{"href":"https:\/\/dicodusport.fr\/blog\/wp-json\/wp\/v2\/posts\/368749","targetHints":{"allow":["GET"]}}],"collection":[{"href":"https:\/\/dicodusport.fr\/blog\/wp-json\/wp\/v2\/posts"}],"about":[{"href":"https:\/\/dicodusport.fr\/blog\/wp-json\/wp\/v2\/types\/post"}],"author":[{"embeddable":true,"href":"https:\/\/dicodusport.fr\/blog\/wp-json\/wp\/v2\/users\/83"}],"replies":[{"embeddable":true,"href":"https:\/\/dicodusport.fr\/blog\/wp-json\/wp\/v2\/comments?post=368749"}],"version-history":[{"count":0,"href":"https:\/\/dicodusport.fr\/blog\/wp-json\/wp\/v2\/posts\/368749\/revisions"}],"wp:featuredmedia":[{"embeddable":true,"href":"https:\/\/dicodusport.fr\/blog\/wp-json\/wp\/v2\/media\/368793"}],"wp:attachment":[{"href":"https:\/\/dicodusport.fr\/blog\/wp-json\/wp\/v2\/media?parent=368749"}],"wp:term":[{"taxonomy":"category","embeddable":true,"href":"https:\/\/dicodusport.fr\/blog\/wp-json\/wp\/v2\/categories?post=368749"},{"taxonomy":"post_tag","embeddable":true,"href":"https:\/\/dicodusport.fr\/blog\/wp-json\/wp\/v2\/tags?post=368749"}],"curies":[{"name":"wp","href":"https:\/\/api.w.org\/{rel}","templated":true}]}}