{"id":368890,"date":"2023-03-25T11:46:06","date_gmt":"2023-03-25T10:46:06","guid":{"rendered":"https:\/\/dicodusport.fr\/blog\/?p=368890&#038;preview=true&#038;preview_id=368890"},"modified":"2023-03-25T14:37:02","modified_gmt":"2023-03-25T13:37:02","slug":"malade-julian-alaphilippe-na-pas-termine-le-grand-prix-e3","status":"publish","type":"post","link":"https:\/\/dicodusport.fr\/blog\/malade-julian-alaphilippe-na-pas-termine-le-grand-prix-e3\/","title":{"rendered":"Malade, Julian Alaphilippe n&rsquo;a pas termin\u00e9 le Grand Prix E3"},"content":{"rendered":"<p style=\"text-align: justify;\" align=\"justify\"><em><strong>CYCLISME SUR ROUTE 2023 &#8211; Julian Alaphilippe (Soudal &#8211; Quick-Step) a \u00e9t\u00e9 un des premiers attaquants sur le <a href=\"https:\/\/dicodusport.fr\/blog\/classement-grand-prix-e3-2023\/\">Grand Prix E3<\/a> mais a d\u00fb se r\u00e9soudre \u00e0 abandonner \u00e0 cause de maux de ventre.\u00a0<\/strong><\/em><\/p>\n<p style=\"text-align: justify;\" align=\"justify\">Le double champion du monde fran\u00e7ais <strong>Julian Alaphilippe<\/strong> \u00e9tait \u00e0 l&rsquo;attaque avec <strong>Mathieu<\/strong> <strong>van<\/strong> <strong>der<\/strong> <strong>Poel<\/strong> \u00e0 80 kilom\u00e8tres de l&rsquo;arriv\u00e9e, mais a rapidement disparu des radars. Alors qu&rsquo;on pensait \u00e0 une panne de jambes, son directeur sportif, <strong>Tom<\/strong> <strong>Steels<\/strong>, a expliqu\u00e9 que <strong>Julian<\/strong> <strong>Alaphilippe<\/strong> \u00e9tait malade.<\/p>\n<blockquote>\n<p style=\"text-align: justify;\" align=\"justify\">Nous avons manqu\u00e9 un peu de chance pour un meilleur r\u00e9sultat. Il y a eu les chutes de Davide Ballerini et Florian S\u00e9n\u00e9chal qui nous ont emp\u00each\u00e9s d&rsquo;avoir des gars dans le final. Il y a eu aussi les probl\u00e8mes d\u2019estomac de Julian Alaphilippe, et c\u2019\u00e9tait vraiment difficile sans lui \u00e0 l\u2019avant quand la course a vraiment commenc\u00e9 entre les favoris. C\u2019est vrai aussi que nous n\u2019avions pas les meilleures jambes.<\/p>\n<\/blockquote>\n<h2 style=\"text-align: justify;\" align=\"justify\">Lefevere dubitatif<\/h2>\n<p style=\"text-align: justify;\" align=\"justify\">Il y a une semaine, le Fran\u00e7ais avait pay\u00e9 son mauvais placement sur la <strong>Primavera<\/strong> et avait \u00e0 coeur de bien d\u00e9marrer sa campagne de Flandriennes. Mais malade, <strong>Julian<\/strong> <strong>Alaphilippe<\/strong> n&rsquo;a pas pu tenir la distance. <strong>Patrick<\/strong> <strong>Lefevere<\/strong> en a rajout\u00e9 une couche en expliquant au <em>Het Nieuwsblad<\/em> qu&rsquo;il ne comprenait pas que le Tricolore ait pris le d\u00e9part alors qu&rsquo;il \u00e9tait malade.<\/p>\n<blockquote>\n<p style=\"text-align: justify;\" align=\"justify\">Dans le bus, j\u2019ai dit ce que je pensais. Comme toujours sans crier. J&rsquo;entends Kasper Asgreen me dire &lsquo;j\u2019ai fait de mon mieux&rsquo;, Florian S\u00e9n\u00e9chal est tomb\u00e9, Julian Alaphilippe s&rsquo;est\u00a0lev\u00e9 avec un mal de ventre et une l\u00e9g\u00e8re fi\u00e8vre. Que voulez-vous que je r\u00e9ponde \u00e0 cela? Si vous avez de la fi\u00e8vre, vous ne devriez pas \u00eatre au d\u00e9part d&rsquo;une telle course.<\/p>\n<\/blockquote>\n<p style=\"text-align: justify;\" align=\"justify\">S&rsquo;il est remis, <strong>Julian<\/strong> <strong>Alaphilippe<\/strong> devrait \u00eatre au d\u00e9part d&rsquo;\u00c0 Travers la Flandre ce mercredi, avant de s&rsquo;aligner sur le <strong>Tour des Flandres<\/strong> dimanche en huit. S&rsquo;il a d\u00e9j\u00e0 gagn\u00e9 cette saison, <em>Alaph<\/em> sait qu&rsquo;il est attendu sur les grosses courses, le manager de son \u00e9quipe lui a suffisamment r\u00e9p\u00e9t\u00e9.<\/p>\n<blockquote class=\"twitter-tweet\">\n<p dir=\"ltr\" lang=\"nl\">Patrick Lefevere was na de E3 Saxo Classic kritisch dat Julian Alaphilippe meedeed ondanks ziekte, en legt zich ook neer bij de suprematie van Van der Poel, Van Aert en Pogacar! \ud83d\udc47<a href=\"https:\/\/t.co\/3BD1yv9CC8\">https:\/\/t.co\/3BD1yv9CC8<\/a><\/p>\n<p>\u2014 Wieler Revue (@wielerrevue) <a href=\"https:\/\/twitter.com\/wielerrevue\/status\/1639364523663540226?ref_src=twsrc%5Etfw\">March 24, 2023<\/a><\/p><\/blockquote>\n<p style=\"text-align: justify;\"><script async src=\"https:\/\/platform.twitter.com\/widgets.js\" charset=\"utf-8\"><\/script><\/p>\n","protected":false},"excerpt":{"rendered":"<p>CYCLISME SUR ROUTE 2023 &#8211; Julian Alaphilippe a \u00e9t\u00e9 un des premiers attaquants sur le Grand Prix E3 mais a d\u00fb se r\u00e9soudre \u00e0 abandonner \u00e0 cause de maux de ventre.\u00a0<\/p>\n","protected":false},"author":1,"featured_media":368897,"comment_status":"open","ping_status":"closed","sticky":false,"template":"","format":"standard","meta":{"_acf_changed":false,"_daextam_enable_autolinks":"","footnotes":""},"categories":[46994],"tags":[16878,7528,1719],"class_list":["post-368890","post","type-post","status-publish","format-standard","has-post-thumbnail","hentry","category-cyclisme-sur-route","tag-breve","tag-grand-prix-e3","tag-julian-alaphilippe"],"acf":[],"yoast_head":"<!-- This site is optimized with the Yoast SEO Premium plugin v26.7 (Yoast SEO v26.7) - https:\/\/yoast.com\/wordpress\/plugins\/seo\/ -->\n<title>Malade, Julian Alaphilippe n&#039;a pas termin\u00e9 le Grand Prix E3<\/title>\n<meta name=\"description\" content=\"CYCLISME SUR ROUTE 2023 - Julian Alaphilippe a \u00e9t\u00e9 un des premiers attaquants sur le Grand Prix E3 mais a d\u00fb se r\u00e9soudre \u00e0 abandonner.\" \/>\n<meta name=\"robots\" content=\"index, follow, max-snippet:-1, max-image-preview:large, max-video-preview:-1\" \/>\n<link rel=\"canonical\" href=\"https:\/\/dicodusport.fr\/blog\/malade-julian-alaphilippe-na-pas-termine-le-grand-prix-e3\/\" \/>\n<meta property=\"og:locale\" content=\"fr_FR\" \/>\n<meta property=\"og:type\" content=\"article\" \/>\n<meta property=\"og:title\" content=\"Malade, Julian Alaphilippe n&#039;a pas termin\u00e9 le Grand Prix E3\" \/>\n<meta property=\"og:description\" content=\"CYCLISME SUR ROUTE 2023 - Julian Alaphilippe a \u00e9t\u00e9 un des premiers attaquants sur le Grand Prix E3 mais a d\u00fb se r\u00e9soudre \u00e0 abandonner.\" \/>\n<meta property=\"og:url\" content=\"https:\/\/dicodusport.fr\/blog\/malade-julian-alaphilippe-na-pas-termine-le-grand-prix-e3\/\" \/>\n<meta property=\"og:site_name\" content=\"Dicodusport\" \/>\n<meta property=\"article:publisher\" content=\"https:\/\/www.facebook.com\/dicodusport\" \/>\n<meta property=\"article:author\" content=\"https:\/\/www.facebook.com\/dicodusport\" \/>\n<meta property=\"article:published_time\" content=\"2023-03-25T10:46:06+00:00\" \/>\n<meta property=\"article:modified_time\" content=\"2023-03-25T13:37:02+00:00\" \/>\n<meta property=\"og:image\" content=\"https:\/\/dicodusport.fr\/blog\/wp-content\/uploads\/2023\/03\/Malade-Julian-Alaphilippe-na-pas-termine-le-Grand-Prix-E3.png\" \/>\n\t<meta property=\"og:image:width\" content=\"800\" \/>\n\t<meta property=\"og:image:height\" content=\"445\" \/>\n\t<meta property=\"og:image:type\" content=\"image\/png\" \/>\n<meta name=\"author\" content=\"Nicolas Jacquemard\" \/>\n<meta name=\"twitter:card\" content=\"summary_large_image\" \/>\n<meta name=\"twitter:title\" content=\"Malade, Julian Alaphilippe n&#039;a pas termin\u00e9 le Grand Prix E3\" \/>\n<meta name=\"twitter:creator\" content=\"@https:\/\/twitter.com\/Nico_Jacquemard\" \/>\n<meta name=\"twitter:site\" content=\"@dicodusport\" \/>\n<script type=\"application\/ld+json\" class=\"yoast-schema-graph\">{\"@context\":\"https:\/\/schema.org\",\"@graph\":[{\"@type\":\"NewsArticle\",\"@id\":\"https:\/\/dicodusport.fr\/blog\/malade-julian-alaphilippe-na-pas-termine-le-grand-prix-e3\/#article\",\"isPartOf\":{\"@id\":\"https:\/\/dicodusport.fr\/blog\/malade-julian-alaphilippe-na-pas-termine-le-grand-prix-e3\/\"},\"author\":{\"name\":\"Nicolas Jacquemard\",\"@id\":\"https:\/\/dicodusport.fr\/blog\/#\/schema\/person\/55dcb50ad410894e431ed812bbb70191\"},\"headline\":\"Malade, Julian Alaphilippe n&rsquo;a pas termin\u00e9 le Grand Prix E3\",\"datePublished\":\"2023-03-25T10:46:06+00:00\",\"dateModified\":\"2023-03-25T13:37:02+00:00\",\"mainEntityOfPage\":{\"@id\":\"https:\/\/dicodusport.fr\/blog\/malade-julian-alaphilippe-na-pas-termine-le-grand-prix-e3\/\"},\"wordCount\":418,\"commentCount\":0,\"publisher\":{\"@id\":\"https:\/\/dicodusport.fr\/blog\/#organization\"},\"image\":{\"@id\":\"https:\/\/dicodusport.fr\/blog\/malade-julian-alaphilippe-na-pas-termine-le-grand-prix-e3\/#primaryimage\"},\"thumbnailUrl\":\"https:\/\/dicodusport.fr\/blog\/wp-content\/uploads\/2023\/03\/Malade-Julian-Alaphilippe-na-pas-termine-le-Grand-Prix-E3.png\",\"keywords\":[\"br\u00e8ve\",\"Grand Prix E3\",\"Julian Alaphilippe\"],\"articleSection\":[\"Cyclisme sur route\"],\"inLanguage\":\"fr-FR\",\"potentialAction\":[{\"@type\":\"CommentAction\",\"name\":\"Comment\",\"target\":[\"https:\/\/dicodusport.fr\/blog\/malade-julian-alaphilippe-na-pas-termine-le-grand-prix-e3\/#respond\"]}],\"copyrightYear\":\"2023\",\"copyrightHolder\":{\"@id\":\"https:\/\/dicodusport.fr\/blog\/#organization\"}},{\"@type\":\"WebPage\",\"@id\":\"https:\/\/dicodusport.fr\/blog\/malade-julian-alaphilippe-na-pas-termine-le-grand-prix-e3\/\",\"url\":\"https:\/\/dicodusport.fr\/blog\/malade-julian-alaphilippe-na-pas-termine-le-grand-prix-e3\/\",\"name\":\"Malade, Julian Alaphilippe n'a pas termin\u00e9 le Grand Prix E3\",\"isPartOf\":{\"@id\":\"https:\/\/dicodusport.fr\/blog\/#website\"},\"primaryImageOfPage\":{\"@id\":\"https:\/\/dicodusport.fr\/blog\/malade-julian-alaphilippe-na-pas-termine-le-grand-prix-e3\/#primaryimage\"},\"image\":{\"@id\":\"https:\/\/dicodusport.fr\/blog\/malade-julian-alaphilippe-na-pas-termine-le-grand-prix-e3\/#primaryimage\"},\"thumbnailUrl\":\"https:\/\/dicodusport.fr\/blog\/wp-content\/uploads\/2023\/03\/Malade-Julian-Alaphilippe-na-pas-termine-le-Grand-Prix-E3.png\",\"datePublished\":\"2023-03-25T10:46:06+00:00\",\"dateModified\":\"2023-03-25T13:37:02+00:00\",\"description\":\"CYCLISME SUR ROUTE 2023 - Julian Alaphilippe a \u00e9t\u00e9 un des premiers attaquants sur le Grand Prix E3 mais a d\u00fb se r\u00e9soudre \u00e0 abandonner.\",\"breadcrumb\":{\"@id\":\"https:\/\/dicodusport.fr\/blog\/malade-julian-alaphilippe-na-pas-termine-le-grand-prix-e3\/#breadcrumb\"},\"inLanguage\":\"fr-FR\",\"potentialAction\":[{\"@type\":\"ReadAction\",\"target\":[\"https:\/\/dicodusport.fr\/blog\/malade-julian-alaphilippe-na-pas-termine-le-grand-prix-e3\/\"]}]},{\"@type\":\"ImageObject\",\"inLanguage\":\"fr-FR\",\"@id\":\"https:\/\/dicodusport.fr\/blog\/malade-julian-alaphilippe-na-pas-termine-le-grand-prix-e3\/#primaryimage\",\"url\":\"https:\/\/dicodusport.fr\/blog\/wp-content\/uploads\/2023\/03\/Malade-Julian-Alaphilippe-na-pas-termine-le-Grand-Prix-E3.png\",\"contentUrl\":\"https:\/\/dicodusport.fr\/blog\/wp-content\/uploads\/2023\/03\/Malade-Julian-Alaphilippe-na-pas-termine-le-Grand-Prix-E3.png\",\"width\":800,\"height\":445},{\"@type\":\"BreadcrumbList\",\"@id\":\"https:\/\/dicodusport.fr\/blog\/malade-julian-alaphilippe-na-pas-termine-le-grand-prix-e3\/#breadcrumb\",\"itemListElement\":[{\"@type\":\"ListItem\",\"position\":1,\"name\":\"Accueil\",\"item\":\"https:\/\/dicodusport.fr\/blog\/\"},{\"@type\":\"ListItem\",\"position\":2,\"name\":\"Malade, Julian Alaphilippe n&rsquo;a pas termin\u00e9 le Grand Prix E3\"}]},{\"@type\":\"WebSite\",\"@id\":\"https:\/\/dicodusport.fr\/blog\/#website\",\"url\":\"https:\/\/dicodusport.fr\/blog\/\",\"name\":\"Dicodusport\",\"description\":\"L&#039;encyclop\u00e9die de l&#039;actualit\u00e9 sportive\",\"publisher\":{\"@id\":\"https:\/\/dicodusport.fr\/blog\/#organization\"},\"potentialAction\":[{\"@type\":\"SearchAction\",\"target\":{\"@type\":\"EntryPoint\",\"urlTemplate\":\"https:\/\/dicodusport.fr\/blog\/?s={search_term_string}\"},\"query-input\":{\"@type\":\"PropertyValueSpecification\",\"valueRequired\":true,\"valueName\":\"search_term_string\"}}],\"inLanguage\":\"fr-FR\"},{\"@type\":\"NewsMediaOrganization\",\"@id\":\"https:\/\/dicodusport.fr\/blog\/#organization\",\"name\":\"Dicodusport\",\"url\":\"https:\/\/dicodusport.fr\/blog\/\",\"logo\":{\"@type\":\"ImageObject\",\"inLanguage\":\"fr-FR\",\"@id\":\"https:\/\/dicodusport.fr\/blog\/#\/schema\/logo\/image\/\",\"url\":\"https:\/\/dicodusport.fr\/blog\/wp-content\/uploads\/2020\/06\/cropped-LOGO-DICODUSPORT-2020-SANS-FOND-SANS-TEXTE.png\",\"contentUrl\":\"https:\/\/dicodusport.fr\/blog\/wp-content\/uploads\/2020\/06\/cropped-LOGO-DICODUSPORT-2020-SANS-FOND-SANS-TEXTE.png\",\"width\":512,\"height\":512,\"caption\":\"Dicodusport\"},\"image\":{\"@id\":\"https:\/\/dicodusport.fr\/blog\/#\/schema\/logo\/image\/\"},\"sameAs\":[\"https:\/\/www.facebook.com\/dicodusport\",\"https:\/\/x.com\/dicodusport\",\"https:\/\/www.instagram.com\/dicodusport\/\",\"https:\/\/www.youtube.com\/channel\/UC7V2KZ5sd3htJivAbA4ZG3w\"],\"description\":\"Dicodusport est l'encyclop\u00e9die de l'actualit\u00e9 sportive.\",\"email\":\"bonjour@dicodusport.fr\",\"legalName\":\"DICODUSPORT\",\"foundingDate\":\"2018-01-14\",\"vatID\":\"FR71834470973\",\"taxID\":\"83447097300043\",\"numberOfEmployees\":{\"@type\":\"QuantitativeValue\",\"minValue\":\"1\",\"maxValue\":\"10\"}},{\"@type\":\"Person\",\"@id\":\"https:\/\/dicodusport.fr\/blog\/#\/schema\/person\/55dcb50ad410894e431ed812bbb70191\",\"name\":\"Nicolas Jacquemard\",\"image\":{\"@type\":\"ImageObject\",\"inLanguage\":\"fr-FR\",\"@id\":\"https:\/\/dicodusport.fr\/blog\/#\/schema\/person\/image\/\",\"url\":\"https:\/\/dicodusport.fr\/blog\/wp-content\/uploads\/2021\/05\/Nicolas-Jacquemard-150x150.jpeg\",\"contentUrl\":\"https:\/\/dicodusport.fr\/blog\/wp-content\/uploads\/2021\/05\/Nicolas-Jacquemard-150x150.jpeg\",\"caption\":\"Nicolas Jacquemard\"},\"description\":\"Passionn\u00e9 de sport et entrepreneur depuis mes 18 ans, la cr\u00e9ation de Dicodusport m'a sembl\u00e9 \u00e9vidente pour participer \u00e0 la m\u00e9diatisation d'un plus grand nombre de sports. Le chemin est long mais avec une \u00e9quipe des plus motiv\u00e9es et les Jeux Olympiques de Paris 2024 en point de mire, nous y arriverons ! Journaliste dans le monde du sport depuis plus de 5 ans, je traite aussi bien de football, de rugby, de biathlon que de cyclisme.\",\"sameAs\":[\"https:\/\/www.facebook.com\/dicodusport\",\"https:\/\/x.com\/https:\/\/twitter.com\/Nico_Jacquemard\"],\"url\":\"https:\/\/dicodusport.fr\/blog\/author\/dicodusport\/\"}]}<\/script>\n<!-- \/ Yoast SEO Premium plugin. -->","yoast_head_json":{"title":"Malade, Julian Alaphilippe n'a pas termin\u00e9 le Grand Prix E3","description":"CYCLISME SUR ROUTE 2023 - Julian Alaphilippe a \u00e9t\u00e9 un des premiers attaquants sur le Grand Prix E3 mais a d\u00fb se r\u00e9soudre \u00e0 abandonner.","robots":{"index":"index","follow":"follow","max-snippet":"max-snippet:-1","max-image-preview":"max-image-preview:large","max-video-preview":"max-video-preview:-1"},"canonical":"https:\/\/dicodusport.fr\/blog\/malade-julian-alaphilippe-na-pas-termine-le-grand-prix-e3\/","og_locale":"fr_FR","og_type":"article","og_title":"Malade, Julian Alaphilippe n'a pas termin\u00e9 le Grand Prix E3","og_description":"CYCLISME SUR ROUTE 2023 - Julian Alaphilippe a \u00e9t\u00e9 un des premiers attaquants sur le Grand Prix E3 mais a d\u00fb se r\u00e9soudre \u00e0 abandonner.","og_url":"https:\/\/dicodusport.fr\/blog\/malade-julian-alaphilippe-na-pas-termine-le-grand-prix-e3\/","og_site_name":"Dicodusport","article_publisher":"https:\/\/www.facebook.com\/dicodusport","article_author":"https:\/\/www.facebook.com\/dicodusport","article_published_time":"2023-03-25T10:46:06+00:00","article_modified_time":"2023-03-25T13:37:02+00:00","og_image":[{"width":800,"height":445,"url":"https:\/\/dicodusport.fr\/blog\/wp-content\/uploads\/2023\/03\/Malade-Julian-Alaphilippe-na-pas-termine-le-Grand-Prix-E3.png","type":"image\/png"}],"author":"Nicolas Jacquemard","twitter_card":"summary_large_image","twitter_title":"Malade, Julian Alaphilippe n'a pas termin\u00e9 le Grand Prix E3","twitter_creator":"@https:\/\/twitter.com\/Nico_Jacquemard","twitter_site":"@dicodusport","schema":{"@context":"https:\/\/schema.org","@graph":[{"@type":"NewsArticle","@id":"https:\/\/dicodusport.fr\/blog\/malade-julian-alaphilippe-na-pas-termine-le-grand-prix-e3\/#article","isPartOf":{"@id":"https:\/\/dicodusport.fr\/blog\/malade-julian-alaphilippe-na-pas-termine-le-grand-prix-e3\/"},"author":{"name":"Nicolas Jacquemard","@id":"https:\/\/dicodusport.fr\/blog\/#\/schema\/person\/55dcb50ad410894e431ed812bbb70191"},"headline":"Malade, Julian Alaphilippe n&rsquo;a pas termin\u00e9 le Grand Prix E3","datePublished":"2023-03-25T10:46:06+00:00","dateModified":"2023-03-25T13:37:02+00:00","mainEntityOfPage":{"@id":"https:\/\/dicodusport.fr\/blog\/malade-julian-alaphilippe-na-pas-termine-le-grand-prix-e3\/"},"wordCount":418,"commentCount":0,"publisher":{"@id":"https:\/\/dicodusport.fr\/blog\/#organization"},"image":{"@id":"https:\/\/dicodusport.fr\/blog\/malade-julian-alaphilippe-na-pas-termine-le-grand-prix-e3\/#primaryimage"},"thumbnailUrl":"https:\/\/dicodusport.fr\/blog\/wp-content\/uploads\/2023\/03\/Malade-Julian-Alaphilippe-na-pas-termine-le-Grand-Prix-E3.png","keywords":["br\u00e8ve","Grand Prix E3","Julian Alaphilippe"],"articleSection":["Cyclisme sur route"],"inLanguage":"fr-FR","potentialAction":[{"@type":"CommentAction","name":"Comment","target":["https:\/\/dicodusport.fr\/blog\/malade-julian-alaphilippe-na-pas-termine-le-grand-prix-e3\/#respond"]}],"copyrightYear":"2023","copyrightHolder":{"@id":"https:\/\/dicodusport.fr\/blog\/#organization"}},{"@type":"WebPage","@id":"https:\/\/dicodusport.fr\/blog\/malade-julian-alaphilippe-na-pas-termine-le-grand-prix-e3\/","url":"https:\/\/dicodusport.fr\/blog\/malade-julian-alaphilippe-na-pas-termine-le-grand-prix-e3\/","name":"Malade, Julian Alaphilippe n'a pas termin\u00e9 le Grand Prix E3","isPartOf":{"@id":"https:\/\/dicodusport.fr\/blog\/#website"},"primaryImageOfPage":{"@id":"https:\/\/dicodusport.fr\/blog\/malade-julian-alaphilippe-na-pas-termine-le-grand-prix-e3\/#primaryimage"},"image":{"@id":"https:\/\/dicodusport.fr\/blog\/malade-julian-alaphilippe-na-pas-termine-le-grand-prix-e3\/#primaryimage"},"thumbnailUrl":"https:\/\/dicodusport.fr\/blog\/wp-content\/uploads\/2023\/03\/Malade-Julian-Alaphilippe-na-pas-termine-le-Grand-Prix-E3.png","datePublished":"2023-03-25T10:46:06+00:00","dateModified":"2023-03-25T13:37:02+00:00","description":"CYCLISME SUR ROUTE 2023 - Julian Alaphilippe a \u00e9t\u00e9 un des premiers attaquants sur le Grand Prix E3 mais a d\u00fb se r\u00e9soudre \u00e0 abandonner.","breadcrumb":{"@id":"https:\/\/dicodusport.fr\/blog\/malade-julian-alaphilippe-na-pas-termine-le-grand-prix-e3\/#breadcrumb"},"inLanguage":"fr-FR","potentialAction":[{"@type":"ReadAction","target":["https:\/\/dicodusport.fr\/blog\/malade-julian-alaphilippe-na-pas-termine-le-grand-prix-e3\/"]}]},{"@type":"ImageObject","inLanguage":"fr-FR","@id":"https:\/\/dicodusport.fr\/blog\/malade-julian-alaphilippe-na-pas-termine-le-grand-prix-e3\/#primaryimage","url":"https:\/\/dicodusport.fr\/blog\/wp-content\/uploads\/2023\/03\/Malade-Julian-Alaphilippe-na-pas-termine-le-Grand-Prix-E3.png","contentUrl":"https:\/\/dicodusport.fr\/blog\/wp-content\/uploads\/2023\/03\/Malade-Julian-Alaphilippe-na-pas-termine-le-Grand-Prix-E3.png","width":800,"height":445},{"@type":"BreadcrumbList","@id":"https:\/\/dicodusport.fr\/blog\/malade-julian-alaphilippe-na-pas-termine-le-grand-prix-e3\/#breadcrumb","itemListElement":[{"@type":"ListItem","position":1,"name":"Accueil","item":"https:\/\/dicodusport.fr\/blog\/"},{"@type":"ListItem","position":2,"name":"Malade, Julian Alaphilippe n&rsquo;a pas termin\u00e9 le Grand Prix E3"}]},{"@type":"WebSite","@id":"https:\/\/dicodusport.fr\/blog\/#website","url":"https:\/\/dicodusport.fr\/blog\/","name":"Dicodusport","description":"L&#039;encyclop\u00e9die de l&#039;actualit\u00e9 sportive","publisher":{"@id":"https:\/\/dicodusport.fr\/blog\/#organization"},"potentialAction":[{"@type":"SearchAction","target":{"@type":"EntryPoint","urlTemplate":"https:\/\/dicodusport.fr\/blog\/?s={search_term_string}"},"query-input":{"@type":"PropertyValueSpecification","valueRequired":true,"valueName":"search_term_string"}}],"inLanguage":"fr-FR"},{"@type":"NewsMediaOrganization","@id":"https:\/\/dicodusport.fr\/blog\/#organization","name":"Dicodusport","url":"https:\/\/dicodusport.fr\/blog\/","logo":{"@type":"ImageObject","inLanguage":"fr-FR","@id":"https:\/\/dicodusport.fr\/blog\/#\/schema\/logo\/image\/","url":"https:\/\/dicodusport.fr\/blog\/wp-content\/uploads\/2020\/06\/cropped-LOGO-DICODUSPORT-2020-SANS-FOND-SANS-TEXTE.png","contentUrl":"https:\/\/dicodusport.fr\/blog\/wp-content\/uploads\/2020\/06\/cropped-LOGO-DICODUSPORT-2020-SANS-FOND-SANS-TEXTE.png","width":512,"height":512,"caption":"Dicodusport"},"image":{"@id":"https:\/\/dicodusport.fr\/blog\/#\/schema\/logo\/image\/"},"sameAs":["https:\/\/www.facebook.com\/dicodusport","https:\/\/x.com\/dicodusport","https:\/\/www.instagram.com\/dicodusport\/","https:\/\/www.youtube.com\/channel\/UC7V2KZ5sd3htJivAbA4ZG3w"],"description":"Dicodusport est l'encyclop\u00e9die de l'actualit\u00e9 sportive.","email":"bonjour@dicodusport.fr","legalName":"DICODUSPORT","foundingDate":"2018-01-14","vatID":"FR71834470973","taxID":"83447097300043","numberOfEmployees":{"@type":"QuantitativeValue","minValue":"1","maxValue":"10"}},{"@type":"Person","@id":"https:\/\/dicodusport.fr\/blog\/#\/schema\/person\/55dcb50ad410894e431ed812bbb70191","name":"Nicolas Jacquemard","image":{"@type":"ImageObject","inLanguage":"fr-FR","@id":"https:\/\/dicodusport.fr\/blog\/#\/schema\/person\/image\/","url":"https:\/\/dicodusport.fr\/blog\/wp-content\/uploads\/2021\/05\/Nicolas-Jacquemard-150x150.jpeg","contentUrl":"https:\/\/dicodusport.fr\/blog\/wp-content\/uploads\/2021\/05\/Nicolas-Jacquemard-150x150.jpeg","caption":"Nicolas Jacquemard"},"description":"Passionn\u00e9 de sport et entrepreneur depuis mes 18 ans, la cr\u00e9ation de Dicodusport m'a sembl\u00e9 \u00e9vidente pour participer \u00e0 la m\u00e9diatisation d'un plus grand nombre de sports. Le chemin est long mais avec une \u00e9quipe des plus motiv\u00e9es et les Jeux Olympiques de Paris 2024 en point de mire, nous y arriverons ! Journaliste dans le monde du sport depuis plus de 5 ans, je traite aussi bien de football, de rugby, de biathlon que de cyclisme.","sameAs":["https:\/\/www.facebook.com\/dicodusport","https:\/\/x.com\/https:\/\/twitter.com\/Nico_Jacquemard"],"url":"https:\/\/dicodusport.fr\/blog\/author\/dicodusport\/"}]}},"_links":{"self":[{"href":"https:\/\/dicodusport.fr\/blog\/wp-json\/wp\/v2\/posts\/368890","targetHints":{"allow":["GET"]}}],"collection":[{"href":"https:\/\/dicodusport.fr\/blog\/wp-json\/wp\/v2\/posts"}],"about":[{"href":"https:\/\/dicodusport.fr\/blog\/wp-json\/wp\/v2\/types\/post"}],"author":[{"embeddable":true,"href":"https:\/\/dicodusport.fr\/blog\/wp-json\/wp\/v2\/users\/1"}],"replies":[{"embeddable":true,"href":"https:\/\/dicodusport.fr\/blog\/wp-json\/wp\/v2\/comments?post=368890"}],"version-history":[{"count":0,"href":"https:\/\/dicodusport.fr\/blog\/wp-json\/wp\/v2\/posts\/368890\/revisions"}],"wp:featuredmedia":[{"embeddable":true,"href":"https:\/\/dicodusport.fr\/blog\/wp-json\/wp\/v2\/media\/368897"}],"wp:attachment":[{"href":"https:\/\/dicodusport.fr\/blog\/wp-json\/wp\/v2\/media?parent=368890"}],"wp:term":[{"taxonomy":"category","embeddable":true,"href":"https:\/\/dicodusport.fr\/blog\/wp-json\/wp\/v2\/categories?post=368890"},{"taxonomy":"post_tag","embeddable":true,"href":"https:\/\/dicodusport.fr\/blog\/wp-json\/wp\/v2\/tags?post=368890"}],"curies":[{"name":"wp","href":"https:\/\/api.w.org\/{rel}","templated":true}]}}