{"id":368892,"date":"2023-03-25T12:43:05","date_gmt":"2023-03-25T11:43:05","guid":{"rendered":"https:\/\/dicodusport.fr\/blog\/?p=368892&#038;preview=true&#038;preview_id=368892"},"modified":"2023-03-25T15:56:55","modified_gmt":"2023-03-25T14:56:55","slug":"motogp-portugal-2023-marc-marquez-soffre-la-premiere-pole-position-de-la-saison","status":"publish","type":"post","link":"https:\/\/dicodusport.fr\/blog\/motogp-portugal-2023-marc-marquez-soffre-la-premiere-pole-position-de-la-saison\/","title":{"rendered":"MotoGP Portugal 2023 : Marc Marquez s&rsquo;offre la premi\u00e8re pole position de la saison"},"content":{"rendered":"<p style=\"text-align: justify;\"><a href=\"https:\/\/dicodusport.fr\/blog\/motogp-portugal-2023-programme-chaine-tv-et-resultats\/\"><em><strong>MOTOGP &#8211; GRAND PRIX DU PORTUGAL 2023<\/strong><\/em><\/a> <em>&#8211; <strong>L&rsquo;Espagnol Marc Marquez (Repsol Honda Team) s&rsquo;est empar\u00e9 de premi\u00e8re pole position de la saison sur le circuit de Portimao. C&rsquo;est sa 63\u00e8me pole position en carri\u00e8re dans la cat\u00e9gorie reine<\/strong><\/em><strong><em>. Il devance Francesco Bagnaia (Ducati) et Jorge Martin (Pramac). Les Fran\u00e7ais Johann Zarco (Pramac Ducati) et Fabio Quartararo (Yamaha) s&rsquo;\u00e9lanceront des 10\u00e8me et 11\u00e8me positions.\u00a0<\/em><\/strong><\/p>\n<p style=\"text-align: justify;\">Sous le soleil de Portimao et \u00e0 l\u2019occasion de la toute premi\u00e8re manche de la saison, les pilotes concern\u00e9s ont pris part \u00e0 la premi\u00e8re partie des qualifications. Parmi eux, nous retrouvions de tr\u00e8s bons pilotes comme par exemple les deux Honda de <strong>Marc Marquez<\/strong> et <strong>Joan Mir<\/strong> ainsi que le local <strong>Miguel Oliveira<\/strong> (CryptoDATA RNF MotoGP Team). D\u2019ailleurs, c\u2019est ce dernier qui a tir\u00e9 son \u00e9pingle du jeu juste derri\u00e8re Marc Marquez, qui n\u2019a eu aucune difficult\u00e9 \u00e0 se qualifier en Q2.<\/p>\n<h2 style=\"text-align: justify;\">Marc Marquez cr\u00e9e la surprise dans les derni\u00e8res secondes<\/h2>\n<p style=\"text-align: justify;\">Pas moins de huit \u00e9quipes diff\u00e9rentes pr\u00e9sentaient au moins un pilote en Q2. C\u2019\u00e9tait tr\u00e8s serr\u00e9 dans cette s\u00e9ance de qualifications. Apr\u00e8s le premier run, <strong>Jack Miller <\/strong>(KTM) a pris les commandes avec un temps canon. Ce n\u2019est que dans les derni\u00e8res secondes que le classement a chang\u00e9. Finalement, c\u2019est <strong>Marc Marquez <\/strong>(Repsol Honda Team) qui a fait le meilleur temps de la s\u00e9ance. Il d\u00e9croche alors sa 63<sup>\u00e8me<\/sup> pole position en MotoGP. Il devance le champion du monde en titre <strong>Francesco Bagnaia<\/strong> (Ducati) et <strong>Jorge Martin <\/strong>(Pramac Ducati).<\/p>\n<blockquote class=\"twitter-tweet\">\n<p dir=\"ltr\" lang=\"fr\">LA POLE POSITION DE MARC MARQUEZ \ud83d\ude31\ud83d\ude31\ud83d\udd25<\/p>\n<p>Des performances exceptionnelles r\u00e9alis\u00e9es ce matin pour le pilote espagnol \u26a1\ufe0f<a href=\"https:\/\/twitter.com\/hashtag\/PortugueseGP?src=hash&amp;ref_src=twsrc%5Etfw\">#PortugueseGP<\/a> <a href=\"https:\/\/twitter.com\/hashtag\/MotoGP?src=hash&amp;ref_src=twsrc%5Etfw\">#MotoGP<\/a> <a href=\"https:\/\/t.co\/Z62RwDxth5\">pic.twitter.com\/Z62RwDxth5<\/a><\/p>\n<p>\u2014 CANAL+ MotoGP\u2122 (@CanalplusMotoGP) <a href=\"https:\/\/twitter.com\/CanalplusMotoGP\/status\/1639592383003365377?ref_src=twsrc%5Etfw\">March 25, 2023<\/a><\/p><\/blockquote>\n<p><script async src=\"https:\/\/platform.twitter.com\/widgets.js\" charset=\"utf-8\"><\/script><\/p>\n<p style=\"text-align: justify;\">Derri\u00e8re, <strong>Miguel Oliveira<\/strong> a pris une superbe 4<sup>\u00e8me<\/sup> place \u00e0 domicile devant <strong>Jack Miller<\/strong> et la deuxi\u00e8me Ducati officielle d&rsquo;<strong>Enea Bastianini<\/strong>. <strong>Maverick Vinales<\/strong> (Aprilia) partira 7<sup>\u00e8me<\/sup> devan\u00e7ant les deux Mooney VR46 de <strong>Marco Bezzecchi<\/strong> et <strong>Luca Marini<\/strong>. Les deux Fran\u00e7ais <strong>Johann Zarco<\/strong> (Pramac Ducati) et <strong>Fabio Quartararo<\/strong> (Monster Energy Yamaha) ne partiront que 10<sup>\u00e8me<\/sup> et 11<sup>\u00e8me<\/sup>. <strong>Aleix Espargaro<\/strong> compl\u00e8te ce top 12. Rendez-vous cet apr\u00e8s-midi pour la toute premi\u00e8re course sprint de l\u2019histoire qui s\u2019annonce palpitante, \u00e0 16 heures sur Canal+ Sport 360 ainsi que demain \u00e0 15h sur Canal+ pour le Grand Prix.<\/p>\n<h2 style=\"text-align: justify;\">\u00c0 lire aussi<\/h2>\n<ul>\n<li style=\"text-align: justify;\"><a href=\"https:\/\/dicodusport.fr\/blog\/motogp-grille-de-depart-grand-prix-du-portugal-2023\/\"><strong>La grille de d\u00e9part du Grand Prix du Portugal 2023<\/strong><\/a><\/li>\n<li><a href=\"https:\/\/dicodusport.fr\/blog\/motogp-portugal-2023-programme-chaine-tv-et-resultats\/\"><strong>Programme et r\u00e9sultats du Grand Prix du Portugal 2023<\/strong><\/a><\/li>\n<\/ul>\n","protected":false},"excerpt":{"rendered":"<p>MOTOGP &#8211; GRAND PRIX DU PORTUGAL 2023 &#8211; L&rsquo;Espagnol Marc Marquez (Repsol Honda Team) s&rsquo;est empar\u00e9 de premi\u00e8re pole position de la saison sur le circuit de Portimao. C&rsquo;est sa 74\u00e8me pole position en carri\u00e8re dans la cat\u00e9gorie reine. Il devance Francesco Bagnaia (Ducati) et Jorge Martin (Pramac). Les Fran\u00e7ais Johann Zarco (Pramac Ducati) et Fabio Quartararo (Yamaha) s&rsquo;\u00e9lanceront des 10\u00e8me et 11\u00e8me positions.\u00a0<\/p>\n","protected":false},"author":54,"featured_media":368956,"comment_status":"open","ping_status":"closed","sticky":false,"template":"","format":"standard","meta":{"_acf_changed":false,"_daextam_enable_autolinks":"","footnotes":""},"categories":[47087],"tags":[16878,15944,10938,15983],"class_list":["post-368892","post","type-post","status-publish","format-standard","has-post-thumbnail","hentry","category-motogp","tag-breve","tag-grand-prix-du-portugal-motogp","tag-motogp","tag-motogp-portugal"],"acf":[],"yoast_head":"<!-- This site is optimized with the Yoast SEO Premium plugin v26.7 (Yoast SEO v26.7) - https:\/\/yoast.com\/wordpress\/plugins\/seo\/ -->\n<title>MotoGP Portugal 2023 : Marc Marquez s&#039;offre la premi\u00e8re pole position de la saison<\/title>\n<meta name=\"description\" content=\"MOTOGP - GRAND PRIX DU PORTUGAL 2023 - Marc Marquez (Repsol Honda Team) a r\u00e9alis\u00e9 la premi\u00e8re pole position de la saison \u00e0 Portimao.\" \/>\n<meta name=\"robots\" content=\"index, follow, max-snippet:-1, max-image-preview:large, max-video-preview:-1\" \/>\n<link rel=\"canonical\" href=\"https:\/\/dicodusport.fr\/blog\/motogp-portugal-2023-marc-marquez-soffre-la-premiere-pole-position-de-la-saison\/\" \/>\n<meta property=\"og:locale\" content=\"fr_FR\" \/>\n<meta property=\"og:type\" content=\"article\" \/>\n<meta property=\"og:title\" content=\"MotoGP Portugal 2023 : Marc Marquez s&#039;offre la premi\u00e8re pole position de la saison\" \/>\n<meta property=\"og:description\" content=\"MOTOGP - GRAND PRIX DU PORTUGAL 2023 - Marc Marquez (Repsol Honda Team) a r\u00e9alis\u00e9 la premi\u00e8re pole position de la saison \u00e0 Portimao.\" \/>\n<meta property=\"og:url\" content=\"https:\/\/dicodusport.fr\/blog\/motogp-portugal-2023-marc-marquez-soffre-la-premiere-pole-position-de-la-saison\/\" \/>\n<meta property=\"og:site_name\" content=\"Dicodusport\" \/>\n<meta property=\"article:publisher\" content=\"https:\/\/www.facebook.com\/dicodusport\" \/>\n<meta property=\"article:author\" content=\"https:\/\/www.facebook.com\/roxane.lecacher\" \/>\n<meta property=\"article:published_time\" content=\"2023-03-25T11:43:05+00:00\" \/>\n<meta property=\"article:modified_time\" content=\"2023-03-25T14:56:55+00:00\" \/>\n<meta property=\"og:image\" content=\"https:\/\/dicodusport.fr\/blog\/wp-content\/uploads\/2023\/03\/MotoGP-Portugal-2023-Marc-Marquez-soffre-la-premiere-pole-position-de-la-saison.png\" \/>\n\t<meta property=\"og:image:width\" content=\"800\" \/>\n\t<meta property=\"og:image:height\" content=\"445\" \/>\n\t<meta property=\"og:image:type\" content=\"image\/png\" \/>\n<meta name=\"author\" content=\"Roxane Lecacher\" \/>\n<meta name=\"twitter:card\" content=\"summary_large_image\" \/>\n<meta name=\"twitter:title\" content=\"MotoGP Portugal 2023 : Marc Marquez s&#039;offre la premi\u00e8re pole position de la saison\" \/>\n<meta name=\"twitter:creator\" content=\"@dicodusport\" \/>\n<meta name=\"twitter:site\" content=\"@dicodusport\" \/>\n<script type=\"application\/ld+json\" class=\"yoast-schema-graph\">{\"@context\":\"https:\/\/schema.org\",\"@graph\":[{\"@type\":\"NewsArticle\",\"@id\":\"https:\/\/dicodusport.fr\/blog\/motogp-portugal-2023-marc-marquez-soffre-la-premiere-pole-position-de-la-saison\/#article\",\"isPartOf\":{\"@id\":\"https:\/\/dicodusport.fr\/blog\/motogp-portugal-2023-marc-marquez-soffre-la-premiere-pole-position-de-la-saison\/\"},\"author\":{\"name\":\"Roxane Lecacher\",\"@id\":\"https:\/\/dicodusport.fr\/blog\/#\/schema\/person\/819fb2545dd2715bd7c0580d6d4b411a\"},\"headline\":\"MotoGP Portugal 2023 : Marc Marquez s&rsquo;offre la premi\u00e8re pole position de la saison\",\"datePublished\":\"2023-03-25T11:43:05+00:00\",\"dateModified\":\"2023-03-25T14:56:55+00:00\",\"mainEntityOfPage\":{\"@id\":\"https:\/\/dicodusport.fr\/blog\/motogp-portugal-2023-marc-marquez-soffre-la-premiere-pole-position-de-la-saison\/\"},\"wordCount\":433,\"commentCount\":0,\"publisher\":{\"@id\":\"https:\/\/dicodusport.fr\/blog\/#organization\"},\"image\":{\"@id\":\"https:\/\/dicodusport.fr\/blog\/motogp-portugal-2023-marc-marquez-soffre-la-premiere-pole-position-de-la-saison\/#primaryimage\"},\"thumbnailUrl\":\"https:\/\/dicodusport.fr\/blog\/wp-content\/uploads\/2023\/03\/MotoGP-Portugal-2023-Marc-Marquez-soffre-la-premiere-pole-position-de-la-saison.png\",\"keywords\":[\"br\u00e8ve\",\"Grand Prix du Portugal MotoGP\",\"MotoGP\",\"MotoGP Portugal\"],\"articleSection\":[\"MotoGP\"],\"inLanguage\":\"fr-FR\",\"potentialAction\":[{\"@type\":\"CommentAction\",\"name\":\"Comment\",\"target\":[\"https:\/\/dicodusport.fr\/blog\/motogp-portugal-2023-marc-marquez-soffre-la-premiere-pole-position-de-la-saison\/#respond\"]}],\"copyrightYear\":\"2023\",\"copyrightHolder\":{\"@id\":\"https:\/\/dicodusport.fr\/blog\/#organization\"}},{\"@type\":\"WebPage\",\"@id\":\"https:\/\/dicodusport.fr\/blog\/motogp-portugal-2023-marc-marquez-soffre-la-premiere-pole-position-de-la-saison\/\",\"url\":\"https:\/\/dicodusport.fr\/blog\/motogp-portugal-2023-marc-marquez-soffre-la-premiere-pole-position-de-la-saison\/\",\"name\":\"MotoGP Portugal 2023 : Marc Marquez s'offre la premi\u00e8re pole position de la saison\",\"isPartOf\":{\"@id\":\"https:\/\/dicodusport.fr\/blog\/#website\"},\"primaryImageOfPage\":{\"@id\":\"https:\/\/dicodusport.fr\/blog\/motogp-portugal-2023-marc-marquez-soffre-la-premiere-pole-position-de-la-saison\/#primaryimage\"},\"image\":{\"@id\":\"https:\/\/dicodusport.fr\/blog\/motogp-portugal-2023-marc-marquez-soffre-la-premiere-pole-position-de-la-saison\/#primaryimage\"},\"thumbnailUrl\":\"https:\/\/dicodusport.fr\/blog\/wp-content\/uploads\/2023\/03\/MotoGP-Portugal-2023-Marc-Marquez-soffre-la-premiere-pole-position-de-la-saison.png\",\"datePublished\":\"2023-03-25T11:43:05+00:00\",\"dateModified\":\"2023-03-25T14:56:55+00:00\",\"description\":\"MOTOGP - GRAND PRIX DU PORTUGAL 2023 - Marc Marquez (Repsol Honda Team) a r\u00e9alis\u00e9 la premi\u00e8re pole position de la saison \u00e0 Portimao.\",\"breadcrumb\":{\"@id\":\"https:\/\/dicodusport.fr\/blog\/motogp-portugal-2023-marc-marquez-soffre-la-premiere-pole-position-de-la-saison\/#breadcrumb\"},\"inLanguage\":\"fr-FR\",\"potentialAction\":[{\"@type\":\"ReadAction\",\"target\":[\"https:\/\/dicodusport.fr\/blog\/motogp-portugal-2023-marc-marquez-soffre-la-premiere-pole-position-de-la-saison\/\"]}]},{\"@type\":\"ImageObject\",\"inLanguage\":\"fr-FR\",\"@id\":\"https:\/\/dicodusport.fr\/blog\/motogp-portugal-2023-marc-marquez-soffre-la-premiere-pole-position-de-la-saison\/#primaryimage\",\"url\":\"https:\/\/dicodusport.fr\/blog\/wp-content\/uploads\/2023\/03\/MotoGP-Portugal-2023-Marc-Marquez-soffre-la-premiere-pole-position-de-la-saison.png\",\"contentUrl\":\"https:\/\/dicodusport.fr\/blog\/wp-content\/uploads\/2023\/03\/MotoGP-Portugal-2023-Marc-Marquez-soffre-la-premiere-pole-position-de-la-saison.png\",\"width\":800,\"height\":445,\"caption\":\"MotoGP Portugal 2023 Marc Marquez s'offre la premi\u00e8re pole position de la saison\"},{\"@type\":\"BreadcrumbList\",\"@id\":\"https:\/\/dicodusport.fr\/blog\/motogp-portugal-2023-marc-marquez-soffre-la-premiere-pole-position-de-la-saison\/#breadcrumb\",\"itemListElement\":[{\"@type\":\"ListItem\",\"position\":1,\"name\":\"Accueil\",\"item\":\"https:\/\/dicodusport.fr\/blog\/\"},{\"@type\":\"ListItem\",\"position\":2,\"name\":\"MotoGP Portugal 2023 : Marc Marquez s&rsquo;offre la premi\u00e8re pole position de la saison\"}]},{\"@type\":\"WebSite\",\"@id\":\"https:\/\/dicodusport.fr\/blog\/#website\",\"url\":\"https:\/\/dicodusport.fr\/blog\/\",\"name\":\"Dicodusport\",\"description\":\"L&#039;encyclop\u00e9die de l&#039;actualit\u00e9 sportive\",\"publisher\":{\"@id\":\"https:\/\/dicodusport.fr\/blog\/#organization\"},\"potentialAction\":[{\"@type\":\"SearchAction\",\"target\":{\"@type\":\"EntryPoint\",\"urlTemplate\":\"https:\/\/dicodusport.fr\/blog\/?s={search_term_string}\"},\"query-input\":{\"@type\":\"PropertyValueSpecification\",\"valueRequired\":true,\"valueName\":\"search_term_string\"}}],\"inLanguage\":\"fr-FR\"},{\"@type\":\"NewsMediaOrganization\",\"@id\":\"https:\/\/dicodusport.fr\/blog\/#organization\",\"name\":\"Dicodusport\",\"url\":\"https:\/\/dicodusport.fr\/blog\/\",\"logo\":{\"@type\":\"ImageObject\",\"inLanguage\":\"fr-FR\",\"@id\":\"https:\/\/dicodusport.fr\/blog\/#\/schema\/logo\/image\/\",\"url\":\"https:\/\/dicodusport.fr\/blog\/wp-content\/uploads\/2020\/06\/cropped-LOGO-DICODUSPORT-2020-SANS-FOND-SANS-TEXTE.png\",\"contentUrl\":\"https:\/\/dicodusport.fr\/blog\/wp-content\/uploads\/2020\/06\/cropped-LOGO-DICODUSPORT-2020-SANS-FOND-SANS-TEXTE.png\",\"width\":512,\"height\":512,\"caption\":\"Dicodusport\"},\"image\":{\"@id\":\"https:\/\/dicodusport.fr\/blog\/#\/schema\/logo\/image\/\"},\"sameAs\":[\"https:\/\/www.facebook.com\/dicodusport\",\"https:\/\/x.com\/dicodusport\",\"https:\/\/www.instagram.com\/dicodusport\/\",\"https:\/\/www.youtube.com\/channel\/UC7V2KZ5sd3htJivAbA4ZG3w\"],\"description\":\"Dicodusport est l'encyclop\u00e9die de l'actualit\u00e9 sportive.\",\"email\":\"bonjour@dicodusport.fr\",\"legalName\":\"DICODUSPORT\",\"foundingDate\":\"2018-01-14\",\"vatID\":\"FR71834470973\",\"taxID\":\"83447097300043\",\"numberOfEmployees\":{\"@type\":\"QuantitativeValue\",\"minValue\":\"1\",\"maxValue\":\"10\"}},{\"@type\":\"Person\",\"@id\":\"https:\/\/dicodusport.fr\/blog\/#\/schema\/person\/819fb2545dd2715bd7c0580d6d4b411a\",\"name\":\"Roxane Lecacher\",\"image\":{\"@type\":\"ImageObject\",\"inLanguage\":\"fr-FR\",\"@id\":\"https:\/\/dicodusport.fr\/blog\/#\/schema\/person\/image\/\",\"url\":\"https:\/\/dicodusport.fr\/blog\/wp-content\/uploads\/2021\/05\/Roxane-Lecacher-150x150.jpg\",\"contentUrl\":\"https:\/\/dicodusport.fr\/blog\/wp-content\/uploads\/2021\/05\/Roxane-Lecacher-150x150.jpg\",\"caption\":\"Roxane Lecacher\"},\"description\":\"Journaliste\/r\u00e9dactrice depuis janvier 2021 - N\u00e9e quelques jours avant la premi\u00e8re \u00e9toile des Bleus, je baigne dans une famille tr\u00e8s sportive. Je n\u2019ai eu d\u2019autres choix que de me passionner pour le sujet. Pratiquante de l\u2019athl\u00e9tisme depuis toute petite, j\u2019ai aussi un attrait tout particulier pour la Formule 1, le biathlon et le foot. Pendant les grands \u00e9v\u00e9nements, il est impossible de d\u00e9crocher de ma t\u00e9l\u00e9. C\u2019est \u00e0 travers Dicodusport que j\u2019aime d\u00e9sormais vous transmettre mes \u00e9motions et ma passion.\",\"sameAs\":[\"https:\/\/www.facebook.com\/roxane.lecacher\",\"https:\/\/fr.linkedin.com\/in\/roxane-lecacher-23368313b\"],\"url\":\"https:\/\/dicodusport.fr\/blog\/author\/roxanel\/\"}]}<\/script>\n<!-- \/ Yoast SEO Premium plugin. -->","yoast_head_json":{"title":"MotoGP Portugal 2023 : Marc Marquez s'offre la premi\u00e8re pole position de la saison","description":"MOTOGP - GRAND PRIX DU PORTUGAL 2023 - Marc Marquez (Repsol Honda Team) a r\u00e9alis\u00e9 la premi\u00e8re pole position de la saison \u00e0 Portimao.","robots":{"index":"index","follow":"follow","max-snippet":"max-snippet:-1","max-image-preview":"max-image-preview:large","max-video-preview":"max-video-preview:-1"},"canonical":"https:\/\/dicodusport.fr\/blog\/motogp-portugal-2023-marc-marquez-soffre-la-premiere-pole-position-de-la-saison\/","og_locale":"fr_FR","og_type":"article","og_title":"MotoGP Portugal 2023 : Marc Marquez s'offre la premi\u00e8re pole position de la saison","og_description":"MOTOGP - GRAND PRIX DU PORTUGAL 2023 - Marc Marquez (Repsol Honda Team) a r\u00e9alis\u00e9 la premi\u00e8re pole position de la saison \u00e0 Portimao.","og_url":"https:\/\/dicodusport.fr\/blog\/motogp-portugal-2023-marc-marquez-soffre-la-premiere-pole-position-de-la-saison\/","og_site_name":"Dicodusport","article_publisher":"https:\/\/www.facebook.com\/dicodusport","article_author":"https:\/\/www.facebook.com\/roxane.lecacher","article_published_time":"2023-03-25T11:43:05+00:00","article_modified_time":"2023-03-25T14:56:55+00:00","og_image":[{"width":800,"height":445,"url":"https:\/\/dicodusport.fr\/blog\/wp-content\/uploads\/2023\/03\/MotoGP-Portugal-2023-Marc-Marquez-soffre-la-premiere-pole-position-de-la-saison.png","type":"image\/png"}],"author":"Roxane Lecacher","twitter_card":"summary_large_image","twitter_title":"MotoGP Portugal 2023 : Marc Marquez s'offre la premi\u00e8re pole position de la saison","twitter_creator":"@dicodusport","twitter_site":"@dicodusport","schema":{"@context":"https:\/\/schema.org","@graph":[{"@type":"NewsArticle","@id":"https:\/\/dicodusport.fr\/blog\/motogp-portugal-2023-marc-marquez-soffre-la-premiere-pole-position-de-la-saison\/#article","isPartOf":{"@id":"https:\/\/dicodusport.fr\/blog\/motogp-portugal-2023-marc-marquez-soffre-la-premiere-pole-position-de-la-saison\/"},"author":{"name":"Roxane Lecacher","@id":"https:\/\/dicodusport.fr\/blog\/#\/schema\/person\/819fb2545dd2715bd7c0580d6d4b411a"},"headline":"MotoGP Portugal 2023 : Marc Marquez s&rsquo;offre la premi\u00e8re pole position de la saison","datePublished":"2023-03-25T11:43:05+00:00","dateModified":"2023-03-25T14:56:55+00:00","mainEntityOfPage":{"@id":"https:\/\/dicodusport.fr\/blog\/motogp-portugal-2023-marc-marquez-soffre-la-premiere-pole-position-de-la-saison\/"},"wordCount":433,"commentCount":0,"publisher":{"@id":"https:\/\/dicodusport.fr\/blog\/#organization"},"image":{"@id":"https:\/\/dicodusport.fr\/blog\/motogp-portugal-2023-marc-marquez-soffre-la-premiere-pole-position-de-la-saison\/#primaryimage"},"thumbnailUrl":"https:\/\/dicodusport.fr\/blog\/wp-content\/uploads\/2023\/03\/MotoGP-Portugal-2023-Marc-Marquez-soffre-la-premiere-pole-position-de-la-saison.png","keywords":["br\u00e8ve","Grand Prix du Portugal MotoGP","MotoGP","MotoGP Portugal"],"articleSection":["MotoGP"],"inLanguage":"fr-FR","potentialAction":[{"@type":"CommentAction","name":"Comment","target":["https:\/\/dicodusport.fr\/blog\/motogp-portugal-2023-marc-marquez-soffre-la-premiere-pole-position-de-la-saison\/#respond"]}],"copyrightYear":"2023","copyrightHolder":{"@id":"https:\/\/dicodusport.fr\/blog\/#organization"}},{"@type":"WebPage","@id":"https:\/\/dicodusport.fr\/blog\/motogp-portugal-2023-marc-marquez-soffre-la-premiere-pole-position-de-la-saison\/","url":"https:\/\/dicodusport.fr\/blog\/motogp-portugal-2023-marc-marquez-soffre-la-premiere-pole-position-de-la-saison\/","name":"MotoGP Portugal 2023 : Marc Marquez s'offre la premi\u00e8re pole position de la saison","isPartOf":{"@id":"https:\/\/dicodusport.fr\/blog\/#website"},"primaryImageOfPage":{"@id":"https:\/\/dicodusport.fr\/blog\/motogp-portugal-2023-marc-marquez-soffre-la-premiere-pole-position-de-la-saison\/#primaryimage"},"image":{"@id":"https:\/\/dicodusport.fr\/blog\/motogp-portugal-2023-marc-marquez-soffre-la-premiere-pole-position-de-la-saison\/#primaryimage"},"thumbnailUrl":"https:\/\/dicodusport.fr\/blog\/wp-content\/uploads\/2023\/03\/MotoGP-Portugal-2023-Marc-Marquez-soffre-la-premiere-pole-position-de-la-saison.png","datePublished":"2023-03-25T11:43:05+00:00","dateModified":"2023-03-25T14:56:55+00:00","description":"MOTOGP - GRAND PRIX DU PORTUGAL 2023 - Marc Marquez (Repsol Honda Team) a r\u00e9alis\u00e9 la premi\u00e8re pole position de la saison \u00e0 Portimao.","breadcrumb":{"@id":"https:\/\/dicodusport.fr\/blog\/motogp-portugal-2023-marc-marquez-soffre-la-premiere-pole-position-de-la-saison\/#breadcrumb"},"inLanguage":"fr-FR","potentialAction":[{"@type":"ReadAction","target":["https:\/\/dicodusport.fr\/blog\/motogp-portugal-2023-marc-marquez-soffre-la-premiere-pole-position-de-la-saison\/"]}]},{"@type":"ImageObject","inLanguage":"fr-FR","@id":"https:\/\/dicodusport.fr\/blog\/motogp-portugal-2023-marc-marquez-soffre-la-premiere-pole-position-de-la-saison\/#primaryimage","url":"https:\/\/dicodusport.fr\/blog\/wp-content\/uploads\/2023\/03\/MotoGP-Portugal-2023-Marc-Marquez-soffre-la-premiere-pole-position-de-la-saison.png","contentUrl":"https:\/\/dicodusport.fr\/blog\/wp-content\/uploads\/2023\/03\/MotoGP-Portugal-2023-Marc-Marquez-soffre-la-premiere-pole-position-de-la-saison.png","width":800,"height":445,"caption":"MotoGP Portugal 2023 Marc Marquez s'offre la premi\u00e8re pole position de la saison"},{"@type":"BreadcrumbList","@id":"https:\/\/dicodusport.fr\/blog\/motogp-portugal-2023-marc-marquez-soffre-la-premiere-pole-position-de-la-saison\/#breadcrumb","itemListElement":[{"@type":"ListItem","position":1,"name":"Accueil","item":"https:\/\/dicodusport.fr\/blog\/"},{"@type":"ListItem","position":2,"name":"MotoGP Portugal 2023 : Marc Marquez s&rsquo;offre la premi\u00e8re pole position de la saison"}]},{"@type":"WebSite","@id":"https:\/\/dicodusport.fr\/blog\/#website","url":"https:\/\/dicodusport.fr\/blog\/","name":"Dicodusport","description":"L&#039;encyclop\u00e9die de l&#039;actualit\u00e9 sportive","publisher":{"@id":"https:\/\/dicodusport.fr\/blog\/#organization"},"potentialAction":[{"@type":"SearchAction","target":{"@type":"EntryPoint","urlTemplate":"https:\/\/dicodusport.fr\/blog\/?s={search_term_string}"},"query-input":{"@type":"PropertyValueSpecification","valueRequired":true,"valueName":"search_term_string"}}],"inLanguage":"fr-FR"},{"@type":"NewsMediaOrganization","@id":"https:\/\/dicodusport.fr\/blog\/#organization","name":"Dicodusport","url":"https:\/\/dicodusport.fr\/blog\/","logo":{"@type":"ImageObject","inLanguage":"fr-FR","@id":"https:\/\/dicodusport.fr\/blog\/#\/schema\/logo\/image\/","url":"https:\/\/dicodusport.fr\/blog\/wp-content\/uploads\/2020\/06\/cropped-LOGO-DICODUSPORT-2020-SANS-FOND-SANS-TEXTE.png","contentUrl":"https:\/\/dicodusport.fr\/blog\/wp-content\/uploads\/2020\/06\/cropped-LOGO-DICODUSPORT-2020-SANS-FOND-SANS-TEXTE.png","width":512,"height":512,"caption":"Dicodusport"},"image":{"@id":"https:\/\/dicodusport.fr\/blog\/#\/schema\/logo\/image\/"},"sameAs":["https:\/\/www.facebook.com\/dicodusport","https:\/\/x.com\/dicodusport","https:\/\/www.instagram.com\/dicodusport\/","https:\/\/www.youtube.com\/channel\/UC7V2KZ5sd3htJivAbA4ZG3w"],"description":"Dicodusport est l'encyclop\u00e9die de l'actualit\u00e9 sportive.","email":"bonjour@dicodusport.fr","legalName":"DICODUSPORT","foundingDate":"2018-01-14","vatID":"FR71834470973","taxID":"83447097300043","numberOfEmployees":{"@type":"QuantitativeValue","minValue":"1","maxValue":"10"}},{"@type":"Person","@id":"https:\/\/dicodusport.fr\/blog\/#\/schema\/person\/819fb2545dd2715bd7c0580d6d4b411a","name":"Roxane Lecacher","image":{"@type":"ImageObject","inLanguage":"fr-FR","@id":"https:\/\/dicodusport.fr\/blog\/#\/schema\/person\/image\/","url":"https:\/\/dicodusport.fr\/blog\/wp-content\/uploads\/2021\/05\/Roxane-Lecacher-150x150.jpg","contentUrl":"https:\/\/dicodusport.fr\/blog\/wp-content\/uploads\/2021\/05\/Roxane-Lecacher-150x150.jpg","caption":"Roxane Lecacher"},"description":"Journaliste\/r\u00e9dactrice depuis janvier 2021 - N\u00e9e quelques jours avant la premi\u00e8re \u00e9toile des Bleus, je baigne dans une famille tr\u00e8s sportive. Je n\u2019ai eu d\u2019autres choix que de me passionner pour le sujet. Pratiquante de l\u2019athl\u00e9tisme depuis toute petite, j\u2019ai aussi un attrait tout particulier pour la Formule 1, le biathlon et le foot. Pendant les grands \u00e9v\u00e9nements, il est impossible de d\u00e9crocher de ma t\u00e9l\u00e9. C\u2019est \u00e0 travers Dicodusport que j\u2019aime d\u00e9sormais vous transmettre mes \u00e9motions et ma passion.","sameAs":["https:\/\/www.facebook.com\/roxane.lecacher","https:\/\/fr.linkedin.com\/in\/roxane-lecacher-23368313b"],"url":"https:\/\/dicodusport.fr\/blog\/author\/roxanel\/"}]}},"_links":{"self":[{"href":"https:\/\/dicodusport.fr\/blog\/wp-json\/wp\/v2\/posts\/368892","targetHints":{"allow":["GET"]}}],"collection":[{"href":"https:\/\/dicodusport.fr\/blog\/wp-json\/wp\/v2\/posts"}],"about":[{"href":"https:\/\/dicodusport.fr\/blog\/wp-json\/wp\/v2\/types\/post"}],"author":[{"embeddable":true,"href":"https:\/\/dicodusport.fr\/blog\/wp-json\/wp\/v2\/users\/54"}],"replies":[{"embeddable":true,"href":"https:\/\/dicodusport.fr\/blog\/wp-json\/wp\/v2\/comments?post=368892"}],"version-history":[{"count":0,"href":"https:\/\/dicodusport.fr\/blog\/wp-json\/wp\/v2\/posts\/368892\/revisions"}],"wp:featuredmedia":[{"embeddable":true,"href":"https:\/\/dicodusport.fr\/blog\/wp-json\/wp\/v2\/media\/368956"}],"wp:attachment":[{"href":"https:\/\/dicodusport.fr\/blog\/wp-json\/wp\/v2\/media?parent=368892"}],"wp:term":[{"taxonomy":"category","embeddable":true,"href":"https:\/\/dicodusport.fr\/blog\/wp-json\/wp\/v2\/categories?post=368892"},{"taxonomy":"post_tag","embeddable":true,"href":"https:\/\/dicodusport.fr\/blog\/wp-json\/wp\/v2\/tags?post=368892"}],"curies":[{"name":"wp","href":"https:\/\/api.w.org\/{rel}","templated":true}]}}