{"id":369030,"date":"2023-03-25T16:15:13","date_gmt":"2023-03-25T15:15:13","guid":{"rendered":"https:\/\/dicodusport.fr\/blog\/?p=369030&#038;preview=true&#038;preview_id=369030"},"modified":"2023-03-25T16:15:13","modified_gmt":"2023-03-25T15:15:13","slug":"semaine-coppi-et-bartali-2023-remi-cavagna-rafle-la-derniere-etape-un-contre-la-montre","status":"publish","type":"post","link":"https:\/\/dicodusport.fr\/blog\/semaine-coppi-et-bartali-2023-remi-cavagna-rafle-la-derniere-etape-un-contre-la-montre\/","title":{"rendered":"Semaine Coppi et Bartali 2023 : R\u00e9mi Cavagna rafle la derni\u00e8re \u00e9tape, un contre-la-montre"},"content":{"rendered":"<p style=\"text-align: justify;\"><em><strong>CYCLISME SUR ROUTE 2023 \u2013 Apr\u00e8s avoir remport\u00e9 la premi\u00e8re \u00e9tape, R\u00e9mi Cavagna (Soudal Quick-Step) a doubl\u00e9 la mise en raflant la derni\u00e8re. Le Tricolore a \u00e9t\u00e9 sans rival sur le contre-la-montre.<\/strong><\/em><\/p>\n<p style=\"text-align: justify;\">Belle semaine italienne pour<strong> R\u00e9mi Cavagna.<\/strong> Mardi, le TGV de Clermont-Ferrand <a href=\"https:\/\/dicodusport.fr\/blog\/semaine-coppi-et-bartali-2023-remi-cavagna-simpose-en-solitaire-sur-la-1ere-etape\/\">s&rsquo;offrait la premi\u00e8re \u00e9tape en solitaire<\/a>. Aujourd&rsquo;hui, il a termin\u00e9 comme il a commenc\u00e9. Grand favori du contre-la-montre de 18 km, il a tenu son rang, bouclant le parcours avec 18 secondes d&rsquo;avance sur <strong>Michael Hepburn<\/strong> (Team Jayco AlUla). Une nouvelle preuve de la grande forme du Fran\u00e7ais en ce d\u00e9but de saison.<\/p>\n<p style=\"text-align: justify;\">Au classement g\u00e9n\u00e9ral, c&rsquo;est le co\u00e9quipier de <strong>Cavagna, Mauro Schmid,<\/strong> qui rafle la mise. En t\u00eate avant ce chrono, il a pris la 8e place \u00e0 41 secondes du Tricolore. Suffisant pour s&rsquo;imposer devant trois membres de l&rsquo;\u00e9quipe EF Education Post,<strong> James Shaw, Ben Healy<\/strong> et<strong> Mark Padun.<\/strong> La Soudal-Quickstep, \u00e0 d\u00e9faut de briller sur les Flandriennes, gonfle son compteur de victoires en Italie.<\/p>\n<blockquote class=\"twitter-tweet\">\n<p dir=\"ltr\" lang=\"fr\">R\u00e9mi Cavagna \ud83c\uddeb\ud83c\uddf7 (Soudal Quick Step) gagne la 5e et derni\u00e8re \u00e9tape de la Semaine Coppi et Bartali (2.1), un CLM de 18,6 km<br \/>\n2. Michael Hepburn \ud83c\udde6\ud83c\uddfa (Team Jayco-AlUla) \u00e0 0:18<br \/>\n3. Ben Healy \ud83c\uddee\ud83c\uddea (EF Education-EasyPost) \u00e0 0:19<\/p>\n<p>Mauro Schmid \ud83c\udde8\ud83c\udded(Soudal Quick Step) gagne le g\u00e9n\u00e9ral <a href=\"https:\/\/t.co\/5KV8VGGEm8\">https:\/\/t.co\/5KV8VGGEm8<\/a><\/p>\n<p>\u2014 CyclismeRevue.be (@CyclismeRevue) <a href=\"https:\/\/twitter.com\/CyclismeRevue\/status\/1639640135410262024?ref_src=twsrc%5Etfw\">March 25, 2023<\/a><\/p><\/blockquote>\n<p style=\"text-align: justify;\"><script async src=\"https:\/\/platform.twitter.com\/widgets.js\" charset=\"utf-8\"><\/script><\/p>\n<h2 style=\"text-align: justify;\">\u00c0 lire aussi<\/h2>\n<ul>\n<li style=\"text-align: justify;\"><a href=\"https:\/\/dicodusport.fr\/blog\/semaine-coppi-et-bartali-2023-classement-5eme-etape\/\"><strong>Classement de la 5\u00e8me \u00e9tape de la Semaine Coppi et Bartali<\/strong><\/a><\/li>\n<li style=\"text-align: justify;\"><a href=\"https:\/\/dicodusport.fr\/blog\/semaine-coppi-et-bartali-2023-classement-general\/\"><strong>Classement g\u00e9n\u00e9ral de la Semaine Coppi et Bartali<\/strong><\/a><\/li>\n<\/ul>\n","protected":false},"excerpt":{"rendered":"<p>CYCLISME SUR ROUTE 2023 \u2013 Apr\u00e8s avoir remport\u00e9 la premi\u00e8re \u00e9tape, R\u00e9mi Cavagna (Soudal Quick-Step) a doubl\u00e9 la mise en raflant la derni\u00e8re. Le Tricolore a \u00e9t\u00e9 sans rival sur le contre-la-montre.<\/p>\n","protected":false},"author":59,"featured_media":369032,"comment_status":"open","ping_status":"closed","sticky":false,"template":"","format":"standard","meta":{"_acf_changed":false,"_daextam_enable_autolinks":"","footnotes":""},"categories":[46994],"tags":[16878,16386,22493,28868],"class_list":["post-369030","post","type-post","status-publish","format-standard","has-post-thumbnail","hentry","category-cyclisme-sur-route","tag-breve","tag-remi-cavagna","tag-semaine-coppi-et-bartali","tag-soudal-quick-step"],"acf":[],"yoast_head":"<!-- This site is optimized with the Yoast SEO Premium plugin v26.7 (Yoast SEO v26.7) - https:\/\/yoast.com\/wordpress\/plugins\/seo\/ -->\n<title>Semaine Coppi et Bartali 2023 : R\u00e9mi Cavagna rafle la derni\u00e8re \u00e9tape, un contre-la-montre<\/title>\n<meta name=\"description\" content=\"CYCLISME SUR ROUTE 2023 \u2013 Apr\u00e8s avoir remport\u00e9 la premi\u00e8re \u00e9tape, R\u00e9mi Cavagna (Soudal Quick-Step) a doubl\u00e9 la mise en raflant la derni\u00e8re.\" \/>\n<meta name=\"robots\" content=\"index, follow, max-snippet:-1, max-image-preview:large, max-video-preview:-1\" \/>\n<link rel=\"canonical\" href=\"https:\/\/dicodusport.fr\/blog\/semaine-coppi-et-bartali-2023-remi-cavagna-rafle-la-derniere-etape-un-contre-la-montre\/\" \/>\n<meta property=\"og:locale\" content=\"fr_FR\" \/>\n<meta property=\"og:type\" content=\"article\" \/>\n<meta property=\"og:title\" content=\"Semaine Coppi et Bartali 2023 : R\u00e9mi Cavagna rafle la derni\u00e8re \u00e9tape, un contre-la-montre\" \/>\n<meta property=\"og:description\" content=\"CYCLISME SUR ROUTE 2023 \u2013 Apr\u00e8s avoir remport\u00e9 la premi\u00e8re \u00e9tape, R\u00e9mi Cavagna (Soudal Quick-Step) a doubl\u00e9 la mise en raflant la derni\u00e8re.\" \/>\n<meta property=\"og:url\" content=\"https:\/\/dicodusport.fr\/blog\/semaine-coppi-et-bartali-2023-remi-cavagna-rafle-la-derniere-etape-un-contre-la-montre\/\" \/>\n<meta property=\"og:site_name\" content=\"Dicodusport\" \/>\n<meta property=\"article:publisher\" content=\"https:\/\/www.facebook.com\/dicodusport\" \/>\n<meta property=\"article:author\" content=\"https:\/\/www.facebook.com\/sebastien.gente\/\" \/>\n<meta property=\"article:published_time\" content=\"2023-03-25T15:15:13+00:00\" \/>\n<meta property=\"og:image\" content=\"https:\/\/dicodusport.fr\/blog\/wp-content\/uploads\/2023\/03\/Semaine-Coppi-et-Bartali-2023-Remi-Cavagna-rafle-la-derniere-etape-un-contre-la-montre.png\" \/>\n\t<meta property=\"og:image:width\" content=\"800\" \/>\n\t<meta property=\"og:image:height\" content=\"445\" \/>\n\t<meta property=\"og:image:type\" content=\"image\/png\" \/>\n<meta name=\"author\" content=\"S\u00e9bastien Gente\" \/>\n<meta name=\"twitter:card\" content=\"summary_large_image\" \/>\n<meta name=\"twitter:title\" content=\"Semaine Coppi et Bartali 2023 : R\u00e9mi Cavagna rafle la derni\u00e8re \u00e9tape, un contre-la-montre\" \/>\n<meta name=\"twitter:creator\" content=\"@https:\/\/twitter.com\/globulo24\" \/>\n<meta name=\"twitter:site\" content=\"@dicodusport\" \/>\n<script type=\"application\/ld+json\" class=\"yoast-schema-graph\">{\"@context\":\"https:\/\/schema.org\",\"@graph\":[{\"@type\":\"NewsArticle\",\"@id\":\"https:\/\/dicodusport.fr\/blog\/semaine-coppi-et-bartali-2023-remi-cavagna-rafle-la-derniere-etape-un-contre-la-montre\/#article\",\"isPartOf\":{\"@id\":\"https:\/\/dicodusport.fr\/blog\/semaine-coppi-et-bartali-2023-remi-cavagna-rafle-la-derniere-etape-un-contre-la-montre\/\"},\"author\":{\"name\":\"S\u00e9bastien Gente\",\"@id\":\"https:\/\/dicodusport.fr\/blog\/#\/schema\/person\/627966a6cde45dbd8c5e36ac85d783da\"},\"headline\":\"Semaine Coppi et Bartali 2023 : R\u00e9mi Cavagna rafle la derni\u00e8re \u00e9tape, un contre-la-montre\",\"datePublished\":\"2023-03-25T15:15:13+00:00\",\"mainEntityOfPage\":{\"@id\":\"https:\/\/dicodusport.fr\/blog\/semaine-coppi-et-bartali-2023-remi-cavagna-rafle-la-derniere-etape-un-contre-la-montre\/\"},\"wordCount\":259,\"commentCount\":0,\"publisher\":{\"@id\":\"https:\/\/dicodusport.fr\/blog\/#organization\"},\"image\":{\"@id\":\"https:\/\/dicodusport.fr\/blog\/semaine-coppi-et-bartali-2023-remi-cavagna-rafle-la-derniere-etape-un-contre-la-montre\/#primaryimage\"},\"thumbnailUrl\":\"https:\/\/dicodusport.fr\/blog\/wp-content\/uploads\/2023\/03\/Semaine-Coppi-et-Bartali-2023-Remi-Cavagna-rafle-la-derniere-etape-un-contre-la-montre.png\",\"keywords\":[\"br\u00e8ve\",\"R\u00e9mi Cavagna\",\"Semaine Coppi et Bartali\",\"Soudal Quick-Step\"],\"articleSection\":[\"Cyclisme sur route\"],\"inLanguage\":\"fr-FR\",\"potentialAction\":[{\"@type\":\"CommentAction\",\"name\":\"Comment\",\"target\":[\"https:\/\/dicodusport.fr\/blog\/semaine-coppi-et-bartali-2023-remi-cavagna-rafle-la-derniere-etape-un-contre-la-montre\/#respond\"]}],\"copyrightYear\":\"2023\",\"copyrightHolder\":{\"@id\":\"https:\/\/dicodusport.fr\/blog\/#organization\"}},{\"@type\":\"WebPage\",\"@id\":\"https:\/\/dicodusport.fr\/blog\/semaine-coppi-et-bartali-2023-remi-cavagna-rafle-la-derniere-etape-un-contre-la-montre\/\",\"url\":\"https:\/\/dicodusport.fr\/blog\/semaine-coppi-et-bartali-2023-remi-cavagna-rafle-la-derniere-etape-un-contre-la-montre\/\",\"name\":\"Semaine Coppi et Bartali 2023 : R\u00e9mi Cavagna rafle la derni\u00e8re \u00e9tape, un contre-la-montre\",\"isPartOf\":{\"@id\":\"https:\/\/dicodusport.fr\/blog\/#website\"},\"primaryImageOfPage\":{\"@id\":\"https:\/\/dicodusport.fr\/blog\/semaine-coppi-et-bartali-2023-remi-cavagna-rafle-la-derniere-etape-un-contre-la-montre\/#primaryimage\"},\"image\":{\"@id\":\"https:\/\/dicodusport.fr\/blog\/semaine-coppi-et-bartali-2023-remi-cavagna-rafle-la-derniere-etape-un-contre-la-montre\/#primaryimage\"},\"thumbnailUrl\":\"https:\/\/dicodusport.fr\/blog\/wp-content\/uploads\/2023\/03\/Semaine-Coppi-et-Bartali-2023-Remi-Cavagna-rafle-la-derniere-etape-un-contre-la-montre.png\",\"datePublished\":\"2023-03-25T15:15:13+00:00\",\"description\":\"CYCLISME SUR ROUTE 2023 \u2013 Apr\u00e8s avoir remport\u00e9 la premi\u00e8re \u00e9tape, R\u00e9mi Cavagna (Soudal Quick-Step) a doubl\u00e9 la mise en raflant la derni\u00e8re.\",\"breadcrumb\":{\"@id\":\"https:\/\/dicodusport.fr\/blog\/semaine-coppi-et-bartali-2023-remi-cavagna-rafle-la-derniere-etape-un-contre-la-montre\/#breadcrumb\"},\"inLanguage\":\"fr-FR\",\"potentialAction\":[{\"@type\":\"ReadAction\",\"target\":[\"https:\/\/dicodusport.fr\/blog\/semaine-coppi-et-bartali-2023-remi-cavagna-rafle-la-derniere-etape-un-contre-la-montre\/\"]}]},{\"@type\":\"ImageObject\",\"inLanguage\":\"fr-FR\",\"@id\":\"https:\/\/dicodusport.fr\/blog\/semaine-coppi-et-bartali-2023-remi-cavagna-rafle-la-derniere-etape-un-contre-la-montre\/#primaryimage\",\"url\":\"https:\/\/dicodusport.fr\/blog\/wp-content\/uploads\/2023\/03\/Semaine-Coppi-et-Bartali-2023-Remi-Cavagna-rafle-la-derniere-etape-un-contre-la-montre.png\",\"contentUrl\":\"https:\/\/dicodusport.fr\/blog\/wp-content\/uploads\/2023\/03\/Semaine-Coppi-et-Bartali-2023-Remi-Cavagna-rafle-la-derniere-etape-un-contre-la-montre.png\",\"width\":800,\"height\":445,\"caption\":\"Semaine Coppi et Bartali 2023 R\u00e9mi Cavagna rafle la derni\u00e8re \u00e9tape, un contre-la-montre\"},{\"@type\":\"BreadcrumbList\",\"@id\":\"https:\/\/dicodusport.fr\/blog\/semaine-coppi-et-bartali-2023-remi-cavagna-rafle-la-derniere-etape-un-contre-la-montre\/#breadcrumb\",\"itemListElement\":[{\"@type\":\"ListItem\",\"position\":1,\"name\":\"Accueil\",\"item\":\"https:\/\/dicodusport.fr\/blog\/\"},{\"@type\":\"ListItem\",\"position\":2,\"name\":\"Semaine Coppi et Bartali 2023 : R\u00e9mi Cavagna rafle la derni\u00e8re \u00e9tape, un contre-la-montre\"}]},{\"@type\":\"WebSite\",\"@id\":\"https:\/\/dicodusport.fr\/blog\/#website\",\"url\":\"https:\/\/dicodusport.fr\/blog\/\",\"name\":\"Dicodusport\",\"description\":\"L&#039;encyclop\u00e9die de l&#039;actualit\u00e9 sportive\",\"publisher\":{\"@id\":\"https:\/\/dicodusport.fr\/blog\/#organization\"},\"potentialAction\":[{\"@type\":\"SearchAction\",\"target\":{\"@type\":\"EntryPoint\",\"urlTemplate\":\"https:\/\/dicodusport.fr\/blog\/?s={search_term_string}\"},\"query-input\":{\"@type\":\"PropertyValueSpecification\",\"valueRequired\":true,\"valueName\":\"search_term_string\"}}],\"inLanguage\":\"fr-FR\"},{\"@type\":\"NewsMediaOrganization\",\"@id\":\"https:\/\/dicodusport.fr\/blog\/#organization\",\"name\":\"Dicodusport\",\"url\":\"https:\/\/dicodusport.fr\/blog\/\",\"logo\":{\"@type\":\"ImageObject\",\"inLanguage\":\"fr-FR\",\"@id\":\"https:\/\/dicodusport.fr\/blog\/#\/schema\/logo\/image\/\",\"url\":\"https:\/\/dicodusport.fr\/blog\/wp-content\/uploads\/2020\/06\/cropped-LOGO-DICODUSPORT-2020-SANS-FOND-SANS-TEXTE.png\",\"contentUrl\":\"https:\/\/dicodusport.fr\/blog\/wp-content\/uploads\/2020\/06\/cropped-LOGO-DICODUSPORT-2020-SANS-FOND-SANS-TEXTE.png\",\"width\":512,\"height\":512,\"caption\":\"Dicodusport\"},\"image\":{\"@id\":\"https:\/\/dicodusport.fr\/blog\/#\/schema\/logo\/image\/\"},\"sameAs\":[\"https:\/\/www.facebook.com\/dicodusport\",\"https:\/\/x.com\/dicodusport\",\"https:\/\/www.instagram.com\/dicodusport\/\",\"https:\/\/www.youtube.com\/channel\/UC7V2KZ5sd3htJivAbA4ZG3w\"],\"description\":\"Dicodusport est l'encyclop\u00e9die de l'actualit\u00e9 sportive.\",\"email\":\"bonjour@dicodusport.fr\",\"legalName\":\"DICODUSPORT\",\"foundingDate\":\"2018-01-14\",\"vatID\":\"FR71834470973\",\"taxID\":\"83447097300043\",\"numberOfEmployees\":{\"@type\":\"QuantitativeValue\",\"minValue\":\"1\",\"maxValue\":\"10\"}},{\"@type\":\"Person\",\"@id\":\"https:\/\/dicodusport.fr\/blog\/#\/schema\/person\/627966a6cde45dbd8c5e36ac85d783da\",\"name\":\"S\u00e9bastien Gente\",\"image\":{\"@type\":\"ImageObject\",\"inLanguage\":\"fr-FR\",\"@id\":\"https:\/\/dicodusport.fr\/blog\/#\/schema\/person\/image\/\",\"url\":\"https:\/\/dicodusport.fr\/blog\/wp-content\/uploads\/2021\/09\/1510990_10205810251400683_4124423575079401707_n-150x150.jpg\",\"contentUrl\":\"https:\/\/dicodusport.fr\/blog\/wp-content\/uploads\/2021\/09\/1510990_10205810251400683_4124423575079401707_n-150x150.jpg\",\"caption\":\"S\u00e9bastien Gente\"},\"description\":\"John Stockton, Gianni Bugno, Zinedine Zidane, Steffi Graf, Frode Andresen, St\u00e9phane Stoecklin, Davis Kamoga, Primoz Peterka, Werner Schlager et Aur\u00e9lien Rougerie. Point commun entre ces sportifs? Ils m'ont fait r\u00eaver et ont berc\u00e9 mon adolescence. Je suis un fondu de sports et j'essaie de retranscrire ma passion \u00e0 travers mes articles. Originaire du P\u00e9rigord, ma passion pour les Girondins, les Jaunards et les Jazzmen transpire dans mes \u00e9crits. \u00c0 Dicodusport depuis 2021, je d\u00e9niche les sports m\u00e9connus dans lesquels la France brille, et il y en a !\",\"sameAs\":[\"https:\/\/www.facebook.com\/sebastien.gente\/\",\"https:\/\/www.instagram.com\/sebgente\/\",\"https:\/\/www.linkedin.com\/in\/sbastien-gente-a29583169\/\",\"https:\/\/x.com\/https:\/\/twitter.com\/globulo24\",\"SebastienGente\"],\"worksFor\":\"S\u00e9bastien GENTE\",\"url\":\"https:\/\/dicodusport.fr\/blog\/author\/sebastiengente\/\"}]}<\/script>\n<!-- \/ Yoast SEO Premium plugin. -->","yoast_head_json":{"title":"Semaine Coppi et Bartali 2023 : R\u00e9mi Cavagna rafle la derni\u00e8re \u00e9tape, un contre-la-montre","description":"CYCLISME SUR ROUTE 2023 \u2013 Apr\u00e8s avoir remport\u00e9 la premi\u00e8re \u00e9tape, R\u00e9mi Cavagna (Soudal Quick-Step) a doubl\u00e9 la mise en raflant la derni\u00e8re.","robots":{"index":"index","follow":"follow","max-snippet":"max-snippet:-1","max-image-preview":"max-image-preview:large","max-video-preview":"max-video-preview:-1"},"canonical":"https:\/\/dicodusport.fr\/blog\/semaine-coppi-et-bartali-2023-remi-cavagna-rafle-la-derniere-etape-un-contre-la-montre\/","og_locale":"fr_FR","og_type":"article","og_title":"Semaine Coppi et Bartali 2023 : R\u00e9mi Cavagna rafle la derni\u00e8re \u00e9tape, un contre-la-montre","og_description":"CYCLISME SUR ROUTE 2023 \u2013 Apr\u00e8s avoir remport\u00e9 la premi\u00e8re \u00e9tape, R\u00e9mi Cavagna (Soudal Quick-Step) a doubl\u00e9 la mise en raflant la derni\u00e8re.","og_url":"https:\/\/dicodusport.fr\/blog\/semaine-coppi-et-bartali-2023-remi-cavagna-rafle-la-derniere-etape-un-contre-la-montre\/","og_site_name":"Dicodusport","article_publisher":"https:\/\/www.facebook.com\/dicodusport","article_author":"https:\/\/www.facebook.com\/sebastien.gente\/","article_published_time":"2023-03-25T15:15:13+00:00","og_image":[{"width":800,"height":445,"url":"https:\/\/dicodusport.fr\/blog\/wp-content\/uploads\/2023\/03\/Semaine-Coppi-et-Bartali-2023-Remi-Cavagna-rafle-la-derniere-etape-un-contre-la-montre.png","type":"image\/png"}],"author":"S\u00e9bastien Gente","twitter_card":"summary_large_image","twitter_title":"Semaine Coppi et Bartali 2023 : R\u00e9mi Cavagna rafle la derni\u00e8re \u00e9tape, un contre-la-montre","twitter_creator":"@https:\/\/twitter.com\/globulo24","twitter_site":"@dicodusport","schema":{"@context":"https:\/\/schema.org","@graph":[{"@type":"NewsArticle","@id":"https:\/\/dicodusport.fr\/blog\/semaine-coppi-et-bartali-2023-remi-cavagna-rafle-la-derniere-etape-un-contre-la-montre\/#article","isPartOf":{"@id":"https:\/\/dicodusport.fr\/blog\/semaine-coppi-et-bartali-2023-remi-cavagna-rafle-la-derniere-etape-un-contre-la-montre\/"},"author":{"name":"S\u00e9bastien Gente","@id":"https:\/\/dicodusport.fr\/blog\/#\/schema\/person\/627966a6cde45dbd8c5e36ac85d783da"},"headline":"Semaine Coppi et Bartali 2023 : R\u00e9mi Cavagna rafle la derni\u00e8re \u00e9tape, un contre-la-montre","datePublished":"2023-03-25T15:15:13+00:00","mainEntityOfPage":{"@id":"https:\/\/dicodusport.fr\/blog\/semaine-coppi-et-bartali-2023-remi-cavagna-rafle-la-derniere-etape-un-contre-la-montre\/"},"wordCount":259,"commentCount":0,"publisher":{"@id":"https:\/\/dicodusport.fr\/blog\/#organization"},"image":{"@id":"https:\/\/dicodusport.fr\/blog\/semaine-coppi-et-bartali-2023-remi-cavagna-rafle-la-derniere-etape-un-contre-la-montre\/#primaryimage"},"thumbnailUrl":"https:\/\/dicodusport.fr\/blog\/wp-content\/uploads\/2023\/03\/Semaine-Coppi-et-Bartali-2023-Remi-Cavagna-rafle-la-derniere-etape-un-contre-la-montre.png","keywords":["br\u00e8ve","R\u00e9mi Cavagna","Semaine Coppi et Bartali","Soudal Quick-Step"],"articleSection":["Cyclisme sur route"],"inLanguage":"fr-FR","potentialAction":[{"@type":"CommentAction","name":"Comment","target":["https:\/\/dicodusport.fr\/blog\/semaine-coppi-et-bartali-2023-remi-cavagna-rafle-la-derniere-etape-un-contre-la-montre\/#respond"]}],"copyrightYear":"2023","copyrightHolder":{"@id":"https:\/\/dicodusport.fr\/blog\/#organization"}},{"@type":"WebPage","@id":"https:\/\/dicodusport.fr\/blog\/semaine-coppi-et-bartali-2023-remi-cavagna-rafle-la-derniere-etape-un-contre-la-montre\/","url":"https:\/\/dicodusport.fr\/blog\/semaine-coppi-et-bartali-2023-remi-cavagna-rafle-la-derniere-etape-un-contre-la-montre\/","name":"Semaine Coppi et Bartali 2023 : R\u00e9mi Cavagna rafle la derni\u00e8re \u00e9tape, un contre-la-montre","isPartOf":{"@id":"https:\/\/dicodusport.fr\/blog\/#website"},"primaryImageOfPage":{"@id":"https:\/\/dicodusport.fr\/blog\/semaine-coppi-et-bartali-2023-remi-cavagna-rafle-la-derniere-etape-un-contre-la-montre\/#primaryimage"},"image":{"@id":"https:\/\/dicodusport.fr\/blog\/semaine-coppi-et-bartali-2023-remi-cavagna-rafle-la-derniere-etape-un-contre-la-montre\/#primaryimage"},"thumbnailUrl":"https:\/\/dicodusport.fr\/blog\/wp-content\/uploads\/2023\/03\/Semaine-Coppi-et-Bartali-2023-Remi-Cavagna-rafle-la-derniere-etape-un-contre-la-montre.png","datePublished":"2023-03-25T15:15:13+00:00","description":"CYCLISME SUR ROUTE 2023 \u2013 Apr\u00e8s avoir remport\u00e9 la premi\u00e8re \u00e9tape, R\u00e9mi Cavagna (Soudal Quick-Step) a doubl\u00e9 la mise en raflant la derni\u00e8re.","breadcrumb":{"@id":"https:\/\/dicodusport.fr\/blog\/semaine-coppi-et-bartali-2023-remi-cavagna-rafle-la-derniere-etape-un-contre-la-montre\/#breadcrumb"},"inLanguage":"fr-FR","potentialAction":[{"@type":"ReadAction","target":["https:\/\/dicodusport.fr\/blog\/semaine-coppi-et-bartali-2023-remi-cavagna-rafle-la-derniere-etape-un-contre-la-montre\/"]}]},{"@type":"ImageObject","inLanguage":"fr-FR","@id":"https:\/\/dicodusport.fr\/blog\/semaine-coppi-et-bartali-2023-remi-cavagna-rafle-la-derniere-etape-un-contre-la-montre\/#primaryimage","url":"https:\/\/dicodusport.fr\/blog\/wp-content\/uploads\/2023\/03\/Semaine-Coppi-et-Bartali-2023-Remi-Cavagna-rafle-la-derniere-etape-un-contre-la-montre.png","contentUrl":"https:\/\/dicodusport.fr\/blog\/wp-content\/uploads\/2023\/03\/Semaine-Coppi-et-Bartali-2023-Remi-Cavagna-rafle-la-derniere-etape-un-contre-la-montre.png","width":800,"height":445,"caption":"Semaine Coppi et Bartali 2023 R\u00e9mi Cavagna rafle la derni\u00e8re \u00e9tape, un contre-la-montre"},{"@type":"BreadcrumbList","@id":"https:\/\/dicodusport.fr\/blog\/semaine-coppi-et-bartali-2023-remi-cavagna-rafle-la-derniere-etape-un-contre-la-montre\/#breadcrumb","itemListElement":[{"@type":"ListItem","position":1,"name":"Accueil","item":"https:\/\/dicodusport.fr\/blog\/"},{"@type":"ListItem","position":2,"name":"Semaine Coppi et Bartali 2023 : R\u00e9mi Cavagna rafle la derni\u00e8re \u00e9tape, un contre-la-montre"}]},{"@type":"WebSite","@id":"https:\/\/dicodusport.fr\/blog\/#website","url":"https:\/\/dicodusport.fr\/blog\/","name":"Dicodusport","description":"L&#039;encyclop\u00e9die de l&#039;actualit\u00e9 sportive","publisher":{"@id":"https:\/\/dicodusport.fr\/blog\/#organization"},"potentialAction":[{"@type":"SearchAction","target":{"@type":"EntryPoint","urlTemplate":"https:\/\/dicodusport.fr\/blog\/?s={search_term_string}"},"query-input":{"@type":"PropertyValueSpecification","valueRequired":true,"valueName":"search_term_string"}}],"inLanguage":"fr-FR"},{"@type":"NewsMediaOrganization","@id":"https:\/\/dicodusport.fr\/blog\/#organization","name":"Dicodusport","url":"https:\/\/dicodusport.fr\/blog\/","logo":{"@type":"ImageObject","inLanguage":"fr-FR","@id":"https:\/\/dicodusport.fr\/blog\/#\/schema\/logo\/image\/","url":"https:\/\/dicodusport.fr\/blog\/wp-content\/uploads\/2020\/06\/cropped-LOGO-DICODUSPORT-2020-SANS-FOND-SANS-TEXTE.png","contentUrl":"https:\/\/dicodusport.fr\/blog\/wp-content\/uploads\/2020\/06\/cropped-LOGO-DICODUSPORT-2020-SANS-FOND-SANS-TEXTE.png","width":512,"height":512,"caption":"Dicodusport"},"image":{"@id":"https:\/\/dicodusport.fr\/blog\/#\/schema\/logo\/image\/"},"sameAs":["https:\/\/www.facebook.com\/dicodusport","https:\/\/x.com\/dicodusport","https:\/\/www.instagram.com\/dicodusport\/","https:\/\/www.youtube.com\/channel\/UC7V2KZ5sd3htJivAbA4ZG3w"],"description":"Dicodusport est l'encyclop\u00e9die de l'actualit\u00e9 sportive.","email":"bonjour@dicodusport.fr","legalName":"DICODUSPORT","foundingDate":"2018-01-14","vatID":"FR71834470973","taxID":"83447097300043","numberOfEmployees":{"@type":"QuantitativeValue","minValue":"1","maxValue":"10"}},{"@type":"Person","@id":"https:\/\/dicodusport.fr\/blog\/#\/schema\/person\/627966a6cde45dbd8c5e36ac85d783da","name":"S\u00e9bastien Gente","image":{"@type":"ImageObject","inLanguage":"fr-FR","@id":"https:\/\/dicodusport.fr\/blog\/#\/schema\/person\/image\/","url":"https:\/\/dicodusport.fr\/blog\/wp-content\/uploads\/2021\/09\/1510990_10205810251400683_4124423575079401707_n-150x150.jpg","contentUrl":"https:\/\/dicodusport.fr\/blog\/wp-content\/uploads\/2021\/09\/1510990_10205810251400683_4124423575079401707_n-150x150.jpg","caption":"S\u00e9bastien Gente"},"description":"John Stockton, Gianni Bugno, Zinedine Zidane, Steffi Graf, Frode Andresen, St\u00e9phane Stoecklin, Davis Kamoga, Primoz Peterka, Werner Schlager et Aur\u00e9lien Rougerie. Point commun entre ces sportifs? Ils m'ont fait r\u00eaver et ont berc\u00e9 mon adolescence. Je suis un fondu de sports et j'essaie de retranscrire ma passion \u00e0 travers mes articles. Originaire du P\u00e9rigord, ma passion pour les Girondins, les Jaunards et les Jazzmen transpire dans mes \u00e9crits. \u00c0 Dicodusport depuis 2021, je d\u00e9niche les sports m\u00e9connus dans lesquels la France brille, et il y en a !","sameAs":["https:\/\/www.facebook.com\/sebastien.gente\/","https:\/\/www.instagram.com\/sebgente\/","https:\/\/www.linkedin.com\/in\/sbastien-gente-a29583169\/","https:\/\/x.com\/https:\/\/twitter.com\/globulo24","SebastienGente"],"worksFor":"S\u00e9bastien GENTE","url":"https:\/\/dicodusport.fr\/blog\/author\/sebastiengente\/"}]}},"_links":{"self":[{"href":"https:\/\/dicodusport.fr\/blog\/wp-json\/wp\/v2\/posts\/369030","targetHints":{"allow":["GET"]}}],"collection":[{"href":"https:\/\/dicodusport.fr\/blog\/wp-json\/wp\/v2\/posts"}],"about":[{"href":"https:\/\/dicodusport.fr\/blog\/wp-json\/wp\/v2\/types\/post"}],"author":[{"embeddable":true,"href":"https:\/\/dicodusport.fr\/blog\/wp-json\/wp\/v2\/users\/59"}],"replies":[{"embeddable":true,"href":"https:\/\/dicodusport.fr\/blog\/wp-json\/wp\/v2\/comments?post=369030"}],"version-history":[{"count":0,"href":"https:\/\/dicodusport.fr\/blog\/wp-json\/wp\/v2\/posts\/369030\/revisions"}],"wp:featuredmedia":[{"embeddable":true,"href":"https:\/\/dicodusport.fr\/blog\/wp-json\/wp\/v2\/media\/369032"}],"wp:attachment":[{"href":"https:\/\/dicodusport.fr\/blog\/wp-json\/wp\/v2\/media?parent=369030"}],"wp:term":[{"taxonomy":"category","embeddable":true,"href":"https:\/\/dicodusport.fr\/blog\/wp-json\/wp\/v2\/categories?post=369030"},{"taxonomy":"post_tag","embeddable":true,"href":"https:\/\/dicodusport.fr\/blog\/wp-json\/wp\/v2\/tags?post=369030"}],"curies":[{"name":"wp","href":"https:\/\/api.w.org\/{rel}","templated":true}]}}