{"id":369251,"date":"2023-03-26T12:55:09","date_gmt":"2023-03-26T10:55:09","guid":{"rendered":"https:\/\/dicodusport.fr\/blog\/?p=369251&#038;preview=true&#038;preview_id=369251"},"modified":"2023-03-26T13:23:54","modified_gmt":"2023-03-26T11:23:54","slug":"atp-challenger-2023-hugo-grenier-arrache-au-forceps-le-titre-en-espagne","status":"publish","type":"post","link":"https:\/\/dicodusport.fr\/blog\/atp-challenger-2023-hugo-grenier-arrache-au-forceps-le-titre-en-espagne\/","title":{"rendered":"ATP Challenger 2023 : Hugo Grenier arrache au forceps le titre en Espagne"},"content":{"rendered":"<p style=\"text-align: justify;\" align=\"justify\"><em><b>ATP CHALLENGER 2023 &#8211; Apr\u00e8s une rude bataille en demi-finales, Hugo Grenier a remis \u00e7a ce matin, bataillant jusqu&rsquo;au tie-break du troisi\u00e8me set avant de remporter son quatri\u00e8me Challenger en carri\u00e8re.\u00a0<\/b><\/em><\/p>\n<p style=\"text-align: justify;\" align=\"justify\">Apr\u00e8s un d\u00e9but d&rsquo;ann\u00e9e compliqu\u00e9, <strong>Hugo Grenier<\/strong> a sorti la t\u00eate de l&rsquo;eau cette semaine au Challenger de Las Franquesas del Valles. Au prix de belles batailles, comme hier o\u00f9 il avait surv\u00e9cu \u00e0 3 heures 30 de combat et au jeu d\u00e9cisif du troisi\u00e8me set pour rejoindre sa premi\u00e8re finale en 2023. <strong>Billy Harris<\/strong> \u00e9tait son adversaire, et le Fran\u00e7ais \u00e9tait favori puisque bien mieux class\u00e9 que son rival, issu des qualifications, mais qui avait sorti la t\u00eate de s\u00e9rie n\u00b01 la veille.<\/p>\n<h2 style=\"text-align: justify;\" align=\"justify\">Que ce fut dur<\/h2>\n<p style=\"text-align: justify;\" align=\"justify\">Et visiblement, le Tricolore ne s&rsquo;est pas assez m\u00e9fi\u00e9. Arm\u00e9 d&rsquo;une belle r\u00e9ussite au service, le Britannique a rapidement pris la tangente, breakant\u00a0 d\u00e8s le quatri\u00e8me jeu. Il n&rsquo;a conc\u00e9d\u00e9 aucune balle de break, et facilement rafl\u00e9 le set <strong>6-3<\/strong>. Au pied du mur, <strong>Hugo Grenier<\/strong> a r\u00e9agi apr\u00e8s un temps mort m\u00e9dical, allongeant au maximum la dur\u00e9e des \u00e9changes pour \u00e9reinter son rival. Succ\u00e8s imm\u00e9diat puisqu&rsquo;il a break\u00e9 lui aussi au quatri\u00e8me jeu, et mis un sacr\u00e9 coup de bambou sur la t\u00eate d&rsquo;<strong>Harris<\/strong>, qui ne marquera plus un jeu du set (<strong>6-1<\/strong>).<\/p>\n<p style=\"text-align: justify;\" align=\"justify\">Remis \u00e0 l&rsquo;endroit, le Britannique a pris le score dans le troisi\u00e8me set, mais les deux joueurs \u00e9taient \u00e0 l&rsquo;aff\u00fbt d&rsquo;une ouverture sur service adverse. C&rsquo;est <strong>Harris<\/strong> qui en a b\u00e9n\u00e9fici\u00e9 en premier au sixi\u00e8me jeu, semblant filer vers la victoire. Mais au moment de servir pour son plus grand titre, le bras a trembl\u00e9. <strong>Hugo Grenier<\/strong> s&rsquo;est engouffr\u00e9 dans la br\u00e8che et a attir\u00e9 son rival au jeu d\u00e9cisif. L\u00e0, il a pris les devants et r\u00e9sist\u00e9 au dernier baroud d&rsquo;honneur adverse avant de rafler la mise <strong>3-6, 6-1, 7-6 (3)<\/strong> apr\u00e8s plus de 2h30 de lutte. Un quatri\u00e8me Challenger en carri\u00e8re, et peut-\u00eatre une saison 2023 enfin lanc\u00e9e.<\/p>\n<blockquote class=\"twitter-tweet\">\n<p dir=\"ltr\" lang=\"fr\">Hugo Grenier \ud83c\uddeb\ud83c\uddf7 1996, remporte le challenger de Las Franquesas \ud83c\uddea\ud83c\uddf8 apr\u00e8s un match de fou contre Billy Harris 373ATP.<\/p>\n<p>Victoire 3-6 6-1 7-6(3). Pourtant men\u00e9 5-2 dans le 3\u00e8me il s&rsquo;est accroch\u00e9. Tds2 du tournoi mais en manque de confiance total, \u00e7a va lui faire du bien ! <a href=\"https:\/\/t.co\/sP66Hhrk39\">pic.twitter.com\/sP66Hhrk39<\/a><\/p>\n<p>\u2014 Romain \ud83c\udfbe\ud83c\uddeb\ud83c\uddf7 (@RomainNextGen) <a href=\"https:\/\/twitter.com\/RomainNextGen\/status\/1639943219822620673?ref_src=twsrc%5Etfw\">March 26, 2023<\/a><\/p><\/blockquote>\n<p style=\"text-align: justify;\"><script async src=\"https:\/\/platform.twitter.com\/widgets.js\" charset=\"utf-8\"><\/script><\/p>\n","protected":false},"excerpt":{"rendered":"<p>ATP CHALLENGER 2023 &#8211; Apr\u00e8s une rude bataille en demi-finales, Hugo Grenier a remis \u00e7a ce matin, bataillant jusqu&rsquo;au tie-break du troisi\u00e8me set avant de remporter son quatri\u00e8me Challenger en carri\u00e8re.\u00a0<\/p>\n","protected":false},"author":59,"featured_media":369296,"comment_status":"open","ping_status":"closed","sticky":false,"template":"","format":"standard","meta":{"_acf_changed":false,"_daextam_enable_autolinks":"","footnotes":""},"categories":[2302],"tags":[16878,13365,23734,4792],"class_list":["post-369251","post","type-post","status-publish","format-standard","has-post-thumbnail","hentry","category-tennis","tag-breve","tag-hugo-grenier","tag-jeune-francais-tennis","tag-tennis-francais"],"acf":[],"yoast_head":"<!-- This site is optimized with the Yoast SEO Premium plugin v26.7 (Yoast SEO v26.7) - https:\/\/yoast.com\/wordpress\/plugins\/seo\/ -->\n<title>ATP Challenger 2023 : Hugo Grenier arrache au forceps le titre en Espagne<\/title>\n<meta name=\"description\" content=\"ATP CHALLENGER 2023 -Hugo Grenier a bataill\u00e9 jusqu&#039;au tie-break du troisi\u00e8me set avant de remporter son quatri\u00e8me Challenger en carri\u00e8re.\u00a0\" \/>\n<meta name=\"robots\" content=\"index, follow, max-snippet:-1, max-image-preview:large, max-video-preview:-1\" \/>\n<link rel=\"canonical\" href=\"https:\/\/dicodusport.fr\/blog\/atp-challenger-2023-hugo-grenier-arrache-au-forceps-le-titre-en-espagne\/\" \/>\n<meta property=\"og:locale\" content=\"fr_FR\" \/>\n<meta property=\"og:type\" content=\"article\" \/>\n<meta property=\"og:title\" content=\"ATP Challenger 2023 : Hugo Grenier arrache au forceps le titre en Espagne\" \/>\n<meta property=\"og:description\" content=\"ATP CHALLENGER 2023 -Hugo Grenier a bataill\u00e9 jusqu&#039;au tie-break du troisi\u00e8me set avant de remporter son quatri\u00e8me Challenger en carri\u00e8re.\u00a0\" \/>\n<meta property=\"og:url\" content=\"https:\/\/dicodusport.fr\/blog\/atp-challenger-2023-hugo-grenier-arrache-au-forceps-le-titre-en-espagne\/\" \/>\n<meta property=\"og:site_name\" content=\"Dicodusport\" \/>\n<meta property=\"article:publisher\" content=\"https:\/\/www.facebook.com\/dicodusport\" \/>\n<meta property=\"article:author\" content=\"https:\/\/www.facebook.com\/sebastien.gente\/\" \/>\n<meta property=\"article:published_time\" content=\"2023-03-26T10:55:09+00:00\" \/>\n<meta property=\"article:modified_time\" content=\"2023-03-26T11:23:54+00:00\" \/>\n<meta property=\"og:image\" content=\"https:\/\/dicodusport.fr\/blog\/wp-content\/uploads\/2023\/03\/ATP-Challenger-2023-Hugo-Grenier-arrache-au-forceps-le-titre-en-Espagne.png\" \/>\n\t<meta property=\"og:image:width\" content=\"800\" \/>\n\t<meta property=\"og:image:height\" content=\"445\" \/>\n\t<meta property=\"og:image:type\" content=\"image\/png\" \/>\n<meta name=\"author\" content=\"S\u00e9bastien Gente\" \/>\n<meta name=\"twitter:card\" content=\"summary_large_image\" \/>\n<meta name=\"twitter:title\" content=\"ATP Challenger 2023 : Hugo Grenier arrache au forceps le titre en Espagne\" \/>\n<meta name=\"twitter:creator\" content=\"@https:\/\/twitter.com\/globulo24\" \/>\n<meta name=\"twitter:site\" content=\"@dicodusport\" \/>\n<script type=\"application\/ld+json\" class=\"yoast-schema-graph\">{\"@context\":\"https:\/\/schema.org\",\"@graph\":[{\"@type\":\"NewsArticle\",\"@id\":\"https:\/\/dicodusport.fr\/blog\/atp-challenger-2023-hugo-grenier-arrache-au-forceps-le-titre-en-espagne\/#article\",\"isPartOf\":{\"@id\":\"https:\/\/dicodusport.fr\/blog\/atp-challenger-2023-hugo-grenier-arrache-au-forceps-le-titre-en-espagne\/\"},\"author\":{\"name\":\"S\u00e9bastien Gente\",\"@id\":\"https:\/\/dicodusport.fr\/blog\/#\/schema\/person\/627966a6cde45dbd8c5e36ac85d783da\"},\"headline\":\"ATP Challenger 2023 : Hugo Grenier arrache au forceps le titre en Espagne\",\"datePublished\":\"2023-03-26T10:55:09+00:00\",\"dateModified\":\"2023-03-26T11:23:54+00:00\",\"mainEntityOfPage\":{\"@id\":\"https:\/\/dicodusport.fr\/blog\/atp-challenger-2023-hugo-grenier-arrache-au-forceps-le-titre-en-espagne\/\"},\"wordCount\":435,\"commentCount\":0,\"publisher\":{\"@id\":\"https:\/\/dicodusport.fr\/blog\/#organization\"},\"image\":{\"@id\":\"https:\/\/dicodusport.fr\/blog\/atp-challenger-2023-hugo-grenier-arrache-au-forceps-le-titre-en-espagne\/#primaryimage\"},\"thumbnailUrl\":\"https:\/\/dicodusport.fr\/blog\/wp-content\/uploads\/2023\/03\/ATP-Challenger-2023-Hugo-Grenier-arrache-au-forceps-le-titre-en-Espagne.png\",\"keywords\":[\"br\u00e8ve\",\"Hugo Grenier\",\"jeune fran\u00e7ais tennis\",\"Tennis fran\u00e7ais\"],\"articleSection\":[\"Tennis\"],\"inLanguage\":\"fr-FR\",\"potentialAction\":[{\"@type\":\"CommentAction\",\"name\":\"Comment\",\"target\":[\"https:\/\/dicodusport.fr\/blog\/atp-challenger-2023-hugo-grenier-arrache-au-forceps-le-titre-en-espagne\/#respond\"]}],\"copyrightYear\":\"2023\",\"copyrightHolder\":{\"@id\":\"https:\/\/dicodusport.fr\/blog\/#organization\"}},{\"@type\":\"WebPage\",\"@id\":\"https:\/\/dicodusport.fr\/blog\/atp-challenger-2023-hugo-grenier-arrache-au-forceps-le-titre-en-espagne\/\",\"url\":\"https:\/\/dicodusport.fr\/blog\/atp-challenger-2023-hugo-grenier-arrache-au-forceps-le-titre-en-espagne\/\",\"name\":\"ATP Challenger 2023 : Hugo Grenier arrache au forceps le titre en Espagne\",\"isPartOf\":{\"@id\":\"https:\/\/dicodusport.fr\/blog\/#website\"},\"primaryImageOfPage\":{\"@id\":\"https:\/\/dicodusport.fr\/blog\/atp-challenger-2023-hugo-grenier-arrache-au-forceps-le-titre-en-espagne\/#primaryimage\"},\"image\":{\"@id\":\"https:\/\/dicodusport.fr\/blog\/atp-challenger-2023-hugo-grenier-arrache-au-forceps-le-titre-en-espagne\/#primaryimage\"},\"thumbnailUrl\":\"https:\/\/dicodusport.fr\/blog\/wp-content\/uploads\/2023\/03\/ATP-Challenger-2023-Hugo-Grenier-arrache-au-forceps-le-titre-en-Espagne.png\",\"datePublished\":\"2023-03-26T10:55:09+00:00\",\"dateModified\":\"2023-03-26T11:23:54+00:00\",\"description\":\"ATP CHALLENGER 2023 -Hugo Grenier a bataill\u00e9 jusqu'au tie-break du troisi\u00e8me set avant de remporter son quatri\u00e8me Challenger en carri\u00e8re.\u00a0\",\"breadcrumb\":{\"@id\":\"https:\/\/dicodusport.fr\/blog\/atp-challenger-2023-hugo-grenier-arrache-au-forceps-le-titre-en-espagne\/#breadcrumb\"},\"inLanguage\":\"fr-FR\",\"potentialAction\":[{\"@type\":\"ReadAction\",\"target\":[\"https:\/\/dicodusport.fr\/blog\/atp-challenger-2023-hugo-grenier-arrache-au-forceps-le-titre-en-espagne\/\"]}]},{\"@type\":\"ImageObject\",\"inLanguage\":\"fr-FR\",\"@id\":\"https:\/\/dicodusport.fr\/blog\/atp-challenger-2023-hugo-grenier-arrache-au-forceps-le-titre-en-espagne\/#primaryimage\",\"url\":\"https:\/\/dicodusport.fr\/blog\/wp-content\/uploads\/2023\/03\/ATP-Challenger-2023-Hugo-Grenier-arrache-au-forceps-le-titre-en-Espagne.png\",\"contentUrl\":\"https:\/\/dicodusport.fr\/blog\/wp-content\/uploads\/2023\/03\/ATP-Challenger-2023-Hugo-Grenier-arrache-au-forceps-le-titre-en-Espagne.png\",\"width\":800,\"height\":445,\"caption\":\"ATP Challenger 2023 Hugo Grenier arrache au forceps le titre en Espagne\"},{\"@type\":\"BreadcrumbList\",\"@id\":\"https:\/\/dicodusport.fr\/blog\/atp-challenger-2023-hugo-grenier-arrache-au-forceps-le-titre-en-espagne\/#breadcrumb\",\"itemListElement\":[{\"@type\":\"ListItem\",\"position\":1,\"name\":\"Accueil\",\"item\":\"https:\/\/dicodusport.fr\/blog\/\"},{\"@type\":\"ListItem\",\"position\":2,\"name\":\"ATP Challenger 2023 : Hugo Grenier arrache au forceps le titre en Espagne\"}]},{\"@type\":\"WebSite\",\"@id\":\"https:\/\/dicodusport.fr\/blog\/#website\",\"url\":\"https:\/\/dicodusport.fr\/blog\/\",\"name\":\"Dicodusport\",\"description\":\"L&#039;encyclop\u00e9die de l&#039;actualit\u00e9 sportive\",\"publisher\":{\"@id\":\"https:\/\/dicodusport.fr\/blog\/#organization\"},\"potentialAction\":[{\"@type\":\"SearchAction\",\"target\":{\"@type\":\"EntryPoint\",\"urlTemplate\":\"https:\/\/dicodusport.fr\/blog\/?s={search_term_string}\"},\"query-input\":{\"@type\":\"PropertyValueSpecification\",\"valueRequired\":true,\"valueName\":\"search_term_string\"}}],\"inLanguage\":\"fr-FR\"},{\"@type\":\"NewsMediaOrganization\",\"@id\":\"https:\/\/dicodusport.fr\/blog\/#organization\",\"name\":\"Dicodusport\",\"url\":\"https:\/\/dicodusport.fr\/blog\/\",\"logo\":{\"@type\":\"ImageObject\",\"inLanguage\":\"fr-FR\",\"@id\":\"https:\/\/dicodusport.fr\/blog\/#\/schema\/logo\/image\/\",\"url\":\"https:\/\/dicodusport.fr\/blog\/wp-content\/uploads\/2020\/06\/cropped-LOGO-DICODUSPORT-2020-SANS-FOND-SANS-TEXTE.png\",\"contentUrl\":\"https:\/\/dicodusport.fr\/blog\/wp-content\/uploads\/2020\/06\/cropped-LOGO-DICODUSPORT-2020-SANS-FOND-SANS-TEXTE.png\",\"width\":512,\"height\":512,\"caption\":\"Dicodusport\"},\"image\":{\"@id\":\"https:\/\/dicodusport.fr\/blog\/#\/schema\/logo\/image\/\"},\"sameAs\":[\"https:\/\/www.facebook.com\/dicodusport\",\"https:\/\/x.com\/dicodusport\",\"https:\/\/www.instagram.com\/dicodusport\/\",\"https:\/\/www.youtube.com\/channel\/UC7V2KZ5sd3htJivAbA4ZG3w\"],\"description\":\"Dicodusport est l'encyclop\u00e9die de l'actualit\u00e9 sportive.\",\"email\":\"bonjour@dicodusport.fr\",\"legalName\":\"DICODUSPORT\",\"foundingDate\":\"2018-01-14\",\"vatID\":\"FR71834470973\",\"taxID\":\"83447097300043\",\"numberOfEmployees\":{\"@type\":\"QuantitativeValue\",\"minValue\":\"1\",\"maxValue\":\"10\"}},{\"@type\":\"Person\",\"@id\":\"https:\/\/dicodusport.fr\/blog\/#\/schema\/person\/627966a6cde45dbd8c5e36ac85d783da\",\"name\":\"S\u00e9bastien Gente\",\"image\":{\"@type\":\"ImageObject\",\"inLanguage\":\"fr-FR\",\"@id\":\"https:\/\/dicodusport.fr\/blog\/#\/schema\/person\/image\/\",\"url\":\"https:\/\/dicodusport.fr\/blog\/wp-content\/uploads\/2021\/09\/1510990_10205810251400683_4124423575079401707_n-150x150.jpg\",\"contentUrl\":\"https:\/\/dicodusport.fr\/blog\/wp-content\/uploads\/2021\/09\/1510990_10205810251400683_4124423575079401707_n-150x150.jpg\",\"caption\":\"S\u00e9bastien Gente\"},\"description\":\"John Stockton, Gianni Bugno, Zinedine Zidane, Steffi Graf, Frode Andresen, St\u00e9phane Stoecklin, Davis Kamoga, Primoz Peterka, Werner Schlager et Aur\u00e9lien Rougerie. Point commun entre ces sportifs? Ils m'ont fait r\u00eaver et ont berc\u00e9 mon adolescence. Je suis un fondu de sports et j'essaie de retranscrire ma passion \u00e0 travers mes articles. Originaire du P\u00e9rigord, ma passion pour les Girondins, les Jaunards et les Jazzmen transpire dans mes \u00e9crits. \u00c0 Dicodusport depuis 2021, je d\u00e9niche les sports m\u00e9connus dans lesquels la France brille, et il y en a !\",\"sameAs\":[\"https:\/\/www.facebook.com\/sebastien.gente\/\",\"https:\/\/www.instagram.com\/sebgente\/\",\"https:\/\/www.linkedin.com\/in\/sbastien-gente-a29583169\/\",\"https:\/\/x.com\/https:\/\/twitter.com\/globulo24\",\"SebastienGente\"],\"worksFor\":\"S\u00e9bastien GENTE\",\"url\":\"https:\/\/dicodusport.fr\/blog\/author\/sebastiengente\/\"}]}<\/script>\n<!-- \/ Yoast SEO Premium plugin. -->","yoast_head_json":{"title":"ATP Challenger 2023 : Hugo Grenier arrache au forceps le titre en Espagne","description":"ATP CHALLENGER 2023 -Hugo Grenier a bataill\u00e9 jusqu'au tie-break du troisi\u00e8me set avant de remporter son quatri\u00e8me Challenger en carri\u00e8re.\u00a0","robots":{"index":"index","follow":"follow","max-snippet":"max-snippet:-1","max-image-preview":"max-image-preview:large","max-video-preview":"max-video-preview:-1"},"canonical":"https:\/\/dicodusport.fr\/blog\/atp-challenger-2023-hugo-grenier-arrache-au-forceps-le-titre-en-espagne\/","og_locale":"fr_FR","og_type":"article","og_title":"ATP Challenger 2023 : Hugo Grenier arrache au forceps le titre en Espagne","og_description":"ATP CHALLENGER 2023 -Hugo Grenier a bataill\u00e9 jusqu'au tie-break du troisi\u00e8me set avant de remporter son quatri\u00e8me Challenger en carri\u00e8re.\u00a0","og_url":"https:\/\/dicodusport.fr\/blog\/atp-challenger-2023-hugo-grenier-arrache-au-forceps-le-titre-en-espagne\/","og_site_name":"Dicodusport","article_publisher":"https:\/\/www.facebook.com\/dicodusport","article_author":"https:\/\/www.facebook.com\/sebastien.gente\/","article_published_time":"2023-03-26T10:55:09+00:00","article_modified_time":"2023-03-26T11:23:54+00:00","og_image":[{"width":800,"height":445,"url":"https:\/\/dicodusport.fr\/blog\/wp-content\/uploads\/2023\/03\/ATP-Challenger-2023-Hugo-Grenier-arrache-au-forceps-le-titre-en-Espagne.png","type":"image\/png"}],"author":"S\u00e9bastien Gente","twitter_card":"summary_large_image","twitter_title":"ATP Challenger 2023 : Hugo Grenier arrache au forceps le titre en Espagne","twitter_creator":"@https:\/\/twitter.com\/globulo24","twitter_site":"@dicodusport","schema":{"@context":"https:\/\/schema.org","@graph":[{"@type":"NewsArticle","@id":"https:\/\/dicodusport.fr\/blog\/atp-challenger-2023-hugo-grenier-arrache-au-forceps-le-titre-en-espagne\/#article","isPartOf":{"@id":"https:\/\/dicodusport.fr\/blog\/atp-challenger-2023-hugo-grenier-arrache-au-forceps-le-titre-en-espagne\/"},"author":{"name":"S\u00e9bastien Gente","@id":"https:\/\/dicodusport.fr\/blog\/#\/schema\/person\/627966a6cde45dbd8c5e36ac85d783da"},"headline":"ATP Challenger 2023 : Hugo Grenier arrache au forceps le titre en Espagne","datePublished":"2023-03-26T10:55:09+00:00","dateModified":"2023-03-26T11:23:54+00:00","mainEntityOfPage":{"@id":"https:\/\/dicodusport.fr\/blog\/atp-challenger-2023-hugo-grenier-arrache-au-forceps-le-titre-en-espagne\/"},"wordCount":435,"commentCount":0,"publisher":{"@id":"https:\/\/dicodusport.fr\/blog\/#organization"},"image":{"@id":"https:\/\/dicodusport.fr\/blog\/atp-challenger-2023-hugo-grenier-arrache-au-forceps-le-titre-en-espagne\/#primaryimage"},"thumbnailUrl":"https:\/\/dicodusport.fr\/blog\/wp-content\/uploads\/2023\/03\/ATP-Challenger-2023-Hugo-Grenier-arrache-au-forceps-le-titre-en-Espagne.png","keywords":["br\u00e8ve","Hugo Grenier","jeune fran\u00e7ais tennis","Tennis fran\u00e7ais"],"articleSection":["Tennis"],"inLanguage":"fr-FR","potentialAction":[{"@type":"CommentAction","name":"Comment","target":["https:\/\/dicodusport.fr\/blog\/atp-challenger-2023-hugo-grenier-arrache-au-forceps-le-titre-en-espagne\/#respond"]}],"copyrightYear":"2023","copyrightHolder":{"@id":"https:\/\/dicodusport.fr\/blog\/#organization"}},{"@type":"WebPage","@id":"https:\/\/dicodusport.fr\/blog\/atp-challenger-2023-hugo-grenier-arrache-au-forceps-le-titre-en-espagne\/","url":"https:\/\/dicodusport.fr\/blog\/atp-challenger-2023-hugo-grenier-arrache-au-forceps-le-titre-en-espagne\/","name":"ATP Challenger 2023 : Hugo Grenier arrache au forceps le titre en Espagne","isPartOf":{"@id":"https:\/\/dicodusport.fr\/blog\/#website"},"primaryImageOfPage":{"@id":"https:\/\/dicodusport.fr\/blog\/atp-challenger-2023-hugo-grenier-arrache-au-forceps-le-titre-en-espagne\/#primaryimage"},"image":{"@id":"https:\/\/dicodusport.fr\/blog\/atp-challenger-2023-hugo-grenier-arrache-au-forceps-le-titre-en-espagne\/#primaryimage"},"thumbnailUrl":"https:\/\/dicodusport.fr\/blog\/wp-content\/uploads\/2023\/03\/ATP-Challenger-2023-Hugo-Grenier-arrache-au-forceps-le-titre-en-Espagne.png","datePublished":"2023-03-26T10:55:09+00:00","dateModified":"2023-03-26T11:23:54+00:00","description":"ATP CHALLENGER 2023 -Hugo Grenier a bataill\u00e9 jusqu'au tie-break du troisi\u00e8me set avant de remporter son quatri\u00e8me Challenger en carri\u00e8re.\u00a0","breadcrumb":{"@id":"https:\/\/dicodusport.fr\/blog\/atp-challenger-2023-hugo-grenier-arrache-au-forceps-le-titre-en-espagne\/#breadcrumb"},"inLanguage":"fr-FR","potentialAction":[{"@type":"ReadAction","target":["https:\/\/dicodusport.fr\/blog\/atp-challenger-2023-hugo-grenier-arrache-au-forceps-le-titre-en-espagne\/"]}]},{"@type":"ImageObject","inLanguage":"fr-FR","@id":"https:\/\/dicodusport.fr\/blog\/atp-challenger-2023-hugo-grenier-arrache-au-forceps-le-titre-en-espagne\/#primaryimage","url":"https:\/\/dicodusport.fr\/blog\/wp-content\/uploads\/2023\/03\/ATP-Challenger-2023-Hugo-Grenier-arrache-au-forceps-le-titre-en-Espagne.png","contentUrl":"https:\/\/dicodusport.fr\/blog\/wp-content\/uploads\/2023\/03\/ATP-Challenger-2023-Hugo-Grenier-arrache-au-forceps-le-titre-en-Espagne.png","width":800,"height":445,"caption":"ATP Challenger 2023 Hugo Grenier arrache au forceps le titre en Espagne"},{"@type":"BreadcrumbList","@id":"https:\/\/dicodusport.fr\/blog\/atp-challenger-2023-hugo-grenier-arrache-au-forceps-le-titre-en-espagne\/#breadcrumb","itemListElement":[{"@type":"ListItem","position":1,"name":"Accueil","item":"https:\/\/dicodusport.fr\/blog\/"},{"@type":"ListItem","position":2,"name":"ATP Challenger 2023 : Hugo Grenier arrache au forceps le titre en Espagne"}]},{"@type":"WebSite","@id":"https:\/\/dicodusport.fr\/blog\/#website","url":"https:\/\/dicodusport.fr\/blog\/","name":"Dicodusport","description":"L&#039;encyclop\u00e9die de l&#039;actualit\u00e9 sportive","publisher":{"@id":"https:\/\/dicodusport.fr\/blog\/#organization"},"potentialAction":[{"@type":"SearchAction","target":{"@type":"EntryPoint","urlTemplate":"https:\/\/dicodusport.fr\/blog\/?s={search_term_string}"},"query-input":{"@type":"PropertyValueSpecification","valueRequired":true,"valueName":"search_term_string"}}],"inLanguage":"fr-FR"},{"@type":"NewsMediaOrganization","@id":"https:\/\/dicodusport.fr\/blog\/#organization","name":"Dicodusport","url":"https:\/\/dicodusport.fr\/blog\/","logo":{"@type":"ImageObject","inLanguage":"fr-FR","@id":"https:\/\/dicodusport.fr\/blog\/#\/schema\/logo\/image\/","url":"https:\/\/dicodusport.fr\/blog\/wp-content\/uploads\/2020\/06\/cropped-LOGO-DICODUSPORT-2020-SANS-FOND-SANS-TEXTE.png","contentUrl":"https:\/\/dicodusport.fr\/blog\/wp-content\/uploads\/2020\/06\/cropped-LOGO-DICODUSPORT-2020-SANS-FOND-SANS-TEXTE.png","width":512,"height":512,"caption":"Dicodusport"},"image":{"@id":"https:\/\/dicodusport.fr\/blog\/#\/schema\/logo\/image\/"},"sameAs":["https:\/\/www.facebook.com\/dicodusport","https:\/\/x.com\/dicodusport","https:\/\/www.instagram.com\/dicodusport\/","https:\/\/www.youtube.com\/channel\/UC7V2KZ5sd3htJivAbA4ZG3w"],"description":"Dicodusport est l'encyclop\u00e9die de l'actualit\u00e9 sportive.","email":"bonjour@dicodusport.fr","legalName":"DICODUSPORT","foundingDate":"2018-01-14","vatID":"FR71834470973","taxID":"83447097300043","numberOfEmployees":{"@type":"QuantitativeValue","minValue":"1","maxValue":"10"}},{"@type":"Person","@id":"https:\/\/dicodusport.fr\/blog\/#\/schema\/person\/627966a6cde45dbd8c5e36ac85d783da","name":"S\u00e9bastien Gente","image":{"@type":"ImageObject","inLanguage":"fr-FR","@id":"https:\/\/dicodusport.fr\/blog\/#\/schema\/person\/image\/","url":"https:\/\/dicodusport.fr\/blog\/wp-content\/uploads\/2021\/09\/1510990_10205810251400683_4124423575079401707_n-150x150.jpg","contentUrl":"https:\/\/dicodusport.fr\/blog\/wp-content\/uploads\/2021\/09\/1510990_10205810251400683_4124423575079401707_n-150x150.jpg","caption":"S\u00e9bastien Gente"},"description":"John Stockton, Gianni Bugno, Zinedine Zidane, Steffi Graf, Frode Andresen, St\u00e9phane Stoecklin, Davis Kamoga, Primoz Peterka, Werner Schlager et Aur\u00e9lien Rougerie. Point commun entre ces sportifs? Ils m'ont fait r\u00eaver et ont berc\u00e9 mon adolescence. Je suis un fondu de sports et j'essaie de retranscrire ma passion \u00e0 travers mes articles. Originaire du P\u00e9rigord, ma passion pour les Girondins, les Jaunards et les Jazzmen transpire dans mes \u00e9crits. \u00c0 Dicodusport depuis 2021, je d\u00e9niche les sports m\u00e9connus dans lesquels la France brille, et il y en a !","sameAs":["https:\/\/www.facebook.com\/sebastien.gente\/","https:\/\/www.instagram.com\/sebgente\/","https:\/\/www.linkedin.com\/in\/sbastien-gente-a29583169\/","https:\/\/x.com\/https:\/\/twitter.com\/globulo24","SebastienGente"],"worksFor":"S\u00e9bastien GENTE","url":"https:\/\/dicodusport.fr\/blog\/author\/sebastiengente\/"}]}},"_links":{"self":[{"href":"https:\/\/dicodusport.fr\/blog\/wp-json\/wp\/v2\/posts\/369251","targetHints":{"allow":["GET"]}}],"collection":[{"href":"https:\/\/dicodusport.fr\/blog\/wp-json\/wp\/v2\/posts"}],"about":[{"href":"https:\/\/dicodusport.fr\/blog\/wp-json\/wp\/v2\/types\/post"}],"author":[{"embeddable":true,"href":"https:\/\/dicodusport.fr\/blog\/wp-json\/wp\/v2\/users\/59"}],"replies":[{"embeddable":true,"href":"https:\/\/dicodusport.fr\/blog\/wp-json\/wp\/v2\/comments?post=369251"}],"version-history":[{"count":0,"href":"https:\/\/dicodusport.fr\/blog\/wp-json\/wp\/v2\/posts\/369251\/revisions"}],"wp:featuredmedia":[{"embeddable":true,"href":"https:\/\/dicodusport.fr\/blog\/wp-json\/wp\/v2\/media\/369296"}],"wp:attachment":[{"href":"https:\/\/dicodusport.fr\/blog\/wp-json\/wp\/v2\/media?parent=369251"}],"wp:term":[{"taxonomy":"category","embeddable":true,"href":"https:\/\/dicodusport.fr\/blog\/wp-json\/wp\/v2\/categories?post=369251"},{"taxonomy":"post_tag","embeddable":true,"href":"https:\/\/dicodusport.fr\/blog\/wp-json\/wp\/v2\/tags?post=369251"}],"curies":[{"name":"wp","href":"https:\/\/api.w.org\/{rel}","templated":true}]}}