{"id":369315,"date":"2023-03-26T16:56:32","date_gmt":"2023-03-26T14:56:32","guid":{"rendered":"https:\/\/dicodusport.fr\/blog\/?p=369315&#038;preview=true&#038;preview_id=369315"},"modified":"2023-04-21T18:40:57","modified_gmt":"2023-04-21T16:40:57","slug":"gand-wevelgem-2023-christophe-laporte-vainqueur-devant-wout-van-aert","status":"publish","type":"post","link":"https:\/\/dicodusport.fr\/blog\/gand-wevelgem-2023-christophe-laporte-vainqueur-devant-wout-van-aert\/","title":{"rendered":"Gand-Wevelgem 2023 : Christophe Laporte vainqueur devant Wout Van Aert"},"content":{"rendered":"<p align=\"justify\"><em><strong>GAND-WEVELGEM 2023 &#8211; Doubl\u00e9 Jumbo-Visma sur la classique. Christophe Laporte et Wout Van Aert sont arriv\u00e9s main dans la main. Le Fran\u00e7ais franchit la ligne d&rsquo;arriv\u00e9e en vainqueur et devient le premier Fran\u00e7ais vainqueur de la classique depuis 1997, et un certain Philippe Gaumont. Le duo s&rsquo;est isol\u00e9 dans la deuxi\u00e8me ascension du Mont Kemmel \u00e0 57 kilom\u00e8tres de l&rsquo;arriv\u00e9e. Sep Vanmarcke (Israel-Premier Tech) compl\u00e8te le podium.<\/strong><\/em><\/p>\n<p style=\"text-align: justify;\">Une image magnifique ? Une pointe de d\u00e9ception ? Chacun se fera son avis devant ce que nous ont propos\u00e9 <strong>Christophe Laporte<\/strong> et <strong>Wout Van Aert<\/strong>, co\u00e9quipiers chez Jumbo-Visma. Les deux hommes ne se sont pas disput\u00e9s la victoire de <strong>Gand-Wevelgem 2023<\/strong>. Et c\u00f4t\u00e9 Fran\u00e7ais, on se r\u00e9jouira de la victoire de <strong>Christophe Laporte<\/strong>, premier Fran\u00e7ais vainqueur de l&rsquo;\u00e9preuve au 21e si\u00e8cle. Deuxi\u00e8me en 2022, il grimpe d&rsquo;un rang et s&rsquo;offre le plus beau succ\u00e8s de sa carri\u00e8re.<\/p>\n<p style=\"text-align: justify;\">Maintenant, on ne doit pas occulter que le duo a march\u00e9 sur la concurrence. Parti \u00e0 plus de 50 kilom\u00e8tres de l&rsquo;arriv\u00e9e. \u00c9crasant la course et rel\u00e9guant les autres, le reste du monde, \u00e0 pr\u00e8s de deux minutes. Il n&rsquo;y avait pas photo. Deux jours apr\u00e8s son succ\u00e8s \u00e0 l&rsquo;occasion du <a href=\"https:\/\/dicodusport.fr\/blog\/classement-grand-prix-e3-2023\/\">Grand Prix E3<\/a>, <strong>Wout Van Aert<\/strong> envoie un sacr\u00e9 message \u00e0 la concurrence et sait qu&rsquo;il pourra compter sur une grande \u00e9quipe. Vivement dimanche prochain et le Tour des Flandres.<\/p>\n<h2 style=\"text-align: justify;\">Une \u00e9chapp\u00e9e de 14 coureurs<\/h2>\n<p style=\"text-align: justify;\">De la pluie, du froid, une vraie Flandrienne ce dimanche pour <strong>Gand-Wevelge<\/strong>m. Une course qui n&rsquo;a pas d\u00e9courag\u00e9 les fuyards de tenter leur chance. On le sait, sur ce genre de course, si l&rsquo;\u00e9chapp\u00e9e est revue tard, cela peut \u00eatre synonyme d&rsquo;une belle place sur la ligne d&rsquo;arriv\u00e9e.<\/p>\n<p style=\"text-align: justify;\">Une \u00e9chapp\u00e9e fleuve a pris la poudre d&rsquo;escampette. Avec quatorze coureurs. Dont l&rsquo;ancien vainqueur de Paris-Roubaix en 2017, <strong>Greg Van Avermaet<\/strong> (AG2R-Citro\u00ebn). Accompagn\u00e9 par <strong>Mike Teunissen<\/strong> (Intermarch\u00e9-Circus-Wanty), <strong>Yevgeniy Fedorov<\/strong> (Astana-Qazaqstan), <strong>Jelle Wallays<\/strong> (Cofidis), <strong>Lewis Askey<\/strong> (Groupama-FDJ), <strong>Johan Jacobs<\/strong> (Movistar), <strong>Jenthe Biermans<\/strong> (Ark\u00e9a-Samsic), <strong>Elmar Reinders<\/strong> (Team Jayco AlUla), <strong>Milan Fretin<\/strong>, <strong>Aaron Van Poucke<\/strong> (Team Flanders-Baloise), <strong>Luca Van Boven<\/strong>, <strong>Guillaume Van Keirsbulck<\/strong> (Bingoals BW), <strong>Colin Joyce<\/strong> (Human Powered Health) et<strong> Sandy Dujardin<\/strong> (Total Energies).<\/p>\n<p style=\"text-align: justify;\">Mais comme souvent, le peloton veille au grain et ne laisse pas beaucoup de champ. L&rsquo;\u00e9cart maximal sera de 4 minutes. Preuve de la vigilance de la meute, au vu des quelques beaux noms \u00e0 l&rsquo;avant, capables d&rsquo;aller au bout de grandes courses.<\/p>\n<h2 style=\"text-align: justify;\">Un coup de Trafalgar \u00e0 80 kilom\u00e8tres de l&rsquo;arriv\u00e9e<\/h2>\n<p style=\"text-align: justify;\">La premi\u00e8re ascension du Mont Kemmel, \u00e0 80 kilom\u00e8tres de l&rsquo;arriv\u00e9e, a provoqu\u00e9 une premi\u00e8re s\u00e9lection au sein du peloton. Avec neuf hommes partis en contre. On y retrouve <strong>Soren Kragh Andersen<\/strong> (Alpecin-Deceuninck), <strong>Christophe Laporte<\/strong> et<strong> Nathan van Hooydonck<\/strong> (Jumbo-Visma),<strong> Mads Pedersen<\/strong> (Trek-Segafredo), <strong>Matej Mohoric<\/strong> (Bahrain-Victorious), <strong>Ben Turner<\/strong> (Ineos-Grenadiers), <strong>Florian Vermeersch<\/strong> (Lotto-Dstny) et <strong>Erik Resell<\/strong> (Uno-X). La Soudal-Quick Step est pi\u00e9g\u00e9e, son sprinteur <strong>Fabio Jakobsen<\/strong>, au prix d&rsquo;un gros effort, a tent\u00e9 de faire la jonction. Le champion d&rsquo;Europe est revenu \u00e0 3 secondes du groupe, avant de capituler.<\/p>\n<blockquote class=\"twitter-tweet\">\n<p dir=\"ltr\" lang=\"fr\">La premi\u00e8re ascension du Mont Kemmel fait mal, avec des acc\u00e9l\u00e9rations dans le peloton !<\/p>\n<p>Suivez Gand-Wevelgem en direct sur la chaine L&rsquo;\u00c9quipe : <a href=\"https:\/\/t.co\/bZzATUPkNL\">https:\/\/t.co\/bZzATUPkNL<\/a> <a href=\"https:\/\/twitter.com\/hashtag\/lequipeVELO?src=hash&amp;ref_src=twsrc%5Etfw\">#lequipeVELO<\/a> <a href=\"https:\/\/twitter.com\/hashtag\/GW23?src=hash&amp;ref_src=twsrc%5Etfw\">#GW23<\/a> <a href=\"https:\/\/t.co\/Hj1h4NpxF1\">pic.twitter.com\/Hj1h4NpxF1<\/a><\/p>\n<p>\u2014 la chaine L&rsquo;\u00c9quipe (@lachainelequipe) <a href=\"https:\/\/twitter.com\/lachainelequipe\/status\/1639977410761224192?ref_src=twsrc%5Etfw\">March 26, 2023<\/a><\/p><\/blockquote>\n<p style=\"text-align: justify;\"><script async src=\"https:\/\/platform.twitter.com\/widgets.js\" charset=\"utf-8\"><\/script><\/p>\n<p style=\"text-align: justify;\">Derri\u00e8re, le temps de se r\u00e9organiser, on commence \u00e0 accuser un s\u00e9rieux retard. 1:17 \u00e0 70 kilom\u00e8tres de l&rsquo;arriv\u00e9e. <strong>Wout Van Aert<\/strong> (Jumbo-Visma), vainqueur vendredi de l&rsquo;E3 Saxo Bank Classic, est bien cach\u00e9 dans le peloton, avec deux solides co\u00e9quipiers dans le groupe de t\u00eate. Le regroupement a finalement eu lieu \u00e0 55 kilom\u00e8tres.<\/p>\n<h2 style=\"text-align: justify;\">Van Aert sonne la charge, la Jumbo \u00e9crase tout<\/h2>\n<p style=\"text-align: justify;\">Et lors de la deuxi\u00e8me ascension du Mont Kemmel, on revit le sc\u00e9nario de l&rsquo;E3 Saxo Bank Classic 2022. <strong>Wout Van Aert<\/strong> sonne la charge ! Il n&rsquo;est suivi que par son co\u00e9quipier <strong>Christophe Laporte<\/strong> &#8211; d\u00e9j\u00e0 en vue sur la premi\u00e8re attaque &#8211; dans un sc\u00e9nario similaire \u00e0 leur d\u00e9monstration l&rsquo;an pass\u00e9. Derri\u00e8re, le peloton a du mal \u00e0 s&rsquo;organiser et l&rsquo;\u00e9cart monte \u00e0 40 secondes \u00e0 46 kilom\u00e8tres de l&rsquo;arriv\u00e9e. Malgr\u00e9 le travail des \u00e9quipes de la Bahrain Victorious et de la Trek-Segafredo. INEOS Grenadiers, avec Ben Turner, se met \u00e0 la planche \u00e9galement alors que l&rsquo;\u00e9cart est mont\u00e9 \u00e0 la minutes \u00e0 40 kilom\u00e8tres de l&rsquo;arriv\u00e9e.<\/p>\n<blockquote class=\"twitter-tweet\">\n<p dir=\"ltr\" lang=\"fr\">Wout Van Aert et Christophe Laporte s&rsquo;envolent dans la deuxi\u00e8me ascension du Mont Kemmel !<\/p>\n<p>Suivez Gand-Wevelgem en direct sur la chaine L&rsquo;\u00c9quipe : <a href=\"https:\/\/t.co\/bZzATUPkNL\">https:\/\/t.co\/bZzATUPkNL<\/a> <a href=\"https:\/\/twitter.com\/hashtag\/lequipeVELO?src=hash&amp;ref_src=twsrc%5Etfw\">#lequipeVELO<\/a> <a href=\"https:\/\/twitter.com\/hashtag\/GW23?src=hash&amp;ref_src=twsrc%5Etfw\">#GW23<\/a> <a href=\"https:\/\/t.co\/j7G7binMvV\">pic.twitter.com\/j7G7binMvV<\/a><\/p>\n<p>\u2014 la chaine L&rsquo;\u00c9quipe (@lachainelequipe) <a href=\"https:\/\/twitter.com\/lachainelequipe\/status\/1639986816215285760?ref_src=twsrc%5Etfw\">March 26, 2023<\/a><\/p><\/blockquote>\n<p style=\"text-align: justify;\"><script async src=\"https:\/\/platform.twitter.com\/widgets.js\" charset=\"utf-8\"><\/script><\/p>\n<p style=\"text-align: justify;\">On sent que <strong>Wout Van Aert<\/strong> est plus fort que son co\u00e9quipier, \u00e0 la rupture dans la derni\u00e8re ascension du Kemmelberg. Mais les deux hommes d\u00e9cident de continuer \u00e0 unir leurs forces, sachant qu&rsquo;il reste pr\u00e8s de 35 kilom\u00e8tres en haut ! L&rsquo;\u00e9cart est d\u00e9sormais de 1:11 ! Il monte inlassablement, 1:23 \u00e0 27 kilom\u00e8tres de l&rsquo;arriv\u00e9e. Surtout, on sent un peloton \u00e0 la fois lessiv\u00e9 et un peu r\u00e9sign\u00e9 face au duo de la Jumbo-Visma. La course est gagn\u00e9e pour les deux. Quel sc\u00e9nario pour le final ? <strong>Wout Van Aert<\/strong> va-t-il engranger ? Ou la laisser \u00e0<strong> Christophe Laporte<\/strong> ? Ou alors les deux hommes vont-ils se la jouer \u00e0 la loyale au sprint ? Ce sera finalement une entente cordiale et une victoire pour<strong> Christophe Laporte<\/strong>. Qui succ\u00e8de au regrett\u00e9 Philippe Gaumont, dernier Fran\u00e7ais vainqueur ici, en 1997. <strong>Laporte<\/strong> devient le quatri\u00e8me coureur tricolore \u00e0 glaner Gand-Wevelgem.<\/p>\n<h2 style=\"text-align: justify;\">Vanmarcke encore sur le podium<\/h2>\n<p style=\"text-align: justify;\">Derri\u00e8re, c&rsquo;est la bagarre pour les accessits. Chacun tente sa chance pour aller chercher la 3e marche du podium. Un groupe, avec <strong>Sep Vanmarcke<\/strong> (Israel-Premier Tech), <strong>Frederik Frison<\/strong> (Lotto-Dstny) et <strong>Mikkel Bjerg<\/strong> (UAE Team Emirates) se d\u00e9gage \u00e0 5 kilom\u00e8tres du but. Ils sont rejoints dans le dernier kilom\u00e8tre par <strong>Mads Pedersen<\/strong> (Trek-Segafredo). Et c&rsquo;est le premier cit\u00e9 qui s&rsquo;offre un nouveau podium sur une Flandrienne. \u00c9ternel Vanmarcke.<\/p>\n<blockquote class=\"twitter-tweet\">\n<p dir=\"ltr\" lang=\"fr\">Christophe Laporte remporte Gand-Wevelgem !<\/p>\n<p>Le Fran\u00e7ais l\u00e8ve les bras en compagnie de Wout Van Aert, apr\u00e8s un raid de 50 kilom\u00e8tres de la part des deux coureurs de Jumbo-Visma ! <a href=\"https:\/\/twitter.com\/hashtag\/lequipeVELO?src=hash&amp;ref_src=twsrc%5Etfw\">#lequipeVELO<\/a> <a href=\"https:\/\/twitter.com\/hashtag\/GW23?src=hash&amp;ref_src=twsrc%5Etfw\">#GW23<\/a> <a href=\"https:\/\/t.co\/3lyCQ19GS8\">pic.twitter.com\/3lyCQ19GS8<\/a><\/p>\n<p>\u2014 la chaine L&rsquo;\u00c9quipe (@lachainelequipe) <a href=\"https:\/\/twitter.com\/lachainelequipe\/status\/1640004318156800002?ref_src=twsrc%5Etfw\">March 26, 2023<\/a><\/p><\/blockquote>\n<p><script async src=\"https:\/\/platform.twitter.com\/widgets.js\" charset=\"utf-8\"><\/script><\/p>\n<ul>\n<li style=\"text-align: justify;\"><strong>\u00c0 lire aussi &#8211; <a href=\"https:\/\/dicodusport.fr\/blog\/classement-gand-wevelgem-2023\/\">Classement de Gand-Wevelgem 2023<\/a><\/strong><\/li>\n<\/ul>\n","protected":false},"excerpt":{"rendered":"<p>GAND-WEVELGEM 2023 &#8211; Doubl\u00e9 Jumbo-Visma sur la classique. Christophe Laporte et Wout Van Aert sont arriv\u00e9s main dans la main. Le Fran\u00e7ais franchit la ligne d&rsquo;arriv\u00e9e en vainqueur et devient le premier Fran\u00e7ais vainqueur de la classique depuis 1997, et un certain Philippe Gaumont. Le duo s&rsquo;est isol\u00e9 dans la deuxi\u00e8me ascension du Mont Kemmel \u00e0 57 kilom\u00e8tres de l&rsquo;arriv\u00e9e. Sep Vanmarcke (Israel-Premier Tech) compl\u00e8te le podium.<\/p>\n","protected":false},"author":83,"featured_media":369432,"comment_status":"open","ping_status":"closed","sticky":false,"template":"","format":"standard","meta":{"_acf_changed":false,"_daextam_enable_autolinks":"","footnotes":""},"categories":[46994],"tags":[16878,5172,574,24,8091],"class_list":["post-369315","post","type-post","status-publish","format-standard","has-post-thumbnail","hentry","category-cyclisme-sur-route","tag-breve","tag-christophe-laporte","tag-cyclisme","tag-sport","tag-wout-van-aert"],"acf":[],"yoast_head":"<!-- This site is optimized with the Yoast SEO Premium plugin v26.7 (Yoast SEO v26.7) - https:\/\/yoast.com\/wordpress\/plugins\/seo\/ -->\n<title>Gand-Wevelgem 2023 : Christophe Laporte vainqueur devant Wout Van Aert<\/title>\n<meta name=\"description\" content=\"GAND-WEVELGEM 2023 - Doubl\u00e9 Jumbo-Visma sur la classique. Christophe Laporte s&#039;impose devant Wout Van Aert.\" \/>\n<meta name=\"robots\" content=\"index, follow, max-snippet:-1, max-image-preview:large, max-video-preview:-1\" \/>\n<link rel=\"canonical\" href=\"https:\/\/dicodusport.fr\/blog\/gand-wevelgem-2023-christophe-laporte-vainqueur-devant-wout-van-aert\/\" \/>\n<meta property=\"og:locale\" content=\"fr_FR\" \/>\n<meta property=\"og:type\" content=\"article\" \/>\n<meta property=\"og:title\" content=\"Gand-Wevelgem 2023 : Christophe Laporte vainqueur devant Wout Van Aert\" \/>\n<meta property=\"og:description\" content=\"GAND-WEVELGEM 2023 - Doubl\u00e9 Jumbo-Visma sur la classique. Christophe Laporte s&#039;impose devant Wout Van Aert.\" \/>\n<meta property=\"og:url\" content=\"https:\/\/dicodusport.fr\/blog\/gand-wevelgem-2023-christophe-laporte-vainqueur-devant-wout-van-aert\/\" \/>\n<meta property=\"og:site_name\" content=\"Dicodusport\" \/>\n<meta property=\"article:publisher\" content=\"https:\/\/www.facebook.com\/dicodusport\" \/>\n<meta property=\"article:published_time\" content=\"2023-03-26T14:56:32+00:00\" \/>\n<meta property=\"article:modified_time\" content=\"2023-04-21T16:40:57+00:00\" \/>\n<meta property=\"og:image\" content=\"https:\/\/dicodusport.fr\/blog\/wp-content\/uploads\/2023\/03\/Gand-Wevelgem-2023-Christophe-Laporte-vainqueur-devant-Wout-Van-Aert-1.png\" \/>\n\t<meta property=\"og:image:width\" content=\"800\" \/>\n\t<meta property=\"og:image:height\" content=\"445\" \/>\n\t<meta property=\"og:image:type\" content=\"image\/png\" \/>\n<meta name=\"author\" content=\"Etienne Goursaud\" \/>\n<meta name=\"twitter:card\" content=\"summary_large_image\" \/>\n<meta name=\"twitter:title\" content=\"Gand-Wevelgem 2023 : Christophe Laporte vainqueur devant Wout Van Aert\" \/>\n<meta name=\"twitter:creator\" content=\"@dicodusport\" \/>\n<meta name=\"twitter:site\" content=\"@dicodusport\" \/>\n<script type=\"application\/ld+json\" class=\"yoast-schema-graph\">{\"@context\":\"https:\/\/schema.org\",\"@graph\":[{\"@type\":\"NewsArticle\",\"@id\":\"https:\/\/dicodusport.fr\/blog\/gand-wevelgem-2023-christophe-laporte-vainqueur-devant-wout-van-aert\/#article\",\"isPartOf\":{\"@id\":\"https:\/\/dicodusport.fr\/blog\/gand-wevelgem-2023-christophe-laporte-vainqueur-devant-wout-van-aert\/\"},\"author\":{\"name\":\"Etienne Goursaud\",\"@id\":\"https:\/\/dicodusport.fr\/blog\/#\/schema\/person\/d603dd7da31fb2b46c82b9835a77ec13\"},\"headline\":\"Gand-Wevelgem 2023 : Christophe Laporte vainqueur devant Wout Van Aert\",\"datePublished\":\"2023-03-26T14:56:32+00:00\",\"dateModified\":\"2023-04-21T16:40:57+00:00\",\"mainEntityOfPage\":{\"@id\":\"https:\/\/dicodusport.fr\/blog\/gand-wevelgem-2023-christophe-laporte-vainqueur-devant-wout-van-aert\/\"},\"wordCount\":1092,\"commentCount\":0,\"publisher\":{\"@id\":\"https:\/\/dicodusport.fr\/blog\/#organization\"},\"image\":{\"@id\":\"https:\/\/dicodusport.fr\/blog\/gand-wevelgem-2023-christophe-laporte-vainqueur-devant-wout-van-aert\/#primaryimage\"},\"thumbnailUrl\":\"https:\/\/dicodusport.fr\/blog\/wp-content\/uploads\/2023\/03\/Gand-Wevelgem-2023-Christophe-Laporte-vainqueur-devant-Wout-Van-Aert-1.png\",\"keywords\":[\"br\u00e8ve\",\"Christophe Laporte\",\"Cyclisme\",\"sport\",\"Wout Van Aert\"],\"articleSection\":[\"Cyclisme sur route\"],\"inLanguage\":\"fr-FR\",\"potentialAction\":[{\"@type\":\"CommentAction\",\"name\":\"Comment\",\"target\":[\"https:\/\/dicodusport.fr\/blog\/gand-wevelgem-2023-christophe-laporte-vainqueur-devant-wout-van-aert\/#respond\"]}],\"copyrightYear\":\"2023\",\"copyrightHolder\":{\"@id\":\"https:\/\/dicodusport.fr\/blog\/#organization\"}},{\"@type\":\"WebPage\",\"@id\":\"https:\/\/dicodusport.fr\/blog\/gand-wevelgem-2023-christophe-laporte-vainqueur-devant-wout-van-aert\/\",\"url\":\"https:\/\/dicodusport.fr\/blog\/gand-wevelgem-2023-christophe-laporte-vainqueur-devant-wout-van-aert\/\",\"name\":\"Gand-Wevelgem 2023 : Christophe Laporte vainqueur devant Wout Van Aert\",\"isPartOf\":{\"@id\":\"https:\/\/dicodusport.fr\/blog\/#website\"},\"primaryImageOfPage\":{\"@id\":\"https:\/\/dicodusport.fr\/blog\/gand-wevelgem-2023-christophe-laporte-vainqueur-devant-wout-van-aert\/#primaryimage\"},\"image\":{\"@id\":\"https:\/\/dicodusport.fr\/blog\/gand-wevelgem-2023-christophe-laporte-vainqueur-devant-wout-van-aert\/#primaryimage\"},\"thumbnailUrl\":\"https:\/\/dicodusport.fr\/blog\/wp-content\/uploads\/2023\/03\/Gand-Wevelgem-2023-Christophe-Laporte-vainqueur-devant-Wout-Van-Aert-1.png\",\"datePublished\":\"2023-03-26T14:56:32+00:00\",\"dateModified\":\"2023-04-21T16:40:57+00:00\",\"description\":\"GAND-WEVELGEM 2023 - Doubl\u00e9 Jumbo-Visma sur la classique. Christophe Laporte s'impose devant Wout Van Aert.\",\"breadcrumb\":{\"@id\":\"https:\/\/dicodusport.fr\/blog\/gand-wevelgem-2023-christophe-laporte-vainqueur-devant-wout-van-aert\/#breadcrumb\"},\"inLanguage\":\"fr-FR\",\"potentialAction\":[{\"@type\":\"ReadAction\",\"target\":[\"https:\/\/dicodusport.fr\/blog\/gand-wevelgem-2023-christophe-laporte-vainqueur-devant-wout-van-aert\/\"]}]},{\"@type\":\"ImageObject\",\"inLanguage\":\"fr-FR\",\"@id\":\"https:\/\/dicodusport.fr\/blog\/gand-wevelgem-2023-christophe-laporte-vainqueur-devant-wout-van-aert\/#primaryimage\",\"url\":\"https:\/\/dicodusport.fr\/blog\/wp-content\/uploads\/2023\/03\/Gand-Wevelgem-2023-Christophe-Laporte-vainqueur-devant-Wout-Van-Aert-1.png\",\"contentUrl\":\"https:\/\/dicodusport.fr\/blog\/wp-content\/uploads\/2023\/03\/Gand-Wevelgem-2023-Christophe-Laporte-vainqueur-devant-Wout-Van-Aert-1.png\",\"width\":800,\"height\":445,\"caption\":\"Gand-Wevelgem 2023 Christophe Laporte vainqueur devant Wout Van Aert (1)\"},{\"@type\":\"BreadcrumbList\",\"@id\":\"https:\/\/dicodusport.fr\/blog\/gand-wevelgem-2023-christophe-laporte-vainqueur-devant-wout-van-aert\/#breadcrumb\",\"itemListElement\":[{\"@type\":\"ListItem\",\"position\":1,\"name\":\"Accueil\",\"item\":\"https:\/\/dicodusport.fr\/blog\/\"},{\"@type\":\"ListItem\",\"position\":2,\"name\":\"Gand-Wevelgem 2023 : Christophe Laporte vainqueur devant Wout Van Aert\"}]},{\"@type\":\"WebSite\",\"@id\":\"https:\/\/dicodusport.fr\/blog\/#website\",\"url\":\"https:\/\/dicodusport.fr\/blog\/\",\"name\":\"Dicodusport\",\"description\":\"L&#039;encyclop\u00e9die de l&#039;actualit\u00e9 sportive\",\"publisher\":{\"@id\":\"https:\/\/dicodusport.fr\/blog\/#organization\"},\"potentialAction\":[{\"@type\":\"SearchAction\",\"target\":{\"@type\":\"EntryPoint\",\"urlTemplate\":\"https:\/\/dicodusport.fr\/blog\/?s={search_term_string}\"},\"query-input\":{\"@type\":\"PropertyValueSpecification\",\"valueRequired\":true,\"valueName\":\"search_term_string\"}}],\"inLanguage\":\"fr-FR\"},{\"@type\":\"NewsMediaOrganization\",\"@id\":\"https:\/\/dicodusport.fr\/blog\/#organization\",\"name\":\"Dicodusport\",\"url\":\"https:\/\/dicodusport.fr\/blog\/\",\"logo\":{\"@type\":\"ImageObject\",\"inLanguage\":\"fr-FR\",\"@id\":\"https:\/\/dicodusport.fr\/blog\/#\/schema\/logo\/image\/\",\"url\":\"https:\/\/dicodusport.fr\/blog\/wp-content\/uploads\/2020\/06\/cropped-LOGO-DICODUSPORT-2020-SANS-FOND-SANS-TEXTE.png\",\"contentUrl\":\"https:\/\/dicodusport.fr\/blog\/wp-content\/uploads\/2020\/06\/cropped-LOGO-DICODUSPORT-2020-SANS-FOND-SANS-TEXTE.png\",\"width\":512,\"height\":512,\"caption\":\"Dicodusport\"},\"image\":{\"@id\":\"https:\/\/dicodusport.fr\/blog\/#\/schema\/logo\/image\/\"},\"sameAs\":[\"https:\/\/www.facebook.com\/dicodusport\",\"https:\/\/x.com\/dicodusport\",\"https:\/\/www.instagram.com\/dicodusport\/\",\"https:\/\/www.youtube.com\/channel\/UC7V2KZ5sd3htJivAbA4ZG3w\"],\"description\":\"Dicodusport est l'encyclop\u00e9die de l'actualit\u00e9 sportive.\",\"email\":\"bonjour@dicodusport.fr\",\"legalName\":\"DICODUSPORT\",\"foundingDate\":\"2018-01-14\",\"vatID\":\"FR71834470973\",\"taxID\":\"83447097300043\",\"numberOfEmployees\":{\"@type\":\"QuantitativeValue\",\"minValue\":\"1\",\"maxValue\":\"10\"}},{\"@type\":\"Person\",\"@id\":\"https:\/\/dicodusport.fr\/blog\/#\/schema\/person\/d603dd7da31fb2b46c82b9835a77ec13\",\"name\":\"Etienne Goursaud\",\"image\":{\"@type\":\"ImageObject\",\"inLanguage\":\"fr-FR\",\"@id\":\"https:\/\/dicodusport.fr\/blog\/#\/schema\/person\/image\/\",\"url\":\"https:\/\/dicodusport.fr\/blog\/wp-content\/uploads\/2023\/12\/410122264_10231602061736049_5565839791558026645_n-150x150.jpg\",\"contentUrl\":\"https:\/\/dicodusport.fr\/blog\/wp-content\/uploads\/2023\/12\/410122264_10231602061736049_5565839791558026645_n-150x150.jpg\",\"caption\":\"Etienne Goursaud\"},\"description\":\"Journaliste et amoureux de sport. Ancien footballeur reconverti athl\u00e8te quand ses muscles le laissent tranquille. \u00c9lev\u00e9 \u00e0 la sauce des exploits de Thomas Voeckler en 2004, du dernier essai de l\u00e9gende de Eunice Barber \u00e0 la longueur lors des championnats du monde d'athl\u00e9tisme de 2003 mais aussi Zidane, Omeyer et Titou Lamaison.\",\"url\":\"https:\/\/dicodusport.fr\/blog\/author\/etienne-goursaud\/\"}]}<\/script>\n<!-- \/ Yoast SEO Premium plugin. -->","yoast_head_json":{"title":"Gand-Wevelgem 2023 : Christophe Laporte vainqueur devant Wout Van Aert","description":"GAND-WEVELGEM 2023 - Doubl\u00e9 Jumbo-Visma sur la classique. Christophe Laporte s'impose devant Wout Van Aert.","robots":{"index":"index","follow":"follow","max-snippet":"max-snippet:-1","max-image-preview":"max-image-preview:large","max-video-preview":"max-video-preview:-1"},"canonical":"https:\/\/dicodusport.fr\/blog\/gand-wevelgem-2023-christophe-laporte-vainqueur-devant-wout-van-aert\/","og_locale":"fr_FR","og_type":"article","og_title":"Gand-Wevelgem 2023 : Christophe Laporte vainqueur devant Wout Van Aert","og_description":"GAND-WEVELGEM 2023 - Doubl\u00e9 Jumbo-Visma sur la classique. Christophe Laporte s'impose devant Wout Van Aert.","og_url":"https:\/\/dicodusport.fr\/blog\/gand-wevelgem-2023-christophe-laporte-vainqueur-devant-wout-van-aert\/","og_site_name":"Dicodusport","article_publisher":"https:\/\/www.facebook.com\/dicodusport","article_published_time":"2023-03-26T14:56:32+00:00","article_modified_time":"2023-04-21T16:40:57+00:00","og_image":[{"width":800,"height":445,"url":"https:\/\/dicodusport.fr\/blog\/wp-content\/uploads\/2023\/03\/Gand-Wevelgem-2023-Christophe-Laporte-vainqueur-devant-Wout-Van-Aert-1.png","type":"image\/png"}],"author":"Etienne Goursaud","twitter_card":"summary_large_image","twitter_title":"Gand-Wevelgem 2023 : Christophe Laporte vainqueur devant Wout Van Aert","twitter_creator":"@dicodusport","twitter_site":"@dicodusport","schema":{"@context":"https:\/\/schema.org","@graph":[{"@type":"NewsArticle","@id":"https:\/\/dicodusport.fr\/blog\/gand-wevelgem-2023-christophe-laporte-vainqueur-devant-wout-van-aert\/#article","isPartOf":{"@id":"https:\/\/dicodusport.fr\/blog\/gand-wevelgem-2023-christophe-laporte-vainqueur-devant-wout-van-aert\/"},"author":{"name":"Etienne Goursaud","@id":"https:\/\/dicodusport.fr\/blog\/#\/schema\/person\/d603dd7da31fb2b46c82b9835a77ec13"},"headline":"Gand-Wevelgem 2023 : Christophe Laporte vainqueur devant Wout Van Aert","datePublished":"2023-03-26T14:56:32+00:00","dateModified":"2023-04-21T16:40:57+00:00","mainEntityOfPage":{"@id":"https:\/\/dicodusport.fr\/blog\/gand-wevelgem-2023-christophe-laporte-vainqueur-devant-wout-van-aert\/"},"wordCount":1092,"commentCount":0,"publisher":{"@id":"https:\/\/dicodusport.fr\/blog\/#organization"},"image":{"@id":"https:\/\/dicodusport.fr\/blog\/gand-wevelgem-2023-christophe-laporte-vainqueur-devant-wout-van-aert\/#primaryimage"},"thumbnailUrl":"https:\/\/dicodusport.fr\/blog\/wp-content\/uploads\/2023\/03\/Gand-Wevelgem-2023-Christophe-Laporte-vainqueur-devant-Wout-Van-Aert-1.png","keywords":["br\u00e8ve","Christophe Laporte","Cyclisme","sport","Wout Van Aert"],"articleSection":["Cyclisme sur route"],"inLanguage":"fr-FR","potentialAction":[{"@type":"CommentAction","name":"Comment","target":["https:\/\/dicodusport.fr\/blog\/gand-wevelgem-2023-christophe-laporte-vainqueur-devant-wout-van-aert\/#respond"]}],"copyrightYear":"2023","copyrightHolder":{"@id":"https:\/\/dicodusport.fr\/blog\/#organization"}},{"@type":"WebPage","@id":"https:\/\/dicodusport.fr\/blog\/gand-wevelgem-2023-christophe-laporte-vainqueur-devant-wout-van-aert\/","url":"https:\/\/dicodusport.fr\/blog\/gand-wevelgem-2023-christophe-laporte-vainqueur-devant-wout-van-aert\/","name":"Gand-Wevelgem 2023 : Christophe Laporte vainqueur devant Wout Van Aert","isPartOf":{"@id":"https:\/\/dicodusport.fr\/blog\/#website"},"primaryImageOfPage":{"@id":"https:\/\/dicodusport.fr\/blog\/gand-wevelgem-2023-christophe-laporte-vainqueur-devant-wout-van-aert\/#primaryimage"},"image":{"@id":"https:\/\/dicodusport.fr\/blog\/gand-wevelgem-2023-christophe-laporte-vainqueur-devant-wout-van-aert\/#primaryimage"},"thumbnailUrl":"https:\/\/dicodusport.fr\/blog\/wp-content\/uploads\/2023\/03\/Gand-Wevelgem-2023-Christophe-Laporte-vainqueur-devant-Wout-Van-Aert-1.png","datePublished":"2023-03-26T14:56:32+00:00","dateModified":"2023-04-21T16:40:57+00:00","description":"GAND-WEVELGEM 2023 - Doubl\u00e9 Jumbo-Visma sur la classique. Christophe Laporte s'impose devant Wout Van Aert.","breadcrumb":{"@id":"https:\/\/dicodusport.fr\/blog\/gand-wevelgem-2023-christophe-laporte-vainqueur-devant-wout-van-aert\/#breadcrumb"},"inLanguage":"fr-FR","potentialAction":[{"@type":"ReadAction","target":["https:\/\/dicodusport.fr\/blog\/gand-wevelgem-2023-christophe-laporte-vainqueur-devant-wout-van-aert\/"]}]},{"@type":"ImageObject","inLanguage":"fr-FR","@id":"https:\/\/dicodusport.fr\/blog\/gand-wevelgem-2023-christophe-laporte-vainqueur-devant-wout-van-aert\/#primaryimage","url":"https:\/\/dicodusport.fr\/blog\/wp-content\/uploads\/2023\/03\/Gand-Wevelgem-2023-Christophe-Laporte-vainqueur-devant-Wout-Van-Aert-1.png","contentUrl":"https:\/\/dicodusport.fr\/blog\/wp-content\/uploads\/2023\/03\/Gand-Wevelgem-2023-Christophe-Laporte-vainqueur-devant-Wout-Van-Aert-1.png","width":800,"height":445,"caption":"Gand-Wevelgem 2023 Christophe Laporte vainqueur devant Wout Van Aert (1)"},{"@type":"BreadcrumbList","@id":"https:\/\/dicodusport.fr\/blog\/gand-wevelgem-2023-christophe-laporte-vainqueur-devant-wout-van-aert\/#breadcrumb","itemListElement":[{"@type":"ListItem","position":1,"name":"Accueil","item":"https:\/\/dicodusport.fr\/blog\/"},{"@type":"ListItem","position":2,"name":"Gand-Wevelgem 2023 : Christophe Laporte vainqueur devant Wout Van Aert"}]},{"@type":"WebSite","@id":"https:\/\/dicodusport.fr\/blog\/#website","url":"https:\/\/dicodusport.fr\/blog\/","name":"Dicodusport","description":"L&#039;encyclop\u00e9die de l&#039;actualit\u00e9 sportive","publisher":{"@id":"https:\/\/dicodusport.fr\/blog\/#organization"},"potentialAction":[{"@type":"SearchAction","target":{"@type":"EntryPoint","urlTemplate":"https:\/\/dicodusport.fr\/blog\/?s={search_term_string}"},"query-input":{"@type":"PropertyValueSpecification","valueRequired":true,"valueName":"search_term_string"}}],"inLanguage":"fr-FR"},{"@type":"NewsMediaOrganization","@id":"https:\/\/dicodusport.fr\/blog\/#organization","name":"Dicodusport","url":"https:\/\/dicodusport.fr\/blog\/","logo":{"@type":"ImageObject","inLanguage":"fr-FR","@id":"https:\/\/dicodusport.fr\/blog\/#\/schema\/logo\/image\/","url":"https:\/\/dicodusport.fr\/blog\/wp-content\/uploads\/2020\/06\/cropped-LOGO-DICODUSPORT-2020-SANS-FOND-SANS-TEXTE.png","contentUrl":"https:\/\/dicodusport.fr\/blog\/wp-content\/uploads\/2020\/06\/cropped-LOGO-DICODUSPORT-2020-SANS-FOND-SANS-TEXTE.png","width":512,"height":512,"caption":"Dicodusport"},"image":{"@id":"https:\/\/dicodusport.fr\/blog\/#\/schema\/logo\/image\/"},"sameAs":["https:\/\/www.facebook.com\/dicodusport","https:\/\/x.com\/dicodusport","https:\/\/www.instagram.com\/dicodusport\/","https:\/\/www.youtube.com\/channel\/UC7V2KZ5sd3htJivAbA4ZG3w"],"description":"Dicodusport est l'encyclop\u00e9die de l'actualit\u00e9 sportive.","email":"bonjour@dicodusport.fr","legalName":"DICODUSPORT","foundingDate":"2018-01-14","vatID":"FR71834470973","taxID":"83447097300043","numberOfEmployees":{"@type":"QuantitativeValue","minValue":"1","maxValue":"10"}},{"@type":"Person","@id":"https:\/\/dicodusport.fr\/blog\/#\/schema\/person\/d603dd7da31fb2b46c82b9835a77ec13","name":"Etienne Goursaud","image":{"@type":"ImageObject","inLanguage":"fr-FR","@id":"https:\/\/dicodusport.fr\/blog\/#\/schema\/person\/image\/","url":"https:\/\/dicodusport.fr\/blog\/wp-content\/uploads\/2023\/12\/410122264_10231602061736049_5565839791558026645_n-150x150.jpg","contentUrl":"https:\/\/dicodusport.fr\/blog\/wp-content\/uploads\/2023\/12\/410122264_10231602061736049_5565839791558026645_n-150x150.jpg","caption":"Etienne Goursaud"},"description":"Journaliste et amoureux de sport. Ancien footballeur reconverti athl\u00e8te quand ses muscles le laissent tranquille. \u00c9lev\u00e9 \u00e0 la sauce des exploits de Thomas Voeckler en 2004, du dernier essai de l\u00e9gende de Eunice Barber \u00e0 la longueur lors des championnats du monde d'athl\u00e9tisme de 2003 mais aussi Zidane, Omeyer et Titou Lamaison.","url":"https:\/\/dicodusport.fr\/blog\/author\/etienne-goursaud\/"}]}},"_links":{"self":[{"href":"https:\/\/dicodusport.fr\/blog\/wp-json\/wp\/v2\/posts\/369315","targetHints":{"allow":["GET"]}}],"collection":[{"href":"https:\/\/dicodusport.fr\/blog\/wp-json\/wp\/v2\/posts"}],"about":[{"href":"https:\/\/dicodusport.fr\/blog\/wp-json\/wp\/v2\/types\/post"}],"author":[{"embeddable":true,"href":"https:\/\/dicodusport.fr\/blog\/wp-json\/wp\/v2\/users\/83"}],"replies":[{"embeddable":true,"href":"https:\/\/dicodusport.fr\/blog\/wp-json\/wp\/v2\/comments?post=369315"}],"version-history":[{"count":0,"href":"https:\/\/dicodusport.fr\/blog\/wp-json\/wp\/v2\/posts\/369315\/revisions"}],"wp:featuredmedia":[{"embeddable":true,"href":"https:\/\/dicodusport.fr\/blog\/wp-json\/wp\/v2\/media\/369432"}],"wp:attachment":[{"href":"https:\/\/dicodusport.fr\/blog\/wp-json\/wp\/v2\/media?parent=369315"}],"wp:term":[{"taxonomy":"category","embeddable":true,"href":"https:\/\/dicodusport.fr\/blog\/wp-json\/wp\/v2\/categories?post=369315"},{"taxonomy":"post_tag","embeddable":true,"href":"https:\/\/dicodusport.fr\/blog\/wp-json\/wp\/v2\/tags?post=369315"}],"curies":[{"name":"wp","href":"https:\/\/api.w.org\/{rel}","templated":true}]}}