{"id":369414,"date":"2023-03-26T18:24:25","date_gmt":"2023-03-26T16:24:25","guid":{"rendered":"https:\/\/dicodusport.fr\/blog\/?p=369414&#038;preview=true&#038;preview_id=369414"},"modified":"2023-03-26T22:11:24","modified_gmt":"2023-03-26T20:11:24","slug":"atp-challenger-2023-dan-added-perd-en-finale-a-saint-brieuc-mais-se-console-avec-le-titre-en-double","status":"publish","type":"post","link":"https:\/\/dicodusport.fr\/blog\/atp-challenger-2023-dan-added-perd-en-finale-a-saint-brieuc-mais-se-console-avec-le-titre-en-double\/","title":{"rendered":"ATP Challenger 2023 : Dan Added perd en finale \u00e0 Saint-Brieuc, mais se console avec le titre en double"},"content":{"rendered":"<p align=\"justify\"><em><strong><a href=\"https:\/\/dicodusport.fr\/blog\/?s=atp+challenger+2023\">ATP CHALLENGER 2023<\/a> &#8211; Au bout de 2h40 d&rsquo;effort, un Dan Added h\u00e9ro\u00efque s&rsquo;est inclin\u00e9 en finale \u00e0 Saint-Brieuc face au Lituanien Berankis, 3-6 7-6 6-7. Pour sa premi\u00e8re finale sur le circuit Challenger, l&rsquo;Alsacien de 23 ans est pass\u00e9 tout proche de r\u00e9aliser un \u00e9norme doubl\u00e9, puisqu&rsquo;il a remport\u00e9 hier le tournoi en double avec Albano Olivetti. Malgr\u00e9 la d\u00e9faite, cette semaine peut v\u00e9ritablement lancer sa carri\u00e8re professionnelle apr\u00e8s des ann\u00e9es de doute.<br \/>\n<\/strong><\/em><\/p>\n<p align=\"justify\"><strong>9 matchs en 6 jours<\/strong>. C&rsquo;est la semaine que vient de r\u00e9aliser <strong>Dan Added<\/strong>, qui \u00e9tait engag\u00e9 en simple et en double au Challenger de Saint-Brieuc. Le jeune fran\u00e7ais, qui commence \u00e0 peine \u00e0 s&rsquo;installer sur le circuit Challenger, a r\u00e9alis\u00e9 une semaine exceptionnelle en simple, bien loin de ses standards. Avant aujourd&rsquo;hui, il n&rsquo;avait tout simplement<strong> jamais atteint la moindre finale sur le circuit secondaire<\/strong>. C&rsquo;est d\u00e9sormais chose faite. Il s&rsquo;est cependant inclin\u00e9 apr\u00e8s 2h40 de jeu face \u00e0 Ricardas Berankis, ex top-50 et redoutable sur les surfaces indoor. Alors que l&rsquo;adr\u00e9naline lui avait fait oublier la fatigue et qu&rsquo;<strong>il jouait le meilleur tennis de sa vie<\/strong>, l&rsquo;Alsacien a perdu le match sur des d\u00e9tails, au tie-break final.<\/p>\n<p align=\"justify\">Malgr\u00e9 tout, il peut se consoler avec le titre obtenu avec son fid\u00e8le partenaire de double, <strong>Albano Olivetti<\/strong>. T\u00eates de s\u00e9rie n\u00b01 du tournoi, les deux amis ont fait respecter leur rang avec brio. Ce qui devient presque une habitude, puisque c&rsquo;est le <strong>16\u00e8me sacre professionnel qu&rsquo;ils remportent ensemble<\/strong>. \u00c0 23 ans, Added va se retrouver devant un dilemme pour la suite de sa carri\u00e8re. Il devra s\u00fbrement sacrifier une partie de sa carri\u00e8re en double pour se consacrer davantage au simple. Ses derniers r\u00e9sultats montrent qu&rsquo;il a pris confiance en son jeu, apr\u00e8s des ann\u00e9es \u00e0 se demander o\u00f9 \u00e9tait sa place. Il sera <strong>242\u00e8me mondial<\/strong> demain en simple, son meilleur classement en carri\u00e8re.<strong><br \/>\n<\/strong><\/p>\n<blockquote class=\"twitter-tweet\">\n<p dir=\"ltr\" lang=\"fr\">[<a href=\"https:\/\/twitter.com\/hashtag\/ATPChallenger?src=hash&amp;ref_src=twsrc%5Etfw\">#ATPChallenger<\/a>] Au bout du suspense, Dan <a href=\"https:\/\/twitter.com\/hashtag\/Added?src=hash&amp;ref_src=twsrc%5Etfw\">#Added<\/a> (n\u00b0283) \ud83c\uddeb\ud83c\uddf7 s&rsquo;incline en finale \u00e0 <a href=\"https:\/\/twitter.com\/hashtag\/SaintBrieuc?src=hash&amp;ref_src=twsrc%5Etfw\">#SaintBrieuc<\/a> (France, Challenger 75, indoor) ! Ce dimanche, il a perdu face \u00e0 Ricardas <a href=\"https:\/\/twitter.com\/hashtag\/Berankis?src=hash&amp;ref_src=twsrc%5Etfw\">#Berankis<\/a> (n\u00b0235) \ud83c\uddf1\ud83c\uddf9 en trois sets 6-3, 6-7 (3), 7-6 (5). 14\u00e8me \ud83c\udfc6 pour le Lituanien.<\/p>\n<p>\ud83d\udcf8 : <a href=\"https:\/\/twitter.com\/OpenSaintBrieuc?ref_src=twsrc%5Etfw\">@OpenSaintBrieuc<\/a> <a href=\"https:\/\/t.co\/RT9KZ2TNJQ\">pic.twitter.com\/RT9KZ2TNJQ<\/a><\/p>\n<p>\u2014 Jeu, Set Et Match (@jeu_set_etmatch) <a href=\"https:\/\/twitter.com\/jeu_set_etmatch\/status\/1640034346986815490?ref_src=twsrc%5Etfw\">March 26, 2023<\/a><\/p><\/blockquote>\n<p><script async src=\"https:\/\/platform.twitter.com\/widgets.js\" charset=\"utf-8\"><\/script><\/p>\n","protected":false},"excerpt":{"rendered":"<p>ATP CHALLENGER 2023 &#8211; Au bout de 2h40 d&rsquo;effort, un Dan Added h\u00e9ro\u00efque s&rsquo;est inclin\u00e9 en finale \u00e0 Saint-Brieuc face au Lituanien Berankis, 3-6 7-6 6-7. Pour sa premi\u00e8re finale sur le circuit Challenger, l&rsquo;Alsacien de 23 ans est pass\u00e9 tout proche de r\u00e9aliser un \u00e9norme doubl\u00e9, puisqu&rsquo;il a remport\u00e9 hier le tournoi en double [&hellip;]<\/p>\n","protected":false},"author":13,"featured_media":369473,"comment_status":"open","ping_status":"closed","sticky":false,"template":"","format":"standard","meta":{"_acf_changed":false,"_daextam_enable_autolinks":"","footnotes":""},"categories":[2302],"tags":[16878,4295,18563],"class_list":["post-369414","post","type-post","status-publish","format-standard","has-post-thumbnail","hentry","category-tennis","tag-breve","tag-dan-added","tag-francais-tennis"],"acf":[],"yoast_head":"<!-- This site is optimized with the Yoast SEO Premium plugin v26.7 (Yoast SEO v26.7) - https:\/\/yoast.com\/wordpress\/plugins\/seo\/ -->\n<title>ATP Challenger 2023 : Dan Added perd en finale \u00e0 Saint-Brieuc, mais se console avec le titre en double<\/title>\n<meta name=\"description\" content=\"Dan Added est pass\u00e9 tout proche d&#039;un \u00e9norme doubl\u00e9 en remportant le Challenger de St-Brieuc en simple et en double. Mais il s&#039;est inclin\u00e9 en finale.\" \/>\n<meta name=\"robots\" content=\"index, follow, max-snippet:-1, max-image-preview:large, max-video-preview:-1\" \/>\n<link rel=\"canonical\" href=\"https:\/\/dicodusport.fr\/blog\/atp-challenger-2023-dan-added-perd-en-finale-a-saint-brieuc-mais-se-console-avec-le-titre-en-double\/\" \/>\n<meta property=\"og:locale\" content=\"fr_FR\" \/>\n<meta property=\"og:type\" content=\"article\" \/>\n<meta property=\"og:title\" content=\"ATP Challenger 2023 : Dan Added perd en finale \u00e0 Saint-Brieuc, mais se console avec le titre en double\" \/>\n<meta property=\"og:description\" content=\"Dan Added est pass\u00e9 tout proche d&#039;un \u00e9norme doubl\u00e9 en remportant le Challenger de St-Brieuc en simple et en double. Mais il s&#039;est inclin\u00e9 en finale.\" \/>\n<meta property=\"og:url\" content=\"https:\/\/dicodusport.fr\/blog\/atp-challenger-2023-dan-added-perd-en-finale-a-saint-brieuc-mais-se-console-avec-le-titre-en-double\/\" \/>\n<meta property=\"og:site_name\" content=\"Dicodusport\" \/>\n<meta property=\"article:publisher\" content=\"https:\/\/www.facebook.com\/dicodusport\" \/>\n<meta property=\"article:published_time\" content=\"2023-03-26T16:24:25+00:00\" \/>\n<meta property=\"article:modified_time\" content=\"2023-03-26T20:11:24+00:00\" \/>\n<meta property=\"og:image\" content=\"https:\/\/dicodusport.fr\/blog\/wp-content\/uploads\/2023\/03\/atp-challenger-2023-dan-added-perd-en-finale-a-saint-brieuc-mais-se-console-avec-le-titre-en-double-2.png\" \/>\n\t<meta property=\"og:image:width\" content=\"800\" \/>\n\t<meta property=\"og:image:height\" content=\"445\" \/>\n\t<meta property=\"og:image:type\" content=\"image\/png\" \/>\n<meta name=\"author\" content=\"Tom Compayrot\" \/>\n<meta name=\"twitter:card\" content=\"summary_large_image\" \/>\n<meta name=\"twitter:title\" content=\"ATP Challenger 2023 : Dan Added perd en finale \u00e0 Saint-Brieuc, mais se console avec le titre en double\" \/>\n<meta name=\"twitter:creator\" content=\"@https:\/\/twitter.com\/Tom_Cprt\" \/>\n<meta name=\"twitter:site\" content=\"@dicodusport\" \/>\n<script type=\"application\/ld+json\" class=\"yoast-schema-graph\">{\"@context\":\"https:\/\/schema.org\",\"@graph\":[{\"@type\":\"NewsArticle\",\"@id\":\"https:\/\/dicodusport.fr\/blog\/atp-challenger-2023-dan-added-perd-en-finale-a-saint-brieuc-mais-se-console-avec-le-titre-en-double\/#article\",\"isPartOf\":{\"@id\":\"https:\/\/dicodusport.fr\/blog\/atp-challenger-2023-dan-added-perd-en-finale-a-saint-brieuc-mais-se-console-avec-le-titre-en-double\/\"},\"author\":{\"name\":\"Tom Compayrot\",\"@id\":\"https:\/\/dicodusport.fr\/blog\/#\/schema\/person\/bf1e4f404e108bd2be5b447b16bde9a7\"},\"headline\":\"ATP Challenger 2023 : Dan Added perd en finale \u00e0 Saint-Brieuc, mais se console avec le titre en double\",\"datePublished\":\"2023-03-26T16:24:25+00:00\",\"dateModified\":\"2023-03-26T20:11:24+00:00\",\"mainEntityOfPage\":{\"@id\":\"https:\/\/dicodusport.fr\/blog\/atp-challenger-2023-dan-added-perd-en-finale-a-saint-brieuc-mais-se-console-avec-le-titre-en-double\/\"},\"wordCount\":405,\"commentCount\":0,\"publisher\":{\"@id\":\"https:\/\/dicodusport.fr\/blog\/#organization\"},\"image\":{\"@id\":\"https:\/\/dicodusport.fr\/blog\/atp-challenger-2023-dan-added-perd-en-finale-a-saint-brieuc-mais-se-console-avec-le-titre-en-double\/#primaryimage\"},\"thumbnailUrl\":\"https:\/\/dicodusport.fr\/blog\/wp-content\/uploads\/2023\/03\/atp-challenger-2023-dan-added-perd-en-finale-a-saint-brieuc-mais-se-console-avec-le-titre-en-double-2.png\",\"keywords\":[\"br\u00e8ve\",\"Dan Added\",\"fran\u00e7ais tennis\"],\"articleSection\":[\"Tennis\"],\"inLanguage\":\"fr-FR\",\"potentialAction\":[{\"@type\":\"CommentAction\",\"name\":\"Comment\",\"target\":[\"https:\/\/dicodusport.fr\/blog\/atp-challenger-2023-dan-added-perd-en-finale-a-saint-brieuc-mais-se-console-avec-le-titre-en-double\/#respond\"]}],\"copyrightYear\":\"2023\",\"copyrightHolder\":{\"@id\":\"https:\/\/dicodusport.fr\/blog\/#organization\"}},{\"@type\":\"WebPage\",\"@id\":\"https:\/\/dicodusport.fr\/blog\/atp-challenger-2023-dan-added-perd-en-finale-a-saint-brieuc-mais-se-console-avec-le-titre-en-double\/\",\"url\":\"https:\/\/dicodusport.fr\/blog\/atp-challenger-2023-dan-added-perd-en-finale-a-saint-brieuc-mais-se-console-avec-le-titre-en-double\/\",\"name\":\"ATP Challenger 2023 : Dan Added perd en finale \u00e0 Saint-Brieuc, mais se console avec le titre en double\",\"isPartOf\":{\"@id\":\"https:\/\/dicodusport.fr\/blog\/#website\"},\"primaryImageOfPage\":{\"@id\":\"https:\/\/dicodusport.fr\/blog\/atp-challenger-2023-dan-added-perd-en-finale-a-saint-brieuc-mais-se-console-avec-le-titre-en-double\/#primaryimage\"},\"image\":{\"@id\":\"https:\/\/dicodusport.fr\/blog\/atp-challenger-2023-dan-added-perd-en-finale-a-saint-brieuc-mais-se-console-avec-le-titre-en-double\/#primaryimage\"},\"thumbnailUrl\":\"https:\/\/dicodusport.fr\/blog\/wp-content\/uploads\/2023\/03\/atp-challenger-2023-dan-added-perd-en-finale-a-saint-brieuc-mais-se-console-avec-le-titre-en-double-2.png\",\"datePublished\":\"2023-03-26T16:24:25+00:00\",\"dateModified\":\"2023-03-26T20:11:24+00:00\",\"description\":\"Dan Added est pass\u00e9 tout proche d'un \u00e9norme doubl\u00e9 en remportant le Challenger de St-Brieuc en simple et en double. Mais il s'est inclin\u00e9 en finale.\",\"breadcrumb\":{\"@id\":\"https:\/\/dicodusport.fr\/blog\/atp-challenger-2023-dan-added-perd-en-finale-a-saint-brieuc-mais-se-console-avec-le-titre-en-double\/#breadcrumb\"},\"inLanguage\":\"fr-FR\",\"potentialAction\":[{\"@type\":\"ReadAction\",\"target\":[\"https:\/\/dicodusport.fr\/blog\/atp-challenger-2023-dan-added-perd-en-finale-a-saint-brieuc-mais-se-console-avec-le-titre-en-double\/\"]}]},{\"@type\":\"ImageObject\",\"inLanguage\":\"fr-FR\",\"@id\":\"https:\/\/dicodusport.fr\/blog\/atp-challenger-2023-dan-added-perd-en-finale-a-saint-brieuc-mais-se-console-avec-le-titre-en-double\/#primaryimage\",\"url\":\"https:\/\/dicodusport.fr\/blog\/wp-content\/uploads\/2023\/03\/atp-challenger-2023-dan-added-perd-en-finale-a-saint-brieuc-mais-se-console-avec-le-titre-en-double-2.png\",\"contentUrl\":\"https:\/\/dicodusport.fr\/blog\/wp-content\/uploads\/2023\/03\/atp-challenger-2023-dan-added-perd-en-finale-a-saint-brieuc-mais-se-console-avec-le-titre-en-double-2.png\",\"width\":800,\"height\":445},{\"@type\":\"BreadcrumbList\",\"@id\":\"https:\/\/dicodusport.fr\/blog\/atp-challenger-2023-dan-added-perd-en-finale-a-saint-brieuc-mais-se-console-avec-le-titre-en-double\/#breadcrumb\",\"itemListElement\":[{\"@type\":\"ListItem\",\"position\":1,\"name\":\"Accueil\",\"item\":\"https:\/\/dicodusport.fr\/blog\/\"},{\"@type\":\"ListItem\",\"position\":2,\"name\":\"ATP Challenger 2023 : Dan Added perd en finale \u00e0 Saint-Brieuc, mais se console avec le titre en double\"}]},{\"@type\":\"WebSite\",\"@id\":\"https:\/\/dicodusport.fr\/blog\/#website\",\"url\":\"https:\/\/dicodusport.fr\/blog\/\",\"name\":\"Dicodusport\",\"description\":\"L&#039;encyclop\u00e9die de l&#039;actualit\u00e9 sportive\",\"publisher\":{\"@id\":\"https:\/\/dicodusport.fr\/blog\/#organization\"},\"potentialAction\":[{\"@type\":\"SearchAction\",\"target\":{\"@type\":\"EntryPoint\",\"urlTemplate\":\"https:\/\/dicodusport.fr\/blog\/?s={search_term_string}\"},\"query-input\":{\"@type\":\"PropertyValueSpecification\",\"valueRequired\":true,\"valueName\":\"search_term_string\"}}],\"inLanguage\":\"fr-FR\"},{\"@type\":\"NewsMediaOrganization\",\"@id\":\"https:\/\/dicodusport.fr\/blog\/#organization\",\"name\":\"Dicodusport\",\"url\":\"https:\/\/dicodusport.fr\/blog\/\",\"logo\":{\"@type\":\"ImageObject\",\"inLanguage\":\"fr-FR\",\"@id\":\"https:\/\/dicodusport.fr\/blog\/#\/schema\/logo\/image\/\",\"url\":\"https:\/\/dicodusport.fr\/blog\/wp-content\/uploads\/2020\/06\/cropped-LOGO-DICODUSPORT-2020-SANS-FOND-SANS-TEXTE.png\",\"contentUrl\":\"https:\/\/dicodusport.fr\/blog\/wp-content\/uploads\/2020\/06\/cropped-LOGO-DICODUSPORT-2020-SANS-FOND-SANS-TEXTE.png\",\"width\":512,\"height\":512,\"caption\":\"Dicodusport\"},\"image\":{\"@id\":\"https:\/\/dicodusport.fr\/blog\/#\/schema\/logo\/image\/\"},\"sameAs\":[\"https:\/\/www.facebook.com\/dicodusport\",\"https:\/\/x.com\/dicodusport\",\"https:\/\/www.instagram.com\/dicodusport\/\",\"https:\/\/www.youtube.com\/channel\/UC7V2KZ5sd3htJivAbA4ZG3w\"],\"description\":\"Dicodusport est l'encyclop\u00e9die de l'actualit\u00e9 sportive.\",\"email\":\"bonjour@dicodusport.fr\",\"legalName\":\"DICODUSPORT\",\"foundingDate\":\"2018-01-14\",\"vatID\":\"FR71834470973\",\"taxID\":\"83447097300043\",\"numberOfEmployees\":{\"@type\":\"QuantitativeValue\",\"minValue\":\"1\",\"maxValue\":\"10\"}},{\"@type\":\"Person\",\"@id\":\"https:\/\/dicodusport.fr\/blog\/#\/schema\/person\/bf1e4f404e108bd2be5b447b16bde9a7\",\"name\":\"Tom Compayrot\",\"image\":{\"@type\":\"ImageObject\",\"inLanguage\":\"fr-FR\",\"@id\":\"https:\/\/dicodusport.fr\/blog\/#\/schema\/person\/image\/\",\"url\":\"https:\/\/dicodusport.fr\/blog\/wp-content\/uploads\/2021\/05\/Tom-Compayrot-150x150.jpg\",\"contentUrl\":\"https:\/\/dicodusport.fr\/blog\/wp-content\/uploads\/2021\/05\/Tom-Compayrot-150x150.jpg\",\"caption\":\"Tom Compayrot\"},\"description\":\"Journaliste\/r\u00e9dacteur depuis mars 2017 - Amoureux de la petite balle jaune et du gros ballon orange qui tra\u00eene sa carcasse sur Dicodusport depuis 2017. Rafael Nadal et LeBron James sont les meilleurs joueurs de l'histoire.\",\"sameAs\":[\"https:\/\/x.com\/https:\/\/twitter.com\/Tom_Cprt\"],\"url\":\"https:\/\/dicodusport.fr\/blog\/author\/tom\/\"}]}<\/script>\n<!-- \/ Yoast SEO Premium plugin. -->","yoast_head_json":{"title":"ATP Challenger 2023 : Dan Added perd en finale \u00e0 Saint-Brieuc, mais se console avec le titre en double","description":"Dan Added est pass\u00e9 tout proche d'un \u00e9norme doubl\u00e9 en remportant le Challenger de St-Brieuc en simple et en double. Mais il s'est inclin\u00e9 en finale.","robots":{"index":"index","follow":"follow","max-snippet":"max-snippet:-1","max-image-preview":"max-image-preview:large","max-video-preview":"max-video-preview:-1"},"canonical":"https:\/\/dicodusport.fr\/blog\/atp-challenger-2023-dan-added-perd-en-finale-a-saint-brieuc-mais-se-console-avec-le-titre-en-double\/","og_locale":"fr_FR","og_type":"article","og_title":"ATP Challenger 2023 : Dan Added perd en finale \u00e0 Saint-Brieuc, mais se console avec le titre en double","og_description":"Dan Added est pass\u00e9 tout proche d'un \u00e9norme doubl\u00e9 en remportant le Challenger de St-Brieuc en simple et en double. Mais il s'est inclin\u00e9 en finale.","og_url":"https:\/\/dicodusport.fr\/blog\/atp-challenger-2023-dan-added-perd-en-finale-a-saint-brieuc-mais-se-console-avec-le-titre-en-double\/","og_site_name":"Dicodusport","article_publisher":"https:\/\/www.facebook.com\/dicodusport","article_published_time":"2023-03-26T16:24:25+00:00","article_modified_time":"2023-03-26T20:11:24+00:00","og_image":[{"width":800,"height":445,"url":"https:\/\/dicodusport.fr\/blog\/wp-content\/uploads\/2023\/03\/atp-challenger-2023-dan-added-perd-en-finale-a-saint-brieuc-mais-se-console-avec-le-titre-en-double-2.png","type":"image\/png"}],"author":"Tom Compayrot","twitter_card":"summary_large_image","twitter_title":"ATP Challenger 2023 : Dan Added perd en finale \u00e0 Saint-Brieuc, mais se console avec le titre en double","twitter_creator":"@https:\/\/twitter.com\/Tom_Cprt","twitter_site":"@dicodusport","schema":{"@context":"https:\/\/schema.org","@graph":[{"@type":"NewsArticle","@id":"https:\/\/dicodusport.fr\/blog\/atp-challenger-2023-dan-added-perd-en-finale-a-saint-brieuc-mais-se-console-avec-le-titre-en-double\/#article","isPartOf":{"@id":"https:\/\/dicodusport.fr\/blog\/atp-challenger-2023-dan-added-perd-en-finale-a-saint-brieuc-mais-se-console-avec-le-titre-en-double\/"},"author":{"name":"Tom Compayrot","@id":"https:\/\/dicodusport.fr\/blog\/#\/schema\/person\/bf1e4f404e108bd2be5b447b16bde9a7"},"headline":"ATP Challenger 2023 : Dan Added perd en finale \u00e0 Saint-Brieuc, mais se console avec le titre en double","datePublished":"2023-03-26T16:24:25+00:00","dateModified":"2023-03-26T20:11:24+00:00","mainEntityOfPage":{"@id":"https:\/\/dicodusport.fr\/blog\/atp-challenger-2023-dan-added-perd-en-finale-a-saint-brieuc-mais-se-console-avec-le-titre-en-double\/"},"wordCount":405,"commentCount":0,"publisher":{"@id":"https:\/\/dicodusport.fr\/blog\/#organization"},"image":{"@id":"https:\/\/dicodusport.fr\/blog\/atp-challenger-2023-dan-added-perd-en-finale-a-saint-brieuc-mais-se-console-avec-le-titre-en-double\/#primaryimage"},"thumbnailUrl":"https:\/\/dicodusport.fr\/blog\/wp-content\/uploads\/2023\/03\/atp-challenger-2023-dan-added-perd-en-finale-a-saint-brieuc-mais-se-console-avec-le-titre-en-double-2.png","keywords":["br\u00e8ve","Dan Added","fran\u00e7ais tennis"],"articleSection":["Tennis"],"inLanguage":"fr-FR","potentialAction":[{"@type":"CommentAction","name":"Comment","target":["https:\/\/dicodusport.fr\/blog\/atp-challenger-2023-dan-added-perd-en-finale-a-saint-brieuc-mais-se-console-avec-le-titre-en-double\/#respond"]}],"copyrightYear":"2023","copyrightHolder":{"@id":"https:\/\/dicodusport.fr\/blog\/#organization"}},{"@type":"WebPage","@id":"https:\/\/dicodusport.fr\/blog\/atp-challenger-2023-dan-added-perd-en-finale-a-saint-brieuc-mais-se-console-avec-le-titre-en-double\/","url":"https:\/\/dicodusport.fr\/blog\/atp-challenger-2023-dan-added-perd-en-finale-a-saint-brieuc-mais-se-console-avec-le-titre-en-double\/","name":"ATP Challenger 2023 : Dan Added perd en finale \u00e0 Saint-Brieuc, mais se console avec le titre en double","isPartOf":{"@id":"https:\/\/dicodusport.fr\/blog\/#website"},"primaryImageOfPage":{"@id":"https:\/\/dicodusport.fr\/blog\/atp-challenger-2023-dan-added-perd-en-finale-a-saint-brieuc-mais-se-console-avec-le-titre-en-double\/#primaryimage"},"image":{"@id":"https:\/\/dicodusport.fr\/blog\/atp-challenger-2023-dan-added-perd-en-finale-a-saint-brieuc-mais-se-console-avec-le-titre-en-double\/#primaryimage"},"thumbnailUrl":"https:\/\/dicodusport.fr\/blog\/wp-content\/uploads\/2023\/03\/atp-challenger-2023-dan-added-perd-en-finale-a-saint-brieuc-mais-se-console-avec-le-titre-en-double-2.png","datePublished":"2023-03-26T16:24:25+00:00","dateModified":"2023-03-26T20:11:24+00:00","description":"Dan Added est pass\u00e9 tout proche d'un \u00e9norme doubl\u00e9 en remportant le Challenger de St-Brieuc en simple et en double. Mais il s'est inclin\u00e9 en finale.","breadcrumb":{"@id":"https:\/\/dicodusport.fr\/blog\/atp-challenger-2023-dan-added-perd-en-finale-a-saint-brieuc-mais-se-console-avec-le-titre-en-double\/#breadcrumb"},"inLanguage":"fr-FR","potentialAction":[{"@type":"ReadAction","target":["https:\/\/dicodusport.fr\/blog\/atp-challenger-2023-dan-added-perd-en-finale-a-saint-brieuc-mais-se-console-avec-le-titre-en-double\/"]}]},{"@type":"ImageObject","inLanguage":"fr-FR","@id":"https:\/\/dicodusport.fr\/blog\/atp-challenger-2023-dan-added-perd-en-finale-a-saint-brieuc-mais-se-console-avec-le-titre-en-double\/#primaryimage","url":"https:\/\/dicodusport.fr\/blog\/wp-content\/uploads\/2023\/03\/atp-challenger-2023-dan-added-perd-en-finale-a-saint-brieuc-mais-se-console-avec-le-titre-en-double-2.png","contentUrl":"https:\/\/dicodusport.fr\/blog\/wp-content\/uploads\/2023\/03\/atp-challenger-2023-dan-added-perd-en-finale-a-saint-brieuc-mais-se-console-avec-le-titre-en-double-2.png","width":800,"height":445},{"@type":"BreadcrumbList","@id":"https:\/\/dicodusport.fr\/blog\/atp-challenger-2023-dan-added-perd-en-finale-a-saint-brieuc-mais-se-console-avec-le-titre-en-double\/#breadcrumb","itemListElement":[{"@type":"ListItem","position":1,"name":"Accueil","item":"https:\/\/dicodusport.fr\/blog\/"},{"@type":"ListItem","position":2,"name":"ATP Challenger 2023 : Dan Added perd en finale \u00e0 Saint-Brieuc, mais se console avec le titre en double"}]},{"@type":"WebSite","@id":"https:\/\/dicodusport.fr\/blog\/#website","url":"https:\/\/dicodusport.fr\/blog\/","name":"Dicodusport","description":"L&#039;encyclop\u00e9die de l&#039;actualit\u00e9 sportive","publisher":{"@id":"https:\/\/dicodusport.fr\/blog\/#organization"},"potentialAction":[{"@type":"SearchAction","target":{"@type":"EntryPoint","urlTemplate":"https:\/\/dicodusport.fr\/blog\/?s={search_term_string}"},"query-input":{"@type":"PropertyValueSpecification","valueRequired":true,"valueName":"search_term_string"}}],"inLanguage":"fr-FR"},{"@type":"NewsMediaOrganization","@id":"https:\/\/dicodusport.fr\/blog\/#organization","name":"Dicodusport","url":"https:\/\/dicodusport.fr\/blog\/","logo":{"@type":"ImageObject","inLanguage":"fr-FR","@id":"https:\/\/dicodusport.fr\/blog\/#\/schema\/logo\/image\/","url":"https:\/\/dicodusport.fr\/blog\/wp-content\/uploads\/2020\/06\/cropped-LOGO-DICODUSPORT-2020-SANS-FOND-SANS-TEXTE.png","contentUrl":"https:\/\/dicodusport.fr\/blog\/wp-content\/uploads\/2020\/06\/cropped-LOGO-DICODUSPORT-2020-SANS-FOND-SANS-TEXTE.png","width":512,"height":512,"caption":"Dicodusport"},"image":{"@id":"https:\/\/dicodusport.fr\/blog\/#\/schema\/logo\/image\/"},"sameAs":["https:\/\/www.facebook.com\/dicodusport","https:\/\/x.com\/dicodusport","https:\/\/www.instagram.com\/dicodusport\/","https:\/\/www.youtube.com\/channel\/UC7V2KZ5sd3htJivAbA4ZG3w"],"description":"Dicodusport est l'encyclop\u00e9die de l'actualit\u00e9 sportive.","email":"bonjour@dicodusport.fr","legalName":"DICODUSPORT","foundingDate":"2018-01-14","vatID":"FR71834470973","taxID":"83447097300043","numberOfEmployees":{"@type":"QuantitativeValue","minValue":"1","maxValue":"10"}},{"@type":"Person","@id":"https:\/\/dicodusport.fr\/blog\/#\/schema\/person\/bf1e4f404e108bd2be5b447b16bde9a7","name":"Tom Compayrot","image":{"@type":"ImageObject","inLanguage":"fr-FR","@id":"https:\/\/dicodusport.fr\/blog\/#\/schema\/person\/image\/","url":"https:\/\/dicodusport.fr\/blog\/wp-content\/uploads\/2021\/05\/Tom-Compayrot-150x150.jpg","contentUrl":"https:\/\/dicodusport.fr\/blog\/wp-content\/uploads\/2021\/05\/Tom-Compayrot-150x150.jpg","caption":"Tom Compayrot"},"description":"Journaliste\/r\u00e9dacteur depuis mars 2017 - Amoureux de la petite balle jaune et du gros ballon orange qui tra\u00eene sa carcasse sur Dicodusport depuis 2017. Rafael Nadal et LeBron James sont les meilleurs joueurs de l'histoire.","sameAs":["https:\/\/x.com\/https:\/\/twitter.com\/Tom_Cprt"],"url":"https:\/\/dicodusport.fr\/blog\/author\/tom\/"}]}},"_links":{"self":[{"href":"https:\/\/dicodusport.fr\/blog\/wp-json\/wp\/v2\/posts\/369414","targetHints":{"allow":["GET"]}}],"collection":[{"href":"https:\/\/dicodusport.fr\/blog\/wp-json\/wp\/v2\/posts"}],"about":[{"href":"https:\/\/dicodusport.fr\/blog\/wp-json\/wp\/v2\/types\/post"}],"author":[{"embeddable":true,"href":"https:\/\/dicodusport.fr\/blog\/wp-json\/wp\/v2\/users\/13"}],"replies":[{"embeddable":true,"href":"https:\/\/dicodusport.fr\/blog\/wp-json\/wp\/v2\/comments?post=369414"}],"version-history":[{"count":0,"href":"https:\/\/dicodusport.fr\/blog\/wp-json\/wp\/v2\/posts\/369414\/revisions"}],"wp:featuredmedia":[{"embeddable":true,"href":"https:\/\/dicodusport.fr\/blog\/wp-json\/wp\/v2\/media\/369473"}],"wp:attachment":[{"href":"https:\/\/dicodusport.fr\/blog\/wp-json\/wp\/v2\/media?parent=369414"}],"wp:term":[{"taxonomy":"category","embeddable":true,"href":"https:\/\/dicodusport.fr\/blog\/wp-json\/wp\/v2\/categories?post=369414"},{"taxonomy":"post_tag","embeddable":true,"href":"https:\/\/dicodusport.fr\/blog\/wp-json\/wp\/v2\/tags?post=369414"}],"curies":[{"name":"wp","href":"https:\/\/api.w.org\/{rel}","templated":true}]}}