{"id":369431,"date":"2023-03-26T18:20:28","date_gmt":"2023-03-26T16:20:28","guid":{"rendered":"https:\/\/dicodusport.fr\/blog\/?p=369431&#038;preview=true&#038;preview_id=369431"},"modified":"2023-03-26T18:21:30","modified_gmt":"2023-03-26T16:21:30","slug":"vtt-coupe-de-france-loana-lecomte-et-jordan-sarrou-simposent-a-marseille","status":"publish","type":"post","link":"https:\/\/dicodusport.fr\/blog\/vtt-coupe-de-france-loana-lecomte-et-jordan-sarrou-simposent-a-marseille\/","title":{"rendered":"VTT Coupe de France : Loana Lecomte et Jordan Sarrou s&rsquo;imposent \u00e0 Marseille"},"content":{"rendered":"<p align=\"justify\"><em><strong><a href=\"https:\/\/dicodusport.fr\/blog\/actualites\/cyclisme\/vtt\/\">VTT<\/a> &#8211; Loana Lecomte et Jordan Sarrou commencent leur saison sur le sol fran\u00e7ais par une victoire en Coupe de France. \u00c0 Marseille, ce dimanche, les deux membres de l&rsquo;\u00e9quipe de France \u00e9taient les plus en forme.<\/strong><\/em><\/p>\n<p style=\"text-align: justify;\"><span style=\"font-weight: 400;\">Sur le site de Marseille-Luminy, \u00e0 l&rsquo;est de la cit\u00e9 phoc\u00e9enne, la Coupe de France de VTT d\u00e9butait sa saison. Deux XCO au programme ce dimanche avec la course dames puis celle des hommes. Un rendez-vous fran\u00e7ais mais avec beaucoup d&rsquo;internationaux. La championne olympique <\/span><b>Jolanda Neff<\/b><span style=\"font-weight: 400;\">, la championne du monde 2021 <\/span><b>Evie Richards <\/b><span style=\"font-weight: 400;\">mais aussi <\/span><b>Greta Seiwald<\/b><span style=\"font-weight: 400;\"> ou encore <\/span><b>Anne Tauber<\/b><span style=\"font-weight: 400;\">. <\/span><b>Vlad Dascalu<\/b><span style=\"font-weight: 400;\">, <\/span><b>Samuel Gaze<\/b><span style=\"font-weight: 400;\"> et le Belge <\/span><b>Pierre de Froidmont<\/b><span style=\"font-weight: 400;\"> sont notamment align\u00e9s.\u00a0<\/span><\/p>\n<h2 style=\"text-align: justify;\" align=\"justify\">Lecomte en d\u00e9monstration, Sarrou \u00e0 l&rsquo;usure<\/h2>\n<p style=\"text-align: justify;\"><span style=\"font-weight: 400;\">Les femmes n&rsquo;ont vu <\/span><b>Loana Lecomte <\/b><span style=\"font-weight: 400;\">que de dos puis ne l&rsquo;ont plus vu du tout. La Haut-Savoyarde n&rsquo;a pas fait dans la demi-mesure. Partie seule d\u00e8s le d\u00e9but, elle s&rsquo;est cr\u00e9\u00e9e une marge confortable au fil des tours. Une victoire sans contestation avec 1:12 d&rsquo;avance sur <\/span><b>Anne Tauber<\/b><span style=\"font-weight: 400;\">. Troisi\u00e8me du jour, l&rsquo;Am\u00e9ricaine <\/span><b>Savilia Blunk<\/b><span style=\"font-weight: 400;\"> est rel\u00e9gu\u00e9e \u00e0 plus de deux minutes. \u00c0 19 ans, elle est encore U23, mais <\/span><b>Line Burquier <\/b><span style=\"font-weight: 400;\">se trouve au milieu des grandes. Une 7\u00e8me place au g\u00e9n\u00e9ral (+ 3:33), \u00e0 seulement quelques secondes de <\/span><b>Richards <\/b><span style=\"font-weight: 400;\">et <\/span><b>Neff<\/b><span style=\"font-weight: 400;\">. Prometteur. <\/span><b>Lena G\u00e9rault <\/b><span style=\"font-weight: 400;\">finit 8e, <\/span><b>Pauline Ferrand-Pr\u00e9vot <\/b><span style=\"font-weight: 400;\">n&rsquo;a pas encore repris la comp\u00e9tition.<\/span><\/p>\n<blockquote class=\"twitter-tweet\">\n<p dir=\"ltr\" lang=\"fr\">Pour l&rsquo;ouverture de la Coupe de France de VTT \u00e0 Marseille, Loana Lecomte met 1min12 \u00e0 Anne Tauber, 2e !<\/p>\n<p>Line Burquier dans les temps de Jolanda Neff et Evie Richards, envoyez la en \u00c9lite d\u00e8s cette saison, elle sera au niveau.<\/p>\n<p>Les \u00e9carts mis par l&rsquo;Ann\u00e9cienne c&rsquo;est fou&#8230; <a href=\"https:\/\/twitter.com\/hashtag\/VTT?src=hash&amp;ref_src=twsrc%5Etfw\">#VTT<\/a> <a href=\"https:\/\/t.co\/b32YamoSHN\">pic.twitter.com\/b32YamoSHN<\/a><\/p>\n<p>\u2014 Pierre Gorce (@pierregorce12) <a href=\"https:\/\/twitter.com\/pierregorce12\/status\/1639981895311081472?ref_src=twsrc%5Etfw\">March 26, 2023<\/a><\/p><\/blockquote>\n<p><script async src=\"https:\/\/platform.twitter.com\/widgets.js\" charset=\"utf-8\"><\/script><\/p>\n<p style=\"text-align: justify;\"><span style=\"font-weight: 400;\">En fin d&rsquo;apr\u00e8s-midi, <\/span><b>Jordan Sarrou <\/b><span style=\"font-weight: 400;\">s&rsquo;assure un succ\u00e8s. Les \u00e9carts \u00e9taient moindres dans cette course, il \u00e9tait difficile de savoir qui allait gagner. L&rsquo;ex-porteur du maillot arc-en-ciel a gard\u00e9 11 secondes d&rsquo;avance sur le N\u00e9o-Z\u00e9landais <\/span><b>Samuel Gaze<\/b><span style=\"font-weight: 400;\">. <\/span><b>Thomas Griot <\/b><span style=\"font-weight: 400;\">conserve le podium devant le champion de France en titre <\/span><b>Titouan Carod<\/b><span style=\"font-weight: 400;\">. C&rsquo;\u00e9tait un XCO de reprise pour une partie des v\u00e9t\u00e9tistes et les hommes ont \u00e9t\u00e9 patients. \u00c0 moins de 50 jours de l&rsquo;ouverture de la Coupe du monde en R\u00e9publique Tch\u00e8que, des marques commencent \u00e0 \u00eatre prises.<\/span><\/p>\n","protected":false},"excerpt":{"rendered":"<p>VTT &#8211; Loana Lecomte et Jordan Sarrou commencent leur saison sur le sol fran\u00e7ais par une victoire en Coupe de France. \u00c0 Marseille, ce dimanche, les deux membres de l&rsquo;\u00e9quipe de France \u00e9taient les plus en forme.<\/p>\n","protected":false},"author":61,"featured_media":369468,"comment_status":"open","ping_status":"closed","sticky":false,"template":"","format":"standard","meta":{"_acf_changed":false,"_daextam_enable_autolinks":"","footnotes":""},"categories":[10279],"tags":[16878,2870,1709,10994,692],"class_list":["post-369431","post","type-post","status-publish","format-standard","has-post-thumbnail","hentry","category-vtt","tag-breve","tag-coupe-de-france","tag-jordan-sarrou","tag-loana-lecomte","tag-vtt"],"acf":[],"yoast_head":"<!-- This site is optimized with the Yoast SEO Premium plugin v26.7 (Yoast SEO v26.7) - https:\/\/yoast.com\/wordpress\/plugins\/seo\/ -->\n<title>VTT Coupe de France : Loana Lecomte et Jordan Sarrou s&#039;imposent \u00e0 Marseille<\/title>\n<meta name=\"description\" content=\"VTT - Loana Lecomte et Jordan Sarrou commencent leur saison sur le sol fran\u00e7ais par une victoire en Coupe de France.\" \/>\n<meta name=\"robots\" content=\"index, follow, max-snippet:-1, max-image-preview:large, max-video-preview:-1\" \/>\n<link rel=\"canonical\" href=\"https:\/\/dicodusport.fr\/blog\/vtt-coupe-de-france-loana-lecomte-et-jordan-sarrou-simposent-a-marseille\/\" \/>\n<meta property=\"og:locale\" content=\"fr_FR\" \/>\n<meta property=\"og:type\" content=\"article\" \/>\n<meta property=\"og:title\" content=\"VTT Coupe de France : Loana Lecomte et Jordan Sarrou s&#039;imposent \u00e0 Marseille\" \/>\n<meta property=\"og:description\" content=\"VTT - Loana Lecomte et Jordan Sarrou commencent leur saison sur le sol fran\u00e7ais par une victoire en Coupe de France.\" \/>\n<meta property=\"og:url\" content=\"https:\/\/dicodusport.fr\/blog\/vtt-coupe-de-france-loana-lecomte-et-jordan-sarrou-simposent-a-marseille\/\" \/>\n<meta property=\"og:site_name\" content=\"Dicodusport\" \/>\n<meta property=\"article:publisher\" content=\"https:\/\/www.facebook.com\/dicodusport\" \/>\n<meta property=\"article:published_time\" content=\"2023-03-26T16:20:28+00:00\" \/>\n<meta property=\"article:modified_time\" content=\"2023-03-26T16:21:30+00:00\" \/>\n<meta property=\"og:image\" content=\"https:\/\/dicodusport.fr\/blog\/wp-content\/uploads\/2023\/03\/VTT-Coupe-de-France-Loana-Lecomte-et-Jordan-Sarrou-simposent-a-Marseille.png\" \/>\n\t<meta property=\"og:image:width\" content=\"800\" \/>\n\t<meta property=\"og:image:height\" content=\"445\" \/>\n\t<meta property=\"og:image:type\" content=\"image\/png\" \/>\n<meta name=\"author\" content=\"Pierre Gorce\" \/>\n<meta name=\"twitter:card\" content=\"summary_large_image\" \/>\n<meta name=\"twitter:title\" content=\"VTT Coupe de France : Loana Lecomte et Jordan Sarrou s&#039;imposent \u00e0 Marseille\" \/>\n<meta name=\"twitter:creator\" content=\"@https:\/\/twitter.com\/pierregorce12\" \/>\n<meta name=\"twitter:site\" content=\"@dicodusport\" \/>\n<script type=\"application\/ld+json\" class=\"yoast-schema-graph\">{\"@context\":\"https:\/\/schema.org\",\"@graph\":[{\"@type\":\"NewsArticle\",\"@id\":\"https:\/\/dicodusport.fr\/blog\/vtt-coupe-de-france-loana-lecomte-et-jordan-sarrou-simposent-a-marseille\/#article\",\"isPartOf\":{\"@id\":\"https:\/\/dicodusport.fr\/blog\/vtt-coupe-de-france-loana-lecomte-et-jordan-sarrou-simposent-a-marseille\/\"},\"author\":{\"name\":\"Pierre Gorce\",\"@id\":\"https:\/\/dicodusport.fr\/blog\/#\/schema\/person\/0eaf70b33d703a1a66b1155ac1bda018\"},\"headline\":\"VTT Coupe de France : Loana Lecomte et Jordan Sarrou s&rsquo;imposent \u00e0 Marseille\",\"datePublished\":\"2023-03-26T16:20:28+00:00\",\"dateModified\":\"2023-03-26T16:21:30+00:00\",\"mainEntityOfPage\":{\"@id\":\"https:\/\/dicodusport.fr\/blog\/vtt-coupe-de-france-loana-lecomte-et-jordan-sarrou-simposent-a-marseille\/\"},\"wordCount\":412,\"commentCount\":0,\"publisher\":{\"@id\":\"https:\/\/dicodusport.fr\/blog\/#organization\"},\"image\":{\"@id\":\"https:\/\/dicodusport.fr\/blog\/vtt-coupe-de-france-loana-lecomte-et-jordan-sarrou-simposent-a-marseille\/#primaryimage\"},\"thumbnailUrl\":\"https:\/\/dicodusport.fr\/blog\/wp-content\/uploads\/2023\/03\/VTT-Coupe-de-France-Loana-Lecomte-et-Jordan-Sarrou-simposent-a-Marseille.png\",\"keywords\":[\"br\u00e8ve\",\"Coupe de France\",\"Jordan Sarrou\",\"Loana Lecomte\",\"VTT\"],\"articleSection\":[\"VTT\"],\"inLanguage\":\"fr-FR\",\"potentialAction\":[{\"@type\":\"CommentAction\",\"name\":\"Comment\",\"target\":[\"https:\/\/dicodusport.fr\/blog\/vtt-coupe-de-france-loana-lecomte-et-jordan-sarrou-simposent-a-marseille\/#respond\"]}],\"copyrightYear\":\"2023\",\"copyrightHolder\":{\"@id\":\"https:\/\/dicodusport.fr\/blog\/#organization\"}},{\"@type\":\"WebPage\",\"@id\":\"https:\/\/dicodusport.fr\/blog\/vtt-coupe-de-france-loana-lecomte-et-jordan-sarrou-simposent-a-marseille\/\",\"url\":\"https:\/\/dicodusport.fr\/blog\/vtt-coupe-de-france-loana-lecomte-et-jordan-sarrou-simposent-a-marseille\/\",\"name\":\"VTT Coupe de France : Loana Lecomte et Jordan Sarrou s'imposent \u00e0 Marseille\",\"isPartOf\":{\"@id\":\"https:\/\/dicodusport.fr\/blog\/#website\"},\"primaryImageOfPage\":{\"@id\":\"https:\/\/dicodusport.fr\/blog\/vtt-coupe-de-france-loana-lecomte-et-jordan-sarrou-simposent-a-marseille\/#primaryimage\"},\"image\":{\"@id\":\"https:\/\/dicodusport.fr\/blog\/vtt-coupe-de-france-loana-lecomte-et-jordan-sarrou-simposent-a-marseille\/#primaryimage\"},\"thumbnailUrl\":\"https:\/\/dicodusport.fr\/blog\/wp-content\/uploads\/2023\/03\/VTT-Coupe-de-France-Loana-Lecomte-et-Jordan-Sarrou-simposent-a-Marseille.png\",\"datePublished\":\"2023-03-26T16:20:28+00:00\",\"dateModified\":\"2023-03-26T16:21:30+00:00\",\"description\":\"VTT - Loana Lecomte et Jordan Sarrou commencent leur saison sur le sol fran\u00e7ais par une victoire en Coupe de France.\",\"breadcrumb\":{\"@id\":\"https:\/\/dicodusport.fr\/blog\/vtt-coupe-de-france-loana-lecomte-et-jordan-sarrou-simposent-a-marseille\/#breadcrumb\"},\"inLanguage\":\"fr-FR\",\"potentialAction\":[{\"@type\":\"ReadAction\",\"target\":[\"https:\/\/dicodusport.fr\/blog\/vtt-coupe-de-france-loana-lecomte-et-jordan-sarrou-simposent-a-marseille\/\"]}]},{\"@type\":\"ImageObject\",\"inLanguage\":\"fr-FR\",\"@id\":\"https:\/\/dicodusport.fr\/blog\/vtt-coupe-de-france-loana-lecomte-et-jordan-sarrou-simposent-a-marseille\/#primaryimage\",\"url\":\"https:\/\/dicodusport.fr\/blog\/wp-content\/uploads\/2023\/03\/VTT-Coupe-de-France-Loana-Lecomte-et-Jordan-Sarrou-simposent-a-Marseille.png\",\"contentUrl\":\"https:\/\/dicodusport.fr\/blog\/wp-content\/uploads\/2023\/03\/VTT-Coupe-de-France-Loana-Lecomte-et-Jordan-Sarrou-simposent-a-Marseille.png\",\"width\":800,\"height\":445,\"caption\":\"VTT Coupe de France Loana Lecomte et Jordan Sarrou s'imposent \u00e0 Marseille\"},{\"@type\":\"BreadcrumbList\",\"@id\":\"https:\/\/dicodusport.fr\/blog\/vtt-coupe-de-france-loana-lecomte-et-jordan-sarrou-simposent-a-marseille\/#breadcrumb\",\"itemListElement\":[{\"@type\":\"ListItem\",\"position\":1,\"name\":\"Accueil\",\"item\":\"https:\/\/dicodusport.fr\/blog\/\"},{\"@type\":\"ListItem\",\"position\":2,\"name\":\"VTT Coupe de France : Loana Lecomte et Jordan Sarrou s&rsquo;imposent \u00e0 Marseille\"}]},{\"@type\":\"WebSite\",\"@id\":\"https:\/\/dicodusport.fr\/blog\/#website\",\"url\":\"https:\/\/dicodusport.fr\/blog\/\",\"name\":\"Dicodusport\",\"description\":\"L&#039;encyclop\u00e9die de l&#039;actualit\u00e9 sportive\",\"publisher\":{\"@id\":\"https:\/\/dicodusport.fr\/blog\/#organization\"},\"potentialAction\":[{\"@type\":\"SearchAction\",\"target\":{\"@type\":\"EntryPoint\",\"urlTemplate\":\"https:\/\/dicodusport.fr\/blog\/?s={search_term_string}\"},\"query-input\":{\"@type\":\"PropertyValueSpecification\",\"valueRequired\":true,\"valueName\":\"search_term_string\"}}],\"inLanguage\":\"fr-FR\"},{\"@type\":\"NewsMediaOrganization\",\"@id\":\"https:\/\/dicodusport.fr\/blog\/#organization\",\"name\":\"Dicodusport\",\"url\":\"https:\/\/dicodusport.fr\/blog\/\",\"logo\":{\"@type\":\"ImageObject\",\"inLanguage\":\"fr-FR\",\"@id\":\"https:\/\/dicodusport.fr\/blog\/#\/schema\/logo\/image\/\",\"url\":\"https:\/\/dicodusport.fr\/blog\/wp-content\/uploads\/2020\/06\/cropped-LOGO-DICODUSPORT-2020-SANS-FOND-SANS-TEXTE.png\",\"contentUrl\":\"https:\/\/dicodusport.fr\/blog\/wp-content\/uploads\/2020\/06\/cropped-LOGO-DICODUSPORT-2020-SANS-FOND-SANS-TEXTE.png\",\"width\":512,\"height\":512,\"caption\":\"Dicodusport\"},\"image\":{\"@id\":\"https:\/\/dicodusport.fr\/blog\/#\/schema\/logo\/image\/\"},\"sameAs\":[\"https:\/\/www.facebook.com\/dicodusport\",\"https:\/\/x.com\/dicodusport\",\"https:\/\/www.instagram.com\/dicodusport\/\",\"https:\/\/www.youtube.com\/channel\/UC7V2KZ5sd3htJivAbA4ZG3w\"],\"description\":\"Dicodusport est l'encyclop\u00e9die de l'actualit\u00e9 sportive.\",\"email\":\"bonjour@dicodusport.fr\",\"legalName\":\"DICODUSPORT\",\"foundingDate\":\"2018-01-14\",\"vatID\":\"FR71834470973\",\"taxID\":\"83447097300043\",\"numberOfEmployees\":{\"@type\":\"QuantitativeValue\",\"minValue\":\"1\",\"maxValue\":\"10\"}},{\"@type\":\"Person\",\"@id\":\"https:\/\/dicodusport.fr\/blog\/#\/schema\/person\/0eaf70b33d703a1a66b1155ac1bda018\",\"name\":\"Pierre Gorce\",\"image\":{\"@type\":\"ImageObject\",\"inLanguage\":\"fr-FR\",\"@id\":\"https:\/\/dicodusport.fr\/blog\/#\/schema\/person\/image\/\",\"url\":\"https:\/\/dicodusport.fr\/blog\/wp-content\/uploads\/2022\/03\/IMG_20211214_233053_722-150x150.jpg\",\"contentUrl\":\"https:\/\/dicodusport.fr\/blog\/wp-content\/uploads\/2022\/03\/IMG_20211214_233053_722-150x150.jpg\",\"caption\":\"Pierre Gorce\"},\"description\":\"Couteau suisse venant tout droit de Haute-Savoie. Habitu\u00e9 \u00e0 regarder du sport depuis petit, j'en ai maintenant fait mon m\u00e9tier. Des sports d'hiver au surf, en passant par le tennis, la F1, le handball et l'athl\u00e9tisme, j'essaie d'avoir mes yeux sur l'enti\u00e8ret\u00e9 de l'actualit\u00e9. Jeune homme berc\u00e9 par les exploits de Jean-Baptiste Grange, Sebastian Vettel et des Experts. Membre de la g\u00e9n\u00e9ration 1999 comme Luka Doncic, Sydney McLaughlin, Lando Norris et Loana Lecomte, mais avec beaucoup moins de talent qu'eux.\",\"sameAs\":[\"https:\/\/x.com\/https:\/\/twitter.com\/pierregorce12\"],\"birthDate\":\"1999-08-29\",\"url\":\"https:\/\/dicodusport.fr\/blog\/author\/pierreg\/\"}]}<\/script>\n<!-- \/ Yoast SEO Premium plugin. -->","yoast_head_json":{"title":"VTT Coupe de France : Loana Lecomte et Jordan Sarrou s'imposent \u00e0 Marseille","description":"VTT - Loana Lecomte et Jordan Sarrou commencent leur saison sur le sol fran\u00e7ais par une victoire en Coupe de France.","robots":{"index":"index","follow":"follow","max-snippet":"max-snippet:-1","max-image-preview":"max-image-preview:large","max-video-preview":"max-video-preview:-1"},"canonical":"https:\/\/dicodusport.fr\/blog\/vtt-coupe-de-france-loana-lecomte-et-jordan-sarrou-simposent-a-marseille\/","og_locale":"fr_FR","og_type":"article","og_title":"VTT Coupe de France : Loana Lecomte et Jordan Sarrou s'imposent \u00e0 Marseille","og_description":"VTT - Loana Lecomte et Jordan Sarrou commencent leur saison sur le sol fran\u00e7ais par une victoire en Coupe de France.","og_url":"https:\/\/dicodusport.fr\/blog\/vtt-coupe-de-france-loana-lecomte-et-jordan-sarrou-simposent-a-marseille\/","og_site_name":"Dicodusport","article_publisher":"https:\/\/www.facebook.com\/dicodusport","article_published_time":"2023-03-26T16:20:28+00:00","article_modified_time":"2023-03-26T16:21:30+00:00","og_image":[{"width":800,"height":445,"url":"https:\/\/dicodusport.fr\/blog\/wp-content\/uploads\/2023\/03\/VTT-Coupe-de-France-Loana-Lecomte-et-Jordan-Sarrou-simposent-a-Marseille.png","type":"image\/png"}],"author":"Pierre Gorce","twitter_card":"summary_large_image","twitter_title":"VTT Coupe de France : Loana Lecomte et Jordan Sarrou s'imposent \u00e0 Marseille","twitter_creator":"@https:\/\/twitter.com\/pierregorce12","twitter_site":"@dicodusport","schema":{"@context":"https:\/\/schema.org","@graph":[{"@type":"NewsArticle","@id":"https:\/\/dicodusport.fr\/blog\/vtt-coupe-de-france-loana-lecomte-et-jordan-sarrou-simposent-a-marseille\/#article","isPartOf":{"@id":"https:\/\/dicodusport.fr\/blog\/vtt-coupe-de-france-loana-lecomte-et-jordan-sarrou-simposent-a-marseille\/"},"author":{"name":"Pierre Gorce","@id":"https:\/\/dicodusport.fr\/blog\/#\/schema\/person\/0eaf70b33d703a1a66b1155ac1bda018"},"headline":"VTT Coupe de France : Loana Lecomte et Jordan Sarrou s&rsquo;imposent \u00e0 Marseille","datePublished":"2023-03-26T16:20:28+00:00","dateModified":"2023-03-26T16:21:30+00:00","mainEntityOfPage":{"@id":"https:\/\/dicodusport.fr\/blog\/vtt-coupe-de-france-loana-lecomte-et-jordan-sarrou-simposent-a-marseille\/"},"wordCount":412,"commentCount":0,"publisher":{"@id":"https:\/\/dicodusport.fr\/blog\/#organization"},"image":{"@id":"https:\/\/dicodusport.fr\/blog\/vtt-coupe-de-france-loana-lecomte-et-jordan-sarrou-simposent-a-marseille\/#primaryimage"},"thumbnailUrl":"https:\/\/dicodusport.fr\/blog\/wp-content\/uploads\/2023\/03\/VTT-Coupe-de-France-Loana-Lecomte-et-Jordan-Sarrou-simposent-a-Marseille.png","keywords":["br\u00e8ve","Coupe de France","Jordan Sarrou","Loana Lecomte","VTT"],"articleSection":["VTT"],"inLanguage":"fr-FR","potentialAction":[{"@type":"CommentAction","name":"Comment","target":["https:\/\/dicodusport.fr\/blog\/vtt-coupe-de-france-loana-lecomte-et-jordan-sarrou-simposent-a-marseille\/#respond"]}],"copyrightYear":"2023","copyrightHolder":{"@id":"https:\/\/dicodusport.fr\/blog\/#organization"}},{"@type":"WebPage","@id":"https:\/\/dicodusport.fr\/blog\/vtt-coupe-de-france-loana-lecomte-et-jordan-sarrou-simposent-a-marseille\/","url":"https:\/\/dicodusport.fr\/blog\/vtt-coupe-de-france-loana-lecomte-et-jordan-sarrou-simposent-a-marseille\/","name":"VTT Coupe de France : Loana Lecomte et Jordan Sarrou s'imposent \u00e0 Marseille","isPartOf":{"@id":"https:\/\/dicodusport.fr\/blog\/#website"},"primaryImageOfPage":{"@id":"https:\/\/dicodusport.fr\/blog\/vtt-coupe-de-france-loana-lecomte-et-jordan-sarrou-simposent-a-marseille\/#primaryimage"},"image":{"@id":"https:\/\/dicodusport.fr\/blog\/vtt-coupe-de-france-loana-lecomte-et-jordan-sarrou-simposent-a-marseille\/#primaryimage"},"thumbnailUrl":"https:\/\/dicodusport.fr\/blog\/wp-content\/uploads\/2023\/03\/VTT-Coupe-de-France-Loana-Lecomte-et-Jordan-Sarrou-simposent-a-Marseille.png","datePublished":"2023-03-26T16:20:28+00:00","dateModified":"2023-03-26T16:21:30+00:00","description":"VTT - Loana Lecomte et Jordan Sarrou commencent leur saison sur le sol fran\u00e7ais par une victoire en Coupe de France.","breadcrumb":{"@id":"https:\/\/dicodusport.fr\/blog\/vtt-coupe-de-france-loana-lecomte-et-jordan-sarrou-simposent-a-marseille\/#breadcrumb"},"inLanguage":"fr-FR","potentialAction":[{"@type":"ReadAction","target":["https:\/\/dicodusport.fr\/blog\/vtt-coupe-de-france-loana-lecomte-et-jordan-sarrou-simposent-a-marseille\/"]}]},{"@type":"ImageObject","inLanguage":"fr-FR","@id":"https:\/\/dicodusport.fr\/blog\/vtt-coupe-de-france-loana-lecomte-et-jordan-sarrou-simposent-a-marseille\/#primaryimage","url":"https:\/\/dicodusport.fr\/blog\/wp-content\/uploads\/2023\/03\/VTT-Coupe-de-France-Loana-Lecomte-et-Jordan-Sarrou-simposent-a-Marseille.png","contentUrl":"https:\/\/dicodusport.fr\/blog\/wp-content\/uploads\/2023\/03\/VTT-Coupe-de-France-Loana-Lecomte-et-Jordan-Sarrou-simposent-a-Marseille.png","width":800,"height":445,"caption":"VTT Coupe de France Loana Lecomte et Jordan Sarrou s'imposent \u00e0 Marseille"},{"@type":"BreadcrumbList","@id":"https:\/\/dicodusport.fr\/blog\/vtt-coupe-de-france-loana-lecomte-et-jordan-sarrou-simposent-a-marseille\/#breadcrumb","itemListElement":[{"@type":"ListItem","position":1,"name":"Accueil","item":"https:\/\/dicodusport.fr\/blog\/"},{"@type":"ListItem","position":2,"name":"VTT Coupe de France : Loana Lecomte et Jordan Sarrou s&rsquo;imposent \u00e0 Marseille"}]},{"@type":"WebSite","@id":"https:\/\/dicodusport.fr\/blog\/#website","url":"https:\/\/dicodusport.fr\/blog\/","name":"Dicodusport","description":"L&#039;encyclop\u00e9die de l&#039;actualit\u00e9 sportive","publisher":{"@id":"https:\/\/dicodusport.fr\/blog\/#organization"},"potentialAction":[{"@type":"SearchAction","target":{"@type":"EntryPoint","urlTemplate":"https:\/\/dicodusport.fr\/blog\/?s={search_term_string}"},"query-input":{"@type":"PropertyValueSpecification","valueRequired":true,"valueName":"search_term_string"}}],"inLanguage":"fr-FR"},{"@type":"NewsMediaOrganization","@id":"https:\/\/dicodusport.fr\/blog\/#organization","name":"Dicodusport","url":"https:\/\/dicodusport.fr\/blog\/","logo":{"@type":"ImageObject","inLanguage":"fr-FR","@id":"https:\/\/dicodusport.fr\/blog\/#\/schema\/logo\/image\/","url":"https:\/\/dicodusport.fr\/blog\/wp-content\/uploads\/2020\/06\/cropped-LOGO-DICODUSPORT-2020-SANS-FOND-SANS-TEXTE.png","contentUrl":"https:\/\/dicodusport.fr\/blog\/wp-content\/uploads\/2020\/06\/cropped-LOGO-DICODUSPORT-2020-SANS-FOND-SANS-TEXTE.png","width":512,"height":512,"caption":"Dicodusport"},"image":{"@id":"https:\/\/dicodusport.fr\/blog\/#\/schema\/logo\/image\/"},"sameAs":["https:\/\/www.facebook.com\/dicodusport","https:\/\/x.com\/dicodusport","https:\/\/www.instagram.com\/dicodusport\/","https:\/\/www.youtube.com\/channel\/UC7V2KZ5sd3htJivAbA4ZG3w"],"description":"Dicodusport est l'encyclop\u00e9die de l'actualit\u00e9 sportive.","email":"bonjour@dicodusport.fr","legalName":"DICODUSPORT","foundingDate":"2018-01-14","vatID":"FR71834470973","taxID":"83447097300043","numberOfEmployees":{"@type":"QuantitativeValue","minValue":"1","maxValue":"10"}},{"@type":"Person","@id":"https:\/\/dicodusport.fr\/blog\/#\/schema\/person\/0eaf70b33d703a1a66b1155ac1bda018","name":"Pierre Gorce","image":{"@type":"ImageObject","inLanguage":"fr-FR","@id":"https:\/\/dicodusport.fr\/blog\/#\/schema\/person\/image\/","url":"https:\/\/dicodusport.fr\/blog\/wp-content\/uploads\/2022\/03\/IMG_20211214_233053_722-150x150.jpg","contentUrl":"https:\/\/dicodusport.fr\/blog\/wp-content\/uploads\/2022\/03\/IMG_20211214_233053_722-150x150.jpg","caption":"Pierre Gorce"},"description":"Couteau suisse venant tout droit de Haute-Savoie. Habitu\u00e9 \u00e0 regarder du sport depuis petit, j'en ai maintenant fait mon m\u00e9tier. Des sports d'hiver au surf, en passant par le tennis, la F1, le handball et l'athl\u00e9tisme, j'essaie d'avoir mes yeux sur l'enti\u00e8ret\u00e9 de l'actualit\u00e9. Jeune homme berc\u00e9 par les exploits de Jean-Baptiste Grange, Sebastian Vettel et des Experts. Membre de la g\u00e9n\u00e9ration 1999 comme Luka Doncic, Sydney McLaughlin, Lando Norris et Loana Lecomte, mais avec beaucoup moins de talent qu'eux.","sameAs":["https:\/\/x.com\/https:\/\/twitter.com\/pierregorce12"],"birthDate":"1999-08-29","url":"https:\/\/dicodusport.fr\/blog\/author\/pierreg\/"}]}},"_links":{"self":[{"href":"https:\/\/dicodusport.fr\/blog\/wp-json\/wp\/v2\/posts\/369431","targetHints":{"allow":["GET"]}}],"collection":[{"href":"https:\/\/dicodusport.fr\/blog\/wp-json\/wp\/v2\/posts"}],"about":[{"href":"https:\/\/dicodusport.fr\/blog\/wp-json\/wp\/v2\/types\/post"}],"author":[{"embeddable":true,"href":"https:\/\/dicodusport.fr\/blog\/wp-json\/wp\/v2\/users\/61"}],"replies":[{"embeddable":true,"href":"https:\/\/dicodusport.fr\/blog\/wp-json\/wp\/v2\/comments?post=369431"}],"version-history":[{"count":0,"href":"https:\/\/dicodusport.fr\/blog\/wp-json\/wp\/v2\/posts\/369431\/revisions"}],"wp:featuredmedia":[{"embeddable":true,"href":"https:\/\/dicodusport.fr\/blog\/wp-json\/wp\/v2\/media\/369468"}],"wp:attachment":[{"href":"https:\/\/dicodusport.fr\/blog\/wp-json\/wp\/v2\/media?parent=369431"}],"wp:term":[{"taxonomy":"category","embeddable":true,"href":"https:\/\/dicodusport.fr\/blog\/wp-json\/wp\/v2\/categories?post=369431"},{"taxonomy":"post_tag","embeddable":true,"href":"https:\/\/dicodusport.fr\/blog\/wp-json\/wp\/v2\/tags?post=369431"}],"curies":[{"name":"wp","href":"https:\/\/api.w.org\/{rel}","templated":true}]}}