{"id":369534,"date":"2023-03-28T17:52:47","date_gmt":"2023-03-28T15:52:47","guid":{"rendered":"https:\/\/dicodusport.fr\/blog\/?p=369534&#038;preview=true&#038;preview_id=369534"},"modified":"2023-06-17T17:16:03","modified_gmt":"2023-06-17T15:16:03","slug":"a-travers-la-flandre-2023-les-engages","status":"publish","type":"post","link":"https:\/\/dicodusport.fr\/blog\/a-travers-la-flandre-2023-les-engages\/","title":{"rendered":"\u00c0 Travers la Flandre 2023 : Les engag\u00e9s"},"content":{"rendered":"<p style=\"text-align: justify;\"><strong><em><a href=\"https:\/\/dicodusport.fr\/blog\/actualites\/cyclisme\/cyclisme-sur-route-2023\/\">CYCLISME SUR ROUTE 2023<\/a> \u2013 D\u00e9couvrez la liste des engag\u00e9s d&rsquo;\u00c0 Travers la Flandre 2023, la 77\u00e8me \u00e9dition de la course qui se d\u00e9roule ce mercredi 29 mars 2023.<\/em><\/strong><\/p>\n<p style=\"text-align: justify;\">Qui pour succ\u00e9der \u00e0 <strong>Mathieu<\/strong> <strong>van<\/strong> <strong>der<\/strong> <strong>Poel<\/strong> (Alpecin &#8211; Deceuninck), vainqueur en 2022 mais aussi en 2019 ? Le N\u00e9erlandais n&rsquo;a pour le moment pas pr\u00e9vu de s&rsquo;aligner sur cette \u00e9dition d&rsquo;\u00c0 Travers la Flandre, m\u00eame si les choses peuvent encore \u00e9voluer. <strong>Wout Van Aert<\/strong> (Jumbo-Visma) ne sera pas pr\u00e9sent.<\/p>\n<p style=\"text-align: justify;\">La <strong>Jumbo-Visma<\/strong> aura quand m\u00eame du beau monde au d\u00e9part, dont le vainqueur de l&rsquo;\u00e9dition 2021, <strong>Dylan<\/strong> <strong>van<\/strong> <strong>Baarle<\/strong> ou encore <strong>Olav<\/strong> <strong>Kooij<\/strong>, tr\u00e8s \u00e0 son avantage sur Gand-Wevelgem dimanche. Mais surtout, <strong>Christophe<\/strong> <strong>Laporte<\/strong> (Jumbo-Visma), vainqueur de <a href=\"https:\/\/dicodusport.fr\/blog\/classement-gand-wevelgem-2023\/\">Gand-Wevelgem<\/a>, sera finalement au d\u00e9part. <em>DVB<\/em> devrait \u00eatre le seul ancien vainqueur puisqu&rsquo;<strong>Yves Lampaert<\/strong> (Soudal &#8211; Quick-Step), vainqueur deux fois d&rsquo;\u00c0 Travers la Flandre, n&rsquo;est pas pr\u00e9vu pour cette \u00e9dition 2023.<\/p>\n<h2>Valentin Madouas pour monter en puissance<\/h2>\n<p style=\"text-align: justify;\">La formation belge, qui vit un d\u00e9but de campagne de classiques tr\u00e8s compliqu\u00e9, comptera sur <strong>Julian<\/strong> <strong>Alaphilippe<\/strong> et <strong>Tim<\/strong> <strong>Merlier<\/strong> pour briller ce mercredi. Plusieurs sprinteurs seront aussi au d\u00e9part de la course, comme <strong>Arnaud De Lie<\/strong> (Lotto-Dstny), <strong>Japer<\/strong> <strong>Philipsen<\/strong> (Alpecin &#8211; Deceuninck), <strong>Mads<\/strong> <strong>Pedersen<\/strong> (Trek Segafredo) ou encore <strong>Dylan<\/strong> <strong>Groenewegen<\/strong> (Tem Jayco AlUla)<\/p>\n<p style=\"text-align: justify;\">Parmi les favori, on peut aussi citer <strong>Tom<\/strong> <strong>Pidcock<\/strong> (INEOS Grenadiers), <strong>Neilson<\/strong> <strong>Powless<\/strong> (EF Education Easy Post) et <strong>Stefan<\/strong> <strong>K\u00fcng<\/strong> (Groupama-FDJ). Dans les rangs tricolores, en plus du double champion du monde, <strong>Valentin<\/strong> <strong>Madouas<\/strong> (Groupama-FDJ), <strong>Alexis<\/strong> <strong>Renard<\/strong> (Cofidis) et <strong>Matis<\/strong> <strong>Louvel<\/strong> (Team Ark\u00e9a-Samsic) seront \u00e0 suivre de pr\u00e8s.<\/p>\n<h2 style=\"text-align: justify;\">Les engag\u00e9s d&rsquo;\u00c0 Travers la Flandre 2023<\/h2>\n<p style=\"text-align: justify;\"><a href=\"https:\/\/dicodusport.fr\/blog\/wp-content\/uploads\/2023\/03\/Engages-A-Travers-la-Flandre-2023.pdf\" class=\"pdfemb-viewer\" style=\"\" data-width=\"max\" data-height=\"max\"  data-toolbar=\"both\" data-toolbar-fixed=\"on\">Engage\u0301s A\u0300 Travers la Flandre 2023<br\/><\/a>\n<h2 style=\"text-align: justify;\">\u00c0 lire aussi<\/h2>\n<ul>\n<li style=\"text-align: justify;\"><strong><a href=\"https:\/\/dicodusport.fr\/blog\/a-travers-la-flandre-2023-parcours-profil-et-favoris\/\">\u00c0 Travers la Flandre 2023 : Parcours, profil et favoris<\/a>\u00a0<\/strong><\/li>\n<li style=\"text-align: justify;\"><a href=\"https:\/\/dicodusport.fr\/blog\/a-travers-la-flandre-2023-a-quelle-heure-et-sur-quelle-chaine-tv\/\" target=\"_blank\" rel=\"noopener\"><strong>\u00c0 Travers la Flandre 2023 : \u00c0 quelle heure et sur quelle cha\u00eene TV<\/strong><\/a><\/li>\n<\/ul>\n","protected":false},"excerpt":{"rendered":"<p>CYCLISME SUR ROUTE 2023 \u2013 D\u00e9couvrez la liste des engag\u00e9s du Grand Prix E3 2023, la 65\u00e8me \u00e9dition de la course qui se d\u00e9roule ce vendredi 24 mars 2023.<\/p>\n","protected":false},"author":1,"featured_media":359351,"comment_status":"open","ping_status":"closed","sticky":false,"template":"","format":"standard","meta":{"_acf_changed":false,"_daextam_enable_autolinks":"","footnotes":""},"categories":[46994],"tags":[7544,16878,574],"class_list":["post-369534","post","type-post","status-publish","format-standard","has-post-thumbnail","hentry","category-cyclisme-sur-route","tag-a-travers-la-flandre","tag-breve","tag-cyclisme"],"acf":[],"yoast_head":"<!-- This site is optimized with the Yoast SEO Premium plugin v26.7 (Yoast SEO v26.7) - https:\/\/yoast.com\/wordpress\/plugins\/seo\/ -->\n<title>\u00c0 Travers la Flandre 2023 : Les engag\u00e9s<\/title>\n<meta name=\"description\" content=\"CYCLISME SUR ROUTE 2023 \u2013 D\u00e9couvrez la liste des engag\u00e9s d&#039;\u00c0 Travers la Flandre 2023, qui se d\u00e9roule ce mercredi 29 mars 2023.\" \/>\n<meta name=\"robots\" content=\"index, follow, max-snippet:-1, max-image-preview:large, max-video-preview:-1\" \/>\n<link rel=\"canonical\" href=\"https:\/\/dicodusport.fr\/blog\/a-travers-la-flandre-2023-les-engages\/\" \/>\n<meta property=\"og:locale\" content=\"fr_FR\" \/>\n<meta property=\"og:type\" content=\"article\" \/>\n<meta property=\"og:title\" content=\"\u00c0 Travers la Flandre 2023 : Les engag\u00e9s\" \/>\n<meta property=\"og:description\" content=\"CYCLISME SUR ROUTE 2023 \u2013 D\u00e9couvrez la liste des engag\u00e9s d&#039;\u00c0 Travers la Flandre 2023, qui se d\u00e9roule ce mercredi 29 mars 2023.\" \/>\n<meta property=\"og:url\" content=\"https:\/\/dicodusport.fr\/blog\/a-travers-la-flandre-2023-les-engages\/\" \/>\n<meta property=\"og:site_name\" content=\"Dicodusport\" \/>\n<meta property=\"article:publisher\" content=\"https:\/\/www.facebook.com\/dicodusport\" \/>\n<meta property=\"article:author\" content=\"https:\/\/www.facebook.com\/dicodusport\" \/>\n<meta property=\"article:published_time\" content=\"2023-03-28T15:52:47+00:00\" \/>\n<meta property=\"article:modified_time\" content=\"2023-06-17T15:16:03+00:00\" \/>\n<meta property=\"og:image\" content=\"https:\/\/dicodusport.fr\/blog\/wp-content\/uploads\/2023\/02\/Faun-Ardeche-Classic-2023-Julian-Alaphilippe-renoue-avec-le-succes-1.png\" \/>\n\t<meta property=\"og:image:width\" content=\"800\" \/>\n\t<meta property=\"og:image:height\" content=\"445\" \/>\n\t<meta property=\"og:image:type\" content=\"image\/png\" \/>\n<meta name=\"author\" content=\"Nicolas Jacquemard\" \/>\n<meta name=\"twitter:card\" content=\"summary_large_image\" \/>\n<meta name=\"twitter:title\" content=\"\u00c0 Travers la Flandre 2023 : Les engag\u00e9s\" \/>\n<meta name=\"twitter:creator\" content=\"@https:\/\/twitter.com\/Nico_Jacquemard\" \/>\n<meta name=\"twitter:site\" content=\"@dicodusport\" \/>\n<script type=\"application\/ld+json\" class=\"yoast-schema-graph\">{\"@context\":\"https:\/\/schema.org\",\"@graph\":[{\"@type\":\"NewsArticle\",\"@id\":\"https:\/\/dicodusport.fr\/blog\/a-travers-la-flandre-2023-les-engages\/#article\",\"isPartOf\":{\"@id\":\"https:\/\/dicodusport.fr\/blog\/a-travers-la-flandre-2023-les-engages\/\"},\"author\":{\"name\":\"Nicolas Jacquemard\",\"@id\":\"https:\/\/dicodusport.fr\/blog\/#\/schema\/person\/55dcb50ad410894e431ed812bbb70191\"},\"headline\":\"\u00c0 Travers la Flandre 2023 : Les engag\u00e9s\",\"datePublished\":\"2023-03-28T15:52:47+00:00\",\"dateModified\":\"2023-06-17T15:16:03+00:00\",\"mainEntityOfPage\":{\"@id\":\"https:\/\/dicodusport.fr\/blog\/a-travers-la-flandre-2023-les-engages\/\"},\"wordCount\":317,\"commentCount\":0,\"publisher\":{\"@id\":\"https:\/\/dicodusport.fr\/blog\/#organization\"},\"image\":{\"@id\":\"https:\/\/dicodusport.fr\/blog\/a-travers-la-flandre-2023-les-engages\/#primaryimage\"},\"thumbnailUrl\":\"https:\/\/dicodusport.fr\/blog\/wp-content\/uploads\/2023\/02\/Faun-Ardeche-Classic-2023-Julian-Alaphilippe-renoue-avec-le-succes-1.png\",\"keywords\":[\"A Travers la Flandre\",\"br\u00e8ve\",\"Cyclisme\"],\"articleSection\":[\"Cyclisme sur route\"],\"inLanguage\":\"fr-FR\",\"potentialAction\":[{\"@type\":\"CommentAction\",\"name\":\"Comment\",\"target\":[\"https:\/\/dicodusport.fr\/blog\/a-travers-la-flandre-2023-les-engages\/#respond\"]}],\"copyrightYear\":\"2023\",\"copyrightHolder\":{\"@id\":\"https:\/\/dicodusport.fr\/blog\/#organization\"}},{\"@type\":\"WebPage\",\"@id\":\"https:\/\/dicodusport.fr\/blog\/a-travers-la-flandre-2023-les-engages\/\",\"url\":\"https:\/\/dicodusport.fr\/blog\/a-travers-la-flandre-2023-les-engages\/\",\"name\":\"\u00c0 Travers la Flandre 2023 : Les engag\u00e9s\",\"isPartOf\":{\"@id\":\"https:\/\/dicodusport.fr\/blog\/#website\"},\"primaryImageOfPage\":{\"@id\":\"https:\/\/dicodusport.fr\/blog\/a-travers-la-flandre-2023-les-engages\/#primaryimage\"},\"image\":{\"@id\":\"https:\/\/dicodusport.fr\/blog\/a-travers-la-flandre-2023-les-engages\/#primaryimage\"},\"thumbnailUrl\":\"https:\/\/dicodusport.fr\/blog\/wp-content\/uploads\/2023\/02\/Faun-Ardeche-Classic-2023-Julian-Alaphilippe-renoue-avec-le-succes-1.png\",\"datePublished\":\"2023-03-28T15:52:47+00:00\",\"dateModified\":\"2023-06-17T15:16:03+00:00\",\"description\":\"CYCLISME SUR ROUTE 2023 \u2013 D\u00e9couvrez la liste des engag\u00e9s d'\u00c0 Travers la Flandre 2023, qui se d\u00e9roule ce mercredi 29 mars 2023.\",\"breadcrumb\":{\"@id\":\"https:\/\/dicodusport.fr\/blog\/a-travers-la-flandre-2023-les-engages\/#breadcrumb\"},\"inLanguage\":\"fr-FR\",\"potentialAction\":[{\"@type\":\"ReadAction\",\"target\":[\"https:\/\/dicodusport.fr\/blog\/a-travers-la-flandre-2023-les-engages\/\"]}]},{\"@type\":\"ImageObject\",\"inLanguage\":\"fr-FR\",\"@id\":\"https:\/\/dicodusport.fr\/blog\/a-travers-la-flandre-2023-les-engages\/#primaryimage\",\"url\":\"https:\/\/dicodusport.fr\/blog\/wp-content\/uploads\/2023\/02\/Faun-Ardeche-Classic-2023-Julian-Alaphilippe-renoue-avec-le-succes-1.png\",\"contentUrl\":\"https:\/\/dicodusport.fr\/blog\/wp-content\/uploads\/2023\/02\/Faun-Ardeche-Classic-2023-Julian-Alaphilippe-renoue-avec-le-succes-1.png\",\"width\":800,\"height\":445,\"caption\":\"Faun-Ard\u00e8che Classic 2023 Julian Alaphilippe renoue avec le succ\u00e8s (1)\"},{\"@type\":\"BreadcrumbList\",\"@id\":\"https:\/\/dicodusport.fr\/blog\/a-travers-la-flandre-2023-les-engages\/#breadcrumb\",\"itemListElement\":[{\"@type\":\"ListItem\",\"position\":1,\"name\":\"Accueil\",\"item\":\"https:\/\/dicodusport.fr\/blog\/\"},{\"@type\":\"ListItem\",\"position\":2,\"name\":\"\u00c0 Travers la Flandre 2023 : Les engag\u00e9s\"}]},{\"@type\":\"WebSite\",\"@id\":\"https:\/\/dicodusport.fr\/blog\/#website\",\"url\":\"https:\/\/dicodusport.fr\/blog\/\",\"name\":\"Dicodusport\",\"description\":\"L&#039;encyclop\u00e9die de l&#039;actualit\u00e9 sportive\",\"publisher\":{\"@id\":\"https:\/\/dicodusport.fr\/blog\/#organization\"},\"potentialAction\":[{\"@type\":\"SearchAction\",\"target\":{\"@type\":\"EntryPoint\",\"urlTemplate\":\"https:\/\/dicodusport.fr\/blog\/?s={search_term_string}\"},\"query-input\":{\"@type\":\"PropertyValueSpecification\",\"valueRequired\":true,\"valueName\":\"search_term_string\"}}],\"inLanguage\":\"fr-FR\"},{\"@type\":\"NewsMediaOrganization\",\"@id\":\"https:\/\/dicodusport.fr\/blog\/#organization\",\"name\":\"Dicodusport\",\"url\":\"https:\/\/dicodusport.fr\/blog\/\",\"logo\":{\"@type\":\"ImageObject\",\"inLanguage\":\"fr-FR\",\"@id\":\"https:\/\/dicodusport.fr\/blog\/#\/schema\/logo\/image\/\",\"url\":\"https:\/\/dicodusport.fr\/blog\/wp-content\/uploads\/2020\/06\/cropped-LOGO-DICODUSPORT-2020-SANS-FOND-SANS-TEXTE.png\",\"contentUrl\":\"https:\/\/dicodusport.fr\/blog\/wp-content\/uploads\/2020\/06\/cropped-LOGO-DICODUSPORT-2020-SANS-FOND-SANS-TEXTE.png\",\"width\":512,\"height\":512,\"caption\":\"Dicodusport\"},\"image\":{\"@id\":\"https:\/\/dicodusport.fr\/blog\/#\/schema\/logo\/image\/\"},\"sameAs\":[\"https:\/\/www.facebook.com\/dicodusport\",\"https:\/\/x.com\/dicodusport\",\"https:\/\/www.instagram.com\/dicodusport\/\",\"https:\/\/www.youtube.com\/channel\/UC7V2KZ5sd3htJivAbA4ZG3w\"],\"description\":\"Dicodusport est l'encyclop\u00e9die de l'actualit\u00e9 sportive.\",\"email\":\"bonjour@dicodusport.fr\",\"legalName\":\"DICODUSPORT\",\"foundingDate\":\"2018-01-14\",\"vatID\":\"FR71834470973\",\"taxID\":\"83447097300043\",\"numberOfEmployees\":{\"@type\":\"QuantitativeValue\",\"minValue\":\"1\",\"maxValue\":\"10\"}},{\"@type\":\"Person\",\"@id\":\"https:\/\/dicodusport.fr\/blog\/#\/schema\/person\/55dcb50ad410894e431ed812bbb70191\",\"name\":\"Nicolas Jacquemard\",\"image\":{\"@type\":\"ImageObject\",\"inLanguage\":\"fr-FR\",\"@id\":\"https:\/\/dicodusport.fr\/blog\/#\/schema\/person\/image\/\",\"url\":\"https:\/\/dicodusport.fr\/blog\/wp-content\/uploads\/2021\/05\/Nicolas-Jacquemard-150x150.jpeg\",\"contentUrl\":\"https:\/\/dicodusport.fr\/blog\/wp-content\/uploads\/2021\/05\/Nicolas-Jacquemard-150x150.jpeg\",\"caption\":\"Nicolas Jacquemard\"},\"description\":\"Passionn\u00e9 de sport et entrepreneur depuis mes 18 ans, la cr\u00e9ation de Dicodusport m'a sembl\u00e9 \u00e9vidente pour participer \u00e0 la m\u00e9diatisation d'un plus grand nombre de sports. Le chemin est long mais avec une \u00e9quipe des plus motiv\u00e9es et les Jeux Olympiques de Paris 2024 en point de mire, nous y arriverons ! Journaliste dans le monde du sport depuis plus de 5 ans, je traite aussi bien de football, de rugby, de biathlon que de cyclisme.\",\"sameAs\":[\"https:\/\/www.facebook.com\/dicodusport\",\"https:\/\/x.com\/https:\/\/twitter.com\/Nico_Jacquemard\"],\"url\":\"https:\/\/dicodusport.fr\/blog\/author\/dicodusport\/\"}]}<\/script>\n<!-- \/ Yoast SEO Premium plugin. -->","yoast_head_json":{"title":"\u00c0 Travers la Flandre 2023 : Les engag\u00e9s","description":"CYCLISME SUR ROUTE 2023 \u2013 D\u00e9couvrez la liste des engag\u00e9s d'\u00c0 Travers la Flandre 2023, qui se d\u00e9roule ce mercredi 29 mars 2023.","robots":{"index":"index","follow":"follow","max-snippet":"max-snippet:-1","max-image-preview":"max-image-preview:large","max-video-preview":"max-video-preview:-1"},"canonical":"https:\/\/dicodusport.fr\/blog\/a-travers-la-flandre-2023-les-engages\/","og_locale":"fr_FR","og_type":"article","og_title":"\u00c0 Travers la Flandre 2023 : Les engag\u00e9s","og_description":"CYCLISME SUR ROUTE 2023 \u2013 D\u00e9couvrez la liste des engag\u00e9s d'\u00c0 Travers la Flandre 2023, qui se d\u00e9roule ce mercredi 29 mars 2023.","og_url":"https:\/\/dicodusport.fr\/blog\/a-travers-la-flandre-2023-les-engages\/","og_site_name":"Dicodusport","article_publisher":"https:\/\/www.facebook.com\/dicodusport","article_author":"https:\/\/www.facebook.com\/dicodusport","article_published_time":"2023-03-28T15:52:47+00:00","article_modified_time":"2023-06-17T15:16:03+00:00","og_image":[{"width":800,"height":445,"url":"https:\/\/dicodusport.fr\/blog\/wp-content\/uploads\/2023\/02\/Faun-Ardeche-Classic-2023-Julian-Alaphilippe-renoue-avec-le-succes-1.png","type":"image\/png"}],"author":"Nicolas Jacquemard","twitter_card":"summary_large_image","twitter_title":"\u00c0 Travers la Flandre 2023 : Les engag\u00e9s","twitter_creator":"@https:\/\/twitter.com\/Nico_Jacquemard","twitter_site":"@dicodusport","schema":{"@context":"https:\/\/schema.org","@graph":[{"@type":"NewsArticle","@id":"https:\/\/dicodusport.fr\/blog\/a-travers-la-flandre-2023-les-engages\/#article","isPartOf":{"@id":"https:\/\/dicodusport.fr\/blog\/a-travers-la-flandre-2023-les-engages\/"},"author":{"name":"Nicolas Jacquemard","@id":"https:\/\/dicodusport.fr\/blog\/#\/schema\/person\/55dcb50ad410894e431ed812bbb70191"},"headline":"\u00c0 Travers la Flandre 2023 : Les engag\u00e9s","datePublished":"2023-03-28T15:52:47+00:00","dateModified":"2023-06-17T15:16:03+00:00","mainEntityOfPage":{"@id":"https:\/\/dicodusport.fr\/blog\/a-travers-la-flandre-2023-les-engages\/"},"wordCount":317,"commentCount":0,"publisher":{"@id":"https:\/\/dicodusport.fr\/blog\/#organization"},"image":{"@id":"https:\/\/dicodusport.fr\/blog\/a-travers-la-flandre-2023-les-engages\/#primaryimage"},"thumbnailUrl":"https:\/\/dicodusport.fr\/blog\/wp-content\/uploads\/2023\/02\/Faun-Ardeche-Classic-2023-Julian-Alaphilippe-renoue-avec-le-succes-1.png","keywords":["A Travers la Flandre","br\u00e8ve","Cyclisme"],"articleSection":["Cyclisme sur route"],"inLanguage":"fr-FR","potentialAction":[{"@type":"CommentAction","name":"Comment","target":["https:\/\/dicodusport.fr\/blog\/a-travers-la-flandre-2023-les-engages\/#respond"]}],"copyrightYear":"2023","copyrightHolder":{"@id":"https:\/\/dicodusport.fr\/blog\/#organization"}},{"@type":"WebPage","@id":"https:\/\/dicodusport.fr\/blog\/a-travers-la-flandre-2023-les-engages\/","url":"https:\/\/dicodusport.fr\/blog\/a-travers-la-flandre-2023-les-engages\/","name":"\u00c0 Travers la Flandre 2023 : Les engag\u00e9s","isPartOf":{"@id":"https:\/\/dicodusport.fr\/blog\/#website"},"primaryImageOfPage":{"@id":"https:\/\/dicodusport.fr\/blog\/a-travers-la-flandre-2023-les-engages\/#primaryimage"},"image":{"@id":"https:\/\/dicodusport.fr\/blog\/a-travers-la-flandre-2023-les-engages\/#primaryimage"},"thumbnailUrl":"https:\/\/dicodusport.fr\/blog\/wp-content\/uploads\/2023\/02\/Faun-Ardeche-Classic-2023-Julian-Alaphilippe-renoue-avec-le-succes-1.png","datePublished":"2023-03-28T15:52:47+00:00","dateModified":"2023-06-17T15:16:03+00:00","description":"CYCLISME SUR ROUTE 2023 \u2013 D\u00e9couvrez la liste des engag\u00e9s d'\u00c0 Travers la Flandre 2023, qui se d\u00e9roule ce mercredi 29 mars 2023.","breadcrumb":{"@id":"https:\/\/dicodusport.fr\/blog\/a-travers-la-flandre-2023-les-engages\/#breadcrumb"},"inLanguage":"fr-FR","potentialAction":[{"@type":"ReadAction","target":["https:\/\/dicodusport.fr\/blog\/a-travers-la-flandre-2023-les-engages\/"]}]},{"@type":"ImageObject","inLanguage":"fr-FR","@id":"https:\/\/dicodusport.fr\/blog\/a-travers-la-flandre-2023-les-engages\/#primaryimage","url":"https:\/\/dicodusport.fr\/blog\/wp-content\/uploads\/2023\/02\/Faun-Ardeche-Classic-2023-Julian-Alaphilippe-renoue-avec-le-succes-1.png","contentUrl":"https:\/\/dicodusport.fr\/blog\/wp-content\/uploads\/2023\/02\/Faun-Ardeche-Classic-2023-Julian-Alaphilippe-renoue-avec-le-succes-1.png","width":800,"height":445,"caption":"Faun-Ard\u00e8che Classic 2023 Julian Alaphilippe renoue avec le succ\u00e8s (1)"},{"@type":"BreadcrumbList","@id":"https:\/\/dicodusport.fr\/blog\/a-travers-la-flandre-2023-les-engages\/#breadcrumb","itemListElement":[{"@type":"ListItem","position":1,"name":"Accueil","item":"https:\/\/dicodusport.fr\/blog\/"},{"@type":"ListItem","position":2,"name":"\u00c0 Travers la Flandre 2023 : Les engag\u00e9s"}]},{"@type":"WebSite","@id":"https:\/\/dicodusport.fr\/blog\/#website","url":"https:\/\/dicodusport.fr\/blog\/","name":"Dicodusport","description":"L&#039;encyclop\u00e9die de l&#039;actualit\u00e9 sportive","publisher":{"@id":"https:\/\/dicodusport.fr\/blog\/#organization"},"potentialAction":[{"@type":"SearchAction","target":{"@type":"EntryPoint","urlTemplate":"https:\/\/dicodusport.fr\/blog\/?s={search_term_string}"},"query-input":{"@type":"PropertyValueSpecification","valueRequired":true,"valueName":"search_term_string"}}],"inLanguage":"fr-FR"},{"@type":"NewsMediaOrganization","@id":"https:\/\/dicodusport.fr\/blog\/#organization","name":"Dicodusport","url":"https:\/\/dicodusport.fr\/blog\/","logo":{"@type":"ImageObject","inLanguage":"fr-FR","@id":"https:\/\/dicodusport.fr\/blog\/#\/schema\/logo\/image\/","url":"https:\/\/dicodusport.fr\/blog\/wp-content\/uploads\/2020\/06\/cropped-LOGO-DICODUSPORT-2020-SANS-FOND-SANS-TEXTE.png","contentUrl":"https:\/\/dicodusport.fr\/blog\/wp-content\/uploads\/2020\/06\/cropped-LOGO-DICODUSPORT-2020-SANS-FOND-SANS-TEXTE.png","width":512,"height":512,"caption":"Dicodusport"},"image":{"@id":"https:\/\/dicodusport.fr\/blog\/#\/schema\/logo\/image\/"},"sameAs":["https:\/\/www.facebook.com\/dicodusport","https:\/\/x.com\/dicodusport","https:\/\/www.instagram.com\/dicodusport\/","https:\/\/www.youtube.com\/channel\/UC7V2KZ5sd3htJivAbA4ZG3w"],"description":"Dicodusport est l'encyclop\u00e9die de l'actualit\u00e9 sportive.","email":"bonjour@dicodusport.fr","legalName":"DICODUSPORT","foundingDate":"2018-01-14","vatID":"FR71834470973","taxID":"83447097300043","numberOfEmployees":{"@type":"QuantitativeValue","minValue":"1","maxValue":"10"}},{"@type":"Person","@id":"https:\/\/dicodusport.fr\/blog\/#\/schema\/person\/55dcb50ad410894e431ed812bbb70191","name":"Nicolas Jacquemard","image":{"@type":"ImageObject","inLanguage":"fr-FR","@id":"https:\/\/dicodusport.fr\/blog\/#\/schema\/person\/image\/","url":"https:\/\/dicodusport.fr\/blog\/wp-content\/uploads\/2021\/05\/Nicolas-Jacquemard-150x150.jpeg","contentUrl":"https:\/\/dicodusport.fr\/blog\/wp-content\/uploads\/2021\/05\/Nicolas-Jacquemard-150x150.jpeg","caption":"Nicolas Jacquemard"},"description":"Passionn\u00e9 de sport et entrepreneur depuis mes 18 ans, la cr\u00e9ation de Dicodusport m'a sembl\u00e9 \u00e9vidente pour participer \u00e0 la m\u00e9diatisation d'un plus grand nombre de sports. Le chemin est long mais avec une \u00e9quipe des plus motiv\u00e9es et les Jeux Olympiques de Paris 2024 en point de mire, nous y arriverons ! Journaliste dans le monde du sport depuis plus de 5 ans, je traite aussi bien de football, de rugby, de biathlon que de cyclisme.","sameAs":["https:\/\/www.facebook.com\/dicodusport","https:\/\/x.com\/https:\/\/twitter.com\/Nico_Jacquemard"],"url":"https:\/\/dicodusport.fr\/blog\/author\/dicodusport\/"}]}},"_links":{"self":[{"href":"https:\/\/dicodusport.fr\/blog\/wp-json\/wp\/v2\/posts\/369534","targetHints":{"allow":["GET"]}}],"collection":[{"href":"https:\/\/dicodusport.fr\/blog\/wp-json\/wp\/v2\/posts"}],"about":[{"href":"https:\/\/dicodusport.fr\/blog\/wp-json\/wp\/v2\/types\/post"}],"author":[{"embeddable":true,"href":"https:\/\/dicodusport.fr\/blog\/wp-json\/wp\/v2\/users\/1"}],"replies":[{"embeddable":true,"href":"https:\/\/dicodusport.fr\/blog\/wp-json\/wp\/v2\/comments?post=369534"}],"version-history":[{"count":0,"href":"https:\/\/dicodusport.fr\/blog\/wp-json\/wp\/v2\/posts\/369534\/revisions"}],"wp:featuredmedia":[{"embeddable":true,"href":"https:\/\/dicodusport.fr\/blog\/wp-json\/wp\/v2\/media\/359351"}],"wp:attachment":[{"href":"https:\/\/dicodusport.fr\/blog\/wp-json\/wp\/v2\/media?parent=369534"}],"wp:term":[{"taxonomy":"category","embeddable":true,"href":"https:\/\/dicodusport.fr\/blog\/wp-json\/wp\/v2\/categories?post=369534"},{"taxonomy":"post_tag","embeddable":true,"href":"https:\/\/dicodusport.fr\/blog\/wp-json\/wp\/v2\/tags?post=369534"}],"curies":[{"name":"wp","href":"https:\/\/api.w.org\/{rel}","templated":true}]}}