{"id":369614,"date":"2023-03-27T10:03:36","date_gmt":"2023-03-27T08:03:36","guid":{"rendered":"https:\/\/dicodusport.fr\/blog\/?p=369614&#038;preview=true&#038;preview_id=369614"},"modified":"2023-03-27T10:07:13","modified_gmt":"2023-03-27T08:07:13","slug":"motogp-2023-marc-marquez-forfait-pour-le-grand-prix-dargentine","status":"publish","type":"post","link":"https:\/\/dicodusport.fr\/blog\/motogp-2023-marc-marquez-forfait-pour-le-grand-prix-dargentine\/","title":{"rendered":"MotoGP 2023 : Marc Marquez forfait pour le Grand Prix d&rsquo;Argentine"},"content":{"rendered":"<p style=\"text-align: justify;\"><em><strong>MOTOGP 2023<\/strong><\/em> <em><strong>&#8211; Op\u00e9r\u00e9 de la main droite suite \u00e0 sa chute lors du Grand Prix du Portugal dimanche, Marc Marquez (Honda) ne disputera pas le GP d&rsquo;Argentine, pr\u00e9vu dimanche prochain (2 avril).<\/strong><\/em><\/p>\n<p style=\"text-align: justify;\">Ce lundi matin, Honda a annonc\u00e9 le forfait de <strong>Marc Marquez<\/strong> pour le <strong>Grand Prix d&rsquo;Argentine<\/strong>, qui se tiendra ce dimanche 2 avril. Le pilote espagnol, sextuple champion du monde dans la cat\u00e9gorie reine, s&rsquo;est fait op\u00e9rer de la main droite, suite \u00e0 sa chute survenue ce dimanche, \u00e0 l&rsquo;occasion du <a href=\"https:\/\/dicodusport.fr\/blog\/motogp-classement-grand-prix-du-portugal-2023\/\"><strong>Grand Prix du Portugal<\/strong><\/a>, premi\u00e8re manche du championnat du monde MotoGP. Une chute, mais surtout, une erreur de la part de Marquez, qui a \u00e9galement envoy\u00e9 <strong>Miguel Oliveira<\/strong> (Aprilia RNF MotoGP Team) \u00e0 terre.<\/p>\n<p style=\"text-align: justify;\">Dans son communiqu\u00e9, le constructeur japonais n&rsquo;en a pas dit plus sur la date d&rsquo;un possible retour de l&rsquo;Espagnol. <i>\u00ab De retour en Espagne pour des examens compl\u00e9mentaires, Marc Marquez a subi une fracture intra-articulaire d\u00e9plac\u00e9e de la base du premier m\u00e9tacarpien du pouce de la main droite<\/i>.<i> Il a \u00e9t\u00e9 op\u00e9r\u00e9. [&#8230;] L&rsquo;op\u00e9ration a consist\u00e9 en une r\u00e9duction ferm\u00e9e de la fracture et une fixation interne de celle-ci avec deux vis et s&rsquo;est d\u00e9roul\u00e9e sans incident. \u00bb<\/i>, indique Honda dans des propos traduits pour nos confr\u00e8res de <em>L&rsquo;\u00c9quipe<\/em>.<\/p>\n<blockquote class=\"twitter-tweet\">\n<p dir=\"ltr\" lang=\"en\">After successful surgery to repair the broken first metacarpal in his right hand, Marc Marquez will miss the second round of the 2023 MotoGP World Championship.<\/p>\n<p>\ud83d\udcc4 <a href=\"https:\/\/t.co\/BbFSbVvFIJ\">https:\/\/t.co\/BbFSbVvFIJ<\/a> <a href=\"https:\/\/t.co\/8DWwJcjdC5\">pic.twitter.com\/8DWwJcjdC5<\/a><\/p>\n<p>\u2014 Repsol Honda Team (@HRC_MotoGP) <a href=\"https:\/\/twitter.com\/HRC_MotoGP\/status\/1640247536534339586?ref_src=twsrc%5Etfw\">March 27, 2023<\/a><\/p><\/blockquote>\n<p><script async src=\"https:\/\/platform.twitter.com\/widgets.js\" charset=\"utf-8\"><\/script><\/p>\n<h2 style=\"text-align: justify;\">\u00c0 lire aussi<\/h2>\n<ul>\n<li style=\"text-align: justify;\"><a href=\"https:\/\/dicodusport.fr\/blog\/motogp-2023-calendrier-et-resultats\/\"><strong>MotoGP 2023 \u2013 Calendrier et r\u00e9sultats<\/strong><\/a><\/li>\n<li style=\"text-align: justify;\"><a href=\"https:\/\/dicodusport.fr\/blog\/motogp-2023-classement-du-championnat-du-monde-des-pilotes\/\"><strong>MotoGP 2023 \u2013 Le classement du championnat du monde des pilotes<\/strong><\/a><\/li>\n<\/ul>\n","protected":false},"excerpt":{"rendered":"<p>MOTOGP 2023 &#8211; Op\u00e9r\u00e9 de la main droite suite \u00e0 sa chute lors du Grand Prix du Portugal dimanche, Marc Marquez (Honda) ne disputera pas le GP d&rsquo;Argentine, pr\u00e9vu dimanche prochain (2 avril).<\/p>\n","protected":false},"author":4,"featured_media":369616,"comment_status":"open","ping_status":"closed","sticky":false,"template":"","format":"standard","meta":{"_acf_changed":false,"_daextam_enable_autolinks":"","footnotes":""},"categories":[47087],"tags":[16878,4775,10938,15983],"class_list":["post-369614","post","type-post","status-publish","format-standard","has-post-thumbnail","hentry","category-motogp","tag-breve","tag-marc-marquez","tag-motogp","tag-motogp-portugal"],"acf":[],"yoast_head":"<!-- This site is optimized with the Yoast SEO Premium plugin v26.7 (Yoast SEO v26.7) - https:\/\/yoast.com\/wordpress\/plugins\/seo\/ -->\n<title>MotoGP 2023 : Marc Marquez forfait pour le Grand Prix d&#039;Argentine<\/title>\n<meta name=\"description\" content=\"MOTOGP 2023 - Op\u00e9r\u00e9 de la main droite, Marc Marquez (Honda) ne disputera pas le GP d&#039;Argentine, pr\u00e9vu dimanche prochain (2 avril).\" \/>\n<meta name=\"robots\" content=\"index, follow, max-snippet:-1, max-image-preview:large, max-video-preview:-1\" \/>\n<link rel=\"canonical\" href=\"https:\/\/dicodusport.fr\/blog\/motogp-2023-marc-marquez-forfait-pour-le-grand-prix-dargentine\/\" \/>\n<meta property=\"og:locale\" content=\"fr_FR\" \/>\n<meta property=\"og:type\" content=\"article\" \/>\n<meta property=\"og:title\" content=\"MotoGP 2023 : Marc Marquez forfait pour le Grand Prix d&#039;Argentine\" \/>\n<meta property=\"og:description\" content=\"MOTOGP 2023 - Op\u00e9r\u00e9 de la main droite, Marc Marquez (Honda) ne disputera pas le GP d&#039;Argentine, pr\u00e9vu dimanche prochain (2 avril).\" \/>\n<meta property=\"og:url\" content=\"https:\/\/dicodusport.fr\/blog\/motogp-2023-marc-marquez-forfait-pour-le-grand-prix-dargentine\/\" \/>\n<meta property=\"og:site_name\" content=\"Dicodusport\" \/>\n<meta property=\"article:publisher\" content=\"https:\/\/www.facebook.com\/dicodusport\" \/>\n<meta property=\"article:author\" content=\"https:\/\/www.facebook.com\/florent.ostermann\" \/>\n<meta property=\"article:published_time\" content=\"2023-03-27T08:03:36+00:00\" \/>\n<meta property=\"article:modified_time\" content=\"2023-03-27T08:07:13+00:00\" \/>\n<meta property=\"og:image\" content=\"https:\/\/dicodusport.fr\/blog\/wp-content\/uploads\/2023\/03\/MotoGP-2023-Marc-Marquez-forfait-pour-le-Grand-Prix-dArgentine.png\" \/>\n\t<meta property=\"og:image:width\" content=\"800\" \/>\n\t<meta property=\"og:image:height\" content=\"445\" \/>\n\t<meta property=\"og:image:type\" content=\"image\/png\" \/>\n<meta name=\"author\" content=\"Flo Ostermann\" \/>\n<meta name=\"twitter:card\" content=\"summary_large_image\" \/>\n<meta name=\"twitter:title\" content=\"MotoGP 2023 : Marc Marquez forfait pour le Grand Prix d&#039;Argentine\" \/>\n<meta name=\"twitter:creator\" content=\"@https:\/\/twitter.com\/FlOstermann\" \/>\n<meta name=\"twitter:site\" content=\"@dicodusport\" \/>\n<script type=\"application\/ld+json\" class=\"yoast-schema-graph\">{\"@context\":\"https:\/\/schema.org\",\"@graph\":[{\"@type\":\"NewsArticle\",\"@id\":\"https:\/\/dicodusport.fr\/blog\/motogp-2023-marc-marquez-forfait-pour-le-grand-prix-dargentine\/#article\",\"isPartOf\":{\"@id\":\"https:\/\/dicodusport.fr\/blog\/motogp-2023-marc-marquez-forfait-pour-le-grand-prix-dargentine\/\"},\"author\":{\"name\":\"Flo Ostermann\",\"@id\":\"https:\/\/dicodusport.fr\/blog\/#\/schema\/person\/cb02af4c173ce4a653b55e9baf388d4a\"},\"headline\":\"MotoGP 2023 : Marc Marquez forfait pour le Grand Prix d&rsquo;Argentine\",\"datePublished\":\"2023-03-27T08:03:36+00:00\",\"dateModified\":\"2023-03-27T08:07:13+00:00\",\"mainEntityOfPage\":{\"@id\":\"https:\/\/dicodusport.fr\/blog\/motogp-2023-marc-marquez-forfait-pour-le-grand-prix-dargentine\/\"},\"wordCount\":288,\"commentCount\":0,\"publisher\":{\"@id\":\"https:\/\/dicodusport.fr\/blog\/#organization\"},\"image\":{\"@id\":\"https:\/\/dicodusport.fr\/blog\/motogp-2023-marc-marquez-forfait-pour-le-grand-prix-dargentine\/#primaryimage\"},\"thumbnailUrl\":\"https:\/\/dicodusport.fr\/blog\/wp-content\/uploads\/2023\/03\/MotoGP-2023-Marc-Marquez-forfait-pour-le-Grand-Prix-dArgentine.png\",\"keywords\":[\"br\u00e8ve\",\"Marc Marquez\",\"MotoGP\",\"MotoGP Portugal\"],\"articleSection\":[\"MotoGP\"],\"inLanguage\":\"fr-FR\",\"potentialAction\":[{\"@type\":\"CommentAction\",\"name\":\"Comment\",\"target\":[\"https:\/\/dicodusport.fr\/blog\/motogp-2023-marc-marquez-forfait-pour-le-grand-prix-dargentine\/#respond\"]}],\"copyrightYear\":\"2023\",\"copyrightHolder\":{\"@id\":\"https:\/\/dicodusport.fr\/blog\/#organization\"}},{\"@type\":\"WebPage\",\"@id\":\"https:\/\/dicodusport.fr\/blog\/motogp-2023-marc-marquez-forfait-pour-le-grand-prix-dargentine\/\",\"url\":\"https:\/\/dicodusport.fr\/blog\/motogp-2023-marc-marquez-forfait-pour-le-grand-prix-dargentine\/\",\"name\":\"MotoGP 2023 : Marc Marquez forfait pour le Grand Prix d'Argentine\",\"isPartOf\":{\"@id\":\"https:\/\/dicodusport.fr\/blog\/#website\"},\"primaryImageOfPage\":{\"@id\":\"https:\/\/dicodusport.fr\/blog\/motogp-2023-marc-marquez-forfait-pour-le-grand-prix-dargentine\/#primaryimage\"},\"image\":{\"@id\":\"https:\/\/dicodusport.fr\/blog\/motogp-2023-marc-marquez-forfait-pour-le-grand-prix-dargentine\/#primaryimage\"},\"thumbnailUrl\":\"https:\/\/dicodusport.fr\/blog\/wp-content\/uploads\/2023\/03\/MotoGP-2023-Marc-Marquez-forfait-pour-le-Grand-Prix-dArgentine.png\",\"datePublished\":\"2023-03-27T08:03:36+00:00\",\"dateModified\":\"2023-03-27T08:07:13+00:00\",\"description\":\"MOTOGP 2023 - Op\u00e9r\u00e9 de la main droite, Marc Marquez (Honda) ne disputera pas le GP d'Argentine, pr\u00e9vu dimanche prochain (2 avril).\",\"breadcrumb\":{\"@id\":\"https:\/\/dicodusport.fr\/blog\/motogp-2023-marc-marquez-forfait-pour-le-grand-prix-dargentine\/#breadcrumb\"},\"inLanguage\":\"fr-FR\",\"potentialAction\":[{\"@type\":\"ReadAction\",\"target\":[\"https:\/\/dicodusport.fr\/blog\/motogp-2023-marc-marquez-forfait-pour-le-grand-prix-dargentine\/\"]}]},{\"@type\":\"ImageObject\",\"inLanguage\":\"fr-FR\",\"@id\":\"https:\/\/dicodusport.fr\/blog\/motogp-2023-marc-marquez-forfait-pour-le-grand-prix-dargentine\/#primaryimage\",\"url\":\"https:\/\/dicodusport.fr\/blog\/wp-content\/uploads\/2023\/03\/MotoGP-2023-Marc-Marquez-forfait-pour-le-Grand-Prix-dArgentine.png\",\"contentUrl\":\"https:\/\/dicodusport.fr\/blog\/wp-content\/uploads\/2023\/03\/MotoGP-2023-Marc-Marquez-forfait-pour-le-Grand-Prix-dArgentine.png\",\"width\":800,\"height\":445,\"caption\":\"MotoGP 2023 Marc Marquez forfait pour le Grand Prix d'Argentine\"},{\"@type\":\"BreadcrumbList\",\"@id\":\"https:\/\/dicodusport.fr\/blog\/motogp-2023-marc-marquez-forfait-pour-le-grand-prix-dargentine\/#breadcrumb\",\"itemListElement\":[{\"@type\":\"ListItem\",\"position\":1,\"name\":\"Accueil\",\"item\":\"https:\/\/dicodusport.fr\/blog\/\"},{\"@type\":\"ListItem\",\"position\":2,\"name\":\"MotoGP 2023 : Marc Marquez forfait pour le Grand Prix d&rsquo;Argentine\"}]},{\"@type\":\"WebSite\",\"@id\":\"https:\/\/dicodusport.fr\/blog\/#website\",\"url\":\"https:\/\/dicodusport.fr\/blog\/\",\"name\":\"Dicodusport\",\"description\":\"L&#039;encyclop\u00e9die de l&#039;actualit\u00e9 sportive\",\"publisher\":{\"@id\":\"https:\/\/dicodusport.fr\/blog\/#organization\"},\"potentialAction\":[{\"@type\":\"SearchAction\",\"target\":{\"@type\":\"EntryPoint\",\"urlTemplate\":\"https:\/\/dicodusport.fr\/blog\/?s={search_term_string}\"},\"query-input\":{\"@type\":\"PropertyValueSpecification\",\"valueRequired\":true,\"valueName\":\"search_term_string\"}}],\"inLanguage\":\"fr-FR\"},{\"@type\":\"NewsMediaOrganization\",\"@id\":\"https:\/\/dicodusport.fr\/blog\/#organization\",\"name\":\"Dicodusport\",\"url\":\"https:\/\/dicodusport.fr\/blog\/\",\"logo\":{\"@type\":\"ImageObject\",\"inLanguage\":\"fr-FR\",\"@id\":\"https:\/\/dicodusport.fr\/blog\/#\/schema\/logo\/image\/\",\"url\":\"https:\/\/dicodusport.fr\/blog\/wp-content\/uploads\/2020\/06\/cropped-LOGO-DICODUSPORT-2020-SANS-FOND-SANS-TEXTE.png\",\"contentUrl\":\"https:\/\/dicodusport.fr\/blog\/wp-content\/uploads\/2020\/06\/cropped-LOGO-DICODUSPORT-2020-SANS-FOND-SANS-TEXTE.png\",\"width\":512,\"height\":512,\"caption\":\"Dicodusport\"},\"image\":{\"@id\":\"https:\/\/dicodusport.fr\/blog\/#\/schema\/logo\/image\/\"},\"sameAs\":[\"https:\/\/www.facebook.com\/dicodusport\",\"https:\/\/x.com\/dicodusport\",\"https:\/\/www.instagram.com\/dicodusport\/\",\"https:\/\/www.youtube.com\/channel\/UC7V2KZ5sd3htJivAbA4ZG3w\"],\"description\":\"Dicodusport est l'encyclop\u00e9die de l'actualit\u00e9 sportive.\",\"email\":\"bonjour@dicodusport.fr\",\"legalName\":\"DICODUSPORT\",\"foundingDate\":\"2018-01-14\",\"vatID\":\"FR71834470973\",\"taxID\":\"83447097300043\",\"numberOfEmployees\":{\"@type\":\"QuantitativeValue\",\"minValue\":\"1\",\"maxValue\":\"10\"}},{\"@type\":\"Person\",\"@id\":\"https:\/\/dicodusport.fr\/blog\/#\/schema\/person\/cb02af4c173ce4a653b55e9baf388d4a\",\"name\":\"Flo Ostermann\",\"image\":{\"@type\":\"ImageObject\",\"inLanguage\":\"fr-FR\",\"@id\":\"https:\/\/dicodusport.fr\/blog\/#\/schema\/person\/image\/\",\"url\":\"https:\/\/dicodusport.fr\/blog\/wp-content\/uploads\/2021\/05\/Flo-Ostermann-150x150.jpg\",\"contentUrl\":\"https:\/\/dicodusport.fr\/blog\/wp-content\/uploads\/2021\/05\/Flo-Ostermann-150x150.jpg\",\"caption\":\"Flo Ostermann\"},\"description\":\"Journaliste\/R\u00e9dacteur depuis septembre 2015 - Mes premiers souvenirs dans le sport ? Les envol\u00e9es du Stade Toulousain et les duels Villeneuve-Schumacher et H\u00e4kkinen-Schumacher \u00e0 la fin des ann\u00e9es 90, la Coupe du monde de football en 1998, l\u2019exploit du XV de France face aux All Blacks en 1999, mais aussi Richard C\u0153ur de Lion qui vole sur les montagnes du Tour de France. Bien parti pour devenir professeur d\u2019EPS, les \u00e9v\u00e9nements de la vie (et la flemme d\u2019animer des s\u00e9ances de 3x500 m\u00e8tres toute ma vie) m\u2019ont conduit \u00e0 revoir mes plans. Me voil\u00e0 depuis fin 2017 sur Dicodusport, m\u00e9dia gr\u00e2ce (et pour) lequel je partage ma passion : le sport dans tous ses \u00e9tats. Le tout accompagn\u00e9 par les fous furieux et folles furieuses cit\u00e9s sur cette page !\",\"sameAs\":[\"https:\/\/www.facebook.com\/florent.ostermann\",\"https:\/\/x.com\/https:\/\/twitter.com\/FlOstermann\",\"admin\"],\"url\":\"https:\/\/dicodusport.fr\/blog\/author\/flo\/\"}]}<\/script>\n<!-- \/ Yoast SEO Premium plugin. -->","yoast_head_json":{"title":"MotoGP 2023 : Marc Marquez forfait pour le Grand Prix d'Argentine","description":"MOTOGP 2023 - Op\u00e9r\u00e9 de la main droite, Marc Marquez (Honda) ne disputera pas le GP d'Argentine, pr\u00e9vu dimanche prochain (2 avril).","robots":{"index":"index","follow":"follow","max-snippet":"max-snippet:-1","max-image-preview":"max-image-preview:large","max-video-preview":"max-video-preview:-1"},"canonical":"https:\/\/dicodusport.fr\/blog\/motogp-2023-marc-marquez-forfait-pour-le-grand-prix-dargentine\/","og_locale":"fr_FR","og_type":"article","og_title":"MotoGP 2023 : Marc Marquez forfait pour le Grand Prix d'Argentine","og_description":"MOTOGP 2023 - Op\u00e9r\u00e9 de la main droite, Marc Marquez (Honda) ne disputera pas le GP d'Argentine, pr\u00e9vu dimanche prochain (2 avril).","og_url":"https:\/\/dicodusport.fr\/blog\/motogp-2023-marc-marquez-forfait-pour-le-grand-prix-dargentine\/","og_site_name":"Dicodusport","article_publisher":"https:\/\/www.facebook.com\/dicodusport","article_author":"https:\/\/www.facebook.com\/florent.ostermann","article_published_time":"2023-03-27T08:03:36+00:00","article_modified_time":"2023-03-27T08:07:13+00:00","og_image":[{"width":800,"height":445,"url":"https:\/\/dicodusport.fr\/blog\/wp-content\/uploads\/2023\/03\/MotoGP-2023-Marc-Marquez-forfait-pour-le-Grand-Prix-dArgentine.png","type":"image\/png"}],"author":"Flo Ostermann","twitter_card":"summary_large_image","twitter_title":"MotoGP 2023 : Marc Marquez forfait pour le Grand Prix d'Argentine","twitter_creator":"@https:\/\/twitter.com\/FlOstermann","twitter_site":"@dicodusport","schema":{"@context":"https:\/\/schema.org","@graph":[{"@type":"NewsArticle","@id":"https:\/\/dicodusport.fr\/blog\/motogp-2023-marc-marquez-forfait-pour-le-grand-prix-dargentine\/#article","isPartOf":{"@id":"https:\/\/dicodusport.fr\/blog\/motogp-2023-marc-marquez-forfait-pour-le-grand-prix-dargentine\/"},"author":{"name":"Flo Ostermann","@id":"https:\/\/dicodusport.fr\/blog\/#\/schema\/person\/cb02af4c173ce4a653b55e9baf388d4a"},"headline":"MotoGP 2023 : Marc Marquez forfait pour le Grand Prix d&rsquo;Argentine","datePublished":"2023-03-27T08:03:36+00:00","dateModified":"2023-03-27T08:07:13+00:00","mainEntityOfPage":{"@id":"https:\/\/dicodusport.fr\/blog\/motogp-2023-marc-marquez-forfait-pour-le-grand-prix-dargentine\/"},"wordCount":288,"commentCount":0,"publisher":{"@id":"https:\/\/dicodusport.fr\/blog\/#organization"},"image":{"@id":"https:\/\/dicodusport.fr\/blog\/motogp-2023-marc-marquez-forfait-pour-le-grand-prix-dargentine\/#primaryimage"},"thumbnailUrl":"https:\/\/dicodusport.fr\/blog\/wp-content\/uploads\/2023\/03\/MotoGP-2023-Marc-Marquez-forfait-pour-le-Grand-Prix-dArgentine.png","keywords":["br\u00e8ve","Marc Marquez","MotoGP","MotoGP Portugal"],"articleSection":["MotoGP"],"inLanguage":"fr-FR","potentialAction":[{"@type":"CommentAction","name":"Comment","target":["https:\/\/dicodusport.fr\/blog\/motogp-2023-marc-marquez-forfait-pour-le-grand-prix-dargentine\/#respond"]}],"copyrightYear":"2023","copyrightHolder":{"@id":"https:\/\/dicodusport.fr\/blog\/#organization"}},{"@type":"WebPage","@id":"https:\/\/dicodusport.fr\/blog\/motogp-2023-marc-marquez-forfait-pour-le-grand-prix-dargentine\/","url":"https:\/\/dicodusport.fr\/blog\/motogp-2023-marc-marquez-forfait-pour-le-grand-prix-dargentine\/","name":"MotoGP 2023 : Marc Marquez forfait pour le Grand Prix d'Argentine","isPartOf":{"@id":"https:\/\/dicodusport.fr\/blog\/#website"},"primaryImageOfPage":{"@id":"https:\/\/dicodusport.fr\/blog\/motogp-2023-marc-marquez-forfait-pour-le-grand-prix-dargentine\/#primaryimage"},"image":{"@id":"https:\/\/dicodusport.fr\/blog\/motogp-2023-marc-marquez-forfait-pour-le-grand-prix-dargentine\/#primaryimage"},"thumbnailUrl":"https:\/\/dicodusport.fr\/blog\/wp-content\/uploads\/2023\/03\/MotoGP-2023-Marc-Marquez-forfait-pour-le-Grand-Prix-dArgentine.png","datePublished":"2023-03-27T08:03:36+00:00","dateModified":"2023-03-27T08:07:13+00:00","description":"MOTOGP 2023 - Op\u00e9r\u00e9 de la main droite, Marc Marquez (Honda) ne disputera pas le GP d'Argentine, pr\u00e9vu dimanche prochain (2 avril).","breadcrumb":{"@id":"https:\/\/dicodusport.fr\/blog\/motogp-2023-marc-marquez-forfait-pour-le-grand-prix-dargentine\/#breadcrumb"},"inLanguage":"fr-FR","potentialAction":[{"@type":"ReadAction","target":["https:\/\/dicodusport.fr\/blog\/motogp-2023-marc-marquez-forfait-pour-le-grand-prix-dargentine\/"]}]},{"@type":"ImageObject","inLanguage":"fr-FR","@id":"https:\/\/dicodusport.fr\/blog\/motogp-2023-marc-marquez-forfait-pour-le-grand-prix-dargentine\/#primaryimage","url":"https:\/\/dicodusport.fr\/blog\/wp-content\/uploads\/2023\/03\/MotoGP-2023-Marc-Marquez-forfait-pour-le-Grand-Prix-dArgentine.png","contentUrl":"https:\/\/dicodusport.fr\/blog\/wp-content\/uploads\/2023\/03\/MotoGP-2023-Marc-Marquez-forfait-pour-le-Grand-Prix-dArgentine.png","width":800,"height":445,"caption":"MotoGP 2023 Marc Marquez forfait pour le Grand Prix d'Argentine"},{"@type":"BreadcrumbList","@id":"https:\/\/dicodusport.fr\/blog\/motogp-2023-marc-marquez-forfait-pour-le-grand-prix-dargentine\/#breadcrumb","itemListElement":[{"@type":"ListItem","position":1,"name":"Accueil","item":"https:\/\/dicodusport.fr\/blog\/"},{"@type":"ListItem","position":2,"name":"MotoGP 2023 : Marc Marquez forfait pour le Grand Prix d&rsquo;Argentine"}]},{"@type":"WebSite","@id":"https:\/\/dicodusport.fr\/blog\/#website","url":"https:\/\/dicodusport.fr\/blog\/","name":"Dicodusport","description":"L&#039;encyclop\u00e9die de l&#039;actualit\u00e9 sportive","publisher":{"@id":"https:\/\/dicodusport.fr\/blog\/#organization"},"potentialAction":[{"@type":"SearchAction","target":{"@type":"EntryPoint","urlTemplate":"https:\/\/dicodusport.fr\/blog\/?s={search_term_string}"},"query-input":{"@type":"PropertyValueSpecification","valueRequired":true,"valueName":"search_term_string"}}],"inLanguage":"fr-FR"},{"@type":"NewsMediaOrganization","@id":"https:\/\/dicodusport.fr\/blog\/#organization","name":"Dicodusport","url":"https:\/\/dicodusport.fr\/blog\/","logo":{"@type":"ImageObject","inLanguage":"fr-FR","@id":"https:\/\/dicodusport.fr\/blog\/#\/schema\/logo\/image\/","url":"https:\/\/dicodusport.fr\/blog\/wp-content\/uploads\/2020\/06\/cropped-LOGO-DICODUSPORT-2020-SANS-FOND-SANS-TEXTE.png","contentUrl":"https:\/\/dicodusport.fr\/blog\/wp-content\/uploads\/2020\/06\/cropped-LOGO-DICODUSPORT-2020-SANS-FOND-SANS-TEXTE.png","width":512,"height":512,"caption":"Dicodusport"},"image":{"@id":"https:\/\/dicodusport.fr\/blog\/#\/schema\/logo\/image\/"},"sameAs":["https:\/\/www.facebook.com\/dicodusport","https:\/\/x.com\/dicodusport","https:\/\/www.instagram.com\/dicodusport\/","https:\/\/www.youtube.com\/channel\/UC7V2KZ5sd3htJivAbA4ZG3w"],"description":"Dicodusport est l'encyclop\u00e9die de l'actualit\u00e9 sportive.","email":"bonjour@dicodusport.fr","legalName":"DICODUSPORT","foundingDate":"2018-01-14","vatID":"FR71834470973","taxID":"83447097300043","numberOfEmployees":{"@type":"QuantitativeValue","minValue":"1","maxValue":"10"}},{"@type":"Person","@id":"https:\/\/dicodusport.fr\/blog\/#\/schema\/person\/cb02af4c173ce4a653b55e9baf388d4a","name":"Flo Ostermann","image":{"@type":"ImageObject","inLanguage":"fr-FR","@id":"https:\/\/dicodusport.fr\/blog\/#\/schema\/person\/image\/","url":"https:\/\/dicodusport.fr\/blog\/wp-content\/uploads\/2021\/05\/Flo-Ostermann-150x150.jpg","contentUrl":"https:\/\/dicodusport.fr\/blog\/wp-content\/uploads\/2021\/05\/Flo-Ostermann-150x150.jpg","caption":"Flo Ostermann"},"description":"Journaliste\/R\u00e9dacteur depuis septembre 2015 - Mes premiers souvenirs dans le sport ? Les envol\u00e9es du Stade Toulousain et les duels Villeneuve-Schumacher et H\u00e4kkinen-Schumacher \u00e0 la fin des ann\u00e9es 90, la Coupe du monde de football en 1998, l\u2019exploit du XV de France face aux All Blacks en 1999, mais aussi Richard C\u0153ur de Lion qui vole sur les montagnes du Tour de France. Bien parti pour devenir professeur d\u2019EPS, les \u00e9v\u00e9nements de la vie (et la flemme d\u2019animer des s\u00e9ances de 3x500 m\u00e8tres toute ma vie) m\u2019ont conduit \u00e0 revoir mes plans. Me voil\u00e0 depuis fin 2017 sur Dicodusport, m\u00e9dia gr\u00e2ce (et pour) lequel je partage ma passion : le sport dans tous ses \u00e9tats. Le tout accompagn\u00e9 par les fous furieux et folles furieuses cit\u00e9s sur cette page !","sameAs":["https:\/\/www.facebook.com\/florent.ostermann","https:\/\/x.com\/https:\/\/twitter.com\/FlOstermann","admin"],"url":"https:\/\/dicodusport.fr\/blog\/author\/flo\/"}]}},"_links":{"self":[{"href":"https:\/\/dicodusport.fr\/blog\/wp-json\/wp\/v2\/posts\/369614","targetHints":{"allow":["GET"]}}],"collection":[{"href":"https:\/\/dicodusport.fr\/blog\/wp-json\/wp\/v2\/posts"}],"about":[{"href":"https:\/\/dicodusport.fr\/blog\/wp-json\/wp\/v2\/types\/post"}],"author":[{"embeddable":true,"href":"https:\/\/dicodusport.fr\/blog\/wp-json\/wp\/v2\/users\/4"}],"replies":[{"embeddable":true,"href":"https:\/\/dicodusport.fr\/blog\/wp-json\/wp\/v2\/comments?post=369614"}],"version-history":[{"count":0,"href":"https:\/\/dicodusport.fr\/blog\/wp-json\/wp\/v2\/posts\/369614\/revisions"}],"wp:featuredmedia":[{"embeddable":true,"href":"https:\/\/dicodusport.fr\/blog\/wp-json\/wp\/v2\/media\/369616"}],"wp:attachment":[{"href":"https:\/\/dicodusport.fr\/blog\/wp-json\/wp\/v2\/media?parent=369614"}],"wp:term":[{"taxonomy":"category","embeddable":true,"href":"https:\/\/dicodusport.fr\/blog\/wp-json\/wp\/v2\/categories?post=369614"},{"taxonomy":"post_tag","embeddable":true,"href":"https:\/\/dicodusport.fr\/blog\/wp-json\/wp\/v2\/tags?post=369614"}],"curies":[{"name":"wp","href":"https:\/\/api.w.org\/{rel}","templated":true}]}}