{"id":369675,"date":"2023-03-27T15:02:21","date_gmt":"2023-03-27T13:02:21","guid":{"rendered":"https:\/\/dicodusport.fr\/blog\/?p=369675&#038;preview=true&#038;preview_id=369675"},"modified":"2023-03-27T15:39:37","modified_gmt":"2023-03-27T13:39:37","slug":"ecosse-stuart-hogg-mettra-un-terme-a-sa-carriere-internationale-apres-le-mondial-2023","status":"publish","type":"post","link":"https:\/\/dicodusport.fr\/blog\/ecosse-stuart-hogg-mettra-un-terme-a-sa-carriere-internationale-apres-le-mondial-2023\/","title":{"rendered":"\u00c9cosse : Stuart Hogg mettra un terme \u00e0 sa carri\u00e8re apr\u00e8s le Mondial 2023"},"content":{"rendered":"<p align=\"justify\"><em><strong>RUGBY \u00c0 XV &#8211; Sur ses r\u00e9seaux sociaux, l&rsquo;arri\u00e8re \u00e9cossais, Stuart Hogg (100 s\u00e9lections avec le Chardon), a annonc\u00e9 qu&rsquo;il mettrait un terme \u00e0 sa carri\u00e8re de rugbyman professionnel, \u00e0 l&rsquo;issue de la Coupe du monde 2023.<\/strong><\/em><\/p>\n<p align=\"justify\">C&rsquo;est un Monument du rugby \u00e9cossais qui va mettre un terme \u00e0 sa carri\u00e8re de rugbyman professionnel. Alors qu&rsquo;il f\u00eatera ses 31 ans en juin prochain, <strong>Stuart Hogg<\/strong> a annonc\u00e9 ce lundi que la Coupe du monde 2023 en France serait sa derni\u00e8re comp\u00e9tition avec le <strong>XV du Chardon<\/strong>. Avec la s\u00e9lection \u00e9cossaise, <strong>Hogg<\/strong> a ainsi atteint la barre des 100 s\u00e9lections \u00e0 l&rsquo;occasion du dernier <a href=\"https:\/\/dicodusport.fr\/blog\/actualites\/rugby\/rugby-a-xv\/tournoi-des-6-nations-2023\/\">Tournoi des 6 Nations<\/a>. Cette saison 2022-2023 sera \u00e9galement sa derni\u00e8re en club, avec les <strong>Chiefs d&rsquo;Exeter<\/strong>, qu&rsquo;il a rejoints en 2019, apr\u00e8s neuf premi\u00e8res saisons professionnelles du c\u00f4t\u00e9 des <strong>Glasgow Warriors<\/strong>.<\/p>\n<p align=\"justify\">L&rsquo;arri\u00e8re, supersonique \u00e0 ses d\u00e9buts, et toujours aussi dangereux ces derni\u00e8res ann\u00e9es, s&rsquo;est exprim\u00e9 sur ses r\u00e9seaux sociaux.<\/p>\n<h2 style=\"text-align: justify;\" align=\"justify\">Le communiqu\u00e9 de Stuart Hogg<\/h2>\n<blockquote>\n<p style=\"text-align: justify;\" align=\"justify\">Apr\u00e8s la Coupe du monde 2023, mon parcours de rugby professionnel prendra fin et je me retirerai du jeu.<\/p>\n<p style=\"text-align: justify;\">En tant que jeune enfant grandissant \u00e0 The Borders, tout cer ae que je voulais faire, c&rsquo;\u00e9tait jouu rugby pour l&rsquo;\u00c9cosse. Je me sens privil\u00e9gi\u00e9 d&rsquo;avoir repr\u00e9sent\u00e9 mon pays \u00e0 100 reprises, d&rsquo;avoir particip\u00e9 \u00e0 3 tourn\u00e9es des Lions Britanniques et Irlandais et de repr\u00e9senter des clubs incroyables. Je n&rsquo;aurais pas pu demander plus.<\/p>\n<p style=\"text-align: justify;\">J&rsquo;ai tellement de gens \u00e0 remercier et je vais me tourner vers vous tous. D&rsquo;abord et avant tout, ma femme Gill, mes parents, mon fr\u00e8re et mes enfants. Je suis tellement chanceux et fier d&rsquo;avoir une famille aussi aimante qui m&rsquo;a soutenu \u00e0 chaque \u00e9tape de ma carri\u00e8re.<\/p>\n<p style=\"text-align: justify;\">Le rugby m&rsquo;a permis de rencontrer des personnages incroyables, de me faire des amis pour la vie, de parcourir le monde et de vivre des exp\u00e9riences incroyables que je ch\u00e9rirai pour toujours.<\/p>\n<p style=\"text-align: justify;\">Sachant ce qui nous attend, j&rsquo;ai une r\u00e9elle soif de jouer le meilleur rugby de ma carri\u00e8re, le plus agr\u00e9able, en terminant la saison en force avec Exeter Chiefs avant d&rsquo;attaquer l&rsquo;opportunit\u00e9 que nous avons, en tant que nation, en France.<\/p>\n<p style=\"text-align: justify;\">Je ne pense pas que mon corps puisse atteindre les standards que je me suis fix\u00e9s plus longtemps et j&rsquo;ai toujours voulu finir au sommet du jeu. Apr\u00e8s la comp\u00e9tition, une nouvelle carri\u00e8re s&rsquo;annonce et je l&rsquo;attaquerai de la m\u00eame mani\u00e8re que je joue au rugby. J&rsquo;esp\u00e8re vous avoir rendu fier.<\/p>\n<\/blockquote>\n<p><span class=\"Jl3Iqbtad4iZCu0UGNSgrQ8DYP9ZAzexwBifFn7dOoM5LKwKFagEWVmvLnb3fhpUGtRyxTVW7Jj49HlMkTPrmHj1I\"><\/p>\n<blockquote class=\"instagram-media\" data-instgrm-captioned data-instgrm-permalink=\"https:\/\/www.instagram.com\/p\/CqStxKuDBF9\/?utm_source=ig_embed&amp;utm_campaign=loading\" data-instgrm-version=\"14\" style=\" background:#FFF; border:0; border-radius:3px; box-shadow:0 0 1px 0 rgba(0,0,0,0.5),0 1px 10px 0 rgba(0,0,0,0.15); margin: 1px; max-width:658px; min-width:326px; padding:0; width:99.375%; width:-webkit-calc(100% - 2px); width:calc(100% - 2px);\">\n<div style=\"padding:16px;\"> <a href=\"https:\/\/www.instagram.com\/p\/CqStxKuDBF9\/?utm_source=ig_embed&amp;utm_campaign=loading\" style=\" background:#FFFFFF; line-height:0; padding:0 0; text-align:center; text-decoration:none; width:100%;\" target=\"_blank\"> <\/p>\n<div style=\" display: flex; flex-direction: row; align-items: center;\">\n<div style=\"background-color: #F4F4F4; border-radius: 50%; flex-grow: 0; height: 40px; margin-right: 14px; width: 40px;\"><\/div>\n<div style=\"display: flex; flex-direction: column; flex-grow: 1; justify-content: center;\">\n<div style=\" background-color: #F4F4F4; border-radius: 4px; flex-grow: 0; height: 14px; margin-bottom: 6px; width: 100px;\"><\/div>\n<div style=\" background-color: #F4F4F4; border-radius: 4px; flex-grow: 0; height: 14px; width: 60px;\"><\/div>\n<\/div>\n<\/div>\n<div style=\"padding: 19% 0;\"><\/div>\n<div style=\"display:block; height:50px; margin:0 auto 12px; width:50px;\"><svg width=\"50px\" height=\"50px\" viewBox=\"0 0 60 60\" version=\"1.1\" xmlns=\"https:\/\/www.w3.org\/2000\/svg\" xmlns:xlink=\"https:\/\/www.w3.org\/1999\/xlink\"><g stroke=\"none\" stroke-width=\"1\" fill=\"none\" fill-rule=\"evenodd\"><g transform=\"translate(-511.000000, -20.000000)\" fill=\"#000000\"><g><path d=\"M556.869,30.41 C554.814,30.41 553.148,32.076 553.148,34.131 C553.148,36.186 554.814,37.852 556.869,37.852 C558.924,37.852 560.59,36.186 560.59,34.131 C560.59,32.076 558.924,30.41 556.869,30.41 M541,60.657 C535.114,60.657 530.342,55.887 530.342,50 C530.342,44.114 535.114,39.342 541,39.342 C546.887,39.342 551.658,44.114 551.658,50 C551.658,55.887 546.887,60.657 541,60.657 M541,33.886 C532.1,33.886 524.886,41.1 524.886,50 C524.886,58.899 532.1,66.113 541,66.113 C549.9,66.113 557.115,58.899 557.115,50 C557.115,41.1 549.9,33.886 541,33.886 M565.378,62.101 C565.244,65.022 564.756,66.606 564.346,67.663 C563.803,69.06 563.154,70.057 562.106,71.106 C561.058,72.155 560.06,72.803 558.662,73.347 C557.607,73.757 556.021,74.244 553.102,74.378 C549.944,74.521 548.997,74.552 541,74.552 C533.003,74.552 532.056,74.521 528.898,74.378 C525.979,74.244 524.393,73.757 523.338,73.347 C521.94,72.803 520.942,72.155 519.894,71.106 C518.846,70.057 518.197,69.06 517.654,67.663 C517.244,66.606 516.755,65.022 516.623,62.101 C516.479,58.943 516.448,57.996 516.448,50 C516.448,42.003 516.479,41.056 516.623,37.899 C516.755,34.978 517.244,33.391 517.654,32.338 C518.197,30.938 518.846,29.942 519.894,28.894 C520.942,27.846 521.94,27.196 523.338,26.654 C524.393,26.244 525.979,25.756 528.898,25.623 C532.057,25.479 533.004,25.448 541,25.448 C548.997,25.448 549.943,25.479 553.102,25.623 C556.021,25.756 557.607,26.244 558.662,26.654 C560.06,27.196 561.058,27.846 562.106,28.894 C563.154,29.942 563.803,30.938 564.346,32.338 C564.756,33.391 565.244,34.978 565.378,37.899 C565.522,41.056 565.552,42.003 565.552,50 C565.552,57.996 565.522,58.943 565.378,62.101 M570.82,37.631 C570.674,34.438 570.167,32.258 569.425,30.349 C568.659,28.377 567.633,26.702 565.965,25.035 C564.297,23.368 562.623,22.342 560.652,21.575 C558.743,20.834 556.562,20.326 553.369,20.18 C550.169,20.033 549.148,20 541,20 C532.853,20 531.831,20.033 528.631,20.18 C525.438,20.326 523.257,20.834 521.349,21.575 C519.376,22.342 517.703,23.368 516.035,25.035 C514.368,26.702 513.342,28.377 512.574,30.349 C511.834,32.258 511.326,34.438 511.181,37.631 C511.035,40.831 511,41.851 511,50 C511,58.147 511.035,59.17 511.181,62.369 C511.326,65.562 511.834,67.743 512.574,69.651 C513.342,71.625 514.368,73.296 516.035,74.965 C517.703,76.634 519.376,77.658 521.349,78.425 C523.257,79.167 525.438,79.673 528.631,79.82 C531.831,79.965 532.853,80.001 541,80.001 C549.148,80.001 550.169,79.965 553.369,79.82 C556.562,79.673 558.743,79.167 560.652,78.425 C562.623,77.658 564.297,76.634 565.965,74.965 C567.633,73.296 568.659,71.625 569.425,69.651 C570.167,67.743 570.674,65.562 570.82,62.369 C570.966,59.17 571,58.147 571,50 C571,41.851 570.966,40.831 570.82,37.631\"><\/path><\/g><\/g><\/g><\/svg><\/div>\n<div style=\"padding-top: 8px;\">\n<div style=\" color:#3897f0; font-family:Arial,sans-serif; font-size:14px; font-style:normal; font-weight:550; line-height:18px;\">View this post on Instagram<\/div>\n<\/div>\n<div style=\"padding: 12.5% 0;\"><\/div>\n<div style=\"display: flex; flex-direction: row; margin-bottom: 14px; align-items: center;\">\n<div>\n<div style=\"background-color: #F4F4F4; border-radius: 50%; height: 12.5px; width: 12.5px; transform: translateX(0px) translateY(7px);\"><\/div>\n<div style=\"background-color: #F4F4F4; height: 12.5px; transform: rotate(-45deg) translateX(3px) translateY(1px); width: 12.5px; flex-grow: 0; margin-right: 14px; margin-left: 2px;\"><\/div>\n<div style=\"background-color: #F4F4F4; border-radius: 50%; height: 12.5px; width: 12.5px; transform: translateX(9px) translateY(-18px);\"><\/div>\n<\/div>\n<div style=\"margin-left: 8px;\">\n<div style=\" background-color: #F4F4F4; border-radius: 50%; flex-grow: 0; height: 20px; width: 20px;\"><\/div>\n<div style=\" width: 0; height: 0; border-top: 2px solid transparent; border-left: 6px solid #f4f4f4; border-bottom: 2px solid transparent; transform: translateX(16px) translateY(-4px) rotate(30deg)\"><\/div>\n<\/div>\n<div style=\"margin-left: auto;\">\n<div style=\" width: 0px; border-top: 8px solid #F4F4F4; border-right: 8px solid transparent; transform: translateY(16px);\"><\/div>\n<div style=\" background-color: #F4F4F4; flex-grow: 0; height: 12px; width: 16px; transform: translateY(-4px);\"><\/div>\n<div style=\" width: 0; height: 0; border-top: 8px solid #F4F4F4; border-left: 8px solid transparent; transform: translateY(-4px) translateX(8px);\"><\/div>\n<\/div>\n<\/div>\n<div style=\"display: flex; flex-direction: column; flex-grow: 1; justify-content: center; margin-bottom: 24px;\">\n<div style=\" background-color: #F4F4F4; border-radius: 4px; flex-grow: 0; height: 14px; margin-bottom: 6px; width: 224px;\"><\/div>\n<div style=\" background-color: #F4F4F4; border-radius: 4px; flex-grow: 0; height: 14px; width: 144px;\"><\/div>\n<\/div>\n<p><\/a><\/p>\n<p style=\" color:#c9c8cd; font-family:Arial,sans-serif; font-size:14px; line-height:17px; margin-bottom:0; margin-top:8px; overflow:hidden; padding:8px 0 7px; text-align:center; text-overflow:ellipsis; white-space:nowrap;\"><a href=\"https:\/\/www.instagram.com\/p\/CqStxKuDBF9\/?utm_source=ig_embed&amp;utm_campaign=loading\" style=\" color:#c9c8cd; font-family:Arial,sans-serif; font-size:14px; font-style:normal; font-weight:normal; line-height:17px; text-decoration:none;\" target=\"_blank\">A post shared by Stuart W Hogg (@stuarthogg21)<\/a><\/p>\n<\/div>\n<\/blockquote>\n<p><script async src=\"\/\/platform.instagram.com\/en_US\/embeds.js\"><\/script><\/span><\/p>\n<h2 style=\"text-align: justify;\">La carri\u00e8re de Stuart Hogg en chiffres<\/h2>\n<h3 style=\"text-align: justify;\">En club<\/h3>\n<p style=\"text-align: justify;\"><strong>Glasgow Warriors (2010-2019) :<\/strong> 121 matchs (228 points)<br \/>\n<strong>Exeter Chiefs (2019-) :<\/strong> 67 matchs (99 points)<\/p>\n<p style=\"text-align: justify;\"><strong>Champion de la Ligue Celte<\/strong> avec Glasgow en 2015<br \/>\n<strong>Champion d&rsquo;Angleterre et d&rsquo;Europe<\/strong> avec Exeter en 2020<\/p>\n<h3>En s\u00e9lection \u00e9cossaise<\/h3>\n<p style=\"text-align: justify;\"><strong>100 s\u00e9lections (99 fois titulaire) :<\/strong> 171 points (27 essais, 5 p\u00e9nalit\u00e9s, 9 transformations, 1 drop)<br \/>\nCapitaine \u00e0 27 reprises<br \/>\n<strong>Onze Tournois des Six Nations disput\u00e9s cons\u00e9cutivement<\/strong>, entre 2013 et 2023<br \/>\n<strong>Deux Coupes du monde disput\u00e9es<\/strong>, en 2015 et 2019<br \/>\n<strong>Meilleur joueur du Tournoi des Six Nations en 2016 et 2017<\/strong><\/p>\n","protected":false},"excerpt":{"rendered":"<p>RUGBY \u00c0 XV &#8211; Sur ses r\u00e9seaux sociaux, l&rsquo;arri\u00e8re \u00e9cossais, Stuart Hogg (100 s\u00e9lections avec le Chardon), a annonc\u00e9 qu&rsquo;il mettrait un terme \u00e0 sa carri\u00e8re de rugbyman professionnel, \u00e0 l&rsquo;issue de la Coupe du monde 2023.<\/p>\n","protected":false},"author":4,"featured_media":369677,"comment_status":"open","ping_status":"closed","sticky":false,"template":"","format":"standard","meta":{"_acf_changed":false,"_daextam_enable_autolinks":"","footnotes":""},"categories":[9129],"tags":[16878,1332,13,3155],"class_list":["post-369675","post","type-post","status-publish","format-standard","has-post-thumbnail","hentry","category-rugby-a-xv","tag-breve","tag-ecosse","tag-rugby","tag-stuart-hogg"],"acf":[],"yoast_head":"<!-- This site is optimized with the Yoast SEO Premium plugin v26.7 (Yoast SEO v26.7) - https:\/\/yoast.com\/wordpress\/plugins\/seo\/ -->\n<title>\u00c9cosse : Stuart Hogg mettra un terme \u00e0 sa carri\u00e8re apr\u00e8s le Mondial 2023<\/title>\n<meta name=\"description\" content=\"RUGBY \u00c0 XV - Stuart Hogg (\u00c9cosse), a annonc\u00e9 qu&#039;il mettrait un terme \u00e0 sa carri\u00e8re \u00e0 l&#039;issue de la Coupe du monde 2023.\" \/>\n<meta name=\"robots\" content=\"index, follow, max-snippet:-1, max-image-preview:large, max-video-preview:-1\" \/>\n<link rel=\"canonical\" href=\"https:\/\/dicodusport.fr\/blog\/ecosse-stuart-hogg-mettra-un-terme-a-sa-carriere-internationale-apres-le-mondial-2023\/\" \/>\n<meta property=\"og:locale\" content=\"fr_FR\" \/>\n<meta property=\"og:type\" content=\"article\" \/>\n<meta property=\"og:title\" content=\"\u00c9cosse : Stuart Hogg mettra un terme \u00e0 sa carri\u00e8re apr\u00e8s le Mondial 2023\" \/>\n<meta property=\"og:description\" content=\"RUGBY \u00c0 XV - Stuart Hogg (\u00c9cosse), a annonc\u00e9 qu&#039;il mettrait un terme \u00e0 sa carri\u00e8re \u00e0 l&#039;issue de la Coupe du monde 2023.\" \/>\n<meta property=\"og:url\" content=\"https:\/\/dicodusport.fr\/blog\/ecosse-stuart-hogg-mettra-un-terme-a-sa-carriere-internationale-apres-le-mondial-2023\/\" \/>\n<meta property=\"og:site_name\" content=\"Dicodusport\" \/>\n<meta property=\"article:publisher\" content=\"https:\/\/www.facebook.com\/dicodusport\" \/>\n<meta property=\"article:author\" content=\"https:\/\/www.facebook.com\/florent.ostermann\" \/>\n<meta property=\"article:published_time\" content=\"2023-03-27T13:02:21+00:00\" \/>\n<meta property=\"article:modified_time\" content=\"2023-03-27T13:39:37+00:00\" \/>\n<meta property=\"og:image\" content=\"https:\/\/dicodusport.fr\/blog\/wp-content\/uploads\/2023\/03\/Ecosse-Stuart-Hogg-mettra-un-terme-a-sa-carriere-internationale-apres-le-Mondial-2023.png\" \/>\n\t<meta property=\"og:image:width\" content=\"800\" \/>\n\t<meta property=\"og:image:height\" content=\"445\" \/>\n\t<meta property=\"og:image:type\" content=\"image\/png\" \/>\n<meta name=\"author\" content=\"Flo Ostermann\" \/>\n<meta name=\"twitter:card\" content=\"summary_large_image\" \/>\n<meta name=\"twitter:title\" content=\"\u00c9cosse : Stuart Hogg mettra un terme \u00e0 sa carri\u00e8re apr\u00e8s le Mondial 2023\" \/>\n<meta name=\"twitter:creator\" content=\"@https:\/\/twitter.com\/FlOstermann\" \/>\n<meta name=\"twitter:site\" content=\"@dicodusport\" \/>\n<script type=\"application\/ld+json\" class=\"yoast-schema-graph\">{\"@context\":\"https:\/\/schema.org\",\"@graph\":[{\"@type\":\"NewsArticle\",\"@id\":\"https:\/\/dicodusport.fr\/blog\/ecosse-stuart-hogg-mettra-un-terme-a-sa-carriere-internationale-apres-le-mondial-2023\/#article\",\"isPartOf\":{\"@id\":\"https:\/\/dicodusport.fr\/blog\/ecosse-stuart-hogg-mettra-un-terme-a-sa-carriere-internationale-apres-le-mondial-2023\/\"},\"author\":{\"name\":\"Flo Ostermann\",\"@id\":\"https:\/\/dicodusport.fr\/blog\/#\/schema\/person\/cb02af4c173ce4a653b55e9baf388d4a\"},\"headline\":\"\u00c9cosse : Stuart Hogg mettra un terme \u00e0 sa carri\u00e8re apr\u00e8s le Mondial 2023\",\"datePublished\":\"2023-03-27T13:02:21+00:00\",\"dateModified\":\"2023-03-27T13:39:37+00:00\",\"mainEntityOfPage\":{\"@id\":\"https:\/\/dicodusport.fr\/blog\/ecosse-stuart-hogg-mettra-un-terme-a-sa-carriere-internationale-apres-le-mondial-2023\/\"},\"wordCount\":554,\"commentCount\":0,\"publisher\":{\"@id\":\"https:\/\/dicodusport.fr\/blog\/#organization\"},\"image\":{\"@id\":\"https:\/\/dicodusport.fr\/blog\/ecosse-stuart-hogg-mettra-un-terme-a-sa-carriere-internationale-apres-le-mondial-2023\/#primaryimage\"},\"thumbnailUrl\":\"https:\/\/dicodusport.fr\/blog\/wp-content\/uploads\/2023\/03\/Ecosse-Stuart-Hogg-mettra-un-terme-a-sa-carriere-internationale-apres-le-Mondial-2023.png\",\"keywords\":[\"br\u00e8ve\",\"Ecosse\",\"Rugby\",\"Stuart Hogg\"],\"articleSection\":[\"Rugby \u00e0 XV\"],\"inLanguage\":\"fr-FR\",\"potentialAction\":[{\"@type\":\"CommentAction\",\"name\":\"Comment\",\"target\":[\"https:\/\/dicodusport.fr\/blog\/ecosse-stuart-hogg-mettra-un-terme-a-sa-carriere-internationale-apres-le-mondial-2023\/#respond\"]}],\"copyrightYear\":\"2023\",\"copyrightHolder\":{\"@id\":\"https:\/\/dicodusport.fr\/blog\/#organization\"}},{\"@type\":\"WebPage\",\"@id\":\"https:\/\/dicodusport.fr\/blog\/ecosse-stuart-hogg-mettra-un-terme-a-sa-carriere-internationale-apres-le-mondial-2023\/\",\"url\":\"https:\/\/dicodusport.fr\/blog\/ecosse-stuart-hogg-mettra-un-terme-a-sa-carriere-internationale-apres-le-mondial-2023\/\",\"name\":\"\u00c9cosse : Stuart Hogg mettra un terme \u00e0 sa carri\u00e8re apr\u00e8s le Mondial 2023\",\"isPartOf\":{\"@id\":\"https:\/\/dicodusport.fr\/blog\/#website\"},\"primaryImageOfPage\":{\"@id\":\"https:\/\/dicodusport.fr\/blog\/ecosse-stuart-hogg-mettra-un-terme-a-sa-carriere-internationale-apres-le-mondial-2023\/#primaryimage\"},\"image\":{\"@id\":\"https:\/\/dicodusport.fr\/blog\/ecosse-stuart-hogg-mettra-un-terme-a-sa-carriere-internationale-apres-le-mondial-2023\/#primaryimage\"},\"thumbnailUrl\":\"https:\/\/dicodusport.fr\/blog\/wp-content\/uploads\/2023\/03\/Ecosse-Stuart-Hogg-mettra-un-terme-a-sa-carriere-internationale-apres-le-Mondial-2023.png\",\"datePublished\":\"2023-03-27T13:02:21+00:00\",\"dateModified\":\"2023-03-27T13:39:37+00:00\",\"description\":\"RUGBY \u00c0 XV - Stuart Hogg (\u00c9cosse), a annonc\u00e9 qu'il mettrait un terme \u00e0 sa carri\u00e8re \u00e0 l'issue de la Coupe du monde 2023.\",\"breadcrumb\":{\"@id\":\"https:\/\/dicodusport.fr\/blog\/ecosse-stuart-hogg-mettra-un-terme-a-sa-carriere-internationale-apres-le-mondial-2023\/#breadcrumb\"},\"inLanguage\":\"fr-FR\",\"potentialAction\":[{\"@type\":\"ReadAction\",\"target\":[\"https:\/\/dicodusport.fr\/blog\/ecosse-stuart-hogg-mettra-un-terme-a-sa-carriere-internationale-apres-le-mondial-2023\/\"]}]},{\"@type\":\"ImageObject\",\"inLanguage\":\"fr-FR\",\"@id\":\"https:\/\/dicodusport.fr\/blog\/ecosse-stuart-hogg-mettra-un-terme-a-sa-carriere-internationale-apres-le-mondial-2023\/#primaryimage\",\"url\":\"https:\/\/dicodusport.fr\/blog\/wp-content\/uploads\/2023\/03\/Ecosse-Stuart-Hogg-mettra-un-terme-a-sa-carriere-internationale-apres-le-Mondial-2023.png\",\"contentUrl\":\"https:\/\/dicodusport.fr\/blog\/wp-content\/uploads\/2023\/03\/Ecosse-Stuart-Hogg-mettra-un-terme-a-sa-carriere-internationale-apres-le-Mondial-2023.png\",\"width\":800,\"height\":445,\"caption\":\"\u00c9cosse Stuart Hogg mettra un terme \u00e0 sa carri\u00e8re internationale apr\u00e8s le Mondial 2023\"},{\"@type\":\"BreadcrumbList\",\"@id\":\"https:\/\/dicodusport.fr\/blog\/ecosse-stuart-hogg-mettra-un-terme-a-sa-carriere-internationale-apres-le-mondial-2023\/#breadcrumb\",\"itemListElement\":[{\"@type\":\"ListItem\",\"position\":1,\"name\":\"Accueil\",\"item\":\"https:\/\/dicodusport.fr\/blog\/\"},{\"@type\":\"ListItem\",\"position\":2,\"name\":\"\u00c9cosse : Stuart Hogg mettra un terme \u00e0 sa carri\u00e8re apr\u00e8s le Mondial 2023\"}]},{\"@type\":\"WebSite\",\"@id\":\"https:\/\/dicodusport.fr\/blog\/#website\",\"url\":\"https:\/\/dicodusport.fr\/blog\/\",\"name\":\"Dicodusport\",\"description\":\"L&#039;encyclop\u00e9die de l&#039;actualit\u00e9 sportive\",\"publisher\":{\"@id\":\"https:\/\/dicodusport.fr\/blog\/#organization\"},\"potentialAction\":[{\"@type\":\"SearchAction\",\"target\":{\"@type\":\"EntryPoint\",\"urlTemplate\":\"https:\/\/dicodusport.fr\/blog\/?s={search_term_string}\"},\"query-input\":{\"@type\":\"PropertyValueSpecification\",\"valueRequired\":true,\"valueName\":\"search_term_string\"}}],\"inLanguage\":\"fr-FR\"},{\"@type\":\"NewsMediaOrganization\",\"@id\":\"https:\/\/dicodusport.fr\/blog\/#organization\",\"name\":\"Dicodusport\",\"url\":\"https:\/\/dicodusport.fr\/blog\/\",\"logo\":{\"@type\":\"ImageObject\",\"inLanguage\":\"fr-FR\",\"@id\":\"https:\/\/dicodusport.fr\/blog\/#\/schema\/logo\/image\/\",\"url\":\"https:\/\/dicodusport.fr\/blog\/wp-content\/uploads\/2020\/06\/cropped-LOGO-DICODUSPORT-2020-SANS-FOND-SANS-TEXTE.png\",\"contentUrl\":\"https:\/\/dicodusport.fr\/blog\/wp-content\/uploads\/2020\/06\/cropped-LOGO-DICODUSPORT-2020-SANS-FOND-SANS-TEXTE.png\",\"width\":512,\"height\":512,\"caption\":\"Dicodusport\"},\"image\":{\"@id\":\"https:\/\/dicodusport.fr\/blog\/#\/schema\/logo\/image\/\"},\"sameAs\":[\"https:\/\/www.facebook.com\/dicodusport\",\"https:\/\/x.com\/dicodusport\",\"https:\/\/www.instagram.com\/dicodusport\/\",\"https:\/\/www.youtube.com\/channel\/UC7V2KZ5sd3htJivAbA4ZG3w\"],\"description\":\"Dicodusport est l'encyclop\u00e9die de l'actualit\u00e9 sportive.\",\"email\":\"bonjour@dicodusport.fr\",\"legalName\":\"DICODUSPORT\",\"foundingDate\":\"2018-01-14\",\"vatID\":\"FR71834470973\",\"taxID\":\"83447097300043\",\"numberOfEmployees\":{\"@type\":\"QuantitativeValue\",\"minValue\":\"1\",\"maxValue\":\"10\"}},{\"@type\":\"Person\",\"@id\":\"https:\/\/dicodusport.fr\/blog\/#\/schema\/person\/cb02af4c173ce4a653b55e9baf388d4a\",\"name\":\"Flo Ostermann\",\"image\":{\"@type\":\"ImageObject\",\"inLanguage\":\"fr-FR\",\"@id\":\"https:\/\/dicodusport.fr\/blog\/#\/schema\/person\/image\/\",\"url\":\"https:\/\/dicodusport.fr\/blog\/wp-content\/uploads\/2021\/05\/Flo-Ostermann-150x150.jpg\",\"contentUrl\":\"https:\/\/dicodusport.fr\/blog\/wp-content\/uploads\/2021\/05\/Flo-Ostermann-150x150.jpg\",\"caption\":\"Flo Ostermann\"},\"description\":\"Journaliste\/R\u00e9dacteur depuis septembre 2015 - Mes premiers souvenirs dans le sport ? Les envol\u00e9es du Stade Toulousain et les duels Villeneuve-Schumacher et H\u00e4kkinen-Schumacher \u00e0 la fin des ann\u00e9es 90, la Coupe du monde de football en 1998, l\u2019exploit du XV de France face aux All Blacks en 1999, mais aussi Richard C\u0153ur de Lion qui vole sur les montagnes du Tour de France. Bien parti pour devenir professeur d\u2019EPS, les \u00e9v\u00e9nements de la vie (et la flemme d\u2019animer des s\u00e9ances de 3x500 m\u00e8tres toute ma vie) m\u2019ont conduit \u00e0 revoir mes plans. Me voil\u00e0 depuis fin 2017 sur Dicodusport, m\u00e9dia gr\u00e2ce (et pour) lequel je partage ma passion : le sport dans tous ses \u00e9tats. Le tout accompagn\u00e9 par les fous furieux et folles furieuses cit\u00e9s sur cette page !\",\"sameAs\":[\"https:\/\/www.facebook.com\/florent.ostermann\",\"https:\/\/x.com\/https:\/\/twitter.com\/FlOstermann\",\"admin\"],\"url\":\"https:\/\/dicodusport.fr\/blog\/author\/flo\/\"}]}<\/script>\n<!-- \/ Yoast SEO Premium plugin. -->","yoast_head_json":{"title":"\u00c9cosse : Stuart Hogg mettra un terme \u00e0 sa carri\u00e8re apr\u00e8s le Mondial 2023","description":"RUGBY \u00c0 XV - Stuart Hogg (\u00c9cosse), a annonc\u00e9 qu'il mettrait un terme \u00e0 sa carri\u00e8re \u00e0 l'issue de la Coupe du monde 2023.","robots":{"index":"index","follow":"follow","max-snippet":"max-snippet:-1","max-image-preview":"max-image-preview:large","max-video-preview":"max-video-preview:-1"},"canonical":"https:\/\/dicodusport.fr\/blog\/ecosse-stuart-hogg-mettra-un-terme-a-sa-carriere-internationale-apres-le-mondial-2023\/","og_locale":"fr_FR","og_type":"article","og_title":"\u00c9cosse : Stuart Hogg mettra un terme \u00e0 sa carri\u00e8re apr\u00e8s le Mondial 2023","og_description":"RUGBY \u00c0 XV - Stuart Hogg (\u00c9cosse), a annonc\u00e9 qu'il mettrait un terme \u00e0 sa carri\u00e8re \u00e0 l'issue de la Coupe du monde 2023.","og_url":"https:\/\/dicodusport.fr\/blog\/ecosse-stuart-hogg-mettra-un-terme-a-sa-carriere-internationale-apres-le-mondial-2023\/","og_site_name":"Dicodusport","article_publisher":"https:\/\/www.facebook.com\/dicodusport","article_author":"https:\/\/www.facebook.com\/florent.ostermann","article_published_time":"2023-03-27T13:02:21+00:00","article_modified_time":"2023-03-27T13:39:37+00:00","og_image":[{"width":800,"height":445,"url":"https:\/\/dicodusport.fr\/blog\/wp-content\/uploads\/2023\/03\/Ecosse-Stuart-Hogg-mettra-un-terme-a-sa-carriere-internationale-apres-le-Mondial-2023.png","type":"image\/png"}],"author":"Flo Ostermann","twitter_card":"summary_large_image","twitter_title":"\u00c9cosse : Stuart Hogg mettra un terme \u00e0 sa carri\u00e8re apr\u00e8s le Mondial 2023","twitter_creator":"@https:\/\/twitter.com\/FlOstermann","twitter_site":"@dicodusport","schema":{"@context":"https:\/\/schema.org","@graph":[{"@type":"NewsArticle","@id":"https:\/\/dicodusport.fr\/blog\/ecosse-stuart-hogg-mettra-un-terme-a-sa-carriere-internationale-apres-le-mondial-2023\/#article","isPartOf":{"@id":"https:\/\/dicodusport.fr\/blog\/ecosse-stuart-hogg-mettra-un-terme-a-sa-carriere-internationale-apres-le-mondial-2023\/"},"author":{"name":"Flo Ostermann","@id":"https:\/\/dicodusport.fr\/blog\/#\/schema\/person\/cb02af4c173ce4a653b55e9baf388d4a"},"headline":"\u00c9cosse : Stuart Hogg mettra un terme \u00e0 sa carri\u00e8re apr\u00e8s le Mondial 2023","datePublished":"2023-03-27T13:02:21+00:00","dateModified":"2023-03-27T13:39:37+00:00","mainEntityOfPage":{"@id":"https:\/\/dicodusport.fr\/blog\/ecosse-stuart-hogg-mettra-un-terme-a-sa-carriere-internationale-apres-le-mondial-2023\/"},"wordCount":554,"commentCount":0,"publisher":{"@id":"https:\/\/dicodusport.fr\/blog\/#organization"},"image":{"@id":"https:\/\/dicodusport.fr\/blog\/ecosse-stuart-hogg-mettra-un-terme-a-sa-carriere-internationale-apres-le-mondial-2023\/#primaryimage"},"thumbnailUrl":"https:\/\/dicodusport.fr\/blog\/wp-content\/uploads\/2023\/03\/Ecosse-Stuart-Hogg-mettra-un-terme-a-sa-carriere-internationale-apres-le-Mondial-2023.png","keywords":["br\u00e8ve","Ecosse","Rugby","Stuart Hogg"],"articleSection":["Rugby \u00e0 XV"],"inLanguage":"fr-FR","potentialAction":[{"@type":"CommentAction","name":"Comment","target":["https:\/\/dicodusport.fr\/blog\/ecosse-stuart-hogg-mettra-un-terme-a-sa-carriere-internationale-apres-le-mondial-2023\/#respond"]}],"copyrightYear":"2023","copyrightHolder":{"@id":"https:\/\/dicodusport.fr\/blog\/#organization"}},{"@type":"WebPage","@id":"https:\/\/dicodusport.fr\/blog\/ecosse-stuart-hogg-mettra-un-terme-a-sa-carriere-internationale-apres-le-mondial-2023\/","url":"https:\/\/dicodusport.fr\/blog\/ecosse-stuart-hogg-mettra-un-terme-a-sa-carriere-internationale-apres-le-mondial-2023\/","name":"\u00c9cosse : Stuart Hogg mettra un terme \u00e0 sa carri\u00e8re apr\u00e8s le Mondial 2023","isPartOf":{"@id":"https:\/\/dicodusport.fr\/blog\/#website"},"primaryImageOfPage":{"@id":"https:\/\/dicodusport.fr\/blog\/ecosse-stuart-hogg-mettra-un-terme-a-sa-carriere-internationale-apres-le-mondial-2023\/#primaryimage"},"image":{"@id":"https:\/\/dicodusport.fr\/blog\/ecosse-stuart-hogg-mettra-un-terme-a-sa-carriere-internationale-apres-le-mondial-2023\/#primaryimage"},"thumbnailUrl":"https:\/\/dicodusport.fr\/blog\/wp-content\/uploads\/2023\/03\/Ecosse-Stuart-Hogg-mettra-un-terme-a-sa-carriere-internationale-apres-le-Mondial-2023.png","datePublished":"2023-03-27T13:02:21+00:00","dateModified":"2023-03-27T13:39:37+00:00","description":"RUGBY \u00c0 XV - Stuart Hogg (\u00c9cosse), a annonc\u00e9 qu'il mettrait un terme \u00e0 sa carri\u00e8re \u00e0 l'issue de la Coupe du monde 2023.","breadcrumb":{"@id":"https:\/\/dicodusport.fr\/blog\/ecosse-stuart-hogg-mettra-un-terme-a-sa-carriere-internationale-apres-le-mondial-2023\/#breadcrumb"},"inLanguage":"fr-FR","potentialAction":[{"@type":"ReadAction","target":["https:\/\/dicodusport.fr\/blog\/ecosse-stuart-hogg-mettra-un-terme-a-sa-carriere-internationale-apres-le-mondial-2023\/"]}]},{"@type":"ImageObject","inLanguage":"fr-FR","@id":"https:\/\/dicodusport.fr\/blog\/ecosse-stuart-hogg-mettra-un-terme-a-sa-carriere-internationale-apres-le-mondial-2023\/#primaryimage","url":"https:\/\/dicodusport.fr\/blog\/wp-content\/uploads\/2023\/03\/Ecosse-Stuart-Hogg-mettra-un-terme-a-sa-carriere-internationale-apres-le-Mondial-2023.png","contentUrl":"https:\/\/dicodusport.fr\/blog\/wp-content\/uploads\/2023\/03\/Ecosse-Stuart-Hogg-mettra-un-terme-a-sa-carriere-internationale-apres-le-Mondial-2023.png","width":800,"height":445,"caption":"\u00c9cosse Stuart Hogg mettra un terme \u00e0 sa carri\u00e8re internationale apr\u00e8s le Mondial 2023"},{"@type":"BreadcrumbList","@id":"https:\/\/dicodusport.fr\/blog\/ecosse-stuart-hogg-mettra-un-terme-a-sa-carriere-internationale-apres-le-mondial-2023\/#breadcrumb","itemListElement":[{"@type":"ListItem","position":1,"name":"Accueil","item":"https:\/\/dicodusport.fr\/blog\/"},{"@type":"ListItem","position":2,"name":"\u00c9cosse : Stuart Hogg mettra un terme \u00e0 sa carri\u00e8re apr\u00e8s le Mondial 2023"}]},{"@type":"WebSite","@id":"https:\/\/dicodusport.fr\/blog\/#website","url":"https:\/\/dicodusport.fr\/blog\/","name":"Dicodusport","description":"L&#039;encyclop\u00e9die de l&#039;actualit\u00e9 sportive","publisher":{"@id":"https:\/\/dicodusport.fr\/blog\/#organization"},"potentialAction":[{"@type":"SearchAction","target":{"@type":"EntryPoint","urlTemplate":"https:\/\/dicodusport.fr\/blog\/?s={search_term_string}"},"query-input":{"@type":"PropertyValueSpecification","valueRequired":true,"valueName":"search_term_string"}}],"inLanguage":"fr-FR"},{"@type":"NewsMediaOrganization","@id":"https:\/\/dicodusport.fr\/blog\/#organization","name":"Dicodusport","url":"https:\/\/dicodusport.fr\/blog\/","logo":{"@type":"ImageObject","inLanguage":"fr-FR","@id":"https:\/\/dicodusport.fr\/blog\/#\/schema\/logo\/image\/","url":"https:\/\/dicodusport.fr\/blog\/wp-content\/uploads\/2020\/06\/cropped-LOGO-DICODUSPORT-2020-SANS-FOND-SANS-TEXTE.png","contentUrl":"https:\/\/dicodusport.fr\/blog\/wp-content\/uploads\/2020\/06\/cropped-LOGO-DICODUSPORT-2020-SANS-FOND-SANS-TEXTE.png","width":512,"height":512,"caption":"Dicodusport"},"image":{"@id":"https:\/\/dicodusport.fr\/blog\/#\/schema\/logo\/image\/"},"sameAs":["https:\/\/www.facebook.com\/dicodusport","https:\/\/x.com\/dicodusport","https:\/\/www.instagram.com\/dicodusport\/","https:\/\/www.youtube.com\/channel\/UC7V2KZ5sd3htJivAbA4ZG3w"],"description":"Dicodusport est l'encyclop\u00e9die de l'actualit\u00e9 sportive.","email":"bonjour@dicodusport.fr","legalName":"DICODUSPORT","foundingDate":"2018-01-14","vatID":"FR71834470973","taxID":"83447097300043","numberOfEmployees":{"@type":"QuantitativeValue","minValue":"1","maxValue":"10"}},{"@type":"Person","@id":"https:\/\/dicodusport.fr\/blog\/#\/schema\/person\/cb02af4c173ce4a653b55e9baf388d4a","name":"Flo Ostermann","image":{"@type":"ImageObject","inLanguage":"fr-FR","@id":"https:\/\/dicodusport.fr\/blog\/#\/schema\/person\/image\/","url":"https:\/\/dicodusport.fr\/blog\/wp-content\/uploads\/2021\/05\/Flo-Ostermann-150x150.jpg","contentUrl":"https:\/\/dicodusport.fr\/blog\/wp-content\/uploads\/2021\/05\/Flo-Ostermann-150x150.jpg","caption":"Flo Ostermann"},"description":"Journaliste\/R\u00e9dacteur depuis septembre 2015 - Mes premiers souvenirs dans le sport ? Les envol\u00e9es du Stade Toulousain et les duels Villeneuve-Schumacher et H\u00e4kkinen-Schumacher \u00e0 la fin des ann\u00e9es 90, la Coupe du monde de football en 1998, l\u2019exploit du XV de France face aux All Blacks en 1999, mais aussi Richard C\u0153ur de Lion qui vole sur les montagnes du Tour de France. Bien parti pour devenir professeur d\u2019EPS, les \u00e9v\u00e9nements de la vie (et la flemme d\u2019animer des s\u00e9ances de 3x500 m\u00e8tres toute ma vie) m\u2019ont conduit \u00e0 revoir mes plans. Me voil\u00e0 depuis fin 2017 sur Dicodusport, m\u00e9dia gr\u00e2ce (et pour) lequel je partage ma passion : le sport dans tous ses \u00e9tats. Le tout accompagn\u00e9 par les fous furieux et folles furieuses cit\u00e9s sur cette page !","sameAs":["https:\/\/www.facebook.com\/florent.ostermann","https:\/\/x.com\/https:\/\/twitter.com\/FlOstermann","admin"],"url":"https:\/\/dicodusport.fr\/blog\/author\/flo\/"}]}},"_links":{"self":[{"href":"https:\/\/dicodusport.fr\/blog\/wp-json\/wp\/v2\/posts\/369675","targetHints":{"allow":["GET"]}}],"collection":[{"href":"https:\/\/dicodusport.fr\/blog\/wp-json\/wp\/v2\/posts"}],"about":[{"href":"https:\/\/dicodusport.fr\/blog\/wp-json\/wp\/v2\/types\/post"}],"author":[{"embeddable":true,"href":"https:\/\/dicodusport.fr\/blog\/wp-json\/wp\/v2\/users\/4"}],"replies":[{"embeddable":true,"href":"https:\/\/dicodusport.fr\/blog\/wp-json\/wp\/v2\/comments?post=369675"}],"version-history":[{"count":0,"href":"https:\/\/dicodusport.fr\/blog\/wp-json\/wp\/v2\/posts\/369675\/revisions"}],"wp:featuredmedia":[{"embeddable":true,"href":"https:\/\/dicodusport.fr\/blog\/wp-json\/wp\/v2\/media\/369677"}],"wp:attachment":[{"href":"https:\/\/dicodusport.fr\/blog\/wp-json\/wp\/v2\/media?parent=369675"}],"wp:term":[{"taxonomy":"category","embeddable":true,"href":"https:\/\/dicodusport.fr\/blog\/wp-json\/wp\/v2\/categories?post=369675"},{"taxonomy":"post_tag","embeddable":true,"href":"https:\/\/dicodusport.fr\/blog\/wp-json\/wp\/v2\/tags?post=369675"}],"curies":[{"name":"wp","href":"https:\/\/api.w.org\/{rel}","templated":true}]}}