{"id":369732,"date":"2023-03-27T20:48:45","date_gmt":"2023-03-27T18:48:45","guid":{"rendered":"https:\/\/dicodusport.fr\/blog\/?p=369732&#038;preview=true&#038;preview_id=369732"},"modified":"2023-03-29T08:20:48","modified_gmt":"2023-03-29T06:20:48","slug":"a-travers-la-flandre-2023-parcours-profil-et-favoris","status":"publish","type":"post","link":"https:\/\/dicodusport.fr\/blog\/a-travers-la-flandre-2023-parcours-profil-et-favoris\/","title":{"rendered":"\u00c0 Travers la Flandre 2023 : Parcours, profil et favoris"},"content":{"rendered":"<p style=\"text-align: justify;\"><em><strong>\u00c0 TRAVERS LA FLANDRE 2023 &#8211; <span class=\"tojvnm2t a6sixzi8 abs2jz4q a8s20v7p t1p8iaqh k5wvi7nf q3lfd5jv pk4s997a bipmatt0 cebpdrjk qowsmv63 owwhemhu dp1hu0rb dhp61c6y iyyx5f41\">Apr\u00e8s des courses passionnantes sur l&rsquo;E3 Saxo Bank Classic et sur Gand-Wevelgem, le printemps flamand se poursuit le mercredi 29 mars 2023 avec la 77e \u00e9dition d&rsquo;\u00c0 Travers la Flandre 2022. Ce sera le dernier rendez-vous avant le Tour des Flandres. Parcours, profil et favoris.<\/span><br \/>\n<\/strong><\/em><\/p>\n<h2 style=\"text-align: justify;\"><span class=\"tojvnm2t a6sixzi8 abs2jz4q a8s20v7p t1p8iaqh k5wvi7nf q3lfd5jv pk4s997a bipmatt0 cebpdrjk qowsmv63 owwhemhu dp1hu0rb dhp61c6y iyyx5f41\">Historique d&rsquo;\u00c0 Travers la Flandre<\/span><\/h2>\n<p style=\"text-align: justify;\"><span class=\"tojvnm2t a6sixzi8 abs2jz4q a8s20v7p t1p8iaqh k5wvi7nf q3lfd5jv pk4s997a bipmatt0 cebpdrjk qowsmv63 owwhemhu dp1hu0rb dhp61c6y iyyx5f41\">En 1945, la course Dwars door Belgi\u00eb fut organis\u00e9e pour la premi\u00e8re fois. Le premier vainqueur n&rsquo;\u00e9tait autre que Rik Van Steenbergen, alors \u00e2g\u00e9 de 21 ans. Dans les ann\u00e9es suivantes, la comp\u00e9tition est devenue une course par \u00e9tapes de deux jours. Les lieux de d\u00e9part et d&rsquo;arriv\u00e9e traditionnels \u00e9taient Saint-Trond et Waregem. Depuis 1965, l&rsquo;organisation a d\u00e9cid\u00e9 d&rsquo;en faire \u00e0 nouveau une course d&rsquo;un jour. Avec Waregem comme ville de d\u00e9part et d&rsquo;arriv\u00e9e. Depuis le d\u00e9but du si\u00e8cle, la course s&rsquo;appelle <strong>Dwars door Vlaanderen<\/strong>. Elle d\u00e9bute \u00e0 <strong>Roeselare<\/strong> pour une arriv\u00e9e toujours jug\u00e9e \u00e0 <strong>Waregem<\/strong>,\u00a0en Flandre occidentale.<\/span><\/p>\n<p style=\"text-align: justify;\"><span class=\"\">Depuis 2018,<\/span> la course a lieu le mercredi avant le Tour des Flandres. <span class=\"\">Depuis 2012, une \u00e9dition f\u00e9minine de Dwars door Vlaanderen a lieu le m\u00eame jour<\/span>. Ces deux courses <span class=\"\">sont organis\u00e9es par <\/span><span class=\"\">Flanders Classics<\/span>, l&rsquo;organisateur notamment du Tour des Flandres, de la Fl\u00e8che Braban\u00e7onne, du <a href=\"https:\/\/dicodusport.fr\/blog\/classement-het-nieuwsblad-2023\/\">Omloop Het Nieuwsblad<\/a> ou encore du Grand Prix de l&rsquo;Escaut.<\/p>\n<p style=\"text-align: justify;\">La course a longtemps souri aux coureurs belges. Le premier succ\u00e8s \u00e9tranger a eu lieu en 1964 avec le N\u00e9erlandais Piet van Elst. Enfin, <strong>Sylvain Chavanel<\/strong> est le seul coureur fran\u00e7ais \u00e0 avoir inscrit son nom au palmar\u00e8s, en 2008.<\/p>\n<h2 style=\"text-align: justify;\"><span class=\"tojvnm2t a6sixzi8 abs2jz4q a8s20v7p t1p8iaqh k5wvi7nf q3lfd5jv pk4s997a bipmatt0 cebpdrjk qowsmv63 owwhemhu dp1hu0rb dhp61c6y iyyx5f41\">Le parcours d&rsquo;\u00c0 Travers la Flandre<br \/>\n<\/span><\/h2>\n<p style=\"text-align: justify;\">Comme d&rsquo;habitude, <strong>Dwars door Vlaanderen<\/strong> partira de Roulers pour une arriv\u00e9e \u00e0 Waregem. Les organisateurs ont opt\u00e9 pour quelques changements mineurs avec la suppression de deux monts cette ann\u00e9e tout en conservant la m\u00eame distance.<\/p>\n<p style=\"text-align: justify;\">D&rsquo;abord, les 65 premiers kilom\u00e8tres seront plats en passant par Ingelmunster, Waregem et Audenarde. Dans cette portion, il y aura le premier secteur pav\u00e9 du jour : le Varent ainsi que la suppression du Nieuwe Kwaremont. Le <strong>Volkegemberg<\/strong> (1 100 m\u00e8tres \u00e0 4,3 %), avec ses pav\u00e9s, sera alors le premier obstacle de la journ\u00e9e.<\/p>\n<p style=\"text-align: justify;\">15 kilom\u00e8tres plus loin, les coureurs graviront trois difficult\u00e9s assez rapproch\u00e9es. L&rsquo;<strong>Hotond<\/strong> (800 m\u00e8tres \u00e0 5,4 %), le <strong>Knokteberg<\/strong> (1 100 m\u00e8tres \u00e0 7,5 %) et le <strong>Kortekeer<\/strong> (900 m\u00e8tres \u00e0 6,6 %) avec au bas de sa descente, le secteur pav\u00e9 de 2 400 m\u00e8tres de long du<strong> Mariaborestraat<\/strong>.<\/p>\n<p style=\"text-align: justify;\">Apr\u00e8s une parenth\u00e8se de 10 kilom\u00e8tres plut\u00f4t calme, le <strong>Berg ten Houte<\/strong> (1 100 m\u00e8tres \u00e0 5,5 %) et ses pav\u00e9s, et le pentu <strong>Kanarieberg<\/strong> (1 100 m\u00e8tres \u00e0 8,8 %), se succ\u00e8deront. Cette partie avait permis \u00e0 Dylan van Baarle de foncer vers la victoire en 2021. Puis, deux autres monts se suivront quinze kilom\u00e8tres plus loin, avec la seconde ascension <strong>Knokteberg<\/strong> (1 100 m\u00e8tres \u00e0 7,5 %) et l&rsquo;<strong>Hotond<\/strong> (700 m\u00e8tres \u00e0 5,7 %) via un autre versant. Apr\u00e8s 6 kilom\u00e8tres descendants, les coureurs traverseront \u00e0 nouveau le secteur pav\u00e9 de <strong>Mariaborestraat<\/strong> avant de grimper <strong>Ladeuze<\/strong> (1 200 m\u00e8tres \u00e0 5,3 %) \u00e0 plus de 40 kilom\u00e8tres du terme. Ce Berg avait lanc\u00e9 la course l&rsquo;an dernier.<\/p>\n<p style=\"text-align: justify;\">Ensuite, les coureurs seront sur le circuit local autour de Waregem, avec de nouveaux changements par rapport \u00e0 l&rsquo;ann\u00e9e derni\u00e8re. En plus de la suppression du Holstraat, ce circuit sera emprunt\u00e9 dans le sens inverse par rapport aux \u00e9ditions pr\u00e9c\u00e9dentes. Ainsi, le peloton retrouvera des routes utilis\u00e9es sur Nokere Koerse, avec les pav\u00e9s de <strong>Doorn, Huisepontweg<\/strong> et <strong>Herlegemstraat<\/strong> (par deux fois) et bien s\u00fbr la double ascension du <strong>Nokereberg<\/strong> (400 m\u00e8tres \u00e0 3,3 % sur des pav\u00e9s). La derni\u00e8re mont\u00e9e sera vers <strong>Nokere<\/strong> (800 m\u00e8tres \u00e0 4 %) avant les 800 derniers m\u00e8tres de pav\u00e9s du Herlegemstraat, \u00e0 six kilom\u00e8tres de l&rsquo;arriv\u00e9e. Enfin, les coureurs prendront la direction de Waregem pour l&rsquo;arriv\u00e9e.<\/p>\n<div id=\"attachment_369756\" style=\"width: 734px\" class=\"wp-caption aligncenter\"><a href=\"https:\/\/dicodusport.fr\/blog\/wp-content\/uploads\/2023\/03\/Carte-du-parcours-et-profil-dA-Travers-la-Flandre-2023.png\"><img loading=\"lazy\" decoding=\"async\" aria-describedby=\"caption-attachment-369756\" class=\"wp-image-369756 size-large\" src=\"https:\/\/dicodusport.fr\/blog\/wp-content\/uploads\/2023\/03\/Carte-du-parcours-et-profil-dA-Travers-la-Flandre-2023-724x1024.png\" alt=\"Carte du parcours et profil d'\u00c0 Travers la Flandre 2023\" width=\"724\" height=\"1024\" srcset=\"https:\/\/dicodusport.fr\/blog\/wp-content\/uploads\/2023\/03\/Carte-du-parcours-et-profil-dA-Travers-la-Flandre-2023-724x1024.png 724w, https:\/\/dicodusport.fr\/blog\/wp-content\/uploads\/2023\/03\/Carte-du-parcours-et-profil-dA-Travers-la-Flandre-2023-212x300.png 212w, https:\/\/dicodusport.fr\/blog\/wp-content\/uploads\/2023\/03\/Carte-du-parcours-et-profil-dA-Travers-la-Flandre-2023-768x1087.png 768w, https:\/\/dicodusport.fr\/blog\/wp-content\/uploads\/2023\/03\/Carte-du-parcours-et-profil-dA-Travers-la-Flandre-2023-1085x1536.png 1085w, https:\/\/dicodusport.fr\/blog\/wp-content\/uploads\/2023\/03\/Carte-du-parcours-et-profil-dA-Travers-la-Flandre-2023-1447x2048.png 1447w\" sizes=\"auto, (max-width: 724px) 100vw, 724px\" \/><\/a><p id=\"caption-attachment-369756\" class=\"wp-caption-text\">Carte du parcours et profil d&rsquo;\u00c0 Travers la Flandre 2023 &#8211; Via ddvl.eu<\/p><\/div>\n<hr \/>\n<h2 style=\"text-align: justify;\">Les favoris d&rsquo;\u00c0 Travers la Flandre 2023<\/h2>\n<p style=\"text-align: justify;\">Christophe LAPORTE (Jumbo-Visma)<br \/>\nDylan VAN BAARLE (Jumbo-Visma)<br \/>\nJasper PHILIPSEN (Alpecin-Deceuninck)<br \/>\nMads PEDERSEN (Trek-Segafredo)<br \/>\nArnaud DE LIE (Lotto-Dstny)<br \/>\nNeilson POWLESS (EF Education &#8211; EasyPost)<br \/>\nStefan K\u00dcNG (Groupama-FDJ)<br \/>\nAlexander KRISTOFF (Uno-X)<br \/>\nOlav KOOIJ (Jumbo-Visma)<br \/>\nTom PIDCOCK (INEOS Grenadiers)<br \/>\nValentin MADOUAS (Groupama-FDJ)<\/p>\n<h2 style=\"text-align: justify;\">Palmar\u00e8s<\/h2>\n<p style=\"text-align: justify;\"><span class=\"tojvnm2t a6sixzi8 abs2jz4q a8s20v7p t1p8iaqh k5wvi7nf q3lfd5jv pk4s997a bipmatt0 cebpdrjk qowsmv63 owwhemhu dp1hu0rb dhp61c6y iyyx5f41\"><a href=\"https:\/\/dicodusport.fr\/blog\/a-travers-la-flandre-2022-mathieu-van-der-poel-gagne-en-patron\/\">2022 : Mathieu van der Poel<\/a> &#8211; <a href=\"https:\/\/dicodusport.fr\/blog\/a-travers-la-flandre-2022-le-classement\/\">Classement de la course<\/a><\/span><\/p>\n<p style=\"text-align: justify;\"><span class=\"tojvnm2t a6sixzi8 abs2jz4q a8s20v7p t1p8iaqh k5wvi7nf q3lfd5jv pk4s997a bipmatt0 cebpdrjk qowsmv63 owwhemhu dp1hu0rb dhp61c6y iyyx5f41\">2021 : Dylan van Baarle <\/span><\/p>\n<p style=\"text-align: justify;\"><span class=\"tojvnm2t a6sixzi8 abs2jz4q a8s20v7p t1p8iaqh k5wvi7nf q3lfd5jv pk4s997a bipmatt0 cebpdrjk qowsmv63 owwhemhu dp1hu0rb dhp61c6y iyyx5f41\">2020 : x <\/span><\/p>\n<p style=\"text-align: justify;\"><span class=\"tojvnm2t a6sixzi8 abs2jz4q a8s20v7p t1p8iaqh k5wvi7nf q3lfd5jv pk4s997a bipmatt0 cebpdrjk qowsmv63 owwhemhu dp1hu0rb dhp61c6y iyyx5f41\">2019 : Mathieu van der Poel <\/span><\/p>\n<p style=\"text-align: justify;\"><span class=\"tojvnm2t a6sixzi8 abs2jz4q a8s20v7p t1p8iaqh k5wvi7nf q3lfd5jv pk4s997a bipmatt0 cebpdrjk qowsmv63 owwhemhu dp1hu0rb dhp61c6y iyyx5f41\">2018 : Yves Lampaert <\/span><\/p>\n<p style=\"text-align: justify;\"><span class=\"tojvnm2t a6sixzi8 abs2jz4q a8s20v7p t1p8iaqh k5wvi7nf q3lfd5jv pk4s997a bipmatt0 cebpdrjk qowsmv63 owwhemhu dp1hu0rb dhp61c6y iyyx5f41\">2017 : Yves Lampaert <\/span><\/p>\n<p style=\"text-align: justify;\"><span class=\"tojvnm2t a6sixzi8 abs2jz4q a8s20v7p t1p8iaqh k5wvi7nf q3lfd5jv pk4s997a bipmatt0 cebpdrjk qowsmv63 owwhemhu dp1hu0rb dhp61c6y iyyx5f41\">2016 : Jens Debusschere <\/span><\/p>\n<p style=\"text-align: justify;\"><span class=\"tojvnm2t a6sixzi8 abs2jz4q a8s20v7p t1p8iaqh k5wvi7nf q3lfd5jv pk4s997a bipmatt0 cebpdrjk qowsmv63 owwhemhu dp1hu0rb dhp61c6y iyyx5f41\">2015 : Jelle Wallays <\/span><\/p>\n<p style=\"text-align: justify;\"><span class=\"tojvnm2t a6sixzi8 abs2jz4q a8s20v7p t1p8iaqh k5wvi7nf q3lfd5jv pk4s997a bipmatt0 cebpdrjk qowsmv63 owwhemhu dp1hu0rb dhp61c6y iyyx5f41\">2014 : Niki Terpstra <\/span><\/p>\n<p style=\"text-align: justify;\"><span class=\"tojvnm2t a6sixzi8 abs2jz4q a8s20v7p t1p8iaqh k5wvi7nf q3lfd5jv pk4s997a bipmatt0 cebpdrjk qowsmv63 owwhemhu dp1hu0rb dhp61c6y iyyx5f41\">2013 : Oscar Gatto <\/span><\/p>\n<p style=\"text-align: justify;\"><span class=\"tojvnm2t a6sixzi8 abs2jz4q a8s20v7p t1p8iaqh k5wvi7nf q3lfd5jv pk4s997a bipmatt0 cebpdrjk qowsmv63 owwhemhu dp1hu0rb dhp61c6y iyyx5f41\">2012 : Niki Terpstra <\/span><\/p>\n<p style=\"text-align: justify;\"><span class=\"tojvnm2t a6sixzi8 abs2jz4q a8s20v7p t1p8iaqh k5wvi7nf q3lfd5jv pk4s997a bipmatt0 cebpdrjk qowsmv63 owwhemhu dp1hu0rb dhp61c6y iyyx5f41\">2011 : Nick Nuyens<\/span><\/p>\n<h2 style=\"text-align: justify;\">\u00c0 lire aussi<\/h2>\n<ul>\n<li style=\"text-align: justify;\"><a href=\"https:\/\/dicodusport.fr\/blog\/a-travers-la-flandre-2023-les-engages\/\"><strong><strong>Les engag\u00e9s d<\/strong><\/strong><span class=\"tojvnm2t a6sixzi8 abs2jz4q a8s20v7p t1p8iaqh k5wvi7nf q3lfd5jv pk4s997a bipmatt0 cebpdrjk qowsmv63 owwhemhu dp1hu0rb dhp61c6y iyyx5f41\"><strong>&lsquo;\u00c0 Travers la Flandre 2023<\/strong><\/span><\/a><\/li>\n<li style=\"text-align: justify;\"><a href=\"https:\/\/dicodusport.fr\/blog\/a-travers-la-flandre-2023-a-quelle-heure-et-sur-quelle-chaine-tv\/\"><strong>\u00c0 Travers la Flandre 2023 : \u00c0 quelle heure et sur quelle cha\u00eene ?<\/strong><\/a><\/li>\n<\/ul>\n","protected":false},"excerpt":{"rendered":"<p>\u00c0 TRAVERS LA FLANDRE 2023 &#8211; D\u00e9couvrez le le parcours, le profil et les favoris de la 77\u00e8me \u00e9dition d&rsquo;\u00c0 Travers la Flandre.<\/p>\n","protected":false},"author":48,"featured_media":369752,"comment_status":"open","ping_status":"closed","sticky":false,"template":"","format":"standard","meta":{"_acf_changed":false,"_daextam_enable_autolinks":"","footnotes":""},"categories":[46994],"tags":[7544,3119,16878],"class_list":["post-369732","post","type-post","status-publish","format-standard","has-post-thumbnail","hentry","category-cyclisme-sur-route","tag-a-travers-la-flandre","tag-actualite-cyclisme","tag-breve"],"acf":[],"yoast_head":"<!-- This site is optimized with the Yoast SEO Premium plugin v26.7 (Yoast SEO v26.7) - https:\/\/yoast.com\/wordpress\/plugins\/seo\/ -->\n<title>\u00c0 Travers la Flandre 2023 : Parcours, profil et favoris<\/title>\n<meta name=\"description\" content=\"\u00c0 TRAVERS LA FLANDRE 2023 - D\u00e9couvrez le le parcours, le profil et les favoris de la 77\u00e8me \u00e9dition d&#039;\u00c0 Travers la Flandre.\" \/>\n<meta name=\"robots\" content=\"index, follow, max-snippet:-1, max-image-preview:large, max-video-preview:-1\" \/>\n<link rel=\"canonical\" href=\"https:\/\/dicodusport.fr\/blog\/a-travers-la-flandre-2023-parcours-profil-et-favoris\/\" \/>\n<meta property=\"og:locale\" content=\"fr_FR\" \/>\n<meta property=\"og:type\" content=\"article\" \/>\n<meta property=\"og:title\" content=\"\u00c0 Travers la Flandre 2023 : Parcours, profil et favoris\" \/>\n<meta property=\"og:description\" content=\"\u00c0 TRAVERS LA FLANDRE 2023 - D\u00e9couvrez le le parcours, le profil et les favoris de la 77\u00e8me \u00e9dition d&#039;\u00c0 Travers la Flandre.\" \/>\n<meta property=\"og:url\" content=\"https:\/\/dicodusport.fr\/blog\/a-travers-la-flandre-2023-parcours-profil-et-favoris\/\" \/>\n<meta property=\"og:site_name\" content=\"Dicodusport\" \/>\n<meta property=\"article:publisher\" content=\"https:\/\/www.facebook.com\/dicodusport\" \/>\n<meta property=\"article:author\" content=\"https:\/\/www.facebook.com\/groups\/LesRoisDuPeloton\" \/>\n<meta property=\"article:published_time\" content=\"2023-03-27T18:48:45+00:00\" \/>\n<meta property=\"article:modified_time\" content=\"2023-03-29T06:20:48+00:00\" \/>\n<meta property=\"og:image\" content=\"https:\/\/dicodusport.fr\/blog\/wp-content\/uploads\/2023\/03\/A-Travers-la-Flandre-2023-Parcours-profil-et-favoris.png\" \/>\n\t<meta property=\"og:image:width\" content=\"800\" \/>\n\t<meta property=\"og:image:height\" content=\"445\" \/>\n\t<meta property=\"og:image:type\" content=\"image\/png\" \/>\n<meta name=\"author\" content=\"Emilien Descampiaux\" \/>\n<meta name=\"twitter:card\" content=\"summary_large_image\" \/>\n<meta name=\"twitter:title\" content=\"\u00c0 Travers la Flandre 2023 : Parcours, profil et favoris\" \/>\n<meta name=\"twitter:creator\" content=\"@https:\/\/twitter.com\/LRoisDuPeloton\" \/>\n<meta name=\"twitter:site\" content=\"@dicodusport\" \/>\n<script type=\"application\/ld+json\" class=\"yoast-schema-graph\">{\"@context\":\"https:\/\/schema.org\",\"@graph\":[{\"@type\":\"NewsArticle\",\"@id\":\"https:\/\/dicodusport.fr\/blog\/a-travers-la-flandre-2023-parcours-profil-et-favoris\/#article\",\"isPartOf\":{\"@id\":\"https:\/\/dicodusport.fr\/blog\/a-travers-la-flandre-2023-parcours-profil-et-favoris\/\"},\"author\":{\"name\":\"Emilien Descampiaux\",\"@id\":\"https:\/\/dicodusport.fr\/blog\/#\/schema\/person\/6db4bae06b171592211be385b32876a7\"},\"headline\":\"\u00c0 Travers la Flandre 2023 : Parcours, profil et favoris\",\"datePublished\":\"2023-03-27T18:48:45+00:00\",\"dateModified\":\"2023-03-29T06:20:48+00:00\",\"mainEntityOfPage\":{\"@id\":\"https:\/\/dicodusport.fr\/blog\/a-travers-la-flandre-2023-parcours-profil-et-favoris\/\"},\"wordCount\":761,\"commentCount\":0,\"publisher\":{\"@id\":\"https:\/\/dicodusport.fr\/blog\/#organization\"},\"image\":{\"@id\":\"https:\/\/dicodusport.fr\/blog\/a-travers-la-flandre-2023-parcours-profil-et-favoris\/#primaryimage\"},\"thumbnailUrl\":\"https:\/\/dicodusport.fr\/blog\/wp-content\/uploads\/2023\/03\/A-Travers-la-Flandre-2023-Parcours-profil-et-favoris.png\",\"keywords\":[\"A Travers la Flandre\",\"Actualit\u00e9 Cyclisme\",\"br\u00e8ve\"],\"articleSection\":[\"Cyclisme sur route\"],\"inLanguage\":\"fr-FR\",\"potentialAction\":[{\"@type\":\"CommentAction\",\"name\":\"Comment\",\"target\":[\"https:\/\/dicodusport.fr\/blog\/a-travers-la-flandre-2023-parcours-profil-et-favoris\/#respond\"]}],\"copyrightYear\":\"2023\",\"copyrightHolder\":{\"@id\":\"https:\/\/dicodusport.fr\/blog\/#organization\"}},{\"@type\":\"WebPage\",\"@id\":\"https:\/\/dicodusport.fr\/blog\/a-travers-la-flandre-2023-parcours-profil-et-favoris\/\",\"url\":\"https:\/\/dicodusport.fr\/blog\/a-travers-la-flandre-2023-parcours-profil-et-favoris\/\",\"name\":\"\u00c0 Travers la Flandre 2023 : Parcours, profil et favoris\",\"isPartOf\":{\"@id\":\"https:\/\/dicodusport.fr\/blog\/#website\"},\"primaryImageOfPage\":{\"@id\":\"https:\/\/dicodusport.fr\/blog\/a-travers-la-flandre-2023-parcours-profil-et-favoris\/#primaryimage\"},\"image\":{\"@id\":\"https:\/\/dicodusport.fr\/blog\/a-travers-la-flandre-2023-parcours-profil-et-favoris\/#primaryimage\"},\"thumbnailUrl\":\"https:\/\/dicodusport.fr\/blog\/wp-content\/uploads\/2023\/03\/A-Travers-la-Flandre-2023-Parcours-profil-et-favoris.png\",\"datePublished\":\"2023-03-27T18:48:45+00:00\",\"dateModified\":\"2023-03-29T06:20:48+00:00\",\"description\":\"\u00c0 TRAVERS LA FLANDRE 2023 - D\u00e9couvrez le le parcours, le profil et les favoris de la 77\u00e8me \u00e9dition d'\u00c0 Travers la Flandre.\",\"breadcrumb\":{\"@id\":\"https:\/\/dicodusport.fr\/blog\/a-travers-la-flandre-2023-parcours-profil-et-favoris\/#breadcrumb\"},\"inLanguage\":\"fr-FR\",\"potentialAction\":[{\"@type\":\"ReadAction\",\"target\":[\"https:\/\/dicodusport.fr\/blog\/a-travers-la-flandre-2023-parcours-profil-et-favoris\/\"]}]},{\"@type\":\"ImageObject\",\"inLanguage\":\"fr-FR\",\"@id\":\"https:\/\/dicodusport.fr\/blog\/a-travers-la-flandre-2023-parcours-profil-et-favoris\/#primaryimage\",\"url\":\"https:\/\/dicodusport.fr\/blog\/wp-content\/uploads\/2023\/03\/A-Travers-la-Flandre-2023-Parcours-profil-et-favoris.png\",\"contentUrl\":\"https:\/\/dicodusport.fr\/blog\/wp-content\/uploads\/2023\/03\/A-Travers-la-Flandre-2023-Parcours-profil-et-favoris.png\",\"width\":800,\"height\":445,\"caption\":\"\u00c0 Travers la Flandre 2023 Parcours, profil et favoris\"},{\"@type\":\"BreadcrumbList\",\"@id\":\"https:\/\/dicodusport.fr\/blog\/a-travers-la-flandre-2023-parcours-profil-et-favoris\/#breadcrumb\",\"itemListElement\":[{\"@type\":\"ListItem\",\"position\":1,\"name\":\"Accueil\",\"item\":\"https:\/\/dicodusport.fr\/blog\/\"},{\"@type\":\"ListItem\",\"position\":2,\"name\":\"\u00c0 Travers la Flandre 2023 : Parcours, profil et favoris\"}]},{\"@type\":\"WebSite\",\"@id\":\"https:\/\/dicodusport.fr\/blog\/#website\",\"url\":\"https:\/\/dicodusport.fr\/blog\/\",\"name\":\"Dicodusport\",\"description\":\"L&#039;encyclop\u00e9die de l&#039;actualit\u00e9 sportive\",\"publisher\":{\"@id\":\"https:\/\/dicodusport.fr\/blog\/#organization\"},\"potentialAction\":[{\"@type\":\"SearchAction\",\"target\":{\"@type\":\"EntryPoint\",\"urlTemplate\":\"https:\/\/dicodusport.fr\/blog\/?s={search_term_string}\"},\"query-input\":{\"@type\":\"PropertyValueSpecification\",\"valueRequired\":true,\"valueName\":\"search_term_string\"}}],\"inLanguage\":\"fr-FR\"},{\"@type\":\"NewsMediaOrganization\",\"@id\":\"https:\/\/dicodusport.fr\/blog\/#organization\",\"name\":\"Dicodusport\",\"url\":\"https:\/\/dicodusport.fr\/blog\/\",\"logo\":{\"@type\":\"ImageObject\",\"inLanguage\":\"fr-FR\",\"@id\":\"https:\/\/dicodusport.fr\/blog\/#\/schema\/logo\/image\/\",\"url\":\"https:\/\/dicodusport.fr\/blog\/wp-content\/uploads\/2020\/06\/cropped-LOGO-DICODUSPORT-2020-SANS-FOND-SANS-TEXTE.png\",\"contentUrl\":\"https:\/\/dicodusport.fr\/blog\/wp-content\/uploads\/2020\/06\/cropped-LOGO-DICODUSPORT-2020-SANS-FOND-SANS-TEXTE.png\",\"width\":512,\"height\":512,\"caption\":\"Dicodusport\"},\"image\":{\"@id\":\"https:\/\/dicodusport.fr\/blog\/#\/schema\/logo\/image\/\"},\"sameAs\":[\"https:\/\/www.facebook.com\/dicodusport\",\"https:\/\/x.com\/dicodusport\",\"https:\/\/www.instagram.com\/dicodusport\/\",\"https:\/\/www.youtube.com\/channel\/UC7V2KZ5sd3htJivAbA4ZG3w\"],\"description\":\"Dicodusport est l'encyclop\u00e9die de l'actualit\u00e9 sportive.\",\"email\":\"bonjour@dicodusport.fr\",\"legalName\":\"DICODUSPORT\",\"foundingDate\":\"2018-01-14\",\"vatID\":\"FR71834470973\",\"taxID\":\"83447097300043\",\"numberOfEmployees\":{\"@type\":\"QuantitativeValue\",\"minValue\":\"1\",\"maxValue\":\"10\"}},{\"@type\":\"Person\",\"@id\":\"https:\/\/dicodusport.fr\/blog\/#\/schema\/person\/6db4bae06b171592211be385b32876a7\",\"name\":\"Emilien Descampiaux\",\"image\":{\"@type\":\"ImageObject\",\"inLanguage\":\"fr-FR\",\"@id\":\"https:\/\/dicodusport.fr\/blog\/#\/schema\/person\/image\/\",\"url\":\"https:\/\/dicodusport.fr\/blog\/wp-content\/uploads\/2021\/05\/Emilien-Descampiaux-150x150.jpg\",\"contentUrl\":\"https:\/\/dicodusport.fr\/blog\/wp-content\/uploads\/2021\/05\/Emilien-Descampiaux-150x150.jpg\",\"caption\":\"Emilien Descampiaux\"},\"description\":\"Journaliste\/r\u00e9dacteur depuis 2014 - Fan de la classe de Frank Vandenbroucke, je vis cyclisme (et de ses paysages) depuis plus de 20 ans. Je suis tr\u00e8s impliqu\u00e9 sur mes diff\u00e9rents r\u00e9seaux sociaux pour partager ma passion sur le monde et l'Histoire de la bicyclette avec ma voix sur les images en noir et blanc du succ\u00e8s de Rik Van Steenbergen lors du Ronde sur le V\u00e9lodrome de Gand.\",\"sameAs\":[\"https:\/\/www.facebook.com\/groups\/LesRoisDuPeloton\",\"https:\/\/x.com\/https:\/\/twitter.com\/LRoisDuPeloton\"],\"url\":\"https:\/\/dicodusport.fr\/blog\/author\/emiliend\/\"}]}<\/script>\n<!-- \/ Yoast SEO Premium plugin. -->","yoast_head_json":{"title":"\u00c0 Travers la Flandre 2023 : Parcours, profil et favoris","description":"\u00c0 TRAVERS LA FLANDRE 2023 - D\u00e9couvrez le le parcours, le profil et les favoris de la 77\u00e8me \u00e9dition d'\u00c0 Travers la Flandre.","robots":{"index":"index","follow":"follow","max-snippet":"max-snippet:-1","max-image-preview":"max-image-preview:large","max-video-preview":"max-video-preview:-1"},"canonical":"https:\/\/dicodusport.fr\/blog\/a-travers-la-flandre-2023-parcours-profil-et-favoris\/","og_locale":"fr_FR","og_type":"article","og_title":"\u00c0 Travers la Flandre 2023 : Parcours, profil et favoris","og_description":"\u00c0 TRAVERS LA FLANDRE 2023 - D\u00e9couvrez le le parcours, le profil et les favoris de la 77\u00e8me \u00e9dition d'\u00c0 Travers la Flandre.","og_url":"https:\/\/dicodusport.fr\/blog\/a-travers-la-flandre-2023-parcours-profil-et-favoris\/","og_site_name":"Dicodusport","article_publisher":"https:\/\/www.facebook.com\/dicodusport","article_author":"https:\/\/www.facebook.com\/groups\/LesRoisDuPeloton","article_published_time":"2023-03-27T18:48:45+00:00","article_modified_time":"2023-03-29T06:20:48+00:00","og_image":[{"width":800,"height":445,"url":"https:\/\/dicodusport.fr\/blog\/wp-content\/uploads\/2023\/03\/A-Travers-la-Flandre-2023-Parcours-profil-et-favoris.png","type":"image\/png"}],"author":"Emilien Descampiaux","twitter_card":"summary_large_image","twitter_title":"\u00c0 Travers la Flandre 2023 : Parcours, profil et favoris","twitter_creator":"@https:\/\/twitter.com\/LRoisDuPeloton","twitter_site":"@dicodusport","schema":{"@context":"https:\/\/schema.org","@graph":[{"@type":"NewsArticle","@id":"https:\/\/dicodusport.fr\/blog\/a-travers-la-flandre-2023-parcours-profil-et-favoris\/#article","isPartOf":{"@id":"https:\/\/dicodusport.fr\/blog\/a-travers-la-flandre-2023-parcours-profil-et-favoris\/"},"author":{"name":"Emilien Descampiaux","@id":"https:\/\/dicodusport.fr\/blog\/#\/schema\/person\/6db4bae06b171592211be385b32876a7"},"headline":"\u00c0 Travers la Flandre 2023 : Parcours, profil et favoris","datePublished":"2023-03-27T18:48:45+00:00","dateModified":"2023-03-29T06:20:48+00:00","mainEntityOfPage":{"@id":"https:\/\/dicodusport.fr\/blog\/a-travers-la-flandre-2023-parcours-profil-et-favoris\/"},"wordCount":761,"commentCount":0,"publisher":{"@id":"https:\/\/dicodusport.fr\/blog\/#organization"},"image":{"@id":"https:\/\/dicodusport.fr\/blog\/a-travers-la-flandre-2023-parcours-profil-et-favoris\/#primaryimage"},"thumbnailUrl":"https:\/\/dicodusport.fr\/blog\/wp-content\/uploads\/2023\/03\/A-Travers-la-Flandre-2023-Parcours-profil-et-favoris.png","keywords":["A Travers la Flandre","Actualit\u00e9 Cyclisme","br\u00e8ve"],"articleSection":["Cyclisme sur route"],"inLanguage":"fr-FR","potentialAction":[{"@type":"CommentAction","name":"Comment","target":["https:\/\/dicodusport.fr\/blog\/a-travers-la-flandre-2023-parcours-profil-et-favoris\/#respond"]}],"copyrightYear":"2023","copyrightHolder":{"@id":"https:\/\/dicodusport.fr\/blog\/#organization"}},{"@type":"WebPage","@id":"https:\/\/dicodusport.fr\/blog\/a-travers-la-flandre-2023-parcours-profil-et-favoris\/","url":"https:\/\/dicodusport.fr\/blog\/a-travers-la-flandre-2023-parcours-profil-et-favoris\/","name":"\u00c0 Travers la Flandre 2023 : Parcours, profil et favoris","isPartOf":{"@id":"https:\/\/dicodusport.fr\/blog\/#website"},"primaryImageOfPage":{"@id":"https:\/\/dicodusport.fr\/blog\/a-travers-la-flandre-2023-parcours-profil-et-favoris\/#primaryimage"},"image":{"@id":"https:\/\/dicodusport.fr\/blog\/a-travers-la-flandre-2023-parcours-profil-et-favoris\/#primaryimage"},"thumbnailUrl":"https:\/\/dicodusport.fr\/blog\/wp-content\/uploads\/2023\/03\/A-Travers-la-Flandre-2023-Parcours-profil-et-favoris.png","datePublished":"2023-03-27T18:48:45+00:00","dateModified":"2023-03-29T06:20:48+00:00","description":"\u00c0 TRAVERS LA FLANDRE 2023 - D\u00e9couvrez le le parcours, le profil et les favoris de la 77\u00e8me \u00e9dition d'\u00c0 Travers la Flandre.","breadcrumb":{"@id":"https:\/\/dicodusport.fr\/blog\/a-travers-la-flandre-2023-parcours-profil-et-favoris\/#breadcrumb"},"inLanguage":"fr-FR","potentialAction":[{"@type":"ReadAction","target":["https:\/\/dicodusport.fr\/blog\/a-travers-la-flandre-2023-parcours-profil-et-favoris\/"]}]},{"@type":"ImageObject","inLanguage":"fr-FR","@id":"https:\/\/dicodusport.fr\/blog\/a-travers-la-flandre-2023-parcours-profil-et-favoris\/#primaryimage","url":"https:\/\/dicodusport.fr\/blog\/wp-content\/uploads\/2023\/03\/A-Travers-la-Flandre-2023-Parcours-profil-et-favoris.png","contentUrl":"https:\/\/dicodusport.fr\/blog\/wp-content\/uploads\/2023\/03\/A-Travers-la-Flandre-2023-Parcours-profil-et-favoris.png","width":800,"height":445,"caption":"\u00c0 Travers la Flandre 2023 Parcours, profil et favoris"},{"@type":"BreadcrumbList","@id":"https:\/\/dicodusport.fr\/blog\/a-travers-la-flandre-2023-parcours-profil-et-favoris\/#breadcrumb","itemListElement":[{"@type":"ListItem","position":1,"name":"Accueil","item":"https:\/\/dicodusport.fr\/blog\/"},{"@type":"ListItem","position":2,"name":"\u00c0 Travers la Flandre 2023 : Parcours, profil et favoris"}]},{"@type":"WebSite","@id":"https:\/\/dicodusport.fr\/blog\/#website","url":"https:\/\/dicodusport.fr\/blog\/","name":"Dicodusport","description":"L&#039;encyclop\u00e9die de l&#039;actualit\u00e9 sportive","publisher":{"@id":"https:\/\/dicodusport.fr\/blog\/#organization"},"potentialAction":[{"@type":"SearchAction","target":{"@type":"EntryPoint","urlTemplate":"https:\/\/dicodusport.fr\/blog\/?s={search_term_string}"},"query-input":{"@type":"PropertyValueSpecification","valueRequired":true,"valueName":"search_term_string"}}],"inLanguage":"fr-FR"},{"@type":"NewsMediaOrganization","@id":"https:\/\/dicodusport.fr\/blog\/#organization","name":"Dicodusport","url":"https:\/\/dicodusport.fr\/blog\/","logo":{"@type":"ImageObject","inLanguage":"fr-FR","@id":"https:\/\/dicodusport.fr\/blog\/#\/schema\/logo\/image\/","url":"https:\/\/dicodusport.fr\/blog\/wp-content\/uploads\/2020\/06\/cropped-LOGO-DICODUSPORT-2020-SANS-FOND-SANS-TEXTE.png","contentUrl":"https:\/\/dicodusport.fr\/blog\/wp-content\/uploads\/2020\/06\/cropped-LOGO-DICODUSPORT-2020-SANS-FOND-SANS-TEXTE.png","width":512,"height":512,"caption":"Dicodusport"},"image":{"@id":"https:\/\/dicodusport.fr\/blog\/#\/schema\/logo\/image\/"},"sameAs":["https:\/\/www.facebook.com\/dicodusport","https:\/\/x.com\/dicodusport","https:\/\/www.instagram.com\/dicodusport\/","https:\/\/www.youtube.com\/channel\/UC7V2KZ5sd3htJivAbA4ZG3w"],"description":"Dicodusport est l'encyclop\u00e9die de l'actualit\u00e9 sportive.","email":"bonjour@dicodusport.fr","legalName":"DICODUSPORT","foundingDate":"2018-01-14","vatID":"FR71834470973","taxID":"83447097300043","numberOfEmployees":{"@type":"QuantitativeValue","minValue":"1","maxValue":"10"}},{"@type":"Person","@id":"https:\/\/dicodusport.fr\/blog\/#\/schema\/person\/6db4bae06b171592211be385b32876a7","name":"Emilien Descampiaux","image":{"@type":"ImageObject","inLanguage":"fr-FR","@id":"https:\/\/dicodusport.fr\/blog\/#\/schema\/person\/image\/","url":"https:\/\/dicodusport.fr\/blog\/wp-content\/uploads\/2021\/05\/Emilien-Descampiaux-150x150.jpg","contentUrl":"https:\/\/dicodusport.fr\/blog\/wp-content\/uploads\/2021\/05\/Emilien-Descampiaux-150x150.jpg","caption":"Emilien Descampiaux"},"description":"Journaliste\/r\u00e9dacteur depuis 2014 - Fan de la classe de Frank Vandenbroucke, je vis cyclisme (et de ses paysages) depuis plus de 20 ans. Je suis tr\u00e8s impliqu\u00e9 sur mes diff\u00e9rents r\u00e9seaux sociaux pour partager ma passion sur le monde et l'Histoire de la bicyclette avec ma voix sur les images en noir et blanc du succ\u00e8s de Rik Van Steenbergen lors du Ronde sur le V\u00e9lodrome de Gand.","sameAs":["https:\/\/www.facebook.com\/groups\/LesRoisDuPeloton","https:\/\/x.com\/https:\/\/twitter.com\/LRoisDuPeloton"],"url":"https:\/\/dicodusport.fr\/blog\/author\/emiliend\/"}]}},"_links":{"self":[{"href":"https:\/\/dicodusport.fr\/blog\/wp-json\/wp\/v2\/posts\/369732","targetHints":{"allow":["GET"]}}],"collection":[{"href":"https:\/\/dicodusport.fr\/blog\/wp-json\/wp\/v2\/posts"}],"about":[{"href":"https:\/\/dicodusport.fr\/blog\/wp-json\/wp\/v2\/types\/post"}],"author":[{"embeddable":true,"href":"https:\/\/dicodusport.fr\/blog\/wp-json\/wp\/v2\/users\/48"}],"replies":[{"embeddable":true,"href":"https:\/\/dicodusport.fr\/blog\/wp-json\/wp\/v2\/comments?post=369732"}],"version-history":[{"count":0,"href":"https:\/\/dicodusport.fr\/blog\/wp-json\/wp\/v2\/posts\/369732\/revisions"}],"wp:featuredmedia":[{"embeddable":true,"href":"https:\/\/dicodusport.fr\/blog\/wp-json\/wp\/v2\/media\/369752"}],"wp:attachment":[{"href":"https:\/\/dicodusport.fr\/blog\/wp-json\/wp\/v2\/media?parent=369732"}],"wp:term":[{"taxonomy":"category","embeddable":true,"href":"https:\/\/dicodusport.fr\/blog\/wp-json\/wp\/v2\/categories?post=369732"},{"taxonomy":"post_tag","embeddable":true,"href":"https:\/\/dicodusport.fr\/blog\/wp-json\/wp\/v2\/tags?post=369732"}],"curies":[{"name":"wp","href":"https:\/\/api.w.org\/{rel}","templated":true}]}}