{"id":369806,"date":"2023-03-31T10:34:42","date_gmt":"2023-03-31T08:34:42","guid":{"rendered":"https:\/\/dicodusport.fr\/blog\/?p=369806&#038;preview=true&#038;preview_id=369806"},"modified":"2023-04-01T14:51:34","modified_gmt":"2023-04-01T12:51:34","slug":"tour-des-flandres-2023-favoris-et-outsiders","status":"publish","type":"post","link":"https:\/\/dicodusport.fr\/blog\/tour-des-flandres-2023-favoris-et-outsiders\/","title":{"rendered":"Tour des Flandres 2023 : Favoris et outsiders"},"content":{"rendered":"<p style=\"text-align: justify;\"><em><strong>TOUR DES FLANDRES 2023<span class=\"tojvnm2t a6sixzi8 abs2jz4q a8s20v7p t1p8iaqh k5wvi7nf q3lfd5jv pk4s997a bipmatt0 cebpdrjk qowsmv63 owwhemhu dp1hu0rb dhp61c6y iyyx5f41\"> \u2013 Ce dimanche 2 avril 2023, les coureurs auront rendez-vous avec le deuxi\u00e8me Monument de la saison, le Tour des Flandres. Trois grands favoris se d\u00e9gagent sur une liste de d\u00e9part prestigieuse : Mathieu van der Poel, Wout Van Aert et Tadej Pogacar. De plus, ces trois coureurs ont fait le plein de fra\u00eecheur en ne disputant pas \u00c0 Travers la Flandre.\u00a0<\/span><\/strong><\/em><\/p>\n<h3 style=\"text-align: justify;\">Jumbo-Visma<strong> \u2b50\u2b50\u2b50\u2b50\u2b50<\/strong><\/h3>\n<p style=\"text-align: justify;\">Il sera \u00e9vident que la formation batave sera l&rsquo;\u00e9quipe qui aura le poids de la course. Laur\u00e9ate de <a href=\"https:\/\/dicodusport.fr\/blog\/classement-gand-wevelgem-2023\/\">Gand-Welegem<\/a>, du <a href=\"https:\/\/dicodusport.fr\/blog\/classement-grand-prix-e3-2023\/\">Grand Prix E3<\/a>, du Het Nieuwsblad, d&rsquo;<a href=\"https:\/\/dicodusport.fr\/blog\/classement-a-travers-la-flandre-2023\/\">\u00c0 Travers la Flandre<\/a> et de Kuurne-Bruxelles-Kuurne avec quatre coureurs diff\u00e9rents, elle a montr\u00e9 depuis le d\u00e9but de la saison sur les Flandriennes une force collective au-dessus du reste du peloton. Son leader sera <strong>Wout Van Aert<\/strong> mais elle pourrait brouiller les cartes avec <strong>Christophe Laporte<\/strong>. D&rsquo;autres tr\u00e8s bons \u00e9l\u00e9ments comme <strong>Nathan van Hooijdonck<\/strong> et <strong>Tiesj Benoot<\/strong> pourront suivre les mouvements ou lancer la course de loin. Pour rappel, <strong>Dylan van Baarle<\/strong> (2e l&rsquo;an dernier) et <strong>Jan Tratnik<\/strong> seront forfaits mais la s\u00e9lection reste tr\u00e8s solide.<\/p>\n<h3 style=\"text-align: justify;\">Alpecin-Deceuninck<strong> \u2b50\u2b50\u2b50\u2b50<\/strong><\/h3>\n<p style=\"text-align: justify;\"><strong>Mathieu van der Poel<\/strong> sera sans doute aussi fort, voire plus fort, que <strong>Wout Van Aert<\/strong>. Le vainqueur sortant de Milan-San Remo peut compter sur un lieutenant de luxe avec <strong>S\u00f8ren Kragh Andersen<\/strong>. Le Danois a largement prouv\u00e9 depuis plusieurs semaines qu&rsquo;il \u00e9tait un lieutenant de grande qualit\u00e9 en terminant cinqui\u00e8me de Milan-San Remo et neuvi\u00e8me du GP E3. Septi\u00e8me en 2021, <strong>Gianni Vermeersch<\/strong> a perdu sa place de second couteau dans la hi\u00e9rarchie de cette formation, mais son soutien sera important \u00e0 l&rsquo;amorce des 50 derniers kilom\u00e8tres. Il faudra au moins deux \u00e9quipiers de tr\u00e8s haut niveau pour faire face \u00e0 l&rsquo;armada Jumbo.<\/p>\n<h3 style=\"text-align: justify;\">UAE Team Emirates<strong> \u2b50\u2b50\u2b50\u2b50<\/strong><\/h3>\n<p style=\"text-align: justify;\">Quatri\u00e8me \u00e0 San Remo et troisi\u00e8me sur l&rsquo;E3, <a href=\"https:\/\/dicodusport.fr\/blog\/comment-tadej-pogacar-peut-il-remporter-le-tour-des-flandres-2023\/\"><strong>Tadej Pogacar<\/strong> doit absolument se d\u00e9barrasser de Van Aert et van der Poel<\/a> dans le Paterberg et\/ou le Vieux Quaremont pour esp\u00e9rer la victoire, car sa pointe de vitesse sera insuffisante face \u00e0 MVDP et WVA. L&rsquo;autre inconv\u00e9nient du Slov\u00e8ne sera ses \u00e9quipiers, bien moins forts que Benoot, Kragh Andersen ou Laporte. <strong>Tim Wellens<\/strong>, <strong>Mikkel Bjerg<\/strong> et <strong>Matteo Trentin<\/strong> devront \u00eatre en grande forme pour \u00e9viter que leur leader ne se retrouve isol\u00e9 loin de l&rsquo;arriv\u00e9e. Treizi\u00e8me en 2017, l&rsquo;Italien prot\u00e9gera son leader \u00e0 l&rsquo;approche des monts tandis que le Belge pourrait suivre les coups ou imposer un gros rythme pour une future attaque de son leader. Enfin, sixi\u00e8me de Gand-Welegem, Bjerg est un solide rouleur tr\u00e8s important pour frotter.<\/p>\n<div class=\"vlp-link-container vlp-layout-article\"><a href=\"https:\/\/dicodusport.fr\/blog\/comment-tadej-pogacar-peut-il-remporter-le-tour-des-flandres-2023\/\" class=\"vlp-link\" title=\"Comment Tadej Pogacar peut-il remporter le Tour des Flandres 2023 ?\"><\/a><div class=\"vlp-layout-zone-side\"><div class=\"vlp-block-4 vlp-link-image\"><img loading=\"lazy\" decoding=\"async\" style=\"max-width: 800px;\" width=\"800\" height=\"445\" src=\"https:\/\/dicodusport.fr\/blog\/wp-content\/uploads\/2023\/03\/Tour-des-Flandres-2023-Comment-Pogacar-peut-remporter-la-course-.png\" class=\"attachment-800x445 size-800x445\" alt=\"Tour des Flandres 2023 : Comment Pogacar peut remporter la course ?\" srcset=\"https:\/\/dicodusport.fr\/blog\/wp-content\/uploads\/2023\/03\/Tour-des-Flandres-2023-Comment-Pogacar-peut-remporter-la-course-.png 800w, https:\/\/dicodusport.fr\/blog\/wp-content\/uploads\/2023\/03\/Tour-des-Flandres-2023-Comment-Pogacar-peut-remporter-la-course--300x167.png 300w, https:\/\/dicodusport.fr\/blog\/wp-content\/uploads\/2023\/03\/Tour-des-Flandres-2023-Comment-Pogacar-peut-remporter-la-course--768x427.png 768w\" sizes=\"auto, (max-width: 800px) 100vw, 800px\" \/><\/div><\/div><div class=\"vlp-layout-zone-main\"><div class=\"vlp-block-0 vlp-link-title\">Comment Tadej Pogacar peut-il remporter le Tour des Flandres 2023 ?<\/div><div class=\"vlp-block-1 vlp-link-summary\">TOUR DES FLANDRES 2023 - Tadej Pogacar (UAE Team Emirates) a but\u00e9 sur Wout Van Aert et Mathieu van der Poel sur le Grand Prix E3 vendredi dernier. Tout comme il avait d\u00e9j\u00e0 coinc\u00e9 face au N\u00e9erlandais l'an pass\u00e9 sur le Ronde. Que doit faire le Slov\u00e8ne pour esp\u00e9rer renverser la table sur l'\u00e9dition 2023 ?<\/div><div class=\"vlp-block-2 vlp-link-button\">Lire l'article<\/div><div class=\"vlp-block-3 vlp-link-url\">dicodusport.fr<\/div><\/div><\/div>\n<h3 style=\"text-align: justify;\">Groupama-FDJ <strong>\u2b50\u2b50\u2b50<\/strong><\/h3>\n<p style=\"text-align: justify;\">L\u00e0 aussi, un duo compl\u00e9mentaire comme leaders.<strong> Stefan K\u00fcng<\/strong> a enfin pass\u00e9 ce cap physique. Le rouleur suisse peut jouer une place dans le top 5. Troisi\u00e8me l&rsquo;an dernier, <strong>Valentin Madouas<\/strong> a pris ses rep\u00e8res sur l&rsquo;E3 et \u00e0 Travers la Flandre. Avec une semaine de pr\u00e9paration en plus, nul doute qu&rsquo;il peut encore jouer les trouble-f\u00eates. Malheureusement, le Fran\u00e7ais est moins bon pour frotter mais adore quand la course devient dure. Cependant, l&rsquo;effectif est homog\u00e8ne avec <strong>Askey<\/strong>, <strong>Le Gac<\/strong>, <strong>Watson<\/strong> et <strong>Geniets.<\/strong><\/p>\n<h3 style=\"text-align: justify;\">Soudal Quick-Step<strong> \u2b50\u2b50\u2b50<\/strong><\/h3>\n<p style=\"text-align: justify;\"><strong>Kasper Asgreen<\/strong> et <strong>Julian Alaphilippe<\/strong> doivent une revanche \u00e0 Patrick Lefevere. L&rsquo;ancienne meilleure \u00e9quipe du monde sur les Flandriennes n&rsquo;est plus que l&rsquo;ombre d&rsquo;elle-m\u00eame en 2023. Des placettes d&rsquo;<strong>Yves Lampaert<\/strong> \u00e0 Brugge-De Panne et de <a href=\"https:\/\/dicodusport.fr\/blog\/tour-des-flandres-2023-davide-ballerini-la-meilleure-carte-de-la-soudal-quick-step\/\"><strong>Davide Ballerini<\/strong><\/a> sur le Het Nieuwsblad n&rsquo;ont \u00e9t\u00e9 que de l\u00e9g\u00e8res \u00e9claircies dans le ciel du Wolfpack. Vainqueur en 2021 et deuxi\u00e8me en 2019, <strong>Kasper Asgreen<\/strong> est aux abonn\u00e9s absents depuis le d\u00e9but de saison, avec au mieux une trente-sixi\u00e8me place sur Milan-San Remo. Malade il y a une semaine, l&rsquo;ancien double champion du monde Julian Alaphilippe va devoir retrouver au mieux ses jambes de San Remo pour esp\u00e9rer un top 10. On a vu du mieux mercredi sur \u00c0 Travers la Flandre, mais c&rsquo;\u00e9tait insuffisant face aux \u00e9quipiers des trois cadors. Lampaert a un profil de Roubaisien, et il va falloir un sacr\u00e9 concours de circonstances pour Ballerini.<\/p>\n<div class=\"vlp-link-container vlp-layout-article\"><a href=\"https:\/\/dicodusport.fr\/blog\/tour-des-flandres-2023-davide-ballerini-la-meilleure-carte-de-la-soudal-quick-step\/\" class=\"vlp-link\" title=\"Tour des Flandres 2023 : Davide Ballerini, la meilleure carte de la Soudal Quick-Step ?\"><\/a><div class=\"vlp-layout-zone-side\"><div class=\"vlp-block-4 vlp-link-image\"><img loading=\"lazy\" decoding=\"async\" style=\"max-width: 800px;\" width=\"800\" height=\"445\" src=\"https:\/\/dicodusport.fr\/blog\/wp-content\/uploads\/2023\/03\/Tour-des-Flandres-2023-Davide-Ballerini-la-meilleure-carte-de-la-Soudal-Quick-Step-.png\" class=\"attachment-800x445 size-800x445\" alt=\"Tour des Flandres 2023 : Davide Ballerini la meilleure carte de la Soudal-Quick Step ?\" srcset=\"https:\/\/dicodusport.fr\/blog\/wp-content\/uploads\/2023\/03\/Tour-des-Flandres-2023-Davide-Ballerini-la-meilleure-carte-de-la-Soudal-Quick-Step-.png 800w, https:\/\/dicodusport.fr\/blog\/wp-content\/uploads\/2023\/03\/Tour-des-Flandres-2023-Davide-Ballerini-la-meilleure-carte-de-la-Soudal-Quick-Step--300x167.png 300w, https:\/\/dicodusport.fr\/blog\/wp-content\/uploads\/2023\/03\/Tour-des-Flandres-2023-Davide-Ballerini-la-meilleure-carte-de-la-Soudal-Quick-Step--768x427.png 768w\" sizes=\"auto, (max-width: 800px) 100vw, 800px\" \/><\/div><\/div><div class=\"vlp-layout-zone-main\"><div class=\"vlp-block-0 vlp-link-title\">Tour des Flandres 2023 : Davide Ballerini, la meilleure carte de la Soudal Quick-Step ?<\/div><div class=\"vlp-block-1 vlp-link-summary\">TOUR DES FLANDRES 2023 - Davide Ballerini a termin\u00e9 A Travers la Flandre \u00e0 la 7e place. La meilleure place de son \u00e9quipe Soudal Quick-Step. \u00c0 trois jours du Tour des Flandres, premier Monument de la saison, peut-il \u00eatre la meilleure carte de la formation belge, en grande difficult\u00e9 en 2023 sur les Flandriennes ?<\/div><div class=\"vlp-block-2 vlp-link-button\">Lire l'article<\/div><div class=\"vlp-block-3 vlp-link-url\">dicodusport.fr<\/div><\/div><\/div>\n<h3 style=\"text-align: justify;\">INEOS Grenadiers<strong> \u2b50\u2b50\u2b50<\/strong><\/h3>\n<p style=\"text-align: justify;\">Si <strong>Tom Pidcock<\/strong> retrouve la forme des Strade Bianche, on peut donner une \u00e9toile en plus \u00e0 la formation britannique. Malheureusement, la chute du Britannique sur Tirreno-Adriatico a coup\u00e9 son \u00e9lan. Il devrait \u00eatre en manque de rythme pour le Ronde malgr\u00e9 sa reprise en comp\u00e9tition sur \u00c0 Travers la Flandre, mercredi. Mais, <strong>Pidcock <\/strong>peut surprendre malgr\u00e9 tout. M\u00eame propos pour <strong>Ben Turner<\/strong>, une fracture du coude a stopp\u00e9 un super d\u00e9but de saison. Malheureusement, <strong>Filippo Ganna<\/strong> sera absent pour se concentrer sur l&rsquo;Enfer du Nord. Il avait pass\u00e9 un s\u00e9rieux cap en termes de r\u00e9sultats sur les grandes courses avec sa deuxi\u00e8me place sur la Via Roma et avait montr\u00e9 des choses int\u00e9ressantes \u00e0 l&rsquo;E3.<\/p>\n<h3 style=\"text-align: justify;\">Trek-Segafredo <strong>\u2b50\u2b50\u2b50<\/strong><\/h3>\n<p style=\"text-align: justify;\">Avec <strong>Mads Pedersen<\/strong> et <strong>Jasper Stuyven<\/strong>, cette \u00e9quipe a de jolis outsiders pour un potentiel top 5. Fantomatique l&rsquo;an dernier, <strong>Stuyven<\/strong> semble avoir retrouv\u00e9 ses jambes et<strong> Mads Pedersen<\/strong> prouve depuis deux ans qu&rsquo;il est un des meilleurs routiers du monde. Le Danois n&rsquo;est pas qu&rsquo;un sprinteur, il a du coffre. Quatri\u00e8me en 2021, <strong>Stuyven<\/strong> aura du mal \u00e0 r\u00e9\u00e9diter ce r\u00e9sultat, tout comme Pedersen avec sa deuxi\u00e8me place en 2018. Cependant, on a vu un collectif performant sur les derni\u00e8res courses, avec <strong>Edward Theuns<\/strong> et <strong>Alex Kirsch<\/strong>.<\/p>\n<h3 style=\"text-align: justify;\"><strong>B<\/strong>ahrain Victorious <strong>\u2b50\u2b50\u2b50<\/strong><\/h3>\n<p style=\"text-align: justify;\"><strong>Matej Mohoric<\/strong> a montr\u00e9 plusieurs fois ce printemps qu&rsquo;il faisait partie du deuxi\u00e8me \u00e9chelon chez les Flandriens derri\u00e8re les trois favoris. Le Slov\u00e8ne va devoir anticiper pour esp\u00e9rer un \u00e9ventuel podium. Il sera clairement l&rsquo;atout num\u00e9ro un de sa formation, puisque <strong>Fred Wright<\/strong> n&rsquo;a pas la m\u00eame condition que la saison pass\u00e9e. Huiti\u00e8me du Het Nieuwsblad et d&rsquo;\u00c0 Travers la Flandre, <strong>Andrea Pasqualon<\/strong> sera un solide capitaine de route. Les d\u00e9parts de <strong>Teuns<\/strong> et<strong> Tratnik<\/strong> font tr\u00e8s mal.<\/p>\n<h3 style=\"text-align: justify;\">Movistar<strong> \u2b50\u2b50<\/strong><\/h3>\n<p style=\"text-align: justify;\">La petite surprise des pr\u00e9dictions. La formation espagnole n&rsquo;est pas une habitu\u00e9e des Flandriennes, mis \u00e0 part les \u00e9pisodes Imanol Erviti. Sur l&rsquo;E3 Harelbeke, <strong>Matteo Jorgenson<\/strong> et <strong>Ivan Garcia Cortina<\/strong> ont \u00e9t\u00e9 chercher des surprenantes quatri\u00e8me et cinqui\u00e8me places. Seront-ils capables de r\u00e9\u00e9diter cet exploit sur une course plus longue et plus dure ? De plus, cette formation a toujours plac\u00e9 des hommes \u00e0 l&rsquo;avant de la course, avec l&rsquo;incroyable podium d&rsquo;<strong>Oier Lazkano<\/strong>, mercredi, \u00e0 Waregem. Une \u00e9quipe d\u00e9complex\u00e9e.<\/p>\n<h3 style=\"text-align: justify;\">EF Education EasyPost<strong> \u2b50\u2b50<\/strong><\/h3>\n<p style=\"text-align: justify;\"><strong>Alberto Bettiol<\/strong> a d\u00e9j\u00e0 remport\u00e9 le Tour des Flandres (\u00e0 la surprise g\u00e9n\u00e9rale et face \u00e0 une concurrence moindre) mais le coureur italien sera forfait puisqu&rsquo;il est malade. Cependant, <strong>Neilson Powless<\/strong> et <strong>Mikkel Honor\u00e9<\/strong> ont montr\u00e9 de belles choses sur \u00c0 Travers la Flandre. L&rsquo;Am\u00e9ricain manquera d&rsquo;exp\u00e9rience sur ce type de course, mais il a un sacr\u00e9 potentiel et peut \u00eatre le Fred Wright de l&rsquo;\u00e9dition 2023 du Ronde. Le Danois devrait jouer le r\u00f4le d&rsquo;animateur assez loin de l&rsquo;arriv\u00e9e.<\/p>\n<h3 style=\"text-align: justify;\">Israel Premier-Tech<strong> \u2b50\u2b50<\/strong><\/h3>\n<p style=\"text-align: justify;\">Troisi\u00e8me \u00e0 Wevelgem, <strong>Sep Vanmarcke<\/strong> a retrouv\u00e9 des couleurs sous les averses froides , dimanche. Malchanceux tout au long de sa carri\u00e8re, le Belge devra \u00e9viter les chutes et les ennuis m\u00e9caniques pour s&rsquo;incruster dans la bataille. L&rsquo;an dernier, <strong>Dylan Teuns<\/strong> a montr\u00e9 des choses int\u00e9ressantes et sera un soutien important pour <strong>Vanmarcke<\/strong>, tout comme <strong>Krists Neilands<\/strong>.<\/p>\n<h3 style=\"text-align: justify;\">Bora-Hansgrohe<strong> \u2b50<\/strong><\/h3>\n<p style=\"text-align: justify;\"><strong>Nils Politt<\/strong> sera capable de viser une place \u00e0 l&rsquo;entr\u00e9e du top 10. Mais, le champion d&rsquo;Allemagne a un profil destin\u00e9 \u00e0 Paris-Roubaix. Les forts pourcentages du Koppenberg ou du Paterberg lui seront fatals. Suivre l&rsquo;offensive des outsiders peut lui permettre une meilleure place. Dans un pass\u00e9 pas si lointain, <strong>Bob Jungels<\/strong> aurait pu \u00eatre un candidat \u00e0 une placette. Mais le Luxembourgeois n&rsquo;a pas couru une course flandrienne de l&rsquo;ann\u00e9e.<\/p>\n<div class=\"vlp-link-container vlp-layout-article\"><a href=\"https:\/\/dicodusport.fr\/blog\/tour-des-flandres-2023-les-engages\/\" class=\"vlp-link\" title=\"Tour des Flandres 2023 : Les engag\u00e9s\"><\/a><div class=\"vlp-layout-zone-side\"><div class=\"vlp-block-4 vlp-link-image\"><img loading=\"lazy\" decoding=\"async\" style=\"max-width: 800px;\" width=\"800\" height=\"445\" src=\"https:\/\/dicodusport.fr\/blog\/wp-content\/uploads\/2023\/03\/Tour-des-Flandres-2023-Les-engages.png\" class=\"attachment-800x445 size-800x445\" alt=\"\" srcset=\"https:\/\/dicodusport.fr\/blog\/wp-content\/uploads\/2023\/03\/Tour-des-Flandres-2023-Les-engages.png 800w, https:\/\/dicodusport.fr\/blog\/wp-content\/uploads\/2023\/03\/Tour-des-Flandres-2023-Les-engages-300x167.png 300w, https:\/\/dicodusport.fr\/blog\/wp-content\/uploads\/2023\/03\/Tour-des-Flandres-2023-Les-engages-768x427.png 768w\" sizes=\"auto, (max-width: 800px) 100vw, 800px\" \/><\/div><\/div><div class=\"vlp-layout-zone-main\"><div class=\"vlp-block-0 vlp-link-title\">Tour des Flandres 2023 : Les engag\u00e9s<\/div><div class=\"vlp-block-1 vlp-link-summary\">CYCLISME SUR ROUTE 2023 \u2013 D\u00e9couvrez la liste des engag\u00e9s du Tour des Flandres 2023, la 107\u00e8me \u00e9dition du Ronde, le deuxi\u00e8me Monument de la saison, qui se d\u00e9roule ce dimanche 2 avril 2023.<\/div><div class=\"vlp-block-2 vlp-link-button\">Lire l'article<\/div><div class=\"vlp-block-3 vlp-link-url\">dicodusport.fr<\/div><\/div><\/div>\n<h3 style=\"text-align: justify;\">TotalEnergies<strong> \u2b50<\/strong><\/h3>\n<p style=\"text-align: justify;\">Quatri\u00e8me du Ronde en 2020 et neuvi\u00e8me de Milan-San Remo cette saison, <strong>Anthony Turgis<\/strong> sera le leader de l&rsquo;\u00e9quipe vend\u00e9enne au sein d&rsquo;un effectif aguerri. Moins en verve que l&rsquo;an dernier, <strong>Dries Van Gestel<\/strong> sera son lieutenant, mais il pourrait jouer sa carte en cas de d\u00e9faillance de son leader. <strong>Peter Sagan<\/strong> ? Il ne sera pas dans la bagarre pour sa derni\u00e8re dans les pelotons.<\/p>\n<h3 style=\"text-align: justify;\">Intermarch\u00e9-Circus-Wanty<strong> \u2b50<\/strong><\/h3>\n<p style=\"text-align: justify;\">Auteure d&rsquo;un d\u00e9but de saison canon, l&rsquo;\u00e9quipe wallonne est entr\u00e9e dans le rang. <strong>Biniam Girmay<\/strong> est encore trop tendre pour le Ronde avec la distance et les monts sont bien plus durs que sur Gand-Wevelgem. L\u2019\u00c9rythr\u00e9en va continuer son apprentissage sur ce type de course. Malgr\u00e9 une \u00e9claircie sur Le Samyn, <strong>Mike Teunissen<\/strong> n&rsquo;a pas encore montr\u00e9 ce pourquoi il a \u00e9t\u00e9 recrut\u00e9 cet hiver et sera forfait \u00e0 cause d&rsquo;une infection des voies respiratoires. Comme \u00e0 Kuurne, <strong>Taco van der Hoorn<\/strong> pourrait finalement attaquer de loin voire de tr\u00e8s loin, pour \u00e9viter de subir la course et r\u00e9aliser une belle performance.<\/p>\n<h3 style=\"text-align: justify;\">AG2R Citro\u00ebn<strong> \u2b50<\/strong><\/h3>\n<p style=\"text-align: justify;\">Certes en regardant le pedigree des deux leaders, on mettrait facilement deux \u00e9toiles de plus. Mais, depuis plus d&rsquo;un an, <strong>Greg Van Avermaet<\/strong> et <strong>Oliver Naesen<\/strong> d\u00e9\u00e7oivent, et une dixi\u00e8me place serait quasiment prise pour un succ\u00e8s. Le troisi\u00e8me Belge, <strong>Stan Dewulf<\/strong>, n&rsquo;a pas encore pass\u00e9 le cap en World Tour. Pour rappel, <strong>Van Avermaet<\/strong> a fini deuxi\u00e8me en 2014 et en 2017 et s&rsquo;est class\u00e9 troisi\u00e8me en 2015 et en 2021, tandis que Naesen a termin\u00e9 septi\u00e8me en 2017 et en 2020. On suivra le comportement de <strong>Beno\u00eet Cosnefroy<\/strong>.<\/p>\n<h3 style=\"text-align: justify;\">Lotto Dstny <strong>\u2b50<\/strong><\/h3>\n<p style=\"text-align: justify;\">En l&rsquo;absence d&rsquo;<strong>Arnaud De Lie<\/strong> et de <strong>Victor Campenaerts<\/strong>, <strong>Frederik Frison<\/strong> semble le meilleur coureur en vue du Tour des Flandres. \u00c0 30 ans, il n&rsquo;a jamais \u00e9t\u00e9 aussi performant. Quand il a pu jouer sa carte, il a fini quatri\u00e8me sur Bruges De Panne et Gand-Welegem. N\u00e9anmoins, la formation belge pourrait miser sur le jeune <strong>Florian Vermeersch<\/strong>, 24 ans. Le natif de Gand a \u00e9t\u00e9 assez performant sur Gand-Wevelgem.<\/p>\n<h3 style=\"text-align: justify;\">Arkea-Samsic <strong>\u2b50<\/strong><\/h3>\n<p style=\"text-align: justify;\">Dix-septi\u00e8me l&rsquo;an dernier, <strong>Matis Louvel<\/strong> voit sa forme progresser depuis plusieurs jours. Le Breton peut \u00e0 nouveau viser un Top 20. Soutenu par <strong>Biermans<\/strong> et <strong>Dekker<\/strong>, le Breton sera bien seul dans le final mais il n&rsquo;aura aucune pression et tentera de suivre au maximum de ses possibilit\u00e9s du jour. On suivra \u00e9galement la prestation de <strong>Mathis Le Berre<\/strong> s&rsquo;il arrive \u00e0 \u00eatre dans l&rsquo;\u00e9chapp\u00e9e matinale.<\/p>\n<h3 style=\"text-align: justify;\">Jayco AlUla<strong> \u2b50<\/strong><\/h3>\n<p style=\"text-align: justify;\"><strong>Michael Matthews<\/strong> a le m\u00eame probl\u00e8me que Pidcock. \u00c0 cause du COVID, l&rsquo;Australien n&rsquo;a pu reprendre la comp\u00e9tition que mercredi. Sixi\u00e8me en 2019, il risque d&rsquo;\u00eatre un peu court pour les 273 kilom\u00e8tres de course, dimanche. Entr\u00e9 trois fois dans un Top 10 durant sa carri\u00e8re, le v\u00e9t\u00e9ran tch\u00e8que <strong>Zden\u011bk \u0160tybar<\/strong> est loin de son niveau d&rsquo;antan.<\/p>\n<h3 style=\"text-align: justify;\">Uno-X <strong>\u2b50<\/strong><\/h3>\n<p style=\"text-align: justify;\">Laur\u00e9at il y a huit ans sur le Ronde et encore dixi\u00e8me l&rsquo;an dernier, <strong>Alexander Kristoff<\/strong> est un coureur tr\u00e8s solide. N\u00e9anmoins, il ne semble pas \u00eatre \u00e0 100 % pour matcher \u00e0 la p\u00e9dale avec les meilleurs. <strong>Rasmus Tiller<\/strong> aime ce type de course, mais n&rsquo;a pas encore le coffre pour le Ronde. L&rsquo;\u00e9quipe scandinave ira \u00e9galement dans l&rsquo;\u00e9chapp\u00e9e matinale.<\/p>\n<h3 style=\"text-align: justify;\">Team DSM <strong>\u2b50<\/strong><\/h3>\n<p style=\"text-align: justify;\">Clairement, l&rsquo;une des formations World Team les moins bien arm\u00e9es pour les Flandriennes.<strong> John Degenkolb<\/strong> n&rsquo;est plus que l&rsquo;ombre de lui-m\u00eame. S\u00e9rieusement, finir dans les 20 premiers serait une r\u00e9ussite. Les jeunes \u00e9l\u00e9ments iront de l&rsquo;avant d\u00e8s les premiers kilom\u00e8tres.<\/p>\n<h3 style=\"text-align: justify;\">Cofidis<strong> \u2b50<\/strong><\/h3>\n<p style=\"text-align: justify;\">Qui pourrait briller dimanche dans l&rsquo;\u00e9quipe nordiste ? <strong>Jelle Wallays<\/strong> est un baroudeur appr\u00e9ciant plus les pav\u00e9s de Roubaix que les monts flandriens. Au top de sa forme, <strong>Max Walscheid<\/strong> peut entrer dans les 30. On devrait voir un Cofidis dans l&rsquo;\u00e9chapp\u00e9e matinale pour \u00e9viter de passer inaper\u00e7u sur ce Monument, malgr\u00e9 une saison flandrienne loin d&rsquo;\u00eatre d\u00e9cevante gr\u00e2ce \u00e0 <strong>Alexis Renard<\/strong> et <strong>Axel Zingle<\/strong>.<\/p>\n<p style=\"text-align: justify;\"><strong>Bingoal WB, Q 36.5<\/strong> et <strong>Flanders Baloise<\/strong> iront dans l&rsquo;\u00e9chapp\u00e9e matinale. Enfin, l&rsquo;\u00e9quipe <strong>Astana Qazaqstan<\/strong> a amen\u00e9 une \u00e9quipe assez faible et jouera \u00e9galement l&rsquo;\u00e9chapp\u00e9e matinale.<\/p>\n<h2 style=\"text-align: justify;\">\u00c0 lire aussi<\/h2>\n<ul>\n<li style=\"text-align: justify;\"><a href=\"https:\/\/dicodusport.fr\/blog\/tour-des-flandres-2023-parcours-et-profil\/\" target=\"_blank\" rel=\"noopener\"><strong>Tour des Flandres 2023 : Parcours et profil<\/strong><\/a><\/li>\n<li style=\"text-align: justify;\"><a href=\"https:\/\/dicodusport.fr\/blog\/tour-des-flandres-2023-a-quelle-heure-et-sur-quelle-chaine-tv\/\" target=\"_blank\" rel=\"noopener\"><strong>Tour des Flandres 2023 : \u00c0 quelle heure et sur quelle cha\u00eene TV<\/strong><\/a><\/li>\n<li><a href=\"https:\/\/dicodusport.fr\/blog\/tour-des-flandres-2023-notre-pronostic\/\" target=\"_blank\" rel=\"noopener\"><strong>Tour des Flandres 2023 : Notre pronostic<\/strong><\/a><\/li>\n<\/ul>\n","protected":false},"excerpt":{"rendered":"<p>TOUR DES FLANDRES 2023 &#8211; D\u00e9couvrez les favoris et outsiders du Tour des Flandres, le deuxi\u00e8me Monument de la saison.<\/p>\n","protected":false},"author":48,"featured_media":370592,"comment_status":"open","ping_status":"closed","sticky":false,"template":"","format":"standard","meta":{"_acf_changed":false,"_daextam_enable_autolinks":"","footnotes":""},"categories":[46994],"tags":[3119,16878,4325],"class_list":["post-369806","post","type-post","status-publish","format-standard","has-post-thumbnail","hentry","category-cyclisme-sur-route","tag-actualite-cyclisme","tag-breve","tag-tour-des-flandres"],"acf":[],"yoast_head":"<!-- This site is optimized with the Yoast SEO Premium plugin v26.7 (Yoast SEO v26.7) - https:\/\/yoast.com\/wordpress\/plugins\/seo\/ -->\n<title>Tour des Flandres 2023 : Favoris et outsiders<\/title>\n<meta name=\"description\" content=\"TOUR DES FLANDRES 2023 - D\u00e9couvrez les favoris et outsiders du Tour des Flandres, le deuxi\u00e8me Monument de la saison.\" \/>\n<meta name=\"robots\" content=\"index, follow, max-snippet:-1, max-image-preview:large, max-video-preview:-1\" \/>\n<link rel=\"canonical\" href=\"https:\/\/dicodusport.fr\/blog\/tour-des-flandres-2023-favoris-et-outsiders\/\" \/>\n<meta property=\"og:locale\" content=\"fr_FR\" \/>\n<meta property=\"og:type\" content=\"article\" \/>\n<meta property=\"og:title\" content=\"Tour des Flandres 2023 : Favoris et outsiders\" \/>\n<meta property=\"og:description\" content=\"TOUR DES FLANDRES 2023 - D\u00e9couvrez les favoris et outsiders du Tour des Flandres, le deuxi\u00e8me Monument de la saison.\" \/>\n<meta property=\"og:url\" content=\"https:\/\/dicodusport.fr\/blog\/tour-des-flandres-2023-favoris-et-outsiders\/\" \/>\n<meta property=\"og:site_name\" content=\"Dicodusport\" \/>\n<meta property=\"article:publisher\" content=\"https:\/\/www.facebook.com\/dicodusport\" \/>\n<meta property=\"article:author\" content=\"https:\/\/www.facebook.com\/groups\/LesRoisDuPeloton\" \/>\n<meta property=\"article:published_time\" content=\"2023-03-31T08:34:42+00:00\" \/>\n<meta property=\"article:modified_time\" content=\"2023-04-01T12:51:34+00:00\" \/>\n<meta property=\"og:image\" content=\"https:\/\/dicodusport.fr\/blog\/wp-content\/uploads\/2023\/03\/Tour-des-Flandres-2023-Favoris-et-outsiders.png\" \/>\n\t<meta property=\"og:image:width\" content=\"800\" \/>\n\t<meta property=\"og:image:height\" content=\"445\" \/>\n\t<meta property=\"og:image:type\" content=\"image\/png\" \/>\n<meta name=\"author\" content=\"Emilien Descampiaux\" \/>\n<meta name=\"twitter:card\" content=\"summary_large_image\" \/>\n<meta name=\"twitter:title\" content=\"Tour des Flandres 2023 : Favoris et outsiders\" \/>\n<meta name=\"twitter:creator\" content=\"@https:\/\/twitter.com\/LRoisDuPeloton\" \/>\n<meta name=\"twitter:site\" content=\"@dicodusport\" \/>\n<script type=\"application\/ld+json\" class=\"yoast-schema-graph\">{\"@context\":\"https:\/\/schema.org\",\"@graph\":[{\"@type\":\"NewsArticle\",\"@id\":\"https:\/\/dicodusport.fr\/blog\/tour-des-flandres-2023-favoris-et-outsiders\/#article\",\"isPartOf\":{\"@id\":\"https:\/\/dicodusport.fr\/blog\/tour-des-flandres-2023-favoris-et-outsiders\/\"},\"author\":{\"name\":\"Emilien Descampiaux\",\"@id\":\"https:\/\/dicodusport.fr\/blog\/#\/schema\/person\/6db4bae06b171592211be385b32876a7\"},\"headline\":\"Tour des Flandres 2023 : Favoris et outsiders\",\"datePublished\":\"2023-03-31T08:34:42+00:00\",\"dateModified\":\"2023-04-01T12:51:34+00:00\",\"mainEntityOfPage\":{\"@id\":\"https:\/\/dicodusport.fr\/blog\/tour-des-flandres-2023-favoris-et-outsiders\/\"},\"wordCount\":2307,\"commentCount\":0,\"publisher\":{\"@id\":\"https:\/\/dicodusport.fr\/blog\/#organization\"},\"image\":{\"@id\":\"https:\/\/dicodusport.fr\/blog\/tour-des-flandres-2023-favoris-et-outsiders\/#primaryimage\"},\"thumbnailUrl\":\"https:\/\/dicodusport.fr\/blog\/wp-content\/uploads\/2023\/03\/Tour-des-Flandres-2023-Favoris-et-outsiders.png\",\"keywords\":[\"Actualit\u00e9 Cyclisme\",\"br\u00e8ve\",\"Tour des Flandres\"],\"articleSection\":[\"Cyclisme sur route\"],\"inLanguage\":\"fr-FR\",\"potentialAction\":[{\"@type\":\"CommentAction\",\"name\":\"Comment\",\"target\":[\"https:\/\/dicodusport.fr\/blog\/tour-des-flandres-2023-favoris-et-outsiders\/#respond\"]}],\"copyrightYear\":\"2023\",\"copyrightHolder\":{\"@id\":\"https:\/\/dicodusport.fr\/blog\/#organization\"}},{\"@type\":\"WebPage\",\"@id\":\"https:\/\/dicodusport.fr\/blog\/tour-des-flandres-2023-favoris-et-outsiders\/\",\"url\":\"https:\/\/dicodusport.fr\/blog\/tour-des-flandres-2023-favoris-et-outsiders\/\",\"name\":\"Tour des Flandres 2023 : Favoris et outsiders\",\"isPartOf\":{\"@id\":\"https:\/\/dicodusport.fr\/blog\/#website\"},\"primaryImageOfPage\":{\"@id\":\"https:\/\/dicodusport.fr\/blog\/tour-des-flandres-2023-favoris-et-outsiders\/#primaryimage\"},\"image\":{\"@id\":\"https:\/\/dicodusport.fr\/blog\/tour-des-flandres-2023-favoris-et-outsiders\/#primaryimage\"},\"thumbnailUrl\":\"https:\/\/dicodusport.fr\/blog\/wp-content\/uploads\/2023\/03\/Tour-des-Flandres-2023-Favoris-et-outsiders.png\",\"datePublished\":\"2023-03-31T08:34:42+00:00\",\"dateModified\":\"2023-04-01T12:51:34+00:00\",\"description\":\"TOUR DES FLANDRES 2023 - D\u00e9couvrez les favoris et outsiders du Tour des Flandres, le deuxi\u00e8me Monument de la saison.\",\"breadcrumb\":{\"@id\":\"https:\/\/dicodusport.fr\/blog\/tour-des-flandres-2023-favoris-et-outsiders\/#breadcrumb\"},\"inLanguage\":\"fr-FR\",\"potentialAction\":[{\"@type\":\"ReadAction\",\"target\":[\"https:\/\/dicodusport.fr\/blog\/tour-des-flandres-2023-favoris-et-outsiders\/\"]}]},{\"@type\":\"ImageObject\",\"inLanguage\":\"fr-FR\",\"@id\":\"https:\/\/dicodusport.fr\/blog\/tour-des-flandres-2023-favoris-et-outsiders\/#primaryimage\",\"url\":\"https:\/\/dicodusport.fr\/blog\/wp-content\/uploads\/2023\/03\/Tour-des-Flandres-2023-Favoris-et-outsiders.png\",\"contentUrl\":\"https:\/\/dicodusport.fr\/blog\/wp-content\/uploads\/2023\/03\/Tour-des-Flandres-2023-Favoris-et-outsiders.png\",\"width\":800,\"height\":445,\"caption\":\"Tour des Flandres 2023 Favoris et outsiders\"},{\"@type\":\"BreadcrumbList\",\"@id\":\"https:\/\/dicodusport.fr\/blog\/tour-des-flandres-2023-favoris-et-outsiders\/#breadcrumb\",\"itemListElement\":[{\"@type\":\"ListItem\",\"position\":1,\"name\":\"Accueil\",\"item\":\"https:\/\/dicodusport.fr\/blog\/\"},{\"@type\":\"ListItem\",\"position\":2,\"name\":\"Tour des Flandres 2023 : Favoris et outsiders\"}]},{\"@type\":\"WebSite\",\"@id\":\"https:\/\/dicodusport.fr\/blog\/#website\",\"url\":\"https:\/\/dicodusport.fr\/blog\/\",\"name\":\"Dicodusport\",\"description\":\"L&#039;encyclop\u00e9die de l&#039;actualit\u00e9 sportive\",\"publisher\":{\"@id\":\"https:\/\/dicodusport.fr\/blog\/#organization\"},\"potentialAction\":[{\"@type\":\"SearchAction\",\"target\":{\"@type\":\"EntryPoint\",\"urlTemplate\":\"https:\/\/dicodusport.fr\/blog\/?s={search_term_string}\"},\"query-input\":{\"@type\":\"PropertyValueSpecification\",\"valueRequired\":true,\"valueName\":\"search_term_string\"}}],\"inLanguage\":\"fr-FR\"},{\"@type\":\"NewsMediaOrganization\",\"@id\":\"https:\/\/dicodusport.fr\/blog\/#organization\",\"name\":\"Dicodusport\",\"url\":\"https:\/\/dicodusport.fr\/blog\/\",\"logo\":{\"@type\":\"ImageObject\",\"inLanguage\":\"fr-FR\",\"@id\":\"https:\/\/dicodusport.fr\/blog\/#\/schema\/logo\/image\/\",\"url\":\"https:\/\/dicodusport.fr\/blog\/wp-content\/uploads\/2020\/06\/cropped-LOGO-DICODUSPORT-2020-SANS-FOND-SANS-TEXTE.png\",\"contentUrl\":\"https:\/\/dicodusport.fr\/blog\/wp-content\/uploads\/2020\/06\/cropped-LOGO-DICODUSPORT-2020-SANS-FOND-SANS-TEXTE.png\",\"width\":512,\"height\":512,\"caption\":\"Dicodusport\"},\"image\":{\"@id\":\"https:\/\/dicodusport.fr\/blog\/#\/schema\/logo\/image\/\"},\"sameAs\":[\"https:\/\/www.facebook.com\/dicodusport\",\"https:\/\/x.com\/dicodusport\",\"https:\/\/www.instagram.com\/dicodusport\/\",\"https:\/\/www.youtube.com\/channel\/UC7V2KZ5sd3htJivAbA4ZG3w\"],\"description\":\"Dicodusport est l'encyclop\u00e9die de l'actualit\u00e9 sportive.\",\"email\":\"bonjour@dicodusport.fr\",\"legalName\":\"DICODUSPORT\",\"foundingDate\":\"2018-01-14\",\"vatID\":\"FR71834470973\",\"taxID\":\"83447097300043\",\"numberOfEmployees\":{\"@type\":\"QuantitativeValue\",\"minValue\":\"1\",\"maxValue\":\"10\"}},{\"@type\":\"Person\",\"@id\":\"https:\/\/dicodusport.fr\/blog\/#\/schema\/person\/6db4bae06b171592211be385b32876a7\",\"name\":\"Emilien Descampiaux\",\"image\":{\"@type\":\"ImageObject\",\"inLanguage\":\"fr-FR\",\"@id\":\"https:\/\/dicodusport.fr\/blog\/#\/schema\/person\/image\/\",\"url\":\"https:\/\/dicodusport.fr\/blog\/wp-content\/uploads\/2021\/05\/Emilien-Descampiaux-150x150.jpg\",\"contentUrl\":\"https:\/\/dicodusport.fr\/blog\/wp-content\/uploads\/2021\/05\/Emilien-Descampiaux-150x150.jpg\",\"caption\":\"Emilien Descampiaux\"},\"description\":\"Journaliste\/r\u00e9dacteur depuis 2014 - Fan de la classe de Frank Vandenbroucke, je vis cyclisme (et de ses paysages) depuis plus de 20 ans. Je suis tr\u00e8s impliqu\u00e9 sur mes diff\u00e9rents r\u00e9seaux sociaux pour partager ma passion sur le monde et l'Histoire de la bicyclette avec ma voix sur les images en noir et blanc du succ\u00e8s de Rik Van Steenbergen lors du Ronde sur le V\u00e9lodrome de Gand.\",\"sameAs\":[\"https:\/\/www.facebook.com\/groups\/LesRoisDuPeloton\",\"https:\/\/x.com\/https:\/\/twitter.com\/LRoisDuPeloton\"],\"url\":\"https:\/\/dicodusport.fr\/blog\/author\/emiliend\/\"}]}<\/script>\n<!-- \/ Yoast SEO Premium plugin. -->","yoast_head_json":{"title":"Tour des Flandres 2023 : Favoris et outsiders","description":"TOUR DES FLANDRES 2023 - D\u00e9couvrez les favoris et outsiders du Tour des Flandres, le deuxi\u00e8me Monument de la saison.","robots":{"index":"index","follow":"follow","max-snippet":"max-snippet:-1","max-image-preview":"max-image-preview:large","max-video-preview":"max-video-preview:-1"},"canonical":"https:\/\/dicodusport.fr\/blog\/tour-des-flandres-2023-favoris-et-outsiders\/","og_locale":"fr_FR","og_type":"article","og_title":"Tour des Flandres 2023 : Favoris et outsiders","og_description":"TOUR DES FLANDRES 2023 - D\u00e9couvrez les favoris et outsiders du Tour des Flandres, le deuxi\u00e8me Monument de la saison.","og_url":"https:\/\/dicodusport.fr\/blog\/tour-des-flandres-2023-favoris-et-outsiders\/","og_site_name":"Dicodusport","article_publisher":"https:\/\/www.facebook.com\/dicodusport","article_author":"https:\/\/www.facebook.com\/groups\/LesRoisDuPeloton","article_published_time":"2023-03-31T08:34:42+00:00","article_modified_time":"2023-04-01T12:51:34+00:00","og_image":[{"width":800,"height":445,"url":"https:\/\/dicodusport.fr\/blog\/wp-content\/uploads\/2023\/03\/Tour-des-Flandres-2023-Favoris-et-outsiders.png","type":"image\/png"}],"author":"Emilien Descampiaux","twitter_card":"summary_large_image","twitter_title":"Tour des Flandres 2023 : Favoris et outsiders","twitter_creator":"@https:\/\/twitter.com\/LRoisDuPeloton","twitter_site":"@dicodusport","schema":{"@context":"https:\/\/schema.org","@graph":[{"@type":"NewsArticle","@id":"https:\/\/dicodusport.fr\/blog\/tour-des-flandres-2023-favoris-et-outsiders\/#article","isPartOf":{"@id":"https:\/\/dicodusport.fr\/blog\/tour-des-flandres-2023-favoris-et-outsiders\/"},"author":{"name":"Emilien Descampiaux","@id":"https:\/\/dicodusport.fr\/blog\/#\/schema\/person\/6db4bae06b171592211be385b32876a7"},"headline":"Tour des Flandres 2023 : Favoris et outsiders","datePublished":"2023-03-31T08:34:42+00:00","dateModified":"2023-04-01T12:51:34+00:00","mainEntityOfPage":{"@id":"https:\/\/dicodusport.fr\/blog\/tour-des-flandres-2023-favoris-et-outsiders\/"},"wordCount":2307,"commentCount":0,"publisher":{"@id":"https:\/\/dicodusport.fr\/blog\/#organization"},"image":{"@id":"https:\/\/dicodusport.fr\/blog\/tour-des-flandres-2023-favoris-et-outsiders\/#primaryimage"},"thumbnailUrl":"https:\/\/dicodusport.fr\/blog\/wp-content\/uploads\/2023\/03\/Tour-des-Flandres-2023-Favoris-et-outsiders.png","keywords":["Actualit\u00e9 Cyclisme","br\u00e8ve","Tour des Flandres"],"articleSection":["Cyclisme sur route"],"inLanguage":"fr-FR","potentialAction":[{"@type":"CommentAction","name":"Comment","target":["https:\/\/dicodusport.fr\/blog\/tour-des-flandres-2023-favoris-et-outsiders\/#respond"]}],"copyrightYear":"2023","copyrightHolder":{"@id":"https:\/\/dicodusport.fr\/blog\/#organization"}},{"@type":"WebPage","@id":"https:\/\/dicodusport.fr\/blog\/tour-des-flandres-2023-favoris-et-outsiders\/","url":"https:\/\/dicodusport.fr\/blog\/tour-des-flandres-2023-favoris-et-outsiders\/","name":"Tour des Flandres 2023 : Favoris et outsiders","isPartOf":{"@id":"https:\/\/dicodusport.fr\/blog\/#website"},"primaryImageOfPage":{"@id":"https:\/\/dicodusport.fr\/blog\/tour-des-flandres-2023-favoris-et-outsiders\/#primaryimage"},"image":{"@id":"https:\/\/dicodusport.fr\/blog\/tour-des-flandres-2023-favoris-et-outsiders\/#primaryimage"},"thumbnailUrl":"https:\/\/dicodusport.fr\/blog\/wp-content\/uploads\/2023\/03\/Tour-des-Flandres-2023-Favoris-et-outsiders.png","datePublished":"2023-03-31T08:34:42+00:00","dateModified":"2023-04-01T12:51:34+00:00","description":"TOUR DES FLANDRES 2023 - D\u00e9couvrez les favoris et outsiders du Tour des Flandres, le deuxi\u00e8me Monument de la saison.","breadcrumb":{"@id":"https:\/\/dicodusport.fr\/blog\/tour-des-flandres-2023-favoris-et-outsiders\/#breadcrumb"},"inLanguage":"fr-FR","potentialAction":[{"@type":"ReadAction","target":["https:\/\/dicodusport.fr\/blog\/tour-des-flandres-2023-favoris-et-outsiders\/"]}]},{"@type":"ImageObject","inLanguage":"fr-FR","@id":"https:\/\/dicodusport.fr\/blog\/tour-des-flandres-2023-favoris-et-outsiders\/#primaryimage","url":"https:\/\/dicodusport.fr\/blog\/wp-content\/uploads\/2023\/03\/Tour-des-Flandres-2023-Favoris-et-outsiders.png","contentUrl":"https:\/\/dicodusport.fr\/blog\/wp-content\/uploads\/2023\/03\/Tour-des-Flandres-2023-Favoris-et-outsiders.png","width":800,"height":445,"caption":"Tour des Flandres 2023 Favoris et outsiders"},{"@type":"BreadcrumbList","@id":"https:\/\/dicodusport.fr\/blog\/tour-des-flandres-2023-favoris-et-outsiders\/#breadcrumb","itemListElement":[{"@type":"ListItem","position":1,"name":"Accueil","item":"https:\/\/dicodusport.fr\/blog\/"},{"@type":"ListItem","position":2,"name":"Tour des Flandres 2023 : Favoris et outsiders"}]},{"@type":"WebSite","@id":"https:\/\/dicodusport.fr\/blog\/#website","url":"https:\/\/dicodusport.fr\/blog\/","name":"Dicodusport","description":"L&#039;encyclop\u00e9die de l&#039;actualit\u00e9 sportive","publisher":{"@id":"https:\/\/dicodusport.fr\/blog\/#organization"},"potentialAction":[{"@type":"SearchAction","target":{"@type":"EntryPoint","urlTemplate":"https:\/\/dicodusport.fr\/blog\/?s={search_term_string}"},"query-input":{"@type":"PropertyValueSpecification","valueRequired":true,"valueName":"search_term_string"}}],"inLanguage":"fr-FR"},{"@type":"NewsMediaOrganization","@id":"https:\/\/dicodusport.fr\/blog\/#organization","name":"Dicodusport","url":"https:\/\/dicodusport.fr\/blog\/","logo":{"@type":"ImageObject","inLanguage":"fr-FR","@id":"https:\/\/dicodusport.fr\/blog\/#\/schema\/logo\/image\/","url":"https:\/\/dicodusport.fr\/blog\/wp-content\/uploads\/2020\/06\/cropped-LOGO-DICODUSPORT-2020-SANS-FOND-SANS-TEXTE.png","contentUrl":"https:\/\/dicodusport.fr\/blog\/wp-content\/uploads\/2020\/06\/cropped-LOGO-DICODUSPORT-2020-SANS-FOND-SANS-TEXTE.png","width":512,"height":512,"caption":"Dicodusport"},"image":{"@id":"https:\/\/dicodusport.fr\/blog\/#\/schema\/logo\/image\/"},"sameAs":["https:\/\/www.facebook.com\/dicodusport","https:\/\/x.com\/dicodusport","https:\/\/www.instagram.com\/dicodusport\/","https:\/\/www.youtube.com\/channel\/UC7V2KZ5sd3htJivAbA4ZG3w"],"description":"Dicodusport est l'encyclop\u00e9die de l'actualit\u00e9 sportive.","email":"bonjour@dicodusport.fr","legalName":"DICODUSPORT","foundingDate":"2018-01-14","vatID":"FR71834470973","taxID":"83447097300043","numberOfEmployees":{"@type":"QuantitativeValue","minValue":"1","maxValue":"10"}},{"@type":"Person","@id":"https:\/\/dicodusport.fr\/blog\/#\/schema\/person\/6db4bae06b171592211be385b32876a7","name":"Emilien Descampiaux","image":{"@type":"ImageObject","inLanguage":"fr-FR","@id":"https:\/\/dicodusport.fr\/blog\/#\/schema\/person\/image\/","url":"https:\/\/dicodusport.fr\/blog\/wp-content\/uploads\/2021\/05\/Emilien-Descampiaux-150x150.jpg","contentUrl":"https:\/\/dicodusport.fr\/blog\/wp-content\/uploads\/2021\/05\/Emilien-Descampiaux-150x150.jpg","caption":"Emilien Descampiaux"},"description":"Journaliste\/r\u00e9dacteur depuis 2014 - Fan de la classe de Frank Vandenbroucke, je vis cyclisme (et de ses paysages) depuis plus de 20 ans. Je suis tr\u00e8s impliqu\u00e9 sur mes diff\u00e9rents r\u00e9seaux sociaux pour partager ma passion sur le monde et l'Histoire de la bicyclette avec ma voix sur les images en noir et blanc du succ\u00e8s de Rik Van Steenbergen lors du Ronde sur le V\u00e9lodrome de Gand.","sameAs":["https:\/\/www.facebook.com\/groups\/LesRoisDuPeloton","https:\/\/x.com\/https:\/\/twitter.com\/LRoisDuPeloton"],"url":"https:\/\/dicodusport.fr\/blog\/author\/emiliend\/"}]}},"_links":{"self":[{"href":"https:\/\/dicodusport.fr\/blog\/wp-json\/wp\/v2\/posts\/369806","targetHints":{"allow":["GET"]}}],"collection":[{"href":"https:\/\/dicodusport.fr\/blog\/wp-json\/wp\/v2\/posts"}],"about":[{"href":"https:\/\/dicodusport.fr\/blog\/wp-json\/wp\/v2\/types\/post"}],"author":[{"embeddable":true,"href":"https:\/\/dicodusport.fr\/blog\/wp-json\/wp\/v2\/users\/48"}],"replies":[{"embeddable":true,"href":"https:\/\/dicodusport.fr\/blog\/wp-json\/wp\/v2\/comments?post=369806"}],"version-history":[{"count":0,"href":"https:\/\/dicodusport.fr\/blog\/wp-json\/wp\/v2\/posts\/369806\/revisions"}],"wp:featuredmedia":[{"embeddable":true,"href":"https:\/\/dicodusport.fr\/blog\/wp-json\/wp\/v2\/media\/370592"}],"wp:attachment":[{"href":"https:\/\/dicodusport.fr\/blog\/wp-json\/wp\/v2\/media?parent=369806"}],"wp:term":[{"taxonomy":"category","embeddable":true,"href":"https:\/\/dicodusport.fr\/blog\/wp-json\/wp\/v2\/categories?post=369806"},{"taxonomy":"post_tag","embeddable":true,"href":"https:\/\/dicodusport.fr\/blog\/wp-json\/wp\/v2\/tags?post=369806"}],"curies":[{"name":"wp","href":"https:\/\/api.w.org\/{rel}","templated":true}]}}