{"id":369830,"date":"2023-03-28T10:13:14","date_gmt":"2023-03-28T08:13:14","guid":{"rendered":"https:\/\/dicodusport.fr\/blog\/?p=369830&#038;preview=true&#038;preview_id=369830"},"modified":"2023-03-28T11:25:01","modified_gmt":"2023-03-28T09:25:01","slug":"thibaut-pinot-je-ne-veux-pas-faire-lannee-de-trop","status":"publish","type":"post","link":"https:\/\/dicodusport.fr\/blog\/thibaut-pinot-je-ne-veux-pas-faire-lannee-de-trop\/","title":{"rendered":"Thibaut Pinot : \u00ab\u00a0Je ne veux pas faire l\u2019ann\u00e9e de trop\u00a0\u00bb"},"content":{"rendered":"<p style=\"text-align: justify;\" align=\"justify\"><em><strong>CYCLISME SUR ROUTE 2023 &#8211; Dans les colonnes de Ouest-France, Thibaut Pinot (Groupama-FDJ) est revenu sur son d\u00e9but de saison et a aussi \u00e9voqu\u00e9 son choix de mettre un terme \u00e0 sa carri\u00e8re.\u00a0<\/strong><\/em><\/p>\n<p style=\"text-align: justify;\" align=\"justify\">Plus les jours passent et plus <a href=\"https:\/\/dicodusport.fr\/blog\/thibaut-pinot-prendra-sa-retraite-en-fin-de-saison\/\">la fin de carri\u00e8re de <strong>Thibaut<\/strong> <strong>Pinot<\/strong><\/a> approche. Le grimpeur fran\u00e7ais sait que ses jours comme coureur professionnel sont d\u00e9sormais compt\u00e9s, mais ne regrette absolument pas son choix de dire stop. Le Franc-Comtois s&rsquo;est exprim\u00e9 sur le sujet, dans les colonnes de nos confr\u00e8res de <em>Ouest-France<\/em>.<\/p>\n<blockquote>\n<p style=\"text-align: justify;\">Je ne veux pas faire l\u2019ann\u00e9e de trop, \u00e7a a toujours \u00e9t\u00e9 mon angoisse, de finir comme je ne le souhaite pas, sur une blessure ou autre. L\u00e0, j\u2019ai d\u00e9cid\u00e9 de donner tout ce que j\u2019ai pour bien finir la saison et ne pas avoir de regret. J\u2019ai voulu l\u2019annoncer assez t\u00f4t. Je pr\u00e9f\u00e8re en parler maintenant que de mentir et d\u2019annoncer \u00e7a en septembre. Je suis serein avec \u00e7a.<\/p>\n<\/blockquote>\n<h2 style=\"text-align: justify;\">De l&rsquo;ambition pour une derni\u00e8re danse<\/h2>\n<p style=\"text-align: justify;\">Mais le coureur de la <strong>Groupama-FDJ<\/strong> se veut toujours ambitieux pour sa derni\u00e8re saison dans le peloton professionnel. Alors qu&rsquo;il a d\u00e9croch\u00e9 quelques places dans le Top 15 sur ce d\u00e9but de saison, <strong>Thibaut<\/strong> <strong>Pinot<\/strong> veut gagner une belle \u00e9tape du <strong>Tour d&rsquo;Italie<\/strong>.<\/p>\n<blockquote>\n<p style=\"text-align: justify;\">J\u2019esp\u00e8re claquer une \u00e9tape du Giro, n\u2019importe laquelle. Je sens que c\u2019est ma derni\u00e8re saison, les gens me le rappellent souvent. La seule chose que je peux faire pour les remercier c\u2019est de faire les meilleurs r\u00e9sultats possibles. Essayer de faire une tr\u00e8s belle saison jusqu\u2019au Tour de Lombardie, que le public vibre encore un peu avec moi.<\/p>\n<\/blockquote>\n<p style=\"text-align: justify;\">Apr\u00e8s une coupure, <strong>Thibaut<\/strong> <strong>Pinot<\/strong> fera son retour \u00e0 la comp\u00e9tition \u00e0 la mi-avril sur la <strong>Classic Grand Besan\u00e7on Doubs<\/strong> avant d&rsquo;encha\u00eener avec le <strong>Tour<\/strong> <strong>du<\/strong> <strong>Jura<\/strong> <strong>Cycliste<\/strong> et le <strong>Tour<\/strong> <strong>du<\/strong> <strong>Doubs<\/strong>. Le <strong>Tour<\/strong> <strong>de<\/strong> <strong>Romandie<\/strong> sera ensuite sa derni\u00e8re course pr\u00e9paratoire avant le Giro.<\/p>\n<blockquote class=\"twitter-tweet\">\n<p dir=\"ltr\" lang=\"fr\"><a href=\"https:\/\/twitter.com\/hashtag\/Objectif?src=hash&amp;ref_src=twsrc%5Etfw\">#Objectif<\/a> \ud83c\udfaf \/ \ud83c\uddeb\ud83c\uddf7 Thibaut Pinot (GFC) veut \u00ab\u00a0que le public vibre encore un peu\u00a0\u00bb avec lui.<\/p>\n<p>\ud83d\udcac \u00ab\u00a0J\u2019esp\u00e8re claquer une \u00e9tape du Giro, n\u2019importe laquelle.\u00a0\u00bb<a href=\"https:\/\/t.co\/T2IQ5UNnuQ\">https:\/\/t.co\/T2IQ5UNnuQ<\/a> via <a href=\"https:\/\/twitter.com\/OuestFrance?ref_src=twsrc%5Etfw\">@OuestFrance<\/a> (\ud83c\uddeb\ud83c\uddf7)<\/p>\n<p>\u2014 Renaud Breban (@RenaudB31) <a href=\"https:\/\/twitter.com\/RenaudB31\/status\/1638903425160081416?ref_src=twsrc%5Etfw\">March 23, 2023<\/a><\/p><\/blockquote>\n<p><script async src=\"https:\/\/platform.twitter.com\/widgets.js\" charset=\"utf-8\"><\/script><\/p>\n","protected":false},"excerpt":{"rendered":"<p>CYCLISME SUR ROUTE 2023 &#8211; Dans les colonnes de Ouest-France, Thibaut Pinot (Groupama-FDJ) est revenu sur son d\u00e9but de saison et a aussi \u00e9voqu\u00e9 son choix de mettre un terme \u00e0 sa carri\u00e8re.<\/p>\n","protected":false},"author":1,"featured_media":369840,"comment_status":"open","ping_status":"closed","sticky":false,"template":"","format":"standard","meta":{"_acf_changed":false,"_daextam_enable_autolinks":"","footnotes":""},"categories":[46994],"tags":[16878,3279,3596,4839],"class_list":["post-369830","post","type-post","status-publish","format-standard","has-post-thumbnail","hentry","category-cyclisme-sur-route","tag-breve","tag-groupama-fdj","tag-pinot","tag-thibaut-pinot"],"acf":[],"yoast_head":"<!-- This site is optimized with the Yoast SEO Premium plugin v26.7 (Yoast SEO v26.7) - https:\/\/yoast.com\/wordpress\/plugins\/seo\/ -->\n<title>Thibaut Pinot : &quot;Je ne veux pas faire l\u2019ann\u00e9e de trop&quot;<\/title>\n<meta name=\"description\" content=\"CYCLISME SUR ROUTE 2023 - Dans les colonnes de Ouest-France, Thibaut Pinot (Groupama-FDJ) est revenu sur son d\u00e9but de saison.\" \/>\n<meta name=\"robots\" content=\"index, follow, max-snippet:-1, max-image-preview:large, max-video-preview:-1\" \/>\n<link rel=\"canonical\" href=\"https:\/\/dicodusport.fr\/blog\/thibaut-pinot-je-ne-veux-pas-faire-lannee-de-trop\/\" \/>\n<meta property=\"og:locale\" content=\"fr_FR\" \/>\n<meta property=\"og:type\" content=\"article\" \/>\n<meta property=\"og:title\" content=\"Thibaut Pinot : &quot;Je ne veux pas faire l\u2019ann\u00e9e de trop&quot;\" \/>\n<meta property=\"og:description\" content=\"CYCLISME SUR ROUTE 2023 - Dans les colonnes de Ouest-France, Thibaut Pinot (Groupama-FDJ) est revenu sur son d\u00e9but de saison.\" \/>\n<meta property=\"og:url\" content=\"https:\/\/dicodusport.fr\/blog\/thibaut-pinot-je-ne-veux-pas-faire-lannee-de-trop\/\" \/>\n<meta property=\"og:site_name\" content=\"Dicodusport\" \/>\n<meta property=\"article:publisher\" content=\"https:\/\/www.facebook.com\/dicodusport\" \/>\n<meta property=\"article:author\" content=\"https:\/\/www.facebook.com\/dicodusport\" \/>\n<meta property=\"article:published_time\" content=\"2023-03-28T08:13:14+00:00\" \/>\n<meta property=\"article:modified_time\" content=\"2023-03-28T09:25:01+00:00\" \/>\n<meta property=\"og:image\" content=\"https:\/\/dicodusport.fr\/blog\/wp-content\/uploads\/2023\/03\/Thibaut-Pinot-Je-ne-veux-pas-faire-lannee-de-trop.png\" \/>\n\t<meta property=\"og:image:width\" content=\"800\" \/>\n\t<meta property=\"og:image:height\" content=\"445\" \/>\n\t<meta property=\"og:image:type\" content=\"image\/png\" \/>\n<meta name=\"author\" content=\"Nicolas Jacquemard\" \/>\n<meta name=\"twitter:card\" content=\"summary_large_image\" \/>\n<meta name=\"twitter:title\" content=\"Thibaut Pinot : &quot;Je ne veux pas faire l\u2019ann\u00e9e de trop&quot;\" \/>\n<meta name=\"twitter:creator\" content=\"@https:\/\/twitter.com\/Nico_Jacquemard\" \/>\n<meta name=\"twitter:site\" content=\"@dicodusport\" \/>\n<script type=\"application\/ld+json\" class=\"yoast-schema-graph\">{\"@context\":\"https:\/\/schema.org\",\"@graph\":[{\"@type\":\"NewsArticle\",\"@id\":\"https:\/\/dicodusport.fr\/blog\/thibaut-pinot-je-ne-veux-pas-faire-lannee-de-trop\/#article\",\"isPartOf\":{\"@id\":\"https:\/\/dicodusport.fr\/blog\/thibaut-pinot-je-ne-veux-pas-faire-lannee-de-trop\/\"},\"author\":{\"name\":\"Nicolas Jacquemard\",\"@id\":\"https:\/\/dicodusport.fr\/blog\/#\/schema\/person\/55dcb50ad410894e431ed812bbb70191\"},\"headline\":\"Thibaut Pinot : \u00ab\u00a0Je ne veux pas faire l\u2019ann\u00e9e de trop\u00a0\u00bb\",\"datePublished\":\"2023-03-28T08:13:14+00:00\",\"dateModified\":\"2023-03-28T09:25:01+00:00\",\"mainEntityOfPage\":{\"@id\":\"https:\/\/dicodusport.fr\/blog\/thibaut-pinot-je-ne-veux-pas-faire-lannee-de-trop\/\"},\"wordCount\":394,\"commentCount\":0,\"publisher\":{\"@id\":\"https:\/\/dicodusport.fr\/blog\/#organization\"},\"image\":{\"@id\":\"https:\/\/dicodusport.fr\/blog\/thibaut-pinot-je-ne-veux-pas-faire-lannee-de-trop\/#primaryimage\"},\"thumbnailUrl\":\"https:\/\/dicodusport.fr\/blog\/wp-content\/uploads\/2023\/03\/Thibaut-Pinot-Je-ne-veux-pas-faire-lannee-de-trop.png\",\"keywords\":[\"br\u00e8ve\",\"Groupama FDJ\",\"Pinot\",\"Thibaut Pinot\"],\"articleSection\":[\"Cyclisme sur route\"],\"inLanguage\":\"fr-FR\",\"potentialAction\":[{\"@type\":\"CommentAction\",\"name\":\"Comment\",\"target\":[\"https:\/\/dicodusport.fr\/blog\/thibaut-pinot-je-ne-veux-pas-faire-lannee-de-trop\/#respond\"]}],\"copyrightYear\":\"2023\",\"copyrightHolder\":{\"@id\":\"https:\/\/dicodusport.fr\/blog\/#organization\"}},{\"@type\":\"WebPage\",\"@id\":\"https:\/\/dicodusport.fr\/blog\/thibaut-pinot-je-ne-veux-pas-faire-lannee-de-trop\/\",\"url\":\"https:\/\/dicodusport.fr\/blog\/thibaut-pinot-je-ne-veux-pas-faire-lannee-de-trop\/\",\"name\":\"Thibaut Pinot : \\\"Je ne veux pas faire l\u2019ann\u00e9e de trop\\\"\",\"isPartOf\":{\"@id\":\"https:\/\/dicodusport.fr\/blog\/#website\"},\"primaryImageOfPage\":{\"@id\":\"https:\/\/dicodusport.fr\/blog\/thibaut-pinot-je-ne-veux-pas-faire-lannee-de-trop\/#primaryimage\"},\"image\":{\"@id\":\"https:\/\/dicodusport.fr\/blog\/thibaut-pinot-je-ne-veux-pas-faire-lannee-de-trop\/#primaryimage\"},\"thumbnailUrl\":\"https:\/\/dicodusport.fr\/blog\/wp-content\/uploads\/2023\/03\/Thibaut-Pinot-Je-ne-veux-pas-faire-lannee-de-trop.png\",\"datePublished\":\"2023-03-28T08:13:14+00:00\",\"dateModified\":\"2023-03-28T09:25:01+00:00\",\"description\":\"CYCLISME SUR ROUTE 2023 - Dans les colonnes de Ouest-France, Thibaut Pinot (Groupama-FDJ) est revenu sur son d\u00e9but de saison.\",\"breadcrumb\":{\"@id\":\"https:\/\/dicodusport.fr\/blog\/thibaut-pinot-je-ne-veux-pas-faire-lannee-de-trop\/#breadcrumb\"},\"inLanguage\":\"fr-FR\",\"potentialAction\":[{\"@type\":\"ReadAction\",\"target\":[\"https:\/\/dicodusport.fr\/blog\/thibaut-pinot-je-ne-veux-pas-faire-lannee-de-trop\/\"]}]},{\"@type\":\"ImageObject\",\"inLanguage\":\"fr-FR\",\"@id\":\"https:\/\/dicodusport.fr\/blog\/thibaut-pinot-je-ne-veux-pas-faire-lannee-de-trop\/#primaryimage\",\"url\":\"https:\/\/dicodusport.fr\/blog\/wp-content\/uploads\/2023\/03\/Thibaut-Pinot-Je-ne-veux-pas-faire-lannee-de-trop.png\",\"contentUrl\":\"https:\/\/dicodusport.fr\/blog\/wp-content\/uploads\/2023\/03\/Thibaut-Pinot-Je-ne-veux-pas-faire-lannee-de-trop.png\",\"width\":800,\"height\":445},{\"@type\":\"BreadcrumbList\",\"@id\":\"https:\/\/dicodusport.fr\/blog\/thibaut-pinot-je-ne-veux-pas-faire-lannee-de-trop\/#breadcrumb\",\"itemListElement\":[{\"@type\":\"ListItem\",\"position\":1,\"name\":\"Accueil\",\"item\":\"https:\/\/dicodusport.fr\/blog\/\"},{\"@type\":\"ListItem\",\"position\":2,\"name\":\"Thibaut Pinot : \u00ab\u00a0Je ne veux pas faire l\u2019ann\u00e9e de trop\u00a0\u00bb\"}]},{\"@type\":\"WebSite\",\"@id\":\"https:\/\/dicodusport.fr\/blog\/#website\",\"url\":\"https:\/\/dicodusport.fr\/blog\/\",\"name\":\"Dicodusport\",\"description\":\"L&#039;encyclop\u00e9die de l&#039;actualit\u00e9 sportive\",\"publisher\":{\"@id\":\"https:\/\/dicodusport.fr\/blog\/#organization\"},\"potentialAction\":[{\"@type\":\"SearchAction\",\"target\":{\"@type\":\"EntryPoint\",\"urlTemplate\":\"https:\/\/dicodusport.fr\/blog\/?s={search_term_string}\"},\"query-input\":{\"@type\":\"PropertyValueSpecification\",\"valueRequired\":true,\"valueName\":\"search_term_string\"}}],\"inLanguage\":\"fr-FR\"},{\"@type\":\"NewsMediaOrganization\",\"@id\":\"https:\/\/dicodusport.fr\/blog\/#organization\",\"name\":\"Dicodusport\",\"url\":\"https:\/\/dicodusport.fr\/blog\/\",\"logo\":{\"@type\":\"ImageObject\",\"inLanguage\":\"fr-FR\",\"@id\":\"https:\/\/dicodusport.fr\/blog\/#\/schema\/logo\/image\/\",\"url\":\"https:\/\/dicodusport.fr\/blog\/wp-content\/uploads\/2020\/06\/cropped-LOGO-DICODUSPORT-2020-SANS-FOND-SANS-TEXTE.png\",\"contentUrl\":\"https:\/\/dicodusport.fr\/blog\/wp-content\/uploads\/2020\/06\/cropped-LOGO-DICODUSPORT-2020-SANS-FOND-SANS-TEXTE.png\",\"width\":512,\"height\":512,\"caption\":\"Dicodusport\"},\"image\":{\"@id\":\"https:\/\/dicodusport.fr\/blog\/#\/schema\/logo\/image\/\"},\"sameAs\":[\"https:\/\/www.facebook.com\/dicodusport\",\"https:\/\/x.com\/dicodusport\",\"https:\/\/www.instagram.com\/dicodusport\/\",\"https:\/\/www.youtube.com\/channel\/UC7V2KZ5sd3htJivAbA4ZG3w\"],\"description\":\"Dicodusport est l'encyclop\u00e9die de l'actualit\u00e9 sportive.\",\"email\":\"bonjour@dicodusport.fr\",\"legalName\":\"DICODUSPORT\",\"foundingDate\":\"2018-01-14\",\"vatID\":\"FR71834470973\",\"taxID\":\"83447097300043\",\"numberOfEmployees\":{\"@type\":\"QuantitativeValue\",\"minValue\":\"1\",\"maxValue\":\"10\"}},{\"@type\":\"Person\",\"@id\":\"https:\/\/dicodusport.fr\/blog\/#\/schema\/person\/55dcb50ad410894e431ed812bbb70191\",\"name\":\"Nicolas Jacquemard\",\"image\":{\"@type\":\"ImageObject\",\"inLanguage\":\"fr-FR\",\"@id\":\"https:\/\/dicodusport.fr\/blog\/#\/schema\/person\/image\/\",\"url\":\"https:\/\/dicodusport.fr\/blog\/wp-content\/uploads\/2021\/05\/Nicolas-Jacquemard-150x150.jpeg\",\"contentUrl\":\"https:\/\/dicodusport.fr\/blog\/wp-content\/uploads\/2021\/05\/Nicolas-Jacquemard-150x150.jpeg\",\"caption\":\"Nicolas Jacquemard\"},\"description\":\"Passionn\u00e9 de sport et entrepreneur depuis mes 18 ans, la cr\u00e9ation de Dicodusport m'a sembl\u00e9 \u00e9vidente pour participer \u00e0 la m\u00e9diatisation d'un plus grand nombre de sports. Le chemin est long mais avec une \u00e9quipe des plus motiv\u00e9es et les Jeux Olympiques de Paris 2024 en point de mire, nous y arriverons ! Journaliste dans le monde du sport depuis plus de 5 ans, je traite aussi bien de football, de rugby, de biathlon que de cyclisme.\",\"sameAs\":[\"https:\/\/www.facebook.com\/dicodusport\",\"https:\/\/x.com\/https:\/\/twitter.com\/Nico_Jacquemard\"],\"url\":\"https:\/\/dicodusport.fr\/blog\/author\/dicodusport\/\"}]}<\/script>\n<!-- \/ Yoast SEO Premium plugin. -->","yoast_head_json":{"title":"Thibaut Pinot : \"Je ne veux pas faire l\u2019ann\u00e9e de trop\"","description":"CYCLISME SUR ROUTE 2023 - Dans les colonnes de Ouest-France, Thibaut Pinot (Groupama-FDJ) est revenu sur son d\u00e9but de saison.","robots":{"index":"index","follow":"follow","max-snippet":"max-snippet:-1","max-image-preview":"max-image-preview:large","max-video-preview":"max-video-preview:-1"},"canonical":"https:\/\/dicodusport.fr\/blog\/thibaut-pinot-je-ne-veux-pas-faire-lannee-de-trop\/","og_locale":"fr_FR","og_type":"article","og_title":"Thibaut Pinot : \"Je ne veux pas faire l\u2019ann\u00e9e de trop\"","og_description":"CYCLISME SUR ROUTE 2023 - Dans les colonnes de Ouest-France, Thibaut Pinot (Groupama-FDJ) est revenu sur son d\u00e9but de saison.","og_url":"https:\/\/dicodusport.fr\/blog\/thibaut-pinot-je-ne-veux-pas-faire-lannee-de-trop\/","og_site_name":"Dicodusport","article_publisher":"https:\/\/www.facebook.com\/dicodusport","article_author":"https:\/\/www.facebook.com\/dicodusport","article_published_time":"2023-03-28T08:13:14+00:00","article_modified_time":"2023-03-28T09:25:01+00:00","og_image":[{"width":800,"height":445,"url":"https:\/\/dicodusport.fr\/blog\/wp-content\/uploads\/2023\/03\/Thibaut-Pinot-Je-ne-veux-pas-faire-lannee-de-trop.png","type":"image\/png"}],"author":"Nicolas Jacquemard","twitter_card":"summary_large_image","twitter_title":"Thibaut Pinot : \"Je ne veux pas faire l\u2019ann\u00e9e de trop\"","twitter_creator":"@https:\/\/twitter.com\/Nico_Jacquemard","twitter_site":"@dicodusport","schema":{"@context":"https:\/\/schema.org","@graph":[{"@type":"NewsArticle","@id":"https:\/\/dicodusport.fr\/blog\/thibaut-pinot-je-ne-veux-pas-faire-lannee-de-trop\/#article","isPartOf":{"@id":"https:\/\/dicodusport.fr\/blog\/thibaut-pinot-je-ne-veux-pas-faire-lannee-de-trop\/"},"author":{"name":"Nicolas Jacquemard","@id":"https:\/\/dicodusport.fr\/blog\/#\/schema\/person\/55dcb50ad410894e431ed812bbb70191"},"headline":"Thibaut Pinot : \u00ab\u00a0Je ne veux pas faire l\u2019ann\u00e9e de trop\u00a0\u00bb","datePublished":"2023-03-28T08:13:14+00:00","dateModified":"2023-03-28T09:25:01+00:00","mainEntityOfPage":{"@id":"https:\/\/dicodusport.fr\/blog\/thibaut-pinot-je-ne-veux-pas-faire-lannee-de-trop\/"},"wordCount":394,"commentCount":0,"publisher":{"@id":"https:\/\/dicodusport.fr\/blog\/#organization"},"image":{"@id":"https:\/\/dicodusport.fr\/blog\/thibaut-pinot-je-ne-veux-pas-faire-lannee-de-trop\/#primaryimage"},"thumbnailUrl":"https:\/\/dicodusport.fr\/blog\/wp-content\/uploads\/2023\/03\/Thibaut-Pinot-Je-ne-veux-pas-faire-lannee-de-trop.png","keywords":["br\u00e8ve","Groupama FDJ","Pinot","Thibaut Pinot"],"articleSection":["Cyclisme sur route"],"inLanguage":"fr-FR","potentialAction":[{"@type":"CommentAction","name":"Comment","target":["https:\/\/dicodusport.fr\/blog\/thibaut-pinot-je-ne-veux-pas-faire-lannee-de-trop\/#respond"]}],"copyrightYear":"2023","copyrightHolder":{"@id":"https:\/\/dicodusport.fr\/blog\/#organization"}},{"@type":"WebPage","@id":"https:\/\/dicodusport.fr\/blog\/thibaut-pinot-je-ne-veux-pas-faire-lannee-de-trop\/","url":"https:\/\/dicodusport.fr\/blog\/thibaut-pinot-je-ne-veux-pas-faire-lannee-de-trop\/","name":"Thibaut Pinot : \"Je ne veux pas faire l\u2019ann\u00e9e de trop\"","isPartOf":{"@id":"https:\/\/dicodusport.fr\/blog\/#website"},"primaryImageOfPage":{"@id":"https:\/\/dicodusport.fr\/blog\/thibaut-pinot-je-ne-veux-pas-faire-lannee-de-trop\/#primaryimage"},"image":{"@id":"https:\/\/dicodusport.fr\/blog\/thibaut-pinot-je-ne-veux-pas-faire-lannee-de-trop\/#primaryimage"},"thumbnailUrl":"https:\/\/dicodusport.fr\/blog\/wp-content\/uploads\/2023\/03\/Thibaut-Pinot-Je-ne-veux-pas-faire-lannee-de-trop.png","datePublished":"2023-03-28T08:13:14+00:00","dateModified":"2023-03-28T09:25:01+00:00","description":"CYCLISME SUR ROUTE 2023 - Dans les colonnes de Ouest-France, Thibaut Pinot (Groupama-FDJ) est revenu sur son d\u00e9but de saison.","breadcrumb":{"@id":"https:\/\/dicodusport.fr\/blog\/thibaut-pinot-je-ne-veux-pas-faire-lannee-de-trop\/#breadcrumb"},"inLanguage":"fr-FR","potentialAction":[{"@type":"ReadAction","target":["https:\/\/dicodusport.fr\/blog\/thibaut-pinot-je-ne-veux-pas-faire-lannee-de-trop\/"]}]},{"@type":"ImageObject","inLanguage":"fr-FR","@id":"https:\/\/dicodusport.fr\/blog\/thibaut-pinot-je-ne-veux-pas-faire-lannee-de-trop\/#primaryimage","url":"https:\/\/dicodusport.fr\/blog\/wp-content\/uploads\/2023\/03\/Thibaut-Pinot-Je-ne-veux-pas-faire-lannee-de-trop.png","contentUrl":"https:\/\/dicodusport.fr\/blog\/wp-content\/uploads\/2023\/03\/Thibaut-Pinot-Je-ne-veux-pas-faire-lannee-de-trop.png","width":800,"height":445},{"@type":"BreadcrumbList","@id":"https:\/\/dicodusport.fr\/blog\/thibaut-pinot-je-ne-veux-pas-faire-lannee-de-trop\/#breadcrumb","itemListElement":[{"@type":"ListItem","position":1,"name":"Accueil","item":"https:\/\/dicodusport.fr\/blog\/"},{"@type":"ListItem","position":2,"name":"Thibaut Pinot : \u00ab\u00a0Je ne veux pas faire l\u2019ann\u00e9e de trop\u00a0\u00bb"}]},{"@type":"WebSite","@id":"https:\/\/dicodusport.fr\/blog\/#website","url":"https:\/\/dicodusport.fr\/blog\/","name":"Dicodusport","description":"L&#039;encyclop\u00e9die de l&#039;actualit\u00e9 sportive","publisher":{"@id":"https:\/\/dicodusport.fr\/blog\/#organization"},"potentialAction":[{"@type":"SearchAction","target":{"@type":"EntryPoint","urlTemplate":"https:\/\/dicodusport.fr\/blog\/?s={search_term_string}"},"query-input":{"@type":"PropertyValueSpecification","valueRequired":true,"valueName":"search_term_string"}}],"inLanguage":"fr-FR"},{"@type":"NewsMediaOrganization","@id":"https:\/\/dicodusport.fr\/blog\/#organization","name":"Dicodusport","url":"https:\/\/dicodusport.fr\/blog\/","logo":{"@type":"ImageObject","inLanguage":"fr-FR","@id":"https:\/\/dicodusport.fr\/blog\/#\/schema\/logo\/image\/","url":"https:\/\/dicodusport.fr\/blog\/wp-content\/uploads\/2020\/06\/cropped-LOGO-DICODUSPORT-2020-SANS-FOND-SANS-TEXTE.png","contentUrl":"https:\/\/dicodusport.fr\/blog\/wp-content\/uploads\/2020\/06\/cropped-LOGO-DICODUSPORT-2020-SANS-FOND-SANS-TEXTE.png","width":512,"height":512,"caption":"Dicodusport"},"image":{"@id":"https:\/\/dicodusport.fr\/blog\/#\/schema\/logo\/image\/"},"sameAs":["https:\/\/www.facebook.com\/dicodusport","https:\/\/x.com\/dicodusport","https:\/\/www.instagram.com\/dicodusport\/","https:\/\/www.youtube.com\/channel\/UC7V2KZ5sd3htJivAbA4ZG3w"],"description":"Dicodusport est l'encyclop\u00e9die de l'actualit\u00e9 sportive.","email":"bonjour@dicodusport.fr","legalName":"DICODUSPORT","foundingDate":"2018-01-14","vatID":"FR71834470973","taxID":"83447097300043","numberOfEmployees":{"@type":"QuantitativeValue","minValue":"1","maxValue":"10"}},{"@type":"Person","@id":"https:\/\/dicodusport.fr\/blog\/#\/schema\/person\/55dcb50ad410894e431ed812bbb70191","name":"Nicolas Jacquemard","image":{"@type":"ImageObject","inLanguage":"fr-FR","@id":"https:\/\/dicodusport.fr\/blog\/#\/schema\/person\/image\/","url":"https:\/\/dicodusport.fr\/blog\/wp-content\/uploads\/2021\/05\/Nicolas-Jacquemard-150x150.jpeg","contentUrl":"https:\/\/dicodusport.fr\/blog\/wp-content\/uploads\/2021\/05\/Nicolas-Jacquemard-150x150.jpeg","caption":"Nicolas Jacquemard"},"description":"Passionn\u00e9 de sport et entrepreneur depuis mes 18 ans, la cr\u00e9ation de Dicodusport m'a sembl\u00e9 \u00e9vidente pour participer \u00e0 la m\u00e9diatisation d'un plus grand nombre de sports. Le chemin est long mais avec une \u00e9quipe des plus motiv\u00e9es et les Jeux Olympiques de Paris 2024 en point de mire, nous y arriverons ! Journaliste dans le monde du sport depuis plus de 5 ans, je traite aussi bien de football, de rugby, de biathlon que de cyclisme.","sameAs":["https:\/\/www.facebook.com\/dicodusport","https:\/\/x.com\/https:\/\/twitter.com\/Nico_Jacquemard"],"url":"https:\/\/dicodusport.fr\/blog\/author\/dicodusport\/"}]}},"_links":{"self":[{"href":"https:\/\/dicodusport.fr\/blog\/wp-json\/wp\/v2\/posts\/369830","targetHints":{"allow":["GET"]}}],"collection":[{"href":"https:\/\/dicodusport.fr\/blog\/wp-json\/wp\/v2\/posts"}],"about":[{"href":"https:\/\/dicodusport.fr\/blog\/wp-json\/wp\/v2\/types\/post"}],"author":[{"embeddable":true,"href":"https:\/\/dicodusport.fr\/blog\/wp-json\/wp\/v2\/users\/1"}],"replies":[{"embeddable":true,"href":"https:\/\/dicodusport.fr\/blog\/wp-json\/wp\/v2\/comments?post=369830"}],"version-history":[{"count":0,"href":"https:\/\/dicodusport.fr\/blog\/wp-json\/wp\/v2\/posts\/369830\/revisions"}],"wp:featuredmedia":[{"embeddable":true,"href":"https:\/\/dicodusport.fr\/blog\/wp-json\/wp\/v2\/media\/369840"}],"wp:attachment":[{"href":"https:\/\/dicodusport.fr\/blog\/wp-json\/wp\/v2\/media?parent=369830"}],"wp:term":[{"taxonomy":"category","embeddable":true,"href":"https:\/\/dicodusport.fr\/blog\/wp-json\/wp\/v2\/categories?post=369830"},{"taxonomy":"post_tag","embeddable":true,"href":"https:\/\/dicodusport.fr\/blog\/wp-json\/wp\/v2\/tags?post=369830"}],"curies":[{"name":"wp","href":"https:\/\/api.w.org\/{rel}","templated":true}]}}