{"id":370003,"date":"2023-03-29T08:37:12","date_gmt":"2023-03-29T06:37:12","guid":{"rendered":"https:\/\/dicodusport.fr\/blog\/?p=370003&#038;preview=true&#038;preview_id=370003"},"modified":"2023-03-29T08:52:06","modified_gmt":"2023-03-29T06:52:06","slug":"nba-tony-parker-sera-le-premier-francais-intronise-au-hall-of-fame-en-2023","status":"publish","type":"post","link":"https:\/\/dicodusport.fr\/blog\/nba-tony-parker-sera-le-premier-francais-intronise-au-hall-of-fame-en-2023\/","title":{"rendered":"NBA : Tony Parker sera le premier fran\u00e7ais intronis\u00e9 au Hall of Fame en 2023 !"},"content":{"rendered":"<p style=\"text-align: justify;\"><em><strong><a href=\"https:\/\/dicodusport.fr\/blog\/actualites\/basket-ball\/nba\/nba-2022-2023\/\">SAISON NBA 2022\/23<\/a> &#8211; Via ESPN, les noms de la cuv\u00e9e 2023 du Hall of Fame NBA ont \u00e9t\u00e9 annonc\u00e9s durant la nuit. Aux c\u00f4t\u00e9s de Dirk Nowitzki, Dwyane Wade, Pau Gasol, Becky Hammon et Gregg Popovich, Tony Parker deviendra le premier fran\u00e7ais \u00e0 recevoir cet honneur prestigieux.<\/strong><\/em><\/p>\n<p style=\"text-align: justify;\">C&rsquo;est d\u00e9sormais officiel ! Anticipant l&rsquo;annonce officielle de la <strong>NBA<\/strong> pr\u00e9vue durant le Final Four de NCAA ce week-end, <strong>ESPN<\/strong> a annonc\u00e9 par le biais de son insider Adrian Wojnarowski le nom des futurs membres du prestigieux <strong>Hall of Fame NBA<\/strong>.<\/p>\n<h2 style=\"text-align: justify;\">Une cuv\u00e9e 2023 d\u00e9j\u00e0 iconique au parfum europ\u00e9en<\/h2>\n<p style=\"text-align: justify;\">Pour la premi\u00e8re fois dans l&rsquo;histoire de la grande ligue am\u00e9ricaine, un joueur fran\u00e7ais va \u00eatre intronis\u00e9 aux c\u00f4t\u00e9s des plus grands ! Quadruple champion NBA, MVP des finales en 2007, <strong>Tony Parker<\/strong> a marqu\u00e9 les esprits par son importance capitale dans le dispositif ultra performant des Spurs durant une quinzaine d&rsquo;ann\u00e9es. Il rentre d&rsquo;autant plus par la grande porte puisqu&rsquo;il int\u00e8gre une cuv\u00e9e l\u00e9gendaire. Plusieurs autres membres \u00e9minents des ann\u00e9es 2000 r\u00e9cemment retrait\u00e9s font en toute logique leur apparition, le tout avec un tr\u00e8s fort accent europ\u00e9en.<\/p>\n<p style=\"text-align: justify;\">En effet, avec ses 21 saisons pass\u00e9es aux Mavericks marqu\u00e9es par un titre \u00e9pique acquis en 2011, l&rsquo;Allemand <strong>Dirk Nowitzki<\/strong> \u00e9tait in\u00e9vitable, tout comme <strong>Pau Gasol<\/strong>. Quelques jours apr\u00e8s voir vu son maillot \u00eatre retir\u00e9 par les Lakers au Staples Center (ou Crypto.com Arena), l&rsquo;Espagnol voit son \u00e9norme carri\u00e8re \u00eatre de nouveau r\u00e9compens\u00e9e. Seul joueur am\u00e9ricain, <strong>Dwyane Wade <\/strong>compl\u00e8te ce quatuor monstrueux gr\u00e2ce \u00e0 sa carri\u00e8re monumentale au Miami Heat, ponctu\u00e9e de trois titres de champion NBA.<\/p>\n<p style=\"text-align: justify;\">\u00c0 noter \u00e9galement que la dynastie Spurs est mise en avant. En plus de Tony Parker, le l\u00e9gendaire coach de la franchise de San Antonio, <strong>Gregg Popovich<\/strong>, sera lui aussi honor\u00e9 le <strong>12 ao\u00fbt prochain \u00e0 Springfield<\/strong>. Une logique implacable pour celui qui est en place depuis 1996, avec d\u00e9sormais cinq bagues aux doigts et une quantit\u00e9 interminable de records. Enfin, disciple de Coach Pop entre 2014 et 2022 sur le banc des Spurs, <strong>Becky Hammon<\/strong> rejoint \u00e9galement le gratin du basket am\u00e9ricain. Deux fois titr\u00e9e en tant que joueuse et une fois en tant que coach avec les Las Vegas Aces, elle est \u00e9galement devenue une pionni\u00e8re en \u00e9tant la premi\u00e8re femme \u00e0 officier en tant qu&rsquo;entra\u00eeneuse principale lors d&rsquo;une rencontre NBA, \u00e0 l&rsquo;occasion d&rsquo;une expulsion de Gregg Popovich en d\u00e9cembre 2020.<\/p>\n<blockquote class=\"twitter-tweet\">\n<p dir=\"ltr\" lang=\"en\">Finalists elected to the Naismith Basketball Hall of Fame Class of 2023 include, per <a href=\"https:\/\/twitter.com\/wojespn?ref_src=twsrc%5Etfw\">@wojespn<\/a>:<\/p>\n<p>\u2b50\ufe0f Dwyane Wade<br \/>\n\u2b50\ufe0f Dirk Nowitzki<br \/>\n\u2b50\ufe0f Pau Gasol<br \/>\n\u2b50\ufe0f Tony Parker<br \/>\n\u2b50\ufe0f Becky Hammon<br \/>\n\u2b50\ufe0f Gregg Popovich <a href=\"https:\/\/t.co\/M8wazSb3Kx\">pic.twitter.com\/M8wazSb3Kx<\/a><\/p>\n<p>\u2014 ClutchPoints (@ClutchPointsApp) <a href=\"https:\/\/twitter.com\/ClutchPointsApp\/status\/1640887333955182592?ref_src=twsrc%5Etfw\">March 29, 2023<\/a><\/p><\/blockquote>\n<p><script async src=\"https:\/\/platform.twitter.com\/widgets.js\" charset=\"utf-8\"><\/script><\/p>\n","protected":false},"excerpt":{"rendered":"<p>SAISON NBA 2022\/23 &#8211; Via ESPN, les noms de la cuv\u00e9e 2023 du Hall of Fame NBA ont \u00e9t\u00e9 annonc\u00e9s durant la nuit. Aux c\u00f4t\u00e9s de Dirk Nowitzki, Dwyane Wade, Pau Gasol, Becky Hammon et Gregg Popovich, Tony Parker deviendra le premier fran\u00e7ais \u00e0 recevoir cet honneur prestigieux.<\/p>\n","protected":false},"author":55,"featured_media":370021,"comment_status":"open","ping_status":"closed","sticky":false,"template":"","format":"standard","meta":{"_acf_changed":false,"_daextam_enable_autolinks":"","footnotes":""},"categories":[10533],"tags":[16878,8759,1016,1018],"class_list":["post-370003","post","type-post","status-publish","format-standard","has-post-thumbnail","hentry","category-nba","tag-breve","tag-gregg-popovich","tag-san-antonio-spurs","tag-tony-parker"],"acf":[],"yoast_head":"<!-- This site is optimized with the Yoast SEO Premium plugin v26.7 (Yoast SEO v26.7) - https:\/\/yoast.com\/wordpress\/plugins\/seo\/ -->\n<title>NBA : Tony Parker sera le premier fran\u00e7ais intronis\u00e9 au Hall of Fame en 2023 !<\/title>\n<meta name=\"description\" content=\"NBA 2022\/23 - Tony Parker sera intronis\u00e9 au Hall of Fame de la NBA la 12 ao\u00fbt prochain aux c\u00f4t\u00e9s de Dirk Nowitzki et Gregg Popovich.\" \/>\n<meta name=\"robots\" content=\"index, follow, max-snippet:-1, max-image-preview:large, max-video-preview:-1\" \/>\n<link rel=\"canonical\" href=\"https:\/\/dicodusport.fr\/blog\/nba-tony-parker-sera-le-premier-francais-intronise-au-hall-of-fame-en-2023\/\" \/>\n<meta property=\"og:locale\" content=\"fr_FR\" \/>\n<meta property=\"og:type\" content=\"article\" \/>\n<meta property=\"og:title\" content=\"NBA : Tony Parker sera le premier fran\u00e7ais intronis\u00e9 au Hall of Fame en 2023 !\" \/>\n<meta property=\"og:description\" content=\"NBA 2022\/23 - Tony Parker sera intronis\u00e9 au Hall of Fame de la NBA la 12 ao\u00fbt prochain aux c\u00f4t\u00e9s de Dirk Nowitzki et Gregg Popovich.\" \/>\n<meta property=\"og:url\" content=\"https:\/\/dicodusport.fr\/blog\/nba-tony-parker-sera-le-premier-francais-intronise-au-hall-of-fame-en-2023\/\" \/>\n<meta property=\"og:site_name\" content=\"Dicodusport\" \/>\n<meta property=\"article:publisher\" content=\"https:\/\/www.facebook.com\/dicodusport\" \/>\n<meta property=\"article:published_time\" content=\"2023-03-29T06:37:12+00:00\" \/>\n<meta property=\"article:modified_time\" content=\"2023-03-29T06:52:06+00:00\" \/>\n<meta property=\"og:image\" content=\"https:\/\/dicodusport.fr\/blog\/wp-content\/uploads\/2023\/03\/NBA-Tony-Parker-sera-le-premier-francais-intronise-au-Hall-of-Fame-en-2023-.png\" \/>\n\t<meta property=\"og:image:width\" content=\"800\" \/>\n\t<meta property=\"og:image:height\" content=\"445\" \/>\n\t<meta property=\"og:image:type\" content=\"image\/png\" \/>\n<meta name=\"author\" content=\"Maxime Cazenave\" \/>\n<meta name=\"twitter:card\" content=\"summary_large_image\" \/>\n<meta name=\"twitter:title\" content=\"NBA : Tony Parker sera le premier fran\u00e7ais intronis\u00e9 au Hall of Fame en 2023 !\" \/>\n<meta name=\"twitter:creator\" content=\"@https:\/\/twitter.com\/Maxime_Caze\" \/>\n<meta name=\"twitter:site\" content=\"@dicodusport\" \/>\n<script type=\"application\/ld+json\" class=\"yoast-schema-graph\">{\"@context\":\"https:\/\/schema.org\",\"@graph\":[{\"@type\":\"NewsArticle\",\"@id\":\"https:\/\/dicodusport.fr\/blog\/nba-tony-parker-sera-le-premier-francais-intronise-au-hall-of-fame-en-2023\/#article\",\"isPartOf\":{\"@id\":\"https:\/\/dicodusport.fr\/blog\/nba-tony-parker-sera-le-premier-francais-intronise-au-hall-of-fame-en-2023\/\"},\"author\":{\"name\":\"Maxime Cazenave\",\"@id\":\"https:\/\/dicodusport.fr\/blog\/#\/schema\/person\/37def232098a7a5cbab3974a3690abb0\"},\"headline\":\"NBA : Tony Parker sera le premier fran\u00e7ais intronis\u00e9 au Hall of Fame en 2023 !\",\"datePublished\":\"2023-03-29T06:37:12+00:00\",\"dateModified\":\"2023-03-29T06:52:06+00:00\",\"mainEntityOfPage\":{\"@id\":\"https:\/\/dicodusport.fr\/blog\/nba-tony-parker-sera-le-premier-francais-intronise-au-hall-of-fame-en-2023\/\"},\"wordCount\":482,\"commentCount\":0,\"publisher\":{\"@id\":\"https:\/\/dicodusport.fr\/blog\/#organization\"},\"image\":{\"@id\":\"https:\/\/dicodusport.fr\/blog\/nba-tony-parker-sera-le-premier-francais-intronise-au-hall-of-fame-en-2023\/#primaryimage\"},\"thumbnailUrl\":\"https:\/\/dicodusport.fr\/blog\/wp-content\/uploads\/2023\/03\/NBA-Tony-Parker-sera-le-premier-francais-intronise-au-Hall-of-Fame-en-2023-.png\",\"keywords\":[\"br\u00e8ve\",\"Gregg Popovich\",\"San Antonio Spurs\",\"Tony Parker\"],\"articleSection\":[\"NBA\"],\"inLanguage\":\"fr-FR\",\"potentialAction\":[{\"@type\":\"CommentAction\",\"name\":\"Comment\",\"target\":[\"https:\/\/dicodusport.fr\/blog\/nba-tony-parker-sera-le-premier-francais-intronise-au-hall-of-fame-en-2023\/#respond\"]}],\"copyrightYear\":\"2023\",\"copyrightHolder\":{\"@id\":\"https:\/\/dicodusport.fr\/blog\/#organization\"}},{\"@type\":\"WebPage\",\"@id\":\"https:\/\/dicodusport.fr\/blog\/nba-tony-parker-sera-le-premier-francais-intronise-au-hall-of-fame-en-2023\/\",\"url\":\"https:\/\/dicodusport.fr\/blog\/nba-tony-parker-sera-le-premier-francais-intronise-au-hall-of-fame-en-2023\/\",\"name\":\"NBA : Tony Parker sera le premier fran\u00e7ais intronis\u00e9 au Hall of Fame en 2023 !\",\"isPartOf\":{\"@id\":\"https:\/\/dicodusport.fr\/blog\/#website\"},\"primaryImageOfPage\":{\"@id\":\"https:\/\/dicodusport.fr\/blog\/nba-tony-parker-sera-le-premier-francais-intronise-au-hall-of-fame-en-2023\/#primaryimage\"},\"image\":{\"@id\":\"https:\/\/dicodusport.fr\/blog\/nba-tony-parker-sera-le-premier-francais-intronise-au-hall-of-fame-en-2023\/#primaryimage\"},\"thumbnailUrl\":\"https:\/\/dicodusport.fr\/blog\/wp-content\/uploads\/2023\/03\/NBA-Tony-Parker-sera-le-premier-francais-intronise-au-Hall-of-Fame-en-2023-.png\",\"datePublished\":\"2023-03-29T06:37:12+00:00\",\"dateModified\":\"2023-03-29T06:52:06+00:00\",\"description\":\"NBA 2022\/23 - Tony Parker sera intronis\u00e9 au Hall of Fame de la NBA la 12 ao\u00fbt prochain aux c\u00f4t\u00e9s de Dirk Nowitzki et Gregg Popovich.\",\"breadcrumb\":{\"@id\":\"https:\/\/dicodusport.fr\/blog\/nba-tony-parker-sera-le-premier-francais-intronise-au-hall-of-fame-en-2023\/#breadcrumb\"},\"inLanguage\":\"fr-FR\",\"potentialAction\":[{\"@type\":\"ReadAction\",\"target\":[\"https:\/\/dicodusport.fr\/blog\/nba-tony-parker-sera-le-premier-francais-intronise-au-hall-of-fame-en-2023\/\"]}]},{\"@type\":\"ImageObject\",\"inLanguage\":\"fr-FR\",\"@id\":\"https:\/\/dicodusport.fr\/blog\/nba-tony-parker-sera-le-premier-francais-intronise-au-hall-of-fame-en-2023\/#primaryimage\",\"url\":\"https:\/\/dicodusport.fr\/blog\/wp-content\/uploads\/2023\/03\/NBA-Tony-Parker-sera-le-premier-francais-intronise-au-Hall-of-Fame-en-2023-.png\",\"contentUrl\":\"https:\/\/dicodusport.fr\/blog\/wp-content\/uploads\/2023\/03\/NBA-Tony-Parker-sera-le-premier-francais-intronise-au-Hall-of-Fame-en-2023-.png\",\"width\":800,\"height\":445},{\"@type\":\"BreadcrumbList\",\"@id\":\"https:\/\/dicodusport.fr\/blog\/nba-tony-parker-sera-le-premier-francais-intronise-au-hall-of-fame-en-2023\/#breadcrumb\",\"itemListElement\":[{\"@type\":\"ListItem\",\"position\":1,\"name\":\"Accueil\",\"item\":\"https:\/\/dicodusport.fr\/blog\/\"},{\"@type\":\"ListItem\",\"position\":2,\"name\":\"NBA : Tony Parker sera le premier fran\u00e7ais intronis\u00e9 au Hall of Fame en 2023 !\"}]},{\"@type\":\"WebSite\",\"@id\":\"https:\/\/dicodusport.fr\/blog\/#website\",\"url\":\"https:\/\/dicodusport.fr\/blog\/\",\"name\":\"Dicodusport\",\"description\":\"L&#039;encyclop\u00e9die de l&#039;actualit\u00e9 sportive\",\"publisher\":{\"@id\":\"https:\/\/dicodusport.fr\/blog\/#organization\"},\"potentialAction\":[{\"@type\":\"SearchAction\",\"target\":{\"@type\":\"EntryPoint\",\"urlTemplate\":\"https:\/\/dicodusport.fr\/blog\/?s={search_term_string}\"},\"query-input\":{\"@type\":\"PropertyValueSpecification\",\"valueRequired\":true,\"valueName\":\"search_term_string\"}}],\"inLanguage\":\"fr-FR\"},{\"@type\":\"NewsMediaOrganization\",\"@id\":\"https:\/\/dicodusport.fr\/blog\/#organization\",\"name\":\"Dicodusport\",\"url\":\"https:\/\/dicodusport.fr\/blog\/\",\"logo\":{\"@type\":\"ImageObject\",\"inLanguage\":\"fr-FR\",\"@id\":\"https:\/\/dicodusport.fr\/blog\/#\/schema\/logo\/image\/\",\"url\":\"https:\/\/dicodusport.fr\/blog\/wp-content\/uploads\/2020\/06\/cropped-LOGO-DICODUSPORT-2020-SANS-FOND-SANS-TEXTE.png\",\"contentUrl\":\"https:\/\/dicodusport.fr\/blog\/wp-content\/uploads\/2020\/06\/cropped-LOGO-DICODUSPORT-2020-SANS-FOND-SANS-TEXTE.png\",\"width\":512,\"height\":512,\"caption\":\"Dicodusport\"},\"image\":{\"@id\":\"https:\/\/dicodusport.fr\/blog\/#\/schema\/logo\/image\/\"},\"sameAs\":[\"https:\/\/www.facebook.com\/dicodusport\",\"https:\/\/x.com\/dicodusport\",\"https:\/\/www.instagram.com\/dicodusport\/\",\"https:\/\/www.youtube.com\/channel\/UC7V2KZ5sd3htJivAbA4ZG3w\"],\"description\":\"Dicodusport est l'encyclop\u00e9die de l'actualit\u00e9 sportive.\",\"email\":\"bonjour@dicodusport.fr\",\"legalName\":\"DICODUSPORT\",\"foundingDate\":\"2018-01-14\",\"vatID\":\"FR71834470973\",\"taxID\":\"83447097300043\",\"numberOfEmployees\":{\"@type\":\"QuantitativeValue\",\"minValue\":\"1\",\"maxValue\":\"10\"}},{\"@type\":\"Person\",\"@id\":\"https:\/\/dicodusport.fr\/blog\/#\/schema\/person\/37def232098a7a5cbab3974a3690abb0\",\"name\":\"Maxime Cazenave\",\"image\":{\"@type\":\"ImageObject\",\"inLanguage\":\"fr-FR\",\"@id\":\"https:\/\/dicodusport.fr\/blog\/#\/schema\/person\/image\/\",\"url\":\"https:\/\/dicodusport.fr\/blog\/wp-content\/uploads\/2021\/05\/Maxime-Cazenave-150x150.jpg\",\"contentUrl\":\"https:\/\/dicodusport.fr\/blog\/wp-content\/uploads\/2021\/05\/Maxime-Cazenave-150x150.jpg\",\"caption\":\"Maxime Cazenave\"},\"description\":\"Journaliste\/R\u00e9dacteur depuis 2012 - Berc\u00e9 par l\u2019amour des Girondins de Bordeaux, les \u00e9checs de Christophe Moreau sur le Tour de France sous l'\u00e8re Lance Armstrong et le fade-away l\u00e9tal de Dirk Nowitzki, ma passion d\u00e9vorante pour le sport a toujours \u00e9t\u00e9 un pan incontournable de ma vie. Transmettre ma passion \u00e0 l\u2019\u00e9crit a \u00e9t\u00e9 une transition naturelle. Suiveur assidu de basket et de hockey sur glace, je garde toujours un peu de place pour suivre le cyclisme, le football et le maximum de performances fran\u00e7aises.\",\"sameAs\":[\"https:\/\/x.com\/https:\/\/twitter.com\/Maxime_Caze\"],\"url\":\"https:\/\/dicodusport.fr\/blog\/author\/maximec\/\"}]}<\/script>\n<!-- \/ Yoast SEO Premium plugin. -->","yoast_head_json":{"title":"NBA : Tony Parker sera le premier fran\u00e7ais intronis\u00e9 au Hall of Fame en 2023 !","description":"NBA 2022\/23 - Tony Parker sera intronis\u00e9 au Hall of Fame de la NBA la 12 ao\u00fbt prochain aux c\u00f4t\u00e9s de Dirk Nowitzki et Gregg Popovich.","robots":{"index":"index","follow":"follow","max-snippet":"max-snippet:-1","max-image-preview":"max-image-preview:large","max-video-preview":"max-video-preview:-1"},"canonical":"https:\/\/dicodusport.fr\/blog\/nba-tony-parker-sera-le-premier-francais-intronise-au-hall-of-fame-en-2023\/","og_locale":"fr_FR","og_type":"article","og_title":"NBA : Tony Parker sera le premier fran\u00e7ais intronis\u00e9 au Hall of Fame en 2023 !","og_description":"NBA 2022\/23 - Tony Parker sera intronis\u00e9 au Hall of Fame de la NBA la 12 ao\u00fbt prochain aux c\u00f4t\u00e9s de Dirk Nowitzki et Gregg Popovich.","og_url":"https:\/\/dicodusport.fr\/blog\/nba-tony-parker-sera-le-premier-francais-intronise-au-hall-of-fame-en-2023\/","og_site_name":"Dicodusport","article_publisher":"https:\/\/www.facebook.com\/dicodusport","article_published_time":"2023-03-29T06:37:12+00:00","article_modified_time":"2023-03-29T06:52:06+00:00","og_image":[{"width":800,"height":445,"url":"https:\/\/dicodusport.fr\/blog\/wp-content\/uploads\/2023\/03\/NBA-Tony-Parker-sera-le-premier-francais-intronise-au-Hall-of-Fame-en-2023-.png","type":"image\/png"}],"author":"Maxime Cazenave","twitter_card":"summary_large_image","twitter_title":"NBA : Tony Parker sera le premier fran\u00e7ais intronis\u00e9 au Hall of Fame en 2023 !","twitter_creator":"@https:\/\/twitter.com\/Maxime_Caze","twitter_site":"@dicodusport","schema":{"@context":"https:\/\/schema.org","@graph":[{"@type":"NewsArticle","@id":"https:\/\/dicodusport.fr\/blog\/nba-tony-parker-sera-le-premier-francais-intronise-au-hall-of-fame-en-2023\/#article","isPartOf":{"@id":"https:\/\/dicodusport.fr\/blog\/nba-tony-parker-sera-le-premier-francais-intronise-au-hall-of-fame-en-2023\/"},"author":{"name":"Maxime Cazenave","@id":"https:\/\/dicodusport.fr\/blog\/#\/schema\/person\/37def232098a7a5cbab3974a3690abb0"},"headline":"NBA : Tony Parker sera le premier fran\u00e7ais intronis\u00e9 au Hall of Fame en 2023 !","datePublished":"2023-03-29T06:37:12+00:00","dateModified":"2023-03-29T06:52:06+00:00","mainEntityOfPage":{"@id":"https:\/\/dicodusport.fr\/blog\/nba-tony-parker-sera-le-premier-francais-intronise-au-hall-of-fame-en-2023\/"},"wordCount":482,"commentCount":0,"publisher":{"@id":"https:\/\/dicodusport.fr\/blog\/#organization"},"image":{"@id":"https:\/\/dicodusport.fr\/blog\/nba-tony-parker-sera-le-premier-francais-intronise-au-hall-of-fame-en-2023\/#primaryimage"},"thumbnailUrl":"https:\/\/dicodusport.fr\/blog\/wp-content\/uploads\/2023\/03\/NBA-Tony-Parker-sera-le-premier-francais-intronise-au-Hall-of-Fame-en-2023-.png","keywords":["br\u00e8ve","Gregg Popovich","San Antonio Spurs","Tony Parker"],"articleSection":["NBA"],"inLanguage":"fr-FR","potentialAction":[{"@type":"CommentAction","name":"Comment","target":["https:\/\/dicodusport.fr\/blog\/nba-tony-parker-sera-le-premier-francais-intronise-au-hall-of-fame-en-2023\/#respond"]}],"copyrightYear":"2023","copyrightHolder":{"@id":"https:\/\/dicodusport.fr\/blog\/#organization"}},{"@type":"WebPage","@id":"https:\/\/dicodusport.fr\/blog\/nba-tony-parker-sera-le-premier-francais-intronise-au-hall-of-fame-en-2023\/","url":"https:\/\/dicodusport.fr\/blog\/nba-tony-parker-sera-le-premier-francais-intronise-au-hall-of-fame-en-2023\/","name":"NBA : Tony Parker sera le premier fran\u00e7ais intronis\u00e9 au Hall of Fame en 2023 !","isPartOf":{"@id":"https:\/\/dicodusport.fr\/blog\/#website"},"primaryImageOfPage":{"@id":"https:\/\/dicodusport.fr\/blog\/nba-tony-parker-sera-le-premier-francais-intronise-au-hall-of-fame-en-2023\/#primaryimage"},"image":{"@id":"https:\/\/dicodusport.fr\/blog\/nba-tony-parker-sera-le-premier-francais-intronise-au-hall-of-fame-en-2023\/#primaryimage"},"thumbnailUrl":"https:\/\/dicodusport.fr\/blog\/wp-content\/uploads\/2023\/03\/NBA-Tony-Parker-sera-le-premier-francais-intronise-au-Hall-of-Fame-en-2023-.png","datePublished":"2023-03-29T06:37:12+00:00","dateModified":"2023-03-29T06:52:06+00:00","description":"NBA 2022\/23 - Tony Parker sera intronis\u00e9 au Hall of Fame de la NBA la 12 ao\u00fbt prochain aux c\u00f4t\u00e9s de Dirk Nowitzki et Gregg Popovich.","breadcrumb":{"@id":"https:\/\/dicodusport.fr\/blog\/nba-tony-parker-sera-le-premier-francais-intronise-au-hall-of-fame-en-2023\/#breadcrumb"},"inLanguage":"fr-FR","potentialAction":[{"@type":"ReadAction","target":["https:\/\/dicodusport.fr\/blog\/nba-tony-parker-sera-le-premier-francais-intronise-au-hall-of-fame-en-2023\/"]}]},{"@type":"ImageObject","inLanguage":"fr-FR","@id":"https:\/\/dicodusport.fr\/blog\/nba-tony-parker-sera-le-premier-francais-intronise-au-hall-of-fame-en-2023\/#primaryimage","url":"https:\/\/dicodusport.fr\/blog\/wp-content\/uploads\/2023\/03\/NBA-Tony-Parker-sera-le-premier-francais-intronise-au-Hall-of-Fame-en-2023-.png","contentUrl":"https:\/\/dicodusport.fr\/blog\/wp-content\/uploads\/2023\/03\/NBA-Tony-Parker-sera-le-premier-francais-intronise-au-Hall-of-Fame-en-2023-.png","width":800,"height":445},{"@type":"BreadcrumbList","@id":"https:\/\/dicodusport.fr\/blog\/nba-tony-parker-sera-le-premier-francais-intronise-au-hall-of-fame-en-2023\/#breadcrumb","itemListElement":[{"@type":"ListItem","position":1,"name":"Accueil","item":"https:\/\/dicodusport.fr\/blog\/"},{"@type":"ListItem","position":2,"name":"NBA : Tony Parker sera le premier fran\u00e7ais intronis\u00e9 au Hall of Fame en 2023 !"}]},{"@type":"WebSite","@id":"https:\/\/dicodusport.fr\/blog\/#website","url":"https:\/\/dicodusport.fr\/blog\/","name":"Dicodusport","description":"L&#039;encyclop\u00e9die de l&#039;actualit\u00e9 sportive","publisher":{"@id":"https:\/\/dicodusport.fr\/blog\/#organization"},"potentialAction":[{"@type":"SearchAction","target":{"@type":"EntryPoint","urlTemplate":"https:\/\/dicodusport.fr\/blog\/?s={search_term_string}"},"query-input":{"@type":"PropertyValueSpecification","valueRequired":true,"valueName":"search_term_string"}}],"inLanguage":"fr-FR"},{"@type":"NewsMediaOrganization","@id":"https:\/\/dicodusport.fr\/blog\/#organization","name":"Dicodusport","url":"https:\/\/dicodusport.fr\/blog\/","logo":{"@type":"ImageObject","inLanguage":"fr-FR","@id":"https:\/\/dicodusport.fr\/blog\/#\/schema\/logo\/image\/","url":"https:\/\/dicodusport.fr\/blog\/wp-content\/uploads\/2020\/06\/cropped-LOGO-DICODUSPORT-2020-SANS-FOND-SANS-TEXTE.png","contentUrl":"https:\/\/dicodusport.fr\/blog\/wp-content\/uploads\/2020\/06\/cropped-LOGO-DICODUSPORT-2020-SANS-FOND-SANS-TEXTE.png","width":512,"height":512,"caption":"Dicodusport"},"image":{"@id":"https:\/\/dicodusport.fr\/blog\/#\/schema\/logo\/image\/"},"sameAs":["https:\/\/www.facebook.com\/dicodusport","https:\/\/x.com\/dicodusport","https:\/\/www.instagram.com\/dicodusport\/","https:\/\/www.youtube.com\/channel\/UC7V2KZ5sd3htJivAbA4ZG3w"],"description":"Dicodusport est l'encyclop\u00e9die de l'actualit\u00e9 sportive.","email":"bonjour@dicodusport.fr","legalName":"DICODUSPORT","foundingDate":"2018-01-14","vatID":"FR71834470973","taxID":"83447097300043","numberOfEmployees":{"@type":"QuantitativeValue","minValue":"1","maxValue":"10"}},{"@type":"Person","@id":"https:\/\/dicodusport.fr\/blog\/#\/schema\/person\/37def232098a7a5cbab3974a3690abb0","name":"Maxime Cazenave","image":{"@type":"ImageObject","inLanguage":"fr-FR","@id":"https:\/\/dicodusport.fr\/blog\/#\/schema\/person\/image\/","url":"https:\/\/dicodusport.fr\/blog\/wp-content\/uploads\/2021\/05\/Maxime-Cazenave-150x150.jpg","contentUrl":"https:\/\/dicodusport.fr\/blog\/wp-content\/uploads\/2021\/05\/Maxime-Cazenave-150x150.jpg","caption":"Maxime Cazenave"},"description":"Journaliste\/R\u00e9dacteur depuis 2012 - Berc\u00e9 par l\u2019amour des Girondins de Bordeaux, les \u00e9checs de Christophe Moreau sur le Tour de France sous l'\u00e8re Lance Armstrong et le fade-away l\u00e9tal de Dirk Nowitzki, ma passion d\u00e9vorante pour le sport a toujours \u00e9t\u00e9 un pan incontournable de ma vie. Transmettre ma passion \u00e0 l\u2019\u00e9crit a \u00e9t\u00e9 une transition naturelle. Suiveur assidu de basket et de hockey sur glace, je garde toujours un peu de place pour suivre le cyclisme, le football et le maximum de performances fran\u00e7aises.","sameAs":["https:\/\/x.com\/https:\/\/twitter.com\/Maxime_Caze"],"url":"https:\/\/dicodusport.fr\/blog\/author\/maximec\/"}]}},"_links":{"self":[{"href":"https:\/\/dicodusport.fr\/blog\/wp-json\/wp\/v2\/posts\/370003","targetHints":{"allow":["GET"]}}],"collection":[{"href":"https:\/\/dicodusport.fr\/blog\/wp-json\/wp\/v2\/posts"}],"about":[{"href":"https:\/\/dicodusport.fr\/blog\/wp-json\/wp\/v2\/types\/post"}],"author":[{"embeddable":true,"href":"https:\/\/dicodusport.fr\/blog\/wp-json\/wp\/v2\/users\/55"}],"replies":[{"embeddable":true,"href":"https:\/\/dicodusport.fr\/blog\/wp-json\/wp\/v2\/comments?post=370003"}],"version-history":[{"count":0,"href":"https:\/\/dicodusport.fr\/blog\/wp-json\/wp\/v2\/posts\/370003\/revisions"}],"wp:featuredmedia":[{"embeddable":true,"href":"https:\/\/dicodusport.fr\/blog\/wp-json\/wp\/v2\/media\/370021"}],"wp:attachment":[{"href":"https:\/\/dicodusport.fr\/blog\/wp-json\/wp\/v2\/media?parent=370003"}],"wp:term":[{"taxonomy":"category","embeddable":true,"href":"https:\/\/dicodusport.fr\/blog\/wp-json\/wp\/v2\/categories?post=370003"},{"taxonomy":"post_tag","embeddable":true,"href":"https:\/\/dicodusport.fr\/blog\/wp-json\/wp\/v2\/tags?post=370003"}],"curies":[{"name":"wp","href":"https:\/\/api.w.org\/{rel}","templated":true}]}}