{"id":370288,"date":"2023-03-31T08:30:55","date_gmt":"2023-03-31T06:30:55","guid":{"rendered":"https:\/\/dicodusport.fr\/blog\/?p=370288&#038;preview=true&#038;preview_id=370288"},"modified":"2023-03-31T21:06:36","modified_gmt":"2023-03-31T19:06:36","slug":"tour-des-flandres-2023-davide-ballerini-la-meilleure-carte-de-la-soudal-quick-step","status":"publish","type":"post","link":"https:\/\/dicodusport.fr\/blog\/tour-des-flandres-2023-davide-ballerini-la-meilleure-carte-de-la-soudal-quick-step\/","title":{"rendered":"Tour des Flandres 2023 : Davide Ballerini, la meilleure carte de la Soudal Quick-Step ?"},"content":{"rendered":"<p align=\"justify\"><em><strong>TOUR DES FLANDRES 2023 &#8211; Davide Ballerini a termin\u00e9 <a href=\"https:\/\/dicodusport.fr\/blog\/classement-a-travers-la-flandre-2023\/*\">A Travers la Flandre \u00e0 la 7e place<\/a>. La meilleure place de son \u00e9quipe Soudal Quick-Step. \u00c0 trois jours du Tour des Flandres, le second Monument de la saison, peut-il \u00eatre la meilleure carte de la formation belge, en grande difficult\u00e9 en 2023 sur les Flandriennes ?<\/strong><\/em><\/p>\n<h2 style=\"text-align: justify;\" align=\"justify\">Davide Ballerini, le meilleur Soudal Quick-Step sur les Flandriennes<\/h2>\n<p style=\"text-align: justify;\" align=\"justify\">Le moins qu&rsquo;on puisse dire, c&rsquo;est que la Soudal Quick-Step est en grande difficult\u00e9 cette saison sur les Flandriennes. Avec seulement 4 tops 10 et un seul podium pour <strong>Yves Lampaert<\/strong>, 3\u00e8me de la <a href=\"https:\/\/dicodusport.fr\/blog\/classement-classic-bruges-la-panne-2023\/\">Classic Brugge-La Panne<\/a>. Indigne du statut d&rsquo;une formation qui a souvent r\u00e9gn\u00e9 sur ce genre de courses. \u00c0 cela s&rsquo;ajoute une 9e place de <strong>Fabio Jakobsen<\/strong> sur <a href=\"https:\/\/dicodusport.fr\/blog\/classement-kuurne-bruxelles-kuurne-2023\/\">Kuurne-Bruxelles-Kuurne<\/a>. Les deux autres tops 10 ? <strong>Davide Ballerini<\/strong>, 6e de l&rsquo;<a href=\"https:\/\/dicodusport.fr\/blog\/classement-het-nieuwsblad-2023\/\">Omloop Het Nieuwsblad<\/a> et donc 7e ce mercredi d&rsquo;<a href=\"https:\/\/dicodusport.fr\/blog\/classement-a-travers-la-flandre-2023\/\">\u00c0 Travers la Flandre<\/a>. Deux classiques qui ressemblent un peu \u00e0 ce que vont retrouver les coureurs lors du prochain Tour des Flandres, avec des monts pav\u00e9s et des routes \u00e9troites.<\/p>\n<p style=\"text-align: justify;\" align=\"justify\">L&rsquo;Italien de 28 ans semble \u00eatre en bonne forme au milieu de la morosit\u00e9 de la formation belge. Ce qui est int\u00e9ressant, c&rsquo;est qu&rsquo;il n&rsquo;a jamais \u00e9t\u00e9 le leader d\u00e9sign\u00e9 de son \u00e9quipe. Ce mercredi encore, on l&rsquo;a vu abattre du travail pour <strong>Julian Alaphilippe<\/strong>. Avant que les rapports ne s&rsquo;inversent en fin de course. <strong>Davide Ballerini<\/strong> avait-il les moyens de suivre le groupe de <strong>Christophe Laporte<\/strong>, vainqueur d&rsquo;\u00c0 Travers la Flandre ? On ne le saura jamais. Mais le fait est qu&rsquo;il n&rsquo;a jamais eu totalement carte blanche. Il paye une ann\u00e9e 2022 rat\u00e9e, avec aucun r\u00e9sultat notable sur ces classiques, lui le vainqueur de l&rsquo;Omloop Het Nieuwsblad en 2021.<\/p>\n<div class=\"vlp-link-container vlp-layout-article\"><a href=\"https:\/\/dicodusport.fr\/blog\/omloop-het-nieuwsblad-davide-ballerini-s-impose-au-sprint\/\" class=\"vlp-link\" title=\"Omloop Het Nieuwsblad : Davide Ballerini s&#039;impose au sprint\"><\/a><div class=\"vlp-layout-zone-side\"><div class=\"vlp-block-4 vlp-link-image\"><img loading=\"lazy\" decoding=\"async\" style=\"max-width: 800px;\" width=\"800\" height=\"445\" src=\"https:\/\/dicodusport.fr\/blog\/wp-content\/uploads\/2021\/02\/Omloop-Het-Nieuwsblad-Davide-Ballerini-simpose-au-sprint.png\" class=\"attachment-800x445 size-800x445\" alt=\"Omloop Het Nieuwsblad - Davide Ballerini s&#039;impose au sprint\" srcset=\"https:\/\/dicodusport.fr\/blog\/wp-content\/uploads\/2021\/02\/Omloop-Het-Nieuwsblad-Davide-Ballerini-simpose-au-sprint.png 800w, https:\/\/dicodusport.fr\/blog\/wp-content\/uploads\/2021\/02\/Omloop-Het-Nieuwsblad-Davide-Ballerini-simpose-au-sprint-300x167.png 300w, https:\/\/dicodusport.fr\/blog\/wp-content\/uploads\/2021\/02\/Omloop-Het-Nieuwsblad-Davide-Ballerini-simpose-au-sprint-768x427.png 768w\" sizes=\"auto, (max-width: 800px) 100vw, 800px\" \/><\/div><\/div><div class=\"vlp-layout-zone-main\"><div class=\"vlp-block-0 vlp-link-title\">Omloop Het Nieuwsblad : Davide Ballerini s'impose au sprint<\/div><div class=\"vlp-block-1 vlp-link-summary\">CYCLISME - Vainqueur de deux \u00e9tapes sur le Tour de La Provence, Davide Ballerini (Deceuninck - Quick-Step) a remport\u00e9 l'Omloop Het Nieuwsblad ce samedi. L'Italien a profit\u00e9 de l'\u00e9norme travail de son \u00e9quipe dans le final.<\/div><div class=\"vlp-block-2 vlp-link-button\">Lire l'article<\/div><div class=\"vlp-block-3 vlp-link-url\">dicodusport.fr<\/div><\/div><\/div>\n<h2 style=\"text-align: justify;\" align=\"justify\">L&rsquo;interrogation Tour des Flandres<\/h2>\n<p style=\"text-align: justify;\">Maintenant, on peut aussi se poser la question de sa l\u00e9gitimit\u00e9 en tant que leader. Et ses directeurs sportifs vont se la poser. Car <strong>Davide Ballerini<\/strong> n&rsquo;a aucun r\u00e9sultat probant sur des Monuments. Et il aborde le Tour des Flandres en n&rsquo;ayant jamais termin\u00e9 le Ronde. Si des r\u00e9v\u00e9lations peuvent arriver sur le tard, un Monument exige une exp\u00e9rience, et d&rsquo;avoir d\u00e9j\u00e0 su jouer plac\u00e9 par le pass\u00e9. Plus globalement, sur les courses qui d\u00e9passent les 200 kilom\u00e8tres, le coureur de la Soudal Quick-Step n&rsquo;a aucun vrai r\u00e9sultat.<\/p>\n<p style=\"text-align: justify;\">Il n&rsquo;a jamais termin\u00e9 mieux qu&rsquo;\u00e0 la 26e place (en 2021) de l&rsquo;E3 Saxo-Bank Classic, consid\u00e9r\u00e9e comme la r\u00e9p\u00e9tition principale du Tour des Flandres. Et m\u00eame sur Paris-Roubaix, c&rsquo;est compliqu\u00e9. Au mieux, 31e en 2019 et 42e la saison pass\u00e9e. Il ne peut pr\u00e9tendre \u00e0 un statut de leader unique et ce, m\u00eame si ses co\u00e9quipiers ne montrent pas de gages solides. <strong>Kasper Asgreen<\/strong> est en grande difficult\u00e9 depuis son sacre au Tour des Flandres 2021, <strong>Julian Alaphilippe<\/strong> a b\u00e2ch\u00e9 sur l&rsquo;E3 et a encore montr\u00e9 ses limites ce mercredi vers Waregem. <strong>Yves Lampaert<\/strong> peut lui pr\u00e9senter des gages plus solides, proche du podium sur Paris-Roubaix 2022, avant sa chute malheureuse, provoqu\u00e9e par un spectateur.<\/p>\n<h2 style=\"text-align: justify;\">S&rsquo;inspirer d&rsquo;Alberto Bettiol<\/h2>\n<p style=\"text-align: justify;\">Maintenant, <strong>Davide Ballerini<\/strong> poss\u00e8de des atouts. Avec une belle pointe de vitesse qui peut lui permettre a minima de jouer plac\u00e9. Mercredi, il termine devant des <strong>Nils Politt<\/strong> ou <strong>Andrea Pasqualon<\/strong>. \u00c0 la pure p\u00e9dale, il est clair qu&rsquo;il est inf\u00e9rieur \u00e0 l&rsquo;armada Jumbo-Visma, mais aussi \u00e0 <strong>Mathieu van der Poel<\/strong> et <strong>Tadej Pogacar<\/strong>. Maintenant, au vu de ses r\u00e9sultats tr\u00e8s compliqu\u00e9s sur les Flandriennes, la Soudal Quick-Step serait plus qu&rsquo;inspir\u00e9e de ne pas griller trop vite ses cartouches et ses hommes, en les faisant travailler de fa\u00e7on inutile.<\/p>\n<div class=\"vlp-link-container vlp-layout-article\"><a href=\"https:\/\/dicodusport.fr\/blog\/comment-tadej-pogacar-peut-il-remporter-le-tour-des-flandres-2023\/\" class=\"vlp-link\" title=\"Comment Tadej Pogacar peut-il remporter le Tour des Flandres 2023 ?\"><\/a><div class=\"vlp-layout-zone-side\"><div class=\"vlp-block-4 vlp-link-image\"><img loading=\"lazy\" decoding=\"async\" style=\"max-width: 800px;\" width=\"800\" height=\"445\" src=\"https:\/\/dicodusport.fr\/blog\/wp-content\/uploads\/2023\/03\/Tour-des-Flandres-2023-Comment-Pogacar-peut-remporter-la-course-.png\" class=\"attachment-800x445 size-800x445\" alt=\"Tour des Flandres 2023 : Comment Pogacar peut remporter la course ?\" srcset=\"https:\/\/dicodusport.fr\/blog\/wp-content\/uploads\/2023\/03\/Tour-des-Flandres-2023-Comment-Pogacar-peut-remporter-la-course-.png 800w, https:\/\/dicodusport.fr\/blog\/wp-content\/uploads\/2023\/03\/Tour-des-Flandres-2023-Comment-Pogacar-peut-remporter-la-course--300x167.png 300w, https:\/\/dicodusport.fr\/blog\/wp-content\/uploads\/2023\/03\/Tour-des-Flandres-2023-Comment-Pogacar-peut-remporter-la-course--768x427.png 768w\" sizes=\"auto, (max-width: 800px) 100vw, 800px\" \/><\/div><\/div><div class=\"vlp-layout-zone-main\"><div class=\"vlp-block-0 vlp-link-title\">Comment Tadej Pogacar peut-il remporter le Tour des Flandres 2023 ?<\/div><div class=\"vlp-block-1 vlp-link-summary\">TOUR DES FLANDRES 2023 - Tadej Pogacar (UAE Team Emirates) a but\u00e9 sur Wout Van Aert et Mathieu van der Poel sur le Grand Prix E3 vendredi dernier. Tout comme il avait d\u00e9j\u00e0 coinc\u00e9 face au N\u00e9erlandais l'an pass\u00e9 sur le Ronde. Que doit faire le Slov\u00e8ne pour esp\u00e9rer renverser la table sur l'\u00e9dition 2023 ?<\/div><div class=\"vlp-block-2 vlp-link-button\">Lire l'article<\/div><div class=\"vlp-block-3 vlp-link-url\">dicodusport.fr<\/div><\/div><\/div>\n<p style=\"text-align: justify;\">Et le coureur italien pourra s&rsquo;inspirer de son compatriote <strong>Alberto Bettiol<\/strong>, dont le premier grand r\u00e9sultat de sa carri\u00e8re a \u00e9t\u00e9 un Tour des Flandres remport\u00e9 en 2019. \u00c0 l&rsquo;\u00e2ge de 26 ans. Pas forc\u00e9ment attendu sur le papier, il avait produit un d\u00e9marrage tr\u00e8s impressionnant dans le <strong>Vieux Quaremont<\/strong>. C&rsquo;\u00e9tait le jour du coureur de la EF Education-Easy Post, qui avait triomph\u00e9 sur le Ronde. Mais la t\u00e2che sera rude pour <strong>Davide Ballerini<\/strong>.<\/p>\n<h2 style=\"text-align: justify;\">\u00c0 lire aussi<\/h2>\n<ul>\n<li style=\"text-align: justify;\"><a href=\"https:\/\/dicodusport.fr\/blog\/tour-des-flandres-2023-parcours-et-profil\/\" target=\"_blank\" rel=\"noopener\"><strong>Tour des Flandres 2023 : Parcours et profil\u00a0<\/strong><\/a><\/li>\n<li style=\"text-align: justify;\"><a href=\"https:\/\/dicodusport.fr\/blog\/classement-a-travers-la-flandre-2023\/\"><strong>Tour des Flandres 2023 : Favoris et outsiders<\/strong><\/a><\/li>\n<li><a href=\"https:\/\/dicodusport.fr\/blog\/tour-des-flandres-2023-notre-pronostic\/\" target=\"_blank\" rel=\"noopener\"><strong>Tour des Flandres 2023 : Notre pronostic<\/strong><\/a><\/li>\n<\/ul>\n","protected":false},"excerpt":{"rendered":"<p>TOUR DES FLANDRES 2023 &#8211; Davide Ballerini a termin\u00e9 A Travers la Flandre \u00e0 la 7e place. La meilleure place de son \u00e9quipe Soudal Quick-Step. \u00c0 trois jours du Tour des Flandres, premier Monument de la saison, peut-il \u00eatre la meilleure carte de la formation belge, en grande difficult\u00e9 en 2023 sur les Flandriennes ?<\/p>\n","protected":false},"author":83,"featured_media":370304,"comment_status":"open","ping_status":"closed","sticky":false,"template":"","format":"standard","meta":{"_acf_changed":false,"_daextam_enable_autolinks":"","footnotes":""},"categories":[46994],"tags":[16878,574,28868,4325],"class_list":["post-370288","post","type-post","status-publish","format-standard","has-post-thumbnail","hentry","category-cyclisme-sur-route","tag-breve","tag-cyclisme","tag-soudal-quick-step","tag-tour-des-flandres"],"acf":[],"yoast_head":"<!-- This site is optimized with the Yoast SEO Premium plugin v26.7 (Yoast SEO v26.7) - https:\/\/yoast.com\/wordpress\/plugins\/seo\/ -->\n<title>Tour des Flandres 2023 : Davide Ballerini, la meilleure carte de la Soudal Quick-Step ?<\/title>\n<meta name=\"description\" content=\"TOUR DES FLANDRES 2023 - Davide Ballerini a termin\u00e9 \u00c0 Travers la Flandre \u00e0 la 7e place. La meilleure place de l&#039;\u00e9quipe Soudal Quick-Step.\" \/>\n<meta name=\"robots\" content=\"index, follow, max-snippet:-1, max-image-preview:large, max-video-preview:-1\" \/>\n<link rel=\"canonical\" href=\"https:\/\/dicodusport.fr\/blog\/tour-des-flandres-2023-davide-ballerini-la-meilleure-carte-de-la-soudal-quick-step\/\" \/>\n<meta property=\"og:locale\" content=\"fr_FR\" \/>\n<meta property=\"og:type\" content=\"article\" \/>\n<meta property=\"og:title\" content=\"Tour des Flandres 2023 : Davide Ballerini, la meilleure carte de la Soudal Quick-Step ?\" \/>\n<meta property=\"og:description\" content=\"TOUR DES FLANDRES 2023 - Davide Ballerini a termin\u00e9 \u00c0 Travers la Flandre \u00e0 la 7e place. La meilleure place de l&#039;\u00e9quipe Soudal Quick-Step.\" \/>\n<meta property=\"og:url\" content=\"https:\/\/dicodusport.fr\/blog\/tour-des-flandres-2023-davide-ballerini-la-meilleure-carte-de-la-soudal-quick-step\/\" \/>\n<meta property=\"og:site_name\" content=\"Dicodusport\" \/>\n<meta property=\"article:publisher\" content=\"https:\/\/www.facebook.com\/dicodusport\" \/>\n<meta property=\"article:published_time\" content=\"2023-03-31T06:30:55+00:00\" \/>\n<meta property=\"article:modified_time\" content=\"2023-03-31T19:06:36+00:00\" \/>\n<meta property=\"og:image\" content=\"https:\/\/dicodusport.fr\/blog\/wp-content\/uploads\/2023\/03\/Tour-des-Flandres-2023-Davide-Ballerini-la-meilleure-carte-de-la-Soudal-Quick-Step-.png\" \/>\n\t<meta property=\"og:image:width\" content=\"800\" \/>\n\t<meta property=\"og:image:height\" content=\"445\" \/>\n\t<meta property=\"og:image:type\" content=\"image\/png\" \/>\n<meta name=\"author\" content=\"Etienne Goursaud\" \/>\n<meta name=\"twitter:card\" content=\"summary_large_image\" \/>\n<meta name=\"twitter:title\" content=\"Tour des Flandres 2023 : Davide Ballerini, la meilleure carte de la Soudal Quick-Step ?\" \/>\n<meta name=\"twitter:creator\" content=\"@dicodusport\" \/>\n<meta name=\"twitter:site\" content=\"@dicodusport\" \/>\n<script type=\"application\/ld+json\" class=\"yoast-schema-graph\">{\"@context\":\"https:\/\/schema.org\",\"@graph\":[{\"@type\":\"NewsArticle\",\"@id\":\"https:\/\/dicodusport.fr\/blog\/tour-des-flandres-2023-davide-ballerini-la-meilleure-carte-de-la-soudal-quick-step\/#article\",\"isPartOf\":{\"@id\":\"https:\/\/dicodusport.fr\/blog\/tour-des-flandres-2023-davide-ballerini-la-meilleure-carte-de-la-soudal-quick-step\/\"},\"author\":{\"name\":\"Etienne Goursaud\",\"@id\":\"https:\/\/dicodusport.fr\/blog\/#\/schema\/person\/d603dd7da31fb2b46c82b9835a77ec13\"},\"headline\":\"Tour des Flandres 2023 : Davide Ballerini, la meilleure carte de la Soudal Quick-Step ?\",\"datePublished\":\"2023-03-31T06:30:55+00:00\",\"dateModified\":\"2023-03-31T19:06:36+00:00\",\"mainEntityOfPage\":{\"@id\":\"https:\/\/dicodusport.fr\/blog\/tour-des-flandres-2023-davide-ballerini-la-meilleure-carte-de-la-soudal-quick-step\/\"},\"wordCount\":910,\"commentCount\":0,\"publisher\":{\"@id\":\"https:\/\/dicodusport.fr\/blog\/#organization\"},\"image\":{\"@id\":\"https:\/\/dicodusport.fr\/blog\/tour-des-flandres-2023-davide-ballerini-la-meilleure-carte-de-la-soudal-quick-step\/#primaryimage\"},\"thumbnailUrl\":\"https:\/\/dicodusport.fr\/blog\/wp-content\/uploads\/2023\/03\/Tour-des-Flandres-2023-Davide-Ballerini-la-meilleure-carte-de-la-Soudal-Quick-Step-.png\",\"keywords\":[\"br\u00e8ve\",\"Cyclisme\",\"Soudal Quick-Step\",\"Tour des Flandres\"],\"articleSection\":[\"Cyclisme sur route\"],\"inLanguage\":\"fr-FR\",\"potentialAction\":[{\"@type\":\"CommentAction\",\"name\":\"Comment\",\"target\":[\"https:\/\/dicodusport.fr\/blog\/tour-des-flandres-2023-davide-ballerini-la-meilleure-carte-de-la-soudal-quick-step\/#respond\"]}],\"copyrightYear\":\"2023\",\"copyrightHolder\":{\"@id\":\"https:\/\/dicodusport.fr\/blog\/#organization\"}},{\"@type\":\"WebPage\",\"@id\":\"https:\/\/dicodusport.fr\/blog\/tour-des-flandres-2023-davide-ballerini-la-meilleure-carte-de-la-soudal-quick-step\/\",\"url\":\"https:\/\/dicodusport.fr\/blog\/tour-des-flandres-2023-davide-ballerini-la-meilleure-carte-de-la-soudal-quick-step\/\",\"name\":\"Tour des Flandres 2023 : Davide Ballerini, la meilleure carte de la Soudal Quick-Step ?\",\"isPartOf\":{\"@id\":\"https:\/\/dicodusport.fr\/blog\/#website\"},\"primaryImageOfPage\":{\"@id\":\"https:\/\/dicodusport.fr\/blog\/tour-des-flandres-2023-davide-ballerini-la-meilleure-carte-de-la-soudal-quick-step\/#primaryimage\"},\"image\":{\"@id\":\"https:\/\/dicodusport.fr\/blog\/tour-des-flandres-2023-davide-ballerini-la-meilleure-carte-de-la-soudal-quick-step\/#primaryimage\"},\"thumbnailUrl\":\"https:\/\/dicodusport.fr\/blog\/wp-content\/uploads\/2023\/03\/Tour-des-Flandres-2023-Davide-Ballerini-la-meilleure-carte-de-la-Soudal-Quick-Step-.png\",\"datePublished\":\"2023-03-31T06:30:55+00:00\",\"dateModified\":\"2023-03-31T19:06:36+00:00\",\"description\":\"TOUR DES FLANDRES 2023 - Davide Ballerini a termin\u00e9 \u00c0 Travers la Flandre \u00e0 la 7e place. La meilleure place de l'\u00e9quipe Soudal Quick-Step.\",\"breadcrumb\":{\"@id\":\"https:\/\/dicodusport.fr\/blog\/tour-des-flandres-2023-davide-ballerini-la-meilleure-carte-de-la-soudal-quick-step\/#breadcrumb\"},\"inLanguage\":\"fr-FR\",\"potentialAction\":[{\"@type\":\"ReadAction\",\"target\":[\"https:\/\/dicodusport.fr\/blog\/tour-des-flandres-2023-davide-ballerini-la-meilleure-carte-de-la-soudal-quick-step\/\"]}]},{\"@type\":\"ImageObject\",\"inLanguage\":\"fr-FR\",\"@id\":\"https:\/\/dicodusport.fr\/blog\/tour-des-flandres-2023-davide-ballerini-la-meilleure-carte-de-la-soudal-quick-step\/#primaryimage\",\"url\":\"https:\/\/dicodusport.fr\/blog\/wp-content\/uploads\/2023\/03\/Tour-des-Flandres-2023-Davide-Ballerini-la-meilleure-carte-de-la-Soudal-Quick-Step-.png\",\"contentUrl\":\"https:\/\/dicodusport.fr\/blog\/wp-content\/uploads\/2023\/03\/Tour-des-Flandres-2023-Davide-Ballerini-la-meilleure-carte-de-la-Soudal-Quick-Step-.png\",\"width\":800,\"height\":445,\"caption\":\"Tour des Flandres 2023 : Davide Ballerini la meilleure carte de la Soudal-Quick Step ?\"},{\"@type\":\"BreadcrumbList\",\"@id\":\"https:\/\/dicodusport.fr\/blog\/tour-des-flandres-2023-davide-ballerini-la-meilleure-carte-de-la-soudal-quick-step\/#breadcrumb\",\"itemListElement\":[{\"@type\":\"ListItem\",\"position\":1,\"name\":\"Accueil\",\"item\":\"https:\/\/dicodusport.fr\/blog\/\"},{\"@type\":\"ListItem\",\"position\":2,\"name\":\"Tour des Flandres 2023 : Davide Ballerini, la meilleure carte de la Soudal Quick-Step ?\"}]},{\"@type\":\"WebSite\",\"@id\":\"https:\/\/dicodusport.fr\/blog\/#website\",\"url\":\"https:\/\/dicodusport.fr\/blog\/\",\"name\":\"Dicodusport\",\"description\":\"L&#039;encyclop\u00e9die de l&#039;actualit\u00e9 sportive\",\"publisher\":{\"@id\":\"https:\/\/dicodusport.fr\/blog\/#organization\"},\"potentialAction\":[{\"@type\":\"SearchAction\",\"target\":{\"@type\":\"EntryPoint\",\"urlTemplate\":\"https:\/\/dicodusport.fr\/blog\/?s={search_term_string}\"},\"query-input\":{\"@type\":\"PropertyValueSpecification\",\"valueRequired\":true,\"valueName\":\"search_term_string\"}}],\"inLanguage\":\"fr-FR\"},{\"@type\":\"NewsMediaOrganization\",\"@id\":\"https:\/\/dicodusport.fr\/blog\/#organization\",\"name\":\"Dicodusport\",\"url\":\"https:\/\/dicodusport.fr\/blog\/\",\"logo\":{\"@type\":\"ImageObject\",\"inLanguage\":\"fr-FR\",\"@id\":\"https:\/\/dicodusport.fr\/blog\/#\/schema\/logo\/image\/\",\"url\":\"https:\/\/dicodusport.fr\/blog\/wp-content\/uploads\/2020\/06\/cropped-LOGO-DICODUSPORT-2020-SANS-FOND-SANS-TEXTE.png\",\"contentUrl\":\"https:\/\/dicodusport.fr\/blog\/wp-content\/uploads\/2020\/06\/cropped-LOGO-DICODUSPORT-2020-SANS-FOND-SANS-TEXTE.png\",\"width\":512,\"height\":512,\"caption\":\"Dicodusport\"},\"image\":{\"@id\":\"https:\/\/dicodusport.fr\/blog\/#\/schema\/logo\/image\/\"},\"sameAs\":[\"https:\/\/www.facebook.com\/dicodusport\",\"https:\/\/x.com\/dicodusport\",\"https:\/\/www.instagram.com\/dicodusport\/\",\"https:\/\/www.youtube.com\/channel\/UC7V2KZ5sd3htJivAbA4ZG3w\"],\"description\":\"Dicodusport est l'encyclop\u00e9die de l'actualit\u00e9 sportive.\",\"email\":\"bonjour@dicodusport.fr\",\"legalName\":\"DICODUSPORT\",\"foundingDate\":\"2018-01-14\",\"vatID\":\"FR71834470973\",\"taxID\":\"83447097300043\",\"numberOfEmployees\":{\"@type\":\"QuantitativeValue\",\"minValue\":\"1\",\"maxValue\":\"10\"}},{\"@type\":\"Person\",\"@id\":\"https:\/\/dicodusport.fr\/blog\/#\/schema\/person\/d603dd7da31fb2b46c82b9835a77ec13\",\"name\":\"Etienne Goursaud\",\"image\":{\"@type\":\"ImageObject\",\"inLanguage\":\"fr-FR\",\"@id\":\"https:\/\/dicodusport.fr\/blog\/#\/schema\/person\/image\/\",\"url\":\"https:\/\/dicodusport.fr\/blog\/wp-content\/uploads\/2023\/12\/410122264_10231602061736049_5565839791558026645_n-150x150.jpg\",\"contentUrl\":\"https:\/\/dicodusport.fr\/blog\/wp-content\/uploads\/2023\/12\/410122264_10231602061736049_5565839791558026645_n-150x150.jpg\",\"caption\":\"Etienne Goursaud\"},\"description\":\"Journaliste et amoureux de sport. Ancien footballeur reconverti athl\u00e8te quand ses muscles le laissent tranquille. \u00c9lev\u00e9 \u00e0 la sauce des exploits de Thomas Voeckler en 2004, du dernier essai de l\u00e9gende de Eunice Barber \u00e0 la longueur lors des championnats du monde d'athl\u00e9tisme de 2003 mais aussi Zidane, Omeyer et Titou Lamaison.\",\"url\":\"https:\/\/dicodusport.fr\/blog\/author\/etienne-goursaud\/\"}]}<\/script>\n<!-- \/ Yoast SEO Premium plugin. -->","yoast_head_json":{"title":"Tour des Flandres 2023 : Davide Ballerini, la meilleure carte de la Soudal Quick-Step ?","description":"TOUR DES FLANDRES 2023 - Davide Ballerini a termin\u00e9 \u00c0 Travers la Flandre \u00e0 la 7e place. La meilleure place de l'\u00e9quipe Soudal Quick-Step.","robots":{"index":"index","follow":"follow","max-snippet":"max-snippet:-1","max-image-preview":"max-image-preview:large","max-video-preview":"max-video-preview:-1"},"canonical":"https:\/\/dicodusport.fr\/blog\/tour-des-flandres-2023-davide-ballerini-la-meilleure-carte-de-la-soudal-quick-step\/","og_locale":"fr_FR","og_type":"article","og_title":"Tour des Flandres 2023 : Davide Ballerini, la meilleure carte de la Soudal Quick-Step ?","og_description":"TOUR DES FLANDRES 2023 - Davide Ballerini a termin\u00e9 \u00c0 Travers la Flandre \u00e0 la 7e place. La meilleure place de l'\u00e9quipe Soudal Quick-Step.","og_url":"https:\/\/dicodusport.fr\/blog\/tour-des-flandres-2023-davide-ballerini-la-meilleure-carte-de-la-soudal-quick-step\/","og_site_name":"Dicodusport","article_publisher":"https:\/\/www.facebook.com\/dicodusport","article_published_time":"2023-03-31T06:30:55+00:00","article_modified_time":"2023-03-31T19:06:36+00:00","og_image":[{"width":800,"height":445,"url":"https:\/\/dicodusport.fr\/blog\/wp-content\/uploads\/2023\/03\/Tour-des-Flandres-2023-Davide-Ballerini-la-meilleure-carte-de-la-Soudal-Quick-Step-.png","type":"image\/png"}],"author":"Etienne Goursaud","twitter_card":"summary_large_image","twitter_title":"Tour des Flandres 2023 : Davide Ballerini, la meilleure carte de la Soudal Quick-Step ?","twitter_creator":"@dicodusport","twitter_site":"@dicodusport","schema":{"@context":"https:\/\/schema.org","@graph":[{"@type":"NewsArticle","@id":"https:\/\/dicodusport.fr\/blog\/tour-des-flandres-2023-davide-ballerini-la-meilleure-carte-de-la-soudal-quick-step\/#article","isPartOf":{"@id":"https:\/\/dicodusport.fr\/blog\/tour-des-flandres-2023-davide-ballerini-la-meilleure-carte-de-la-soudal-quick-step\/"},"author":{"name":"Etienne Goursaud","@id":"https:\/\/dicodusport.fr\/blog\/#\/schema\/person\/d603dd7da31fb2b46c82b9835a77ec13"},"headline":"Tour des Flandres 2023 : Davide Ballerini, la meilleure carte de la Soudal Quick-Step ?","datePublished":"2023-03-31T06:30:55+00:00","dateModified":"2023-03-31T19:06:36+00:00","mainEntityOfPage":{"@id":"https:\/\/dicodusport.fr\/blog\/tour-des-flandres-2023-davide-ballerini-la-meilleure-carte-de-la-soudal-quick-step\/"},"wordCount":910,"commentCount":0,"publisher":{"@id":"https:\/\/dicodusport.fr\/blog\/#organization"},"image":{"@id":"https:\/\/dicodusport.fr\/blog\/tour-des-flandres-2023-davide-ballerini-la-meilleure-carte-de-la-soudal-quick-step\/#primaryimage"},"thumbnailUrl":"https:\/\/dicodusport.fr\/blog\/wp-content\/uploads\/2023\/03\/Tour-des-Flandres-2023-Davide-Ballerini-la-meilleure-carte-de-la-Soudal-Quick-Step-.png","keywords":["br\u00e8ve","Cyclisme","Soudal Quick-Step","Tour des Flandres"],"articleSection":["Cyclisme sur route"],"inLanguage":"fr-FR","potentialAction":[{"@type":"CommentAction","name":"Comment","target":["https:\/\/dicodusport.fr\/blog\/tour-des-flandres-2023-davide-ballerini-la-meilleure-carte-de-la-soudal-quick-step\/#respond"]}],"copyrightYear":"2023","copyrightHolder":{"@id":"https:\/\/dicodusport.fr\/blog\/#organization"}},{"@type":"WebPage","@id":"https:\/\/dicodusport.fr\/blog\/tour-des-flandres-2023-davide-ballerini-la-meilleure-carte-de-la-soudal-quick-step\/","url":"https:\/\/dicodusport.fr\/blog\/tour-des-flandres-2023-davide-ballerini-la-meilleure-carte-de-la-soudal-quick-step\/","name":"Tour des Flandres 2023 : Davide Ballerini, la meilleure carte de la Soudal Quick-Step ?","isPartOf":{"@id":"https:\/\/dicodusport.fr\/blog\/#website"},"primaryImageOfPage":{"@id":"https:\/\/dicodusport.fr\/blog\/tour-des-flandres-2023-davide-ballerini-la-meilleure-carte-de-la-soudal-quick-step\/#primaryimage"},"image":{"@id":"https:\/\/dicodusport.fr\/blog\/tour-des-flandres-2023-davide-ballerini-la-meilleure-carte-de-la-soudal-quick-step\/#primaryimage"},"thumbnailUrl":"https:\/\/dicodusport.fr\/blog\/wp-content\/uploads\/2023\/03\/Tour-des-Flandres-2023-Davide-Ballerini-la-meilleure-carte-de-la-Soudal-Quick-Step-.png","datePublished":"2023-03-31T06:30:55+00:00","dateModified":"2023-03-31T19:06:36+00:00","description":"TOUR DES FLANDRES 2023 - Davide Ballerini a termin\u00e9 \u00c0 Travers la Flandre \u00e0 la 7e place. La meilleure place de l'\u00e9quipe Soudal Quick-Step.","breadcrumb":{"@id":"https:\/\/dicodusport.fr\/blog\/tour-des-flandres-2023-davide-ballerini-la-meilleure-carte-de-la-soudal-quick-step\/#breadcrumb"},"inLanguage":"fr-FR","potentialAction":[{"@type":"ReadAction","target":["https:\/\/dicodusport.fr\/blog\/tour-des-flandres-2023-davide-ballerini-la-meilleure-carte-de-la-soudal-quick-step\/"]}]},{"@type":"ImageObject","inLanguage":"fr-FR","@id":"https:\/\/dicodusport.fr\/blog\/tour-des-flandres-2023-davide-ballerini-la-meilleure-carte-de-la-soudal-quick-step\/#primaryimage","url":"https:\/\/dicodusport.fr\/blog\/wp-content\/uploads\/2023\/03\/Tour-des-Flandres-2023-Davide-Ballerini-la-meilleure-carte-de-la-Soudal-Quick-Step-.png","contentUrl":"https:\/\/dicodusport.fr\/blog\/wp-content\/uploads\/2023\/03\/Tour-des-Flandres-2023-Davide-Ballerini-la-meilleure-carte-de-la-Soudal-Quick-Step-.png","width":800,"height":445,"caption":"Tour des Flandres 2023 : Davide Ballerini la meilleure carte de la Soudal-Quick Step ?"},{"@type":"BreadcrumbList","@id":"https:\/\/dicodusport.fr\/blog\/tour-des-flandres-2023-davide-ballerini-la-meilleure-carte-de-la-soudal-quick-step\/#breadcrumb","itemListElement":[{"@type":"ListItem","position":1,"name":"Accueil","item":"https:\/\/dicodusport.fr\/blog\/"},{"@type":"ListItem","position":2,"name":"Tour des Flandres 2023 : Davide Ballerini, la meilleure carte de la Soudal Quick-Step ?"}]},{"@type":"WebSite","@id":"https:\/\/dicodusport.fr\/blog\/#website","url":"https:\/\/dicodusport.fr\/blog\/","name":"Dicodusport","description":"L&#039;encyclop\u00e9die de l&#039;actualit\u00e9 sportive","publisher":{"@id":"https:\/\/dicodusport.fr\/blog\/#organization"},"potentialAction":[{"@type":"SearchAction","target":{"@type":"EntryPoint","urlTemplate":"https:\/\/dicodusport.fr\/blog\/?s={search_term_string}"},"query-input":{"@type":"PropertyValueSpecification","valueRequired":true,"valueName":"search_term_string"}}],"inLanguage":"fr-FR"},{"@type":"NewsMediaOrganization","@id":"https:\/\/dicodusport.fr\/blog\/#organization","name":"Dicodusport","url":"https:\/\/dicodusport.fr\/blog\/","logo":{"@type":"ImageObject","inLanguage":"fr-FR","@id":"https:\/\/dicodusport.fr\/blog\/#\/schema\/logo\/image\/","url":"https:\/\/dicodusport.fr\/blog\/wp-content\/uploads\/2020\/06\/cropped-LOGO-DICODUSPORT-2020-SANS-FOND-SANS-TEXTE.png","contentUrl":"https:\/\/dicodusport.fr\/blog\/wp-content\/uploads\/2020\/06\/cropped-LOGO-DICODUSPORT-2020-SANS-FOND-SANS-TEXTE.png","width":512,"height":512,"caption":"Dicodusport"},"image":{"@id":"https:\/\/dicodusport.fr\/blog\/#\/schema\/logo\/image\/"},"sameAs":["https:\/\/www.facebook.com\/dicodusport","https:\/\/x.com\/dicodusport","https:\/\/www.instagram.com\/dicodusport\/","https:\/\/www.youtube.com\/channel\/UC7V2KZ5sd3htJivAbA4ZG3w"],"description":"Dicodusport est l'encyclop\u00e9die de l'actualit\u00e9 sportive.","email":"bonjour@dicodusport.fr","legalName":"DICODUSPORT","foundingDate":"2018-01-14","vatID":"FR71834470973","taxID":"83447097300043","numberOfEmployees":{"@type":"QuantitativeValue","minValue":"1","maxValue":"10"}},{"@type":"Person","@id":"https:\/\/dicodusport.fr\/blog\/#\/schema\/person\/d603dd7da31fb2b46c82b9835a77ec13","name":"Etienne Goursaud","image":{"@type":"ImageObject","inLanguage":"fr-FR","@id":"https:\/\/dicodusport.fr\/blog\/#\/schema\/person\/image\/","url":"https:\/\/dicodusport.fr\/blog\/wp-content\/uploads\/2023\/12\/410122264_10231602061736049_5565839791558026645_n-150x150.jpg","contentUrl":"https:\/\/dicodusport.fr\/blog\/wp-content\/uploads\/2023\/12\/410122264_10231602061736049_5565839791558026645_n-150x150.jpg","caption":"Etienne Goursaud"},"description":"Journaliste et amoureux de sport. Ancien footballeur reconverti athl\u00e8te quand ses muscles le laissent tranquille. \u00c9lev\u00e9 \u00e0 la sauce des exploits de Thomas Voeckler en 2004, du dernier essai de l\u00e9gende de Eunice Barber \u00e0 la longueur lors des championnats du monde d'athl\u00e9tisme de 2003 mais aussi Zidane, Omeyer et Titou Lamaison.","url":"https:\/\/dicodusport.fr\/blog\/author\/etienne-goursaud\/"}]}},"_links":{"self":[{"href":"https:\/\/dicodusport.fr\/blog\/wp-json\/wp\/v2\/posts\/370288","targetHints":{"allow":["GET"]}}],"collection":[{"href":"https:\/\/dicodusport.fr\/blog\/wp-json\/wp\/v2\/posts"}],"about":[{"href":"https:\/\/dicodusport.fr\/blog\/wp-json\/wp\/v2\/types\/post"}],"author":[{"embeddable":true,"href":"https:\/\/dicodusport.fr\/blog\/wp-json\/wp\/v2\/users\/83"}],"replies":[{"embeddable":true,"href":"https:\/\/dicodusport.fr\/blog\/wp-json\/wp\/v2\/comments?post=370288"}],"version-history":[{"count":0,"href":"https:\/\/dicodusport.fr\/blog\/wp-json\/wp\/v2\/posts\/370288\/revisions"}],"wp:featuredmedia":[{"embeddable":true,"href":"https:\/\/dicodusport.fr\/blog\/wp-json\/wp\/v2\/media\/370304"}],"wp:attachment":[{"href":"https:\/\/dicodusport.fr\/blog\/wp-json\/wp\/v2\/media?parent=370288"}],"wp:term":[{"taxonomy":"category","embeddable":true,"href":"https:\/\/dicodusport.fr\/blog\/wp-json\/wp\/v2\/categories?post=370288"},{"taxonomy":"post_tag","embeddable":true,"href":"https:\/\/dicodusport.fr\/blog\/wp-json\/wp\/v2\/tags?post=370288"}],"curies":[{"name":"wp","href":"https:\/\/api.w.org\/{rel}","templated":true}]}}