{"id":37062,"date":"2019-04-14T10:52:25","date_gmt":"2019-04-14T08:52:25","guid":{"rendered":"http:\/\/dicodusport.fr\/blog\/?p=37062"},"modified":"2019-04-14T13:14:19","modified_gmt":"2019-04-14T11:14:19","slug":"marathon-de-paris-une-4eme-place-et-le-record-de-france-pour-clemence-calvin","status":"publish","type":"post","link":"https:\/\/dicodusport.fr\/blog\/marathon-de-paris-une-4eme-place-et-le-record-de-france-pour-clemence-calvin\/","title":{"rendered":"Marathon de Paris : une 4\u00e8me place et le record de France pour Cl\u00e9mence Calvin"},"content":{"rendered":"<p style=\"text-align: justify;\"><strong><em>Suspendue par l&rsquo;AFLD puis autoris\u00e9e \u00e0 courir par le Conseil d\u2019\u00c9tat, Cl\u00e9mence Calvin \u00e9tait bien pr\u00e9sente au d\u00e9part du <a href=\"http:\/\/www.schneiderelectricparismarathon.com\/fr\" target=\"_blank\" rel=\"noopener\">Marathon de Paris<\/a>. La Fran\u00e7aise a finalement pris la 4\u00e8me place, battant le record de France d\u00e9tenu jusqu&rsquo;ici par Christelle Daunay.<\/em><\/strong><\/p>\n<p style=\"text-align: justify;\">La performance de Cl\u00e9mence Calvin va certainement faire jaser. <a href=\"https:\/\/dicodusport.fr\/blog\/ce-qu-il-faut-retenir-de-la-conference-de-presse-de-clemence-calvin\/\" target=\"_blank\" rel=\"noopener\">Soup\u00e7onn\u00e9e de s&rsquo;\u00eatre soustraite \u00e0 un contr\u00f4le antidopage le 27 mars dernier \u00e0 Marrakech<\/a>, la native de Vichy a finalement pu courir le Marathon de Paris, apr\u00e8s avoir \u00e9t\u00e9 suspendue puis autoris\u00e9e \u00e0 s&rsquo;aligner au d\u00e9part de l&rsquo;\u00e9preuve parisienne. Dans le groupe de t\u00eate jusqu&rsquo;au 25\u00e8me kilom\u00e8tre, la vice-championne d&rsquo;Europe en titre a n\u00e9anmoins r\u00e9ussi \u00e0 prendre la quatri\u00e8me place, battant m\u00eame le record de France en 2h23&rsquo;40\u201d. L&rsquo;ancienne marque \u00e9tait d\u00e9tenue par Christelle Daunay, qui avait couru le Marathon de Paris en 2h24&rsquo;22\u201d, en 2010.<\/p>\n<p style=\"text-align: justify;\">A noter que l\u2019\u00c9thiopie a r\u00e9alis\u00e9 le tripl\u00e9 devant Cl\u00e9mence Calvin. Gelete Burka s&rsquo;est en effet impos\u00e9e en 2h22&rsquo;47\u201d, devant Azmera Gebru et Azmera Abreha.<\/p>\n<p><span class=\"axESSB8FMmzecn379o65yAiLcvm62AGdUZgr83XpOfwvyWlq9P4K7OQTXCbxeYkZEwlVra0UdutzjHh\"><\/p>\n<blockquote class=\"twitter-tweet\" data-width=\"550\" data-dnt=\"true\">\n<p lang=\"fr\" dir=\"ltr\"><a href=\"https:\/\/twitter.com\/hashtag\/MarathonDeParis?src=hash&amp;ref_src=twsrc%5Etfw\">#MarathonDeParis<\/a> Premi\u00e8re victoire pour l\u2019\u00c9thiopienne Gelete Burka. Cl\u00e9mence Calvin termine au pied du podium mais s&#39;offre le record de France de la distance. <a href=\"https:\/\/t.co\/Qv85wtm8c7\">pic.twitter.com\/Qv85wtm8c7<\/a><\/p>\n<p>&mdash; France\u2022tv sport (@francetvsport) <a href=\"https:\/\/twitter.com\/francetvsport\/status\/1117349727568367617?ref_src=twsrc%5Etfw\">April 14, 2019<\/a><\/p><\/blockquote>\n<p><script async src=\"https:\/\/platform.twitter.com\/widgets.js\" charset=\"utf-8\"><\/script><\/span><\/p>\n<p><strong><em>Dicodusport<br \/>\n<a href=\"https:\/\/www.facebook.com\/dicodusport\/\" target=\"_blank\" rel=\"noopener\"><img loading=\"lazy\" decoding=\"async\" class=\"alignnone wp-image-2909\" src=\"http:\/\/dicodusport.fr\/blog\/wp-content\/uploads\/2017\/07\/logo-facebook-150x150.png\" alt=\"\" width=\"40\" height=\"40\" \/><\/a><a href=\"https:\/\/twitter.com\/dicodusport\" target=\"_blank\" rel=\"noopener\"><img loading=\"lazy\" decoding=\"async\" class=\"alignnone wp-image-2908\" src=\"http:\/\/dicodusport.fr\/blog\/wp-content\/uploads\/2017\/07\/logo-twitter-150x150.png\" alt=\"\" width=\"39\" height=\"39\" \/><\/a><\/em><\/strong><\/p>\n","protected":false},"excerpt":{"rendered":"<p>Suspendue par l&rsquo;AFLD puis autoris\u00e9e \u00e0 courir par le Conseil d\u2019\u00c9tat, Cl\u00e9mence Calvin \u00e9tait bien pr\u00e9sente au d\u00e9part du Marathon de Paris. La Fran\u00e7aise a finalement pris la 4\u00e8me place, battant le record de France d\u00e9tenu jusqu&rsquo;ici par Christelle Daunay.<\/p>\n","protected":false},"author":4,"featured_media":37064,"comment_status":"open","ping_status":"closed","sticky":false,"template":"","format":"standard","meta":{"_acf_changed":false,"_daextam_enable_autolinks":"","footnotes":""},"categories":[2,2308],"tags":[7605,2886,1013,4148,7631],"class_list":["post-37062","post","type-post","status-publish","format-standard","has-post-thumbnail","hentry","category-actualites","category-athletisme","tag-clemence-calvin","tag-dopage","tag-marathon","tag-marathon-de-paris","tag-record-de-france"],"acf":[],"yoast_head":"<!-- This site is optimized with the Yoast SEO Premium plugin v26.7 (Yoast SEO v26.7) - https:\/\/yoast.com\/wordpress\/plugins\/seo\/ -->\n<title>Marathon de Paris : une 4\u00e8me place et le record de France pour Cl\u00e9mence Calvin<\/title>\n<meta name=\"description\" content=\"Cl\u00e9mence Calvin \u00e9tait bien pr\u00e9sente au d\u00e9part du Marathon de Paris. La Fran\u00e7aise a finalement pris la 4\u00e8me place, battant aussi le record de France.\" \/>\n<meta name=\"robots\" content=\"index, follow, max-snippet:-1, max-image-preview:large, max-video-preview:-1\" \/>\n<link rel=\"canonical\" href=\"https:\/\/dicodusport.fr\/blog\/marathon-de-paris-une-4eme-place-et-le-record-de-france-pour-clemence-calvin\/\" \/>\n<meta property=\"og:locale\" content=\"fr_FR\" \/>\n<meta property=\"og:type\" content=\"article\" \/>\n<meta property=\"og:title\" content=\"Marathon de Paris : une 4\u00e8me place et le record de France pour Cl\u00e9mence Calvin\" \/>\n<meta property=\"og:description\" content=\"Cl\u00e9mence Calvin \u00e9tait bien pr\u00e9sente au d\u00e9part du Marathon de Paris. La Fran\u00e7aise a finalement pris la 4\u00e8me place, battant aussi le record de France.\" \/>\n<meta property=\"og:url\" content=\"https:\/\/dicodusport.fr\/blog\/marathon-de-paris-une-4eme-place-et-le-record-de-france-pour-clemence-calvin\/\" \/>\n<meta property=\"og:site_name\" content=\"Dicodusport\" \/>\n<meta property=\"article:publisher\" content=\"https:\/\/www.facebook.com\/dicodusport\" \/>\n<meta property=\"article:author\" content=\"https:\/\/www.facebook.com\/florent.ostermann\" \/>\n<meta property=\"article:published_time\" content=\"2019-04-14T08:52:25+00:00\" \/>\n<meta property=\"article:modified_time\" content=\"2019-04-14T11:14:19+00:00\" \/>\n<meta property=\"og:image\" content=\"https:\/\/dicodusport.fr\/blog\/wp-content\/uploads\/2019\/04\/Cl\u00e9mence-Calvin-Marathon-de-Paris.png\" \/>\n\t<meta property=\"og:image:width\" content=\"800\" \/>\n\t<meta property=\"og:image:height\" content=\"445\" \/>\n\t<meta property=\"og:image:type\" content=\"image\/png\" \/>\n<meta name=\"author\" content=\"Flo Ostermann\" \/>\n<meta name=\"twitter:card\" content=\"summary_large_image\" \/>\n<meta name=\"twitter:creator\" content=\"@https:\/\/twitter.com\/FlOstermann\" \/>\n<meta name=\"twitter:site\" content=\"@dicodusport\" \/>\n<script type=\"application\/ld+json\" class=\"yoast-schema-graph\">{\"@context\":\"https:\/\/schema.org\",\"@graph\":[{\"@type\":\"NewsArticle\",\"@id\":\"https:\/\/dicodusport.fr\/blog\/marathon-de-paris-une-4eme-place-et-le-record-de-france-pour-clemence-calvin\/#article\",\"isPartOf\":{\"@id\":\"https:\/\/dicodusport.fr\/blog\/marathon-de-paris-une-4eme-place-et-le-record-de-france-pour-clemence-calvin\/\"},\"author\":{\"name\":\"Flo Ostermann\",\"@id\":\"https:\/\/dicodusport.fr\/blog\/#\/schema\/person\/cb02af4c173ce4a653b55e9baf388d4a\"},\"headline\":\"Marathon de Paris : une 4\u00e8me place et le record de France pour Cl\u00e9mence Calvin\",\"datePublished\":\"2019-04-14T08:52:25+00:00\",\"dateModified\":\"2019-04-14T11:14:19+00:00\",\"mainEntityOfPage\":{\"@id\":\"https:\/\/dicodusport.fr\/blog\/marathon-de-paris-une-4eme-place-et-le-record-de-france-pour-clemence-calvin\/\"},\"wordCount\":208,\"commentCount\":0,\"publisher\":{\"@id\":\"https:\/\/dicodusport.fr\/blog\/#organization\"},\"image\":{\"@id\":\"https:\/\/dicodusport.fr\/blog\/marathon-de-paris-une-4eme-place-et-le-record-de-france-pour-clemence-calvin\/#primaryimage\"},\"thumbnailUrl\":\"https:\/\/dicodusport.fr\/blog\/wp-content\/uploads\/2019\/04\/Cl\u00e9mence-Calvin-Marathon-de-Paris.png\",\"keywords\":[\"Cl\u00e9mence Calvin\",\"dopage\",\"marathon\",\"marathon de paris\",\"Record de France\"],\"articleSection\":[\"Actualit\u00e9s\",\"Athl\u00e9tisme\"],\"inLanguage\":\"fr-FR\",\"potentialAction\":[{\"@type\":\"CommentAction\",\"name\":\"Comment\",\"target\":[\"https:\/\/dicodusport.fr\/blog\/marathon-de-paris-une-4eme-place-et-le-record-de-france-pour-clemence-calvin\/#respond\"]}],\"copyrightYear\":\"2019\",\"copyrightHolder\":{\"@id\":\"https:\/\/dicodusport.fr\/blog\/#organization\"}},{\"@type\":\"WebPage\",\"@id\":\"https:\/\/dicodusport.fr\/blog\/marathon-de-paris-une-4eme-place-et-le-record-de-france-pour-clemence-calvin\/\",\"url\":\"https:\/\/dicodusport.fr\/blog\/marathon-de-paris-une-4eme-place-et-le-record-de-france-pour-clemence-calvin\/\",\"name\":\"Marathon de Paris : une 4\u00e8me place et le record de France pour Cl\u00e9mence Calvin\",\"isPartOf\":{\"@id\":\"https:\/\/dicodusport.fr\/blog\/#website\"},\"primaryImageOfPage\":{\"@id\":\"https:\/\/dicodusport.fr\/blog\/marathon-de-paris-une-4eme-place-et-le-record-de-france-pour-clemence-calvin\/#primaryimage\"},\"image\":{\"@id\":\"https:\/\/dicodusport.fr\/blog\/marathon-de-paris-une-4eme-place-et-le-record-de-france-pour-clemence-calvin\/#primaryimage\"},\"thumbnailUrl\":\"https:\/\/dicodusport.fr\/blog\/wp-content\/uploads\/2019\/04\/Cl\u00e9mence-Calvin-Marathon-de-Paris.png\",\"datePublished\":\"2019-04-14T08:52:25+00:00\",\"dateModified\":\"2019-04-14T11:14:19+00:00\",\"description\":\"Cl\u00e9mence Calvin \u00e9tait bien pr\u00e9sente au d\u00e9part du Marathon de Paris. La Fran\u00e7aise a finalement pris la 4\u00e8me place, battant aussi le record de France.\",\"breadcrumb\":{\"@id\":\"https:\/\/dicodusport.fr\/blog\/marathon-de-paris-une-4eme-place-et-le-record-de-france-pour-clemence-calvin\/#breadcrumb\"},\"inLanguage\":\"fr-FR\",\"potentialAction\":[{\"@type\":\"ReadAction\",\"target\":[\"https:\/\/dicodusport.fr\/blog\/marathon-de-paris-une-4eme-place-et-le-record-de-france-pour-clemence-calvin\/\"]}]},{\"@type\":\"ImageObject\",\"inLanguage\":\"fr-FR\",\"@id\":\"https:\/\/dicodusport.fr\/blog\/marathon-de-paris-une-4eme-place-et-le-record-de-france-pour-clemence-calvin\/#primaryimage\",\"url\":\"https:\/\/dicodusport.fr\/blog\/wp-content\/uploads\/2019\/04\/Cl\u00e9mence-Calvin-Marathon-de-Paris.png\",\"contentUrl\":\"https:\/\/dicodusport.fr\/blog\/wp-content\/uploads\/2019\/04\/Cl\u00e9mence-Calvin-Marathon-de-Paris.png\",\"width\":800,\"height\":445},{\"@type\":\"BreadcrumbList\",\"@id\":\"https:\/\/dicodusport.fr\/blog\/marathon-de-paris-une-4eme-place-et-le-record-de-france-pour-clemence-calvin\/#breadcrumb\",\"itemListElement\":[{\"@type\":\"ListItem\",\"position\":1,\"name\":\"Accueil\",\"item\":\"https:\/\/dicodusport.fr\/blog\/\"},{\"@type\":\"ListItem\",\"position\":2,\"name\":\"Marathon de Paris : une 4\u00e8me place et le record de France pour Cl\u00e9mence Calvin\"}]},{\"@type\":\"WebSite\",\"@id\":\"https:\/\/dicodusport.fr\/blog\/#website\",\"url\":\"https:\/\/dicodusport.fr\/blog\/\",\"name\":\"Dicodusport\",\"description\":\"L&#039;encyclop\u00e9die de l&#039;actualit\u00e9 sportive\",\"publisher\":{\"@id\":\"https:\/\/dicodusport.fr\/blog\/#organization\"},\"potentialAction\":[{\"@type\":\"SearchAction\",\"target\":{\"@type\":\"EntryPoint\",\"urlTemplate\":\"https:\/\/dicodusport.fr\/blog\/?s={search_term_string}\"},\"query-input\":{\"@type\":\"PropertyValueSpecification\",\"valueRequired\":true,\"valueName\":\"search_term_string\"}}],\"inLanguage\":\"fr-FR\"},{\"@type\":\"NewsMediaOrganization\",\"@id\":\"https:\/\/dicodusport.fr\/blog\/#organization\",\"name\":\"Dicodusport\",\"url\":\"https:\/\/dicodusport.fr\/blog\/\",\"logo\":{\"@type\":\"ImageObject\",\"inLanguage\":\"fr-FR\",\"@id\":\"https:\/\/dicodusport.fr\/blog\/#\/schema\/logo\/image\/\",\"url\":\"https:\/\/dicodusport.fr\/blog\/wp-content\/uploads\/2020\/06\/cropped-LOGO-DICODUSPORT-2020-SANS-FOND-SANS-TEXTE.png\",\"contentUrl\":\"https:\/\/dicodusport.fr\/blog\/wp-content\/uploads\/2020\/06\/cropped-LOGO-DICODUSPORT-2020-SANS-FOND-SANS-TEXTE.png\",\"width\":512,\"height\":512,\"caption\":\"Dicodusport\"},\"image\":{\"@id\":\"https:\/\/dicodusport.fr\/blog\/#\/schema\/logo\/image\/\"},\"sameAs\":[\"https:\/\/www.facebook.com\/dicodusport\",\"https:\/\/x.com\/dicodusport\",\"https:\/\/www.instagram.com\/dicodusport\/\",\"https:\/\/www.youtube.com\/channel\/UC7V2KZ5sd3htJivAbA4ZG3w\"],\"description\":\"Dicodusport est l'encyclop\u00e9die de l'actualit\u00e9 sportive.\",\"email\":\"bonjour@dicodusport.fr\",\"legalName\":\"DICODUSPORT\",\"foundingDate\":\"2018-01-14\",\"vatID\":\"FR71834470973\",\"taxID\":\"83447097300043\",\"numberOfEmployees\":{\"@type\":\"QuantitativeValue\",\"minValue\":\"1\",\"maxValue\":\"10\"}},{\"@type\":\"Person\",\"@id\":\"https:\/\/dicodusport.fr\/blog\/#\/schema\/person\/cb02af4c173ce4a653b55e9baf388d4a\",\"name\":\"Flo Ostermann\",\"image\":{\"@type\":\"ImageObject\",\"inLanguage\":\"fr-FR\",\"@id\":\"https:\/\/dicodusport.fr\/blog\/#\/schema\/person\/image\/\",\"url\":\"https:\/\/dicodusport.fr\/blog\/wp-content\/uploads\/2021\/05\/Flo-Ostermann-150x150.jpg\",\"contentUrl\":\"https:\/\/dicodusport.fr\/blog\/wp-content\/uploads\/2021\/05\/Flo-Ostermann-150x150.jpg\",\"caption\":\"Flo Ostermann\"},\"description\":\"Journaliste\/R\u00e9dacteur depuis septembre 2015 - Mes premiers souvenirs dans le sport ? Les envol\u00e9es du Stade Toulousain et les duels Villeneuve-Schumacher et H\u00e4kkinen-Schumacher \u00e0 la fin des ann\u00e9es 90, la Coupe du monde de football en 1998, l\u2019exploit du XV de France face aux All Blacks en 1999, mais aussi Richard C\u0153ur de Lion qui vole sur les montagnes du Tour de France. Bien parti pour devenir professeur d\u2019EPS, les \u00e9v\u00e9nements de la vie (et la flemme d\u2019animer des s\u00e9ances de 3x500 m\u00e8tres toute ma vie) m\u2019ont conduit \u00e0 revoir mes plans. Me voil\u00e0 depuis fin 2017 sur Dicodusport, m\u00e9dia gr\u00e2ce (et pour) lequel je partage ma passion : le sport dans tous ses \u00e9tats. Le tout accompagn\u00e9 par les fous furieux et folles furieuses cit\u00e9s sur cette page !\",\"sameAs\":[\"https:\/\/www.facebook.com\/florent.ostermann\",\"https:\/\/x.com\/https:\/\/twitter.com\/FlOstermann\",\"admin\"],\"url\":\"https:\/\/dicodusport.fr\/blog\/author\/flo\/\"}]}<\/script>\n<!-- \/ Yoast SEO Premium plugin. -->","yoast_head_json":{"title":"Marathon de Paris : une 4\u00e8me place et le record de France pour Cl\u00e9mence Calvin","description":"Cl\u00e9mence Calvin \u00e9tait bien pr\u00e9sente au d\u00e9part du Marathon de Paris. La Fran\u00e7aise a finalement pris la 4\u00e8me place, battant aussi le record de France.","robots":{"index":"index","follow":"follow","max-snippet":"max-snippet:-1","max-image-preview":"max-image-preview:large","max-video-preview":"max-video-preview:-1"},"canonical":"https:\/\/dicodusport.fr\/blog\/marathon-de-paris-une-4eme-place-et-le-record-de-france-pour-clemence-calvin\/","og_locale":"fr_FR","og_type":"article","og_title":"Marathon de Paris : une 4\u00e8me place et le record de France pour Cl\u00e9mence Calvin","og_description":"Cl\u00e9mence Calvin \u00e9tait bien pr\u00e9sente au d\u00e9part du Marathon de Paris. La Fran\u00e7aise a finalement pris la 4\u00e8me place, battant aussi le record de France.","og_url":"https:\/\/dicodusport.fr\/blog\/marathon-de-paris-une-4eme-place-et-le-record-de-france-pour-clemence-calvin\/","og_site_name":"Dicodusport","article_publisher":"https:\/\/www.facebook.com\/dicodusport","article_author":"https:\/\/www.facebook.com\/florent.ostermann","article_published_time":"2019-04-14T08:52:25+00:00","article_modified_time":"2019-04-14T11:14:19+00:00","og_image":[{"width":800,"height":445,"url":"https:\/\/dicodusport.fr\/blog\/wp-content\/uploads\/2019\/04\/Cl\u00e9mence-Calvin-Marathon-de-Paris.png","type":"image\/png"}],"author":"Flo Ostermann","twitter_card":"summary_large_image","twitter_creator":"@https:\/\/twitter.com\/FlOstermann","twitter_site":"@dicodusport","schema":{"@context":"https:\/\/schema.org","@graph":[{"@type":"NewsArticle","@id":"https:\/\/dicodusport.fr\/blog\/marathon-de-paris-une-4eme-place-et-le-record-de-france-pour-clemence-calvin\/#article","isPartOf":{"@id":"https:\/\/dicodusport.fr\/blog\/marathon-de-paris-une-4eme-place-et-le-record-de-france-pour-clemence-calvin\/"},"author":{"name":"Flo Ostermann","@id":"https:\/\/dicodusport.fr\/blog\/#\/schema\/person\/cb02af4c173ce4a653b55e9baf388d4a"},"headline":"Marathon de Paris : une 4\u00e8me place et le record de France pour Cl\u00e9mence Calvin","datePublished":"2019-04-14T08:52:25+00:00","dateModified":"2019-04-14T11:14:19+00:00","mainEntityOfPage":{"@id":"https:\/\/dicodusport.fr\/blog\/marathon-de-paris-une-4eme-place-et-le-record-de-france-pour-clemence-calvin\/"},"wordCount":208,"commentCount":0,"publisher":{"@id":"https:\/\/dicodusport.fr\/blog\/#organization"},"image":{"@id":"https:\/\/dicodusport.fr\/blog\/marathon-de-paris-une-4eme-place-et-le-record-de-france-pour-clemence-calvin\/#primaryimage"},"thumbnailUrl":"https:\/\/dicodusport.fr\/blog\/wp-content\/uploads\/2019\/04\/Cl\u00e9mence-Calvin-Marathon-de-Paris.png","keywords":["Cl\u00e9mence Calvin","dopage","marathon","marathon de paris","Record de France"],"articleSection":["Actualit\u00e9s","Athl\u00e9tisme"],"inLanguage":"fr-FR","potentialAction":[{"@type":"CommentAction","name":"Comment","target":["https:\/\/dicodusport.fr\/blog\/marathon-de-paris-une-4eme-place-et-le-record-de-france-pour-clemence-calvin\/#respond"]}],"copyrightYear":"2019","copyrightHolder":{"@id":"https:\/\/dicodusport.fr\/blog\/#organization"}},{"@type":"WebPage","@id":"https:\/\/dicodusport.fr\/blog\/marathon-de-paris-une-4eme-place-et-le-record-de-france-pour-clemence-calvin\/","url":"https:\/\/dicodusport.fr\/blog\/marathon-de-paris-une-4eme-place-et-le-record-de-france-pour-clemence-calvin\/","name":"Marathon de Paris : une 4\u00e8me place et le record de France pour Cl\u00e9mence Calvin","isPartOf":{"@id":"https:\/\/dicodusport.fr\/blog\/#website"},"primaryImageOfPage":{"@id":"https:\/\/dicodusport.fr\/blog\/marathon-de-paris-une-4eme-place-et-le-record-de-france-pour-clemence-calvin\/#primaryimage"},"image":{"@id":"https:\/\/dicodusport.fr\/blog\/marathon-de-paris-une-4eme-place-et-le-record-de-france-pour-clemence-calvin\/#primaryimage"},"thumbnailUrl":"https:\/\/dicodusport.fr\/blog\/wp-content\/uploads\/2019\/04\/Cl\u00e9mence-Calvin-Marathon-de-Paris.png","datePublished":"2019-04-14T08:52:25+00:00","dateModified":"2019-04-14T11:14:19+00:00","description":"Cl\u00e9mence Calvin \u00e9tait bien pr\u00e9sente au d\u00e9part du Marathon de Paris. La Fran\u00e7aise a finalement pris la 4\u00e8me place, battant aussi le record de France.","breadcrumb":{"@id":"https:\/\/dicodusport.fr\/blog\/marathon-de-paris-une-4eme-place-et-le-record-de-france-pour-clemence-calvin\/#breadcrumb"},"inLanguage":"fr-FR","potentialAction":[{"@type":"ReadAction","target":["https:\/\/dicodusport.fr\/blog\/marathon-de-paris-une-4eme-place-et-le-record-de-france-pour-clemence-calvin\/"]}]},{"@type":"ImageObject","inLanguage":"fr-FR","@id":"https:\/\/dicodusport.fr\/blog\/marathon-de-paris-une-4eme-place-et-le-record-de-france-pour-clemence-calvin\/#primaryimage","url":"https:\/\/dicodusport.fr\/blog\/wp-content\/uploads\/2019\/04\/Cl\u00e9mence-Calvin-Marathon-de-Paris.png","contentUrl":"https:\/\/dicodusport.fr\/blog\/wp-content\/uploads\/2019\/04\/Cl\u00e9mence-Calvin-Marathon-de-Paris.png","width":800,"height":445},{"@type":"BreadcrumbList","@id":"https:\/\/dicodusport.fr\/blog\/marathon-de-paris-une-4eme-place-et-le-record-de-france-pour-clemence-calvin\/#breadcrumb","itemListElement":[{"@type":"ListItem","position":1,"name":"Accueil","item":"https:\/\/dicodusport.fr\/blog\/"},{"@type":"ListItem","position":2,"name":"Marathon de Paris : une 4\u00e8me place et le record de France pour Cl\u00e9mence Calvin"}]},{"@type":"WebSite","@id":"https:\/\/dicodusport.fr\/blog\/#website","url":"https:\/\/dicodusport.fr\/blog\/","name":"Dicodusport","description":"L&#039;encyclop\u00e9die de l&#039;actualit\u00e9 sportive","publisher":{"@id":"https:\/\/dicodusport.fr\/blog\/#organization"},"potentialAction":[{"@type":"SearchAction","target":{"@type":"EntryPoint","urlTemplate":"https:\/\/dicodusport.fr\/blog\/?s={search_term_string}"},"query-input":{"@type":"PropertyValueSpecification","valueRequired":true,"valueName":"search_term_string"}}],"inLanguage":"fr-FR"},{"@type":"NewsMediaOrganization","@id":"https:\/\/dicodusport.fr\/blog\/#organization","name":"Dicodusport","url":"https:\/\/dicodusport.fr\/blog\/","logo":{"@type":"ImageObject","inLanguage":"fr-FR","@id":"https:\/\/dicodusport.fr\/blog\/#\/schema\/logo\/image\/","url":"https:\/\/dicodusport.fr\/blog\/wp-content\/uploads\/2020\/06\/cropped-LOGO-DICODUSPORT-2020-SANS-FOND-SANS-TEXTE.png","contentUrl":"https:\/\/dicodusport.fr\/blog\/wp-content\/uploads\/2020\/06\/cropped-LOGO-DICODUSPORT-2020-SANS-FOND-SANS-TEXTE.png","width":512,"height":512,"caption":"Dicodusport"},"image":{"@id":"https:\/\/dicodusport.fr\/blog\/#\/schema\/logo\/image\/"},"sameAs":["https:\/\/www.facebook.com\/dicodusport","https:\/\/x.com\/dicodusport","https:\/\/www.instagram.com\/dicodusport\/","https:\/\/www.youtube.com\/channel\/UC7V2KZ5sd3htJivAbA4ZG3w"],"description":"Dicodusport est l'encyclop\u00e9die de l'actualit\u00e9 sportive.","email":"bonjour@dicodusport.fr","legalName":"DICODUSPORT","foundingDate":"2018-01-14","vatID":"FR71834470973","taxID":"83447097300043","numberOfEmployees":{"@type":"QuantitativeValue","minValue":"1","maxValue":"10"}},{"@type":"Person","@id":"https:\/\/dicodusport.fr\/blog\/#\/schema\/person\/cb02af4c173ce4a653b55e9baf388d4a","name":"Flo Ostermann","image":{"@type":"ImageObject","inLanguage":"fr-FR","@id":"https:\/\/dicodusport.fr\/blog\/#\/schema\/person\/image\/","url":"https:\/\/dicodusport.fr\/blog\/wp-content\/uploads\/2021\/05\/Flo-Ostermann-150x150.jpg","contentUrl":"https:\/\/dicodusport.fr\/blog\/wp-content\/uploads\/2021\/05\/Flo-Ostermann-150x150.jpg","caption":"Flo Ostermann"},"description":"Journaliste\/R\u00e9dacteur depuis septembre 2015 - Mes premiers souvenirs dans le sport ? Les envol\u00e9es du Stade Toulousain et les duels Villeneuve-Schumacher et H\u00e4kkinen-Schumacher \u00e0 la fin des ann\u00e9es 90, la Coupe du monde de football en 1998, l\u2019exploit du XV de France face aux All Blacks en 1999, mais aussi Richard C\u0153ur de Lion qui vole sur les montagnes du Tour de France. Bien parti pour devenir professeur d\u2019EPS, les \u00e9v\u00e9nements de la vie (et la flemme d\u2019animer des s\u00e9ances de 3x500 m\u00e8tres toute ma vie) m\u2019ont conduit \u00e0 revoir mes plans. Me voil\u00e0 depuis fin 2017 sur Dicodusport, m\u00e9dia gr\u00e2ce (et pour) lequel je partage ma passion : le sport dans tous ses \u00e9tats. Le tout accompagn\u00e9 par les fous furieux et folles furieuses cit\u00e9s sur cette page !","sameAs":["https:\/\/www.facebook.com\/florent.ostermann","https:\/\/x.com\/https:\/\/twitter.com\/FlOstermann","admin"],"url":"https:\/\/dicodusport.fr\/blog\/author\/flo\/"}]}},"_links":{"self":[{"href":"https:\/\/dicodusport.fr\/blog\/wp-json\/wp\/v2\/posts\/37062","targetHints":{"allow":["GET"]}}],"collection":[{"href":"https:\/\/dicodusport.fr\/blog\/wp-json\/wp\/v2\/posts"}],"about":[{"href":"https:\/\/dicodusport.fr\/blog\/wp-json\/wp\/v2\/types\/post"}],"author":[{"embeddable":true,"href":"https:\/\/dicodusport.fr\/blog\/wp-json\/wp\/v2\/users\/4"}],"replies":[{"embeddable":true,"href":"https:\/\/dicodusport.fr\/blog\/wp-json\/wp\/v2\/comments?post=37062"}],"version-history":[{"count":0,"href":"https:\/\/dicodusport.fr\/blog\/wp-json\/wp\/v2\/posts\/37062\/revisions"}],"wp:featuredmedia":[{"embeddable":true,"href":"https:\/\/dicodusport.fr\/blog\/wp-json\/wp\/v2\/media\/37064"}],"wp:attachment":[{"href":"https:\/\/dicodusport.fr\/blog\/wp-json\/wp\/v2\/media?parent=37062"}],"wp:term":[{"taxonomy":"category","embeddable":true,"href":"https:\/\/dicodusport.fr\/blog\/wp-json\/wp\/v2\/categories?post=37062"},{"taxonomy":"post_tag","embeddable":true,"href":"https:\/\/dicodusport.fr\/blog\/wp-json\/wp\/v2\/tags?post=37062"}],"curies":[{"name":"wp","href":"https:\/\/api.w.org\/{rel}","templated":true}]}}