{"id":370638,"date":"2023-03-31T13:22:12","date_gmt":"2023-03-31T11:22:12","guid":{"rendered":"https:\/\/dicodusport.fr\/blog\/?p=370638&#038;preview=true&#038;preview_id=370638"},"modified":"2023-03-31T13:22:12","modified_gmt":"2023-03-31T11:22:12","slug":"herve-renard-rappelle-deja-eugenie-le-sommer-et-wendie-renard-en-equipe-de-france-feminine","status":"publish","type":"post","link":"https:\/\/dicodusport.fr\/blog\/herve-renard-rappelle-deja-eugenie-le-sommer-et-wendie-renard-en-equipe-de-france-feminine\/","title":{"rendered":"Herv\u00e9 Renard rappelle d\u00e9j\u00e0 Eug\u00e9nie Le Sommer et Wendie Renard en \u00e9quipe de France f\u00e9minine"},"content":{"rendered":"<p style=\"text-align: justify;\" align=\"justify\"><em><strong>\u00c9QUIPE DE FRANCE FEMMES DE FOOTBALL &#8211; D\u00e8s le lendemain de sa nomination, Herv\u00e9 Renard a livr\u00e9 sa premi\u00e8re liste pour les trois matchs amicaux, avec plusieurs retours marquants.\u00a0<\/strong><\/em><\/p>\n<p align=\"justify\">Hier, <a href=\"https:\/\/dicodusport.fr\/blog\/sans-surprise-herve-renard-est-nomme-selectionneur-de-lequipe-de-france-feminine\/\"><strong>Herv\u00e9 Renard<\/strong> a enfin \u00e9t\u00e9 intronis\u00e9 \u00e0 la t\u00eate de l&rsquo;\u00e9quipe de France f\u00e9minine de football<\/a>. Et aujourd&rsquo;hui, il devait d\u00e9j\u00e0 livrer une premi\u00e8re liste pour les matchs amicaux \u00e0 venir contre la Colombie (7 avril) et le Canada (11 avril). Une annonce tr\u00e8s attendue, au vu des nombreux soubresauts dans cette s\u00e9lection lors des derni\u00e8res semaines.<\/p>\n<blockquote class=\"twitter-tweet\">\n<p dir=\"ltr\" lang=\"fr\">Des choix forts, des retours, des confirmations !<\/p>\n<p>D\u00e9couvrez la \ud835\ude65\ud835\ude67\ud835\ude5a\ud835\ude62\ud835\ude5e\ud835\ude5a\u0300\ud835\ude67\ud835\ude5a \ud835\ude61\ud835\ude5e\ud835\ude68\ud835\ude69\ud835\ude5a du nouveau s\u00e9lectionneur <a href=\"https:\/\/twitter.com\/Herve_Renard_HR?ref_src=twsrc%5Etfw\">@Herve_Renard_HR<\/a> \ud83d\udd25<a href=\"https:\/\/twitter.com\/hashtag\/FiersdetreBleues?src=hash&amp;ref_src=twsrc%5Etfw\">#FiersdetreBleues<\/a> <a href=\"https:\/\/t.co\/y3cOMFKAXH\">pic.twitter.com\/y3cOMFKAXH<\/a><\/p>\n<p>\u2014 Equipe de France F\u00e9minine (@equipedefranceF) <a href=\"https:\/\/twitter.com\/equipedefranceF\/status\/1641755318173462529?ref_src=twsrc%5Etfw\">March 31, 2023<\/a><\/p><\/blockquote>\n<p><script async src=\"https:\/\/platform.twitter.com\/widgets.js\" charset=\"utf-8\"><\/script><\/p>\n<p align=\"justify\">Et comme on pouvait le pr\u00e9sager, il a rappel\u00e9 non seulement <strong>Wendie Renard<\/strong>, mais aussi <strong>Eug\u00e9nie Le Sommer<\/strong>. Cette derni\u00e8re avait \u00e9t\u00e9 mise de c\u00f4t\u00e9 depuis de nombreux mois par <strong>Corinne Diacre<\/strong>. La capitaine de l&rsquo;OL, elle, avait annonc\u00e9 sa mise en retrait, mais revient d\u00e9j\u00e0 aux affaires, puisque la gouvernance de l&rsquo;\u00e9quipe a chang\u00e9. Pressenties pour revenir elles aussi, <strong>Kadidiatou Diani<\/strong> et <strong>Amandine Henry<\/strong> sont actuellement bless\u00e9es. ainsi que <strong>Marie-Antoinette Katoto<\/strong>, alors que <strong>Kheira Hamraoui<\/strong> est elle aussi absente. \u00c0 voir maintenant si <strong>Herv\u00e9 Renard<\/strong> trouvera la bonne formule.<\/p>\n","protected":false},"excerpt":{"rendered":"<p>\u00c9QUIPE DE FRANCE FEMMES DE FOOTBALL &#8211; D\u00e8s le lendemain de sa nomination, Herv\u00e9 Renard a livr\u00e9 sa premi\u00e8re liste pour les trois matchs amicaux, avec plusieurs retours marquants.\u00a0<\/p>\n","protected":false},"author":59,"featured_media":370640,"comment_status":"open","ping_status":"closed","sticky":false,"template":"","format":"standard","meta":{"_acf_changed":false,"_daextam_enable_autolinks":"","footnotes":""},"categories":[2301],"tags":[16878,6653,75,5019,24],"class_list":["post-370638","post","type-post","status-publish","format-standard","has-post-thumbnail","hentry","category-football","tag-breve","tag-equipe-de-france-feminine-de-football","tag-football","tag-herve-renard","tag-sport"],"acf":[],"yoast_head":"<!-- This site is optimized with the Yoast SEO Premium plugin v26.7 (Yoast SEO v26.7) - https:\/\/yoast.com\/wordpress\/plugins\/seo\/ -->\n<title>Herv\u00e9 Renard rappelle d\u00e9j\u00e0 Eug\u00e9nie Le Sommer et Wendie Renard en \u00e9quipe de France f\u00e9minine<\/title>\n<meta name=\"description\" content=\"\u00c9QUIPE DE FRANCE FEMMES DE FOOTBALL - Herv\u00e9 Renard a livr\u00e9 sa premi\u00e8re liste pour les trois matchs amicaux, avec plusieurs retours marquants.\u00a0\" \/>\n<meta name=\"robots\" content=\"index, follow, max-snippet:-1, max-image-preview:large, max-video-preview:-1\" \/>\n<link rel=\"canonical\" href=\"https:\/\/dicodusport.fr\/blog\/herve-renard-rappelle-deja-eugenie-le-sommer-et-wendie-renard-en-equipe-de-france-feminine\/\" \/>\n<meta property=\"og:locale\" content=\"fr_FR\" \/>\n<meta property=\"og:type\" content=\"article\" \/>\n<meta property=\"og:title\" content=\"Herv\u00e9 Renard rappelle d\u00e9j\u00e0 Eug\u00e9nie Le Sommer et Wendie Renard en \u00e9quipe de France f\u00e9minine\" \/>\n<meta property=\"og:description\" content=\"\u00c9QUIPE DE FRANCE FEMMES DE FOOTBALL - Herv\u00e9 Renard a livr\u00e9 sa premi\u00e8re liste pour les trois matchs amicaux, avec plusieurs retours marquants.\u00a0\" \/>\n<meta property=\"og:url\" content=\"https:\/\/dicodusport.fr\/blog\/herve-renard-rappelle-deja-eugenie-le-sommer-et-wendie-renard-en-equipe-de-france-feminine\/\" \/>\n<meta property=\"og:site_name\" content=\"Dicodusport\" \/>\n<meta property=\"article:publisher\" content=\"https:\/\/www.facebook.com\/dicodusport\" \/>\n<meta property=\"article:author\" content=\"https:\/\/www.facebook.com\/sebastien.gente\/\" \/>\n<meta property=\"article:published_time\" content=\"2023-03-31T11:22:12+00:00\" \/>\n<meta property=\"og:image\" content=\"https:\/\/dicodusport.fr\/blog\/wp-content\/uploads\/2023\/03\/Herve-Renard-rappelle-deja-Eugenie-Le-Sommer-et-Wendie-Renard-en-equipe-de-France-feminine.png\" \/>\n\t<meta property=\"og:image:width\" content=\"800\" \/>\n\t<meta property=\"og:image:height\" content=\"445\" \/>\n\t<meta property=\"og:image:type\" content=\"image\/png\" \/>\n<meta name=\"author\" content=\"S\u00e9bastien Gente\" \/>\n<meta name=\"twitter:card\" content=\"summary_large_image\" \/>\n<meta name=\"twitter:title\" content=\"Herv\u00e9 Renard rappelle d\u00e9j\u00e0 Eug\u00e9nie Le Sommer et Wendie Renard en \u00e9quipe de France f\u00e9minine\" \/>\n<meta name=\"twitter:creator\" content=\"@https:\/\/twitter.com\/globulo24\" \/>\n<meta name=\"twitter:site\" content=\"@dicodusport\" \/>\n<script type=\"application\/ld+json\" class=\"yoast-schema-graph\">{\"@context\":\"https:\/\/schema.org\",\"@graph\":[{\"@type\":\"NewsArticle\",\"@id\":\"https:\/\/dicodusport.fr\/blog\/herve-renard-rappelle-deja-eugenie-le-sommer-et-wendie-renard-en-equipe-de-france-feminine\/#article\",\"isPartOf\":{\"@id\":\"https:\/\/dicodusport.fr\/blog\/herve-renard-rappelle-deja-eugenie-le-sommer-et-wendie-renard-en-equipe-de-france-feminine\/\"},\"author\":{\"name\":\"S\u00e9bastien Gente\",\"@id\":\"https:\/\/dicodusport.fr\/blog\/#\/schema\/person\/627966a6cde45dbd8c5e36ac85d783da\"},\"headline\":\"Herv\u00e9 Renard rappelle d\u00e9j\u00e0 Eug\u00e9nie Le Sommer et Wendie Renard en \u00e9quipe de France f\u00e9minine\",\"datePublished\":\"2023-03-31T11:22:12+00:00\",\"mainEntityOfPage\":{\"@id\":\"https:\/\/dicodusport.fr\/blog\/herve-renard-rappelle-deja-eugenie-le-sommer-et-wendie-renard-en-equipe-de-france-feminine\/\"},\"wordCount\":239,\"commentCount\":0,\"publisher\":{\"@id\":\"https:\/\/dicodusport.fr\/blog\/#organization\"},\"image\":{\"@id\":\"https:\/\/dicodusport.fr\/blog\/herve-renard-rappelle-deja-eugenie-le-sommer-et-wendie-renard-en-equipe-de-france-feminine\/#primaryimage\"},\"thumbnailUrl\":\"https:\/\/dicodusport.fr\/blog\/wp-content\/uploads\/2023\/03\/Herve-Renard-rappelle-deja-Eugenie-Le-Sommer-et-Wendie-Renard-en-equipe-de-France-feminine.png\",\"keywords\":[\"br\u00e8ve\",\"\u00c9quipe de France f\u00e9minine de football\",\"Football\",\"Herv\u00e9 Renard\",\"sport\"],\"articleSection\":[\"Football\"],\"inLanguage\":\"fr-FR\",\"potentialAction\":[{\"@type\":\"CommentAction\",\"name\":\"Comment\",\"target\":[\"https:\/\/dicodusport.fr\/blog\/herve-renard-rappelle-deja-eugenie-le-sommer-et-wendie-renard-en-equipe-de-france-feminine\/#respond\"]}],\"copyrightYear\":\"2023\",\"copyrightHolder\":{\"@id\":\"https:\/\/dicodusport.fr\/blog\/#organization\"}},{\"@type\":\"WebPage\",\"@id\":\"https:\/\/dicodusport.fr\/blog\/herve-renard-rappelle-deja-eugenie-le-sommer-et-wendie-renard-en-equipe-de-france-feminine\/\",\"url\":\"https:\/\/dicodusport.fr\/blog\/herve-renard-rappelle-deja-eugenie-le-sommer-et-wendie-renard-en-equipe-de-france-feminine\/\",\"name\":\"Herv\u00e9 Renard rappelle d\u00e9j\u00e0 Eug\u00e9nie Le Sommer et Wendie Renard en \u00e9quipe de France f\u00e9minine\",\"isPartOf\":{\"@id\":\"https:\/\/dicodusport.fr\/blog\/#website\"},\"primaryImageOfPage\":{\"@id\":\"https:\/\/dicodusport.fr\/blog\/herve-renard-rappelle-deja-eugenie-le-sommer-et-wendie-renard-en-equipe-de-france-feminine\/#primaryimage\"},\"image\":{\"@id\":\"https:\/\/dicodusport.fr\/blog\/herve-renard-rappelle-deja-eugenie-le-sommer-et-wendie-renard-en-equipe-de-france-feminine\/#primaryimage\"},\"thumbnailUrl\":\"https:\/\/dicodusport.fr\/blog\/wp-content\/uploads\/2023\/03\/Herve-Renard-rappelle-deja-Eugenie-Le-Sommer-et-Wendie-Renard-en-equipe-de-France-feminine.png\",\"datePublished\":\"2023-03-31T11:22:12+00:00\",\"description\":\"\u00c9QUIPE DE FRANCE FEMMES DE FOOTBALL - Herv\u00e9 Renard a livr\u00e9 sa premi\u00e8re liste pour les trois matchs amicaux, avec plusieurs retours marquants.\u00a0\",\"breadcrumb\":{\"@id\":\"https:\/\/dicodusport.fr\/blog\/herve-renard-rappelle-deja-eugenie-le-sommer-et-wendie-renard-en-equipe-de-france-feminine\/#breadcrumb\"},\"inLanguage\":\"fr-FR\",\"potentialAction\":[{\"@type\":\"ReadAction\",\"target\":[\"https:\/\/dicodusport.fr\/blog\/herve-renard-rappelle-deja-eugenie-le-sommer-et-wendie-renard-en-equipe-de-france-feminine\/\"]}]},{\"@type\":\"ImageObject\",\"inLanguage\":\"fr-FR\",\"@id\":\"https:\/\/dicodusport.fr\/blog\/herve-renard-rappelle-deja-eugenie-le-sommer-et-wendie-renard-en-equipe-de-france-feminine\/#primaryimage\",\"url\":\"https:\/\/dicodusport.fr\/blog\/wp-content\/uploads\/2023\/03\/Herve-Renard-rappelle-deja-Eugenie-Le-Sommer-et-Wendie-Renard-en-equipe-de-France-feminine.png\",\"contentUrl\":\"https:\/\/dicodusport.fr\/blog\/wp-content\/uploads\/2023\/03\/Herve-Renard-rappelle-deja-Eugenie-Le-Sommer-et-Wendie-Renard-en-equipe-de-France-feminine.png\",\"width\":800,\"height\":445,\"caption\":\"Herv\u00e9 Renard rappelle d\u00e9j\u00e0 Eug\u00e9nie Le Sommer et Wendie Renard en \u00e9quipe de France f\u00e9minine\"},{\"@type\":\"BreadcrumbList\",\"@id\":\"https:\/\/dicodusport.fr\/blog\/herve-renard-rappelle-deja-eugenie-le-sommer-et-wendie-renard-en-equipe-de-france-feminine\/#breadcrumb\",\"itemListElement\":[{\"@type\":\"ListItem\",\"position\":1,\"name\":\"Accueil\",\"item\":\"https:\/\/dicodusport.fr\/blog\/\"},{\"@type\":\"ListItem\",\"position\":2,\"name\":\"Herv\u00e9 Renard rappelle d\u00e9j\u00e0 Eug\u00e9nie Le Sommer et Wendie Renard en \u00e9quipe de France f\u00e9minine\"}]},{\"@type\":\"WebSite\",\"@id\":\"https:\/\/dicodusport.fr\/blog\/#website\",\"url\":\"https:\/\/dicodusport.fr\/blog\/\",\"name\":\"Dicodusport\",\"description\":\"L&#039;encyclop\u00e9die de l&#039;actualit\u00e9 sportive\",\"publisher\":{\"@id\":\"https:\/\/dicodusport.fr\/blog\/#organization\"},\"potentialAction\":[{\"@type\":\"SearchAction\",\"target\":{\"@type\":\"EntryPoint\",\"urlTemplate\":\"https:\/\/dicodusport.fr\/blog\/?s={search_term_string}\"},\"query-input\":{\"@type\":\"PropertyValueSpecification\",\"valueRequired\":true,\"valueName\":\"search_term_string\"}}],\"inLanguage\":\"fr-FR\"},{\"@type\":\"NewsMediaOrganization\",\"@id\":\"https:\/\/dicodusport.fr\/blog\/#organization\",\"name\":\"Dicodusport\",\"url\":\"https:\/\/dicodusport.fr\/blog\/\",\"logo\":{\"@type\":\"ImageObject\",\"inLanguage\":\"fr-FR\",\"@id\":\"https:\/\/dicodusport.fr\/blog\/#\/schema\/logo\/image\/\",\"url\":\"https:\/\/dicodusport.fr\/blog\/wp-content\/uploads\/2020\/06\/cropped-LOGO-DICODUSPORT-2020-SANS-FOND-SANS-TEXTE.png\",\"contentUrl\":\"https:\/\/dicodusport.fr\/blog\/wp-content\/uploads\/2020\/06\/cropped-LOGO-DICODUSPORT-2020-SANS-FOND-SANS-TEXTE.png\",\"width\":512,\"height\":512,\"caption\":\"Dicodusport\"},\"image\":{\"@id\":\"https:\/\/dicodusport.fr\/blog\/#\/schema\/logo\/image\/\"},\"sameAs\":[\"https:\/\/www.facebook.com\/dicodusport\",\"https:\/\/x.com\/dicodusport\",\"https:\/\/www.instagram.com\/dicodusport\/\",\"https:\/\/www.youtube.com\/channel\/UC7V2KZ5sd3htJivAbA4ZG3w\"],\"description\":\"Dicodusport est l'encyclop\u00e9die de l'actualit\u00e9 sportive.\",\"email\":\"bonjour@dicodusport.fr\",\"legalName\":\"DICODUSPORT\",\"foundingDate\":\"2018-01-14\",\"vatID\":\"FR71834470973\",\"taxID\":\"83447097300043\",\"numberOfEmployees\":{\"@type\":\"QuantitativeValue\",\"minValue\":\"1\",\"maxValue\":\"10\"}},{\"@type\":\"Person\",\"@id\":\"https:\/\/dicodusport.fr\/blog\/#\/schema\/person\/627966a6cde45dbd8c5e36ac85d783da\",\"name\":\"S\u00e9bastien Gente\",\"image\":{\"@type\":\"ImageObject\",\"inLanguage\":\"fr-FR\",\"@id\":\"https:\/\/dicodusport.fr\/blog\/#\/schema\/person\/image\/\",\"url\":\"https:\/\/dicodusport.fr\/blog\/wp-content\/uploads\/2021\/09\/1510990_10205810251400683_4124423575079401707_n-150x150.jpg\",\"contentUrl\":\"https:\/\/dicodusport.fr\/blog\/wp-content\/uploads\/2021\/09\/1510990_10205810251400683_4124423575079401707_n-150x150.jpg\",\"caption\":\"S\u00e9bastien Gente\"},\"description\":\"John Stockton, Gianni Bugno, Zinedine Zidane, Steffi Graf, Frode Andresen, St\u00e9phane Stoecklin, Davis Kamoga, Primoz Peterka, Werner Schlager et Aur\u00e9lien Rougerie. Point commun entre ces sportifs? Ils m'ont fait r\u00eaver et ont berc\u00e9 mon adolescence. Je suis un fondu de sports et j'essaie de retranscrire ma passion \u00e0 travers mes articles. Originaire du P\u00e9rigord, ma passion pour les Girondins, les Jaunards et les Jazzmen transpire dans mes \u00e9crits. \u00c0 Dicodusport depuis 2021, je d\u00e9niche les sports m\u00e9connus dans lesquels la France brille, et il y en a !\",\"sameAs\":[\"https:\/\/www.facebook.com\/sebastien.gente\/\",\"https:\/\/www.instagram.com\/sebgente\/\",\"https:\/\/www.linkedin.com\/in\/sbastien-gente-a29583169\/\",\"https:\/\/x.com\/https:\/\/twitter.com\/globulo24\",\"SebastienGente\"],\"worksFor\":\"S\u00e9bastien GENTE\",\"url\":\"https:\/\/dicodusport.fr\/blog\/author\/sebastiengente\/\"}]}<\/script>\n<!-- \/ Yoast SEO Premium plugin. -->","yoast_head_json":{"title":"Herv\u00e9 Renard rappelle d\u00e9j\u00e0 Eug\u00e9nie Le Sommer et Wendie Renard en \u00e9quipe de France f\u00e9minine","description":"\u00c9QUIPE DE FRANCE FEMMES DE FOOTBALL - Herv\u00e9 Renard a livr\u00e9 sa premi\u00e8re liste pour les trois matchs amicaux, avec plusieurs retours marquants.\u00a0","robots":{"index":"index","follow":"follow","max-snippet":"max-snippet:-1","max-image-preview":"max-image-preview:large","max-video-preview":"max-video-preview:-1"},"canonical":"https:\/\/dicodusport.fr\/blog\/herve-renard-rappelle-deja-eugenie-le-sommer-et-wendie-renard-en-equipe-de-france-feminine\/","og_locale":"fr_FR","og_type":"article","og_title":"Herv\u00e9 Renard rappelle d\u00e9j\u00e0 Eug\u00e9nie Le Sommer et Wendie Renard en \u00e9quipe de France f\u00e9minine","og_description":"\u00c9QUIPE DE FRANCE FEMMES DE FOOTBALL - Herv\u00e9 Renard a livr\u00e9 sa premi\u00e8re liste pour les trois matchs amicaux, avec plusieurs retours marquants.\u00a0","og_url":"https:\/\/dicodusport.fr\/blog\/herve-renard-rappelle-deja-eugenie-le-sommer-et-wendie-renard-en-equipe-de-france-feminine\/","og_site_name":"Dicodusport","article_publisher":"https:\/\/www.facebook.com\/dicodusport","article_author":"https:\/\/www.facebook.com\/sebastien.gente\/","article_published_time":"2023-03-31T11:22:12+00:00","og_image":[{"width":800,"height":445,"url":"https:\/\/dicodusport.fr\/blog\/wp-content\/uploads\/2023\/03\/Herve-Renard-rappelle-deja-Eugenie-Le-Sommer-et-Wendie-Renard-en-equipe-de-France-feminine.png","type":"image\/png"}],"author":"S\u00e9bastien Gente","twitter_card":"summary_large_image","twitter_title":"Herv\u00e9 Renard rappelle d\u00e9j\u00e0 Eug\u00e9nie Le Sommer et Wendie Renard en \u00e9quipe de France f\u00e9minine","twitter_creator":"@https:\/\/twitter.com\/globulo24","twitter_site":"@dicodusport","schema":{"@context":"https:\/\/schema.org","@graph":[{"@type":"NewsArticle","@id":"https:\/\/dicodusport.fr\/blog\/herve-renard-rappelle-deja-eugenie-le-sommer-et-wendie-renard-en-equipe-de-france-feminine\/#article","isPartOf":{"@id":"https:\/\/dicodusport.fr\/blog\/herve-renard-rappelle-deja-eugenie-le-sommer-et-wendie-renard-en-equipe-de-france-feminine\/"},"author":{"name":"S\u00e9bastien Gente","@id":"https:\/\/dicodusport.fr\/blog\/#\/schema\/person\/627966a6cde45dbd8c5e36ac85d783da"},"headline":"Herv\u00e9 Renard rappelle d\u00e9j\u00e0 Eug\u00e9nie Le Sommer et Wendie Renard en \u00e9quipe de France f\u00e9minine","datePublished":"2023-03-31T11:22:12+00:00","mainEntityOfPage":{"@id":"https:\/\/dicodusport.fr\/blog\/herve-renard-rappelle-deja-eugenie-le-sommer-et-wendie-renard-en-equipe-de-france-feminine\/"},"wordCount":239,"commentCount":0,"publisher":{"@id":"https:\/\/dicodusport.fr\/blog\/#organization"},"image":{"@id":"https:\/\/dicodusport.fr\/blog\/herve-renard-rappelle-deja-eugenie-le-sommer-et-wendie-renard-en-equipe-de-france-feminine\/#primaryimage"},"thumbnailUrl":"https:\/\/dicodusport.fr\/blog\/wp-content\/uploads\/2023\/03\/Herve-Renard-rappelle-deja-Eugenie-Le-Sommer-et-Wendie-Renard-en-equipe-de-France-feminine.png","keywords":["br\u00e8ve","\u00c9quipe de France f\u00e9minine de football","Football","Herv\u00e9 Renard","sport"],"articleSection":["Football"],"inLanguage":"fr-FR","potentialAction":[{"@type":"CommentAction","name":"Comment","target":["https:\/\/dicodusport.fr\/blog\/herve-renard-rappelle-deja-eugenie-le-sommer-et-wendie-renard-en-equipe-de-france-feminine\/#respond"]}],"copyrightYear":"2023","copyrightHolder":{"@id":"https:\/\/dicodusport.fr\/blog\/#organization"}},{"@type":"WebPage","@id":"https:\/\/dicodusport.fr\/blog\/herve-renard-rappelle-deja-eugenie-le-sommer-et-wendie-renard-en-equipe-de-france-feminine\/","url":"https:\/\/dicodusport.fr\/blog\/herve-renard-rappelle-deja-eugenie-le-sommer-et-wendie-renard-en-equipe-de-france-feminine\/","name":"Herv\u00e9 Renard rappelle d\u00e9j\u00e0 Eug\u00e9nie Le Sommer et Wendie Renard en \u00e9quipe de France f\u00e9minine","isPartOf":{"@id":"https:\/\/dicodusport.fr\/blog\/#website"},"primaryImageOfPage":{"@id":"https:\/\/dicodusport.fr\/blog\/herve-renard-rappelle-deja-eugenie-le-sommer-et-wendie-renard-en-equipe-de-france-feminine\/#primaryimage"},"image":{"@id":"https:\/\/dicodusport.fr\/blog\/herve-renard-rappelle-deja-eugenie-le-sommer-et-wendie-renard-en-equipe-de-france-feminine\/#primaryimage"},"thumbnailUrl":"https:\/\/dicodusport.fr\/blog\/wp-content\/uploads\/2023\/03\/Herve-Renard-rappelle-deja-Eugenie-Le-Sommer-et-Wendie-Renard-en-equipe-de-France-feminine.png","datePublished":"2023-03-31T11:22:12+00:00","description":"\u00c9QUIPE DE FRANCE FEMMES DE FOOTBALL - Herv\u00e9 Renard a livr\u00e9 sa premi\u00e8re liste pour les trois matchs amicaux, avec plusieurs retours marquants.\u00a0","breadcrumb":{"@id":"https:\/\/dicodusport.fr\/blog\/herve-renard-rappelle-deja-eugenie-le-sommer-et-wendie-renard-en-equipe-de-france-feminine\/#breadcrumb"},"inLanguage":"fr-FR","potentialAction":[{"@type":"ReadAction","target":["https:\/\/dicodusport.fr\/blog\/herve-renard-rappelle-deja-eugenie-le-sommer-et-wendie-renard-en-equipe-de-france-feminine\/"]}]},{"@type":"ImageObject","inLanguage":"fr-FR","@id":"https:\/\/dicodusport.fr\/blog\/herve-renard-rappelle-deja-eugenie-le-sommer-et-wendie-renard-en-equipe-de-france-feminine\/#primaryimage","url":"https:\/\/dicodusport.fr\/blog\/wp-content\/uploads\/2023\/03\/Herve-Renard-rappelle-deja-Eugenie-Le-Sommer-et-Wendie-Renard-en-equipe-de-France-feminine.png","contentUrl":"https:\/\/dicodusport.fr\/blog\/wp-content\/uploads\/2023\/03\/Herve-Renard-rappelle-deja-Eugenie-Le-Sommer-et-Wendie-Renard-en-equipe-de-France-feminine.png","width":800,"height":445,"caption":"Herv\u00e9 Renard rappelle d\u00e9j\u00e0 Eug\u00e9nie Le Sommer et Wendie Renard en \u00e9quipe de France f\u00e9minine"},{"@type":"BreadcrumbList","@id":"https:\/\/dicodusport.fr\/blog\/herve-renard-rappelle-deja-eugenie-le-sommer-et-wendie-renard-en-equipe-de-france-feminine\/#breadcrumb","itemListElement":[{"@type":"ListItem","position":1,"name":"Accueil","item":"https:\/\/dicodusport.fr\/blog\/"},{"@type":"ListItem","position":2,"name":"Herv\u00e9 Renard rappelle d\u00e9j\u00e0 Eug\u00e9nie Le Sommer et Wendie Renard en \u00e9quipe de France f\u00e9minine"}]},{"@type":"WebSite","@id":"https:\/\/dicodusport.fr\/blog\/#website","url":"https:\/\/dicodusport.fr\/blog\/","name":"Dicodusport","description":"L&#039;encyclop\u00e9die de l&#039;actualit\u00e9 sportive","publisher":{"@id":"https:\/\/dicodusport.fr\/blog\/#organization"},"potentialAction":[{"@type":"SearchAction","target":{"@type":"EntryPoint","urlTemplate":"https:\/\/dicodusport.fr\/blog\/?s={search_term_string}"},"query-input":{"@type":"PropertyValueSpecification","valueRequired":true,"valueName":"search_term_string"}}],"inLanguage":"fr-FR"},{"@type":"NewsMediaOrganization","@id":"https:\/\/dicodusport.fr\/blog\/#organization","name":"Dicodusport","url":"https:\/\/dicodusport.fr\/blog\/","logo":{"@type":"ImageObject","inLanguage":"fr-FR","@id":"https:\/\/dicodusport.fr\/blog\/#\/schema\/logo\/image\/","url":"https:\/\/dicodusport.fr\/blog\/wp-content\/uploads\/2020\/06\/cropped-LOGO-DICODUSPORT-2020-SANS-FOND-SANS-TEXTE.png","contentUrl":"https:\/\/dicodusport.fr\/blog\/wp-content\/uploads\/2020\/06\/cropped-LOGO-DICODUSPORT-2020-SANS-FOND-SANS-TEXTE.png","width":512,"height":512,"caption":"Dicodusport"},"image":{"@id":"https:\/\/dicodusport.fr\/blog\/#\/schema\/logo\/image\/"},"sameAs":["https:\/\/www.facebook.com\/dicodusport","https:\/\/x.com\/dicodusport","https:\/\/www.instagram.com\/dicodusport\/","https:\/\/www.youtube.com\/channel\/UC7V2KZ5sd3htJivAbA4ZG3w"],"description":"Dicodusport est l'encyclop\u00e9die de l'actualit\u00e9 sportive.","email":"bonjour@dicodusport.fr","legalName":"DICODUSPORT","foundingDate":"2018-01-14","vatID":"FR71834470973","taxID":"83447097300043","numberOfEmployees":{"@type":"QuantitativeValue","minValue":"1","maxValue":"10"}},{"@type":"Person","@id":"https:\/\/dicodusport.fr\/blog\/#\/schema\/person\/627966a6cde45dbd8c5e36ac85d783da","name":"S\u00e9bastien Gente","image":{"@type":"ImageObject","inLanguage":"fr-FR","@id":"https:\/\/dicodusport.fr\/blog\/#\/schema\/person\/image\/","url":"https:\/\/dicodusport.fr\/blog\/wp-content\/uploads\/2021\/09\/1510990_10205810251400683_4124423575079401707_n-150x150.jpg","contentUrl":"https:\/\/dicodusport.fr\/blog\/wp-content\/uploads\/2021\/09\/1510990_10205810251400683_4124423575079401707_n-150x150.jpg","caption":"S\u00e9bastien Gente"},"description":"John Stockton, Gianni Bugno, Zinedine Zidane, Steffi Graf, Frode Andresen, St\u00e9phane Stoecklin, Davis Kamoga, Primoz Peterka, Werner Schlager et Aur\u00e9lien Rougerie. Point commun entre ces sportifs? Ils m'ont fait r\u00eaver et ont berc\u00e9 mon adolescence. Je suis un fondu de sports et j'essaie de retranscrire ma passion \u00e0 travers mes articles. Originaire du P\u00e9rigord, ma passion pour les Girondins, les Jaunards et les Jazzmen transpire dans mes \u00e9crits. \u00c0 Dicodusport depuis 2021, je d\u00e9niche les sports m\u00e9connus dans lesquels la France brille, et il y en a !","sameAs":["https:\/\/www.facebook.com\/sebastien.gente\/","https:\/\/www.instagram.com\/sebgente\/","https:\/\/www.linkedin.com\/in\/sbastien-gente-a29583169\/","https:\/\/x.com\/https:\/\/twitter.com\/globulo24","SebastienGente"],"worksFor":"S\u00e9bastien GENTE","url":"https:\/\/dicodusport.fr\/blog\/author\/sebastiengente\/"}]}},"_links":{"self":[{"href":"https:\/\/dicodusport.fr\/blog\/wp-json\/wp\/v2\/posts\/370638","targetHints":{"allow":["GET"]}}],"collection":[{"href":"https:\/\/dicodusport.fr\/blog\/wp-json\/wp\/v2\/posts"}],"about":[{"href":"https:\/\/dicodusport.fr\/blog\/wp-json\/wp\/v2\/types\/post"}],"author":[{"embeddable":true,"href":"https:\/\/dicodusport.fr\/blog\/wp-json\/wp\/v2\/users\/59"}],"replies":[{"embeddable":true,"href":"https:\/\/dicodusport.fr\/blog\/wp-json\/wp\/v2\/comments?post=370638"}],"version-history":[{"count":0,"href":"https:\/\/dicodusport.fr\/blog\/wp-json\/wp\/v2\/posts\/370638\/revisions"}],"wp:featuredmedia":[{"embeddable":true,"href":"https:\/\/dicodusport.fr\/blog\/wp-json\/wp\/v2\/media\/370640"}],"wp:attachment":[{"href":"https:\/\/dicodusport.fr\/blog\/wp-json\/wp\/v2\/media?parent=370638"}],"wp:term":[{"taxonomy":"category","embeddable":true,"href":"https:\/\/dicodusport.fr\/blog\/wp-json\/wp\/v2\/categories?post=370638"},{"taxonomy":"post_tag","embeddable":true,"href":"https:\/\/dicodusport.fr\/blog\/wp-json\/wp\/v2\/tags?post=370638"}],"curies":[{"name":"wp","href":"https:\/\/api.w.org\/{rel}","templated":true}]}}