{"id":37071,"date":"2019-04-14T17:12:29","date_gmt":"2019-04-14T15:12:29","guid":{"rendered":"http:\/\/dicodusport.fr\/blog\/?p=37071"},"modified":"2019-04-14T20:50:34","modified_gmt":"2019-04-14T18:50:34","slug":"paris-roubaix-philippe-gilbert-dompte-l-enfer-du-nord","status":"publish","type":"post","link":"https:\/\/dicodusport.fr\/blog\/paris-roubaix-philippe-gilbert-dompte-l-enfer-du-nord\/","title":{"rendered":"Paris-Roubaix : Philippe Gilbert dompte l&rsquo;Enfer du Nord"},"content":{"rendered":"<p style=\"text-align: justify;\"><strong><em>A 36 ans, Philippe Gilbert (Deceuninck Quick-Step) s&rsquo;est adjug\u00e9 un nouveau Monument, en remportant le <a href=\"https:\/\/www.paris-roubaix.fr\/fr\/\" target=\"_blank\" rel=\"noopener\">117\u00e8me Paris-Roubaix<\/a>, \u00e0 l&rsquo;issue d&rsquo;une course folle. Le Belge a devanc\u00e9 l&rsquo;Allemand Nils Politt (Katusha) et son co\u00e9quipier Yves Lampaert. Premier Fran\u00e7ais, Florian S\u00e9n\u00e9chal (Deceuninck Quick-Step) prend la 6\u00e8me place.<br \/>\n<\/em><\/strong><\/p>\n<p style=\"text-align: justify;\">90 km. C\u2019est la distance qu\u2019il aura fallu pour qu\u2019une \u00e9chapp\u00e9e prenne forme sur ce Paris-Roubaix. Un groupe d\u2019une vingtaine de coureurs, parmi lesquels des outsiders comme Yves Lampaert (Deceuninck Quick-Step), Matteo Trentin (Mitchelton-Scott), Adrien Petit (Total Direct Energie) et Nils Politt (Katusha), r\u00e9ussissait \u00e0 sortir du peloton avant le premier secteur de Troisvilles. Mais jamais ce groupe mena\u00e7ant n\u2019a pu prendre plus d\u2019une minute d\u2019avance sur un peloton men\u00e9 par les Bora-Hansgrohe de Peter Sagan, et les Sky de Luke Rowe.<\/p>\n<p><span class=\"3VhopbWmvEHNaT5grFcek61YDixSB9fR\"><\/p>\n<blockquote class=\"twitter-tweet\" data-width=\"550\" data-dnt=\"true\">\n<p lang=\"fr\" dir=\"ltr\">Lampaert, Politt, K\u00fcng Gaudin, Petit, Trentin, Theuns, Gougeard entre autres aux avant-postes, y a du gazier au m\u00e8tre carr\u00e9 dans le premier groupe. Va falloir s&#39;employer pour aller les chercher. 35&quot; \u00e0 157km. <a href=\"https:\/\/twitter.com\/hashtag\/ParisRoubaix?src=hash&amp;ref_src=twsrc%5Etfw\">#ParisRoubaix<\/a><\/p>\n<p>&mdash; Le Gruppetto (@LeGruppetto) <a href=\"https:\/\/twitter.com\/LeGruppetto\/status\/1117389360310169600?ref_src=twsrc%5Etfw\">April 14, 2019<\/a><\/p><\/blockquote>\n<p><script async src=\"https:\/\/platform.twitter.com\/widgets.js\" charset=\"utf-8\"><\/script><\/span><\/p>\n<p style=\"text-align: justify;\">Cons\u00e9quence, tout ce beau monde \u00e9tait revu \u00e0 120 km de l\u2019arriv\u00e9e. Si les premiers secteurs pav\u00e9s du Caudr\u00e9sis ne faisaient pas de gros d\u00e9g\u00e2ts, certains pr\u00e9tendants perdaient d\u00e9j\u00e0 leurs espoirs de victoire. Alexander Kristoff (UAE Team) et Damien Gaudin (Total Direct Energie), perturb\u00e9s par des crevaisons et des probl\u00e8mes m\u00e9caniques, \u00e9taient les principales victimes des premiers pav\u00e9s du Nord.<\/p>\n<h1 style=\"text-align: justify;\">Deceuninck Quick-Step s\u00e8me la zizanie<\/h1>\n<p style=\"text-align: justify;\">Un regroupement synonyme de moment choisi par la formation de Patrick Lefevere pour acc\u00e9l\u00e9rer, sous l\u2019impulsion de l\u2019un des r\u00e9gionaux de l\u2019Enfer du Nord, Florent S\u00e9n\u00e9chal. Le Nordiste faisait exploser le peloton en deux. Pi\u00e9g\u00e9s, Peter Sagan et Oliver Naesen devaient alors mettre leur \u00e9quipe \u00e0 contribution pour revenir sur un premier groupe constitu\u00e9 de 40 coureurs. Tout rentrait dans l\u2019ordre \u00e0 100 km de l\u2019arriv\u00e9e, avant la mythique Trou\u00e9e d\u2019Arenberg.<\/p>\n<p><span class=\"ZAEIpbdEQJo2F93uTqjYe5i1GPvX3Otn9sUWGQhIS2Y6HrLVPCTaMgeMmiucLVBN4lDjwK5fNS7dyOZsapbvKkhx4y\"><\/p>\n<blockquote class=\"twitter-tweet\" data-width=\"550\" data-dnt=\"true\">\n<p lang=\"fr\" dir=\"ltr\">Place \u00e0 la c\u00e9l\u00e8bre Trou\u00e9e d&#39;Arenberg sur <a href=\"https:\/\/twitter.com\/hashtag\/ParisRoubaix?src=hash&amp;ref_src=twsrc%5Etfw\">#ParisRoubaix<\/a> \ud83d\udcaa <a href=\"https:\/\/t.co\/LUzRJTUnVX\">pic.twitter.com\/LUzRJTUnVX<\/a><\/p>\n<p>&mdash; Eurosport France (@Eurosport_FR) <a href=\"https:\/\/twitter.com\/Eurosport_FR\/status\/1117415008424681472?ref_src=twsrc%5Etfw\">April 14, 2019<\/a><\/p><\/blockquote>\n<p><script async src=\"https:\/\/platform.twitter.com\/widgets.js\" charset=\"utf-8\"><\/script><\/span><\/p>\n<h1 style=\"text-align: justify;\">Wout Van Aert malheureux mais tellement costaud<\/h1>\n<p style=\"text-align: justify;\">Et le secteur le plus mythique de Paris-Roubaix faisait une victime de poids. Wout Van Aert, l\u2019un des grands favoris au d\u00e9part de Compi\u00e8gne, subissait un probl\u00e8me m\u00e9canique. D\u00e9pann\u00e9 par un co\u00e9quipier, mais sans son propre v\u00e9lo, le N\u00e9erlandais entamait une poursuite pour revenir dans le peloton des favoris, avant de s\u2019arr\u00eater pour reprendre un v\u00e9lo \u00e0 sa taille. Mais le cyclo-crossman de la Jumbo-Visma chutait \u00e0 95 km de l\u2019arriv\u00e9e, avant le secteur 17 de Hornaing \u00e0 Wandignies.<\/p>\n<p style=\"text-align: justify;\">Mais une fois de plus, au prix d\u2019un gros effort, Van Aert parvenait \u00e0 revenir seul sur le groupe des cadors, \u00e0 71 km de Roubaix, apr\u00e8s un rallye de 20 bornes. Solide, vous avez dit ?<\/p>\n<h1 style=\"text-align: justify;\">\u00c9chapp\u00e9e royale<\/h1>\n<p style=\"text-align: justify;\">Et c\u2019est peu de le dire. Premiers larrons de celle-ci, Philippe Gilbert (Deceuninck Quick-Step) et Nils Politt (Katusha), encore lui, acc\u00e9l\u00e9raient avant le secteur 14 entre Beuvry-la-For\u00eat et Orchies, avant que Peter Sagan, Yves Lampaert, Sep Vanmarcke et\u2026 Wout Van Aert ne fassent de m\u00eame dans le secteur 13 \u00e0 Orchies. Un temps dans les roues, Marc Sarreau (Groupama-FDJ) et Christophe Laporte (Cofidis) l\u00e2chaient prise \u00e0 50 km de l\u2019arriv\u00e9e. Derri\u00e8re, Van Avermaet, Naesen, Degenkolb et D\u00e9mare \u00e9taient pi\u00e9g\u00e9s. Sagan, Van Aert, Gilbert, Lampaert, Vanmarcke et Politt, le vainqueur du 117\u00e8me Paris-Roubaix figurait donc dans ce groupe cinq \u00e9toiles.<\/p>\n<p><span class=\"4gd7Mf4iMLhphOzoBiSGqXmVKTl2901jcYt1IOeFks58aJx5ufvgCKqP7yoNWEFEyjCD36LzJQtaQnH6U0rR9wDYdsXIPcGx8Zp\"><\/p>\n<blockquote class=\"twitter-tweet\" data-width=\"550\" data-dnt=\"true\">\n<p lang=\"fr\" dir=\"ltr\">Du grand Philippe Gilbert pour l&#39;instant qui largue Politt, derri\u00e8re Van Aert impose des relances \u00e0 Peter Sagan ! <a href=\"https:\/\/twitter.com\/hashtag\/ParisRoubaix?src=hash&amp;ref_src=twsrc%5Etfw\">#ParisRoubaix<\/a> <a href=\"https:\/\/t.co\/SGhIvG5kpu\">pic.twitter.com\/SGhIvG5kpu<\/a><\/p>\n<p>&mdash; Le Gruppetto (@LeGruppetto) <a href=\"https:\/\/twitter.com\/LeGruppetto\/status\/1117427032131100672?ref_src=twsrc%5Etfw\">April 14, 2019<\/a><\/p><\/blockquote>\n<p><script async src=\"https:\/\/platform.twitter.com\/widgets.js\" charset=\"utf-8\"><\/script><\/span><\/p>\n<h1 style=\"text-align: justify;\">Gilbert a eu le dernier mot<\/h1>\n<p style=\"text-align: justify;\">Et c\u2019est \u00e0 22 km que le groupe de 6 a commenc\u00e9 \u00e0 se faire la guerre. Une premi\u00e8re attaque de Philippe Gilbert, \u00e0 laquelle Peter Sagan et Nils Politt ont r\u00e9ussi \u00e0 r\u00e9pondre. Yves Lampaert et Sep Van Marcke r\u00e9ussissaient \u00e0 rentrer avec un temps de retard, mais pas Wout Van Aert, \u00e9mouss\u00e9 apr\u00e8s ses multiples efforts.<\/p>\n<p style=\"text-align: justify;\">Gilbert, d\u00e9cid\u00e9ment intenable, \u00e9tait finalement le seul \u00e0 r\u00e9pondre \u00e0 l\u2019acc\u00e9l\u00e9ration du bluffant Nils Politt dans le Carrefour de l\u2019Arbre \u00e0 15 km de l\u2019arriv\u00e9e, Sagan et Lampaert coin\u00e7ant. Philippe Gilbert, d\u00e9j\u00e0 vainqueur de quatre Monuments (Tour de Lombardie x2, Tour des Flandres, Li\u00e8ge-Bastogne-Li\u00e8ge), r\u00e9glait Nils Politt au sprint sur le V\u00e9lodrome de Roubaix.<\/p>\n<p><span class=\"UF2aPdINxmEzKr7YfJnQyg0ju58DclhA1\"><\/p>\n<blockquote class=\"twitter-tweet\" data-width=\"550\" data-dnt=\"true\">\n<p lang=\"fr\" dir=\"ltr\">PHILIPPE GILBERT REMPORTE <a href=\"https:\/\/twitter.com\/hashtag\/ParisRoubaix?src=hash&amp;ref_src=twsrc%5Etfw\">#ParisRoubaix<\/a> ! Le Belge a \u00e9cart\u00e9 Nils Politt au sprint pour s&#39;offrir son quatri\u00e8me Monument \ud83d\udc4f\ud83d\udc4f\ud83d\udc4f <a href=\"https:\/\/t.co\/gqAOwwgDFE\">pic.twitter.com\/gqAOwwgDFE<\/a><\/p>\n<p>&mdash; Eurosport France (@Eurosport_FR) <a href=\"https:\/\/twitter.com\/Eurosport_FR\/status\/1117447175355731968?ref_src=twsrc%5Etfw\">April 14, 2019<\/a><\/p><\/blockquote>\n<p><script async src=\"https:\/\/platform.twitter.com\/widgets.js\" charset=\"utf-8\"><\/script><\/span><\/p>\n<p style=\"text-align: justify;\">Deux ans apr\u00e8s le Tour des Flandres, le champion du monde 2012 entre un peu plus dans la l\u00e9gende de son sport. Celui qui avait r\u00e9gn\u00e9 sur les Ardennaises en 2010 et 2011 offre une 23\u00e8me victoire \u00e0 la formation Deceuninck Quick-Step cette saison, et devient le premier coureur \u00e0 s&rsquo;imposer sur quatre Monuments diff\u00e9rents depuis Sean Kelly.<\/p>\n<p><strong><em>Dicodusport<br \/>\n<a href=\"https:\/\/www.facebook.com\/dicodusport\/\" target=\"_blank\" rel=\"noopener\"><img loading=\"lazy\" decoding=\"async\" class=\"alignnone wp-image-2909\" src=\"http:\/\/dicodusport.fr\/blog\/wp-content\/uploads\/2017\/07\/logo-facebook-150x150.png\" alt=\"\" width=\"40\" height=\"40\" \/><\/a><a href=\"https:\/\/twitter.com\/dicodusport\" target=\"_blank\" rel=\"noopener\"><img loading=\"lazy\" decoding=\"async\" class=\"alignnone wp-image-2908\" src=\"http:\/\/dicodusport.fr\/blog\/wp-content\/uploads\/2017\/07\/logo-twitter-150x150.png\" alt=\"\" width=\"39\" height=\"39\" \/><\/a><\/em><\/strong><\/p>\n","protected":false},"excerpt":{"rendered":"<p>A 36 ans, Philippe Gilbert (Deceuninck Quick-Step) s&rsquo;est adjug\u00e9 un nouveau Monument, en remportant le 117\u00e8me Paris-Roubaix, \u00e0 l&rsquo;issue d&rsquo;une course folle.<\/p>\n","protected":false},"author":4,"featured_media":37102,"comment_status":"open","ping_status":"closed","sticky":false,"template":"","format":"standard","meta":{"_acf_changed":false,"_daextam_enable_autolinks":"","footnotes":""},"categories":[2,2307],"tags":[4164],"class_list":["post-37071","post","type-post","status-publish","format-standard","has-post-thumbnail","hentry","category-actualites","category-cyclisme","tag-paris-roubaix"],"acf":[],"yoast_head":"<!-- This site is optimized with the Yoast SEO Premium plugin v26.7 (Yoast SEO v26.7) - https:\/\/yoast.com\/wordpress\/plugins\/seo\/ -->\n<title>Paris-Roubaix : Philippe Gilbert dompte l&#039;Enfer du Nord<\/title>\n<meta name=\"description\" content=\"A 36 ans, Philippe Gilbert (Deceuninck Quick-Step) s&#039;est adjug\u00e9 un nouveau Monument, en remportant le 117\u00e8me Paris-Roubaix, \u00e0 l&#039;issue d&#039;une course folle.\" \/>\n<meta name=\"robots\" content=\"index, follow, max-snippet:-1, max-image-preview:large, max-video-preview:-1\" \/>\n<link rel=\"canonical\" href=\"https:\/\/dicodusport.fr\/blog\/paris-roubaix-philippe-gilbert-dompte-l-enfer-du-nord\/\" \/>\n<meta property=\"og:locale\" content=\"fr_FR\" \/>\n<meta property=\"og:type\" content=\"article\" \/>\n<meta property=\"og:title\" content=\"Paris-Roubaix : Philippe Gilbert dompte l&#039;Enfer du Nord\" \/>\n<meta property=\"og:description\" content=\"A 36 ans, Philippe Gilbert (Deceuninck Quick-Step) s&#039;est adjug\u00e9 un nouveau Monument, en remportant le 117\u00e8me Paris-Roubaix, \u00e0 l&#039;issue d&#039;une course folle.\" \/>\n<meta property=\"og:url\" content=\"https:\/\/dicodusport.fr\/blog\/paris-roubaix-philippe-gilbert-dompte-l-enfer-du-nord\/\" \/>\n<meta property=\"og:site_name\" content=\"Dicodusport\" \/>\n<meta property=\"article:publisher\" content=\"https:\/\/www.facebook.com\/dicodusport\" \/>\n<meta property=\"article:author\" content=\"https:\/\/www.facebook.com\/florent.ostermann\" \/>\n<meta property=\"article:published_time\" content=\"2019-04-14T15:12:29+00:00\" \/>\n<meta property=\"article:modified_time\" content=\"2019-04-14T18:50:34+00:00\" \/>\n<meta property=\"og:image\" content=\"https:\/\/dicodusport.fr\/blog\/wp-content\/uploads\/2019\/04\/Philippe-Gilbert-Paris-Roubaix.png\" \/>\n\t<meta property=\"og:image:width\" content=\"800\" \/>\n\t<meta property=\"og:image:height\" content=\"445\" \/>\n\t<meta property=\"og:image:type\" content=\"image\/png\" \/>\n<meta name=\"author\" content=\"Flo Ostermann\" \/>\n<meta name=\"twitter:card\" content=\"summary_large_image\" \/>\n<meta name=\"twitter:creator\" content=\"@https:\/\/twitter.com\/FlOstermann\" \/>\n<meta name=\"twitter:site\" content=\"@dicodusport\" \/>\n<script type=\"application\/ld+json\" class=\"yoast-schema-graph\">{\"@context\":\"https:\/\/schema.org\",\"@graph\":[{\"@type\":\"NewsArticle\",\"@id\":\"https:\/\/dicodusport.fr\/blog\/paris-roubaix-philippe-gilbert-dompte-l-enfer-du-nord\/#article\",\"isPartOf\":{\"@id\":\"https:\/\/dicodusport.fr\/blog\/paris-roubaix-philippe-gilbert-dompte-l-enfer-du-nord\/\"},\"author\":{\"name\":\"Flo Ostermann\",\"@id\":\"https:\/\/dicodusport.fr\/blog\/#\/schema\/person\/cb02af4c173ce4a653b55e9baf388d4a\"},\"headline\":\"Paris-Roubaix : Philippe Gilbert dompte l&rsquo;Enfer du Nord\",\"datePublished\":\"2019-04-14T15:12:29+00:00\",\"dateModified\":\"2019-04-14T18:50:34+00:00\",\"mainEntityOfPage\":{\"@id\":\"https:\/\/dicodusport.fr\/blog\/paris-roubaix-philippe-gilbert-dompte-l-enfer-du-nord\/\"},\"wordCount\":755,\"commentCount\":1,\"publisher\":{\"@id\":\"https:\/\/dicodusport.fr\/blog\/#organization\"},\"image\":{\"@id\":\"https:\/\/dicodusport.fr\/blog\/paris-roubaix-philippe-gilbert-dompte-l-enfer-du-nord\/#primaryimage\"},\"thumbnailUrl\":\"https:\/\/dicodusport.fr\/blog\/wp-content\/uploads\/2019\/04\/Philippe-Gilbert-Paris-Roubaix.png\",\"keywords\":[\"Paris-Roubaix\"],\"articleSection\":[\"Actualit\u00e9s\",\"Cyclisme\"],\"inLanguage\":\"fr-FR\",\"potentialAction\":[{\"@type\":\"CommentAction\",\"name\":\"Comment\",\"target\":[\"https:\/\/dicodusport.fr\/blog\/paris-roubaix-philippe-gilbert-dompte-l-enfer-du-nord\/#respond\"]}],\"copyrightYear\":\"2019\",\"copyrightHolder\":{\"@id\":\"https:\/\/dicodusport.fr\/blog\/#organization\"}},{\"@type\":\"WebPage\",\"@id\":\"https:\/\/dicodusport.fr\/blog\/paris-roubaix-philippe-gilbert-dompte-l-enfer-du-nord\/\",\"url\":\"https:\/\/dicodusport.fr\/blog\/paris-roubaix-philippe-gilbert-dompte-l-enfer-du-nord\/\",\"name\":\"Paris-Roubaix : Philippe Gilbert dompte l'Enfer du Nord\",\"isPartOf\":{\"@id\":\"https:\/\/dicodusport.fr\/blog\/#website\"},\"primaryImageOfPage\":{\"@id\":\"https:\/\/dicodusport.fr\/blog\/paris-roubaix-philippe-gilbert-dompte-l-enfer-du-nord\/#primaryimage\"},\"image\":{\"@id\":\"https:\/\/dicodusport.fr\/blog\/paris-roubaix-philippe-gilbert-dompte-l-enfer-du-nord\/#primaryimage\"},\"thumbnailUrl\":\"https:\/\/dicodusport.fr\/blog\/wp-content\/uploads\/2019\/04\/Philippe-Gilbert-Paris-Roubaix.png\",\"datePublished\":\"2019-04-14T15:12:29+00:00\",\"dateModified\":\"2019-04-14T18:50:34+00:00\",\"description\":\"A 36 ans, Philippe Gilbert (Deceuninck Quick-Step) s'est adjug\u00e9 un nouveau Monument, en remportant le 117\u00e8me Paris-Roubaix, \u00e0 l'issue d'une course folle.\",\"breadcrumb\":{\"@id\":\"https:\/\/dicodusport.fr\/blog\/paris-roubaix-philippe-gilbert-dompte-l-enfer-du-nord\/#breadcrumb\"},\"inLanguage\":\"fr-FR\",\"potentialAction\":[{\"@type\":\"ReadAction\",\"target\":[\"https:\/\/dicodusport.fr\/blog\/paris-roubaix-philippe-gilbert-dompte-l-enfer-du-nord\/\"]}]},{\"@type\":\"ImageObject\",\"inLanguage\":\"fr-FR\",\"@id\":\"https:\/\/dicodusport.fr\/blog\/paris-roubaix-philippe-gilbert-dompte-l-enfer-du-nord\/#primaryimage\",\"url\":\"https:\/\/dicodusport.fr\/blog\/wp-content\/uploads\/2019\/04\/Philippe-Gilbert-Paris-Roubaix.png\",\"contentUrl\":\"https:\/\/dicodusport.fr\/blog\/wp-content\/uploads\/2019\/04\/Philippe-Gilbert-Paris-Roubaix.png\",\"width\":800,\"height\":445},{\"@type\":\"BreadcrumbList\",\"@id\":\"https:\/\/dicodusport.fr\/blog\/paris-roubaix-philippe-gilbert-dompte-l-enfer-du-nord\/#breadcrumb\",\"itemListElement\":[{\"@type\":\"ListItem\",\"position\":1,\"name\":\"Accueil\",\"item\":\"https:\/\/dicodusport.fr\/blog\/\"},{\"@type\":\"ListItem\",\"position\":2,\"name\":\"Paris-Roubaix : Philippe Gilbert dompte l&rsquo;Enfer du Nord\"}]},{\"@type\":\"WebSite\",\"@id\":\"https:\/\/dicodusport.fr\/blog\/#website\",\"url\":\"https:\/\/dicodusport.fr\/blog\/\",\"name\":\"Dicodusport\",\"description\":\"L&#039;encyclop\u00e9die de l&#039;actualit\u00e9 sportive\",\"publisher\":{\"@id\":\"https:\/\/dicodusport.fr\/blog\/#organization\"},\"potentialAction\":[{\"@type\":\"SearchAction\",\"target\":{\"@type\":\"EntryPoint\",\"urlTemplate\":\"https:\/\/dicodusport.fr\/blog\/?s={search_term_string}\"},\"query-input\":{\"@type\":\"PropertyValueSpecification\",\"valueRequired\":true,\"valueName\":\"search_term_string\"}}],\"inLanguage\":\"fr-FR\"},{\"@type\":\"NewsMediaOrganization\",\"@id\":\"https:\/\/dicodusport.fr\/blog\/#organization\",\"name\":\"Dicodusport\",\"url\":\"https:\/\/dicodusport.fr\/blog\/\",\"logo\":{\"@type\":\"ImageObject\",\"inLanguage\":\"fr-FR\",\"@id\":\"https:\/\/dicodusport.fr\/blog\/#\/schema\/logo\/image\/\",\"url\":\"https:\/\/dicodusport.fr\/blog\/wp-content\/uploads\/2020\/06\/cropped-LOGO-DICODUSPORT-2020-SANS-FOND-SANS-TEXTE.png\",\"contentUrl\":\"https:\/\/dicodusport.fr\/blog\/wp-content\/uploads\/2020\/06\/cropped-LOGO-DICODUSPORT-2020-SANS-FOND-SANS-TEXTE.png\",\"width\":512,\"height\":512,\"caption\":\"Dicodusport\"},\"image\":{\"@id\":\"https:\/\/dicodusport.fr\/blog\/#\/schema\/logo\/image\/\"},\"sameAs\":[\"https:\/\/www.facebook.com\/dicodusport\",\"https:\/\/x.com\/dicodusport\",\"https:\/\/www.instagram.com\/dicodusport\/\",\"https:\/\/www.youtube.com\/channel\/UC7V2KZ5sd3htJivAbA4ZG3w\"],\"description\":\"Dicodusport est l'encyclop\u00e9die de l'actualit\u00e9 sportive.\",\"email\":\"bonjour@dicodusport.fr\",\"legalName\":\"DICODUSPORT\",\"foundingDate\":\"2018-01-14\",\"vatID\":\"FR71834470973\",\"taxID\":\"83447097300043\",\"numberOfEmployees\":{\"@type\":\"QuantitativeValue\",\"minValue\":\"1\",\"maxValue\":\"10\"}},{\"@type\":\"Person\",\"@id\":\"https:\/\/dicodusport.fr\/blog\/#\/schema\/person\/cb02af4c173ce4a653b55e9baf388d4a\",\"name\":\"Flo Ostermann\",\"image\":{\"@type\":\"ImageObject\",\"inLanguage\":\"fr-FR\",\"@id\":\"https:\/\/dicodusport.fr\/blog\/#\/schema\/person\/image\/\",\"url\":\"https:\/\/dicodusport.fr\/blog\/wp-content\/uploads\/2021\/05\/Flo-Ostermann-150x150.jpg\",\"contentUrl\":\"https:\/\/dicodusport.fr\/blog\/wp-content\/uploads\/2021\/05\/Flo-Ostermann-150x150.jpg\",\"caption\":\"Flo Ostermann\"},\"description\":\"Journaliste\/R\u00e9dacteur depuis septembre 2015 - Mes premiers souvenirs dans le sport ? Les envol\u00e9es du Stade Toulousain et les duels Villeneuve-Schumacher et H\u00e4kkinen-Schumacher \u00e0 la fin des ann\u00e9es 90, la Coupe du monde de football en 1998, l\u2019exploit du XV de France face aux All Blacks en 1999, mais aussi Richard C\u0153ur de Lion qui vole sur les montagnes du Tour de France. Bien parti pour devenir professeur d\u2019EPS, les \u00e9v\u00e9nements de la vie (et la flemme d\u2019animer des s\u00e9ances de 3x500 m\u00e8tres toute ma vie) m\u2019ont conduit \u00e0 revoir mes plans. Me voil\u00e0 depuis fin 2017 sur Dicodusport, m\u00e9dia gr\u00e2ce (et pour) lequel je partage ma passion : le sport dans tous ses \u00e9tats. Le tout accompagn\u00e9 par les fous furieux et folles furieuses cit\u00e9s sur cette page !\",\"sameAs\":[\"https:\/\/www.facebook.com\/florent.ostermann\",\"https:\/\/x.com\/https:\/\/twitter.com\/FlOstermann\",\"admin\"],\"url\":\"https:\/\/dicodusport.fr\/blog\/author\/flo\/\"}]}<\/script>\n<!-- \/ Yoast SEO Premium plugin. -->","yoast_head_json":{"title":"Paris-Roubaix : Philippe Gilbert dompte l'Enfer du Nord","description":"A 36 ans, Philippe Gilbert (Deceuninck Quick-Step) s'est adjug\u00e9 un nouveau Monument, en remportant le 117\u00e8me Paris-Roubaix, \u00e0 l'issue d'une course folle.","robots":{"index":"index","follow":"follow","max-snippet":"max-snippet:-1","max-image-preview":"max-image-preview:large","max-video-preview":"max-video-preview:-1"},"canonical":"https:\/\/dicodusport.fr\/blog\/paris-roubaix-philippe-gilbert-dompte-l-enfer-du-nord\/","og_locale":"fr_FR","og_type":"article","og_title":"Paris-Roubaix : Philippe Gilbert dompte l'Enfer du Nord","og_description":"A 36 ans, Philippe Gilbert (Deceuninck Quick-Step) s'est adjug\u00e9 un nouveau Monument, en remportant le 117\u00e8me Paris-Roubaix, \u00e0 l'issue d'une course folle.","og_url":"https:\/\/dicodusport.fr\/blog\/paris-roubaix-philippe-gilbert-dompte-l-enfer-du-nord\/","og_site_name":"Dicodusport","article_publisher":"https:\/\/www.facebook.com\/dicodusport","article_author":"https:\/\/www.facebook.com\/florent.ostermann","article_published_time":"2019-04-14T15:12:29+00:00","article_modified_time":"2019-04-14T18:50:34+00:00","og_image":[{"width":800,"height":445,"url":"https:\/\/dicodusport.fr\/blog\/wp-content\/uploads\/2019\/04\/Philippe-Gilbert-Paris-Roubaix.png","type":"image\/png"}],"author":"Flo Ostermann","twitter_card":"summary_large_image","twitter_creator":"@https:\/\/twitter.com\/FlOstermann","twitter_site":"@dicodusport","schema":{"@context":"https:\/\/schema.org","@graph":[{"@type":"NewsArticle","@id":"https:\/\/dicodusport.fr\/blog\/paris-roubaix-philippe-gilbert-dompte-l-enfer-du-nord\/#article","isPartOf":{"@id":"https:\/\/dicodusport.fr\/blog\/paris-roubaix-philippe-gilbert-dompte-l-enfer-du-nord\/"},"author":{"name":"Flo Ostermann","@id":"https:\/\/dicodusport.fr\/blog\/#\/schema\/person\/cb02af4c173ce4a653b55e9baf388d4a"},"headline":"Paris-Roubaix : Philippe Gilbert dompte l&rsquo;Enfer du Nord","datePublished":"2019-04-14T15:12:29+00:00","dateModified":"2019-04-14T18:50:34+00:00","mainEntityOfPage":{"@id":"https:\/\/dicodusport.fr\/blog\/paris-roubaix-philippe-gilbert-dompte-l-enfer-du-nord\/"},"wordCount":755,"commentCount":1,"publisher":{"@id":"https:\/\/dicodusport.fr\/blog\/#organization"},"image":{"@id":"https:\/\/dicodusport.fr\/blog\/paris-roubaix-philippe-gilbert-dompte-l-enfer-du-nord\/#primaryimage"},"thumbnailUrl":"https:\/\/dicodusport.fr\/blog\/wp-content\/uploads\/2019\/04\/Philippe-Gilbert-Paris-Roubaix.png","keywords":["Paris-Roubaix"],"articleSection":["Actualit\u00e9s","Cyclisme"],"inLanguage":"fr-FR","potentialAction":[{"@type":"CommentAction","name":"Comment","target":["https:\/\/dicodusport.fr\/blog\/paris-roubaix-philippe-gilbert-dompte-l-enfer-du-nord\/#respond"]}],"copyrightYear":"2019","copyrightHolder":{"@id":"https:\/\/dicodusport.fr\/blog\/#organization"}},{"@type":"WebPage","@id":"https:\/\/dicodusport.fr\/blog\/paris-roubaix-philippe-gilbert-dompte-l-enfer-du-nord\/","url":"https:\/\/dicodusport.fr\/blog\/paris-roubaix-philippe-gilbert-dompte-l-enfer-du-nord\/","name":"Paris-Roubaix : Philippe Gilbert dompte l'Enfer du Nord","isPartOf":{"@id":"https:\/\/dicodusport.fr\/blog\/#website"},"primaryImageOfPage":{"@id":"https:\/\/dicodusport.fr\/blog\/paris-roubaix-philippe-gilbert-dompte-l-enfer-du-nord\/#primaryimage"},"image":{"@id":"https:\/\/dicodusport.fr\/blog\/paris-roubaix-philippe-gilbert-dompte-l-enfer-du-nord\/#primaryimage"},"thumbnailUrl":"https:\/\/dicodusport.fr\/blog\/wp-content\/uploads\/2019\/04\/Philippe-Gilbert-Paris-Roubaix.png","datePublished":"2019-04-14T15:12:29+00:00","dateModified":"2019-04-14T18:50:34+00:00","description":"A 36 ans, Philippe Gilbert (Deceuninck Quick-Step) s'est adjug\u00e9 un nouveau Monument, en remportant le 117\u00e8me Paris-Roubaix, \u00e0 l'issue d'une course folle.","breadcrumb":{"@id":"https:\/\/dicodusport.fr\/blog\/paris-roubaix-philippe-gilbert-dompte-l-enfer-du-nord\/#breadcrumb"},"inLanguage":"fr-FR","potentialAction":[{"@type":"ReadAction","target":["https:\/\/dicodusport.fr\/blog\/paris-roubaix-philippe-gilbert-dompte-l-enfer-du-nord\/"]}]},{"@type":"ImageObject","inLanguage":"fr-FR","@id":"https:\/\/dicodusport.fr\/blog\/paris-roubaix-philippe-gilbert-dompte-l-enfer-du-nord\/#primaryimage","url":"https:\/\/dicodusport.fr\/blog\/wp-content\/uploads\/2019\/04\/Philippe-Gilbert-Paris-Roubaix.png","contentUrl":"https:\/\/dicodusport.fr\/blog\/wp-content\/uploads\/2019\/04\/Philippe-Gilbert-Paris-Roubaix.png","width":800,"height":445},{"@type":"BreadcrumbList","@id":"https:\/\/dicodusport.fr\/blog\/paris-roubaix-philippe-gilbert-dompte-l-enfer-du-nord\/#breadcrumb","itemListElement":[{"@type":"ListItem","position":1,"name":"Accueil","item":"https:\/\/dicodusport.fr\/blog\/"},{"@type":"ListItem","position":2,"name":"Paris-Roubaix : Philippe Gilbert dompte l&rsquo;Enfer du Nord"}]},{"@type":"WebSite","@id":"https:\/\/dicodusport.fr\/blog\/#website","url":"https:\/\/dicodusport.fr\/blog\/","name":"Dicodusport","description":"L&#039;encyclop\u00e9die de l&#039;actualit\u00e9 sportive","publisher":{"@id":"https:\/\/dicodusport.fr\/blog\/#organization"},"potentialAction":[{"@type":"SearchAction","target":{"@type":"EntryPoint","urlTemplate":"https:\/\/dicodusport.fr\/blog\/?s={search_term_string}"},"query-input":{"@type":"PropertyValueSpecification","valueRequired":true,"valueName":"search_term_string"}}],"inLanguage":"fr-FR"},{"@type":"NewsMediaOrganization","@id":"https:\/\/dicodusport.fr\/blog\/#organization","name":"Dicodusport","url":"https:\/\/dicodusport.fr\/blog\/","logo":{"@type":"ImageObject","inLanguage":"fr-FR","@id":"https:\/\/dicodusport.fr\/blog\/#\/schema\/logo\/image\/","url":"https:\/\/dicodusport.fr\/blog\/wp-content\/uploads\/2020\/06\/cropped-LOGO-DICODUSPORT-2020-SANS-FOND-SANS-TEXTE.png","contentUrl":"https:\/\/dicodusport.fr\/blog\/wp-content\/uploads\/2020\/06\/cropped-LOGO-DICODUSPORT-2020-SANS-FOND-SANS-TEXTE.png","width":512,"height":512,"caption":"Dicodusport"},"image":{"@id":"https:\/\/dicodusport.fr\/blog\/#\/schema\/logo\/image\/"},"sameAs":["https:\/\/www.facebook.com\/dicodusport","https:\/\/x.com\/dicodusport","https:\/\/www.instagram.com\/dicodusport\/","https:\/\/www.youtube.com\/channel\/UC7V2KZ5sd3htJivAbA4ZG3w"],"description":"Dicodusport est l'encyclop\u00e9die de l'actualit\u00e9 sportive.","email":"bonjour@dicodusport.fr","legalName":"DICODUSPORT","foundingDate":"2018-01-14","vatID":"FR71834470973","taxID":"83447097300043","numberOfEmployees":{"@type":"QuantitativeValue","minValue":"1","maxValue":"10"}},{"@type":"Person","@id":"https:\/\/dicodusport.fr\/blog\/#\/schema\/person\/cb02af4c173ce4a653b55e9baf388d4a","name":"Flo Ostermann","image":{"@type":"ImageObject","inLanguage":"fr-FR","@id":"https:\/\/dicodusport.fr\/blog\/#\/schema\/person\/image\/","url":"https:\/\/dicodusport.fr\/blog\/wp-content\/uploads\/2021\/05\/Flo-Ostermann-150x150.jpg","contentUrl":"https:\/\/dicodusport.fr\/blog\/wp-content\/uploads\/2021\/05\/Flo-Ostermann-150x150.jpg","caption":"Flo Ostermann"},"description":"Journaliste\/R\u00e9dacteur depuis septembre 2015 - Mes premiers souvenirs dans le sport ? Les envol\u00e9es du Stade Toulousain et les duels Villeneuve-Schumacher et H\u00e4kkinen-Schumacher \u00e0 la fin des ann\u00e9es 90, la Coupe du monde de football en 1998, l\u2019exploit du XV de France face aux All Blacks en 1999, mais aussi Richard C\u0153ur de Lion qui vole sur les montagnes du Tour de France. Bien parti pour devenir professeur d\u2019EPS, les \u00e9v\u00e9nements de la vie (et la flemme d\u2019animer des s\u00e9ances de 3x500 m\u00e8tres toute ma vie) m\u2019ont conduit \u00e0 revoir mes plans. Me voil\u00e0 depuis fin 2017 sur Dicodusport, m\u00e9dia gr\u00e2ce (et pour) lequel je partage ma passion : le sport dans tous ses \u00e9tats. Le tout accompagn\u00e9 par les fous furieux et folles furieuses cit\u00e9s sur cette page !","sameAs":["https:\/\/www.facebook.com\/florent.ostermann","https:\/\/x.com\/https:\/\/twitter.com\/FlOstermann","admin"],"url":"https:\/\/dicodusport.fr\/blog\/author\/flo\/"}]}},"_links":{"self":[{"href":"https:\/\/dicodusport.fr\/blog\/wp-json\/wp\/v2\/posts\/37071","targetHints":{"allow":["GET"]}}],"collection":[{"href":"https:\/\/dicodusport.fr\/blog\/wp-json\/wp\/v2\/posts"}],"about":[{"href":"https:\/\/dicodusport.fr\/blog\/wp-json\/wp\/v2\/types\/post"}],"author":[{"embeddable":true,"href":"https:\/\/dicodusport.fr\/blog\/wp-json\/wp\/v2\/users\/4"}],"replies":[{"embeddable":true,"href":"https:\/\/dicodusport.fr\/blog\/wp-json\/wp\/v2\/comments?post=37071"}],"version-history":[{"count":0,"href":"https:\/\/dicodusport.fr\/blog\/wp-json\/wp\/v2\/posts\/37071\/revisions"}],"wp:featuredmedia":[{"embeddable":true,"href":"https:\/\/dicodusport.fr\/blog\/wp-json\/wp\/v2\/media\/37102"}],"wp:attachment":[{"href":"https:\/\/dicodusport.fr\/blog\/wp-json\/wp\/v2\/media?parent=37071"}],"wp:term":[{"taxonomy":"category","embeddable":true,"href":"https:\/\/dicodusport.fr\/blog\/wp-json\/wp\/v2\/categories?post=37071"},{"taxonomy":"post_tag","embeddable":true,"href":"https:\/\/dicodusport.fr\/blog\/wp-json\/wp\/v2\/tags?post=37071"}],"curies":[{"name":"wp","href":"https:\/\/api.w.org\/{rel}","templated":true}]}}