{"id":370735,"date":"2023-03-31T21:04:16","date_gmt":"2023-03-31T19:04:16","guid":{"rendered":"https:\/\/dicodusport.fr\/blog\/?p=370735&#038;preview=true&#038;preview_id=370735"},"modified":"2023-03-31T22:03:32","modified_gmt":"2023-03-31T20:03:32","slug":"tour-des-flandres-2023-notre-pronostic","status":"publish","type":"post","link":"https:\/\/dicodusport.fr\/blog\/tour-des-flandres-2023-notre-pronostic\/","title":{"rendered":"Tour des Flandres 2023 : Notre pronostic"},"content":{"rendered":"<p style=\"text-align: justify;\"><em><strong style=\"font-weight: bold;\">TOUR DES FLANDRES 2023<\/strong><b> &#8211; Le Tour des Flandres se tient comme chaque ann\u00e9e le premier week-end d&rsquo;avril avec un tr\u00e8s beau plateau pour cette \u00e9dition 2023. D\u00e9couvrez nos deux favoris pour le Tour des Flandres 2023.<\/b><\/em><\/p>\n<h2 style=\"text-align: justify;\">Notre favori : Mathieu van der Poel<\/h2>\n<p style=\"text-align: justify;\">Sur le papier, le N\u00e9erlandais est le mieux plac\u00e9 pour aller chercher la victoire. <strong>Mathieu<\/strong> <strong>van der<\/strong> <strong>Poel<\/strong> est un peu sup\u00e9rieur \u00e0 <strong>Wout<\/strong> <strong>Van<\/strong> <strong>Aert<\/strong> dans les monts et un peu plus rapide que <strong>Tadej<\/strong> <strong>Pogacar<\/strong> au sprint. Il sera harcel\u00e9 par le Slov\u00e8ne dans les mont\u00e9es et devra faire attention aux diff\u00e9rentes options de la Jumbo-Visma. S&rsquo;il ne joue pas de malchance, il sera dans le coup pour la gagne, comme lors des trois derni\u00e8res \u00e9ditions.<\/p>\n<table style=\"width: 100%;\">\n<tbody>\n<tr style=\"height: 16px;\">\n<td style=\"border-color: #ffffff; background-color: #404040; text-align: left; vertical-align: middle; width: 600px;\"><span style=\"font-size: 12px; color: #ffffff;\">Cyclisme &#8211; Dimanche 2 avril &#8211; 11h00 &#8211; Tour des Flandres 2023<\/span><\/td>\n<td style=\"border-color: #ffffff; background-color: #525252; text-align: center; vertical-align: middle; width: 200px;\"><span style=\"font-size: 12px; color: #ffffff;\">1<\/span><\/td>\n<\/tr>\n<tr style=\"height: 24px;\">\n<td style=\"border-color: #ffffff; background-color: #ffffff; text-align: justify; vertical-align: middle; width: 600px;\"><span style=\"font-size: 14px; color: #000000;\"><strong>Mathieu van der Poel<\/strong><\/span><\/td>\n<td style=\"border-color: #ffffff; background-color: #ffffff; text-align: center; vertical-align: middle; width: 200px;\"><span style=\"font-size: 10px;\"><a href=\"https:\/\/www.winamax.fr\/paris-sportifs\/match\/1000025787?banid=33431\" class=\"su-button su-button-style-flat\" style=\"color:black;background-color:#FAE100;border-color:#c8b400;border-radius:5px\" target=\"_blank\" rel=\"noopener noreferrer\"><span style=\"color:black;padding:0px 16px;font-size:13px;line-height:26px;border-color:#fcea4d;border-radius:5px;text-shadow:none\"> 3.50<\/span><\/a><\/span><\/td>\n<\/tr>\n<\/tbody>\n<\/table>\n<hr \/>\n<h2 style=\"text-align: justify;\">Notre coup \u00e0 tenter : Christophe Laporte<\/h2>\n<p style=\"text-align: justify;\">Le Fran\u00e7ais est moins fort que les trois extraterrestres, mais il semble bien \u00eatre le meilleur des humains. D\u00e9j\u00e0 deux victoires cette saison pour <strong>Christophe<\/strong> <strong>Laporte<\/strong> qui est au sommet de son art. Pour gagner, il devra compter sur un marquage des favoris, mais s&rsquo;il y en a bien un qui peut faire d\u00e9jouer les pronostics, c&rsquo;est lui !<\/p>\n<table style=\"width: 100%;\">\n<tbody>\n<tr style=\"height: 16px;\">\n<td style=\"border-color: #ffffff; background-color: #404040; text-align: left; vertical-align: middle; width: 600px;\"><span style=\"font-size: 12px; color: #ffffff;\">Cyclisme &#8211; Dimanche 2 avril &#8211; 11h00<\/span><\/td>\n<td style=\"border-color: #ffffff; background-color: #525252; text-align: center; vertical-align: middle; width: 200px;\"><\/td>\n<\/tr>\n<tr style=\"height: 24px;\">\n<td style=\"border-color: #ffffff; background-color: #ffffff; text-align: justify; vertical-align: middle; width: 600px;\"><span style=\"font-size: 14px; color: #000000;\"><span style=\"color: #000000;\"><span style=\"font-size: 14px;\"><b>Christophe Laporte<\/b><\/span><\/span><\/span><\/td>\n<td style=\"border-color: #ffffff; background-color: #ffffff; text-align: center; vertical-align: middle; width: 200px;\"><span style=\"font-size: 10px;\"><a href=\"https:\/\/www.winamax.fr\/paris-sportifs\/match\/1000025787?banid=33431\" class=\"su-button su-button-style-flat\" style=\"color:black;background-color:#FAE100;border-color:#c8b400;border-radius:5px\" target=\"_blank\" rel=\"noopener noreferrer\"><span style=\"color:black;padding:0px 16px;font-size:13px;line-height:26px;border-color:#fcea4d;border-radius:5px;text-shadow:none\"> 18<\/span><\/a><\/span><\/td>\n<\/tr>\n<\/tbody>\n<\/table>\n<h2 style=\"text-align: justify;\">\u00c0 lire aussi<\/h2>\n<ul>\n<li style=\"text-align: justify;\"><strong><a class=\"row-title\" href=\"https:\/\/dicodusport.fr\/blog\/tour-des-flandres-2023-parcours-et-profil\/\" aria-label=\"\u00ab\u00a0Grand Prix E3 2023 : Parcours, profil et favoris\u00a0\u00bb (Modifier)\">Tour des Flandres 2023 : Parcours et profil<\/a><\/strong><\/li>\n<li style=\"text-align: justify;\"><a href=\"https:\/\/dicodusport.fr\/blog\/tour-des-flandres-2023-les-engages\/\"><strong>Les engag\u00e9s du Tour des Flandres 2023<\/strong><\/a><\/li>\n<li><strong><a class=\"row-title\" href=\"https:\/\/dicodusport.fr\/blog\/tour-des-flandres-2023-a-quelle-heure-et-sur-quelle-chaine-tv\/\" aria-label=\"\u00ab\u00a0Grand Prix E3 2023 : \u00c0 quelle heure et sur quelle cha\u00eene TV\u00a0\u00bb (Modifier)\">Tour des Flandres 2023 : \u00c0 quelle heure et sur quelle cha\u00eene TV<\/a><\/strong><\/li>\n<li><strong><a class=\"row-title\" title=\"Tour des Flandres 2023 : Favoris et outsiders\" href=\"https:\/\/dicodusport.fr\/blog\/tour-des-flandres-2023-favoris-et-outsiders\/\" rel=\"\" aria-label=\"\u00ab\u00a0Grand Prix E3 2023 : \u00c0 quelle heure et sur quelle cha\u00eene TV\u00a0\u00bb (Modifier)\">Tour des Flandres 2023 : Favoris et outsiders<\/a><\/strong><\/li>\n<\/ul>\n","protected":false},"excerpt":{"rendered":"<p>TOUR DES FLANDRES 2023 &#8211; Le Tour des Flandres se tient comme chaque ann\u00e9e le premier week-end d&rsquo;avril avec un tr\u00e8s beau plateau pour cette \u00e9dition 2023. D\u00e9couvrez nos deux favoris pour le Tour des Flandres 2023.<\/p>\n","protected":false},"author":1,"featured_media":370739,"comment_status":"open","ping_status":"closed","sticky":false,"template":"","format":"standard","meta":{"_acf_changed":false,"_daextam_enable_autolinks":"","footnotes":""},"categories":[46994],"tags":[16878,5172,574,6597,4325],"class_list":["post-370735","post","type-post","status-publish","format-standard","has-post-thumbnail","hentry","category-cyclisme-sur-route","tag-breve","tag-christophe-laporte","tag-cyclisme","tag-mathieu-van-der-poel","tag-tour-des-flandres"],"acf":[],"yoast_head":"<!-- This site is optimized with the Yoast SEO Premium plugin v26.7 (Yoast SEO v26.7) - https:\/\/yoast.com\/wordpress\/plugins\/seo\/ -->\n<title>Tour des Flandres 2023 : Notre pronostic<\/title>\n<meta name=\"description\" content=\"TOUR DES FLANDRES 2023 - Le Tour des Flandres se tient comme chaque ann\u00e9e le premier week-end d&#039;avril. Nos deux favoris pour le Ronde.\" \/>\n<meta name=\"robots\" content=\"index, follow, max-snippet:-1, max-image-preview:large, max-video-preview:-1\" \/>\n<link rel=\"canonical\" href=\"https:\/\/dicodusport.fr\/blog\/tour-des-flandres-2023-notre-pronostic\/\" \/>\n<meta property=\"og:locale\" content=\"fr_FR\" \/>\n<meta property=\"og:type\" content=\"article\" \/>\n<meta property=\"og:title\" content=\"Tour des Flandres 2023 : Notre pronostic\" \/>\n<meta property=\"og:description\" content=\"TOUR DES FLANDRES 2023 - Le Tour des Flandres se tient comme chaque ann\u00e9e le premier week-end d&#039;avril. Nos deux favoris pour le Ronde.\" \/>\n<meta property=\"og:url\" content=\"https:\/\/dicodusport.fr\/blog\/tour-des-flandres-2023-notre-pronostic\/\" \/>\n<meta property=\"og:site_name\" content=\"Dicodusport\" \/>\n<meta property=\"article:publisher\" content=\"https:\/\/www.facebook.com\/dicodusport\" \/>\n<meta property=\"article:author\" content=\"https:\/\/www.facebook.com\/dicodusport\" \/>\n<meta property=\"article:published_time\" content=\"2023-03-31T19:04:16+00:00\" \/>\n<meta property=\"article:modified_time\" content=\"2023-03-31T20:03:32+00:00\" \/>\n<meta property=\"og:image\" content=\"https:\/\/dicodusport.fr\/blog\/wp-content\/uploads\/2023\/03\/Tour-des-Flandres-2023-Notre-pronostic.png\" \/>\n\t<meta property=\"og:image:width\" content=\"800\" \/>\n\t<meta property=\"og:image:height\" content=\"445\" \/>\n\t<meta property=\"og:image:type\" content=\"image\/png\" \/>\n<meta name=\"author\" content=\"Nicolas Jacquemard\" \/>\n<meta name=\"twitter:card\" content=\"summary_large_image\" \/>\n<meta name=\"twitter:title\" content=\"Tour des Flandres 2023 : Notre pronostic\" \/>\n<meta name=\"twitter:creator\" content=\"@https:\/\/twitter.com\/Nico_Jacquemard\" \/>\n<meta name=\"twitter:site\" content=\"@dicodusport\" \/>\n<script type=\"application\/ld+json\" class=\"yoast-schema-graph\">{\"@context\":\"https:\/\/schema.org\",\"@graph\":[{\"@type\":\"NewsArticle\",\"@id\":\"https:\/\/dicodusport.fr\/blog\/tour-des-flandres-2023-notre-pronostic\/#article\",\"isPartOf\":{\"@id\":\"https:\/\/dicodusport.fr\/blog\/tour-des-flandres-2023-notre-pronostic\/\"},\"author\":{\"name\":\"Nicolas Jacquemard\",\"@id\":\"https:\/\/dicodusport.fr\/blog\/#\/schema\/person\/55dcb50ad410894e431ed812bbb70191\"},\"headline\":\"Tour des Flandres 2023 : Notre pronostic\",\"datePublished\":\"2023-03-31T19:04:16+00:00\",\"dateModified\":\"2023-03-31T20:03:32+00:00\",\"mainEntityOfPage\":{\"@id\":\"https:\/\/dicodusport.fr\/blog\/tour-des-flandres-2023-notre-pronostic\/\"},\"wordCount\":299,\"commentCount\":0,\"publisher\":{\"@id\":\"https:\/\/dicodusport.fr\/blog\/#organization\"},\"image\":{\"@id\":\"https:\/\/dicodusport.fr\/blog\/tour-des-flandres-2023-notre-pronostic\/#primaryimage\"},\"thumbnailUrl\":\"https:\/\/dicodusport.fr\/blog\/wp-content\/uploads\/2023\/03\/Tour-des-Flandres-2023-Notre-pronostic.png\",\"keywords\":[\"br\u00e8ve\",\"Christophe Laporte\",\"Cyclisme\",\"Mathieu van der Poel\",\"Tour des Flandres\"],\"articleSection\":[\"Cyclisme sur route\"],\"inLanguage\":\"fr-FR\",\"potentialAction\":[{\"@type\":\"CommentAction\",\"name\":\"Comment\",\"target\":[\"https:\/\/dicodusport.fr\/blog\/tour-des-flandres-2023-notre-pronostic\/#respond\"]}],\"copyrightYear\":\"2023\",\"copyrightHolder\":{\"@id\":\"https:\/\/dicodusport.fr\/blog\/#organization\"}},{\"@type\":\"WebPage\",\"@id\":\"https:\/\/dicodusport.fr\/blog\/tour-des-flandres-2023-notre-pronostic\/\",\"url\":\"https:\/\/dicodusport.fr\/blog\/tour-des-flandres-2023-notre-pronostic\/\",\"name\":\"Tour des Flandres 2023 : Notre pronostic\",\"isPartOf\":{\"@id\":\"https:\/\/dicodusport.fr\/blog\/#website\"},\"primaryImageOfPage\":{\"@id\":\"https:\/\/dicodusport.fr\/blog\/tour-des-flandres-2023-notre-pronostic\/#primaryimage\"},\"image\":{\"@id\":\"https:\/\/dicodusport.fr\/blog\/tour-des-flandres-2023-notre-pronostic\/#primaryimage\"},\"thumbnailUrl\":\"https:\/\/dicodusport.fr\/blog\/wp-content\/uploads\/2023\/03\/Tour-des-Flandres-2023-Notre-pronostic.png\",\"datePublished\":\"2023-03-31T19:04:16+00:00\",\"dateModified\":\"2023-03-31T20:03:32+00:00\",\"description\":\"TOUR DES FLANDRES 2023 - Le Tour des Flandres se tient comme chaque ann\u00e9e le premier week-end d'avril. Nos deux favoris pour le Ronde.\",\"breadcrumb\":{\"@id\":\"https:\/\/dicodusport.fr\/blog\/tour-des-flandres-2023-notre-pronostic\/#breadcrumb\"},\"inLanguage\":\"fr-FR\",\"potentialAction\":[{\"@type\":\"ReadAction\",\"target\":[\"https:\/\/dicodusport.fr\/blog\/tour-des-flandres-2023-notre-pronostic\/\"]}]},{\"@type\":\"ImageObject\",\"inLanguage\":\"fr-FR\",\"@id\":\"https:\/\/dicodusport.fr\/blog\/tour-des-flandres-2023-notre-pronostic\/#primaryimage\",\"url\":\"https:\/\/dicodusport.fr\/blog\/wp-content\/uploads\/2023\/03\/Tour-des-Flandres-2023-Notre-pronostic.png\",\"contentUrl\":\"https:\/\/dicodusport.fr\/blog\/wp-content\/uploads\/2023\/03\/Tour-des-Flandres-2023-Notre-pronostic.png\",\"width\":800,\"height\":445,\"caption\":\"Christophe Laporte\"},{\"@type\":\"BreadcrumbList\",\"@id\":\"https:\/\/dicodusport.fr\/blog\/tour-des-flandres-2023-notre-pronostic\/#breadcrumb\",\"itemListElement\":[{\"@type\":\"ListItem\",\"position\":1,\"name\":\"Accueil\",\"item\":\"https:\/\/dicodusport.fr\/blog\/\"},{\"@type\":\"ListItem\",\"position\":2,\"name\":\"Tour des Flandres 2023 : Notre pronostic\"}]},{\"@type\":\"WebSite\",\"@id\":\"https:\/\/dicodusport.fr\/blog\/#website\",\"url\":\"https:\/\/dicodusport.fr\/blog\/\",\"name\":\"Dicodusport\",\"description\":\"L&#039;encyclop\u00e9die de l&#039;actualit\u00e9 sportive\",\"publisher\":{\"@id\":\"https:\/\/dicodusport.fr\/blog\/#organization\"},\"potentialAction\":[{\"@type\":\"SearchAction\",\"target\":{\"@type\":\"EntryPoint\",\"urlTemplate\":\"https:\/\/dicodusport.fr\/blog\/?s={search_term_string}\"},\"query-input\":{\"@type\":\"PropertyValueSpecification\",\"valueRequired\":true,\"valueName\":\"search_term_string\"}}],\"inLanguage\":\"fr-FR\"},{\"@type\":\"NewsMediaOrganization\",\"@id\":\"https:\/\/dicodusport.fr\/blog\/#organization\",\"name\":\"Dicodusport\",\"url\":\"https:\/\/dicodusport.fr\/blog\/\",\"logo\":{\"@type\":\"ImageObject\",\"inLanguage\":\"fr-FR\",\"@id\":\"https:\/\/dicodusport.fr\/blog\/#\/schema\/logo\/image\/\",\"url\":\"https:\/\/dicodusport.fr\/blog\/wp-content\/uploads\/2020\/06\/cropped-LOGO-DICODUSPORT-2020-SANS-FOND-SANS-TEXTE.png\",\"contentUrl\":\"https:\/\/dicodusport.fr\/blog\/wp-content\/uploads\/2020\/06\/cropped-LOGO-DICODUSPORT-2020-SANS-FOND-SANS-TEXTE.png\",\"width\":512,\"height\":512,\"caption\":\"Dicodusport\"},\"image\":{\"@id\":\"https:\/\/dicodusport.fr\/blog\/#\/schema\/logo\/image\/\"},\"sameAs\":[\"https:\/\/www.facebook.com\/dicodusport\",\"https:\/\/x.com\/dicodusport\",\"https:\/\/www.instagram.com\/dicodusport\/\",\"https:\/\/www.youtube.com\/channel\/UC7V2KZ5sd3htJivAbA4ZG3w\"],\"description\":\"Dicodusport est l'encyclop\u00e9die de l'actualit\u00e9 sportive.\",\"email\":\"bonjour@dicodusport.fr\",\"legalName\":\"DICODUSPORT\",\"foundingDate\":\"2018-01-14\",\"vatID\":\"FR71834470973\",\"taxID\":\"83447097300043\",\"numberOfEmployees\":{\"@type\":\"QuantitativeValue\",\"minValue\":\"1\",\"maxValue\":\"10\"}},{\"@type\":\"Person\",\"@id\":\"https:\/\/dicodusport.fr\/blog\/#\/schema\/person\/55dcb50ad410894e431ed812bbb70191\",\"name\":\"Nicolas Jacquemard\",\"image\":{\"@type\":\"ImageObject\",\"inLanguage\":\"fr-FR\",\"@id\":\"https:\/\/dicodusport.fr\/blog\/#\/schema\/person\/image\/\",\"url\":\"https:\/\/dicodusport.fr\/blog\/wp-content\/uploads\/2021\/05\/Nicolas-Jacquemard-150x150.jpeg\",\"contentUrl\":\"https:\/\/dicodusport.fr\/blog\/wp-content\/uploads\/2021\/05\/Nicolas-Jacquemard-150x150.jpeg\",\"caption\":\"Nicolas Jacquemard\"},\"description\":\"Passionn\u00e9 de sport et entrepreneur depuis mes 18 ans, la cr\u00e9ation de Dicodusport m'a sembl\u00e9 \u00e9vidente pour participer \u00e0 la m\u00e9diatisation d'un plus grand nombre de sports. Le chemin est long mais avec une \u00e9quipe des plus motiv\u00e9es et les Jeux Olympiques de Paris 2024 en point de mire, nous y arriverons ! Journaliste dans le monde du sport depuis plus de 5 ans, je traite aussi bien de football, de rugby, de biathlon que de cyclisme.\",\"sameAs\":[\"https:\/\/www.facebook.com\/dicodusport\",\"https:\/\/x.com\/https:\/\/twitter.com\/Nico_Jacquemard\"],\"url\":\"https:\/\/dicodusport.fr\/blog\/author\/dicodusport\/\"}]}<\/script>\n<!-- \/ Yoast SEO Premium plugin. -->","yoast_head_json":{"title":"Tour des Flandres 2023 : Notre pronostic","description":"TOUR DES FLANDRES 2023 - Le Tour des Flandres se tient comme chaque ann\u00e9e le premier week-end d'avril. Nos deux favoris pour le Ronde.","robots":{"index":"index","follow":"follow","max-snippet":"max-snippet:-1","max-image-preview":"max-image-preview:large","max-video-preview":"max-video-preview:-1"},"canonical":"https:\/\/dicodusport.fr\/blog\/tour-des-flandres-2023-notre-pronostic\/","og_locale":"fr_FR","og_type":"article","og_title":"Tour des Flandres 2023 : Notre pronostic","og_description":"TOUR DES FLANDRES 2023 - Le Tour des Flandres se tient comme chaque ann\u00e9e le premier week-end d'avril. Nos deux favoris pour le Ronde.","og_url":"https:\/\/dicodusport.fr\/blog\/tour-des-flandres-2023-notre-pronostic\/","og_site_name":"Dicodusport","article_publisher":"https:\/\/www.facebook.com\/dicodusport","article_author":"https:\/\/www.facebook.com\/dicodusport","article_published_time":"2023-03-31T19:04:16+00:00","article_modified_time":"2023-03-31T20:03:32+00:00","og_image":[{"width":800,"height":445,"url":"https:\/\/dicodusport.fr\/blog\/wp-content\/uploads\/2023\/03\/Tour-des-Flandres-2023-Notre-pronostic.png","type":"image\/png"}],"author":"Nicolas Jacquemard","twitter_card":"summary_large_image","twitter_title":"Tour des Flandres 2023 : Notre pronostic","twitter_creator":"@https:\/\/twitter.com\/Nico_Jacquemard","twitter_site":"@dicodusport","schema":{"@context":"https:\/\/schema.org","@graph":[{"@type":"NewsArticle","@id":"https:\/\/dicodusport.fr\/blog\/tour-des-flandres-2023-notre-pronostic\/#article","isPartOf":{"@id":"https:\/\/dicodusport.fr\/blog\/tour-des-flandres-2023-notre-pronostic\/"},"author":{"name":"Nicolas Jacquemard","@id":"https:\/\/dicodusport.fr\/blog\/#\/schema\/person\/55dcb50ad410894e431ed812bbb70191"},"headline":"Tour des Flandres 2023 : Notre pronostic","datePublished":"2023-03-31T19:04:16+00:00","dateModified":"2023-03-31T20:03:32+00:00","mainEntityOfPage":{"@id":"https:\/\/dicodusport.fr\/blog\/tour-des-flandres-2023-notre-pronostic\/"},"wordCount":299,"commentCount":0,"publisher":{"@id":"https:\/\/dicodusport.fr\/blog\/#organization"},"image":{"@id":"https:\/\/dicodusport.fr\/blog\/tour-des-flandres-2023-notre-pronostic\/#primaryimage"},"thumbnailUrl":"https:\/\/dicodusport.fr\/blog\/wp-content\/uploads\/2023\/03\/Tour-des-Flandres-2023-Notre-pronostic.png","keywords":["br\u00e8ve","Christophe Laporte","Cyclisme","Mathieu van der Poel","Tour des Flandres"],"articleSection":["Cyclisme sur route"],"inLanguage":"fr-FR","potentialAction":[{"@type":"CommentAction","name":"Comment","target":["https:\/\/dicodusport.fr\/blog\/tour-des-flandres-2023-notre-pronostic\/#respond"]}],"copyrightYear":"2023","copyrightHolder":{"@id":"https:\/\/dicodusport.fr\/blog\/#organization"}},{"@type":"WebPage","@id":"https:\/\/dicodusport.fr\/blog\/tour-des-flandres-2023-notre-pronostic\/","url":"https:\/\/dicodusport.fr\/blog\/tour-des-flandres-2023-notre-pronostic\/","name":"Tour des Flandres 2023 : Notre pronostic","isPartOf":{"@id":"https:\/\/dicodusport.fr\/blog\/#website"},"primaryImageOfPage":{"@id":"https:\/\/dicodusport.fr\/blog\/tour-des-flandres-2023-notre-pronostic\/#primaryimage"},"image":{"@id":"https:\/\/dicodusport.fr\/blog\/tour-des-flandres-2023-notre-pronostic\/#primaryimage"},"thumbnailUrl":"https:\/\/dicodusport.fr\/blog\/wp-content\/uploads\/2023\/03\/Tour-des-Flandres-2023-Notre-pronostic.png","datePublished":"2023-03-31T19:04:16+00:00","dateModified":"2023-03-31T20:03:32+00:00","description":"TOUR DES FLANDRES 2023 - Le Tour des Flandres se tient comme chaque ann\u00e9e le premier week-end d'avril. Nos deux favoris pour le Ronde.","breadcrumb":{"@id":"https:\/\/dicodusport.fr\/blog\/tour-des-flandres-2023-notre-pronostic\/#breadcrumb"},"inLanguage":"fr-FR","potentialAction":[{"@type":"ReadAction","target":["https:\/\/dicodusport.fr\/blog\/tour-des-flandres-2023-notre-pronostic\/"]}]},{"@type":"ImageObject","inLanguage":"fr-FR","@id":"https:\/\/dicodusport.fr\/blog\/tour-des-flandres-2023-notre-pronostic\/#primaryimage","url":"https:\/\/dicodusport.fr\/blog\/wp-content\/uploads\/2023\/03\/Tour-des-Flandres-2023-Notre-pronostic.png","contentUrl":"https:\/\/dicodusport.fr\/blog\/wp-content\/uploads\/2023\/03\/Tour-des-Flandres-2023-Notre-pronostic.png","width":800,"height":445,"caption":"Christophe Laporte"},{"@type":"BreadcrumbList","@id":"https:\/\/dicodusport.fr\/blog\/tour-des-flandres-2023-notre-pronostic\/#breadcrumb","itemListElement":[{"@type":"ListItem","position":1,"name":"Accueil","item":"https:\/\/dicodusport.fr\/blog\/"},{"@type":"ListItem","position":2,"name":"Tour des Flandres 2023 : Notre pronostic"}]},{"@type":"WebSite","@id":"https:\/\/dicodusport.fr\/blog\/#website","url":"https:\/\/dicodusport.fr\/blog\/","name":"Dicodusport","description":"L&#039;encyclop\u00e9die de l&#039;actualit\u00e9 sportive","publisher":{"@id":"https:\/\/dicodusport.fr\/blog\/#organization"},"potentialAction":[{"@type":"SearchAction","target":{"@type":"EntryPoint","urlTemplate":"https:\/\/dicodusport.fr\/blog\/?s={search_term_string}"},"query-input":{"@type":"PropertyValueSpecification","valueRequired":true,"valueName":"search_term_string"}}],"inLanguage":"fr-FR"},{"@type":"NewsMediaOrganization","@id":"https:\/\/dicodusport.fr\/blog\/#organization","name":"Dicodusport","url":"https:\/\/dicodusport.fr\/blog\/","logo":{"@type":"ImageObject","inLanguage":"fr-FR","@id":"https:\/\/dicodusport.fr\/blog\/#\/schema\/logo\/image\/","url":"https:\/\/dicodusport.fr\/blog\/wp-content\/uploads\/2020\/06\/cropped-LOGO-DICODUSPORT-2020-SANS-FOND-SANS-TEXTE.png","contentUrl":"https:\/\/dicodusport.fr\/blog\/wp-content\/uploads\/2020\/06\/cropped-LOGO-DICODUSPORT-2020-SANS-FOND-SANS-TEXTE.png","width":512,"height":512,"caption":"Dicodusport"},"image":{"@id":"https:\/\/dicodusport.fr\/blog\/#\/schema\/logo\/image\/"},"sameAs":["https:\/\/www.facebook.com\/dicodusport","https:\/\/x.com\/dicodusport","https:\/\/www.instagram.com\/dicodusport\/","https:\/\/www.youtube.com\/channel\/UC7V2KZ5sd3htJivAbA4ZG3w"],"description":"Dicodusport est l'encyclop\u00e9die de l'actualit\u00e9 sportive.","email":"bonjour@dicodusport.fr","legalName":"DICODUSPORT","foundingDate":"2018-01-14","vatID":"FR71834470973","taxID":"83447097300043","numberOfEmployees":{"@type":"QuantitativeValue","minValue":"1","maxValue":"10"}},{"@type":"Person","@id":"https:\/\/dicodusport.fr\/blog\/#\/schema\/person\/55dcb50ad410894e431ed812bbb70191","name":"Nicolas Jacquemard","image":{"@type":"ImageObject","inLanguage":"fr-FR","@id":"https:\/\/dicodusport.fr\/blog\/#\/schema\/person\/image\/","url":"https:\/\/dicodusport.fr\/blog\/wp-content\/uploads\/2021\/05\/Nicolas-Jacquemard-150x150.jpeg","contentUrl":"https:\/\/dicodusport.fr\/blog\/wp-content\/uploads\/2021\/05\/Nicolas-Jacquemard-150x150.jpeg","caption":"Nicolas Jacquemard"},"description":"Passionn\u00e9 de sport et entrepreneur depuis mes 18 ans, la cr\u00e9ation de Dicodusport m'a sembl\u00e9 \u00e9vidente pour participer \u00e0 la m\u00e9diatisation d'un plus grand nombre de sports. Le chemin est long mais avec une \u00e9quipe des plus motiv\u00e9es et les Jeux Olympiques de Paris 2024 en point de mire, nous y arriverons ! Journaliste dans le monde du sport depuis plus de 5 ans, je traite aussi bien de football, de rugby, de biathlon que de cyclisme.","sameAs":["https:\/\/www.facebook.com\/dicodusport","https:\/\/x.com\/https:\/\/twitter.com\/Nico_Jacquemard"],"url":"https:\/\/dicodusport.fr\/blog\/author\/dicodusport\/"}]}},"_links":{"self":[{"href":"https:\/\/dicodusport.fr\/blog\/wp-json\/wp\/v2\/posts\/370735","targetHints":{"allow":["GET"]}}],"collection":[{"href":"https:\/\/dicodusport.fr\/blog\/wp-json\/wp\/v2\/posts"}],"about":[{"href":"https:\/\/dicodusport.fr\/blog\/wp-json\/wp\/v2\/types\/post"}],"author":[{"embeddable":true,"href":"https:\/\/dicodusport.fr\/blog\/wp-json\/wp\/v2\/users\/1"}],"replies":[{"embeddable":true,"href":"https:\/\/dicodusport.fr\/blog\/wp-json\/wp\/v2\/comments?post=370735"}],"version-history":[{"count":0,"href":"https:\/\/dicodusport.fr\/blog\/wp-json\/wp\/v2\/posts\/370735\/revisions"}],"wp:featuredmedia":[{"embeddable":true,"href":"https:\/\/dicodusport.fr\/blog\/wp-json\/wp\/v2\/media\/370739"}],"wp:attachment":[{"href":"https:\/\/dicodusport.fr\/blog\/wp-json\/wp\/v2\/media?parent=370735"}],"wp:term":[{"taxonomy":"category","embeddable":true,"href":"https:\/\/dicodusport.fr\/blog\/wp-json\/wp\/v2\/categories?post=370735"},{"taxonomy":"post_tag","embeddable":true,"href":"https:\/\/dicodusport.fr\/blog\/wp-json\/wp\/v2\/tags?post=370735"}],"curies":[{"name":"wp","href":"https:\/\/api.w.org\/{rel}","templated":true}]}}