{"id":37089,"date":"2019-04-14T15:34:37","date_gmt":"2019-04-14T13:34:37","guid":{"rendered":"http:\/\/dicodusport.fr\/blog\/?p=37089"},"modified":"2025-11-20T18:09:10","modified_gmt":"2025-11-20T17:09:10","slug":"melanie-de-jesus-dos-santos-sacree-championne-d-europe-au-sol","status":"publish","type":"post","link":"https:\/\/dicodusport.fr\/blog\/melanie-de-jesus-dos-santos-sacree-championne-d-europe-au-sol\/","title":{"rendered":"M\u00e9lanie De Jesus Dos Santos sacr\u00e9e championne d&rsquo;Europe au sol"},"content":{"rendered":"<p style=\"text-align: justify;\"><strong><em>Incroyable M\u00e9lanie De Jesus Dos Santos ! D\u00e9j\u00e0 sacr\u00e9e au concours g\u00e9n\u00e9ral, la Martiniquaise a d\u00e9croch\u00e9 un 2\u00e8me titre europ\u00e9en en Pologne, avec l&rsquo;or au sol. C&rsquo;est la sixi\u00e8me m\u00e9daille pour l&rsquo;\u00e9quipe de France dans ces <a href=\"http:\/\/www.ueg.org\/event\/2019-individual-european-championships-artistic-gymnastics\/results\" target=\"_blank\" rel=\"noopener\">championnats d&rsquo;Europe<\/a>.<br \/>\n<\/em><\/strong><\/p>\n<p style=\"text-align: justify;\">Troisi\u00e8me breloque pour M\u00e9lanie De Jesus Dos Santos \u00e0 Szczecin, en Pologne. Apr\u00e8s l&rsquo;or au concours g\u00e9n\u00e9ral vendredi et l&rsquo;argent \u00e0 la poutre ce dimanche en d\u00e9but d&rsquo;apr\u00e8s-midi, la Martiniquaise a d\u00e9croch\u00e9 le titre europ\u00e9en au sol, conservant ainsi son titre acquis l&rsquo;an dernier \u00e0 Glasgow. Avec un score de 13.833, la Fran\u00e7aise de 19 ans a devanc\u00e9 la N\u00e9erlandaise Eythora Thorsdottir (13.666) et la Russe Angelina Melnikova (13.466). Deuxi\u00e8me Fran\u00e7aise engag\u00e9e en finale, Marine Boyer a pris la 8\u00e8me place (12.933).<\/p>\n<p>https:\/\/twitter.com\/francetvsport\/status\/1117421156703846406<\/p>\n<p><strong><em>Dicodusport<br \/>\n<a href=\"https:\/\/www.facebook.com\/dicodusport\/\" target=\"_blank\" rel=\"noopener\"><img loading=\"lazy\" decoding=\"async\" class=\"alignnone wp-image-2909\" src=\"http:\/\/dicodusport.fr\/blog\/wp-content\/uploads\/2017\/07\/logo-facebook-150x150.png\" alt=\"\" width=\"40\" height=\"40\" \/><\/a><a href=\"https:\/\/twitter.com\/dicodusport\" target=\"_blank\" rel=\"noopener\"><img loading=\"lazy\" decoding=\"async\" class=\"alignnone wp-image-2908\" src=\"http:\/\/dicodusport.fr\/blog\/wp-content\/uploads\/2017\/07\/logo-twitter-150x150.png\" alt=\"\" width=\"39\" height=\"39\" \/><\/a><\/em><\/strong><\/p>\n","protected":false},"excerpt":{"rendered":"<p>Incroyable M\u00e9lanie De Jesus Dos Santos ! D\u00e9j\u00e0 sacr\u00e9e au concours g\u00e9n\u00e9ral, la Martiniquaise a d\u00e9croch\u00e9 un 2\u00e8me titre europ\u00e9en en Pologne, avec l&rsquo;or au sol.<\/p>\n","protected":false},"author":4,"featured_media":37090,"comment_status":"open","ping_status":"closed","sticky":false,"template":"","format":"standard","meta":{"_acf_changed":false,"_daextam_enable_autolinks":"","footnotes":""},"categories":[10429],"tags":[4799,391,5696],"class_list":["post-37089","post","type-post","status-publish","format-standard","has-post-thumbnail","hentry","category-gymnastique","tag-championnats-deurope","tag-gymnastique","tag-melanie-de-jesus-dos-santos"],"acf":[],"yoast_head":"<!-- This site is optimized with the Yoast SEO Premium plugin v26.7 (Yoast SEO v26.7) - https:\/\/yoast.com\/wordpress\/plugins\/seo\/ -->\n<title>M\u00e9lanie De Jesus Dos Santos sacr\u00e9e championne d&#039;Europe au sol<\/title>\n<meta name=\"description\" content=\"Incroyable M\u00e9lanie De Jesus Dos Santos ! D\u00e9j\u00e0 sacr\u00e9e au concours g\u00e9n\u00e9ral, la Martiniquaise a d\u00e9croch\u00e9 un 2\u00e8me titre europ\u00e9en en Pologne, avec l&#039;or au sol.\" \/>\n<meta name=\"robots\" content=\"index, follow, max-snippet:-1, max-image-preview:large, max-video-preview:-1\" \/>\n<link rel=\"canonical\" href=\"https:\/\/dicodusport.fr\/blog\/melanie-de-jesus-dos-santos-sacree-championne-d-europe-au-sol\/\" \/>\n<meta property=\"og:locale\" content=\"fr_FR\" \/>\n<meta property=\"og:type\" content=\"article\" \/>\n<meta property=\"og:title\" content=\"M\u00e9lanie De Jesus Dos Santos sacr\u00e9e championne d&#039;Europe au sol\" \/>\n<meta property=\"og:description\" content=\"Incroyable M\u00e9lanie De Jesus Dos Santos ! D\u00e9j\u00e0 sacr\u00e9e au concours g\u00e9n\u00e9ral, la Martiniquaise a d\u00e9croch\u00e9 un 2\u00e8me titre europ\u00e9en en Pologne, avec l&#039;or au sol.\" \/>\n<meta property=\"og:url\" content=\"https:\/\/dicodusport.fr\/blog\/melanie-de-jesus-dos-santos-sacree-championne-d-europe-au-sol\/\" \/>\n<meta property=\"og:site_name\" content=\"Dicodusport\" \/>\n<meta property=\"article:publisher\" content=\"https:\/\/www.facebook.com\/dicodusport\" \/>\n<meta property=\"article:author\" content=\"https:\/\/www.facebook.com\/florent.ostermann\" \/>\n<meta property=\"article:published_time\" content=\"2019-04-14T13:34:37+00:00\" \/>\n<meta property=\"article:modified_time\" content=\"2025-11-20T17:09:10+00:00\" \/>\n<meta property=\"og:image\" content=\"https:\/\/dicodusport.fr\/blog\/wp-content\/uploads\/2019\/04\/M\u00e9lanie-De-Jesus-Dos-Santos-Or-Championnats-dEurope.png\" \/>\n\t<meta property=\"og:image:width\" content=\"800\" \/>\n\t<meta property=\"og:image:height\" content=\"445\" \/>\n\t<meta property=\"og:image:type\" content=\"image\/png\" \/>\n<meta name=\"author\" content=\"Flo Ostermann\" \/>\n<meta name=\"twitter:card\" content=\"summary_large_image\" \/>\n<meta name=\"twitter:creator\" content=\"@https:\/\/twitter.com\/FlOstermann\" \/>\n<meta name=\"twitter:site\" content=\"@dicodusport\" \/>\n<script type=\"application\/ld+json\" class=\"yoast-schema-graph\">{\"@context\":\"https:\/\/schema.org\",\"@graph\":[{\"@type\":\"NewsArticle\",\"@id\":\"https:\/\/dicodusport.fr\/blog\/melanie-de-jesus-dos-santos-sacree-championne-d-europe-au-sol\/#article\",\"isPartOf\":{\"@id\":\"https:\/\/dicodusport.fr\/blog\/melanie-de-jesus-dos-santos-sacree-championne-d-europe-au-sol\/\"},\"author\":{\"name\":\"Flo Ostermann\",\"@id\":\"https:\/\/dicodusport.fr\/blog\/#\/schema\/person\/cb02af4c173ce4a653b55e9baf388d4a\"},\"headline\":\"M\u00e9lanie De Jesus Dos Santos sacr\u00e9e championne d&rsquo;Europe au sol\",\"datePublished\":\"2019-04-14T13:34:37+00:00\",\"dateModified\":\"2025-11-20T17:09:10+00:00\",\"mainEntityOfPage\":{\"@id\":\"https:\/\/dicodusport.fr\/blog\/melanie-de-jesus-dos-santos-sacree-championne-d-europe-au-sol\/\"},\"wordCount\":161,\"commentCount\":0,\"publisher\":{\"@id\":\"https:\/\/dicodusport.fr\/blog\/#organization\"},\"image\":{\"@id\":\"https:\/\/dicodusport.fr\/blog\/melanie-de-jesus-dos-santos-sacree-championne-d-europe-au-sol\/#primaryimage\"},\"thumbnailUrl\":\"https:\/\/dicodusport.fr\/blog\/wp-content\/uploads\/2019\/04\/M\u00e9lanie-De-Jesus-Dos-Santos-Or-Championnats-dEurope.png\",\"keywords\":[\"Championnats d'Europe\",\"gymnastique\",\"M\u00e9lanie De Jesus Dos Santos\"],\"articleSection\":[\"Gymnastique\"],\"inLanguage\":\"fr-FR\",\"potentialAction\":[{\"@type\":\"CommentAction\",\"name\":\"Comment\",\"target\":[\"https:\/\/dicodusport.fr\/blog\/melanie-de-jesus-dos-santos-sacree-championne-d-europe-au-sol\/#respond\"]}],\"copyrightYear\":\"2019\",\"copyrightHolder\":{\"@id\":\"https:\/\/dicodusport.fr\/blog\/#organization\"}},{\"@type\":\"WebPage\",\"@id\":\"https:\/\/dicodusport.fr\/blog\/melanie-de-jesus-dos-santos-sacree-championne-d-europe-au-sol\/\",\"url\":\"https:\/\/dicodusport.fr\/blog\/melanie-de-jesus-dos-santos-sacree-championne-d-europe-au-sol\/\",\"name\":\"M\u00e9lanie De Jesus Dos Santos sacr\u00e9e championne d'Europe au sol\",\"isPartOf\":{\"@id\":\"https:\/\/dicodusport.fr\/blog\/#website\"},\"primaryImageOfPage\":{\"@id\":\"https:\/\/dicodusport.fr\/blog\/melanie-de-jesus-dos-santos-sacree-championne-d-europe-au-sol\/#primaryimage\"},\"image\":{\"@id\":\"https:\/\/dicodusport.fr\/blog\/melanie-de-jesus-dos-santos-sacree-championne-d-europe-au-sol\/#primaryimage\"},\"thumbnailUrl\":\"https:\/\/dicodusport.fr\/blog\/wp-content\/uploads\/2019\/04\/M\u00e9lanie-De-Jesus-Dos-Santos-Or-Championnats-dEurope.png\",\"datePublished\":\"2019-04-14T13:34:37+00:00\",\"dateModified\":\"2025-11-20T17:09:10+00:00\",\"description\":\"Incroyable M\u00e9lanie De Jesus Dos Santos ! D\u00e9j\u00e0 sacr\u00e9e au concours g\u00e9n\u00e9ral, la Martiniquaise a d\u00e9croch\u00e9 un 2\u00e8me titre europ\u00e9en en Pologne, avec l'or au sol.\",\"breadcrumb\":{\"@id\":\"https:\/\/dicodusport.fr\/blog\/melanie-de-jesus-dos-santos-sacree-championne-d-europe-au-sol\/#breadcrumb\"},\"inLanguage\":\"fr-FR\",\"potentialAction\":[{\"@type\":\"ReadAction\",\"target\":[\"https:\/\/dicodusport.fr\/blog\/melanie-de-jesus-dos-santos-sacree-championne-d-europe-au-sol\/\"]}]},{\"@type\":\"ImageObject\",\"inLanguage\":\"fr-FR\",\"@id\":\"https:\/\/dicodusport.fr\/blog\/melanie-de-jesus-dos-santos-sacree-championne-d-europe-au-sol\/#primaryimage\",\"url\":\"https:\/\/dicodusport.fr\/blog\/wp-content\/uploads\/2019\/04\/M\u00e9lanie-De-Jesus-Dos-Santos-Or-Championnats-dEurope.png\",\"contentUrl\":\"https:\/\/dicodusport.fr\/blog\/wp-content\/uploads\/2019\/04\/M\u00e9lanie-De-Jesus-Dos-Santos-Or-Championnats-dEurope.png\",\"width\":800,\"height\":445},{\"@type\":\"BreadcrumbList\",\"@id\":\"https:\/\/dicodusport.fr\/blog\/melanie-de-jesus-dos-santos-sacree-championne-d-europe-au-sol\/#breadcrumb\",\"itemListElement\":[{\"@type\":\"ListItem\",\"position\":1,\"name\":\"Accueil\",\"item\":\"https:\/\/dicodusport.fr\/blog\/\"},{\"@type\":\"ListItem\",\"position\":2,\"name\":\"M\u00e9lanie De Jesus Dos Santos sacr\u00e9e championne d&rsquo;Europe au sol\"}]},{\"@type\":\"WebSite\",\"@id\":\"https:\/\/dicodusport.fr\/blog\/#website\",\"url\":\"https:\/\/dicodusport.fr\/blog\/\",\"name\":\"Dicodusport\",\"description\":\"L&#039;encyclop\u00e9die de l&#039;actualit\u00e9 sportive\",\"publisher\":{\"@id\":\"https:\/\/dicodusport.fr\/blog\/#organization\"},\"potentialAction\":[{\"@type\":\"SearchAction\",\"target\":{\"@type\":\"EntryPoint\",\"urlTemplate\":\"https:\/\/dicodusport.fr\/blog\/?s={search_term_string}\"},\"query-input\":{\"@type\":\"PropertyValueSpecification\",\"valueRequired\":true,\"valueName\":\"search_term_string\"}}],\"inLanguage\":\"fr-FR\"},{\"@type\":\"NewsMediaOrganization\",\"@id\":\"https:\/\/dicodusport.fr\/blog\/#organization\",\"name\":\"Dicodusport\",\"url\":\"https:\/\/dicodusport.fr\/blog\/\",\"logo\":{\"@type\":\"ImageObject\",\"inLanguage\":\"fr-FR\",\"@id\":\"https:\/\/dicodusport.fr\/blog\/#\/schema\/logo\/image\/\",\"url\":\"https:\/\/dicodusport.fr\/blog\/wp-content\/uploads\/2020\/06\/cropped-LOGO-DICODUSPORT-2020-SANS-FOND-SANS-TEXTE.png\",\"contentUrl\":\"https:\/\/dicodusport.fr\/blog\/wp-content\/uploads\/2020\/06\/cropped-LOGO-DICODUSPORT-2020-SANS-FOND-SANS-TEXTE.png\",\"width\":512,\"height\":512,\"caption\":\"Dicodusport\"},\"image\":{\"@id\":\"https:\/\/dicodusport.fr\/blog\/#\/schema\/logo\/image\/\"},\"sameAs\":[\"https:\/\/www.facebook.com\/dicodusport\",\"https:\/\/x.com\/dicodusport\",\"https:\/\/www.instagram.com\/dicodusport\/\",\"https:\/\/www.youtube.com\/channel\/UC7V2KZ5sd3htJivAbA4ZG3w\"],\"description\":\"Dicodusport est l'encyclop\u00e9die de l'actualit\u00e9 sportive.\",\"email\":\"bonjour@dicodusport.fr\",\"legalName\":\"DICODUSPORT\",\"foundingDate\":\"2018-01-14\",\"vatID\":\"FR71834470973\",\"taxID\":\"83447097300043\",\"numberOfEmployees\":{\"@type\":\"QuantitativeValue\",\"minValue\":\"1\",\"maxValue\":\"10\"}},{\"@type\":\"Person\",\"@id\":\"https:\/\/dicodusport.fr\/blog\/#\/schema\/person\/cb02af4c173ce4a653b55e9baf388d4a\",\"name\":\"Flo Ostermann\",\"image\":{\"@type\":\"ImageObject\",\"inLanguage\":\"fr-FR\",\"@id\":\"https:\/\/dicodusport.fr\/blog\/#\/schema\/person\/image\/\",\"url\":\"https:\/\/dicodusport.fr\/blog\/wp-content\/uploads\/2021\/05\/Flo-Ostermann-150x150.jpg\",\"contentUrl\":\"https:\/\/dicodusport.fr\/blog\/wp-content\/uploads\/2021\/05\/Flo-Ostermann-150x150.jpg\",\"caption\":\"Flo Ostermann\"},\"description\":\"Journaliste\/R\u00e9dacteur depuis septembre 2015 - Mes premiers souvenirs dans le sport ? Les envol\u00e9es du Stade Toulousain et les duels Villeneuve-Schumacher et H\u00e4kkinen-Schumacher \u00e0 la fin des ann\u00e9es 90, la Coupe du monde de football en 1998, l\u2019exploit du XV de France face aux All Blacks en 1999, mais aussi Richard C\u0153ur de Lion qui vole sur les montagnes du Tour de France. Bien parti pour devenir professeur d\u2019EPS, les \u00e9v\u00e9nements de la vie (et la flemme d\u2019animer des s\u00e9ances de 3x500 m\u00e8tres toute ma vie) m\u2019ont conduit \u00e0 revoir mes plans. Me voil\u00e0 depuis fin 2017 sur Dicodusport, m\u00e9dia gr\u00e2ce (et pour) lequel je partage ma passion : le sport dans tous ses \u00e9tats. Le tout accompagn\u00e9 par les fous furieux et folles furieuses cit\u00e9s sur cette page !\",\"sameAs\":[\"https:\/\/www.facebook.com\/florent.ostermann\",\"https:\/\/x.com\/https:\/\/twitter.com\/FlOstermann\",\"admin\"],\"url\":\"https:\/\/dicodusport.fr\/blog\/author\/flo\/\"}]}<\/script>\n<!-- \/ Yoast SEO Premium plugin. -->","yoast_head_json":{"title":"M\u00e9lanie De Jesus Dos Santos sacr\u00e9e championne d'Europe au sol","description":"Incroyable M\u00e9lanie De Jesus Dos Santos ! D\u00e9j\u00e0 sacr\u00e9e au concours g\u00e9n\u00e9ral, la Martiniquaise a d\u00e9croch\u00e9 un 2\u00e8me titre europ\u00e9en en Pologne, avec l'or au sol.","robots":{"index":"index","follow":"follow","max-snippet":"max-snippet:-1","max-image-preview":"max-image-preview:large","max-video-preview":"max-video-preview:-1"},"canonical":"https:\/\/dicodusport.fr\/blog\/melanie-de-jesus-dos-santos-sacree-championne-d-europe-au-sol\/","og_locale":"fr_FR","og_type":"article","og_title":"M\u00e9lanie De Jesus Dos Santos sacr\u00e9e championne d'Europe au sol","og_description":"Incroyable M\u00e9lanie De Jesus Dos Santos ! D\u00e9j\u00e0 sacr\u00e9e au concours g\u00e9n\u00e9ral, la Martiniquaise a d\u00e9croch\u00e9 un 2\u00e8me titre europ\u00e9en en Pologne, avec l'or au sol.","og_url":"https:\/\/dicodusport.fr\/blog\/melanie-de-jesus-dos-santos-sacree-championne-d-europe-au-sol\/","og_site_name":"Dicodusport","article_publisher":"https:\/\/www.facebook.com\/dicodusport","article_author":"https:\/\/www.facebook.com\/florent.ostermann","article_published_time":"2019-04-14T13:34:37+00:00","article_modified_time":"2025-11-20T17:09:10+00:00","og_image":[{"width":800,"height":445,"url":"https:\/\/dicodusport.fr\/blog\/wp-content\/uploads\/2019\/04\/M\u00e9lanie-De-Jesus-Dos-Santos-Or-Championnats-dEurope.png","type":"image\/png"}],"author":"Flo Ostermann","twitter_card":"summary_large_image","twitter_creator":"@https:\/\/twitter.com\/FlOstermann","twitter_site":"@dicodusport","schema":{"@context":"https:\/\/schema.org","@graph":[{"@type":"NewsArticle","@id":"https:\/\/dicodusport.fr\/blog\/melanie-de-jesus-dos-santos-sacree-championne-d-europe-au-sol\/#article","isPartOf":{"@id":"https:\/\/dicodusport.fr\/blog\/melanie-de-jesus-dos-santos-sacree-championne-d-europe-au-sol\/"},"author":{"name":"Flo Ostermann","@id":"https:\/\/dicodusport.fr\/blog\/#\/schema\/person\/cb02af4c173ce4a653b55e9baf388d4a"},"headline":"M\u00e9lanie De Jesus Dos Santos sacr\u00e9e championne d&rsquo;Europe au sol","datePublished":"2019-04-14T13:34:37+00:00","dateModified":"2025-11-20T17:09:10+00:00","mainEntityOfPage":{"@id":"https:\/\/dicodusport.fr\/blog\/melanie-de-jesus-dos-santos-sacree-championne-d-europe-au-sol\/"},"wordCount":161,"commentCount":0,"publisher":{"@id":"https:\/\/dicodusport.fr\/blog\/#organization"},"image":{"@id":"https:\/\/dicodusport.fr\/blog\/melanie-de-jesus-dos-santos-sacree-championne-d-europe-au-sol\/#primaryimage"},"thumbnailUrl":"https:\/\/dicodusport.fr\/blog\/wp-content\/uploads\/2019\/04\/M\u00e9lanie-De-Jesus-Dos-Santos-Or-Championnats-dEurope.png","keywords":["Championnats d'Europe","gymnastique","M\u00e9lanie De Jesus Dos Santos"],"articleSection":["Gymnastique"],"inLanguage":"fr-FR","potentialAction":[{"@type":"CommentAction","name":"Comment","target":["https:\/\/dicodusport.fr\/blog\/melanie-de-jesus-dos-santos-sacree-championne-d-europe-au-sol\/#respond"]}],"copyrightYear":"2019","copyrightHolder":{"@id":"https:\/\/dicodusport.fr\/blog\/#organization"}},{"@type":"WebPage","@id":"https:\/\/dicodusport.fr\/blog\/melanie-de-jesus-dos-santos-sacree-championne-d-europe-au-sol\/","url":"https:\/\/dicodusport.fr\/blog\/melanie-de-jesus-dos-santos-sacree-championne-d-europe-au-sol\/","name":"M\u00e9lanie De Jesus Dos Santos sacr\u00e9e championne d'Europe au sol","isPartOf":{"@id":"https:\/\/dicodusport.fr\/blog\/#website"},"primaryImageOfPage":{"@id":"https:\/\/dicodusport.fr\/blog\/melanie-de-jesus-dos-santos-sacree-championne-d-europe-au-sol\/#primaryimage"},"image":{"@id":"https:\/\/dicodusport.fr\/blog\/melanie-de-jesus-dos-santos-sacree-championne-d-europe-au-sol\/#primaryimage"},"thumbnailUrl":"https:\/\/dicodusport.fr\/blog\/wp-content\/uploads\/2019\/04\/M\u00e9lanie-De-Jesus-Dos-Santos-Or-Championnats-dEurope.png","datePublished":"2019-04-14T13:34:37+00:00","dateModified":"2025-11-20T17:09:10+00:00","description":"Incroyable M\u00e9lanie De Jesus Dos Santos ! D\u00e9j\u00e0 sacr\u00e9e au concours g\u00e9n\u00e9ral, la Martiniquaise a d\u00e9croch\u00e9 un 2\u00e8me titre europ\u00e9en en Pologne, avec l'or au sol.","breadcrumb":{"@id":"https:\/\/dicodusport.fr\/blog\/melanie-de-jesus-dos-santos-sacree-championne-d-europe-au-sol\/#breadcrumb"},"inLanguage":"fr-FR","potentialAction":[{"@type":"ReadAction","target":["https:\/\/dicodusport.fr\/blog\/melanie-de-jesus-dos-santos-sacree-championne-d-europe-au-sol\/"]}]},{"@type":"ImageObject","inLanguage":"fr-FR","@id":"https:\/\/dicodusport.fr\/blog\/melanie-de-jesus-dos-santos-sacree-championne-d-europe-au-sol\/#primaryimage","url":"https:\/\/dicodusport.fr\/blog\/wp-content\/uploads\/2019\/04\/M\u00e9lanie-De-Jesus-Dos-Santos-Or-Championnats-dEurope.png","contentUrl":"https:\/\/dicodusport.fr\/blog\/wp-content\/uploads\/2019\/04\/M\u00e9lanie-De-Jesus-Dos-Santos-Or-Championnats-dEurope.png","width":800,"height":445},{"@type":"BreadcrumbList","@id":"https:\/\/dicodusport.fr\/blog\/melanie-de-jesus-dos-santos-sacree-championne-d-europe-au-sol\/#breadcrumb","itemListElement":[{"@type":"ListItem","position":1,"name":"Accueil","item":"https:\/\/dicodusport.fr\/blog\/"},{"@type":"ListItem","position":2,"name":"M\u00e9lanie De Jesus Dos Santos sacr\u00e9e championne d&rsquo;Europe au sol"}]},{"@type":"WebSite","@id":"https:\/\/dicodusport.fr\/blog\/#website","url":"https:\/\/dicodusport.fr\/blog\/","name":"Dicodusport","description":"L&#039;encyclop\u00e9die de l&#039;actualit\u00e9 sportive","publisher":{"@id":"https:\/\/dicodusport.fr\/blog\/#organization"},"potentialAction":[{"@type":"SearchAction","target":{"@type":"EntryPoint","urlTemplate":"https:\/\/dicodusport.fr\/blog\/?s={search_term_string}"},"query-input":{"@type":"PropertyValueSpecification","valueRequired":true,"valueName":"search_term_string"}}],"inLanguage":"fr-FR"},{"@type":"NewsMediaOrganization","@id":"https:\/\/dicodusport.fr\/blog\/#organization","name":"Dicodusport","url":"https:\/\/dicodusport.fr\/blog\/","logo":{"@type":"ImageObject","inLanguage":"fr-FR","@id":"https:\/\/dicodusport.fr\/blog\/#\/schema\/logo\/image\/","url":"https:\/\/dicodusport.fr\/blog\/wp-content\/uploads\/2020\/06\/cropped-LOGO-DICODUSPORT-2020-SANS-FOND-SANS-TEXTE.png","contentUrl":"https:\/\/dicodusport.fr\/blog\/wp-content\/uploads\/2020\/06\/cropped-LOGO-DICODUSPORT-2020-SANS-FOND-SANS-TEXTE.png","width":512,"height":512,"caption":"Dicodusport"},"image":{"@id":"https:\/\/dicodusport.fr\/blog\/#\/schema\/logo\/image\/"},"sameAs":["https:\/\/www.facebook.com\/dicodusport","https:\/\/x.com\/dicodusport","https:\/\/www.instagram.com\/dicodusport\/","https:\/\/www.youtube.com\/channel\/UC7V2KZ5sd3htJivAbA4ZG3w"],"description":"Dicodusport est l'encyclop\u00e9die de l'actualit\u00e9 sportive.","email":"bonjour@dicodusport.fr","legalName":"DICODUSPORT","foundingDate":"2018-01-14","vatID":"FR71834470973","taxID":"83447097300043","numberOfEmployees":{"@type":"QuantitativeValue","minValue":"1","maxValue":"10"}},{"@type":"Person","@id":"https:\/\/dicodusport.fr\/blog\/#\/schema\/person\/cb02af4c173ce4a653b55e9baf388d4a","name":"Flo Ostermann","image":{"@type":"ImageObject","inLanguage":"fr-FR","@id":"https:\/\/dicodusport.fr\/blog\/#\/schema\/person\/image\/","url":"https:\/\/dicodusport.fr\/blog\/wp-content\/uploads\/2021\/05\/Flo-Ostermann-150x150.jpg","contentUrl":"https:\/\/dicodusport.fr\/blog\/wp-content\/uploads\/2021\/05\/Flo-Ostermann-150x150.jpg","caption":"Flo Ostermann"},"description":"Journaliste\/R\u00e9dacteur depuis septembre 2015 - Mes premiers souvenirs dans le sport ? Les envol\u00e9es du Stade Toulousain et les duels Villeneuve-Schumacher et H\u00e4kkinen-Schumacher \u00e0 la fin des ann\u00e9es 90, la Coupe du monde de football en 1998, l\u2019exploit du XV de France face aux All Blacks en 1999, mais aussi Richard C\u0153ur de Lion qui vole sur les montagnes du Tour de France. Bien parti pour devenir professeur d\u2019EPS, les \u00e9v\u00e9nements de la vie (et la flemme d\u2019animer des s\u00e9ances de 3x500 m\u00e8tres toute ma vie) m\u2019ont conduit \u00e0 revoir mes plans. Me voil\u00e0 depuis fin 2017 sur Dicodusport, m\u00e9dia gr\u00e2ce (et pour) lequel je partage ma passion : le sport dans tous ses \u00e9tats. Le tout accompagn\u00e9 par les fous furieux et folles furieuses cit\u00e9s sur cette page !","sameAs":["https:\/\/www.facebook.com\/florent.ostermann","https:\/\/x.com\/https:\/\/twitter.com\/FlOstermann","admin"],"url":"https:\/\/dicodusport.fr\/blog\/author\/flo\/"}]}},"_links":{"self":[{"href":"https:\/\/dicodusport.fr\/blog\/wp-json\/wp\/v2\/posts\/37089","targetHints":{"allow":["GET"]}}],"collection":[{"href":"https:\/\/dicodusport.fr\/blog\/wp-json\/wp\/v2\/posts"}],"about":[{"href":"https:\/\/dicodusport.fr\/blog\/wp-json\/wp\/v2\/types\/post"}],"author":[{"embeddable":true,"href":"https:\/\/dicodusport.fr\/blog\/wp-json\/wp\/v2\/users\/4"}],"replies":[{"embeddable":true,"href":"https:\/\/dicodusport.fr\/blog\/wp-json\/wp\/v2\/comments?post=37089"}],"version-history":[{"count":1,"href":"https:\/\/dicodusport.fr\/blog\/wp-json\/wp\/v2\/posts\/37089\/revisions"}],"predecessor-version":[{"id":626797,"href":"https:\/\/dicodusport.fr\/blog\/wp-json\/wp\/v2\/posts\/37089\/revisions\/626797"}],"wp:featuredmedia":[{"embeddable":true,"href":"https:\/\/dicodusport.fr\/blog\/wp-json\/wp\/v2\/media\/37090"}],"wp:attachment":[{"href":"https:\/\/dicodusport.fr\/blog\/wp-json\/wp\/v2\/media?parent=37089"}],"wp:term":[{"taxonomy":"category","embeddable":true,"href":"https:\/\/dicodusport.fr\/blog\/wp-json\/wp\/v2\/categories?post=37089"},{"taxonomy":"post_tag","embeddable":true,"href":"https:\/\/dicodusport.fr\/blog\/wp-json\/wp\/v2\/tags?post=37089"}],"curies":[{"name":"wp","href":"https:\/\/api.w.org\/{rel}","templated":true}]}}