{"id":371345,"date":"2023-04-02T16:28:35","date_gmt":"2023-04-02T14:28:35","guid":{"rendered":"https:\/\/dicodusport.fr\/blog\/?p=371345&#038;preview=true&#038;preview_id=371345"},"modified":"2023-04-02T19:22:01","modified_gmt":"2023-04-02T17:22:01","slug":"tour-des-flandres-2023-le-triomphe-de-tadej-pogacar","status":"publish","type":"post","link":"https:\/\/dicodusport.fr\/blog\/tour-des-flandres-2023-le-triomphe-de-tadej-pogacar\/","title":{"rendered":"Tour des Flandres 2023 : Le triomphe de Tadej Pogacar !"},"content":{"rendered":"<p style=\"text-align: justify;\"><em><strong>TOUR DES FLANDRES 2023<span class=\"tojvnm2t a6sixzi8 abs2jz4q a8s20v7p t1p8iaqh k5wvi7nf q3lfd5jv pk4s997a bipmatt0 cebpdrjk qowsmv63 owwhemhu dp1hu0rb dhp61c6y iyyx5f41\"> \u2013 Tadej Pogacar (UAE Team Emirates) s&rsquo;est impos\u00e9 sur la 107\u00e8me edition, dimanche, \u00e0 Audenarde. Il a devanc\u00e9 Mathieu van der Poel (Alpecin-Deceuninck). Le Slov\u00e8ne a d\u00e9croch\u00e9 son quatri\u00e8me Monument en carri\u00e8re et son dixi\u00e8me succ\u00e8s cette saison.<\/span><\/strong><\/em><\/p>\n<p style=\"text-align: justify;\"><span style=\"font-weight: 400;\">D&rsquo;abord, le peloton a roul\u00e9 tr\u00e8s vite d\u00e8s les premiers kilom\u00e8tres de course sur des routes rectilignes. Apr\u00e8s une quarantaine de kilom\u00e8tres, des leaders comme <strong>Valentin Madouas<\/strong> (Groupama-FDJ), <strong>Mathieu van der Poel<\/strong> (Alpecin-Deceuninck), <strong>Biniam Girmay<\/strong> (Intermarch\u00e9-Circus-Wanty), <strong>Sep Vanmarcke, Dylan Teuns<\/strong> (Israel Premier Tech) et <strong>Michael Matthews<\/strong> (Team Jayco AlUla) ont \u00e9t\u00e9 pris dans une cassure. 49 kilom\u00e8tres ont \u00e9t\u00e9 parcourus dans la premi\u00e8re heure.\u00a0<\/span><\/p>\n<p style=\"text-align: justify;\"><span style=\"font-weight: 400;\">Apr\u00e8s une grosse bataille de pr\u00e8s de 20 kilom\u00e8tres, le second peloton est revenu sur le peloton principal. Malheureusement, <strong>Valentin Madouas<\/strong> (Groupama FDJ) a \u00e9t\u00e9 contraint \u00e0 l&rsquo;abandon, puisque le troisi\u00e8me de la derni\u00e8re \u00e9dition \u00e9tait malade.\u00a0\u00a0<\/span><\/p>\n<blockquote class=\"twitter-tweet\">\n<p dir=\"ltr\" lang=\"fr\">Van der Poel pi\u00e9g\u00e9 sur <a href=\"https:\/\/twitter.com\/hashtag\/RVV23?src=hash&amp;ref_src=twsrc%5Etfw\">#RVV23<\/a>, l&rsquo;analyse de <a href=\"https:\/\/twitter.com\/hashtag\/LesRP?src=hash&amp;ref_src=twsrc%5Etfw\">#LesRP<\/a> et <a href=\"https:\/\/twitter.com\/PhilippeGilbert?ref_src=twsrc%5Etfw\">@PhilippeGilbert<\/a> : <a href=\"https:\/\/t.co\/acujuzbYfp\">pic.twitter.com\/acujuzbYfp<\/a><\/p>\n<p>\u2014 Eurosport France (@Eurosport_FR) <a href=\"https:\/\/twitter.com\/Eurosport_FR\/status\/1642457786612166656?ref_src=twsrc%5Etfw\">April 2, 2023<\/a><\/p><\/blockquote>\n<p><script async src=\"https:\/\/platform.twitter.com\/widgets.js\" charset=\"utf-8\"><\/script><\/p>\n<h2 style=\"text-align: justify;\"><span style=\"font-weight: 400;\"><strong>Un d\u00e9but de course \u00e0 allure tr\u00e8s rapide<\/strong>\u00a0<\/span><\/h2>\n<p style=\"text-align: justify;\"><span style=\"font-weight: 400;\">Puis, une chute, impliquant notamment <strong>Oier Lazkano<\/strong> (Groupama FDJ) et <strong>Danny van Poppel<\/strong> (Bora-Hansgrohe), a provoqu\u00e9 une cassure au sein du peloton apr\u00e8s 70 kilom\u00e8tres de course. <strong>Tadej Pogacar<\/strong> (UAE Team Emirates) et <strong>Mads Pedersen<\/strong> (Trek Segafredo) ont \u00e9t\u00e9 ramen\u00e9s par leurs co\u00e9quipiers au sein du peloton, alors que les deux premi\u00e8res heures de courses ont \u00e9t\u00e9 effectu\u00e9es \u00e0 pr\u00e8s de 48 km\/h de moyenne.\u00a0<\/span><\/p>\n<p style=\"text-align: justify;\"><span style=\"font-weight: 400;\"><strong>Jasper De Buyst<\/strong> (Lotto-Dstny), <strong>Daan Hoole<\/strong> (Trek-Segafredo), <strong>Elmar Reinders<\/strong> (Jayco &#8211; AlUla), <strong>Filippo Colombo<\/strong> (Q36.5 Pro Cycling) et <strong>Guillaume Van Keirsbulck<\/strong> (Bingoal WB) ont enfin r\u00e9ussi \u00e0 prendre une vingtaine de secondes d&rsquo;avance avant le premier secteur pav\u00e9. Apr\u00e8s le premier mont, <strong>Hugo Houle<\/strong> (Israel Premier Tech), le champion de Belgique <strong>Tim Merlier<\/strong> (Soudal Quick-Step) et <strong>Jonas Rutsch<\/strong> (EF Education EasyPost) ont fait la jonction avec les \u00e9chapp\u00e9s.<\/span><\/p>\n<h2 style=\"text-align: justify;\">Les chutes rythment la course<\/h2>\n<p style=\"text-align: justify;\"><span style=\"font-weight: 400;\">\u00c0 l&rsquo;approche du Vieux Quaremont, une \u00e9norme chute collective a mis \u00e0 terre <strong>Julian Alaphilippe<\/strong> (Soudal Quick-Step), <strong>Peter Sagan<\/strong> (TotalEnergies), <strong>Wout Van Aert<\/strong> (Jumbo-Visma), <strong>Ben Turner<\/strong> (INEOS Grenadiers), <strong>Oier Lazkano<\/strong> (Movistar), <strong>Jasper Stuyven<\/strong> (Trek Segafredo), <strong>Neilson Powless<\/strong> (EF Education EasyPost) et <strong>Tim Wellens<\/strong> (UAE Team Emirates). Alors que le peloton avait laiss\u00e9 plus de 6 minutes 20. Turner, Lazkano, Wellens et Sagan ont \u00e9t\u00e9 oblig\u00e9s d&rsquo;abandonner.\u00a0<\/span><\/p>\n<blockquote class=\"twitter-tweet\">\n<p dir=\"ltr\" lang=\"fr\">OH LA GROSSE CHUTE COLLECTIVE ! <a href=\"https:\/\/twitter.com\/hashtag\/RVV23?src=hash&amp;ref_src=twsrc%5Etfw\">#RVV23<\/a><\/p>\n<p>Mais heureusement plus de peur que de mal pour Alaphilippe \ud83c\uddeb\ud83c\uddf7, qui a r\u00e9ussi \u00e0 revenir par la suite <a href=\"https:\/\/twitter.com\/hashtag\/LesRP?src=hash&amp;ref_src=twsrc%5Etfw\">#LesRP<\/a> <a href=\"https:\/\/t.co\/R3YNAS7oAC\">pic.twitter.com\/R3YNAS7oAC<\/a><\/p>\n<p>\u2014 Eurosport France (@Eurosport_FR) <a href=\"https:\/\/twitter.com\/Eurosport_FR\/status\/1642485920703172609?ref_src=twsrc%5Etfw\">April 2, 2023<\/a><\/p><\/blockquote>\n<p><script async src=\"https:\/\/platform.twitter.com\/widgets.js\" charset=\"utf-8\"><\/script><\/p>\n<p style=\"text-align: justify;\"><span style=\"font-weight: 400;\">Dans le Kortekeer, le Team DSM a impos\u00e9 un tempo extr\u00eamement lent, provoquant une chute avec Mathieu van der Poel (Alpecin-Deceuninck). Le coureur n\u00e9erlandais a \u00e9t\u00e9 ramen\u00e9 par <strong>S\u00f8ren Kragh Andersen<\/strong> (Alpecin-Deceuninck). <strong>Magnus Sheffield<\/strong> (INEOS Grenadiers), <strong>Dries van Gestel<\/strong> (TotalEnergies) et <strong>Tiesj Benoot<\/strong> (Jumbo-Visma) sont tomb\u00e9s sur les pav\u00e9s humides du Holleweg.\u00a0<\/span><\/p>\n<h2 style=\"text-align: justify;\">Une course mouvement\u00e9e dans les monts<\/h2>\n<p style=\"text-align: justify;\"><span style=\"font-weight: 400;\">Ensuite, <strong>Mads Pedersen<\/strong> (Trek-Segafredo) est sorti au sommet du Wolvenberg avec dans son sillage <strong>Kevin Geniets<\/strong> (Groupama-FDJ), Max Walscheid (Cofidis), <strong>Yves Lampaert<\/strong> (Soudal Quick-Step), <strong>Tadej Pogacar, Matteo Trentin<\/strong> (UAE Team Emirates), <strong>Nathan van Hooijdonck<\/strong> (Jumbo-Visma) et <strong>Gianni Vermeersch<\/strong> (Alpecin-Deceuninck). La pr\u00e9sence du coureur slov\u00e8ne dans ce contre a contraint les \u00e9quipes Jumbo-Visma et EF Education EasyPost \u00e0 ramener le peloton.\u00a0<\/span><\/p>\n<p style=\"text-align: justify;\"><span style=\"font-weight: 400;\">Ensuite, <strong>Kasper Asgreen<\/strong> (Soudal Quick-Step) a acc\u00e9l\u00e9r\u00e9 dans le Molenberg \u00e0 100 kilom\u00e8tres de l&rsquo;arriv\u00e9e, alors que l&rsquo;\u00e9cart est descendu \u00e0 2 minutes 30. Le Danois a \u00e9t\u00e9 suivi par <strong>Jhonatan Narvarez<\/strong> (INEOS Grenadiers), <strong>Neilson Powless<\/strong> (EF Education EasyPost), <strong>Matteo Trentin<\/strong> (UAE Team Emirates), <strong>Mads Pedersen<\/strong> (Trek Segafredo), <strong>Nathan van Hooijdonck<\/strong> (Jumbo-Visma), <strong>Florian Vermeersch<\/strong> (Lotto Dstny), <strong>Fred Wright<\/strong> (Bahrain Victorious) et <strong>Stefan K\u00fcng<\/strong> (Groupama FDJ). Gr\u00e2ce \u00e0 une attaque dans le Berendries, <strong>Beno\u00eet Cosnefroy<\/strong> (AG2R Citro\u00ebn) et <strong>Matteo Jorgenson<\/strong> (Movistar) ont rejoint le groupe de contre.<\/span><\/p>\n<h2 style=\"text-align: justify;\">Des outsiders anticipent<\/h2>\n<p style=\"text-align: justify;\"><span style=\"font-weight: 400;\">Par la suite, les poursuivants ont repris les \u00e9chapp\u00e9s \u00e0 77 kilom\u00e8tres de l&rsquo;arriv\u00e9e, avec 2 minutes d&rsquo;avance sur un peloton emmen\u00e9 par Alpecin-Deceuninck. Avant le Kanarieberg, une autre grosse chute a eu lieu au sein du peloton. Avec comme principales victimes <strong>Aim\u00e9 De Gendt<\/strong>, <strong>Biniam Girmay<\/strong> (Intermarch\u00e9 Circus Wanty), <strong>Alexander Kristoff<\/strong> (Uno-X Pro Cycling) et <strong>Matej Mohoric<\/strong> (Bahrain Victorious).\u00a0<\/span><\/p>\n<p style=\"text-align: justify;\"><span style=\"font-weight: 400;\">Apr\u00e8s un gros travail de ses \u00e9quipiers, <strong>Tadej Pogacar<\/strong> (UAE Team Emirates) a port\u00e9 une violente attaque dans la deuxi\u00e8me ascension du Vieux-Quaremont alors qu&rsquo;\u00e0 l&rsquo;avant de la course, l&rsquo;\u00e9chapp\u00e9e a perdu <strong>Daan Hoole<\/strong> (Trek-Segafredo), <strong>Elmar Reinders<\/strong> (Jayco &#8211; AlUla), <strong>Filippo Colombo<\/strong> (Q36.5 Pro Cycling), <strong>Guillaume Van Keirsbulck<\/strong> (Bingoal WB), <strong>Hugo Houle<\/strong> (Israel Premier Tech) et <strong>Tim Merlier<\/strong> (Soudal Quick-Step). <strong>Mathieu van der Poel<\/strong> (Alpecin-Deceuninck), <strong>Wout Van Aert, Christophe Laporte<\/strong> (Jumbo-Visma) et <strong>Tom Pidcock<\/strong> (INEOS Grenadiers) sont partis pour revenir sur le Slov\u00e8ne avant le Koppenberg.\u00a0<\/span><\/p>\n<h2 style=\"text-align: justify;\">Les favoris d\u00e9voilent leur jeu<\/h2>\n<p style=\"text-align: justify;\"><span style=\"font-weight: 400;\">Dans le Koppenberg, <strong>Tadej Pogacar<\/strong> (UAE Team Emirates) a port\u00e9 une acc\u00e9l\u00e9ration avec <strong>Wout Van Aert<\/strong> (Jumbo-Visma) et <strong>Mathieu van der Poel<\/strong> (Alpecin-Deceuninck) dans son sillage. Le trio a repris des coureurs l\u00e2ch\u00e9s du groupe de t\u00eate comme <strong>Jhonatan Narvarez<\/strong> (INEOS Grenadiers) et <strong>Beno\u00eet Cosnefroy<\/strong> (AG2R Citro\u00ebn).<\/span><\/p>\n<p style=\"text-align: justify;\"><span style=\"font-weight: 400;\">Avant le Kruisberg, <strong>Mads Pedersen<\/strong> (Trek Segafredo) s&rsquo;est isol\u00e9 en t\u00eate \u00e0 30 kilom\u00e8tres du terme, tandis que <strong>Mathieu van der Poel<\/strong> (Alpecin-Deceuninck) et <strong>Tadej Pogacar<\/strong> (UAE Team Emirates) ont distanc\u00e9 <strong>Wout Van Aert<\/strong> (Jumbo-Visma). Le duo est entr\u00e9 sur le groupe de chasse \u00e0 23 kilom\u00e8tres du terme.\u00a0<\/span><\/p>\n<p style=\"text-align: justify;\"><span style=\"font-weight: 400;\">Finalement, <strong>Tadej Pogacar<\/strong> (UAE Team Emirates) est parti seul et a d\u00e9bord\u00e9 <strong>Mads Pedersen<\/strong> (Trek Segafredo) dans la troisi\u00e8me ascension du Vieux-Quaremont \u00e0 17 kilom\u00e8tres du terme. <strong>Mathieu van der Poel<\/strong> (Alpecin-Deceuninck) \u00e9tait seul en contre. Le Slov\u00e8ne a maintenu son avance dans le Paterberg sur le tenant du titre. \u00c0 un troisi\u00e8me \u00e9chelon, <strong>Mads Pedersen<\/strong> (Trek Segafredo) a \u00e9t\u00e9 repris.\u00a0<\/span><\/p>\n<h2 style=\"text-align: justify;\">Le chef d&rsquo;\u0153uvre de Tadej Pogacar<\/h2>\n<p style=\"text-align: justify;\"><span style=\"font-weight: 400;\">Au final, <strong>Tadej Pogacar<\/strong> (UAE Team Emirates) s&rsquo;est impos\u00e9 en solitaire en devan\u00e7ant de 17 secondes <strong>Mathieu van der Poel<\/strong> (Alpecin-Deceuninck). <strong>Mads Pedersen<\/strong> (Trek Segafredo) a compl\u00e9t\u00e9 le podium \u00e0 1 minute 12, au sprint, devant <strong>Wout Van Aert<\/strong> (Jumbo-Visma) et <strong>Neilson Powless<\/strong> (EF Education EasyPost). Le Slov\u00e8ne est devenu le troisi\u00e8me coureur \u00e0 avoir remport\u00e9 le Tour de Flandres et le Tour de France apr\u00e8s Louison Bobet et Eddy Merckx.\u00a0<\/span><\/p>\n<blockquote class=\"twitter-tweet\">\n<p dir=\"ltr\" lang=\"fr\">Monumental Pogacar ! Le Slov\u00e8ne remporte le Tour des Flandres 2023 et d\u00e9croche un quatri\u00e8me Monument. Van der Poel et Pedersen compl\u00e8tent le podium <a href=\"https:\/\/twitter.com\/hashtag\/RVV23?src=hash&amp;ref_src=twsrc%5Etfw\">#RVV23<\/a> <a href=\"https:\/\/twitter.com\/hashtag\/LesRP?src=hash&amp;ref_src=twsrc%5Etfw\">#LesRP<\/a> <a href=\"https:\/\/t.co\/woMSYEKmfD\">pic.twitter.com\/woMSYEKmfD<\/a><\/p>\n<p>\u2014 Eurosport France (@Eurosport_FR) <a href=\"https:\/\/twitter.com\/Eurosport_FR\/status\/1642536833899798528?ref_src=twsrc%5Etfw\">April 2, 2023<\/a><\/p><\/blockquote>\n<p><script async src=\"https:\/\/platform.twitter.com\/widgets.js\" charset=\"utf-8\"><\/script><\/p>\n<h2 style=\"text-align: justify;\">\u00c0 lire aussi<\/h2>\n<ul>\n<li style=\"text-align: justify;\"><strong><a href=\"https:\/\/dicodusport.fr\/blog\/classement-tour-des-flandres-2023\/\">Le classement du Tour des Flandres 2023<\/a>\u00a0<\/strong><\/li>\n<\/ul>\n","protected":false},"excerpt":{"rendered":"<p>TOUR DES FLANDRES 2023 &#8211; D\u00e9couvrez les favoris et outsiders du Tour des Flandres, le deuxi\u00e8me Monument de la saison.<\/p>\n","protected":false},"author":48,"featured_media":371441,"comment_status":"open","ping_status":"closed","sticky":false,"template":"","format":"standard","meta":{"_acf_changed":false,"_daextam_enable_autolinks":"","footnotes":""},"categories":[46994],"tags":[3119,16878,24,11674,4325],"class_list":["post-371345","post","type-post","status-publish","format-standard","has-post-thumbnail","hentry","category-cyclisme-sur-route","tag-actualite-cyclisme","tag-breve","tag-sport","tag-tadej-pogacar","tag-tour-des-flandres"],"acf":[],"yoast_head":"<!-- This site is optimized with the Yoast SEO Premium plugin v26.7 (Yoast SEO v26.7) - https:\/\/yoast.com\/wordpress\/plugins\/seo\/ -->\n<title>Tour des Flandres 2023 : Le triomphe de Tadej Pogacar !<\/title>\n<meta name=\"description\" content=\"TOUR DES FLANDRES 2023 - Le Slov\u00e8ne Tadej Pogacar (UAE Team Emirates) s&#039;est impos\u00e9 sur le Tour des Flandres 2023, ce dimanche.\" \/>\n<meta name=\"robots\" content=\"index, follow, max-snippet:-1, max-image-preview:large, max-video-preview:-1\" \/>\n<link rel=\"canonical\" href=\"https:\/\/dicodusport.fr\/blog\/tour-des-flandres-2023-le-triomphe-de-tadej-pogacar\/\" \/>\n<meta property=\"og:locale\" content=\"fr_FR\" \/>\n<meta property=\"og:type\" content=\"article\" \/>\n<meta property=\"og:title\" content=\"Tour des Flandres 2023 : Le triomphe de Tadej Pogacar !\" \/>\n<meta property=\"og:description\" content=\"TOUR DES FLANDRES 2023 - Le Slov\u00e8ne Tadej Pogacar (UAE Team Emirates) s&#039;est impos\u00e9 sur le Tour des Flandres 2023, ce dimanche.\" \/>\n<meta property=\"og:url\" content=\"https:\/\/dicodusport.fr\/blog\/tour-des-flandres-2023-le-triomphe-de-tadej-pogacar\/\" \/>\n<meta property=\"og:site_name\" content=\"Dicodusport\" \/>\n<meta property=\"article:publisher\" content=\"https:\/\/www.facebook.com\/dicodusport\" \/>\n<meta property=\"article:author\" content=\"https:\/\/www.facebook.com\/groups\/LesRoisDuPeloton\" \/>\n<meta property=\"article:published_time\" content=\"2023-04-02T14:28:35+00:00\" \/>\n<meta property=\"article:modified_time\" content=\"2023-04-02T17:22:01+00:00\" \/>\n<meta property=\"og:image\" content=\"https:\/\/dicodusport.fr\/blog\/wp-content\/uploads\/2023\/04\/Tour-des-Flandres-2023-Le-triomphe-de-Tadej-Pogacar-.png\" \/>\n\t<meta property=\"og:image:width\" content=\"800\" \/>\n\t<meta property=\"og:image:height\" content=\"445\" \/>\n\t<meta property=\"og:image:type\" content=\"image\/png\" \/>\n<meta name=\"author\" content=\"Emilien Descampiaux\" \/>\n<meta name=\"twitter:card\" content=\"summary_large_image\" \/>\n<meta name=\"twitter:title\" content=\"Tour des Flandres 2023 : Le triomphe de Tadej Pogacar !\" \/>\n<meta name=\"twitter:creator\" content=\"@https:\/\/twitter.com\/LRoisDuPeloton\" \/>\n<meta name=\"twitter:site\" content=\"@dicodusport\" \/>\n<script type=\"application\/ld+json\" class=\"yoast-schema-graph\">{\"@context\":\"https:\/\/schema.org\",\"@graph\":[{\"@type\":\"NewsArticle\",\"@id\":\"https:\/\/dicodusport.fr\/blog\/tour-des-flandres-2023-le-triomphe-de-tadej-pogacar\/#article\",\"isPartOf\":{\"@id\":\"https:\/\/dicodusport.fr\/blog\/tour-des-flandres-2023-le-triomphe-de-tadej-pogacar\/\"},\"author\":{\"name\":\"Emilien Descampiaux\",\"@id\":\"https:\/\/dicodusport.fr\/blog\/#\/schema\/person\/6db4bae06b171592211be385b32876a7\"},\"headline\":\"Tour des Flandres 2023 : Le triomphe de Tadej Pogacar !\",\"datePublished\":\"2023-04-02T14:28:35+00:00\",\"dateModified\":\"2023-04-02T17:22:01+00:00\",\"mainEntityOfPage\":{\"@id\":\"https:\/\/dicodusport.fr\/blog\/tour-des-flandres-2023-le-triomphe-de-tadej-pogacar\/\"},\"wordCount\":1115,\"commentCount\":0,\"publisher\":{\"@id\":\"https:\/\/dicodusport.fr\/blog\/#organization\"},\"image\":{\"@id\":\"https:\/\/dicodusport.fr\/blog\/tour-des-flandres-2023-le-triomphe-de-tadej-pogacar\/#primaryimage\"},\"thumbnailUrl\":\"https:\/\/dicodusport.fr\/blog\/wp-content\/uploads\/2023\/04\/Tour-des-Flandres-2023-Le-triomphe-de-Tadej-Pogacar-.png\",\"keywords\":[\"Actualit\u00e9 Cyclisme\",\"br\u00e8ve\",\"sport\",\"Tadej Pogacar\",\"Tour des Flandres\"],\"articleSection\":[\"Cyclisme sur route\"],\"inLanguage\":\"fr-FR\",\"potentialAction\":[{\"@type\":\"CommentAction\",\"name\":\"Comment\",\"target\":[\"https:\/\/dicodusport.fr\/blog\/tour-des-flandres-2023-le-triomphe-de-tadej-pogacar\/#respond\"]}],\"copyrightYear\":\"2023\",\"copyrightHolder\":{\"@id\":\"https:\/\/dicodusport.fr\/blog\/#organization\"}},{\"@type\":\"WebPage\",\"@id\":\"https:\/\/dicodusport.fr\/blog\/tour-des-flandres-2023-le-triomphe-de-tadej-pogacar\/\",\"url\":\"https:\/\/dicodusport.fr\/blog\/tour-des-flandres-2023-le-triomphe-de-tadej-pogacar\/\",\"name\":\"Tour des Flandres 2023 : Le triomphe de Tadej Pogacar !\",\"isPartOf\":{\"@id\":\"https:\/\/dicodusport.fr\/blog\/#website\"},\"primaryImageOfPage\":{\"@id\":\"https:\/\/dicodusport.fr\/blog\/tour-des-flandres-2023-le-triomphe-de-tadej-pogacar\/#primaryimage\"},\"image\":{\"@id\":\"https:\/\/dicodusport.fr\/blog\/tour-des-flandres-2023-le-triomphe-de-tadej-pogacar\/#primaryimage\"},\"thumbnailUrl\":\"https:\/\/dicodusport.fr\/blog\/wp-content\/uploads\/2023\/04\/Tour-des-Flandres-2023-Le-triomphe-de-Tadej-Pogacar-.png\",\"datePublished\":\"2023-04-02T14:28:35+00:00\",\"dateModified\":\"2023-04-02T17:22:01+00:00\",\"description\":\"TOUR DES FLANDRES 2023 - Le Slov\u00e8ne Tadej Pogacar (UAE Team Emirates) s'est impos\u00e9 sur le Tour des Flandres 2023, ce dimanche.\",\"breadcrumb\":{\"@id\":\"https:\/\/dicodusport.fr\/blog\/tour-des-flandres-2023-le-triomphe-de-tadej-pogacar\/#breadcrumb\"},\"inLanguage\":\"fr-FR\",\"potentialAction\":[{\"@type\":\"ReadAction\",\"target\":[\"https:\/\/dicodusport.fr\/blog\/tour-des-flandres-2023-le-triomphe-de-tadej-pogacar\/\"]}]},{\"@type\":\"ImageObject\",\"inLanguage\":\"fr-FR\",\"@id\":\"https:\/\/dicodusport.fr\/blog\/tour-des-flandres-2023-le-triomphe-de-tadej-pogacar\/#primaryimage\",\"url\":\"https:\/\/dicodusport.fr\/blog\/wp-content\/uploads\/2023\/04\/Tour-des-Flandres-2023-Le-triomphe-de-Tadej-Pogacar-.png\",\"contentUrl\":\"https:\/\/dicodusport.fr\/blog\/wp-content\/uploads\/2023\/04\/Tour-des-Flandres-2023-Le-triomphe-de-Tadej-Pogacar-.png\",\"width\":800,\"height\":445,\"caption\":\"Tour des Flandres 2023 Le triomphe de Tadej Pogacar !\"},{\"@type\":\"BreadcrumbList\",\"@id\":\"https:\/\/dicodusport.fr\/blog\/tour-des-flandres-2023-le-triomphe-de-tadej-pogacar\/#breadcrumb\",\"itemListElement\":[{\"@type\":\"ListItem\",\"position\":1,\"name\":\"Accueil\",\"item\":\"https:\/\/dicodusport.fr\/blog\/\"},{\"@type\":\"ListItem\",\"position\":2,\"name\":\"Tour des Flandres 2023 : Le triomphe de Tadej Pogacar !\"}]},{\"@type\":\"WebSite\",\"@id\":\"https:\/\/dicodusport.fr\/blog\/#website\",\"url\":\"https:\/\/dicodusport.fr\/blog\/\",\"name\":\"Dicodusport\",\"description\":\"L&#039;encyclop\u00e9die de l&#039;actualit\u00e9 sportive\",\"publisher\":{\"@id\":\"https:\/\/dicodusport.fr\/blog\/#organization\"},\"potentialAction\":[{\"@type\":\"SearchAction\",\"target\":{\"@type\":\"EntryPoint\",\"urlTemplate\":\"https:\/\/dicodusport.fr\/blog\/?s={search_term_string}\"},\"query-input\":{\"@type\":\"PropertyValueSpecification\",\"valueRequired\":true,\"valueName\":\"search_term_string\"}}],\"inLanguage\":\"fr-FR\"},{\"@type\":\"NewsMediaOrganization\",\"@id\":\"https:\/\/dicodusport.fr\/blog\/#organization\",\"name\":\"Dicodusport\",\"url\":\"https:\/\/dicodusport.fr\/blog\/\",\"logo\":{\"@type\":\"ImageObject\",\"inLanguage\":\"fr-FR\",\"@id\":\"https:\/\/dicodusport.fr\/blog\/#\/schema\/logo\/image\/\",\"url\":\"https:\/\/dicodusport.fr\/blog\/wp-content\/uploads\/2020\/06\/cropped-LOGO-DICODUSPORT-2020-SANS-FOND-SANS-TEXTE.png\",\"contentUrl\":\"https:\/\/dicodusport.fr\/blog\/wp-content\/uploads\/2020\/06\/cropped-LOGO-DICODUSPORT-2020-SANS-FOND-SANS-TEXTE.png\",\"width\":512,\"height\":512,\"caption\":\"Dicodusport\"},\"image\":{\"@id\":\"https:\/\/dicodusport.fr\/blog\/#\/schema\/logo\/image\/\"},\"sameAs\":[\"https:\/\/www.facebook.com\/dicodusport\",\"https:\/\/x.com\/dicodusport\",\"https:\/\/www.instagram.com\/dicodusport\/\",\"https:\/\/www.youtube.com\/channel\/UC7V2KZ5sd3htJivAbA4ZG3w\"],\"description\":\"Dicodusport est l'encyclop\u00e9die de l'actualit\u00e9 sportive.\",\"email\":\"bonjour@dicodusport.fr\",\"legalName\":\"DICODUSPORT\",\"foundingDate\":\"2018-01-14\",\"vatID\":\"FR71834470973\",\"taxID\":\"83447097300043\",\"numberOfEmployees\":{\"@type\":\"QuantitativeValue\",\"minValue\":\"1\",\"maxValue\":\"10\"}},{\"@type\":\"Person\",\"@id\":\"https:\/\/dicodusport.fr\/blog\/#\/schema\/person\/6db4bae06b171592211be385b32876a7\",\"name\":\"Emilien Descampiaux\",\"image\":{\"@type\":\"ImageObject\",\"inLanguage\":\"fr-FR\",\"@id\":\"https:\/\/dicodusport.fr\/blog\/#\/schema\/person\/image\/\",\"url\":\"https:\/\/dicodusport.fr\/blog\/wp-content\/uploads\/2021\/05\/Emilien-Descampiaux-150x150.jpg\",\"contentUrl\":\"https:\/\/dicodusport.fr\/blog\/wp-content\/uploads\/2021\/05\/Emilien-Descampiaux-150x150.jpg\",\"caption\":\"Emilien Descampiaux\"},\"description\":\"Journaliste\/r\u00e9dacteur depuis 2014 - Fan de la classe de Frank Vandenbroucke, je vis cyclisme (et de ses paysages) depuis plus de 20 ans. Je suis tr\u00e8s impliqu\u00e9 sur mes diff\u00e9rents r\u00e9seaux sociaux pour partager ma passion sur le monde et l'Histoire de la bicyclette avec ma voix sur les images en noir et blanc du succ\u00e8s de Rik Van Steenbergen lors du Ronde sur le V\u00e9lodrome de Gand.\",\"sameAs\":[\"https:\/\/www.facebook.com\/groups\/LesRoisDuPeloton\",\"https:\/\/x.com\/https:\/\/twitter.com\/LRoisDuPeloton\"],\"url\":\"https:\/\/dicodusport.fr\/blog\/author\/emiliend\/\"}]}<\/script>\n<!-- \/ Yoast SEO Premium plugin. -->","yoast_head_json":{"title":"Tour des Flandres 2023 : Le triomphe de Tadej Pogacar !","description":"TOUR DES FLANDRES 2023 - Le Slov\u00e8ne Tadej Pogacar (UAE Team Emirates) s'est impos\u00e9 sur le Tour des Flandres 2023, ce dimanche.","robots":{"index":"index","follow":"follow","max-snippet":"max-snippet:-1","max-image-preview":"max-image-preview:large","max-video-preview":"max-video-preview:-1"},"canonical":"https:\/\/dicodusport.fr\/blog\/tour-des-flandres-2023-le-triomphe-de-tadej-pogacar\/","og_locale":"fr_FR","og_type":"article","og_title":"Tour des Flandres 2023 : Le triomphe de Tadej Pogacar !","og_description":"TOUR DES FLANDRES 2023 - Le Slov\u00e8ne Tadej Pogacar (UAE Team Emirates) s'est impos\u00e9 sur le Tour des Flandres 2023, ce dimanche.","og_url":"https:\/\/dicodusport.fr\/blog\/tour-des-flandres-2023-le-triomphe-de-tadej-pogacar\/","og_site_name":"Dicodusport","article_publisher":"https:\/\/www.facebook.com\/dicodusport","article_author":"https:\/\/www.facebook.com\/groups\/LesRoisDuPeloton","article_published_time":"2023-04-02T14:28:35+00:00","article_modified_time":"2023-04-02T17:22:01+00:00","og_image":[{"width":800,"height":445,"url":"https:\/\/dicodusport.fr\/blog\/wp-content\/uploads\/2023\/04\/Tour-des-Flandres-2023-Le-triomphe-de-Tadej-Pogacar-.png","type":"image\/png"}],"author":"Emilien Descampiaux","twitter_card":"summary_large_image","twitter_title":"Tour des Flandres 2023 : Le triomphe de Tadej Pogacar !","twitter_creator":"@https:\/\/twitter.com\/LRoisDuPeloton","twitter_site":"@dicodusport","schema":{"@context":"https:\/\/schema.org","@graph":[{"@type":"NewsArticle","@id":"https:\/\/dicodusport.fr\/blog\/tour-des-flandres-2023-le-triomphe-de-tadej-pogacar\/#article","isPartOf":{"@id":"https:\/\/dicodusport.fr\/blog\/tour-des-flandres-2023-le-triomphe-de-tadej-pogacar\/"},"author":{"name":"Emilien Descampiaux","@id":"https:\/\/dicodusport.fr\/blog\/#\/schema\/person\/6db4bae06b171592211be385b32876a7"},"headline":"Tour des Flandres 2023 : Le triomphe de Tadej Pogacar !","datePublished":"2023-04-02T14:28:35+00:00","dateModified":"2023-04-02T17:22:01+00:00","mainEntityOfPage":{"@id":"https:\/\/dicodusport.fr\/blog\/tour-des-flandres-2023-le-triomphe-de-tadej-pogacar\/"},"wordCount":1115,"commentCount":0,"publisher":{"@id":"https:\/\/dicodusport.fr\/blog\/#organization"},"image":{"@id":"https:\/\/dicodusport.fr\/blog\/tour-des-flandres-2023-le-triomphe-de-tadej-pogacar\/#primaryimage"},"thumbnailUrl":"https:\/\/dicodusport.fr\/blog\/wp-content\/uploads\/2023\/04\/Tour-des-Flandres-2023-Le-triomphe-de-Tadej-Pogacar-.png","keywords":["Actualit\u00e9 Cyclisme","br\u00e8ve","sport","Tadej Pogacar","Tour des Flandres"],"articleSection":["Cyclisme sur route"],"inLanguage":"fr-FR","potentialAction":[{"@type":"CommentAction","name":"Comment","target":["https:\/\/dicodusport.fr\/blog\/tour-des-flandres-2023-le-triomphe-de-tadej-pogacar\/#respond"]}],"copyrightYear":"2023","copyrightHolder":{"@id":"https:\/\/dicodusport.fr\/blog\/#organization"}},{"@type":"WebPage","@id":"https:\/\/dicodusport.fr\/blog\/tour-des-flandres-2023-le-triomphe-de-tadej-pogacar\/","url":"https:\/\/dicodusport.fr\/blog\/tour-des-flandres-2023-le-triomphe-de-tadej-pogacar\/","name":"Tour des Flandres 2023 : Le triomphe de Tadej Pogacar !","isPartOf":{"@id":"https:\/\/dicodusport.fr\/blog\/#website"},"primaryImageOfPage":{"@id":"https:\/\/dicodusport.fr\/blog\/tour-des-flandres-2023-le-triomphe-de-tadej-pogacar\/#primaryimage"},"image":{"@id":"https:\/\/dicodusport.fr\/blog\/tour-des-flandres-2023-le-triomphe-de-tadej-pogacar\/#primaryimage"},"thumbnailUrl":"https:\/\/dicodusport.fr\/blog\/wp-content\/uploads\/2023\/04\/Tour-des-Flandres-2023-Le-triomphe-de-Tadej-Pogacar-.png","datePublished":"2023-04-02T14:28:35+00:00","dateModified":"2023-04-02T17:22:01+00:00","description":"TOUR DES FLANDRES 2023 - Le Slov\u00e8ne Tadej Pogacar (UAE Team Emirates) s'est impos\u00e9 sur le Tour des Flandres 2023, ce dimanche.","breadcrumb":{"@id":"https:\/\/dicodusport.fr\/blog\/tour-des-flandres-2023-le-triomphe-de-tadej-pogacar\/#breadcrumb"},"inLanguage":"fr-FR","potentialAction":[{"@type":"ReadAction","target":["https:\/\/dicodusport.fr\/blog\/tour-des-flandres-2023-le-triomphe-de-tadej-pogacar\/"]}]},{"@type":"ImageObject","inLanguage":"fr-FR","@id":"https:\/\/dicodusport.fr\/blog\/tour-des-flandres-2023-le-triomphe-de-tadej-pogacar\/#primaryimage","url":"https:\/\/dicodusport.fr\/blog\/wp-content\/uploads\/2023\/04\/Tour-des-Flandres-2023-Le-triomphe-de-Tadej-Pogacar-.png","contentUrl":"https:\/\/dicodusport.fr\/blog\/wp-content\/uploads\/2023\/04\/Tour-des-Flandres-2023-Le-triomphe-de-Tadej-Pogacar-.png","width":800,"height":445,"caption":"Tour des Flandres 2023 Le triomphe de Tadej Pogacar !"},{"@type":"BreadcrumbList","@id":"https:\/\/dicodusport.fr\/blog\/tour-des-flandres-2023-le-triomphe-de-tadej-pogacar\/#breadcrumb","itemListElement":[{"@type":"ListItem","position":1,"name":"Accueil","item":"https:\/\/dicodusport.fr\/blog\/"},{"@type":"ListItem","position":2,"name":"Tour des Flandres 2023 : Le triomphe de Tadej Pogacar !"}]},{"@type":"WebSite","@id":"https:\/\/dicodusport.fr\/blog\/#website","url":"https:\/\/dicodusport.fr\/blog\/","name":"Dicodusport","description":"L&#039;encyclop\u00e9die de l&#039;actualit\u00e9 sportive","publisher":{"@id":"https:\/\/dicodusport.fr\/blog\/#organization"},"potentialAction":[{"@type":"SearchAction","target":{"@type":"EntryPoint","urlTemplate":"https:\/\/dicodusport.fr\/blog\/?s={search_term_string}"},"query-input":{"@type":"PropertyValueSpecification","valueRequired":true,"valueName":"search_term_string"}}],"inLanguage":"fr-FR"},{"@type":"NewsMediaOrganization","@id":"https:\/\/dicodusport.fr\/blog\/#organization","name":"Dicodusport","url":"https:\/\/dicodusport.fr\/blog\/","logo":{"@type":"ImageObject","inLanguage":"fr-FR","@id":"https:\/\/dicodusport.fr\/blog\/#\/schema\/logo\/image\/","url":"https:\/\/dicodusport.fr\/blog\/wp-content\/uploads\/2020\/06\/cropped-LOGO-DICODUSPORT-2020-SANS-FOND-SANS-TEXTE.png","contentUrl":"https:\/\/dicodusport.fr\/blog\/wp-content\/uploads\/2020\/06\/cropped-LOGO-DICODUSPORT-2020-SANS-FOND-SANS-TEXTE.png","width":512,"height":512,"caption":"Dicodusport"},"image":{"@id":"https:\/\/dicodusport.fr\/blog\/#\/schema\/logo\/image\/"},"sameAs":["https:\/\/www.facebook.com\/dicodusport","https:\/\/x.com\/dicodusport","https:\/\/www.instagram.com\/dicodusport\/","https:\/\/www.youtube.com\/channel\/UC7V2KZ5sd3htJivAbA4ZG3w"],"description":"Dicodusport est l'encyclop\u00e9die de l'actualit\u00e9 sportive.","email":"bonjour@dicodusport.fr","legalName":"DICODUSPORT","foundingDate":"2018-01-14","vatID":"FR71834470973","taxID":"83447097300043","numberOfEmployees":{"@type":"QuantitativeValue","minValue":"1","maxValue":"10"}},{"@type":"Person","@id":"https:\/\/dicodusport.fr\/blog\/#\/schema\/person\/6db4bae06b171592211be385b32876a7","name":"Emilien Descampiaux","image":{"@type":"ImageObject","inLanguage":"fr-FR","@id":"https:\/\/dicodusport.fr\/blog\/#\/schema\/person\/image\/","url":"https:\/\/dicodusport.fr\/blog\/wp-content\/uploads\/2021\/05\/Emilien-Descampiaux-150x150.jpg","contentUrl":"https:\/\/dicodusport.fr\/blog\/wp-content\/uploads\/2021\/05\/Emilien-Descampiaux-150x150.jpg","caption":"Emilien Descampiaux"},"description":"Journaliste\/r\u00e9dacteur depuis 2014 - Fan de la classe de Frank Vandenbroucke, je vis cyclisme (et de ses paysages) depuis plus de 20 ans. Je suis tr\u00e8s impliqu\u00e9 sur mes diff\u00e9rents r\u00e9seaux sociaux pour partager ma passion sur le monde et l'Histoire de la bicyclette avec ma voix sur les images en noir et blanc du succ\u00e8s de Rik Van Steenbergen lors du Ronde sur le V\u00e9lodrome de Gand.","sameAs":["https:\/\/www.facebook.com\/groups\/LesRoisDuPeloton","https:\/\/x.com\/https:\/\/twitter.com\/LRoisDuPeloton"],"url":"https:\/\/dicodusport.fr\/blog\/author\/emiliend\/"}]}},"_links":{"self":[{"href":"https:\/\/dicodusport.fr\/blog\/wp-json\/wp\/v2\/posts\/371345","targetHints":{"allow":["GET"]}}],"collection":[{"href":"https:\/\/dicodusport.fr\/blog\/wp-json\/wp\/v2\/posts"}],"about":[{"href":"https:\/\/dicodusport.fr\/blog\/wp-json\/wp\/v2\/types\/post"}],"author":[{"embeddable":true,"href":"https:\/\/dicodusport.fr\/blog\/wp-json\/wp\/v2\/users\/48"}],"replies":[{"embeddable":true,"href":"https:\/\/dicodusport.fr\/blog\/wp-json\/wp\/v2\/comments?post=371345"}],"version-history":[{"count":0,"href":"https:\/\/dicodusport.fr\/blog\/wp-json\/wp\/v2\/posts\/371345\/revisions"}],"wp:featuredmedia":[{"embeddable":true,"href":"https:\/\/dicodusport.fr\/blog\/wp-json\/wp\/v2\/media\/371441"}],"wp:attachment":[{"href":"https:\/\/dicodusport.fr\/blog\/wp-json\/wp\/v2\/media?parent=371345"}],"wp:term":[{"taxonomy":"category","embeddable":true,"href":"https:\/\/dicodusport.fr\/blog\/wp-json\/wp\/v2\/categories?post=371345"},{"taxonomy":"post_tag","embeddable":true,"href":"https:\/\/dicodusport.fr\/blog\/wp-json\/wp\/v2\/tags?post=371345"}],"curies":[{"name":"wp","href":"https:\/\/api.w.org\/{rel}","templated":true}]}}