{"id":371393,"date":"2023-04-02T17:51:07","date_gmt":"2023-04-02T15:51:07","guid":{"rendered":"https:\/\/dicodusport.fr\/blog\/?p=371393&#038;preview=true&#038;preview_id=371393"},"modified":"2023-04-02T19:17:54","modified_gmt":"2023-04-02T17:17:54","slug":"tour-des-flandres-feminin-lotte-kopecky-conserve-sa-couronne","status":"publish","type":"post","link":"https:\/\/dicodusport.fr\/blog\/tour-des-flandres-feminin-lotte-kopecky-conserve-sa-couronne\/","title":{"rendered":"Tour des Flandres F\u00e9minin : Lotte Kopecky conserve sa couronne"},"content":{"rendered":"<p align=\"justify\"><em><strong>TOUR DES FLANDRES FEMMES &#8211; Lotte Kopecky (SD Worx) remporte en solitaire le Tour des Flandres F\u00e9minin, ce dimanche. Elle a fait la diff\u00e9rence \u00e0 20 kilom\u00e8tres de l&rsquo;arriv\u00e9e. En l\u00e2chant Silvia Persico (Team UAE-ADQ), sa derni\u00e8re adversaire. Elle devient la seconde coureuse \u00e0 conserver sa couronne sur le Ronde depuis la N\u00e9erlandaise Mirjam Melchers (2005-2006). C&rsquo;est un doubl\u00e9 pour la SD Worx, avec la 2e place de Demi Vollering. Elisa Longo Borghini (Trek-Segafredo) est 3e. Juliette Labous (Team DSM) entre dans le top 10 \u00e0 la 6e place, pour sa deuxi\u00e8me participation seulement.<\/strong><\/em><\/p>\n<h2 style=\"text-align: justify;\">La SD-Worx fait exploser la course<\/h2>\n<p style=\"text-align: justify;\"><strong>Ally Wollaston<\/strong> (AG Insurance-Soudal Quick Step) a ouvert la route pendant un long moment dans une course qui, comme celle des hommes, a mis du temps \u00e0 se d\u00e9canter et \u00e0 voir la traditionnelle \u00e9chapp\u00e9e matinale se former. Apr\u00e8s avoir fait la course en t\u00eate pendant pr\u00e8s de 40 kilom\u00e8tres, la jeune n\u00e9o-z\u00e9landaise de 22 ans a \u00e9t\u00e9 ensuite rejointe par <strong>Elinor Barker<\/strong> et <strong>Elise Chabbey<\/strong>. Mais les trois jeunes femmes ne vont pas ouvrir la course tr\u00e8s longtemps.<\/p>\n<p style=\"text-align: justify;\">Car la course va exploser loin de l&rsquo;arriv\u00e9e. Les favorites se d\u00e9couvrent t\u00f4t, \u00e0 plus de 45 kilom\u00e8tres du but. Et la SD Worx fait parler sa surpuissance. Avec 3 filles \u00e0 l&rsquo;avant parmi le groupe de 4 qui se d\u00e9tache. On le sait, la formation se pr\u00e9sentait avec la vainqueure sortante<strong> Lotte Kopecky<\/strong>, mais aussi avec <strong>Marlen Reusser<\/strong> et <strong>Demi Vollering<\/strong> qui ont gagn\u00e9 sur les Flandriennes cette ann\u00e9e. Les deux premi\u00e8res cit\u00e9es sont d&rsquo;ailleurs \u00e0 l&rsquo;avant. <strong>Lotte Kopecky<\/strong>,<strong> Lorena Wiebes<\/strong> et <strong>Marlen Reusser<\/strong>, accompagn\u00e9es de<strong> Silvia Persico<\/strong> (UAE-ADQ). <strong>Lorena Wiebes<\/strong> doit n\u00e9anmoins s&rsquo;incliner. Les monts \u00e9taient trop durs pour la sprinteuse n\u00e9erlandaise, et c&rsquo;\u00e9tait d\u00e9j\u00e0 une sacr\u00e9e performance de la retrouver dans un final d&rsquo;une course comme celle-ci.<\/p>\n<h2 style=\"text-align: justify;\">Kopecky et Persico insistent en t\u00eate<\/h2>\n<p style=\"text-align: justify;\">Derri\u00e8re, le groupe de poursuivantes a du mal \u00e0 s&rsquo;organiser, malgr\u00e9 la pr\u00e9sence de trois coureuses de la Trek-Segafredo. On y retrouve la Fran\u00e7aise <strong>Juliette Labous<\/strong> (Team DSM), vraie bonne surprise, elle, la grimpeuse. Avec<strong> Demi Vollering<\/strong> (SD-Worx) qui contr\u00f4le avec deux repr\u00e9sentantes devant.<strong> Arlenis Sierra<\/strong> (Movistar),<strong> Katarzyna Niewiadoma<\/strong> et <strong>Elise Chabbey<\/strong> (Canyon\/Sram Racing), <strong>Anna Henderson<\/strong> (Jumbo-Visma), <strong>Lucinda Brand<\/strong>, <strong>Shirin van Anrooij<\/strong> et<strong> Elisa Longo Borghini<\/strong> (Trek-Segafredo). Mais l&rsquo;\u00e9cart reste limit\u00e9, \u00e0 peine 20 secondes entre les deux \u00e9chelons.<strong> Lucinda Brand<\/strong> et <strong>Elise Chabbey<\/strong> c\u00e8de au pied d&rsquo;un nouveau mont. Comme <strong>Lorena Wiebes<\/strong> puis Arlenis Sierra.<\/p>\n<p style=\"text-align: justify;\">Devant, <strong>Lotte Kopecky<\/strong> fait le forcing et fait c\u00e9der sa co\u00e9quipi\u00e8re <strong>Marlen Reusser<\/strong>. Mais <strong>Silvia Persico<\/strong> s&rsquo;accroche. L&rsquo;Italienne souffre mais s&rsquo;accroche \u00e0 la roue de la Belge ! Derri\u00e8re, cela explose et on retrouve <strong>Shirin van Anrooij<\/strong>,<strong> Demi Vollering<\/strong> et <strong>Katarzyna Niewiadoma<\/strong>. L&rsquo;\u00e9cart entre les deux groupes est de 20 secondes seulement. Et de 35 sur un autre groupe avec <strong>Juliette Labous<\/strong>, qui est en train de jouer un top 10 sur un Monument. Les deux groupes de chasse se rejoignent finalement et l&rsquo;\u00e9cart grimpe \u00e0 33 secondes. On retrouve une nouvelle fois <strong>Elisa Longo Borghini<\/strong> \u00e0 la planche pour sa jeune co\u00e9quipi\u00e8re <strong>Shirin van Anrooij<\/strong>.<\/p>\n<h2 style=\"text-align: justify;\">Kopecky s&rsquo;envole<\/h2>\n<p style=\"text-align: justify;\">Dans l&rsquo;ascension du Vieux-Quaremont, un des grands juges de paix, <strong>Kopecky<\/strong> a fait la diff\u00e9rence. Trop forte, elle\u00a0fait exploser l&rsquo;Italienne. Qui rend les armes ! A ce moment de la course, la Belge est en train de sauver l&rsquo;honneur de la nation, estomaqu\u00e9e par la d\u00e9faite plus t\u00f4t dans l&rsquo;apr\u00e8s-midi de <strong>Wout Van Aert<\/strong>. Mais aussi de conserver son titre, chose qui n&rsquo;a pas \u00e9t\u00e9 r\u00e9alis\u00e9e depuis la N\u00e9erlandaise Mirjam Melchers (2005-2006). En haut, elle bascule avec pr\u00e8s de 30 secondes d&rsquo;avance sur une <strong>Silvia Persico<\/strong> qui a litt\u00e9ralement explos\u00e9 en 2 kilom\u00e8tres. En haut du Paterberg, la Belge a encore creus\u00e9, alors que Silvia Persico est reprise par le groupe des poursuivantes.<\/p>\n<p style=\"text-align: justify;\">Dont se d\u00e9gage <strong>Shirin van Anrooij<\/strong>. Avec <strong>Katarzyna Niewiadoma\u00a0<\/strong>et <strong>Demi Vollering<\/strong>, et <strong>Silvia Persico<\/strong>, qui basculent \u00e0 37 secondes. Mais aucune des coureuses ne reverra la Belge, qui remporte le Ronde. Et ajoute une nouvelle grande victoire \u00e0 son beau palmar\u00e8s. En attendant Paris-Roubaix le week-end prochain ? Et comme aux <strong>Strade Bianche<\/strong>, on retrouve avec elle <strong>Demi Vollering<\/strong>, mais dans l&rsquo;ordre inverse. La N\u00e9erlandaise prend la 2e place. Elisa Longo Borghini compl\u00e8te le podium. <strong>Juliette Labous<\/strong> est la premi\u00e8re fran\u00e7aise avec une magnifique 6e place, pour sa deuxi\u00e8me participation !<\/p>\n<blockquote class=\"twitter-tweet\">\n<p dir=\"ltr\" lang=\"fr\"><a href=\"https:\/\/twitter.com\/hashtag\/TourDesFlandres?src=hash&amp;ref_src=twsrc%5Etfw\">#TourDesFlandres<\/a> | <a href=\"https:\/\/twitter.com\/hashtag\/RVV23?src=hash&amp;ref_src=twsrc%5Etfw\">#RVV23<\/a> <a href=\"https:\/\/twitter.com\/hashtag\/RVVwomen?src=hash&amp;ref_src=twsrc%5Etfw\">#RVVwomen<\/a><\/p>\n<p>\u00c0 domicile, Lotte Kopecky \u00e9tait la plus forte aujourd&rsquo;hui. Le Belge s&rsquo;impose en solitaire et signe un beau doubl\u00e9 sur le Tour des Flandres, puisqu&rsquo;elle avait d\u00e9j\u00e0 remport\u00e9 la victoire l&rsquo;an dernier \ud83d\udc4f <a href=\"https:\/\/t.co\/4x4UinBn52\">pic.twitter.com\/4x4UinBn52<\/a><\/p>\n<p>\u2014 francetvsport (@francetvsport) <a href=\"https:\/\/twitter.com\/francetvsport\/status\/1642558516979179521?ref_src=twsrc%5Etfw\">April 2, 2023<\/a><\/p><\/blockquote>\n<p><script async src=\"https:\/\/platform.twitter.com\/widgets.js\" charset=\"utf-8\"><\/script><\/p>\n","protected":false},"excerpt":{"rendered":"<p>TOUR DES FLANDRES FEMMES &#8211; Lotte Kopecky (SD-Worx) remporte en solitaire le Tour des Flandres F\u00e9minin, ce dimanche.<\/p>\n","protected":false},"author":83,"featured_media":371459,"comment_status":"open","ping_status":"closed","sticky":false,"template":"","format":"standard","meta":{"_acf_changed":false,"_daextam_enable_autolinks":"","footnotes":""},"categories":[46994],"tags":[16878,574,30695,15720],"class_list":["post-371393","post","type-post","status-publish","format-standard","has-post-thumbnail","hentry","category-cyclisme-sur-route","tag-breve","tag-cyclisme","tag-lotte-kopecky","tag-tour-des-flandres-femmes"],"acf":[],"yoast_head":"<!-- This site is optimized with the Yoast SEO Premium plugin v26.7 (Yoast SEO v26.7) - https:\/\/yoast.com\/wordpress\/plugins\/seo\/ -->\n<title>Tour des Flandres F\u00e9minin : Lotte Kopecky conserve sa couronne<\/title>\n<meta name=\"description\" content=\"TOUR DES FLANDRES FEMMES - Lotte Kopecky (SD-Worx) remporte en solitaire le Tour des Flandres F\u00e9minin, ce dimanche.\" \/>\n<meta name=\"robots\" content=\"index, follow, max-snippet:-1, max-image-preview:large, max-video-preview:-1\" \/>\n<link rel=\"canonical\" href=\"https:\/\/dicodusport.fr\/blog\/tour-des-flandres-feminin-lotte-kopecky-conserve-sa-couronne\/\" \/>\n<meta property=\"og:locale\" content=\"fr_FR\" \/>\n<meta property=\"og:type\" content=\"article\" \/>\n<meta property=\"og:title\" content=\"Tour des Flandres F\u00e9minin : Lotte Kopecky conserve sa couronne\" \/>\n<meta property=\"og:description\" content=\"TOUR DES FLANDRES FEMMES - Lotte Kopecky (SD-Worx) remporte en solitaire le Tour des Flandres F\u00e9minin, ce dimanche.\" \/>\n<meta property=\"og:url\" content=\"https:\/\/dicodusport.fr\/blog\/tour-des-flandres-feminin-lotte-kopecky-conserve-sa-couronne\/\" \/>\n<meta property=\"og:site_name\" content=\"Dicodusport\" \/>\n<meta property=\"article:publisher\" content=\"https:\/\/www.facebook.com\/dicodusport\" \/>\n<meta property=\"article:published_time\" content=\"2023-04-02T15:51:07+00:00\" \/>\n<meta property=\"article:modified_time\" content=\"2023-04-02T17:17:54+00:00\" \/>\n<meta property=\"og:image\" content=\"https:\/\/dicodusport.fr\/blog\/wp-content\/uploads\/2023\/04\/Tour-des-Flandres-Feminin-Lotte-Kopecky-conserve-sa-couronne.png\" \/>\n\t<meta property=\"og:image:width\" content=\"800\" \/>\n\t<meta property=\"og:image:height\" content=\"445\" \/>\n\t<meta property=\"og:image:type\" content=\"image\/png\" \/>\n<meta name=\"author\" content=\"Etienne Goursaud\" \/>\n<meta name=\"twitter:card\" content=\"summary_large_image\" \/>\n<meta name=\"twitter:title\" content=\"Tour des Flandres F\u00e9minin : Lotte Kopecky conserve sa couronne\" \/>\n<meta name=\"twitter:creator\" content=\"@dicodusport\" \/>\n<meta name=\"twitter:site\" content=\"@dicodusport\" \/>\n<script type=\"application\/ld+json\" class=\"yoast-schema-graph\">{\"@context\":\"https:\/\/schema.org\",\"@graph\":[{\"@type\":\"NewsArticle\",\"@id\":\"https:\/\/dicodusport.fr\/blog\/tour-des-flandres-feminin-lotte-kopecky-conserve-sa-couronne\/#article\",\"isPartOf\":{\"@id\":\"https:\/\/dicodusport.fr\/blog\/tour-des-flandres-feminin-lotte-kopecky-conserve-sa-couronne\/\"},\"author\":{\"name\":\"Etienne Goursaud\",\"@id\":\"https:\/\/dicodusport.fr\/blog\/#\/schema\/person\/d603dd7da31fb2b46c82b9835a77ec13\"},\"headline\":\"Tour des Flandres F\u00e9minin : Lotte Kopecky conserve sa couronne\",\"datePublished\":\"2023-04-02T15:51:07+00:00\",\"dateModified\":\"2023-04-02T17:17:54+00:00\",\"mainEntityOfPage\":{\"@id\":\"https:\/\/dicodusport.fr\/blog\/tour-des-flandres-feminin-lotte-kopecky-conserve-sa-couronne\/\"},\"wordCount\":826,\"commentCount\":0,\"publisher\":{\"@id\":\"https:\/\/dicodusport.fr\/blog\/#organization\"},\"image\":{\"@id\":\"https:\/\/dicodusport.fr\/blog\/tour-des-flandres-feminin-lotte-kopecky-conserve-sa-couronne\/#primaryimage\"},\"thumbnailUrl\":\"https:\/\/dicodusport.fr\/blog\/wp-content\/uploads\/2023\/04\/Tour-des-Flandres-Feminin-Lotte-Kopecky-conserve-sa-couronne.png\",\"keywords\":[\"br\u00e8ve\",\"Cyclisme\",\"lotte kopecky\",\"Tour des Flandres femmes\"],\"articleSection\":[\"Cyclisme sur route\"],\"inLanguage\":\"fr-FR\",\"potentialAction\":[{\"@type\":\"CommentAction\",\"name\":\"Comment\",\"target\":[\"https:\/\/dicodusport.fr\/blog\/tour-des-flandres-feminin-lotte-kopecky-conserve-sa-couronne\/#respond\"]}],\"copyrightYear\":\"2023\",\"copyrightHolder\":{\"@id\":\"https:\/\/dicodusport.fr\/blog\/#organization\"}},{\"@type\":\"WebPage\",\"@id\":\"https:\/\/dicodusport.fr\/blog\/tour-des-flandres-feminin-lotte-kopecky-conserve-sa-couronne\/\",\"url\":\"https:\/\/dicodusport.fr\/blog\/tour-des-flandres-feminin-lotte-kopecky-conserve-sa-couronne\/\",\"name\":\"Tour des Flandres F\u00e9minin : Lotte Kopecky conserve sa couronne\",\"isPartOf\":{\"@id\":\"https:\/\/dicodusport.fr\/blog\/#website\"},\"primaryImageOfPage\":{\"@id\":\"https:\/\/dicodusport.fr\/blog\/tour-des-flandres-feminin-lotte-kopecky-conserve-sa-couronne\/#primaryimage\"},\"image\":{\"@id\":\"https:\/\/dicodusport.fr\/blog\/tour-des-flandres-feminin-lotte-kopecky-conserve-sa-couronne\/#primaryimage\"},\"thumbnailUrl\":\"https:\/\/dicodusport.fr\/blog\/wp-content\/uploads\/2023\/04\/Tour-des-Flandres-Feminin-Lotte-Kopecky-conserve-sa-couronne.png\",\"datePublished\":\"2023-04-02T15:51:07+00:00\",\"dateModified\":\"2023-04-02T17:17:54+00:00\",\"description\":\"TOUR DES FLANDRES FEMMES - Lotte Kopecky (SD-Worx) remporte en solitaire le Tour des Flandres F\u00e9minin, ce dimanche.\",\"breadcrumb\":{\"@id\":\"https:\/\/dicodusport.fr\/blog\/tour-des-flandres-feminin-lotte-kopecky-conserve-sa-couronne\/#breadcrumb\"},\"inLanguage\":\"fr-FR\",\"potentialAction\":[{\"@type\":\"ReadAction\",\"target\":[\"https:\/\/dicodusport.fr\/blog\/tour-des-flandres-feminin-lotte-kopecky-conserve-sa-couronne\/\"]}]},{\"@type\":\"ImageObject\",\"inLanguage\":\"fr-FR\",\"@id\":\"https:\/\/dicodusport.fr\/blog\/tour-des-flandres-feminin-lotte-kopecky-conserve-sa-couronne\/#primaryimage\",\"url\":\"https:\/\/dicodusport.fr\/blog\/wp-content\/uploads\/2023\/04\/Tour-des-Flandres-Feminin-Lotte-Kopecky-conserve-sa-couronne.png\",\"contentUrl\":\"https:\/\/dicodusport.fr\/blog\/wp-content\/uploads\/2023\/04\/Tour-des-Flandres-Feminin-Lotte-Kopecky-conserve-sa-couronne.png\",\"width\":800,\"height\":445,\"caption\":\"Tour des Flandres F\u00e9minin Lotte Kopecky conserve sa couronne\"},{\"@type\":\"BreadcrumbList\",\"@id\":\"https:\/\/dicodusport.fr\/blog\/tour-des-flandres-feminin-lotte-kopecky-conserve-sa-couronne\/#breadcrumb\",\"itemListElement\":[{\"@type\":\"ListItem\",\"position\":1,\"name\":\"Accueil\",\"item\":\"https:\/\/dicodusport.fr\/blog\/\"},{\"@type\":\"ListItem\",\"position\":2,\"name\":\"Tour des Flandres F\u00e9minin : Lotte Kopecky conserve sa couronne\"}]},{\"@type\":\"WebSite\",\"@id\":\"https:\/\/dicodusport.fr\/blog\/#website\",\"url\":\"https:\/\/dicodusport.fr\/blog\/\",\"name\":\"Dicodusport\",\"description\":\"L&#039;encyclop\u00e9die de l&#039;actualit\u00e9 sportive\",\"publisher\":{\"@id\":\"https:\/\/dicodusport.fr\/blog\/#organization\"},\"potentialAction\":[{\"@type\":\"SearchAction\",\"target\":{\"@type\":\"EntryPoint\",\"urlTemplate\":\"https:\/\/dicodusport.fr\/blog\/?s={search_term_string}\"},\"query-input\":{\"@type\":\"PropertyValueSpecification\",\"valueRequired\":true,\"valueName\":\"search_term_string\"}}],\"inLanguage\":\"fr-FR\"},{\"@type\":\"NewsMediaOrganization\",\"@id\":\"https:\/\/dicodusport.fr\/blog\/#organization\",\"name\":\"Dicodusport\",\"url\":\"https:\/\/dicodusport.fr\/blog\/\",\"logo\":{\"@type\":\"ImageObject\",\"inLanguage\":\"fr-FR\",\"@id\":\"https:\/\/dicodusport.fr\/blog\/#\/schema\/logo\/image\/\",\"url\":\"https:\/\/dicodusport.fr\/blog\/wp-content\/uploads\/2020\/06\/cropped-LOGO-DICODUSPORT-2020-SANS-FOND-SANS-TEXTE.png\",\"contentUrl\":\"https:\/\/dicodusport.fr\/blog\/wp-content\/uploads\/2020\/06\/cropped-LOGO-DICODUSPORT-2020-SANS-FOND-SANS-TEXTE.png\",\"width\":512,\"height\":512,\"caption\":\"Dicodusport\"},\"image\":{\"@id\":\"https:\/\/dicodusport.fr\/blog\/#\/schema\/logo\/image\/\"},\"sameAs\":[\"https:\/\/www.facebook.com\/dicodusport\",\"https:\/\/x.com\/dicodusport\",\"https:\/\/www.instagram.com\/dicodusport\/\",\"https:\/\/www.youtube.com\/channel\/UC7V2KZ5sd3htJivAbA4ZG3w\"],\"description\":\"Dicodusport est l'encyclop\u00e9die de l'actualit\u00e9 sportive.\",\"email\":\"bonjour@dicodusport.fr\",\"legalName\":\"DICODUSPORT\",\"foundingDate\":\"2018-01-14\",\"vatID\":\"FR71834470973\",\"taxID\":\"83447097300043\",\"numberOfEmployees\":{\"@type\":\"QuantitativeValue\",\"minValue\":\"1\",\"maxValue\":\"10\"}},{\"@type\":\"Person\",\"@id\":\"https:\/\/dicodusport.fr\/blog\/#\/schema\/person\/d603dd7da31fb2b46c82b9835a77ec13\",\"name\":\"Etienne Goursaud\",\"image\":{\"@type\":\"ImageObject\",\"inLanguage\":\"fr-FR\",\"@id\":\"https:\/\/dicodusport.fr\/blog\/#\/schema\/person\/image\/\",\"url\":\"https:\/\/dicodusport.fr\/blog\/wp-content\/uploads\/2023\/12\/410122264_10231602061736049_5565839791558026645_n-150x150.jpg\",\"contentUrl\":\"https:\/\/dicodusport.fr\/blog\/wp-content\/uploads\/2023\/12\/410122264_10231602061736049_5565839791558026645_n-150x150.jpg\",\"caption\":\"Etienne Goursaud\"},\"description\":\"Journaliste et amoureux de sport. Ancien footballeur reconverti athl\u00e8te quand ses muscles le laissent tranquille. \u00c9lev\u00e9 \u00e0 la sauce des exploits de Thomas Voeckler en 2004, du dernier essai de l\u00e9gende de Eunice Barber \u00e0 la longueur lors des championnats du monde d'athl\u00e9tisme de 2003 mais aussi Zidane, Omeyer et Titou Lamaison.\",\"url\":\"https:\/\/dicodusport.fr\/blog\/author\/etienne-goursaud\/\"}]}<\/script>\n<!-- \/ Yoast SEO Premium plugin. -->","yoast_head_json":{"title":"Tour des Flandres F\u00e9minin : Lotte Kopecky conserve sa couronne","description":"TOUR DES FLANDRES FEMMES - Lotte Kopecky (SD-Worx) remporte en solitaire le Tour des Flandres F\u00e9minin, ce dimanche.","robots":{"index":"index","follow":"follow","max-snippet":"max-snippet:-1","max-image-preview":"max-image-preview:large","max-video-preview":"max-video-preview:-1"},"canonical":"https:\/\/dicodusport.fr\/blog\/tour-des-flandres-feminin-lotte-kopecky-conserve-sa-couronne\/","og_locale":"fr_FR","og_type":"article","og_title":"Tour des Flandres F\u00e9minin : Lotte Kopecky conserve sa couronne","og_description":"TOUR DES FLANDRES FEMMES - Lotte Kopecky (SD-Worx) remporte en solitaire le Tour des Flandres F\u00e9minin, ce dimanche.","og_url":"https:\/\/dicodusport.fr\/blog\/tour-des-flandres-feminin-lotte-kopecky-conserve-sa-couronne\/","og_site_name":"Dicodusport","article_publisher":"https:\/\/www.facebook.com\/dicodusport","article_published_time":"2023-04-02T15:51:07+00:00","article_modified_time":"2023-04-02T17:17:54+00:00","og_image":[{"width":800,"height":445,"url":"https:\/\/dicodusport.fr\/blog\/wp-content\/uploads\/2023\/04\/Tour-des-Flandres-Feminin-Lotte-Kopecky-conserve-sa-couronne.png","type":"image\/png"}],"author":"Etienne Goursaud","twitter_card":"summary_large_image","twitter_title":"Tour des Flandres F\u00e9minin : Lotte Kopecky conserve sa couronne","twitter_creator":"@dicodusport","twitter_site":"@dicodusport","schema":{"@context":"https:\/\/schema.org","@graph":[{"@type":"NewsArticle","@id":"https:\/\/dicodusport.fr\/blog\/tour-des-flandres-feminin-lotte-kopecky-conserve-sa-couronne\/#article","isPartOf":{"@id":"https:\/\/dicodusport.fr\/blog\/tour-des-flandres-feminin-lotte-kopecky-conserve-sa-couronne\/"},"author":{"name":"Etienne Goursaud","@id":"https:\/\/dicodusport.fr\/blog\/#\/schema\/person\/d603dd7da31fb2b46c82b9835a77ec13"},"headline":"Tour des Flandres F\u00e9minin : Lotte Kopecky conserve sa couronne","datePublished":"2023-04-02T15:51:07+00:00","dateModified":"2023-04-02T17:17:54+00:00","mainEntityOfPage":{"@id":"https:\/\/dicodusport.fr\/blog\/tour-des-flandres-feminin-lotte-kopecky-conserve-sa-couronne\/"},"wordCount":826,"commentCount":0,"publisher":{"@id":"https:\/\/dicodusport.fr\/blog\/#organization"},"image":{"@id":"https:\/\/dicodusport.fr\/blog\/tour-des-flandres-feminin-lotte-kopecky-conserve-sa-couronne\/#primaryimage"},"thumbnailUrl":"https:\/\/dicodusport.fr\/blog\/wp-content\/uploads\/2023\/04\/Tour-des-Flandres-Feminin-Lotte-Kopecky-conserve-sa-couronne.png","keywords":["br\u00e8ve","Cyclisme","lotte kopecky","Tour des Flandres femmes"],"articleSection":["Cyclisme sur route"],"inLanguage":"fr-FR","potentialAction":[{"@type":"CommentAction","name":"Comment","target":["https:\/\/dicodusport.fr\/blog\/tour-des-flandres-feminin-lotte-kopecky-conserve-sa-couronne\/#respond"]}],"copyrightYear":"2023","copyrightHolder":{"@id":"https:\/\/dicodusport.fr\/blog\/#organization"}},{"@type":"WebPage","@id":"https:\/\/dicodusport.fr\/blog\/tour-des-flandres-feminin-lotte-kopecky-conserve-sa-couronne\/","url":"https:\/\/dicodusport.fr\/blog\/tour-des-flandres-feminin-lotte-kopecky-conserve-sa-couronne\/","name":"Tour des Flandres F\u00e9minin : Lotte Kopecky conserve sa couronne","isPartOf":{"@id":"https:\/\/dicodusport.fr\/blog\/#website"},"primaryImageOfPage":{"@id":"https:\/\/dicodusport.fr\/blog\/tour-des-flandres-feminin-lotte-kopecky-conserve-sa-couronne\/#primaryimage"},"image":{"@id":"https:\/\/dicodusport.fr\/blog\/tour-des-flandres-feminin-lotte-kopecky-conserve-sa-couronne\/#primaryimage"},"thumbnailUrl":"https:\/\/dicodusport.fr\/blog\/wp-content\/uploads\/2023\/04\/Tour-des-Flandres-Feminin-Lotte-Kopecky-conserve-sa-couronne.png","datePublished":"2023-04-02T15:51:07+00:00","dateModified":"2023-04-02T17:17:54+00:00","description":"TOUR DES FLANDRES FEMMES - Lotte Kopecky (SD-Worx) remporte en solitaire le Tour des Flandres F\u00e9minin, ce dimanche.","breadcrumb":{"@id":"https:\/\/dicodusport.fr\/blog\/tour-des-flandres-feminin-lotte-kopecky-conserve-sa-couronne\/#breadcrumb"},"inLanguage":"fr-FR","potentialAction":[{"@type":"ReadAction","target":["https:\/\/dicodusport.fr\/blog\/tour-des-flandres-feminin-lotte-kopecky-conserve-sa-couronne\/"]}]},{"@type":"ImageObject","inLanguage":"fr-FR","@id":"https:\/\/dicodusport.fr\/blog\/tour-des-flandres-feminin-lotte-kopecky-conserve-sa-couronne\/#primaryimage","url":"https:\/\/dicodusport.fr\/blog\/wp-content\/uploads\/2023\/04\/Tour-des-Flandres-Feminin-Lotte-Kopecky-conserve-sa-couronne.png","contentUrl":"https:\/\/dicodusport.fr\/blog\/wp-content\/uploads\/2023\/04\/Tour-des-Flandres-Feminin-Lotte-Kopecky-conserve-sa-couronne.png","width":800,"height":445,"caption":"Tour des Flandres F\u00e9minin Lotte Kopecky conserve sa couronne"},{"@type":"BreadcrumbList","@id":"https:\/\/dicodusport.fr\/blog\/tour-des-flandres-feminin-lotte-kopecky-conserve-sa-couronne\/#breadcrumb","itemListElement":[{"@type":"ListItem","position":1,"name":"Accueil","item":"https:\/\/dicodusport.fr\/blog\/"},{"@type":"ListItem","position":2,"name":"Tour des Flandres F\u00e9minin : Lotte Kopecky conserve sa couronne"}]},{"@type":"WebSite","@id":"https:\/\/dicodusport.fr\/blog\/#website","url":"https:\/\/dicodusport.fr\/blog\/","name":"Dicodusport","description":"L&#039;encyclop\u00e9die de l&#039;actualit\u00e9 sportive","publisher":{"@id":"https:\/\/dicodusport.fr\/blog\/#organization"},"potentialAction":[{"@type":"SearchAction","target":{"@type":"EntryPoint","urlTemplate":"https:\/\/dicodusport.fr\/blog\/?s={search_term_string}"},"query-input":{"@type":"PropertyValueSpecification","valueRequired":true,"valueName":"search_term_string"}}],"inLanguage":"fr-FR"},{"@type":"NewsMediaOrganization","@id":"https:\/\/dicodusport.fr\/blog\/#organization","name":"Dicodusport","url":"https:\/\/dicodusport.fr\/blog\/","logo":{"@type":"ImageObject","inLanguage":"fr-FR","@id":"https:\/\/dicodusport.fr\/blog\/#\/schema\/logo\/image\/","url":"https:\/\/dicodusport.fr\/blog\/wp-content\/uploads\/2020\/06\/cropped-LOGO-DICODUSPORT-2020-SANS-FOND-SANS-TEXTE.png","contentUrl":"https:\/\/dicodusport.fr\/blog\/wp-content\/uploads\/2020\/06\/cropped-LOGO-DICODUSPORT-2020-SANS-FOND-SANS-TEXTE.png","width":512,"height":512,"caption":"Dicodusport"},"image":{"@id":"https:\/\/dicodusport.fr\/blog\/#\/schema\/logo\/image\/"},"sameAs":["https:\/\/www.facebook.com\/dicodusport","https:\/\/x.com\/dicodusport","https:\/\/www.instagram.com\/dicodusport\/","https:\/\/www.youtube.com\/channel\/UC7V2KZ5sd3htJivAbA4ZG3w"],"description":"Dicodusport est l'encyclop\u00e9die de l'actualit\u00e9 sportive.","email":"bonjour@dicodusport.fr","legalName":"DICODUSPORT","foundingDate":"2018-01-14","vatID":"FR71834470973","taxID":"83447097300043","numberOfEmployees":{"@type":"QuantitativeValue","minValue":"1","maxValue":"10"}},{"@type":"Person","@id":"https:\/\/dicodusport.fr\/blog\/#\/schema\/person\/d603dd7da31fb2b46c82b9835a77ec13","name":"Etienne Goursaud","image":{"@type":"ImageObject","inLanguage":"fr-FR","@id":"https:\/\/dicodusport.fr\/blog\/#\/schema\/person\/image\/","url":"https:\/\/dicodusport.fr\/blog\/wp-content\/uploads\/2023\/12\/410122264_10231602061736049_5565839791558026645_n-150x150.jpg","contentUrl":"https:\/\/dicodusport.fr\/blog\/wp-content\/uploads\/2023\/12\/410122264_10231602061736049_5565839791558026645_n-150x150.jpg","caption":"Etienne Goursaud"},"description":"Journaliste et amoureux de sport. Ancien footballeur reconverti athl\u00e8te quand ses muscles le laissent tranquille. \u00c9lev\u00e9 \u00e0 la sauce des exploits de Thomas Voeckler en 2004, du dernier essai de l\u00e9gende de Eunice Barber \u00e0 la longueur lors des championnats du monde d'athl\u00e9tisme de 2003 mais aussi Zidane, Omeyer et Titou Lamaison.","url":"https:\/\/dicodusport.fr\/blog\/author\/etienne-goursaud\/"}]}},"_links":{"self":[{"href":"https:\/\/dicodusport.fr\/blog\/wp-json\/wp\/v2\/posts\/371393","targetHints":{"allow":["GET"]}}],"collection":[{"href":"https:\/\/dicodusport.fr\/blog\/wp-json\/wp\/v2\/posts"}],"about":[{"href":"https:\/\/dicodusport.fr\/blog\/wp-json\/wp\/v2\/types\/post"}],"author":[{"embeddable":true,"href":"https:\/\/dicodusport.fr\/blog\/wp-json\/wp\/v2\/users\/83"}],"replies":[{"embeddable":true,"href":"https:\/\/dicodusport.fr\/blog\/wp-json\/wp\/v2\/comments?post=371393"}],"version-history":[{"count":0,"href":"https:\/\/dicodusport.fr\/blog\/wp-json\/wp\/v2\/posts\/371393\/revisions"}],"wp:featuredmedia":[{"embeddable":true,"href":"https:\/\/dicodusport.fr\/blog\/wp-json\/wp\/v2\/media\/371459"}],"wp:attachment":[{"href":"https:\/\/dicodusport.fr\/blog\/wp-json\/wp\/v2\/media?parent=371393"}],"wp:term":[{"taxonomy":"category","embeddable":true,"href":"https:\/\/dicodusport.fr\/blog\/wp-json\/wp\/v2\/categories?post=371393"},{"taxonomy":"post_tag","embeddable":true,"href":"https:\/\/dicodusport.fr\/blog\/wp-json\/wp\/v2\/tags?post=371393"}],"curies":[{"name":"wp","href":"https:\/\/api.w.org\/{rel}","templated":true}]}}