{"id":371563,"date":"2023-04-03T09:40:15","date_gmt":"2023-04-03T07:40:15","guid":{"rendered":"https:\/\/dicodusport.fr\/blog\/?p=371563&#038;preview=true&#038;preview_id=371563"},"modified":"2023-04-03T10:37:15","modified_gmt":"2023-04-03T08:37:15","slug":"circuit-itf-selena-janicijevic-et-clement-chidekh-sacres-ce-dimanche","status":"publish","type":"post","link":"https:\/\/dicodusport.fr\/blog\/circuit-itf-selena-janicijevic-et-clement-chidekh-sacres-ce-dimanche\/","title":{"rendered":"Circuit ITF : Selena Janicijevic et Cl\u00e9ment Chidekh sacr\u00e9s ce dimanche"},"content":{"rendered":"<p style=\"text-align: justify;\"><strong><em>CIRCUIT ITF TENNIS &#8211; 100% de r\u00e9ussite pour les Bleus hier, puisque Selena Janicijevic et Cl\u00e9ment Chidekh ont tous deux garni leur armoire \u00e0 troph\u00e9es.\u00a0<\/em><\/strong><\/p>\n<p style=\"text-align: justify;\">Apr\u00e8s une ann\u00e9e 2022 de grande qualit\u00e9 &#8211; 5 titres sur le circuit ITF &#8211;<strong> Selena Janicijevic<\/strong> nageait en plein paradoxe en 2023. <a href=\"https:\/\/dicodusport.fr\/blog\/qualifications-open-daustralie-quatre-bleus-verront-le-tableau-final\/\">Elle \u00e9tait sortie des qualifications de l&rsquo;Open d&rsquo;Australie<\/a>, mais n&rsquo;avait gagn\u00e9 aucun match par ailleurs. M\u00e9forme corrig\u00e9e cette semaine en Colombie, lors du W25 de Sopo. Un tournoi compliqu\u00e9, avec trois matchs en trois sets, dont la finale contre <strong>Suzan Lamens<\/strong> (<strong>6-4, 5-7, 6-4<\/strong>). Mais l&rsquo;essentiel est ailleurs, et elle pourrait enfin lancer sa saison avec ce 8e titre en carri\u00e8re.<\/p>\n<p style=\"text-align: justify;\"><strong>Cl\u00e9ment Chidekh<\/strong>, lui, est d\u00e9j\u00e0 en pleine bourre en 2023. Il a rafl\u00e9 hier son troisi\u00e8me titre de la saison, mais cette fois \u00e0 domicile, lors du M25 de Saint-Dizier. Il n&rsquo;aura trembl\u00e9 qu&rsquo;un set, le premier, en finale, avant d&rsquo;\u00e9carter <strong>Khumoyun Sultanov 7-6 (4), 6-1<\/strong>. Le voil\u00e0 solidement install\u00e9 dans le Top 400, avec pourquoi pas une wild card pour les qualifications de Roland-Garros en ligne de mire.<\/p>\n<blockquote class=\"twitter-tweet\">\n<p dir=\"ltr\" lang=\"fr\">Cl\u00e9ment Chidekh remporte son 2\u00e8 Future de l&rsquo;ann\u00e9e \u00e0 <a href=\"https:\/\/twitter.com\/hashtag\/SaintDizier?src=hash&amp;ref_src=twsrc%5Etfw\">#SaintDizier<\/a> en battant en finale l&rsquo;Ouzbekh Sultanov 7\/6 6\/1.<br \/>\nIl devrait grimper autour de la 340\u00e8 place mondiale.<\/p>\n<p>\u2014 FrenchiesTennis (@FrenchiesTennis) <a href=\"https:\/\/twitter.com\/FrenchiesTennis\/status\/1642536220105252867?ref_src=twsrc%5Etfw\">April 2, 2023<\/a><\/p><\/blockquote>\n<p style=\"text-align: justify;\"><script async src=\"https:\/\/platform.twitter.com\/widgets.js\" charset=\"utf-8\"><\/script><\/p>\n","protected":false},"excerpt":{"rendered":"<p>CIRCUIT ITF TENNIS &#8211; 100% de r\u00e9ussite pour les Bleus hier, puisque Selena Janicijevic et Cl\u00e9ment Chidekh ont tous deux garni leur armoire \u00e0 troph\u00e9es.\u00a0<\/p>\n","protected":false},"author":59,"featured_media":371566,"comment_status":"open","ping_status":"closed","sticky":false,"template":"","format":"standard","meta":{"_acf_changed":false,"_daextam_enable_autolinks":"","footnotes":""},"categories":[2302],"tags":[16878,28938,23244,4792],"class_list":["post-371563","post","type-post","status-publish","format-standard","has-post-thumbnail","hentry","category-tennis","tag-breve","tag-clement-chidekh","tag-selena-janicijevic","tag-tennis-francais"],"acf":[],"yoast_head":"<!-- This site is optimized with the Yoast SEO Premium plugin v26.7 (Yoast SEO v26.7) - https:\/\/yoast.com\/wordpress\/plugins\/seo\/ -->\n<title>Circuit ITF : Selena Janicijevic et Cl\u00e9ment Chidekh sacr\u00e9s ce dimanche<\/title>\n<meta name=\"description\" content=\"CIRCUIT ITF TENNIS - 100% de r\u00e9ussite pour les Bleus hier, Selena Janicijevic et Cl\u00e9ment Chidekh ont tous deux garni leur armoire \u00e0 troph\u00e9es.\u00a0\" \/>\n<meta name=\"robots\" content=\"index, follow, max-snippet:-1, max-image-preview:large, max-video-preview:-1\" \/>\n<link rel=\"canonical\" href=\"https:\/\/dicodusport.fr\/blog\/circuit-itf-selena-janicijevic-et-clement-chidekh-sacres-ce-dimanche\/\" \/>\n<meta property=\"og:locale\" content=\"fr_FR\" \/>\n<meta property=\"og:type\" content=\"article\" \/>\n<meta property=\"og:title\" content=\"Circuit ITF : Selena Janicijevic et Cl\u00e9ment Chidekh sacr\u00e9s ce dimanche\" \/>\n<meta property=\"og:description\" content=\"CIRCUIT ITF TENNIS - 100% de r\u00e9ussite pour les Bleus hier, Selena Janicijevic et Cl\u00e9ment Chidekh ont tous deux garni leur armoire \u00e0 troph\u00e9es.\u00a0\" \/>\n<meta property=\"og:url\" content=\"https:\/\/dicodusport.fr\/blog\/circuit-itf-selena-janicijevic-et-clement-chidekh-sacres-ce-dimanche\/\" \/>\n<meta property=\"og:site_name\" content=\"Dicodusport\" \/>\n<meta property=\"article:publisher\" content=\"https:\/\/www.facebook.com\/dicodusport\" \/>\n<meta property=\"article:author\" content=\"https:\/\/www.facebook.com\/sebastien.gente\/\" \/>\n<meta property=\"article:published_time\" content=\"2023-04-03T07:40:15+00:00\" \/>\n<meta property=\"article:modified_time\" content=\"2023-04-03T08:37:15+00:00\" \/>\n<meta property=\"og:image\" content=\"https:\/\/dicodusport.fr\/blog\/wp-content\/uploads\/2023\/04\/Circuit-ITF-Selena-Janicijevic-et-Clement-Chidekh-sacres-ce-dimanche.png\" \/>\n\t<meta property=\"og:image:width\" content=\"800\" \/>\n\t<meta property=\"og:image:height\" content=\"445\" \/>\n\t<meta property=\"og:image:type\" content=\"image\/png\" \/>\n<meta name=\"author\" content=\"S\u00e9bastien Gente\" \/>\n<meta name=\"twitter:card\" content=\"summary_large_image\" \/>\n<meta name=\"twitter:title\" content=\"Circuit ITF : Selena Janicijevic et Cl\u00e9ment Chidekh sacr\u00e9s ce dimanche\" \/>\n<meta name=\"twitter:creator\" content=\"@https:\/\/twitter.com\/globulo24\" \/>\n<meta name=\"twitter:site\" content=\"@dicodusport\" \/>\n<script type=\"application\/ld+json\" class=\"yoast-schema-graph\">{\"@context\":\"https:\/\/schema.org\",\"@graph\":[{\"@type\":\"NewsArticle\",\"@id\":\"https:\/\/dicodusport.fr\/blog\/circuit-itf-selena-janicijevic-et-clement-chidekh-sacres-ce-dimanche\/#article\",\"isPartOf\":{\"@id\":\"https:\/\/dicodusport.fr\/blog\/circuit-itf-selena-janicijevic-et-clement-chidekh-sacres-ce-dimanche\/\"},\"author\":{\"name\":\"S\u00e9bastien Gente\",\"@id\":\"https:\/\/dicodusport.fr\/blog\/#\/schema\/person\/627966a6cde45dbd8c5e36ac85d783da\"},\"headline\":\"Circuit ITF : Selena Janicijevic et Cl\u00e9ment Chidekh sacr\u00e9s ce dimanche\",\"datePublished\":\"2023-04-03T07:40:15+00:00\",\"dateModified\":\"2023-04-03T08:37:15+00:00\",\"mainEntityOfPage\":{\"@id\":\"https:\/\/dicodusport.fr\/blog\/circuit-itf-selena-janicijevic-et-clement-chidekh-sacres-ce-dimanche\/\"},\"wordCount\":228,\"commentCount\":0,\"publisher\":{\"@id\":\"https:\/\/dicodusport.fr\/blog\/#organization\"},\"image\":{\"@id\":\"https:\/\/dicodusport.fr\/blog\/circuit-itf-selena-janicijevic-et-clement-chidekh-sacres-ce-dimanche\/#primaryimage\"},\"thumbnailUrl\":\"https:\/\/dicodusport.fr\/blog\/wp-content\/uploads\/2023\/04\/Circuit-ITF-Selena-Janicijevic-et-Clement-Chidekh-sacres-ce-dimanche.png\",\"keywords\":[\"br\u00e8ve\",\"Cl\u00e9ment Chidekh\",\"Selena Janicijevic\",\"Tennis fran\u00e7ais\"],\"articleSection\":[\"Tennis\"],\"inLanguage\":\"fr-FR\",\"potentialAction\":[{\"@type\":\"CommentAction\",\"name\":\"Comment\",\"target\":[\"https:\/\/dicodusport.fr\/blog\/circuit-itf-selena-janicijevic-et-clement-chidekh-sacres-ce-dimanche\/#respond\"]}],\"copyrightYear\":\"2023\",\"copyrightHolder\":{\"@id\":\"https:\/\/dicodusport.fr\/blog\/#organization\"}},{\"@type\":\"WebPage\",\"@id\":\"https:\/\/dicodusport.fr\/blog\/circuit-itf-selena-janicijevic-et-clement-chidekh-sacres-ce-dimanche\/\",\"url\":\"https:\/\/dicodusport.fr\/blog\/circuit-itf-selena-janicijevic-et-clement-chidekh-sacres-ce-dimanche\/\",\"name\":\"Circuit ITF : Selena Janicijevic et Cl\u00e9ment Chidekh sacr\u00e9s ce dimanche\",\"isPartOf\":{\"@id\":\"https:\/\/dicodusport.fr\/blog\/#website\"},\"primaryImageOfPage\":{\"@id\":\"https:\/\/dicodusport.fr\/blog\/circuit-itf-selena-janicijevic-et-clement-chidekh-sacres-ce-dimanche\/#primaryimage\"},\"image\":{\"@id\":\"https:\/\/dicodusport.fr\/blog\/circuit-itf-selena-janicijevic-et-clement-chidekh-sacres-ce-dimanche\/#primaryimage\"},\"thumbnailUrl\":\"https:\/\/dicodusport.fr\/blog\/wp-content\/uploads\/2023\/04\/Circuit-ITF-Selena-Janicijevic-et-Clement-Chidekh-sacres-ce-dimanche.png\",\"datePublished\":\"2023-04-03T07:40:15+00:00\",\"dateModified\":\"2023-04-03T08:37:15+00:00\",\"description\":\"CIRCUIT ITF TENNIS - 100% de r\u00e9ussite pour les Bleus hier, Selena Janicijevic et Cl\u00e9ment Chidekh ont tous deux garni leur armoire \u00e0 troph\u00e9es.\u00a0\",\"breadcrumb\":{\"@id\":\"https:\/\/dicodusport.fr\/blog\/circuit-itf-selena-janicijevic-et-clement-chidekh-sacres-ce-dimanche\/#breadcrumb\"},\"inLanguage\":\"fr-FR\",\"potentialAction\":[{\"@type\":\"ReadAction\",\"target\":[\"https:\/\/dicodusport.fr\/blog\/circuit-itf-selena-janicijevic-et-clement-chidekh-sacres-ce-dimanche\/\"]}]},{\"@type\":\"ImageObject\",\"inLanguage\":\"fr-FR\",\"@id\":\"https:\/\/dicodusport.fr\/blog\/circuit-itf-selena-janicijevic-et-clement-chidekh-sacres-ce-dimanche\/#primaryimage\",\"url\":\"https:\/\/dicodusport.fr\/blog\/wp-content\/uploads\/2023\/04\/Circuit-ITF-Selena-Janicijevic-et-Clement-Chidekh-sacres-ce-dimanche.png\",\"contentUrl\":\"https:\/\/dicodusport.fr\/blog\/wp-content\/uploads\/2023\/04\/Circuit-ITF-Selena-Janicijevic-et-Clement-Chidekh-sacres-ce-dimanche.png\",\"width\":800,\"height\":445,\"caption\":\"Circuit ITF Selena Janicijevic et Cl\u00e9ment Chidekh sacr\u00e9s ce dimanche\"},{\"@type\":\"BreadcrumbList\",\"@id\":\"https:\/\/dicodusport.fr\/blog\/circuit-itf-selena-janicijevic-et-clement-chidekh-sacres-ce-dimanche\/#breadcrumb\",\"itemListElement\":[{\"@type\":\"ListItem\",\"position\":1,\"name\":\"Accueil\",\"item\":\"https:\/\/dicodusport.fr\/blog\/\"},{\"@type\":\"ListItem\",\"position\":2,\"name\":\"Circuit ITF : Selena Janicijevic et Cl\u00e9ment Chidekh sacr\u00e9s ce dimanche\"}]},{\"@type\":\"WebSite\",\"@id\":\"https:\/\/dicodusport.fr\/blog\/#website\",\"url\":\"https:\/\/dicodusport.fr\/blog\/\",\"name\":\"Dicodusport\",\"description\":\"L&#039;encyclop\u00e9die de l&#039;actualit\u00e9 sportive\",\"publisher\":{\"@id\":\"https:\/\/dicodusport.fr\/blog\/#organization\"},\"potentialAction\":[{\"@type\":\"SearchAction\",\"target\":{\"@type\":\"EntryPoint\",\"urlTemplate\":\"https:\/\/dicodusport.fr\/blog\/?s={search_term_string}\"},\"query-input\":{\"@type\":\"PropertyValueSpecification\",\"valueRequired\":true,\"valueName\":\"search_term_string\"}}],\"inLanguage\":\"fr-FR\"},{\"@type\":\"NewsMediaOrganization\",\"@id\":\"https:\/\/dicodusport.fr\/blog\/#organization\",\"name\":\"Dicodusport\",\"url\":\"https:\/\/dicodusport.fr\/blog\/\",\"logo\":{\"@type\":\"ImageObject\",\"inLanguage\":\"fr-FR\",\"@id\":\"https:\/\/dicodusport.fr\/blog\/#\/schema\/logo\/image\/\",\"url\":\"https:\/\/dicodusport.fr\/blog\/wp-content\/uploads\/2020\/06\/cropped-LOGO-DICODUSPORT-2020-SANS-FOND-SANS-TEXTE.png\",\"contentUrl\":\"https:\/\/dicodusport.fr\/blog\/wp-content\/uploads\/2020\/06\/cropped-LOGO-DICODUSPORT-2020-SANS-FOND-SANS-TEXTE.png\",\"width\":512,\"height\":512,\"caption\":\"Dicodusport\"},\"image\":{\"@id\":\"https:\/\/dicodusport.fr\/blog\/#\/schema\/logo\/image\/\"},\"sameAs\":[\"https:\/\/www.facebook.com\/dicodusport\",\"https:\/\/x.com\/dicodusport\",\"https:\/\/www.instagram.com\/dicodusport\/\",\"https:\/\/www.youtube.com\/channel\/UC7V2KZ5sd3htJivAbA4ZG3w\"],\"description\":\"Dicodusport est l'encyclop\u00e9die de l'actualit\u00e9 sportive.\",\"email\":\"bonjour@dicodusport.fr\",\"legalName\":\"DICODUSPORT\",\"foundingDate\":\"2018-01-14\",\"vatID\":\"FR71834470973\",\"taxID\":\"83447097300043\",\"numberOfEmployees\":{\"@type\":\"QuantitativeValue\",\"minValue\":\"1\",\"maxValue\":\"10\"}},{\"@type\":\"Person\",\"@id\":\"https:\/\/dicodusport.fr\/blog\/#\/schema\/person\/627966a6cde45dbd8c5e36ac85d783da\",\"name\":\"S\u00e9bastien Gente\",\"image\":{\"@type\":\"ImageObject\",\"inLanguage\":\"fr-FR\",\"@id\":\"https:\/\/dicodusport.fr\/blog\/#\/schema\/person\/image\/\",\"url\":\"https:\/\/dicodusport.fr\/blog\/wp-content\/uploads\/2021\/09\/1510990_10205810251400683_4124423575079401707_n-150x150.jpg\",\"contentUrl\":\"https:\/\/dicodusport.fr\/blog\/wp-content\/uploads\/2021\/09\/1510990_10205810251400683_4124423575079401707_n-150x150.jpg\",\"caption\":\"S\u00e9bastien Gente\"},\"description\":\"John Stockton, Gianni Bugno, Zinedine Zidane, Steffi Graf, Frode Andresen, St\u00e9phane Stoecklin, Davis Kamoga, Primoz Peterka, Werner Schlager et Aur\u00e9lien Rougerie. Point commun entre ces sportifs? Ils m'ont fait r\u00eaver et ont berc\u00e9 mon adolescence. Je suis un fondu de sports et j'essaie de retranscrire ma passion \u00e0 travers mes articles. Originaire du P\u00e9rigord, ma passion pour les Girondins, les Jaunards et les Jazzmen transpire dans mes \u00e9crits. \u00c0 Dicodusport depuis 2021, je d\u00e9niche les sports m\u00e9connus dans lesquels la France brille, et il y en a !\",\"sameAs\":[\"https:\/\/www.facebook.com\/sebastien.gente\/\",\"https:\/\/www.instagram.com\/sebgente\/\",\"https:\/\/www.linkedin.com\/in\/sbastien-gente-a29583169\/\",\"https:\/\/x.com\/https:\/\/twitter.com\/globulo24\",\"SebastienGente\"],\"worksFor\":\"S\u00e9bastien GENTE\",\"url\":\"https:\/\/dicodusport.fr\/blog\/author\/sebastiengente\/\"}]}<\/script>\n<!-- \/ Yoast SEO Premium plugin. -->","yoast_head_json":{"title":"Circuit ITF : Selena Janicijevic et Cl\u00e9ment Chidekh sacr\u00e9s ce dimanche","description":"CIRCUIT ITF TENNIS - 100% de r\u00e9ussite pour les Bleus hier, Selena Janicijevic et Cl\u00e9ment Chidekh ont tous deux garni leur armoire \u00e0 troph\u00e9es.\u00a0","robots":{"index":"index","follow":"follow","max-snippet":"max-snippet:-1","max-image-preview":"max-image-preview:large","max-video-preview":"max-video-preview:-1"},"canonical":"https:\/\/dicodusport.fr\/blog\/circuit-itf-selena-janicijevic-et-clement-chidekh-sacres-ce-dimanche\/","og_locale":"fr_FR","og_type":"article","og_title":"Circuit ITF : Selena Janicijevic et Cl\u00e9ment Chidekh sacr\u00e9s ce dimanche","og_description":"CIRCUIT ITF TENNIS - 100% de r\u00e9ussite pour les Bleus hier, Selena Janicijevic et Cl\u00e9ment Chidekh ont tous deux garni leur armoire \u00e0 troph\u00e9es.\u00a0","og_url":"https:\/\/dicodusport.fr\/blog\/circuit-itf-selena-janicijevic-et-clement-chidekh-sacres-ce-dimanche\/","og_site_name":"Dicodusport","article_publisher":"https:\/\/www.facebook.com\/dicodusport","article_author":"https:\/\/www.facebook.com\/sebastien.gente\/","article_published_time":"2023-04-03T07:40:15+00:00","article_modified_time":"2023-04-03T08:37:15+00:00","og_image":[{"width":800,"height":445,"url":"https:\/\/dicodusport.fr\/blog\/wp-content\/uploads\/2023\/04\/Circuit-ITF-Selena-Janicijevic-et-Clement-Chidekh-sacres-ce-dimanche.png","type":"image\/png"}],"author":"S\u00e9bastien Gente","twitter_card":"summary_large_image","twitter_title":"Circuit ITF : Selena Janicijevic et Cl\u00e9ment Chidekh sacr\u00e9s ce dimanche","twitter_creator":"@https:\/\/twitter.com\/globulo24","twitter_site":"@dicodusport","schema":{"@context":"https:\/\/schema.org","@graph":[{"@type":"NewsArticle","@id":"https:\/\/dicodusport.fr\/blog\/circuit-itf-selena-janicijevic-et-clement-chidekh-sacres-ce-dimanche\/#article","isPartOf":{"@id":"https:\/\/dicodusport.fr\/blog\/circuit-itf-selena-janicijevic-et-clement-chidekh-sacres-ce-dimanche\/"},"author":{"name":"S\u00e9bastien Gente","@id":"https:\/\/dicodusport.fr\/blog\/#\/schema\/person\/627966a6cde45dbd8c5e36ac85d783da"},"headline":"Circuit ITF : Selena Janicijevic et Cl\u00e9ment Chidekh sacr\u00e9s ce dimanche","datePublished":"2023-04-03T07:40:15+00:00","dateModified":"2023-04-03T08:37:15+00:00","mainEntityOfPage":{"@id":"https:\/\/dicodusport.fr\/blog\/circuit-itf-selena-janicijevic-et-clement-chidekh-sacres-ce-dimanche\/"},"wordCount":228,"commentCount":0,"publisher":{"@id":"https:\/\/dicodusport.fr\/blog\/#organization"},"image":{"@id":"https:\/\/dicodusport.fr\/blog\/circuit-itf-selena-janicijevic-et-clement-chidekh-sacres-ce-dimanche\/#primaryimage"},"thumbnailUrl":"https:\/\/dicodusport.fr\/blog\/wp-content\/uploads\/2023\/04\/Circuit-ITF-Selena-Janicijevic-et-Clement-Chidekh-sacres-ce-dimanche.png","keywords":["br\u00e8ve","Cl\u00e9ment Chidekh","Selena Janicijevic","Tennis fran\u00e7ais"],"articleSection":["Tennis"],"inLanguage":"fr-FR","potentialAction":[{"@type":"CommentAction","name":"Comment","target":["https:\/\/dicodusport.fr\/blog\/circuit-itf-selena-janicijevic-et-clement-chidekh-sacres-ce-dimanche\/#respond"]}],"copyrightYear":"2023","copyrightHolder":{"@id":"https:\/\/dicodusport.fr\/blog\/#organization"}},{"@type":"WebPage","@id":"https:\/\/dicodusport.fr\/blog\/circuit-itf-selena-janicijevic-et-clement-chidekh-sacres-ce-dimanche\/","url":"https:\/\/dicodusport.fr\/blog\/circuit-itf-selena-janicijevic-et-clement-chidekh-sacres-ce-dimanche\/","name":"Circuit ITF : Selena Janicijevic et Cl\u00e9ment Chidekh sacr\u00e9s ce dimanche","isPartOf":{"@id":"https:\/\/dicodusport.fr\/blog\/#website"},"primaryImageOfPage":{"@id":"https:\/\/dicodusport.fr\/blog\/circuit-itf-selena-janicijevic-et-clement-chidekh-sacres-ce-dimanche\/#primaryimage"},"image":{"@id":"https:\/\/dicodusport.fr\/blog\/circuit-itf-selena-janicijevic-et-clement-chidekh-sacres-ce-dimanche\/#primaryimage"},"thumbnailUrl":"https:\/\/dicodusport.fr\/blog\/wp-content\/uploads\/2023\/04\/Circuit-ITF-Selena-Janicijevic-et-Clement-Chidekh-sacres-ce-dimanche.png","datePublished":"2023-04-03T07:40:15+00:00","dateModified":"2023-04-03T08:37:15+00:00","description":"CIRCUIT ITF TENNIS - 100% de r\u00e9ussite pour les Bleus hier, Selena Janicijevic et Cl\u00e9ment Chidekh ont tous deux garni leur armoire \u00e0 troph\u00e9es.\u00a0","breadcrumb":{"@id":"https:\/\/dicodusport.fr\/blog\/circuit-itf-selena-janicijevic-et-clement-chidekh-sacres-ce-dimanche\/#breadcrumb"},"inLanguage":"fr-FR","potentialAction":[{"@type":"ReadAction","target":["https:\/\/dicodusport.fr\/blog\/circuit-itf-selena-janicijevic-et-clement-chidekh-sacres-ce-dimanche\/"]}]},{"@type":"ImageObject","inLanguage":"fr-FR","@id":"https:\/\/dicodusport.fr\/blog\/circuit-itf-selena-janicijevic-et-clement-chidekh-sacres-ce-dimanche\/#primaryimage","url":"https:\/\/dicodusport.fr\/blog\/wp-content\/uploads\/2023\/04\/Circuit-ITF-Selena-Janicijevic-et-Clement-Chidekh-sacres-ce-dimanche.png","contentUrl":"https:\/\/dicodusport.fr\/blog\/wp-content\/uploads\/2023\/04\/Circuit-ITF-Selena-Janicijevic-et-Clement-Chidekh-sacres-ce-dimanche.png","width":800,"height":445,"caption":"Circuit ITF Selena Janicijevic et Cl\u00e9ment Chidekh sacr\u00e9s ce dimanche"},{"@type":"BreadcrumbList","@id":"https:\/\/dicodusport.fr\/blog\/circuit-itf-selena-janicijevic-et-clement-chidekh-sacres-ce-dimanche\/#breadcrumb","itemListElement":[{"@type":"ListItem","position":1,"name":"Accueil","item":"https:\/\/dicodusport.fr\/blog\/"},{"@type":"ListItem","position":2,"name":"Circuit ITF : Selena Janicijevic et Cl\u00e9ment Chidekh sacr\u00e9s ce dimanche"}]},{"@type":"WebSite","@id":"https:\/\/dicodusport.fr\/blog\/#website","url":"https:\/\/dicodusport.fr\/blog\/","name":"Dicodusport","description":"L&#039;encyclop\u00e9die de l&#039;actualit\u00e9 sportive","publisher":{"@id":"https:\/\/dicodusport.fr\/blog\/#organization"},"potentialAction":[{"@type":"SearchAction","target":{"@type":"EntryPoint","urlTemplate":"https:\/\/dicodusport.fr\/blog\/?s={search_term_string}"},"query-input":{"@type":"PropertyValueSpecification","valueRequired":true,"valueName":"search_term_string"}}],"inLanguage":"fr-FR"},{"@type":"NewsMediaOrganization","@id":"https:\/\/dicodusport.fr\/blog\/#organization","name":"Dicodusport","url":"https:\/\/dicodusport.fr\/blog\/","logo":{"@type":"ImageObject","inLanguage":"fr-FR","@id":"https:\/\/dicodusport.fr\/blog\/#\/schema\/logo\/image\/","url":"https:\/\/dicodusport.fr\/blog\/wp-content\/uploads\/2020\/06\/cropped-LOGO-DICODUSPORT-2020-SANS-FOND-SANS-TEXTE.png","contentUrl":"https:\/\/dicodusport.fr\/blog\/wp-content\/uploads\/2020\/06\/cropped-LOGO-DICODUSPORT-2020-SANS-FOND-SANS-TEXTE.png","width":512,"height":512,"caption":"Dicodusport"},"image":{"@id":"https:\/\/dicodusport.fr\/blog\/#\/schema\/logo\/image\/"},"sameAs":["https:\/\/www.facebook.com\/dicodusport","https:\/\/x.com\/dicodusport","https:\/\/www.instagram.com\/dicodusport\/","https:\/\/www.youtube.com\/channel\/UC7V2KZ5sd3htJivAbA4ZG3w"],"description":"Dicodusport est l'encyclop\u00e9die de l'actualit\u00e9 sportive.","email":"bonjour@dicodusport.fr","legalName":"DICODUSPORT","foundingDate":"2018-01-14","vatID":"FR71834470973","taxID":"83447097300043","numberOfEmployees":{"@type":"QuantitativeValue","minValue":"1","maxValue":"10"}},{"@type":"Person","@id":"https:\/\/dicodusport.fr\/blog\/#\/schema\/person\/627966a6cde45dbd8c5e36ac85d783da","name":"S\u00e9bastien Gente","image":{"@type":"ImageObject","inLanguage":"fr-FR","@id":"https:\/\/dicodusport.fr\/blog\/#\/schema\/person\/image\/","url":"https:\/\/dicodusport.fr\/blog\/wp-content\/uploads\/2021\/09\/1510990_10205810251400683_4124423575079401707_n-150x150.jpg","contentUrl":"https:\/\/dicodusport.fr\/blog\/wp-content\/uploads\/2021\/09\/1510990_10205810251400683_4124423575079401707_n-150x150.jpg","caption":"S\u00e9bastien Gente"},"description":"John Stockton, Gianni Bugno, Zinedine Zidane, Steffi Graf, Frode Andresen, St\u00e9phane Stoecklin, Davis Kamoga, Primoz Peterka, Werner Schlager et Aur\u00e9lien Rougerie. Point commun entre ces sportifs? Ils m'ont fait r\u00eaver et ont berc\u00e9 mon adolescence. Je suis un fondu de sports et j'essaie de retranscrire ma passion \u00e0 travers mes articles. Originaire du P\u00e9rigord, ma passion pour les Girondins, les Jaunards et les Jazzmen transpire dans mes \u00e9crits. \u00c0 Dicodusport depuis 2021, je d\u00e9niche les sports m\u00e9connus dans lesquels la France brille, et il y en a !","sameAs":["https:\/\/www.facebook.com\/sebastien.gente\/","https:\/\/www.instagram.com\/sebgente\/","https:\/\/www.linkedin.com\/in\/sbastien-gente-a29583169\/","https:\/\/x.com\/https:\/\/twitter.com\/globulo24","SebastienGente"],"worksFor":"S\u00e9bastien GENTE","url":"https:\/\/dicodusport.fr\/blog\/author\/sebastiengente\/"}]}},"_links":{"self":[{"href":"https:\/\/dicodusport.fr\/blog\/wp-json\/wp\/v2\/posts\/371563","targetHints":{"allow":["GET"]}}],"collection":[{"href":"https:\/\/dicodusport.fr\/blog\/wp-json\/wp\/v2\/posts"}],"about":[{"href":"https:\/\/dicodusport.fr\/blog\/wp-json\/wp\/v2\/types\/post"}],"author":[{"embeddable":true,"href":"https:\/\/dicodusport.fr\/blog\/wp-json\/wp\/v2\/users\/59"}],"replies":[{"embeddable":true,"href":"https:\/\/dicodusport.fr\/blog\/wp-json\/wp\/v2\/comments?post=371563"}],"version-history":[{"count":0,"href":"https:\/\/dicodusport.fr\/blog\/wp-json\/wp\/v2\/posts\/371563\/revisions"}],"wp:featuredmedia":[{"embeddable":true,"href":"https:\/\/dicodusport.fr\/blog\/wp-json\/wp\/v2\/media\/371566"}],"wp:attachment":[{"href":"https:\/\/dicodusport.fr\/blog\/wp-json\/wp\/v2\/media?parent=371563"}],"wp:term":[{"taxonomy":"category","embeddable":true,"href":"https:\/\/dicodusport.fr\/blog\/wp-json\/wp\/v2\/categories?post=371563"},{"taxonomy":"post_tag","embeddable":true,"href":"https:\/\/dicodusport.fr\/blog\/wp-json\/wp\/v2\/tags?post=371563"}],"curies":[{"name":"wp","href":"https:\/\/api.w.org\/{rel}","templated":true}]}}