{"id":371710,"date":"2023-04-04T10:36:53","date_gmt":"2023-04-04T08:36:53","guid":{"rendered":"https:\/\/dicodusport.fr\/blog\/?p=371710&#038;preview=true&#038;preview_id=371710"},"modified":"2023-04-04T10:45:03","modified_gmt":"2023-04-04T08:45:03","slug":"corinne-diacre-va-reclamer-le-pactole-a-la-federation-francaise-de-football","status":"publish","type":"post","link":"https:\/\/dicodusport.fr\/blog\/corinne-diacre-va-reclamer-le-pactole-a-la-federation-francaise-de-football\/","title":{"rendered":"Corinne Diacre va r\u00e9clamer le pactole \u00e0 la F\u00e9d\u00e9ration Fran\u00e7aise de Football"},"content":{"rendered":"<p align=\"justify\"><em><strong>FOOTBALL &#8211; Selon L&rsquo;\u00c9quipe, Corinne Diacre, d\u00e9barqu\u00e9e de son poste de s\u00e9lectionneuse, va r\u00e9clamer un d\u00e9dommagement en plus de continuer \u00e0 \u00eatre pay\u00e9e jusqu&rsquo;\u00e0 la fin de son contrat.\u00a0<\/strong><\/em><\/p>\n<p align=\"justify\"><strong>Corinne<\/strong> <strong>Diacre<\/strong> n&rsquo;est plus la s\u00e9lectionneuse des <strong>Bleues<\/strong>. <a href=\"https:\/\/dicodusport.fr\/blog\/sans-surprise-herve-renard-est-nomme-selectionneur-de-lequipe-de-france-feminine\/\"><strong>Herv\u00e9<\/strong> <strong>Renard<\/strong> a m\u00eame \u00e9t\u00e9 nomm\u00e9 la semaine derni\u00e8re<\/a> pour la remplacer. Mais pour autant, l&rsquo;ancienne internationale fran\u00e7aise n&rsquo;a pas \u00e9t\u00e9 licenci\u00e9e par la <strong>F\u00e9d\u00e9ration Fran\u00e7aise de Football<\/strong>. Elle va donc \u00eatre pay\u00e9e tous les mois jusqu&rsquo;\u00e0 la fin de son contrat en ao\u00fbt 2024, et <a href=\"https:\/\/dicodusport.fr\/blog\/equipe-de-france-salaire-contrat-ce-que-gagne-corinne-diacre-a-la-tete-des-bleues\/\">toucher ses 27 000 euros brut mensuels<\/a>, pendant encore un an et demi.<\/p>\n<h2 style=\"text-align: justify;\" align=\"justify\">Diallo s&rsquo;explique<\/h2>\n<p align=\"justify\"><strong>Corinne<\/strong> <strong>Diacre<\/strong> gardera aussi sa voiture de fonction, mais elle ne compte pas s&rsquo;arr\u00eater l\u00e0. Elle estime \u00eatre tomb\u00e9e dans un guet-apens, et que son image a \u00e9t\u00e9 ternie par cette affaire. L&rsquo;ancienne s\u00e9lectionneuse de l&rsquo;<strong>\u00e9quipe de France<\/strong> compte donc demander un d\u00e9dommagement en plus de son salaire. <strong>Philippe<\/strong> <strong>Diallo<\/strong>, pr\u00e9sident de la <strong>FFF<\/strong>, s&rsquo;est expliqu\u00e9 dans les colonnes de <em>L&rsquo;\u00c9quipe<\/em>.<\/p>\n<blockquote>\n<p style=\"text-align: justify;\" align=\"justify\">Nous souhaitons trouver un accord avec Corinne. Nous comprenons sa situation, mais il faut aussi comprendre que la FFF a \u00e9t\u00e9 confront\u00e9e \u00e0 une situation qu&rsquo;elle n&rsquo;a pas provoqu\u00e9e.<\/p>\n<\/blockquote>\n<p align=\"justify\">La <strong>F\u00e9d\u00e9ration Fran\u00e7aise de Football<\/strong> va logiquement essayer de payer la plus petite indemnit\u00e9 possible. Mais <strong>Corinne<\/strong> <strong>Diacre<\/strong> envisagerait de demander environ 400 000 euros en plus de son salaire.<\/p>\n<blockquote class=\"twitter-tweet\">\n<p dir=\"ltr\" lang=\"fr\">\u00c9cart\u00e9e sans m\u00e9nagement de son poste de s\u00e9lectionneuse apr\u00e8s le coup de force de certaines joueuses, la technicienne Corinne Diacre s&rsquo;estime victime d&rsquo;une cabale et m\u00e9riter plus que les salaires dus jusqu&rsquo;\u00e0 la fin de son contrat <a href=\"https:\/\/t.co\/o8ktr5O0NK\">https:\/\/t.co\/o8ktr5O0NK<\/a> <a href=\"https:\/\/t.co\/yZTojd1J1j\">pic.twitter.com\/yZTojd1J1j<\/a><\/p>\n<p>\u2014 L&rsquo;\u00c9QUIPE (@lequipe) <a href=\"https:\/\/twitter.com\/lequipe\/status\/1642998327472971784?ref_src=twsrc%5Etfw\">April 3, 2023<\/a><\/p><\/blockquote>\n<p><script async src=\"https:\/\/platform.twitter.com\/widgets.js\" charset=\"utf-8\"><\/script><\/p>\n","protected":false},"excerpt":{"rendered":"<p>FOOTBALL &#8211; Selon L&rsquo;\u00c9quipe, Corinne Diacre, d\u00e9barqu\u00e9e de son poste de s\u00e9lectionneuse, va r\u00e9clamer un d\u00e9dommagement en plus de continuer \u00e0 \u00eatre pay\u00e9e jusqu&rsquo;\u00e0 la fin de son contrat.\u00a0<\/p>\n","protected":false},"author":1,"featured_media":371716,"comment_status":"open","ping_status":"closed","sticky":false,"template":"","format":"standard","meta":{"_acf_changed":false,"_daextam_enable_autolinks":"","footnotes":""},"categories":[2301],"tags":[16878,7479,75],"class_list":["post-371710","post","type-post","status-publish","format-standard","has-post-thumbnail","hentry","category-football","tag-breve","tag-corinne-diacre","tag-football"],"acf":[],"yoast_head":"<!-- This site is optimized with the Yoast SEO Premium plugin v26.7 (Yoast SEO v26.7) - https:\/\/yoast.com\/wordpress\/plugins\/seo\/ -->\n<title>Corinne Diacre va r\u00e9clamer le pactole \u00e0 la F\u00e9d\u00e9ration Fran\u00e7aise de Football<\/title>\n<meta name=\"description\" content=\"FOOTBALL - Selon L&#039;\u00c9quipe, Corinne Diacre va r\u00e9clamer un d\u00e9dommagement en plus de continuer \u00e0 \u00eatre pay\u00e9e jusqu&#039;\u00e0 la fin de son contrat.\u00a0\" \/>\n<meta name=\"robots\" content=\"index, follow, max-snippet:-1, max-image-preview:large, max-video-preview:-1\" \/>\n<link rel=\"canonical\" href=\"https:\/\/dicodusport.fr\/blog\/corinne-diacre-va-reclamer-le-pactole-a-la-federation-francaise-de-football\/\" \/>\n<meta property=\"og:locale\" content=\"fr_FR\" \/>\n<meta property=\"og:type\" content=\"article\" \/>\n<meta property=\"og:title\" content=\"Corinne Diacre va r\u00e9clamer le pactole \u00e0 la F\u00e9d\u00e9ration Fran\u00e7aise de Football\" \/>\n<meta property=\"og:description\" content=\"FOOTBALL - Selon L&#039;\u00c9quipe, Corinne Diacre va r\u00e9clamer un d\u00e9dommagement en plus de continuer \u00e0 \u00eatre pay\u00e9e jusqu&#039;\u00e0 la fin de son contrat.\u00a0\" \/>\n<meta property=\"og:url\" content=\"https:\/\/dicodusport.fr\/blog\/corinne-diacre-va-reclamer-le-pactole-a-la-federation-francaise-de-football\/\" \/>\n<meta property=\"og:site_name\" content=\"Dicodusport\" \/>\n<meta property=\"article:publisher\" content=\"https:\/\/www.facebook.com\/dicodusport\" \/>\n<meta property=\"article:author\" content=\"https:\/\/www.facebook.com\/dicodusport\" \/>\n<meta property=\"article:published_time\" content=\"2023-04-04T08:36:53+00:00\" \/>\n<meta property=\"article:modified_time\" content=\"2023-04-04T08:45:03+00:00\" \/>\n<meta property=\"og:image\" content=\"https:\/\/dicodusport.fr\/blog\/wp-content\/uploads\/2023\/04\/Corinne-Diacre-va-reclamer-le-pactole-a-la-Federation-Francaise-de-Football.png\" \/>\n\t<meta property=\"og:image:width\" content=\"800\" \/>\n\t<meta property=\"og:image:height\" content=\"445\" \/>\n\t<meta property=\"og:image:type\" content=\"image\/png\" \/>\n<meta name=\"author\" content=\"Nicolas Jacquemard\" \/>\n<meta name=\"twitter:card\" content=\"summary_large_image\" \/>\n<meta name=\"twitter:title\" content=\"Corinne Diacre va r\u00e9clamer le pactole \u00e0 la F\u00e9d\u00e9ration Fran\u00e7aise de Football\" \/>\n<meta name=\"twitter:creator\" content=\"@https:\/\/twitter.com\/Nico_Jacquemard\" \/>\n<meta name=\"twitter:site\" content=\"@dicodusport\" \/>\n<script type=\"application\/ld+json\" class=\"yoast-schema-graph\">{\"@context\":\"https:\/\/schema.org\",\"@graph\":[{\"@type\":\"NewsArticle\",\"@id\":\"https:\/\/dicodusport.fr\/blog\/corinne-diacre-va-reclamer-le-pactole-a-la-federation-francaise-de-football\/#article\",\"isPartOf\":{\"@id\":\"https:\/\/dicodusport.fr\/blog\/corinne-diacre-va-reclamer-le-pactole-a-la-federation-francaise-de-football\/\"},\"author\":{\"name\":\"Nicolas Jacquemard\",\"@id\":\"https:\/\/dicodusport.fr\/blog\/#\/schema\/person\/55dcb50ad410894e431ed812bbb70191\"},\"headline\":\"Corinne Diacre va r\u00e9clamer le pactole \u00e0 la F\u00e9d\u00e9ration Fran\u00e7aise de Football\",\"datePublished\":\"2023-04-04T08:36:53+00:00\",\"dateModified\":\"2023-04-04T08:45:03+00:00\",\"mainEntityOfPage\":{\"@id\":\"https:\/\/dicodusport.fr\/blog\/corinne-diacre-va-reclamer-le-pactole-a-la-federation-francaise-de-football\/\"},\"wordCount\":325,\"commentCount\":1,\"publisher\":{\"@id\":\"https:\/\/dicodusport.fr\/blog\/#organization\"},\"image\":{\"@id\":\"https:\/\/dicodusport.fr\/blog\/corinne-diacre-va-reclamer-le-pactole-a-la-federation-francaise-de-football\/#primaryimage\"},\"thumbnailUrl\":\"https:\/\/dicodusport.fr\/blog\/wp-content\/uploads\/2023\/04\/Corinne-Diacre-va-reclamer-le-pactole-a-la-Federation-Francaise-de-Football.png\",\"keywords\":[\"br\u00e8ve\",\"Corinne Diacre\",\"Football\"],\"articleSection\":[\"Football\"],\"inLanguage\":\"fr-FR\",\"potentialAction\":[{\"@type\":\"CommentAction\",\"name\":\"Comment\",\"target\":[\"https:\/\/dicodusport.fr\/blog\/corinne-diacre-va-reclamer-le-pactole-a-la-federation-francaise-de-football\/#respond\"]}],\"copyrightYear\":\"2023\",\"copyrightHolder\":{\"@id\":\"https:\/\/dicodusport.fr\/blog\/#organization\"}},{\"@type\":\"WebPage\",\"@id\":\"https:\/\/dicodusport.fr\/blog\/corinne-diacre-va-reclamer-le-pactole-a-la-federation-francaise-de-football\/\",\"url\":\"https:\/\/dicodusport.fr\/blog\/corinne-diacre-va-reclamer-le-pactole-a-la-federation-francaise-de-football\/\",\"name\":\"Corinne Diacre va r\u00e9clamer le pactole \u00e0 la F\u00e9d\u00e9ration Fran\u00e7aise de Football\",\"isPartOf\":{\"@id\":\"https:\/\/dicodusport.fr\/blog\/#website\"},\"primaryImageOfPage\":{\"@id\":\"https:\/\/dicodusport.fr\/blog\/corinne-diacre-va-reclamer-le-pactole-a-la-federation-francaise-de-football\/#primaryimage\"},\"image\":{\"@id\":\"https:\/\/dicodusport.fr\/blog\/corinne-diacre-va-reclamer-le-pactole-a-la-federation-francaise-de-football\/#primaryimage\"},\"thumbnailUrl\":\"https:\/\/dicodusport.fr\/blog\/wp-content\/uploads\/2023\/04\/Corinne-Diacre-va-reclamer-le-pactole-a-la-Federation-Francaise-de-Football.png\",\"datePublished\":\"2023-04-04T08:36:53+00:00\",\"dateModified\":\"2023-04-04T08:45:03+00:00\",\"description\":\"FOOTBALL - Selon L'\u00c9quipe, Corinne Diacre va r\u00e9clamer un d\u00e9dommagement en plus de continuer \u00e0 \u00eatre pay\u00e9e jusqu'\u00e0 la fin de son contrat.\u00a0\",\"breadcrumb\":{\"@id\":\"https:\/\/dicodusport.fr\/blog\/corinne-diacre-va-reclamer-le-pactole-a-la-federation-francaise-de-football\/#breadcrumb\"},\"inLanguage\":\"fr-FR\",\"potentialAction\":[{\"@type\":\"ReadAction\",\"target\":[\"https:\/\/dicodusport.fr\/blog\/corinne-diacre-va-reclamer-le-pactole-a-la-federation-francaise-de-football\/\"]}]},{\"@type\":\"ImageObject\",\"inLanguage\":\"fr-FR\",\"@id\":\"https:\/\/dicodusport.fr\/blog\/corinne-diacre-va-reclamer-le-pactole-a-la-federation-francaise-de-football\/#primaryimage\",\"url\":\"https:\/\/dicodusport.fr\/blog\/wp-content\/uploads\/2023\/04\/Corinne-Diacre-va-reclamer-le-pactole-a-la-Federation-Francaise-de-Football.png\",\"contentUrl\":\"https:\/\/dicodusport.fr\/blog\/wp-content\/uploads\/2023\/04\/Corinne-Diacre-va-reclamer-le-pactole-a-la-Federation-Francaise-de-Football.png\",\"width\":800,\"height\":445},{\"@type\":\"BreadcrumbList\",\"@id\":\"https:\/\/dicodusport.fr\/blog\/corinne-diacre-va-reclamer-le-pactole-a-la-federation-francaise-de-football\/#breadcrumb\",\"itemListElement\":[{\"@type\":\"ListItem\",\"position\":1,\"name\":\"Accueil\",\"item\":\"https:\/\/dicodusport.fr\/blog\/\"},{\"@type\":\"ListItem\",\"position\":2,\"name\":\"Corinne Diacre va r\u00e9clamer le pactole \u00e0 la F\u00e9d\u00e9ration Fran\u00e7aise de Football\"}]},{\"@type\":\"WebSite\",\"@id\":\"https:\/\/dicodusport.fr\/blog\/#website\",\"url\":\"https:\/\/dicodusport.fr\/blog\/\",\"name\":\"Dicodusport\",\"description\":\"L&#039;encyclop\u00e9die de l&#039;actualit\u00e9 sportive\",\"publisher\":{\"@id\":\"https:\/\/dicodusport.fr\/blog\/#organization\"},\"potentialAction\":[{\"@type\":\"SearchAction\",\"target\":{\"@type\":\"EntryPoint\",\"urlTemplate\":\"https:\/\/dicodusport.fr\/blog\/?s={search_term_string}\"},\"query-input\":{\"@type\":\"PropertyValueSpecification\",\"valueRequired\":true,\"valueName\":\"search_term_string\"}}],\"inLanguage\":\"fr-FR\"},{\"@type\":\"NewsMediaOrganization\",\"@id\":\"https:\/\/dicodusport.fr\/blog\/#organization\",\"name\":\"Dicodusport\",\"url\":\"https:\/\/dicodusport.fr\/blog\/\",\"logo\":{\"@type\":\"ImageObject\",\"inLanguage\":\"fr-FR\",\"@id\":\"https:\/\/dicodusport.fr\/blog\/#\/schema\/logo\/image\/\",\"url\":\"https:\/\/dicodusport.fr\/blog\/wp-content\/uploads\/2020\/06\/cropped-LOGO-DICODUSPORT-2020-SANS-FOND-SANS-TEXTE.png\",\"contentUrl\":\"https:\/\/dicodusport.fr\/blog\/wp-content\/uploads\/2020\/06\/cropped-LOGO-DICODUSPORT-2020-SANS-FOND-SANS-TEXTE.png\",\"width\":512,\"height\":512,\"caption\":\"Dicodusport\"},\"image\":{\"@id\":\"https:\/\/dicodusport.fr\/blog\/#\/schema\/logo\/image\/\"},\"sameAs\":[\"https:\/\/www.facebook.com\/dicodusport\",\"https:\/\/x.com\/dicodusport\",\"https:\/\/www.instagram.com\/dicodusport\/\",\"https:\/\/www.youtube.com\/channel\/UC7V2KZ5sd3htJivAbA4ZG3w\"],\"description\":\"Dicodusport est l'encyclop\u00e9die de l'actualit\u00e9 sportive.\",\"email\":\"bonjour@dicodusport.fr\",\"legalName\":\"DICODUSPORT\",\"foundingDate\":\"2018-01-14\",\"vatID\":\"FR71834470973\",\"taxID\":\"83447097300043\",\"numberOfEmployees\":{\"@type\":\"QuantitativeValue\",\"minValue\":\"1\",\"maxValue\":\"10\"}},{\"@type\":\"Person\",\"@id\":\"https:\/\/dicodusport.fr\/blog\/#\/schema\/person\/55dcb50ad410894e431ed812bbb70191\",\"name\":\"Nicolas Jacquemard\",\"image\":{\"@type\":\"ImageObject\",\"inLanguage\":\"fr-FR\",\"@id\":\"https:\/\/dicodusport.fr\/blog\/#\/schema\/person\/image\/\",\"url\":\"https:\/\/dicodusport.fr\/blog\/wp-content\/uploads\/2021\/05\/Nicolas-Jacquemard-150x150.jpeg\",\"contentUrl\":\"https:\/\/dicodusport.fr\/blog\/wp-content\/uploads\/2021\/05\/Nicolas-Jacquemard-150x150.jpeg\",\"caption\":\"Nicolas Jacquemard\"},\"description\":\"Passionn\u00e9 de sport et entrepreneur depuis mes 18 ans, la cr\u00e9ation de Dicodusport m'a sembl\u00e9 \u00e9vidente pour participer \u00e0 la m\u00e9diatisation d'un plus grand nombre de sports. Le chemin est long mais avec une \u00e9quipe des plus motiv\u00e9es et les Jeux Olympiques de Paris 2024 en point de mire, nous y arriverons ! Journaliste dans le monde du sport depuis plus de 5 ans, je traite aussi bien de football, de rugby, de biathlon que de cyclisme.\",\"sameAs\":[\"https:\/\/www.facebook.com\/dicodusport\",\"https:\/\/x.com\/https:\/\/twitter.com\/Nico_Jacquemard\"],\"url\":\"https:\/\/dicodusport.fr\/blog\/author\/dicodusport\/\"}]}<\/script>\n<!-- \/ Yoast SEO Premium plugin. -->","yoast_head_json":{"title":"Corinne Diacre va r\u00e9clamer le pactole \u00e0 la F\u00e9d\u00e9ration Fran\u00e7aise de Football","description":"FOOTBALL - Selon L'\u00c9quipe, Corinne Diacre va r\u00e9clamer un d\u00e9dommagement en plus de continuer \u00e0 \u00eatre pay\u00e9e jusqu'\u00e0 la fin de son contrat.\u00a0","robots":{"index":"index","follow":"follow","max-snippet":"max-snippet:-1","max-image-preview":"max-image-preview:large","max-video-preview":"max-video-preview:-1"},"canonical":"https:\/\/dicodusport.fr\/blog\/corinne-diacre-va-reclamer-le-pactole-a-la-federation-francaise-de-football\/","og_locale":"fr_FR","og_type":"article","og_title":"Corinne Diacre va r\u00e9clamer le pactole \u00e0 la F\u00e9d\u00e9ration Fran\u00e7aise de Football","og_description":"FOOTBALL - Selon L'\u00c9quipe, Corinne Diacre va r\u00e9clamer un d\u00e9dommagement en plus de continuer \u00e0 \u00eatre pay\u00e9e jusqu'\u00e0 la fin de son contrat.\u00a0","og_url":"https:\/\/dicodusport.fr\/blog\/corinne-diacre-va-reclamer-le-pactole-a-la-federation-francaise-de-football\/","og_site_name":"Dicodusport","article_publisher":"https:\/\/www.facebook.com\/dicodusport","article_author":"https:\/\/www.facebook.com\/dicodusport","article_published_time":"2023-04-04T08:36:53+00:00","article_modified_time":"2023-04-04T08:45:03+00:00","og_image":[{"width":800,"height":445,"url":"https:\/\/dicodusport.fr\/blog\/wp-content\/uploads\/2023\/04\/Corinne-Diacre-va-reclamer-le-pactole-a-la-Federation-Francaise-de-Football.png","type":"image\/png"}],"author":"Nicolas Jacquemard","twitter_card":"summary_large_image","twitter_title":"Corinne Diacre va r\u00e9clamer le pactole \u00e0 la F\u00e9d\u00e9ration Fran\u00e7aise de Football","twitter_creator":"@https:\/\/twitter.com\/Nico_Jacquemard","twitter_site":"@dicodusport","schema":{"@context":"https:\/\/schema.org","@graph":[{"@type":"NewsArticle","@id":"https:\/\/dicodusport.fr\/blog\/corinne-diacre-va-reclamer-le-pactole-a-la-federation-francaise-de-football\/#article","isPartOf":{"@id":"https:\/\/dicodusport.fr\/blog\/corinne-diacre-va-reclamer-le-pactole-a-la-federation-francaise-de-football\/"},"author":{"name":"Nicolas Jacquemard","@id":"https:\/\/dicodusport.fr\/blog\/#\/schema\/person\/55dcb50ad410894e431ed812bbb70191"},"headline":"Corinne Diacre va r\u00e9clamer le pactole \u00e0 la F\u00e9d\u00e9ration Fran\u00e7aise de Football","datePublished":"2023-04-04T08:36:53+00:00","dateModified":"2023-04-04T08:45:03+00:00","mainEntityOfPage":{"@id":"https:\/\/dicodusport.fr\/blog\/corinne-diacre-va-reclamer-le-pactole-a-la-federation-francaise-de-football\/"},"wordCount":325,"commentCount":1,"publisher":{"@id":"https:\/\/dicodusport.fr\/blog\/#organization"},"image":{"@id":"https:\/\/dicodusport.fr\/blog\/corinne-diacre-va-reclamer-le-pactole-a-la-federation-francaise-de-football\/#primaryimage"},"thumbnailUrl":"https:\/\/dicodusport.fr\/blog\/wp-content\/uploads\/2023\/04\/Corinne-Diacre-va-reclamer-le-pactole-a-la-Federation-Francaise-de-Football.png","keywords":["br\u00e8ve","Corinne Diacre","Football"],"articleSection":["Football"],"inLanguage":"fr-FR","potentialAction":[{"@type":"CommentAction","name":"Comment","target":["https:\/\/dicodusport.fr\/blog\/corinne-diacre-va-reclamer-le-pactole-a-la-federation-francaise-de-football\/#respond"]}],"copyrightYear":"2023","copyrightHolder":{"@id":"https:\/\/dicodusport.fr\/blog\/#organization"}},{"@type":"WebPage","@id":"https:\/\/dicodusport.fr\/blog\/corinne-diacre-va-reclamer-le-pactole-a-la-federation-francaise-de-football\/","url":"https:\/\/dicodusport.fr\/blog\/corinne-diacre-va-reclamer-le-pactole-a-la-federation-francaise-de-football\/","name":"Corinne Diacre va r\u00e9clamer le pactole \u00e0 la F\u00e9d\u00e9ration Fran\u00e7aise de Football","isPartOf":{"@id":"https:\/\/dicodusport.fr\/blog\/#website"},"primaryImageOfPage":{"@id":"https:\/\/dicodusport.fr\/blog\/corinne-diacre-va-reclamer-le-pactole-a-la-federation-francaise-de-football\/#primaryimage"},"image":{"@id":"https:\/\/dicodusport.fr\/blog\/corinne-diacre-va-reclamer-le-pactole-a-la-federation-francaise-de-football\/#primaryimage"},"thumbnailUrl":"https:\/\/dicodusport.fr\/blog\/wp-content\/uploads\/2023\/04\/Corinne-Diacre-va-reclamer-le-pactole-a-la-Federation-Francaise-de-Football.png","datePublished":"2023-04-04T08:36:53+00:00","dateModified":"2023-04-04T08:45:03+00:00","description":"FOOTBALL - Selon L'\u00c9quipe, Corinne Diacre va r\u00e9clamer un d\u00e9dommagement en plus de continuer \u00e0 \u00eatre pay\u00e9e jusqu'\u00e0 la fin de son contrat.\u00a0","breadcrumb":{"@id":"https:\/\/dicodusport.fr\/blog\/corinne-diacre-va-reclamer-le-pactole-a-la-federation-francaise-de-football\/#breadcrumb"},"inLanguage":"fr-FR","potentialAction":[{"@type":"ReadAction","target":["https:\/\/dicodusport.fr\/blog\/corinne-diacre-va-reclamer-le-pactole-a-la-federation-francaise-de-football\/"]}]},{"@type":"ImageObject","inLanguage":"fr-FR","@id":"https:\/\/dicodusport.fr\/blog\/corinne-diacre-va-reclamer-le-pactole-a-la-federation-francaise-de-football\/#primaryimage","url":"https:\/\/dicodusport.fr\/blog\/wp-content\/uploads\/2023\/04\/Corinne-Diacre-va-reclamer-le-pactole-a-la-Federation-Francaise-de-Football.png","contentUrl":"https:\/\/dicodusport.fr\/blog\/wp-content\/uploads\/2023\/04\/Corinne-Diacre-va-reclamer-le-pactole-a-la-Federation-Francaise-de-Football.png","width":800,"height":445},{"@type":"BreadcrumbList","@id":"https:\/\/dicodusport.fr\/blog\/corinne-diacre-va-reclamer-le-pactole-a-la-federation-francaise-de-football\/#breadcrumb","itemListElement":[{"@type":"ListItem","position":1,"name":"Accueil","item":"https:\/\/dicodusport.fr\/blog\/"},{"@type":"ListItem","position":2,"name":"Corinne Diacre va r\u00e9clamer le pactole \u00e0 la F\u00e9d\u00e9ration Fran\u00e7aise de Football"}]},{"@type":"WebSite","@id":"https:\/\/dicodusport.fr\/blog\/#website","url":"https:\/\/dicodusport.fr\/blog\/","name":"Dicodusport","description":"L&#039;encyclop\u00e9die de l&#039;actualit\u00e9 sportive","publisher":{"@id":"https:\/\/dicodusport.fr\/blog\/#organization"},"potentialAction":[{"@type":"SearchAction","target":{"@type":"EntryPoint","urlTemplate":"https:\/\/dicodusport.fr\/blog\/?s={search_term_string}"},"query-input":{"@type":"PropertyValueSpecification","valueRequired":true,"valueName":"search_term_string"}}],"inLanguage":"fr-FR"},{"@type":"NewsMediaOrganization","@id":"https:\/\/dicodusport.fr\/blog\/#organization","name":"Dicodusport","url":"https:\/\/dicodusport.fr\/blog\/","logo":{"@type":"ImageObject","inLanguage":"fr-FR","@id":"https:\/\/dicodusport.fr\/blog\/#\/schema\/logo\/image\/","url":"https:\/\/dicodusport.fr\/blog\/wp-content\/uploads\/2020\/06\/cropped-LOGO-DICODUSPORT-2020-SANS-FOND-SANS-TEXTE.png","contentUrl":"https:\/\/dicodusport.fr\/blog\/wp-content\/uploads\/2020\/06\/cropped-LOGO-DICODUSPORT-2020-SANS-FOND-SANS-TEXTE.png","width":512,"height":512,"caption":"Dicodusport"},"image":{"@id":"https:\/\/dicodusport.fr\/blog\/#\/schema\/logo\/image\/"},"sameAs":["https:\/\/www.facebook.com\/dicodusport","https:\/\/x.com\/dicodusport","https:\/\/www.instagram.com\/dicodusport\/","https:\/\/www.youtube.com\/channel\/UC7V2KZ5sd3htJivAbA4ZG3w"],"description":"Dicodusport est l'encyclop\u00e9die de l'actualit\u00e9 sportive.","email":"bonjour@dicodusport.fr","legalName":"DICODUSPORT","foundingDate":"2018-01-14","vatID":"FR71834470973","taxID":"83447097300043","numberOfEmployees":{"@type":"QuantitativeValue","minValue":"1","maxValue":"10"}},{"@type":"Person","@id":"https:\/\/dicodusport.fr\/blog\/#\/schema\/person\/55dcb50ad410894e431ed812bbb70191","name":"Nicolas Jacquemard","image":{"@type":"ImageObject","inLanguage":"fr-FR","@id":"https:\/\/dicodusport.fr\/blog\/#\/schema\/person\/image\/","url":"https:\/\/dicodusport.fr\/blog\/wp-content\/uploads\/2021\/05\/Nicolas-Jacquemard-150x150.jpeg","contentUrl":"https:\/\/dicodusport.fr\/blog\/wp-content\/uploads\/2021\/05\/Nicolas-Jacquemard-150x150.jpeg","caption":"Nicolas Jacquemard"},"description":"Passionn\u00e9 de sport et entrepreneur depuis mes 18 ans, la cr\u00e9ation de Dicodusport m'a sembl\u00e9 \u00e9vidente pour participer \u00e0 la m\u00e9diatisation d'un plus grand nombre de sports. Le chemin est long mais avec une \u00e9quipe des plus motiv\u00e9es et les Jeux Olympiques de Paris 2024 en point de mire, nous y arriverons ! Journaliste dans le monde du sport depuis plus de 5 ans, je traite aussi bien de football, de rugby, de biathlon que de cyclisme.","sameAs":["https:\/\/www.facebook.com\/dicodusport","https:\/\/x.com\/https:\/\/twitter.com\/Nico_Jacquemard"],"url":"https:\/\/dicodusport.fr\/blog\/author\/dicodusport\/"}]}},"_links":{"self":[{"href":"https:\/\/dicodusport.fr\/blog\/wp-json\/wp\/v2\/posts\/371710","targetHints":{"allow":["GET"]}}],"collection":[{"href":"https:\/\/dicodusport.fr\/blog\/wp-json\/wp\/v2\/posts"}],"about":[{"href":"https:\/\/dicodusport.fr\/blog\/wp-json\/wp\/v2\/types\/post"}],"author":[{"embeddable":true,"href":"https:\/\/dicodusport.fr\/blog\/wp-json\/wp\/v2\/users\/1"}],"replies":[{"embeddable":true,"href":"https:\/\/dicodusport.fr\/blog\/wp-json\/wp\/v2\/comments?post=371710"}],"version-history":[{"count":0,"href":"https:\/\/dicodusport.fr\/blog\/wp-json\/wp\/v2\/posts\/371710\/revisions"}],"wp:featuredmedia":[{"embeddable":true,"href":"https:\/\/dicodusport.fr\/blog\/wp-json\/wp\/v2\/media\/371716"}],"wp:attachment":[{"href":"https:\/\/dicodusport.fr\/blog\/wp-json\/wp\/v2\/media?parent=371710"}],"wp:term":[{"taxonomy":"category","embeddable":true,"href":"https:\/\/dicodusport.fr\/blog\/wp-json\/wp\/v2\/categories?post=371710"},{"taxonomy":"post_tag","embeddable":true,"href":"https:\/\/dicodusport.fr\/blog\/wp-json\/wp\/v2\/tags?post=371710"}],"curies":[{"name":"wp","href":"https:\/\/api.w.org\/{rel}","templated":true}]}}