{"id":371713,"date":"2023-04-11T11:35:10","date_gmt":"2023-04-11T09:35:10","guid":{"rendered":"https:\/\/dicodusport.fr\/blog\/?p=371713&#038;preview=true&#038;preview_id=371713"},"modified":"2023-04-11T18:17:16","modified_gmt":"2023-04-11T16:17:16","slug":"gabriel-tual-dans-une-course-je-pars-pour-gagner","status":"publish","type":"post","link":"https:\/\/dicodusport.fr\/blog\/gabriel-tual-dans-une-course-je-pars-pour-gagner\/","title":{"rendered":"Gabriel Tual : \u00ab\u00a0Dans une course, je pars pour gagner\u00a0\u00bb"},"content":{"rendered":"<p align=\"justify\"><em><strong>ATHL\u00c9TISME &#8211; Interview avec Gabriel Tual, finaliste olympique et mondial sur 800 m. Le demi-fondeur girondin \u00e9voque sa r\u00e9cente fracture de la clavicule, qui retarde sa pr\u00e9paration pour les Mondiaux de Budapest. Il \u00e9voque les cl\u00e9s pour \u00eatre au top en grande comp\u00e9tition, lui qui reste sur deux finales cons\u00e9cutives au niveau mondial. Gabriel Tual, avec sa compagne Margot Chevrier, perchiste internationale, \u00e9voquent la guerre pour se qualifier aux grandes comp\u00e9titions. Et avec Paris 2024 dans un coin de la t\u00eate.<\/strong><\/em><\/p>\n<h2 style=\"text-align: justify;\" align=\"justify\">Gabriel Tual : \u00ab Sur le moment tout s&rsquo;\u00e9croule, avec la peur d&rsquo;en avoir pour longtemps \u00bb<\/h2>\n<h3 style=\"text-align: justify;\" align=\"justify\">Tu viens de te casser la clavicule, comment \u00e7a va apr\u00e8s cet incident ?<\/h3>\n<p style=\"text-align: justify;\" align=\"justify\"><strong>Gabriel Tual (finaliste olympique et mondial sur 800 m)<\/strong> : Je vais bien. Parfois c&rsquo;est difficile, mais c&rsquo;est comme \u00e7a. J&rsquo;ai h\u00e2te de reprendre l&rsquo;athl\u00e9, m\u00eame si je ne me suis pas vraiment arr\u00eat\u00e9. Mais l&rsquo;envie de courir est bien l\u00e0.<\/p>\n<h3 style=\"text-align: justify;\" align=\"justify\"><strong>Tu ressens de la frustration ?<\/strong><\/h3>\n<p style=\"text-align: justify;\" align=\"justify\">L\u00e0 maintenant, c&rsquo;est pass\u00e9.<\/p>\n<p style=\"text-align: justify;\" align=\"justify\"><strong>Margot Chevrier<\/strong> : Cela d\u00e9pend \u00e0 quel moment on se place (rires).<\/p>\n<p style=\"text-align: justify;\" align=\"justify\"><strong>Gabriel Tual<\/strong> : Je suis d\u00e9sormais en mode challenge, je veux r\u00e9ussir \u00e0 faire une belle saison. C&rsquo;est une \u00e9preuve dans une carri\u00e8re de sportif de haut niveau. Mais si on m&rsquo;avait pos\u00e9 la question au moment de la blessure, la r\u00e9ponse n&rsquo;\u00e9tait pas pareille (rires).<\/p>\n<p style=\"text-align: justify;\" align=\"justify\"><strong>Margot Chevrier<\/strong> : Tu aurais eu envie de prononcer quelques insultes (rires).<\/p>\n<p style=\"text-align: justify;\" align=\"justify\"><strong>Gabriel Tual<\/strong> : \u00c9videmment, car sur le moment, tout s&rsquo;\u00e9croule, tu as peur d&rsquo;en avoir pour hyper longtemps.<\/p>\n<h2 style=\"text-align: justify;\" align=\"justify\">Margot Chevrier : \u00ab Je le vois par terre, qui ne bouge pas, c&rsquo;\u00e9tait un peu tendu \u00bb<\/h2>\n<h4 style=\"text-align: justify;\" align=\"justify\">Tu as pens\u00e9 \u00e0 Budapest au moment de la chute ?<\/h4>\n<p style=\"text-align: justify;\" align=\"justify\">Clairement, oui.<\/p>\n<p style=\"text-align: justify;\" align=\"justify\"><strong>Margot Chevrier<\/strong> : C&rsquo;est le premier truc qu&rsquo;on a tous fait, de se dire que Budapest c&rsquo;est mort.<\/p>\n<p style=\"text-align: justify;\" align=\"justify\"><strong>Gabriel Tual<\/strong> : La seconde o\u00f9 je touche le sol, je comprends que je me casse la clavicule.<\/p>\n<p style=\"text-align: justify;\" align=\"justify\"><strong>Margot Chevrier<\/strong> : C&rsquo;est parce que tu ne sais pas comment va se passer la suite. Sur le moment, je le vois par terre et il ne bouge pas, c&rsquo;\u00e9tait un peu tendu. Personnellement, quand j&rsquo;ai su que c&rsquo;\u00e9tait la clavicule, je me suis dit que ce n&rsquo;\u00e9tait pas grave (NDLR : Margot Chevrier est actuellement en 5e ann\u00e9e de m\u00e9decine). Je sais que c&rsquo;est quatre semaines, qu&rsquo;il se fasse op\u00e9rer ou non. Quand il fait la radio, il m&rsquo;annonce un peu en s&rsquo;effondrant qu&rsquo;il doit se faire op\u00e9rer. Moi je me suis dit que c&rsquo;\u00e9tait peut-\u00eatre la meilleure chose. Finalement, \u00e7a aurait \u00e9t\u00e9 l&rsquo;enfer qu&rsquo;il ne se fasse pas op\u00e9rer. Pour moi comme pour lui (rires). Car tu ne peux vraiment pas bouger du tout. Alors que l\u00e0, il a une plaque et des vis et il est plus autonome.<\/p>\n<p style=\"text-align: justify;\" align=\"justify\"><strong>Gabriel Tual<\/strong> : Et j&rsquo;ai vite \u00e9t\u00e9 dans une dynamique de repartir assez rapidement. Margot m&rsquo;a beaucoup rassur\u00e9. Et ce qui m&rsquo;a rassur\u00e9, c&rsquo;est aussi de voir qu&rsquo;une semaine apr\u00e8s l&rsquo;op\u00e9ration, j&rsquo;ai pu retourner \u00e0 la salle. On s&rsquo;aper\u00e7oit qu&rsquo;il y a tellement de choses \u00e0 faire, que ce n&rsquo;\u00e9tait pas la fin du monde. Cela m&rsquo;a remis dans une bonne dynamique. J&rsquo;ai eu dix jours de pause, que j&rsquo;aurais de toute mani\u00e8re pris. Je ne suis m\u00eame pas s\u00fbr d&rsquo;avoir du retard sur la pr\u00e9pa. Limite, je m&rsquo;entra\u00eene plus que d&rsquo;habitude.<\/p>\n<p style=\"text-align: justify;\" align=\"justify\"><strong>Margot Chevrier<\/strong> : Tu n&rsquo;as pas fait d&rsquo;hiver, tu t&rsquo;es bien pr\u00e9par\u00e9. Quand on voit la date des Mondiaux qui est tard. Regarde, l&rsquo;an pass\u00e9 \u00e0 Eugene, c&rsquo;\u00e9tait en juillet et tu \u00e9tais en forme.<\/p>\n<div class=\"vlp-link-container vlp-layout-article\"><a href=\"https:\/\/dicodusport.fr\/blog\/mondiaux-athletisme-2022-jackson-lyles-tual-le-recapitulatif-de-la-7eme-journee\/\" class=\"vlp-link\" title=\"Mondiaux d&#039;athl\u00e9tisme 2022 : Jackson, Lyles, Tual, le r\u00e9capitulatif de la 7\u00e8me journ\u00e9e\"><\/a><div class=\"vlp-layout-zone-side\"><div class=\"vlp-block-4 vlp-link-image\"><img loading=\"lazy\" decoding=\"async\" style=\"max-width: 800px;\" width=\"800\" height=\"445\" src=\"https:\/\/dicodusport.fr\/blog\/wp-content\/uploads\/2022\/07\/Mondiaux-dathletisme-2022-Jackson-Lyles-Tual-le-recapitulatif-de-la-7eme-journee.png\" class=\"attachment-800x445 size-800x445\" alt=\"Mondiaux d&#039;athl\u00e9tisme 2022 Jackson, Lyles, Tual, le r\u00e9capitulatif de la 7\u00e8me journ\u00e9e\" srcset=\"https:\/\/dicodusport.fr\/blog\/wp-content\/uploads\/2022\/07\/Mondiaux-dathletisme-2022-Jackson-Lyles-Tual-le-recapitulatif-de-la-7eme-journee.png 800w, https:\/\/dicodusport.fr\/blog\/wp-content\/uploads\/2022\/07\/Mondiaux-dathletisme-2022-Jackson-Lyles-Tual-le-recapitulatif-de-la-7eme-journee-300x167.png 300w, https:\/\/dicodusport.fr\/blog\/wp-content\/uploads\/2022\/07\/Mondiaux-dathletisme-2022-Jackson-Lyles-Tual-le-recapitulatif-de-la-7eme-journee-768x427.png 768w\" sizes=\"auto, (max-width: 800px) 100vw, 800px\" \/><\/div><\/div><div class=\"vlp-layout-zone-main\"><div class=\"vlp-block-0 vlp-link-title\">Mondiaux d'athl\u00e9tisme 2022 : Jackson, Lyles, Tual, le r\u00e9capitulatif de la 7\u00e8me journ\u00e9e<\/div><div class=\"vlp-block-1 vlp-link-summary\">ATHL\u00c9TISME - CHAMPIONNATS DU MONDE 2022 - Jackson et Lyles en mode fus\u00e9e, Lamotte impressionne en s\u00e9rie, Tual en finale... Voici le r\u00e9capitulatif de la septi\u00e8me journ\u00e9e des mondiaux de Eugene.\u00a0<\/div><div class=\"vlp-block-2 vlp-link-button\">Lire l'article<\/div><div class=\"vlp-block-3 vlp-link-url\">dicodusport.fr<\/div><\/div><\/div>\n<h2 style=\"text-align: justify;\" align=\"justify\">Gabriel Tual : \u00ab Avec le recul \u00e7a peut \u00eatre b\u00e9n\u00e9fique \u00bb<\/h2>\n<h3 style=\"text-align: justify;\" align=\"justify\">Du coup, tu t&rsquo;adaptes comment ?<\/h3>\n<p style=\"text-align: justify;\" align=\"justify\"><strong>Gabriel Tual<\/strong> : J&rsquo;ai des s\u00e9ances de v\u00e9lo le matin et du renforcement\/musculation le soir.<\/p>\n<h3 style=\"text-align: justify;\">Et tu arrives \u00e0 faire quoi en musculation ?<\/h3>\n<p style=\"text-align: justify;\">Toutes les machines de jambes o\u00f9 je n&rsquo;ai pas besoin d&rsquo;utiliser mon bras. Tout ce qui est charge sur le dos, je ne peux pas. Mais je peux mettre lourd \u00e0 la presse et cela correspond quasiment au m\u00eame travail que le squat.<\/p>\n<h3 style=\"text-align: justify;\">Finalement tu n&rsquo;auras pas forc\u00e9ment de retard.<\/h3>\n<p style=\"text-align: justify;\">Cela peut m\u00eame \u00eatre b\u00e9n\u00e9fique. Je retarde ma course et j&rsquo;aurais de plus en plus envie de courir.<\/p>\n<p style=\"text-align: justify;\"><strong>Margot Chevrier<\/strong> : Les demi-fondeurs, on les conna\u00eet. Vous ne faites jamais de break et vous vous entra\u00eenez tout le temps deux fois par jour. C&rsquo;est bien physiquement et mentalement de faire autre chose.<\/p>\n<p style=\"text-align: justify;\"><strong>Gabriel Tual<\/strong> : Cela va me remettre dans une dynamique positive. De mai \u00e0 juillet, je serai \u00e0 bloc, sans la fatigue mentale. Et capable d&rsquo;en faire plus \u00e0 ce moment-l\u00e0.<\/p>\n<h2 style=\"text-align: justify;\">\u00ab Le 800 m est une course o\u00f9 tout peut se passer \u00bb<\/h2>\n<h3 style=\"text-align: justify;\">Tu as particip\u00e9 \u00e0 deux grandes finales au niveau mondial. Quel sera l&rsquo;objectif \u00e0 Budapest ?<\/h3>\n<p style=\"text-align: justify;\">Je prends l&rsquo;exemple de Margot Chevrier. L&rsquo;an pass\u00e9 elle fait 10e des Europe et elle est contente. L\u00e0, cet hiver, elle est 5e et d\u00e9\u00e7ue. Sans cesse, on rel\u00e8ve le niveau. On se dit qu&rsquo;on peut toujours faire mieux. Aux Mondiaux, j&rsquo;\u00e9tais tr\u00e8s frustr\u00e9. M\u00eame si 6e cela reste ouf ! De toute fa\u00e7on, je pars pour gagner. Apr\u00e8s, il y a des choses atteignables et d&rsquo;autres non. \u00c0 Budapest, je joue a minima la finale. Et apr\u00e8s tout le monde veut gagner. Si tu vises juste la finale, m\u00eame quand tu es un peu en-dessous, ce n&rsquo;est pas la bonne mani\u00e8re d&rsquo;aborder la comp\u00e9tition. J&rsquo;ai eu la finale. Et le 800 m est une course de folie o\u00f9 des trucs peuvent se passer.<\/p>\n<p style=\"text-align: justify;\"><strong>Margot Chevrier<\/strong> : Comme Pierre-Ambroise Bosse en 2017.<\/p>\n<p style=\"text-align: justify;\"><strong>Gabriel Tual<\/strong> : Il l&rsquo;a montr\u00e9. Et cela ne sort pas de nulle part. On sait que sur 800 m, il n&rsquo;y a pas de leader. Et m\u00eame s&rsquo;il y en avait un, il peut se trouer. Il n&rsquo;y a rien d&rsquo;\u00e9crit. Donc je vise la gagne.<\/p>\n<h3 style=\"text-align: justify;\">Tu as un profil int\u00e9ressant, tu es un athl\u00e8te qui a progress\u00e9 un poil plus sur le tard par rapport \u00e0 d&rsquo;autres. Tu as toujours cru en tes chances ?<\/h3>\n<p style=\"text-align: justify;\">Oui ! \u00c0 21-22 ans, j&rsquo;avais fait les Europe \u00e0 Berlin (2018). En 2019, je fais 1:45. Je ne vais pas aux Mondiaux car on ne m&rsquo;a pas pris. Mais j&rsquo;\u00e9tais dans les qualifiables. Il y a eu des moments de malchance. Plein de choses mises bout \u00e0 bout. C&rsquo;est comme cela. Je ne sors pas de nulle part et j&rsquo;ai une progression lin\u00e9aire.<\/p>\n<h2 style=\"text-align: justify;\">Gabriel Tual : \u00ab Il faut que les ann\u00e9es et les entra\u00eenements puissent murir \u00bb<\/h2>\n<h3 style=\"text-align: justify;\">Le 800 m n\u00e9cessite de la maturit\u00e9 ?<\/h3>\n<p style=\"text-align: justify;\">C&rsquo;est une course tactique. Il faut croire en soi. Il ne faut pas avoir peur d&rsquo;y aller. C&rsquo;est la guerre et si tu n&rsquo;y crois pas, tu n&rsquo;as aucune chance. Je ne veux pas avoir de regrets. Si quelque chose me vient en t\u00eate, je le ferai.<\/p>\n<p style=\"text-align: justify;\"><strong>Margot Chevrier<\/strong> : Tu pr\u00e9f\u00e8res te trouer sur une course sans tenter un truc, ou tenter un truc et te rater ?<\/p>\n<p style=\"text-align: justify;\"><strong>Gabriel Tual<\/strong> : Mais moi, je tente. Sur un malentendu \u00e7a passe. Je repense \u00e0 Bosse. Aux JO 2016, il fait 4e en tentant de jouer la gagne. S&rsquo;il ne tente pas, il fait sans doute 2e. Il tente de battre David Rudisha. Je pense que c&rsquo;est la bonne fa\u00e7on de voir les choses. Et si \u00e7a ne passe pas, il faut aller au charbon.<\/p>\n<h3 style=\"text-align: justify;\">\u00c0 Eugene, on te voit tenter et il ne manque pas grand-chose.<\/h3>\n<p style=\"text-align: justify;\">Il me manque 80 m\u00e8tres (rires). Il faut une maturit\u00e9 tactique et physique. Et que les ann\u00e9es et les entra\u00eenements pass\u00e9s puissent murir. Ce qui m&rsquo;a manqu\u00e9 \u00e0 Eugene, c&rsquo;est la fra\u00eecheur physique et mentale. Plus physique.<\/p>\n<p style=\"text-align: justify;\"><strong>Margot Chevrier<\/strong> : C&rsquo;est vrai qu&rsquo;il y a trois tours et tu cours apr\u00e8s les minima. Ce n&rsquo;est pas confortable. On savait que les Mondiaux de Eugene \u00e9taient \u00e9litistes.<\/p>\n<p style=\"text-align: justify;\"><strong>Gabriel Tual<\/strong> : Et pourtant, combien de fois on leur a montr\u00e9 qu&rsquo;il ne fallait pas forc\u00e9ment faire 1:44.7 pour \u00eatre performant en grand championnat.<\/p>\n<h2 style=\"text-align: justify;\">\u00ab Je fais 17 courses en 2022, 1:45.5 de moyenne \u00bb<\/h2>\n<h3 style=\"text-align: justify;\">Tu en es un bon exemple, avec deux records battus lors des JO 2020.<\/h3>\n<p style=\"text-align: justify;\">C&rsquo;est la particularit\u00e9 du 800 m.<\/p>\n<h3 style=\"text-align: justify;\">Quelle est aujourd&rsquo;hui ta qualit\u00e9 premi\u00e8re ?<\/h3>\n<p style=\"text-align: justify;\">L&rsquo;engagement et la r\u00e9gularit\u00e9. J&rsquo;ai fait des bilans avec mon pr\u00e9parateur mental. Ce n&rsquo;est pas mal de revoir la saison et de l&rsquo;analyser. Je fais 17 courses et ma moyenne, c&rsquo;est 1:45.5. Je ne peux pas trop me plaindre. Il n&rsquo;y a que Munich. Mais si les gens avaient \u00e9t\u00e9 l\u00e0, ils auraient compris. Ceux qui ont fait Eugene avant \u00e9taient r\u00e2p\u00e9s. Je me suis pr\u00e9par\u00e9 exclusivement pour les Mondiaux et j&rsquo;ai fait les Europe avec ce qu&rsquo;il me restait.<\/p>\n<p style=\"text-align: justify;\">J&rsquo;\u00e9tais frustr\u00e9 de ma 6e place \u00e0 Eugene, c&rsquo;\u00e9tait dur de me r\u00e9entra\u00eener seul ! Pourtant, m\u00eame apr\u00e8s Munich, je continue en Diamond League. Et en finale je fais 1:45.25. Il n&rsquo;y a pas grand-chose \u00e0 se reprocher la saison pass\u00e9e. J&rsquo;ai fait une mauvaise course, en demies des Europe. Il faut quand m\u00eame se dire que j&rsquo;\u00e9tais le seul europ\u00e9en en finale \u00e0 Eugene.<\/p>\n<p style=\"text-align: justify;\"><strong>Margot Chevrier<\/strong> : Ceux qui font s\u00e9ries\/demies et finale \u00e0 Eugene ont souffert \u00e0 Munich, sauf peut-\u00eatre Wilfried Happio. Ceux qui ont fait des trucs bien \u00e0 Munich, n&rsquo;avaient pas forc\u00e9ment perform\u00e9 \u00e0 Eugene.<\/p>\n<div id=\"attachment_245492\" style=\"width: 810px\" class=\"wp-caption aligncenter\"><a href=\"https:\/\/dicodusport.fr\/blog\/wp-content\/uploads\/2022\/07\/Mondiaux-dathletisme-2022-Jackson-Lyles-Tual-le-recapitulatif-de-la-7eme-journee.png\"><img loading=\"lazy\" decoding=\"async\" aria-describedby=\"caption-attachment-245492\" class=\"size-full wp-image-245492\" src=\"https:\/\/dicodusport.fr\/blog\/wp-content\/uploads\/2022\/07\/Mondiaux-dathletisme-2022-Jackson-Lyles-Tual-le-recapitulatif-de-la-7eme-journee.png\" alt=\"Mondiaux d'athl\u00e9tisme 2022 Jackson, Lyles, Tual, le r\u00e9capitulatif de la 7\u00e8me journ\u00e9e\" width=\"800\" height=\"445\" srcset=\"https:\/\/dicodusport.fr\/blog\/wp-content\/uploads\/2022\/07\/Mondiaux-dathletisme-2022-Jackson-Lyles-Tual-le-recapitulatif-de-la-7eme-journee.png 800w, https:\/\/dicodusport.fr\/blog\/wp-content\/uploads\/2022\/07\/Mondiaux-dathletisme-2022-Jackson-Lyles-Tual-le-recapitulatif-de-la-7eme-journee-300x167.png 300w, https:\/\/dicodusport.fr\/blog\/wp-content\/uploads\/2022\/07\/Mondiaux-dathletisme-2022-Jackson-Lyles-Tual-le-recapitulatif-de-la-7eme-journee-768x427.png 768w\" sizes=\"auto, (max-width: 800px) 100vw, 800px\" \/><\/a><p id=\"caption-attachment-245492\" class=\"wp-caption-text\">Gabriel Tual aux Mondiaux d&rsquo;athl\u00e9tisme 2022, \u00e0 Eugene (USA) &#8211; Photo Icon Sport<\/p><\/div>\n<h2 style=\"text-align: justify;\">Gabriel Tual : \u00ab Entre les tours, il faut rester relax, pas se prendre la t\u00eate \u00bb<\/h2>\n<h3 style=\"text-align: justify;\">Et comment on fait pour g\u00e9rer l&rsquo;encha\u00eenement de tours dans une grande comp\u00e9tition ?<\/h3>\n<p style=\"text-align: justify;\"><strong>Gabriel Tual :<\/strong> Sur l&rsquo;attente entre les tours, j&rsquo;arrive \u00e0 bien g\u00e9rer cet aspect. Cela ne me g\u00eane pas. Le plus dur, c&rsquo;est l&rsquo;attente. Quand on entre dans la chambre d&rsquo;appel. Cela dure entre 30 et 35 minutes et tout peut se passer. Dans la t\u00eate, c&rsquo;est le bazar complet. C&rsquo;est l&rsquo;endroit le plus dangereux.<\/p>\n<h3 style=\"text-align: justify;\">Tu es quel type d&rsquo;athl\u00e8te en chambre d&rsquo;appel ?<\/h3>\n<p style=\"text-align: justify;\">Je suis dans ma bulle. Il y a des outils que j&rsquo;utilise en pr\u00e9pa mentale, pour ne pas sortir de ma bulle. Rester dans mes pens\u00e9es positives. La course peut \u00eatre perdue avant d&rsquo;\u00eatre courue. Tu es avec tes adversaires sur une chaise et tu te regardes dans le blanc des yeux.<\/p>\n<p style=\"text-align: justify;\"><strong>Margot Chevrier<\/strong> : Dis-toi que nous, c&rsquo;est comme \u00e7a pendant 2 heures et demie.<\/p>\n<p style=\"text-align: justify;\"><strong>Gabriel Tual<\/strong> : Avant la course, entre les tours, il faut essayer d&rsquo;\u00eatre relax, pas se prendre la t\u00eate. Si tu commences \u00e0 stresser 2-3 jours avant, c&rsquo;est mort. Il ne faut pas faire n&rsquo;importe quoi \u00e9videmment, mais il faut rester chill. Savoir penser \u00e0 autre chose. Apr\u00e8s ma demie des JO, mon pr\u00e9parateur mental m&rsquo;a conseill\u00e9 d&rsquo;aller jouer, faire d&rsquo;autres trucs. J&rsquo;avais deux jours d&rsquo;attente. Pour \u00e9viter de cramer cet influx nerveux. J&rsquo;ai la chance de super bien dormir. Et j&rsquo;arrive vite \u00e0 switcher.<\/p>\n<h2 style=\"text-align: justify;\">Margot Chevrier : \u00ab Gabriel, je ne sais pas comment tu fais pour ne pas faire de comp\u00e9titions de l&rsquo;hiver \u00bb<\/h2>\n<h3 style=\"text-align: justify;\">Tu as fait impasse sur la saison hivernale, ce qui est souvent le cas. C&rsquo;est quoi le quotidien d&rsquo;un athl\u00e8te, quand l&rsquo;\u00e9ch\u00e9ance est encore lointaine ?<\/h3>\n<p style=\"text-align: justify;\" align=\"justify\"><strong>Gabriel Tual<\/strong> : Je n&rsquo;ai pas besoin d&rsquo;avoir tout le temps des objectifs. J&rsquo;aime bien m&rsquo;entra\u00eener.<\/p>\n<p style=\"text-align: justify;\" align=\"justify\"><strong>Margot Chevrier<\/strong> : Je ne sais pas comment tu fais (rires).<\/p>\n<p style=\"text-align: justify;\" align=\"justify\"><strong>Gabriel Tual<\/strong> : On a un groupe \u00e0 Bordeaux, c&rsquo;est cool et on est tous potes.<\/p>\n<p style=\"text-align: justify;\" align=\"justify\"><strong>Margot Chevrier<\/strong> : Nous aussi.<\/p>\n<p style=\"text-align: justify;\" align=\"justify\"><strong>Gabriel Tual<\/strong> : Apr\u00e8s, c&rsquo;est un choix que j&rsquo;ai fait. J&rsquo;ai repris la saison mi-octobre. En trois mois, c&rsquo;est trop dur de faire un cycle de r\u00e9athl\u00e9tisation, d&rsquo;a\u00e9robie et de sp\u00e9cifique. En 2018 ou 2019, je ne fais pas de saison hivernale et je claque mes records l&rsquo;\u00e9t\u00e9. Je trouve que faire un pic de forme l&rsquo;hiver, cela diminue celui de l&rsquo;\u00e9t\u00e9. Et je veux viser l&rsquo;\u00e9t\u00e9. J&rsquo;arrive \u00e0 me focaliser huit mois sur un objectif. Mentalement et dans mon engagement chaque jour, c&rsquo;est d\u00e9cupl\u00e9.<\/p>\n<h2 style=\"text-align: justify;\" align=\"justify\">Gabriel Tual : \u00ab Les Diamond League rapportent beaucoup de points \u00bb<\/h2>\n<h4 style=\"text-align: justify;\" align=\"justify\">Puis tu cours d\u00e9j\u00e0 beaucoup<\/h4>\n<p style=\"text-align: justify;\" align=\"justify\">Dix-sept 800 m en 2022, c&rsquo;\u00e9tait d\u00e9j\u00e0 compliqu\u00e9 (rires). On l&rsquo;a vu avec Benjamin Robert qui \u00e9tait dans le dur \u00e0 Bruxelles et Zurich l&rsquo;an pass\u00e9. Le corps dit stop et on ne peut rien faire.<\/p>\n<p style=\"text-align: justify;\" align=\"justify\"><strong>Margot Chevrier<\/strong> : C&rsquo;est vrai que quand j&rsquo;encha\u00eene trois compets en un week-end, m\u00eame sur de la perche, \u00e0 la 3e je n&rsquo;ai pas la m\u00eame envie. M\u00eame si tu es en forme. Puis quand tu fais 20 compets, la 20e n&rsquo;a plus la m\u00eame saveur. C&rsquo;est presque trop r\u00e9gulier.<\/p>\n<p style=\"text-align: justify;\" align=\"justify\"><strong>Gabriel Tual<\/strong> : Et encore, vous la perche est un jeu. Nous quand on part sur un 800 m, on sait qu&rsquo;on va souffrir. Que tu sois en 1:48 ou 1:40. Et parfois encore plus quand tu fais 1:48.<\/p>\n<p style=\"text-align: justify;\" align=\"justify\"><strong>Margot Chevrier<\/strong> : Mais tu peux depuis un certain temps choisir tes courses. Moi, ce n&rsquo;est le cas que depuis cet hiver. L&rsquo;an pass\u00e9, je dis oui \u00e0 tout, car tout est bon pour marquer des points au ranking ou gagner de l&rsquo;argent (NDLR : Gabriel Tual ayant particip\u00e9 aux JO et aux Mondiaux avec deux finales, il s&rsquo;assure d&rsquo;un bon ranking qui le prot\u00e8ge davantage qu&rsquo;un athl\u00e8te n&rsquo;ayant pas particip\u00e9 ni \u00e0 Eugene ni m\u00eame \u00e0 Munich).<\/p>\n<p style=\"text-align: justify;\" align=\"justify\"><strong>Gabriel Tual<\/strong> : Les Diamond League rapportent \u00e9norm\u00e9ment de points et c&rsquo;est important de ne pas rater sa premi\u00e8re course.<\/p>\n<h2 style=\"text-align: justify;\" align=\"justify\">Gagner en 1:46 en Diamond League, c&rsquo;est comme faire 1:40 ailleurs.<\/h2>\n<p style=\"text-align: justify;\" align=\"justify\"><strong>Margot Chevrier<\/strong> : Sur le classement Cr\u00e9dit Mutuel Athl\u00e9 Tour, je suis 6e. Alors que sur la table hongroise, je pourrais \u00eatre deux. Mais tu pars \u00e0 l&rsquo;\u00e9tranger pour marquer des points au ranking, du coup tu ne marques pas de points au classement. Les hurdleurs ne sont pas top 5, alors que les haies rapportent beaucoup. Du coup, il y a beaucoup de perchistes dans le classement. Avec les Perche Elite Tour. Je vais \u00e0 Ostrava, je fais 4.52 m sur un Gold. Top pour le ranking mais 0 pour le Cr\u00e9dit Mutuel. C&rsquo;est du financier mais cela ne refl\u00e8te pas forc\u00e9ment qui est le meilleur athl\u00e8te.<\/p>\n<p style=\"text-align: justify;\" align=\"justify\">C&rsquo;est bien, cela oblige les athl\u00e8tes \u00e0 rester en France. Mais tu ne peux pas les obliger \u00e0 rester en France et \u00e0 avoir des points au ranking pour aller en grand championnat. Et pour ma part, le choix est fait.<\/p>\n<p style=\"text-align: justify;\" align=\"justify\"><strong>Gabriel Tual<\/strong> : Les gens ne saisissent pas les Diamond League. Si je gagne en 1:46, c&rsquo;est comme si j&rsquo;avais fait 1:41 voire 1:40 dans n&rsquo;importe quel meeting (NDLR : le record du monde est \u00e0 1:40.91). Cela fausse beaucoup de choses.<\/p>\n<p style=\"text-align: justify;\" align=\"justify\"><strong>Margot Chevrier<\/strong> : Cela devient de l&rsquo;anti-sport. Tu vises parfois des comp\u00e9titions aux conditions pourries, mais o\u00f9 tu sais qu&rsquo;il n&rsquo;y a personne et que tu vas marquer de gros points.<\/p>\n<h3 style=\"text-align: justify;\" align=\"justify\">C&rsquo;est du calcul d&rsquo;apothicaire ?<\/h3>\n<p style=\"text-align: justify;\"><strong>Gabriel Tual<\/strong> : C&rsquo;est ce que disait Margot, c&rsquo;est hyper important. Tu peux faire une Diamond League et t&rsquo;assurer de belles choses.<\/p>\n<p style=\"text-align: justify;\"><strong>Margot Chevrier<\/strong> : Dans un sens, sa clavicule c&rsquo;est pas si mal, car il peut \u00eatre frais en septembre, pour faire les derni\u00e8res Diamond League, les finales. Pour Paris 2024, ce sera dans le ranking. S&rsquo;il calcule bien son coup, il sera frais \u00e0 Budapest et apr\u00e8s. On en est \u00e0 d\u00e9caler les saisons. Si tu sais que tu es un peu limite, tu joues sur les gros meetings de fin de saison. Pour garder le ranking pour les JO. Mais tu joues pour ta s\u00e9lection ou pour des points ?<\/p>\n<h2 style=\"text-align: justify;\">Gabriel Tual\u00a0 : \u00ab Je gagne ma vie depuis 2022 \u00bb<\/h2>\n<h3 style=\"text-align: justify;\">En sachant que, m\u00e9diatiquement, il n&rsquo;y a qu&rsquo;un grand championnat qui offre une exposition m\u00e9diatique nationale.<\/h3>\n<p style=\"text-align: justify;\">Toute ta vie, tu ne t&rsquo;entra\u00eenes que pour le grand championnat. \u00c0 la fin de ma carri\u00e8re, j&rsquo;aurais beau \u00eatre 2e au ranking mondial, je m&rsquo;en fous si je n&rsquo;ai pas fait de m\u00e9daille. En termes d&rsquo;exposition et sur les r\u00e9seaux sociaux, il n&rsquo;y a que les France et les s\u00e9lections qui comptent. Gagner les France, cela fait exploser ta m\u00e9diatisation et sur les s\u00e9lections, c&rsquo;est encore mieux.<\/p>\n<h3 style=\"text-align: justify;\">Tu arrives \u00e0 vivre de l&rsquo;athl\u00e9tisme ?<\/h3>\n<p style=\"text-align: justify;\"><strong>Gabriel Tual<\/strong> : Maintenant oui.<\/p>\n<h3 style=\"text-align: justify;\">Donc c&rsquo;est r\u00e9cent ?<\/h3>\n<p style=\"text-align: justify;\">Depuis 2022.<\/p>\n<h3 style=\"text-align: justify;\">Seulement ? La bascule n&rsquo;\u00e9tait pas faite apr\u00e8s Tokyo ?<\/h3>\n<p style=\"text-align: justify;\">Le temps que cela se mette en place. Avant Tokyo, je n&rsquo;avais absolument rien.<\/p>\n<h3 style=\"text-align: justify;\">Tu faisais comment ?<\/h3>\n<p style=\"text-align: justify;\">Papa et maman ! Sans rigoler, heureusement qu&rsquo;ils \u00e9taient derri\u00e8re moi, sans eux je n&rsquo;aurais jamais pu \u00eatre l\u00e0.<\/p>\n<h3 style=\"text-align: justify;\">Donc sans eux, tu arr\u00eatais ?<\/h3>\n<p style=\"text-align: justify;\">Carr\u00e9ment !<\/p>\n<p style=\"text-align: justify;\"><strong>Margot Chevrier<\/strong> : Je pense que tu aurais trouv\u00e9 d&rsquo;autres solutions. Je n&rsquo;avais pas mes parents et j&rsquo;ai trouv\u00e9 des m\u00e9c\u00e9nats.<\/p>\n<p style=\"text-align: justify;\"><strong>Gabriel Tual<\/strong> : Et mon club (NDLR : US Talence Athl\u00e9tisme) m&rsquo;a beaucoup soutenu. Mais c&rsquo;\u00e9tait tout.<\/p>\n<h2 style=\"text-align: justify;\">\u00ab Paris dans un coin de ma t\u00eate \u00bb<\/h2>\n<h3 style=\"text-align: justify;\">C&rsquo;est terrible de se dire que tu es finaliste olympique mais que tu ne gagnes pas ta vie.<\/h3>\n<p style=\"text-align: justify;\">Aujourd&rsquo;hui j&rsquo;en vis, mais si demain cela s&rsquo;arr\u00eate, il y a tout qui s&rsquo;arr\u00eate. Il n&rsquo;y a plus rien. Il faudra que je trouve quelque chose pour faire rentrer de l&rsquo;argent. Une m\u00e9daille (rires).<\/p>\n<h3 style=\"text-align: justify;\">Le demi-fond reste peut-\u00eatre plus bankable que d&rsquo;autres disciplines, mais moins que d&rsquo;autres.<\/h3>\n<p style=\"text-align: justify;\">En sprint, tu peux bien gagner ta vie, idem sur les longues distances. Sur la route, tu peux gagner pas mal.<\/p>\n<p style=\"text-align: justify;\"><strong>Margot Chevrier<\/strong> : C&rsquo;est sur du prize-money.<\/p>\n<p style=\"text-align: justify;\"><strong>Gabriel Tual<\/strong> : Mais sur les distances interm\u00e9diaires, c&rsquo;est plus compliqu\u00e9. Idem pour les \u00e9preuves autres que la course.<\/p>\n<p style=\"text-align: justify;\"><strong>Margot Chevrier<\/strong> : Courir, tout le monde peut le faire, donc \u00e7a parle. Les gens font leur footing, certes beaucoup moins vite, mais peuvent le faire. Alors que les sauts, lancers ou perche&#8230; Les gens s&rsquo;identifient \u00e0 ce qu&rsquo;ils font eux, donc cela reste plus facile d&rsquo;avoir de la visibilit\u00e9. Vous avez sans doute m\u00eame plus de visibilit\u00e9 sur les r\u00e9seaux sociaux que les sprinteurs. Il y a pas mal de sponsors qui arrivent par rapport \u00e0 cette visibilit\u00e9. Il faut jouer avec ses atouts. Et le sprint n&rsquo;est pas forc\u00e9ment mieux que le demi-fond. Peut-\u00eatre sur les contrats.<\/p>\n<h3 style=\"text-align: justify;\">Tu as parl\u00e9 de Paris. Les Jeux sont d\u00e9j\u00e0 dans un coin de ta t\u00eate ?<\/h3>\n<p style=\"text-align: justify;\">Oui !<\/p>\n<h3 style=\"text-align: justify;\">Plus que Budapest ?<\/h3>\n<p style=\"text-align: justify;\">Oui et je crois que c&rsquo;est le cas pour tout le monde.<\/p>\n","protected":false},"excerpt":{"rendered":"<p>ATHL\u00c9TISME &#8211; Interview avec Gabriel Tual, finaliste olympique et mondial sur 800 m.\u00a0Le demi-fondeur girondin \u00e9voque sa r\u00e9cente fracture de la clavicule, qui retarde sa pr\u00e9paration pour les Mondiaux de Budapest.<\/p>\n","protected":false},"author":83,"featured_media":373224,"comment_status":"open","ping_status":"closed","sticky":false,"template":"","format":"standard","meta":{"_acf_changed":false,"_daextam_enable_autolinks":"","footnotes":""},"categories":[2308],"tags":[143,16878,24380,24],"class_list":["post-371713","post","type-post","status-publish","format-standard","has-post-thumbnail","hentry","category-athletisme","tag-athletisme","tag-breve","tag-gabriel-tual","tag-sport"],"acf":[],"yoast_head":"<!-- This site is optimized with the Yoast SEO Premium plugin v26.7 (Yoast SEO v26.7) - https:\/\/yoast.com\/wordpress\/plugins\/seo\/ -->\n<title>Gabriel Tual : &quot;Dans une course, je pars pour gagner&quot;<\/title>\n<meta name=\"description\" content=\"ATHL\u00c9TISME - Interview avec Gabriel Tual, finaliste olympique et mondial sur 800 m.\u00a0Le demi-fondeur girondin \u00e9voque sa discipline.\" \/>\n<meta name=\"robots\" content=\"index, follow, max-snippet:-1, max-image-preview:large, max-video-preview:-1\" \/>\n<link rel=\"canonical\" href=\"https:\/\/dicodusport.fr\/blog\/gabriel-tual-dans-une-course-je-pars-pour-gagner\/\" \/>\n<meta property=\"og:locale\" content=\"fr_FR\" \/>\n<meta property=\"og:type\" content=\"article\" \/>\n<meta property=\"og:title\" content=\"Gabriel Tual : &quot;Dans une course, je pars pour gagner&quot;\" \/>\n<meta property=\"og:description\" content=\"ATHL\u00c9TISME - Interview avec Gabriel Tual, finaliste olympique et mondial sur 800 m.\u00a0Le demi-fondeur girondin \u00e9voque sa discipline.\" \/>\n<meta property=\"og:url\" content=\"https:\/\/dicodusport.fr\/blog\/gabriel-tual-dans-une-course-je-pars-pour-gagner\/\" \/>\n<meta property=\"og:site_name\" content=\"Dicodusport\" \/>\n<meta property=\"article:publisher\" content=\"https:\/\/www.facebook.com\/dicodusport\" \/>\n<meta property=\"article:published_time\" content=\"2023-04-11T09:35:10+00:00\" \/>\n<meta property=\"article:modified_time\" content=\"2023-04-11T16:17:16+00:00\" \/>\n<meta property=\"og:image\" content=\"https:\/\/dicodusport.fr\/blog\/wp-content\/uploads\/2023\/04\/Gabriel-Tual-Dans-une-course-je-pars-pour-gagner.png\" \/>\n\t<meta property=\"og:image:width\" content=\"800\" \/>\n\t<meta property=\"og:image:height\" content=\"445\" \/>\n\t<meta property=\"og:image:type\" content=\"image\/png\" \/>\n<meta name=\"author\" content=\"Etienne Goursaud\" \/>\n<meta name=\"twitter:card\" content=\"summary_large_image\" \/>\n<meta name=\"twitter:title\" content=\"Gabriel Tual : &quot;Dans une course, je pars pour gagner&quot;\" \/>\n<meta name=\"twitter:creator\" content=\"@dicodusport\" \/>\n<meta name=\"twitter:site\" content=\"@dicodusport\" \/>\n<script type=\"application\/ld+json\" class=\"yoast-schema-graph\">{\"@context\":\"https:\/\/schema.org\",\"@graph\":[{\"@type\":\"NewsArticle\",\"@id\":\"https:\/\/dicodusport.fr\/blog\/gabriel-tual-dans-une-course-je-pars-pour-gagner\/#article\",\"isPartOf\":{\"@id\":\"https:\/\/dicodusport.fr\/blog\/gabriel-tual-dans-une-course-je-pars-pour-gagner\/\"},\"author\":{\"name\":\"Etienne Goursaud\",\"@id\":\"https:\/\/dicodusport.fr\/blog\/#\/schema\/person\/d603dd7da31fb2b46c82b9835a77ec13\"},\"headline\":\"Gabriel Tual : \u00ab\u00a0Dans une course, je pars pour gagner\u00a0\u00bb\",\"datePublished\":\"2023-04-11T09:35:10+00:00\",\"dateModified\":\"2023-04-11T16:17:16+00:00\",\"mainEntityOfPage\":{\"@id\":\"https:\/\/dicodusport.fr\/blog\/gabriel-tual-dans-une-course-je-pars-pour-gagner\/\"},\"wordCount\":3328,\"commentCount\":0,\"publisher\":{\"@id\":\"https:\/\/dicodusport.fr\/blog\/#organization\"},\"image\":{\"@id\":\"https:\/\/dicodusport.fr\/blog\/gabriel-tual-dans-une-course-je-pars-pour-gagner\/#primaryimage\"},\"thumbnailUrl\":\"https:\/\/dicodusport.fr\/blog\/wp-content\/uploads\/2023\/04\/Gabriel-Tual-Dans-une-course-je-pars-pour-gagner.png\",\"keywords\":[\"Athl\u00e9tisme\",\"br\u00e8ve\",\"Gabriel Tual\",\"sport\"],\"articleSection\":[\"Athl\u00e9tisme\"],\"inLanguage\":\"fr-FR\",\"potentialAction\":[{\"@type\":\"CommentAction\",\"name\":\"Comment\",\"target\":[\"https:\/\/dicodusport.fr\/blog\/gabriel-tual-dans-une-course-je-pars-pour-gagner\/#respond\"]}],\"copyrightYear\":\"2023\",\"copyrightHolder\":{\"@id\":\"https:\/\/dicodusport.fr\/blog\/#organization\"}},{\"@type\":\"WebPage\",\"@id\":\"https:\/\/dicodusport.fr\/blog\/gabriel-tual-dans-une-course-je-pars-pour-gagner\/\",\"url\":\"https:\/\/dicodusport.fr\/blog\/gabriel-tual-dans-une-course-je-pars-pour-gagner\/\",\"name\":\"Gabriel Tual : \\\"Dans une course, je pars pour gagner\\\"\",\"isPartOf\":{\"@id\":\"https:\/\/dicodusport.fr\/blog\/#website\"},\"primaryImageOfPage\":{\"@id\":\"https:\/\/dicodusport.fr\/blog\/gabriel-tual-dans-une-course-je-pars-pour-gagner\/#primaryimage\"},\"image\":{\"@id\":\"https:\/\/dicodusport.fr\/blog\/gabriel-tual-dans-une-course-je-pars-pour-gagner\/#primaryimage\"},\"thumbnailUrl\":\"https:\/\/dicodusport.fr\/blog\/wp-content\/uploads\/2023\/04\/Gabriel-Tual-Dans-une-course-je-pars-pour-gagner.png\",\"datePublished\":\"2023-04-11T09:35:10+00:00\",\"dateModified\":\"2023-04-11T16:17:16+00:00\",\"description\":\"ATHL\u00c9TISME - Interview avec Gabriel Tual, finaliste olympique et mondial sur 800 m.\u00a0Le demi-fondeur girondin \u00e9voque sa discipline.\",\"breadcrumb\":{\"@id\":\"https:\/\/dicodusport.fr\/blog\/gabriel-tual-dans-une-course-je-pars-pour-gagner\/#breadcrumb\"},\"inLanguage\":\"fr-FR\",\"potentialAction\":[{\"@type\":\"ReadAction\",\"target\":[\"https:\/\/dicodusport.fr\/blog\/gabriel-tual-dans-une-course-je-pars-pour-gagner\/\"]}]},{\"@type\":\"ImageObject\",\"inLanguage\":\"fr-FR\",\"@id\":\"https:\/\/dicodusport.fr\/blog\/gabriel-tual-dans-une-course-je-pars-pour-gagner\/#primaryimage\",\"url\":\"https:\/\/dicodusport.fr\/blog\/wp-content\/uploads\/2023\/04\/Gabriel-Tual-Dans-une-course-je-pars-pour-gagner.png\",\"contentUrl\":\"https:\/\/dicodusport.fr\/blog\/wp-content\/uploads\/2023\/04\/Gabriel-Tual-Dans-une-course-je-pars-pour-gagner.png\",\"width\":800,\"height\":445,\"caption\":\"Gabriel Tual Dans une course, je pars pour gagner\"},{\"@type\":\"BreadcrumbList\",\"@id\":\"https:\/\/dicodusport.fr\/blog\/gabriel-tual-dans-une-course-je-pars-pour-gagner\/#breadcrumb\",\"itemListElement\":[{\"@type\":\"ListItem\",\"position\":1,\"name\":\"Accueil\",\"item\":\"https:\/\/dicodusport.fr\/blog\/\"},{\"@type\":\"ListItem\",\"position\":2,\"name\":\"Gabriel Tual : \u00ab\u00a0Dans une course, je pars pour gagner\u00a0\u00bb\"}]},{\"@type\":\"WebSite\",\"@id\":\"https:\/\/dicodusport.fr\/blog\/#website\",\"url\":\"https:\/\/dicodusport.fr\/blog\/\",\"name\":\"Dicodusport\",\"description\":\"L&#039;encyclop\u00e9die de l&#039;actualit\u00e9 sportive\",\"publisher\":{\"@id\":\"https:\/\/dicodusport.fr\/blog\/#organization\"},\"potentialAction\":[{\"@type\":\"SearchAction\",\"target\":{\"@type\":\"EntryPoint\",\"urlTemplate\":\"https:\/\/dicodusport.fr\/blog\/?s={search_term_string}\"},\"query-input\":{\"@type\":\"PropertyValueSpecification\",\"valueRequired\":true,\"valueName\":\"search_term_string\"}}],\"inLanguage\":\"fr-FR\"},{\"@type\":\"NewsMediaOrganization\",\"@id\":\"https:\/\/dicodusport.fr\/blog\/#organization\",\"name\":\"Dicodusport\",\"url\":\"https:\/\/dicodusport.fr\/blog\/\",\"logo\":{\"@type\":\"ImageObject\",\"inLanguage\":\"fr-FR\",\"@id\":\"https:\/\/dicodusport.fr\/blog\/#\/schema\/logo\/image\/\",\"url\":\"https:\/\/dicodusport.fr\/blog\/wp-content\/uploads\/2020\/06\/cropped-LOGO-DICODUSPORT-2020-SANS-FOND-SANS-TEXTE.png\",\"contentUrl\":\"https:\/\/dicodusport.fr\/blog\/wp-content\/uploads\/2020\/06\/cropped-LOGO-DICODUSPORT-2020-SANS-FOND-SANS-TEXTE.png\",\"width\":512,\"height\":512,\"caption\":\"Dicodusport\"},\"image\":{\"@id\":\"https:\/\/dicodusport.fr\/blog\/#\/schema\/logo\/image\/\"},\"sameAs\":[\"https:\/\/www.facebook.com\/dicodusport\",\"https:\/\/x.com\/dicodusport\",\"https:\/\/www.instagram.com\/dicodusport\/\",\"https:\/\/www.youtube.com\/channel\/UC7V2KZ5sd3htJivAbA4ZG3w\"],\"description\":\"Dicodusport est l'encyclop\u00e9die de l'actualit\u00e9 sportive.\",\"email\":\"bonjour@dicodusport.fr\",\"legalName\":\"DICODUSPORT\",\"foundingDate\":\"2018-01-14\",\"vatID\":\"FR71834470973\",\"taxID\":\"83447097300043\",\"numberOfEmployees\":{\"@type\":\"QuantitativeValue\",\"minValue\":\"1\",\"maxValue\":\"10\"}},{\"@type\":\"Person\",\"@id\":\"https:\/\/dicodusport.fr\/blog\/#\/schema\/person\/d603dd7da31fb2b46c82b9835a77ec13\",\"name\":\"Etienne Goursaud\",\"image\":{\"@type\":\"ImageObject\",\"inLanguage\":\"fr-FR\",\"@id\":\"https:\/\/dicodusport.fr\/blog\/#\/schema\/person\/image\/\",\"url\":\"https:\/\/dicodusport.fr\/blog\/wp-content\/uploads\/2023\/12\/410122264_10231602061736049_5565839791558026645_n-150x150.jpg\",\"contentUrl\":\"https:\/\/dicodusport.fr\/blog\/wp-content\/uploads\/2023\/12\/410122264_10231602061736049_5565839791558026645_n-150x150.jpg\",\"caption\":\"Etienne Goursaud\"},\"description\":\"Journaliste et amoureux de sport. Ancien footballeur reconverti athl\u00e8te quand ses muscles le laissent tranquille. \u00c9lev\u00e9 \u00e0 la sauce des exploits de Thomas Voeckler en 2004, du dernier essai de l\u00e9gende de Eunice Barber \u00e0 la longueur lors des championnats du monde d'athl\u00e9tisme de 2003 mais aussi Zidane, Omeyer et Titou Lamaison.\",\"url\":\"https:\/\/dicodusport.fr\/blog\/author\/etienne-goursaud\/\"}]}<\/script>\n<!-- \/ Yoast SEO Premium plugin. -->","yoast_head_json":{"title":"Gabriel Tual : \"Dans une course, je pars pour gagner\"","description":"ATHL\u00c9TISME - Interview avec Gabriel Tual, finaliste olympique et mondial sur 800 m.\u00a0Le demi-fondeur girondin \u00e9voque sa discipline.","robots":{"index":"index","follow":"follow","max-snippet":"max-snippet:-1","max-image-preview":"max-image-preview:large","max-video-preview":"max-video-preview:-1"},"canonical":"https:\/\/dicodusport.fr\/blog\/gabriel-tual-dans-une-course-je-pars-pour-gagner\/","og_locale":"fr_FR","og_type":"article","og_title":"Gabriel Tual : \"Dans une course, je pars pour gagner\"","og_description":"ATHL\u00c9TISME - Interview avec Gabriel Tual, finaliste olympique et mondial sur 800 m.\u00a0Le demi-fondeur girondin \u00e9voque sa discipline.","og_url":"https:\/\/dicodusport.fr\/blog\/gabriel-tual-dans-une-course-je-pars-pour-gagner\/","og_site_name":"Dicodusport","article_publisher":"https:\/\/www.facebook.com\/dicodusport","article_published_time":"2023-04-11T09:35:10+00:00","article_modified_time":"2023-04-11T16:17:16+00:00","og_image":[{"width":800,"height":445,"url":"https:\/\/dicodusport.fr\/blog\/wp-content\/uploads\/2023\/04\/Gabriel-Tual-Dans-une-course-je-pars-pour-gagner.png","type":"image\/png"}],"author":"Etienne Goursaud","twitter_card":"summary_large_image","twitter_title":"Gabriel Tual : \"Dans une course, je pars pour gagner\"","twitter_creator":"@dicodusport","twitter_site":"@dicodusport","schema":{"@context":"https:\/\/schema.org","@graph":[{"@type":"NewsArticle","@id":"https:\/\/dicodusport.fr\/blog\/gabriel-tual-dans-une-course-je-pars-pour-gagner\/#article","isPartOf":{"@id":"https:\/\/dicodusport.fr\/blog\/gabriel-tual-dans-une-course-je-pars-pour-gagner\/"},"author":{"name":"Etienne Goursaud","@id":"https:\/\/dicodusport.fr\/blog\/#\/schema\/person\/d603dd7da31fb2b46c82b9835a77ec13"},"headline":"Gabriel Tual : \u00ab\u00a0Dans une course, je pars pour gagner\u00a0\u00bb","datePublished":"2023-04-11T09:35:10+00:00","dateModified":"2023-04-11T16:17:16+00:00","mainEntityOfPage":{"@id":"https:\/\/dicodusport.fr\/blog\/gabriel-tual-dans-une-course-je-pars-pour-gagner\/"},"wordCount":3328,"commentCount":0,"publisher":{"@id":"https:\/\/dicodusport.fr\/blog\/#organization"},"image":{"@id":"https:\/\/dicodusport.fr\/blog\/gabriel-tual-dans-une-course-je-pars-pour-gagner\/#primaryimage"},"thumbnailUrl":"https:\/\/dicodusport.fr\/blog\/wp-content\/uploads\/2023\/04\/Gabriel-Tual-Dans-une-course-je-pars-pour-gagner.png","keywords":["Athl\u00e9tisme","br\u00e8ve","Gabriel Tual","sport"],"articleSection":["Athl\u00e9tisme"],"inLanguage":"fr-FR","potentialAction":[{"@type":"CommentAction","name":"Comment","target":["https:\/\/dicodusport.fr\/blog\/gabriel-tual-dans-une-course-je-pars-pour-gagner\/#respond"]}],"copyrightYear":"2023","copyrightHolder":{"@id":"https:\/\/dicodusport.fr\/blog\/#organization"}},{"@type":"WebPage","@id":"https:\/\/dicodusport.fr\/blog\/gabriel-tual-dans-une-course-je-pars-pour-gagner\/","url":"https:\/\/dicodusport.fr\/blog\/gabriel-tual-dans-une-course-je-pars-pour-gagner\/","name":"Gabriel Tual : \"Dans une course, je pars pour gagner\"","isPartOf":{"@id":"https:\/\/dicodusport.fr\/blog\/#website"},"primaryImageOfPage":{"@id":"https:\/\/dicodusport.fr\/blog\/gabriel-tual-dans-une-course-je-pars-pour-gagner\/#primaryimage"},"image":{"@id":"https:\/\/dicodusport.fr\/blog\/gabriel-tual-dans-une-course-je-pars-pour-gagner\/#primaryimage"},"thumbnailUrl":"https:\/\/dicodusport.fr\/blog\/wp-content\/uploads\/2023\/04\/Gabriel-Tual-Dans-une-course-je-pars-pour-gagner.png","datePublished":"2023-04-11T09:35:10+00:00","dateModified":"2023-04-11T16:17:16+00:00","description":"ATHL\u00c9TISME - Interview avec Gabriel Tual, finaliste olympique et mondial sur 800 m.\u00a0Le demi-fondeur girondin \u00e9voque sa discipline.","breadcrumb":{"@id":"https:\/\/dicodusport.fr\/blog\/gabriel-tual-dans-une-course-je-pars-pour-gagner\/#breadcrumb"},"inLanguage":"fr-FR","potentialAction":[{"@type":"ReadAction","target":["https:\/\/dicodusport.fr\/blog\/gabriel-tual-dans-une-course-je-pars-pour-gagner\/"]}]},{"@type":"ImageObject","inLanguage":"fr-FR","@id":"https:\/\/dicodusport.fr\/blog\/gabriel-tual-dans-une-course-je-pars-pour-gagner\/#primaryimage","url":"https:\/\/dicodusport.fr\/blog\/wp-content\/uploads\/2023\/04\/Gabriel-Tual-Dans-une-course-je-pars-pour-gagner.png","contentUrl":"https:\/\/dicodusport.fr\/blog\/wp-content\/uploads\/2023\/04\/Gabriel-Tual-Dans-une-course-je-pars-pour-gagner.png","width":800,"height":445,"caption":"Gabriel Tual Dans une course, je pars pour gagner"},{"@type":"BreadcrumbList","@id":"https:\/\/dicodusport.fr\/blog\/gabriel-tual-dans-une-course-je-pars-pour-gagner\/#breadcrumb","itemListElement":[{"@type":"ListItem","position":1,"name":"Accueil","item":"https:\/\/dicodusport.fr\/blog\/"},{"@type":"ListItem","position":2,"name":"Gabriel Tual : \u00ab\u00a0Dans une course, je pars pour gagner\u00a0\u00bb"}]},{"@type":"WebSite","@id":"https:\/\/dicodusport.fr\/blog\/#website","url":"https:\/\/dicodusport.fr\/blog\/","name":"Dicodusport","description":"L&#039;encyclop\u00e9die de l&#039;actualit\u00e9 sportive","publisher":{"@id":"https:\/\/dicodusport.fr\/blog\/#organization"},"potentialAction":[{"@type":"SearchAction","target":{"@type":"EntryPoint","urlTemplate":"https:\/\/dicodusport.fr\/blog\/?s={search_term_string}"},"query-input":{"@type":"PropertyValueSpecification","valueRequired":true,"valueName":"search_term_string"}}],"inLanguage":"fr-FR"},{"@type":"NewsMediaOrganization","@id":"https:\/\/dicodusport.fr\/blog\/#organization","name":"Dicodusport","url":"https:\/\/dicodusport.fr\/blog\/","logo":{"@type":"ImageObject","inLanguage":"fr-FR","@id":"https:\/\/dicodusport.fr\/blog\/#\/schema\/logo\/image\/","url":"https:\/\/dicodusport.fr\/blog\/wp-content\/uploads\/2020\/06\/cropped-LOGO-DICODUSPORT-2020-SANS-FOND-SANS-TEXTE.png","contentUrl":"https:\/\/dicodusport.fr\/blog\/wp-content\/uploads\/2020\/06\/cropped-LOGO-DICODUSPORT-2020-SANS-FOND-SANS-TEXTE.png","width":512,"height":512,"caption":"Dicodusport"},"image":{"@id":"https:\/\/dicodusport.fr\/blog\/#\/schema\/logo\/image\/"},"sameAs":["https:\/\/www.facebook.com\/dicodusport","https:\/\/x.com\/dicodusport","https:\/\/www.instagram.com\/dicodusport\/","https:\/\/www.youtube.com\/channel\/UC7V2KZ5sd3htJivAbA4ZG3w"],"description":"Dicodusport est l'encyclop\u00e9die de l'actualit\u00e9 sportive.","email":"bonjour@dicodusport.fr","legalName":"DICODUSPORT","foundingDate":"2018-01-14","vatID":"FR71834470973","taxID":"83447097300043","numberOfEmployees":{"@type":"QuantitativeValue","minValue":"1","maxValue":"10"}},{"@type":"Person","@id":"https:\/\/dicodusport.fr\/blog\/#\/schema\/person\/d603dd7da31fb2b46c82b9835a77ec13","name":"Etienne Goursaud","image":{"@type":"ImageObject","inLanguage":"fr-FR","@id":"https:\/\/dicodusport.fr\/blog\/#\/schema\/person\/image\/","url":"https:\/\/dicodusport.fr\/blog\/wp-content\/uploads\/2023\/12\/410122264_10231602061736049_5565839791558026645_n-150x150.jpg","contentUrl":"https:\/\/dicodusport.fr\/blog\/wp-content\/uploads\/2023\/12\/410122264_10231602061736049_5565839791558026645_n-150x150.jpg","caption":"Etienne Goursaud"},"description":"Journaliste et amoureux de sport. Ancien footballeur reconverti athl\u00e8te quand ses muscles le laissent tranquille. \u00c9lev\u00e9 \u00e0 la sauce des exploits de Thomas Voeckler en 2004, du dernier essai de l\u00e9gende de Eunice Barber \u00e0 la longueur lors des championnats du monde d'athl\u00e9tisme de 2003 mais aussi Zidane, Omeyer et Titou Lamaison.","url":"https:\/\/dicodusport.fr\/blog\/author\/etienne-goursaud\/"}]}},"_links":{"self":[{"href":"https:\/\/dicodusport.fr\/blog\/wp-json\/wp\/v2\/posts\/371713","targetHints":{"allow":["GET"]}}],"collection":[{"href":"https:\/\/dicodusport.fr\/blog\/wp-json\/wp\/v2\/posts"}],"about":[{"href":"https:\/\/dicodusport.fr\/blog\/wp-json\/wp\/v2\/types\/post"}],"author":[{"embeddable":true,"href":"https:\/\/dicodusport.fr\/blog\/wp-json\/wp\/v2\/users\/83"}],"replies":[{"embeddable":true,"href":"https:\/\/dicodusport.fr\/blog\/wp-json\/wp\/v2\/comments?post=371713"}],"version-history":[{"count":0,"href":"https:\/\/dicodusport.fr\/blog\/wp-json\/wp\/v2\/posts\/371713\/revisions"}],"wp:featuredmedia":[{"embeddable":true,"href":"https:\/\/dicodusport.fr\/blog\/wp-json\/wp\/v2\/media\/373224"}],"wp:attachment":[{"href":"https:\/\/dicodusport.fr\/blog\/wp-json\/wp\/v2\/media?parent=371713"}],"wp:term":[{"taxonomy":"category","embeddable":true,"href":"https:\/\/dicodusport.fr\/blog\/wp-json\/wp\/v2\/categories?post=371713"},{"taxonomy":"post_tag","embeddable":true,"href":"https:\/\/dicodusport.fr\/blog\/wp-json\/wp\/v2\/tags?post=371713"}],"curies":[{"name":"wp","href":"https:\/\/api.w.org\/{rel}","templated":true}]}}