{"id":371725,"date":"2023-04-04T11:46:45","date_gmt":"2023-04-04T09:46:45","guid":{"rendered":"https:\/\/dicodusport.fr\/blog\/?p=371725&#038;preview=true&#038;preview_id=371725"},"modified":"2023-04-04T12:56:02","modified_gmt":"2023-04-04T10:56:02","slug":"la-movistar-lance-une-equipe-de-gravel-avec-alejandro-valverde","status":"publish","type":"post","link":"https:\/\/dicodusport.fr\/blog\/la-movistar-lance-une-equipe-de-gravel-avec-alejandro-valverde\/","title":{"rendered":"La Movistar lance une \u00e9quipe de gravel avec Alejandro Valverde"},"content":{"rendered":"<p style=\"text-align: justify;\" align=\"justify\"><em><strong>CYCLISME &#8211; La Movistar a annonc\u00e9 le lancement d&rsquo;une \u00e9quipe de gravel, avec le jeune retrait\u00e9 Alejandro Valverde comme chef de file.\u00a0<\/strong><\/em><\/p>\n<p style=\"text-align: justify;\" align=\"justify\">Le gravel est une discipline en pleine expansion. La <a href=\"https:\/\/dicodusport.fr\/blog\/la-formation-movistar-pourrait-avoir-un-nouveau-sponsor-titre\/\"><strong>Movistar<\/strong><\/a> va surfer sur la vague avec sa l\u00e9gende <strong>Alejandro<\/strong> <strong>Valverde<\/strong>. Tout juste retrait\u00e9 du peloton professionnel, le coureur de 42 ans va donc relever un nouveau d\u00e9fi avec des \u00e9preuves de gravel. <strong>Alejandro<\/strong> <strong>Valverde<\/strong> est tr\u00e8s affut\u00e9 et aurait m\u00eame confi\u00e9 qu&rsquo;il avait plus roul\u00e9 sur ce d\u00e9but d&rsquo;ann\u00e9e 2023 que sur tout 2022.<\/p>\n<p style=\"text-align: justify;\" align=\"justify\">Le champion du monde 2018, quadruple vainqueur de Li\u00e8ge-Bastogne-Li\u00e8ge, ne sera pas le seul coureur de cette \u00e9quipe gravel puisqu&rsquo;<strong>Ivan Garc\u00eda Cortina<\/strong>, membre de l&rsquo;\u00e9quipe professionnelle, <strong>Ana<\/strong> <strong>Dillana<\/strong> et <strong>Hayley<\/strong> <strong>Simmonds<\/strong>, seront \u00e9galement de la partie. Cette nouvelle \u00e9quipe gravel a annonc\u00e9 sa pr\u00e9sence \u00e0 deux \u00e9v\u00e9nements en Espagne sur le mois d&rsquo;avril, <strong>La<\/strong> <strong>Indomable<\/strong> \u00e0 <strong>Almeria<\/strong> le 23, puis <strong>The Traka \u00e0 Girona<\/strong> le 29. De nouveaux coureurs et de nouvelles courses devraient \u00eatre annonc\u00e9s dans les prochaines semaines.<\/p>\n<blockquote class=\"twitter-tweet\">\n<p dir=\"ltr\" lang=\"fr\">La Movistar annonce le lancement d&rsquo;une \u00e9quipe de gravel avec Alejandro Valverde. L&rsquo;Espagnol de 42 ans participera \u00e0 sa premi\u00e8re course le 23 avril. Retrait\u00e9 des pelotons, le champion du monde 2018 affirme avoir effectu\u00e9 plus de kilom\u00e8tres sur le premier trimestre 2023 qu&rsquo;en 2022. <a href=\"https:\/\/t.co\/sN935HxmnX\">pic.twitter.com\/sN935HxmnX<\/a><\/p>\n<p>\u2014 Le Gruppetto (@LeGruppetto) <a href=\"https:\/\/twitter.com\/LeGruppetto\/status\/1643167225929428992?ref_src=twsrc%5Etfw\">April 4, 2023<\/a><\/p><\/blockquote>\n<p style=\"text-align: justify;\"><script async src=\"https:\/\/platform.twitter.com\/widgets.js\" charset=\"utf-8\"><\/script><\/p>\n","protected":false},"excerpt":{"rendered":"<p>CYCLISME &#8211; La Movistar a annonc\u00e9 le lancement d&rsquo;une \u00e9quipe de gravel, avec le jeune retrait\u00e9 Alejandro Valverde comme chef de file.\u00a0\u00a0<\/p>\n","protected":false},"author":1,"featured_media":371729,"comment_status":"open","ping_status":"closed","sticky":false,"template":"","format":"standard","meta":{"_acf_changed":false,"_daextam_enable_autolinks":"","footnotes":""},"categories":[2307],"tags":[4525,16878,19452,5354],"class_list":["post-371725","post","type-post","status-publish","format-standard","has-post-thumbnail","hentry","category-cyclisme","tag-alejandro-valverde","tag-breve","tag-gravel","tag-movistar"],"acf":[],"yoast_head":"<!-- This site is optimized with the Yoast SEO Premium plugin v26.7 (Yoast SEO v26.7) - https:\/\/yoast.com\/wordpress\/plugins\/seo\/ -->\n<title>La Movistar lance une \u00e9quipe de gravel avec Alejandro Valverde<\/title>\n<meta name=\"description\" content=\"CYCLISME - La Movistar a annonc\u00e9 le lancement d&#039;une \u00e9quipe de gravel avec le jeune retrait\u00e9 Alejandro Valverde comme chef de file.\u00a0\" \/>\n<meta name=\"robots\" content=\"index, follow, max-snippet:-1, max-image-preview:large, max-video-preview:-1\" \/>\n<link rel=\"canonical\" href=\"https:\/\/dicodusport.fr\/blog\/la-movistar-lance-une-equipe-de-gravel-avec-alejandro-valverde\/\" \/>\n<meta property=\"og:locale\" content=\"fr_FR\" \/>\n<meta property=\"og:type\" content=\"article\" \/>\n<meta property=\"og:title\" content=\"La Movistar lance une \u00e9quipe de gravel avec Alejandro Valverde\" \/>\n<meta property=\"og:description\" content=\"CYCLISME - La Movistar a annonc\u00e9 le lancement d&#039;une \u00e9quipe de gravel avec le jeune retrait\u00e9 Alejandro Valverde comme chef de file.\u00a0\" \/>\n<meta property=\"og:url\" content=\"https:\/\/dicodusport.fr\/blog\/la-movistar-lance-une-equipe-de-gravel-avec-alejandro-valverde\/\" \/>\n<meta property=\"og:site_name\" content=\"Dicodusport\" \/>\n<meta property=\"article:publisher\" content=\"https:\/\/www.facebook.com\/dicodusport\" \/>\n<meta property=\"article:author\" content=\"https:\/\/www.facebook.com\/dicodusport\" \/>\n<meta property=\"article:published_time\" content=\"2023-04-04T09:46:45+00:00\" \/>\n<meta property=\"article:modified_time\" content=\"2023-04-04T10:56:02+00:00\" \/>\n<meta property=\"og:image\" content=\"https:\/\/dicodusport.fr\/blog\/wp-content\/uploads\/2023\/04\/La-Movistar-lance-une-equipe-de-gravel-avec-Alejandro-Valverde.png\" \/>\n\t<meta property=\"og:image:width\" content=\"800\" \/>\n\t<meta property=\"og:image:height\" content=\"445\" \/>\n\t<meta property=\"og:image:type\" content=\"image\/png\" \/>\n<meta name=\"author\" content=\"Nicolas Jacquemard\" \/>\n<meta name=\"twitter:card\" content=\"summary_large_image\" \/>\n<meta name=\"twitter:title\" content=\"La Movistar lance une \u00e9quipe de gravel avec Alejandro Valverde\" \/>\n<meta name=\"twitter:creator\" content=\"@https:\/\/twitter.com\/Nico_Jacquemard\" \/>\n<meta name=\"twitter:site\" content=\"@dicodusport\" \/>\n<script type=\"application\/ld+json\" class=\"yoast-schema-graph\">{\"@context\":\"https:\/\/schema.org\",\"@graph\":[{\"@type\":\"NewsArticle\",\"@id\":\"https:\/\/dicodusport.fr\/blog\/la-movistar-lance-une-equipe-de-gravel-avec-alejandro-valverde\/#article\",\"isPartOf\":{\"@id\":\"https:\/\/dicodusport.fr\/blog\/la-movistar-lance-une-equipe-de-gravel-avec-alejandro-valverde\/\"},\"author\":{\"name\":\"Nicolas Jacquemard\",\"@id\":\"https:\/\/dicodusport.fr\/blog\/#\/schema\/person\/55dcb50ad410894e431ed812bbb70191\"},\"headline\":\"La Movistar lance une \u00e9quipe de gravel avec Alejandro Valverde\",\"datePublished\":\"2023-04-04T09:46:45+00:00\",\"dateModified\":\"2023-04-04T10:56:02+00:00\",\"mainEntityOfPage\":{\"@id\":\"https:\/\/dicodusport.fr\/blog\/la-movistar-lance-une-equipe-de-gravel-avec-alejandro-valverde\/\"},\"wordCount\":238,\"commentCount\":0,\"publisher\":{\"@id\":\"https:\/\/dicodusport.fr\/blog\/#organization\"},\"image\":{\"@id\":\"https:\/\/dicodusport.fr\/blog\/la-movistar-lance-une-equipe-de-gravel-avec-alejandro-valverde\/#primaryimage\"},\"thumbnailUrl\":\"https:\/\/dicodusport.fr\/blog\/wp-content\/uploads\/2023\/04\/La-Movistar-lance-une-equipe-de-gravel-avec-Alejandro-Valverde.png\",\"keywords\":[\"Alejandro Valverde\",\"br\u00e8ve\",\"Gravel\",\"Movistar\"],\"articleSection\":[\"Cyclisme\"],\"inLanguage\":\"fr-FR\",\"potentialAction\":[{\"@type\":\"CommentAction\",\"name\":\"Comment\",\"target\":[\"https:\/\/dicodusport.fr\/blog\/la-movistar-lance-une-equipe-de-gravel-avec-alejandro-valverde\/#respond\"]}],\"copyrightYear\":\"2023\",\"copyrightHolder\":{\"@id\":\"https:\/\/dicodusport.fr\/blog\/#organization\"}},{\"@type\":\"WebPage\",\"@id\":\"https:\/\/dicodusport.fr\/blog\/la-movistar-lance-une-equipe-de-gravel-avec-alejandro-valverde\/\",\"url\":\"https:\/\/dicodusport.fr\/blog\/la-movistar-lance-une-equipe-de-gravel-avec-alejandro-valverde\/\",\"name\":\"La Movistar lance une \u00e9quipe de gravel avec Alejandro Valverde\",\"isPartOf\":{\"@id\":\"https:\/\/dicodusport.fr\/blog\/#website\"},\"primaryImageOfPage\":{\"@id\":\"https:\/\/dicodusport.fr\/blog\/la-movistar-lance-une-equipe-de-gravel-avec-alejandro-valverde\/#primaryimage\"},\"image\":{\"@id\":\"https:\/\/dicodusport.fr\/blog\/la-movistar-lance-une-equipe-de-gravel-avec-alejandro-valverde\/#primaryimage\"},\"thumbnailUrl\":\"https:\/\/dicodusport.fr\/blog\/wp-content\/uploads\/2023\/04\/La-Movistar-lance-une-equipe-de-gravel-avec-Alejandro-Valverde.png\",\"datePublished\":\"2023-04-04T09:46:45+00:00\",\"dateModified\":\"2023-04-04T10:56:02+00:00\",\"description\":\"CYCLISME - La Movistar a annonc\u00e9 le lancement d'une \u00e9quipe de gravel avec le jeune retrait\u00e9 Alejandro Valverde comme chef de file.\u00a0\",\"breadcrumb\":{\"@id\":\"https:\/\/dicodusport.fr\/blog\/la-movistar-lance-une-equipe-de-gravel-avec-alejandro-valverde\/#breadcrumb\"},\"inLanguage\":\"fr-FR\",\"potentialAction\":[{\"@type\":\"ReadAction\",\"target\":[\"https:\/\/dicodusport.fr\/blog\/la-movistar-lance-une-equipe-de-gravel-avec-alejandro-valverde\/\"]}]},{\"@type\":\"ImageObject\",\"inLanguage\":\"fr-FR\",\"@id\":\"https:\/\/dicodusport.fr\/blog\/la-movistar-lance-une-equipe-de-gravel-avec-alejandro-valverde\/#primaryimage\",\"url\":\"https:\/\/dicodusport.fr\/blog\/wp-content\/uploads\/2023\/04\/La-Movistar-lance-une-equipe-de-gravel-avec-Alejandro-Valverde.png\",\"contentUrl\":\"https:\/\/dicodusport.fr\/blog\/wp-content\/uploads\/2023\/04\/La-Movistar-lance-une-equipe-de-gravel-avec-Alejandro-Valverde.png\",\"width\":800,\"height\":445},{\"@type\":\"BreadcrumbList\",\"@id\":\"https:\/\/dicodusport.fr\/blog\/la-movistar-lance-une-equipe-de-gravel-avec-alejandro-valverde\/#breadcrumb\",\"itemListElement\":[{\"@type\":\"ListItem\",\"position\":1,\"name\":\"Accueil\",\"item\":\"https:\/\/dicodusport.fr\/blog\/\"},{\"@type\":\"ListItem\",\"position\":2,\"name\":\"La Movistar lance une \u00e9quipe de gravel avec Alejandro Valverde\"}]},{\"@type\":\"WebSite\",\"@id\":\"https:\/\/dicodusport.fr\/blog\/#website\",\"url\":\"https:\/\/dicodusport.fr\/blog\/\",\"name\":\"Dicodusport\",\"description\":\"L&#039;encyclop\u00e9die de l&#039;actualit\u00e9 sportive\",\"publisher\":{\"@id\":\"https:\/\/dicodusport.fr\/blog\/#organization\"},\"potentialAction\":[{\"@type\":\"SearchAction\",\"target\":{\"@type\":\"EntryPoint\",\"urlTemplate\":\"https:\/\/dicodusport.fr\/blog\/?s={search_term_string}\"},\"query-input\":{\"@type\":\"PropertyValueSpecification\",\"valueRequired\":true,\"valueName\":\"search_term_string\"}}],\"inLanguage\":\"fr-FR\"},{\"@type\":\"NewsMediaOrganization\",\"@id\":\"https:\/\/dicodusport.fr\/blog\/#organization\",\"name\":\"Dicodusport\",\"url\":\"https:\/\/dicodusport.fr\/blog\/\",\"logo\":{\"@type\":\"ImageObject\",\"inLanguage\":\"fr-FR\",\"@id\":\"https:\/\/dicodusport.fr\/blog\/#\/schema\/logo\/image\/\",\"url\":\"https:\/\/dicodusport.fr\/blog\/wp-content\/uploads\/2020\/06\/cropped-LOGO-DICODUSPORT-2020-SANS-FOND-SANS-TEXTE.png\",\"contentUrl\":\"https:\/\/dicodusport.fr\/blog\/wp-content\/uploads\/2020\/06\/cropped-LOGO-DICODUSPORT-2020-SANS-FOND-SANS-TEXTE.png\",\"width\":512,\"height\":512,\"caption\":\"Dicodusport\"},\"image\":{\"@id\":\"https:\/\/dicodusport.fr\/blog\/#\/schema\/logo\/image\/\"},\"sameAs\":[\"https:\/\/www.facebook.com\/dicodusport\",\"https:\/\/x.com\/dicodusport\",\"https:\/\/www.instagram.com\/dicodusport\/\",\"https:\/\/www.youtube.com\/channel\/UC7V2KZ5sd3htJivAbA4ZG3w\"],\"description\":\"Dicodusport est l'encyclop\u00e9die de l'actualit\u00e9 sportive.\",\"email\":\"bonjour@dicodusport.fr\",\"legalName\":\"DICODUSPORT\",\"foundingDate\":\"2018-01-14\",\"vatID\":\"FR71834470973\",\"taxID\":\"83447097300043\",\"numberOfEmployees\":{\"@type\":\"QuantitativeValue\",\"minValue\":\"1\",\"maxValue\":\"10\"}},{\"@type\":\"Person\",\"@id\":\"https:\/\/dicodusport.fr\/blog\/#\/schema\/person\/55dcb50ad410894e431ed812bbb70191\",\"name\":\"Nicolas Jacquemard\",\"image\":{\"@type\":\"ImageObject\",\"inLanguage\":\"fr-FR\",\"@id\":\"https:\/\/dicodusport.fr\/blog\/#\/schema\/person\/image\/\",\"url\":\"https:\/\/dicodusport.fr\/blog\/wp-content\/uploads\/2021\/05\/Nicolas-Jacquemard-150x150.jpeg\",\"contentUrl\":\"https:\/\/dicodusport.fr\/blog\/wp-content\/uploads\/2021\/05\/Nicolas-Jacquemard-150x150.jpeg\",\"caption\":\"Nicolas Jacquemard\"},\"description\":\"Passionn\u00e9 de sport et entrepreneur depuis mes 18 ans, la cr\u00e9ation de Dicodusport m'a sembl\u00e9 \u00e9vidente pour participer \u00e0 la m\u00e9diatisation d'un plus grand nombre de sports. Le chemin est long mais avec une \u00e9quipe des plus motiv\u00e9es et les Jeux Olympiques de Paris 2024 en point de mire, nous y arriverons ! Journaliste dans le monde du sport depuis plus de 5 ans, je traite aussi bien de football, de rugby, de biathlon que de cyclisme.\",\"sameAs\":[\"https:\/\/www.facebook.com\/dicodusport\",\"https:\/\/x.com\/https:\/\/twitter.com\/Nico_Jacquemard\"],\"url\":\"https:\/\/dicodusport.fr\/blog\/author\/dicodusport\/\"}]}<\/script>\n<!-- \/ Yoast SEO Premium plugin. -->","yoast_head_json":{"title":"La Movistar lance une \u00e9quipe de gravel avec Alejandro Valverde","description":"CYCLISME - La Movistar a annonc\u00e9 le lancement d'une \u00e9quipe de gravel avec le jeune retrait\u00e9 Alejandro Valverde comme chef de file.\u00a0","robots":{"index":"index","follow":"follow","max-snippet":"max-snippet:-1","max-image-preview":"max-image-preview:large","max-video-preview":"max-video-preview:-1"},"canonical":"https:\/\/dicodusport.fr\/blog\/la-movistar-lance-une-equipe-de-gravel-avec-alejandro-valverde\/","og_locale":"fr_FR","og_type":"article","og_title":"La Movistar lance une \u00e9quipe de gravel avec Alejandro Valverde","og_description":"CYCLISME - La Movistar a annonc\u00e9 le lancement d'une \u00e9quipe de gravel avec le jeune retrait\u00e9 Alejandro Valverde comme chef de file.\u00a0","og_url":"https:\/\/dicodusport.fr\/blog\/la-movistar-lance-une-equipe-de-gravel-avec-alejandro-valverde\/","og_site_name":"Dicodusport","article_publisher":"https:\/\/www.facebook.com\/dicodusport","article_author":"https:\/\/www.facebook.com\/dicodusport","article_published_time":"2023-04-04T09:46:45+00:00","article_modified_time":"2023-04-04T10:56:02+00:00","og_image":[{"width":800,"height":445,"url":"https:\/\/dicodusport.fr\/blog\/wp-content\/uploads\/2023\/04\/La-Movistar-lance-une-equipe-de-gravel-avec-Alejandro-Valverde.png","type":"image\/png"}],"author":"Nicolas Jacquemard","twitter_card":"summary_large_image","twitter_title":"La Movistar lance une \u00e9quipe de gravel avec Alejandro Valverde","twitter_creator":"@https:\/\/twitter.com\/Nico_Jacquemard","twitter_site":"@dicodusport","schema":{"@context":"https:\/\/schema.org","@graph":[{"@type":"NewsArticle","@id":"https:\/\/dicodusport.fr\/blog\/la-movistar-lance-une-equipe-de-gravel-avec-alejandro-valverde\/#article","isPartOf":{"@id":"https:\/\/dicodusport.fr\/blog\/la-movistar-lance-une-equipe-de-gravel-avec-alejandro-valverde\/"},"author":{"name":"Nicolas Jacquemard","@id":"https:\/\/dicodusport.fr\/blog\/#\/schema\/person\/55dcb50ad410894e431ed812bbb70191"},"headline":"La Movistar lance une \u00e9quipe de gravel avec Alejandro Valverde","datePublished":"2023-04-04T09:46:45+00:00","dateModified":"2023-04-04T10:56:02+00:00","mainEntityOfPage":{"@id":"https:\/\/dicodusport.fr\/blog\/la-movistar-lance-une-equipe-de-gravel-avec-alejandro-valverde\/"},"wordCount":238,"commentCount":0,"publisher":{"@id":"https:\/\/dicodusport.fr\/blog\/#organization"},"image":{"@id":"https:\/\/dicodusport.fr\/blog\/la-movistar-lance-une-equipe-de-gravel-avec-alejandro-valverde\/#primaryimage"},"thumbnailUrl":"https:\/\/dicodusport.fr\/blog\/wp-content\/uploads\/2023\/04\/La-Movistar-lance-une-equipe-de-gravel-avec-Alejandro-Valverde.png","keywords":["Alejandro Valverde","br\u00e8ve","Gravel","Movistar"],"articleSection":["Cyclisme"],"inLanguage":"fr-FR","potentialAction":[{"@type":"CommentAction","name":"Comment","target":["https:\/\/dicodusport.fr\/blog\/la-movistar-lance-une-equipe-de-gravel-avec-alejandro-valverde\/#respond"]}],"copyrightYear":"2023","copyrightHolder":{"@id":"https:\/\/dicodusport.fr\/blog\/#organization"}},{"@type":"WebPage","@id":"https:\/\/dicodusport.fr\/blog\/la-movistar-lance-une-equipe-de-gravel-avec-alejandro-valverde\/","url":"https:\/\/dicodusport.fr\/blog\/la-movistar-lance-une-equipe-de-gravel-avec-alejandro-valverde\/","name":"La Movistar lance une \u00e9quipe de gravel avec Alejandro Valverde","isPartOf":{"@id":"https:\/\/dicodusport.fr\/blog\/#website"},"primaryImageOfPage":{"@id":"https:\/\/dicodusport.fr\/blog\/la-movistar-lance-une-equipe-de-gravel-avec-alejandro-valverde\/#primaryimage"},"image":{"@id":"https:\/\/dicodusport.fr\/blog\/la-movistar-lance-une-equipe-de-gravel-avec-alejandro-valverde\/#primaryimage"},"thumbnailUrl":"https:\/\/dicodusport.fr\/blog\/wp-content\/uploads\/2023\/04\/La-Movistar-lance-une-equipe-de-gravel-avec-Alejandro-Valverde.png","datePublished":"2023-04-04T09:46:45+00:00","dateModified":"2023-04-04T10:56:02+00:00","description":"CYCLISME - La Movistar a annonc\u00e9 le lancement d'une \u00e9quipe de gravel avec le jeune retrait\u00e9 Alejandro Valverde comme chef de file.\u00a0","breadcrumb":{"@id":"https:\/\/dicodusport.fr\/blog\/la-movistar-lance-une-equipe-de-gravel-avec-alejandro-valverde\/#breadcrumb"},"inLanguage":"fr-FR","potentialAction":[{"@type":"ReadAction","target":["https:\/\/dicodusport.fr\/blog\/la-movistar-lance-une-equipe-de-gravel-avec-alejandro-valverde\/"]}]},{"@type":"ImageObject","inLanguage":"fr-FR","@id":"https:\/\/dicodusport.fr\/blog\/la-movistar-lance-une-equipe-de-gravel-avec-alejandro-valverde\/#primaryimage","url":"https:\/\/dicodusport.fr\/blog\/wp-content\/uploads\/2023\/04\/La-Movistar-lance-une-equipe-de-gravel-avec-Alejandro-Valverde.png","contentUrl":"https:\/\/dicodusport.fr\/blog\/wp-content\/uploads\/2023\/04\/La-Movistar-lance-une-equipe-de-gravel-avec-Alejandro-Valverde.png","width":800,"height":445},{"@type":"BreadcrumbList","@id":"https:\/\/dicodusport.fr\/blog\/la-movistar-lance-une-equipe-de-gravel-avec-alejandro-valverde\/#breadcrumb","itemListElement":[{"@type":"ListItem","position":1,"name":"Accueil","item":"https:\/\/dicodusport.fr\/blog\/"},{"@type":"ListItem","position":2,"name":"La Movistar lance une \u00e9quipe de gravel avec Alejandro Valverde"}]},{"@type":"WebSite","@id":"https:\/\/dicodusport.fr\/blog\/#website","url":"https:\/\/dicodusport.fr\/blog\/","name":"Dicodusport","description":"L&#039;encyclop\u00e9die de l&#039;actualit\u00e9 sportive","publisher":{"@id":"https:\/\/dicodusport.fr\/blog\/#organization"},"potentialAction":[{"@type":"SearchAction","target":{"@type":"EntryPoint","urlTemplate":"https:\/\/dicodusport.fr\/blog\/?s={search_term_string}"},"query-input":{"@type":"PropertyValueSpecification","valueRequired":true,"valueName":"search_term_string"}}],"inLanguage":"fr-FR"},{"@type":"NewsMediaOrganization","@id":"https:\/\/dicodusport.fr\/blog\/#organization","name":"Dicodusport","url":"https:\/\/dicodusport.fr\/blog\/","logo":{"@type":"ImageObject","inLanguage":"fr-FR","@id":"https:\/\/dicodusport.fr\/blog\/#\/schema\/logo\/image\/","url":"https:\/\/dicodusport.fr\/blog\/wp-content\/uploads\/2020\/06\/cropped-LOGO-DICODUSPORT-2020-SANS-FOND-SANS-TEXTE.png","contentUrl":"https:\/\/dicodusport.fr\/blog\/wp-content\/uploads\/2020\/06\/cropped-LOGO-DICODUSPORT-2020-SANS-FOND-SANS-TEXTE.png","width":512,"height":512,"caption":"Dicodusport"},"image":{"@id":"https:\/\/dicodusport.fr\/blog\/#\/schema\/logo\/image\/"},"sameAs":["https:\/\/www.facebook.com\/dicodusport","https:\/\/x.com\/dicodusport","https:\/\/www.instagram.com\/dicodusport\/","https:\/\/www.youtube.com\/channel\/UC7V2KZ5sd3htJivAbA4ZG3w"],"description":"Dicodusport est l'encyclop\u00e9die de l'actualit\u00e9 sportive.","email":"bonjour@dicodusport.fr","legalName":"DICODUSPORT","foundingDate":"2018-01-14","vatID":"FR71834470973","taxID":"83447097300043","numberOfEmployees":{"@type":"QuantitativeValue","minValue":"1","maxValue":"10"}},{"@type":"Person","@id":"https:\/\/dicodusport.fr\/blog\/#\/schema\/person\/55dcb50ad410894e431ed812bbb70191","name":"Nicolas Jacquemard","image":{"@type":"ImageObject","inLanguage":"fr-FR","@id":"https:\/\/dicodusport.fr\/blog\/#\/schema\/person\/image\/","url":"https:\/\/dicodusport.fr\/blog\/wp-content\/uploads\/2021\/05\/Nicolas-Jacquemard-150x150.jpeg","contentUrl":"https:\/\/dicodusport.fr\/blog\/wp-content\/uploads\/2021\/05\/Nicolas-Jacquemard-150x150.jpeg","caption":"Nicolas Jacquemard"},"description":"Passionn\u00e9 de sport et entrepreneur depuis mes 18 ans, la cr\u00e9ation de Dicodusport m'a sembl\u00e9 \u00e9vidente pour participer \u00e0 la m\u00e9diatisation d'un plus grand nombre de sports. Le chemin est long mais avec une \u00e9quipe des plus motiv\u00e9es et les Jeux Olympiques de Paris 2024 en point de mire, nous y arriverons ! Journaliste dans le monde du sport depuis plus de 5 ans, je traite aussi bien de football, de rugby, de biathlon que de cyclisme.","sameAs":["https:\/\/www.facebook.com\/dicodusport","https:\/\/x.com\/https:\/\/twitter.com\/Nico_Jacquemard"],"url":"https:\/\/dicodusport.fr\/blog\/author\/dicodusport\/"}]}},"_links":{"self":[{"href":"https:\/\/dicodusport.fr\/blog\/wp-json\/wp\/v2\/posts\/371725","targetHints":{"allow":["GET"]}}],"collection":[{"href":"https:\/\/dicodusport.fr\/blog\/wp-json\/wp\/v2\/posts"}],"about":[{"href":"https:\/\/dicodusport.fr\/blog\/wp-json\/wp\/v2\/types\/post"}],"author":[{"embeddable":true,"href":"https:\/\/dicodusport.fr\/blog\/wp-json\/wp\/v2\/users\/1"}],"replies":[{"embeddable":true,"href":"https:\/\/dicodusport.fr\/blog\/wp-json\/wp\/v2\/comments?post=371725"}],"version-history":[{"count":0,"href":"https:\/\/dicodusport.fr\/blog\/wp-json\/wp\/v2\/posts\/371725\/revisions"}],"wp:featuredmedia":[{"embeddable":true,"href":"https:\/\/dicodusport.fr\/blog\/wp-json\/wp\/v2\/media\/371729"}],"wp:attachment":[{"href":"https:\/\/dicodusport.fr\/blog\/wp-json\/wp\/v2\/media?parent=371725"}],"wp:term":[{"taxonomy":"category","embeddable":true,"href":"https:\/\/dicodusport.fr\/blog\/wp-json\/wp\/v2\/categories?post=371725"},{"taxonomy":"post_tag","embeddable":true,"href":"https:\/\/dicodusport.fr\/blog\/wp-json\/wp\/v2\/tags?post=371725"}],"curies":[{"name":"wp","href":"https:\/\/api.w.org\/{rel}","templated":true}]}}