{"id":371842,"date":"2023-04-04T18:08:52","date_gmt":"2023-04-04T16:08:52","guid":{"rendered":"https:\/\/dicodusport.fr\/blog\/?p=371842&#038;preview=true&#038;preview_id=371842"},"modified":"2023-04-04T19:01:19","modified_gmt":"2023-04-04T17:01:19","slug":"david-gaudu-cest-un-peu-honteux-comme-final-cest-plus-que-limite","status":"publish","type":"post","link":"https:\/\/dicodusport.fr\/blog\/david-gaudu-cest-un-peu-honteux-comme-final-cest-plus-que-limite\/","title":{"rendered":"David Gaudu : \u00ab\u00a0C&rsquo;est un peu honteux comme final, c&rsquo;est plus que limite\u00a0\u00bb"},"content":{"rendered":"<p align=\"justify\"><em><strong>CYCLISME SUR ROUTE 2023 &#8211; Troisi\u00e8me de la <a href=\"https:\/\/dicodusport.fr\/blog\/tour-du-pays-basque-2023-classement-2eme-etape\/\">deuxi\u00e8me \u00e9tape du Tour du Pays Basque<\/a>, David Gaudu (Groupama-FDJ) a point\u00e9 du doigt la dangerosit\u00e9 de l&rsquo;arriv\u00e9e en descente.\u00a0<\/strong><\/em><\/p>\n<p align=\"justify\">Il y a des moments, on se demande ce qui passe par la t\u00eate des organisateurs. Cette deuxi\u00e8me \u00e9tape du <strong>Tour du Pays Basque<\/strong> arrivait en descente, apr\u00e8s une mont\u00e9e tr\u00e8s peu s\u00e9lective. Le peloton \u00e9tait encore bien fourni, environ 100 coureurs, au moment de plonger dans la derni\u00e8re descente vers l&rsquo;arriv\u00e9e, <a href=\"https:\/\/dicodusport.fr\/blog\/tour-du-pays-basque-2023-ide-schelling-fait-coup-double-sur-la-2eme-etape\/\">o\u00f9 <strong>Ide<\/strong> <strong>Schelling<\/strong> a lev\u00e9 les bras<\/a>. \u00c0 l&rsquo;issue de l&rsquo;\u00e9tape, <strong>David<\/strong> <strong>Gaudu<\/strong> a point\u00e9 du doigt cette arriv\u00e9e au micro d&rsquo;<em>Eurosport<\/em>.<\/p>\n<blockquote>\n<p style=\"text-align: justify;\" align=\"justify\">C&rsquo;est un peu honteux comme final, on ne va pas se le cacher. C&rsquo;est plus que limite, ce n&rsquo;est pas g\u00e9nial. Il fallait quand m\u00eame \u00eatre l\u00e0, je prends une bonification. J&rsquo;ai vir\u00e9 3e au dernier virage, je suis 3e, il n&rsquo;y avait pas grand-chose \u00e0 faire de plus.<\/p>\n<\/blockquote>\n<p align=\"justify\">Le <strong>Fran\u00e7ais<\/strong> a parfaitement n\u00e9goci\u00e9 la descente et le final en allant prendre quatre secondes de bonifications. On a aussi vu <strong>Jonas<\/strong> <strong>Vingegaard<\/strong> en t\u00eate du peloton en d\u00e9but de descente pour ne prendre aucun risque, et il termine bien dans le m\u00eame temps que le vainqueur du jour. <strong>Daniel<\/strong> <strong>Martinez<\/strong>, leader d&rsquo;<strong>INEOS Grenadiers<\/strong>, a d\u00fb finir avec le v\u00e9lo d&rsquo;un co\u00e9quipier et perd plus de 30 secondes sur certains favoris.<\/p>\n<p align=\"justify\"><strong>Romain<\/strong> <strong>Gr\u00e9goire<\/strong> est lui tomb\u00e9 dans la descente, et perd pr\u00e8s de deux minutes et trente secondes sur <strong>Ide Schelling.<\/strong> Le N\u00e9erlandais, qui a \u00e9t\u00e9 tr\u00e8s costaud dans le final, a lui aussi point\u00e9 du doigt le choix de l&rsquo;organisateur pour cette descente avec un peloton encore tr\u00e8s fourni.<\/p>\n<blockquote class=\"twitter-tweet\">\n<p dir=\"ltr\" lang=\"fr\">David Gaudu:\u00a0\u00bbC&rsquo;est un peu honteux comme final, on ne va pas se le cacher. C&rsquo;est plus que limite, ce n&rsquo;est pas g\u00e9nial. Il fallait quand m\u00eame \u00eatre l\u00e0, je prends une bonification. J&rsquo;ai vir\u00e9 3e au dernier virage, je suis 3e, il n&rsquo;y avait pas grand-chose \u00e0 faire de plus.\u00a0\u00bb <a href=\"https:\/\/twitter.com\/hashtag\/Itzulia2023?src=hash&amp;ref_src=twsrc%5Etfw\">#Itzulia2023<\/a> <a href=\"https:\/\/t.co\/4l296Rlxs9\">pic.twitter.com\/4l296Rlxs9<\/a><\/p>\n<p>\u2014 Le Gruppetto (@LeGruppetto) <a href=\"https:\/\/twitter.com\/LeGruppetto\/status\/1643276919616462849?ref_src=twsrc%5Etfw\">April 4, 2023<\/a><\/p><\/blockquote>\n<p><script async src=\"https:\/\/platform.twitter.com\/widgets.js\" charset=\"utf-8\"><\/script><\/p>\n<h2>\u00c0 lire aussi<\/h2>\n<ul>\n<li><a href=\"https:\/\/dicodusport.fr\/blog\/tour-du-pays-basque-2023-classement-general\/\"><strong>Le classement g\u00e9n\u00e9ral du Tour du Pays Basque<\/strong><\/a><\/li>\n<\/ul>\n","protected":false},"excerpt":{"rendered":"<p>CYCLISME SUR ROUTE 2023 &#8211; Troisi\u00e8me de la deuxi\u00e8me \u00e9tape du Tour du Pays Basque, David Gaudu (Groupama-FDJ) a point\u00e9 du doigt la dangerosit\u00e9 de l&rsquo;arriv\u00e9e en descente.\u00a0<\/p>\n","protected":false},"author":1,"featured_media":371849,"comment_status":"open","ping_status":"closed","sticky":false,"template":"","format":"standard","meta":{"_acf_changed":false,"_daextam_enable_autolinks":"","footnotes":""},"categories":[46994],"tags":[16878,3113,3116,7583],"class_list":["post-371842","post","type-post","status-publish","format-standard","has-post-thumbnail","hentry","category-cyclisme-sur-route","tag-breve","tag-david-gaudu","tag-gaudu","tag-tour-du-pays-basque"],"acf":[],"yoast_head":"<!-- This site is optimized with the Yoast SEO Premium plugin v26.7 (Yoast SEO v26.7) - https:\/\/yoast.com\/wordpress\/plugins\/seo\/ -->\n<title>David Gaudu : &quot;C&#039;est un peu honteux comme final, c&#039;est plus que limite&quot;<\/title>\n<meta name=\"description\" content=\"CYCLISME SUR ROUTE 2023 - Troisi\u00e8me de la deuxi\u00e8me \u00e9tape du Tour du Pays Basque, David Gaudu a point\u00e9 du doigt la dangerosit\u00e9 de l&#039;arriv\u00e9e.\" \/>\n<meta name=\"robots\" content=\"index, follow, max-snippet:-1, max-image-preview:large, max-video-preview:-1\" \/>\n<link rel=\"canonical\" href=\"https:\/\/dicodusport.fr\/blog\/david-gaudu-cest-un-peu-honteux-comme-final-cest-plus-que-limite\/\" \/>\n<meta property=\"og:locale\" content=\"fr_FR\" \/>\n<meta property=\"og:type\" content=\"article\" \/>\n<meta property=\"og:title\" content=\"David Gaudu : &quot;C&#039;est un peu honteux comme final, c&#039;est plus que limite&quot;\" \/>\n<meta property=\"og:description\" content=\"CYCLISME SUR ROUTE 2023 - Troisi\u00e8me de la deuxi\u00e8me \u00e9tape du Tour du Pays Basque, David Gaudu a point\u00e9 du doigt la dangerosit\u00e9 de l&#039;arriv\u00e9e.\" \/>\n<meta property=\"og:url\" content=\"https:\/\/dicodusport.fr\/blog\/david-gaudu-cest-un-peu-honteux-comme-final-cest-plus-que-limite\/\" \/>\n<meta property=\"og:site_name\" content=\"Dicodusport\" \/>\n<meta property=\"article:publisher\" content=\"https:\/\/www.facebook.com\/dicodusport\" \/>\n<meta property=\"article:author\" content=\"https:\/\/www.facebook.com\/dicodusport\" \/>\n<meta property=\"article:published_time\" content=\"2023-04-04T16:08:52+00:00\" \/>\n<meta property=\"article:modified_time\" content=\"2023-04-04T17:01:19+00:00\" \/>\n<meta property=\"og:image\" content=\"https:\/\/dicodusport.fr\/blog\/wp-content\/uploads\/2023\/04\/David-Gaudu-Cest-un-peu-honteux-comme-final-cest-plus-que-limite.png\" \/>\n\t<meta property=\"og:image:width\" content=\"800\" \/>\n\t<meta property=\"og:image:height\" content=\"445\" \/>\n\t<meta property=\"og:image:type\" content=\"image\/png\" \/>\n<meta name=\"author\" content=\"Nicolas Jacquemard\" \/>\n<meta name=\"twitter:card\" content=\"summary_large_image\" \/>\n<meta name=\"twitter:title\" content=\"David Gaudu : &quot;C&#039;est un peu honteux comme final, c&#039;est plus que limite&quot;\" \/>\n<meta name=\"twitter:creator\" content=\"@https:\/\/twitter.com\/Nico_Jacquemard\" \/>\n<meta name=\"twitter:site\" content=\"@dicodusport\" \/>\n<script type=\"application\/ld+json\" class=\"yoast-schema-graph\">{\"@context\":\"https:\/\/schema.org\",\"@graph\":[{\"@type\":\"NewsArticle\",\"@id\":\"https:\/\/dicodusport.fr\/blog\/david-gaudu-cest-un-peu-honteux-comme-final-cest-plus-que-limite\/#article\",\"isPartOf\":{\"@id\":\"https:\/\/dicodusport.fr\/blog\/david-gaudu-cest-un-peu-honteux-comme-final-cest-plus-que-limite\/\"},\"author\":{\"name\":\"Nicolas Jacquemard\",\"@id\":\"https:\/\/dicodusport.fr\/blog\/#\/schema\/person\/55dcb50ad410894e431ed812bbb70191\"},\"headline\":\"David Gaudu : \u00ab\u00a0C&rsquo;est un peu honteux comme final, c&rsquo;est plus que limite\u00a0\u00bb\",\"datePublished\":\"2023-04-04T16:08:52+00:00\",\"dateModified\":\"2023-04-04T17:01:19+00:00\",\"mainEntityOfPage\":{\"@id\":\"https:\/\/dicodusport.fr\/blog\/david-gaudu-cest-un-peu-honteux-comme-final-cest-plus-que-limite\/\"},\"wordCount\":398,\"commentCount\":0,\"publisher\":{\"@id\":\"https:\/\/dicodusport.fr\/blog\/#organization\"},\"image\":{\"@id\":\"https:\/\/dicodusport.fr\/blog\/david-gaudu-cest-un-peu-honteux-comme-final-cest-plus-que-limite\/#primaryimage\"},\"thumbnailUrl\":\"https:\/\/dicodusport.fr\/blog\/wp-content\/uploads\/2023\/04\/David-Gaudu-Cest-un-peu-honteux-comme-final-cest-plus-que-limite.png\",\"keywords\":[\"br\u00e8ve\",\"David Gaudu\",\"Gaudu\",\"Tour du Pays Basque\"],\"articleSection\":[\"Cyclisme sur route\"],\"inLanguage\":\"fr-FR\",\"potentialAction\":[{\"@type\":\"CommentAction\",\"name\":\"Comment\",\"target\":[\"https:\/\/dicodusport.fr\/blog\/david-gaudu-cest-un-peu-honteux-comme-final-cest-plus-que-limite\/#respond\"]}],\"copyrightYear\":\"2023\",\"copyrightHolder\":{\"@id\":\"https:\/\/dicodusport.fr\/blog\/#organization\"}},{\"@type\":\"WebPage\",\"@id\":\"https:\/\/dicodusport.fr\/blog\/david-gaudu-cest-un-peu-honteux-comme-final-cest-plus-que-limite\/\",\"url\":\"https:\/\/dicodusport.fr\/blog\/david-gaudu-cest-un-peu-honteux-comme-final-cest-plus-que-limite\/\",\"name\":\"David Gaudu : \\\"C'est un peu honteux comme final, c'est plus que limite\\\"\",\"isPartOf\":{\"@id\":\"https:\/\/dicodusport.fr\/blog\/#website\"},\"primaryImageOfPage\":{\"@id\":\"https:\/\/dicodusport.fr\/blog\/david-gaudu-cest-un-peu-honteux-comme-final-cest-plus-que-limite\/#primaryimage\"},\"image\":{\"@id\":\"https:\/\/dicodusport.fr\/blog\/david-gaudu-cest-un-peu-honteux-comme-final-cest-plus-que-limite\/#primaryimage\"},\"thumbnailUrl\":\"https:\/\/dicodusport.fr\/blog\/wp-content\/uploads\/2023\/04\/David-Gaudu-Cest-un-peu-honteux-comme-final-cest-plus-que-limite.png\",\"datePublished\":\"2023-04-04T16:08:52+00:00\",\"dateModified\":\"2023-04-04T17:01:19+00:00\",\"description\":\"CYCLISME SUR ROUTE 2023 - Troisi\u00e8me de la deuxi\u00e8me \u00e9tape du Tour du Pays Basque, David Gaudu a point\u00e9 du doigt la dangerosit\u00e9 de l'arriv\u00e9e.\",\"breadcrumb\":{\"@id\":\"https:\/\/dicodusport.fr\/blog\/david-gaudu-cest-un-peu-honteux-comme-final-cest-plus-que-limite\/#breadcrumb\"},\"inLanguage\":\"fr-FR\",\"potentialAction\":[{\"@type\":\"ReadAction\",\"target\":[\"https:\/\/dicodusport.fr\/blog\/david-gaudu-cest-un-peu-honteux-comme-final-cest-plus-que-limite\/\"]}]},{\"@type\":\"ImageObject\",\"inLanguage\":\"fr-FR\",\"@id\":\"https:\/\/dicodusport.fr\/blog\/david-gaudu-cest-un-peu-honteux-comme-final-cest-plus-que-limite\/#primaryimage\",\"url\":\"https:\/\/dicodusport.fr\/blog\/wp-content\/uploads\/2023\/04\/David-Gaudu-Cest-un-peu-honteux-comme-final-cest-plus-que-limite.png\",\"contentUrl\":\"https:\/\/dicodusport.fr\/blog\/wp-content\/uploads\/2023\/04\/David-Gaudu-Cest-un-peu-honteux-comme-final-cest-plus-que-limite.png\",\"width\":800,\"height\":445},{\"@type\":\"BreadcrumbList\",\"@id\":\"https:\/\/dicodusport.fr\/blog\/david-gaudu-cest-un-peu-honteux-comme-final-cest-plus-que-limite\/#breadcrumb\",\"itemListElement\":[{\"@type\":\"ListItem\",\"position\":1,\"name\":\"Accueil\",\"item\":\"https:\/\/dicodusport.fr\/blog\/\"},{\"@type\":\"ListItem\",\"position\":2,\"name\":\"David Gaudu : \u00ab\u00a0C&rsquo;est un peu honteux comme final, c&rsquo;est plus que limite\u00a0\u00bb\"}]},{\"@type\":\"WebSite\",\"@id\":\"https:\/\/dicodusport.fr\/blog\/#website\",\"url\":\"https:\/\/dicodusport.fr\/blog\/\",\"name\":\"Dicodusport\",\"description\":\"L&#039;encyclop\u00e9die de l&#039;actualit\u00e9 sportive\",\"publisher\":{\"@id\":\"https:\/\/dicodusport.fr\/blog\/#organization\"},\"potentialAction\":[{\"@type\":\"SearchAction\",\"target\":{\"@type\":\"EntryPoint\",\"urlTemplate\":\"https:\/\/dicodusport.fr\/blog\/?s={search_term_string}\"},\"query-input\":{\"@type\":\"PropertyValueSpecification\",\"valueRequired\":true,\"valueName\":\"search_term_string\"}}],\"inLanguage\":\"fr-FR\"},{\"@type\":\"NewsMediaOrganization\",\"@id\":\"https:\/\/dicodusport.fr\/blog\/#organization\",\"name\":\"Dicodusport\",\"url\":\"https:\/\/dicodusport.fr\/blog\/\",\"logo\":{\"@type\":\"ImageObject\",\"inLanguage\":\"fr-FR\",\"@id\":\"https:\/\/dicodusport.fr\/blog\/#\/schema\/logo\/image\/\",\"url\":\"https:\/\/dicodusport.fr\/blog\/wp-content\/uploads\/2020\/06\/cropped-LOGO-DICODUSPORT-2020-SANS-FOND-SANS-TEXTE.png\",\"contentUrl\":\"https:\/\/dicodusport.fr\/blog\/wp-content\/uploads\/2020\/06\/cropped-LOGO-DICODUSPORT-2020-SANS-FOND-SANS-TEXTE.png\",\"width\":512,\"height\":512,\"caption\":\"Dicodusport\"},\"image\":{\"@id\":\"https:\/\/dicodusport.fr\/blog\/#\/schema\/logo\/image\/\"},\"sameAs\":[\"https:\/\/www.facebook.com\/dicodusport\",\"https:\/\/x.com\/dicodusport\",\"https:\/\/www.instagram.com\/dicodusport\/\",\"https:\/\/www.youtube.com\/channel\/UC7V2KZ5sd3htJivAbA4ZG3w\"],\"description\":\"Dicodusport est l'encyclop\u00e9die de l'actualit\u00e9 sportive.\",\"email\":\"bonjour@dicodusport.fr\",\"legalName\":\"DICODUSPORT\",\"foundingDate\":\"2018-01-14\",\"vatID\":\"FR71834470973\",\"taxID\":\"83447097300043\",\"numberOfEmployees\":{\"@type\":\"QuantitativeValue\",\"minValue\":\"1\",\"maxValue\":\"10\"}},{\"@type\":\"Person\",\"@id\":\"https:\/\/dicodusport.fr\/blog\/#\/schema\/person\/55dcb50ad410894e431ed812bbb70191\",\"name\":\"Nicolas Jacquemard\",\"image\":{\"@type\":\"ImageObject\",\"inLanguage\":\"fr-FR\",\"@id\":\"https:\/\/dicodusport.fr\/blog\/#\/schema\/person\/image\/\",\"url\":\"https:\/\/dicodusport.fr\/blog\/wp-content\/uploads\/2021\/05\/Nicolas-Jacquemard-150x150.jpeg\",\"contentUrl\":\"https:\/\/dicodusport.fr\/blog\/wp-content\/uploads\/2021\/05\/Nicolas-Jacquemard-150x150.jpeg\",\"caption\":\"Nicolas Jacquemard\"},\"description\":\"Passionn\u00e9 de sport et entrepreneur depuis mes 18 ans, la cr\u00e9ation de Dicodusport m'a sembl\u00e9 \u00e9vidente pour participer \u00e0 la m\u00e9diatisation d'un plus grand nombre de sports. Le chemin est long mais avec une \u00e9quipe des plus motiv\u00e9es et les Jeux Olympiques de Paris 2024 en point de mire, nous y arriverons ! Journaliste dans le monde du sport depuis plus de 5 ans, je traite aussi bien de football, de rugby, de biathlon que de cyclisme.\",\"sameAs\":[\"https:\/\/www.facebook.com\/dicodusport\",\"https:\/\/x.com\/https:\/\/twitter.com\/Nico_Jacquemard\"],\"url\":\"https:\/\/dicodusport.fr\/blog\/author\/dicodusport\/\"}]}<\/script>\n<!-- \/ Yoast SEO Premium plugin. -->","yoast_head_json":{"title":"David Gaudu : \"C'est un peu honteux comme final, c'est plus que limite\"","description":"CYCLISME SUR ROUTE 2023 - Troisi\u00e8me de la deuxi\u00e8me \u00e9tape du Tour du Pays Basque, David Gaudu a point\u00e9 du doigt la dangerosit\u00e9 de l'arriv\u00e9e.","robots":{"index":"index","follow":"follow","max-snippet":"max-snippet:-1","max-image-preview":"max-image-preview:large","max-video-preview":"max-video-preview:-1"},"canonical":"https:\/\/dicodusport.fr\/blog\/david-gaudu-cest-un-peu-honteux-comme-final-cest-plus-que-limite\/","og_locale":"fr_FR","og_type":"article","og_title":"David Gaudu : \"C'est un peu honteux comme final, c'est plus que limite\"","og_description":"CYCLISME SUR ROUTE 2023 - Troisi\u00e8me de la deuxi\u00e8me \u00e9tape du Tour du Pays Basque, David Gaudu a point\u00e9 du doigt la dangerosit\u00e9 de l'arriv\u00e9e.","og_url":"https:\/\/dicodusport.fr\/blog\/david-gaudu-cest-un-peu-honteux-comme-final-cest-plus-que-limite\/","og_site_name":"Dicodusport","article_publisher":"https:\/\/www.facebook.com\/dicodusport","article_author":"https:\/\/www.facebook.com\/dicodusport","article_published_time":"2023-04-04T16:08:52+00:00","article_modified_time":"2023-04-04T17:01:19+00:00","og_image":[{"width":800,"height":445,"url":"https:\/\/dicodusport.fr\/blog\/wp-content\/uploads\/2023\/04\/David-Gaudu-Cest-un-peu-honteux-comme-final-cest-plus-que-limite.png","type":"image\/png"}],"author":"Nicolas Jacquemard","twitter_card":"summary_large_image","twitter_title":"David Gaudu : \"C'est un peu honteux comme final, c'est plus que limite\"","twitter_creator":"@https:\/\/twitter.com\/Nico_Jacquemard","twitter_site":"@dicodusport","schema":{"@context":"https:\/\/schema.org","@graph":[{"@type":"NewsArticle","@id":"https:\/\/dicodusport.fr\/blog\/david-gaudu-cest-un-peu-honteux-comme-final-cest-plus-que-limite\/#article","isPartOf":{"@id":"https:\/\/dicodusport.fr\/blog\/david-gaudu-cest-un-peu-honteux-comme-final-cest-plus-que-limite\/"},"author":{"name":"Nicolas Jacquemard","@id":"https:\/\/dicodusport.fr\/blog\/#\/schema\/person\/55dcb50ad410894e431ed812bbb70191"},"headline":"David Gaudu : \u00ab\u00a0C&rsquo;est un peu honteux comme final, c&rsquo;est plus que limite\u00a0\u00bb","datePublished":"2023-04-04T16:08:52+00:00","dateModified":"2023-04-04T17:01:19+00:00","mainEntityOfPage":{"@id":"https:\/\/dicodusport.fr\/blog\/david-gaudu-cest-un-peu-honteux-comme-final-cest-plus-que-limite\/"},"wordCount":398,"commentCount":0,"publisher":{"@id":"https:\/\/dicodusport.fr\/blog\/#organization"},"image":{"@id":"https:\/\/dicodusport.fr\/blog\/david-gaudu-cest-un-peu-honteux-comme-final-cest-plus-que-limite\/#primaryimage"},"thumbnailUrl":"https:\/\/dicodusport.fr\/blog\/wp-content\/uploads\/2023\/04\/David-Gaudu-Cest-un-peu-honteux-comme-final-cest-plus-que-limite.png","keywords":["br\u00e8ve","David Gaudu","Gaudu","Tour du Pays Basque"],"articleSection":["Cyclisme sur route"],"inLanguage":"fr-FR","potentialAction":[{"@type":"CommentAction","name":"Comment","target":["https:\/\/dicodusport.fr\/blog\/david-gaudu-cest-un-peu-honteux-comme-final-cest-plus-que-limite\/#respond"]}],"copyrightYear":"2023","copyrightHolder":{"@id":"https:\/\/dicodusport.fr\/blog\/#organization"}},{"@type":"WebPage","@id":"https:\/\/dicodusport.fr\/blog\/david-gaudu-cest-un-peu-honteux-comme-final-cest-plus-que-limite\/","url":"https:\/\/dicodusport.fr\/blog\/david-gaudu-cest-un-peu-honteux-comme-final-cest-plus-que-limite\/","name":"David Gaudu : \"C'est un peu honteux comme final, c'est plus que limite\"","isPartOf":{"@id":"https:\/\/dicodusport.fr\/blog\/#website"},"primaryImageOfPage":{"@id":"https:\/\/dicodusport.fr\/blog\/david-gaudu-cest-un-peu-honteux-comme-final-cest-plus-que-limite\/#primaryimage"},"image":{"@id":"https:\/\/dicodusport.fr\/blog\/david-gaudu-cest-un-peu-honteux-comme-final-cest-plus-que-limite\/#primaryimage"},"thumbnailUrl":"https:\/\/dicodusport.fr\/blog\/wp-content\/uploads\/2023\/04\/David-Gaudu-Cest-un-peu-honteux-comme-final-cest-plus-que-limite.png","datePublished":"2023-04-04T16:08:52+00:00","dateModified":"2023-04-04T17:01:19+00:00","description":"CYCLISME SUR ROUTE 2023 - Troisi\u00e8me de la deuxi\u00e8me \u00e9tape du Tour du Pays Basque, David Gaudu a point\u00e9 du doigt la dangerosit\u00e9 de l'arriv\u00e9e.","breadcrumb":{"@id":"https:\/\/dicodusport.fr\/blog\/david-gaudu-cest-un-peu-honteux-comme-final-cest-plus-que-limite\/#breadcrumb"},"inLanguage":"fr-FR","potentialAction":[{"@type":"ReadAction","target":["https:\/\/dicodusport.fr\/blog\/david-gaudu-cest-un-peu-honteux-comme-final-cest-plus-que-limite\/"]}]},{"@type":"ImageObject","inLanguage":"fr-FR","@id":"https:\/\/dicodusport.fr\/blog\/david-gaudu-cest-un-peu-honteux-comme-final-cest-plus-que-limite\/#primaryimage","url":"https:\/\/dicodusport.fr\/blog\/wp-content\/uploads\/2023\/04\/David-Gaudu-Cest-un-peu-honteux-comme-final-cest-plus-que-limite.png","contentUrl":"https:\/\/dicodusport.fr\/blog\/wp-content\/uploads\/2023\/04\/David-Gaudu-Cest-un-peu-honteux-comme-final-cest-plus-que-limite.png","width":800,"height":445},{"@type":"BreadcrumbList","@id":"https:\/\/dicodusport.fr\/blog\/david-gaudu-cest-un-peu-honteux-comme-final-cest-plus-que-limite\/#breadcrumb","itemListElement":[{"@type":"ListItem","position":1,"name":"Accueil","item":"https:\/\/dicodusport.fr\/blog\/"},{"@type":"ListItem","position":2,"name":"David Gaudu : \u00ab\u00a0C&rsquo;est un peu honteux comme final, c&rsquo;est plus que limite\u00a0\u00bb"}]},{"@type":"WebSite","@id":"https:\/\/dicodusport.fr\/blog\/#website","url":"https:\/\/dicodusport.fr\/blog\/","name":"Dicodusport","description":"L&#039;encyclop\u00e9die de l&#039;actualit\u00e9 sportive","publisher":{"@id":"https:\/\/dicodusport.fr\/blog\/#organization"},"potentialAction":[{"@type":"SearchAction","target":{"@type":"EntryPoint","urlTemplate":"https:\/\/dicodusport.fr\/blog\/?s={search_term_string}"},"query-input":{"@type":"PropertyValueSpecification","valueRequired":true,"valueName":"search_term_string"}}],"inLanguage":"fr-FR"},{"@type":"NewsMediaOrganization","@id":"https:\/\/dicodusport.fr\/blog\/#organization","name":"Dicodusport","url":"https:\/\/dicodusport.fr\/blog\/","logo":{"@type":"ImageObject","inLanguage":"fr-FR","@id":"https:\/\/dicodusport.fr\/blog\/#\/schema\/logo\/image\/","url":"https:\/\/dicodusport.fr\/blog\/wp-content\/uploads\/2020\/06\/cropped-LOGO-DICODUSPORT-2020-SANS-FOND-SANS-TEXTE.png","contentUrl":"https:\/\/dicodusport.fr\/blog\/wp-content\/uploads\/2020\/06\/cropped-LOGO-DICODUSPORT-2020-SANS-FOND-SANS-TEXTE.png","width":512,"height":512,"caption":"Dicodusport"},"image":{"@id":"https:\/\/dicodusport.fr\/blog\/#\/schema\/logo\/image\/"},"sameAs":["https:\/\/www.facebook.com\/dicodusport","https:\/\/x.com\/dicodusport","https:\/\/www.instagram.com\/dicodusport\/","https:\/\/www.youtube.com\/channel\/UC7V2KZ5sd3htJivAbA4ZG3w"],"description":"Dicodusport est l'encyclop\u00e9die de l'actualit\u00e9 sportive.","email":"bonjour@dicodusport.fr","legalName":"DICODUSPORT","foundingDate":"2018-01-14","vatID":"FR71834470973","taxID":"83447097300043","numberOfEmployees":{"@type":"QuantitativeValue","minValue":"1","maxValue":"10"}},{"@type":"Person","@id":"https:\/\/dicodusport.fr\/blog\/#\/schema\/person\/55dcb50ad410894e431ed812bbb70191","name":"Nicolas Jacquemard","image":{"@type":"ImageObject","inLanguage":"fr-FR","@id":"https:\/\/dicodusport.fr\/blog\/#\/schema\/person\/image\/","url":"https:\/\/dicodusport.fr\/blog\/wp-content\/uploads\/2021\/05\/Nicolas-Jacquemard-150x150.jpeg","contentUrl":"https:\/\/dicodusport.fr\/blog\/wp-content\/uploads\/2021\/05\/Nicolas-Jacquemard-150x150.jpeg","caption":"Nicolas Jacquemard"},"description":"Passionn\u00e9 de sport et entrepreneur depuis mes 18 ans, la cr\u00e9ation de Dicodusport m'a sembl\u00e9 \u00e9vidente pour participer \u00e0 la m\u00e9diatisation d'un plus grand nombre de sports. Le chemin est long mais avec une \u00e9quipe des plus motiv\u00e9es et les Jeux Olympiques de Paris 2024 en point de mire, nous y arriverons ! Journaliste dans le monde du sport depuis plus de 5 ans, je traite aussi bien de football, de rugby, de biathlon que de cyclisme.","sameAs":["https:\/\/www.facebook.com\/dicodusport","https:\/\/x.com\/https:\/\/twitter.com\/Nico_Jacquemard"],"url":"https:\/\/dicodusport.fr\/blog\/author\/dicodusport\/"}]}},"_links":{"self":[{"href":"https:\/\/dicodusport.fr\/blog\/wp-json\/wp\/v2\/posts\/371842","targetHints":{"allow":["GET"]}}],"collection":[{"href":"https:\/\/dicodusport.fr\/blog\/wp-json\/wp\/v2\/posts"}],"about":[{"href":"https:\/\/dicodusport.fr\/blog\/wp-json\/wp\/v2\/types\/post"}],"author":[{"embeddable":true,"href":"https:\/\/dicodusport.fr\/blog\/wp-json\/wp\/v2\/users\/1"}],"replies":[{"embeddable":true,"href":"https:\/\/dicodusport.fr\/blog\/wp-json\/wp\/v2\/comments?post=371842"}],"version-history":[{"count":0,"href":"https:\/\/dicodusport.fr\/blog\/wp-json\/wp\/v2\/posts\/371842\/revisions"}],"wp:featuredmedia":[{"embeddable":true,"href":"https:\/\/dicodusport.fr\/blog\/wp-json\/wp\/v2\/media\/371849"}],"wp:attachment":[{"href":"https:\/\/dicodusport.fr\/blog\/wp-json\/wp\/v2\/media?parent=371842"}],"wp:term":[{"taxonomy":"category","embeddable":true,"href":"https:\/\/dicodusport.fr\/blog\/wp-json\/wp\/v2\/categories?post=371842"},{"taxonomy":"post_tag","embeddable":true,"href":"https:\/\/dicodusport.fr\/blog\/wp-json\/wp\/v2\/tags?post=371842"}],"curies":[{"name":"wp","href":"https:\/\/api.w.org\/{rel}","templated":true}]}}