{"id":371917,"date":"2023-04-05T09:17:43","date_gmt":"2023-04-05T07:17:43","guid":{"rendered":"https:\/\/dicodusport.fr\/blog\/?p=371917&#038;preview=true&#038;preview_id=371917"},"modified":"2023-04-05T10:08:46","modified_gmt":"2023-04-05T08:08:46","slug":"bernard-laporte-pourrait-integrer-le-staff-du-xv-de-france-pour-la-coupe-du-monde","status":"publish","type":"post","link":"https:\/\/dicodusport.fr\/blog\/bernard-laporte-pourrait-integrer-le-staff-du-xv-de-france-pour-la-coupe-du-monde\/","title":{"rendered":"Bernard Laporte pourrait int\u00e9grer le staff du XV de France pour la Coupe du monde"},"content":{"rendered":"<p style=\"text-align: justify;\" align=\"justify\"><em><strong>XV DE FRANCE\u00a0 &#8211; Selon Le Parisien, Bernard Laporte pourrait int\u00e9grer le staff du XV de France pour la Coupe du monde pr\u00e9vue dans quelques mois, en France (8 septembre-28 octobre).\u00a0<\/strong><\/em><\/p>\n<p style=\"text-align: justify;\" align=\"justify\"><a href=\"https:\/\/dicodusport.fr\/blog\/ffr-bernard-laporte-demissionne\/\">\u00c9cart\u00e9 de la pr\u00e9sidence du <strong>XV de France<\/strong><\/a> suite \u00e0 sa condamnation en premi\u00e8re instance, <strong>Bernard<\/strong> <strong>Laporte<\/strong> ne s&rsquo;est jamais vraiment \u00e9loign\u00e9 du XV de France. L&rsquo;ancien s\u00e9lectionneur avait lui-m\u00eame confi\u00e9 sur <em>Eurosport<\/em> <a href=\"https:\/\/dicodusport.fr\/blog\/pelous-benazzi-bernard-laporte-sort-la-sulfateuse-contre-danciens-internationaux\/\">qu&rsquo;il \u00e9tait tr\u00e8s proche des joueurs de l&rsquo;\u00e9quipe de France<\/a>.<\/p>\n<blockquote>\n<p style=\"text-align: justify;\" align=\"justify\">Sans pr\u00e9tention, je pense les rassurer et \u00eatre aussi un peu un papa pour eux. Ils ne m\u2019ont jamais vu comme leur pr\u00e9sident mais comme un entra\u00eeneur qui a pas mal gagn\u00e9 et avec qui ils peuvent parler rugby. On \u00e9change souvent au t\u00e9l\u00e9phone et il y a toujours eu une forme de proximit\u00e9. J\u2019ai envoy\u00e9 des textos pendant le Tournoi, notamment \u00e0 Antoine (Dupont).<\/p>\n<\/blockquote>\n<p style=\"text-align: justify;\" align=\"justify\">L&rsquo;id\u00e9e du staff du <strong>XV de France<\/strong>, qui se sent forc\u00e9ment redevable de l&rsquo;ancien pr\u00e9sident de la <strong>F\u00e9d\u00e9ration<\/strong> <strong>Fran\u00e7aise<\/strong> <strong>de<\/strong> <strong>Rugby<\/strong>, serait donc de lui offrir un poste de consultant pendant la <strong>Coupe<\/strong> <strong>du<\/strong> <strong>monde<\/strong>. Nos confr\u00e8res expliquent que cela pourrait aussi aider <strong>Bernard<\/strong> <strong>Laporte<\/strong> \u00e0 se remettre \u00e0 flots, alors qu&rsquo;il rencontrerait des difficult\u00e9s financi\u00e8res.<\/p>\n<p style=\"text-align: justify;\" align=\"justify\">Mais sans grande surprise, cette id\u00e9e ne ferait pas l&rsquo;unanimit\u00e9 \u00e0 la <strong>F\u00e9d\u00e9ration Fran\u00e7aise de Rugby,<\/strong> et encore moins au Minist\u00e8re des Sports qui a pouss\u00e9 pour sortir du jeu <strong>Bernard Laporte<\/strong>. Si cette id\u00e9e semblait compl\u00e8tement saugrenue il y a encore quelques semaines, elle fait malgr\u00e9 tout son chemin dans l&rsquo;esprit du staff du <strong>XV de France<\/strong>. L&rsquo;id\u00e9e va-t-elle se concr\u00e9tiser d&rsquo;ici au d\u00e9but de la pr\u00e9paration en juin ? Affaire \u00e0 suivre !<\/p>\n<blockquote class=\"twitter-tweet\">\n<p dir=\"ltr\" lang=\"fr\">Bernard Laporte de retour aupr\u00e8s du XV de France en vue de la Coupe du monde de rugby ? Le plan pour int\u00e9grer l&rsquo;ancien pr\u00e9sident de la FFR, en difficult\u00e9 financi\u00e8re, n&rsquo;a pas que des partisans \u00e0 la f\u00e9d\u00e9ration. Et encore moins au minist\u00e8re des Sports. <a href=\"https:\/\/t.co\/fjcJlH4RzT\">https:\/\/t.co\/fjcJlH4RzT<\/a><\/p>\n<p>\u2014 Romain Baheux (@RBaheux) <a href=\"https:\/\/twitter.com\/RBaheux\/status\/1643481061681254400?ref_src=twsrc%5Etfw\">April 5, 2023<\/a><\/p><\/blockquote>\n<p style=\"text-align: justify;\"><script async src=\"https:\/\/platform.twitter.com\/widgets.js\" charset=\"utf-8\"><\/script><\/p>\n","protected":false},"excerpt":{"rendered":"<p>XV DE FRANCE\u00a0 &#8211; Selon Le Parisien, Bernard Laporte pourrait int\u00e9grer le staff du XV de France pour la Coupe du monde pr\u00e9vue dans quelques mois, en France (8 septembre-28 octobre).\u00a0<\/p>\n","protected":false},"author":1,"featured_media":349025,"comment_status":"open","ping_status":"closed","sticky":false,"template":"","format":"standard","meta":{"_acf_changed":false,"_daextam_enable_autolinks":"","footnotes":""},"categories":[9129,19951],"tags":[2293,16878,13,1638],"class_list":["post-371917","post","type-post","status-publish","format-standard","has-post-thumbnail","hentry","category-rugby-a-xv","category-xv-de-france","tag-bernard-laporte","tag-breve","tag-rugby","tag-xv-de-france"],"acf":[],"yoast_head":"<!-- This site is optimized with the Yoast SEO Premium plugin v26.7 (Yoast SEO v26.7) - https:\/\/yoast.com\/wordpress\/plugins\/seo\/ -->\n<title>Bernard Laporte pourrait int\u00e9grer le staff du XV de France pour la Coupe du monde<\/title>\n<meta name=\"description\" content=\"XV DE FRANCE\u00a0 - Selon Le Parisien, Bernard Laporte pourrait int\u00e9grer le staff du XV de France pour la Coupe du monde pr\u00e9vue dans quelques mois.\u00a0\" \/>\n<meta name=\"robots\" content=\"index, follow, max-snippet:-1, max-image-preview:large, max-video-preview:-1\" \/>\n<link rel=\"canonical\" href=\"https:\/\/dicodusport.fr\/blog\/bernard-laporte-pourrait-integrer-le-staff-du-xv-de-france-pour-la-coupe-du-monde\/\" \/>\n<meta property=\"og:locale\" content=\"fr_FR\" \/>\n<meta property=\"og:type\" content=\"article\" \/>\n<meta property=\"og:title\" content=\"Bernard Laporte pourrait int\u00e9grer le staff du XV de France pour la Coupe du monde\" \/>\n<meta property=\"og:description\" content=\"XV DE FRANCE\u00a0 - Selon Le Parisien, Bernard Laporte pourrait int\u00e9grer le staff du XV de France pour la Coupe du monde pr\u00e9vue dans quelques mois.\u00a0\" \/>\n<meta property=\"og:url\" content=\"https:\/\/dicodusport.fr\/blog\/bernard-laporte-pourrait-integrer-le-staff-du-xv-de-france-pour-la-coupe-du-monde\/\" \/>\n<meta property=\"og:site_name\" content=\"Dicodusport\" \/>\n<meta property=\"article:publisher\" content=\"https:\/\/www.facebook.com\/dicodusport\" \/>\n<meta property=\"article:author\" content=\"https:\/\/www.facebook.com\/dicodusport\" \/>\n<meta property=\"article:published_time\" content=\"2023-04-05T07:17:43+00:00\" \/>\n<meta property=\"article:modified_time\" content=\"2023-04-05T08:08:46+00:00\" \/>\n<meta property=\"og:image\" content=\"https:\/\/dicodusport.fr\/blog\/wp-content\/uploads\/2023\/01\/FFR-Bernard-Laporte-demissionne-.png\" \/>\n\t<meta property=\"og:image:width\" content=\"800\" \/>\n\t<meta property=\"og:image:height\" content=\"445\" \/>\n\t<meta property=\"og:image:type\" content=\"image\/png\" \/>\n<meta name=\"author\" content=\"Nicolas Jacquemard\" \/>\n<meta name=\"twitter:card\" content=\"summary_large_image\" \/>\n<meta name=\"twitter:title\" content=\"Bernard Laporte pourrait int\u00e9grer le staff du XV de France pour la Coupe du monde\" \/>\n<meta name=\"twitter:creator\" content=\"@https:\/\/twitter.com\/Nico_Jacquemard\" \/>\n<meta name=\"twitter:site\" content=\"@dicodusport\" \/>\n<script type=\"application\/ld+json\" class=\"yoast-schema-graph\">{\"@context\":\"https:\/\/schema.org\",\"@graph\":[{\"@type\":\"NewsArticle\",\"@id\":\"https:\/\/dicodusport.fr\/blog\/bernard-laporte-pourrait-integrer-le-staff-du-xv-de-france-pour-la-coupe-du-monde\/#article\",\"isPartOf\":{\"@id\":\"https:\/\/dicodusport.fr\/blog\/bernard-laporte-pourrait-integrer-le-staff-du-xv-de-france-pour-la-coupe-du-monde\/\"},\"author\":{\"name\":\"Nicolas Jacquemard\",\"@id\":\"https:\/\/dicodusport.fr\/blog\/#\/schema\/person\/55dcb50ad410894e431ed812bbb70191\"},\"headline\":\"Bernard Laporte pourrait int\u00e9grer le staff du XV de France pour la Coupe du monde\",\"datePublished\":\"2023-04-05T07:17:43+00:00\",\"dateModified\":\"2023-04-05T08:08:46+00:00\",\"mainEntityOfPage\":{\"@id\":\"https:\/\/dicodusport.fr\/blog\/bernard-laporte-pourrait-integrer-le-staff-du-xv-de-france-pour-la-coupe-du-monde\/\"},\"wordCount\":384,\"commentCount\":0,\"publisher\":{\"@id\":\"https:\/\/dicodusport.fr\/blog\/#organization\"},\"image\":{\"@id\":\"https:\/\/dicodusport.fr\/blog\/bernard-laporte-pourrait-integrer-le-staff-du-xv-de-france-pour-la-coupe-du-monde\/#primaryimage\"},\"thumbnailUrl\":\"https:\/\/dicodusport.fr\/blog\/wp-content\/uploads\/2023\/01\/FFR-Bernard-Laporte-demissionne-.png\",\"keywords\":[\"Bernard Laporte\",\"br\u00e8ve\",\"Rugby\",\"XV de France\"],\"articleSection\":[\"Rugby \u00e0 XV\",\"XV de France\"],\"inLanguage\":\"fr-FR\",\"potentialAction\":[{\"@type\":\"CommentAction\",\"name\":\"Comment\",\"target\":[\"https:\/\/dicodusport.fr\/blog\/bernard-laporte-pourrait-integrer-le-staff-du-xv-de-france-pour-la-coupe-du-monde\/#respond\"]}],\"copyrightYear\":\"2023\",\"copyrightHolder\":{\"@id\":\"https:\/\/dicodusport.fr\/blog\/#organization\"}},{\"@type\":\"WebPage\",\"@id\":\"https:\/\/dicodusport.fr\/blog\/bernard-laporte-pourrait-integrer-le-staff-du-xv-de-france-pour-la-coupe-du-monde\/\",\"url\":\"https:\/\/dicodusport.fr\/blog\/bernard-laporte-pourrait-integrer-le-staff-du-xv-de-france-pour-la-coupe-du-monde\/\",\"name\":\"Bernard Laporte pourrait int\u00e9grer le staff du XV de France pour la Coupe du monde\",\"isPartOf\":{\"@id\":\"https:\/\/dicodusport.fr\/blog\/#website\"},\"primaryImageOfPage\":{\"@id\":\"https:\/\/dicodusport.fr\/blog\/bernard-laporte-pourrait-integrer-le-staff-du-xv-de-france-pour-la-coupe-du-monde\/#primaryimage\"},\"image\":{\"@id\":\"https:\/\/dicodusport.fr\/blog\/bernard-laporte-pourrait-integrer-le-staff-du-xv-de-france-pour-la-coupe-du-monde\/#primaryimage\"},\"thumbnailUrl\":\"https:\/\/dicodusport.fr\/blog\/wp-content\/uploads\/2023\/01\/FFR-Bernard-Laporte-demissionne-.png\",\"datePublished\":\"2023-04-05T07:17:43+00:00\",\"dateModified\":\"2023-04-05T08:08:46+00:00\",\"description\":\"XV DE FRANCE\u00a0 - Selon Le Parisien, Bernard Laporte pourrait int\u00e9grer le staff du XV de France pour la Coupe du monde pr\u00e9vue dans quelques mois.\u00a0\",\"breadcrumb\":{\"@id\":\"https:\/\/dicodusport.fr\/blog\/bernard-laporte-pourrait-integrer-le-staff-du-xv-de-france-pour-la-coupe-du-monde\/#breadcrumb\"},\"inLanguage\":\"fr-FR\",\"potentialAction\":[{\"@type\":\"ReadAction\",\"target\":[\"https:\/\/dicodusport.fr\/blog\/bernard-laporte-pourrait-integrer-le-staff-du-xv-de-france-pour-la-coupe-du-monde\/\"]}]},{\"@type\":\"ImageObject\",\"inLanguage\":\"fr-FR\",\"@id\":\"https:\/\/dicodusport.fr\/blog\/bernard-laporte-pourrait-integrer-le-staff-du-xv-de-france-pour-la-coupe-du-monde\/#primaryimage\",\"url\":\"https:\/\/dicodusport.fr\/blog\/wp-content\/uploads\/2023\/01\/FFR-Bernard-Laporte-demissionne-.png\",\"contentUrl\":\"https:\/\/dicodusport.fr\/blog\/wp-content\/uploads\/2023\/01\/FFR-Bernard-Laporte-demissionne-.png\",\"width\":800,\"height\":445},{\"@type\":\"BreadcrumbList\",\"@id\":\"https:\/\/dicodusport.fr\/blog\/bernard-laporte-pourrait-integrer-le-staff-du-xv-de-france-pour-la-coupe-du-monde\/#breadcrumb\",\"itemListElement\":[{\"@type\":\"ListItem\",\"position\":1,\"name\":\"Accueil\",\"item\":\"https:\/\/dicodusport.fr\/blog\/\"},{\"@type\":\"ListItem\",\"position\":2,\"name\":\"Bernard Laporte pourrait int\u00e9grer le staff du XV de France pour la Coupe du monde\"}]},{\"@type\":\"WebSite\",\"@id\":\"https:\/\/dicodusport.fr\/blog\/#website\",\"url\":\"https:\/\/dicodusport.fr\/blog\/\",\"name\":\"Dicodusport\",\"description\":\"L&#039;encyclop\u00e9die de l&#039;actualit\u00e9 sportive\",\"publisher\":{\"@id\":\"https:\/\/dicodusport.fr\/blog\/#organization\"},\"potentialAction\":[{\"@type\":\"SearchAction\",\"target\":{\"@type\":\"EntryPoint\",\"urlTemplate\":\"https:\/\/dicodusport.fr\/blog\/?s={search_term_string}\"},\"query-input\":{\"@type\":\"PropertyValueSpecification\",\"valueRequired\":true,\"valueName\":\"search_term_string\"}}],\"inLanguage\":\"fr-FR\"},{\"@type\":\"NewsMediaOrganization\",\"@id\":\"https:\/\/dicodusport.fr\/blog\/#organization\",\"name\":\"Dicodusport\",\"url\":\"https:\/\/dicodusport.fr\/blog\/\",\"logo\":{\"@type\":\"ImageObject\",\"inLanguage\":\"fr-FR\",\"@id\":\"https:\/\/dicodusport.fr\/blog\/#\/schema\/logo\/image\/\",\"url\":\"https:\/\/dicodusport.fr\/blog\/wp-content\/uploads\/2020\/06\/cropped-LOGO-DICODUSPORT-2020-SANS-FOND-SANS-TEXTE.png\",\"contentUrl\":\"https:\/\/dicodusport.fr\/blog\/wp-content\/uploads\/2020\/06\/cropped-LOGO-DICODUSPORT-2020-SANS-FOND-SANS-TEXTE.png\",\"width\":512,\"height\":512,\"caption\":\"Dicodusport\"},\"image\":{\"@id\":\"https:\/\/dicodusport.fr\/blog\/#\/schema\/logo\/image\/\"},\"sameAs\":[\"https:\/\/www.facebook.com\/dicodusport\",\"https:\/\/x.com\/dicodusport\",\"https:\/\/www.instagram.com\/dicodusport\/\",\"https:\/\/www.youtube.com\/channel\/UC7V2KZ5sd3htJivAbA4ZG3w\"],\"description\":\"Dicodusport est l'encyclop\u00e9die de l'actualit\u00e9 sportive.\",\"email\":\"bonjour@dicodusport.fr\",\"legalName\":\"DICODUSPORT\",\"foundingDate\":\"2018-01-14\",\"vatID\":\"FR71834470973\",\"taxID\":\"83447097300043\",\"numberOfEmployees\":{\"@type\":\"QuantitativeValue\",\"minValue\":\"1\",\"maxValue\":\"10\"}},{\"@type\":\"Person\",\"@id\":\"https:\/\/dicodusport.fr\/blog\/#\/schema\/person\/55dcb50ad410894e431ed812bbb70191\",\"name\":\"Nicolas Jacquemard\",\"image\":{\"@type\":\"ImageObject\",\"inLanguage\":\"fr-FR\",\"@id\":\"https:\/\/dicodusport.fr\/blog\/#\/schema\/person\/image\/\",\"url\":\"https:\/\/dicodusport.fr\/blog\/wp-content\/uploads\/2021\/05\/Nicolas-Jacquemard-150x150.jpeg\",\"contentUrl\":\"https:\/\/dicodusport.fr\/blog\/wp-content\/uploads\/2021\/05\/Nicolas-Jacquemard-150x150.jpeg\",\"caption\":\"Nicolas Jacquemard\"},\"description\":\"Passionn\u00e9 de sport et entrepreneur depuis mes 18 ans, la cr\u00e9ation de Dicodusport m'a sembl\u00e9 \u00e9vidente pour participer \u00e0 la m\u00e9diatisation d'un plus grand nombre de sports. Le chemin est long mais avec une \u00e9quipe des plus motiv\u00e9es et les Jeux Olympiques de Paris 2024 en point de mire, nous y arriverons ! Journaliste dans le monde du sport depuis plus de 5 ans, je traite aussi bien de football, de rugby, de biathlon que de cyclisme.\",\"sameAs\":[\"https:\/\/www.facebook.com\/dicodusport\",\"https:\/\/x.com\/https:\/\/twitter.com\/Nico_Jacquemard\"],\"url\":\"https:\/\/dicodusport.fr\/blog\/author\/dicodusport\/\"}]}<\/script>\n<!-- \/ Yoast SEO Premium plugin. -->","yoast_head_json":{"title":"Bernard Laporte pourrait int\u00e9grer le staff du XV de France pour la Coupe du monde","description":"XV DE FRANCE\u00a0 - Selon Le Parisien, Bernard Laporte pourrait int\u00e9grer le staff du XV de France pour la Coupe du monde pr\u00e9vue dans quelques mois.\u00a0","robots":{"index":"index","follow":"follow","max-snippet":"max-snippet:-1","max-image-preview":"max-image-preview:large","max-video-preview":"max-video-preview:-1"},"canonical":"https:\/\/dicodusport.fr\/blog\/bernard-laporte-pourrait-integrer-le-staff-du-xv-de-france-pour-la-coupe-du-monde\/","og_locale":"fr_FR","og_type":"article","og_title":"Bernard Laporte pourrait int\u00e9grer le staff du XV de France pour la Coupe du monde","og_description":"XV DE FRANCE\u00a0 - Selon Le Parisien, Bernard Laporte pourrait int\u00e9grer le staff du XV de France pour la Coupe du monde pr\u00e9vue dans quelques mois.\u00a0","og_url":"https:\/\/dicodusport.fr\/blog\/bernard-laporte-pourrait-integrer-le-staff-du-xv-de-france-pour-la-coupe-du-monde\/","og_site_name":"Dicodusport","article_publisher":"https:\/\/www.facebook.com\/dicodusport","article_author":"https:\/\/www.facebook.com\/dicodusport","article_published_time":"2023-04-05T07:17:43+00:00","article_modified_time":"2023-04-05T08:08:46+00:00","og_image":[{"width":800,"height":445,"url":"https:\/\/dicodusport.fr\/blog\/wp-content\/uploads\/2023\/01\/FFR-Bernard-Laporte-demissionne-.png","type":"image\/png"}],"author":"Nicolas Jacquemard","twitter_card":"summary_large_image","twitter_title":"Bernard Laporte pourrait int\u00e9grer le staff du XV de France pour la Coupe du monde","twitter_creator":"@https:\/\/twitter.com\/Nico_Jacquemard","twitter_site":"@dicodusport","schema":{"@context":"https:\/\/schema.org","@graph":[{"@type":"NewsArticle","@id":"https:\/\/dicodusport.fr\/blog\/bernard-laporte-pourrait-integrer-le-staff-du-xv-de-france-pour-la-coupe-du-monde\/#article","isPartOf":{"@id":"https:\/\/dicodusport.fr\/blog\/bernard-laporte-pourrait-integrer-le-staff-du-xv-de-france-pour-la-coupe-du-monde\/"},"author":{"name":"Nicolas Jacquemard","@id":"https:\/\/dicodusport.fr\/blog\/#\/schema\/person\/55dcb50ad410894e431ed812bbb70191"},"headline":"Bernard Laporte pourrait int\u00e9grer le staff du XV de France pour la Coupe du monde","datePublished":"2023-04-05T07:17:43+00:00","dateModified":"2023-04-05T08:08:46+00:00","mainEntityOfPage":{"@id":"https:\/\/dicodusport.fr\/blog\/bernard-laporte-pourrait-integrer-le-staff-du-xv-de-france-pour-la-coupe-du-monde\/"},"wordCount":384,"commentCount":0,"publisher":{"@id":"https:\/\/dicodusport.fr\/blog\/#organization"},"image":{"@id":"https:\/\/dicodusport.fr\/blog\/bernard-laporte-pourrait-integrer-le-staff-du-xv-de-france-pour-la-coupe-du-monde\/#primaryimage"},"thumbnailUrl":"https:\/\/dicodusport.fr\/blog\/wp-content\/uploads\/2023\/01\/FFR-Bernard-Laporte-demissionne-.png","keywords":["Bernard Laporte","br\u00e8ve","Rugby","XV de France"],"articleSection":["Rugby \u00e0 XV","XV de France"],"inLanguage":"fr-FR","potentialAction":[{"@type":"CommentAction","name":"Comment","target":["https:\/\/dicodusport.fr\/blog\/bernard-laporte-pourrait-integrer-le-staff-du-xv-de-france-pour-la-coupe-du-monde\/#respond"]}],"copyrightYear":"2023","copyrightHolder":{"@id":"https:\/\/dicodusport.fr\/blog\/#organization"}},{"@type":"WebPage","@id":"https:\/\/dicodusport.fr\/blog\/bernard-laporte-pourrait-integrer-le-staff-du-xv-de-france-pour-la-coupe-du-monde\/","url":"https:\/\/dicodusport.fr\/blog\/bernard-laporte-pourrait-integrer-le-staff-du-xv-de-france-pour-la-coupe-du-monde\/","name":"Bernard Laporte pourrait int\u00e9grer le staff du XV de France pour la Coupe du monde","isPartOf":{"@id":"https:\/\/dicodusport.fr\/blog\/#website"},"primaryImageOfPage":{"@id":"https:\/\/dicodusport.fr\/blog\/bernard-laporte-pourrait-integrer-le-staff-du-xv-de-france-pour-la-coupe-du-monde\/#primaryimage"},"image":{"@id":"https:\/\/dicodusport.fr\/blog\/bernard-laporte-pourrait-integrer-le-staff-du-xv-de-france-pour-la-coupe-du-monde\/#primaryimage"},"thumbnailUrl":"https:\/\/dicodusport.fr\/blog\/wp-content\/uploads\/2023\/01\/FFR-Bernard-Laporte-demissionne-.png","datePublished":"2023-04-05T07:17:43+00:00","dateModified":"2023-04-05T08:08:46+00:00","description":"XV DE FRANCE\u00a0 - Selon Le Parisien, Bernard Laporte pourrait int\u00e9grer le staff du XV de France pour la Coupe du monde pr\u00e9vue dans quelques mois.\u00a0","breadcrumb":{"@id":"https:\/\/dicodusport.fr\/blog\/bernard-laporte-pourrait-integrer-le-staff-du-xv-de-france-pour-la-coupe-du-monde\/#breadcrumb"},"inLanguage":"fr-FR","potentialAction":[{"@type":"ReadAction","target":["https:\/\/dicodusport.fr\/blog\/bernard-laporte-pourrait-integrer-le-staff-du-xv-de-france-pour-la-coupe-du-monde\/"]}]},{"@type":"ImageObject","inLanguage":"fr-FR","@id":"https:\/\/dicodusport.fr\/blog\/bernard-laporte-pourrait-integrer-le-staff-du-xv-de-france-pour-la-coupe-du-monde\/#primaryimage","url":"https:\/\/dicodusport.fr\/blog\/wp-content\/uploads\/2023\/01\/FFR-Bernard-Laporte-demissionne-.png","contentUrl":"https:\/\/dicodusport.fr\/blog\/wp-content\/uploads\/2023\/01\/FFR-Bernard-Laporte-demissionne-.png","width":800,"height":445},{"@type":"BreadcrumbList","@id":"https:\/\/dicodusport.fr\/blog\/bernard-laporte-pourrait-integrer-le-staff-du-xv-de-france-pour-la-coupe-du-monde\/#breadcrumb","itemListElement":[{"@type":"ListItem","position":1,"name":"Accueil","item":"https:\/\/dicodusport.fr\/blog\/"},{"@type":"ListItem","position":2,"name":"Bernard Laporte pourrait int\u00e9grer le staff du XV de France pour la Coupe du monde"}]},{"@type":"WebSite","@id":"https:\/\/dicodusport.fr\/blog\/#website","url":"https:\/\/dicodusport.fr\/blog\/","name":"Dicodusport","description":"L&#039;encyclop\u00e9die de l&#039;actualit\u00e9 sportive","publisher":{"@id":"https:\/\/dicodusport.fr\/blog\/#organization"},"potentialAction":[{"@type":"SearchAction","target":{"@type":"EntryPoint","urlTemplate":"https:\/\/dicodusport.fr\/blog\/?s={search_term_string}"},"query-input":{"@type":"PropertyValueSpecification","valueRequired":true,"valueName":"search_term_string"}}],"inLanguage":"fr-FR"},{"@type":"NewsMediaOrganization","@id":"https:\/\/dicodusport.fr\/blog\/#organization","name":"Dicodusport","url":"https:\/\/dicodusport.fr\/blog\/","logo":{"@type":"ImageObject","inLanguage":"fr-FR","@id":"https:\/\/dicodusport.fr\/blog\/#\/schema\/logo\/image\/","url":"https:\/\/dicodusport.fr\/blog\/wp-content\/uploads\/2020\/06\/cropped-LOGO-DICODUSPORT-2020-SANS-FOND-SANS-TEXTE.png","contentUrl":"https:\/\/dicodusport.fr\/blog\/wp-content\/uploads\/2020\/06\/cropped-LOGO-DICODUSPORT-2020-SANS-FOND-SANS-TEXTE.png","width":512,"height":512,"caption":"Dicodusport"},"image":{"@id":"https:\/\/dicodusport.fr\/blog\/#\/schema\/logo\/image\/"},"sameAs":["https:\/\/www.facebook.com\/dicodusport","https:\/\/x.com\/dicodusport","https:\/\/www.instagram.com\/dicodusport\/","https:\/\/www.youtube.com\/channel\/UC7V2KZ5sd3htJivAbA4ZG3w"],"description":"Dicodusport est l'encyclop\u00e9die de l'actualit\u00e9 sportive.","email":"bonjour@dicodusport.fr","legalName":"DICODUSPORT","foundingDate":"2018-01-14","vatID":"FR71834470973","taxID":"83447097300043","numberOfEmployees":{"@type":"QuantitativeValue","minValue":"1","maxValue":"10"}},{"@type":"Person","@id":"https:\/\/dicodusport.fr\/blog\/#\/schema\/person\/55dcb50ad410894e431ed812bbb70191","name":"Nicolas Jacquemard","image":{"@type":"ImageObject","inLanguage":"fr-FR","@id":"https:\/\/dicodusport.fr\/blog\/#\/schema\/person\/image\/","url":"https:\/\/dicodusport.fr\/blog\/wp-content\/uploads\/2021\/05\/Nicolas-Jacquemard-150x150.jpeg","contentUrl":"https:\/\/dicodusport.fr\/blog\/wp-content\/uploads\/2021\/05\/Nicolas-Jacquemard-150x150.jpeg","caption":"Nicolas Jacquemard"},"description":"Passionn\u00e9 de sport et entrepreneur depuis mes 18 ans, la cr\u00e9ation de Dicodusport m'a sembl\u00e9 \u00e9vidente pour participer \u00e0 la m\u00e9diatisation d'un plus grand nombre de sports. Le chemin est long mais avec une \u00e9quipe des plus motiv\u00e9es et les Jeux Olympiques de Paris 2024 en point de mire, nous y arriverons ! Journaliste dans le monde du sport depuis plus de 5 ans, je traite aussi bien de football, de rugby, de biathlon que de cyclisme.","sameAs":["https:\/\/www.facebook.com\/dicodusport","https:\/\/x.com\/https:\/\/twitter.com\/Nico_Jacquemard"],"url":"https:\/\/dicodusport.fr\/blog\/author\/dicodusport\/"}]}},"_links":{"self":[{"href":"https:\/\/dicodusport.fr\/blog\/wp-json\/wp\/v2\/posts\/371917","targetHints":{"allow":["GET"]}}],"collection":[{"href":"https:\/\/dicodusport.fr\/blog\/wp-json\/wp\/v2\/posts"}],"about":[{"href":"https:\/\/dicodusport.fr\/blog\/wp-json\/wp\/v2\/types\/post"}],"author":[{"embeddable":true,"href":"https:\/\/dicodusport.fr\/blog\/wp-json\/wp\/v2\/users\/1"}],"replies":[{"embeddable":true,"href":"https:\/\/dicodusport.fr\/blog\/wp-json\/wp\/v2\/comments?post=371917"}],"version-history":[{"count":0,"href":"https:\/\/dicodusport.fr\/blog\/wp-json\/wp\/v2\/posts\/371917\/revisions"}],"wp:featuredmedia":[{"embeddable":true,"href":"https:\/\/dicodusport.fr\/blog\/wp-json\/wp\/v2\/media\/349025"}],"wp:attachment":[{"href":"https:\/\/dicodusport.fr\/blog\/wp-json\/wp\/v2\/media?parent=371917"}],"wp:term":[{"taxonomy":"category","embeddable":true,"href":"https:\/\/dicodusport.fr\/blog\/wp-json\/wp\/v2\/categories?post=371917"},{"taxonomy":"post_tag","embeddable":true,"href":"https:\/\/dicodusport.fr\/blog\/wp-json\/wp\/v2\/tags?post=371917"}],"curies":[{"name":"wp","href":"https:\/\/api.w.org\/{rel}","templated":true}]}}