{"id":371942,"date":"2023-04-06T14:38:03","date_gmt":"2023-04-06T12:38:03","guid":{"rendered":"https:\/\/dicodusport.fr\/blog\/?p=371942&#038;preview=true&#038;preview_id=371942"},"modified":"2023-04-10T00:57:57","modified_gmt":"2023-04-09T22:57:57","slug":"championnats-deurope-de-gymnastique-artistique-2023-la-selection-francaise","status":"publish","type":"post","link":"https:\/\/dicodusport.fr\/blog\/championnats-deurope-de-gymnastique-artistique-2023-la-selection-francaise\/","title":{"rendered":"Championnats d&rsquo;Europe de gymnastique artistique 2023 : La s\u00e9lection fran\u00e7aise"},"content":{"rendered":"<p align=\"justify\"><em><strong>GYMNASTIQUE &#8211; Les Championnats d&rsquo;Europe de gymnastique artistique se d\u00e9roulent du 11 au 16 avril. Voici la s\u00e9lection fran\u00e7aise.<\/strong><\/em><\/p>\n<p style=\"text-align: justify;\" align=\"justify\">La f\u00e9d\u00e9ration fran\u00e7aise a d\u00e9cid\u00e9 de mixer entre gymnastes exp\u00e9riment\u00e9es et d\u00e9butantes au niveau des femmes. Les objectifs sont de terminer dans le top 5 par \u00e9quipes, de qualifier 4 gymnastes en finales et d&rsquo;obtenir 2 m\u00e9dailles. Pour ce dernier objectif, V\u00e9ronique Legras-Snoeck, directrice du haut niveau, compte sur Coline Devillard et Marine Boyer. Ces championnats sont l&rsquo;occasion de pr\u00e9parer les Mondiaux qui se d\u00e9rouleront en seconde partie d&rsquo;ann\u00e9e.<\/p>\n<p style=\"text-align: justify;\" align=\"justify\">On note l&rsquo;absence de M\u00e9lanie De Jesus Dos Santos, Carolann H\u00e9duit et Aline Friess qui sont en phase de reprise apr\u00e8s blessure.<\/p>\n<h2 align=\"justify\">S\u00e9lection f\u00e9minine<\/h2>\n<p align=\"justify\">Marine Boyer<\/p>\n<p align=\"justify\">Coline Devillard<\/p>\n<p align=\"justify\">Silane Mielle<\/p>\n<p align=\"justify\">Morgane Osyssek<\/p>\n<p align=\"justify\">Djenna Laroui<\/p>\n<p align=\"justify\"><em>Rempla\u00e7antes : Sheyen Petit, L\u00e9a Franceries<\/em><\/p>\n<hr \/>\n<p style=\"text-align: justify;\" align=\"justify\">Du c\u00f4t\u00e9 des hommes, \u00e9tant donn\u00e9 qu&rsquo;ils ne sont pas encore qualifi\u00e9s pour les Mondiaux, \u00e9tape importante pour la qualification olympique, ils devront marquer des points. Les hommes ont la possibilit\u00e9 de pr\u00e9senter une \u00e9quipe ainsi qu&rsquo;un gymnaste suppl\u00e9mentaire qui peut se pr\u00e9senter \u00e0 3 agr\u00e8s, sans que ses notes ne comptent pour l&rsquo;\u00e9quipe.<\/p>\n<p style=\"text-align: justify;\" align=\"justify\">L&rsquo;objectif est donc de se qualifier pour les Championnats du monde en r\u00e9alisant environ 248 points.<\/p>\n<h2 align=\"justify\">S\u00e9lection masculine<\/h2>\n<p align=\"justify\">Jim Zona<\/p>\n<p align=\"justify\">Mathias Philippe<\/p>\n<p align=\"justify\">Cameron-Lie Bernard<\/p>\n<p align=\"justify\">L\u00e9a Saladino<\/p>\n<p align=\"justify\">Lucas Desanges<\/p>\n<p align=\"justify\">Benjamin Osberger (individuel sur trois agr\u00e8s maximum)<\/p>\n<p align=\"justify\"><em>Rempla\u00e7ants : Zachari Hrimeche, Lorenzo Sainte Rose, Melwin Touchais<\/em><\/p>\n","protected":false},"excerpt":{"rendered":"<p>GYMNASTIQUE &#8211; Les Championnats d&rsquo;Europe de gymnastique artistique se d\u00e9roulent du 11 au 16 avril. Voici la s\u00e9lection fran\u00e7aise.<\/p>\n","protected":false},"author":12,"featured_media":265012,"comment_status":"open","ping_status":"closed","sticky":false,"template":"","format":"standard","meta":{"_acf_changed":false,"_daextam_enable_autolinks":"","footnotes":""},"categories":[10429],"tags":[16878,6976],"class_list":["post-371942","post","type-post","status-publish","format-standard","has-post-thumbnail","hentry","category-gymnastique","tag-breve","tag-gymnastique-artistique"],"acf":[],"yoast_head":"<!-- This site is optimized with the Yoast SEO Premium plugin v26.7 (Yoast SEO v26.7) - https:\/\/yoast.com\/wordpress\/plugins\/seo\/ -->\n<title>Championnats d&#039;Europe de gymnastique artistique 2023 : La s\u00e9lection fran\u00e7aise<\/title>\n<meta name=\"description\" content=\"GYMNASTIQUE - Les Championnats d&#039;Europe de gymnastique artistique se d\u00e9roulent du 11 au 16 avril. Voici la s\u00e9lection fran\u00e7aise.\" \/>\n<meta name=\"robots\" content=\"index, follow, max-snippet:-1, max-image-preview:large, max-video-preview:-1\" \/>\n<link rel=\"canonical\" href=\"https:\/\/dicodusport.fr\/blog\/championnats-deurope-de-gymnastique-artistique-2023-la-selection-francaise\/\" \/>\n<meta property=\"og:locale\" content=\"fr_FR\" \/>\n<meta property=\"og:type\" content=\"article\" \/>\n<meta property=\"og:title\" content=\"Championnats d&#039;Europe de gymnastique artistique 2023 : La s\u00e9lection fran\u00e7aise\" \/>\n<meta property=\"og:description\" content=\"GYMNASTIQUE - Les Championnats d&#039;Europe de gymnastique artistique se d\u00e9roulent du 11 au 16 avril. Voici la s\u00e9lection fran\u00e7aise.\" \/>\n<meta property=\"og:url\" content=\"https:\/\/dicodusport.fr\/blog\/championnats-deurope-de-gymnastique-artistique-2023-la-selection-francaise\/\" \/>\n<meta property=\"og:site_name\" content=\"Dicodusport\" \/>\n<meta property=\"article:publisher\" content=\"https:\/\/www.facebook.com\/dicodusport\" \/>\n<meta property=\"article:published_time\" content=\"2023-04-06T12:38:03+00:00\" \/>\n<meta property=\"article:modified_time\" content=\"2023-04-09T22:57:57+00:00\" \/>\n<meta property=\"og:image\" content=\"https:\/\/dicodusport.fr\/blog\/wp-content\/uploads\/2022\/09\/Internationaux-de-France-Marine-Boyer-en-or-a-la-poutre.jpg\" \/>\n\t<meta property=\"og:image:width\" content=\"800\" \/>\n\t<meta property=\"og:image:height\" content=\"445\" \/>\n\t<meta property=\"og:image:type\" content=\"image\/jpeg\" \/>\n<meta name=\"author\" content=\"Arlette Yeye\" \/>\n<meta name=\"twitter:card\" content=\"summary_large_image\" \/>\n<meta name=\"twitter:title\" content=\"Championnats d&#039;Europe de gymnastique artistique 2023 : La s\u00e9lection fran\u00e7aise\" \/>\n<meta name=\"twitter:creator\" content=\"@https:\/\/twitter.com\/Shiclette94\" \/>\n<meta name=\"twitter:site\" content=\"@dicodusport\" \/>\n<script type=\"application\/ld+json\" class=\"yoast-schema-graph\">{\"@context\":\"https:\/\/schema.org\",\"@graph\":[{\"@type\":\"NewsArticle\",\"@id\":\"https:\/\/dicodusport.fr\/blog\/championnats-deurope-de-gymnastique-artistique-2023-la-selection-francaise\/#article\",\"isPartOf\":{\"@id\":\"https:\/\/dicodusport.fr\/blog\/championnats-deurope-de-gymnastique-artistique-2023-la-selection-francaise\/\"},\"author\":{\"name\":\"Arlette Yeye\",\"@id\":\"https:\/\/dicodusport.fr\/blog\/#\/schema\/person\/cce96fa88785bd8573e3d43078ac8c79\"},\"headline\":\"Championnats d&rsquo;Europe de gymnastique artistique 2023 : La s\u00e9lection fran\u00e7aise\",\"datePublished\":\"2023-04-06T12:38:03+00:00\",\"dateModified\":\"2023-04-09T22:57:57+00:00\",\"mainEntityOfPage\":{\"@id\":\"https:\/\/dicodusport.fr\/blog\/championnats-deurope-de-gymnastique-artistique-2023-la-selection-francaise\/\"},\"wordCount\":269,\"commentCount\":0,\"publisher\":{\"@id\":\"https:\/\/dicodusport.fr\/blog\/#organization\"},\"image\":{\"@id\":\"https:\/\/dicodusport.fr\/blog\/championnats-deurope-de-gymnastique-artistique-2023-la-selection-francaise\/#primaryimage\"},\"thumbnailUrl\":\"https:\/\/dicodusport.fr\/blog\/wp-content\/uploads\/2022\/09\/Internationaux-de-France-Marine-Boyer-en-or-a-la-poutre.jpg\",\"keywords\":[\"br\u00e8ve\",\"Gymnastique artistique\"],\"articleSection\":[\"Gymnastique\"],\"inLanguage\":\"fr-FR\",\"potentialAction\":[{\"@type\":\"CommentAction\",\"name\":\"Comment\",\"target\":[\"https:\/\/dicodusport.fr\/blog\/championnats-deurope-de-gymnastique-artistique-2023-la-selection-francaise\/#respond\"]}],\"copyrightYear\":\"2023\",\"copyrightHolder\":{\"@id\":\"https:\/\/dicodusport.fr\/blog\/#organization\"}},{\"@type\":\"WebPage\",\"@id\":\"https:\/\/dicodusport.fr\/blog\/championnats-deurope-de-gymnastique-artistique-2023-la-selection-francaise\/\",\"url\":\"https:\/\/dicodusport.fr\/blog\/championnats-deurope-de-gymnastique-artistique-2023-la-selection-francaise\/\",\"name\":\"Championnats d'Europe de gymnastique artistique 2023 : La s\u00e9lection fran\u00e7aise\",\"isPartOf\":{\"@id\":\"https:\/\/dicodusport.fr\/blog\/#website\"},\"primaryImageOfPage\":{\"@id\":\"https:\/\/dicodusport.fr\/blog\/championnats-deurope-de-gymnastique-artistique-2023-la-selection-francaise\/#primaryimage\"},\"image\":{\"@id\":\"https:\/\/dicodusport.fr\/blog\/championnats-deurope-de-gymnastique-artistique-2023-la-selection-francaise\/#primaryimage\"},\"thumbnailUrl\":\"https:\/\/dicodusport.fr\/blog\/wp-content\/uploads\/2022\/09\/Internationaux-de-France-Marine-Boyer-en-or-a-la-poutre.jpg\",\"datePublished\":\"2023-04-06T12:38:03+00:00\",\"dateModified\":\"2023-04-09T22:57:57+00:00\",\"description\":\"GYMNASTIQUE - Les Championnats d'Europe de gymnastique artistique se d\u00e9roulent du 11 au 16 avril. Voici la s\u00e9lection fran\u00e7aise.\",\"breadcrumb\":{\"@id\":\"https:\/\/dicodusport.fr\/blog\/championnats-deurope-de-gymnastique-artistique-2023-la-selection-francaise\/#breadcrumb\"},\"inLanguage\":\"fr-FR\",\"potentialAction\":[{\"@type\":\"ReadAction\",\"target\":[\"https:\/\/dicodusport.fr\/blog\/championnats-deurope-de-gymnastique-artistique-2023-la-selection-francaise\/\"]}]},{\"@type\":\"ImageObject\",\"inLanguage\":\"fr-FR\",\"@id\":\"https:\/\/dicodusport.fr\/blog\/championnats-deurope-de-gymnastique-artistique-2023-la-selection-francaise\/#primaryimage\",\"url\":\"https:\/\/dicodusport.fr\/blog\/wp-content\/uploads\/2022\/09\/Internationaux-de-France-Marine-Boyer-en-or-a-la-poutre.jpg\",\"contentUrl\":\"https:\/\/dicodusport.fr\/blog\/wp-content\/uploads\/2022\/09\/Internationaux-de-France-Marine-Boyer-en-or-a-la-poutre.jpg\",\"width\":800,\"height\":445,\"caption\":\"Coupe du monde de gymnastique de Bakou : Marine Boyer remporte l'or au sol et l'argent \u00e0 la poutre !\"},{\"@type\":\"BreadcrumbList\",\"@id\":\"https:\/\/dicodusport.fr\/blog\/championnats-deurope-de-gymnastique-artistique-2023-la-selection-francaise\/#breadcrumb\",\"itemListElement\":[{\"@type\":\"ListItem\",\"position\":1,\"name\":\"Accueil\",\"item\":\"https:\/\/dicodusport.fr\/blog\/\"},{\"@type\":\"ListItem\",\"position\":2,\"name\":\"Championnats d&rsquo;Europe de gymnastique artistique 2023 : La s\u00e9lection fran\u00e7aise\"}]},{\"@type\":\"WebSite\",\"@id\":\"https:\/\/dicodusport.fr\/blog\/#website\",\"url\":\"https:\/\/dicodusport.fr\/blog\/\",\"name\":\"Dicodusport\",\"description\":\"L&#039;encyclop\u00e9die de l&#039;actualit\u00e9 sportive\",\"publisher\":{\"@id\":\"https:\/\/dicodusport.fr\/blog\/#organization\"},\"potentialAction\":[{\"@type\":\"SearchAction\",\"target\":{\"@type\":\"EntryPoint\",\"urlTemplate\":\"https:\/\/dicodusport.fr\/blog\/?s={search_term_string}\"},\"query-input\":{\"@type\":\"PropertyValueSpecification\",\"valueRequired\":true,\"valueName\":\"search_term_string\"}}],\"inLanguage\":\"fr-FR\"},{\"@type\":\"NewsMediaOrganization\",\"@id\":\"https:\/\/dicodusport.fr\/blog\/#organization\",\"name\":\"Dicodusport\",\"url\":\"https:\/\/dicodusport.fr\/blog\/\",\"logo\":{\"@type\":\"ImageObject\",\"inLanguage\":\"fr-FR\",\"@id\":\"https:\/\/dicodusport.fr\/blog\/#\/schema\/logo\/image\/\",\"url\":\"https:\/\/dicodusport.fr\/blog\/wp-content\/uploads\/2020\/06\/cropped-LOGO-DICODUSPORT-2020-SANS-FOND-SANS-TEXTE.png\",\"contentUrl\":\"https:\/\/dicodusport.fr\/blog\/wp-content\/uploads\/2020\/06\/cropped-LOGO-DICODUSPORT-2020-SANS-FOND-SANS-TEXTE.png\",\"width\":512,\"height\":512,\"caption\":\"Dicodusport\"},\"image\":{\"@id\":\"https:\/\/dicodusport.fr\/blog\/#\/schema\/logo\/image\/\"},\"sameAs\":[\"https:\/\/www.facebook.com\/dicodusport\",\"https:\/\/x.com\/dicodusport\",\"https:\/\/www.instagram.com\/dicodusport\/\",\"https:\/\/www.youtube.com\/channel\/UC7V2KZ5sd3htJivAbA4ZG3w\"],\"description\":\"Dicodusport est l'encyclop\u00e9die de l'actualit\u00e9 sportive.\",\"email\":\"bonjour@dicodusport.fr\",\"legalName\":\"DICODUSPORT\",\"foundingDate\":\"2018-01-14\",\"vatID\":\"FR71834470973\",\"taxID\":\"83447097300043\",\"numberOfEmployees\":{\"@type\":\"QuantitativeValue\",\"minValue\":\"1\",\"maxValue\":\"10\"}},{\"@type\":\"Person\",\"@id\":\"https:\/\/dicodusport.fr\/blog\/#\/schema\/person\/cce96fa88785bd8573e3d43078ac8c79\",\"name\":\"Arlette Yeye\",\"image\":{\"@type\":\"ImageObject\",\"inLanguage\":\"fr-FR\",\"@id\":\"https:\/\/dicodusport.fr\/blog\/#\/schema\/person\/image\/\",\"url\":\"https:\/\/secure.gravatar.com\/avatar\/dca4a6239e6d708e46c45d60e160de6c?s=96&d=wp_user_avatar&r=g\",\"contentUrl\":\"https:\/\/secure.gravatar.com\/avatar\/dca4a6239e6d708e46c45d60e160de6c?s=96&d=wp_user_avatar&r=g\",\"caption\":\"Arlette Yeye\"},\"description\":\"Journaliste\/r\u00e9dactrice depuis septembre 2015 - Supportrice de Chelsea, j'ai pour sports de pr\u00e9dilection le handball, l'athl\u00e9tisme et le tennis. Si je tweete plus vite que mon ombre, vous pouvez aussi me retrouver les week-ends sur les playgrounds de Bruxelles pour un petit foot ou basket entre potes. Parcourir la France, l'Europe et plus si affinit\u00e9s pour suivre mes sportifs pr\u00e9f\u00e9r\u00e9s ? Mon kif ! Et c'est avec plaisir que je partage les r\u00e9sultats des sports populaires mais \u00e9galement plus confidentiels pour Dicodusport.\",\"sameAs\":[\"https:\/\/x.com\/https:\/\/twitter.com\/Shiclette94\"],\"url\":\"https:\/\/dicodusport.fr\/blog\/author\/arlette\/\"}]}<\/script>\n<!-- \/ Yoast SEO Premium plugin. -->","yoast_head_json":{"title":"Championnats d'Europe de gymnastique artistique 2023 : La s\u00e9lection fran\u00e7aise","description":"GYMNASTIQUE - Les Championnats d'Europe de gymnastique artistique se d\u00e9roulent du 11 au 16 avril. Voici la s\u00e9lection fran\u00e7aise.","robots":{"index":"index","follow":"follow","max-snippet":"max-snippet:-1","max-image-preview":"max-image-preview:large","max-video-preview":"max-video-preview:-1"},"canonical":"https:\/\/dicodusport.fr\/blog\/championnats-deurope-de-gymnastique-artistique-2023-la-selection-francaise\/","og_locale":"fr_FR","og_type":"article","og_title":"Championnats d'Europe de gymnastique artistique 2023 : La s\u00e9lection fran\u00e7aise","og_description":"GYMNASTIQUE - Les Championnats d'Europe de gymnastique artistique se d\u00e9roulent du 11 au 16 avril. Voici la s\u00e9lection fran\u00e7aise.","og_url":"https:\/\/dicodusport.fr\/blog\/championnats-deurope-de-gymnastique-artistique-2023-la-selection-francaise\/","og_site_name":"Dicodusport","article_publisher":"https:\/\/www.facebook.com\/dicodusport","article_published_time":"2023-04-06T12:38:03+00:00","article_modified_time":"2023-04-09T22:57:57+00:00","og_image":[{"width":800,"height":445,"url":"https:\/\/dicodusport.fr\/blog\/wp-content\/uploads\/2022\/09\/Internationaux-de-France-Marine-Boyer-en-or-a-la-poutre.jpg","type":"image\/jpeg"}],"author":"Arlette Yeye","twitter_card":"summary_large_image","twitter_title":"Championnats d'Europe de gymnastique artistique 2023 : La s\u00e9lection fran\u00e7aise","twitter_creator":"@https:\/\/twitter.com\/Shiclette94","twitter_site":"@dicodusport","schema":{"@context":"https:\/\/schema.org","@graph":[{"@type":"NewsArticle","@id":"https:\/\/dicodusport.fr\/blog\/championnats-deurope-de-gymnastique-artistique-2023-la-selection-francaise\/#article","isPartOf":{"@id":"https:\/\/dicodusport.fr\/blog\/championnats-deurope-de-gymnastique-artistique-2023-la-selection-francaise\/"},"author":{"name":"Arlette Yeye","@id":"https:\/\/dicodusport.fr\/blog\/#\/schema\/person\/cce96fa88785bd8573e3d43078ac8c79"},"headline":"Championnats d&rsquo;Europe de gymnastique artistique 2023 : La s\u00e9lection fran\u00e7aise","datePublished":"2023-04-06T12:38:03+00:00","dateModified":"2023-04-09T22:57:57+00:00","mainEntityOfPage":{"@id":"https:\/\/dicodusport.fr\/blog\/championnats-deurope-de-gymnastique-artistique-2023-la-selection-francaise\/"},"wordCount":269,"commentCount":0,"publisher":{"@id":"https:\/\/dicodusport.fr\/blog\/#organization"},"image":{"@id":"https:\/\/dicodusport.fr\/blog\/championnats-deurope-de-gymnastique-artistique-2023-la-selection-francaise\/#primaryimage"},"thumbnailUrl":"https:\/\/dicodusport.fr\/blog\/wp-content\/uploads\/2022\/09\/Internationaux-de-France-Marine-Boyer-en-or-a-la-poutre.jpg","keywords":["br\u00e8ve","Gymnastique artistique"],"articleSection":["Gymnastique"],"inLanguage":"fr-FR","potentialAction":[{"@type":"CommentAction","name":"Comment","target":["https:\/\/dicodusport.fr\/blog\/championnats-deurope-de-gymnastique-artistique-2023-la-selection-francaise\/#respond"]}],"copyrightYear":"2023","copyrightHolder":{"@id":"https:\/\/dicodusport.fr\/blog\/#organization"}},{"@type":"WebPage","@id":"https:\/\/dicodusport.fr\/blog\/championnats-deurope-de-gymnastique-artistique-2023-la-selection-francaise\/","url":"https:\/\/dicodusport.fr\/blog\/championnats-deurope-de-gymnastique-artistique-2023-la-selection-francaise\/","name":"Championnats d'Europe de gymnastique artistique 2023 : La s\u00e9lection fran\u00e7aise","isPartOf":{"@id":"https:\/\/dicodusport.fr\/blog\/#website"},"primaryImageOfPage":{"@id":"https:\/\/dicodusport.fr\/blog\/championnats-deurope-de-gymnastique-artistique-2023-la-selection-francaise\/#primaryimage"},"image":{"@id":"https:\/\/dicodusport.fr\/blog\/championnats-deurope-de-gymnastique-artistique-2023-la-selection-francaise\/#primaryimage"},"thumbnailUrl":"https:\/\/dicodusport.fr\/blog\/wp-content\/uploads\/2022\/09\/Internationaux-de-France-Marine-Boyer-en-or-a-la-poutre.jpg","datePublished":"2023-04-06T12:38:03+00:00","dateModified":"2023-04-09T22:57:57+00:00","description":"GYMNASTIQUE - Les Championnats d'Europe de gymnastique artistique se d\u00e9roulent du 11 au 16 avril. Voici la s\u00e9lection fran\u00e7aise.","breadcrumb":{"@id":"https:\/\/dicodusport.fr\/blog\/championnats-deurope-de-gymnastique-artistique-2023-la-selection-francaise\/#breadcrumb"},"inLanguage":"fr-FR","potentialAction":[{"@type":"ReadAction","target":["https:\/\/dicodusport.fr\/blog\/championnats-deurope-de-gymnastique-artistique-2023-la-selection-francaise\/"]}]},{"@type":"ImageObject","inLanguage":"fr-FR","@id":"https:\/\/dicodusport.fr\/blog\/championnats-deurope-de-gymnastique-artistique-2023-la-selection-francaise\/#primaryimage","url":"https:\/\/dicodusport.fr\/blog\/wp-content\/uploads\/2022\/09\/Internationaux-de-France-Marine-Boyer-en-or-a-la-poutre.jpg","contentUrl":"https:\/\/dicodusport.fr\/blog\/wp-content\/uploads\/2022\/09\/Internationaux-de-France-Marine-Boyer-en-or-a-la-poutre.jpg","width":800,"height":445,"caption":"Coupe du monde de gymnastique de Bakou : Marine Boyer remporte l'or au sol et l'argent \u00e0 la poutre !"},{"@type":"BreadcrumbList","@id":"https:\/\/dicodusport.fr\/blog\/championnats-deurope-de-gymnastique-artistique-2023-la-selection-francaise\/#breadcrumb","itemListElement":[{"@type":"ListItem","position":1,"name":"Accueil","item":"https:\/\/dicodusport.fr\/blog\/"},{"@type":"ListItem","position":2,"name":"Championnats d&rsquo;Europe de gymnastique artistique 2023 : La s\u00e9lection fran\u00e7aise"}]},{"@type":"WebSite","@id":"https:\/\/dicodusport.fr\/blog\/#website","url":"https:\/\/dicodusport.fr\/blog\/","name":"Dicodusport","description":"L&#039;encyclop\u00e9die de l&#039;actualit\u00e9 sportive","publisher":{"@id":"https:\/\/dicodusport.fr\/blog\/#organization"},"potentialAction":[{"@type":"SearchAction","target":{"@type":"EntryPoint","urlTemplate":"https:\/\/dicodusport.fr\/blog\/?s={search_term_string}"},"query-input":{"@type":"PropertyValueSpecification","valueRequired":true,"valueName":"search_term_string"}}],"inLanguage":"fr-FR"},{"@type":"NewsMediaOrganization","@id":"https:\/\/dicodusport.fr\/blog\/#organization","name":"Dicodusport","url":"https:\/\/dicodusport.fr\/blog\/","logo":{"@type":"ImageObject","inLanguage":"fr-FR","@id":"https:\/\/dicodusport.fr\/blog\/#\/schema\/logo\/image\/","url":"https:\/\/dicodusport.fr\/blog\/wp-content\/uploads\/2020\/06\/cropped-LOGO-DICODUSPORT-2020-SANS-FOND-SANS-TEXTE.png","contentUrl":"https:\/\/dicodusport.fr\/blog\/wp-content\/uploads\/2020\/06\/cropped-LOGO-DICODUSPORT-2020-SANS-FOND-SANS-TEXTE.png","width":512,"height":512,"caption":"Dicodusport"},"image":{"@id":"https:\/\/dicodusport.fr\/blog\/#\/schema\/logo\/image\/"},"sameAs":["https:\/\/www.facebook.com\/dicodusport","https:\/\/x.com\/dicodusport","https:\/\/www.instagram.com\/dicodusport\/","https:\/\/www.youtube.com\/channel\/UC7V2KZ5sd3htJivAbA4ZG3w"],"description":"Dicodusport est l'encyclop\u00e9die de l'actualit\u00e9 sportive.","email":"bonjour@dicodusport.fr","legalName":"DICODUSPORT","foundingDate":"2018-01-14","vatID":"FR71834470973","taxID":"83447097300043","numberOfEmployees":{"@type":"QuantitativeValue","minValue":"1","maxValue":"10"}},{"@type":"Person","@id":"https:\/\/dicodusport.fr\/blog\/#\/schema\/person\/cce96fa88785bd8573e3d43078ac8c79","name":"Arlette Yeye","image":{"@type":"ImageObject","inLanguage":"fr-FR","@id":"https:\/\/dicodusport.fr\/blog\/#\/schema\/person\/image\/","url":"https:\/\/secure.gravatar.com\/avatar\/dca4a6239e6d708e46c45d60e160de6c?s=96&d=wp_user_avatar&r=g","contentUrl":"https:\/\/secure.gravatar.com\/avatar\/dca4a6239e6d708e46c45d60e160de6c?s=96&d=wp_user_avatar&r=g","caption":"Arlette Yeye"},"description":"Journaliste\/r\u00e9dactrice depuis septembre 2015 - Supportrice de Chelsea, j'ai pour sports de pr\u00e9dilection le handball, l'athl\u00e9tisme et le tennis. Si je tweete plus vite que mon ombre, vous pouvez aussi me retrouver les week-ends sur les playgrounds de Bruxelles pour un petit foot ou basket entre potes. Parcourir la France, l'Europe et plus si affinit\u00e9s pour suivre mes sportifs pr\u00e9f\u00e9r\u00e9s ? Mon kif ! Et c'est avec plaisir que je partage les r\u00e9sultats des sports populaires mais \u00e9galement plus confidentiels pour Dicodusport.","sameAs":["https:\/\/x.com\/https:\/\/twitter.com\/Shiclette94"],"url":"https:\/\/dicodusport.fr\/blog\/author\/arlette\/"}]}},"_links":{"self":[{"href":"https:\/\/dicodusport.fr\/blog\/wp-json\/wp\/v2\/posts\/371942","targetHints":{"allow":["GET"]}}],"collection":[{"href":"https:\/\/dicodusport.fr\/blog\/wp-json\/wp\/v2\/posts"}],"about":[{"href":"https:\/\/dicodusport.fr\/blog\/wp-json\/wp\/v2\/types\/post"}],"author":[{"embeddable":true,"href":"https:\/\/dicodusport.fr\/blog\/wp-json\/wp\/v2\/users\/12"}],"replies":[{"embeddable":true,"href":"https:\/\/dicodusport.fr\/blog\/wp-json\/wp\/v2\/comments?post=371942"}],"version-history":[{"count":0,"href":"https:\/\/dicodusport.fr\/blog\/wp-json\/wp\/v2\/posts\/371942\/revisions"}],"wp:featuredmedia":[{"embeddable":true,"href":"https:\/\/dicodusport.fr\/blog\/wp-json\/wp\/v2\/media\/265012"}],"wp:attachment":[{"href":"https:\/\/dicodusport.fr\/blog\/wp-json\/wp\/v2\/media?parent=371942"}],"wp:term":[{"taxonomy":"category","embeddable":true,"href":"https:\/\/dicodusport.fr\/blog\/wp-json\/wp\/v2\/categories?post=371942"},{"taxonomy":"post_tag","embeddable":true,"href":"https:\/\/dicodusport.fr\/blog\/wp-json\/wp\/v2\/tags?post=371942"}],"curies":[{"name":"wp","href":"https:\/\/api.w.org\/{rel}","templated":true}]}}