{"id":372099,"date":"2023-04-05T22:56:43","date_gmt":"2023-04-05T20:56:43","guid":{"rendered":"https:\/\/dicodusport.fr\/blog\/?p=372099&#038;preview=true&#038;preview_id=372099"},"modified":"2023-04-05T23:07:45","modified_gmt":"2023-04-05T21:07:45","slug":"coupe-despagne-le-real-humilie-le-barca-et-se-qualifie-pour-la-finale","status":"publish","type":"post","link":"https:\/\/dicodusport.fr\/blog\/coupe-despagne-le-real-humilie-le-barca-et-se-qualifie-pour-la-finale\/","title":{"rendered":"Coupe d&rsquo;Espagne : Le Real humilie le Bar\u00e7a et se qualifie pour la finale"},"content":{"rendered":"<p style=\"text-align: justify;\" align=\"justify\"><em><strong>COUPE D&rsquo;ESPAGNE &#8211; Apr\u00e8s leur d\u00e9faite au match aller, les Madril\u00e8nes cr\u00e9ent la sensation et viennent s\u2019imposer 4-0 au Camp Nou. Auteur d\u2019une premi\u00e8re mi-temps s\u00e9rieuse, le Bar\u00e7a n\u2019a rien pu faire contre le Real et Benzema en seconde p\u00e9riode. Carlos Ancelotti et ses joueurs peuvent d\u00e9crocher un premier titre en 2023 en mai prochain, face \u00e0 Osasuna<\/strong><\/em><\/p>\n<p style=\"text-align: justify;\"><span style=\"font-weight: 400;\">Pour le <strong>Real Madrid<\/strong>, le calcul \u00e9tait simple ce soir, apr\u00e8s <a href=\"https:\/\/dicodusport.fr\/blog\/coupe-despagne-le-fc-barcelone-simpose-en-demi-finale-aller-face-au-real-madrid\/\">sa d\u00e9faite du match aller (0-1)<\/a>, il fallait gagner au Camp Nou. Amput\u00e9 d\u2019un grand nombre de ses cadres (De Jong, Pedri, Dembel\u00e9), Xavi esp\u00e9rait lui aller chercher une premi\u00e8re finale avec son Bar\u00e7a.\u00a0<\/span><\/p>\n<h2>Un petit tir et puis s\u2019en va<\/h2>\n<p style=\"text-align: justify;\"><span style=\"font-weight: 400;\">Le Real Madrid devait attaquer fort pour esp\u00e9rer remonter son retard du match aller, mais ce sont bien les hommes de Xavi qui sont le mieux entr\u00e9s dans ce match. Sur le corner cons\u00e9cutif au sauvetage de <\/span><b>Camavinga<\/b><span style=\"font-weight: 400;\"> sur un bon centre de <\/span><b>Gavi<\/b><span style=\"font-weight: 400;\">, c\u2019est <\/span><b>Alaba<\/b><span style=\"font-weight: 400;\"> qui venait contrer de la main un nouveau centre barcelonais. Pas de quoi d\u00e9signer le point de penalty pour Juan Martinez Munuera, l\u2019arbitre de la soir\u00e9e. Alors qu\u2019il ne s\u2019\u00e9tait pas pass\u00e9 grand-chose dans ce premier acte et que le Bar\u00e7a avait domin\u00e9 sans se montrer dangereux, c\u2019est <\/span><b>Vinicius<\/b><span style=\"font-weight: 400;\"> qui venait crucifier les <em>Blaugrana<\/em> en contre, apr\u00e8s une magnifique parade de <\/span><b>Courtois<\/b><span style=\"font-weight: 400;\"> de l\u2019autre c\u00f4t\u00e9 du terrain. Sans se montrer r\u00e9ellement dangereux, les hommes de Carlos Ancelotti avaient d\u00e9j\u00e0 refait leur retard \u00e0 la pause.\u00a0<\/span><\/p>\n<h2>Barcelone 0-3 Benzema<\/h2>\n<p style=\"text-align: justify;\"><span style=\"font-weight: 400;\">Alors que le premier but venait d\u00e9j\u00e0 de lui, c\u2019est l\u2019in\u00e9vitable <\/span><b>Karim Benzema<\/b><span style=\"font-weight: 400;\"> qui marquait un magnifique but, celui du break et de la qualification (provisoire) en finale. Quelques minutes plus tard, <\/span><b>Vinicius<\/b><span style=\"font-weight: 400;\"> provoquait une faute de <\/span><b>Kessi\u00e9<\/b><span style=\"font-weight: 400;\"> dans la surface. P\u00e9nalty transform\u00e9 par <\/span><b>Karim Benzema<\/b><span style=\"font-weight: 400;\">. On prend les m\u00eames et on recommence, Vinicius qui sert <strong>Benzema<\/strong>, ce dernier qui fixe ter Stegen et fait trembler les filets pour la troisi\u00e8me fois de la soir\u00e9e et la sixi\u00e8me fois en quatre jours. Alors que le Bar\u00e7a ma\u00eetrisait son match et pouvait se reposer sur son avantage conquis au match aller, tout a bascul\u00e9 en quelques minutes.\u00a0<\/span><\/p>\n<blockquote class=\"twitter-tweet\">\n<p dir=\"ltr\" lang=\"fr\">2-0 pour le Real Madrid ! Karim Benzema fait le break sur une magnifique frappe plac\u00e9e \u26bd\ufe0f<\/p>\n<p>Suivez le match en direct sur la cha\u00eene L&rsquo;\u00c9quipe : <a href=\"https:\/\/t.co\/HVE6rPoeAb\">https:\/\/t.co\/HVE6rPoeAb<\/a><a href=\"https:\/\/twitter.com\/hashtag\/lequipeFOOT?src=hash&amp;ref_src=twsrc%5Etfw\">#lequipeFOOT<\/a> <a href=\"https:\/\/twitter.com\/hashtag\/ElClasico?src=hash&amp;ref_src=twsrc%5Etfw\">#ElClasico<\/a> <a href=\"https:\/\/twitter.com\/hashtag\/FCBRMA?src=hash&amp;ref_src=twsrc%5Etfw\">#FCBRMA<\/a> <a href=\"https:\/\/t.co\/qNIqLf8MGE\">pic.twitter.com\/qNIqLf8MGE<\/a><\/p>\n<p>\u2014 la chaine L&rsquo;\u00c9quipe (@lachainelequipe) <a href=\"https:\/\/twitter.com\/lachainelequipe\/status\/1643708702141104129?ref_src=twsrc%5Etfw\">April 5, 2023<\/a><\/p><\/blockquote>\n<p><script async src=\"https:\/\/platform.twitter.com\/widgets.js\" charset=\"utf-8\"><\/script><\/p>\n<p style=\"text-align: justify;\">Le Real remporte tr\u00e8s nettement ce quatri\u00e8me et dernier Clasico de la saison. Les Madril\u00e8nes iront d\u00e9fier Osasuna le 6 mai prochain, pour remporter un 20\u00e8me titre en Coupe du Roi, le premier depuis 2014. Auteur d\u2019un excellent match, <strong>Karim Benzema<\/strong> a montr\u00e9 qu\u2019apr\u00e8s un d\u00e9but de saison poussif, on pouvait toujours compter sur lui, et ce m\u00eame avec ses 35 printemps. Xavi, lui, attendra pour son premier titre depuis le banc de Barcelone.<\/p>\n<blockquote class=\"twitter-tweet\">\n<p dir=\"ltr\" lang=\"fr\">\ud83c\udfc6 NOUS SOMMES EN FINALE DE LA <a href=\"https:\/\/twitter.com\/hashtag\/CopaDelRey?src=hash&amp;ref_src=twsrc%5Etfw\">#CopaDelRey<\/a> !<br \/>\n\ud83c\udfc1 FM: <a href=\"https:\/\/twitter.com\/fcbarcelona_fra?ref_src=twsrc%5Etfw\">@fcbarcelona_fra<\/a> 0-4 <a href=\"https:\/\/twitter.com\/realmadridfra?ref_src=twsrc%5Etfw\">@realmadridfra<\/a> (1-4)<br \/>\n\u26bd <a href=\"https:\/\/twitter.com\/vinijr?ref_src=twsrc%5Etfw\">@vinijr<\/a> 45&rsquo;+1&prime;, <a href=\"https:\/\/twitter.com\/Benzema?ref_src=twsrc%5Etfw\">@Benzema<\/a> 50&prime;, 58&prime; (p), 81&prime; <a href=\"https:\/\/twitter.com\/hashtag\/ElCl%C3%A1sico?src=hash&amp;ref_src=twsrc%5Etfw\">#ElCl\u00e1sico<\/a> | <a href=\"https:\/\/twitter.com\/hashtag\/Emirates?src=hash&amp;ref_src=twsrc%5Etfw\">#Emirates<\/a> <a href=\"https:\/\/t.co\/Y5XmTzb83C\">pic.twitter.com\/Y5XmTzb83C<\/a><\/p>\n<p>\u2014 Real Madrid C.F. \ud83c\uddeb\ud83c\uddf7 (@realmadridfra) <a href=\"https:\/\/twitter.com\/realmadridfra\/status\/1643720393264340997?ref_src=twsrc%5Etfw\">April 5, 2023<\/a><\/p><\/blockquote>\n<p><script async src=\"https:\/\/platform.twitter.com\/widgets.js\" charset=\"utf-8\"><\/script><\/p>\n","protected":false},"excerpt":{"rendered":"<p>COUPE D&rsquo;ESPAGNE &#8211; Apr\u00e8s leur d\u00e9faite au match aller, les Madril\u00e8nes cr\u00e9ent la sensation et viennent s\u2019imposer 4-0 au Camp Nou. Auteur d\u2019une premi\u00e8re mi-temps s\u00e9rieuse, le Bar\u00e7a n\u2019a rien pu faire contre le Real et Benzema en seconde p\u00e9riode. Carlos Ancelotti et ses joueurs peuvent d\u00e9crocher un premier titre en 2023 en mai prochain, face \u00e0 Osasuna.<\/p>\n","protected":false},"author":84,"featured_media":372150,"comment_status":"open","ping_status":"closed","sticky":false,"template":"","format":"standard","meta":{"_acf_changed":false,"_daextam_enable_autolinks":"","footnotes":""},"categories":[2301],"tags":[16878,2201,3690,4203,75,521],"class_list":["post-372099","post","type-post","status-publish","format-standard","has-post-thumbnail","hentry","category-football","tag-breve","tag-classico","tag-coupe-du-roi","tag-fc-barcelone","tag-football","tag-real-madrid"],"acf":[],"yoast_head":"<!-- This site is optimized with the Yoast SEO Premium plugin v26.7 (Yoast SEO v26.7) - https:\/\/yoast.com\/wordpress\/plugins\/seo\/ -->\n<title>Coupe d&#039;Espagne : Le Real humilie le Bar\u00e7a et se qualifie pour la finale<\/title>\n<meta name=\"description\" content=\"COUPE D&#039;ESPAGNE - Apr\u00e8s leur d\u00e9faite au match aller, les Madril\u00e8nes cr\u00e9ent la sensation et viennent s\u2019imposer 4-0 au Camp Nou.\" \/>\n<meta name=\"robots\" content=\"index, follow, max-snippet:-1, max-image-preview:large, max-video-preview:-1\" \/>\n<link rel=\"canonical\" href=\"https:\/\/dicodusport.fr\/blog\/coupe-despagne-le-real-humilie-le-barca-et-se-qualifie-pour-la-finale\/\" \/>\n<meta property=\"og:locale\" content=\"fr_FR\" \/>\n<meta property=\"og:type\" content=\"article\" \/>\n<meta property=\"og:title\" content=\"Coupe d&#039;Espagne : Le Real humilie le Bar\u00e7a et se qualifie pour la finale\" \/>\n<meta property=\"og:description\" content=\"COUPE D&#039;ESPAGNE - Apr\u00e8s leur d\u00e9faite au match aller, les Madril\u00e8nes cr\u00e9ent la sensation et viennent s\u2019imposer 4-0 au Camp Nou.\" \/>\n<meta property=\"og:url\" content=\"https:\/\/dicodusport.fr\/blog\/coupe-despagne-le-real-humilie-le-barca-et-se-qualifie-pour-la-finale\/\" \/>\n<meta property=\"og:site_name\" content=\"Dicodusport\" \/>\n<meta property=\"article:publisher\" content=\"https:\/\/www.facebook.com\/dicodusport\" \/>\n<meta property=\"article:published_time\" content=\"2023-04-05T20:56:43+00:00\" \/>\n<meta property=\"article:modified_time\" content=\"2023-04-05T21:07:45+00:00\" \/>\n<meta property=\"og:image\" content=\"https:\/\/dicodusport.fr\/blog\/wp-content\/uploads\/2023\/04\/Coupe-dEspagne-Le-Real-Madrid-humilie-le-Barca-et-se-qualifie-pour-la-finale.png\" \/>\n\t<meta property=\"og:image:width\" content=\"800\" \/>\n\t<meta property=\"og:image:height\" content=\"445\" \/>\n\t<meta property=\"og:image:type\" content=\"image\/png\" \/>\n<meta name=\"author\" content=\"Fran\u00e7ois Maleysson\" \/>\n<meta name=\"twitter:card\" content=\"summary_large_image\" \/>\n<meta name=\"twitter:title\" content=\"Coupe d&#039;Espagne : Le Real humilie le Bar\u00e7a et se qualifie pour la finale\" \/>\n<meta name=\"twitter:creator\" content=\"@dicodusport\" \/>\n<meta name=\"twitter:site\" content=\"@dicodusport\" \/>\n<script type=\"application\/ld+json\" class=\"yoast-schema-graph\">{\"@context\":\"https:\/\/schema.org\",\"@graph\":[{\"@type\":\"NewsArticle\",\"@id\":\"https:\/\/dicodusport.fr\/blog\/coupe-despagne-le-real-humilie-le-barca-et-se-qualifie-pour-la-finale\/#article\",\"isPartOf\":{\"@id\":\"https:\/\/dicodusport.fr\/blog\/coupe-despagne-le-real-humilie-le-barca-et-se-qualifie-pour-la-finale\/\"},\"author\":{\"name\":\"Fran\u00e7ois Maleysson\",\"@id\":\"https:\/\/dicodusport.fr\/blog\/#\/schema\/person\/f017c7852e05781811b96a8ea1e12a9b\"},\"headline\":\"Coupe d&rsquo;Espagne : Le Real humilie le Bar\u00e7a et se qualifie pour la finale\",\"datePublished\":\"2023-04-05T20:56:43+00:00\",\"dateModified\":\"2023-04-05T21:07:45+00:00\",\"mainEntityOfPage\":{\"@id\":\"https:\/\/dicodusport.fr\/blog\/coupe-despagne-le-real-humilie-le-barca-et-se-qualifie-pour-la-finale\/\"},\"wordCount\":566,\"commentCount\":0,\"publisher\":{\"@id\":\"https:\/\/dicodusport.fr\/blog\/#organization\"},\"image\":{\"@id\":\"https:\/\/dicodusport.fr\/blog\/coupe-despagne-le-real-humilie-le-barca-et-se-qualifie-pour-la-finale\/#primaryimage\"},\"thumbnailUrl\":\"https:\/\/dicodusport.fr\/blog\/wp-content\/uploads\/2023\/04\/Coupe-dEspagne-Le-Real-Madrid-humilie-le-Barca-et-se-qualifie-pour-la-finale.png\",\"keywords\":[\"br\u00e8ve\",\"Classico\",\"Coupe du Roi\",\"FC Barcelone\",\"Football\",\"Real Madrid\"],\"articleSection\":[\"Football\"],\"inLanguage\":\"fr-FR\",\"potentialAction\":[{\"@type\":\"CommentAction\",\"name\":\"Comment\",\"target\":[\"https:\/\/dicodusport.fr\/blog\/coupe-despagne-le-real-humilie-le-barca-et-se-qualifie-pour-la-finale\/#respond\"]}],\"copyrightYear\":\"2023\",\"copyrightHolder\":{\"@id\":\"https:\/\/dicodusport.fr\/blog\/#organization\"}},{\"@type\":\"WebPage\",\"@id\":\"https:\/\/dicodusport.fr\/blog\/coupe-despagne-le-real-humilie-le-barca-et-se-qualifie-pour-la-finale\/\",\"url\":\"https:\/\/dicodusport.fr\/blog\/coupe-despagne-le-real-humilie-le-barca-et-se-qualifie-pour-la-finale\/\",\"name\":\"Coupe d'Espagne : Le Real humilie le Bar\u00e7a et se qualifie pour la finale\",\"isPartOf\":{\"@id\":\"https:\/\/dicodusport.fr\/blog\/#website\"},\"primaryImageOfPage\":{\"@id\":\"https:\/\/dicodusport.fr\/blog\/coupe-despagne-le-real-humilie-le-barca-et-se-qualifie-pour-la-finale\/#primaryimage\"},\"image\":{\"@id\":\"https:\/\/dicodusport.fr\/blog\/coupe-despagne-le-real-humilie-le-barca-et-se-qualifie-pour-la-finale\/#primaryimage\"},\"thumbnailUrl\":\"https:\/\/dicodusport.fr\/blog\/wp-content\/uploads\/2023\/04\/Coupe-dEspagne-Le-Real-Madrid-humilie-le-Barca-et-se-qualifie-pour-la-finale.png\",\"datePublished\":\"2023-04-05T20:56:43+00:00\",\"dateModified\":\"2023-04-05T21:07:45+00:00\",\"description\":\"COUPE D'ESPAGNE - Apr\u00e8s leur d\u00e9faite au match aller, les Madril\u00e8nes cr\u00e9ent la sensation et viennent s\u2019imposer 4-0 au Camp Nou.\",\"breadcrumb\":{\"@id\":\"https:\/\/dicodusport.fr\/blog\/coupe-despagne-le-real-humilie-le-barca-et-se-qualifie-pour-la-finale\/#breadcrumb\"},\"inLanguage\":\"fr-FR\",\"potentialAction\":[{\"@type\":\"ReadAction\",\"target\":[\"https:\/\/dicodusport.fr\/blog\/coupe-despagne-le-real-humilie-le-barca-et-se-qualifie-pour-la-finale\/\"]}]},{\"@type\":\"ImageObject\",\"inLanguage\":\"fr-FR\",\"@id\":\"https:\/\/dicodusport.fr\/blog\/coupe-despagne-le-real-humilie-le-barca-et-se-qualifie-pour-la-finale\/#primaryimage\",\"url\":\"https:\/\/dicodusport.fr\/blog\/wp-content\/uploads\/2023\/04\/Coupe-dEspagne-Le-Real-Madrid-humilie-le-Barca-et-se-qualifie-pour-la-finale.png\",\"contentUrl\":\"https:\/\/dicodusport.fr\/blog\/wp-content\/uploads\/2023\/04\/Coupe-dEspagne-Le-Real-Madrid-humilie-le-Barca-et-se-qualifie-pour-la-finale.png\",\"width\":800,\"height\":445,\"caption\":\"Coupe d\u2019Espagne Le Real Madrid humilie le Bar\u00e7a et se qualifie pour la finale\"},{\"@type\":\"BreadcrumbList\",\"@id\":\"https:\/\/dicodusport.fr\/blog\/coupe-despagne-le-real-humilie-le-barca-et-se-qualifie-pour-la-finale\/#breadcrumb\",\"itemListElement\":[{\"@type\":\"ListItem\",\"position\":1,\"name\":\"Accueil\",\"item\":\"https:\/\/dicodusport.fr\/blog\/\"},{\"@type\":\"ListItem\",\"position\":2,\"name\":\"Coupe d&rsquo;Espagne : Le Real humilie le Bar\u00e7a et se qualifie pour la finale\"}]},{\"@type\":\"WebSite\",\"@id\":\"https:\/\/dicodusport.fr\/blog\/#website\",\"url\":\"https:\/\/dicodusport.fr\/blog\/\",\"name\":\"Dicodusport\",\"description\":\"L&#039;encyclop\u00e9die de l&#039;actualit\u00e9 sportive\",\"publisher\":{\"@id\":\"https:\/\/dicodusport.fr\/blog\/#organization\"},\"potentialAction\":[{\"@type\":\"SearchAction\",\"target\":{\"@type\":\"EntryPoint\",\"urlTemplate\":\"https:\/\/dicodusport.fr\/blog\/?s={search_term_string}\"},\"query-input\":{\"@type\":\"PropertyValueSpecification\",\"valueRequired\":true,\"valueName\":\"search_term_string\"}}],\"inLanguage\":\"fr-FR\"},{\"@type\":\"NewsMediaOrganization\",\"@id\":\"https:\/\/dicodusport.fr\/blog\/#organization\",\"name\":\"Dicodusport\",\"url\":\"https:\/\/dicodusport.fr\/blog\/\",\"logo\":{\"@type\":\"ImageObject\",\"inLanguage\":\"fr-FR\",\"@id\":\"https:\/\/dicodusport.fr\/blog\/#\/schema\/logo\/image\/\",\"url\":\"https:\/\/dicodusport.fr\/blog\/wp-content\/uploads\/2020\/06\/cropped-LOGO-DICODUSPORT-2020-SANS-FOND-SANS-TEXTE.png\",\"contentUrl\":\"https:\/\/dicodusport.fr\/blog\/wp-content\/uploads\/2020\/06\/cropped-LOGO-DICODUSPORT-2020-SANS-FOND-SANS-TEXTE.png\",\"width\":512,\"height\":512,\"caption\":\"Dicodusport\"},\"image\":{\"@id\":\"https:\/\/dicodusport.fr\/blog\/#\/schema\/logo\/image\/\"},\"sameAs\":[\"https:\/\/www.facebook.com\/dicodusport\",\"https:\/\/x.com\/dicodusport\",\"https:\/\/www.instagram.com\/dicodusport\/\",\"https:\/\/www.youtube.com\/channel\/UC7V2KZ5sd3htJivAbA4ZG3w\"],\"description\":\"Dicodusport est l'encyclop\u00e9die de l'actualit\u00e9 sportive.\",\"email\":\"bonjour@dicodusport.fr\",\"legalName\":\"DICODUSPORT\",\"foundingDate\":\"2018-01-14\",\"vatID\":\"FR71834470973\",\"taxID\":\"83447097300043\",\"numberOfEmployees\":{\"@type\":\"QuantitativeValue\",\"minValue\":\"1\",\"maxValue\":\"10\"}},{\"@type\":\"Person\",\"@id\":\"https:\/\/dicodusport.fr\/blog\/#\/schema\/person\/f017c7852e05781811b96a8ea1e12a9b\",\"name\":\"Fran\u00e7ois Maleysson\",\"image\":{\"@type\":\"ImageObject\",\"inLanguage\":\"fr-FR\",\"@id\":\"https:\/\/dicodusport.fr\/blog\/#\/schema\/person\/image\/\",\"url\":\"https:\/\/dicodusport.fr\/blog\/wp-content\/uploads\/2020\/06\/cropped-LOGO-DICODUSPORT-2020-SANS-FOND-SANS-TEXTE-150x150.png\",\"contentUrl\":\"https:\/\/dicodusport.fr\/blog\/wp-content\/uploads\/2020\/06\/cropped-LOGO-DICODUSPORT-2020-SANS-FOND-SANS-TEXTE-150x150.png\",\"caption\":\"Fran\u00e7ois Maleysson\"},\"url\":\"https:\/\/dicodusport.fr\/blog\/author\/francois-maleysson\/\"}]}<\/script>\n<!-- \/ Yoast SEO Premium plugin. -->","yoast_head_json":{"title":"Coupe d'Espagne : Le Real humilie le Bar\u00e7a et se qualifie pour la finale","description":"COUPE D'ESPAGNE - Apr\u00e8s leur d\u00e9faite au match aller, les Madril\u00e8nes cr\u00e9ent la sensation et viennent s\u2019imposer 4-0 au Camp Nou.","robots":{"index":"index","follow":"follow","max-snippet":"max-snippet:-1","max-image-preview":"max-image-preview:large","max-video-preview":"max-video-preview:-1"},"canonical":"https:\/\/dicodusport.fr\/blog\/coupe-despagne-le-real-humilie-le-barca-et-se-qualifie-pour-la-finale\/","og_locale":"fr_FR","og_type":"article","og_title":"Coupe d'Espagne : Le Real humilie le Bar\u00e7a et se qualifie pour la finale","og_description":"COUPE D'ESPAGNE - Apr\u00e8s leur d\u00e9faite au match aller, les Madril\u00e8nes cr\u00e9ent la sensation et viennent s\u2019imposer 4-0 au Camp Nou.","og_url":"https:\/\/dicodusport.fr\/blog\/coupe-despagne-le-real-humilie-le-barca-et-se-qualifie-pour-la-finale\/","og_site_name":"Dicodusport","article_publisher":"https:\/\/www.facebook.com\/dicodusport","article_published_time":"2023-04-05T20:56:43+00:00","article_modified_time":"2023-04-05T21:07:45+00:00","og_image":[{"width":800,"height":445,"url":"https:\/\/dicodusport.fr\/blog\/wp-content\/uploads\/2023\/04\/Coupe-dEspagne-Le-Real-Madrid-humilie-le-Barca-et-se-qualifie-pour-la-finale.png","type":"image\/png"}],"author":"Fran\u00e7ois Maleysson","twitter_card":"summary_large_image","twitter_title":"Coupe d'Espagne : Le Real humilie le Bar\u00e7a et se qualifie pour la finale","twitter_creator":"@dicodusport","twitter_site":"@dicodusport","schema":{"@context":"https:\/\/schema.org","@graph":[{"@type":"NewsArticle","@id":"https:\/\/dicodusport.fr\/blog\/coupe-despagne-le-real-humilie-le-barca-et-se-qualifie-pour-la-finale\/#article","isPartOf":{"@id":"https:\/\/dicodusport.fr\/blog\/coupe-despagne-le-real-humilie-le-barca-et-se-qualifie-pour-la-finale\/"},"author":{"name":"Fran\u00e7ois Maleysson","@id":"https:\/\/dicodusport.fr\/blog\/#\/schema\/person\/f017c7852e05781811b96a8ea1e12a9b"},"headline":"Coupe d&rsquo;Espagne : Le Real humilie le Bar\u00e7a et se qualifie pour la finale","datePublished":"2023-04-05T20:56:43+00:00","dateModified":"2023-04-05T21:07:45+00:00","mainEntityOfPage":{"@id":"https:\/\/dicodusport.fr\/blog\/coupe-despagne-le-real-humilie-le-barca-et-se-qualifie-pour-la-finale\/"},"wordCount":566,"commentCount":0,"publisher":{"@id":"https:\/\/dicodusport.fr\/blog\/#organization"},"image":{"@id":"https:\/\/dicodusport.fr\/blog\/coupe-despagne-le-real-humilie-le-barca-et-se-qualifie-pour-la-finale\/#primaryimage"},"thumbnailUrl":"https:\/\/dicodusport.fr\/blog\/wp-content\/uploads\/2023\/04\/Coupe-dEspagne-Le-Real-Madrid-humilie-le-Barca-et-se-qualifie-pour-la-finale.png","keywords":["br\u00e8ve","Classico","Coupe du Roi","FC Barcelone","Football","Real Madrid"],"articleSection":["Football"],"inLanguage":"fr-FR","potentialAction":[{"@type":"CommentAction","name":"Comment","target":["https:\/\/dicodusport.fr\/blog\/coupe-despagne-le-real-humilie-le-barca-et-se-qualifie-pour-la-finale\/#respond"]}],"copyrightYear":"2023","copyrightHolder":{"@id":"https:\/\/dicodusport.fr\/blog\/#organization"}},{"@type":"WebPage","@id":"https:\/\/dicodusport.fr\/blog\/coupe-despagne-le-real-humilie-le-barca-et-se-qualifie-pour-la-finale\/","url":"https:\/\/dicodusport.fr\/blog\/coupe-despagne-le-real-humilie-le-barca-et-se-qualifie-pour-la-finale\/","name":"Coupe d'Espagne : Le Real humilie le Bar\u00e7a et se qualifie pour la finale","isPartOf":{"@id":"https:\/\/dicodusport.fr\/blog\/#website"},"primaryImageOfPage":{"@id":"https:\/\/dicodusport.fr\/blog\/coupe-despagne-le-real-humilie-le-barca-et-se-qualifie-pour-la-finale\/#primaryimage"},"image":{"@id":"https:\/\/dicodusport.fr\/blog\/coupe-despagne-le-real-humilie-le-barca-et-se-qualifie-pour-la-finale\/#primaryimage"},"thumbnailUrl":"https:\/\/dicodusport.fr\/blog\/wp-content\/uploads\/2023\/04\/Coupe-dEspagne-Le-Real-Madrid-humilie-le-Barca-et-se-qualifie-pour-la-finale.png","datePublished":"2023-04-05T20:56:43+00:00","dateModified":"2023-04-05T21:07:45+00:00","description":"COUPE D'ESPAGNE - Apr\u00e8s leur d\u00e9faite au match aller, les Madril\u00e8nes cr\u00e9ent la sensation et viennent s\u2019imposer 4-0 au Camp Nou.","breadcrumb":{"@id":"https:\/\/dicodusport.fr\/blog\/coupe-despagne-le-real-humilie-le-barca-et-se-qualifie-pour-la-finale\/#breadcrumb"},"inLanguage":"fr-FR","potentialAction":[{"@type":"ReadAction","target":["https:\/\/dicodusport.fr\/blog\/coupe-despagne-le-real-humilie-le-barca-et-se-qualifie-pour-la-finale\/"]}]},{"@type":"ImageObject","inLanguage":"fr-FR","@id":"https:\/\/dicodusport.fr\/blog\/coupe-despagne-le-real-humilie-le-barca-et-se-qualifie-pour-la-finale\/#primaryimage","url":"https:\/\/dicodusport.fr\/blog\/wp-content\/uploads\/2023\/04\/Coupe-dEspagne-Le-Real-Madrid-humilie-le-Barca-et-se-qualifie-pour-la-finale.png","contentUrl":"https:\/\/dicodusport.fr\/blog\/wp-content\/uploads\/2023\/04\/Coupe-dEspagne-Le-Real-Madrid-humilie-le-Barca-et-se-qualifie-pour-la-finale.png","width":800,"height":445,"caption":"Coupe d\u2019Espagne Le Real Madrid humilie le Bar\u00e7a et se qualifie pour la finale"},{"@type":"BreadcrumbList","@id":"https:\/\/dicodusport.fr\/blog\/coupe-despagne-le-real-humilie-le-barca-et-se-qualifie-pour-la-finale\/#breadcrumb","itemListElement":[{"@type":"ListItem","position":1,"name":"Accueil","item":"https:\/\/dicodusport.fr\/blog\/"},{"@type":"ListItem","position":2,"name":"Coupe d&rsquo;Espagne : Le Real humilie le Bar\u00e7a et se qualifie pour la finale"}]},{"@type":"WebSite","@id":"https:\/\/dicodusport.fr\/blog\/#website","url":"https:\/\/dicodusport.fr\/blog\/","name":"Dicodusport","description":"L&#039;encyclop\u00e9die de l&#039;actualit\u00e9 sportive","publisher":{"@id":"https:\/\/dicodusport.fr\/blog\/#organization"},"potentialAction":[{"@type":"SearchAction","target":{"@type":"EntryPoint","urlTemplate":"https:\/\/dicodusport.fr\/blog\/?s={search_term_string}"},"query-input":{"@type":"PropertyValueSpecification","valueRequired":true,"valueName":"search_term_string"}}],"inLanguage":"fr-FR"},{"@type":"NewsMediaOrganization","@id":"https:\/\/dicodusport.fr\/blog\/#organization","name":"Dicodusport","url":"https:\/\/dicodusport.fr\/blog\/","logo":{"@type":"ImageObject","inLanguage":"fr-FR","@id":"https:\/\/dicodusport.fr\/blog\/#\/schema\/logo\/image\/","url":"https:\/\/dicodusport.fr\/blog\/wp-content\/uploads\/2020\/06\/cropped-LOGO-DICODUSPORT-2020-SANS-FOND-SANS-TEXTE.png","contentUrl":"https:\/\/dicodusport.fr\/blog\/wp-content\/uploads\/2020\/06\/cropped-LOGO-DICODUSPORT-2020-SANS-FOND-SANS-TEXTE.png","width":512,"height":512,"caption":"Dicodusport"},"image":{"@id":"https:\/\/dicodusport.fr\/blog\/#\/schema\/logo\/image\/"},"sameAs":["https:\/\/www.facebook.com\/dicodusport","https:\/\/x.com\/dicodusport","https:\/\/www.instagram.com\/dicodusport\/","https:\/\/www.youtube.com\/channel\/UC7V2KZ5sd3htJivAbA4ZG3w"],"description":"Dicodusport est l'encyclop\u00e9die de l'actualit\u00e9 sportive.","email":"bonjour@dicodusport.fr","legalName":"DICODUSPORT","foundingDate":"2018-01-14","vatID":"FR71834470973","taxID":"83447097300043","numberOfEmployees":{"@type":"QuantitativeValue","minValue":"1","maxValue":"10"}},{"@type":"Person","@id":"https:\/\/dicodusport.fr\/blog\/#\/schema\/person\/f017c7852e05781811b96a8ea1e12a9b","name":"Fran\u00e7ois Maleysson","image":{"@type":"ImageObject","inLanguage":"fr-FR","@id":"https:\/\/dicodusport.fr\/blog\/#\/schema\/person\/image\/","url":"https:\/\/dicodusport.fr\/blog\/wp-content\/uploads\/2020\/06\/cropped-LOGO-DICODUSPORT-2020-SANS-FOND-SANS-TEXTE-150x150.png","contentUrl":"https:\/\/dicodusport.fr\/blog\/wp-content\/uploads\/2020\/06\/cropped-LOGO-DICODUSPORT-2020-SANS-FOND-SANS-TEXTE-150x150.png","caption":"Fran\u00e7ois Maleysson"},"url":"https:\/\/dicodusport.fr\/blog\/author\/francois-maleysson\/"}]}},"_links":{"self":[{"href":"https:\/\/dicodusport.fr\/blog\/wp-json\/wp\/v2\/posts\/372099","targetHints":{"allow":["GET"]}}],"collection":[{"href":"https:\/\/dicodusport.fr\/blog\/wp-json\/wp\/v2\/posts"}],"about":[{"href":"https:\/\/dicodusport.fr\/blog\/wp-json\/wp\/v2\/types\/post"}],"author":[{"embeddable":true,"href":"https:\/\/dicodusport.fr\/blog\/wp-json\/wp\/v2\/users\/84"}],"replies":[{"embeddable":true,"href":"https:\/\/dicodusport.fr\/blog\/wp-json\/wp\/v2\/comments?post=372099"}],"version-history":[{"count":0,"href":"https:\/\/dicodusport.fr\/blog\/wp-json\/wp\/v2\/posts\/372099\/revisions"}],"wp:featuredmedia":[{"embeddable":true,"href":"https:\/\/dicodusport.fr\/blog\/wp-json\/wp\/v2\/media\/372150"}],"wp:attachment":[{"href":"https:\/\/dicodusport.fr\/blog\/wp-json\/wp\/v2\/media?parent=372099"}],"wp:term":[{"taxonomy":"category","embeddable":true,"href":"https:\/\/dicodusport.fr\/blog\/wp-json\/wp\/v2\/categories?post=372099"},{"taxonomy":"post_tag","embeddable":true,"href":"https:\/\/dicodusport.fr\/blog\/wp-json\/wp\/v2\/tags?post=372099"}],"curies":[{"name":"wp","href":"https:\/\/api.w.org\/{rel}","templated":true}]}}