{"id":37231,"date":"2019-04-15T18:50:42","date_gmt":"2019-04-15T16:50:42","guid":{"rendered":"http:\/\/dicodusport.fr\/blog\/?p=37231"},"modified":"2025-11-20T18:08:37","modified_gmt":"2025-11-20T17:08:37","slug":"video-gymnastique-revivez-les-championnats-deurope-de-melanie-de-jesus-dos-santos","status":"publish","type":"post","link":"https:\/\/dicodusport.fr\/blog\/video-gymnastique-revivez-les-championnats-deurope-de-melanie-de-jesus-dos-santos\/","title":{"rendered":"Vid\u00e9o &#8211; Gymnastique : revivez les championnats d&rsquo;Europe de M\u00e9lanie De Jesus Dos Santos"},"content":{"rendered":"<p style=\"text-align: justify;\"><strong><em>Championne d&rsquo;Europe du<a href=\"https:\/\/dicodusport.fr\/blog\/melanie-de-jesus-dos-santos-sur-le-toit-de-europe\/\" target=\"_blank\" rel=\"noopener\"> concours g\u00e9n\u00e9ral<\/a> et <a href=\"https:\/\/dicodusport.fr\/blog\/melanie-de-jesus-dos-santos-sacree-championne-d-europe-au-sol\/\" target=\"_blank\" rel=\"noopener\">au sol<\/a> ce week-end mais aussi m\u00e9daill\u00e9e d&rsquo;argent \u00e0 la poutre, M\u00e9lanie De Jesus Dos Santos est votre femme du week-end. Revivez ses exploits en vid\u00e9o.<\/em><\/strong><\/p>\n<p><span class=\"BD\"><\/p>\n<blockquote class=\"twitter-tweet\" data-width=\"550\" data-dnt=\"true\">\n<p lang=\"fr\" dir=\"ltr\"><a href=\"https:\/\/twitter.com\/hashtag\/Gymnastique?src=hash&amp;ref_src=twsrc%5Etfw\">#Gymnastique<\/a> Moisson de m\u00e9dailles pour M\u00e9lanie De Jesus Dos Santos ! <a href=\"https:\/\/twitter.com\/hashtag\/ECSzczecin2019?src=hash&amp;ref_src=twsrc%5Etfw\">#ECSzczecin2019<\/a> <a href=\"https:\/\/t.co\/iPF8JhdvDF\">pic.twitter.com\/iPF8JhdvDF<\/a><\/p>\n<p>&mdash; Tout Le Sport (@toutlesport) <a href=\"https:\/\/twitter.com\/toutlesport\/status\/1117509393195704321?ref_src=twsrc%5Etfw\">April 14, 2019<\/a><\/p><\/blockquote>\n<p><script async src=\"https:\/\/platform.twitter.com\/widgets.js\" charset=\"utf-8\"><\/script><\/span><\/p>\n<p><strong><em>Dicodusport<br \/>\n<a href=\"https:\/\/www.facebook.com\/dicodusport\/\" target=\"_blank\" rel=\"noopener\"><img loading=\"lazy\" decoding=\"async\" class=\"alignnone wp-image-2909\" src=\"http:\/\/dicodusport.fr\/blog\/wp-content\/uploads\/2017\/07\/logo-facebook-150x150.png\" alt=\"\" width=\"40\" height=\"40\" \/><\/a><a href=\"https:\/\/twitter.com\/dicodusport\" target=\"_blank\" rel=\"noopener\"><img loading=\"lazy\" decoding=\"async\" class=\"alignnone wp-image-2908\" src=\"http:\/\/dicodusport.fr\/blog\/wp-content\/uploads\/2017\/07\/logo-twitter-150x150.png\" alt=\"\" width=\"39\" height=\"39\" \/><\/a><\/em><\/strong><\/p>\n","protected":false},"excerpt":{"rendered":"<p>Championne d&rsquo;Europe du concours g\u00e9n\u00e9ral et au sol ce week-end, M\u00e9lanie De Jesus Dos Santos est votre femme du week-end. Revivez ses exploits en vid\u00e9o.<\/p>\n","protected":false},"author":4,"featured_media":37090,"comment_status":"open","ping_status":"closed","sticky":false,"template":"","format":"standard","meta":{"_acf_changed":false,"_daextam_enable_autolinks":"","footnotes":""},"categories":[10429],"tags":[4799,391,5696],"class_list":["post-37231","post","type-post","status-publish","format-standard","has-post-thumbnail","hentry","category-gymnastique","tag-championnats-deurope","tag-gymnastique","tag-melanie-de-jesus-dos-santos"],"acf":[],"yoast_head":"<!-- This site is optimized with the Yoast SEO Premium plugin v26.7 (Yoast SEO v26.7) - https:\/\/yoast.com\/wordpress\/plugins\/seo\/ -->\n<title>Vid\u00e9o - Gymnastique : revivez les championnats d&#039;Europe de M\u00e9lanie De Jesus Dos Santos<\/title>\n<meta name=\"description\" content=\"Championne d&#039;Europe du concours g\u00e9n\u00e9ral et au sol ce week-end, M\u00e9lanie De Jesus Dos Santos est votre femme du week-end. Revivez ses exploits en vid\u00e9o.\" \/>\n<meta name=\"robots\" content=\"index, follow, max-snippet:-1, max-image-preview:large, max-video-preview:-1\" \/>\n<link rel=\"canonical\" href=\"https:\/\/dicodusport.fr\/blog\/video-gymnastique-revivez-les-championnats-deurope-de-melanie-de-jesus-dos-santos\/\" \/>\n<meta property=\"og:locale\" content=\"fr_FR\" \/>\n<meta property=\"og:type\" content=\"article\" \/>\n<meta property=\"og:title\" content=\"Vid\u00e9o - Gymnastique : revivez les championnats d&#039;Europe de M\u00e9lanie De Jesus Dos Santos\" \/>\n<meta property=\"og:description\" content=\"Championne d&#039;Europe du concours g\u00e9n\u00e9ral et au sol ce week-end, M\u00e9lanie De Jesus Dos Santos est votre femme du week-end. Revivez ses exploits en vid\u00e9o.\" \/>\n<meta property=\"og:url\" content=\"https:\/\/dicodusport.fr\/blog\/video-gymnastique-revivez-les-championnats-deurope-de-melanie-de-jesus-dos-santos\/\" \/>\n<meta property=\"og:site_name\" content=\"Dicodusport\" \/>\n<meta property=\"article:publisher\" content=\"https:\/\/www.facebook.com\/dicodusport\" \/>\n<meta property=\"article:author\" content=\"https:\/\/www.facebook.com\/florent.ostermann\" \/>\n<meta property=\"article:published_time\" content=\"2019-04-15T16:50:42+00:00\" \/>\n<meta property=\"article:modified_time\" content=\"2025-11-20T17:08:37+00:00\" \/>\n<meta property=\"og:image\" content=\"https:\/\/dicodusport.fr\/blog\/wp-content\/uploads\/2019\/04\/M\u00e9lanie-De-Jesus-Dos-Santos-Or-Championnats-dEurope.png\" \/>\n\t<meta property=\"og:image:width\" content=\"800\" \/>\n\t<meta property=\"og:image:height\" content=\"445\" \/>\n\t<meta property=\"og:image:type\" content=\"image\/png\" \/>\n<meta name=\"author\" content=\"Flo Ostermann\" \/>\n<meta name=\"twitter:card\" content=\"summary_large_image\" \/>\n<meta name=\"twitter:creator\" content=\"@https:\/\/twitter.com\/FlOstermann\" \/>\n<meta name=\"twitter:site\" content=\"@dicodusport\" \/>\n<script type=\"application\/ld+json\" class=\"yoast-schema-graph\">{\"@context\":\"https:\/\/schema.org\",\"@graph\":[{\"@type\":\"NewsArticle\",\"@id\":\"https:\/\/dicodusport.fr\/blog\/video-gymnastique-revivez-les-championnats-deurope-de-melanie-de-jesus-dos-santos\/#article\",\"isPartOf\":{\"@id\":\"https:\/\/dicodusport.fr\/blog\/video-gymnastique-revivez-les-championnats-deurope-de-melanie-de-jesus-dos-santos\/\"},\"author\":{\"name\":\"Flo Ostermann\",\"@id\":\"https:\/\/dicodusport.fr\/blog\/#\/schema\/person\/cb02af4c173ce4a653b55e9baf388d4a\"},\"headline\":\"Vid\u00e9o &#8211; Gymnastique : revivez les championnats d&rsquo;Europe de M\u00e9lanie De Jesus Dos Santos\",\"datePublished\":\"2019-04-15T16:50:42+00:00\",\"dateModified\":\"2025-11-20T17:08:37+00:00\",\"mainEntityOfPage\":{\"@id\":\"https:\/\/dicodusport.fr\/blog\/video-gymnastique-revivez-les-championnats-deurope-de-melanie-de-jesus-dos-santos\/\"},\"wordCount\":61,\"commentCount\":0,\"publisher\":{\"@id\":\"https:\/\/dicodusport.fr\/blog\/#organization\"},\"image\":{\"@id\":\"https:\/\/dicodusport.fr\/blog\/video-gymnastique-revivez-les-championnats-deurope-de-melanie-de-jesus-dos-santos\/#primaryimage\"},\"thumbnailUrl\":\"https:\/\/dicodusport.fr\/blog\/wp-content\/uploads\/2019\/04\/M\u00e9lanie-De-Jesus-Dos-Santos-Or-Championnats-dEurope.png\",\"keywords\":[\"Championnats d'Europe\",\"gymnastique\",\"M\u00e9lanie De Jesus Dos Santos\"],\"articleSection\":[\"Gymnastique\"],\"inLanguage\":\"fr-FR\",\"potentialAction\":[{\"@type\":\"CommentAction\",\"name\":\"Comment\",\"target\":[\"https:\/\/dicodusport.fr\/blog\/video-gymnastique-revivez-les-championnats-deurope-de-melanie-de-jesus-dos-santos\/#respond\"]}],\"copyrightYear\":\"2019\",\"copyrightHolder\":{\"@id\":\"https:\/\/dicodusport.fr\/blog\/#organization\"}},{\"@type\":\"WebPage\",\"@id\":\"https:\/\/dicodusport.fr\/blog\/video-gymnastique-revivez-les-championnats-deurope-de-melanie-de-jesus-dos-santos\/\",\"url\":\"https:\/\/dicodusport.fr\/blog\/video-gymnastique-revivez-les-championnats-deurope-de-melanie-de-jesus-dos-santos\/\",\"name\":\"Vid\u00e9o - Gymnastique : revivez les championnats d'Europe de M\u00e9lanie De Jesus Dos Santos\",\"isPartOf\":{\"@id\":\"https:\/\/dicodusport.fr\/blog\/#website\"},\"primaryImageOfPage\":{\"@id\":\"https:\/\/dicodusport.fr\/blog\/video-gymnastique-revivez-les-championnats-deurope-de-melanie-de-jesus-dos-santos\/#primaryimage\"},\"image\":{\"@id\":\"https:\/\/dicodusport.fr\/blog\/video-gymnastique-revivez-les-championnats-deurope-de-melanie-de-jesus-dos-santos\/#primaryimage\"},\"thumbnailUrl\":\"https:\/\/dicodusport.fr\/blog\/wp-content\/uploads\/2019\/04\/M\u00e9lanie-De-Jesus-Dos-Santos-Or-Championnats-dEurope.png\",\"datePublished\":\"2019-04-15T16:50:42+00:00\",\"dateModified\":\"2025-11-20T17:08:37+00:00\",\"description\":\"Championne d'Europe du concours g\u00e9n\u00e9ral et au sol ce week-end, M\u00e9lanie De Jesus Dos Santos est votre femme du week-end. Revivez ses exploits en vid\u00e9o.\",\"breadcrumb\":{\"@id\":\"https:\/\/dicodusport.fr\/blog\/video-gymnastique-revivez-les-championnats-deurope-de-melanie-de-jesus-dos-santos\/#breadcrumb\"},\"inLanguage\":\"fr-FR\",\"potentialAction\":[{\"@type\":\"ReadAction\",\"target\":[\"https:\/\/dicodusport.fr\/blog\/video-gymnastique-revivez-les-championnats-deurope-de-melanie-de-jesus-dos-santos\/\"]}]},{\"@type\":\"ImageObject\",\"inLanguage\":\"fr-FR\",\"@id\":\"https:\/\/dicodusport.fr\/blog\/video-gymnastique-revivez-les-championnats-deurope-de-melanie-de-jesus-dos-santos\/#primaryimage\",\"url\":\"https:\/\/dicodusport.fr\/blog\/wp-content\/uploads\/2019\/04\/M\u00e9lanie-De-Jesus-Dos-Santos-Or-Championnats-dEurope.png\",\"contentUrl\":\"https:\/\/dicodusport.fr\/blog\/wp-content\/uploads\/2019\/04\/M\u00e9lanie-De-Jesus-Dos-Santos-Or-Championnats-dEurope.png\",\"width\":800,\"height\":445},{\"@type\":\"BreadcrumbList\",\"@id\":\"https:\/\/dicodusport.fr\/blog\/video-gymnastique-revivez-les-championnats-deurope-de-melanie-de-jesus-dos-santos\/#breadcrumb\",\"itemListElement\":[{\"@type\":\"ListItem\",\"position\":1,\"name\":\"Accueil\",\"item\":\"https:\/\/dicodusport.fr\/blog\/\"},{\"@type\":\"ListItem\",\"position\":2,\"name\":\"Vid\u00e9o &#8211; Gymnastique : revivez les championnats d&rsquo;Europe de M\u00e9lanie De Jesus Dos Santos\"}]},{\"@type\":\"WebSite\",\"@id\":\"https:\/\/dicodusport.fr\/blog\/#website\",\"url\":\"https:\/\/dicodusport.fr\/blog\/\",\"name\":\"Dicodusport\",\"description\":\"L&#039;encyclop\u00e9die de l&#039;actualit\u00e9 sportive\",\"publisher\":{\"@id\":\"https:\/\/dicodusport.fr\/blog\/#organization\"},\"potentialAction\":[{\"@type\":\"SearchAction\",\"target\":{\"@type\":\"EntryPoint\",\"urlTemplate\":\"https:\/\/dicodusport.fr\/blog\/?s={search_term_string}\"},\"query-input\":{\"@type\":\"PropertyValueSpecification\",\"valueRequired\":true,\"valueName\":\"search_term_string\"}}],\"inLanguage\":\"fr-FR\"},{\"@type\":\"NewsMediaOrganization\",\"@id\":\"https:\/\/dicodusport.fr\/blog\/#organization\",\"name\":\"Dicodusport\",\"url\":\"https:\/\/dicodusport.fr\/blog\/\",\"logo\":{\"@type\":\"ImageObject\",\"inLanguage\":\"fr-FR\",\"@id\":\"https:\/\/dicodusport.fr\/blog\/#\/schema\/logo\/image\/\",\"url\":\"https:\/\/dicodusport.fr\/blog\/wp-content\/uploads\/2020\/06\/cropped-LOGO-DICODUSPORT-2020-SANS-FOND-SANS-TEXTE.png\",\"contentUrl\":\"https:\/\/dicodusport.fr\/blog\/wp-content\/uploads\/2020\/06\/cropped-LOGO-DICODUSPORT-2020-SANS-FOND-SANS-TEXTE.png\",\"width\":512,\"height\":512,\"caption\":\"Dicodusport\"},\"image\":{\"@id\":\"https:\/\/dicodusport.fr\/blog\/#\/schema\/logo\/image\/\"},\"sameAs\":[\"https:\/\/www.facebook.com\/dicodusport\",\"https:\/\/x.com\/dicodusport\",\"https:\/\/www.instagram.com\/dicodusport\/\",\"https:\/\/www.youtube.com\/channel\/UC7V2KZ5sd3htJivAbA4ZG3w\"],\"description\":\"Dicodusport est l'encyclop\u00e9die de l'actualit\u00e9 sportive.\",\"email\":\"bonjour@dicodusport.fr\",\"legalName\":\"DICODUSPORT\",\"foundingDate\":\"2018-01-14\",\"vatID\":\"FR71834470973\",\"taxID\":\"83447097300043\",\"numberOfEmployees\":{\"@type\":\"QuantitativeValue\",\"minValue\":\"1\",\"maxValue\":\"10\"}},{\"@type\":\"Person\",\"@id\":\"https:\/\/dicodusport.fr\/blog\/#\/schema\/person\/cb02af4c173ce4a653b55e9baf388d4a\",\"name\":\"Flo Ostermann\",\"image\":{\"@type\":\"ImageObject\",\"inLanguage\":\"fr-FR\",\"@id\":\"https:\/\/dicodusport.fr\/blog\/#\/schema\/person\/image\/\",\"url\":\"https:\/\/dicodusport.fr\/blog\/wp-content\/uploads\/2021\/05\/Flo-Ostermann-150x150.jpg\",\"contentUrl\":\"https:\/\/dicodusport.fr\/blog\/wp-content\/uploads\/2021\/05\/Flo-Ostermann-150x150.jpg\",\"caption\":\"Flo Ostermann\"},\"description\":\"Journaliste\/R\u00e9dacteur depuis septembre 2015 - Mes premiers souvenirs dans le sport ? Les envol\u00e9es du Stade Toulousain et les duels Villeneuve-Schumacher et H\u00e4kkinen-Schumacher \u00e0 la fin des ann\u00e9es 90, la Coupe du monde de football en 1998, l\u2019exploit du XV de France face aux All Blacks en 1999, mais aussi Richard C\u0153ur de Lion qui vole sur les montagnes du Tour de France. Bien parti pour devenir professeur d\u2019EPS, les \u00e9v\u00e9nements de la vie (et la flemme d\u2019animer des s\u00e9ances de 3x500 m\u00e8tres toute ma vie) m\u2019ont conduit \u00e0 revoir mes plans. Me voil\u00e0 depuis fin 2017 sur Dicodusport, m\u00e9dia gr\u00e2ce (et pour) lequel je partage ma passion : le sport dans tous ses \u00e9tats. Le tout accompagn\u00e9 par les fous furieux et folles furieuses cit\u00e9s sur cette page !\",\"sameAs\":[\"https:\/\/www.facebook.com\/florent.ostermann\",\"https:\/\/x.com\/https:\/\/twitter.com\/FlOstermann\",\"admin\"],\"url\":\"https:\/\/dicodusport.fr\/blog\/author\/flo\/\"}]}<\/script>\n<!-- \/ Yoast SEO Premium plugin. -->","yoast_head_json":{"title":"Vid\u00e9o - Gymnastique : revivez les championnats d'Europe de M\u00e9lanie De Jesus Dos Santos","description":"Championne d'Europe du concours g\u00e9n\u00e9ral et au sol ce week-end, M\u00e9lanie De Jesus Dos Santos est votre femme du week-end. Revivez ses exploits en vid\u00e9o.","robots":{"index":"index","follow":"follow","max-snippet":"max-snippet:-1","max-image-preview":"max-image-preview:large","max-video-preview":"max-video-preview:-1"},"canonical":"https:\/\/dicodusport.fr\/blog\/video-gymnastique-revivez-les-championnats-deurope-de-melanie-de-jesus-dos-santos\/","og_locale":"fr_FR","og_type":"article","og_title":"Vid\u00e9o - Gymnastique : revivez les championnats d'Europe de M\u00e9lanie De Jesus Dos Santos","og_description":"Championne d'Europe du concours g\u00e9n\u00e9ral et au sol ce week-end, M\u00e9lanie De Jesus Dos Santos est votre femme du week-end. Revivez ses exploits en vid\u00e9o.","og_url":"https:\/\/dicodusport.fr\/blog\/video-gymnastique-revivez-les-championnats-deurope-de-melanie-de-jesus-dos-santos\/","og_site_name":"Dicodusport","article_publisher":"https:\/\/www.facebook.com\/dicodusport","article_author":"https:\/\/www.facebook.com\/florent.ostermann","article_published_time":"2019-04-15T16:50:42+00:00","article_modified_time":"2025-11-20T17:08:37+00:00","og_image":[{"width":800,"height":445,"url":"https:\/\/dicodusport.fr\/blog\/wp-content\/uploads\/2019\/04\/M\u00e9lanie-De-Jesus-Dos-Santos-Or-Championnats-dEurope.png","type":"image\/png"}],"author":"Flo Ostermann","twitter_card":"summary_large_image","twitter_creator":"@https:\/\/twitter.com\/FlOstermann","twitter_site":"@dicodusport","schema":{"@context":"https:\/\/schema.org","@graph":[{"@type":"NewsArticle","@id":"https:\/\/dicodusport.fr\/blog\/video-gymnastique-revivez-les-championnats-deurope-de-melanie-de-jesus-dos-santos\/#article","isPartOf":{"@id":"https:\/\/dicodusport.fr\/blog\/video-gymnastique-revivez-les-championnats-deurope-de-melanie-de-jesus-dos-santos\/"},"author":{"name":"Flo Ostermann","@id":"https:\/\/dicodusport.fr\/blog\/#\/schema\/person\/cb02af4c173ce4a653b55e9baf388d4a"},"headline":"Vid\u00e9o &#8211; Gymnastique : revivez les championnats d&rsquo;Europe de M\u00e9lanie De Jesus Dos Santos","datePublished":"2019-04-15T16:50:42+00:00","dateModified":"2025-11-20T17:08:37+00:00","mainEntityOfPage":{"@id":"https:\/\/dicodusport.fr\/blog\/video-gymnastique-revivez-les-championnats-deurope-de-melanie-de-jesus-dos-santos\/"},"wordCount":61,"commentCount":0,"publisher":{"@id":"https:\/\/dicodusport.fr\/blog\/#organization"},"image":{"@id":"https:\/\/dicodusport.fr\/blog\/video-gymnastique-revivez-les-championnats-deurope-de-melanie-de-jesus-dos-santos\/#primaryimage"},"thumbnailUrl":"https:\/\/dicodusport.fr\/blog\/wp-content\/uploads\/2019\/04\/M\u00e9lanie-De-Jesus-Dos-Santos-Or-Championnats-dEurope.png","keywords":["Championnats d'Europe","gymnastique","M\u00e9lanie De Jesus Dos Santos"],"articleSection":["Gymnastique"],"inLanguage":"fr-FR","potentialAction":[{"@type":"CommentAction","name":"Comment","target":["https:\/\/dicodusport.fr\/blog\/video-gymnastique-revivez-les-championnats-deurope-de-melanie-de-jesus-dos-santos\/#respond"]}],"copyrightYear":"2019","copyrightHolder":{"@id":"https:\/\/dicodusport.fr\/blog\/#organization"}},{"@type":"WebPage","@id":"https:\/\/dicodusport.fr\/blog\/video-gymnastique-revivez-les-championnats-deurope-de-melanie-de-jesus-dos-santos\/","url":"https:\/\/dicodusport.fr\/blog\/video-gymnastique-revivez-les-championnats-deurope-de-melanie-de-jesus-dos-santos\/","name":"Vid\u00e9o - Gymnastique : revivez les championnats d'Europe de M\u00e9lanie De Jesus Dos Santos","isPartOf":{"@id":"https:\/\/dicodusport.fr\/blog\/#website"},"primaryImageOfPage":{"@id":"https:\/\/dicodusport.fr\/blog\/video-gymnastique-revivez-les-championnats-deurope-de-melanie-de-jesus-dos-santos\/#primaryimage"},"image":{"@id":"https:\/\/dicodusport.fr\/blog\/video-gymnastique-revivez-les-championnats-deurope-de-melanie-de-jesus-dos-santos\/#primaryimage"},"thumbnailUrl":"https:\/\/dicodusport.fr\/blog\/wp-content\/uploads\/2019\/04\/M\u00e9lanie-De-Jesus-Dos-Santos-Or-Championnats-dEurope.png","datePublished":"2019-04-15T16:50:42+00:00","dateModified":"2025-11-20T17:08:37+00:00","description":"Championne d'Europe du concours g\u00e9n\u00e9ral et au sol ce week-end, M\u00e9lanie De Jesus Dos Santos est votre femme du week-end. Revivez ses exploits en vid\u00e9o.","breadcrumb":{"@id":"https:\/\/dicodusport.fr\/blog\/video-gymnastique-revivez-les-championnats-deurope-de-melanie-de-jesus-dos-santos\/#breadcrumb"},"inLanguage":"fr-FR","potentialAction":[{"@type":"ReadAction","target":["https:\/\/dicodusport.fr\/blog\/video-gymnastique-revivez-les-championnats-deurope-de-melanie-de-jesus-dos-santos\/"]}]},{"@type":"ImageObject","inLanguage":"fr-FR","@id":"https:\/\/dicodusport.fr\/blog\/video-gymnastique-revivez-les-championnats-deurope-de-melanie-de-jesus-dos-santos\/#primaryimage","url":"https:\/\/dicodusport.fr\/blog\/wp-content\/uploads\/2019\/04\/M\u00e9lanie-De-Jesus-Dos-Santos-Or-Championnats-dEurope.png","contentUrl":"https:\/\/dicodusport.fr\/blog\/wp-content\/uploads\/2019\/04\/M\u00e9lanie-De-Jesus-Dos-Santos-Or-Championnats-dEurope.png","width":800,"height":445},{"@type":"BreadcrumbList","@id":"https:\/\/dicodusport.fr\/blog\/video-gymnastique-revivez-les-championnats-deurope-de-melanie-de-jesus-dos-santos\/#breadcrumb","itemListElement":[{"@type":"ListItem","position":1,"name":"Accueil","item":"https:\/\/dicodusport.fr\/blog\/"},{"@type":"ListItem","position":2,"name":"Vid\u00e9o &#8211; Gymnastique : revivez les championnats d&rsquo;Europe de M\u00e9lanie De Jesus Dos Santos"}]},{"@type":"WebSite","@id":"https:\/\/dicodusport.fr\/blog\/#website","url":"https:\/\/dicodusport.fr\/blog\/","name":"Dicodusport","description":"L&#039;encyclop\u00e9die de l&#039;actualit\u00e9 sportive","publisher":{"@id":"https:\/\/dicodusport.fr\/blog\/#organization"},"potentialAction":[{"@type":"SearchAction","target":{"@type":"EntryPoint","urlTemplate":"https:\/\/dicodusport.fr\/blog\/?s={search_term_string}"},"query-input":{"@type":"PropertyValueSpecification","valueRequired":true,"valueName":"search_term_string"}}],"inLanguage":"fr-FR"},{"@type":"NewsMediaOrganization","@id":"https:\/\/dicodusport.fr\/blog\/#organization","name":"Dicodusport","url":"https:\/\/dicodusport.fr\/blog\/","logo":{"@type":"ImageObject","inLanguage":"fr-FR","@id":"https:\/\/dicodusport.fr\/blog\/#\/schema\/logo\/image\/","url":"https:\/\/dicodusport.fr\/blog\/wp-content\/uploads\/2020\/06\/cropped-LOGO-DICODUSPORT-2020-SANS-FOND-SANS-TEXTE.png","contentUrl":"https:\/\/dicodusport.fr\/blog\/wp-content\/uploads\/2020\/06\/cropped-LOGO-DICODUSPORT-2020-SANS-FOND-SANS-TEXTE.png","width":512,"height":512,"caption":"Dicodusport"},"image":{"@id":"https:\/\/dicodusport.fr\/blog\/#\/schema\/logo\/image\/"},"sameAs":["https:\/\/www.facebook.com\/dicodusport","https:\/\/x.com\/dicodusport","https:\/\/www.instagram.com\/dicodusport\/","https:\/\/www.youtube.com\/channel\/UC7V2KZ5sd3htJivAbA4ZG3w"],"description":"Dicodusport est l'encyclop\u00e9die de l'actualit\u00e9 sportive.","email":"bonjour@dicodusport.fr","legalName":"DICODUSPORT","foundingDate":"2018-01-14","vatID":"FR71834470973","taxID":"83447097300043","numberOfEmployees":{"@type":"QuantitativeValue","minValue":"1","maxValue":"10"}},{"@type":"Person","@id":"https:\/\/dicodusport.fr\/blog\/#\/schema\/person\/cb02af4c173ce4a653b55e9baf388d4a","name":"Flo Ostermann","image":{"@type":"ImageObject","inLanguage":"fr-FR","@id":"https:\/\/dicodusport.fr\/blog\/#\/schema\/person\/image\/","url":"https:\/\/dicodusport.fr\/blog\/wp-content\/uploads\/2021\/05\/Flo-Ostermann-150x150.jpg","contentUrl":"https:\/\/dicodusport.fr\/blog\/wp-content\/uploads\/2021\/05\/Flo-Ostermann-150x150.jpg","caption":"Flo Ostermann"},"description":"Journaliste\/R\u00e9dacteur depuis septembre 2015 - Mes premiers souvenirs dans le sport ? Les envol\u00e9es du Stade Toulousain et les duels Villeneuve-Schumacher et H\u00e4kkinen-Schumacher \u00e0 la fin des ann\u00e9es 90, la Coupe du monde de football en 1998, l\u2019exploit du XV de France face aux All Blacks en 1999, mais aussi Richard C\u0153ur de Lion qui vole sur les montagnes du Tour de France. Bien parti pour devenir professeur d\u2019EPS, les \u00e9v\u00e9nements de la vie (et la flemme d\u2019animer des s\u00e9ances de 3x500 m\u00e8tres toute ma vie) m\u2019ont conduit \u00e0 revoir mes plans. Me voil\u00e0 depuis fin 2017 sur Dicodusport, m\u00e9dia gr\u00e2ce (et pour) lequel je partage ma passion : le sport dans tous ses \u00e9tats. Le tout accompagn\u00e9 par les fous furieux et folles furieuses cit\u00e9s sur cette page !","sameAs":["https:\/\/www.facebook.com\/florent.ostermann","https:\/\/x.com\/https:\/\/twitter.com\/FlOstermann","admin"],"url":"https:\/\/dicodusport.fr\/blog\/author\/flo\/"}]}},"_links":{"self":[{"href":"https:\/\/dicodusport.fr\/blog\/wp-json\/wp\/v2\/posts\/37231","targetHints":{"allow":["GET"]}}],"collection":[{"href":"https:\/\/dicodusport.fr\/blog\/wp-json\/wp\/v2\/posts"}],"about":[{"href":"https:\/\/dicodusport.fr\/blog\/wp-json\/wp\/v2\/types\/post"}],"author":[{"embeddable":true,"href":"https:\/\/dicodusport.fr\/blog\/wp-json\/wp\/v2\/users\/4"}],"replies":[{"embeddable":true,"href":"https:\/\/dicodusport.fr\/blog\/wp-json\/wp\/v2\/comments?post=37231"}],"version-history":[{"count":1,"href":"https:\/\/dicodusport.fr\/blog\/wp-json\/wp\/v2\/posts\/37231\/revisions"}],"predecessor-version":[{"id":626795,"href":"https:\/\/dicodusport.fr\/blog\/wp-json\/wp\/v2\/posts\/37231\/revisions\/626795"}],"wp:featuredmedia":[{"embeddable":true,"href":"https:\/\/dicodusport.fr\/blog\/wp-json\/wp\/v2\/media\/37090"}],"wp:attachment":[{"href":"https:\/\/dicodusport.fr\/blog\/wp-json\/wp\/v2\/media?parent=37231"}],"wp:term":[{"taxonomy":"category","embeddable":true,"href":"https:\/\/dicodusport.fr\/blog\/wp-json\/wp\/v2\/categories?post=37231"},{"taxonomy":"post_tag","embeddable":true,"href":"https:\/\/dicodusport.fr\/blog\/wp-json\/wp\/v2\/tags?post=37231"}],"curies":[{"name":"wp","href":"https:\/\/api.w.org\/{rel}","templated":true}]}}