{"id":372392,"date":"2023-04-19T15:02:52","date_gmt":"2023-04-19T13:02:52","guid":{"rendered":"https:\/\/dicodusport.fr\/blog\/?p=372392&#038;preview=true&#038;preview_id=372392"},"modified":"2023-04-20T00:51:48","modified_gmt":"2023-04-19T22:51:48","slug":"les-jeunes-pepites-du-tennis-francais-9-arthur-fils","status":"publish","type":"post","link":"https:\/\/dicodusport.fr\/blog\/les-jeunes-pepites-du-tennis-francais-9-arthur-fils\/","title":{"rendered":"Les jeunes p\u00e9pites du tennis fran\u00e7ais #9 : Arthur Fils"},"content":{"rendered":"<p style=\"text-align: justify;\"><em><strong><a href=\"https:\/\/dicodusport.fr\/blog\/?s=les+jeunes+pepites+du+tennis+francais\">LES JEUNES P\u00c9PITES DU TENNIS FRAN\u00c7AIS<\/a> &#8211; Alors que les cadors du tennis fran\u00e7ais sont dans une passe difficile, de jeunes joueurs pointent le bout de leur nez afin de prendre la rel\u00e8ve. Ces joueurs ont entre 17 et 21 ans et jouent principalement dans les tournois Futures et Challengers. Aujourd\u2019hui, Dicodusport s\u2019int\u00e9resse \u00e0 un jeune Fran\u00e7ais qui a fait beaucoup parler de lui en ce d\u00e9but d&rsquo;ann\u00e9e : Arthur Fils.<br \/>\n<\/strong><\/em><\/p>\n<h2 style=\"text-align: justify;\">Biographie<\/h2>\n<h3 style=\"text-align: justify;\">Enfance<\/h3>\n<p style=\"text-align: justify;\"><strong>Arthur Fils<\/strong> est n\u00e9 le 12 juin 2004 dans l&rsquo;Essonne. Il d\u00e9bute le tennis \u00e0 5 ans, lorsqu&rsquo;il suit son p\u00e8re \u00e0 un de ses cours amateurs, \u00e0 Saint-Michel-sur-Orge. C&rsquo;est dans ce m\u00eame club qu&rsquo;Arthur va finalement s&rsquo;inscrire et apprendre le sport. Il en devient vite passionn\u00e9, et progresse rapidement gr\u00e2ce \u00e0 <em>\u00ab ses performances, son courage et sa motivation \u00bb<\/em>, comme le racontent ses parents<a href=\"https:\/\/www.ouest-france.fr\/sport\/tennis\/roland-garros\/roland-garros-en-finale-juniors-le-francais-arthur-fils-raconte-par-ses-parents-197c61d2-caab-11eb-ac72-70abdfa83133\"> dans une interview \u00e0 Ouest-France<\/a>. Son <strong><em>\u00ab esprit de guerrier \u00bb<\/em><\/strong>, inculqu\u00e9 par un p\u00e8re anciennement basketteur, lui fait franchir les \u00e9tapes rapidement.<\/p>\n<h3 style=\"text-align: justify;\">Parcours chez les jeunes<\/h3>\n<p style=\"text-align: justify;\">Dans les cat\u00e9gories de jeunes, <strong>Fils met du temps \u00e0 se d\u00e9marquer des autres Fran\u00e7ais de sa g\u00e9n\u00e9ration<\/strong>. Il a longtemps \u00e9t\u00e9 \u00e9clips\u00e9 par les performances de Luca Van Assche ou Sean Cuenin, aussi n\u00e9s en 2004. C&rsquo;est notamment ce dernier qui l&rsquo;\u00e9limine en demi-finale du Championnat de France de la cat\u00e9gorie des 13 ans en 2017. Fils est toutefois rep\u00e9r\u00e9 par la F\u00e9d\u00e9ration, qui l&rsquo;invite au P\u00f4le France de Poitiers (CREPS) en 2018. Il n&rsquo;y restera qu&rsquo;un an, avant de partir pour une autre structure nationale : le <strong>Centre National d&rsquo;Entra\u00eenement de Paris<\/strong>. C&rsquo;est l\u00e0 qu&rsquo;il d\u00e9cide de s&rsquo;installer sur le long terme, puisqu&rsquo;il s&rsquo;y entra\u00eene toujours aujourd&rsquo;hui, quatre ans apr\u00e8s son arriv\u00e9e.<\/p>\n<h3 style=\"text-align: justify;\">Circuit junior<\/h3>\n<p style=\"text-align: justify;\">Fils dispute son premier tournoi sur le circuit junior en 2017, \u00e0 seulement 14 ans. Mais comme dans les cat\u00e9gories de jeunes en France, <strong>il a besoin d&rsquo;une p\u00e9riode d&rsquo;adaptation<\/strong>. Ses premiers mois sont laborieux. Il reste englu\u00e9 dans les tournois de Grade 4 et 5 &#8211; les \u00e9chelons les plus faibles du circuit &#8211; pendant trois ans. C&rsquo;est en fait <strong>\u00e0 la fin de l&rsquo;ann\u00e9e 2020 que tout se d\u00e9bloque pour lui<\/strong>. En septembre, il s&rsquo;offre son premier titre, dans un tournoi de Grade 4 aux Pays-Bas. De quoi le mettre en confiance pour la suite. Un mois plus tard, le natif de Bondoufle dispute son premier Roland-Garros juniors. Mais alors \u00e2g\u00e9 de seulement 16 ans, il est encore trop f\u00e9brile. Il arrive jusqu&rsquo;au troisi\u00e8me tour, mais s&rsquo;incline contre son rival de toujours, Sean Cuenin.<\/p>\n<p style=\"text-align: justify;\">Son grand fait d&rsquo;arme vient en d\u00e9cembre, lorsqu&rsquo;<strong>il remporte l&rsquo;Orange Bowl<\/strong> aux \u00c9tats-Unis. Ce tournoi\u00a0 prestigieux est une \u00e9tape majeure du circuit junior, et a vu passer des vainqueurs comme Roger Federer ou Dominic Thiem. Avec cette ligne au palmar\u00e8s, l&rsquo;Essonnien se fait un nom au niveau international. Mais rien de comparable \u00e0 6 mois plus tard, lors de <strong>son second Roland-Garros juniors<\/strong>. Apr\u00e8s un parcours exceptionnel,<strong> Fils arrive dans le dernier carr\u00e9<\/strong> <a href=\"https:\/\/dicodusport.fr\/blog\/roland-garros-demi-finales-100-francaises-chez-les-juniors\/\">avec ses 3 comp\u00e8res de toujours : Luca Van Assche, Sean Cuenin et Giovanni Mpetshi Perricard<\/a>. Il perdra finalement le match pour le titre contre Van Assche, mais compensera avec le titre en doubles. <strong>Il atteint alors la 3\u00e8me place mondiale,<\/strong> et quitte les juniors pour se lancer chez les professionnels.<\/p>\n<blockquote class=\"twitter-tweet\">\n<p dir=\"ltr\" lang=\"fr\">\ud83c\uddeb\ud83c\uddf7 HISTORIQUE \ud83c\uddeb\ud83c\uddf7<\/p>\n<p>Arthur Fils, Giovanni Mpetshi-Perricard, Sean Cuenin et Luca Van Assche&#8230; un fantastique carr\u00e9 d&rsquo;as bleu s&rsquo;est qualifi\u00e9 pour les demi-finales du tournoi juniors !<\/p>\n<p>\ud83d\udc49 <a href=\"https:\/\/t.co\/A65GBG4klz\">https:\/\/t.co\/A65GBG4klz<\/a><a href=\"https:\/\/twitter.com\/hashtag\/RolandGarros?src=hash&amp;ref_src=twsrc%5Etfw\">#RolandGarros<\/a> <a href=\"https:\/\/t.co\/snt6W3h6uO\">pic.twitter.com\/snt6W3h6uO<\/a><\/p>\n<p>\u2014 FFT (@FFTennis) <a href=\"https:\/\/twitter.com\/FFTennis\/status\/1403020385117945856?ref_src=twsrc%5Etfw\">June 10, 2021<\/a><\/p><\/blockquote>\n<p style=\"text-align: justify;\"><script async src=\"https:\/\/platform.twitter.com\/widgets.js\" charset=\"utf-8\"><\/script><\/p>\n<h2 style=\"text-align: justify;\">Palmar\u00e8s ATP<\/h2>\n<p style=\"text-align: justify;\">Ce dernier carr\u00e9 100% tricolore \u00e0 Roland-Garros a fait conna\u00eetre Fils et ses compatriotes du grand public. Les mois suivants, les r\u00e9sultats de l&rsquo;Essonnien sont donc scrut\u00e9s de pr\u00e8s. Justement, <strong>ses d\u00e9buts sur le circuit professionnel ne sont pas une promenade de sant\u00e9<\/strong>. Il d\u00e9couvre les circuits secondaires, remplis de joueurs morts de faim qui jouent pour leur survie financi\u00e8re. Fin 2021, il encha\u00eene une brutale s\u00e9rie de 9 d\u00e9faites en 10 matchs. Sa saison 2022 sera aussi un long chemin de croix. Sur l&rsquo;ann\u00e9e enti\u00e8re, <strong>il s&rsquo;engage \u00e0 fond sur le circuit Challenger en disputant 26 tournois<\/strong>. Avec \u00e0 la cl\u00e9 : 6 d\u00e9faites en qualifications, 9 au premier tour et 7 au second. Il n&rsquo;atteint les quarts de finale que 4 fois, et perd \u00e0 chaque fois.<\/p>\n<p style=\"text-align: justify;\">Dans le m\u00eame temps, son compatriote Luca Van Assche obtient lui ses premi\u00e8res finales en Challenger et m\u00eame son premier titre. Mais comme \u00e0 chacune de ses transitions entre deux niveaux, Fils n\u00e9cessite une p\u00e9riode d&rsquo;adaptation. L&rsquo;enti\u00e8ret\u00e9 de saison 2022 en fut une. <strong>Le monde professionnel ne lui a pas fait de cadeaux, mais il ne s&rsquo;est pas d\u00e9courag\u00e9 pour autant<\/strong>. Il a continu\u00e9 \u00e0 essayer. Ce qui porte finalement ses fruits d\u00e9but 2023. En janvier, <a href=\"https:\/\/dicodusport.fr\/blog\/atp-challenger-2023-premier-titre-professionnel-pour-arthur-fils\/\">il remporte son premier Challenger au Portugal<\/a>, et encha\u00eene avec une finale \u00e0 Quimper. Mais c&rsquo;est surtout en f\u00e9vrier qu&rsquo;il explose et fait parler de lui. <a href=\"https:\/\/dicodusport.fr\/blog\/atp-montpellier-arthur-fils-une-premiere-qui-fait-des-etincelles\/\">Il atteint en effet<\/a><strong><a href=\"https:\/\/dicodusport.fr\/blog\/atp-montpellier-arthur-fils-une-premiere-qui-fait-des-etincelles\/\"> les demi-finales aux ATP 250 de Montpellier<\/a> et <a href=\"https:\/\/dicodusport.fr\/blog\/open-13-benjamin-bonzi-met-fin-au-reve-darthur-fils-en-demi-finale\/\">Marseille<\/a><\/strong>, avec des victoires exceptionnelles contre Roberto Bautista-Agut, Richard Gasquet ou Stan Wawrinka. De quoi confirmer son statut de grand espoir du tennis tricolore. Il est actuellement <strong>aux portes du Top 100 mondial<\/strong>.<\/p>\n<p style=\"text-align: justify;\">Voici son palmar\u00e8s actuel chez les professionnels, qui ne demande qu&rsquo;\u00e0 s&rsquo;\u00e9toffer :<\/p>\n<p style=\"text-align: justify;\"><strong>En simple<\/strong><\/p>\n<ul style=\"text-align: justify;\">\n<li><strong>1 titre en Challenger :<\/strong> Oeiras 2023<\/li>\n<li>1 finale en Challenger : Quimper 2023<\/li>\n<li>2 finales en Future \/ ITF : Uriage, Antalya 2022<\/li>\n<\/ul>\n<p style=\"text-align: justify;\"><strong>En double<\/strong><\/p>\n<ul>\n<li>2 titres en Future \/ ITF : Reus, Uriage 2021<\/li>\n<\/ul>\n<blockquote class=\"twitter-tweet\">\n<p dir=\"ltr\" lang=\"fr\">\u00c7a fait longtemps qu\u2019un gamin m\u2019a pas coll\u00e9 le frisson comme \u00e7a. Mettre 3 et 2 \u00e0 Wawrinka en 67\u2019. \u00catre \u00e0 une victoire du Top 100 \u00e0 18 ans. Jouer sa 2\u00e8me 1\/2 en 3 semaines. \u00catre 19\u00e8me \u00e0 la Race en 4 tournois. Ne montrer aucune faille. Arthur Fils, je kiffe \u2764\ufe0f <a href=\"https:\/\/t.co\/UXOl8uQWWv\">pic.twitter.com\/UXOl8uQWWv<\/a><\/p>\n<p>\u2014 Benoit Maylin (@BenoitMaylin) <a href=\"https:\/\/twitter.com\/BenoitMaylin\/status\/1629229906725855237?ref_src=twsrc%5Etfw\">February 24, 2023<\/a><\/p><\/blockquote>\n<p style=\"text-align: justify;\"><script async src=\"https:\/\/platform.twitter.com\/widgets.js\" charset=\"utf-8\"><\/script><\/p>\n<h2 style=\"text-align: justify;\">Style de jeu<\/h2>\n<p style=\"text-align: justify;\">Si Arthur Fils performe aussi rapidement, c&rsquo;est qu&rsquo;<strong>il a d\u00e9j\u00e0 le jeu et le physique d&rsquo;un joueur complet<\/strong>. Du haut de son m\u00e8tre 85 pour 83 kg, il est robuste pour son \u00e2ge. Mais il arrive pourtant \u00e0 garder une belle vitesse d&rsquo;ex\u00e9cution, dans ses d\u00e9placements et ses coups. <strong>Son jeu se base beaucoup sur son puissant coup droit<\/strong>, qu&rsquo;il utilise comme outil de percussion en attaque. Le reste du temps, il s&rsquo;en sert pour se replacer, en faisant beaucoup tourner ses balles avec. Son revers est lui plus simple, sans fioritures, tr\u00e8s efficace en contre. Avec ses deux coups,<strong> il sait bien orienter le jeu o\u00f9 il veut, et arrive \u00e0 trouver des bonnes zones<\/strong>. Il n&rsquo;a d&rsquo;ailleurs pas peur de monter \u00e0 la vol\u00e9e pour finir les points. Enfin, son service est d\u00e9j\u00e0 bon. Il y met de la s\u00e9curit\u00e9 (souvent au-del\u00e0 de 60% de premi\u00e8res balles), mais sans perdre en efficacit\u00e9. En bref, Fils est un joueur complet et talentueux.<\/p>\n<p style=\"text-align: justify;\">Mais sa principale qualit\u00e9, comme l&rsquo;a d\u00e9crit <a href=\"https:\/\/rmc.bfmtv.com\/mediaplayer\/audio\/episode-131-arthur-fils-heritier-naturel-des-mousquetaires-823206.html\">son coach<strong> Laurent Raymond<\/strong> \u00e0 RMC<\/a>, est qu&rsquo;il est <strong>un amoureux du tennis<\/strong>. <em>\u00ab On va souvent voir les matchs des meilleurs ensemble. Et quand je lui demande de commenter, on voit qu&rsquo;il a tout compris : les sch\u00e9mas de jeu, ce qui est bien et pas bien&#8230;<strong> Il analyse bien les matchs et comprend les choses<\/strong> [&#8230;] Et quand lui joue, il aime avoir des plans de jeu avant d&rsquo;entrer sur le terrain. Et \u00e0 la sortie, il analyse tout ce qu&rsquo;il s&rsquo;est pass\u00e9. \u00bb <\/em>Malgr\u00e9 ses nombreuses qualit\u00e9s, <strong>Fils a encore des axes de progression<\/strong>. Notamment sa capacit\u00e9 \u00e0 s&rsquo;adapter \u00e0 toutes les surfaces, alors que ses meilleurs r\u00e9sultats ont pour l&rsquo;instant tous \u00e9t\u00e9 obtenus sur dur-indoor. Ou encore savoir garder son calme dans un match, et ne pas vouloir finir les points trop vite. Et c&rsquo;est notamment en \u00e9tudiant le tennis et ses joueurs qu&rsquo;il y arrivera.<\/p>\n<p style=\"text-align: justify;\">Pour se faire une id\u00e9e plus pr\u00e9cise du style de jeu d&rsquo;Arthur Fils, voil\u00e0 les meilleurs points de son match de tr\u00e8s haut niveau contre Jannik Sinner \u00e0 Montpellier :<\/p>\n<p style=\"text-align: justify;\"><iframe loading=\"lazy\" title=\"YouTube video player\" src=\"https:\/\/www.youtube.com\/embed\/6_EEzjw8B8o\" width=\"560\" height=\"315\" frameborder=\"0\" allowfullscreen=\"allowfullscreen\"><\/iframe><\/p>\n<p style=\"text-align: justify;\">Le jeune Fran\u00e7ais aura donc l\u2019occasion de montrer son talent lors des mois et ann\u00e9es \u00e0 venir, mais <strong>il ne fait aucun doute qu\u2019on entendra encore beaucoup parler de lui<\/strong>.<\/p>\n<ul>\n<li style=\"text-align: justify;\"><strong>Voir aussi : <a href=\"https:\/\/dicodusport.fr\/blog\/?s=les+jeunes+pepites+du+tennis+francais\">les autres \u00e9pisodes de la s\u00e9rie sur les p\u00e9pites du tennis fran\u00e7ais<\/a><\/strong><\/li>\n<\/ul>\n","protected":false},"excerpt":{"rendered":"<p>Dicodusport s&rsquo;int\u00e9resse \u00e0 la rel\u00e8ve du tennis fran\u00e7ais. Cette fois c&rsquo;est au tour d&rsquo;un espoir qui a confirm\u00e9 plus vite que pr\u00e9vu : Arthur Fils<\/p>\n","protected":false},"author":13,"featured_media":375271,"comment_status":"open","ping_status":"closed","sticky":false,"template":"","format":"standard","meta":{"_acf_changed":false,"_daextam_enable_autolinks":"","footnotes":""},"categories":[2302],"tags":[16878,2371,24],"class_list":["post-372392","post","type-post","status-publish","format-standard","has-post-thumbnail","hentry","category-tennis","tag-breve","tag-releve-du-tennis-francais","tag-sport"],"acf":[],"yoast_head":"<!-- This site is optimized with the Yoast SEO Premium plugin v26.7 (Yoast SEO v26.7) - https:\/\/yoast.com\/wordpress\/plugins\/seo\/ -->\n<title>Les jeunes p\u00e9pites du tennis fran\u00e7ais #9 : Arthur Fils<\/title>\n<meta name=\"description\" content=\"Dicodusport s&#039;int\u00e9resse \u00e0 la rel\u00e8ve du tennis fran\u00e7ais. C&#039;est au tour d&#039;un espoir qui a confirm\u00e9 plus vite que pr\u00e9vu : Arthur Fils.\" \/>\n<meta name=\"robots\" content=\"index, follow, max-snippet:-1, max-image-preview:large, max-video-preview:-1\" \/>\n<link rel=\"canonical\" href=\"https:\/\/dicodusport.fr\/blog\/les-jeunes-pepites-du-tennis-francais-9-arthur-fils\/\" \/>\n<meta property=\"og:locale\" content=\"fr_FR\" \/>\n<meta property=\"og:type\" content=\"article\" \/>\n<meta property=\"og:title\" content=\"Les jeunes p\u00e9pites du tennis fran\u00e7ais #9 : Arthur Fils\" \/>\n<meta property=\"og:description\" content=\"Dicodusport s&#039;int\u00e9resse \u00e0 la rel\u00e8ve du tennis fran\u00e7ais. C&#039;est au tour d&#039;un espoir qui a confirm\u00e9 plus vite que pr\u00e9vu : Arthur Fils.\" \/>\n<meta property=\"og:url\" content=\"https:\/\/dicodusport.fr\/blog\/les-jeunes-pepites-du-tennis-francais-9-arthur-fils\/\" \/>\n<meta property=\"og:site_name\" content=\"Dicodusport\" \/>\n<meta property=\"article:publisher\" content=\"https:\/\/www.facebook.com\/dicodusport\" \/>\n<meta property=\"article:published_time\" content=\"2023-04-19T13:02:52+00:00\" \/>\n<meta property=\"article:modified_time\" content=\"2023-04-19T22:51:48+00:00\" \/>\n<meta property=\"og:image\" content=\"https:\/\/dicodusport.fr\/blog\/wp-content\/uploads\/2023\/04\/les-jeunes-pepites-du-tennis-francais-9-arthur-fils-2.png\" \/>\n\t<meta property=\"og:image:width\" content=\"800\" \/>\n\t<meta property=\"og:image:height\" content=\"445\" \/>\n\t<meta property=\"og:image:type\" content=\"image\/png\" \/>\n<meta name=\"author\" content=\"Tom Compayrot\" \/>\n<meta name=\"twitter:card\" content=\"summary_large_image\" \/>\n<meta name=\"twitter:title\" content=\"Les jeunes p\u00e9pites du tennis fran\u00e7ais #9 : Arthur Fils\" \/>\n<meta name=\"twitter:creator\" content=\"@https:\/\/twitter.com\/Tom_Cprt\" \/>\n<meta name=\"twitter:site\" content=\"@dicodusport\" \/>\n<script type=\"application\/ld+json\" class=\"yoast-schema-graph\">{\"@context\":\"https:\/\/schema.org\",\"@graph\":[{\"@type\":\"NewsArticle\",\"@id\":\"https:\/\/dicodusport.fr\/blog\/les-jeunes-pepites-du-tennis-francais-9-arthur-fils\/#article\",\"isPartOf\":{\"@id\":\"https:\/\/dicodusport.fr\/blog\/les-jeunes-pepites-du-tennis-francais-9-arthur-fils\/\"},\"author\":{\"name\":\"Tom Compayrot\",\"@id\":\"https:\/\/dicodusport.fr\/blog\/#\/schema\/person\/bf1e4f404e108bd2be5b447b16bde9a7\"},\"headline\":\"Les jeunes p\u00e9pites du tennis fran\u00e7ais #9 : Arthur Fils\",\"datePublished\":\"2023-04-19T13:02:52+00:00\",\"dateModified\":\"2023-04-19T22:51:48+00:00\",\"mainEntityOfPage\":{\"@id\":\"https:\/\/dicodusport.fr\/blog\/les-jeunes-pepites-du-tennis-francais-9-arthur-fils\/\"},\"wordCount\":1431,\"commentCount\":0,\"publisher\":{\"@id\":\"https:\/\/dicodusport.fr\/blog\/#organization\"},\"image\":{\"@id\":\"https:\/\/dicodusport.fr\/blog\/les-jeunes-pepites-du-tennis-francais-9-arthur-fils\/#primaryimage\"},\"thumbnailUrl\":\"https:\/\/dicodusport.fr\/blog\/wp-content\/uploads\/2023\/04\/les-jeunes-pepites-du-tennis-francais-9-arthur-fils-2.png\",\"keywords\":[\"br\u00e8ve\",\"Rel\u00e8ve du tennis fran\u00e7ais\",\"sport\"],\"articleSection\":[\"Tennis\"],\"inLanguage\":\"fr-FR\",\"potentialAction\":[{\"@type\":\"CommentAction\",\"name\":\"Comment\",\"target\":[\"https:\/\/dicodusport.fr\/blog\/les-jeunes-pepites-du-tennis-francais-9-arthur-fils\/#respond\"]}],\"copyrightYear\":\"2023\",\"copyrightHolder\":{\"@id\":\"https:\/\/dicodusport.fr\/blog\/#organization\"}},{\"@type\":\"WebPage\",\"@id\":\"https:\/\/dicodusport.fr\/blog\/les-jeunes-pepites-du-tennis-francais-9-arthur-fils\/\",\"url\":\"https:\/\/dicodusport.fr\/blog\/les-jeunes-pepites-du-tennis-francais-9-arthur-fils\/\",\"name\":\"Les jeunes p\u00e9pites du tennis fran\u00e7ais #9 : Arthur Fils\",\"isPartOf\":{\"@id\":\"https:\/\/dicodusport.fr\/blog\/#website\"},\"primaryImageOfPage\":{\"@id\":\"https:\/\/dicodusport.fr\/blog\/les-jeunes-pepites-du-tennis-francais-9-arthur-fils\/#primaryimage\"},\"image\":{\"@id\":\"https:\/\/dicodusport.fr\/blog\/les-jeunes-pepites-du-tennis-francais-9-arthur-fils\/#primaryimage\"},\"thumbnailUrl\":\"https:\/\/dicodusport.fr\/blog\/wp-content\/uploads\/2023\/04\/les-jeunes-pepites-du-tennis-francais-9-arthur-fils-2.png\",\"datePublished\":\"2023-04-19T13:02:52+00:00\",\"dateModified\":\"2023-04-19T22:51:48+00:00\",\"description\":\"Dicodusport s'int\u00e9resse \u00e0 la rel\u00e8ve du tennis fran\u00e7ais. C'est au tour d'un espoir qui a confirm\u00e9 plus vite que pr\u00e9vu : Arthur Fils.\",\"breadcrumb\":{\"@id\":\"https:\/\/dicodusport.fr\/blog\/les-jeunes-pepites-du-tennis-francais-9-arthur-fils\/#breadcrumb\"},\"inLanguage\":\"fr-FR\",\"potentialAction\":[{\"@type\":\"ReadAction\",\"target\":[\"https:\/\/dicodusport.fr\/blog\/les-jeunes-pepites-du-tennis-francais-9-arthur-fils\/\"]}]},{\"@type\":\"ImageObject\",\"inLanguage\":\"fr-FR\",\"@id\":\"https:\/\/dicodusport.fr\/blog\/les-jeunes-pepites-du-tennis-francais-9-arthur-fils\/#primaryimage\",\"url\":\"https:\/\/dicodusport.fr\/blog\/wp-content\/uploads\/2023\/04\/les-jeunes-pepites-du-tennis-francais-9-arthur-fils-2.png\",\"contentUrl\":\"https:\/\/dicodusport.fr\/blog\/wp-content\/uploads\/2023\/04\/les-jeunes-pepites-du-tennis-francais-9-arthur-fils-2.png\",\"width\":800,\"height\":445},{\"@type\":\"BreadcrumbList\",\"@id\":\"https:\/\/dicodusport.fr\/blog\/les-jeunes-pepites-du-tennis-francais-9-arthur-fils\/#breadcrumb\",\"itemListElement\":[{\"@type\":\"ListItem\",\"position\":1,\"name\":\"Accueil\",\"item\":\"https:\/\/dicodusport.fr\/blog\/\"},{\"@type\":\"ListItem\",\"position\":2,\"name\":\"Les jeunes p\u00e9pites du tennis fran\u00e7ais #9 : Arthur Fils\"}]},{\"@type\":\"WebSite\",\"@id\":\"https:\/\/dicodusport.fr\/blog\/#website\",\"url\":\"https:\/\/dicodusport.fr\/blog\/\",\"name\":\"Dicodusport\",\"description\":\"L&#039;encyclop\u00e9die de l&#039;actualit\u00e9 sportive\",\"publisher\":{\"@id\":\"https:\/\/dicodusport.fr\/blog\/#organization\"},\"potentialAction\":[{\"@type\":\"SearchAction\",\"target\":{\"@type\":\"EntryPoint\",\"urlTemplate\":\"https:\/\/dicodusport.fr\/blog\/?s={search_term_string}\"},\"query-input\":{\"@type\":\"PropertyValueSpecification\",\"valueRequired\":true,\"valueName\":\"search_term_string\"}}],\"inLanguage\":\"fr-FR\"},{\"@type\":\"NewsMediaOrganization\",\"@id\":\"https:\/\/dicodusport.fr\/blog\/#organization\",\"name\":\"Dicodusport\",\"url\":\"https:\/\/dicodusport.fr\/blog\/\",\"logo\":{\"@type\":\"ImageObject\",\"inLanguage\":\"fr-FR\",\"@id\":\"https:\/\/dicodusport.fr\/blog\/#\/schema\/logo\/image\/\",\"url\":\"https:\/\/dicodusport.fr\/blog\/wp-content\/uploads\/2020\/06\/cropped-LOGO-DICODUSPORT-2020-SANS-FOND-SANS-TEXTE.png\",\"contentUrl\":\"https:\/\/dicodusport.fr\/blog\/wp-content\/uploads\/2020\/06\/cropped-LOGO-DICODUSPORT-2020-SANS-FOND-SANS-TEXTE.png\",\"width\":512,\"height\":512,\"caption\":\"Dicodusport\"},\"image\":{\"@id\":\"https:\/\/dicodusport.fr\/blog\/#\/schema\/logo\/image\/\"},\"sameAs\":[\"https:\/\/www.facebook.com\/dicodusport\",\"https:\/\/x.com\/dicodusport\",\"https:\/\/www.instagram.com\/dicodusport\/\",\"https:\/\/www.youtube.com\/channel\/UC7V2KZ5sd3htJivAbA4ZG3w\"],\"description\":\"Dicodusport est l'encyclop\u00e9die de l'actualit\u00e9 sportive.\",\"email\":\"bonjour@dicodusport.fr\",\"legalName\":\"DICODUSPORT\",\"foundingDate\":\"2018-01-14\",\"vatID\":\"FR71834470973\",\"taxID\":\"83447097300043\",\"numberOfEmployees\":{\"@type\":\"QuantitativeValue\",\"minValue\":\"1\",\"maxValue\":\"10\"}},{\"@type\":\"Person\",\"@id\":\"https:\/\/dicodusport.fr\/blog\/#\/schema\/person\/bf1e4f404e108bd2be5b447b16bde9a7\",\"name\":\"Tom Compayrot\",\"image\":{\"@type\":\"ImageObject\",\"inLanguage\":\"fr-FR\",\"@id\":\"https:\/\/dicodusport.fr\/blog\/#\/schema\/person\/image\/\",\"url\":\"https:\/\/dicodusport.fr\/blog\/wp-content\/uploads\/2021\/05\/Tom-Compayrot-150x150.jpg\",\"contentUrl\":\"https:\/\/dicodusport.fr\/blog\/wp-content\/uploads\/2021\/05\/Tom-Compayrot-150x150.jpg\",\"caption\":\"Tom Compayrot\"},\"description\":\"Journaliste\/r\u00e9dacteur depuis mars 2017 - Amoureux de la petite balle jaune et du gros ballon orange qui tra\u00eene sa carcasse sur Dicodusport depuis 2017. Rafael Nadal et LeBron James sont les meilleurs joueurs de l'histoire.\",\"sameAs\":[\"https:\/\/x.com\/https:\/\/twitter.com\/Tom_Cprt\"],\"url\":\"https:\/\/dicodusport.fr\/blog\/author\/tom\/\"}]}<\/script>\n<!-- \/ Yoast SEO Premium plugin. -->","yoast_head_json":{"title":"Les jeunes p\u00e9pites du tennis fran\u00e7ais #9 : Arthur Fils","description":"Dicodusport s'int\u00e9resse \u00e0 la rel\u00e8ve du tennis fran\u00e7ais. C'est au tour d'un espoir qui a confirm\u00e9 plus vite que pr\u00e9vu : Arthur Fils.","robots":{"index":"index","follow":"follow","max-snippet":"max-snippet:-1","max-image-preview":"max-image-preview:large","max-video-preview":"max-video-preview:-1"},"canonical":"https:\/\/dicodusport.fr\/blog\/les-jeunes-pepites-du-tennis-francais-9-arthur-fils\/","og_locale":"fr_FR","og_type":"article","og_title":"Les jeunes p\u00e9pites du tennis fran\u00e7ais #9 : Arthur Fils","og_description":"Dicodusport s'int\u00e9resse \u00e0 la rel\u00e8ve du tennis fran\u00e7ais. C'est au tour d'un espoir qui a confirm\u00e9 plus vite que pr\u00e9vu : Arthur Fils.","og_url":"https:\/\/dicodusport.fr\/blog\/les-jeunes-pepites-du-tennis-francais-9-arthur-fils\/","og_site_name":"Dicodusport","article_publisher":"https:\/\/www.facebook.com\/dicodusport","article_published_time":"2023-04-19T13:02:52+00:00","article_modified_time":"2023-04-19T22:51:48+00:00","og_image":[{"width":800,"height":445,"url":"https:\/\/dicodusport.fr\/blog\/wp-content\/uploads\/2023\/04\/les-jeunes-pepites-du-tennis-francais-9-arthur-fils-2.png","type":"image\/png"}],"author":"Tom Compayrot","twitter_card":"summary_large_image","twitter_title":"Les jeunes p\u00e9pites du tennis fran\u00e7ais #9 : Arthur Fils","twitter_creator":"@https:\/\/twitter.com\/Tom_Cprt","twitter_site":"@dicodusport","schema":{"@context":"https:\/\/schema.org","@graph":[{"@type":"NewsArticle","@id":"https:\/\/dicodusport.fr\/blog\/les-jeunes-pepites-du-tennis-francais-9-arthur-fils\/#article","isPartOf":{"@id":"https:\/\/dicodusport.fr\/blog\/les-jeunes-pepites-du-tennis-francais-9-arthur-fils\/"},"author":{"name":"Tom Compayrot","@id":"https:\/\/dicodusport.fr\/blog\/#\/schema\/person\/bf1e4f404e108bd2be5b447b16bde9a7"},"headline":"Les jeunes p\u00e9pites du tennis fran\u00e7ais #9 : Arthur Fils","datePublished":"2023-04-19T13:02:52+00:00","dateModified":"2023-04-19T22:51:48+00:00","mainEntityOfPage":{"@id":"https:\/\/dicodusport.fr\/blog\/les-jeunes-pepites-du-tennis-francais-9-arthur-fils\/"},"wordCount":1431,"commentCount":0,"publisher":{"@id":"https:\/\/dicodusport.fr\/blog\/#organization"},"image":{"@id":"https:\/\/dicodusport.fr\/blog\/les-jeunes-pepites-du-tennis-francais-9-arthur-fils\/#primaryimage"},"thumbnailUrl":"https:\/\/dicodusport.fr\/blog\/wp-content\/uploads\/2023\/04\/les-jeunes-pepites-du-tennis-francais-9-arthur-fils-2.png","keywords":["br\u00e8ve","Rel\u00e8ve du tennis fran\u00e7ais","sport"],"articleSection":["Tennis"],"inLanguage":"fr-FR","potentialAction":[{"@type":"CommentAction","name":"Comment","target":["https:\/\/dicodusport.fr\/blog\/les-jeunes-pepites-du-tennis-francais-9-arthur-fils\/#respond"]}],"copyrightYear":"2023","copyrightHolder":{"@id":"https:\/\/dicodusport.fr\/blog\/#organization"}},{"@type":"WebPage","@id":"https:\/\/dicodusport.fr\/blog\/les-jeunes-pepites-du-tennis-francais-9-arthur-fils\/","url":"https:\/\/dicodusport.fr\/blog\/les-jeunes-pepites-du-tennis-francais-9-arthur-fils\/","name":"Les jeunes p\u00e9pites du tennis fran\u00e7ais #9 : Arthur Fils","isPartOf":{"@id":"https:\/\/dicodusport.fr\/blog\/#website"},"primaryImageOfPage":{"@id":"https:\/\/dicodusport.fr\/blog\/les-jeunes-pepites-du-tennis-francais-9-arthur-fils\/#primaryimage"},"image":{"@id":"https:\/\/dicodusport.fr\/blog\/les-jeunes-pepites-du-tennis-francais-9-arthur-fils\/#primaryimage"},"thumbnailUrl":"https:\/\/dicodusport.fr\/blog\/wp-content\/uploads\/2023\/04\/les-jeunes-pepites-du-tennis-francais-9-arthur-fils-2.png","datePublished":"2023-04-19T13:02:52+00:00","dateModified":"2023-04-19T22:51:48+00:00","description":"Dicodusport s'int\u00e9resse \u00e0 la rel\u00e8ve du tennis fran\u00e7ais. C'est au tour d'un espoir qui a confirm\u00e9 plus vite que pr\u00e9vu : Arthur Fils.","breadcrumb":{"@id":"https:\/\/dicodusport.fr\/blog\/les-jeunes-pepites-du-tennis-francais-9-arthur-fils\/#breadcrumb"},"inLanguage":"fr-FR","potentialAction":[{"@type":"ReadAction","target":["https:\/\/dicodusport.fr\/blog\/les-jeunes-pepites-du-tennis-francais-9-arthur-fils\/"]}]},{"@type":"ImageObject","inLanguage":"fr-FR","@id":"https:\/\/dicodusport.fr\/blog\/les-jeunes-pepites-du-tennis-francais-9-arthur-fils\/#primaryimage","url":"https:\/\/dicodusport.fr\/blog\/wp-content\/uploads\/2023\/04\/les-jeunes-pepites-du-tennis-francais-9-arthur-fils-2.png","contentUrl":"https:\/\/dicodusport.fr\/blog\/wp-content\/uploads\/2023\/04\/les-jeunes-pepites-du-tennis-francais-9-arthur-fils-2.png","width":800,"height":445},{"@type":"BreadcrumbList","@id":"https:\/\/dicodusport.fr\/blog\/les-jeunes-pepites-du-tennis-francais-9-arthur-fils\/#breadcrumb","itemListElement":[{"@type":"ListItem","position":1,"name":"Accueil","item":"https:\/\/dicodusport.fr\/blog\/"},{"@type":"ListItem","position":2,"name":"Les jeunes p\u00e9pites du tennis fran\u00e7ais #9 : Arthur Fils"}]},{"@type":"WebSite","@id":"https:\/\/dicodusport.fr\/blog\/#website","url":"https:\/\/dicodusport.fr\/blog\/","name":"Dicodusport","description":"L&#039;encyclop\u00e9die de l&#039;actualit\u00e9 sportive","publisher":{"@id":"https:\/\/dicodusport.fr\/blog\/#organization"},"potentialAction":[{"@type":"SearchAction","target":{"@type":"EntryPoint","urlTemplate":"https:\/\/dicodusport.fr\/blog\/?s={search_term_string}"},"query-input":{"@type":"PropertyValueSpecification","valueRequired":true,"valueName":"search_term_string"}}],"inLanguage":"fr-FR"},{"@type":"NewsMediaOrganization","@id":"https:\/\/dicodusport.fr\/blog\/#organization","name":"Dicodusport","url":"https:\/\/dicodusport.fr\/blog\/","logo":{"@type":"ImageObject","inLanguage":"fr-FR","@id":"https:\/\/dicodusport.fr\/blog\/#\/schema\/logo\/image\/","url":"https:\/\/dicodusport.fr\/blog\/wp-content\/uploads\/2020\/06\/cropped-LOGO-DICODUSPORT-2020-SANS-FOND-SANS-TEXTE.png","contentUrl":"https:\/\/dicodusport.fr\/blog\/wp-content\/uploads\/2020\/06\/cropped-LOGO-DICODUSPORT-2020-SANS-FOND-SANS-TEXTE.png","width":512,"height":512,"caption":"Dicodusport"},"image":{"@id":"https:\/\/dicodusport.fr\/blog\/#\/schema\/logo\/image\/"},"sameAs":["https:\/\/www.facebook.com\/dicodusport","https:\/\/x.com\/dicodusport","https:\/\/www.instagram.com\/dicodusport\/","https:\/\/www.youtube.com\/channel\/UC7V2KZ5sd3htJivAbA4ZG3w"],"description":"Dicodusport est l'encyclop\u00e9die de l'actualit\u00e9 sportive.","email":"bonjour@dicodusport.fr","legalName":"DICODUSPORT","foundingDate":"2018-01-14","vatID":"FR71834470973","taxID":"83447097300043","numberOfEmployees":{"@type":"QuantitativeValue","minValue":"1","maxValue":"10"}},{"@type":"Person","@id":"https:\/\/dicodusport.fr\/blog\/#\/schema\/person\/bf1e4f404e108bd2be5b447b16bde9a7","name":"Tom Compayrot","image":{"@type":"ImageObject","inLanguage":"fr-FR","@id":"https:\/\/dicodusport.fr\/blog\/#\/schema\/person\/image\/","url":"https:\/\/dicodusport.fr\/blog\/wp-content\/uploads\/2021\/05\/Tom-Compayrot-150x150.jpg","contentUrl":"https:\/\/dicodusport.fr\/blog\/wp-content\/uploads\/2021\/05\/Tom-Compayrot-150x150.jpg","caption":"Tom Compayrot"},"description":"Journaliste\/r\u00e9dacteur depuis mars 2017 - Amoureux de la petite balle jaune et du gros ballon orange qui tra\u00eene sa carcasse sur Dicodusport depuis 2017. Rafael Nadal et LeBron James sont les meilleurs joueurs de l'histoire.","sameAs":["https:\/\/x.com\/https:\/\/twitter.com\/Tom_Cprt"],"url":"https:\/\/dicodusport.fr\/blog\/author\/tom\/"}]}},"_links":{"self":[{"href":"https:\/\/dicodusport.fr\/blog\/wp-json\/wp\/v2\/posts\/372392","targetHints":{"allow":["GET"]}}],"collection":[{"href":"https:\/\/dicodusport.fr\/blog\/wp-json\/wp\/v2\/posts"}],"about":[{"href":"https:\/\/dicodusport.fr\/blog\/wp-json\/wp\/v2\/types\/post"}],"author":[{"embeddable":true,"href":"https:\/\/dicodusport.fr\/blog\/wp-json\/wp\/v2\/users\/13"}],"replies":[{"embeddable":true,"href":"https:\/\/dicodusport.fr\/blog\/wp-json\/wp\/v2\/comments?post=372392"}],"version-history":[{"count":0,"href":"https:\/\/dicodusport.fr\/blog\/wp-json\/wp\/v2\/posts\/372392\/revisions"}],"wp:featuredmedia":[{"embeddable":true,"href":"https:\/\/dicodusport.fr\/blog\/wp-json\/wp\/v2\/media\/375271"}],"wp:attachment":[{"href":"https:\/\/dicodusport.fr\/blog\/wp-json\/wp\/v2\/media?parent=372392"}],"wp:term":[{"taxonomy":"category","embeddable":true,"href":"https:\/\/dicodusport.fr\/blog\/wp-json\/wp\/v2\/categories?post=372392"},{"taxonomy":"post_tag","embeddable":true,"href":"https:\/\/dicodusport.fr\/blog\/wp-json\/wp\/v2\/tags?post=372392"}],"curies":[{"name":"wp","href":"https:\/\/api.w.org\/{rel}","templated":true}]}}