{"id":372436,"date":"2023-04-07T11:16:18","date_gmt":"2023-04-07T09:16:18","guid":{"rendered":"https:\/\/dicodusport.fr\/blog\/?p=372436&#038;preview=true&#038;preview_id=372436"},"modified":"2023-04-07T17:41:56","modified_gmt":"2023-04-07T15:41:56","slug":"paris-roubaix-2023-deux-favoris-et-plethore-d-outsiders","status":"publish","type":"post","link":"https:\/\/dicodusport.fr\/blog\/paris-roubaix-2023-deux-favoris-et-plethore-d-outsiders\/","title":{"rendered":"Paris-Roubaix 2023 : Deux favoris et pl\u00e9thore d&rsquo;outsiders"},"content":{"rendered":"<p style=\"text-align: justify;\"><em><span class=\"tojvnm2t a6sixzi8 abs2jz4q a8s20v7p t1p8iaqh k5wvi7nf q3lfd5jv pk4s997a bipmatt0 cebpdrjk qowsmv63 owwhemhu dp1hu0rb dhp61c6y iyyx5f41\"><strong>PARIS-ROUBAIX 2023 &#8211; La 120\u00e8me \u00e9dition de Paris-Roubaix aura lieu ce dimanche 9 avril. Pour beaucoup de monde, on devrait assister \u00e0 un duel Mathieu van der Poel vs Wout Van Aert. Mais, l&rsquo;Enfer du Nord r\u00e9serve souvent des surprises.\u00a0<\/strong><\/span><\/em><\/p>\n<h2 style=\"text-align: justify;\">Les deux Fantastiques<\/h2>\n<p style=\"text-align: justify;\">Deux coureurs sont attendus comme les grands favoris de cette course : <strong>Wout Van Aert<\/strong> et <strong>Mathieu van der Poel<\/strong>. Avec Pogacar, ces deux coureurs \u00e9taient au-dessus du lot sur les deux grandes courses dans les Ardennes flamandes.<\/p>\n<p style=\"text-align: justify;\">Le Belge a fini deuxi\u00e8me l&rsquo;an dernier alors qu&rsquo;il \u00e9tait de retour \u00e0 la comp\u00e9tition apr\u00e8s une infection au COVID. L\u00e2ch\u00e9 dans le Kruisberg sur le Ronde, le leader de la Jumbo-Visma doit une revanche \u00e0 son \u00e9quipe. Malheureusement, il souffre des c\u00f4tes et du genou \u00e0 la suite de sa chute, dimanche. <strong>Wout Van Aert<\/strong> pourra compter sur un effectif solide pour lancer la course, \u00e9viter d&rsquo;\u00eatre isol\u00e9 trop t\u00f4t, voire lui enlever le poids de la course, en pla\u00e7ant un lieutenant \u00e0 l&rsquo;avant de la course.<\/p>\n<p style=\"text-align: justify;\">Du c\u00f4t\u00e9 du N\u00e9erlandais, il \u00e9tait au top de sa forme la semaine derni\u00e8re sur le <a href=\"https:\/\/dicodusport.fr\/blog\/classement-tour-des-flandres-2023\/\">Tour des Flandres<\/a>. Il a fallu un grand Pogacar pour le faire exploser dans le Vieux Quaremont. Sans le Slov\u00e8ne, le troisi\u00e8me de l&rsquo;\u00e9dition 2021 sera le plus apte pour d\u00e9crocher un second Monument cette ann\u00e9e, apr\u00e8s sa victoire sur Milan-San Remo. M\u00eame si son \u00e9quipe est moins forte que son comp\u00e8re des labour\u00e9s. N\u00e9anmoins, Alpecin-Deceuninck a effectu\u00e9 des r\u00e9ajustements au sein de son effectif.<\/p>\n<div id=\"attachment_368757\" style=\"width: 810px\" class=\"wp-caption aligncenter\"><a href=\"https:\/\/dicodusport.fr\/blog\/wp-content\/uploads\/2023\/03\/Grand-Prix-E3-2023-Wout-Van-Aert-garde-sa-couronne-1.png\"><img loading=\"lazy\" decoding=\"async\" aria-describedby=\"caption-attachment-368757\" class=\"size-full wp-image-368757\" src=\"https:\/\/dicodusport.fr\/blog\/wp-content\/uploads\/2023\/03\/Grand-Prix-E3-2023-Wout-Van-Aert-garde-sa-couronne-1.png\" alt=\"Grand Prix E3 2023 Wout Van Aert garde sa couronne (1)\" width=\"800\" height=\"445\" srcset=\"https:\/\/dicodusport.fr\/blog\/wp-content\/uploads\/2023\/03\/Grand-Prix-E3-2023-Wout-Van-Aert-garde-sa-couronne-1.png 800w, https:\/\/dicodusport.fr\/blog\/wp-content\/uploads\/2023\/03\/Grand-Prix-E3-2023-Wout-Van-Aert-garde-sa-couronne-1-300x167.png 300w, https:\/\/dicodusport.fr\/blog\/wp-content\/uploads\/2023\/03\/Grand-Prix-E3-2023-Wout-Van-Aert-garde-sa-couronne-1-768x427.png 768w\" sizes=\"auto, (max-width: 800px) 100vw, 800px\" \/><\/a><p id=\"caption-attachment-368757\" class=\"wp-caption-text\">Grand Prix E3 2023 &#8211; Wout Van Aert garde devant Mathieu van der Poel &#8211; Photo Icon Sport<\/p><\/div>\n<p style=\"text-align: justify;\">En terme de face-\u00e0-face, <strong>Mathieu van der Poel<\/strong> m\u00e8ne 6 \u00e0 3 sur les Monuments (face-\u00e0-face comptabilisant le classement des coureurs).<\/p>\n<h2 style=\"text-align: justify;\">Une armada d&rsquo;outsiders<\/h2>\n<p style=\"text-align: justify;\"><strong>Paris-Roubaix<\/strong> a couronn\u00e9 ses deux derni\u00e8res \u00e9ditions un outsider. Et ils seront nombreux \u00e0 pouvoir contrecarrer les plans des deux cadors et de leurs \u00e9quipes sur une course au profil atypique.<\/p>\n<p style=\"text-align: justify;\">Cinqui\u00e8me l&rsquo;an dernier, <strong>Matej Mohoric<\/strong> (Bahrain Victorious) peut viser l\u00e9gitiment un podium \u00e0 Roubaix. Le Slov\u00e8ne \u00e9tait en forme avant sa chute sur le Tour des Flandres avec sa troisi\u00e8me place \u00e0 Kuurne et une sixi\u00e8me place sur les <a href=\"https:\/\/dicodusport.fr\/blog\/classement-strade-bianche-2023\/\">Strade Bianche<\/a>. Son temp\u00e9rament offensif et son agilit\u00e9 sur le v\u00e9lo font de lui un coureur redoutable.<\/p>\n<p style=\"text-align: justify;\">Le Suisse<strong> Stefan K\u00fcng<\/strong> tentera de monter une seconde fois de suite sur le podium, apr\u00e8s sa troisi\u00e8me place l&rsquo;an dernier. Solide rouleur, le Suisse sera sur un terrain encore plus \u00e0 sa convenance sur les pav\u00e9s du Nord. De plus, la Groupama-FDJ a progress\u00e9 collectivement pour prot\u00e9ger un leader.<\/p>\n<p style=\"text-align: justify;\">En cas de malchance de Van Aert et de m\u00e9forme de van Baarle, <strong>Christophe Laporte<\/strong> pourrait jouer sa carte. Sixi\u00e8me en 2021, l&rsquo;ancien membre de la Cofidis a d\u00e9j\u00e0 sign\u00e9 deux succ\u00e8s ce printemps, sur <a href=\"https:\/\/dicodusport.fr\/blog\/classement-a-travers-la-flandre-2023\/\">\u00c0 Travers la Flandre<\/a> et <a href=\"https:\/\/dicodusport.fr\/blog\/classement-gand-wevelgem-2023\/\">Gand-Welegem<\/a>.<\/p>\n<div id=\"attachment_370201\" style=\"width: 810px\" class=\"wp-caption aligncenter\"><a href=\"https:\/\/dicodusport.fr\/blog\/wp-content\/uploads\/2023\/03\/A-Travers-la-Flandre-2023-Christophe-Laporte-simpose-en-patron-1.png\"><img loading=\"lazy\" decoding=\"async\" aria-describedby=\"caption-attachment-370201\" class=\"size-full wp-image-370201\" src=\"https:\/\/dicodusport.fr\/blog\/wp-content\/uploads\/2023\/03\/A-Travers-la-Flandre-2023-Christophe-Laporte-simpose-en-patron-1.png\" alt=\"\u00c0 Travers la Flandre 2023 Christophe Laporte s'impose en patron (1)\" width=\"800\" height=\"445\" srcset=\"https:\/\/dicodusport.fr\/blog\/wp-content\/uploads\/2023\/03\/A-Travers-la-Flandre-2023-Christophe-Laporte-simpose-en-patron-1.png 800w, https:\/\/dicodusport.fr\/blog\/wp-content\/uploads\/2023\/03\/A-Travers-la-Flandre-2023-Christophe-Laporte-simpose-en-patron-1-300x167.png 300w, https:\/\/dicodusport.fr\/blog\/wp-content\/uploads\/2023\/03\/A-Travers-la-Flandre-2023-Christophe-Laporte-simpose-en-patron-1-768x427.png 768w\" sizes=\"auto, (max-width: 800px) 100vw, 800px\" \/><\/a><p id=\"caption-attachment-370201\" class=\"wp-caption-text\">\u00c0 Travers la Flandre 2023 &#8211; Christophe Laporte s&rsquo;impose en patron &#8211; Photo Icon Sport<\/p><\/div>\n<p style=\"text-align: justify;\">Deuxi\u00e8me de Milan-San Remo, <strong>Filippo Ganna<\/strong> (INEOS Grenadiers) n&rsquo;est plus qu&rsquo;un sp\u00e9cialiste du contre-la-montre. L&rsquo;Italien a prouv\u00e9 l&rsquo;an dernier qu&rsquo;il pouvait avoir des ambitions \u00e0 Roubaix, sans subir de nombreux p\u00e9pins techniques. Ganna a zapp\u00e9 le Ronde pour faire le plein de fra\u00eecheur pour son grand objectif du printemps.<\/p>\n<p style=\"text-align: justify;\">On aurait pu citer le tenant du titre <strong>Dylan van Baarle<\/strong>. Malheureusement, l&rsquo;ancien coureur d&rsquo;INEOS Grenadiers a chut\u00e9 sur l&rsquo;E3 et a rat\u00e9 le Ronde. S&rsquo;il n&rsquo;est pas \u00e0 100 %, il aidera son leader Van Aert.<\/p>\n<h2 style=\"text-align: justify;\">Les Mordus de pav\u00e9s<\/h2>\n<p style=\"text-align: justify;\">L&rsquo;Enfer du Nord est une affaire de sp\u00e9cialistes avec ses longs secteurs pav\u00e9s o\u00f9 il va falloir d\u00e9velopper de la puissance. <strong>Yves Lampaert<\/strong> a d\u00e9j\u00e0 brill\u00e9 \u00e0 plusieurs reprises sur cette course avec une troisi\u00e8me place en 2019 et une cinqui\u00e8me place en 2021. Pour sauver la campagne printani\u00e8re de la Soudal Quick-Step, un podium au minimum sera exig\u00e9. Le vainqueur de la premi\u00e8re \u00e9tape du Tour 2022 a prouv\u00e9 qu&rsquo;il avait les \u00e9paules pour \u00eatre un leader avec sa troisi\u00e8me place \u00e0 la Classic Bruges-De Panne sous un temps effroyable. De plus, l&rsquo;\u00e9quipe belge a un long savoir-faire sur ce Monument.<\/p>\n<p style=\"text-align: justify;\">Toujours c\u00f4t\u00e9 Belgique,<strong> Jasper Stuyven<\/strong> aura pour objectif de monter sur un premier podium sur l&rsquo;Enfer du Nord avec trois tops 10 en carri\u00e8re dont une quatri\u00e8me place en 2017. Mais, il ne sera pas le seul coureur prot\u00e9g\u00e9 chez Trek Segafredo. En effet, <strong>Mads Pedersen<\/strong> est en forme apr\u00e8s sa troisi\u00e8me place \u00e0 Audenarde samedi dernier en \u00e9tant tr\u00e8s entreprenant. N\u00e9anmoins, le Danois a moins d&rsquo;exp\u00e9rience sur les pav\u00e9s que sur les monts.<\/p>\n<div id=\"attachment_362860\" style=\"width: 810px\" class=\"wp-caption aligncenter\"><a href=\"https:\/\/dicodusport.fr\/blog\/wp-content\/uploads\/2023\/03\/Paris-Nice-2023-Mads-Pedersen-fait-coup-double-sur-la-2e-etape.png\"><img loading=\"lazy\" decoding=\"async\" aria-describedby=\"caption-attachment-362860\" class=\"size-full wp-image-362860\" src=\"https:\/\/dicodusport.fr\/blog\/wp-content\/uploads\/2023\/03\/Paris-Nice-2023-Mads-Pedersen-fait-coup-double-sur-la-2e-etape.png\" alt=\"Paris-Nice 2023\" width=\"800\" height=\"445\" srcset=\"https:\/\/dicodusport.fr\/blog\/wp-content\/uploads\/2023\/03\/Paris-Nice-2023-Mads-Pedersen-fait-coup-double-sur-la-2e-etape.png 800w, https:\/\/dicodusport.fr\/blog\/wp-content\/uploads\/2023\/03\/Paris-Nice-2023-Mads-Pedersen-fait-coup-double-sur-la-2e-etape-300x167.png 300w, https:\/\/dicodusport.fr\/blog\/wp-content\/uploads\/2023\/03\/Paris-Nice-2023-Mads-Pedersen-fait-coup-double-sur-la-2e-etape-768x427.png 768w\" sizes=\"auto, (max-width: 800px) 100vw, 800px\" \/><\/a><p id=\"caption-attachment-362860\" class=\"wp-caption-text\">Mads Pedersen &#8211; Photo Icon Sport<\/p><\/div>\n<p style=\"text-align: justify;\">Deuxi\u00e8me en 2019, battu par Philippe Gilbert, <strong>Nils Politt<\/strong> (Bora-Hansgrohe) jouera tout son printemps sur ce rendez-vous. Le champion d&rsquo;Allemagne avait des sensations plus que correctes sur les courses flandriennes. Cependant, il doit retrouver ses jambes d&rsquo;il y a quatre ans pour esp\u00e9rer faire aussi bien.<\/p>\n<p style=\"text-align: justify;\">Enfin, <strong>Sep Vanmarcke<\/strong> (Israel Premier-Tech) est un habitu\u00e9 de cette course avec de nombreux r\u00e9sultats probants (2e en 2013, 4e en 2016 et 2019). Si la malchance le l\u00e2che, il peut encore facilement entrer dans le top 5. Troisi\u00e8me de Gand-Wevelgem sous un temps \u00e9pouvantable, le Flamand sera un candidat au podium. Reste \u00e0 savoir si ses co\u00e9quipiers seront au rendez-vous comme il y a deux ans, avec Tom Van Asbroeck et Guillaume Boivin.<\/p>\n<h2 style=\"text-align: justify;\">Le r\u00e9veil chez certains ?<\/h2>\n<p style=\"text-align: justify;\">Hors du coup sur les Flandriennes jusqu&rsquo;ici, <strong>Greg Van Avermaet<\/strong> et <strong>Oliver Naesen<\/strong> auront-ils les jambes pour se distinguer ? La victoire est inenvisageable au regard de leurs r\u00e9sultats depuis le d\u00e9but de saison. Les deux coureurs belges ont une solide exp\u00e9rience, notamment Van Avermaet, qui disputera pour la treizi\u00e8me fois Paris-Roubaix.<\/p>\n<p style=\"text-align: justify;\">D\u00e9cevant depuis le d\u00e9but du printemps comme son \u00e9quipe, le champion de France <strong>Florian S\u00e9n\u00e9chal<\/strong> (Soudal Quick-Step) sera sur ses terres pour retrouver le chemin d&rsquo;un bon r\u00e9sultat. Sauf si le chat noir reste du c\u00f4t\u00e9 du coureur du Wolfpack.<\/p>\n<p style=\"text-align: justify;\">On reste chez Patrick Lefevere avec <strong>Kasper Asgreen<\/strong>. Le Danois a \u00e9t\u00e9 transparent tout au long du printemps, avant de r\u00e9appara\u00eetre sur le Tour des Flandres avec une septi\u00e8me place inesp\u00e9r\u00e9e. Paris-Roubaix ne lui a jamais souri. Solide rouleur, il peut \u00eatre un des animateurs de la course. Dans une bonne journ\u00e9e, qui sait ?<\/p>\n<blockquote class=\"twitter-tweet\">\n<p dir=\"ltr\" lang=\"en\">Proud of you, <a href=\"https:\/\/twitter.com\/k_asgreen?ref_src=twsrc%5Etfw\">@k_asgreen<\/a> \ud83d\udc4f<a href=\"https:\/\/twitter.com\/hashtag\/RVV23?src=hash&amp;ref_src=twsrc%5Etfw\">#RVV23<\/a> <a href=\"https:\/\/t.co\/KGg6X5lB1H\">pic.twitter.com\/KGg6X5lB1H<\/a><\/p>\n<p>\u2014 Soudal Quick-Step Pro Cycling Team (@soudalquickstep) <a href=\"https:\/\/twitter.com\/soudalquickstep\/status\/1642535596794028034?ref_src=twsrc%5Etfw\">April 2, 2023<\/a><\/p><\/blockquote>\n<p><script async src=\"https:\/\/platform.twitter.com\/widgets.js\" charset=\"utf-8\"><\/script><\/p>\n<p style=\"text-align: justify;\">En l&rsquo;absence d&rsquo;Adrien Petit, Intermarch\u00e9-Circus-Wanty pourrait retrouver des couleurs gr\u00e2ce \u00e0 <strong>Taco van der Hoorn <\/strong>apr\u00e8s une campagne des Flandriennes d\u00e9licate. Le baroudeur n\u00e9erlandais est le coureur inusable dans l&rsquo;\u00e9chapp\u00e9e matinale qui peut r\u00e9sister tr\u00e8s longtemps comme sur Kuurne-Bruxelles-Kuurne.<\/p>\n<p>Actuellement sur les routes du Tour du Pays Basque,\u00a0<strong>Gianni Moscon <\/strong>fera le voyage entre l&rsquo;Espagne et le Nord de la France. L&rsquo;Italien a fini 4e en 2021 et 5e en 2017. Cependant, le Transalpin a connu des nombreux soucis physiques depuis plusieurs saisons et son \u00e9quipe a presque \u00e9t\u00e9 transparente depuis janvier.<\/p>\n<h2 style=\"text-align: justify;\">Des r\u00e9v\u00e9lations \u00e0 venir ?<\/h2>\n<p style=\"text-align: justify;\">\u00c0 l&rsquo;image de<strong> Tom Devriendt<\/strong> (4e en 2022), <strong>Silvan Dillier<\/strong> (2e en 2018) et <strong>Florian Vermeersch<\/strong> (2e en 2021), l&rsquo;Enfer du Nord peut permettre \u00e0 certains coureurs de se r\u00e9v\u00e9ler dans une belle journ\u00e9e. <strong>Vermeersch<\/strong> sera le plus \u00e0 m\u00eame de r\u00e9\u00e9diter une telle performance puisqu&rsquo;il n&rsquo;a pas \u00e9t\u00e9 ridicule \u00e0 Wevelgem et sur le Ronde. <strong>Devriendt,<\/strong> quant \u00e0 lui, a chang\u00e9 de cr\u00e8merie en rejoignant Q36.5 cet hiver. Et pour le moment, on ne l&rsquo;a pas vu. Comme l&rsquo;an dernier diraient certains.<\/p>\n<p style=\"text-align: justify;\">Figurant dans l&rsquo;\u00e9chapp\u00e9e matinale sur le Tour des Flandres, <strong>Jonas Rutsch<\/strong> (EF Education EasyPost) a le profil du coureur taill\u00e9 pour les pav\u00e9s de Roubaix. Onzi\u00e8me en 2021, l&rsquo;Allemand peut b\u00e9n\u00e9ficier de l&rsquo;\u00e9lan dans une \u00e9quipe en pleine bourre depuis le d\u00e9but de saison.<\/p>\n<p style=\"text-align: justify;\">Quinzi\u00e8me la saison pass\u00e9e, <strong>Matis Louvel<\/strong> (Ark\u00e9a-Samsic) progresse d&rsquo;ann\u00e9e en ann\u00e9e. Le coureur de l&rsquo;\u00e9quipe bretonne aura pour objectif un top 10, ce qui serait une marche suppl\u00e9mentaire dans son d\u00e9veloppement.<\/p>\n<p style=\"text-align: justify;\">Victime de nombreuses chutes depuis plusieurs mois, <strong>Max Walscheid<\/strong> (Cofidis) est b\u00e2ti pour l&rsquo;Enfer du Nord avec son physique lourd et puissant. L&rsquo;Allemand avait fini douzi\u00e8me en 2021. De plus, Cofidis cherchera \u00e0 briller sur ses terres nordistes.<\/p>\n<p style=\"text-align: justify;\">Quinzi\u00e8me du Ronde en jouant les \u00e9quipiers de luxe pour Pogacar, sixi\u00e8me \u00e0 Wevelgem et cinqui\u00e8me \u00e0 Denain. <strong>Mikkel Bjerg<\/strong> est un excellent rouleur, mais un peu plus l\u00e9ger que ses concurrents. Mais, le triple champion du monde espoirs du chrono sera une curiosit\u00e9 dimanche. Bien s\u00fbr, ces coureurs devront anticiper la grande bataille et b\u00e9n\u00e9ficier d&rsquo;\u00e9v\u00e9nements favorables.<\/p>\n<h2 style=\"text-align: justify;\">Un dernier r\u00e9sultat pour les anciens ?<\/h2>\n<p style=\"text-align: justify;\">Certains disputent leur derni\u00e8re saison dans les pelotons professionnels, et ils voudront r\u00e9aliser un r\u00e9sultat en terres d\u00e9j\u00e0 acquises.<\/p>\n<p style=\"text-align: justify;\">Vainqueur en 2018, <strong>Peter Sagan<\/strong> (TotalEnergies) a travers\u00e9 la Primavera et le Ronde dans une quasi anonymat. Le Slovaque sera-t-il capable de briller une derni\u00e8re fois pour sa 36e et derni\u00e8re participation \u00e0 un Monument ? Au pire, la formation TotalEnergies peut esp\u00e9rer une placette de la part d&rsquo;<strong>Anthony Turgis<\/strong>, tr\u00e8s malchanceux la semaine derni\u00e8re.<\/p>\n<p style=\"text-align: justify;\">Deux fois deuxi\u00e8me en 2015 et en 2017, le sp\u00e9cialiste du cyclocross <strong>Zden\u011bk \u0160tybar<\/strong> a lui aussi pass\u00e9 un printemps sans r\u00e9sultat. Est-ce l&rsquo;ann\u00e9e de trop pour le Tch\u00e8que ? DSM s&rsquo;est fait remarquer la semaine derni\u00e8re sur le Ronde mais pas de la bonne mani\u00e8re. <strong>John Degenkolb<\/strong> a perdu de sa superbe depuis plusieurs saisons. L&rsquo;Allemand, deuxi\u00e8me en 2014, peut-il entrer une derni\u00e8re fois dans les 10 ? En tout cas il y a peu d&rsquo;espoir. Enfin, offensif sur \u00c0 Travers la Flandre, <strong>Alexander Kristoff<\/strong> (Uno-X) peut r\u00e9aliser un dernier grand r\u00e9sultat \u00e0 Paris-Roubaix, surtout avec sa puissance et son endurance. Dur au mal, il est un exemple pour les jeunes Scandinaves de son \u00e9quipe.<\/p>\n<h2 style=\"text-align: justify;\">\u00c0 lire aussi<\/h2>\n<ul>\n<li style=\"text-align: justify;\"><a href=\"https:\/\/dicodusport.fr\/blog\/paris-roubaix-2023-a-quelle-heure-et-sur-quelle-chaine-tv\/\" target=\"_blank\" rel=\"noopener\"><strong>Paris-Roubaix 2023 : \u00c0 quelle heure et sur quelle cha\u00eene TV<\/strong><\/a><\/li>\n<li style=\"text-align: justify;\"><a href=\"https:\/\/dicodusport.fr\/blog\/paris-roubaix-2023-les-engages\/\" target=\"_blank\" rel=\"noopener\"><strong>La liste des engag\u00e9s de Paris-Roubaix 2023<\/strong><\/a><\/li>\n<li style=\"text-align: justify;\"><a href=\"https:\/\/dicodusport.fr\/blog\/paris-roubaix-2023-parcours-profil-et-secteurs-paves\/\"><b>Paris-Roubaix : Parcours, profil et secteurs pav\u00e9s<\/b><\/a><\/li>\n<li><a href=\"https:\/\/dicodusport.fr\/blog\/paris-roubaix-2023-notre-pronostic\/\" target=\"_blank\" rel=\"noopener\"><strong>Paris-Roubaix 2023 : Notre pronostic<\/strong><\/a><\/li>\n<\/ul>\n","protected":false},"excerpt":{"rendered":"<p>PARIS-ROUBAIX 2023 &#8211; La 120\u00e8me \u00e9dition de Paris-Roubaix aura lieu ce dimanche 9 avril. Favoris, outsiders et coureurs \u00e0 suivre.<\/p>\n","protected":false},"author":48,"featured_media":372489,"comment_status":"open","ping_status":"closed","sticky":false,"template":"","format":"standard","meta":{"_acf_changed":false,"_daextam_enable_autolinks":"","footnotes":""},"categories":[46994],"tags":[3119,16878,4164,24],"class_list":["post-372436","post","type-post","status-publish","format-standard","has-post-thumbnail","hentry","category-cyclisme-sur-route","tag-actualite-cyclisme","tag-breve","tag-paris-roubaix","tag-sport"],"acf":[],"yoast_head":"<!-- This site is optimized with the Yoast SEO Premium plugin v26.7 (Yoast SEO v26.7) - https:\/\/yoast.com\/wordpress\/plugins\/seo\/ -->\n<title>Paris-Roubaix 2023 : Deux favoris et pl\u00e9thore d&#039;outsiders<\/title>\n<meta name=\"description\" content=\"PARIS-ROUBAIX 2023 - La 120\u00e8me \u00e9dition de Paris-Roubaix aura lieu ce dimanche 9 avril. Favoris, outsiders et coureurs \u00e0 suivre.\" \/>\n<meta name=\"robots\" content=\"index, follow, max-snippet:-1, max-image-preview:large, max-video-preview:-1\" \/>\n<link rel=\"canonical\" href=\"https:\/\/dicodusport.fr\/blog\/paris-roubaix-2023-deux-favoris-et-plethore-d-outsiders\/\" \/>\n<meta property=\"og:locale\" content=\"fr_FR\" \/>\n<meta property=\"og:type\" content=\"article\" \/>\n<meta property=\"og:title\" content=\"Paris-Roubaix 2023 : Deux favoris et pl\u00e9thore d&#039;outsiders\" \/>\n<meta property=\"og:description\" content=\"PARIS-ROUBAIX 2023 - La 120\u00e8me \u00e9dition de Paris-Roubaix aura lieu ce dimanche 9 avril. Favoris, outsiders et coureurs \u00e0 suivre.\" \/>\n<meta property=\"og:url\" content=\"https:\/\/dicodusport.fr\/blog\/paris-roubaix-2023-deux-favoris-et-plethore-d-outsiders\/\" \/>\n<meta property=\"og:site_name\" content=\"Dicodusport\" \/>\n<meta property=\"article:publisher\" content=\"https:\/\/www.facebook.com\/dicodusport\" \/>\n<meta property=\"article:author\" content=\"https:\/\/www.facebook.com\/groups\/LesRoisDuPeloton\" \/>\n<meta property=\"article:published_time\" content=\"2023-04-07T09:16:18+00:00\" \/>\n<meta property=\"article:modified_time\" content=\"2023-04-07T15:41:56+00:00\" \/>\n<meta property=\"og:image\" content=\"https:\/\/dicodusport.fr\/blog\/wp-content\/uploads\/2023\/04\/Paris-Roubaix-2023-Deux-favoris-et-plethore-doutsiders.png\" \/>\n\t<meta property=\"og:image:width\" content=\"800\" \/>\n\t<meta property=\"og:image:height\" content=\"445\" \/>\n\t<meta property=\"og:image:type\" content=\"image\/png\" \/>\n<meta name=\"author\" content=\"Emilien Descampiaux\" \/>\n<meta name=\"twitter:card\" content=\"summary_large_image\" \/>\n<meta name=\"twitter:title\" content=\"Paris-Roubaix 2023 : Deux favoris et pl\u00e9thore d&#039;outsiders\" \/>\n<meta name=\"twitter:creator\" content=\"@https:\/\/twitter.com\/LRoisDuPeloton\" \/>\n<meta name=\"twitter:site\" content=\"@dicodusport\" \/>\n<script type=\"application\/ld+json\" class=\"yoast-schema-graph\">{\"@context\":\"https:\/\/schema.org\",\"@graph\":[{\"@type\":\"NewsArticle\",\"@id\":\"https:\/\/dicodusport.fr\/blog\/paris-roubaix-2023-deux-favoris-et-plethore-d-outsiders\/#article\",\"isPartOf\":{\"@id\":\"https:\/\/dicodusport.fr\/blog\/paris-roubaix-2023-deux-favoris-et-plethore-d-outsiders\/\"},\"author\":{\"name\":\"Emilien Descampiaux\",\"@id\":\"https:\/\/dicodusport.fr\/blog\/#\/schema\/person\/6db4bae06b171592211be385b32876a7\"},\"headline\":\"Paris-Roubaix 2023 : Deux favoris et pl\u00e9thore d&rsquo;outsiders\",\"datePublished\":\"2023-04-07T09:16:18+00:00\",\"dateModified\":\"2023-04-07T15:41:56+00:00\",\"mainEntityOfPage\":{\"@id\":\"https:\/\/dicodusport.fr\/blog\/paris-roubaix-2023-deux-favoris-et-plethore-d-outsiders\/\"},\"wordCount\":1784,\"commentCount\":0,\"publisher\":{\"@id\":\"https:\/\/dicodusport.fr\/blog\/#organization\"},\"image\":{\"@id\":\"https:\/\/dicodusport.fr\/blog\/paris-roubaix-2023-deux-favoris-et-plethore-d-outsiders\/#primaryimage\"},\"thumbnailUrl\":\"https:\/\/dicodusport.fr\/blog\/wp-content\/uploads\/2023\/04\/Paris-Roubaix-2023-Deux-favoris-et-plethore-doutsiders.png\",\"keywords\":[\"Actualit\u00e9 Cyclisme\",\"br\u00e8ve\",\"Paris-Roubaix\",\"sport\"],\"articleSection\":[\"Cyclisme sur route\"],\"inLanguage\":\"fr-FR\",\"potentialAction\":[{\"@type\":\"CommentAction\",\"name\":\"Comment\",\"target\":[\"https:\/\/dicodusport.fr\/blog\/paris-roubaix-2023-deux-favoris-et-plethore-d-outsiders\/#respond\"]}],\"copyrightYear\":\"2023\",\"copyrightHolder\":{\"@id\":\"https:\/\/dicodusport.fr\/blog\/#organization\"}},{\"@type\":\"WebPage\",\"@id\":\"https:\/\/dicodusport.fr\/blog\/paris-roubaix-2023-deux-favoris-et-plethore-d-outsiders\/\",\"url\":\"https:\/\/dicodusport.fr\/blog\/paris-roubaix-2023-deux-favoris-et-plethore-d-outsiders\/\",\"name\":\"Paris-Roubaix 2023 : Deux favoris et pl\u00e9thore d'outsiders\",\"isPartOf\":{\"@id\":\"https:\/\/dicodusport.fr\/blog\/#website\"},\"primaryImageOfPage\":{\"@id\":\"https:\/\/dicodusport.fr\/blog\/paris-roubaix-2023-deux-favoris-et-plethore-d-outsiders\/#primaryimage\"},\"image\":{\"@id\":\"https:\/\/dicodusport.fr\/blog\/paris-roubaix-2023-deux-favoris-et-plethore-d-outsiders\/#primaryimage\"},\"thumbnailUrl\":\"https:\/\/dicodusport.fr\/blog\/wp-content\/uploads\/2023\/04\/Paris-Roubaix-2023-Deux-favoris-et-plethore-doutsiders.png\",\"datePublished\":\"2023-04-07T09:16:18+00:00\",\"dateModified\":\"2023-04-07T15:41:56+00:00\",\"description\":\"PARIS-ROUBAIX 2023 - La 120\u00e8me \u00e9dition de Paris-Roubaix aura lieu ce dimanche 9 avril. Favoris, outsiders et coureurs \u00e0 suivre.\",\"breadcrumb\":{\"@id\":\"https:\/\/dicodusport.fr\/blog\/paris-roubaix-2023-deux-favoris-et-plethore-d-outsiders\/#breadcrumb\"},\"inLanguage\":\"fr-FR\",\"potentialAction\":[{\"@type\":\"ReadAction\",\"target\":[\"https:\/\/dicodusport.fr\/blog\/paris-roubaix-2023-deux-favoris-et-plethore-d-outsiders\/\"]}]},{\"@type\":\"ImageObject\",\"inLanguage\":\"fr-FR\",\"@id\":\"https:\/\/dicodusport.fr\/blog\/paris-roubaix-2023-deux-favoris-et-plethore-d-outsiders\/#primaryimage\",\"url\":\"https:\/\/dicodusport.fr\/blog\/wp-content\/uploads\/2023\/04\/Paris-Roubaix-2023-Deux-favoris-et-plethore-doutsiders.png\",\"contentUrl\":\"https:\/\/dicodusport.fr\/blog\/wp-content\/uploads\/2023\/04\/Paris-Roubaix-2023-Deux-favoris-et-plethore-doutsiders.png\",\"width\":800,\"height\":445,\"caption\":\"Paris-Roubaix 2023 Deux favoris et pl\u00e9thore d'outsiders\"},{\"@type\":\"BreadcrumbList\",\"@id\":\"https:\/\/dicodusport.fr\/blog\/paris-roubaix-2023-deux-favoris-et-plethore-d-outsiders\/#breadcrumb\",\"itemListElement\":[{\"@type\":\"ListItem\",\"position\":1,\"name\":\"Accueil\",\"item\":\"https:\/\/dicodusport.fr\/blog\/\"},{\"@type\":\"ListItem\",\"position\":2,\"name\":\"Paris-Roubaix 2023 : Deux favoris et pl\u00e9thore d&rsquo;outsiders\"}]},{\"@type\":\"WebSite\",\"@id\":\"https:\/\/dicodusport.fr\/blog\/#website\",\"url\":\"https:\/\/dicodusport.fr\/blog\/\",\"name\":\"Dicodusport\",\"description\":\"L&#039;encyclop\u00e9die de l&#039;actualit\u00e9 sportive\",\"publisher\":{\"@id\":\"https:\/\/dicodusport.fr\/blog\/#organization\"},\"potentialAction\":[{\"@type\":\"SearchAction\",\"target\":{\"@type\":\"EntryPoint\",\"urlTemplate\":\"https:\/\/dicodusport.fr\/blog\/?s={search_term_string}\"},\"query-input\":{\"@type\":\"PropertyValueSpecification\",\"valueRequired\":true,\"valueName\":\"search_term_string\"}}],\"inLanguage\":\"fr-FR\"},{\"@type\":\"NewsMediaOrganization\",\"@id\":\"https:\/\/dicodusport.fr\/blog\/#organization\",\"name\":\"Dicodusport\",\"url\":\"https:\/\/dicodusport.fr\/blog\/\",\"logo\":{\"@type\":\"ImageObject\",\"inLanguage\":\"fr-FR\",\"@id\":\"https:\/\/dicodusport.fr\/blog\/#\/schema\/logo\/image\/\",\"url\":\"https:\/\/dicodusport.fr\/blog\/wp-content\/uploads\/2020\/06\/cropped-LOGO-DICODUSPORT-2020-SANS-FOND-SANS-TEXTE.png\",\"contentUrl\":\"https:\/\/dicodusport.fr\/blog\/wp-content\/uploads\/2020\/06\/cropped-LOGO-DICODUSPORT-2020-SANS-FOND-SANS-TEXTE.png\",\"width\":512,\"height\":512,\"caption\":\"Dicodusport\"},\"image\":{\"@id\":\"https:\/\/dicodusport.fr\/blog\/#\/schema\/logo\/image\/\"},\"sameAs\":[\"https:\/\/www.facebook.com\/dicodusport\",\"https:\/\/x.com\/dicodusport\",\"https:\/\/www.instagram.com\/dicodusport\/\",\"https:\/\/www.youtube.com\/channel\/UC7V2KZ5sd3htJivAbA4ZG3w\"],\"description\":\"Dicodusport est l'encyclop\u00e9die de l'actualit\u00e9 sportive.\",\"email\":\"bonjour@dicodusport.fr\",\"legalName\":\"DICODUSPORT\",\"foundingDate\":\"2018-01-14\",\"vatID\":\"FR71834470973\",\"taxID\":\"83447097300043\",\"numberOfEmployees\":{\"@type\":\"QuantitativeValue\",\"minValue\":\"1\",\"maxValue\":\"10\"}},{\"@type\":\"Person\",\"@id\":\"https:\/\/dicodusport.fr\/blog\/#\/schema\/person\/6db4bae06b171592211be385b32876a7\",\"name\":\"Emilien Descampiaux\",\"image\":{\"@type\":\"ImageObject\",\"inLanguage\":\"fr-FR\",\"@id\":\"https:\/\/dicodusport.fr\/blog\/#\/schema\/person\/image\/\",\"url\":\"https:\/\/dicodusport.fr\/blog\/wp-content\/uploads\/2021\/05\/Emilien-Descampiaux-150x150.jpg\",\"contentUrl\":\"https:\/\/dicodusport.fr\/blog\/wp-content\/uploads\/2021\/05\/Emilien-Descampiaux-150x150.jpg\",\"caption\":\"Emilien Descampiaux\"},\"description\":\"Journaliste\/r\u00e9dacteur depuis 2014 - Fan de la classe de Frank Vandenbroucke, je vis cyclisme (et de ses paysages) depuis plus de 20 ans. Je suis tr\u00e8s impliqu\u00e9 sur mes diff\u00e9rents r\u00e9seaux sociaux pour partager ma passion sur le monde et l'Histoire de la bicyclette avec ma voix sur les images en noir et blanc du succ\u00e8s de Rik Van Steenbergen lors du Ronde sur le V\u00e9lodrome de Gand.\",\"sameAs\":[\"https:\/\/www.facebook.com\/groups\/LesRoisDuPeloton\",\"https:\/\/x.com\/https:\/\/twitter.com\/LRoisDuPeloton\"],\"url\":\"https:\/\/dicodusport.fr\/blog\/author\/emiliend\/\"}]}<\/script>\n<!-- \/ Yoast SEO Premium plugin. -->","yoast_head_json":{"title":"Paris-Roubaix 2023 : Deux favoris et pl\u00e9thore d'outsiders","description":"PARIS-ROUBAIX 2023 - La 120\u00e8me \u00e9dition de Paris-Roubaix aura lieu ce dimanche 9 avril. Favoris, outsiders et coureurs \u00e0 suivre.","robots":{"index":"index","follow":"follow","max-snippet":"max-snippet:-1","max-image-preview":"max-image-preview:large","max-video-preview":"max-video-preview:-1"},"canonical":"https:\/\/dicodusport.fr\/blog\/paris-roubaix-2023-deux-favoris-et-plethore-d-outsiders\/","og_locale":"fr_FR","og_type":"article","og_title":"Paris-Roubaix 2023 : Deux favoris et pl\u00e9thore d'outsiders","og_description":"PARIS-ROUBAIX 2023 - La 120\u00e8me \u00e9dition de Paris-Roubaix aura lieu ce dimanche 9 avril. Favoris, outsiders et coureurs \u00e0 suivre.","og_url":"https:\/\/dicodusport.fr\/blog\/paris-roubaix-2023-deux-favoris-et-plethore-d-outsiders\/","og_site_name":"Dicodusport","article_publisher":"https:\/\/www.facebook.com\/dicodusport","article_author":"https:\/\/www.facebook.com\/groups\/LesRoisDuPeloton","article_published_time":"2023-04-07T09:16:18+00:00","article_modified_time":"2023-04-07T15:41:56+00:00","og_image":[{"width":800,"height":445,"url":"https:\/\/dicodusport.fr\/blog\/wp-content\/uploads\/2023\/04\/Paris-Roubaix-2023-Deux-favoris-et-plethore-doutsiders.png","type":"image\/png"}],"author":"Emilien Descampiaux","twitter_card":"summary_large_image","twitter_title":"Paris-Roubaix 2023 : Deux favoris et pl\u00e9thore d'outsiders","twitter_creator":"@https:\/\/twitter.com\/LRoisDuPeloton","twitter_site":"@dicodusport","schema":{"@context":"https:\/\/schema.org","@graph":[{"@type":"NewsArticle","@id":"https:\/\/dicodusport.fr\/blog\/paris-roubaix-2023-deux-favoris-et-plethore-d-outsiders\/#article","isPartOf":{"@id":"https:\/\/dicodusport.fr\/blog\/paris-roubaix-2023-deux-favoris-et-plethore-d-outsiders\/"},"author":{"name":"Emilien Descampiaux","@id":"https:\/\/dicodusport.fr\/blog\/#\/schema\/person\/6db4bae06b171592211be385b32876a7"},"headline":"Paris-Roubaix 2023 : Deux favoris et pl\u00e9thore d&rsquo;outsiders","datePublished":"2023-04-07T09:16:18+00:00","dateModified":"2023-04-07T15:41:56+00:00","mainEntityOfPage":{"@id":"https:\/\/dicodusport.fr\/blog\/paris-roubaix-2023-deux-favoris-et-plethore-d-outsiders\/"},"wordCount":1784,"commentCount":0,"publisher":{"@id":"https:\/\/dicodusport.fr\/blog\/#organization"},"image":{"@id":"https:\/\/dicodusport.fr\/blog\/paris-roubaix-2023-deux-favoris-et-plethore-d-outsiders\/#primaryimage"},"thumbnailUrl":"https:\/\/dicodusport.fr\/blog\/wp-content\/uploads\/2023\/04\/Paris-Roubaix-2023-Deux-favoris-et-plethore-doutsiders.png","keywords":["Actualit\u00e9 Cyclisme","br\u00e8ve","Paris-Roubaix","sport"],"articleSection":["Cyclisme sur route"],"inLanguage":"fr-FR","potentialAction":[{"@type":"CommentAction","name":"Comment","target":["https:\/\/dicodusport.fr\/blog\/paris-roubaix-2023-deux-favoris-et-plethore-d-outsiders\/#respond"]}],"copyrightYear":"2023","copyrightHolder":{"@id":"https:\/\/dicodusport.fr\/blog\/#organization"}},{"@type":"WebPage","@id":"https:\/\/dicodusport.fr\/blog\/paris-roubaix-2023-deux-favoris-et-plethore-d-outsiders\/","url":"https:\/\/dicodusport.fr\/blog\/paris-roubaix-2023-deux-favoris-et-plethore-d-outsiders\/","name":"Paris-Roubaix 2023 : Deux favoris et pl\u00e9thore d'outsiders","isPartOf":{"@id":"https:\/\/dicodusport.fr\/blog\/#website"},"primaryImageOfPage":{"@id":"https:\/\/dicodusport.fr\/blog\/paris-roubaix-2023-deux-favoris-et-plethore-d-outsiders\/#primaryimage"},"image":{"@id":"https:\/\/dicodusport.fr\/blog\/paris-roubaix-2023-deux-favoris-et-plethore-d-outsiders\/#primaryimage"},"thumbnailUrl":"https:\/\/dicodusport.fr\/blog\/wp-content\/uploads\/2023\/04\/Paris-Roubaix-2023-Deux-favoris-et-plethore-doutsiders.png","datePublished":"2023-04-07T09:16:18+00:00","dateModified":"2023-04-07T15:41:56+00:00","description":"PARIS-ROUBAIX 2023 - La 120\u00e8me \u00e9dition de Paris-Roubaix aura lieu ce dimanche 9 avril. Favoris, outsiders et coureurs \u00e0 suivre.","breadcrumb":{"@id":"https:\/\/dicodusport.fr\/blog\/paris-roubaix-2023-deux-favoris-et-plethore-d-outsiders\/#breadcrumb"},"inLanguage":"fr-FR","potentialAction":[{"@type":"ReadAction","target":["https:\/\/dicodusport.fr\/blog\/paris-roubaix-2023-deux-favoris-et-plethore-d-outsiders\/"]}]},{"@type":"ImageObject","inLanguage":"fr-FR","@id":"https:\/\/dicodusport.fr\/blog\/paris-roubaix-2023-deux-favoris-et-plethore-d-outsiders\/#primaryimage","url":"https:\/\/dicodusport.fr\/blog\/wp-content\/uploads\/2023\/04\/Paris-Roubaix-2023-Deux-favoris-et-plethore-doutsiders.png","contentUrl":"https:\/\/dicodusport.fr\/blog\/wp-content\/uploads\/2023\/04\/Paris-Roubaix-2023-Deux-favoris-et-plethore-doutsiders.png","width":800,"height":445,"caption":"Paris-Roubaix 2023 Deux favoris et pl\u00e9thore d'outsiders"},{"@type":"BreadcrumbList","@id":"https:\/\/dicodusport.fr\/blog\/paris-roubaix-2023-deux-favoris-et-plethore-d-outsiders\/#breadcrumb","itemListElement":[{"@type":"ListItem","position":1,"name":"Accueil","item":"https:\/\/dicodusport.fr\/blog\/"},{"@type":"ListItem","position":2,"name":"Paris-Roubaix 2023 : Deux favoris et pl\u00e9thore d&rsquo;outsiders"}]},{"@type":"WebSite","@id":"https:\/\/dicodusport.fr\/blog\/#website","url":"https:\/\/dicodusport.fr\/blog\/","name":"Dicodusport","description":"L&#039;encyclop\u00e9die de l&#039;actualit\u00e9 sportive","publisher":{"@id":"https:\/\/dicodusport.fr\/blog\/#organization"},"potentialAction":[{"@type":"SearchAction","target":{"@type":"EntryPoint","urlTemplate":"https:\/\/dicodusport.fr\/blog\/?s={search_term_string}"},"query-input":{"@type":"PropertyValueSpecification","valueRequired":true,"valueName":"search_term_string"}}],"inLanguage":"fr-FR"},{"@type":"NewsMediaOrganization","@id":"https:\/\/dicodusport.fr\/blog\/#organization","name":"Dicodusport","url":"https:\/\/dicodusport.fr\/blog\/","logo":{"@type":"ImageObject","inLanguage":"fr-FR","@id":"https:\/\/dicodusport.fr\/blog\/#\/schema\/logo\/image\/","url":"https:\/\/dicodusport.fr\/blog\/wp-content\/uploads\/2020\/06\/cropped-LOGO-DICODUSPORT-2020-SANS-FOND-SANS-TEXTE.png","contentUrl":"https:\/\/dicodusport.fr\/blog\/wp-content\/uploads\/2020\/06\/cropped-LOGO-DICODUSPORT-2020-SANS-FOND-SANS-TEXTE.png","width":512,"height":512,"caption":"Dicodusport"},"image":{"@id":"https:\/\/dicodusport.fr\/blog\/#\/schema\/logo\/image\/"},"sameAs":["https:\/\/www.facebook.com\/dicodusport","https:\/\/x.com\/dicodusport","https:\/\/www.instagram.com\/dicodusport\/","https:\/\/www.youtube.com\/channel\/UC7V2KZ5sd3htJivAbA4ZG3w"],"description":"Dicodusport est l'encyclop\u00e9die de l'actualit\u00e9 sportive.","email":"bonjour@dicodusport.fr","legalName":"DICODUSPORT","foundingDate":"2018-01-14","vatID":"FR71834470973","taxID":"83447097300043","numberOfEmployees":{"@type":"QuantitativeValue","minValue":"1","maxValue":"10"}},{"@type":"Person","@id":"https:\/\/dicodusport.fr\/blog\/#\/schema\/person\/6db4bae06b171592211be385b32876a7","name":"Emilien Descampiaux","image":{"@type":"ImageObject","inLanguage":"fr-FR","@id":"https:\/\/dicodusport.fr\/blog\/#\/schema\/person\/image\/","url":"https:\/\/dicodusport.fr\/blog\/wp-content\/uploads\/2021\/05\/Emilien-Descampiaux-150x150.jpg","contentUrl":"https:\/\/dicodusport.fr\/blog\/wp-content\/uploads\/2021\/05\/Emilien-Descampiaux-150x150.jpg","caption":"Emilien Descampiaux"},"description":"Journaliste\/r\u00e9dacteur depuis 2014 - Fan de la classe de Frank Vandenbroucke, je vis cyclisme (et de ses paysages) depuis plus de 20 ans. Je suis tr\u00e8s impliqu\u00e9 sur mes diff\u00e9rents r\u00e9seaux sociaux pour partager ma passion sur le monde et l'Histoire de la bicyclette avec ma voix sur les images en noir et blanc du succ\u00e8s de Rik Van Steenbergen lors du Ronde sur le V\u00e9lodrome de Gand.","sameAs":["https:\/\/www.facebook.com\/groups\/LesRoisDuPeloton","https:\/\/x.com\/https:\/\/twitter.com\/LRoisDuPeloton"],"url":"https:\/\/dicodusport.fr\/blog\/author\/emiliend\/"}]}},"_links":{"self":[{"href":"https:\/\/dicodusport.fr\/blog\/wp-json\/wp\/v2\/posts\/372436","targetHints":{"allow":["GET"]}}],"collection":[{"href":"https:\/\/dicodusport.fr\/blog\/wp-json\/wp\/v2\/posts"}],"about":[{"href":"https:\/\/dicodusport.fr\/blog\/wp-json\/wp\/v2\/types\/post"}],"author":[{"embeddable":true,"href":"https:\/\/dicodusport.fr\/blog\/wp-json\/wp\/v2\/users\/48"}],"replies":[{"embeddable":true,"href":"https:\/\/dicodusport.fr\/blog\/wp-json\/wp\/v2\/comments?post=372436"}],"version-history":[{"count":0,"href":"https:\/\/dicodusport.fr\/blog\/wp-json\/wp\/v2\/posts\/372436\/revisions"}],"wp:featuredmedia":[{"embeddable":true,"href":"https:\/\/dicodusport.fr\/blog\/wp-json\/wp\/v2\/media\/372489"}],"wp:attachment":[{"href":"https:\/\/dicodusport.fr\/blog\/wp-json\/wp\/v2\/media?parent=372436"}],"wp:term":[{"taxonomy":"category","embeddable":true,"href":"https:\/\/dicodusport.fr\/blog\/wp-json\/wp\/v2\/categories?post=372436"},{"taxonomy":"post_tag","embeddable":true,"href":"https:\/\/dicodusport.fr\/blog\/wp-json\/wp\/v2\/tags?post=372436"}],"curies":[{"name":"wp","href":"https:\/\/api.w.org\/{rel}","templated":true}]}}