{"id":372621,"date":"2023-04-07T20:31:20","date_gmt":"2023-04-07T18:31:20","guid":{"rendered":"https:\/\/dicodusport.fr\/blog\/?p=372621&#038;preview=true&#038;preview_id=372621"},"modified":"2023-04-07T23:29:55","modified_gmt":"2023-04-07T21:29:55","slug":"atp-estoril-quentin-halys-soffre-le-scalp-de-dominic-thiem","status":"publish","type":"post","link":"https:\/\/dicodusport.fr\/blog\/atp-estoril-quentin-halys-soffre-le-scalp-de-dominic-thiem\/","title":{"rendered":"ATP Estoril : Quentin Halys s&rsquo;offre le scalp de Dominic Thiem !"},"content":{"rendered":"<p align=\"justify\"><em><strong>ATP ESTORIL &#8211; Quentin Halys continue sur sa fabuleuse lanc\u00e9e des derni\u00e8res semaines. Le Fran\u00e7ais de 26 ans est en train de faire une razzia \u00e0 l&rsquo;ATP 250 d&rsquo;Estoril. Apr\u00e8s avoir fait tomber Roberto Bautista-Agut hier, il a largement domin\u00e9 Dominic Thiem ce soir, 6-4 6-1. <a href=\"https:\/\/dicodusport.fr\/blog\/atp-marrakech-alexandre-muller-soffre-la-meilleure-performance-de-sa-vie-contre-musetti\/\">Comme son compatriote Alexandre M\u00fcller<\/a>, Halys va conna\u00eetre demain sa premi\u00e8re demi-finale sur le circuit principal.<br \/>\n<\/strong><\/em><\/p>\n<p align=\"justify\"><strong>262 minutes. Soit 1h27 de moyenne<\/strong>. C&rsquo;est le (tr\u00e8s) faible temps pass\u00e9 sur les courts par <strong>Quentin Halys<\/strong> cette semaine, pour se d\u00e9faire de trois excellents adversaires : <strong>Nuno Borges<\/strong> (n\u00b065 mondial), <strong>Roberto Bautista-Agut<\/strong> (n\u00b028) et <strong>Dominic Thiem<\/strong> (n\u00b0111). Le Fran\u00e7ais n&rsquo;a pas perdu le moindre set pour y arriver. Ce qui prouve \u00e0 quel point il est dans la forme de sa vie. <strong>Il a roul\u00e9 sur la concurrence comme il ne l&rsquo;avait jamais fait sur un tournoi du circuit principal<\/strong>. Sa victoire contre un Dominic Thiem qui semblait pourtant avoir repris des couleurs cette semaine en est la preuve. Halys n&rsquo;a pas conc\u00e9d\u00e9 la moindre balle de break, et a converti les 3 occasions qu&rsquo;il a eues sur le service de l&rsquo;Autrichien. Il ne lui a laiss\u00e9 aucune chance.<\/p>\n<p align=\"justify\">Demain, le Parisien disputera sa premi\u00e8re demi-finale sur le circuit ATP. Ce bel accomplissement vient r\u00e9compenser un d\u00e9but de saison canon. Apr\u00e8s <a href=\"https:\/\/dicodusport.fr\/blog\/quentin-halys-le-niveau-est-plus-ou-moins-identique-en-atp-et-challenger\/\">une saison d&rsquo;adaptation compliqu\u00e9e en 2022<\/a>, <strong>il est enfin parvenu \u00e0 s&rsquo;imposer sur le circuit principal, et \u00e0 rivaliser avec les joueurs du Top 100<\/strong>. Lui qui a toujours eu les armes tennistiques pour aller haut avait toujours p\u00e9ch\u00e9 par son mental. Ces derni\u00e8res semaines, il a justement prouv\u00e9 qu&rsquo;il avait travaill\u00e9 l\u00e0-dessus. C&rsquo;est sans trembler qu&rsquo;il a vaincu ces adversaires qui devaient lui sembler inaccessibles il y a encore quelques ann\u00e9es.<\/p>\n<h2 align=\"justify\">\u00ab C&rsquo;est une semaine folle pour moi \u00bb<\/h2>\n<p align=\"justify\">Halys profite \u00e0 fond de ce moment, comme il l&rsquo;a expliqu\u00e9 apr\u00e8s son match ce soir : <em>\u00ab C&rsquo;est une semaine folle pour moi. Je joue tellement bien, dans quasiment tous les compartiments de mon jeu : je sers tr\u00e8s bien, je suis agressif, ce qui est vraiment la cl\u00e9 pour moi.<strong> Quand je joue comme \u00e7a, j&rsquo;ai le sentiment que je peux battre beaucoup de joueurs<\/strong>. \u00bb <\/em>Une confiance id\u00e9ale avant d&rsquo;aborder la demi-finale demain, contre un \u00e9norme client : le n\u00b05 mondial, <strong>Casper Ruud<\/strong>.<\/p>\n<blockquote class=\"twitter-tweet\">\n<p dir=\"ltr\" lang=\"en\">On a roll \ud83d\ude4c<a href=\"https:\/\/twitter.com\/QuentinHalys?ref_src=twsrc%5Etfw\">@QuentinHalys<\/a> is through to first ATP Tour SF after knocking out Thiem 6-1 6-4.<a href=\"https:\/\/twitter.com\/EstorilOpen?ref_src=twsrc%5Etfw\">@EstorilOpen<\/a> | <a href=\"https:\/\/twitter.com\/hashtag\/EstorilOpen?src=hash&amp;ref_src=twsrc%5Etfw\">#EstorilOpen<\/a> <a href=\"https:\/\/t.co\/whlwhjiNXP\">pic.twitter.com\/whlwhjiNXP<\/a><\/p>\n<p>\u2014 ATP Tour (@atptour) <a href=\"https:\/\/twitter.com\/atptour\/status\/1644394854867140616?ref_src=twsrc%5Etfw\">April 7, 2023<\/a><\/p><\/blockquote>\n<p><script async src=\"https:\/\/platform.twitter.com\/widgets.js\" charset=\"utf-8\"><\/script><\/p>\n","protected":false},"excerpt":{"rendered":"<p>ATP ESTORIL &#8211; Quentin Halys continue sur sa fabuleuse lanc\u00e9e des derni\u00e8res semaines. Le Fran\u00e7ais de 26 ans est en train de faire une razzia \u00e0 l&rsquo;ATP 250 d&rsquo;Estoril. Apr\u00e8s avoir fait tomber Roberto Bautista-Agut hier, il a largement domin\u00e9 Dominic Thiem ce soir, 6-4 6-1. Comme son compatriote Alexandre M\u00fcller, Halys va conna\u00eetre demain [&hellip;]<\/p>\n","protected":false},"author":13,"featured_media":372629,"comment_status":"open","ping_status":"closed","sticky":false,"template":"","format":"standard","meta":{"_acf_changed":false,"_daextam_enable_autolinks":"","footnotes":""},"categories":[2302],"tags":[16218,16878,3483,18563,2477],"class_list":["post-372621","post","type-post","status-publish","format-standard","has-post-thumbnail","hentry","category-tennis","tag-atp-estoril","tag-breve","tag-dominic-thiem","tag-francais-tennis","tag-quentin-halys"],"acf":[],"yoast_head":"<!-- This site is optimized with the Yoast SEO Premium plugin v26.7 (Yoast SEO v26.7) - https:\/\/yoast.com\/wordpress\/plugins\/seo\/ -->\n<title>ATP Estoril : Quentin Halys s&#039;offre le scalp de Dominic Thiem !<\/title>\n<meta name=\"description\" content=\"Apr\u00e8s avoir fait tomber Roberto Bautista-Agut hier, Quentin Halys continue sur sa fabuleuse lanc\u00e9e \u00e0 Estoril en s&#039;offrant Dominic Thiem.\" \/>\n<meta name=\"robots\" content=\"index, follow, max-snippet:-1, max-image-preview:large, max-video-preview:-1\" \/>\n<link rel=\"canonical\" href=\"https:\/\/dicodusport.fr\/blog\/atp-estoril-quentin-halys-soffre-le-scalp-de-dominic-thiem\/\" \/>\n<meta property=\"og:locale\" content=\"fr_FR\" \/>\n<meta property=\"og:type\" content=\"article\" \/>\n<meta property=\"og:title\" content=\"ATP Estoril : Quentin Halys s&#039;offre le scalp de Dominic Thiem !\" \/>\n<meta property=\"og:description\" content=\"Apr\u00e8s avoir fait tomber Roberto Bautista-Agut hier, Quentin Halys continue sur sa fabuleuse lanc\u00e9e \u00e0 Estoril en s&#039;offrant Dominic Thiem.\" \/>\n<meta property=\"og:url\" content=\"https:\/\/dicodusport.fr\/blog\/atp-estoril-quentin-halys-soffre-le-scalp-de-dominic-thiem\/\" \/>\n<meta property=\"og:site_name\" content=\"Dicodusport\" \/>\n<meta property=\"article:publisher\" content=\"https:\/\/www.facebook.com\/dicodusport\" \/>\n<meta property=\"article:published_time\" content=\"2023-04-07T18:31:20+00:00\" \/>\n<meta property=\"article:modified_time\" content=\"2023-04-07T21:29:55+00:00\" \/>\n<meta property=\"og:image\" content=\"https:\/\/dicodusport.fr\/blog\/wp-content\/uploads\/2023\/04\/atp-estoril-quentin-halys-soffre-le-scalp-de-dominic-thiem.png\" \/>\n\t<meta property=\"og:image:width\" content=\"800\" \/>\n\t<meta property=\"og:image:height\" content=\"445\" \/>\n\t<meta property=\"og:image:type\" content=\"image\/png\" \/>\n<meta name=\"author\" content=\"Tom Compayrot\" \/>\n<meta name=\"twitter:card\" content=\"summary_large_image\" \/>\n<meta name=\"twitter:title\" content=\"ATP Estoril : Quentin Halys s&#039;offre le scalp de Dominic Thiem !\" \/>\n<meta name=\"twitter:creator\" content=\"@https:\/\/twitter.com\/Tom_Cprt\" \/>\n<meta name=\"twitter:site\" content=\"@dicodusport\" \/>\n<script type=\"application\/ld+json\" class=\"yoast-schema-graph\">{\"@context\":\"https:\/\/schema.org\",\"@graph\":[{\"@type\":\"NewsArticle\",\"@id\":\"https:\/\/dicodusport.fr\/blog\/atp-estoril-quentin-halys-soffre-le-scalp-de-dominic-thiem\/#article\",\"isPartOf\":{\"@id\":\"https:\/\/dicodusport.fr\/blog\/atp-estoril-quentin-halys-soffre-le-scalp-de-dominic-thiem\/\"},\"author\":{\"name\":\"Tom Compayrot\",\"@id\":\"https:\/\/dicodusport.fr\/blog\/#\/schema\/person\/bf1e4f404e108bd2be5b447b16bde9a7\"},\"headline\":\"ATP Estoril : Quentin Halys s&rsquo;offre le scalp de Dominic Thiem !\",\"datePublished\":\"2023-04-07T18:31:20+00:00\",\"dateModified\":\"2023-04-07T21:29:55+00:00\",\"mainEntityOfPage\":{\"@id\":\"https:\/\/dicodusport.fr\/blog\/atp-estoril-quentin-halys-soffre-le-scalp-de-dominic-thiem\/\"},\"wordCount\":441,\"commentCount\":0,\"publisher\":{\"@id\":\"https:\/\/dicodusport.fr\/blog\/#organization\"},\"image\":{\"@id\":\"https:\/\/dicodusport.fr\/blog\/atp-estoril-quentin-halys-soffre-le-scalp-de-dominic-thiem\/#primaryimage\"},\"thumbnailUrl\":\"https:\/\/dicodusport.fr\/blog\/wp-content\/uploads\/2023\/04\/atp-estoril-quentin-halys-soffre-le-scalp-de-dominic-thiem.png\",\"keywords\":[\"ATP Estoril\",\"br\u00e8ve\",\"Dominic Thiem\",\"fran\u00e7ais tennis\",\"Quentin Halys\"],\"articleSection\":[\"Tennis\"],\"inLanguage\":\"fr-FR\",\"potentialAction\":[{\"@type\":\"CommentAction\",\"name\":\"Comment\",\"target\":[\"https:\/\/dicodusport.fr\/blog\/atp-estoril-quentin-halys-soffre-le-scalp-de-dominic-thiem\/#respond\"]}],\"copyrightYear\":\"2023\",\"copyrightHolder\":{\"@id\":\"https:\/\/dicodusport.fr\/blog\/#organization\"}},{\"@type\":\"WebPage\",\"@id\":\"https:\/\/dicodusport.fr\/blog\/atp-estoril-quentin-halys-soffre-le-scalp-de-dominic-thiem\/\",\"url\":\"https:\/\/dicodusport.fr\/blog\/atp-estoril-quentin-halys-soffre-le-scalp-de-dominic-thiem\/\",\"name\":\"ATP Estoril : Quentin Halys s'offre le scalp de Dominic Thiem !\",\"isPartOf\":{\"@id\":\"https:\/\/dicodusport.fr\/blog\/#website\"},\"primaryImageOfPage\":{\"@id\":\"https:\/\/dicodusport.fr\/blog\/atp-estoril-quentin-halys-soffre-le-scalp-de-dominic-thiem\/#primaryimage\"},\"image\":{\"@id\":\"https:\/\/dicodusport.fr\/blog\/atp-estoril-quentin-halys-soffre-le-scalp-de-dominic-thiem\/#primaryimage\"},\"thumbnailUrl\":\"https:\/\/dicodusport.fr\/blog\/wp-content\/uploads\/2023\/04\/atp-estoril-quentin-halys-soffre-le-scalp-de-dominic-thiem.png\",\"datePublished\":\"2023-04-07T18:31:20+00:00\",\"dateModified\":\"2023-04-07T21:29:55+00:00\",\"description\":\"Apr\u00e8s avoir fait tomber Roberto Bautista-Agut hier, Quentin Halys continue sur sa fabuleuse lanc\u00e9e \u00e0 Estoril en s'offrant Dominic Thiem.\",\"breadcrumb\":{\"@id\":\"https:\/\/dicodusport.fr\/blog\/atp-estoril-quentin-halys-soffre-le-scalp-de-dominic-thiem\/#breadcrumb\"},\"inLanguage\":\"fr-FR\",\"potentialAction\":[{\"@type\":\"ReadAction\",\"target\":[\"https:\/\/dicodusport.fr\/blog\/atp-estoril-quentin-halys-soffre-le-scalp-de-dominic-thiem\/\"]}]},{\"@type\":\"ImageObject\",\"inLanguage\":\"fr-FR\",\"@id\":\"https:\/\/dicodusport.fr\/blog\/atp-estoril-quentin-halys-soffre-le-scalp-de-dominic-thiem\/#primaryimage\",\"url\":\"https:\/\/dicodusport.fr\/blog\/wp-content\/uploads\/2023\/04\/atp-estoril-quentin-halys-soffre-le-scalp-de-dominic-thiem.png\",\"contentUrl\":\"https:\/\/dicodusport.fr\/blog\/wp-content\/uploads\/2023\/04\/atp-estoril-quentin-halys-soffre-le-scalp-de-dominic-thiem.png\",\"width\":800,\"height\":445},{\"@type\":\"BreadcrumbList\",\"@id\":\"https:\/\/dicodusport.fr\/blog\/atp-estoril-quentin-halys-soffre-le-scalp-de-dominic-thiem\/#breadcrumb\",\"itemListElement\":[{\"@type\":\"ListItem\",\"position\":1,\"name\":\"Accueil\",\"item\":\"https:\/\/dicodusport.fr\/blog\/\"},{\"@type\":\"ListItem\",\"position\":2,\"name\":\"ATP Estoril : Quentin Halys s&rsquo;offre le scalp de Dominic Thiem !\"}]},{\"@type\":\"WebSite\",\"@id\":\"https:\/\/dicodusport.fr\/blog\/#website\",\"url\":\"https:\/\/dicodusport.fr\/blog\/\",\"name\":\"Dicodusport\",\"description\":\"L&#039;encyclop\u00e9die de l&#039;actualit\u00e9 sportive\",\"publisher\":{\"@id\":\"https:\/\/dicodusport.fr\/blog\/#organization\"},\"potentialAction\":[{\"@type\":\"SearchAction\",\"target\":{\"@type\":\"EntryPoint\",\"urlTemplate\":\"https:\/\/dicodusport.fr\/blog\/?s={search_term_string}\"},\"query-input\":{\"@type\":\"PropertyValueSpecification\",\"valueRequired\":true,\"valueName\":\"search_term_string\"}}],\"inLanguage\":\"fr-FR\"},{\"@type\":\"NewsMediaOrganization\",\"@id\":\"https:\/\/dicodusport.fr\/blog\/#organization\",\"name\":\"Dicodusport\",\"url\":\"https:\/\/dicodusport.fr\/blog\/\",\"logo\":{\"@type\":\"ImageObject\",\"inLanguage\":\"fr-FR\",\"@id\":\"https:\/\/dicodusport.fr\/blog\/#\/schema\/logo\/image\/\",\"url\":\"https:\/\/dicodusport.fr\/blog\/wp-content\/uploads\/2020\/06\/cropped-LOGO-DICODUSPORT-2020-SANS-FOND-SANS-TEXTE.png\",\"contentUrl\":\"https:\/\/dicodusport.fr\/blog\/wp-content\/uploads\/2020\/06\/cropped-LOGO-DICODUSPORT-2020-SANS-FOND-SANS-TEXTE.png\",\"width\":512,\"height\":512,\"caption\":\"Dicodusport\"},\"image\":{\"@id\":\"https:\/\/dicodusport.fr\/blog\/#\/schema\/logo\/image\/\"},\"sameAs\":[\"https:\/\/www.facebook.com\/dicodusport\",\"https:\/\/x.com\/dicodusport\",\"https:\/\/www.instagram.com\/dicodusport\/\",\"https:\/\/www.youtube.com\/channel\/UC7V2KZ5sd3htJivAbA4ZG3w\"],\"description\":\"Dicodusport est l'encyclop\u00e9die de l'actualit\u00e9 sportive.\",\"email\":\"bonjour@dicodusport.fr\",\"legalName\":\"DICODUSPORT\",\"foundingDate\":\"2018-01-14\",\"vatID\":\"FR71834470973\",\"taxID\":\"83447097300043\",\"numberOfEmployees\":{\"@type\":\"QuantitativeValue\",\"minValue\":\"1\",\"maxValue\":\"10\"}},{\"@type\":\"Person\",\"@id\":\"https:\/\/dicodusport.fr\/blog\/#\/schema\/person\/bf1e4f404e108bd2be5b447b16bde9a7\",\"name\":\"Tom Compayrot\",\"image\":{\"@type\":\"ImageObject\",\"inLanguage\":\"fr-FR\",\"@id\":\"https:\/\/dicodusport.fr\/blog\/#\/schema\/person\/image\/\",\"url\":\"https:\/\/dicodusport.fr\/blog\/wp-content\/uploads\/2021\/05\/Tom-Compayrot-150x150.jpg\",\"contentUrl\":\"https:\/\/dicodusport.fr\/blog\/wp-content\/uploads\/2021\/05\/Tom-Compayrot-150x150.jpg\",\"caption\":\"Tom Compayrot\"},\"description\":\"Journaliste\/r\u00e9dacteur depuis mars 2017 - Amoureux de la petite balle jaune et du gros ballon orange qui tra\u00eene sa carcasse sur Dicodusport depuis 2017. Rafael Nadal et LeBron James sont les meilleurs joueurs de l'histoire.\",\"sameAs\":[\"https:\/\/x.com\/https:\/\/twitter.com\/Tom_Cprt\"],\"url\":\"https:\/\/dicodusport.fr\/blog\/author\/tom\/\"}]}<\/script>\n<!-- \/ Yoast SEO Premium plugin. -->","yoast_head_json":{"title":"ATP Estoril : Quentin Halys s'offre le scalp de Dominic Thiem !","description":"Apr\u00e8s avoir fait tomber Roberto Bautista-Agut hier, Quentin Halys continue sur sa fabuleuse lanc\u00e9e \u00e0 Estoril en s'offrant Dominic Thiem.","robots":{"index":"index","follow":"follow","max-snippet":"max-snippet:-1","max-image-preview":"max-image-preview:large","max-video-preview":"max-video-preview:-1"},"canonical":"https:\/\/dicodusport.fr\/blog\/atp-estoril-quentin-halys-soffre-le-scalp-de-dominic-thiem\/","og_locale":"fr_FR","og_type":"article","og_title":"ATP Estoril : Quentin Halys s'offre le scalp de Dominic Thiem !","og_description":"Apr\u00e8s avoir fait tomber Roberto Bautista-Agut hier, Quentin Halys continue sur sa fabuleuse lanc\u00e9e \u00e0 Estoril en s'offrant Dominic Thiem.","og_url":"https:\/\/dicodusport.fr\/blog\/atp-estoril-quentin-halys-soffre-le-scalp-de-dominic-thiem\/","og_site_name":"Dicodusport","article_publisher":"https:\/\/www.facebook.com\/dicodusport","article_published_time":"2023-04-07T18:31:20+00:00","article_modified_time":"2023-04-07T21:29:55+00:00","og_image":[{"width":800,"height":445,"url":"https:\/\/dicodusport.fr\/blog\/wp-content\/uploads\/2023\/04\/atp-estoril-quentin-halys-soffre-le-scalp-de-dominic-thiem.png","type":"image\/png"}],"author":"Tom Compayrot","twitter_card":"summary_large_image","twitter_title":"ATP Estoril : Quentin Halys s'offre le scalp de Dominic Thiem !","twitter_creator":"@https:\/\/twitter.com\/Tom_Cprt","twitter_site":"@dicodusport","schema":{"@context":"https:\/\/schema.org","@graph":[{"@type":"NewsArticle","@id":"https:\/\/dicodusport.fr\/blog\/atp-estoril-quentin-halys-soffre-le-scalp-de-dominic-thiem\/#article","isPartOf":{"@id":"https:\/\/dicodusport.fr\/blog\/atp-estoril-quentin-halys-soffre-le-scalp-de-dominic-thiem\/"},"author":{"name":"Tom Compayrot","@id":"https:\/\/dicodusport.fr\/blog\/#\/schema\/person\/bf1e4f404e108bd2be5b447b16bde9a7"},"headline":"ATP Estoril : Quentin Halys s&rsquo;offre le scalp de Dominic Thiem !","datePublished":"2023-04-07T18:31:20+00:00","dateModified":"2023-04-07T21:29:55+00:00","mainEntityOfPage":{"@id":"https:\/\/dicodusport.fr\/blog\/atp-estoril-quentin-halys-soffre-le-scalp-de-dominic-thiem\/"},"wordCount":441,"commentCount":0,"publisher":{"@id":"https:\/\/dicodusport.fr\/blog\/#organization"},"image":{"@id":"https:\/\/dicodusport.fr\/blog\/atp-estoril-quentin-halys-soffre-le-scalp-de-dominic-thiem\/#primaryimage"},"thumbnailUrl":"https:\/\/dicodusport.fr\/blog\/wp-content\/uploads\/2023\/04\/atp-estoril-quentin-halys-soffre-le-scalp-de-dominic-thiem.png","keywords":["ATP Estoril","br\u00e8ve","Dominic Thiem","fran\u00e7ais tennis","Quentin Halys"],"articleSection":["Tennis"],"inLanguage":"fr-FR","potentialAction":[{"@type":"CommentAction","name":"Comment","target":["https:\/\/dicodusport.fr\/blog\/atp-estoril-quentin-halys-soffre-le-scalp-de-dominic-thiem\/#respond"]}],"copyrightYear":"2023","copyrightHolder":{"@id":"https:\/\/dicodusport.fr\/blog\/#organization"}},{"@type":"WebPage","@id":"https:\/\/dicodusport.fr\/blog\/atp-estoril-quentin-halys-soffre-le-scalp-de-dominic-thiem\/","url":"https:\/\/dicodusport.fr\/blog\/atp-estoril-quentin-halys-soffre-le-scalp-de-dominic-thiem\/","name":"ATP Estoril : Quentin Halys s'offre le scalp de Dominic Thiem !","isPartOf":{"@id":"https:\/\/dicodusport.fr\/blog\/#website"},"primaryImageOfPage":{"@id":"https:\/\/dicodusport.fr\/blog\/atp-estoril-quentin-halys-soffre-le-scalp-de-dominic-thiem\/#primaryimage"},"image":{"@id":"https:\/\/dicodusport.fr\/blog\/atp-estoril-quentin-halys-soffre-le-scalp-de-dominic-thiem\/#primaryimage"},"thumbnailUrl":"https:\/\/dicodusport.fr\/blog\/wp-content\/uploads\/2023\/04\/atp-estoril-quentin-halys-soffre-le-scalp-de-dominic-thiem.png","datePublished":"2023-04-07T18:31:20+00:00","dateModified":"2023-04-07T21:29:55+00:00","description":"Apr\u00e8s avoir fait tomber Roberto Bautista-Agut hier, Quentin Halys continue sur sa fabuleuse lanc\u00e9e \u00e0 Estoril en s'offrant Dominic Thiem.","breadcrumb":{"@id":"https:\/\/dicodusport.fr\/blog\/atp-estoril-quentin-halys-soffre-le-scalp-de-dominic-thiem\/#breadcrumb"},"inLanguage":"fr-FR","potentialAction":[{"@type":"ReadAction","target":["https:\/\/dicodusport.fr\/blog\/atp-estoril-quentin-halys-soffre-le-scalp-de-dominic-thiem\/"]}]},{"@type":"ImageObject","inLanguage":"fr-FR","@id":"https:\/\/dicodusport.fr\/blog\/atp-estoril-quentin-halys-soffre-le-scalp-de-dominic-thiem\/#primaryimage","url":"https:\/\/dicodusport.fr\/blog\/wp-content\/uploads\/2023\/04\/atp-estoril-quentin-halys-soffre-le-scalp-de-dominic-thiem.png","contentUrl":"https:\/\/dicodusport.fr\/blog\/wp-content\/uploads\/2023\/04\/atp-estoril-quentin-halys-soffre-le-scalp-de-dominic-thiem.png","width":800,"height":445},{"@type":"BreadcrumbList","@id":"https:\/\/dicodusport.fr\/blog\/atp-estoril-quentin-halys-soffre-le-scalp-de-dominic-thiem\/#breadcrumb","itemListElement":[{"@type":"ListItem","position":1,"name":"Accueil","item":"https:\/\/dicodusport.fr\/blog\/"},{"@type":"ListItem","position":2,"name":"ATP Estoril : Quentin Halys s&rsquo;offre le scalp de Dominic Thiem !"}]},{"@type":"WebSite","@id":"https:\/\/dicodusport.fr\/blog\/#website","url":"https:\/\/dicodusport.fr\/blog\/","name":"Dicodusport","description":"L&#039;encyclop\u00e9die de l&#039;actualit\u00e9 sportive","publisher":{"@id":"https:\/\/dicodusport.fr\/blog\/#organization"},"potentialAction":[{"@type":"SearchAction","target":{"@type":"EntryPoint","urlTemplate":"https:\/\/dicodusport.fr\/blog\/?s={search_term_string}"},"query-input":{"@type":"PropertyValueSpecification","valueRequired":true,"valueName":"search_term_string"}}],"inLanguage":"fr-FR"},{"@type":"NewsMediaOrganization","@id":"https:\/\/dicodusport.fr\/blog\/#organization","name":"Dicodusport","url":"https:\/\/dicodusport.fr\/blog\/","logo":{"@type":"ImageObject","inLanguage":"fr-FR","@id":"https:\/\/dicodusport.fr\/blog\/#\/schema\/logo\/image\/","url":"https:\/\/dicodusport.fr\/blog\/wp-content\/uploads\/2020\/06\/cropped-LOGO-DICODUSPORT-2020-SANS-FOND-SANS-TEXTE.png","contentUrl":"https:\/\/dicodusport.fr\/blog\/wp-content\/uploads\/2020\/06\/cropped-LOGO-DICODUSPORT-2020-SANS-FOND-SANS-TEXTE.png","width":512,"height":512,"caption":"Dicodusport"},"image":{"@id":"https:\/\/dicodusport.fr\/blog\/#\/schema\/logo\/image\/"},"sameAs":["https:\/\/www.facebook.com\/dicodusport","https:\/\/x.com\/dicodusport","https:\/\/www.instagram.com\/dicodusport\/","https:\/\/www.youtube.com\/channel\/UC7V2KZ5sd3htJivAbA4ZG3w"],"description":"Dicodusport est l'encyclop\u00e9die de l'actualit\u00e9 sportive.","email":"bonjour@dicodusport.fr","legalName":"DICODUSPORT","foundingDate":"2018-01-14","vatID":"FR71834470973","taxID":"83447097300043","numberOfEmployees":{"@type":"QuantitativeValue","minValue":"1","maxValue":"10"}},{"@type":"Person","@id":"https:\/\/dicodusport.fr\/blog\/#\/schema\/person\/bf1e4f404e108bd2be5b447b16bde9a7","name":"Tom Compayrot","image":{"@type":"ImageObject","inLanguage":"fr-FR","@id":"https:\/\/dicodusport.fr\/blog\/#\/schema\/person\/image\/","url":"https:\/\/dicodusport.fr\/blog\/wp-content\/uploads\/2021\/05\/Tom-Compayrot-150x150.jpg","contentUrl":"https:\/\/dicodusport.fr\/blog\/wp-content\/uploads\/2021\/05\/Tom-Compayrot-150x150.jpg","caption":"Tom Compayrot"},"description":"Journaliste\/r\u00e9dacteur depuis mars 2017 - Amoureux de la petite balle jaune et du gros ballon orange qui tra\u00eene sa carcasse sur Dicodusport depuis 2017. Rafael Nadal et LeBron James sont les meilleurs joueurs de l'histoire.","sameAs":["https:\/\/x.com\/https:\/\/twitter.com\/Tom_Cprt"],"url":"https:\/\/dicodusport.fr\/blog\/author\/tom\/"}]}},"_links":{"self":[{"href":"https:\/\/dicodusport.fr\/blog\/wp-json\/wp\/v2\/posts\/372621","targetHints":{"allow":["GET"]}}],"collection":[{"href":"https:\/\/dicodusport.fr\/blog\/wp-json\/wp\/v2\/posts"}],"about":[{"href":"https:\/\/dicodusport.fr\/blog\/wp-json\/wp\/v2\/types\/post"}],"author":[{"embeddable":true,"href":"https:\/\/dicodusport.fr\/blog\/wp-json\/wp\/v2\/users\/13"}],"replies":[{"embeddable":true,"href":"https:\/\/dicodusport.fr\/blog\/wp-json\/wp\/v2\/comments?post=372621"}],"version-history":[{"count":0,"href":"https:\/\/dicodusport.fr\/blog\/wp-json\/wp\/v2\/posts\/372621\/revisions"}],"wp:featuredmedia":[{"embeddable":true,"href":"https:\/\/dicodusport.fr\/blog\/wp-json\/wp\/v2\/media\/372629"}],"wp:attachment":[{"href":"https:\/\/dicodusport.fr\/blog\/wp-json\/wp\/v2\/media?parent=372621"}],"wp:term":[{"taxonomy":"category","embeddable":true,"href":"https:\/\/dicodusport.fr\/blog\/wp-json\/wp\/v2\/categories?post=372621"},{"taxonomy":"post_tag","embeddable":true,"href":"https:\/\/dicodusport.fr\/blog\/wp-json\/wp\/v2\/tags?post=372621"}],"curies":[{"name":"wp","href":"https:\/\/api.w.org\/{rel}","templated":true}]}}