{"id":372638,"date":"2023-04-30T18:02:03","date_gmt":"2023-04-30T16:02:03","guid":{"rendered":"https:\/\/dicodusport.fr\/blog\/?p=372638&#038;preview=true&#038;preview_id=372638"},"modified":"2023-04-30T18:18:46","modified_gmt":"2023-04-30T16:18:46","slug":"champions-cup-affiches-et-dates-des-demi-finales","status":"publish","type":"post","link":"https:\/\/dicodusport.fr\/blog\/champions-cup-affiches-et-dates-des-demi-finales\/","title":{"rendered":"Champions Cup : Affiches et dates des demi-finales"},"content":{"rendered":"<p style=\"text-align: justify;\"><b><i><a href=\"https:\/\/dicodusport.fr\/blog\/actualites\/rugby\/rugby-a-xv\/champions-cup-2022-2023\/\">CHAMPIONS CUP 2022-2023<\/a> &#8211; D\u00e9couvrez les affiches et les dates des demi-finales de la Champions Cup 2022-2023, qui se d\u00e9roulent le week-end du 29 avril 2023.<\/i><\/b><\/p>\n<p style=\"text-align: justify;\">En demi-finales, les clubs les mieux class\u00e9s de la <a href=\"https:\/\/dicodusport.fr\/blog\/champions-cup-rugby-calendrier-scores-resultats\/\">phase de poules de <strong>Champions Cup<\/strong><\/a> ont l\u2019avantage du terrain.<\/p>\n<h2 style=\"text-align: center;\"><span style=\"color: #000000;\">&#8211; DEMI-FINALES &#8211;<\/span><\/h2>\n<table style=\"width: 800px;\">\n<tbody>\n<tr style=\"height: 24px;\">\n<td style=\"width: 800px; background-color: #0a0546; height: 22px; text-align: center; vertical-align: middle;\" colspan=\"3\"><span style=\"color: #ffffff;\"><strong>SAMEDI 29 AVRIL 2023<br \/>\n<\/strong><\/span><\/td>\n<\/tr>\n<tr style=\"height: 24px;\">\n<td style=\"width: 38%; text-align: center; height: 10px; vertical-align: middle;\"><strong>LEINSTER<\/strong><\/td>\n<td style=\"text-align: center; width: 24%; height: 10px; vertical-align: middle;\">41 &#8211; 22<br \/>\n<a title=\"Champions Cup : Toulouse tombe face au Leinster en demi-finales\" href=\"https:\/\/dicodusport.fr\/blog\/champions-cup-toulouse-tombe-face-au-leinster-en-demi-finales\/\" rel=\"\"><strong><span style=\"font-size: 12px;\"><em>R\u00e9sum\u00e9<\/em><\/span><\/strong><\/a><\/td>\n<td style=\"text-align: center; height: 10px; width: 38%; vertical-align: middle;\">STADE TOULOUSAIN<\/td>\n<\/tr>\n<tr style=\"height: 24px;\">\n<td style=\"width: 800px; background-color: #0a0546; height: 22px; text-align: center; vertical-align: middle;\" colspan=\"3\"><span style=\"color: #ffffff;\"><strong>DIMANCHE 30 AVRIL 2023<br \/>\n<\/strong><\/span><\/td>\n<\/tr>\n<tr style=\"height: 10px;\">\n<td style=\"width: 38%; text-align: center; height: 10px; vertical-align: middle;\"><strong>STADE ROCHELAIS<\/strong><\/td>\n<td style=\"text-align: center; width: 24%; height: 10px; vertical-align: middle;\">47 &#8211; 28<br \/>\n<a title=\"Champions Cup : Toulouse tombe face au Leinster en demi-finales\" href=\"https:\/\/dicodusport.fr\/blog\/champions-cup-la-rochelle-ecrase-exeter-pour-acceder-a-la-finale\/\" rel=\"\"><strong><span style=\"font-size: 12px;\"><em>R\u00e9sum\u00e9<\/em><\/span><\/strong><\/a><\/td>\n<td style=\"text-align: center; height: 10px; width: 38%; vertical-align: middle;\">EXETER CHIEFS<\/td>\n<\/tr>\n<\/tbody>\n<\/table>\n<h2 dir=\"ltr\" lang=\"fr\">\u00c0 lire aussi :<\/h2>\n<ul>\n<li><a href=\"https:\/\/dicodusport.fr\/blog\/champions-cup-phase-finale-tableau-complet-et-resultats\/\" target=\"_blank\" rel=\"noopener\"><strong>Champions Cup Phase finale \u2013 Tableau complet et r\u00e9sultats<\/strong><\/a><\/li>\n<\/ul>\n","protected":false},"excerpt":{"rendered":"<p>CHAMPIONS CUP 2022-2023 &#8211; D\u00e9couvrez les affiches et les dates des demi-finales de la Champions Cup 2022-2023, qui se d\u00e9roulent le week-end du 29 avril 2023.<\/p>\n","protected":false},"author":4,"featured_media":372671,"comment_status":"open","ping_status":"closed","sticky":false,"template":"","format":"standard","meta":{"_acf_changed":false,"_daextam_enable_autolinks":"","footnotes":""},"categories":[47051,9129],"tags":[],"class_list":["post-372638","post","type-post","status-publish","format-standard","has-post-thumbnail","hentry","category-champions-cup","category-rugby-a-xv"],"acf":[],"yoast_head":"<!-- This site is optimized with the Yoast SEO Premium plugin v26.7 (Yoast SEO v26.7) - https:\/\/yoast.com\/wordpress\/plugins\/seo\/ -->\n<title>Champions Cup : Affiches et dates des demi-finales<\/title>\n<meta name=\"description\" content=\"CHAMPIONS CUP 2022-2023 - D\u00e9couvrez les affiches et les dates des demi-finales de la Champions Cup 2022-2023.\" \/>\n<meta name=\"robots\" content=\"index, follow, max-snippet:-1, max-image-preview:large, max-video-preview:-1\" \/>\n<link rel=\"canonical\" href=\"https:\/\/dicodusport.fr\/blog\/champions-cup-affiches-et-dates-des-demi-finales\/\" \/>\n<meta property=\"og:locale\" content=\"fr_FR\" \/>\n<meta property=\"og:type\" content=\"article\" \/>\n<meta property=\"og:title\" content=\"Champions Cup : Affiches et dates des demi-finales\" \/>\n<meta property=\"og:description\" content=\"CHAMPIONS CUP 2022-2023 - D\u00e9couvrez les affiches et les dates des demi-finales de la Champions Cup 2022-2023.\" \/>\n<meta property=\"og:url\" content=\"https:\/\/dicodusport.fr\/blog\/champions-cup-affiches-et-dates-des-demi-finales\/\" \/>\n<meta property=\"og:site_name\" content=\"Dicodusport\" \/>\n<meta property=\"article:publisher\" content=\"https:\/\/www.facebook.com\/dicodusport\" \/>\n<meta property=\"article:author\" content=\"https:\/\/www.facebook.com\/florent.ostermann\" \/>\n<meta property=\"article:published_time\" content=\"2023-04-30T16:02:03+00:00\" \/>\n<meta property=\"article:modified_time\" content=\"2023-04-30T16:18:46+00:00\" \/>\n<meta property=\"og:image\" content=\"https:\/\/dicodusport.fr\/blog\/wp-content\/uploads\/2023\/04\/Champions-Cup-Affiches-et-dates-des-demi-finales.png\" \/>\n\t<meta property=\"og:image:width\" content=\"800\" \/>\n\t<meta property=\"og:image:height\" content=\"445\" \/>\n\t<meta property=\"og:image:type\" content=\"image\/png\" \/>\n<meta name=\"author\" content=\"Flo Ostermann\" \/>\n<meta name=\"twitter:card\" content=\"summary_large_image\" \/>\n<meta name=\"twitter:title\" content=\"Champions Cup : Affiches et dates des demi-finales\" \/>\n<meta name=\"twitter:creator\" content=\"@https:\/\/twitter.com\/FlOstermann\" \/>\n<meta name=\"twitter:site\" content=\"@dicodusport\" \/>\n<script type=\"application\/ld+json\" class=\"yoast-schema-graph\">{\"@context\":\"https:\/\/schema.org\",\"@graph\":[{\"@type\":\"NewsArticle\",\"@id\":\"https:\/\/dicodusport.fr\/blog\/champions-cup-affiches-et-dates-des-demi-finales\/#article\",\"isPartOf\":{\"@id\":\"https:\/\/dicodusport.fr\/blog\/champions-cup-affiches-et-dates-des-demi-finales\/\"},\"author\":{\"name\":\"Flo Ostermann\",\"@id\":\"https:\/\/dicodusport.fr\/blog\/#\/schema\/person\/cb02af4c173ce4a653b55e9baf388d4a\"},\"headline\":\"Champions Cup : Affiches et dates des demi-finales\",\"datePublished\":\"2023-04-30T16:02:03+00:00\",\"dateModified\":\"2023-04-30T16:18:46+00:00\",\"mainEntityOfPage\":{\"@id\":\"https:\/\/dicodusport.fr\/blog\/champions-cup-affiches-et-dates-des-demi-finales\/\"},\"wordCount\":85,\"commentCount\":0,\"publisher\":{\"@id\":\"https:\/\/dicodusport.fr\/blog\/#organization\"},\"image\":{\"@id\":\"https:\/\/dicodusport.fr\/blog\/champions-cup-affiches-et-dates-des-demi-finales\/#primaryimage\"},\"thumbnailUrl\":\"https:\/\/dicodusport.fr\/blog\/wp-content\/uploads\/2023\/04\/Champions-Cup-Affiches-et-dates-des-demi-finales.png\",\"articleSection\":[\"Champions Cup\",\"Rugby \u00e0 XV\"],\"inLanguage\":\"fr-FR\",\"potentialAction\":[{\"@type\":\"CommentAction\",\"name\":\"Comment\",\"target\":[\"https:\/\/dicodusport.fr\/blog\/champions-cup-affiches-et-dates-des-demi-finales\/#respond\"]}],\"copyrightYear\":\"2023\",\"copyrightHolder\":{\"@id\":\"https:\/\/dicodusport.fr\/blog\/#organization\"}},{\"@type\":\"WebPage\",\"@id\":\"https:\/\/dicodusport.fr\/blog\/champions-cup-affiches-et-dates-des-demi-finales\/\",\"url\":\"https:\/\/dicodusport.fr\/blog\/champions-cup-affiches-et-dates-des-demi-finales\/\",\"name\":\"Champions Cup : Affiches et dates des demi-finales\",\"isPartOf\":{\"@id\":\"https:\/\/dicodusport.fr\/blog\/#website\"},\"primaryImageOfPage\":{\"@id\":\"https:\/\/dicodusport.fr\/blog\/champions-cup-affiches-et-dates-des-demi-finales\/#primaryimage\"},\"image\":{\"@id\":\"https:\/\/dicodusport.fr\/blog\/champions-cup-affiches-et-dates-des-demi-finales\/#primaryimage\"},\"thumbnailUrl\":\"https:\/\/dicodusport.fr\/blog\/wp-content\/uploads\/2023\/04\/Champions-Cup-Affiches-et-dates-des-demi-finales.png\",\"datePublished\":\"2023-04-30T16:02:03+00:00\",\"dateModified\":\"2023-04-30T16:18:46+00:00\",\"description\":\"CHAMPIONS CUP 2022-2023 - D\u00e9couvrez les affiches et les dates des demi-finales de la Champions Cup 2022-2023.\",\"breadcrumb\":{\"@id\":\"https:\/\/dicodusport.fr\/blog\/champions-cup-affiches-et-dates-des-demi-finales\/#breadcrumb\"},\"inLanguage\":\"fr-FR\",\"potentialAction\":[{\"@type\":\"ReadAction\",\"target\":[\"https:\/\/dicodusport.fr\/blog\/champions-cup-affiches-et-dates-des-demi-finales\/\"]}]},{\"@type\":\"ImageObject\",\"inLanguage\":\"fr-FR\",\"@id\":\"https:\/\/dicodusport.fr\/blog\/champions-cup-affiches-et-dates-des-demi-finales\/#primaryimage\",\"url\":\"https:\/\/dicodusport.fr\/blog\/wp-content\/uploads\/2023\/04\/Champions-Cup-Affiches-et-dates-des-demi-finales.png\",\"contentUrl\":\"https:\/\/dicodusport.fr\/blog\/wp-content\/uploads\/2023\/04\/Champions-Cup-Affiches-et-dates-des-demi-finales.png\",\"width\":800,\"height\":445,\"caption\":\"Champions Cup Affiches et dates des demi-finales\"},{\"@type\":\"BreadcrumbList\",\"@id\":\"https:\/\/dicodusport.fr\/blog\/champions-cup-affiches-et-dates-des-demi-finales\/#breadcrumb\",\"itemListElement\":[{\"@type\":\"ListItem\",\"position\":1,\"name\":\"Accueil\",\"item\":\"https:\/\/dicodusport.fr\/blog\/\"},{\"@type\":\"ListItem\",\"position\":2,\"name\":\"Champions Cup : Affiches et dates des demi-finales\"}]},{\"@type\":\"WebSite\",\"@id\":\"https:\/\/dicodusport.fr\/blog\/#website\",\"url\":\"https:\/\/dicodusport.fr\/blog\/\",\"name\":\"Dicodusport\",\"description\":\"L&#039;encyclop\u00e9die de l&#039;actualit\u00e9 sportive\",\"publisher\":{\"@id\":\"https:\/\/dicodusport.fr\/blog\/#organization\"},\"potentialAction\":[{\"@type\":\"SearchAction\",\"target\":{\"@type\":\"EntryPoint\",\"urlTemplate\":\"https:\/\/dicodusport.fr\/blog\/?s={search_term_string}\"},\"query-input\":{\"@type\":\"PropertyValueSpecification\",\"valueRequired\":true,\"valueName\":\"search_term_string\"}}],\"inLanguage\":\"fr-FR\"},{\"@type\":\"NewsMediaOrganization\",\"@id\":\"https:\/\/dicodusport.fr\/blog\/#organization\",\"name\":\"Dicodusport\",\"url\":\"https:\/\/dicodusport.fr\/blog\/\",\"logo\":{\"@type\":\"ImageObject\",\"inLanguage\":\"fr-FR\",\"@id\":\"https:\/\/dicodusport.fr\/blog\/#\/schema\/logo\/image\/\",\"url\":\"https:\/\/dicodusport.fr\/blog\/wp-content\/uploads\/2020\/06\/cropped-LOGO-DICODUSPORT-2020-SANS-FOND-SANS-TEXTE.png\",\"contentUrl\":\"https:\/\/dicodusport.fr\/blog\/wp-content\/uploads\/2020\/06\/cropped-LOGO-DICODUSPORT-2020-SANS-FOND-SANS-TEXTE.png\",\"width\":512,\"height\":512,\"caption\":\"Dicodusport\"},\"image\":{\"@id\":\"https:\/\/dicodusport.fr\/blog\/#\/schema\/logo\/image\/\"},\"sameAs\":[\"https:\/\/www.facebook.com\/dicodusport\",\"https:\/\/x.com\/dicodusport\",\"https:\/\/www.instagram.com\/dicodusport\/\",\"https:\/\/www.youtube.com\/channel\/UC7V2KZ5sd3htJivAbA4ZG3w\"],\"description\":\"Dicodusport est l'encyclop\u00e9die de l'actualit\u00e9 sportive.\",\"email\":\"bonjour@dicodusport.fr\",\"legalName\":\"DICODUSPORT\",\"foundingDate\":\"2018-01-14\",\"vatID\":\"FR71834470973\",\"taxID\":\"83447097300043\",\"numberOfEmployees\":{\"@type\":\"QuantitativeValue\",\"minValue\":\"1\",\"maxValue\":\"10\"}},{\"@type\":\"Person\",\"@id\":\"https:\/\/dicodusport.fr\/blog\/#\/schema\/person\/cb02af4c173ce4a653b55e9baf388d4a\",\"name\":\"Flo Ostermann\",\"image\":{\"@type\":\"ImageObject\",\"inLanguage\":\"fr-FR\",\"@id\":\"https:\/\/dicodusport.fr\/blog\/#\/schema\/person\/image\/\",\"url\":\"https:\/\/dicodusport.fr\/blog\/wp-content\/uploads\/2021\/05\/Flo-Ostermann-150x150.jpg\",\"contentUrl\":\"https:\/\/dicodusport.fr\/blog\/wp-content\/uploads\/2021\/05\/Flo-Ostermann-150x150.jpg\",\"caption\":\"Flo Ostermann\"},\"description\":\"Journaliste\/R\u00e9dacteur depuis septembre 2015 - Mes premiers souvenirs dans le sport ? Les envol\u00e9es du Stade Toulousain et les duels Villeneuve-Schumacher et H\u00e4kkinen-Schumacher \u00e0 la fin des ann\u00e9es 90, la Coupe du monde de football en 1998, l\u2019exploit du XV de France face aux All Blacks en 1999, mais aussi Richard C\u0153ur de Lion qui vole sur les montagnes du Tour de France. Bien parti pour devenir professeur d\u2019EPS, les \u00e9v\u00e9nements de la vie (et la flemme d\u2019animer des s\u00e9ances de 3x500 m\u00e8tres toute ma vie) m\u2019ont conduit \u00e0 revoir mes plans. Me voil\u00e0 depuis fin 2017 sur Dicodusport, m\u00e9dia gr\u00e2ce (et pour) lequel je partage ma passion : le sport dans tous ses \u00e9tats. Le tout accompagn\u00e9 par les fous furieux et folles furieuses cit\u00e9s sur cette page !\",\"sameAs\":[\"https:\/\/www.facebook.com\/florent.ostermann\",\"https:\/\/x.com\/https:\/\/twitter.com\/FlOstermann\",\"admin\"],\"url\":\"https:\/\/dicodusport.fr\/blog\/author\/flo\/\"}]}<\/script>\n<!-- \/ Yoast SEO Premium plugin. -->","yoast_head_json":{"title":"Champions Cup : Affiches et dates des demi-finales","description":"CHAMPIONS CUP 2022-2023 - D\u00e9couvrez les affiches et les dates des demi-finales de la Champions Cup 2022-2023.","robots":{"index":"index","follow":"follow","max-snippet":"max-snippet:-1","max-image-preview":"max-image-preview:large","max-video-preview":"max-video-preview:-1"},"canonical":"https:\/\/dicodusport.fr\/blog\/champions-cup-affiches-et-dates-des-demi-finales\/","og_locale":"fr_FR","og_type":"article","og_title":"Champions Cup : Affiches et dates des demi-finales","og_description":"CHAMPIONS CUP 2022-2023 - D\u00e9couvrez les affiches et les dates des demi-finales de la Champions Cup 2022-2023.","og_url":"https:\/\/dicodusport.fr\/blog\/champions-cup-affiches-et-dates-des-demi-finales\/","og_site_name":"Dicodusport","article_publisher":"https:\/\/www.facebook.com\/dicodusport","article_author":"https:\/\/www.facebook.com\/florent.ostermann","article_published_time":"2023-04-30T16:02:03+00:00","article_modified_time":"2023-04-30T16:18:46+00:00","og_image":[{"width":800,"height":445,"url":"https:\/\/dicodusport.fr\/blog\/wp-content\/uploads\/2023\/04\/Champions-Cup-Affiches-et-dates-des-demi-finales.png","type":"image\/png"}],"author":"Flo Ostermann","twitter_card":"summary_large_image","twitter_title":"Champions Cup : Affiches et dates des demi-finales","twitter_creator":"@https:\/\/twitter.com\/FlOstermann","twitter_site":"@dicodusport","schema":{"@context":"https:\/\/schema.org","@graph":[{"@type":"NewsArticle","@id":"https:\/\/dicodusport.fr\/blog\/champions-cup-affiches-et-dates-des-demi-finales\/#article","isPartOf":{"@id":"https:\/\/dicodusport.fr\/blog\/champions-cup-affiches-et-dates-des-demi-finales\/"},"author":{"name":"Flo Ostermann","@id":"https:\/\/dicodusport.fr\/blog\/#\/schema\/person\/cb02af4c173ce4a653b55e9baf388d4a"},"headline":"Champions Cup : Affiches et dates des demi-finales","datePublished":"2023-04-30T16:02:03+00:00","dateModified":"2023-04-30T16:18:46+00:00","mainEntityOfPage":{"@id":"https:\/\/dicodusport.fr\/blog\/champions-cup-affiches-et-dates-des-demi-finales\/"},"wordCount":85,"commentCount":0,"publisher":{"@id":"https:\/\/dicodusport.fr\/blog\/#organization"},"image":{"@id":"https:\/\/dicodusport.fr\/blog\/champions-cup-affiches-et-dates-des-demi-finales\/#primaryimage"},"thumbnailUrl":"https:\/\/dicodusport.fr\/blog\/wp-content\/uploads\/2023\/04\/Champions-Cup-Affiches-et-dates-des-demi-finales.png","articleSection":["Champions Cup","Rugby \u00e0 XV"],"inLanguage":"fr-FR","potentialAction":[{"@type":"CommentAction","name":"Comment","target":["https:\/\/dicodusport.fr\/blog\/champions-cup-affiches-et-dates-des-demi-finales\/#respond"]}],"copyrightYear":"2023","copyrightHolder":{"@id":"https:\/\/dicodusport.fr\/blog\/#organization"}},{"@type":"WebPage","@id":"https:\/\/dicodusport.fr\/blog\/champions-cup-affiches-et-dates-des-demi-finales\/","url":"https:\/\/dicodusport.fr\/blog\/champions-cup-affiches-et-dates-des-demi-finales\/","name":"Champions Cup : Affiches et dates des demi-finales","isPartOf":{"@id":"https:\/\/dicodusport.fr\/blog\/#website"},"primaryImageOfPage":{"@id":"https:\/\/dicodusport.fr\/blog\/champions-cup-affiches-et-dates-des-demi-finales\/#primaryimage"},"image":{"@id":"https:\/\/dicodusport.fr\/blog\/champions-cup-affiches-et-dates-des-demi-finales\/#primaryimage"},"thumbnailUrl":"https:\/\/dicodusport.fr\/blog\/wp-content\/uploads\/2023\/04\/Champions-Cup-Affiches-et-dates-des-demi-finales.png","datePublished":"2023-04-30T16:02:03+00:00","dateModified":"2023-04-30T16:18:46+00:00","description":"CHAMPIONS CUP 2022-2023 - D\u00e9couvrez les affiches et les dates des demi-finales de la Champions Cup 2022-2023.","breadcrumb":{"@id":"https:\/\/dicodusport.fr\/blog\/champions-cup-affiches-et-dates-des-demi-finales\/#breadcrumb"},"inLanguage":"fr-FR","potentialAction":[{"@type":"ReadAction","target":["https:\/\/dicodusport.fr\/blog\/champions-cup-affiches-et-dates-des-demi-finales\/"]}]},{"@type":"ImageObject","inLanguage":"fr-FR","@id":"https:\/\/dicodusport.fr\/blog\/champions-cup-affiches-et-dates-des-demi-finales\/#primaryimage","url":"https:\/\/dicodusport.fr\/blog\/wp-content\/uploads\/2023\/04\/Champions-Cup-Affiches-et-dates-des-demi-finales.png","contentUrl":"https:\/\/dicodusport.fr\/blog\/wp-content\/uploads\/2023\/04\/Champions-Cup-Affiches-et-dates-des-demi-finales.png","width":800,"height":445,"caption":"Champions Cup Affiches et dates des demi-finales"},{"@type":"BreadcrumbList","@id":"https:\/\/dicodusport.fr\/blog\/champions-cup-affiches-et-dates-des-demi-finales\/#breadcrumb","itemListElement":[{"@type":"ListItem","position":1,"name":"Accueil","item":"https:\/\/dicodusport.fr\/blog\/"},{"@type":"ListItem","position":2,"name":"Champions Cup : Affiches et dates des demi-finales"}]},{"@type":"WebSite","@id":"https:\/\/dicodusport.fr\/blog\/#website","url":"https:\/\/dicodusport.fr\/blog\/","name":"Dicodusport","description":"L&#039;encyclop\u00e9die de l&#039;actualit\u00e9 sportive","publisher":{"@id":"https:\/\/dicodusport.fr\/blog\/#organization"},"potentialAction":[{"@type":"SearchAction","target":{"@type":"EntryPoint","urlTemplate":"https:\/\/dicodusport.fr\/blog\/?s={search_term_string}"},"query-input":{"@type":"PropertyValueSpecification","valueRequired":true,"valueName":"search_term_string"}}],"inLanguage":"fr-FR"},{"@type":"NewsMediaOrganization","@id":"https:\/\/dicodusport.fr\/blog\/#organization","name":"Dicodusport","url":"https:\/\/dicodusport.fr\/blog\/","logo":{"@type":"ImageObject","inLanguage":"fr-FR","@id":"https:\/\/dicodusport.fr\/blog\/#\/schema\/logo\/image\/","url":"https:\/\/dicodusport.fr\/blog\/wp-content\/uploads\/2020\/06\/cropped-LOGO-DICODUSPORT-2020-SANS-FOND-SANS-TEXTE.png","contentUrl":"https:\/\/dicodusport.fr\/blog\/wp-content\/uploads\/2020\/06\/cropped-LOGO-DICODUSPORT-2020-SANS-FOND-SANS-TEXTE.png","width":512,"height":512,"caption":"Dicodusport"},"image":{"@id":"https:\/\/dicodusport.fr\/blog\/#\/schema\/logo\/image\/"},"sameAs":["https:\/\/www.facebook.com\/dicodusport","https:\/\/x.com\/dicodusport","https:\/\/www.instagram.com\/dicodusport\/","https:\/\/www.youtube.com\/channel\/UC7V2KZ5sd3htJivAbA4ZG3w"],"description":"Dicodusport est l'encyclop\u00e9die de l'actualit\u00e9 sportive.","email":"bonjour@dicodusport.fr","legalName":"DICODUSPORT","foundingDate":"2018-01-14","vatID":"FR71834470973","taxID":"83447097300043","numberOfEmployees":{"@type":"QuantitativeValue","minValue":"1","maxValue":"10"}},{"@type":"Person","@id":"https:\/\/dicodusport.fr\/blog\/#\/schema\/person\/cb02af4c173ce4a653b55e9baf388d4a","name":"Flo Ostermann","image":{"@type":"ImageObject","inLanguage":"fr-FR","@id":"https:\/\/dicodusport.fr\/blog\/#\/schema\/person\/image\/","url":"https:\/\/dicodusport.fr\/blog\/wp-content\/uploads\/2021\/05\/Flo-Ostermann-150x150.jpg","contentUrl":"https:\/\/dicodusport.fr\/blog\/wp-content\/uploads\/2021\/05\/Flo-Ostermann-150x150.jpg","caption":"Flo Ostermann"},"description":"Journaliste\/R\u00e9dacteur depuis septembre 2015 - Mes premiers souvenirs dans le sport ? Les envol\u00e9es du Stade Toulousain et les duels Villeneuve-Schumacher et H\u00e4kkinen-Schumacher \u00e0 la fin des ann\u00e9es 90, la Coupe du monde de football en 1998, l\u2019exploit du XV de France face aux All Blacks en 1999, mais aussi Richard C\u0153ur de Lion qui vole sur les montagnes du Tour de France. Bien parti pour devenir professeur d\u2019EPS, les \u00e9v\u00e9nements de la vie (et la flemme d\u2019animer des s\u00e9ances de 3x500 m\u00e8tres toute ma vie) m\u2019ont conduit \u00e0 revoir mes plans. Me voil\u00e0 depuis fin 2017 sur Dicodusport, m\u00e9dia gr\u00e2ce (et pour) lequel je partage ma passion : le sport dans tous ses \u00e9tats. Le tout accompagn\u00e9 par les fous furieux et folles furieuses cit\u00e9s sur cette page !","sameAs":["https:\/\/www.facebook.com\/florent.ostermann","https:\/\/x.com\/https:\/\/twitter.com\/FlOstermann","admin"],"url":"https:\/\/dicodusport.fr\/blog\/author\/flo\/"}]}},"_links":{"self":[{"href":"https:\/\/dicodusport.fr\/blog\/wp-json\/wp\/v2\/posts\/372638","targetHints":{"allow":["GET"]}}],"collection":[{"href":"https:\/\/dicodusport.fr\/blog\/wp-json\/wp\/v2\/posts"}],"about":[{"href":"https:\/\/dicodusport.fr\/blog\/wp-json\/wp\/v2\/types\/post"}],"author":[{"embeddable":true,"href":"https:\/\/dicodusport.fr\/blog\/wp-json\/wp\/v2\/users\/4"}],"replies":[{"embeddable":true,"href":"https:\/\/dicodusport.fr\/blog\/wp-json\/wp\/v2\/comments?post=372638"}],"version-history":[{"count":0,"href":"https:\/\/dicodusport.fr\/blog\/wp-json\/wp\/v2\/posts\/372638\/revisions"}],"wp:featuredmedia":[{"embeddable":true,"href":"https:\/\/dicodusport.fr\/blog\/wp-json\/wp\/v2\/media\/372671"}],"wp:attachment":[{"href":"https:\/\/dicodusport.fr\/blog\/wp-json\/wp\/v2\/media?parent=372638"}],"wp:term":[{"taxonomy":"category","embeddable":true,"href":"https:\/\/dicodusport.fr\/blog\/wp-json\/wp\/v2\/categories?post=372638"},{"taxonomy":"post_tag","embeddable":true,"href":"https:\/\/dicodusport.fr\/blog\/wp-json\/wp\/v2\/tags?post=372638"}],"curies":[{"name":"wp","href":"https:\/\/api.w.org\/{rel}","templated":true}]}}