{"id":372722,"date":"2023-04-08T10:22:56","date_gmt":"2023-04-08T08:22:56","guid":{"rendered":"https:\/\/dicodusport.fr\/blog\/?p=372722&#038;preview=true&#038;preview_id=372722"},"modified":"2023-04-08T10:28:16","modified_gmt":"2023-04-08T08:28:16","slug":"herve-renard-on-nest-pas-des-magiciens","status":"publish","type":"post","link":"https:\/\/dicodusport.fr\/blog\/herve-renard-on-nest-pas-des-magiciens\/","title":{"rendered":"Herv\u00e9 Renard : \u00ab\u00a0On n&rsquo;est pas des magiciens\u00a0\u00bb"},"content":{"rendered":"<p style=\"text-align: justify;\" align=\"justify\"><em><strong>FOOTBALL &#8211; Herv\u00e9 Renard, nouveau s\u00e9lectionneur de l&rsquo;\u00e9quipe de France f\u00e9minine de football, est revenu sur la victoire des Bleues face \u00e0 la Colombie (5-2).\u00a0<\/strong><\/em><\/p>\n<p style=\"text-align: justify;\" align=\"justify\">Les <a href=\"https:\/\/dicodusport.fr\/blog\/football-match-amical-les-bleues-renversent-la-colombie-pour-la-premiere-d-herve-renard\/\" target=\"_blank\" rel=\"noopener\"><strong>Bleues<\/strong> ont \u00e9t\u00e9 men\u00e9es deux \u00e0 z\u00e9ro par la <strong>Colombie<\/strong> avant de renverser la vapeur<\/a>. <strong>Herv\u00e9<\/strong> <strong>Renard<\/strong> a expliqu\u00e9 en conf\u00e9rence de presse pourquoi il avait fait deux changements d\u00e8s la mi-temps.<\/p>\n<blockquote>\n<p style=\"text-align: justify;\" align=\"justify\">Quand on se glisse dans l&rsquo;entonnoir contre une \u00e9quipe athl\u00e9tique, c&rsquo;est difficile. Quand on a rectifi\u00e9 le tir, cela a tout de suite donn\u00e9 plus de percussion, cr\u00e9\u00e9 plus de difficult\u00e9s \u00e0 l&rsquo;adversaire. Les changements \u00e0 la mi-temps, ce n&rsquo;\u00e9tait pas une sanction, c&rsquo;\u00e9tait pour redresser le tir. J&rsquo;avais pr\u00e9vu trois changements mais pas ceux-l\u00e0. Il fallait changer quelque chose. Delphine Cascarino et Clara Mat\u00e9o, vous connaissez leurs qualit\u00e9s. Je voulais garder des forces pour mardi, \u00e7a n&rsquo;a pas suffi donc on a mis du sang neuf.<\/p>\n<\/blockquote>\n<p style=\"text-align: justify;\" align=\"justify\">Le nouveau s\u00e9lectionneur de l&rsquo;\u00e9quipe de France a ajout\u00e9 qu&rsquo;il n&rsquo;\u00e9tait pas un magicien, et qu&rsquo;il restait du travail pour devenir une \u00e9quipe performante face aux meilleures nations mondiales. <strong>Herv\u00e9<\/strong> <strong>Renard<\/strong> a expliqu\u00e9 dans des propos rapport\u00e9s par <em><a href=\"https:\/\/www.lequipe.fr\/Football\/Actualites\/Herve-renard-on-n-est-pas-des-magiciens\/1390355\" target=\"_blank\" rel=\"noopener\">L&rsquo;\u00c9quipe<\/a><\/em>.<\/p>\n<blockquote>\n<p style=\"text-align: justify;\">A partir du moment o\u00f9 on rectifie, on se remet dans le droit chemin. Tout ne sera pas parfait, je le sais, on n&rsquo;est pas des magiciens. On est d\u00e9j\u00e0 \u00e0 un tr\u00e8s bon niveau mais il faudra \u00eatre beaucoup plus solide car la Coupe du monde, c&rsquo;est autre chose. Il faut de la solidit\u00e9, de la rigueur, beaucoup plus d&rsquo;agressivit\u00e9. On a beaucoup de temps pour travailler, mais on ne peut pas se comporter comme \u00e7a contre certaines des meilleures \u00e9quipes mondiales. On a des choses \u00e0 rectifier donc ce sont de bons enseignements.<\/p>\n<\/blockquote>\n<p style=\"text-align: justify;\">Les <strong>Bleues<\/strong> ont maintenant trois jours pour se pr\u00e9parer afin d&rsquo;affronter le <strong>Canada<\/strong>. <strong>Herv\u00e9<\/strong> <strong>Renard<\/strong> devrait aligner une \u00e9quipe bien remani\u00e9e pour d\u00e9fier l&rsquo;\u00e9quipe nord-am\u00e9ricaine.<\/p>\n<blockquote class=\"twitter-tweet\">\n<p dir=\"ltr\" lang=\"fr\">Tr\u00e8s heureux d&rsquo;avoir pu commencer cette belle histoire par une victoire !<br \/>\nLe travail commence bien et je suis tr\u00e8s fier de mon \u00e9quipe.<br \/>\nOn continue sur cette lanc\u00e9e et d\u00e9j\u00e0 les yeux riv\u00e9s sur la rencontre de mardi \ud83c\uddeb\ud83c\uddf7<a href=\"https:\/\/twitter.com\/hashtag\/FiersdetreBleues?src=hash&amp;ref_src=twsrc%5Etfw\">#FiersdetreBleues<\/a> <a href=\"https:\/\/t.co\/Dqa1Nn1TbJ\">pic.twitter.com\/Dqa1Nn1TbJ<\/a><\/p>\n<p>\u2014 Herv\u00e9 Renard (@Herve_Renard_HR) <a href=\"https:\/\/twitter.com\/Herve_Renard_HR\/status\/1644454355616116736?ref_src=twsrc%5Etfw\">April 7, 2023<\/a><\/p><\/blockquote>\n<p style=\"text-align: justify;\"><script async src=\"https:\/\/platform.twitter.com\/widgets.js\" charset=\"utf-8\"><\/script><\/p>\n","protected":false},"excerpt":{"rendered":"<p>FOOTBALL &#8211; Herv\u00e9 Renard, nouveau s\u00e9lectionneur de l&rsquo;\u00e9quipe de France f\u00e9minine de football, est revenu sur la victoire des Bleues face \u00e0 la Colombie (5-2).\u00a0<\/p>\n","protected":false},"author":1,"featured_media":372723,"comment_status":"open","ping_status":"closed","sticky":false,"template":"","format":"standard","meta":{"_acf_changed":false,"_daextam_enable_autolinks":"","footnotes":""},"categories":[2301],"tags":[16878,6653,75,5019],"class_list":["post-372722","post","type-post","status-publish","format-standard","has-post-thumbnail","hentry","category-football","tag-breve","tag-equipe-de-france-feminine-de-football","tag-football","tag-herve-renard"],"acf":[],"yoast_head":"<!-- This site is optimized with the Yoast SEO Premium plugin v26.7 (Yoast SEO v26.7) - https:\/\/yoast.com\/wordpress\/plugins\/seo\/ -->\n<title>Herv\u00e9 Renard : &quot;On n&#039;est pas des magiciens&quot;<\/title>\n<meta name=\"description\" content=\"FOOTBALL - Herv\u00e9 Renard, nouveau s\u00e9lectionneur de l&#039;\u00e9quipe de France, est revenu sur la victoire des Bleues face \u00e0 la Colombie (5-2).\" \/>\n<meta name=\"robots\" content=\"index, follow, max-snippet:-1, max-image-preview:large, max-video-preview:-1\" \/>\n<link rel=\"canonical\" href=\"https:\/\/dicodusport.fr\/blog\/herve-renard-on-nest-pas-des-magiciens\/\" \/>\n<meta property=\"og:locale\" content=\"fr_FR\" \/>\n<meta property=\"og:type\" content=\"article\" \/>\n<meta property=\"og:title\" content=\"Herv\u00e9 Renard : &quot;On n&#039;est pas des magiciens&quot;\" \/>\n<meta property=\"og:description\" content=\"FOOTBALL - Herv\u00e9 Renard, nouveau s\u00e9lectionneur de l&#039;\u00e9quipe de France, est revenu sur la victoire des Bleues face \u00e0 la Colombie (5-2).\" \/>\n<meta property=\"og:url\" content=\"https:\/\/dicodusport.fr\/blog\/herve-renard-on-nest-pas-des-magiciens\/\" \/>\n<meta property=\"og:site_name\" content=\"Dicodusport\" \/>\n<meta property=\"article:publisher\" content=\"https:\/\/www.facebook.com\/dicodusport\" \/>\n<meta property=\"article:author\" content=\"https:\/\/www.facebook.com\/dicodusport\" \/>\n<meta property=\"article:published_time\" content=\"2023-04-08T08:22:56+00:00\" \/>\n<meta property=\"article:modified_time\" content=\"2023-04-08T08:28:16+00:00\" \/>\n<meta property=\"og:image\" content=\"https:\/\/dicodusport.fr\/blog\/wp-content\/uploads\/2023\/04\/Herve-Renard-On-nest-pas-des-magiciens.png\" \/>\n\t<meta property=\"og:image:width\" content=\"800\" \/>\n\t<meta property=\"og:image:height\" content=\"445\" \/>\n\t<meta property=\"og:image:type\" content=\"image\/png\" \/>\n<meta name=\"author\" content=\"Nicolas Jacquemard\" \/>\n<meta name=\"twitter:card\" content=\"summary_large_image\" \/>\n<meta name=\"twitter:title\" content=\"Herv\u00e9 Renard : &quot;On n&#039;est pas des magiciens&quot;\" \/>\n<meta name=\"twitter:creator\" content=\"@https:\/\/twitter.com\/Nico_Jacquemard\" \/>\n<meta name=\"twitter:site\" content=\"@dicodusport\" \/>\n<script type=\"application\/ld+json\" class=\"yoast-schema-graph\">{\"@context\":\"https:\/\/schema.org\",\"@graph\":[{\"@type\":\"NewsArticle\",\"@id\":\"https:\/\/dicodusport.fr\/blog\/herve-renard-on-nest-pas-des-magiciens\/#article\",\"isPartOf\":{\"@id\":\"https:\/\/dicodusport.fr\/blog\/herve-renard-on-nest-pas-des-magiciens\/\"},\"author\":{\"name\":\"Nicolas Jacquemard\",\"@id\":\"https:\/\/dicodusport.fr\/blog\/#\/schema\/person\/55dcb50ad410894e431ed812bbb70191\"},\"headline\":\"Herv\u00e9 Renard : \u00ab\u00a0On n&rsquo;est pas des magiciens\u00a0\u00bb\",\"datePublished\":\"2023-04-08T08:22:56+00:00\",\"dateModified\":\"2023-04-08T08:28:16+00:00\",\"mainEntityOfPage\":{\"@id\":\"https:\/\/dicodusport.fr\/blog\/herve-renard-on-nest-pas-des-magiciens\/\"},\"wordCount\":400,\"commentCount\":0,\"publisher\":{\"@id\":\"https:\/\/dicodusport.fr\/blog\/#organization\"},\"image\":{\"@id\":\"https:\/\/dicodusport.fr\/blog\/herve-renard-on-nest-pas-des-magiciens\/#primaryimage\"},\"thumbnailUrl\":\"https:\/\/dicodusport.fr\/blog\/wp-content\/uploads\/2023\/04\/Herve-Renard-On-nest-pas-des-magiciens.png\",\"keywords\":[\"br\u00e8ve\",\"\u00c9quipe de France f\u00e9minine de football\",\"Football\",\"Herv\u00e9 Renard\"],\"articleSection\":[\"Football\"],\"inLanguage\":\"fr-FR\",\"potentialAction\":[{\"@type\":\"CommentAction\",\"name\":\"Comment\",\"target\":[\"https:\/\/dicodusport.fr\/blog\/herve-renard-on-nest-pas-des-magiciens\/#respond\"]}],\"copyrightYear\":\"2023\",\"copyrightHolder\":{\"@id\":\"https:\/\/dicodusport.fr\/blog\/#organization\"}},{\"@type\":\"WebPage\",\"@id\":\"https:\/\/dicodusport.fr\/blog\/herve-renard-on-nest-pas-des-magiciens\/\",\"url\":\"https:\/\/dicodusport.fr\/blog\/herve-renard-on-nest-pas-des-magiciens\/\",\"name\":\"Herv\u00e9 Renard : \\\"On n'est pas des magiciens\\\"\",\"isPartOf\":{\"@id\":\"https:\/\/dicodusport.fr\/blog\/#website\"},\"primaryImageOfPage\":{\"@id\":\"https:\/\/dicodusport.fr\/blog\/herve-renard-on-nest-pas-des-magiciens\/#primaryimage\"},\"image\":{\"@id\":\"https:\/\/dicodusport.fr\/blog\/herve-renard-on-nest-pas-des-magiciens\/#primaryimage\"},\"thumbnailUrl\":\"https:\/\/dicodusport.fr\/blog\/wp-content\/uploads\/2023\/04\/Herve-Renard-On-nest-pas-des-magiciens.png\",\"datePublished\":\"2023-04-08T08:22:56+00:00\",\"dateModified\":\"2023-04-08T08:28:16+00:00\",\"description\":\"FOOTBALL - Herv\u00e9 Renard, nouveau s\u00e9lectionneur de l'\u00e9quipe de France, est revenu sur la victoire des Bleues face \u00e0 la Colombie (5-2).\",\"breadcrumb\":{\"@id\":\"https:\/\/dicodusport.fr\/blog\/herve-renard-on-nest-pas-des-magiciens\/#breadcrumb\"},\"inLanguage\":\"fr-FR\",\"potentialAction\":[{\"@type\":\"ReadAction\",\"target\":[\"https:\/\/dicodusport.fr\/blog\/herve-renard-on-nest-pas-des-magiciens\/\"]}]},{\"@type\":\"ImageObject\",\"inLanguage\":\"fr-FR\",\"@id\":\"https:\/\/dicodusport.fr\/blog\/herve-renard-on-nest-pas-des-magiciens\/#primaryimage\",\"url\":\"https:\/\/dicodusport.fr\/blog\/wp-content\/uploads\/2023\/04\/Herve-Renard-On-nest-pas-des-magiciens.png\",\"contentUrl\":\"https:\/\/dicodusport.fr\/blog\/wp-content\/uploads\/2023\/04\/Herve-Renard-On-nest-pas-des-magiciens.png\",\"width\":800,\"height\":445},{\"@type\":\"BreadcrumbList\",\"@id\":\"https:\/\/dicodusport.fr\/blog\/herve-renard-on-nest-pas-des-magiciens\/#breadcrumb\",\"itemListElement\":[{\"@type\":\"ListItem\",\"position\":1,\"name\":\"Accueil\",\"item\":\"https:\/\/dicodusport.fr\/blog\/\"},{\"@type\":\"ListItem\",\"position\":2,\"name\":\"Herv\u00e9 Renard : \u00ab\u00a0On n&rsquo;est pas des magiciens\u00a0\u00bb\"}]},{\"@type\":\"WebSite\",\"@id\":\"https:\/\/dicodusport.fr\/blog\/#website\",\"url\":\"https:\/\/dicodusport.fr\/blog\/\",\"name\":\"Dicodusport\",\"description\":\"L&#039;encyclop\u00e9die de l&#039;actualit\u00e9 sportive\",\"publisher\":{\"@id\":\"https:\/\/dicodusport.fr\/blog\/#organization\"},\"potentialAction\":[{\"@type\":\"SearchAction\",\"target\":{\"@type\":\"EntryPoint\",\"urlTemplate\":\"https:\/\/dicodusport.fr\/blog\/?s={search_term_string}\"},\"query-input\":{\"@type\":\"PropertyValueSpecification\",\"valueRequired\":true,\"valueName\":\"search_term_string\"}}],\"inLanguage\":\"fr-FR\"},{\"@type\":\"NewsMediaOrganization\",\"@id\":\"https:\/\/dicodusport.fr\/blog\/#organization\",\"name\":\"Dicodusport\",\"url\":\"https:\/\/dicodusport.fr\/blog\/\",\"logo\":{\"@type\":\"ImageObject\",\"inLanguage\":\"fr-FR\",\"@id\":\"https:\/\/dicodusport.fr\/blog\/#\/schema\/logo\/image\/\",\"url\":\"https:\/\/dicodusport.fr\/blog\/wp-content\/uploads\/2020\/06\/cropped-LOGO-DICODUSPORT-2020-SANS-FOND-SANS-TEXTE.png\",\"contentUrl\":\"https:\/\/dicodusport.fr\/blog\/wp-content\/uploads\/2020\/06\/cropped-LOGO-DICODUSPORT-2020-SANS-FOND-SANS-TEXTE.png\",\"width\":512,\"height\":512,\"caption\":\"Dicodusport\"},\"image\":{\"@id\":\"https:\/\/dicodusport.fr\/blog\/#\/schema\/logo\/image\/\"},\"sameAs\":[\"https:\/\/www.facebook.com\/dicodusport\",\"https:\/\/x.com\/dicodusport\",\"https:\/\/www.instagram.com\/dicodusport\/\",\"https:\/\/www.youtube.com\/channel\/UC7V2KZ5sd3htJivAbA4ZG3w\"],\"description\":\"Dicodusport est l'encyclop\u00e9die de l'actualit\u00e9 sportive.\",\"email\":\"bonjour@dicodusport.fr\",\"legalName\":\"DICODUSPORT\",\"foundingDate\":\"2018-01-14\",\"vatID\":\"FR71834470973\",\"taxID\":\"83447097300043\",\"numberOfEmployees\":{\"@type\":\"QuantitativeValue\",\"minValue\":\"1\",\"maxValue\":\"10\"}},{\"@type\":\"Person\",\"@id\":\"https:\/\/dicodusport.fr\/blog\/#\/schema\/person\/55dcb50ad410894e431ed812bbb70191\",\"name\":\"Nicolas Jacquemard\",\"image\":{\"@type\":\"ImageObject\",\"inLanguage\":\"fr-FR\",\"@id\":\"https:\/\/dicodusport.fr\/blog\/#\/schema\/person\/image\/\",\"url\":\"https:\/\/dicodusport.fr\/blog\/wp-content\/uploads\/2021\/05\/Nicolas-Jacquemard-150x150.jpeg\",\"contentUrl\":\"https:\/\/dicodusport.fr\/blog\/wp-content\/uploads\/2021\/05\/Nicolas-Jacquemard-150x150.jpeg\",\"caption\":\"Nicolas Jacquemard\"},\"description\":\"Passionn\u00e9 de sport et entrepreneur depuis mes 18 ans, la cr\u00e9ation de Dicodusport m'a sembl\u00e9 \u00e9vidente pour participer \u00e0 la m\u00e9diatisation d'un plus grand nombre de sports. Le chemin est long mais avec une \u00e9quipe des plus motiv\u00e9es et les Jeux Olympiques de Paris 2024 en point de mire, nous y arriverons ! Journaliste dans le monde du sport depuis plus de 5 ans, je traite aussi bien de football, de rugby, de biathlon que de cyclisme.\",\"sameAs\":[\"https:\/\/www.facebook.com\/dicodusport\",\"https:\/\/x.com\/https:\/\/twitter.com\/Nico_Jacquemard\"],\"url\":\"https:\/\/dicodusport.fr\/blog\/author\/dicodusport\/\"}]}<\/script>\n<!-- \/ Yoast SEO Premium plugin. -->","yoast_head_json":{"title":"Herv\u00e9 Renard : \"On n'est pas des magiciens\"","description":"FOOTBALL - Herv\u00e9 Renard, nouveau s\u00e9lectionneur de l'\u00e9quipe de France, est revenu sur la victoire des Bleues face \u00e0 la Colombie (5-2).","robots":{"index":"index","follow":"follow","max-snippet":"max-snippet:-1","max-image-preview":"max-image-preview:large","max-video-preview":"max-video-preview:-1"},"canonical":"https:\/\/dicodusport.fr\/blog\/herve-renard-on-nest-pas-des-magiciens\/","og_locale":"fr_FR","og_type":"article","og_title":"Herv\u00e9 Renard : \"On n'est pas des magiciens\"","og_description":"FOOTBALL - Herv\u00e9 Renard, nouveau s\u00e9lectionneur de l'\u00e9quipe de France, est revenu sur la victoire des Bleues face \u00e0 la Colombie (5-2).","og_url":"https:\/\/dicodusport.fr\/blog\/herve-renard-on-nest-pas-des-magiciens\/","og_site_name":"Dicodusport","article_publisher":"https:\/\/www.facebook.com\/dicodusport","article_author":"https:\/\/www.facebook.com\/dicodusport","article_published_time":"2023-04-08T08:22:56+00:00","article_modified_time":"2023-04-08T08:28:16+00:00","og_image":[{"width":800,"height":445,"url":"https:\/\/dicodusport.fr\/blog\/wp-content\/uploads\/2023\/04\/Herve-Renard-On-nest-pas-des-magiciens.png","type":"image\/png"}],"author":"Nicolas Jacquemard","twitter_card":"summary_large_image","twitter_title":"Herv\u00e9 Renard : \"On n'est pas des magiciens\"","twitter_creator":"@https:\/\/twitter.com\/Nico_Jacquemard","twitter_site":"@dicodusport","schema":{"@context":"https:\/\/schema.org","@graph":[{"@type":"NewsArticle","@id":"https:\/\/dicodusport.fr\/blog\/herve-renard-on-nest-pas-des-magiciens\/#article","isPartOf":{"@id":"https:\/\/dicodusport.fr\/blog\/herve-renard-on-nest-pas-des-magiciens\/"},"author":{"name":"Nicolas Jacquemard","@id":"https:\/\/dicodusport.fr\/blog\/#\/schema\/person\/55dcb50ad410894e431ed812bbb70191"},"headline":"Herv\u00e9 Renard : \u00ab\u00a0On n&rsquo;est pas des magiciens\u00a0\u00bb","datePublished":"2023-04-08T08:22:56+00:00","dateModified":"2023-04-08T08:28:16+00:00","mainEntityOfPage":{"@id":"https:\/\/dicodusport.fr\/blog\/herve-renard-on-nest-pas-des-magiciens\/"},"wordCount":400,"commentCount":0,"publisher":{"@id":"https:\/\/dicodusport.fr\/blog\/#organization"},"image":{"@id":"https:\/\/dicodusport.fr\/blog\/herve-renard-on-nest-pas-des-magiciens\/#primaryimage"},"thumbnailUrl":"https:\/\/dicodusport.fr\/blog\/wp-content\/uploads\/2023\/04\/Herve-Renard-On-nest-pas-des-magiciens.png","keywords":["br\u00e8ve","\u00c9quipe de France f\u00e9minine de football","Football","Herv\u00e9 Renard"],"articleSection":["Football"],"inLanguage":"fr-FR","potentialAction":[{"@type":"CommentAction","name":"Comment","target":["https:\/\/dicodusport.fr\/blog\/herve-renard-on-nest-pas-des-magiciens\/#respond"]}],"copyrightYear":"2023","copyrightHolder":{"@id":"https:\/\/dicodusport.fr\/blog\/#organization"}},{"@type":"WebPage","@id":"https:\/\/dicodusport.fr\/blog\/herve-renard-on-nest-pas-des-magiciens\/","url":"https:\/\/dicodusport.fr\/blog\/herve-renard-on-nest-pas-des-magiciens\/","name":"Herv\u00e9 Renard : \"On n'est pas des magiciens\"","isPartOf":{"@id":"https:\/\/dicodusport.fr\/blog\/#website"},"primaryImageOfPage":{"@id":"https:\/\/dicodusport.fr\/blog\/herve-renard-on-nest-pas-des-magiciens\/#primaryimage"},"image":{"@id":"https:\/\/dicodusport.fr\/blog\/herve-renard-on-nest-pas-des-magiciens\/#primaryimage"},"thumbnailUrl":"https:\/\/dicodusport.fr\/blog\/wp-content\/uploads\/2023\/04\/Herve-Renard-On-nest-pas-des-magiciens.png","datePublished":"2023-04-08T08:22:56+00:00","dateModified":"2023-04-08T08:28:16+00:00","description":"FOOTBALL - Herv\u00e9 Renard, nouveau s\u00e9lectionneur de l'\u00e9quipe de France, est revenu sur la victoire des Bleues face \u00e0 la Colombie (5-2).","breadcrumb":{"@id":"https:\/\/dicodusport.fr\/blog\/herve-renard-on-nest-pas-des-magiciens\/#breadcrumb"},"inLanguage":"fr-FR","potentialAction":[{"@type":"ReadAction","target":["https:\/\/dicodusport.fr\/blog\/herve-renard-on-nest-pas-des-magiciens\/"]}]},{"@type":"ImageObject","inLanguage":"fr-FR","@id":"https:\/\/dicodusport.fr\/blog\/herve-renard-on-nest-pas-des-magiciens\/#primaryimage","url":"https:\/\/dicodusport.fr\/blog\/wp-content\/uploads\/2023\/04\/Herve-Renard-On-nest-pas-des-magiciens.png","contentUrl":"https:\/\/dicodusport.fr\/blog\/wp-content\/uploads\/2023\/04\/Herve-Renard-On-nest-pas-des-magiciens.png","width":800,"height":445},{"@type":"BreadcrumbList","@id":"https:\/\/dicodusport.fr\/blog\/herve-renard-on-nest-pas-des-magiciens\/#breadcrumb","itemListElement":[{"@type":"ListItem","position":1,"name":"Accueil","item":"https:\/\/dicodusport.fr\/blog\/"},{"@type":"ListItem","position":2,"name":"Herv\u00e9 Renard : \u00ab\u00a0On n&rsquo;est pas des magiciens\u00a0\u00bb"}]},{"@type":"WebSite","@id":"https:\/\/dicodusport.fr\/blog\/#website","url":"https:\/\/dicodusport.fr\/blog\/","name":"Dicodusport","description":"L&#039;encyclop\u00e9die de l&#039;actualit\u00e9 sportive","publisher":{"@id":"https:\/\/dicodusport.fr\/blog\/#organization"},"potentialAction":[{"@type":"SearchAction","target":{"@type":"EntryPoint","urlTemplate":"https:\/\/dicodusport.fr\/blog\/?s={search_term_string}"},"query-input":{"@type":"PropertyValueSpecification","valueRequired":true,"valueName":"search_term_string"}}],"inLanguage":"fr-FR"},{"@type":"NewsMediaOrganization","@id":"https:\/\/dicodusport.fr\/blog\/#organization","name":"Dicodusport","url":"https:\/\/dicodusport.fr\/blog\/","logo":{"@type":"ImageObject","inLanguage":"fr-FR","@id":"https:\/\/dicodusport.fr\/blog\/#\/schema\/logo\/image\/","url":"https:\/\/dicodusport.fr\/blog\/wp-content\/uploads\/2020\/06\/cropped-LOGO-DICODUSPORT-2020-SANS-FOND-SANS-TEXTE.png","contentUrl":"https:\/\/dicodusport.fr\/blog\/wp-content\/uploads\/2020\/06\/cropped-LOGO-DICODUSPORT-2020-SANS-FOND-SANS-TEXTE.png","width":512,"height":512,"caption":"Dicodusport"},"image":{"@id":"https:\/\/dicodusport.fr\/blog\/#\/schema\/logo\/image\/"},"sameAs":["https:\/\/www.facebook.com\/dicodusport","https:\/\/x.com\/dicodusport","https:\/\/www.instagram.com\/dicodusport\/","https:\/\/www.youtube.com\/channel\/UC7V2KZ5sd3htJivAbA4ZG3w"],"description":"Dicodusport est l'encyclop\u00e9die de l'actualit\u00e9 sportive.","email":"bonjour@dicodusport.fr","legalName":"DICODUSPORT","foundingDate":"2018-01-14","vatID":"FR71834470973","taxID":"83447097300043","numberOfEmployees":{"@type":"QuantitativeValue","minValue":"1","maxValue":"10"}},{"@type":"Person","@id":"https:\/\/dicodusport.fr\/blog\/#\/schema\/person\/55dcb50ad410894e431ed812bbb70191","name":"Nicolas Jacquemard","image":{"@type":"ImageObject","inLanguage":"fr-FR","@id":"https:\/\/dicodusport.fr\/blog\/#\/schema\/person\/image\/","url":"https:\/\/dicodusport.fr\/blog\/wp-content\/uploads\/2021\/05\/Nicolas-Jacquemard-150x150.jpeg","contentUrl":"https:\/\/dicodusport.fr\/blog\/wp-content\/uploads\/2021\/05\/Nicolas-Jacquemard-150x150.jpeg","caption":"Nicolas Jacquemard"},"description":"Passionn\u00e9 de sport et entrepreneur depuis mes 18 ans, la cr\u00e9ation de Dicodusport m'a sembl\u00e9 \u00e9vidente pour participer \u00e0 la m\u00e9diatisation d'un plus grand nombre de sports. Le chemin est long mais avec une \u00e9quipe des plus motiv\u00e9es et les Jeux Olympiques de Paris 2024 en point de mire, nous y arriverons ! Journaliste dans le monde du sport depuis plus de 5 ans, je traite aussi bien de football, de rugby, de biathlon que de cyclisme.","sameAs":["https:\/\/www.facebook.com\/dicodusport","https:\/\/x.com\/https:\/\/twitter.com\/Nico_Jacquemard"],"url":"https:\/\/dicodusport.fr\/blog\/author\/dicodusport\/"}]}},"_links":{"self":[{"href":"https:\/\/dicodusport.fr\/blog\/wp-json\/wp\/v2\/posts\/372722","targetHints":{"allow":["GET"]}}],"collection":[{"href":"https:\/\/dicodusport.fr\/blog\/wp-json\/wp\/v2\/posts"}],"about":[{"href":"https:\/\/dicodusport.fr\/blog\/wp-json\/wp\/v2\/types\/post"}],"author":[{"embeddable":true,"href":"https:\/\/dicodusport.fr\/blog\/wp-json\/wp\/v2\/users\/1"}],"replies":[{"embeddable":true,"href":"https:\/\/dicodusport.fr\/blog\/wp-json\/wp\/v2\/comments?post=372722"}],"version-history":[{"count":0,"href":"https:\/\/dicodusport.fr\/blog\/wp-json\/wp\/v2\/posts\/372722\/revisions"}],"wp:featuredmedia":[{"embeddable":true,"href":"https:\/\/dicodusport.fr\/blog\/wp-json\/wp\/v2\/media\/372723"}],"wp:attachment":[{"href":"https:\/\/dicodusport.fr\/blog\/wp-json\/wp\/v2\/media?parent=372722"}],"wp:term":[{"taxonomy":"category","embeddable":true,"href":"https:\/\/dicodusport.fr\/blog\/wp-json\/wp\/v2\/categories?post=372722"},{"taxonomy":"post_tag","embeddable":true,"href":"https:\/\/dicodusport.fr\/blog\/wp-json\/wp\/v2\/tags?post=372722"}],"curies":[{"name":"wp","href":"https:\/\/api.w.org\/{rel}","templated":true}]}}