{"id":37275,"date":"2019-04-17T09:03:26","date_gmt":"2019-04-17T07:03:26","guid":{"rendered":"http:\/\/dicodusport.fr\/blog\/?p=37275"},"modified":"2019-04-17T09:05:57","modified_gmt":"2019-04-17T07:05:57","slug":"rallye-lyon-charbonnieres-c-est-reparti-pour-un-tour","status":"publish","type":"post","link":"https:\/\/dicodusport.fr\/blog\/rallye-lyon-charbonnieres-c-est-reparti-pour-un-tour\/","title":{"rendered":"Rallye Lyon-Charbonni\u00e8res, c&rsquo;est reparti pour un tour"},"content":{"rendered":"<p style=\"text-align: justify;\"><em><strong>Du 18 au 20 avril, la <a href=\"https:\/\/www.rallye-sport.fr\/rallye-lyon-charbonnieres-2019\/\" target=\"_blank\" rel=\"noopener\">71\u00e8me \u00e9dition du Rallye Lyon-Charbonni\u00e8res<\/a>, deuxi\u00e8me manche du championnat de France, accueillera un beau plateau comme bien souvent dans le Rh\u00f4ne.<\/strong><\/em><\/p>\n<p style=\"text-align: justify;\">C&rsquo;est une institution dans le Rh\u00f4ne. Cr\u00e9\u00e9 en 1947, ce rallye est\u00a0pass\u00e9 par toutes les classes :\u00a0du championnat d&rsquo;Europe des rallyes, au championnat de France de 2\u00e8me division en passant par le championnat de France des rallyes, cat\u00e9gorie actuelle de l&rsquo;\u00e9v\u00e9nement.<\/p>\n<p style=\"text-align: justify;\">Les plus grands pilotes fran\u00e7ais sont pass\u00e9s par ce rallye et beaucoup l&rsquo;ont gagn\u00e9, comme Gilles Panizzi en 1996 et 1997, Philippe Bugalski entre 1998 et 2000 ou encore S\u00e9bastien Loeb en 2001, d\u00e9j\u00e0 accompagn\u00e9 de Daniel Elena. Pour les records, ce sont deux pilotes fran\u00e7ais qui se partagent le plus grand nombre de succ\u00e8s, avec quatre chacun :\u00a0David Salano et Dany Snobeck.<\/p>\n<h1 style=\"text-align: justify;\">Un joli plateau, une fois du plus<\/h1>\n<p style=\"text-align: justify;\">Pour cette \u00e9dition 2019, pas moins de 115 pilotes sont engag\u00e9s, dont le vainqueur sortant Yoann Bonato et celui qui a remport\u00e9 la premi\u00e8re manche du championnat de France,\u00a0Nicolas Ciamin. Du beau monde parmi les autres engag\u00e9s :\u00a0Quentin Gilbert, Sylvain Michel,\u00a0Eric Brunson ou\u00a0Romain Dumas. Ils\u00a0auront\u00a0au menu 15 sp\u00e9ciales et 207 kilom\u00e8tres de course. Pour voir la\u00a0liste compl\u00e8te des engag\u00e9s, c&rsquo;est\u00a0<a href=\"https:\/\/www.rallye-sport.fr\/liste-des-engages-rallye-lyon-charbonnieres-2019\/\" target=\"_blank\" rel=\"noopener\">ici<\/a>.<\/p>\n<p style=\"text-align: justify;\">Outre la manche du championnat de France des rallyes, d&rsquo;autres cat\u00e9gories comme le VHC (V\u00e9hicule Historique de Comp\u00e9tition) ou le VHRS (V\u00e9hicule Historique de R\u00e9gularit\u00e9 Sportive) sont venues se greffer au plateau.<\/p>\n<p style=\"text-align: justify;\"><em style=\"font-family: -apple-system, BlinkMacSystemFont, 'Segoe UI', Roboto, Oxygen-Sans, Ubuntu, Cantarell, 'Helvetica Neue', sans-serif;\"><strong>Nicolas Jacquemard<br \/>\n<\/strong><\/em><a style=\"font-family: -apple-system, BlinkMacSystemFont, 'Segoe UI', Roboto, Oxygen-Sans, Ubuntu, Cantarell, 'Helvetica Neue', sans-serif;\" href=\"https:\/\/twitter.com\/Nico_Jacquemard\" target=\"_blank\" rel=\"noopener noreferrer\"><img loading=\"lazy\" decoding=\"async\" class=\"alignnone wp-image-2908\" src=\"http:\/\/dicodusport.fr\/blog\/wp-content\/uploads\/2017\/07\/logo-twitter-150x150.png\" alt=\"\" width=\"39\" height=\"39\" \/><\/a><a style=\"font-family: -apple-system, BlinkMacSystemFont, 'Segoe UI', Roboto, Oxygen-Sans, Ubuntu, Cantarell, 'Helvetica Neue', sans-serif;\" href=\"https:\/\/www.facebook.com\/dicodusport\/\" target=\"_blank\" rel=\"noopener noreferrer\"><img loading=\"lazy\" decoding=\"async\" class=\"alignnone wp-image-2909\" src=\"http:\/\/dicodusport.fr\/blog\/wp-content\/uploads\/2017\/07\/logo-facebook-150x150.png\" alt=\"\" width=\"40\" height=\"40\" \/><\/a><\/p>\n","protected":false},"excerpt":{"rendered":"<p>Du 18 au 20 avril, la 71\u00e8me \u00e9dition du Rallye Lyon-Charbonni\u00e8res, deuxi\u00e8me manche du championnat de France, accueillera un beau plateau comme bien souvent dans le Rh\u00f4ne.<\/p>\n","protected":false},"author":1,"featured_media":37319,"comment_status":"open","ping_status":"closed","sticky":false,"template":"","format":"standard","meta":{"_acf_changed":false,"_daextam_enable_autolinks":"","footnotes":""},"categories":[2,2312],"tags":[449,3858],"class_list":["post-37275","post","type-post","status-publish","format-standard","has-post-thumbnail","hentry","category-actualites","category-sports-mecaniques","tag-lyon","tag-rallye"],"acf":[],"yoast_head":"<!-- This site is optimized with the Yoast SEO Premium plugin v26.7 (Yoast SEO v26.7) - https:\/\/yoast.com\/wordpress\/plugins\/seo\/ -->\n<title>Rallye Lyon-Charbonni\u00e8res, c&#039;est reparti pour un tour<\/title>\n<meta name=\"description\" content=\"Du 18 au 20 avril, la 71\u00e8me \u00e9dition du Rallye Lyon-Charbonni\u00e8res, deuxi\u00e8me manche du championnat de France, accueillera un beau plateau dans le Rh\u00f4ne.\" \/>\n<meta name=\"robots\" content=\"index, follow, max-snippet:-1, max-image-preview:large, max-video-preview:-1\" \/>\n<link rel=\"canonical\" href=\"https:\/\/dicodusport.fr\/blog\/rallye-lyon-charbonnieres-c-est-reparti-pour-un-tour\/\" \/>\n<meta property=\"og:locale\" content=\"fr_FR\" \/>\n<meta property=\"og:type\" content=\"article\" \/>\n<meta property=\"og:title\" content=\"Rallye Lyon-Charbonni\u00e8res, c&#039;est reparti pour un tour\" \/>\n<meta property=\"og:description\" content=\"Du 18 au 20 avril, la 71\u00e8me \u00e9dition du Rallye Lyon-Charbonni\u00e8res, deuxi\u00e8me manche du championnat de France, accueillera un beau plateau dans le Rh\u00f4ne.\" \/>\n<meta property=\"og:url\" content=\"https:\/\/dicodusport.fr\/blog\/rallye-lyon-charbonnieres-c-est-reparti-pour-un-tour\/\" \/>\n<meta property=\"og:site_name\" content=\"Dicodusport\" \/>\n<meta property=\"article:publisher\" content=\"https:\/\/www.facebook.com\/dicodusport\" \/>\n<meta property=\"article:author\" content=\"https:\/\/www.facebook.com\/dicodusport\" \/>\n<meta property=\"article:published_time\" content=\"2019-04-17T07:03:26+00:00\" \/>\n<meta property=\"article:modified_time\" content=\"2019-04-17T07:05:57+00:00\" \/>\n<meta property=\"og:image\" content=\"https:\/\/dicodusport.fr\/blog\/wp-content\/uploads\/2019\/04\/Yoann-Bonato.png\" \/>\n\t<meta property=\"og:image:width\" content=\"800\" \/>\n\t<meta property=\"og:image:height\" content=\"445\" \/>\n\t<meta property=\"og:image:type\" content=\"image\/png\" \/>\n<meta name=\"author\" content=\"Nicolas Jacquemard\" \/>\n<meta name=\"twitter:card\" content=\"summary_large_image\" \/>\n<meta name=\"twitter:creator\" content=\"@https:\/\/twitter.com\/Nico_Jacquemard\" \/>\n<meta name=\"twitter:site\" content=\"@dicodusport\" \/>\n<script type=\"application\/ld+json\" class=\"yoast-schema-graph\">{\"@context\":\"https:\/\/schema.org\",\"@graph\":[{\"@type\":\"NewsArticle\",\"@id\":\"https:\/\/dicodusport.fr\/blog\/rallye-lyon-charbonnieres-c-est-reparti-pour-un-tour\/#article\",\"isPartOf\":{\"@id\":\"https:\/\/dicodusport.fr\/blog\/rallye-lyon-charbonnieres-c-est-reparti-pour-un-tour\/\"},\"author\":{\"name\":\"Nicolas Jacquemard\",\"@id\":\"https:\/\/dicodusport.fr\/blog\/#\/schema\/person\/55dcb50ad410894e431ed812bbb70191\"},\"headline\":\"Rallye Lyon-Charbonni\u00e8res, c&rsquo;est reparti pour un tour\",\"datePublished\":\"2019-04-17T07:03:26+00:00\",\"dateModified\":\"2019-04-17T07:05:57+00:00\",\"mainEntityOfPage\":{\"@id\":\"https:\/\/dicodusport.fr\/blog\/rallye-lyon-charbonnieres-c-est-reparti-pour-un-tour\/\"},\"wordCount\":267,\"commentCount\":0,\"publisher\":{\"@id\":\"https:\/\/dicodusport.fr\/blog\/#organization\"},\"image\":{\"@id\":\"https:\/\/dicodusport.fr\/blog\/rallye-lyon-charbonnieres-c-est-reparti-pour-un-tour\/#primaryimage\"},\"thumbnailUrl\":\"https:\/\/dicodusport.fr\/blog\/wp-content\/uploads\/2019\/04\/Yoann-Bonato.png\",\"keywords\":[\"Lyon\",\"Rallye\"],\"articleSection\":[\"Actualit\u00e9s\",\"Sports m\u00e9caniques\"],\"inLanguage\":\"fr-FR\",\"potentialAction\":[{\"@type\":\"CommentAction\",\"name\":\"Comment\",\"target\":[\"https:\/\/dicodusport.fr\/blog\/rallye-lyon-charbonnieres-c-est-reparti-pour-un-tour\/#respond\"]}],\"copyrightYear\":\"2019\",\"copyrightHolder\":{\"@id\":\"https:\/\/dicodusport.fr\/blog\/#organization\"}},{\"@type\":\"WebPage\",\"@id\":\"https:\/\/dicodusport.fr\/blog\/rallye-lyon-charbonnieres-c-est-reparti-pour-un-tour\/\",\"url\":\"https:\/\/dicodusport.fr\/blog\/rallye-lyon-charbonnieres-c-est-reparti-pour-un-tour\/\",\"name\":\"Rallye Lyon-Charbonni\u00e8res, c'est reparti pour un tour\",\"isPartOf\":{\"@id\":\"https:\/\/dicodusport.fr\/blog\/#website\"},\"primaryImageOfPage\":{\"@id\":\"https:\/\/dicodusport.fr\/blog\/rallye-lyon-charbonnieres-c-est-reparti-pour-un-tour\/#primaryimage\"},\"image\":{\"@id\":\"https:\/\/dicodusport.fr\/blog\/rallye-lyon-charbonnieres-c-est-reparti-pour-un-tour\/#primaryimage\"},\"thumbnailUrl\":\"https:\/\/dicodusport.fr\/blog\/wp-content\/uploads\/2019\/04\/Yoann-Bonato.png\",\"datePublished\":\"2019-04-17T07:03:26+00:00\",\"dateModified\":\"2019-04-17T07:05:57+00:00\",\"description\":\"Du 18 au 20 avril, la 71\u00e8me \u00e9dition du Rallye Lyon-Charbonni\u00e8res, deuxi\u00e8me manche du championnat de France, accueillera un beau plateau dans le Rh\u00f4ne.\",\"breadcrumb\":{\"@id\":\"https:\/\/dicodusport.fr\/blog\/rallye-lyon-charbonnieres-c-est-reparti-pour-un-tour\/#breadcrumb\"},\"inLanguage\":\"fr-FR\",\"potentialAction\":[{\"@type\":\"ReadAction\",\"target\":[\"https:\/\/dicodusport.fr\/blog\/rallye-lyon-charbonnieres-c-est-reparti-pour-un-tour\/\"]}]},{\"@type\":\"ImageObject\",\"inLanguage\":\"fr-FR\",\"@id\":\"https:\/\/dicodusport.fr\/blog\/rallye-lyon-charbonnieres-c-est-reparti-pour-un-tour\/#primaryimage\",\"url\":\"https:\/\/dicodusport.fr\/blog\/wp-content\/uploads\/2019\/04\/Yoann-Bonato.png\",\"contentUrl\":\"https:\/\/dicodusport.fr\/blog\/wp-content\/uploads\/2019\/04\/Yoann-Bonato.png\",\"width\":800,\"height\":445},{\"@type\":\"BreadcrumbList\",\"@id\":\"https:\/\/dicodusport.fr\/blog\/rallye-lyon-charbonnieres-c-est-reparti-pour-un-tour\/#breadcrumb\",\"itemListElement\":[{\"@type\":\"ListItem\",\"position\":1,\"name\":\"Accueil\",\"item\":\"https:\/\/dicodusport.fr\/blog\/\"},{\"@type\":\"ListItem\",\"position\":2,\"name\":\"Rallye Lyon-Charbonni\u00e8res, c&rsquo;est reparti pour un tour\"}]},{\"@type\":\"WebSite\",\"@id\":\"https:\/\/dicodusport.fr\/blog\/#website\",\"url\":\"https:\/\/dicodusport.fr\/blog\/\",\"name\":\"Dicodusport\",\"description\":\"L&#039;encyclop\u00e9die de l&#039;actualit\u00e9 sportive\",\"publisher\":{\"@id\":\"https:\/\/dicodusport.fr\/blog\/#organization\"},\"potentialAction\":[{\"@type\":\"SearchAction\",\"target\":{\"@type\":\"EntryPoint\",\"urlTemplate\":\"https:\/\/dicodusport.fr\/blog\/?s={search_term_string}\"},\"query-input\":{\"@type\":\"PropertyValueSpecification\",\"valueRequired\":true,\"valueName\":\"search_term_string\"}}],\"inLanguage\":\"fr-FR\"},{\"@type\":\"NewsMediaOrganization\",\"@id\":\"https:\/\/dicodusport.fr\/blog\/#organization\",\"name\":\"Dicodusport\",\"url\":\"https:\/\/dicodusport.fr\/blog\/\",\"logo\":{\"@type\":\"ImageObject\",\"inLanguage\":\"fr-FR\",\"@id\":\"https:\/\/dicodusport.fr\/blog\/#\/schema\/logo\/image\/\",\"url\":\"https:\/\/dicodusport.fr\/blog\/wp-content\/uploads\/2020\/06\/cropped-LOGO-DICODUSPORT-2020-SANS-FOND-SANS-TEXTE.png\",\"contentUrl\":\"https:\/\/dicodusport.fr\/blog\/wp-content\/uploads\/2020\/06\/cropped-LOGO-DICODUSPORT-2020-SANS-FOND-SANS-TEXTE.png\",\"width\":512,\"height\":512,\"caption\":\"Dicodusport\"},\"image\":{\"@id\":\"https:\/\/dicodusport.fr\/blog\/#\/schema\/logo\/image\/\"},\"sameAs\":[\"https:\/\/www.facebook.com\/dicodusport\",\"https:\/\/x.com\/dicodusport\",\"https:\/\/www.instagram.com\/dicodusport\/\",\"https:\/\/www.youtube.com\/channel\/UC7V2KZ5sd3htJivAbA4ZG3w\"],\"description\":\"Dicodusport est l'encyclop\u00e9die de l'actualit\u00e9 sportive.\",\"email\":\"bonjour@dicodusport.fr\",\"legalName\":\"DICODUSPORT\",\"foundingDate\":\"2018-01-14\",\"vatID\":\"FR71834470973\",\"taxID\":\"83447097300043\",\"numberOfEmployees\":{\"@type\":\"QuantitativeValue\",\"minValue\":\"1\",\"maxValue\":\"10\"}},{\"@type\":\"Person\",\"@id\":\"https:\/\/dicodusport.fr\/blog\/#\/schema\/person\/55dcb50ad410894e431ed812bbb70191\",\"name\":\"Nicolas Jacquemard\",\"image\":{\"@type\":\"ImageObject\",\"inLanguage\":\"fr-FR\",\"@id\":\"https:\/\/dicodusport.fr\/blog\/#\/schema\/person\/image\/\",\"url\":\"https:\/\/dicodusport.fr\/blog\/wp-content\/uploads\/2021\/05\/Nicolas-Jacquemard-150x150.jpeg\",\"contentUrl\":\"https:\/\/dicodusport.fr\/blog\/wp-content\/uploads\/2021\/05\/Nicolas-Jacquemard-150x150.jpeg\",\"caption\":\"Nicolas Jacquemard\"},\"description\":\"Passionn\u00e9 de sport et entrepreneur depuis mes 18 ans, la cr\u00e9ation de Dicodusport m'a sembl\u00e9 \u00e9vidente pour participer \u00e0 la m\u00e9diatisation d'un plus grand nombre de sports. Le chemin est long mais avec une \u00e9quipe des plus motiv\u00e9es et les Jeux Olympiques de Paris 2024 en point de mire, nous y arriverons ! Journaliste dans le monde du sport depuis plus de 5 ans, je traite aussi bien de football, de rugby, de biathlon que de cyclisme.\",\"sameAs\":[\"https:\/\/www.facebook.com\/dicodusport\",\"https:\/\/x.com\/https:\/\/twitter.com\/Nico_Jacquemard\"],\"url\":\"https:\/\/dicodusport.fr\/blog\/author\/dicodusport\/\"}]}<\/script>\n<!-- \/ Yoast SEO Premium plugin. -->","yoast_head_json":{"title":"Rallye Lyon-Charbonni\u00e8res, c'est reparti pour un tour","description":"Du 18 au 20 avril, la 71\u00e8me \u00e9dition du Rallye Lyon-Charbonni\u00e8res, deuxi\u00e8me manche du championnat de France, accueillera un beau plateau dans le Rh\u00f4ne.","robots":{"index":"index","follow":"follow","max-snippet":"max-snippet:-1","max-image-preview":"max-image-preview:large","max-video-preview":"max-video-preview:-1"},"canonical":"https:\/\/dicodusport.fr\/blog\/rallye-lyon-charbonnieres-c-est-reparti-pour-un-tour\/","og_locale":"fr_FR","og_type":"article","og_title":"Rallye Lyon-Charbonni\u00e8res, c'est reparti pour un tour","og_description":"Du 18 au 20 avril, la 71\u00e8me \u00e9dition du Rallye Lyon-Charbonni\u00e8res, deuxi\u00e8me manche du championnat de France, accueillera un beau plateau dans le Rh\u00f4ne.","og_url":"https:\/\/dicodusport.fr\/blog\/rallye-lyon-charbonnieres-c-est-reparti-pour-un-tour\/","og_site_name":"Dicodusport","article_publisher":"https:\/\/www.facebook.com\/dicodusport","article_author":"https:\/\/www.facebook.com\/dicodusport","article_published_time":"2019-04-17T07:03:26+00:00","article_modified_time":"2019-04-17T07:05:57+00:00","og_image":[{"width":800,"height":445,"url":"https:\/\/dicodusport.fr\/blog\/wp-content\/uploads\/2019\/04\/Yoann-Bonato.png","type":"image\/png"}],"author":"Nicolas Jacquemard","twitter_card":"summary_large_image","twitter_creator":"@https:\/\/twitter.com\/Nico_Jacquemard","twitter_site":"@dicodusport","schema":{"@context":"https:\/\/schema.org","@graph":[{"@type":"NewsArticle","@id":"https:\/\/dicodusport.fr\/blog\/rallye-lyon-charbonnieres-c-est-reparti-pour-un-tour\/#article","isPartOf":{"@id":"https:\/\/dicodusport.fr\/blog\/rallye-lyon-charbonnieres-c-est-reparti-pour-un-tour\/"},"author":{"name":"Nicolas Jacquemard","@id":"https:\/\/dicodusport.fr\/blog\/#\/schema\/person\/55dcb50ad410894e431ed812bbb70191"},"headline":"Rallye Lyon-Charbonni\u00e8res, c&rsquo;est reparti pour un tour","datePublished":"2019-04-17T07:03:26+00:00","dateModified":"2019-04-17T07:05:57+00:00","mainEntityOfPage":{"@id":"https:\/\/dicodusport.fr\/blog\/rallye-lyon-charbonnieres-c-est-reparti-pour-un-tour\/"},"wordCount":267,"commentCount":0,"publisher":{"@id":"https:\/\/dicodusport.fr\/blog\/#organization"},"image":{"@id":"https:\/\/dicodusport.fr\/blog\/rallye-lyon-charbonnieres-c-est-reparti-pour-un-tour\/#primaryimage"},"thumbnailUrl":"https:\/\/dicodusport.fr\/blog\/wp-content\/uploads\/2019\/04\/Yoann-Bonato.png","keywords":["Lyon","Rallye"],"articleSection":["Actualit\u00e9s","Sports m\u00e9caniques"],"inLanguage":"fr-FR","potentialAction":[{"@type":"CommentAction","name":"Comment","target":["https:\/\/dicodusport.fr\/blog\/rallye-lyon-charbonnieres-c-est-reparti-pour-un-tour\/#respond"]}],"copyrightYear":"2019","copyrightHolder":{"@id":"https:\/\/dicodusport.fr\/blog\/#organization"}},{"@type":"WebPage","@id":"https:\/\/dicodusport.fr\/blog\/rallye-lyon-charbonnieres-c-est-reparti-pour-un-tour\/","url":"https:\/\/dicodusport.fr\/blog\/rallye-lyon-charbonnieres-c-est-reparti-pour-un-tour\/","name":"Rallye Lyon-Charbonni\u00e8res, c'est reparti pour un tour","isPartOf":{"@id":"https:\/\/dicodusport.fr\/blog\/#website"},"primaryImageOfPage":{"@id":"https:\/\/dicodusport.fr\/blog\/rallye-lyon-charbonnieres-c-est-reparti-pour-un-tour\/#primaryimage"},"image":{"@id":"https:\/\/dicodusport.fr\/blog\/rallye-lyon-charbonnieres-c-est-reparti-pour-un-tour\/#primaryimage"},"thumbnailUrl":"https:\/\/dicodusport.fr\/blog\/wp-content\/uploads\/2019\/04\/Yoann-Bonato.png","datePublished":"2019-04-17T07:03:26+00:00","dateModified":"2019-04-17T07:05:57+00:00","description":"Du 18 au 20 avril, la 71\u00e8me \u00e9dition du Rallye Lyon-Charbonni\u00e8res, deuxi\u00e8me manche du championnat de France, accueillera un beau plateau dans le Rh\u00f4ne.","breadcrumb":{"@id":"https:\/\/dicodusport.fr\/blog\/rallye-lyon-charbonnieres-c-est-reparti-pour-un-tour\/#breadcrumb"},"inLanguage":"fr-FR","potentialAction":[{"@type":"ReadAction","target":["https:\/\/dicodusport.fr\/blog\/rallye-lyon-charbonnieres-c-est-reparti-pour-un-tour\/"]}]},{"@type":"ImageObject","inLanguage":"fr-FR","@id":"https:\/\/dicodusport.fr\/blog\/rallye-lyon-charbonnieres-c-est-reparti-pour-un-tour\/#primaryimage","url":"https:\/\/dicodusport.fr\/blog\/wp-content\/uploads\/2019\/04\/Yoann-Bonato.png","contentUrl":"https:\/\/dicodusport.fr\/blog\/wp-content\/uploads\/2019\/04\/Yoann-Bonato.png","width":800,"height":445},{"@type":"BreadcrumbList","@id":"https:\/\/dicodusport.fr\/blog\/rallye-lyon-charbonnieres-c-est-reparti-pour-un-tour\/#breadcrumb","itemListElement":[{"@type":"ListItem","position":1,"name":"Accueil","item":"https:\/\/dicodusport.fr\/blog\/"},{"@type":"ListItem","position":2,"name":"Rallye Lyon-Charbonni\u00e8res, c&rsquo;est reparti pour un tour"}]},{"@type":"WebSite","@id":"https:\/\/dicodusport.fr\/blog\/#website","url":"https:\/\/dicodusport.fr\/blog\/","name":"Dicodusport","description":"L&#039;encyclop\u00e9die de l&#039;actualit\u00e9 sportive","publisher":{"@id":"https:\/\/dicodusport.fr\/blog\/#organization"},"potentialAction":[{"@type":"SearchAction","target":{"@type":"EntryPoint","urlTemplate":"https:\/\/dicodusport.fr\/blog\/?s={search_term_string}"},"query-input":{"@type":"PropertyValueSpecification","valueRequired":true,"valueName":"search_term_string"}}],"inLanguage":"fr-FR"},{"@type":"NewsMediaOrganization","@id":"https:\/\/dicodusport.fr\/blog\/#organization","name":"Dicodusport","url":"https:\/\/dicodusport.fr\/blog\/","logo":{"@type":"ImageObject","inLanguage":"fr-FR","@id":"https:\/\/dicodusport.fr\/blog\/#\/schema\/logo\/image\/","url":"https:\/\/dicodusport.fr\/blog\/wp-content\/uploads\/2020\/06\/cropped-LOGO-DICODUSPORT-2020-SANS-FOND-SANS-TEXTE.png","contentUrl":"https:\/\/dicodusport.fr\/blog\/wp-content\/uploads\/2020\/06\/cropped-LOGO-DICODUSPORT-2020-SANS-FOND-SANS-TEXTE.png","width":512,"height":512,"caption":"Dicodusport"},"image":{"@id":"https:\/\/dicodusport.fr\/blog\/#\/schema\/logo\/image\/"},"sameAs":["https:\/\/www.facebook.com\/dicodusport","https:\/\/x.com\/dicodusport","https:\/\/www.instagram.com\/dicodusport\/","https:\/\/www.youtube.com\/channel\/UC7V2KZ5sd3htJivAbA4ZG3w"],"description":"Dicodusport est l'encyclop\u00e9die de l'actualit\u00e9 sportive.","email":"bonjour@dicodusport.fr","legalName":"DICODUSPORT","foundingDate":"2018-01-14","vatID":"FR71834470973","taxID":"83447097300043","numberOfEmployees":{"@type":"QuantitativeValue","minValue":"1","maxValue":"10"}},{"@type":"Person","@id":"https:\/\/dicodusport.fr\/blog\/#\/schema\/person\/55dcb50ad410894e431ed812bbb70191","name":"Nicolas Jacquemard","image":{"@type":"ImageObject","inLanguage":"fr-FR","@id":"https:\/\/dicodusport.fr\/blog\/#\/schema\/person\/image\/","url":"https:\/\/dicodusport.fr\/blog\/wp-content\/uploads\/2021\/05\/Nicolas-Jacquemard-150x150.jpeg","contentUrl":"https:\/\/dicodusport.fr\/blog\/wp-content\/uploads\/2021\/05\/Nicolas-Jacquemard-150x150.jpeg","caption":"Nicolas Jacquemard"},"description":"Passionn\u00e9 de sport et entrepreneur depuis mes 18 ans, la cr\u00e9ation de Dicodusport m'a sembl\u00e9 \u00e9vidente pour participer \u00e0 la m\u00e9diatisation d'un plus grand nombre de sports. Le chemin est long mais avec une \u00e9quipe des plus motiv\u00e9es et les Jeux Olympiques de Paris 2024 en point de mire, nous y arriverons ! Journaliste dans le monde du sport depuis plus de 5 ans, je traite aussi bien de football, de rugby, de biathlon que de cyclisme.","sameAs":["https:\/\/www.facebook.com\/dicodusport","https:\/\/x.com\/https:\/\/twitter.com\/Nico_Jacquemard"],"url":"https:\/\/dicodusport.fr\/blog\/author\/dicodusport\/"}]}},"_links":{"self":[{"href":"https:\/\/dicodusport.fr\/blog\/wp-json\/wp\/v2\/posts\/37275","targetHints":{"allow":["GET"]}}],"collection":[{"href":"https:\/\/dicodusport.fr\/blog\/wp-json\/wp\/v2\/posts"}],"about":[{"href":"https:\/\/dicodusport.fr\/blog\/wp-json\/wp\/v2\/types\/post"}],"author":[{"embeddable":true,"href":"https:\/\/dicodusport.fr\/blog\/wp-json\/wp\/v2\/users\/1"}],"replies":[{"embeddable":true,"href":"https:\/\/dicodusport.fr\/blog\/wp-json\/wp\/v2\/comments?post=37275"}],"version-history":[{"count":0,"href":"https:\/\/dicodusport.fr\/blog\/wp-json\/wp\/v2\/posts\/37275\/revisions"}],"wp:featuredmedia":[{"embeddable":true,"href":"https:\/\/dicodusport.fr\/blog\/wp-json\/wp\/v2\/media\/37319"}],"wp:attachment":[{"href":"https:\/\/dicodusport.fr\/blog\/wp-json\/wp\/v2\/media?parent=37275"}],"wp:term":[{"taxonomy":"category","embeddable":true,"href":"https:\/\/dicodusport.fr\/blog\/wp-json\/wp\/v2\/categories?post=37275"},{"taxonomy":"post_tag","embeddable":true,"href":"https:\/\/dicodusport.fr\/blog\/wp-json\/wp\/v2\/tags?post=37275"}],"curies":[{"name":"wp","href":"https:\/\/api.w.org\/{rel}","templated":true}]}}