{"id":372761,"date":"2023-04-10T11:56:14","date_gmt":"2023-04-10T09:56:14","guid":{"rendered":"https:\/\/dicodusport.fr\/blog\/?p=372761&#038;preview=true&#038;preview_id=372761"},"modified":"2023-04-10T12:53:32","modified_gmt":"2023-04-10T10:53:32","slug":"ol-autopsie-d-une-nouvelle-saison-ratee-et-perspectives-davenir","status":"publish","type":"post","link":"https:\/\/dicodusport.fr\/blog\/ol-autopsie-d-une-nouvelle-saison-ratee-et-perspectives-davenir\/","title":{"rendered":"OL : Autopsie d&rsquo;une nouvelle saison rat\u00e9e et perspectives d&rsquo;avenir"},"content":{"rendered":"<p align=\"justify\"><em><b>OLYMPIQUE LYONNAIS &#8211; Le temps des questions est venu \u00e0 Lyon. Apr\u00e8s l&rsquo;\u00e9limination en Coupe de France face \u00e0 Nantes, l&rsquo;OL se retrouve dans une position d\u00e9licate. \u00c0 la tra\u00eene en championnat et sans r\u00e9el projet d&rsquo;avenir, les interrogations sont nombreuses et les r\u00e9ponses ne semblent pas pulluler. Les prochaines semaines et mois seront d\u00e9cisifs pour l&rsquo;OL !<\/b><\/em><\/p>\n<p style=\"text-align: justify;\" align=\"justify\">L&rsquo;Olympique Lyonnais est un club surprenant. Alors que les joueurs ont livr\u00e9 <a href=\"https:\/\/dicodusport.fr\/blog\/foot-coupe-de-france-nantes-ecarte-lol-et-va-defendre-son-titre-en-finale\/\">une prestation indigeste contre Nantes en demi-finales de Coupe de France<\/a>, les espoirs d&rsquo;Europe semblaient r\u00e9duits \u00e0 n\u00e9ant pour l&rsquo;an prochain. Puis, Lille a perdu contre Angers et les Lyonnais ont eu la bonne id\u00e9e de battre Rennes dimanche. R\u00e9sultat, l&rsquo;OL est \u00e0 seulement cinq points de la cinqui\u00e8me place qualificative pour l&rsquo;Europa Conference League. L&rsquo;espoir est donc encore permis malgr\u00e9 de nombreux probl\u00e8mes au sein du club.<\/p>\n<h2 style=\"text-align: justify;\">Une saison rat\u00e9e, pour l&rsquo;instant<\/h2>\n<p style=\"text-align: justify;\">Sans Coupe d&rsquo;Europe, l&rsquo;OL a pu profiter d&rsquo;un calendrier all\u00e9g\u00e9 avec un effectif (normalement) construit pour jouer les premiers r\u00f4les au niveau national. Finalement, rien ne s&rsquo;est d\u00e9roul\u00e9 comme pr\u00e9vu.<strong> L&rsquo;entra\u00eeneur Peter Bosz s&rsquo;est fait licencier<\/strong> d\u00e8s le 9 octobre apr\u00e8s un d\u00e9but de saison peu convaincant. Au-del\u00e0 des r\u00e9sultats peu probants, c&rsquo;est surtout l&rsquo;inqui\u00e9tant niveau de jeu qui a pouss\u00e9 les dirigeants lyonnais \u00e0 agir.<\/p>\n<p style=\"text-align: justify;\">Cependant, le changement d&rsquo;entra\u00eeneur n&rsquo;a pas r\u00e9gl\u00e9 les probl\u00e8mes. Du moins de mani\u00e8re imm\u00e9diate. Laurent Blanc a connu des d\u00e9buts poussifs et Lyon n&rsquo;est pas remont\u00e9 au <a href=\"https:\/\/dicodusport.fr\/blog\/classement-complet-ligue-1-2022-2023\/\">classement de la Ligue 1<\/a>. <strong>\u00c0 la mi-saison, l&rsquo;OL \u00e9voluait \u00e0 une triste neuvi\u00e8me place<\/strong>. Aujourd&rsquo;hui, les Lyonnais sont septi\u00e8mes apr\u00e8s trente journ\u00e9es.<\/p>\n<p style=\"text-align: justify;\">Pendant les ann\u00e9es 2000, le sprint final \u00e9tait une des sp\u00e9cialit\u00e9s du grand OL, son ADN en quelque sorte. Sauf que cet OL-l\u00e0 a disparu. Il n&rsquo;en reste plus que des ruines. Difficile donc d&rsquo;imaginer une folle remont\u00e9e sur les derni\u00e8res journ\u00e9es. M\u00eame si <strong>l&rsquo;\u00e9cart est de plus en plus faible avec l&rsquo;Europe<\/strong>. L&rsquo;OL vient d&rsquo;encha\u00eener deux belles victoires <a href=\"https:\/\/dicodusport.fr\/blog\/paris-lyon-notes-du-match\/\">\u00e0 Paris<\/a> et contre Rennes. Cependant, le calendrier est assez compliqu\u00e9 avec beaucoup de rencontres d\u00e9cisives. Les matchs contre Marseille, Monaco, Reims et Nice compteront double. Globalement, rien ne sera donn\u00e9 \u00e0 cette \u00e9quipe de Lyon, m\u00eame contre les clubs suppos\u00e9s plus faibles.<\/p>\n<h2 style=\"text-align: justify;\">Quelques satisfactions<\/h2>\n<p style=\"text-align: justify;\">Malgr\u00e9 le marasme rhodanien, des joueurs ont r\u00e9ussi \u00e0 performer. Tout d&rsquo;abord, les leaders que sont <strong>Anthony Lopes<\/strong> et<strong> Alexandre Lacazette <\/strong>r\u00e9alisent une saison plus que solide sur un plan personnel. Le gardien est revenu \u00e0 son meilleur niveau et le capitaine est en course pour le titre de meilleur buteur du championnat. Ensuite, <strong>Kumbedi<\/strong> et<strong> Barcola <\/strong>se sont r\u00e9v\u00e9l\u00e9s aux yeux de tous. Le premier cit\u00e9 a su saisir sa chance lorsque que <strong>Malo Gusto<\/strong> a \u00e9t\u00e9 absent, et il s&rsquo;est montr\u00e9 plus que solide pour un joueur sans exp\u00e9rience \u00e0 ce niveau. Le second mentionn\u00e9 est <a href=\"https:\/\/dicodusport.fr\/blog\/ol-la-belle-semaine-de-bradley-barcola\/\">la grande satisfaction de la saison lyonnaise<\/a>. Il a totalement explos\u00e9 en 2023 et encha\u00eene les performances de haut niveau.<\/p>\n<div class=\"vlp-link-container vlp-layout-article\"><a href=\"https:\/\/dicodusport.fr\/blog\/ol-la-belle-semaine-de-bradley-barcola\/\" class=\"vlp-link\" title=\"OL : La belle semaine de Bradley Barcola\"><\/a><div class=\"vlp-layout-zone-side\"><div class=\"vlp-block-4 vlp-link-image\"><img loading=\"lazy\" decoding=\"async\" style=\"max-width: 800px;\" width=\"800\" height=\"445\" src=\"https:\/\/dicodusport.fr\/blog\/wp-content\/uploads\/2023\/03\/OL-La-belle-semaine-de-Bradley-Barcola.png\" class=\"attachment-800x445 size-800x445\" alt=\"OL La belle semaine de Bradley Barcola\" srcset=\"https:\/\/dicodusport.fr\/blog\/wp-content\/uploads\/2023\/03\/OL-La-belle-semaine-de-Bradley-Barcola.png 800w, https:\/\/dicodusport.fr\/blog\/wp-content\/uploads\/2023\/03\/OL-La-belle-semaine-de-Bradley-Barcola-300x167.png 300w, https:\/\/dicodusport.fr\/blog\/wp-content\/uploads\/2023\/03\/OL-La-belle-semaine-de-Bradley-Barcola-768x427.png 768w\" sizes=\"auto, (max-width: 800px) 100vw, 800px\" \/><\/div><\/div><div class=\"vlp-layout-zone-main\"><div class=\"vlp-block-0 vlp-link-title\">OL : La belle semaine de Bradley Barcola<\/div><div class=\"vlp-block-1 vlp-link-summary\">OL - La saison de l'Olympique Lyonnais n'est pas une franche r\u00e9ussite, loin de l\u00e0. Au milieu de ce marasme rhodanien, un joueur a \u00e9tonn\u00e9 son monde ces derniers mois. Bradley Barcola conna\u00eet une \u00e9closion impressionnante au plus haut niveau et la semaine qui vient de s'\u00e9couler nous montre que le jeune Lyonnais n'est pas pr\u00eat de s'arr\u00eater en si bon chemin.\u00a0<\/div><div class=\"vlp-block-2 vlp-link-button\">Lire l'article<\/div><div class=\"vlp-block-3 vlp-link-url\">dicodusport.fr<\/div><\/div><\/div>\n<p style=\"text-align: justify;\">Au niveau des recrues, <strong>Dejan Lovren<\/strong> et <strong>Nicolas Tagliafico<\/strong> ont imm\u00e9diatement donn\u00e9 satisfaction et sont per\u00e7us comme des valeurs s\u00fbres dans le Rh\u00f4ne. En d\u00e9fense, <strong>Castello Lukeba<\/strong> a \u00e9t\u00e9 \u00e0 son aise tout au long de la saison et d\u00e9montre \u00e0 chaque match, qu&rsquo;il est un des tauliers de l&rsquo;\u00e9quipe.<\/p>\n<p style=\"text-align: justify;\">N\u00e9anmoins, la majeure partie des joueurs de l&rsquo;effectif n&rsquo;a pas \u00e9t\u00e9 au niveau. C&rsquo;est pour cela que l&rsquo;OL se retrouve aussi loin au classement. Puis, des joueurs ont commenc\u00e9 \u00e0 encha\u00eener les matchs apr\u00e8s la phase aller. Sur la phase retour, Lyon est deuxi\u00e8me du championnat, \u00e0 \u00e9galit\u00e9 de points avec la meilleure \u00e9quipe Reims. Cela donne une autre vision de la saison lyonnaise o\u00f9 l&rsquo;on observe clairement un avant et un apr\u00e8s mercato d&rsquo;hiver.<\/p>\n<h2 style=\"text-align: justify;\">Un climat d\u00e9l\u00e9t\u00e8re<\/h2>\n<p style=\"text-align: justify;\">Un autre chantier attend l&rsquo;<strong>Olympique Lyonnais<\/strong>. La rupture entre les supporters et la direction est \u00e9norme. Le constat est un peu diff\u00e9rent avec les joueurs, puisque ceux qui ont d\u00e9fray\u00e9 la chronique ont ou vont quitter le club lyonnais. On pense notamment \u00e0 <strong>Karl Toko-Ekambi<\/strong>, <strong>Damien Da Silva<\/strong>, <strong>Houssem Aouar<\/strong> ou encore <strong>Moussa Demb\u00e9l\u00e9<\/strong>. Leurs visages avaient \u00e9t\u00e9 placard\u00e9s dans la ville lyonnaise par des supporters qui leur ont somm\u00e9 de partir.<\/p>\n<p style=\"text-align: justify;\">Les dirigeants lyonnais semblent, de plus, d\u00e9connect\u00e9s de la r\u00e9alit\u00e9 du club. Ils paraissent ne pas saisir la gravit\u00e9 de la situation et se contentent de revoir leurs ambitions \u00e0 la baisse, saison apr\u00e8s saison. Les supporters ont men\u00e9 des actions pour faire r\u00e9agir la direction. Derni\u00e8rement, des banderoles sont sorties, comme lors de la rencontre face \u00e0 Lens. Puis, ce week-end, rebelote contre Rennes : <em>\u00ab Du pr\u00e9sident aux joueurs, vous coulez le club, tous coupables ! \u00bb<\/em> ou encore\u00a0 <em>\u00ab John Ghost Textor when will you act ? \u00bb<\/em> (traduction : John fant\u00f4me Textor quand est-ce que vous allez agir ?). Pour le moment, <strong>Vincent Ponsot<\/strong> et <strong>Bruno Cheyrou<\/strong> sont les plus cibl\u00e9s par les supporters. <strong>Jean-Michel Aulas<\/strong> reste relativement \u00e9pargn\u00e9, m\u00eame si la fronde commence \u00e0 monter envers l&#8217;embl\u00e9matique pr\u00e9sident lyonnais.<\/p>\n<blockquote class=\"twitter-tweet\">\n<p dir=\"ltr\" lang=\"fr\">L\u2019\u00e9limination en Coupe de France est toujours en travers de la gorge\u2026 \u00ab Du pr\u00e9sident aux joueurs, vous coulez le club, tous coupables ! \u00bb <a href=\"https:\/\/twitter.com\/hashtag\/OLSRFC?src=hash&amp;ref_src=twsrc%5Etfw\">#OLSRFC<\/a> <a href=\"https:\/\/t.co\/obipHK8Dcx\">pic.twitter.com\/obipHK8Dcx<\/a><\/p>\n<p>\u2014 Olympique-et-Lyonnais (@oetl) <a href=\"https:\/\/twitter.com\/oetl\/status\/1645023462455476224?ref_src=twsrc%5Etfw\">April 9, 2023<\/a><\/p><\/blockquote>\n<p><script async src=\"https:\/\/platform.twitter.com\/widgets.js\" charset=\"utf-8\"><\/script><\/p>\n<p style=\"text-align: justify;\">Avec le nouveau propri\u00e9taire <strong>John Textor<\/strong>, les attentes sont \u00e9normes du c\u00f4t\u00e9 des supporters. L&rsquo;envie de tourner la page et de passer \u00e0 autre chose apr\u00e8s cette saison est grande. D&rsquo;apr\u00e8s les rumeurs, <strong>Textor<\/strong> semble se rendre compte des diff\u00e9rents chantiers qui l&rsquo;attendent, en commen\u00e7ant par la direction. <strong>Bruno Cheyrou<\/strong> semble ne pas \u00eatre tr\u00e8s appr\u00e9ci\u00e9 par l&rsquo;Am\u00e9ricain depuis le mercato d&rsquo;hiver. Pour rappel, <strong>Cheyrou<\/strong> s&rsquo;est d\u00e9plac\u00e9 au Br\u00e9sil pour tenter de convaincre <strong>Joao Gomes<\/strong> de venir \u00e0 Lyon. L&rsquo;entreprise n&rsquo;a pas abouti et <strong>Textor<\/strong> a d\u00fb faire jouer ses propres liens pour recruter notamment <strong>Amin Sarr<\/strong> et <strong>Jeffinho<\/strong>. Deux joueurs qui par ailleurs n&rsquo;ont pas eu un impact imm\u00e9diat sur les r\u00e9sultats lyonnais. Dans le m\u00eame temps, les pistes menant \u00e0 <strong>Wilson Isidor<\/strong> et <strong>Path\u00e9 Ciss<\/strong> ont elles aussi \u00e9chou\u00e9.<\/p>\n<h2 style=\"text-align: justify;\">Un navire \u00e0 la d\u00e9rive<\/h2>\n<p style=\"text-align: justify;\">Depuis 2016, l&rsquo;<strong>Olympique Lyonnais<\/strong> n&rsquo;a plus \u00e9t\u00e9 vice-champion de France. Un d\u00e9classement impressionnant ! On peut ajouter \u00e0 cela l&rsquo;absence d&rsquo;un quelconque troph\u00e9e depuis 2012 (l&rsquo;Eusebio Cup ne compte malheureusement pas). Le club a chut\u00e9 doucement mais s\u00fbrement pour finir par glisser hors du podium puis hors du Top 5.<\/p>\n<p style=\"text-align: justify;\">La non reprise de la saison 2020 \u00e0 cause de la Covid-19 a fait \u00e9norm\u00e9ment de mal \u00e0 Lyon. Puisque l&rsquo;on constate que les performances \u00e9taient au rendez-vous apr\u00e8s la reprise. Le club est all\u00e9 en demi-finales de la prestigieuse Ligue des Champions pour la deuxi\u00e8me fois de son histoire. Puis, dans la foul\u00e9e, l&rsquo;\u00e9quipe de<strong> Rudi Garcia<\/strong> a surf\u00e9 sur la vague pour \u00eatre championne d&rsquo;automne en Ligue 1, avant de s&rsquo;\u00e9crouler dans le sprint final pour terminer quatri\u00e8me. Depuis, la descente aux enfers ne semble pas avoir de fin pour les Lyonnais.<\/p>\n<p style=\"text-align: justify;\">L&rsquo;<strong>Olympique Lyonnais<\/strong> ne pourra sortir de cette impasse qu&rsquo;en impliquant toutes les parties prenantes de mani\u00e8re collective. Des supporters \u00e0 la direction en passant par les joueurs \u00e9videmment. Tout le monde doit tirer dans le m\u00eame sens. Mais pour l&rsquo;instant, un homme semble emp\u00eacher cela.<\/p>\n<h2 style=\"text-align: justify;\">Un pr\u00e9sident qui ne l\u00e2che pas !<\/h2>\n<p style=\"text-align: justify;\"><strong>Jean-Michel Aulas<\/strong> est une l\u00e9gende \u00e0 Lyon. Personne ne peut nier tout ce qu&rsquo;il a r\u00e9alis\u00e9 pour l&rsquo;OL. Pourtant, l&rsquo;homme aiguis\u00e9 qu&rsquo;il a \u00e9t\u00e9 n&rsquo;existe vraisemblablement plus. Ses choix ces derni\u00e8res ann\u00e9es sont plus que contest\u00e9s. Une s\u00e9rie de d\u00e9cisions qui a amen\u00e9 le club \u00e0 sa place aujourd&rsquo;hui. Alors, le b\u00e2tisseur qu&rsquo;il a \u00e9t\u00e9 doit \u00eatre vigilant, car il est en train de devenir le fossoyeur que tout le monde bl\u00e2mera.<\/p>\n<p style=\"text-align: justify;\">Au vu de la situation sportive, <strong>Textor,<\/strong> le nouveau propri\u00e9taire, veut prendre plus de place, et Aulas ne semble pas pr\u00eat \u00e0 lui en faire. Un conflit peut \u00e9clore entre les deux hommes. D\u00e9sormais, <strong>JMA r<\/strong>epr\u00e9sente le pass\u00e9 \u00ab\u00a0glorieux\u00a0\u00bb de l&rsquo;OL. Pour que cela ne change pas, le pr\u00e9sident lyonnais va devoir faire les bons choix dans les prochains mois, au risque de voir <strong>John Textor<\/strong> faire sa loi et imposer ses hommes aux postes importants et d\u00e9cisionnaires. Un moindre mal pour l&rsquo;OL, puisqu&rsquo;il a \u00e9t\u00e9 dit que <a href=\"https:\/\/dicodusport.fr\/blog\/sidney-govou-jean-michel-aulas-est-entoure-de-personnes-incompetentes\/\"><strong>Jean-Michel Aulas<\/strong> \u00e9tait entour\u00e9 \u00ab d&rsquo;incomp\u00e9tents \u00bb selon <strong>Sidney Govou<\/strong><\/a><strong>.<\/strong> Un sous-entendu qui revient assez souvent, comme cette semaine, lors d&rsquo;<a href=\"https:\/\/www.sofoot.com\/articles\/karl-toko-ekambi-quand-un-joueur-a-une-cible-sur-lui-ca-devient-de-la-betise\">une interview de <strong>Karl Toko-Ekambi<\/strong><\/a><strong>.<\/strong><\/p>\n<div class=\"vlp-link-container vlp-layout-article\"><a href=\"https:\/\/dicodusport.fr\/blog\/sidney-govou-jean-michel-aulas-est-entoure-de-personnes-incompetentes\/\" class=\"vlp-link\" title=\"Sidney Govou : &quot;Jean-Michel Aulas est entour\u00e9 de personnes incomp\u00e9tentes&quot;\"><\/a><div class=\"vlp-layout-zone-side\"><div class=\"vlp-block-4 vlp-link-image\"><img loading=\"lazy\" decoding=\"async\" style=\"max-width: 800px;\" width=\"800\" height=\"445\" src=\"https:\/\/dicodusport.fr\/blog\/wp-content\/uploads\/2022\/10\/Sidney-Govou-Jean-Michel-Aulas-est-entoure\u0301-de-personnes-incompe\u0301tentes.png\" class=\"attachment-800x445 size-800x445\" alt=\"\" srcset=\"https:\/\/dicodusport.fr\/blog\/wp-content\/uploads\/2022\/10\/Sidney-Govou-Jean-Michel-Aulas-est-entoure\u0301-de-personnes-incompe\u0301tentes.png 800w, https:\/\/dicodusport.fr\/blog\/wp-content\/uploads\/2022\/10\/Sidney-Govou-Jean-Michel-Aulas-est-entoure\u0301-de-personnes-incompe\u0301tentes-300x167.png 300w, https:\/\/dicodusport.fr\/blog\/wp-content\/uploads\/2022\/10\/Sidney-Govou-Jean-Michel-Aulas-est-entoure\u0301-de-personnes-incompe\u0301tentes-768x427.png 768w\" sizes=\"auto, (max-width: 800px) 100vw, 800px\" \/><\/div><\/div><div class=\"vlp-layout-zone-main\"><div class=\"vlp-block-0 vlp-link-title\">Sidney Govou : \"Jean-Michel Aulas est entour\u00e9 de personnes incomp\u00e9tentes\"<\/div><div class=\"vlp-block-1 vlp-link-summary\">LIGUE 1 2022-2023 - Dans un long entretien accord\u00e9 \u00e0 L'\u00c9quipe, Sidney Govou a point\u00e9 l'entourage de Jean-Michel Aulas pour expliquer les difficult\u00e9s de l'Olympique Lyonnais.\u00a0<\/div><div class=\"vlp-block-2 vlp-link-button\">Lire l'article<\/div><div class=\"vlp-block-3 vlp-link-url\">dicodusport.fr<\/div><\/div><\/div>\n<h2 style=\"text-align: justify;\">Et maintenant ?<\/h2>\n<p style=\"text-align: justify;\">Une fois tous les probl\u00e8mes pos\u00e9s, on se rend compte que la solution miracle n&rsquo;existe pas. C&rsquo;est plus facile \u00e0 dire qu&rsquo;\u00e0 faire, mais les choix des dirigeants vont \u00eatre d\u00e9cisifs. Leur capacit\u00e9 \u00e0 donner une ligne directrice au club va \u00eatre essentielle. Sinon, le club pourrait glisser lentement vers un destin similaire \u00e0 celui des Girondins de Bordeaux aujourd&rsquo;hui en Ligue 2.<\/p>\n<p style=\"text-align: justify;\">Normalement, l&rsquo;<strong>OL<\/strong> est \u00e9quip\u00e9 pour \u00e9viter de telles m\u00e9saventures, mais une mauvaise saison est si vite arriv\u00e9e et la marge du club sur la zone rouge fond d&rsquo;ann\u00e9es en ann\u00e9es. Le passage \u00e0 18 \u00e9quipes, le centre de formation de qualit\u00e9 et l&rsquo;arriv\u00e9e de <strong>Textor<\/strong> devraient permettre \u00e0 l&rsquo;OL d&rsquo;\u00e9viter un cataclysme comme celui-ci.<\/p>\n<p style=\"text-align: justify;\">Les hommes de la direction vont devoir bouger. <strong>Cheyrou<\/strong> et <strong>Ponsot<\/strong> sont plus que jamais sur la sellette et leur bilan ne parle pas pour eux. Leur d\u00e9part est une chose, mais encore faut-il placer les bonnes personnes aux bons postes pour que cela fonctionne. Textor va devoir faire fonctionner ses r\u00e9seaux pour attirer des membres comp\u00e9tents. De nombreux noms ont circul\u00e9 ces derni\u00e8res semaines, comme <strong>Geoffrey Moncada<\/strong> (chief scout de l&rsquo;AC Milan), <strong>Iain Moody<\/strong>, <strong>Steve Hitchen<\/strong> ou encore <strong>Juninho<\/strong>, l&rsquo;ancien directeur sportif de l&rsquo;OL, dont le nom revient et reviendra toujours tant que cela n&rsquo;aura pas fonctionn\u00e9 \u00e0 Lyon.<\/p>\n<blockquote class=\"twitter-tweet\">\n<p dir=\"ltr\" lang=\"fr\">\ud83d\udea8 Un nouvel homme fort a l\u2019OL ?<\/p>\n<p>\u2022 En effet, selon les informations de <a href=\"https:\/\/twitter.com\/lequipe?ref_src=twsrc%5Etfw\">@lequipe<\/a>, Geoffrey Moncada, actuel chief scout chez les Rossoneri, aurait \u00e9t\u00e9 sond\u00e9 par John Textor<\/p>\n<p>\u2022 Autre nom \u00e9voque, celui de Iain Moody, pr\u00e9c\u00e9demment li\u00e9 \u00e0 Crystal Palace, puis a l\u2019OGC Nice. <a href=\"https:\/\/t.co\/ZVUGSc1HUZ\">pic.twitter.com\/ZVUGSc1HUZ<\/a><\/p>\n<p>\u2014 \ud835\uddda\ud835\udde2\ud835\udde1\ud835\uddd8\ud835\uddd5\ud835\uddd4\ud835\uddd6\ud835\uddde (@GonebackOff) <a href=\"https:\/\/twitter.com\/GonebackOff\/status\/1644107024664338432?ref_src=twsrc%5Etfw\">April 6, 2023<\/a><\/p><\/blockquote>\n<p><script async src=\"https:\/\/platform.twitter.com\/widgets.js\" charset=\"utf-8\"><\/script><\/p>\n<p style=\"text-align: justify;\">Ensuite, sur le terrain aussi des changements vont avoir lieu. Des joueurs vont s&rsquo;en aller. <strong>Houssem Aouar, Jer\u00f4me Boateng <\/strong>et <strong>Moussa Demb\u00e9l\u00e9 <\/strong>seront libres au 30 juin. Malo Gusto va d\u00e9finitivement partir \u00e0 Chelsea. De plus, il va falloir s&rsquo;occuper des joueurs de retour de pr\u00eat et qui ne sont plus en odeur de saintet\u00e9 \u00e0 Lyon. <strong>Karl Toko-Ekambi <\/strong>ne devrait plus rejouer sous la tunique lyonnaise d&rsquo;apr\u00e8s ses propos plus que clairs cette semaine. <strong>Romain Faivre<\/strong> est sous contrat jusqu&rsquo;en 2026 et ne semble pas avoir ce qu&rsquo;il faut pour performer \u00e0 Lyon, \u00e0 la mani\u00e8re d&rsquo;un <strong>Martin Terrier<\/strong> \u00e0 l&rsquo;\u00e9poque. Il restera un an de contrat \u00e0 <strong>Reine-Ad\u00e9la\u00efde<\/strong>, <strong>Kadewere<\/strong>, <strong>Kon\u00e9<\/strong>, <strong>Pollersbeck<\/strong> et <strong>Camilo<\/strong>. Tous ces joueurs ne seront clairement pas conserv\u00e9s par le club, mais il sera difficile de leur trouver une porte de sortie.<\/p>\n<p style=\"text-align: justify;\">L&rsquo;<strong>Olympique Lyonnais<\/strong> va devoir se renforcer \u00e0 de nombreux postes cet \u00e9t\u00e9. Sauf que sans (probablement) une Coupe d&rsquo;Europe \u00e0 jouer, cela va \u00eatre tr\u00e8s difficile. En d\u00e9fense, un lat\u00e9ral droit et un lat\u00e9ral gauche sont n\u00e9cessaires. Le milieu manque de qualit\u00e9 et des renforts devraient arriver, \u00e0 moins qu&rsquo;ils ne viennent de l&rsquo;int\u00e9rieur du club. <strong>Mohamed El-Arouch <\/strong>et<strong> Florent Da Silva<\/strong> peuvent \u00eatre ces renforts. Devant, <strong>Rayan Cherki<\/strong> va devoir gagner en r\u00e9gularit\u00e9 pour s&rsquo;imposer comme le leader technique d&rsquo;une \u00e9quipe qui a cruellement besoin de lui. <strong>Barcola<\/strong> et <strong>Lacazette<\/strong> sont irr\u00e9prochables pour l&rsquo;instant. <strong>Amin Sarr<\/strong> et <strong>Jeffinho<\/strong> ont besoin de temps, mais le second cit\u00e9 a laiss\u00e9 appara\u00eetre des qualit\u00e9s et une r\u00e9ussite que <strong>Sarr<\/strong> n&rsquo;a pas pour le moment.<\/p>\n<p style=\"text-align: justify;\">Pour les supporters, il va falloir se montrer patients. Mais ces derniers vont garder ce m\u00eame degr\u00e9 d&rsquo;exigence avec leur club, tout en continuant \u00e0 \u00eatre derri\u00e8re leur \u00e9quipe et en exigeant un certain niveau d&rsquo;excellence. Un niveau qu&rsquo;un club comme l&rsquo;OL n&rsquo;aurait jamais d\u00fb quitter.<\/p>\n","protected":false},"excerpt":{"rendered":"<p>OLYMPIQUE LYONNAIS &#8211; Le temps des questions est venu \u00e0 Lyon. Apr\u00e8s l&rsquo;\u00e9limination en Coupe de France face \u00e0 Nantes, l&rsquo;OL se retrouve dans une position d\u00e9licate. <\/p>\n","protected":false},"author":85,"featured_media":373191,"comment_status":"open","ping_status":"closed","sticky":false,"template":"","format":"standard","meta":{"_acf_changed":false,"_daextam_enable_autolinks":"","footnotes":""},"categories":[2301],"tags":[2734,16878,75,24424,1554,1145,1146,24],"class_list":["post-372761","post","type-post","status-publish","format-standard","has-post-thumbnail","hentry","category-football","tag-aulas","tag-breve","tag-football","tag-john-textor","tag-ligue-1","tag-ol","tag-olympique-lyonnais","tag-sport"],"acf":[],"yoast_head":"<!-- This site is optimized with the Yoast SEO Premium plugin v26.7 (Yoast SEO v26.7) - https:\/\/yoast.com\/wordpress\/plugins\/seo\/ -->\n<title>OL : Autopsie d&#039;une nouvelle saison rat\u00e9e et perspectives d&#039;avenir<\/title>\n<meta name=\"description\" content=\"OLYMPIQUE LYONNAIS - Apr\u00e8s l&#039;\u00e9limination en Coupe de France face \u00e0 Nantes, l&#039;OL se retrouve dans une position d\u00e9licate.\" \/>\n<meta name=\"robots\" content=\"index, follow, max-snippet:-1, max-image-preview:large, max-video-preview:-1\" \/>\n<link rel=\"canonical\" href=\"https:\/\/dicodusport.fr\/blog\/ol-autopsie-d-une-nouvelle-saison-ratee-et-perspectives-davenir\/\" \/>\n<meta property=\"og:locale\" content=\"fr_FR\" \/>\n<meta property=\"og:type\" content=\"article\" \/>\n<meta property=\"og:title\" content=\"OL : Autopsie d&#039;une nouvelle saison rat\u00e9e et perspectives d&#039;avenir\" \/>\n<meta property=\"og:description\" content=\"OLYMPIQUE LYONNAIS - Apr\u00e8s l&#039;\u00e9limination en Coupe de France face \u00e0 Nantes, l&#039;OL se retrouve dans une position d\u00e9licate.\" \/>\n<meta property=\"og:url\" content=\"https:\/\/dicodusport.fr\/blog\/ol-autopsie-d-une-nouvelle-saison-ratee-et-perspectives-davenir\/\" \/>\n<meta property=\"og:site_name\" content=\"Dicodusport\" \/>\n<meta property=\"article:publisher\" content=\"https:\/\/www.facebook.com\/dicodusport\" \/>\n<meta property=\"article:published_time\" content=\"2023-04-10T09:56:14+00:00\" \/>\n<meta property=\"article:modified_time\" content=\"2023-04-10T10:53:32+00:00\" \/>\n<meta property=\"og:image\" content=\"https:\/\/dicodusport.fr\/blog\/wp-content\/uploads\/2023\/04\/OL-Autopsie-dune-nouvelle-saison-ratee-et-perspectives-davenir.png\" \/>\n\t<meta property=\"og:image:width\" content=\"800\" \/>\n\t<meta property=\"og:image:height\" content=\"445\" \/>\n\t<meta property=\"og:image:type\" content=\"image\/png\" \/>\n<meta name=\"author\" content=\"Mathias Roisil\" \/>\n<meta name=\"twitter:card\" content=\"summary_large_image\" \/>\n<meta name=\"twitter:title\" content=\"OL : Autopsie d&#039;une nouvelle saison rat\u00e9e et perspectives d&#039;avenir\" \/>\n<meta name=\"twitter:creator\" content=\"@https:\/\/twitter.com\/mathias_rsl\" \/>\n<meta name=\"twitter:site\" content=\"@dicodusport\" \/>\n<script type=\"application\/ld+json\" class=\"yoast-schema-graph\">{\"@context\":\"https:\/\/schema.org\",\"@graph\":[{\"@type\":\"NewsArticle\",\"@id\":\"https:\/\/dicodusport.fr\/blog\/ol-autopsie-d-une-nouvelle-saison-ratee-et-perspectives-davenir\/#article\",\"isPartOf\":{\"@id\":\"https:\/\/dicodusport.fr\/blog\/ol-autopsie-d-une-nouvelle-saison-ratee-et-perspectives-davenir\/\"},\"author\":{\"name\":\"Mathias Roisil\",\"@id\":\"https:\/\/dicodusport.fr\/blog\/#\/schema\/person\/e474e53a72e49c749504921d8c1c20e0\"},\"headline\":\"OL : Autopsie d&rsquo;une nouvelle saison rat\u00e9e et perspectives d&rsquo;avenir\",\"datePublished\":\"2023-04-10T09:56:14+00:00\",\"dateModified\":\"2023-04-10T10:53:32+00:00\",\"mainEntityOfPage\":{\"@id\":\"https:\/\/dicodusport.fr\/blog\/ol-autopsie-d-une-nouvelle-saison-ratee-et-perspectives-davenir\/\"},\"wordCount\":2329,\"commentCount\":0,\"publisher\":{\"@id\":\"https:\/\/dicodusport.fr\/blog\/#organization\"},\"image\":{\"@id\":\"https:\/\/dicodusport.fr\/blog\/ol-autopsie-d-une-nouvelle-saison-ratee-et-perspectives-davenir\/#primaryimage\"},\"thumbnailUrl\":\"https:\/\/dicodusport.fr\/blog\/wp-content\/uploads\/2023\/04\/OL-Autopsie-dune-nouvelle-saison-ratee-et-perspectives-davenir.png\",\"keywords\":[\"Aulas\",\"br\u00e8ve\",\"Football\",\"John Textor\",\"Ligue 1\",\"OL\",\"Olympique lyonnais\",\"sport\"],\"articleSection\":[\"Football\"],\"inLanguage\":\"fr-FR\",\"potentialAction\":[{\"@type\":\"CommentAction\",\"name\":\"Comment\",\"target\":[\"https:\/\/dicodusport.fr\/blog\/ol-autopsie-d-une-nouvelle-saison-ratee-et-perspectives-davenir\/#respond\"]}],\"copyrightYear\":\"2023\",\"copyrightHolder\":{\"@id\":\"https:\/\/dicodusport.fr\/blog\/#organization\"}},{\"@type\":\"WebPage\",\"@id\":\"https:\/\/dicodusport.fr\/blog\/ol-autopsie-d-une-nouvelle-saison-ratee-et-perspectives-davenir\/\",\"url\":\"https:\/\/dicodusport.fr\/blog\/ol-autopsie-d-une-nouvelle-saison-ratee-et-perspectives-davenir\/\",\"name\":\"OL : Autopsie d'une nouvelle saison rat\u00e9e et perspectives d'avenir\",\"isPartOf\":{\"@id\":\"https:\/\/dicodusport.fr\/blog\/#website\"},\"primaryImageOfPage\":{\"@id\":\"https:\/\/dicodusport.fr\/blog\/ol-autopsie-d-une-nouvelle-saison-ratee-et-perspectives-davenir\/#primaryimage\"},\"image\":{\"@id\":\"https:\/\/dicodusport.fr\/blog\/ol-autopsie-d-une-nouvelle-saison-ratee-et-perspectives-davenir\/#primaryimage\"},\"thumbnailUrl\":\"https:\/\/dicodusport.fr\/blog\/wp-content\/uploads\/2023\/04\/OL-Autopsie-dune-nouvelle-saison-ratee-et-perspectives-davenir.png\",\"datePublished\":\"2023-04-10T09:56:14+00:00\",\"dateModified\":\"2023-04-10T10:53:32+00:00\",\"description\":\"OLYMPIQUE LYONNAIS - Apr\u00e8s l'\u00e9limination en Coupe de France face \u00e0 Nantes, l'OL se retrouve dans une position d\u00e9licate.\",\"breadcrumb\":{\"@id\":\"https:\/\/dicodusport.fr\/blog\/ol-autopsie-d-une-nouvelle-saison-ratee-et-perspectives-davenir\/#breadcrumb\"},\"inLanguage\":\"fr-FR\",\"potentialAction\":[{\"@type\":\"ReadAction\",\"target\":[\"https:\/\/dicodusport.fr\/blog\/ol-autopsie-d-une-nouvelle-saison-ratee-et-perspectives-davenir\/\"]}]},{\"@type\":\"ImageObject\",\"inLanguage\":\"fr-FR\",\"@id\":\"https:\/\/dicodusport.fr\/blog\/ol-autopsie-d-une-nouvelle-saison-ratee-et-perspectives-davenir\/#primaryimage\",\"url\":\"https:\/\/dicodusport.fr\/blog\/wp-content\/uploads\/2023\/04\/OL-Autopsie-dune-nouvelle-saison-ratee-et-perspectives-davenir.png\",\"contentUrl\":\"https:\/\/dicodusport.fr\/blog\/wp-content\/uploads\/2023\/04\/OL-Autopsie-dune-nouvelle-saison-ratee-et-perspectives-davenir.png\",\"width\":800,\"height\":445,\"caption\":\"OL Autopsie d'une nouvelle saison rat\u00e9e et perspectives d'avenir\"},{\"@type\":\"BreadcrumbList\",\"@id\":\"https:\/\/dicodusport.fr\/blog\/ol-autopsie-d-une-nouvelle-saison-ratee-et-perspectives-davenir\/#breadcrumb\",\"itemListElement\":[{\"@type\":\"ListItem\",\"position\":1,\"name\":\"Accueil\",\"item\":\"https:\/\/dicodusport.fr\/blog\/\"},{\"@type\":\"ListItem\",\"position\":2,\"name\":\"OL : Autopsie d&rsquo;une nouvelle saison rat\u00e9e et perspectives d&rsquo;avenir\"}]},{\"@type\":\"WebSite\",\"@id\":\"https:\/\/dicodusport.fr\/blog\/#website\",\"url\":\"https:\/\/dicodusport.fr\/blog\/\",\"name\":\"Dicodusport\",\"description\":\"L&#039;encyclop\u00e9die de l&#039;actualit\u00e9 sportive\",\"publisher\":{\"@id\":\"https:\/\/dicodusport.fr\/blog\/#organization\"},\"potentialAction\":[{\"@type\":\"SearchAction\",\"target\":{\"@type\":\"EntryPoint\",\"urlTemplate\":\"https:\/\/dicodusport.fr\/blog\/?s={search_term_string}\"},\"query-input\":{\"@type\":\"PropertyValueSpecification\",\"valueRequired\":true,\"valueName\":\"search_term_string\"}}],\"inLanguage\":\"fr-FR\"},{\"@type\":\"NewsMediaOrganization\",\"@id\":\"https:\/\/dicodusport.fr\/blog\/#organization\",\"name\":\"Dicodusport\",\"url\":\"https:\/\/dicodusport.fr\/blog\/\",\"logo\":{\"@type\":\"ImageObject\",\"inLanguage\":\"fr-FR\",\"@id\":\"https:\/\/dicodusport.fr\/blog\/#\/schema\/logo\/image\/\",\"url\":\"https:\/\/dicodusport.fr\/blog\/wp-content\/uploads\/2020\/06\/cropped-LOGO-DICODUSPORT-2020-SANS-FOND-SANS-TEXTE.png\",\"contentUrl\":\"https:\/\/dicodusport.fr\/blog\/wp-content\/uploads\/2020\/06\/cropped-LOGO-DICODUSPORT-2020-SANS-FOND-SANS-TEXTE.png\",\"width\":512,\"height\":512,\"caption\":\"Dicodusport\"},\"image\":{\"@id\":\"https:\/\/dicodusport.fr\/blog\/#\/schema\/logo\/image\/\"},\"sameAs\":[\"https:\/\/www.facebook.com\/dicodusport\",\"https:\/\/x.com\/dicodusport\",\"https:\/\/www.instagram.com\/dicodusport\/\",\"https:\/\/www.youtube.com\/channel\/UC7V2KZ5sd3htJivAbA4ZG3w\"],\"description\":\"Dicodusport est l'encyclop\u00e9die de l'actualit\u00e9 sportive.\",\"email\":\"bonjour@dicodusport.fr\",\"legalName\":\"DICODUSPORT\",\"foundingDate\":\"2018-01-14\",\"vatID\":\"FR71834470973\",\"taxID\":\"83447097300043\",\"numberOfEmployees\":{\"@type\":\"QuantitativeValue\",\"minValue\":\"1\",\"maxValue\":\"10\"}},{\"@type\":\"Person\",\"@id\":\"https:\/\/dicodusport.fr\/blog\/#\/schema\/person\/e474e53a72e49c749504921d8c1c20e0\",\"name\":\"Mathias Roisil\",\"image\":{\"@type\":\"ImageObject\",\"inLanguage\":\"fr-FR\",\"@id\":\"https:\/\/dicodusport.fr\/blog\/#\/schema\/person\/image\/\",\"url\":\"https:\/\/dicodusport.fr\/blog\/wp-content\/uploads\/2023\/06\/rogne-150x150.jpg\",\"contentUrl\":\"https:\/\/dicodusport.fr\/blog\/wp-content\/uploads\/2023\/06\/rogne-150x150.jpg\",\"caption\":\"Mathias Roisil\"},\"description\":\"Passionn\u00e9 de sport depuis toujours. Grand fan de l'Olympique Lyonnais et des Toronto Raptors, j'ai toujours voulu \u00eatre journaliste sportif. Aujourd'hui \u00e9ducateur sp\u00e9cialis\u00e9, c'est \u00e0 mes heures perdues que je m'adonne \u00e0 cette passion. Globe-trotter, le sport est ma boussole. Que ce soit au beau milieu de l'Amazonie ou au c\u0153ur d'une temp\u00eate de neige au Qu\u00e9bec, les exploits des sportifs m'accompagnent. Je leur rends \u00e0 ma fa\u00e7on en \u00e9crivant quelques lignes de temps en temps !\",\"sameAs\":[\"https:\/\/www.instagram.com\/mathias_rsl\/\",\"https:\/\/x.com\/https:\/\/twitter.com\/mathias_rsl\"],\"url\":\"https:\/\/dicodusport.fr\/blog\/author\/mathias-roisil\/\"}]}<\/script>\n<!-- \/ Yoast SEO Premium plugin. -->","yoast_head_json":{"title":"OL : Autopsie d'une nouvelle saison rat\u00e9e et perspectives d'avenir","description":"OLYMPIQUE LYONNAIS - Apr\u00e8s l'\u00e9limination en Coupe de France face \u00e0 Nantes, l'OL se retrouve dans une position d\u00e9licate.","robots":{"index":"index","follow":"follow","max-snippet":"max-snippet:-1","max-image-preview":"max-image-preview:large","max-video-preview":"max-video-preview:-1"},"canonical":"https:\/\/dicodusport.fr\/blog\/ol-autopsie-d-une-nouvelle-saison-ratee-et-perspectives-davenir\/","og_locale":"fr_FR","og_type":"article","og_title":"OL : Autopsie d'une nouvelle saison rat\u00e9e et perspectives d'avenir","og_description":"OLYMPIQUE LYONNAIS - Apr\u00e8s l'\u00e9limination en Coupe de France face \u00e0 Nantes, l'OL se retrouve dans une position d\u00e9licate.","og_url":"https:\/\/dicodusport.fr\/blog\/ol-autopsie-d-une-nouvelle-saison-ratee-et-perspectives-davenir\/","og_site_name":"Dicodusport","article_publisher":"https:\/\/www.facebook.com\/dicodusport","article_published_time":"2023-04-10T09:56:14+00:00","article_modified_time":"2023-04-10T10:53:32+00:00","og_image":[{"width":800,"height":445,"url":"https:\/\/dicodusport.fr\/blog\/wp-content\/uploads\/2023\/04\/OL-Autopsie-dune-nouvelle-saison-ratee-et-perspectives-davenir.png","type":"image\/png"}],"author":"Mathias Roisil","twitter_card":"summary_large_image","twitter_title":"OL : Autopsie d'une nouvelle saison rat\u00e9e et perspectives d'avenir","twitter_creator":"@https:\/\/twitter.com\/mathias_rsl","twitter_site":"@dicodusport","schema":{"@context":"https:\/\/schema.org","@graph":[{"@type":"NewsArticle","@id":"https:\/\/dicodusport.fr\/blog\/ol-autopsie-d-une-nouvelle-saison-ratee-et-perspectives-davenir\/#article","isPartOf":{"@id":"https:\/\/dicodusport.fr\/blog\/ol-autopsie-d-une-nouvelle-saison-ratee-et-perspectives-davenir\/"},"author":{"name":"Mathias Roisil","@id":"https:\/\/dicodusport.fr\/blog\/#\/schema\/person\/e474e53a72e49c749504921d8c1c20e0"},"headline":"OL : Autopsie d&rsquo;une nouvelle saison rat\u00e9e et perspectives d&rsquo;avenir","datePublished":"2023-04-10T09:56:14+00:00","dateModified":"2023-04-10T10:53:32+00:00","mainEntityOfPage":{"@id":"https:\/\/dicodusport.fr\/blog\/ol-autopsie-d-une-nouvelle-saison-ratee-et-perspectives-davenir\/"},"wordCount":2329,"commentCount":0,"publisher":{"@id":"https:\/\/dicodusport.fr\/blog\/#organization"},"image":{"@id":"https:\/\/dicodusport.fr\/blog\/ol-autopsie-d-une-nouvelle-saison-ratee-et-perspectives-davenir\/#primaryimage"},"thumbnailUrl":"https:\/\/dicodusport.fr\/blog\/wp-content\/uploads\/2023\/04\/OL-Autopsie-dune-nouvelle-saison-ratee-et-perspectives-davenir.png","keywords":["Aulas","br\u00e8ve","Football","John Textor","Ligue 1","OL","Olympique lyonnais","sport"],"articleSection":["Football"],"inLanguage":"fr-FR","potentialAction":[{"@type":"CommentAction","name":"Comment","target":["https:\/\/dicodusport.fr\/blog\/ol-autopsie-d-une-nouvelle-saison-ratee-et-perspectives-davenir\/#respond"]}],"copyrightYear":"2023","copyrightHolder":{"@id":"https:\/\/dicodusport.fr\/blog\/#organization"}},{"@type":"WebPage","@id":"https:\/\/dicodusport.fr\/blog\/ol-autopsie-d-une-nouvelle-saison-ratee-et-perspectives-davenir\/","url":"https:\/\/dicodusport.fr\/blog\/ol-autopsie-d-une-nouvelle-saison-ratee-et-perspectives-davenir\/","name":"OL : Autopsie d'une nouvelle saison rat\u00e9e et perspectives d'avenir","isPartOf":{"@id":"https:\/\/dicodusport.fr\/blog\/#website"},"primaryImageOfPage":{"@id":"https:\/\/dicodusport.fr\/blog\/ol-autopsie-d-une-nouvelle-saison-ratee-et-perspectives-davenir\/#primaryimage"},"image":{"@id":"https:\/\/dicodusport.fr\/blog\/ol-autopsie-d-une-nouvelle-saison-ratee-et-perspectives-davenir\/#primaryimage"},"thumbnailUrl":"https:\/\/dicodusport.fr\/blog\/wp-content\/uploads\/2023\/04\/OL-Autopsie-dune-nouvelle-saison-ratee-et-perspectives-davenir.png","datePublished":"2023-04-10T09:56:14+00:00","dateModified":"2023-04-10T10:53:32+00:00","description":"OLYMPIQUE LYONNAIS - Apr\u00e8s l'\u00e9limination en Coupe de France face \u00e0 Nantes, l'OL se retrouve dans une position d\u00e9licate.","breadcrumb":{"@id":"https:\/\/dicodusport.fr\/blog\/ol-autopsie-d-une-nouvelle-saison-ratee-et-perspectives-davenir\/#breadcrumb"},"inLanguage":"fr-FR","potentialAction":[{"@type":"ReadAction","target":["https:\/\/dicodusport.fr\/blog\/ol-autopsie-d-une-nouvelle-saison-ratee-et-perspectives-davenir\/"]}]},{"@type":"ImageObject","inLanguage":"fr-FR","@id":"https:\/\/dicodusport.fr\/blog\/ol-autopsie-d-une-nouvelle-saison-ratee-et-perspectives-davenir\/#primaryimage","url":"https:\/\/dicodusport.fr\/blog\/wp-content\/uploads\/2023\/04\/OL-Autopsie-dune-nouvelle-saison-ratee-et-perspectives-davenir.png","contentUrl":"https:\/\/dicodusport.fr\/blog\/wp-content\/uploads\/2023\/04\/OL-Autopsie-dune-nouvelle-saison-ratee-et-perspectives-davenir.png","width":800,"height":445,"caption":"OL Autopsie d'une nouvelle saison rat\u00e9e et perspectives d'avenir"},{"@type":"BreadcrumbList","@id":"https:\/\/dicodusport.fr\/blog\/ol-autopsie-d-une-nouvelle-saison-ratee-et-perspectives-davenir\/#breadcrumb","itemListElement":[{"@type":"ListItem","position":1,"name":"Accueil","item":"https:\/\/dicodusport.fr\/blog\/"},{"@type":"ListItem","position":2,"name":"OL : Autopsie d&rsquo;une nouvelle saison rat\u00e9e et perspectives d&rsquo;avenir"}]},{"@type":"WebSite","@id":"https:\/\/dicodusport.fr\/blog\/#website","url":"https:\/\/dicodusport.fr\/blog\/","name":"Dicodusport","description":"L&#039;encyclop\u00e9die de l&#039;actualit\u00e9 sportive","publisher":{"@id":"https:\/\/dicodusport.fr\/blog\/#organization"},"potentialAction":[{"@type":"SearchAction","target":{"@type":"EntryPoint","urlTemplate":"https:\/\/dicodusport.fr\/blog\/?s={search_term_string}"},"query-input":{"@type":"PropertyValueSpecification","valueRequired":true,"valueName":"search_term_string"}}],"inLanguage":"fr-FR"},{"@type":"NewsMediaOrganization","@id":"https:\/\/dicodusport.fr\/blog\/#organization","name":"Dicodusport","url":"https:\/\/dicodusport.fr\/blog\/","logo":{"@type":"ImageObject","inLanguage":"fr-FR","@id":"https:\/\/dicodusport.fr\/blog\/#\/schema\/logo\/image\/","url":"https:\/\/dicodusport.fr\/blog\/wp-content\/uploads\/2020\/06\/cropped-LOGO-DICODUSPORT-2020-SANS-FOND-SANS-TEXTE.png","contentUrl":"https:\/\/dicodusport.fr\/blog\/wp-content\/uploads\/2020\/06\/cropped-LOGO-DICODUSPORT-2020-SANS-FOND-SANS-TEXTE.png","width":512,"height":512,"caption":"Dicodusport"},"image":{"@id":"https:\/\/dicodusport.fr\/blog\/#\/schema\/logo\/image\/"},"sameAs":["https:\/\/www.facebook.com\/dicodusport","https:\/\/x.com\/dicodusport","https:\/\/www.instagram.com\/dicodusport\/","https:\/\/www.youtube.com\/channel\/UC7V2KZ5sd3htJivAbA4ZG3w"],"description":"Dicodusport est l'encyclop\u00e9die de l'actualit\u00e9 sportive.","email":"bonjour@dicodusport.fr","legalName":"DICODUSPORT","foundingDate":"2018-01-14","vatID":"FR71834470973","taxID":"83447097300043","numberOfEmployees":{"@type":"QuantitativeValue","minValue":"1","maxValue":"10"}},{"@type":"Person","@id":"https:\/\/dicodusport.fr\/blog\/#\/schema\/person\/e474e53a72e49c749504921d8c1c20e0","name":"Mathias Roisil","image":{"@type":"ImageObject","inLanguage":"fr-FR","@id":"https:\/\/dicodusport.fr\/blog\/#\/schema\/person\/image\/","url":"https:\/\/dicodusport.fr\/blog\/wp-content\/uploads\/2023\/06\/rogne-150x150.jpg","contentUrl":"https:\/\/dicodusport.fr\/blog\/wp-content\/uploads\/2023\/06\/rogne-150x150.jpg","caption":"Mathias Roisil"},"description":"Passionn\u00e9 de sport depuis toujours. Grand fan de l'Olympique Lyonnais et des Toronto Raptors, j'ai toujours voulu \u00eatre journaliste sportif. Aujourd'hui \u00e9ducateur sp\u00e9cialis\u00e9, c'est \u00e0 mes heures perdues que je m'adonne \u00e0 cette passion. Globe-trotter, le sport est ma boussole. Que ce soit au beau milieu de l'Amazonie ou au c\u0153ur d'une temp\u00eate de neige au Qu\u00e9bec, les exploits des sportifs m'accompagnent. Je leur rends \u00e0 ma fa\u00e7on en \u00e9crivant quelques lignes de temps en temps !","sameAs":["https:\/\/www.instagram.com\/mathias_rsl\/","https:\/\/x.com\/https:\/\/twitter.com\/mathias_rsl"],"url":"https:\/\/dicodusport.fr\/blog\/author\/mathias-roisil\/"}]}},"_links":{"self":[{"href":"https:\/\/dicodusport.fr\/blog\/wp-json\/wp\/v2\/posts\/372761","targetHints":{"allow":["GET"]}}],"collection":[{"href":"https:\/\/dicodusport.fr\/blog\/wp-json\/wp\/v2\/posts"}],"about":[{"href":"https:\/\/dicodusport.fr\/blog\/wp-json\/wp\/v2\/types\/post"}],"author":[{"embeddable":true,"href":"https:\/\/dicodusport.fr\/blog\/wp-json\/wp\/v2\/users\/85"}],"replies":[{"embeddable":true,"href":"https:\/\/dicodusport.fr\/blog\/wp-json\/wp\/v2\/comments?post=372761"}],"version-history":[{"count":0,"href":"https:\/\/dicodusport.fr\/blog\/wp-json\/wp\/v2\/posts\/372761\/revisions"}],"wp:featuredmedia":[{"embeddable":true,"href":"https:\/\/dicodusport.fr\/blog\/wp-json\/wp\/v2\/media\/373191"}],"wp:attachment":[{"href":"https:\/\/dicodusport.fr\/blog\/wp-json\/wp\/v2\/media?parent=372761"}],"wp:term":[{"taxonomy":"category","embeddable":true,"href":"https:\/\/dicodusport.fr\/blog\/wp-json\/wp\/v2\/categories?post=372761"},{"taxonomy":"post_tag","embeddable":true,"href":"https:\/\/dicodusport.fr\/blog\/wp-json\/wp\/v2\/tags?post=372761"}],"curies":[{"name":"wp","href":"https:\/\/api.w.org\/{rel}","templated":true}]}}