{"id":372798,"date":"2023-04-08T19:16:22","date_gmt":"2023-04-08T17:16:22","guid":{"rendered":"https:\/\/dicodusport.fr\/blog\/?p=372798&#038;preview=true&#038;preview_id=372798"},"modified":"2023-04-08T19:36:47","modified_gmt":"2023-04-08T17:36:47","slug":"atp-marrakech-alexandre-muller-qualifie-pour-sa-toute-premiere-finale-atp","status":"publish","type":"post","link":"https:\/\/dicodusport.fr\/blog\/atp-marrakech-alexandre-muller-qualifie-pour-sa-toute-premiere-finale-atp\/","title":{"rendered":"ATP Marrakech : Alexandre M\u00fcller qualifi\u00e9 pour sa toute premi\u00e8re finale ATP !"},"content":{"rendered":"<p style=\"text-align: justify;\" align=\"justify\"><em><strong><a href=\"https:\/\/dicodusport.fr\/blog\/atp-250-le-tableau-du-tournoi-de-marrakech-2023\/\">TOURNOI ATP 250 DE MARRAKECH<\/a> &#8211; La semaine marocaine de r\u00eave d&rsquo;Alexandre M\u00fcller se poursuit ! Le Fran\u00e7ais s&rsquo;est d\u00e9fait de Pavel Kotov en deux manches pour d\u00e9crocher la premi\u00e8re finale de sa carri\u00e8re dans un tournoi ATP. Il affrontera ce dimanche l&rsquo;Espagnol Roberto Carballes Baena, et int\u00e9grera le Top 100 pour la premi\u00e8re fois de sa carri\u00e8re lundi.<\/strong><\/em><\/p>\n<p align=\"justify\">Au lendemain de <a href=\"https:\/\/dicodusport.fr\/blog\/atp-marrakech-alexandre-muller-soffre-la-meilleure-performance-de-sa-vie-contre-musetti\/\">son exploit majuscule obtenu aux d\u00e9pens de <strong>Lorenzo Musetti<\/strong> (21e)<\/a>,<strong> Alexandre M\u00fcller<\/strong> disputait sa premi\u00e8re demi-finale sur le circuit ATP face \u00e0 un adversaire prenable sur le papier en la personne de <strong>Pavel Kotov<\/strong> (114e), avec en jeu une place en finale o\u00f9 <strong>Roberto Carballes Baena<\/strong> s&rsquo;\u00e9tait qualifi\u00e9 juste avant.<\/p>\n<h2 align=\"justify\">M\u00fcller arrache un premier set accroch\u00e9<\/h2>\n<p align=\"justify\">Dans sa lanc\u00e9e, le Tricolore g\u00eane consid\u00e9rablement le Russe avec une excellente d\u00e9fense en fond de court d\u00e8s le premier jeu de service. Ce dernier parvient \u00e0 assurer en s&rsquo;appuyant sur une premi\u00e8re balle solide dans un match peu rythm\u00e9 o\u00f9 les \u00e9changes sont courts. En cours de manche, les rallyes commencent \u00e0 s&rsquo;intensifier progressivement. <strong>Alexandre M\u00fcller<\/strong> r\u00e9siste \u00e0 l&rsquo;impact du Russe et va profiter des erreurs de ce dernier pour breaker et mener 5-4.<\/p>\n<p align=\"justify\">Il sert alors pour le gain du set mais vacille. Ce jeu si important se prolonge une dizaine de minutes. Dans ce bras de fer intense engag\u00e9, le Fran\u00e7ais s&rsquo;arrache pour sauver trois balles de break mais finit par craquer sur une terrible double faute. Le temps de se remobiliser, le Pisciacais se montre alors imp\u00e9rial dans le tie-break pour l&#8217;emporter 7-3 avec quatre points successifs pour clore le set (7-6).<\/p>\n<blockquote class=\"twitter-tweet\">\n<p dir=\"ltr\" lang=\"en\">Reflexes on point \ud83d\udc4c<\/p>\n<p>Muller takes the open 7-6(3) against Kotov.<a href=\"https:\/\/twitter.com\/hashtag\/GrandPrixHassanII?src=hash&amp;ref_src=twsrc%5Etfw\">#GrandPrixHassanII<\/a> <a href=\"https:\/\/t.co\/dizUcXQuEI\">pic.twitter.com\/dizUcXQuEI<\/a><\/p>\n<p>\u2014 ATP Tour (@atptour) <a href=\"https:\/\/twitter.com\/atptour\/status\/1644735783473954821?ref_src=twsrc%5Etfw\">April 8, 2023<\/a><\/p><\/blockquote>\n<p><script async src=\"https:\/\/platform.twitter.com\/widgets.js\" charset=\"utf-8\"><\/script><\/p>\n<h2 align=\"justify\">M\u00fcller fait le dos rond avant de faire craquer Kotov<\/h2>\n<p align=\"justify\"><strong>Kotov<\/strong> n&rsquo;a pas rendu les armes et le prouve rapidement. Il claque huit points et donc deux jeux blancs cons\u00e9cutifs pour cr\u00e9er l&rsquo;\u00e9cart en quelques coups de raquette dans la deuxi\u00e8me manche. <strong>M\u00fcller<\/strong> est en apn\u00e9e et compte sur quelques fautes directes de son adversaire pour rester dans le coup en \u00e9vitant le double break. Une fois l&rsquo;orage pass\u00e9, il parvient \u00e0 r\u00e9cup\u00e9rer le service adverse mais perd de nouveau le sien dans la foul\u00e9e.<\/p>\n<p align=\"justify\">Malgr\u00e9 des signes d&rsquo;agacement, <strong>Kotov<\/strong> reste mobilis\u00e9 et affiche un niveau de jeu extr\u00eamement \u00e9lev\u00e9. Toutefois, il faiblit au moment de plier le set. M\u00fcller ne l\u00e2che pas et profite d&rsquo;une vol\u00e9e totalement rat\u00e9e par le Russe pour recoller miraculeusement \u00e0 5-5 ! Essor\u00e9 par son marathon de la veille, ce dernier p\u00e8che physiquement. Pr\u00e9sent sur toutes les balles, <strong>Alexandre M\u00fcller<\/strong> le pousse dans ses retranchements jusqu&rsquo;\u00e0 r\u00e9aliser un break synonyme de victoire apr\u00e8s deux heures de combat intense (<strong>7-6 \/ 7-5<\/strong>).<\/p>\n<p align=\"justify\">Le Fran\u00e7ais de 26 ans poursuit donc son chemin formidable \u00e0 Marrakech, et disputera demain sa premi\u00e8re finale \u00e0 ce niveau sur le circuit face \u00e0 l&rsquo;Espagnol <strong>Rafael Carballes Baena<\/strong>. Par la m\u00eame occasion, l&rsquo;actuel 126e mondial est <strong>assur\u00e9 d&rsquo;int\u00e9grer le Top 100<\/strong>, l\u00e0 encore pour la premi\u00e8re fois de sa carri\u00e8re\u202f!<\/p>\n","protected":false},"excerpt":{"rendered":"<p>TOURNOI ATP 250 DE MARRAKECH &#8211; La semaine marocaine de r\u00eave d&rsquo;Alexandre M\u00fcller se poursuit ! Le Fran\u00e7ais s&rsquo;est d\u00e9fait de Pavel Kotov en deux manches pour d\u00e9crocher la premi\u00e8re finale de sa carri\u00e8re dans un tournoi ATP. Il affrontera ce dimanche l&rsquo;Espagnol Roberto Carballes Baena, et int\u00e9grera le Top 100 pour la premi\u00e8re fois de sa carri\u00e8re lundi.<\/p>\n","protected":false},"author":55,"featured_media":372878,"comment_status":"open","ping_status":"closed","sticky":false,"template":"","format":"standard","meta":{"_acf_changed":false,"_daextam_enable_autolinks":"","footnotes":""},"categories":[2302],"tags":[7930,16878,18563],"class_list":["post-372798","post","type-post","status-publish","format-standard","has-post-thumbnail","hentry","category-tennis","tag-alexandre-muller","tag-breve","tag-francais-tennis"],"acf":[],"yoast_head":"<!-- This site is optimized with the Yoast SEO Premium plugin v26.7 (Yoast SEO v26.7) - https:\/\/yoast.com\/wordpress\/plugins\/seo\/ -->\n<title>ATP Marrakech : Alexandre M\u00fcller qualifi\u00e9 pour sa toute premi\u00e8re finale ATP !<\/title>\n<meta name=\"description\" content=\"ATP MARRAKECH - Alexandre M\u00fcller s&#039;est qualifi\u00e9 pour la finale en battant Pavel Kotov, et int\u00e9grera le Top 100 la semaine prochaine.\" \/>\n<meta name=\"robots\" content=\"index, follow, max-snippet:-1, max-image-preview:large, max-video-preview:-1\" \/>\n<link rel=\"canonical\" href=\"https:\/\/dicodusport.fr\/blog\/atp-marrakech-alexandre-muller-qualifie-pour-sa-toute-premiere-finale-atp\/\" \/>\n<meta property=\"og:locale\" content=\"fr_FR\" \/>\n<meta property=\"og:type\" content=\"article\" \/>\n<meta property=\"og:title\" content=\"ATP Marrakech : Alexandre M\u00fcller qualifi\u00e9 pour sa toute premi\u00e8re finale ATP !\" \/>\n<meta property=\"og:description\" content=\"ATP MARRAKECH - Alexandre M\u00fcller s&#039;est qualifi\u00e9 pour la finale en battant Pavel Kotov, et int\u00e9grera le Top 100 la semaine prochaine.\" \/>\n<meta property=\"og:url\" content=\"https:\/\/dicodusport.fr\/blog\/atp-marrakech-alexandre-muller-qualifie-pour-sa-toute-premiere-finale-atp\/\" \/>\n<meta property=\"og:site_name\" content=\"Dicodusport\" \/>\n<meta property=\"article:publisher\" content=\"https:\/\/www.facebook.com\/dicodusport\" \/>\n<meta property=\"article:published_time\" content=\"2023-04-08T17:16:22+00:00\" \/>\n<meta property=\"article:modified_time\" content=\"2023-04-08T17:36:47+00:00\" \/>\n<meta property=\"og:image\" content=\"https:\/\/dicodusport.fr\/blog\/wp-content\/uploads\/2023\/04\/ATP-Marrakech-Alexandre-Muller-se-qualifie-en-finale.png\" \/>\n\t<meta property=\"og:image:width\" content=\"800\" \/>\n\t<meta property=\"og:image:height\" content=\"445\" \/>\n\t<meta property=\"og:image:type\" content=\"image\/png\" \/>\n<meta name=\"author\" content=\"Maxime Cazenave\" \/>\n<meta name=\"twitter:card\" content=\"summary_large_image\" \/>\n<meta name=\"twitter:title\" content=\"ATP Marrakech : Alexandre M\u00fcller qualifi\u00e9 pour sa toute premi\u00e8re finale ATP !\" \/>\n<meta name=\"twitter:creator\" content=\"@https:\/\/twitter.com\/Maxime_Caze\" \/>\n<meta name=\"twitter:site\" content=\"@dicodusport\" \/>\n<script type=\"application\/ld+json\" class=\"yoast-schema-graph\">{\"@context\":\"https:\/\/schema.org\",\"@graph\":[{\"@type\":\"NewsArticle\",\"@id\":\"https:\/\/dicodusport.fr\/blog\/atp-marrakech-alexandre-muller-qualifie-pour-sa-toute-premiere-finale-atp\/#article\",\"isPartOf\":{\"@id\":\"https:\/\/dicodusport.fr\/blog\/atp-marrakech-alexandre-muller-qualifie-pour-sa-toute-premiere-finale-atp\/\"},\"author\":{\"name\":\"Maxime Cazenave\",\"@id\":\"https:\/\/dicodusport.fr\/blog\/#\/schema\/person\/37def232098a7a5cbab3974a3690abb0\"},\"headline\":\"ATP Marrakech : Alexandre M\u00fcller qualifi\u00e9 pour sa toute premi\u00e8re finale ATP !\",\"datePublished\":\"2023-04-08T17:16:22+00:00\",\"dateModified\":\"2023-04-08T17:36:47+00:00\",\"mainEntityOfPage\":{\"@id\":\"https:\/\/dicodusport.fr\/blog\/atp-marrakech-alexandre-muller-qualifie-pour-sa-toute-premiere-finale-atp\/\"},\"wordCount\":565,\"commentCount\":0,\"publisher\":{\"@id\":\"https:\/\/dicodusport.fr\/blog\/#organization\"},\"image\":{\"@id\":\"https:\/\/dicodusport.fr\/blog\/atp-marrakech-alexandre-muller-qualifie-pour-sa-toute-premiere-finale-atp\/#primaryimage\"},\"thumbnailUrl\":\"https:\/\/dicodusport.fr\/blog\/wp-content\/uploads\/2023\/04\/ATP-Marrakech-Alexandre-Muller-se-qualifie-en-finale.png\",\"keywords\":[\"Alexandre M\u00fcller\",\"br\u00e8ve\",\"fran\u00e7ais tennis\"],\"articleSection\":[\"Tennis\"],\"inLanguage\":\"fr-FR\",\"potentialAction\":[{\"@type\":\"CommentAction\",\"name\":\"Comment\",\"target\":[\"https:\/\/dicodusport.fr\/blog\/atp-marrakech-alexandre-muller-qualifie-pour-sa-toute-premiere-finale-atp\/#respond\"]}],\"copyrightYear\":\"2023\",\"copyrightHolder\":{\"@id\":\"https:\/\/dicodusport.fr\/blog\/#organization\"}},{\"@type\":\"WebPage\",\"@id\":\"https:\/\/dicodusport.fr\/blog\/atp-marrakech-alexandre-muller-qualifie-pour-sa-toute-premiere-finale-atp\/\",\"url\":\"https:\/\/dicodusport.fr\/blog\/atp-marrakech-alexandre-muller-qualifie-pour-sa-toute-premiere-finale-atp\/\",\"name\":\"ATP Marrakech : Alexandre M\u00fcller qualifi\u00e9 pour sa toute premi\u00e8re finale ATP !\",\"isPartOf\":{\"@id\":\"https:\/\/dicodusport.fr\/blog\/#website\"},\"primaryImageOfPage\":{\"@id\":\"https:\/\/dicodusport.fr\/blog\/atp-marrakech-alexandre-muller-qualifie-pour-sa-toute-premiere-finale-atp\/#primaryimage\"},\"image\":{\"@id\":\"https:\/\/dicodusport.fr\/blog\/atp-marrakech-alexandre-muller-qualifie-pour-sa-toute-premiere-finale-atp\/#primaryimage\"},\"thumbnailUrl\":\"https:\/\/dicodusport.fr\/blog\/wp-content\/uploads\/2023\/04\/ATP-Marrakech-Alexandre-Muller-se-qualifie-en-finale.png\",\"datePublished\":\"2023-04-08T17:16:22+00:00\",\"dateModified\":\"2023-04-08T17:36:47+00:00\",\"description\":\"ATP MARRAKECH - Alexandre M\u00fcller s'est qualifi\u00e9 pour la finale en battant Pavel Kotov, et int\u00e9grera le Top 100 la semaine prochaine.\",\"breadcrumb\":{\"@id\":\"https:\/\/dicodusport.fr\/blog\/atp-marrakech-alexandre-muller-qualifie-pour-sa-toute-premiere-finale-atp\/#breadcrumb\"},\"inLanguage\":\"fr-FR\",\"potentialAction\":[{\"@type\":\"ReadAction\",\"target\":[\"https:\/\/dicodusport.fr\/blog\/atp-marrakech-alexandre-muller-qualifie-pour-sa-toute-premiere-finale-atp\/\"]}]},{\"@type\":\"ImageObject\",\"inLanguage\":\"fr-FR\",\"@id\":\"https:\/\/dicodusport.fr\/blog\/atp-marrakech-alexandre-muller-qualifie-pour-sa-toute-premiere-finale-atp\/#primaryimage\",\"url\":\"https:\/\/dicodusport.fr\/blog\/wp-content\/uploads\/2023\/04\/ATP-Marrakech-Alexandre-Muller-se-qualifie-en-finale.png\",\"contentUrl\":\"https:\/\/dicodusport.fr\/blog\/wp-content\/uploads\/2023\/04\/ATP-Marrakech-Alexandre-Muller-se-qualifie-en-finale.png\",\"width\":800,\"height\":445,\"caption\":\"ATP Marrakech Alexandre M\u00fcller qualifi\u00e9 pour sa toute premi\u00e8re finale ATP !\"},{\"@type\":\"BreadcrumbList\",\"@id\":\"https:\/\/dicodusport.fr\/blog\/atp-marrakech-alexandre-muller-qualifie-pour-sa-toute-premiere-finale-atp\/#breadcrumb\",\"itemListElement\":[{\"@type\":\"ListItem\",\"position\":1,\"name\":\"Accueil\",\"item\":\"https:\/\/dicodusport.fr\/blog\/\"},{\"@type\":\"ListItem\",\"position\":2,\"name\":\"ATP Marrakech : Alexandre M\u00fcller qualifi\u00e9 pour sa toute premi\u00e8re finale ATP !\"}]},{\"@type\":\"WebSite\",\"@id\":\"https:\/\/dicodusport.fr\/blog\/#website\",\"url\":\"https:\/\/dicodusport.fr\/blog\/\",\"name\":\"Dicodusport\",\"description\":\"L&#039;encyclop\u00e9die de l&#039;actualit\u00e9 sportive\",\"publisher\":{\"@id\":\"https:\/\/dicodusport.fr\/blog\/#organization\"},\"potentialAction\":[{\"@type\":\"SearchAction\",\"target\":{\"@type\":\"EntryPoint\",\"urlTemplate\":\"https:\/\/dicodusport.fr\/blog\/?s={search_term_string}\"},\"query-input\":{\"@type\":\"PropertyValueSpecification\",\"valueRequired\":true,\"valueName\":\"search_term_string\"}}],\"inLanguage\":\"fr-FR\"},{\"@type\":\"NewsMediaOrganization\",\"@id\":\"https:\/\/dicodusport.fr\/blog\/#organization\",\"name\":\"Dicodusport\",\"url\":\"https:\/\/dicodusport.fr\/blog\/\",\"logo\":{\"@type\":\"ImageObject\",\"inLanguage\":\"fr-FR\",\"@id\":\"https:\/\/dicodusport.fr\/blog\/#\/schema\/logo\/image\/\",\"url\":\"https:\/\/dicodusport.fr\/blog\/wp-content\/uploads\/2020\/06\/cropped-LOGO-DICODUSPORT-2020-SANS-FOND-SANS-TEXTE.png\",\"contentUrl\":\"https:\/\/dicodusport.fr\/blog\/wp-content\/uploads\/2020\/06\/cropped-LOGO-DICODUSPORT-2020-SANS-FOND-SANS-TEXTE.png\",\"width\":512,\"height\":512,\"caption\":\"Dicodusport\"},\"image\":{\"@id\":\"https:\/\/dicodusport.fr\/blog\/#\/schema\/logo\/image\/\"},\"sameAs\":[\"https:\/\/www.facebook.com\/dicodusport\",\"https:\/\/x.com\/dicodusport\",\"https:\/\/www.instagram.com\/dicodusport\/\",\"https:\/\/www.youtube.com\/channel\/UC7V2KZ5sd3htJivAbA4ZG3w\"],\"description\":\"Dicodusport est l'encyclop\u00e9die de l'actualit\u00e9 sportive.\",\"email\":\"bonjour@dicodusport.fr\",\"legalName\":\"DICODUSPORT\",\"foundingDate\":\"2018-01-14\",\"vatID\":\"FR71834470973\",\"taxID\":\"83447097300043\",\"numberOfEmployees\":{\"@type\":\"QuantitativeValue\",\"minValue\":\"1\",\"maxValue\":\"10\"}},{\"@type\":\"Person\",\"@id\":\"https:\/\/dicodusport.fr\/blog\/#\/schema\/person\/37def232098a7a5cbab3974a3690abb0\",\"name\":\"Maxime Cazenave\",\"image\":{\"@type\":\"ImageObject\",\"inLanguage\":\"fr-FR\",\"@id\":\"https:\/\/dicodusport.fr\/blog\/#\/schema\/person\/image\/\",\"url\":\"https:\/\/dicodusport.fr\/blog\/wp-content\/uploads\/2021\/05\/Maxime-Cazenave-150x150.jpg\",\"contentUrl\":\"https:\/\/dicodusport.fr\/blog\/wp-content\/uploads\/2021\/05\/Maxime-Cazenave-150x150.jpg\",\"caption\":\"Maxime Cazenave\"},\"description\":\"Journaliste\/R\u00e9dacteur depuis 2012 - Berc\u00e9 par l\u2019amour des Girondins de Bordeaux, les \u00e9checs de Christophe Moreau sur le Tour de France sous l'\u00e8re Lance Armstrong et le fade-away l\u00e9tal de Dirk Nowitzki, ma passion d\u00e9vorante pour le sport a toujours \u00e9t\u00e9 un pan incontournable de ma vie. Transmettre ma passion \u00e0 l\u2019\u00e9crit a \u00e9t\u00e9 une transition naturelle. Suiveur assidu de basket et de hockey sur glace, je garde toujours un peu de place pour suivre le cyclisme, le football et le maximum de performances fran\u00e7aises.\",\"sameAs\":[\"https:\/\/x.com\/https:\/\/twitter.com\/Maxime_Caze\"],\"url\":\"https:\/\/dicodusport.fr\/blog\/author\/maximec\/\"}]}<\/script>\n<!-- \/ Yoast SEO Premium plugin. -->","yoast_head_json":{"title":"ATP Marrakech : Alexandre M\u00fcller qualifi\u00e9 pour sa toute premi\u00e8re finale ATP !","description":"ATP MARRAKECH - Alexandre M\u00fcller s'est qualifi\u00e9 pour la finale en battant Pavel Kotov, et int\u00e9grera le Top 100 la semaine prochaine.","robots":{"index":"index","follow":"follow","max-snippet":"max-snippet:-1","max-image-preview":"max-image-preview:large","max-video-preview":"max-video-preview:-1"},"canonical":"https:\/\/dicodusport.fr\/blog\/atp-marrakech-alexandre-muller-qualifie-pour-sa-toute-premiere-finale-atp\/","og_locale":"fr_FR","og_type":"article","og_title":"ATP Marrakech : Alexandre M\u00fcller qualifi\u00e9 pour sa toute premi\u00e8re finale ATP !","og_description":"ATP MARRAKECH - Alexandre M\u00fcller s'est qualifi\u00e9 pour la finale en battant Pavel Kotov, et int\u00e9grera le Top 100 la semaine prochaine.","og_url":"https:\/\/dicodusport.fr\/blog\/atp-marrakech-alexandre-muller-qualifie-pour-sa-toute-premiere-finale-atp\/","og_site_name":"Dicodusport","article_publisher":"https:\/\/www.facebook.com\/dicodusport","article_published_time":"2023-04-08T17:16:22+00:00","article_modified_time":"2023-04-08T17:36:47+00:00","og_image":[{"width":800,"height":445,"url":"https:\/\/dicodusport.fr\/blog\/wp-content\/uploads\/2023\/04\/ATP-Marrakech-Alexandre-Muller-se-qualifie-en-finale.png","type":"image\/png"}],"author":"Maxime Cazenave","twitter_card":"summary_large_image","twitter_title":"ATP Marrakech : Alexandre M\u00fcller qualifi\u00e9 pour sa toute premi\u00e8re finale ATP !","twitter_creator":"@https:\/\/twitter.com\/Maxime_Caze","twitter_site":"@dicodusport","schema":{"@context":"https:\/\/schema.org","@graph":[{"@type":"NewsArticle","@id":"https:\/\/dicodusport.fr\/blog\/atp-marrakech-alexandre-muller-qualifie-pour-sa-toute-premiere-finale-atp\/#article","isPartOf":{"@id":"https:\/\/dicodusport.fr\/blog\/atp-marrakech-alexandre-muller-qualifie-pour-sa-toute-premiere-finale-atp\/"},"author":{"name":"Maxime Cazenave","@id":"https:\/\/dicodusport.fr\/blog\/#\/schema\/person\/37def232098a7a5cbab3974a3690abb0"},"headline":"ATP Marrakech : Alexandre M\u00fcller qualifi\u00e9 pour sa toute premi\u00e8re finale ATP !","datePublished":"2023-04-08T17:16:22+00:00","dateModified":"2023-04-08T17:36:47+00:00","mainEntityOfPage":{"@id":"https:\/\/dicodusport.fr\/blog\/atp-marrakech-alexandre-muller-qualifie-pour-sa-toute-premiere-finale-atp\/"},"wordCount":565,"commentCount":0,"publisher":{"@id":"https:\/\/dicodusport.fr\/blog\/#organization"},"image":{"@id":"https:\/\/dicodusport.fr\/blog\/atp-marrakech-alexandre-muller-qualifie-pour-sa-toute-premiere-finale-atp\/#primaryimage"},"thumbnailUrl":"https:\/\/dicodusport.fr\/blog\/wp-content\/uploads\/2023\/04\/ATP-Marrakech-Alexandre-Muller-se-qualifie-en-finale.png","keywords":["Alexandre M\u00fcller","br\u00e8ve","fran\u00e7ais tennis"],"articleSection":["Tennis"],"inLanguage":"fr-FR","potentialAction":[{"@type":"CommentAction","name":"Comment","target":["https:\/\/dicodusport.fr\/blog\/atp-marrakech-alexandre-muller-qualifie-pour-sa-toute-premiere-finale-atp\/#respond"]}],"copyrightYear":"2023","copyrightHolder":{"@id":"https:\/\/dicodusport.fr\/blog\/#organization"}},{"@type":"WebPage","@id":"https:\/\/dicodusport.fr\/blog\/atp-marrakech-alexandre-muller-qualifie-pour-sa-toute-premiere-finale-atp\/","url":"https:\/\/dicodusport.fr\/blog\/atp-marrakech-alexandre-muller-qualifie-pour-sa-toute-premiere-finale-atp\/","name":"ATP Marrakech : Alexandre M\u00fcller qualifi\u00e9 pour sa toute premi\u00e8re finale ATP !","isPartOf":{"@id":"https:\/\/dicodusport.fr\/blog\/#website"},"primaryImageOfPage":{"@id":"https:\/\/dicodusport.fr\/blog\/atp-marrakech-alexandre-muller-qualifie-pour-sa-toute-premiere-finale-atp\/#primaryimage"},"image":{"@id":"https:\/\/dicodusport.fr\/blog\/atp-marrakech-alexandre-muller-qualifie-pour-sa-toute-premiere-finale-atp\/#primaryimage"},"thumbnailUrl":"https:\/\/dicodusport.fr\/blog\/wp-content\/uploads\/2023\/04\/ATP-Marrakech-Alexandre-Muller-se-qualifie-en-finale.png","datePublished":"2023-04-08T17:16:22+00:00","dateModified":"2023-04-08T17:36:47+00:00","description":"ATP MARRAKECH - Alexandre M\u00fcller s'est qualifi\u00e9 pour la finale en battant Pavel Kotov, et int\u00e9grera le Top 100 la semaine prochaine.","breadcrumb":{"@id":"https:\/\/dicodusport.fr\/blog\/atp-marrakech-alexandre-muller-qualifie-pour-sa-toute-premiere-finale-atp\/#breadcrumb"},"inLanguage":"fr-FR","potentialAction":[{"@type":"ReadAction","target":["https:\/\/dicodusport.fr\/blog\/atp-marrakech-alexandre-muller-qualifie-pour-sa-toute-premiere-finale-atp\/"]}]},{"@type":"ImageObject","inLanguage":"fr-FR","@id":"https:\/\/dicodusport.fr\/blog\/atp-marrakech-alexandre-muller-qualifie-pour-sa-toute-premiere-finale-atp\/#primaryimage","url":"https:\/\/dicodusport.fr\/blog\/wp-content\/uploads\/2023\/04\/ATP-Marrakech-Alexandre-Muller-se-qualifie-en-finale.png","contentUrl":"https:\/\/dicodusport.fr\/blog\/wp-content\/uploads\/2023\/04\/ATP-Marrakech-Alexandre-Muller-se-qualifie-en-finale.png","width":800,"height":445,"caption":"ATP Marrakech Alexandre M\u00fcller qualifi\u00e9 pour sa toute premi\u00e8re finale ATP !"},{"@type":"BreadcrumbList","@id":"https:\/\/dicodusport.fr\/blog\/atp-marrakech-alexandre-muller-qualifie-pour-sa-toute-premiere-finale-atp\/#breadcrumb","itemListElement":[{"@type":"ListItem","position":1,"name":"Accueil","item":"https:\/\/dicodusport.fr\/blog\/"},{"@type":"ListItem","position":2,"name":"ATP Marrakech : Alexandre M\u00fcller qualifi\u00e9 pour sa toute premi\u00e8re finale ATP !"}]},{"@type":"WebSite","@id":"https:\/\/dicodusport.fr\/blog\/#website","url":"https:\/\/dicodusport.fr\/blog\/","name":"Dicodusport","description":"L&#039;encyclop\u00e9die de l&#039;actualit\u00e9 sportive","publisher":{"@id":"https:\/\/dicodusport.fr\/blog\/#organization"},"potentialAction":[{"@type":"SearchAction","target":{"@type":"EntryPoint","urlTemplate":"https:\/\/dicodusport.fr\/blog\/?s={search_term_string}"},"query-input":{"@type":"PropertyValueSpecification","valueRequired":true,"valueName":"search_term_string"}}],"inLanguage":"fr-FR"},{"@type":"NewsMediaOrganization","@id":"https:\/\/dicodusport.fr\/blog\/#organization","name":"Dicodusport","url":"https:\/\/dicodusport.fr\/blog\/","logo":{"@type":"ImageObject","inLanguage":"fr-FR","@id":"https:\/\/dicodusport.fr\/blog\/#\/schema\/logo\/image\/","url":"https:\/\/dicodusport.fr\/blog\/wp-content\/uploads\/2020\/06\/cropped-LOGO-DICODUSPORT-2020-SANS-FOND-SANS-TEXTE.png","contentUrl":"https:\/\/dicodusport.fr\/blog\/wp-content\/uploads\/2020\/06\/cropped-LOGO-DICODUSPORT-2020-SANS-FOND-SANS-TEXTE.png","width":512,"height":512,"caption":"Dicodusport"},"image":{"@id":"https:\/\/dicodusport.fr\/blog\/#\/schema\/logo\/image\/"},"sameAs":["https:\/\/www.facebook.com\/dicodusport","https:\/\/x.com\/dicodusport","https:\/\/www.instagram.com\/dicodusport\/","https:\/\/www.youtube.com\/channel\/UC7V2KZ5sd3htJivAbA4ZG3w"],"description":"Dicodusport est l'encyclop\u00e9die de l'actualit\u00e9 sportive.","email":"bonjour@dicodusport.fr","legalName":"DICODUSPORT","foundingDate":"2018-01-14","vatID":"FR71834470973","taxID":"83447097300043","numberOfEmployees":{"@type":"QuantitativeValue","minValue":"1","maxValue":"10"}},{"@type":"Person","@id":"https:\/\/dicodusport.fr\/blog\/#\/schema\/person\/37def232098a7a5cbab3974a3690abb0","name":"Maxime Cazenave","image":{"@type":"ImageObject","inLanguage":"fr-FR","@id":"https:\/\/dicodusport.fr\/blog\/#\/schema\/person\/image\/","url":"https:\/\/dicodusport.fr\/blog\/wp-content\/uploads\/2021\/05\/Maxime-Cazenave-150x150.jpg","contentUrl":"https:\/\/dicodusport.fr\/blog\/wp-content\/uploads\/2021\/05\/Maxime-Cazenave-150x150.jpg","caption":"Maxime Cazenave"},"description":"Journaliste\/R\u00e9dacteur depuis 2012 - Berc\u00e9 par l\u2019amour des Girondins de Bordeaux, les \u00e9checs de Christophe Moreau sur le Tour de France sous l'\u00e8re Lance Armstrong et le fade-away l\u00e9tal de Dirk Nowitzki, ma passion d\u00e9vorante pour le sport a toujours \u00e9t\u00e9 un pan incontournable de ma vie. Transmettre ma passion \u00e0 l\u2019\u00e9crit a \u00e9t\u00e9 une transition naturelle. Suiveur assidu de basket et de hockey sur glace, je garde toujours un peu de place pour suivre le cyclisme, le football et le maximum de performances fran\u00e7aises.","sameAs":["https:\/\/x.com\/https:\/\/twitter.com\/Maxime_Caze"],"url":"https:\/\/dicodusport.fr\/blog\/author\/maximec\/"}]}},"_links":{"self":[{"href":"https:\/\/dicodusport.fr\/blog\/wp-json\/wp\/v2\/posts\/372798","targetHints":{"allow":["GET"]}}],"collection":[{"href":"https:\/\/dicodusport.fr\/blog\/wp-json\/wp\/v2\/posts"}],"about":[{"href":"https:\/\/dicodusport.fr\/blog\/wp-json\/wp\/v2\/types\/post"}],"author":[{"embeddable":true,"href":"https:\/\/dicodusport.fr\/blog\/wp-json\/wp\/v2\/users\/55"}],"replies":[{"embeddable":true,"href":"https:\/\/dicodusport.fr\/blog\/wp-json\/wp\/v2\/comments?post=372798"}],"version-history":[{"count":0,"href":"https:\/\/dicodusport.fr\/blog\/wp-json\/wp\/v2\/posts\/372798\/revisions"}],"wp:featuredmedia":[{"embeddable":true,"href":"https:\/\/dicodusport.fr\/blog\/wp-json\/wp\/v2\/media\/372878"}],"wp:attachment":[{"href":"https:\/\/dicodusport.fr\/blog\/wp-json\/wp\/v2\/media?parent=372798"}],"wp:term":[{"taxonomy":"category","embeddable":true,"href":"https:\/\/dicodusport.fr\/blog\/wp-json\/wp\/v2\/categories?post=372798"},{"taxonomy":"post_tag","embeddable":true,"href":"https:\/\/dicodusport.fr\/blog\/wp-json\/wp\/v2\/tags?post=372798"}],"curies":[{"name":"wp","href":"https:\/\/api.w.org\/{rel}","templated":true}]}}