{"id":37283,"date":"2019-04-16T18:13:40","date_gmt":"2019-04-16T16:13:40","guid":{"rendered":"http:\/\/dicodusport.fr\/blog\/?p=37283"},"modified":"2021-10-18T17:10:50","modified_gmt":"2021-10-18T15:10:50","slug":"fabien-galthie-nouveau-selectionneur-du-xv-de-france-apres-le-mondial-au-japon","status":"publish","type":"post","link":"https:\/\/dicodusport.fr\/blog\/fabien-galthie-nouveau-selectionneur-du-xv-de-france-apres-le-mondial-au-japon\/","title":{"rendered":"Fabien Galthi\u00e9 nouveau s\u00e9lectionneur du XV de France apr\u00e8s le Mondial au Japon"},"content":{"rendered":"<p style=\"text-align: justify;\"><em><strong><a href=\"https:\/\/www.lequipe.fr\/Rugby\/Actualites\/Fabien-galthie-deviendra-selectionneur-de-l-equipe-de-france-apres-la-coupe-du-monde\/1009797\" target=\"_blank\" rel=\"noopener\">Selon nos confr\u00e8res de L&rsquo;Equipe<\/a>, Fabien Galthi\u00e9 va devenir le prochain s\u00e9lectionneur du XV de France apr\u00e8s la Coupe du monde au Japon. Le consultant de France T\u00e9l\u00e9visions a accept\u00e9 la proposition de Bernard Laporte.<br \/>\n<\/strong><\/em><\/p>\n<p style=\"text-align: justify;\">Dans un premier temps, l&rsquo;ancien demi de m\u00eal\u00e9e des Bleus va int\u00e9grer le staff pour la Coupe du monde 2019, en soutien de Jacques Brunel, avant de prendre d\u00e9finitivement les r\u00eanes d\u00e8s la comp\u00e9tition termin\u00e9e. Cela signifie que la F\u00e9d\u00e9ration Fran\u00e7aise de Rugby a accept\u00e9 les conditions de Fabien Galthi\u00e9, qui voulait notamment l&rsquo;apport d&rsquo;un nouveau pr\u00e9parateur physique.<\/p>\n<p style=\"text-align: justify;\">Alors que le poste lui semblait promis depuis la fin de sa carri\u00e8re, Fabien Galthi\u00e9 devrait enfin diriger le XV de France, et ce jusqu&rsquo;en 2023. \u00c2g\u00e9 de 50 ans, l&rsquo;ancien manager du Stade Fran\u00e7ais, de Montpellier et de Toulon a port\u00e9 le maillot du XV de France \u00e0 64 reprises.<\/p>\n<p style=\"text-align: justify;\"><em style=\"font-family: -apple-system, BlinkMacSystemFont, 'Segoe UI', Roboto, Oxygen-Sans, Ubuntu, Cantarell, 'Helvetica Neue', sans-serif;\"><strong>Nicolas Jacquemard<br \/>\n<\/strong><\/em><a style=\"font-family: -apple-system, BlinkMacSystemFont, 'Segoe UI', Roboto, Oxygen-Sans, Ubuntu, Cantarell, 'Helvetica Neue', sans-serif;\" href=\"https:\/\/twitter.com\/Nico_Jacquemard\" target=\"_blank\" rel=\"noopener noreferrer\"><img loading=\"lazy\" decoding=\"async\" class=\"alignnone wp-image-2908\" src=\"http:\/\/dicodusport.fr\/blog\/wp-content\/uploads\/2017\/07\/logo-twitter-150x150.png\" alt=\"\" width=\"39\" height=\"39\" \/><\/a><a style=\"font-family: -apple-system, BlinkMacSystemFont, 'Segoe UI', Roboto, Oxygen-Sans, Ubuntu, Cantarell, 'Helvetica Neue', sans-serif;\" href=\"https:\/\/www.facebook.com\/dicodusport\/\" target=\"_blank\" rel=\"noopener noreferrer\"><img loading=\"lazy\" decoding=\"async\" class=\"alignnone wp-image-2909\" src=\"http:\/\/dicodusport.fr\/blog\/wp-content\/uploads\/2017\/07\/logo-facebook-150x150.png\" alt=\"\" width=\"40\" height=\"40\" \/><\/a><\/p>\n","protected":false},"excerpt":{"rendered":"<p>Selon nos confr\u00e8res de L&rsquo;Equipe, Fabien Galthi\u00e9 va devenir le prochain s\u00e9lectionneur du XV de France apr\u00e8s la Coupe du monde au Japon.<\/p>\n","protected":false},"author":1,"featured_media":37287,"comment_status":"open","ping_status":"closed","sticky":false,"template":"","format":"standard","meta":{"_acf_changed":false,"_daextam_enable_autolinks":"","footnotes":""},"categories":[2,2303,19951],"tags":[7515,7650,1638],"class_list":["post-37283","post","type-post","status-publish","format-standard","has-post-thumbnail","hentry","category-actualites","category-rugby","category-xv-de-france","tag-fabien-galthie","tag-galthie","tag-xv-de-france"],"acf":[],"yoast_head":"<!-- This site is optimized with the Yoast SEO Premium plugin v26.7 (Yoast SEO v26.7) - https:\/\/yoast.com\/wordpress\/plugins\/seo\/ -->\n<title>Fabien Galthi\u00e9 nouveau s\u00e9lectionneur du XV de France apr\u00e8s le Mondial au Japon<\/title>\n<meta name=\"description\" content=\"Selon nos confr\u00e8res de L&#039;Equipe, Fabien Galthi\u00e9 va devenir le prochain s\u00e9lectionneur du XV de France apr\u00e8s la Coupe du monde au Japon.\" \/>\n<meta name=\"robots\" content=\"index, follow, max-snippet:-1, max-image-preview:large, max-video-preview:-1\" \/>\n<link rel=\"canonical\" href=\"https:\/\/dicodusport.fr\/blog\/fabien-galthie-nouveau-selectionneur-du-xv-de-france-apres-le-mondial-au-japon\/\" \/>\n<meta property=\"og:locale\" content=\"fr_FR\" \/>\n<meta property=\"og:type\" content=\"article\" \/>\n<meta property=\"og:title\" content=\"Fabien Galthi\u00e9 nouveau s\u00e9lectionneur du XV de France apr\u00e8s le Mondial au Japon\" \/>\n<meta property=\"og:description\" content=\"Selon nos confr\u00e8res de L&#039;Equipe, Fabien Galthi\u00e9 va devenir le prochain s\u00e9lectionneur du XV de France apr\u00e8s la Coupe du monde au Japon.\" \/>\n<meta property=\"og:url\" content=\"https:\/\/dicodusport.fr\/blog\/fabien-galthie-nouveau-selectionneur-du-xv-de-france-apres-le-mondial-au-japon\/\" \/>\n<meta property=\"og:site_name\" content=\"Dicodusport\" \/>\n<meta property=\"article:publisher\" content=\"https:\/\/www.facebook.com\/dicodusport\" \/>\n<meta property=\"article:author\" content=\"https:\/\/www.facebook.com\/dicodusport\" \/>\n<meta property=\"article:published_time\" content=\"2019-04-16T16:13:40+00:00\" \/>\n<meta property=\"article:modified_time\" content=\"2021-10-18T15:10:50+00:00\" \/>\n<meta property=\"og:image\" content=\"https:\/\/dicodusport.fr\/blog\/wp-content\/uploads\/2019\/04\/Fabien-Galthie\u0301.png\" \/>\n\t<meta property=\"og:image:width\" content=\"800\" \/>\n\t<meta property=\"og:image:height\" content=\"445\" \/>\n\t<meta property=\"og:image:type\" content=\"image\/png\" \/>\n<meta name=\"author\" content=\"Nicolas Jacquemard\" \/>\n<meta name=\"twitter:card\" content=\"summary_large_image\" \/>\n<meta name=\"twitter:creator\" content=\"@https:\/\/twitter.com\/Nico_Jacquemard\" \/>\n<meta name=\"twitter:site\" content=\"@dicodusport\" \/>\n<script type=\"application\/ld+json\" class=\"yoast-schema-graph\">{\"@context\":\"https:\/\/schema.org\",\"@graph\":[{\"@type\":\"NewsArticle\",\"@id\":\"https:\/\/dicodusport.fr\/blog\/fabien-galthie-nouveau-selectionneur-du-xv-de-france-apres-le-mondial-au-japon\/#article\",\"isPartOf\":{\"@id\":\"https:\/\/dicodusport.fr\/blog\/fabien-galthie-nouveau-selectionneur-du-xv-de-france-apres-le-mondial-au-japon\/\"},\"author\":{\"name\":\"Nicolas Jacquemard\",\"@id\":\"https:\/\/dicodusport.fr\/blog\/#\/schema\/person\/55dcb50ad410894e431ed812bbb70191\"},\"headline\":\"Fabien Galthi\u00e9 nouveau s\u00e9lectionneur du XV de France apr\u00e8s le Mondial au Japon\",\"datePublished\":\"2019-04-16T16:13:40+00:00\",\"dateModified\":\"2021-10-18T15:10:50+00:00\",\"mainEntityOfPage\":{\"@id\":\"https:\/\/dicodusport.fr\/blog\/fabien-galthie-nouveau-selectionneur-du-xv-de-france-apres-le-mondial-au-japon\/\"},\"wordCount\":181,\"commentCount\":0,\"publisher\":{\"@id\":\"https:\/\/dicodusport.fr\/blog\/#organization\"},\"image\":{\"@id\":\"https:\/\/dicodusport.fr\/blog\/fabien-galthie-nouveau-selectionneur-du-xv-de-france-apres-le-mondial-au-japon\/#primaryimage\"},\"thumbnailUrl\":\"https:\/\/dicodusport.fr\/blog\/wp-content\/uploads\/2019\/04\/Fabien-Galthie\u0301.png\",\"keywords\":[\"Fabien Galthi\u00e9\",\"Galthi\u00e9\",\"XV de France\"],\"articleSection\":[\"Actualit\u00e9s\",\"Rugby\",\"XV de France\"],\"inLanguage\":\"fr-FR\",\"potentialAction\":[{\"@type\":\"CommentAction\",\"name\":\"Comment\",\"target\":[\"https:\/\/dicodusport.fr\/blog\/fabien-galthie-nouveau-selectionneur-du-xv-de-france-apres-le-mondial-au-japon\/#respond\"]}],\"copyrightYear\":\"2019\",\"copyrightHolder\":{\"@id\":\"https:\/\/dicodusport.fr\/blog\/#organization\"}},{\"@type\":\"WebPage\",\"@id\":\"https:\/\/dicodusport.fr\/blog\/fabien-galthie-nouveau-selectionneur-du-xv-de-france-apres-le-mondial-au-japon\/\",\"url\":\"https:\/\/dicodusport.fr\/blog\/fabien-galthie-nouveau-selectionneur-du-xv-de-france-apres-le-mondial-au-japon\/\",\"name\":\"Fabien Galthi\u00e9 nouveau s\u00e9lectionneur du XV de France apr\u00e8s le Mondial au Japon\",\"isPartOf\":{\"@id\":\"https:\/\/dicodusport.fr\/blog\/#website\"},\"primaryImageOfPage\":{\"@id\":\"https:\/\/dicodusport.fr\/blog\/fabien-galthie-nouveau-selectionneur-du-xv-de-france-apres-le-mondial-au-japon\/#primaryimage\"},\"image\":{\"@id\":\"https:\/\/dicodusport.fr\/blog\/fabien-galthie-nouveau-selectionneur-du-xv-de-france-apres-le-mondial-au-japon\/#primaryimage\"},\"thumbnailUrl\":\"https:\/\/dicodusport.fr\/blog\/wp-content\/uploads\/2019\/04\/Fabien-Galthie\u0301.png\",\"datePublished\":\"2019-04-16T16:13:40+00:00\",\"dateModified\":\"2021-10-18T15:10:50+00:00\",\"description\":\"Selon nos confr\u00e8res de L'Equipe, Fabien Galthi\u00e9 va devenir le prochain s\u00e9lectionneur du XV de France apr\u00e8s la Coupe du monde au Japon.\",\"breadcrumb\":{\"@id\":\"https:\/\/dicodusport.fr\/blog\/fabien-galthie-nouveau-selectionneur-du-xv-de-france-apres-le-mondial-au-japon\/#breadcrumb\"},\"inLanguage\":\"fr-FR\",\"potentialAction\":[{\"@type\":\"ReadAction\",\"target\":[\"https:\/\/dicodusport.fr\/blog\/fabien-galthie-nouveau-selectionneur-du-xv-de-france-apres-le-mondial-au-japon\/\"]}]},{\"@type\":\"ImageObject\",\"inLanguage\":\"fr-FR\",\"@id\":\"https:\/\/dicodusport.fr\/blog\/fabien-galthie-nouveau-selectionneur-du-xv-de-france-apres-le-mondial-au-japon\/#primaryimage\",\"url\":\"https:\/\/dicodusport.fr\/blog\/wp-content\/uploads\/2019\/04\/Fabien-Galthie\u0301.png\",\"contentUrl\":\"https:\/\/dicodusport.fr\/blog\/wp-content\/uploads\/2019\/04\/Fabien-Galthie\u0301.png\",\"width\":800,\"height\":445},{\"@type\":\"BreadcrumbList\",\"@id\":\"https:\/\/dicodusport.fr\/blog\/fabien-galthie-nouveau-selectionneur-du-xv-de-france-apres-le-mondial-au-japon\/#breadcrumb\",\"itemListElement\":[{\"@type\":\"ListItem\",\"position\":1,\"name\":\"Accueil\",\"item\":\"https:\/\/dicodusport.fr\/blog\/\"},{\"@type\":\"ListItem\",\"position\":2,\"name\":\"Fabien Galthi\u00e9 nouveau s\u00e9lectionneur du XV de France apr\u00e8s le Mondial au Japon\"}]},{\"@type\":\"WebSite\",\"@id\":\"https:\/\/dicodusport.fr\/blog\/#website\",\"url\":\"https:\/\/dicodusport.fr\/blog\/\",\"name\":\"Dicodusport\",\"description\":\"L&#039;encyclop\u00e9die de l&#039;actualit\u00e9 sportive\",\"publisher\":{\"@id\":\"https:\/\/dicodusport.fr\/blog\/#organization\"},\"potentialAction\":[{\"@type\":\"SearchAction\",\"target\":{\"@type\":\"EntryPoint\",\"urlTemplate\":\"https:\/\/dicodusport.fr\/blog\/?s={search_term_string}\"},\"query-input\":{\"@type\":\"PropertyValueSpecification\",\"valueRequired\":true,\"valueName\":\"search_term_string\"}}],\"inLanguage\":\"fr-FR\"},{\"@type\":\"NewsMediaOrganization\",\"@id\":\"https:\/\/dicodusport.fr\/blog\/#organization\",\"name\":\"Dicodusport\",\"url\":\"https:\/\/dicodusport.fr\/blog\/\",\"logo\":{\"@type\":\"ImageObject\",\"inLanguage\":\"fr-FR\",\"@id\":\"https:\/\/dicodusport.fr\/blog\/#\/schema\/logo\/image\/\",\"url\":\"https:\/\/dicodusport.fr\/blog\/wp-content\/uploads\/2020\/06\/cropped-LOGO-DICODUSPORT-2020-SANS-FOND-SANS-TEXTE.png\",\"contentUrl\":\"https:\/\/dicodusport.fr\/blog\/wp-content\/uploads\/2020\/06\/cropped-LOGO-DICODUSPORT-2020-SANS-FOND-SANS-TEXTE.png\",\"width\":512,\"height\":512,\"caption\":\"Dicodusport\"},\"image\":{\"@id\":\"https:\/\/dicodusport.fr\/blog\/#\/schema\/logo\/image\/\"},\"sameAs\":[\"https:\/\/www.facebook.com\/dicodusport\",\"https:\/\/x.com\/dicodusport\",\"https:\/\/www.instagram.com\/dicodusport\/\",\"https:\/\/www.youtube.com\/channel\/UC7V2KZ5sd3htJivAbA4ZG3w\"],\"description\":\"Dicodusport est l'encyclop\u00e9die de l'actualit\u00e9 sportive.\",\"email\":\"bonjour@dicodusport.fr\",\"legalName\":\"DICODUSPORT\",\"foundingDate\":\"2018-01-14\",\"vatID\":\"FR71834470973\",\"taxID\":\"83447097300043\",\"numberOfEmployees\":{\"@type\":\"QuantitativeValue\",\"minValue\":\"1\",\"maxValue\":\"10\"}},{\"@type\":\"Person\",\"@id\":\"https:\/\/dicodusport.fr\/blog\/#\/schema\/person\/55dcb50ad410894e431ed812bbb70191\",\"name\":\"Nicolas Jacquemard\",\"image\":{\"@type\":\"ImageObject\",\"inLanguage\":\"fr-FR\",\"@id\":\"https:\/\/dicodusport.fr\/blog\/#\/schema\/person\/image\/\",\"url\":\"https:\/\/dicodusport.fr\/blog\/wp-content\/uploads\/2021\/05\/Nicolas-Jacquemard-150x150.jpeg\",\"contentUrl\":\"https:\/\/dicodusport.fr\/blog\/wp-content\/uploads\/2021\/05\/Nicolas-Jacquemard-150x150.jpeg\",\"caption\":\"Nicolas Jacquemard\"},\"description\":\"Passionn\u00e9 de sport et entrepreneur depuis mes 18 ans, la cr\u00e9ation de Dicodusport m'a sembl\u00e9 \u00e9vidente pour participer \u00e0 la m\u00e9diatisation d'un plus grand nombre de sports. Le chemin est long mais avec une \u00e9quipe des plus motiv\u00e9es et les Jeux Olympiques de Paris 2024 en point de mire, nous y arriverons ! Journaliste dans le monde du sport depuis plus de 5 ans, je traite aussi bien de football, de rugby, de biathlon que de cyclisme.\",\"sameAs\":[\"https:\/\/www.facebook.com\/dicodusport\",\"https:\/\/x.com\/https:\/\/twitter.com\/Nico_Jacquemard\"],\"url\":\"https:\/\/dicodusport.fr\/blog\/author\/dicodusport\/\"}]}<\/script>\n<!-- \/ Yoast SEO Premium plugin. -->","yoast_head_json":{"title":"Fabien Galthi\u00e9 nouveau s\u00e9lectionneur du XV de France apr\u00e8s le Mondial au Japon","description":"Selon nos confr\u00e8res de L'Equipe, Fabien Galthi\u00e9 va devenir le prochain s\u00e9lectionneur du XV de France apr\u00e8s la Coupe du monde au Japon.","robots":{"index":"index","follow":"follow","max-snippet":"max-snippet:-1","max-image-preview":"max-image-preview:large","max-video-preview":"max-video-preview:-1"},"canonical":"https:\/\/dicodusport.fr\/blog\/fabien-galthie-nouveau-selectionneur-du-xv-de-france-apres-le-mondial-au-japon\/","og_locale":"fr_FR","og_type":"article","og_title":"Fabien Galthi\u00e9 nouveau s\u00e9lectionneur du XV de France apr\u00e8s le Mondial au Japon","og_description":"Selon nos confr\u00e8res de L'Equipe, Fabien Galthi\u00e9 va devenir le prochain s\u00e9lectionneur du XV de France apr\u00e8s la Coupe du monde au Japon.","og_url":"https:\/\/dicodusport.fr\/blog\/fabien-galthie-nouveau-selectionneur-du-xv-de-france-apres-le-mondial-au-japon\/","og_site_name":"Dicodusport","article_publisher":"https:\/\/www.facebook.com\/dicodusport","article_author":"https:\/\/www.facebook.com\/dicodusport","article_published_time":"2019-04-16T16:13:40+00:00","article_modified_time":"2021-10-18T15:10:50+00:00","og_image":[{"width":800,"height":445,"url":"https:\/\/dicodusport.fr\/blog\/wp-content\/uploads\/2019\/04\/Fabien-Galthie\u0301.png","type":"image\/png"}],"author":"Nicolas Jacquemard","twitter_card":"summary_large_image","twitter_creator":"@https:\/\/twitter.com\/Nico_Jacquemard","twitter_site":"@dicodusport","schema":{"@context":"https:\/\/schema.org","@graph":[{"@type":"NewsArticle","@id":"https:\/\/dicodusport.fr\/blog\/fabien-galthie-nouveau-selectionneur-du-xv-de-france-apres-le-mondial-au-japon\/#article","isPartOf":{"@id":"https:\/\/dicodusport.fr\/blog\/fabien-galthie-nouveau-selectionneur-du-xv-de-france-apres-le-mondial-au-japon\/"},"author":{"name":"Nicolas Jacquemard","@id":"https:\/\/dicodusport.fr\/blog\/#\/schema\/person\/55dcb50ad410894e431ed812bbb70191"},"headline":"Fabien Galthi\u00e9 nouveau s\u00e9lectionneur du XV de France apr\u00e8s le Mondial au Japon","datePublished":"2019-04-16T16:13:40+00:00","dateModified":"2021-10-18T15:10:50+00:00","mainEntityOfPage":{"@id":"https:\/\/dicodusport.fr\/blog\/fabien-galthie-nouveau-selectionneur-du-xv-de-france-apres-le-mondial-au-japon\/"},"wordCount":181,"commentCount":0,"publisher":{"@id":"https:\/\/dicodusport.fr\/blog\/#organization"},"image":{"@id":"https:\/\/dicodusport.fr\/blog\/fabien-galthie-nouveau-selectionneur-du-xv-de-france-apres-le-mondial-au-japon\/#primaryimage"},"thumbnailUrl":"https:\/\/dicodusport.fr\/blog\/wp-content\/uploads\/2019\/04\/Fabien-Galthie\u0301.png","keywords":["Fabien Galthi\u00e9","Galthi\u00e9","XV de France"],"articleSection":["Actualit\u00e9s","Rugby","XV de France"],"inLanguage":"fr-FR","potentialAction":[{"@type":"CommentAction","name":"Comment","target":["https:\/\/dicodusport.fr\/blog\/fabien-galthie-nouveau-selectionneur-du-xv-de-france-apres-le-mondial-au-japon\/#respond"]}],"copyrightYear":"2019","copyrightHolder":{"@id":"https:\/\/dicodusport.fr\/blog\/#organization"}},{"@type":"WebPage","@id":"https:\/\/dicodusport.fr\/blog\/fabien-galthie-nouveau-selectionneur-du-xv-de-france-apres-le-mondial-au-japon\/","url":"https:\/\/dicodusport.fr\/blog\/fabien-galthie-nouveau-selectionneur-du-xv-de-france-apres-le-mondial-au-japon\/","name":"Fabien Galthi\u00e9 nouveau s\u00e9lectionneur du XV de France apr\u00e8s le Mondial au Japon","isPartOf":{"@id":"https:\/\/dicodusport.fr\/blog\/#website"},"primaryImageOfPage":{"@id":"https:\/\/dicodusport.fr\/blog\/fabien-galthie-nouveau-selectionneur-du-xv-de-france-apres-le-mondial-au-japon\/#primaryimage"},"image":{"@id":"https:\/\/dicodusport.fr\/blog\/fabien-galthie-nouveau-selectionneur-du-xv-de-france-apres-le-mondial-au-japon\/#primaryimage"},"thumbnailUrl":"https:\/\/dicodusport.fr\/blog\/wp-content\/uploads\/2019\/04\/Fabien-Galthie\u0301.png","datePublished":"2019-04-16T16:13:40+00:00","dateModified":"2021-10-18T15:10:50+00:00","description":"Selon nos confr\u00e8res de L'Equipe, Fabien Galthi\u00e9 va devenir le prochain s\u00e9lectionneur du XV de France apr\u00e8s la Coupe du monde au Japon.","breadcrumb":{"@id":"https:\/\/dicodusport.fr\/blog\/fabien-galthie-nouveau-selectionneur-du-xv-de-france-apres-le-mondial-au-japon\/#breadcrumb"},"inLanguage":"fr-FR","potentialAction":[{"@type":"ReadAction","target":["https:\/\/dicodusport.fr\/blog\/fabien-galthie-nouveau-selectionneur-du-xv-de-france-apres-le-mondial-au-japon\/"]}]},{"@type":"ImageObject","inLanguage":"fr-FR","@id":"https:\/\/dicodusport.fr\/blog\/fabien-galthie-nouveau-selectionneur-du-xv-de-france-apres-le-mondial-au-japon\/#primaryimage","url":"https:\/\/dicodusport.fr\/blog\/wp-content\/uploads\/2019\/04\/Fabien-Galthie\u0301.png","contentUrl":"https:\/\/dicodusport.fr\/blog\/wp-content\/uploads\/2019\/04\/Fabien-Galthie\u0301.png","width":800,"height":445},{"@type":"BreadcrumbList","@id":"https:\/\/dicodusport.fr\/blog\/fabien-galthie-nouveau-selectionneur-du-xv-de-france-apres-le-mondial-au-japon\/#breadcrumb","itemListElement":[{"@type":"ListItem","position":1,"name":"Accueil","item":"https:\/\/dicodusport.fr\/blog\/"},{"@type":"ListItem","position":2,"name":"Fabien Galthi\u00e9 nouveau s\u00e9lectionneur du XV de France apr\u00e8s le Mondial au Japon"}]},{"@type":"WebSite","@id":"https:\/\/dicodusport.fr\/blog\/#website","url":"https:\/\/dicodusport.fr\/blog\/","name":"Dicodusport","description":"L&#039;encyclop\u00e9die de l&#039;actualit\u00e9 sportive","publisher":{"@id":"https:\/\/dicodusport.fr\/blog\/#organization"},"potentialAction":[{"@type":"SearchAction","target":{"@type":"EntryPoint","urlTemplate":"https:\/\/dicodusport.fr\/blog\/?s={search_term_string}"},"query-input":{"@type":"PropertyValueSpecification","valueRequired":true,"valueName":"search_term_string"}}],"inLanguage":"fr-FR"},{"@type":"NewsMediaOrganization","@id":"https:\/\/dicodusport.fr\/blog\/#organization","name":"Dicodusport","url":"https:\/\/dicodusport.fr\/blog\/","logo":{"@type":"ImageObject","inLanguage":"fr-FR","@id":"https:\/\/dicodusport.fr\/blog\/#\/schema\/logo\/image\/","url":"https:\/\/dicodusport.fr\/blog\/wp-content\/uploads\/2020\/06\/cropped-LOGO-DICODUSPORT-2020-SANS-FOND-SANS-TEXTE.png","contentUrl":"https:\/\/dicodusport.fr\/blog\/wp-content\/uploads\/2020\/06\/cropped-LOGO-DICODUSPORT-2020-SANS-FOND-SANS-TEXTE.png","width":512,"height":512,"caption":"Dicodusport"},"image":{"@id":"https:\/\/dicodusport.fr\/blog\/#\/schema\/logo\/image\/"},"sameAs":["https:\/\/www.facebook.com\/dicodusport","https:\/\/x.com\/dicodusport","https:\/\/www.instagram.com\/dicodusport\/","https:\/\/www.youtube.com\/channel\/UC7V2KZ5sd3htJivAbA4ZG3w"],"description":"Dicodusport est l'encyclop\u00e9die de l'actualit\u00e9 sportive.","email":"bonjour@dicodusport.fr","legalName":"DICODUSPORT","foundingDate":"2018-01-14","vatID":"FR71834470973","taxID":"83447097300043","numberOfEmployees":{"@type":"QuantitativeValue","minValue":"1","maxValue":"10"}},{"@type":"Person","@id":"https:\/\/dicodusport.fr\/blog\/#\/schema\/person\/55dcb50ad410894e431ed812bbb70191","name":"Nicolas Jacquemard","image":{"@type":"ImageObject","inLanguage":"fr-FR","@id":"https:\/\/dicodusport.fr\/blog\/#\/schema\/person\/image\/","url":"https:\/\/dicodusport.fr\/blog\/wp-content\/uploads\/2021\/05\/Nicolas-Jacquemard-150x150.jpeg","contentUrl":"https:\/\/dicodusport.fr\/blog\/wp-content\/uploads\/2021\/05\/Nicolas-Jacquemard-150x150.jpeg","caption":"Nicolas Jacquemard"},"description":"Passionn\u00e9 de sport et entrepreneur depuis mes 18 ans, la cr\u00e9ation de Dicodusport m'a sembl\u00e9 \u00e9vidente pour participer \u00e0 la m\u00e9diatisation d'un plus grand nombre de sports. Le chemin est long mais avec une \u00e9quipe des plus motiv\u00e9es et les Jeux Olympiques de Paris 2024 en point de mire, nous y arriverons ! Journaliste dans le monde du sport depuis plus de 5 ans, je traite aussi bien de football, de rugby, de biathlon que de cyclisme.","sameAs":["https:\/\/www.facebook.com\/dicodusport","https:\/\/x.com\/https:\/\/twitter.com\/Nico_Jacquemard"],"url":"https:\/\/dicodusport.fr\/blog\/author\/dicodusport\/"}]}},"_links":{"self":[{"href":"https:\/\/dicodusport.fr\/blog\/wp-json\/wp\/v2\/posts\/37283","targetHints":{"allow":["GET"]}}],"collection":[{"href":"https:\/\/dicodusport.fr\/blog\/wp-json\/wp\/v2\/posts"}],"about":[{"href":"https:\/\/dicodusport.fr\/blog\/wp-json\/wp\/v2\/types\/post"}],"author":[{"embeddable":true,"href":"https:\/\/dicodusport.fr\/blog\/wp-json\/wp\/v2\/users\/1"}],"replies":[{"embeddable":true,"href":"https:\/\/dicodusport.fr\/blog\/wp-json\/wp\/v2\/comments?post=37283"}],"version-history":[{"count":0,"href":"https:\/\/dicodusport.fr\/blog\/wp-json\/wp\/v2\/posts\/37283\/revisions"}],"wp:featuredmedia":[{"embeddable":true,"href":"https:\/\/dicodusport.fr\/blog\/wp-json\/wp\/v2\/media\/37287"}],"wp:attachment":[{"href":"https:\/\/dicodusport.fr\/blog\/wp-json\/wp\/v2\/media?parent=37283"}],"wp:term":[{"taxonomy":"category","embeddable":true,"href":"https:\/\/dicodusport.fr\/blog\/wp-json\/wp\/v2\/categories?post=37283"},{"taxonomy":"post_tag","embeddable":true,"href":"https:\/\/dicodusport.fr\/blog\/wp-json\/wp\/v2\/tags?post=37283"}],"curies":[{"name":"wp","href":"https:\/\/api.w.org\/{rel}","templated":true}]}}